{"id":28850,"date":"2019-06-21T19:56:29","date_gmt":"2019-06-21T22:56:29","guid":{"rendered":"https:\/\/www.suno.com.br\/noticias\/?p=28850"},"modified":"2019-06-21T19:56:29","modified_gmt":"2019-06-21T22:56:29","slug":"banco-inter-pagara-juros-capital-proprio","status":"publish","type":"post","link":"https:\/\/www.suno.com.br\/noticias\/banco-inter-pagara-juros-capital-proprio\/","title":{"rendered":"Banco Inter pagar\u00e1 R$ 12,8 milh\u00f5es em juros sobre o capital pr\u00f3prio"},"content":{"rendered":"<p>O Banco Inter (BIDI4) informou que pagar\u00e1 R$ 12,812 milh\u00f5es em <a href=\"https:\/\/www.suno.com.br\/artigos\/entenda-o-jcp\/\">juros sobre o capital pr\u00f3prio<\/a>. O <strong>Conselho de Administra\u00e7\u00e3o<\/strong> do banco decidiu o pagamento nesta sexta-feira (21). O valor \u00e9 equivalente a R$ 0,126193160 por a\u00e7\u00e3o, com reten\u00e7\u00e3o de 15% de imposto de renda.<\/p>\t<div class=\"wrapper-featured-image\">\n\t\t<figure class=\"spotlightImg\">\n\n\t\t\t<picture>\n\t\t\t\t<source media=\"(max-width: 768px)\" srcset=\"https:\/\/files.sunoresearch.com.br\/n\/uploads\/2018\/12\/ecc71f31-banco-inter-400x200.webp\">\n\t\t\t\t<img loading=\"lazy\" decoding=\"async\" class=\"newsContent__article__imgCapa lazyloadDisabled newsContent__article__imgCapa--noCaption\" src=\"https:\/\/files.sunoresearch.com.br\/n\/uploads\/2018\/12\/ecc71f31-banco-inter-800x450.webp\" width=\"800\" height=\"450\" alt=\"Banco Inter pagar\u00e1 R$ 12,8 milh\u00f5es em juros sobre o capital pr\u00f3prio\" fetchpriority=high \/>\n\t\t\t<\/picture>\n\n\t\t\t<figcaption class=\"wp-caption-text wp-caption-text--hide\">O Banco Inter tamb\u00e9m comunicou a redu\u00e7\u00e3o da taxa do home equity<\/figcaption>\n\t\t<\/figure>\n\t<\/div>\n\n\n<p>O <strong>Banco Inter<\/strong> divulgou uma nota explicando que o pagamento ser\u00e1 efetuado o dia 05 de julho de 2019. Cada <strong>acionista<\/strong> receber\u00e1 o pagamento em propor\u00e7\u00e3o de sua participa\u00e7\u00e3o no <strong>capital social.<\/strong> Far\u00e3o jus ao pagamento os acionistas constantes da base acion\u00e1ria em 27 de junho.<\/p>\n<p><a href=\"https:\/\/www.suno.com.br\/noticias\/banco-inter-buscando-aumento-capital\/\">Saiba mais: Banco Inter estaria buscando at\u00e9 R$1 bi em aumento de capital\u00a0<\/a><\/p>\n<p>Al\u00e9m disso, o <strong>banco<\/strong> salientou que, a partir de 28 de junho, as a\u00e7\u00f5es ser\u00e3o negociadas \u201cex\u201d estes <strong>juros sobre capital pr\u00f3prio<\/strong>.<\/p>\n<h2>Lucro l\u00edquido no 1\u00ba tri<\/h2>\n<p>O <strong>Banco Inter<\/strong>\u00a0registrou um lucro l\u00edquido de R$ 12,1 milh\u00f5es no primeiro trimestre de 2019. O montante representa uma alta de 8,2% em compara\u00e7\u00e3o com o mesmo per\u00edodo do ano anterior.<\/p>\n\t<p>\n\t\t<a href=\"https:\/\/www.seculus.com.br\/blackfriday\" target=\"_blank\" data-element=\"shortcode-suno-banner\" title=\"Banner SUNO, clique e saiba mais\">\n\t\t\t<picture>\n\t\t\t\t<source media=\"(max-width: 500px)\" srcset=\"https:\/\/files.sunoresearch.com.br\/n\/uploads\/2023\/11\/seculus_suno_mobile_2.jpg\">\n\t\t\t\t<img class=\"newsContent__article__imgCapa newsContent__article__imgCapa--banner\"\n\t\t\t\t\tsrc=\"https:\/\/files.sunoresearch.com.br\/n\/uploads\/2023\/11\/seculus_suno_desktop_2.jpg\"\n\t\t\t\t\tdata-promo-id=\"474123\"\t\t\t\t\t\t\t\t\t\twidth='1420' height='240'\t\t\t\t\talt=\"https:\/\/files.sunoresearch.com.br\/n\/uploads\/2023\/11\/seculus_suno_desktop_2.jpg\"\n\t\t\t\t>\n\t\t\t<\/picture>\n\t\t<\/a>\n\t<\/p>\n\n\n<p>A <strong>receita<\/strong> com presta\u00e7\u00e3o de servi\u00e7os registrou uma alta de 106% na compara\u00e7\u00e3o anual e chegou a R$ 38,5 milh\u00f5es. O valor equivale a 26,5% da receita l\u00edquida total do <strong>banco.<\/strong><\/p>\n<h2>Abertura de contas<\/h2>\n<p>Durante o primeiro trimestre deste ano, o banco bateu o recorde com a abertura de 489 mil novas <strong>contas.<\/strong> Um aumento de 206% quando comparado ao mesmo per\u00edodo do ano anterior. No m\u00eas de mar\u00e7o, a m\u00e9dia di\u00e1ria era de 8,5 mil contas abertas por dia \u00fatil.<\/p>\n<p><a href=\"https:\/\/www.suno.com.br\/noticias\/banco-inter-app-investimentos\/\">Saiba mais: Banco Inter lan\u00e7a o PAI, sua nova plataforma de investimentos<\/a><\/p>\n<p>Al\u00e9m disso, a empresa registrou 2 milh\u00f5es de contas digitais, um crescimento de 38% quando comparado a dezembro de 2018.<\/p>\n\t<p>\n\t\t<a href=\"https:\/\/lp.suno.com.br\/minicurso-investindo-fiis\/\" target=\"_blank\" data-element=\"shortcode-suno-banner\" title=\"Banner SUNO, clique e saiba mais\">\n\t\t\t<picture>\n\t\t\t\t<source media=\"(max-width: 500px)\" srcset=\"https:\/\/files.sunoresearch.com.br\/n\/uploads\/2023\/07\/400x300-Minicurso-FIIS.png\">\n\t\t\t\t<img class=\"newsContent__article__imgCapa newsContent__article__imgCapa--banner\"\n\t\t\t\t\tsrc=\"https:\/\/files.sunoresearch.com.br\/n\/uploads\/2023\/07\/1420x240-Minicurso-FIIS.png\"\n\t\t\t\t\tdata-promo-id=\"311935\"\t\t\t\t\t\t\t\t\t\twidth='1420' height='240'\t\t\t\t\talt=\"https:\/\/files.sunoresearch.com.br\/n\/uploads\/2023\/07\/1420x240-Minicurso-FIIS.png\"\n\t\t\t\t>\n\t\t\t<\/picture>\n\t\t<\/a>\n\t<\/p>\n\n\n<p>O n\u00famero de clientes <strong>investidores<\/strong> tamb\u00e9m registrou alta. Entre janeiro e mar\u00e7o deste ano, foram contabilizados 176 mil investidores, um aumento de 245% na compara\u00e7\u00e3o anual.<\/p>\n<p><a href=\"https:\/\/www.suno.com.br\/noticias\/banco-inter-lucro-1t19\/\">Saiba mais: Banco Inter lucra R$ 12,1 mi no 1T19 com recorde de abertura de contas\u00a0<\/a><\/p>\n<p>Uma alta que teria sido impulsionada pelo lan\u00e7amento da <strong>Plataforma Aberta Inter (PAI),<\/strong> o <strong><em>marketplace<\/em> <\/strong>de investimentos da institui\u00e7\u00e3o.<\/p>\n\t<p>\n\t\t<a href=\"https:\/\/www.seculus.com.br\/blackfriday\" target=\"_blank\" data-element=\"shortcode-suno-banner\" title=\"Banner SUNO, clique e saiba mais\">\n\t\t\t<picture>\n\t\t\t\t<source media=\"(max-width: 500px)\" srcset=\"https:\/\/files.sunoresearch.com.br\/n\/uploads\/2023\/11\/seculus_suno_mobile_3.jpg\">\n\t\t\t\t<img class=\"newsContent__article__imgCapa newsContent__article__imgCapa--banner\"\n\t\t\t\t\tsrc=\"https:\/\/files.sunoresearch.com.br\/n\/uploads\/2023\/11\/seculus_suno_desktop_3.jpg\"\n\t\t\t\t\tdata-promo-id=\"474124\"\t\t\t\t\t\t\t\t\t\twidth='1420' height='240'\t\t\t\t\talt=\"https:\/\/files.sunoresearch.com.br\/n\/uploads\/2023\/11\/seculus_suno_desktop_3.jpg\"\n\t\t\t\t>\n\t\t\t<\/picture>\n\t\t<\/a>\n\t<\/p>\n\n\n<p>Al\u00e9m disso, o saldo de recursos sob cust\u00f3dia do <strong>Banco Inter<\/strong> tamb\u00e9m cresceu. A alta adquirida foi de 32,2% na compara\u00e7\u00e3o anual somando R$ 7,5 bilh\u00f5es.<\/p>\n","protected":false},"excerpt":{"rendered":"<p>O Banco Inter (BIDI4) informou que pagar\u00e1 R$ 12,812 milh\u00f5es em juros sobre o capital pr\u00f3prio. O Conselho de Administra\u00e7\u00e3o do banco decidiu o pagamento nesta sexta-feira (21). O valor \u00e9 equivalente a R$ 0,126193160 por a\u00e7\u00e3o, com reten\u00e7\u00e3o de 15% de imposto de renda. O Banco Inter tamb\u00e9m comunicou a redu\u00e7\u00e3o da taxa do [&hellip;]<\/p>\n","protected":false},"author":9,"featured_media":8562,"comment_status":"closed","ping_status":"closed","sticky":false,"template":"","format":"standard","meta":[],"categories":[64],"tags":[369,289],"suno_strategy":[],"class_list":["post-28850","post","type-post","status-publish","format-standard","has-post-thumbnail","hentry","category-negocios","tag-banco-inter-bidi11-bidi4-bidi3","tag-bancos"],"yoast_head":"<!-- This site is optimized with the Yoast SEO plugin v24.4 - https:\/\/yoast.com\/wordpress\/plugins\/seo\/ -->\n<title>Banco Inter pagar\u00e1 R$ 12,8 milh\u00f5es em juros sobre o capital pr\u00f3prio<\/title>\n<meta name=\"description\" content=\"O Banco Inter (BIDI4) informou que pagar\u00e1 R$ 12,812 milh\u00f5es em juros sobre o capital pr\u00f3prio. Clique aqui para saber mais.\" \/>\n<meta name=\"robots\" content=\"index, follow, max-snippet:-1, max-image-preview:large, max-video-preview:-1\" \/>\n<link rel=\"canonical\" href=\"https:\/\/www.suno.com.br\/noticias\/banco-inter-pagara-juros-capital-proprio\/\" \/>\n<meta property=\"og:locale\" content=\"pt_BR\" \/>\n<meta property=\"og:type\" content=\"article\" \/>\n<meta property=\"og:title\" content=\"Banco Inter pagar\u00e1 R$ 12,8 milh\u00f5es em juros sobre o capital pr\u00f3prio\" \/>\n<meta property=\"og:description\" content=\"O Banco Inter (BIDI4) informou que pagar\u00e1 R$ 12,812 milh\u00f5es em juros sobre o capital pr\u00f3prio. Clique aqui para saber mais.\" \/>\n<meta property=\"og:url\" content=\"https:\/\/www.suno.com.br\/noticias\/banco-inter-pagara-juros-capital-proprio\/\" \/>\n<meta property=\"og:site_name\" content=\"Suno Not\u00edcias\" \/>\n<meta property=\"article:publisher\" content=\"https:\/\/facebook.com\/sunoresearch\" \/>\n<meta property=\"og:image\" content=\"https:\/\/files.sunoresearch.com.br\/n\/uploads\/2018\/12\/ecc71f31-banco-inter.jpg\" \/>\n\t<meta property=\"og:image:width\" content=\"1070\" \/>\n\t<meta property=\"og:image:height\" content=\"594\" \/>\n\t<meta property=\"og:image:type\" content=\"image\/jpeg\" \/>\n<meta name=\"author\" content=\"Carlo Cauti\" \/>\n<meta name=\"twitter:card\" content=\"summary_large_image\" \/>\n<meta name=\"twitter:creator\" content=\"@sunoresearch\" \/>\n<meta name=\"twitter:site\" content=\"@sunoresearch\" \/>\n<meta name=\"twitter:label1\" content=\"Escrito por\" \/>\n\t<meta name=\"twitter:data1\" content=\"Carlo Cauti\" \/>\n\t<meta name=\"twitter:label2\" content=\"Est. tempo de leitura\" \/>\n\t<meta name=\"twitter:data2\" content=\"2 minutos\" \/>\n<script type=\"application\/ld+json\" class=\"yoast-schema-graph\">{\"@context\":\"https:\/\/schema.org\",\"@graph\":[{\"@type\":\"NewsArticle\",\"@id\":\"https:\/\/www.suno.com.br\/noticias\/banco-inter-pagara-juros-capital-proprio\/#article\",\"isPartOf\":{\"@id\":\"https:\/\/www.suno.com.br\/noticias\/banco-inter-pagara-juros-capital-proprio\/\"},\"author\":{\"name\":\"Carlo Cauti\",\"@id\":\"https:\/\/www.suno.com.br\/noticias\/#\/schema\/person\/e6e0f723cc177805027f4566c1d5e0c8\"},\"headline\":\"Banco Inter pagar\u00e1 R$ 12,8 milh\u00f5es em juros sobre o capital pr\u00f3prio\",\"datePublished\":\"2019-06-21T22:56:29+00:00\",\"mainEntityOfPage\":{\"@id\":\"https:\/\/www.suno.com.br\/noticias\/banco-inter-pagara-juros-capital-proprio\/\"},\"wordCount\":400,\"publisher\":{\"@id\":\"https:\/\/www.suno.com.br\/noticias\/#organization\"},\"image\":{\"@id\":\"https:\/\/www.suno.com.br\/noticias\/banco-inter-pagara-juros-capital-proprio\/#primaryimage\"},\"thumbnailUrl\":\"https:\/\/files.sunoresearch.com.br\/n\/uploads\/2018\/12\/ecc71f31-banco-inter-jpg.webp\",\"keywords\":[\"Banco Inter (BIDI11\/BIDI4\/BIDI3)\",\"bancos\"],\"articleSection\":[\"Neg\u00f3cios\"],\"inLanguage\":\"pt-BR\"},{\"@type\":\"WebPage\",\"@id\":\"https:\/\/www.suno.com.br\/noticias\/banco-inter-pagara-juros-capital-proprio\/\",\"url\":\"https:\/\/www.suno.com.br\/noticias\/banco-inter-pagara-juros-capital-proprio\/\",\"name\":\"Banco Inter pagar\u00e1 R$ 12,8 milh\u00f5es em juros sobre o capital pr\u00f3prio\",\"isPartOf\":{\"@id\":\"https:\/\/www.suno.com.br\/noticias\/#website\"},\"primaryImageOfPage\":{\"@id\":\"https:\/\/www.suno.com.br\/noticias\/banco-inter-pagara-juros-capital-proprio\/#primaryimage\"},\"image\":{\"@id\":\"https:\/\/www.suno.com.br\/noticias\/banco-inter-pagara-juros-capital-proprio\/#primaryimage\"},\"thumbnailUrl\":\"https:\/\/files.sunoresearch.com.br\/n\/uploads\/2018\/12\/ecc71f31-banco-inter-jpg.webp\",\"datePublished\":\"2019-06-21T22:56:29+00:00\",\"description\":\"O Banco Inter (BIDI4) informou que pagar\u00e1 R$ 12,812 milh\u00f5es em juros sobre o capital pr\u00f3prio. Clique aqui para saber mais.\",\"breadcrumb\":{\"@id\":\"https:\/\/www.suno.com.br\/noticias\/banco-inter-pagara-juros-capital-proprio\/#breadcrumb\"},\"inLanguage\":\"pt-BR\",\"potentialAction\":[{\"@type\":\"ReadAction\",\"target\":[\"https:\/\/www.suno.com.br\/noticias\/banco-inter-pagara-juros-capital-proprio\/\"]}]},{\"@type\":\"ImageObject\",\"inLanguage\":\"pt-BR\",\"@id\":\"https:\/\/www.suno.com.br\/noticias\/banco-inter-pagara-juros-capital-proprio\/#primaryimage\",\"url\":\"https:\/\/files.sunoresearch.com.br\/n\/uploads\/2018\/12\/ecc71f31-banco-inter-jpg.webp\",\"contentUrl\":\"https:\/\/files.sunoresearch.com.br\/n\/uploads\/2018\/12\/ecc71f31-banco-inter-jpg.webp\",\"width\":1070,\"height\":594,\"caption\":\"O Banco Inter tamb\u00e9m comunicou a redu\u00e7\u00e3o da taxa do home equity\"},{\"@type\":\"BreadcrumbList\",\"@id\":\"https:\/\/www.suno.com.br\/noticias\/banco-inter-pagara-juros-capital-proprio\/#breadcrumb\",\"itemListElement\":[{\"@type\":\"ListItem\",\"position\":1,\"name\":\"Not\u00edcias\",\"item\":\"https:\/\/www.suno.com.br\/noticias\/\"},{\"@type\":\"ListItem\",\"position\":2,\"name\":\"Neg\u00f3cios\",\"item\":\"https:\/\/www.suno.com.br\/noticias\/negocios\/\"},{\"@type\":\"ListItem\",\"position\":3,\"name\":\"Banco Inter pagar\u00e1 R$ 12,8 milh\u00f5es em juros sobre o capital pr\u00f3prio\"}]},{\"@type\":\"WebSite\",\"@id\":\"https:\/\/www.suno.com.br\/noticias\/#website\",\"url\":\"https:\/\/www.suno.com.br\/noticias\/\",\"name\":\"Suno Not\u00edcias\",\"description\":\"Seu portal de informa\u00e7\u00e3o sobre o mundo dos investimentos\",\"publisher\":{\"@id\":\"https:\/\/www.suno.com.br\/noticias\/#organization\"},\"potentialAction\":[{\"@type\":\"SearchAction\",\"target\":{\"@type\":\"EntryPoint\",\"urlTemplate\":\"https:\/\/www.suno.com.br\/noticias\/?s={search_term_string}\"},\"query-input\":{\"@type\":\"PropertyValueSpecification\",\"valueRequired\":true,\"valueName\":\"search_term_string\"}}],\"inLanguage\":\"pt-BR\"},{\"@type\":\"Organization\",\"@id\":\"https:\/\/www.suno.com.br\/noticias\/#organization\",\"name\":\"Suno Not\u00edcias\",\"url\":\"https:\/\/www.suno.com.br\/noticias\/\",\"logo\":{\"@type\":\"ImageObject\",\"inLanguage\":\"pt-BR\",\"@id\":\"https:\/\/www.suno.com.br\/noticias\/#\/schema\/logo\/image\/\",\"url\":\"https:\/\/files.sunoresearch.com.br\/n\/uploads\/2021\/09\/suno-logo.png\",\"contentUrl\":\"https:\/\/files.sunoresearch.com.br\/n\/uploads\/2021\/09\/suno-logo.png\",\"width\":180,\"height\":180,\"caption\":\"Suno Not\u00edcias\"},\"image\":{\"@id\":\"https:\/\/www.suno.com.br\/noticias\/#\/schema\/logo\/image\/\"},\"sameAs\":[\"https:\/\/facebook.com\/sunoresearch\",\"https:\/\/x.com\/sunoresearch\",\"https:\/\/www.instagram.com\/suno\",\"https:\/\/www.linkedin.com\/company\/suno-research\/\",\"https:\/\/www.youtube.com\/c\/sunoresearch\"]},{\"@type\":\"Person\",\"@id\":\"https:\/\/www.suno.com.br\/noticias\/#\/schema\/person\/e6e0f723cc177805027f4566c1d5e0c8\",\"name\":\"Carlo Cauti\",\"image\":{\"@type\":\"ImageObject\",\"inLanguage\":\"pt-BR\",\"@id\":\"https:\/\/www.suno.com.br\/noticias\/#\/schema\/person\/image\/\",\"url\":\"https:\/\/secure.gravatar.com\/avatar\/3ada9e0bd164c23abd4792a9606d583c?s=96&r=g\",\"contentUrl\":\"https:\/\/secure.gravatar.com\/avatar\/3ada9e0bd164c23abd4792a9606d583c?s=96&r=g\",\"caption\":\"Carlo Cauti\"},\"description\":\"Editor multim\u00eddia do SUNO Not\u00edcias. Italiano, formado em Ci\u00eancias Pol\u00edticas pela universidade LUISS G. Carli de Roma e mestre cum laude em Rela\u00e7\u00f5es Internacionais, Jornalismo Internacional e de Guerra e em Economia Internacional. Concluiu tamb\u00e9m um MBA em Finan\u00e7as na B3. No Brasil, teve passagem por ve\u00edculos como Estad\u00e3o, Globo, Veja e EXAME. e nas ag\u00eancias de not\u00edcias italianas ANSA e NOVA.\",\"url\":\"https:\/\/www.suno.com.br\/noticias\/author\/carlo-cauti\/\"}]}<\/script>\n<!-- \/ Yoast SEO plugin. -->","yoast_head_json":{"title":"Banco Inter pagar\u00e1 R$ 12,8 milh\u00f5es em juros sobre o capital pr\u00f3prio","description":"O Banco Inter (BIDI4) informou que pagar\u00e1 R$ 12,812 milh\u00f5es em juros sobre o capital pr\u00f3prio. Clique aqui para saber mais.","robots":{"index":"index","follow":"follow","max-snippet":"max-snippet:-1","max-image-preview":"max-image-preview:large","max-video-preview":"max-video-preview:-1"},"canonical":"https:\/\/www.suno.com.br\/noticias\/banco-inter-pagara-juros-capital-proprio\/","og_locale":"pt_BR","og_type":"article","og_title":"Banco Inter pagar\u00e1 R$ 12,8 milh\u00f5es em juros sobre o capital pr\u00f3prio","og_description":"O Banco Inter (BIDI4) informou que pagar\u00e1 R$ 12,812 milh\u00f5es em juros sobre o capital pr\u00f3prio. Clique aqui para saber mais.","og_url":"https:\/\/www.suno.com.br\/noticias\/banco-inter-pagara-juros-capital-proprio\/","og_site_name":"Suno Not\u00edcias","article_publisher":"https:\/\/facebook.com\/sunoresearch","og_image":[{"width":1070,"height":594,"url":"https:\/\/files.sunoresearch.com.br\/n\/uploads\/2018\/12\/ecc71f31-banco-inter.jpg","type":"image\/jpeg"}],"author":"Carlo Cauti","twitter_card":"summary_large_image","twitter_creator":"@sunoresearch","twitter_site":"@sunoresearch","twitter_misc":{"Escrito por":"Carlo Cauti","Est. tempo de leitura":"2 minutos"},"schema":{"@context":"https:\/\/schema.org","@graph":[{"@type":"NewsArticle","@id":"https:\/\/www.suno.com.br\/noticias\/banco-inter-pagara-juros-capital-proprio\/#article","isPartOf":{"@id":"https:\/\/www.suno.com.br\/noticias\/banco-inter-pagara-juros-capital-proprio\/"},"author":{"name":"Carlo Cauti","@id":"https:\/\/www.suno.com.br\/noticias\/#\/schema\/person\/e6e0f723cc177805027f4566c1d5e0c8"},"headline":"Banco Inter pagar\u00e1 R$ 12,8 milh\u00f5es em juros sobre o capital pr\u00f3prio","datePublished":"2019-06-21T22:56:29+00:00","mainEntityOfPage":{"@id":"https:\/\/www.suno.com.br\/noticias\/banco-inter-pagara-juros-capital-proprio\/"},"wordCount":400,"publisher":{"@id":"https:\/\/www.suno.com.br\/noticias\/#organization"},"image":{"@id":"https:\/\/www.suno.com.br\/noticias\/banco-inter-pagara-juros-capital-proprio\/#primaryimage"},"thumbnailUrl":"https:\/\/files.sunoresearch.com.br\/n\/uploads\/2018\/12\/ecc71f31-banco-inter-jpg.webp","keywords":["Banco Inter (BIDI11\/BIDI4\/BIDI3)","bancos"],"articleSection":["Neg\u00f3cios"],"inLanguage":"pt-BR"},{"@type":"WebPage","@id":"https:\/\/www.suno.com.br\/noticias\/banco-inter-pagara-juros-capital-proprio\/","url":"https:\/\/www.suno.com.br\/noticias\/banco-inter-pagara-juros-capital-proprio\/","name":"Banco Inter pagar\u00e1 R$ 12,8 milh\u00f5es em juros sobre o capital pr\u00f3prio","isPartOf":{"@id":"https:\/\/www.suno.com.br\/noticias\/#website"},"primaryImageOfPage":{"@id":"https:\/\/www.suno.com.br\/noticias\/banco-inter-pagara-juros-capital-proprio\/#primaryimage"},"image":{"@id":"https:\/\/www.suno.com.br\/noticias\/banco-inter-pagara-juros-capital-proprio\/#primaryimage"},"thumbnailUrl":"https:\/\/files.sunoresearch.com.br\/n\/uploads\/2018\/12\/ecc71f31-banco-inter-jpg.webp","datePublished":"2019-06-21T22:56:29+00:00","description":"O Banco Inter (BIDI4) informou que pagar\u00e1 R$ 12,812 milh\u00f5es em juros sobre o capital pr\u00f3prio. Clique aqui para saber mais.","breadcrumb":{"@id":"https:\/\/www.suno.com.br\/noticias\/banco-inter-pagara-juros-capital-proprio\/#breadcrumb"},"inLanguage":"pt-BR","potentialAction":[{"@type":"ReadAction","target":["https:\/\/www.suno.com.br\/noticias\/banco-inter-pagara-juros-capital-proprio\/"]}]},{"@type":"ImageObject","inLanguage":"pt-BR","@id":"https:\/\/www.suno.com.br\/noticias\/banco-inter-pagara-juros-capital-proprio\/#primaryimage","url":"https:\/\/files.sunoresearch.com.br\/n\/uploads\/2018\/12\/ecc71f31-banco-inter-jpg.webp","contentUrl":"https:\/\/files.sunoresearch.com.br\/n\/uploads\/2018\/12\/ecc71f31-banco-inter-jpg.webp","width":1070,"height":594,"caption":"O Banco Inter tamb\u00e9m comunicou a redu\u00e7\u00e3o da taxa do home equity"},{"@type":"BreadcrumbList","@id":"https:\/\/www.suno.com.br\/noticias\/banco-inter-pagara-juros-capital-proprio\/#breadcrumb","itemListElement":[{"@type":"ListItem","position":1,"name":"Not\u00edcias","item":"https:\/\/www.suno.com.br\/noticias\/"},{"@type":"ListItem","position":2,"name":"Neg\u00f3cios","item":"https:\/\/www.suno.com.br\/noticias\/negocios\/"},{"@type":"ListItem","position":3,"name":"Banco Inter pagar\u00e1 R$ 12,8 milh\u00f5es em juros sobre o capital pr\u00f3prio"}]},{"@type":"WebSite","@id":"https:\/\/www.suno.com.br\/noticias\/#website","url":"https:\/\/www.suno.com.br\/noticias\/","name":"Suno Not\u00edcias","description":"Seu portal de informa\u00e7\u00e3o sobre o mundo dos investimentos","publisher":{"@id":"https:\/\/www.suno.com.br\/noticias\/#organization"},"potentialAction":[{"@type":"SearchAction","target":{"@type":"EntryPoint","urlTemplate":"https:\/\/www.suno.com.br\/noticias\/?s={search_term_string}"},"query-input":{"@type":"PropertyValueSpecification","valueRequired":true,"valueName":"search_term_string"}}],"inLanguage":"pt-BR"},{"@type":"Organization","@id":"https:\/\/www.suno.com.br\/noticias\/#organization","name":"Suno Not\u00edcias","url":"https:\/\/www.suno.com.br\/noticias\/","logo":{"@type":"ImageObject","inLanguage":"pt-BR","@id":"https:\/\/www.suno.com.br\/noticias\/#\/schema\/logo\/image\/","url":"https:\/\/files.sunoresearch.com.br\/n\/uploads\/2021\/09\/suno-logo.png","contentUrl":"https:\/\/files.sunoresearch.com.br\/n\/uploads\/2021\/09\/suno-logo.png","width":180,"height":180,"caption":"Suno Not\u00edcias"},"image":{"@id":"https:\/\/www.suno.com.br\/noticias\/#\/schema\/logo\/image\/"},"sameAs":["https:\/\/facebook.com\/sunoresearch","https:\/\/x.com\/sunoresearch","https:\/\/www.instagram.com\/suno","https:\/\/www.linkedin.com\/company\/suno-research\/","https:\/\/www.youtube.com\/c\/sunoresearch"]},{"@type":"Person","@id":"https:\/\/www.suno.com.br\/noticias\/#\/schema\/person\/e6e0f723cc177805027f4566c1d5e0c8","name":"Carlo Cauti","image":{"@type":"ImageObject","inLanguage":"pt-BR","@id":"https:\/\/www.suno.com.br\/noticias\/#\/schema\/person\/image\/","url":"https:\/\/secure.gravatar.com\/avatar\/3ada9e0bd164c23abd4792a9606d583c?s=96&r=g","contentUrl":"https:\/\/secure.gravatar.com\/avatar\/3ada9e0bd164c23abd4792a9606d583c?s=96&r=g","caption":"Carlo Cauti"},"description":"Editor multim\u00eddia do SUNO Not\u00edcias. Italiano, formado em Ci\u00eancias Pol\u00edticas pela universidade LUISS G. Carli de Roma e mestre cum laude em Rela\u00e7\u00f5es Internacionais, Jornalismo Internacional e de Guerra e em Economia Internacional. Concluiu tamb\u00e9m um MBA em Finan\u00e7as na B3. No Brasil, teve passagem por ve\u00edculos como Estad\u00e3o, Globo, Veja e EXAME. e nas ag\u00eancias de not\u00edcias italianas ANSA e NOVA.","url":"https:\/\/www.suno.com.br\/noticias\/author\/carlo-cauti\/"}]}},"default_loop_html":"<div class=\"cardsPage__listCard__boxs\"><div class=\"cardsPage__listCard__boxs__img\"><a href=\"https:\/\/www.suno.com.br\/noticias\/banco-inter-pagara-juros-capital-proprio\/\"><img class=\"mask\" src=\"https:\/\/www.suno.com.br\/noticias\/wp-content\/themes\/suno\/resources\/images\/spotlight\/spotlight1img\/bg-mask.png\" alt=\"Image Mask\"\/><img src=\"https:\/\/files.sunoresearch.com.br\/n\/uploads\/2018\/12\/ecc71f31-banco-inter-400x200.webp\" alt=\"Banco Inter pagar\u00e1 R$ 12,8 milh\u00f5es em juros sobre o capital pr\u00f3prio\"\/><\/a><span class=\"spotlightCategory\"><a href=\"https:\/\/www.suno.com.br\/noticias\/negocios\/\">Neg\u00f3cios<\/a><\/span><\/div><div class=\"cardsPage__listCard__boxs__content\"><a href=\"https:\/\/www.suno.com.br\/noticias\/banco-inter-pagara-juros-capital-proprio\/\"><h2 class=\"content__title\">Banco Inter pagar\u00e1 R$ 12,8 milh\u00f5es em juros sobre o capital pr\u00f3prio<\/h2><\/a><div class=\"newsContent__article__meta\"><div class=\"newsContent__article__meta__authorBox\"><a href=\"https:\/\/www.suno.com.br\/noticias\/author\/carlo-cauti\/\" class=\"authorBox__avatar noMobi\"><img src=\"https:\/\/files.sunoresearch.com.br\/n\/uploads\/2020\/08\/e3745f9a-perfil-carlo-cauti-150x150.webp\" alt=\"Carlo Cauti\"><\/a><div class=\"authorBox__name\"><span>por\n\t\t\t<a href=\"https:\/\/www.suno.com.br\/noticias\/author\/carlo-cauti\/\"><span itemprop=\"author\">Carlo Cauti<\/span><\/a><\/span><time datetime=\"2019-06-21T19:56:29-03:00\" itemprop=\"datePublished\">21\/06\/2019 19:56<\/time><\/div><\/div><\/div><\/div><\/div>","single_layout":"posts","amp_enabled":true,"_links":{"self":[{"href":"https:\/\/www.suno.com.br\/noticias\/wp-json\/wp\/v2\/posts\/28850"}],"collection":[{"href":"https:\/\/www.suno.com.br\/noticias\/wp-json\/wp\/v2\/posts"}],"about":[{"href":"https:\/\/www.suno.com.br\/noticias\/wp-json\/wp\/v2\/types\/post"}],"author":[{"embeddable":true,"href":"https:\/\/www.suno.com.br\/noticias\/wp-json\/wp\/v2\/users\/9"}],"replies":[{"embeddable":true,"href":"https:\/\/www.suno.com.br\/noticias\/wp-json\/wp\/v2\/comments?post=28850"}],"version-history":[{"count":0,"href":"https:\/\/www.suno.com.br\/noticias\/wp-json\/wp\/v2\/posts\/28850\/revisions"}],"wp:featuredmedia":[{"embeddable":true,"href":"https:\/\/www.suno.com.br\/noticias\/wp-json\/wp\/v2\/media\/8562"}],"wp:attachment":[{"href":"https:\/\/www.suno.com.br\/noticias\/wp-json\/wp\/v2\/media?parent=28850"}],"wp:term":[{"taxonomy":"category","embeddable":true,"href":"https:\/\/www.suno.com.br\/noticias\/wp-json\/wp\/v2\/categories?post=28850"},{"taxonomy":"post_tag","embeddable":true,"href":"https:\/\/www.suno.com.br\/noticias\/wp-json\/wp\/v2\/tags?post=28850"},{"taxonomy":"suno_strategy","embeddable":true,"href":"https:\/\/www.suno.com.br\/noticias\/wp-json\/wp\/v2\/suno_strategy?post=28850"}],"curies":[{"name":"wp","href":"https:\/\/api.w.org\/{rel}","templated":true}]}}