{"id":288278,"date":"2022-08-23T19:55:46","date_gmt":"2022-08-23T22:55:46","guid":{"rendered":"https:\/\/www.suno.com.br\/noticias\/?p=288278"},"modified":"2022-08-24T16:02:49","modified_gmt":"2022-08-24T19:02:49","slug":"vibra-vbbr3-mudar-regras-locacao-fii-bcri11","status":"publish","type":"post","link":"https:\/\/www.suno.com.br\/noticias\/vibra-vbbr3-mudar-regras-locacao-fii-bcri11\/","title":{"rendered":"Vibra (VBBR3) quer renegociar contrato de loca\u00e7\u00e3o de sua sede; veja como pode afetar o FII BCRI11"},"content":{"rendered":"<p>A <a class=\"suno-keyword\" href=\"https:\/\/www.suno.com.br\/acoes\/vbbr3\/\" target=\"_blank\" rel=\"noopener\" data-force=\"yes\" data-priority=\"2\"><strong>Vibra<\/strong> Energia (VBBR3)<\/a> comunicou ao mercado que vai mudar regras do contrato de loca\u00e7\u00e3o do im\u00f3vel em que funciona a sede da empresa. O aluguel serve como lastro de um certificado de receb\u00edveis imobili\u00e1rios (CRI), ativo na carteira do FII Banestes Receb\u00edveis (<a class=\"suno-keyword\" href=\"https:\/\/www.suno.com.br\/fundos-imobiliarios\/bcri11\/\" target=\"_blank\" rel=\"noopener\" data-force=\"yes\" data-priority=\"2\">BCRI11<\/a>).<\/p>\t<div class=\"wrapper-featured-image\">\n\t\t<figure class=\"spotlightImg\">\n\n\t\t\t<picture>\n\t\t\t\t<source media=\"(max-width: 768px)\" srcset=\"https:\/\/files.sunoresearch.com.br\/n\/uploads\/2021\/06\/9346d752-fundos-imobiliarios-400x200.webp\">\n\t\t\t\t<img loading=\"lazy\" decoding=\"async\" class=\"newsContent__article__imgCapa lazyloadDisabled \" src=\"https:\/\/files.sunoresearch.com.br\/n\/uploads\/2021\/06\/9346d752-fundos-imobiliarios-800x450.webp\" width=\"800\" height=\"450\" alt=\"Vibra (VBBR3) quer renegociar contrato de loca\u00e7\u00e3o de sua sede; veja como pode afetar o FII BCRI11\" fetchpriority=high \/>\n\t\t\t<\/picture>\n\n\t\t\t<figcaption class=\"wp-caption-text wp-caption-text--show\">HGLG11: Ap\u00f3s sa\u00edda da Americanas (AMER3), vac\u00e2ncia f\u00edsica do FII sobe para 19,9%. Foto: Pixabay.<\/figcaption>\n\t\t<\/figure>\n\t<\/div>\n\n\n\t<p>\n\t\t<a href=\"\" target=\"_blank\" data-element=\"shortcode-suno-banner\" title=\"Banner SUNO, clique e saiba mais\">\n\t\t\t<picture>\n\t\t\t\t<source media=\"(max-width: 500px)\" srcset=\"\">\n\t\t\t\t<img class=\"newsContent__article__imgCapa newsContent__article__imgCapa--banner\"\n\t\t\t\t\tsrc=\"\"\n\t\t\t\t\tdata-promo-id=\"286008\"\t\t\t\t\t\t\t\t\t\t\t\t\t\t\talt=\"\"\n\t\t\t\t>\n\t\t\t<\/picture>\n\t\t<\/a>\n\t<\/p>\n\n\n<p>A informa\u00e7\u00e3o foi divulgada via <a class=\"suno-keyword\" href=\"https:\/\/www.suno.com.br\/artigos\/fato-relevante\/\" target=\"_blank\" rel=\"noopener\" data-force=\"no\" data-priority=\"1\">fato relevante<\/a> na \u00faltima segunda-feira (22).<\/p>\n<p>\u201cA Vibra Energia \u2013 atual denomina\u00e7\u00e3o de Petrobras Distribuidora S.A. \u2013 ingressou com pedido de arbitragem contratual na Corte Internacional de Arbitragem para discutir as condi\u00e7\u00f5es contratuais do instrumento particular de contrato at\u00edpico de loca\u00e7\u00e3o firmado entre a BR e a Confidere OGB Imobili\u00e1ria e Incorporad, em 14 de abril de 2011\u201d, diz a nota.<\/p>\n<p>O <strong>BCRI11<\/strong> afirma ter tomado conhecimento da a\u00e7\u00e3o, mas n\u00e3o deu detalhes sobre a iniciativa da Vibra. Os administradores do fundo prometeram informar mais esclarecimentos sobre a situa\u00e7\u00e3o, incluindo o que for apresentado \u00e0 emissora do <strong>CRI<\/strong>, a Bari Securitizadora.<\/p>\n<p>O <strong>Certificado de Receb\u00edvel Imobili\u00e1rio<\/strong> \u00e9 um t\u00edtulo que oferece um direito de cr\u00e9dito ao investidor. Recebe periodicamente uma remunera\u00e7\u00e3o, gerada por um empreendimento imobili\u00e1rio, que pode ser resultado da venda de apartamentos ou do valor da loca\u00e7\u00e3o do espa\u00e7o.<\/p>\n<p>Do ponto de vista do emissor, o CRI \u00e9 um instrumento de capta\u00e7\u00e3o de recursos destinados a financiar transa\u00e7\u00f5es do mercado imobili\u00e1rio e \u00e9 lastreado em cr\u00e9ditos imobili\u00e1rios.<\/p>\n\t<p>\n\t\t<a href=\"\" target=\"_blank\" data-element=\"shortcode-suno-banner\" title=\"Banner SUNO, clique e saiba mais\">\n\t\t\t<picture>\n\t\t\t\t<source media=\"(max-width: 500px)\" srcset=\"\">\n\t\t\t\t<img class=\"newsContent__article__imgCapa newsContent__article__imgCapa--banner\"\n\t\t\t\t\tsrc=\"\"\n\t\t\t\t\tdata-promo-id=\"77050\"\t\t\t\t\t\t\t\t\t\t\t\t\t\t\talt=\"\"\n\t\t\t\t>\n\t\t\t<\/picture>\n\t\t<\/a>\n\t<\/p>\n\n\n<p>O BCRI11 recebe parte do aluguel cobrado da Vibra pela loca\u00e7\u00e3o de edif\u00edcio, composto por uma torre \u00fanica com dez pavimentos e quatro subsolos, localizado no Rio de Janeiro.<\/p>\n<p>De acordo com o relat\u00f3rio gerencial, o CRI representa 1,43% da carteira do FII, que tem um <a class=\"suno-keyword\" href=\"https:\/\/www.suno.com.br\/artigos\/patrimonio-liquido\/\" target=\"_blank\" rel=\"noopener\" data-force=\"no\" data-priority=\"2\">patrim\u00f4nio l\u00edquido<\/a> de R$ 664 milh\u00f5es. Atualmente, 90% da carteira \u00e9 de receb\u00edveis, 6% por cotas de outros fundos imobili\u00e1rios e 4% por fundos de investimento.<\/p>\n<h2>Cota\u00e7\u00e3o da Vibra e BCRI11<\/h2>\n<p>A cota\u00e7\u00e3o do\u00a0<strong>BCRI11<\/strong> encerrou o dia em queda de 0,38%, a R$ 105,30, no Ifix.<\/p>\n<p>As a\u00e7\u00f5es da\u00a0<strong>Vibra<\/strong> fecharam o preg\u00e3o desta ter\u00e7a-feira (23) em alta de 1,66%, a R$ 18,41.<\/p>\n\t<p>\n\t\t<a href=\"https:\/\/lp.suno.com.br\/planilha-controle-gastos\/\" target=\"_blank\" data-element=\"shortcode-suno-banner\" title=\"Banner SUNO, clique e saiba mais\">\n\t\t\t<picture>\n\t\t\t\t<source media=\"(max-width: 500px)\" srcset=\"https:\/\/files.sunoresearch.com.br\/n\/uploads\/2023\/03\/400x300-Planilha-controle-de-gastos.png\">\n\t\t\t\t<img class=\"newsContent__article__imgCapa newsContent__article__imgCapa--banner\"\n\t\t\t\t\tsrc=\"https:\/\/files.sunoresearch.com.br\/n\/uploads\/2023\/03\/1420x240-Planilha-controle-de-gastos.png\"\n\t\t\t\t\tdata-promo-id=\"101751\"\t\t\t\t\t\t\t\t\t\twidth='1420' height='240'\t\t\t\t\talt=\"https:\/\/files.sunoresearch.com.br\/n\/uploads\/2023\/03\/1420x240-Planilha-controle-de-gastos.png\"\n\t\t\t\t>\n\t\t\t<\/picture>\n\t\t<\/a>\n\t<\/p>\n\n\n","protected":false},"excerpt":{"rendered":"<p>A Vibra Energia (VBBR3) comunicou ao mercado que vai mudar regras do contrato de loca\u00e7\u00e3o do im\u00f3vel em que funciona a sede da empresa. O aluguel serve como lastro de um certificado de receb\u00edveis imobili\u00e1rios (CRI), ativo na carteira do FII Banestes Receb\u00edveis (BCRI11). HGLG11: Ap\u00f3s sa\u00edda da Americanas (AMER3), vac\u00e2ncia f\u00edsica do FII sobe [&hellip;]<\/p>\n","protected":false},"author":146,"featured_media":162258,"comment_status":"closed","ping_status":"closed","sticky":false,"template":"","format":"standard","meta":[],"categories":[66],"tags":[106268,596],"suno_strategy":[],"class_list":["post-288278","post","type-post","status-publish","format-standard","has-post-thumbnail","hentry","category-fiis","tag-bcri11","tag-vibra-energia-vbbr3"],"yoast_head":"<!-- This site is optimized with the Yoast SEO plugin v24.4 - https:\/\/yoast.com\/wordpress\/plugins\/seo\/ -->\n<title>Vibra (VBBR3) quer mudar regras de loca\u00e7\u00e3o da sede, im\u00f3vel do BCRI11<\/title>\n<meta name=\"description\" content=\"A Vibra (VBBR3) informou que quer mudar algumas das regras presentes em seu contrato de loca\u00e7\u00e3o. O im\u00f3vel est\u00e1 na carteira do FII BCRI11.\" \/>\n<meta name=\"robots\" content=\"index, follow, max-snippet:-1, max-image-preview:large, max-video-preview:-1\" \/>\n<link rel=\"canonical\" href=\"https:\/\/www.suno.com.br\/noticias\/vibra-vbbr3-mudar-regras-locacao-fii-bcri11\/\" \/>\n<meta property=\"og:locale\" content=\"pt_BR\" \/>\n<meta property=\"og:type\" content=\"article\" \/>\n<meta property=\"og:title\" content=\"Vibra (VBBR3) quer mudar regras de loca\u00e7\u00e3o da sede, im\u00f3vel do BCRI11\" \/>\n<meta property=\"og:description\" content=\"A Vibra (VBBR3) informou que quer mudar algumas das regras presentes em seu contrato de loca\u00e7\u00e3o. O im\u00f3vel est\u00e1 na carteira do FII BCRI11.\" \/>\n<meta property=\"og:url\" content=\"https:\/\/www.suno.com.br\/noticias\/vibra-vbbr3-mudar-regras-locacao-fii-bcri11\/\" \/>\n<meta property=\"og:site_name\" content=\"Suno Not\u00edcias\" \/>\n<meta property=\"article:publisher\" content=\"https:\/\/facebook.com\/sunoresearch\" \/>\n<meta property=\"og:image\" content=\"https:\/\/files.sunoresearch.com.br\/n\/uploads\/2021\/06\/9346d752-fundos-imobiliarios.jpg\" \/>\n\t<meta property=\"og:image:width\" content=\"1920\" \/>\n\t<meta property=\"og:image:height\" content=\"1280\" \/>\n\t<meta property=\"og:image:type\" content=\"image\/jpeg\" \/>\n<meta name=\"author\" content=\"Vict\u00f3ria Anhesini\" \/>\n<meta name=\"twitter:card\" content=\"summary_large_image\" \/>\n<meta name=\"twitter:creator\" content=\"@sunoresearch\" \/>\n<meta name=\"twitter:site\" content=\"@sunoresearch\" \/>\n<meta name=\"twitter:label1\" content=\"Escrito por\" \/>\n\t<meta name=\"twitter:data1\" content=\"Vict\u00f3ria Anhesini\" \/>\n\t<meta name=\"twitter:label2\" content=\"Est. tempo de leitura\" \/>\n\t<meta name=\"twitter:data2\" content=\"2 minutos\" \/>\n<script type=\"application\/ld+json\" class=\"yoast-schema-graph\">{\"@context\":\"https:\/\/schema.org\",\"@graph\":[{\"@type\":\"NewsArticle\",\"@id\":\"https:\/\/www.suno.com.br\/noticias\/vibra-vbbr3-mudar-regras-locacao-fii-bcri11\/#article\",\"isPartOf\":{\"@id\":\"https:\/\/www.suno.com.br\/noticias\/vibra-vbbr3-mudar-regras-locacao-fii-bcri11\/\"},\"author\":{\"name\":\"Vict\u00f3ria Anhesini\",\"@id\":\"https:\/\/www.suno.com.br\/noticias\/#\/schema\/person\/46d847cb19ad53fde0857adca989c23f\"},\"headline\":\"Vibra (VBBR3) quer renegociar contrato de loca\u00e7\u00e3o de sua sede; veja como pode afetar o FII BCRI11\",\"datePublished\":\"2022-08-23T22:55:46+00:00\",\"dateModified\":\"2022-08-24T19:02:49+00:00\",\"mainEntityOfPage\":{\"@id\":\"https:\/\/www.suno.com.br\/noticias\/vibra-vbbr3-mudar-regras-locacao-fii-bcri11\/\"},\"wordCount\":376,\"publisher\":{\"@id\":\"https:\/\/www.suno.com.br\/noticias\/#organization\"},\"image\":{\"@id\":\"https:\/\/www.suno.com.br\/noticias\/vibra-vbbr3-mudar-regras-locacao-fii-bcri11\/#primaryimage\"},\"thumbnailUrl\":\"https:\/\/files.sunoresearch.com.br\/n\/uploads\/2021\/06\/9346d752-fundos-imobiliarios-jpg.webp\",\"keywords\":[\"BCRI11\",\"Vibra Energia (VBBR3)\"],\"articleSection\":[\"FIIs\"],\"inLanguage\":\"pt-BR\"},{\"@type\":\"WebPage\",\"@id\":\"https:\/\/www.suno.com.br\/noticias\/vibra-vbbr3-mudar-regras-locacao-fii-bcri11\/\",\"url\":\"https:\/\/www.suno.com.br\/noticias\/vibra-vbbr3-mudar-regras-locacao-fii-bcri11\/\",\"name\":\"Vibra (VBBR3) quer mudar regras de loca\u00e7\u00e3o da sede, im\u00f3vel do BCRI11\",\"isPartOf\":{\"@id\":\"https:\/\/www.suno.com.br\/noticias\/#website\"},\"primaryImageOfPage\":{\"@id\":\"https:\/\/www.suno.com.br\/noticias\/vibra-vbbr3-mudar-regras-locacao-fii-bcri11\/#primaryimage\"},\"image\":{\"@id\":\"https:\/\/www.suno.com.br\/noticias\/vibra-vbbr3-mudar-regras-locacao-fii-bcri11\/#primaryimage\"},\"thumbnailUrl\":\"https:\/\/files.sunoresearch.com.br\/n\/uploads\/2021\/06\/9346d752-fundos-imobiliarios-jpg.webp\",\"datePublished\":\"2022-08-23T22:55:46+00:00\",\"dateModified\":\"2022-08-24T19:02:49+00:00\",\"description\":\"A Vibra (VBBR3) informou que quer mudar algumas das regras presentes em seu contrato de loca\u00e7\u00e3o. O im\u00f3vel est\u00e1 na carteira do FII BCRI11.\",\"breadcrumb\":{\"@id\":\"https:\/\/www.suno.com.br\/noticias\/vibra-vbbr3-mudar-regras-locacao-fii-bcri11\/#breadcrumb\"},\"inLanguage\":\"pt-BR\",\"potentialAction\":[{\"@type\":\"ReadAction\",\"target\":[\"https:\/\/www.suno.com.br\/noticias\/vibra-vbbr3-mudar-regras-locacao-fii-bcri11\/\"]}]},{\"@type\":\"ImageObject\",\"inLanguage\":\"pt-BR\",\"@id\":\"https:\/\/www.suno.com.br\/noticias\/vibra-vbbr3-mudar-regras-locacao-fii-bcri11\/#primaryimage\",\"url\":\"https:\/\/files.sunoresearch.com.br\/n\/uploads\/2021\/06\/9346d752-fundos-imobiliarios-jpg.webp\",\"contentUrl\":\"https:\/\/files.sunoresearch.com.br\/n\/uploads\/2021\/06\/9346d752-fundos-imobiliarios-jpg.webp\",\"width\":1920,\"height\":1280,\"caption\":\"HGLG11: Ap\u00f3s sa\u00edda da Americanas (AMER3), vac\u00e2ncia f\u00edsica do FII sobe para 19,9%. Foto: Pixabay.\"},{\"@type\":\"BreadcrumbList\",\"@id\":\"https:\/\/www.suno.com.br\/noticias\/vibra-vbbr3-mudar-regras-locacao-fii-bcri11\/#breadcrumb\",\"itemListElement\":[{\"@type\":\"ListItem\",\"position\":1,\"name\":\"Not\u00edcias\",\"item\":\"https:\/\/www.suno.com.br\/noticias\/\"},{\"@type\":\"ListItem\",\"position\":2,\"name\":\"FIIs\",\"item\":\"https:\/\/www.suno.com.br\/noticias\/fiis\/\"},{\"@type\":\"ListItem\",\"position\":3,\"name\":\"Vibra (VBBR3) quer renegociar contrato de loca\u00e7\u00e3o de sua sede; veja como pode afetar o FII BCRI11\"}]},{\"@type\":\"WebSite\",\"@id\":\"https:\/\/www.suno.com.br\/noticias\/#website\",\"url\":\"https:\/\/www.suno.com.br\/noticias\/\",\"name\":\"Suno Not\u00edcias\",\"description\":\"Seu portal de informa\u00e7\u00e3o sobre o mundo dos investimentos\",\"publisher\":{\"@id\":\"https:\/\/www.suno.com.br\/noticias\/#organization\"},\"potentialAction\":[{\"@type\":\"SearchAction\",\"target\":{\"@type\":\"EntryPoint\",\"urlTemplate\":\"https:\/\/www.suno.com.br\/noticias\/?s={search_term_string}\"},\"query-input\":{\"@type\":\"PropertyValueSpecification\",\"valueRequired\":true,\"valueName\":\"search_term_string\"}}],\"inLanguage\":\"pt-BR\"},{\"@type\":\"Organization\",\"@id\":\"https:\/\/www.suno.com.br\/noticias\/#organization\",\"name\":\"Suno Not\u00edcias\",\"url\":\"https:\/\/www.suno.com.br\/noticias\/\",\"logo\":{\"@type\":\"ImageObject\",\"inLanguage\":\"pt-BR\",\"@id\":\"https:\/\/www.suno.com.br\/noticias\/#\/schema\/logo\/image\/\",\"url\":\"https:\/\/files.sunoresearch.com.br\/n\/uploads\/2021\/09\/suno-logo.png\",\"contentUrl\":\"https:\/\/files.sunoresearch.com.br\/n\/uploads\/2021\/09\/suno-logo.png\",\"width\":180,\"height\":180,\"caption\":\"Suno Not\u00edcias\"},\"image\":{\"@id\":\"https:\/\/www.suno.com.br\/noticias\/#\/schema\/logo\/image\/\"},\"sameAs\":[\"https:\/\/facebook.com\/sunoresearch\",\"https:\/\/x.com\/sunoresearch\",\"https:\/\/www.instagram.com\/suno\",\"https:\/\/www.linkedin.com\/company\/suno-research\/\",\"https:\/\/www.youtube.com\/c\/sunoresearch\"]},{\"@type\":\"Person\",\"@id\":\"https:\/\/www.suno.com.br\/noticias\/#\/schema\/person\/46d847cb19ad53fde0857adca989c23f\",\"name\":\"Vict\u00f3ria Anhesini\",\"image\":{\"@type\":\"ImageObject\",\"inLanguage\":\"pt-BR\",\"@id\":\"https:\/\/www.suno.com.br\/noticias\/#\/schema\/person\/image\/\",\"url\":\"https:\/\/secure.gravatar.com\/avatar\/0172bdfcd9129dd9dd68794804304e6e?s=96&r=g\",\"contentUrl\":\"https:\/\/secure.gravatar.com\/avatar\/0172bdfcd9129dd9dd68794804304e6e?s=96&r=g\",\"caption\":\"Vict\u00f3ria Anhesini\"},\"description\":\"Rep\u00f3rter no Suno Not\u00edcias, cobre mercados, neg\u00f3cios e economia, escrevendo majoritariamente sobre movimentos das empresas, cobertura de balan\u00e7os trimestrais e Bolsa de Valores. Formada em jornalismo pela Universidade Presbiteriana Mackenzie em 2019, passou pelo portal de economia e finan\u00e7as EuQueroInvestir como rep\u00f3rter e anteriormente, trabalhou na assessoria de imprensa PinePR, onde liderou com startups de inova\u00e7\u00e3o, tecnologia e finan\u00e7as. Em seu tempo livre, fala sobre m\u00fasica para ambos os sites do selo ForMusic, Wikimetal e Mad Sound, e faz trabalho volunt\u00e1rio no programa Escreve Cartas do Poupatempo.\",\"sameAs\":[\"https:\/\/www.linkedin.com\/in\/victoria-anhesini\/\"],\"url\":\"https:\/\/www.suno.com.br\/noticias\/author\/victoria\/\"}]}<\/script>\n<!-- \/ Yoast SEO plugin. -->","yoast_head_json":{"title":"Vibra (VBBR3) quer mudar regras de loca\u00e7\u00e3o da sede, im\u00f3vel do BCRI11","description":"A Vibra (VBBR3) informou que quer mudar algumas das regras presentes em seu contrato de loca\u00e7\u00e3o. O im\u00f3vel est\u00e1 na carteira do FII BCRI11.","robots":{"index":"index","follow":"follow","max-snippet":"max-snippet:-1","max-image-preview":"max-image-preview:large","max-video-preview":"max-video-preview:-1"},"canonical":"https:\/\/www.suno.com.br\/noticias\/vibra-vbbr3-mudar-regras-locacao-fii-bcri11\/","og_locale":"pt_BR","og_type":"article","og_title":"Vibra (VBBR3) quer mudar regras de loca\u00e7\u00e3o da sede, im\u00f3vel do BCRI11","og_description":"A Vibra (VBBR3) informou que quer mudar algumas das regras presentes em seu contrato de loca\u00e7\u00e3o. O im\u00f3vel est\u00e1 na carteira do FII BCRI11.","og_url":"https:\/\/www.suno.com.br\/noticias\/vibra-vbbr3-mudar-regras-locacao-fii-bcri11\/","og_site_name":"Suno Not\u00edcias","article_publisher":"https:\/\/facebook.com\/sunoresearch","og_image":[{"width":1920,"height":1280,"url":"https:\/\/files.sunoresearch.com.br\/n\/uploads\/2021\/06\/9346d752-fundos-imobiliarios.jpg","type":"image\/jpeg"}],"author":"Vict\u00f3ria Anhesini","twitter_card":"summary_large_image","twitter_creator":"@sunoresearch","twitter_site":"@sunoresearch","twitter_misc":{"Escrito por":"Vict\u00f3ria Anhesini","Est. tempo de leitura":"2 minutos"},"schema":{"@context":"https:\/\/schema.org","@graph":[{"@type":"NewsArticle","@id":"https:\/\/www.suno.com.br\/noticias\/vibra-vbbr3-mudar-regras-locacao-fii-bcri11\/#article","isPartOf":{"@id":"https:\/\/www.suno.com.br\/noticias\/vibra-vbbr3-mudar-regras-locacao-fii-bcri11\/"},"author":{"name":"Vict\u00f3ria Anhesini","@id":"https:\/\/www.suno.com.br\/noticias\/#\/schema\/person\/46d847cb19ad53fde0857adca989c23f"},"headline":"Vibra (VBBR3) quer renegociar contrato de loca\u00e7\u00e3o de sua sede; veja como pode afetar o FII BCRI11","datePublished":"2022-08-23T22:55:46+00:00","dateModified":"2022-08-24T19:02:49+00:00","mainEntityOfPage":{"@id":"https:\/\/www.suno.com.br\/noticias\/vibra-vbbr3-mudar-regras-locacao-fii-bcri11\/"},"wordCount":376,"publisher":{"@id":"https:\/\/www.suno.com.br\/noticias\/#organization"},"image":{"@id":"https:\/\/www.suno.com.br\/noticias\/vibra-vbbr3-mudar-regras-locacao-fii-bcri11\/#primaryimage"},"thumbnailUrl":"https:\/\/files.sunoresearch.com.br\/n\/uploads\/2021\/06\/9346d752-fundos-imobiliarios-jpg.webp","keywords":["BCRI11","Vibra Energia (VBBR3)"],"articleSection":["FIIs"],"inLanguage":"pt-BR"},{"@type":"WebPage","@id":"https:\/\/www.suno.com.br\/noticias\/vibra-vbbr3-mudar-regras-locacao-fii-bcri11\/","url":"https:\/\/www.suno.com.br\/noticias\/vibra-vbbr3-mudar-regras-locacao-fii-bcri11\/","name":"Vibra (VBBR3) quer mudar regras de loca\u00e7\u00e3o da sede, im\u00f3vel do BCRI11","isPartOf":{"@id":"https:\/\/www.suno.com.br\/noticias\/#website"},"primaryImageOfPage":{"@id":"https:\/\/www.suno.com.br\/noticias\/vibra-vbbr3-mudar-regras-locacao-fii-bcri11\/#primaryimage"},"image":{"@id":"https:\/\/www.suno.com.br\/noticias\/vibra-vbbr3-mudar-regras-locacao-fii-bcri11\/#primaryimage"},"thumbnailUrl":"https:\/\/files.sunoresearch.com.br\/n\/uploads\/2021\/06\/9346d752-fundos-imobiliarios-jpg.webp","datePublished":"2022-08-23T22:55:46+00:00","dateModified":"2022-08-24T19:02:49+00:00","description":"A Vibra (VBBR3) informou que quer mudar algumas das regras presentes em seu contrato de loca\u00e7\u00e3o. O im\u00f3vel est\u00e1 na carteira do FII BCRI11.","breadcrumb":{"@id":"https:\/\/www.suno.com.br\/noticias\/vibra-vbbr3-mudar-regras-locacao-fii-bcri11\/#breadcrumb"},"inLanguage":"pt-BR","potentialAction":[{"@type":"ReadAction","target":["https:\/\/www.suno.com.br\/noticias\/vibra-vbbr3-mudar-regras-locacao-fii-bcri11\/"]}]},{"@type":"ImageObject","inLanguage":"pt-BR","@id":"https:\/\/www.suno.com.br\/noticias\/vibra-vbbr3-mudar-regras-locacao-fii-bcri11\/#primaryimage","url":"https:\/\/files.sunoresearch.com.br\/n\/uploads\/2021\/06\/9346d752-fundos-imobiliarios-jpg.webp","contentUrl":"https:\/\/files.sunoresearch.com.br\/n\/uploads\/2021\/06\/9346d752-fundos-imobiliarios-jpg.webp","width":1920,"height":1280,"caption":"HGLG11: Ap\u00f3s sa\u00edda da Americanas (AMER3), vac\u00e2ncia f\u00edsica do FII sobe para 19,9%. Foto: Pixabay."},{"@type":"BreadcrumbList","@id":"https:\/\/www.suno.com.br\/noticias\/vibra-vbbr3-mudar-regras-locacao-fii-bcri11\/#breadcrumb","itemListElement":[{"@type":"ListItem","position":1,"name":"Not\u00edcias","item":"https:\/\/www.suno.com.br\/noticias\/"},{"@type":"ListItem","position":2,"name":"FIIs","item":"https:\/\/www.suno.com.br\/noticias\/fiis\/"},{"@type":"ListItem","position":3,"name":"Vibra (VBBR3) quer renegociar contrato de loca\u00e7\u00e3o de sua sede; veja como pode afetar o FII BCRI11"}]},{"@type":"WebSite","@id":"https:\/\/www.suno.com.br\/noticias\/#website","url":"https:\/\/www.suno.com.br\/noticias\/","name":"Suno Not\u00edcias","description":"Seu portal de informa\u00e7\u00e3o sobre o mundo dos investimentos","publisher":{"@id":"https:\/\/www.suno.com.br\/noticias\/#organization"},"potentialAction":[{"@type":"SearchAction","target":{"@type":"EntryPoint","urlTemplate":"https:\/\/www.suno.com.br\/noticias\/?s={search_term_string}"},"query-input":{"@type":"PropertyValueSpecification","valueRequired":true,"valueName":"search_term_string"}}],"inLanguage":"pt-BR"},{"@type":"Organization","@id":"https:\/\/www.suno.com.br\/noticias\/#organization","name":"Suno Not\u00edcias","url":"https:\/\/www.suno.com.br\/noticias\/","logo":{"@type":"ImageObject","inLanguage":"pt-BR","@id":"https:\/\/www.suno.com.br\/noticias\/#\/schema\/logo\/image\/","url":"https:\/\/files.sunoresearch.com.br\/n\/uploads\/2021\/09\/suno-logo.png","contentUrl":"https:\/\/files.sunoresearch.com.br\/n\/uploads\/2021\/09\/suno-logo.png","width":180,"height":180,"caption":"Suno Not\u00edcias"},"image":{"@id":"https:\/\/www.suno.com.br\/noticias\/#\/schema\/logo\/image\/"},"sameAs":["https:\/\/facebook.com\/sunoresearch","https:\/\/x.com\/sunoresearch","https:\/\/www.instagram.com\/suno","https:\/\/www.linkedin.com\/company\/suno-research\/","https:\/\/www.youtube.com\/c\/sunoresearch"]},{"@type":"Person","@id":"https:\/\/www.suno.com.br\/noticias\/#\/schema\/person\/46d847cb19ad53fde0857adca989c23f","name":"Vict\u00f3ria Anhesini","image":{"@type":"ImageObject","inLanguage":"pt-BR","@id":"https:\/\/www.suno.com.br\/noticias\/#\/schema\/person\/image\/","url":"https:\/\/secure.gravatar.com\/avatar\/0172bdfcd9129dd9dd68794804304e6e?s=96&r=g","contentUrl":"https:\/\/secure.gravatar.com\/avatar\/0172bdfcd9129dd9dd68794804304e6e?s=96&r=g","caption":"Vict\u00f3ria Anhesini"},"description":"Rep\u00f3rter no Suno Not\u00edcias, cobre mercados, neg\u00f3cios e economia, escrevendo majoritariamente sobre movimentos das empresas, cobertura de balan\u00e7os trimestrais e Bolsa de Valores. Formada em jornalismo pela Universidade Presbiteriana Mackenzie em 2019, passou pelo portal de economia e finan\u00e7as EuQueroInvestir como rep\u00f3rter e anteriormente, trabalhou na assessoria de imprensa PinePR, onde liderou com startups de inova\u00e7\u00e3o, tecnologia e finan\u00e7as. Em seu tempo livre, fala sobre m\u00fasica para ambos os sites do selo ForMusic, Wikimetal e Mad Sound, e faz trabalho volunt\u00e1rio no programa Escreve Cartas do Poupatempo.","sameAs":["https:\/\/www.linkedin.com\/in\/victoria-anhesini\/"],"url":"https:\/\/www.suno.com.br\/noticias\/author\/victoria\/"}]}},"default_loop_html":"<div class=\"cardsPage__listCard__boxs\"><div class=\"cardsPage__listCard__boxs__img\"><a href=\"https:\/\/www.suno.com.br\/noticias\/vibra-vbbr3-mudar-regras-locacao-fii-bcri11\/\"><img class=\"mask\" src=\"https:\/\/www.suno.com.br\/noticias\/wp-content\/themes\/suno\/resources\/images\/spotlight\/spotlight1img\/bg-mask.png\" alt=\"Image Mask\"\/><img src=\"https:\/\/files.sunoresearch.com.br\/n\/uploads\/2021\/06\/9346d752-fundos-imobiliarios-400x200.webp\" alt=\"Vibra (VBBR3) quer renegociar contrato de loca\u00e7\u00e3o de sua sede; veja como pode afetar o FII BCRI11\"\/><\/a><span class=\"spotlightCategory\"><a href=\"https:\/\/www.suno.com.br\/noticias\/fiis\/\">FIIs<\/a><\/span><\/div><div class=\"cardsPage__listCard__boxs__content\"><a href=\"https:\/\/www.suno.com.br\/noticias\/vibra-vbbr3-mudar-regras-locacao-fii-bcri11\/\"><h2 class=\"content__title\">Vibra (VBBR3) quer renegociar contrato de loca\u00e7\u00e3o de sua sede; veja como pode afetar o FII BCRI11<\/h2><\/a><div class=\"newsContent__article__meta\"><div class=\"newsContent__article__meta__authorBox\"><a href=\"https:\/\/www.suno.com.br\/noticias\/author\/victoria\/\" class=\"authorBox__avatar noMobi\"><img src=\"https:\/\/files.sunoresearch.com.br\/n\/uploads\/2021\/12\/20190129VickyPINEAPPLE01-1-150x150.jpg\" alt=\"Vict\u00f3ria Anhesini\"><\/a><div class=\"authorBox__name\"><span>por\n\t\t\t<a href=\"https:\/\/www.suno.com.br\/noticias\/author\/victoria\/\"><span itemprop=\"author\">Vict\u00f3ria Anhesini<\/span><\/a><\/span><time datetime=\"2022-08-23T19:55:46-03:00\" itemprop=\"datePublished\">23\/08\/2022 19:55<\/time><\/div><\/div><\/div><\/div><\/div>","single_layout":"posts","amp_enabled":true,"_links":{"self":[{"href":"https:\/\/www.suno.com.br\/noticias\/wp-json\/wp\/v2\/posts\/288278"}],"collection":[{"href":"https:\/\/www.suno.com.br\/noticias\/wp-json\/wp\/v2\/posts"}],"about":[{"href":"https:\/\/www.suno.com.br\/noticias\/wp-json\/wp\/v2\/types\/post"}],"author":[{"embeddable":true,"href":"https:\/\/www.suno.com.br\/noticias\/wp-json\/wp\/v2\/users\/146"}],"replies":[{"embeddable":true,"href":"https:\/\/www.suno.com.br\/noticias\/wp-json\/wp\/v2\/comments?post=288278"}],"version-history":[{"count":4,"href":"https:\/\/www.suno.com.br\/noticias\/wp-json\/wp\/v2\/posts\/288278\/revisions"}],"predecessor-version":[{"id":288868,"href":"https:\/\/www.suno.com.br\/noticias\/wp-json\/wp\/v2\/posts\/288278\/revisions\/288868"}],"wp:featuredmedia":[{"embeddable":true,"href":"https:\/\/www.suno.com.br\/noticias\/wp-json\/wp\/v2\/media\/162258"}],"wp:attachment":[{"href":"https:\/\/www.suno.com.br\/noticias\/wp-json\/wp\/v2\/media?parent=288278"}],"wp:term":[{"taxonomy":"category","embeddable":true,"href":"https:\/\/www.suno.com.br\/noticias\/wp-json\/wp\/v2\/categories?post=288278"},{"taxonomy":"post_tag","embeddable":true,"href":"https:\/\/www.suno.com.br\/noticias\/wp-json\/wp\/v2\/tags?post=288278"},{"taxonomy":"suno_strategy","embeddable":true,"href":"https:\/\/www.suno.com.br\/noticias\/wp-json\/wp\/v2\/suno_strategy?post=288278"}],"curies":[{"name":"wp","href":"https:\/\/api.w.org\/{rel}","templated":true}]}}