{"id":288233,"date":"2022-08-23T16:31:59","date_gmt":"2022-08-23T19:31:59","guid":{"rendered":"https:\/\/www.suno.com.br\/noticias\/?p=288233"},"modified":"2022-08-23T16:31:59","modified_gmt":"2022-08-23T19:31:59","slug":"nubank-nubr33-contrata-ex-amazon-amzo34-como-diretor","status":"publish","type":"post","link":"https:\/\/www.suno.com.br\/noticias\/nubank-nubr33-contrata-ex-amazon-amzo34-como-diretor\/","title":{"rendered":"Nubank (NUBR33) contrata ex-Amazon (AMZO34) como diretor de Desenvolvimento Corporativo"},"content":{"rendered":"<p>O <strong>Nubank<\/strong> (<a class=\"suno-keyword\" href=\"https:\/\/www.suno.com.br\/bdrs\/nubr33\/\" target=\"_blank\" rel=\"noopener\" data-force=\"yes\" data-priority=\"2\">NUBR33<\/a>) anunciou nesta ter\u00e7a-feira (23) que contratou o executivo norte-americano Alex Ceballos como diretor de Desenvolvimento Corporativo.<\/p>\t<div class=\"wrapper-featured-image\">\n\t\t<figure class=\"spotlightImg\">\n\n\t\t\t<picture>\n\t\t\t\t<source media=\"(max-width: 768px)\" srcset=\"https:\/\/files.sunoresearch.com.br\/n\/uploads\/2021\/12\/Nubank-office-2-400x200.jpg\">\n\t\t\t\t<img loading=\"lazy\" decoding=\"async\" class=\"newsContent__article__imgCapa lazyloadDisabled \" src=\"https:\/\/files.sunoresearch.com.br\/n\/uploads\/2021\/12\/Nubank-office-2-800x450.jpg\" width=\"800\" height=\"450\" alt=\"Nubank (NUBR33) contrata ex-Amazon (AMZO34) como diretor de Desenvolvimento Corporativo\" fetchpriority=high \/>\n\t\t\t<\/picture>\n\n\t\t\t<figcaption class=\"wp-caption-text wp-caption-text--show\">Nubank. Foto: Divulga\u00e7\u00e3o\/Nubank<\/figcaption>\n\t\t<\/figure>\n\t<\/div>\n\n\n\t<p>\n\t\t<a href=\"\" target=\"_blank\" data-element=\"shortcode-suno-banner\" title=\"Banner SUNO, clique e saiba mais\">\n\t\t\t<picture>\n\t\t\t\t<source media=\"(max-width: 500px)\" srcset=\"\">\n\t\t\t\t<img class=\"newsContent__article__imgCapa newsContent__article__imgCapa--banner\"\n\t\t\t\t\tsrc=\"\"\n\t\t\t\t\tdata-promo-id=\"265278\"\t\t\t\t\t\t\t\t\t\t\t\t\t\t\talt=\"\"\n\t\t\t\t>\n\t\t\t<\/picture>\n\t\t<\/a>\n\t<\/p>\n\n\n<p>O executivo ficou 16 anos na <strong>Amazon<\/strong> (<a class=\"suno-keyword\" href=\"https:\/\/www.suno.com.br\/bdrs\/amzo34\/\" target=\"_blank\" rel=\"noopener\" data-force=\"yes\" data-priority=\"2\">AMZO34<\/a>). Agora no <strong>banco digital<\/strong>, Ceballos vai ser fundamental para a estrat\u00e9gia de expans\u00e3o do roxinho, focando especialmente em desenvolvimento de novos neg\u00f3cios e mercados, atrav\u00e9s de <strong><a class=\"suno-keyword\" href=\"https:\/\/www.suno.com.br\/artigos\/fusoes-aquisicoes\/\" target=\"_blank\" rel=\"noopener\" data-force=\"no\" data-priority=\"1\">fus\u00f5es e aquisi\u00e7\u00f5es<\/a> <\/strong>(M&amp;As), parcerias e investimentos estrat\u00e9gicos.<\/p>\n<p>O Nubank esclarece que esta \u00e9 uma posi\u00e7\u00e3o nova na empresa, e o novo executivo reportar\u00e1 para David V\u00e9lez, fundador e CEO global do banco.<\/p>\n<p>&#8220;Alex Ceballos traz uma s\u00f3lida experi\u00eancia por ter participado do crescimento e da expans\u00e3o de uma das maiores empresas l\u00edderes no mercado mundial. Como estamos avan\u00e7ando em nosso plano estrat\u00e9gico para os pr\u00f3ximos cinco anos, Alex chega para nos fortalecer ainda mais e alcan\u00e7armos nossas metas, processos e realiza\u00e7\u00f5es\u201d, diz V\u00e9lez, em nota.<\/p>\n<p>Ceballos liderou investimentos estrat\u00e9gicos, alian\u00e7as, fus\u00f5es e aquisi\u00e7\u00f5es enquanto trabalhava na Amazon em diversos pa\u00edses e continentes, al\u00e9m de ter sido conselheiro de companhias que receberam investimento da empresa de <strong>e-commerce<\/strong>.<\/p>\n\t<p>\n\t\t<a href=\"https:\/\/lp.suno.com.br\/planilha-controle-gastos\/\" target=\"_blank\" data-element=\"shortcode-suno-banner\" title=\"Banner SUNO, clique e saiba mais\">\n\t\t\t<picture>\n\t\t\t\t<source media=\"(max-width: 500px)\" srcset=\"https:\/\/files.sunoresearch.com.br\/n\/uploads\/2023\/03\/400x300-Planilha-controle-de-gastos.png\">\n\t\t\t\t<img class=\"newsContent__article__imgCapa newsContent__article__imgCapa--banner\"\n\t\t\t\t\tsrc=\"https:\/\/files.sunoresearch.com.br\/n\/uploads\/2023\/03\/1420x240-Planilha-controle-de-gastos.png\"\n\t\t\t\t\tdata-promo-id=\"101751\"\t\t\t\t\t\t\t\t\t\twidth='1420' height='240'\t\t\t\t\talt=\"https:\/\/files.sunoresearch.com.br\/n\/uploads\/2023\/03\/1420x240-Planilha-controle-de-gastos.png\"\n\t\t\t\t>\n\t\t\t<\/picture>\n\t\t<\/a>\n\t<\/p>\n\n\n<p>\u201cEstou animado em me juntar ao Nubank. A empresa vive um sucesso fenomenal no Brasil e na Am\u00e9rica Latina, quebrando paradigmas na ind\u00fastria financeira com<br \/>\num modelo de neg\u00f3cios singular e uma marca forte\u201d, afirma Ceballos. Ele deu in\u00edcio a sua carreira como diretor de Opera\u00e7\u00f5es na Kraft Foods e em seguida ingressou no J.P. Morgan como investment banker.<\/p>\n<p><em>Leia mais<\/em><\/p>\n<h2>Presidente do Nubank (NUBR33) diz que cart\u00e3o de cr\u00e9dito pode sumir<\/h2>\n<p>Youssef Lahrech, presidente e diretor de opera\u00e7\u00f5es do\u00a0<strong>Nubank<\/strong>\u00a0(<a class=\"suno-keyword\" href=\"https:\/\/www.suno.com.br\/bdrs\/nubr33\/\" target=\"_blank\" rel=\"noopener\" data-force=\"yes\" data-priority=\"2\">NUBR33<\/a>), afirmou que concorda com uma declara\u00e7\u00e3o recente de Roberto Campos Neto, presidente do\u00a0<a href=\"https:\/\/www.suno.com.br\/artigos\/bacen\/\">Banco Central (BC)<\/a>: com a digitaliza\u00e7\u00e3o, o cart\u00e3o de cr\u00e9dito pode sumir. O executivo assumiu o cargo de CEO da fintech na segunda, 15 de agosto.<\/p>\n\t<p>\n\t\t<a href=\"https:\/\/lp.suno.com.br\/ebook-como-analisar-uma-acao\/\" target=\"_blank\" data-element=\"shortcode-suno-banner\" title=\"Banner SUNO, clique e saiba mais\">\n\t\t\t<picture>\n\t\t\t\t<source media=\"(max-width: 500px)\" srcset=\"https:\/\/files.sunoresearch.com.br\/n\/uploads\/2023\/03\/Ebook-Acoes-Mobile-1.jpg\">\n\t\t\t\t<img class=\"newsContent__article__imgCapa newsContent__article__imgCapa--banner\"\n\t\t\t\t\tsrc=\"https:\/\/files.sunoresearch.com.br\/n\/uploads\/2023\/03\/Ebook-Acoes-Desktop-1.jpg\"\n\t\t\t\t\tdata-promo-id=\"171998\"\t\t\t\t\t\t\t\t\t\twidth='1420' height='286'\t\t\t\t\talt=\"https:\/\/files.sunoresearch.com.br\/n\/uploads\/2023\/03\/Ebook-Acoes-Desktop-1.jpg\"\n\t\t\t\t>\n\t\t\t<\/picture>\n\t\t<\/a>\n\t<\/p>\n\n\n<p>\u201cO streaming de filmes causou no setor de entretenimento efeito parecido que a digitaliza\u00e7\u00e3o dos pagamentos teve entre os bancos. Mudou tudo. Concordo que o\u00a0<strong>cart\u00e3o de cr\u00e9dito pode sumir<\/strong>, e por isso temos diversificado para outras formas de pagamento, inclusive para o Pix, BNPL\u201d, disse ao jornal Valor Econ\u00f4mico.<\/p>\n<p>O executivo argumenta que, com o aumento das transa\u00e7\u00f5es via\u00a0<a href=\"https:\/\/www.suno.com.br\/artigos\/pix\/\"><strong>Pix<\/strong><\/a>, essa tend\u00eancia \u00e9 ampliada. \u201cAcho que o Pix afeta primeiro o cart\u00e3o de d\u00e9bito, depois o de cr\u00e9dito\u201d, diz.<\/p>\n<p>\u201cLevam alguns anos para chegar at\u00e9 esse quadro: o cart\u00e3o de cr\u00e9dito tem outras fun\u00e7\u00f5es, como compras internacionais, parcelamento. Mas, no fim das contas, o Pix aumentar\u00e1 a fatia no mercado. Estou mais do que feliz com uma poss\u00edvel canibaliza\u00e7\u00e3o do cart\u00e3o de cr\u00e9dito\u201d, acrescenta.<\/p>\n<p>Al\u00e9m disso, o CEO do <strong>Nubank<\/strong> prev\u00ea que a bancariza\u00e7\u00e3o pode aumentar com o sistema de pagamentos do BC. \u201cO mercado endere\u00e7\u00e1vel no Brasil ainda \u00e9 bastante grande, podemos dobrar ou mais nossa base no Brasil\u201d, disse.<\/p>\n\t<p>\n\t\t<a href=\"https:\/\/lp.suno.com.br\/planilha-de-controle-de-investimentos\/\" target=\"_blank\" data-element=\"shortcode-suno-banner\" title=\"Banner SUNO, clique e saiba mais\">\n\t\t\t<picture>\n\t\t\t\t<source media=\"(max-width: 500px)\" srcset=\"https:\/\/files.sunoresearch.com.br\/n\/uploads\/2023\/03\/400x300-Controle-de-Investimentos.png\">\n\t\t\t\t<img class=\"newsContent__article__imgCapa newsContent__article__imgCapa--banner\"\n\t\t\t\t\tsrc=\"https:\/\/files.sunoresearch.com.br\/n\/uploads\/2023\/03\/1420x240-Controle-de-Investimentos.png\"\n\t\t\t\t\tdata-promo-id=\"75934\"\t\t\t\t\t\t\t\t\t\twidth='1420' height='240'\t\t\t\t\talt=\"https:\/\/files.sunoresearch.com.br\/n\/uploads\/2023\/03\/1420x240-Controle-de-Investimentos.png\"\n\t\t\t\t>\n\t\t\t<\/picture>\n\t\t<\/a>\n\t<\/p>\n\n\n","protected":false},"excerpt":{"rendered":"<p>O Nubank (NUBR33) anunciou nesta ter\u00e7a-feira (23) que contratou o executivo norte-americano Alex Ceballos como diretor de Desenvolvimento Corporativo. Nubank. Foto: Divulga\u00e7\u00e3o\/Nubank O executivo ficou 16 anos na Amazon (AMZO34). Agora no banco digital, Ceballos vai ser fundamental para a estrat\u00e9gia de expans\u00e3o do roxinho, focando especialmente em desenvolvimento de novos neg\u00f3cios e mercados, atrav\u00e9s [&hellip;]<\/p>\n","protected":false},"author":146,"featured_media":212999,"comment_status":"closed","ping_status":"closed","sticky":false,"template":"","format":"standard","meta":[],"categories":[64],"tags":[694,848],"suno_strategy":[],"class_list":["post-288233","post","type-post","status-publish","format-standard","has-post-thumbnail","hentry","category-negocios","tag-amazon-amzo34","tag-nubank"],"yoast_head":"<!-- This site is optimized with the Yoast SEO plugin v24.4 - https:\/\/yoast.com\/wordpress\/plugins\/seo\/ -->\n<title>Nubank (NUBR33) contrata ex-Amazon (AMZO34) para diretoria<\/title>\n<meta name=\"description\" content=\"O banco digital Nubank (NUBR33) anunciou a contrata\u00e7\u00e3o de ex-executivo da Amazon (AMZO34) para cargo de diretoria na empresa; veja mais.\" \/>\n<meta name=\"robots\" content=\"index, follow, max-snippet:-1, max-image-preview:large, max-video-preview:-1\" \/>\n<link rel=\"canonical\" href=\"https:\/\/www.suno.com.br\/noticias\/nubank-nubr33-contrata-ex-amazon-amzo34-como-diretor\/\" \/>\n<meta property=\"og:locale\" content=\"pt_BR\" \/>\n<meta property=\"og:type\" content=\"article\" \/>\n<meta property=\"og:title\" content=\"Nubank (NUBR33) contrata ex-Amazon (AMZO34) para diretoria\" \/>\n<meta property=\"og:description\" content=\"O banco digital Nubank (NUBR33) anunciou a contrata\u00e7\u00e3o de ex-executivo da Amazon (AMZO34) para cargo de diretoria na empresa; veja mais.\" \/>\n<meta property=\"og:url\" content=\"https:\/\/www.suno.com.br\/noticias\/nubank-nubr33-contrata-ex-amazon-amzo34-como-diretor\/\" \/>\n<meta property=\"og:site_name\" content=\"Suno Not\u00edcias\" \/>\n<meta property=\"article:publisher\" content=\"https:\/\/facebook.com\/sunoresearch\" \/>\n<meta property=\"og:image\" content=\"https:\/\/files.sunoresearch.com.br\/n\/uploads\/2021\/12\/Nubank-office-2-scaled.jpg\" \/>\n\t<meta property=\"og:image:width\" content=\"2560\" \/>\n\t<meta property=\"og:image:height\" content=\"1706\" \/>\n\t<meta property=\"og:image:type\" content=\"image\/jpeg\" \/>\n<meta name=\"author\" content=\"Vict\u00f3ria Anhesini\" \/>\n<meta name=\"twitter:card\" content=\"summary_large_image\" \/>\n<meta name=\"twitter:creator\" content=\"@sunoresearch\" \/>\n<meta name=\"twitter:site\" content=\"@sunoresearch\" \/>\n<meta name=\"twitter:label1\" content=\"Escrito por\" \/>\n\t<meta name=\"twitter:data1\" content=\"Vict\u00f3ria Anhesini\" \/>\n\t<meta name=\"twitter:label2\" content=\"Est. tempo de leitura\" \/>\n\t<meta name=\"twitter:data2\" content=\"3 minutos\" \/>\n<script type=\"application\/ld+json\" class=\"yoast-schema-graph\">{\"@context\":\"https:\/\/schema.org\",\"@graph\":[{\"@type\":\"NewsArticle\",\"@id\":\"https:\/\/www.suno.com.br\/noticias\/nubank-nubr33-contrata-ex-amazon-amzo34-como-diretor\/#article\",\"isPartOf\":{\"@id\":\"https:\/\/www.suno.com.br\/noticias\/nubank-nubr33-contrata-ex-amazon-amzo34-como-diretor\/\"},\"author\":{\"name\":\"Vict\u00f3ria Anhesini\",\"@id\":\"https:\/\/www.suno.com.br\/noticias\/#\/schema\/person\/46d847cb19ad53fde0857adca989c23f\"},\"headline\":\"Nubank (NUBR33) contrata ex-Amazon (AMZO34) como diretor de Desenvolvimento Corporativo\",\"datePublished\":\"2022-08-23T19:31:59+00:00\",\"mainEntityOfPage\":{\"@id\":\"https:\/\/www.suno.com.br\/noticias\/nubank-nubr33-contrata-ex-amazon-amzo34-como-diretor\/\"},\"wordCount\":529,\"publisher\":{\"@id\":\"https:\/\/www.suno.com.br\/noticias\/#organization\"},\"image\":{\"@id\":\"https:\/\/www.suno.com.br\/noticias\/nubank-nubr33-contrata-ex-amazon-amzo34-como-diretor\/#primaryimage\"},\"thumbnailUrl\":\"https:\/\/files.sunoresearch.com.br\/n\/uploads\/2021\/12\/Nubank-office-2-scaled.jpg\",\"keywords\":[\"Amazon (AMZO34)\",\"Nubank (NUBR33)\"],\"articleSection\":[\"Neg\u00f3cios\"],\"inLanguage\":\"pt-BR\"},{\"@type\":\"WebPage\",\"@id\":\"https:\/\/www.suno.com.br\/noticias\/nubank-nubr33-contrata-ex-amazon-amzo34-como-diretor\/\",\"url\":\"https:\/\/www.suno.com.br\/noticias\/nubank-nubr33-contrata-ex-amazon-amzo34-como-diretor\/\",\"name\":\"Nubank (NUBR33) contrata ex-Amazon (AMZO34) para diretoria\",\"isPartOf\":{\"@id\":\"https:\/\/www.suno.com.br\/noticias\/#website\"},\"primaryImageOfPage\":{\"@id\":\"https:\/\/www.suno.com.br\/noticias\/nubank-nubr33-contrata-ex-amazon-amzo34-como-diretor\/#primaryimage\"},\"image\":{\"@id\":\"https:\/\/www.suno.com.br\/noticias\/nubank-nubr33-contrata-ex-amazon-amzo34-como-diretor\/#primaryimage\"},\"thumbnailUrl\":\"https:\/\/files.sunoresearch.com.br\/n\/uploads\/2021\/12\/Nubank-office-2-scaled.jpg\",\"datePublished\":\"2022-08-23T19:31:59+00:00\",\"description\":\"O banco digital Nubank (NUBR33) anunciou a contrata\u00e7\u00e3o de ex-executivo da Amazon (AMZO34) para cargo de diretoria na empresa; veja mais.\",\"breadcrumb\":{\"@id\":\"https:\/\/www.suno.com.br\/noticias\/nubank-nubr33-contrata-ex-amazon-amzo34-como-diretor\/#breadcrumb\"},\"inLanguage\":\"pt-BR\",\"potentialAction\":[{\"@type\":\"ReadAction\",\"target\":[\"https:\/\/www.suno.com.br\/noticias\/nubank-nubr33-contrata-ex-amazon-amzo34-como-diretor\/\"]}]},{\"@type\":\"ImageObject\",\"inLanguage\":\"pt-BR\",\"@id\":\"https:\/\/www.suno.com.br\/noticias\/nubank-nubr33-contrata-ex-amazon-amzo34-como-diretor\/#primaryimage\",\"url\":\"https:\/\/files.sunoresearch.com.br\/n\/uploads\/2021\/12\/Nubank-office-2-scaled.jpg\",\"contentUrl\":\"https:\/\/files.sunoresearch.com.br\/n\/uploads\/2021\/12\/Nubank-office-2-scaled.jpg\",\"width\":2560,\"height\":1706,\"caption\":\"Nubank. Foto: Divulga\u00e7\u00e3o\/Nubank\"},{\"@type\":\"BreadcrumbList\",\"@id\":\"https:\/\/www.suno.com.br\/noticias\/nubank-nubr33-contrata-ex-amazon-amzo34-como-diretor\/#breadcrumb\",\"itemListElement\":[{\"@type\":\"ListItem\",\"position\":1,\"name\":\"Not\u00edcias\",\"item\":\"https:\/\/www.suno.com.br\/noticias\/\"},{\"@type\":\"ListItem\",\"position\":2,\"name\":\"Neg\u00f3cios\",\"item\":\"https:\/\/www.suno.com.br\/noticias\/negocios\/\"},{\"@type\":\"ListItem\",\"position\":3,\"name\":\"Nubank (NUBR33) contrata ex-Amazon (AMZO34) como diretor de Desenvolvimento Corporativo\"}]},{\"@type\":\"WebSite\",\"@id\":\"https:\/\/www.suno.com.br\/noticias\/#website\",\"url\":\"https:\/\/www.suno.com.br\/noticias\/\",\"name\":\"Suno Not\u00edcias\",\"description\":\"Seu portal de informa\u00e7\u00e3o sobre o mundo dos investimentos\",\"publisher\":{\"@id\":\"https:\/\/www.suno.com.br\/noticias\/#organization\"},\"potentialAction\":[{\"@type\":\"SearchAction\",\"target\":{\"@type\":\"EntryPoint\",\"urlTemplate\":\"https:\/\/www.suno.com.br\/noticias\/?s={search_term_string}\"},\"query-input\":{\"@type\":\"PropertyValueSpecification\",\"valueRequired\":true,\"valueName\":\"search_term_string\"}}],\"inLanguage\":\"pt-BR\"},{\"@type\":\"Organization\",\"@id\":\"https:\/\/www.suno.com.br\/noticias\/#organization\",\"name\":\"Suno Not\u00edcias\",\"url\":\"https:\/\/www.suno.com.br\/noticias\/\",\"logo\":{\"@type\":\"ImageObject\",\"inLanguage\":\"pt-BR\",\"@id\":\"https:\/\/www.suno.com.br\/noticias\/#\/schema\/logo\/image\/\",\"url\":\"https:\/\/files.sunoresearch.com.br\/n\/uploads\/2021\/09\/suno-logo.png\",\"contentUrl\":\"https:\/\/files.sunoresearch.com.br\/n\/uploads\/2021\/09\/suno-logo.png\",\"width\":180,\"height\":180,\"caption\":\"Suno Not\u00edcias\"},\"image\":{\"@id\":\"https:\/\/www.suno.com.br\/noticias\/#\/schema\/logo\/image\/\"},\"sameAs\":[\"https:\/\/facebook.com\/sunoresearch\",\"https:\/\/x.com\/sunoresearch\",\"https:\/\/www.instagram.com\/suno\",\"https:\/\/www.linkedin.com\/company\/suno-research\/\",\"https:\/\/www.youtube.com\/c\/sunoresearch\"]},{\"@type\":\"Person\",\"@id\":\"https:\/\/www.suno.com.br\/noticias\/#\/schema\/person\/46d847cb19ad53fde0857adca989c23f\",\"name\":\"Vict\u00f3ria Anhesini\",\"image\":{\"@type\":\"ImageObject\",\"inLanguage\":\"pt-BR\",\"@id\":\"https:\/\/www.suno.com.br\/noticias\/#\/schema\/person\/image\/\",\"url\":\"https:\/\/secure.gravatar.com\/avatar\/0172bdfcd9129dd9dd68794804304e6e?s=96&r=g\",\"contentUrl\":\"https:\/\/secure.gravatar.com\/avatar\/0172bdfcd9129dd9dd68794804304e6e?s=96&r=g\",\"caption\":\"Vict\u00f3ria Anhesini\"},\"description\":\"Rep\u00f3rter no Suno Not\u00edcias, cobre mercados, neg\u00f3cios e economia, escrevendo majoritariamente sobre movimentos das empresas, cobertura de balan\u00e7os trimestrais e Bolsa de Valores. Formada em jornalismo pela Universidade Presbiteriana Mackenzie em 2019, passou pelo portal de economia e finan\u00e7as EuQueroInvestir como rep\u00f3rter e anteriormente, trabalhou na assessoria de imprensa PinePR, onde liderou com startups de inova\u00e7\u00e3o, tecnologia e finan\u00e7as. Em seu tempo livre, fala sobre m\u00fasica para ambos os sites do selo ForMusic, Wikimetal e Mad Sound, e faz trabalho volunt\u00e1rio no programa Escreve Cartas do Poupatempo.\",\"sameAs\":[\"https:\/\/www.linkedin.com\/in\/victoria-anhesini\/\"],\"url\":\"https:\/\/www.suno.com.br\/noticias\/author\/victoria\/\"}]}<\/script>\n<!-- \/ Yoast SEO plugin. -->","yoast_head_json":{"title":"Nubank (NUBR33) contrata ex-Amazon (AMZO34) para diretoria","description":"O banco digital Nubank (NUBR33) anunciou a contrata\u00e7\u00e3o de ex-executivo da Amazon (AMZO34) para cargo de diretoria na empresa; veja mais.","robots":{"index":"index","follow":"follow","max-snippet":"max-snippet:-1","max-image-preview":"max-image-preview:large","max-video-preview":"max-video-preview:-1"},"canonical":"https:\/\/www.suno.com.br\/noticias\/nubank-nubr33-contrata-ex-amazon-amzo34-como-diretor\/","og_locale":"pt_BR","og_type":"article","og_title":"Nubank (NUBR33) contrata ex-Amazon (AMZO34) para diretoria","og_description":"O banco digital Nubank (NUBR33) anunciou a contrata\u00e7\u00e3o de ex-executivo da Amazon (AMZO34) para cargo de diretoria na empresa; veja mais.","og_url":"https:\/\/www.suno.com.br\/noticias\/nubank-nubr33-contrata-ex-amazon-amzo34-como-diretor\/","og_site_name":"Suno Not\u00edcias","article_publisher":"https:\/\/facebook.com\/sunoresearch","og_image":[{"width":2560,"height":1706,"url":"https:\/\/files.sunoresearch.com.br\/n\/uploads\/2021\/12\/Nubank-office-2-scaled.jpg","type":"image\/jpeg"}],"author":"Vict\u00f3ria Anhesini","twitter_card":"summary_large_image","twitter_creator":"@sunoresearch","twitter_site":"@sunoresearch","twitter_misc":{"Escrito por":"Vict\u00f3ria Anhesini","Est. tempo de leitura":"3 minutos"},"schema":{"@context":"https:\/\/schema.org","@graph":[{"@type":"NewsArticle","@id":"https:\/\/www.suno.com.br\/noticias\/nubank-nubr33-contrata-ex-amazon-amzo34-como-diretor\/#article","isPartOf":{"@id":"https:\/\/www.suno.com.br\/noticias\/nubank-nubr33-contrata-ex-amazon-amzo34-como-diretor\/"},"author":{"name":"Vict\u00f3ria Anhesini","@id":"https:\/\/www.suno.com.br\/noticias\/#\/schema\/person\/46d847cb19ad53fde0857adca989c23f"},"headline":"Nubank (NUBR33) contrata ex-Amazon (AMZO34) como diretor de Desenvolvimento Corporativo","datePublished":"2022-08-23T19:31:59+00:00","mainEntityOfPage":{"@id":"https:\/\/www.suno.com.br\/noticias\/nubank-nubr33-contrata-ex-amazon-amzo34-como-diretor\/"},"wordCount":529,"publisher":{"@id":"https:\/\/www.suno.com.br\/noticias\/#organization"},"image":{"@id":"https:\/\/www.suno.com.br\/noticias\/nubank-nubr33-contrata-ex-amazon-amzo34-como-diretor\/#primaryimage"},"thumbnailUrl":"https:\/\/files.sunoresearch.com.br\/n\/uploads\/2021\/12\/Nubank-office-2-scaled.jpg","keywords":["Amazon (AMZO34)","Nubank (NUBR33)"],"articleSection":["Neg\u00f3cios"],"inLanguage":"pt-BR"},{"@type":"WebPage","@id":"https:\/\/www.suno.com.br\/noticias\/nubank-nubr33-contrata-ex-amazon-amzo34-como-diretor\/","url":"https:\/\/www.suno.com.br\/noticias\/nubank-nubr33-contrata-ex-amazon-amzo34-como-diretor\/","name":"Nubank (NUBR33) contrata ex-Amazon (AMZO34) para diretoria","isPartOf":{"@id":"https:\/\/www.suno.com.br\/noticias\/#website"},"primaryImageOfPage":{"@id":"https:\/\/www.suno.com.br\/noticias\/nubank-nubr33-contrata-ex-amazon-amzo34-como-diretor\/#primaryimage"},"image":{"@id":"https:\/\/www.suno.com.br\/noticias\/nubank-nubr33-contrata-ex-amazon-amzo34-como-diretor\/#primaryimage"},"thumbnailUrl":"https:\/\/files.sunoresearch.com.br\/n\/uploads\/2021\/12\/Nubank-office-2-scaled.jpg","datePublished":"2022-08-23T19:31:59+00:00","description":"O banco digital Nubank (NUBR33) anunciou a contrata\u00e7\u00e3o de ex-executivo da Amazon (AMZO34) para cargo de diretoria na empresa; veja mais.","breadcrumb":{"@id":"https:\/\/www.suno.com.br\/noticias\/nubank-nubr33-contrata-ex-amazon-amzo34-como-diretor\/#breadcrumb"},"inLanguage":"pt-BR","potentialAction":[{"@type":"ReadAction","target":["https:\/\/www.suno.com.br\/noticias\/nubank-nubr33-contrata-ex-amazon-amzo34-como-diretor\/"]}]},{"@type":"ImageObject","inLanguage":"pt-BR","@id":"https:\/\/www.suno.com.br\/noticias\/nubank-nubr33-contrata-ex-amazon-amzo34-como-diretor\/#primaryimage","url":"https:\/\/files.sunoresearch.com.br\/n\/uploads\/2021\/12\/Nubank-office-2-scaled.jpg","contentUrl":"https:\/\/files.sunoresearch.com.br\/n\/uploads\/2021\/12\/Nubank-office-2-scaled.jpg","width":2560,"height":1706,"caption":"Nubank. Foto: Divulga\u00e7\u00e3o\/Nubank"},{"@type":"BreadcrumbList","@id":"https:\/\/www.suno.com.br\/noticias\/nubank-nubr33-contrata-ex-amazon-amzo34-como-diretor\/#breadcrumb","itemListElement":[{"@type":"ListItem","position":1,"name":"Not\u00edcias","item":"https:\/\/www.suno.com.br\/noticias\/"},{"@type":"ListItem","position":2,"name":"Neg\u00f3cios","item":"https:\/\/www.suno.com.br\/noticias\/negocios\/"},{"@type":"ListItem","position":3,"name":"Nubank (NUBR33) contrata ex-Amazon (AMZO34) como diretor de Desenvolvimento Corporativo"}]},{"@type":"WebSite","@id":"https:\/\/www.suno.com.br\/noticias\/#website","url":"https:\/\/www.suno.com.br\/noticias\/","name":"Suno Not\u00edcias","description":"Seu portal de informa\u00e7\u00e3o sobre o mundo dos investimentos","publisher":{"@id":"https:\/\/www.suno.com.br\/noticias\/#organization"},"potentialAction":[{"@type":"SearchAction","target":{"@type":"EntryPoint","urlTemplate":"https:\/\/www.suno.com.br\/noticias\/?s={search_term_string}"},"query-input":{"@type":"PropertyValueSpecification","valueRequired":true,"valueName":"search_term_string"}}],"inLanguage":"pt-BR"},{"@type":"Organization","@id":"https:\/\/www.suno.com.br\/noticias\/#organization","name":"Suno Not\u00edcias","url":"https:\/\/www.suno.com.br\/noticias\/","logo":{"@type":"ImageObject","inLanguage":"pt-BR","@id":"https:\/\/www.suno.com.br\/noticias\/#\/schema\/logo\/image\/","url":"https:\/\/files.sunoresearch.com.br\/n\/uploads\/2021\/09\/suno-logo.png","contentUrl":"https:\/\/files.sunoresearch.com.br\/n\/uploads\/2021\/09\/suno-logo.png","width":180,"height":180,"caption":"Suno Not\u00edcias"},"image":{"@id":"https:\/\/www.suno.com.br\/noticias\/#\/schema\/logo\/image\/"},"sameAs":["https:\/\/facebook.com\/sunoresearch","https:\/\/x.com\/sunoresearch","https:\/\/www.instagram.com\/suno","https:\/\/www.linkedin.com\/company\/suno-research\/","https:\/\/www.youtube.com\/c\/sunoresearch"]},{"@type":"Person","@id":"https:\/\/www.suno.com.br\/noticias\/#\/schema\/person\/46d847cb19ad53fde0857adca989c23f","name":"Vict\u00f3ria Anhesini","image":{"@type":"ImageObject","inLanguage":"pt-BR","@id":"https:\/\/www.suno.com.br\/noticias\/#\/schema\/person\/image\/","url":"https:\/\/secure.gravatar.com\/avatar\/0172bdfcd9129dd9dd68794804304e6e?s=96&r=g","contentUrl":"https:\/\/secure.gravatar.com\/avatar\/0172bdfcd9129dd9dd68794804304e6e?s=96&r=g","caption":"Vict\u00f3ria Anhesini"},"description":"Rep\u00f3rter no Suno Not\u00edcias, cobre mercados, neg\u00f3cios e economia, escrevendo majoritariamente sobre movimentos das empresas, cobertura de balan\u00e7os trimestrais e Bolsa de Valores. Formada em jornalismo pela Universidade Presbiteriana Mackenzie em 2019, passou pelo portal de economia e finan\u00e7as EuQueroInvestir como rep\u00f3rter e anteriormente, trabalhou na assessoria de imprensa PinePR, onde liderou com startups de inova\u00e7\u00e3o, tecnologia e finan\u00e7as. Em seu tempo livre, fala sobre m\u00fasica para ambos os sites do selo ForMusic, Wikimetal e Mad Sound, e faz trabalho volunt\u00e1rio no programa Escreve Cartas do Poupatempo.","sameAs":["https:\/\/www.linkedin.com\/in\/victoria-anhesini\/"],"url":"https:\/\/www.suno.com.br\/noticias\/author\/victoria\/"}]}},"default_loop_html":"<div class=\"cardsPage__listCard__boxs\"><div class=\"cardsPage__listCard__boxs__img\"><a href=\"https:\/\/www.suno.com.br\/noticias\/nubank-nubr33-contrata-ex-amazon-amzo34-como-diretor\/\"><img class=\"mask\" src=\"https:\/\/www.suno.com.br\/noticias\/wp-content\/themes\/suno\/resources\/images\/spotlight\/spotlight1img\/bg-mask.png\" alt=\"Image Mask\"\/><img src=\"https:\/\/files.sunoresearch.com.br\/n\/uploads\/2021\/12\/Nubank-office-2-400x200.jpg\" alt=\"Nubank (NUBR33) contrata ex-Amazon (AMZO34) como diretor de Desenvolvimento Corporativo\"\/><\/a><span class=\"spotlightCategory\"><a href=\"https:\/\/www.suno.com.br\/noticias\/negocios\/\">Neg\u00f3cios<\/a><\/span><\/div><div class=\"cardsPage__listCard__boxs__content\"><a href=\"https:\/\/www.suno.com.br\/noticias\/nubank-nubr33-contrata-ex-amazon-amzo34-como-diretor\/\"><h2 class=\"content__title\">Nubank (NUBR33) contrata ex-Amazon (AMZO34) como diretor de Desenvolvimento Corporativo<\/h2><\/a><div class=\"newsContent__article__meta\"><div class=\"newsContent__article__meta__authorBox\"><a href=\"https:\/\/www.suno.com.br\/noticias\/author\/victoria\/\" class=\"authorBox__avatar noMobi\"><img src=\"https:\/\/files.sunoresearch.com.br\/n\/uploads\/2021\/12\/20190129VickyPINEAPPLE01-1-150x150.jpg\" alt=\"Vict\u00f3ria Anhesini\"><\/a><div class=\"authorBox__name\"><span>por\n\t\t\t<a href=\"https:\/\/www.suno.com.br\/noticias\/author\/victoria\/\"><span itemprop=\"author\">Vict\u00f3ria Anhesini<\/span><\/a><\/span><time datetime=\"2022-08-23T16:31:59-03:00\" itemprop=\"datePublished\">23\/08\/2022 16:31<\/time><\/div><\/div><\/div><\/div><\/div>","single_layout":"posts","amp_enabled":true,"_links":{"self":[{"href":"https:\/\/www.suno.com.br\/noticias\/wp-json\/wp\/v2\/posts\/288233"}],"collection":[{"href":"https:\/\/www.suno.com.br\/noticias\/wp-json\/wp\/v2\/posts"}],"about":[{"href":"https:\/\/www.suno.com.br\/noticias\/wp-json\/wp\/v2\/types\/post"}],"author":[{"embeddable":true,"href":"https:\/\/www.suno.com.br\/noticias\/wp-json\/wp\/v2\/users\/146"}],"replies":[{"embeddable":true,"href":"https:\/\/www.suno.com.br\/noticias\/wp-json\/wp\/v2\/comments?post=288233"}],"version-history":[{"count":1,"href":"https:\/\/www.suno.com.br\/noticias\/wp-json\/wp\/v2\/posts\/288233\/revisions"}],"predecessor-version":[{"id":288245,"href":"https:\/\/www.suno.com.br\/noticias\/wp-json\/wp\/v2\/posts\/288233\/revisions\/288245"}],"wp:featuredmedia":[{"embeddable":true,"href":"https:\/\/www.suno.com.br\/noticias\/wp-json\/wp\/v2\/media\/212999"}],"wp:attachment":[{"href":"https:\/\/www.suno.com.br\/noticias\/wp-json\/wp\/v2\/media?parent=288233"}],"wp:term":[{"taxonomy":"category","embeddable":true,"href":"https:\/\/www.suno.com.br\/noticias\/wp-json\/wp\/v2\/categories?post=288233"},{"taxonomy":"post_tag","embeddable":true,"href":"https:\/\/www.suno.com.br\/noticias\/wp-json\/wp\/v2\/tags?post=288233"},{"taxonomy":"suno_strategy","embeddable":true,"href":"https:\/\/www.suno.com.br\/noticias\/wp-json\/wp\/v2\/suno_strategy?post=288233"}],"curies":[{"name":"wp","href":"https:\/\/api.w.org\/{rel}","templated":true}]}}