{"id":287991,"date":"2022-08-23T22:20:00","date_gmt":"2022-08-24T01:20:00","guid":{"rendered":"https:\/\/www.suno.com.br\/noticias\/?p=287991"},"modified":"2022-08-23T22:20:00","modified_gmt":"2022-08-24T01:20:00","slug":"aluguel-de-carros-locadoras-dobram-veiculos","status":"publish","type":"post","link":"https:\/\/www.suno.com.br\/noticias\/aluguel-de-carros-locadoras-dobram-veiculos\/","title":{"rendered":"Aluguel de carros: locadoras quase dobram compras de ve\u00edculos no 2\u00aa trimestre"},"content":{"rendered":"<p>As locadoras aumentaram em 85,4% o volume de compra de ve\u00edculos para <strong>aluguel de carros<\/strong> no segundo trimestre deste ano, mostram os dados da Associa\u00e7\u00e3o Brasileira das Locadoras de Autom\u00f3veis (Abla), obtidos junto aos \u00f3rg\u00e3os p\u00fablicos.<\/p>\t<div class=\"wrapper-featured-image\">\n\t\t<figure class=\"spotlightImg\">\n\n\t\t\t<picture>\n\t\t\t\t<source media=\"(max-width: 768px)\" srcset=\"https:\/\/files.sunoresearch.com.br\/n\/uploads\/2021\/03\/6cec3765-localiza_2-400x200.webp\">\n\t\t\t\t<img loading=\"lazy\" decoding=\"async\" class=\"newsContent__article__imgCapa lazyloadDisabled \" src=\"https:\/\/files.sunoresearch.com.br\/n\/uploads\/2021\/03\/6cec3765-localiza_2-800x450.webp\" width=\"800\" height=\"450\" alt=\"Aluguel de carros: locadoras quase dobram compras de ve\u00edculos no 2\u00aa trimestre\" fetchpriority=high \/>\n\t\t\t<\/picture>\n\n\t\t\t<figcaption class=\"wp-caption-text wp-caption-text--show\">Localiza. Foto: Divulga\u00e7\u00e3o\/Localiza<\/figcaption>\n\t\t<\/figure>\n\t<\/div>\n\n\r\n\r\n<p>\t<p>\n\t\t<a href=\"\" target=\"_blank\" data-element=\"shortcode-suno-banner\" title=\"Banner SUNO, clique e saiba mais\">\n\t\t\t<picture>\n\t\t\t\t<source media=\"(max-width: 500px)\" srcset=\"\">\n\t\t\t\t<img class=\"newsContent__article__imgCapa newsContent__article__imgCapa--banner\"\n\t\t\t\t\tsrc=\"\"\n\t\t\t\t\tdata-promo-id=\"240038\"\t\t\t\t\t\t\t\t\t\t\t\t\t\t\talt=\"\"\n\t\t\t\t>\n\t\t\t<\/picture>\n\t\t<\/a>\n\t<\/p>\n\n<br \/><br \/>Entre janeiro e mar\u00e7o deste ano, o volume de aquisi\u00e7\u00f5es foi de 78.578 autom\u00f3veis leves e comerciais. Nos tr\u00eas meses seguintes, entre abril e junho, a compra desses ve\u00edculos subiu para 145.720 unidades.<\/p>\r\n<p>Com isso, a soma de aquisi\u00e7\u00e3o de <strong>carros para aluguel<\/strong> no primeiro semestre do ano representa quase a metade de tudo que foi comprado no ano passado.\u00a0Ao todo, estima-se que a frota de locados seja superior a 1,2 milh\u00e3o no pa\u00eds, um crescimento de 6% em compara\u00e7\u00e3o ao n\u00famero do final do ano passado.<\/p>\r\n<p>\u201cHouve sens\u00edvel melhora em rela\u00e7\u00e3o \u00e0 produ\u00e7\u00e3o e tamb\u00e9m na redu\u00e7\u00e3o dos prazos de entregas de pedidos feitos pelas locadoras\u201d, disse o presidente da Abla, Marco Aur\u00e9lio Nazar\u00e9. \u201cAo mesmo tempo, as montadoras enfrentaram queda da demanda por parte dos clientes de varejo\u201d, avaliou o conselheiro gestor da associa\u00e7\u00e3o, Paulo Miguel Junior.<\/p>\r\n\t<p>\n\t\t<a href=\"https:\/\/lp.suno.com.br\/ebook-como-analisar-uma-acao\/\" target=\"_blank\" data-element=\"shortcode-suno-banner\" title=\"Banner SUNO, clique e saiba mais\">\n\t\t\t<picture>\n\t\t\t\t<source media=\"(max-width: 500px)\" srcset=\"https:\/\/files.sunoresearch.com.br\/n\/uploads\/2023\/03\/Ebook-Acoes-Mobile-1.jpg\">\n\t\t\t\t<img class=\"newsContent__article__imgCapa newsContent__article__imgCapa--banner\"\n\t\t\t\t\tsrc=\"https:\/\/files.sunoresearch.com.br\/n\/uploads\/2023\/03\/Ebook-Acoes-Desktop-1.jpg\"\n\t\t\t\t\tdata-promo-id=\"171998\"\t\t\t\t\t\t\t\t\t\twidth='1420' height='286'\t\t\t\t\talt=\"https:\/\/files.sunoresearch.com.br\/n\/uploads\/2023\/03\/Ebook-Acoes-Desktop-1.jpg\"\n\t\t\t\t>\n\t\t\t<\/picture>\n\t\t<\/a>\n\t<\/p>\n\n\r\n<h2>Resultados das locadoras no 2T22<\/h2>\r\n<p>Em geral, o desempenho das empresas de aluguel de carros foi positivo no segundo trimestre deste ano, conforme balan\u00e7os divulgados nas \u00faltimas semanas.<\/p>\r\n<p>O destaque ficou com a <strong>Movida (MOVI3)<\/strong> que reportou um <a class=\"suno-keyword\" href=\"https:\/\/www.suno.com.br\/artigos\/lucro-liquido\/\" target=\"_blank\" rel=\"noopener\" data-force=\"no\" data-priority=\"1\">lucro l\u00edquido<\/a> de R$ 187 milh\u00f5es, alta de 7% em doze meses. A XP Investimentos (<a class=\"suno-keyword\" href=\"https:\/\/www.suno.com.br\/bdrs\/xpbr31\/\" target=\"_blank\" rel=\"noopener\" data-force=\"yes\" data-priority=\"2\">XPBR31<\/a>) e o <a class=\"suno-keyword\" href=\"https:\/\/www.suno.com.br\/acoes\/BPAC3\/\" target=\"_blank\" rel=\"noopener\" data-force=\"yes\" data-priority=\"2\">BTG Pactual (BPAC3)<\/a> recomendaram, ent\u00e3o, a compra dos pap\u00e9is, com pre\u00e7o-alvo de R$ 28.<\/p>\r\n<p>Caminho parecido teve a <a class=\"suno-keyword\" href=\"https:\/\/www.suno.com.br\/acoes\/RENT3\/\" target=\"_blank\" rel=\"noopener\" data-force=\"yes\" data-priority=\"2\">Localiza (RENT3)<\/a>, que aumentou seu lucro em 2% para R$ 456,7 milh\u00f5es no per\u00edodo. Neste caso, as corretoras tamb\u00e9m recomendam compra, visando pre\u00e7o-alvo de R$ 73 e R$ 75, potencial de 15%.<\/p>\r\n<p>A <strong>Unidas (LCAM3)<\/strong>, outro player do mercado, oficializou neste ano sua fus\u00e3o com a Localiza, criando uma gigante do <strong>aluguel de carros<\/strong>. O processo vinha se arrastando h\u00e1 algum tempo, mas foi conclu\u00eddo no come\u00e7o de julho.<\/p>\r\n\t<p>\n\t\t<a href=\"https:\/\/lp.suno.com.br\/planilha-de-controle-de-investimentos\/\" target=\"_blank\" data-element=\"shortcode-suno-banner\" title=\"Banner SUNO, clique e saiba mais\">\n\t\t\t<picture>\n\t\t\t\t<source media=\"(max-width: 500px)\" srcset=\"https:\/\/files.sunoresearch.com.br\/n\/uploads\/2023\/03\/400x300-Controle-de-Investimentos.png\">\n\t\t\t\t<img class=\"newsContent__article__imgCapa newsContent__article__imgCapa--banner\"\n\t\t\t\t\tsrc=\"https:\/\/files.sunoresearch.com.br\/n\/uploads\/2023\/03\/1420x240-Controle-de-Investimentos.png\"\n\t\t\t\t\tdata-promo-id=\"75934\"\t\t\t\t\t\t\t\t\t\twidth='1420' height='240'\t\t\t\t\talt=\"https:\/\/files.sunoresearch.com.br\/n\/uploads\/2023\/03\/1420x240-Controle-de-Investimentos.png\"\n\t\t\t\t>\n\t\t\t<\/picture>\n\t\t<\/a>\n\t<\/p>\n\n\r\n","protected":false},"excerpt":{"rendered":"<p>As locadoras aumentaram em 85,4% o volume de compra de ve\u00edculos para aluguel de carros no segundo trimestre deste ano, mostram os dados da Associa\u00e7\u00e3o Brasileira das Locadoras de Autom\u00f3veis (Abla), obtidos junto aos \u00f3rg\u00e3os p\u00fablicos. Localiza. Foto: Divulga\u00e7\u00e3o\/Localiza Entre janeiro e mar\u00e7o deste ano, o volume de aquisi\u00e7\u00f5es foi de 78.578 autom\u00f3veis leves e [&hellip;]<\/p>\n","protected":false},"author":198,"featured_media":130379,"comment_status":"closed","ping_status":"closed","sticky":false,"template":"","format":"standard","meta":[],"categories":[64],"tags":[4065,567,1061],"suno_strategy":[],"class_list":["post-287991","post","type-post","status-publish","format-standard","has-post-thumbnail","hentry","category-negocios","tag-localiza-rent3","tag-movida-movi3","tag-unidas-lcam3"],"yoast_head":"<!-- This site is optimized with the Yoast SEO plugin v24.4 - https:\/\/yoast.com\/wordpress\/plugins\/seo\/ -->\n<title>Aluguel de carros: locadoras aumentam compra de ve\u00edculos em 85%<\/title>\n<meta name=\"description\" content=\"As locadoras aumentaram em 85,4% o volume de compra de ve\u00edculos para aluguel de carros no segundo trimestre\" \/>\n<meta name=\"robots\" content=\"index, follow, max-snippet:-1, max-image-preview:large, max-video-preview:-1\" \/>\n<link rel=\"canonical\" href=\"https:\/\/www.suno.com.br\/noticias\/aluguel-de-carros-locadoras-dobram-veiculos\/\" \/>\n<meta property=\"og:locale\" content=\"pt_BR\" \/>\n<meta property=\"og:type\" content=\"article\" \/>\n<meta property=\"og:title\" content=\"Aluguel de carros: locadoras aumentam compra de ve\u00edculos em 85%\" \/>\n<meta property=\"og:description\" content=\"As locadoras aumentaram em 85,4% o volume de compra de ve\u00edculos para aluguel de carros no segundo trimestre\" \/>\n<meta property=\"og:url\" content=\"https:\/\/www.suno.com.br\/noticias\/aluguel-de-carros-locadoras-dobram-veiculos\/\" \/>\n<meta property=\"og:site_name\" content=\"Suno Not\u00edcias\" \/>\n<meta property=\"article:publisher\" content=\"https:\/\/facebook.com\/sunoresearch\" \/>\n<meta property=\"og:image\" content=\"https:\/\/files.sunoresearch.com.br\/n\/uploads\/2021\/03\/6cec3765-localiza_2.jpg\" \/>\n\t<meta property=\"og:image:width\" content=\"1200\" \/>\n\t<meta property=\"og:image:height\" content=\"800\" \/>\n\t<meta property=\"og:image:type\" content=\"image\/jpeg\" \/>\n<meta name=\"author\" content=\"Wesley Santana\" \/>\n<meta name=\"twitter:card\" content=\"summary_large_image\" \/>\n<meta name=\"twitter:creator\" content=\"@sunoresearch\" \/>\n<meta name=\"twitter:site\" content=\"@sunoresearch\" \/>\n<meta name=\"twitter:label1\" content=\"Escrito por\" \/>\n\t<meta name=\"twitter:data1\" content=\"Wesley Santana\" \/>\n\t<meta name=\"twitter:label2\" content=\"Est. tempo de leitura\" \/>\n\t<meta name=\"twitter:data2\" content=\"2 minutos\" \/>\n<script type=\"application\/ld+json\" class=\"yoast-schema-graph\">{\"@context\":\"https:\/\/schema.org\",\"@graph\":[{\"@type\":\"NewsArticle\",\"@id\":\"https:\/\/www.suno.com.br\/noticias\/aluguel-de-carros-locadoras-dobram-veiculos\/#article\",\"isPartOf\":{\"@id\":\"https:\/\/www.suno.com.br\/noticias\/aluguel-de-carros-locadoras-dobram-veiculos\/\"},\"author\":{\"name\":\"Wesley Santana\",\"@id\":\"https:\/\/www.suno.com.br\/noticias\/#\/schema\/person\/92be41176947b0b15780200176c90285\"},\"headline\":\"Aluguel de carros: locadoras quase dobram compras de ve\u00edculos no 2\u00aa trimestre\",\"datePublished\":\"2022-08-24T01:20:00+00:00\",\"mainEntityOfPage\":{\"@id\":\"https:\/\/www.suno.com.br\/noticias\/aluguel-de-carros-locadoras-dobram-veiculos\/\"},\"wordCount\":361,\"publisher\":{\"@id\":\"https:\/\/www.suno.com.br\/noticias\/#organization\"},\"image\":{\"@id\":\"https:\/\/www.suno.com.br\/noticias\/aluguel-de-carros-locadoras-dobram-veiculos\/#primaryimage\"},\"thumbnailUrl\":\"https:\/\/files.sunoresearch.com.br\/n\/uploads\/2021\/03\/6cec3765-localiza_2-jpg.webp\",\"keywords\":[\"Localiza (RENT3)\",\"Movida (MOVI3)\",\"Unidas (LCAM3)\"],\"articleSection\":[\"Neg\u00f3cios\"],\"inLanguage\":\"pt-BR\"},{\"@type\":\"WebPage\",\"@id\":\"https:\/\/www.suno.com.br\/noticias\/aluguel-de-carros-locadoras-dobram-veiculos\/\",\"url\":\"https:\/\/www.suno.com.br\/noticias\/aluguel-de-carros-locadoras-dobram-veiculos\/\",\"name\":\"Aluguel de carros: locadoras aumentam compra de ve\u00edculos em 85%\",\"isPartOf\":{\"@id\":\"https:\/\/www.suno.com.br\/noticias\/#website\"},\"primaryImageOfPage\":{\"@id\":\"https:\/\/www.suno.com.br\/noticias\/aluguel-de-carros-locadoras-dobram-veiculos\/#primaryimage\"},\"image\":{\"@id\":\"https:\/\/www.suno.com.br\/noticias\/aluguel-de-carros-locadoras-dobram-veiculos\/#primaryimage\"},\"thumbnailUrl\":\"https:\/\/files.sunoresearch.com.br\/n\/uploads\/2021\/03\/6cec3765-localiza_2-jpg.webp\",\"datePublished\":\"2022-08-24T01:20:00+00:00\",\"description\":\"As locadoras aumentaram em 85,4% o volume de compra de ve\u00edculos para aluguel de carros no segundo trimestre\",\"breadcrumb\":{\"@id\":\"https:\/\/www.suno.com.br\/noticias\/aluguel-de-carros-locadoras-dobram-veiculos\/#breadcrumb\"},\"inLanguage\":\"pt-BR\",\"potentialAction\":[{\"@type\":\"ReadAction\",\"target\":[\"https:\/\/www.suno.com.br\/noticias\/aluguel-de-carros-locadoras-dobram-veiculos\/\"]}]},{\"@type\":\"ImageObject\",\"inLanguage\":\"pt-BR\",\"@id\":\"https:\/\/www.suno.com.br\/noticias\/aluguel-de-carros-locadoras-dobram-veiculos\/#primaryimage\",\"url\":\"https:\/\/files.sunoresearch.com.br\/n\/uploads\/2021\/03\/6cec3765-localiza_2-jpg.webp\",\"contentUrl\":\"https:\/\/files.sunoresearch.com.br\/n\/uploads\/2021\/03\/6cec3765-localiza_2-jpg.webp\",\"width\":1200,\"height\":800,\"caption\":\"Localiza. Foto: Divulga\u00e7\u00e3o\/Localiza\"},{\"@type\":\"BreadcrumbList\",\"@id\":\"https:\/\/www.suno.com.br\/noticias\/aluguel-de-carros-locadoras-dobram-veiculos\/#breadcrumb\",\"itemListElement\":[{\"@type\":\"ListItem\",\"position\":1,\"name\":\"Not\u00edcias\",\"item\":\"https:\/\/www.suno.com.br\/noticias\/\"},{\"@type\":\"ListItem\",\"position\":2,\"name\":\"Neg\u00f3cios\",\"item\":\"https:\/\/www.suno.com.br\/noticias\/negocios\/\"},{\"@type\":\"ListItem\",\"position\":3,\"name\":\"Aluguel de carros: locadoras quase dobram compras de ve\u00edculos no 2\u00aa trimestre\"}]},{\"@type\":\"WebSite\",\"@id\":\"https:\/\/www.suno.com.br\/noticias\/#website\",\"url\":\"https:\/\/www.suno.com.br\/noticias\/\",\"name\":\"Suno Not\u00edcias\",\"description\":\"Seu portal de informa\u00e7\u00e3o sobre o mundo dos investimentos\",\"publisher\":{\"@id\":\"https:\/\/www.suno.com.br\/noticias\/#organization\"},\"potentialAction\":[{\"@type\":\"SearchAction\",\"target\":{\"@type\":\"EntryPoint\",\"urlTemplate\":\"https:\/\/www.suno.com.br\/noticias\/?s={search_term_string}\"},\"query-input\":{\"@type\":\"PropertyValueSpecification\",\"valueRequired\":true,\"valueName\":\"search_term_string\"}}],\"inLanguage\":\"pt-BR\"},{\"@type\":\"Organization\",\"@id\":\"https:\/\/www.suno.com.br\/noticias\/#organization\",\"name\":\"Suno Not\u00edcias\",\"url\":\"https:\/\/www.suno.com.br\/noticias\/\",\"logo\":{\"@type\":\"ImageObject\",\"inLanguage\":\"pt-BR\",\"@id\":\"https:\/\/www.suno.com.br\/noticias\/#\/schema\/logo\/image\/\",\"url\":\"https:\/\/files.sunoresearch.com.br\/n\/uploads\/2021\/09\/suno-logo.png\",\"contentUrl\":\"https:\/\/files.sunoresearch.com.br\/n\/uploads\/2021\/09\/suno-logo.png\",\"width\":180,\"height\":180,\"caption\":\"Suno Not\u00edcias\"},\"image\":{\"@id\":\"https:\/\/www.suno.com.br\/noticias\/#\/schema\/logo\/image\/\"},\"sameAs\":[\"https:\/\/facebook.com\/sunoresearch\",\"https:\/\/x.com\/sunoresearch\",\"https:\/\/www.instagram.com\/suno\",\"https:\/\/www.linkedin.com\/company\/suno-research\/\",\"https:\/\/www.youtube.com\/c\/sunoresearch\"]},{\"@type\":\"Person\",\"@id\":\"https:\/\/www.suno.com.br\/noticias\/#\/schema\/person\/92be41176947b0b15780200176c90285\",\"name\":\"Wesley Santana\",\"image\":{\"@type\":\"ImageObject\",\"inLanguage\":\"pt-BR\",\"@id\":\"https:\/\/www.suno.com.br\/noticias\/#\/schema\/person\/image\/\",\"url\":\"https:\/\/secure.gravatar.com\/avatar\/ee1b4ea17db9dc2fc8c10c6dee7b3f79?s=96&r=g\",\"contentUrl\":\"https:\/\/secure.gravatar.com\/avatar\/ee1b4ea17db9dc2fc8c10c6dee7b3f79?s=96&r=g\",\"caption\":\"Wesley Santana\"},\"description\":\"\u00c9 rep\u00f3rter especializado em finan\u00e7as e tecnologia, com passagens por \u00c9poca Neg\u00f3cios, CNN Business e Olhar Digital. Tamb\u00e9m participou do programa de forma\u00e7\u00e3o em mercado de capitais da B3.\",\"url\":\"https:\/\/www.suno.com.br\/noticias\/author\/wesley-santana\/\"}]}<\/script>\n<!-- \/ Yoast SEO plugin. -->","yoast_head_json":{"title":"Aluguel de carros: locadoras aumentam compra de ve\u00edculos em 85%","description":"As locadoras aumentaram em 85,4% o volume de compra de ve\u00edculos para aluguel de carros no segundo trimestre","robots":{"index":"index","follow":"follow","max-snippet":"max-snippet:-1","max-image-preview":"max-image-preview:large","max-video-preview":"max-video-preview:-1"},"canonical":"https:\/\/www.suno.com.br\/noticias\/aluguel-de-carros-locadoras-dobram-veiculos\/","og_locale":"pt_BR","og_type":"article","og_title":"Aluguel de carros: locadoras aumentam compra de ve\u00edculos em 85%","og_description":"As locadoras aumentaram em 85,4% o volume de compra de ve\u00edculos para aluguel de carros no segundo trimestre","og_url":"https:\/\/www.suno.com.br\/noticias\/aluguel-de-carros-locadoras-dobram-veiculos\/","og_site_name":"Suno Not\u00edcias","article_publisher":"https:\/\/facebook.com\/sunoresearch","og_image":[{"width":1200,"height":800,"url":"https:\/\/files.sunoresearch.com.br\/n\/uploads\/2021\/03\/6cec3765-localiza_2.jpg","type":"image\/jpeg"}],"author":"Wesley Santana","twitter_card":"summary_large_image","twitter_creator":"@sunoresearch","twitter_site":"@sunoresearch","twitter_misc":{"Escrito por":"Wesley Santana","Est. tempo de leitura":"2 minutos"},"schema":{"@context":"https:\/\/schema.org","@graph":[{"@type":"NewsArticle","@id":"https:\/\/www.suno.com.br\/noticias\/aluguel-de-carros-locadoras-dobram-veiculos\/#article","isPartOf":{"@id":"https:\/\/www.suno.com.br\/noticias\/aluguel-de-carros-locadoras-dobram-veiculos\/"},"author":{"name":"Wesley Santana","@id":"https:\/\/www.suno.com.br\/noticias\/#\/schema\/person\/92be41176947b0b15780200176c90285"},"headline":"Aluguel de carros: locadoras quase dobram compras de ve\u00edculos no 2\u00aa trimestre","datePublished":"2022-08-24T01:20:00+00:00","mainEntityOfPage":{"@id":"https:\/\/www.suno.com.br\/noticias\/aluguel-de-carros-locadoras-dobram-veiculos\/"},"wordCount":361,"publisher":{"@id":"https:\/\/www.suno.com.br\/noticias\/#organization"},"image":{"@id":"https:\/\/www.suno.com.br\/noticias\/aluguel-de-carros-locadoras-dobram-veiculos\/#primaryimage"},"thumbnailUrl":"https:\/\/files.sunoresearch.com.br\/n\/uploads\/2021\/03\/6cec3765-localiza_2-jpg.webp","keywords":["Localiza (RENT3)","Movida (MOVI3)","Unidas (LCAM3)"],"articleSection":["Neg\u00f3cios"],"inLanguage":"pt-BR"},{"@type":"WebPage","@id":"https:\/\/www.suno.com.br\/noticias\/aluguel-de-carros-locadoras-dobram-veiculos\/","url":"https:\/\/www.suno.com.br\/noticias\/aluguel-de-carros-locadoras-dobram-veiculos\/","name":"Aluguel de carros: locadoras aumentam compra de ve\u00edculos em 85%","isPartOf":{"@id":"https:\/\/www.suno.com.br\/noticias\/#website"},"primaryImageOfPage":{"@id":"https:\/\/www.suno.com.br\/noticias\/aluguel-de-carros-locadoras-dobram-veiculos\/#primaryimage"},"image":{"@id":"https:\/\/www.suno.com.br\/noticias\/aluguel-de-carros-locadoras-dobram-veiculos\/#primaryimage"},"thumbnailUrl":"https:\/\/files.sunoresearch.com.br\/n\/uploads\/2021\/03\/6cec3765-localiza_2-jpg.webp","datePublished":"2022-08-24T01:20:00+00:00","description":"As locadoras aumentaram em 85,4% o volume de compra de ve\u00edculos para aluguel de carros no segundo trimestre","breadcrumb":{"@id":"https:\/\/www.suno.com.br\/noticias\/aluguel-de-carros-locadoras-dobram-veiculos\/#breadcrumb"},"inLanguage":"pt-BR","potentialAction":[{"@type":"ReadAction","target":["https:\/\/www.suno.com.br\/noticias\/aluguel-de-carros-locadoras-dobram-veiculos\/"]}]},{"@type":"ImageObject","inLanguage":"pt-BR","@id":"https:\/\/www.suno.com.br\/noticias\/aluguel-de-carros-locadoras-dobram-veiculos\/#primaryimage","url":"https:\/\/files.sunoresearch.com.br\/n\/uploads\/2021\/03\/6cec3765-localiza_2-jpg.webp","contentUrl":"https:\/\/files.sunoresearch.com.br\/n\/uploads\/2021\/03\/6cec3765-localiza_2-jpg.webp","width":1200,"height":800,"caption":"Localiza. Foto: Divulga\u00e7\u00e3o\/Localiza"},{"@type":"BreadcrumbList","@id":"https:\/\/www.suno.com.br\/noticias\/aluguel-de-carros-locadoras-dobram-veiculos\/#breadcrumb","itemListElement":[{"@type":"ListItem","position":1,"name":"Not\u00edcias","item":"https:\/\/www.suno.com.br\/noticias\/"},{"@type":"ListItem","position":2,"name":"Neg\u00f3cios","item":"https:\/\/www.suno.com.br\/noticias\/negocios\/"},{"@type":"ListItem","position":3,"name":"Aluguel de carros: locadoras quase dobram compras de ve\u00edculos no 2\u00aa trimestre"}]},{"@type":"WebSite","@id":"https:\/\/www.suno.com.br\/noticias\/#website","url":"https:\/\/www.suno.com.br\/noticias\/","name":"Suno Not\u00edcias","description":"Seu portal de informa\u00e7\u00e3o sobre o mundo dos investimentos","publisher":{"@id":"https:\/\/www.suno.com.br\/noticias\/#organization"},"potentialAction":[{"@type":"SearchAction","target":{"@type":"EntryPoint","urlTemplate":"https:\/\/www.suno.com.br\/noticias\/?s={search_term_string}"},"query-input":{"@type":"PropertyValueSpecification","valueRequired":true,"valueName":"search_term_string"}}],"inLanguage":"pt-BR"},{"@type":"Organization","@id":"https:\/\/www.suno.com.br\/noticias\/#organization","name":"Suno Not\u00edcias","url":"https:\/\/www.suno.com.br\/noticias\/","logo":{"@type":"ImageObject","inLanguage":"pt-BR","@id":"https:\/\/www.suno.com.br\/noticias\/#\/schema\/logo\/image\/","url":"https:\/\/files.sunoresearch.com.br\/n\/uploads\/2021\/09\/suno-logo.png","contentUrl":"https:\/\/files.sunoresearch.com.br\/n\/uploads\/2021\/09\/suno-logo.png","width":180,"height":180,"caption":"Suno Not\u00edcias"},"image":{"@id":"https:\/\/www.suno.com.br\/noticias\/#\/schema\/logo\/image\/"},"sameAs":["https:\/\/facebook.com\/sunoresearch","https:\/\/x.com\/sunoresearch","https:\/\/www.instagram.com\/suno","https:\/\/www.linkedin.com\/company\/suno-research\/","https:\/\/www.youtube.com\/c\/sunoresearch"]},{"@type":"Person","@id":"https:\/\/www.suno.com.br\/noticias\/#\/schema\/person\/92be41176947b0b15780200176c90285","name":"Wesley Santana","image":{"@type":"ImageObject","inLanguage":"pt-BR","@id":"https:\/\/www.suno.com.br\/noticias\/#\/schema\/person\/image\/","url":"https:\/\/secure.gravatar.com\/avatar\/ee1b4ea17db9dc2fc8c10c6dee7b3f79?s=96&r=g","contentUrl":"https:\/\/secure.gravatar.com\/avatar\/ee1b4ea17db9dc2fc8c10c6dee7b3f79?s=96&r=g","caption":"Wesley Santana"},"description":"\u00c9 rep\u00f3rter especializado em finan\u00e7as e tecnologia, com passagens por \u00c9poca Neg\u00f3cios, CNN Business e Olhar Digital. Tamb\u00e9m participou do programa de forma\u00e7\u00e3o em mercado de capitais da B3.","url":"https:\/\/www.suno.com.br\/noticias\/author\/wesley-santana\/"}]}},"default_loop_html":"<div class=\"cardsPage__listCard__boxs\"><div class=\"cardsPage__listCard__boxs__img\"><a href=\"https:\/\/www.suno.com.br\/noticias\/aluguel-de-carros-locadoras-dobram-veiculos\/\"><img class=\"mask\" src=\"https:\/\/www.suno.com.br\/noticias\/wp-content\/themes\/suno\/resources\/images\/spotlight\/spotlight1img\/bg-mask.png\" alt=\"Image Mask\"\/><img src=\"https:\/\/files.sunoresearch.com.br\/n\/uploads\/2021\/03\/6cec3765-localiza_2-400x200.webp\" alt=\"Aluguel de carros: locadoras quase dobram compras de ve\u00edculos no 2\u00aa trimestre\"\/><\/a><span class=\"spotlightCategory\"><a href=\"https:\/\/www.suno.com.br\/noticias\/negocios\/\">Neg\u00f3cios<\/a><\/span><\/div><div class=\"cardsPage__listCard__boxs__content\"><a href=\"https:\/\/www.suno.com.br\/noticias\/aluguel-de-carros-locadoras-dobram-veiculos\/\"><h2 class=\"content__title\">Aluguel de carros: locadoras quase dobram compras de ve\u00edculos no 2\u00aa trimestre<\/h2><\/a><div class=\"newsContent__article__meta\"><div class=\"newsContent__article__meta__authorBox\"><a href=\"https:\/\/www.suno.com.br\/noticias\/author\/wesley-santana\/\" class=\"authorBox__avatar noMobi\"><img src=\"https:\/\/secure.gravatar.com\/avatar\/ee1b4ea17db9dc2fc8c10c6dee7b3f79?s=96&#038;r=g\" alt=\"Wesley Santana\"><\/a><div class=\"authorBox__name\"><span>por\n\t\t\t<a href=\"https:\/\/www.suno.com.br\/noticias\/author\/wesley-santana\/\"><span itemprop=\"author\">Wesley Santana<\/span><\/a><\/span><time datetime=\"2022-08-23T22:20:00-03:00\" itemprop=\"datePublished\">23\/08\/2022 22:20<\/time><\/div><\/div><\/div><\/div><\/div>","single_layout":"posts","amp_enabled":true,"_links":{"self":[{"href":"https:\/\/www.suno.com.br\/noticias\/wp-json\/wp\/v2\/posts\/287991"}],"collection":[{"href":"https:\/\/www.suno.com.br\/noticias\/wp-json\/wp\/v2\/posts"}],"about":[{"href":"https:\/\/www.suno.com.br\/noticias\/wp-json\/wp\/v2\/types\/post"}],"author":[{"embeddable":true,"href":"https:\/\/www.suno.com.br\/noticias\/wp-json\/wp\/v2\/users\/198"}],"replies":[{"embeddable":true,"href":"https:\/\/www.suno.com.br\/noticias\/wp-json\/wp\/v2\/comments?post=287991"}],"version-history":[{"count":3,"href":"https:\/\/www.suno.com.br\/noticias\/wp-json\/wp\/v2\/posts\/287991\/revisions"}],"predecessor-version":[{"id":288488,"href":"https:\/\/www.suno.com.br\/noticias\/wp-json\/wp\/v2\/posts\/287991\/revisions\/288488"}],"wp:featuredmedia":[{"embeddable":true,"href":"https:\/\/www.suno.com.br\/noticias\/wp-json\/wp\/v2\/media\/130379"}],"wp:attachment":[{"href":"https:\/\/www.suno.com.br\/noticias\/wp-json\/wp\/v2\/media?parent=287991"}],"wp:term":[{"taxonomy":"category","embeddable":true,"href":"https:\/\/www.suno.com.br\/noticias\/wp-json\/wp\/v2\/categories?post=287991"},{"taxonomy":"post_tag","embeddable":true,"href":"https:\/\/www.suno.com.br\/noticias\/wp-json\/wp\/v2\/tags?post=287991"},{"taxonomy":"suno_strategy","embeddable":true,"href":"https:\/\/www.suno.com.br\/noticias\/wp-json\/wp\/v2\/suno_strategy?post=287991"}],"curies":[{"name":"wp","href":"https:\/\/api.w.org\/{rel}","templated":true}]}}