{"id":28788,"date":"2019-06-21T13:13:54","date_gmt":"2019-06-21T16:13:54","guid":{"rendered":"https:\/\/www.suno.com.br\/noticias\/?p=28788"},"modified":"2019-06-21T13:16:06","modified_gmt":"2019-06-21T16:16:06","slug":"gol-smiles-reajuste-precos-passagens","status":"publish","type":"post","link":"https:\/\/www.suno.com.br\/noticias\/gol-smiles-reajuste-precos-passagens\/","title":{"rendered":"Gol notifica Smiles sobre reajuste de pre\u00e7os de passagens e milhas"},"content":{"rendered":"<p>A <strong>Gol<\/strong> (GOLL4) notificou formalmente a Smiles\u00a0(SMLS3) nesta sexta-feira (21) sobre sua inten\u00e7\u00e3o de\u00a0reajustar pre\u00e7os das passagens padr\u00e3o e milhas entre as duas empresas. A <strong>companhia a\u00e9rea<\/strong> justificou a decis\u00e3o na base de\u00a0varia\u00e7\u00f5es na taxa de ocupa\u00e7\u00e3o m\u00e9dia dos voos.<\/p>\t<div class=\"wrapper-featured-image\">\n\t\t<figure class=\"spotlightImg\">\n\n\t\t\t<picture>\n\t\t\t\t<source media=\"(max-width: 768px)\" srcset=\"https:\/\/files.sunoresearch.com.br\/n\/uploads\/2019\/06\/6d0ccee2-gol-smiles-400x200.webp\">\n\t\t\t\t<img loading=\"lazy\" decoding=\"async\" class=\"newsContent__article__imgCapa lazyloadDisabled newsContent__article__imgCapa--noCaption\" src=\"https:\/\/files.sunoresearch.com.br\/n\/uploads\/2019\/06\/6d0ccee2-gol-smiles-png.webp\" width=\"800\" height=\"450\" alt=\"Gol notifica Smiles sobre reajuste de pre\u00e7os de passagens e milhas\" fetchpriority=high \/>\n\t\t\t<\/picture>\n\n\t\t\t<figcaption class=\"wp-caption-text wp-caption-text--hide\">Gol (GOLL4): Acionistas da Smiles solicitam R$ 1,6 bilh\u00e3o)<\/figcaption>\n\t\t<\/figure>\n\t<\/div>\n\n\n<p><a href=\"https:\/\/www.suno.com.br\/noticias\/gol-smiles-acordo-negociacoes\/\">Saiba mais: Gol e Smiles n\u00e3o t\u00eam acordo em negocia\u00e7\u00f5es de reestrutura\u00e7\u00e3o societ\u00e1ria\u00a0<\/a><\/p>\n<p>&#8220;A <strong>Smiles<\/strong> analisar\u00e1 os fundamentos do pedido apresentado pela <strong>Gol<\/strong> e iniciar\u00e1 o processo de atualiza\u00e7\u00e3o e c\u00e1lculo dos valores dos pre\u00e7os das passagens padr\u00e3o e milhas&#8221;, informou a Smiles.<\/p>\n\t<p>\n\t\t<a href=\"https:\/\/simulador-aposentadoria.suno.com.br\/?utm_source=suno-noticias&#038;utm_medium=banner&#038;utm_content=como-investir-para-aposentadoria-carteira-go&#038;utm_campaign=_SNC36CE4E9F_\" target=\"_blank\" data-element=\"shortcode-suno-banner\" title=\"Banner SUNO, clique e saiba mais\">\n\t\t\t<picture>\n\t\t\t\t<source media=\"(max-width: 500px)\" srcset=\"https:\/\/files.sunoresearch.com.br\/n\/uploads\/2025\/11\/400x300.webp\">\n\t\t\t\t<img class=\"newsContent__article__imgCapa newsContent__article__imgCapa--banner\"\n\t\t\t\t\tsrc=\"https:\/\/files.sunoresearch.com.br\/n\/uploads\/2025\/11\/1420x240.webp\"\n\t\t\t\t\tdata-promo-id=\"631530\"\t\t\t\t\t\t\t\t\t\twidth='1420' height='240'\t\t\t\t\talt=\"https:\/\/files.sunoresearch.com.br\/n\/uploads\/2025\/11\/1420x240.webp\"\n\t\t\t\t>\n\t\t\t<\/picture>\n\t\t<\/a>\n\t<\/p>\n\n\n<p>A administradora de programas de fidelidade explicou que, uma vez conclu\u00edda a atualiza\u00e7\u00e3o, eventuais reajustes ser\u00e3o submetidos \u00e0 aprova\u00e7\u00e3o de um comit\u00ea independente e a seu conselho de administra\u00e7\u00e3o.<\/p>\n<h2>Negocia\u00e7\u00f5es infrut\u00edferas<\/h2>\n<p>Na \u00faltima quarta-feira (19), a <strong>Gol<\/strong> tinha anunciado que n\u00e3o tinha alcan\u00e7ado um acordo com a <strong>Smiles.<\/strong> O\u00a0comit\u00ea de negocia\u00e7\u00e3o n\u00e3o conseguiu finalizar o processo de fus\u00e3o, iniciado h\u00e1 cinco meses. Por isso as negocia\u00e7\u00f5es foram encerradas.<\/p>\n<p><a href=\"https:\/\/www.suno.com.br\/noticias\/smiles-sem-acordo-gol-natura\/\">Saiba mais: Smiles cai 5% sem acordo com Gol; Natura avan\u00e7a com incentivo fiscal\u00a0<\/a><\/p>\n<p>O objetivo da companhia a\u00e9rea de unir as duas empresas foi anunciado pela primeira vez em outubro do ano passado.<\/p>\n\t<p>\n\t\t<a href=\"https:\/\/lp.statusinvest.com.br\/ao\/assessoria-status-invest\/\" target=\"_blank\" data-element=\"shortcode-suno-banner\" title=\"Banner SUNO, clique e saiba mais\">\n\t\t\t<picture>\n\t\t\t\t<source media=\"(max-width: 500px)\" srcset=\"https:\/\/files.sunoresearch.com.br\/n\/uploads\/2024\/03\/400x300-Mobile-1.png\">\n\t\t\t\t<img class=\"newsContent__article__imgCapa newsContent__article__imgCapa--banner\"\n\t\t\t\t\tsrc=\"https:\/\/files.sunoresearch.com.br\/n\/uploads\/2024\/03\/1420-x-240-Desktop.png\"\n\t\t\t\t\tdata-promo-id=\"537299\"\t\t\t\t\t\t\t\t\t\twidth='1420' height='250'\t\t\t\t\talt=\"https:\/\/files.sunoresearch.com.br\/n\/uploads\/2024\/03\/1420-x-240-Desktop.png\"\n\t\t\t\t>\n\t\t\t<\/picture>\n\t\t<\/a>\n\t<\/p>\n\n\n<p>&#8220;Ap\u00f3s cinco meses de estudos e negocia\u00e7\u00f5es envolvendo a <strong>Gol<\/strong> e o Comit\u00ea Independente da <strong>Smiles<\/strong> Fidelidade S.A., n\u00e3o foi atingido um acordo quanto aos termos para implementa\u00e7\u00e3o da reestrutura\u00e7\u00e3o societ\u00e1ria proposta&#8221;, afirmou a Gol em nota.<\/p>\n<h2>Declara\u00e7\u00f5es das empresas<\/h2>\n<p>No entanto, a <strong>Gol<\/strong> explicou que o fim das negocia\u00e7\u00f5es entre as empresas sobre a reestrutura\u00e7\u00e3o n\u00e3o altera a decis\u00e3o da companhia de n\u00e3o renovar com a <strong>Smiles<\/strong> o contrato operacional e o contrato de presta\u00e7\u00e3o de servi\u00e7os de back office. O contrato vence em 2023.<\/p>\n\t<p>\n\t\t<a href=\"https:\/\/lp.suno.com.br\/planilha-da-vida-financeira\/\" target=\"_blank\" data-element=\"shortcode-suno-banner\" title=\"Banner SUNO, clique e saiba mais\">\n\t\t\t<picture>\n\t\t\t\t<source media=\"(max-width: 500px)\" srcset=\"https:\/\/files.sunoresearch.com.br\/n\/uploads\/2023\/04\/400x300-Planilha-vida-financeira-true.png\">\n\t\t\t\t<img class=\"newsContent__article__imgCapa newsContent__article__imgCapa--banner\"\n\t\t\t\t\tsrc=\"https:\/\/files.sunoresearch.com.br\/n\/uploads\/2023\/04\/1420x240-Planilha-vida-financeira-true.png\"\n\t\t\t\t\tdata-promo-id=\"383123\"\t\t\t\t\t\t\t\t\t\twidth='1420' height='240'\t\t\t\t\talt=\"https:\/\/files.sunoresearch.com.br\/n\/uploads\/2023\/04\/1420x240-Planilha-vida-financeira-true.png\"\n\t\t\t\t>\n\t\t\t<\/picture>\n\t\t<\/a>\n\t<\/p>\n\n\n<p>&#8220;A <strong>Gol<\/strong> esclarece, ainda, que as suas expectativas operacionais e financeiras n\u00e3o s\u00e3o afetadas e, portanto, permanecem inalteradas pelo encerramento das negocia\u00e7\u00f5es, dado que nenhum dos benef\u00edcios operacionais e financeiros esperados da reorganiza\u00e7\u00e3o societ\u00e1ria foi implementado no seu plano de neg\u00f3cios&#8221;, confirma a companhia a\u00e9rea.<\/p>\n<p>Por sua vez, a administradora de programas de\u00a0fidelidades informou em comunicado que &#8220;est\u00e1 trabalhando na revis\u00e3o de seu planejamento estrat\u00e9gico de forma a refletir a decis\u00e3o da <strong>Gol<\/strong> de n\u00e3o renovar o contrato operacional e o atual cen\u00e1rio competitivo da ind\u00fastria em que a <strong>Smiles<\/strong> atua&#8221;.<\/p>\n<p><a href=\"https:\/\/www.suno.com.br\/noticias\/cade-avianca-slots-congonhas\/\">Saiba mais:\u00a0Cade preocupa-se com distribui\u00e7\u00e3o dos slots de Congonhas da Avianca<\/a><\/p>\n<p>A <strong>Smiles<\/strong> ainda salientou que o novo planejamento estrat\u00e9gico ser\u00e1 levado ao conselho de administra\u00e7\u00e3o para avalia\u00e7\u00e3o e ap\u00f3s isso o novo plano sera apresentado ao mercado.<\/p>\n","protected":false},"excerpt":{"rendered":"<p>A Gol (GOLL4) notificou formalmente a Smiles\u00a0(SMLS3) nesta sexta-feira (21) sobre sua inten\u00e7\u00e3o de\u00a0reajustar pre\u00e7os das passagens padr\u00e3o e milhas entre as duas empresas. A companhia a\u00e9rea justificou a decis\u00e3o na base de\u00a0varia\u00e7\u00f5es na taxa de ocupa\u00e7\u00e3o m\u00e9dia dos voos. Gol (GOLL4): Acionistas da Smiles solicitam R$ 1,6 bilh\u00e3o) Saiba mais: Gol e Smiles n\u00e3o [&hellip;]<\/p>\n","protected":false},"author":9,"featured_media":28795,"comment_status":"closed","ping_status":"closed","sticky":false,"template":"","format":"standard","meta":[],"categories":[64],"tags":[489,637],"suno_strategy":[],"class_list":["post-28788","post","type-post","status-publish","format-standard","has-post-thumbnail","hentry","category-negocios","tag-gol-linhas-aereas-goll11-goll4","tag-smiles-smls3"],"yoast_head":"<!-- This site is optimized with the Yoast SEO plugin v24.4 - https:\/\/yoast.com\/wordpress\/plugins\/seo\/ -->\n<title>Gol notifica Smiles sobre reajuste de pre\u00e7os de passagens e milhas<\/title>\n<meta name=\"description\" content=\"A Gol notificou formalmente a Smiles sua inten\u00e7\u00e3o de\u00a0reajustar pre\u00e7os das passagens padr\u00e3o e milhas.Clique aqui para saber mais.\" \/>\n<meta name=\"robots\" content=\"index, follow, max-snippet:-1, max-image-preview:large, max-video-preview:-1\" \/>\n<link rel=\"canonical\" href=\"https:\/\/www.suno.com.br\/noticias\/gol-smiles-reajuste-precos-passagens\/\" \/>\n<meta property=\"og:locale\" content=\"pt_BR\" \/>\n<meta property=\"og:type\" content=\"article\" \/>\n<meta property=\"og:title\" content=\"Gol notifica Smiles sobre reajuste de pre\u00e7os de passagens e milhas\" \/>\n<meta property=\"og:description\" content=\"A Gol notificou formalmente a Smiles sua inten\u00e7\u00e3o de\u00a0reajustar pre\u00e7os das passagens padr\u00e3o e milhas.Clique aqui para saber mais.\" \/>\n<meta property=\"og:url\" content=\"https:\/\/www.suno.com.br\/noticias\/gol-smiles-reajuste-precos-passagens\/\" \/>\n<meta property=\"og:site_name\" content=\"Suno Not\u00edcias\" \/>\n<meta property=\"article:publisher\" content=\"https:\/\/facebook.com\/sunoresearch\" \/>\n<meta property=\"og:image\" content=\"https:\/\/files.sunoresearch.com.br\/n\/uploads\/2019\/06\/6d0ccee2-gol-smiles.png\" \/>\n\t<meta property=\"og:image:width\" content=\"568\" \/>\n\t<meta property=\"og:image:height\" content=\"388\" \/>\n\t<meta property=\"og:image:type\" content=\"image\/png\" \/>\n<meta name=\"author\" content=\"Carlo Cauti\" \/>\n<meta name=\"twitter:card\" content=\"summary_large_image\" \/>\n<meta name=\"twitter:creator\" content=\"@sunoresearch\" \/>\n<meta name=\"twitter:site\" content=\"@sunoresearch\" \/>\n<meta name=\"twitter:label1\" content=\"Escrito por\" \/>\n\t<meta name=\"twitter:data1\" content=\"Carlo Cauti\" \/>\n\t<meta name=\"twitter:label2\" content=\"Est. tempo de leitura\" \/>\n\t<meta name=\"twitter:data2\" content=\"2 minutos\" \/>\n<script type=\"application\/ld+json\" class=\"yoast-schema-graph\">{\"@context\":\"https:\/\/schema.org\",\"@graph\":[{\"@type\":\"NewsArticle\",\"@id\":\"https:\/\/www.suno.com.br\/noticias\/gol-smiles-reajuste-precos-passagens\/#article\",\"isPartOf\":{\"@id\":\"https:\/\/www.suno.com.br\/noticias\/gol-smiles-reajuste-precos-passagens\/\"},\"author\":{\"name\":\"Carlo Cauti\",\"@id\":\"https:\/\/www.suno.com.br\/noticias\/#\/schema\/person\/e6e0f723cc177805027f4566c1d5e0c8\"},\"headline\":\"Gol notifica Smiles sobre reajuste de pre\u00e7os de passagens e milhas\",\"datePublished\":\"2019-06-21T16:13:54+00:00\",\"dateModified\":\"2019-06-21T16:16:06+00:00\",\"mainEntityOfPage\":{\"@id\":\"https:\/\/www.suno.com.br\/noticias\/gol-smiles-reajuste-precos-passagens\/\"},\"wordCount\":488,\"publisher\":{\"@id\":\"https:\/\/www.suno.com.br\/noticias\/#organization\"},\"image\":{\"@id\":\"https:\/\/www.suno.com.br\/noticias\/gol-smiles-reajuste-precos-passagens\/#primaryimage\"},\"thumbnailUrl\":\"https:\/\/files.sunoresearch.com.br\/n\/uploads\/2019\/06\/6d0ccee2-gol-smiles-png.webp\",\"keywords\":[\"Gol Linhas A\u00e9reas (GOLL11\/GOLL4)\",\"Smiles (SMLS3)\"],\"articleSection\":[\"Neg\u00f3cios\"],\"inLanguage\":\"pt-BR\"},{\"@type\":\"WebPage\",\"@id\":\"https:\/\/www.suno.com.br\/noticias\/gol-smiles-reajuste-precos-passagens\/\",\"url\":\"https:\/\/www.suno.com.br\/noticias\/gol-smiles-reajuste-precos-passagens\/\",\"name\":\"Gol notifica Smiles sobre reajuste de pre\u00e7os de passagens e milhas\",\"isPartOf\":{\"@id\":\"https:\/\/www.suno.com.br\/noticias\/#website\"},\"primaryImageOfPage\":{\"@id\":\"https:\/\/www.suno.com.br\/noticias\/gol-smiles-reajuste-precos-passagens\/#primaryimage\"},\"image\":{\"@id\":\"https:\/\/www.suno.com.br\/noticias\/gol-smiles-reajuste-precos-passagens\/#primaryimage\"},\"thumbnailUrl\":\"https:\/\/files.sunoresearch.com.br\/n\/uploads\/2019\/06\/6d0ccee2-gol-smiles-png.webp\",\"datePublished\":\"2019-06-21T16:13:54+00:00\",\"dateModified\":\"2019-06-21T16:16:06+00:00\",\"description\":\"A Gol notificou formalmente a Smiles sua inten\u00e7\u00e3o de\u00a0reajustar pre\u00e7os das passagens padr\u00e3o e milhas.Clique aqui para saber mais.\",\"breadcrumb\":{\"@id\":\"https:\/\/www.suno.com.br\/noticias\/gol-smiles-reajuste-precos-passagens\/#breadcrumb\"},\"inLanguage\":\"pt-BR\",\"potentialAction\":[{\"@type\":\"ReadAction\",\"target\":[\"https:\/\/www.suno.com.br\/noticias\/gol-smiles-reajuste-precos-passagens\/\"]}]},{\"@type\":\"ImageObject\",\"inLanguage\":\"pt-BR\",\"@id\":\"https:\/\/www.suno.com.br\/noticias\/gol-smiles-reajuste-precos-passagens\/#primaryimage\",\"url\":\"https:\/\/files.sunoresearch.com.br\/n\/uploads\/2019\/06\/6d0ccee2-gol-smiles-png.webp\",\"contentUrl\":\"https:\/\/files.sunoresearch.com.br\/n\/uploads\/2019\/06\/6d0ccee2-gol-smiles-png.webp\",\"width\":568,\"height\":388,\"caption\":\"Gol (GOLL4): Acionistas da Smiles solicitam R$ 1,6 bilh\u00e3o)\"},{\"@type\":\"BreadcrumbList\",\"@id\":\"https:\/\/www.suno.com.br\/noticias\/gol-smiles-reajuste-precos-passagens\/#breadcrumb\",\"itemListElement\":[{\"@type\":\"ListItem\",\"position\":1,\"name\":\"Not\u00edcias\",\"item\":\"https:\/\/www.suno.com.br\/noticias\/\"},{\"@type\":\"ListItem\",\"position\":2,\"name\":\"Neg\u00f3cios\",\"item\":\"https:\/\/www.suno.com.br\/noticias\/negocios\/\"},{\"@type\":\"ListItem\",\"position\":3,\"name\":\"Gol notifica Smiles sobre reajuste de pre\u00e7os de passagens e milhas\"}]},{\"@type\":\"WebSite\",\"@id\":\"https:\/\/www.suno.com.br\/noticias\/#website\",\"url\":\"https:\/\/www.suno.com.br\/noticias\/\",\"name\":\"Suno Not\u00edcias\",\"description\":\"Seu portal de informa\u00e7\u00e3o sobre o mundo dos investimentos\",\"publisher\":{\"@id\":\"https:\/\/www.suno.com.br\/noticias\/#organization\"},\"potentialAction\":[{\"@type\":\"SearchAction\",\"target\":{\"@type\":\"EntryPoint\",\"urlTemplate\":\"https:\/\/www.suno.com.br\/noticias\/?s={search_term_string}\"},\"query-input\":{\"@type\":\"PropertyValueSpecification\",\"valueRequired\":true,\"valueName\":\"search_term_string\"}}],\"inLanguage\":\"pt-BR\"},{\"@type\":\"Organization\",\"@id\":\"https:\/\/www.suno.com.br\/noticias\/#organization\",\"name\":\"Suno Not\u00edcias\",\"url\":\"https:\/\/www.suno.com.br\/noticias\/\",\"logo\":{\"@type\":\"ImageObject\",\"inLanguage\":\"pt-BR\",\"@id\":\"https:\/\/www.suno.com.br\/noticias\/#\/schema\/logo\/image\/\",\"url\":\"https:\/\/files.sunoresearch.com.br\/n\/uploads\/2021\/09\/suno-logo.png\",\"contentUrl\":\"https:\/\/files.sunoresearch.com.br\/n\/uploads\/2021\/09\/suno-logo.png\",\"width\":180,\"height\":180,\"caption\":\"Suno Not\u00edcias\"},\"image\":{\"@id\":\"https:\/\/www.suno.com.br\/noticias\/#\/schema\/logo\/image\/\"},\"sameAs\":[\"https:\/\/facebook.com\/sunoresearch\",\"https:\/\/x.com\/sunoresearch\",\"https:\/\/www.instagram.com\/suno\",\"https:\/\/www.linkedin.com\/company\/suno-research\/\",\"https:\/\/www.youtube.com\/c\/sunoresearch\"]},{\"@type\":\"Person\",\"@id\":\"https:\/\/www.suno.com.br\/noticias\/#\/schema\/person\/e6e0f723cc177805027f4566c1d5e0c8\",\"name\":\"Carlo Cauti\",\"image\":{\"@type\":\"ImageObject\",\"inLanguage\":\"pt-BR\",\"@id\":\"https:\/\/www.suno.com.br\/noticias\/#\/schema\/person\/image\/\",\"url\":\"https:\/\/secure.gravatar.com\/avatar\/3ada9e0bd164c23abd4792a9606d583c?s=96&r=g\",\"contentUrl\":\"https:\/\/secure.gravatar.com\/avatar\/3ada9e0bd164c23abd4792a9606d583c?s=96&r=g\",\"caption\":\"Carlo Cauti\"},\"description\":\"Editor multim\u00eddia do SUNO Not\u00edcias. Italiano, formado em Ci\u00eancias Pol\u00edticas pela universidade LUISS G. Carli de Roma e mestre cum laude em Rela\u00e7\u00f5es Internacionais, Jornalismo Internacional e de Guerra e em Economia Internacional. Concluiu tamb\u00e9m um MBA em Finan\u00e7as na B3. No Brasil, teve passagem por ve\u00edculos como Estad\u00e3o, Globo, Veja e EXAME. e nas ag\u00eancias de not\u00edcias italianas ANSA e NOVA.\",\"url\":\"https:\/\/www.suno.com.br\/noticias\/author\/carlo-cauti\/\"}]}<\/script>\n<!-- \/ Yoast SEO plugin. -->","yoast_head_json":{"title":"Gol notifica Smiles sobre reajuste de pre\u00e7os de passagens e milhas","description":"A Gol notificou formalmente a Smiles sua inten\u00e7\u00e3o de\u00a0reajustar pre\u00e7os das passagens padr\u00e3o e milhas.Clique aqui para saber mais.","robots":{"index":"index","follow":"follow","max-snippet":"max-snippet:-1","max-image-preview":"max-image-preview:large","max-video-preview":"max-video-preview:-1"},"canonical":"https:\/\/www.suno.com.br\/noticias\/gol-smiles-reajuste-precos-passagens\/","og_locale":"pt_BR","og_type":"article","og_title":"Gol notifica Smiles sobre reajuste de pre\u00e7os de passagens e milhas","og_description":"A Gol notificou formalmente a Smiles sua inten\u00e7\u00e3o de\u00a0reajustar pre\u00e7os das passagens padr\u00e3o e milhas.Clique aqui para saber mais.","og_url":"https:\/\/www.suno.com.br\/noticias\/gol-smiles-reajuste-precos-passagens\/","og_site_name":"Suno Not\u00edcias","article_publisher":"https:\/\/facebook.com\/sunoresearch","og_image":[{"width":568,"height":388,"url":"https:\/\/files.sunoresearch.com.br\/n\/uploads\/2019\/06\/6d0ccee2-gol-smiles.png","type":"image\/png"}],"author":"Carlo Cauti","twitter_card":"summary_large_image","twitter_creator":"@sunoresearch","twitter_site":"@sunoresearch","twitter_misc":{"Escrito por":"Carlo Cauti","Est. tempo de leitura":"2 minutos"},"schema":{"@context":"https:\/\/schema.org","@graph":[{"@type":"NewsArticle","@id":"https:\/\/www.suno.com.br\/noticias\/gol-smiles-reajuste-precos-passagens\/#article","isPartOf":{"@id":"https:\/\/www.suno.com.br\/noticias\/gol-smiles-reajuste-precos-passagens\/"},"author":{"name":"Carlo Cauti","@id":"https:\/\/www.suno.com.br\/noticias\/#\/schema\/person\/e6e0f723cc177805027f4566c1d5e0c8"},"headline":"Gol notifica Smiles sobre reajuste de pre\u00e7os de passagens e milhas","datePublished":"2019-06-21T16:13:54+00:00","dateModified":"2019-06-21T16:16:06+00:00","mainEntityOfPage":{"@id":"https:\/\/www.suno.com.br\/noticias\/gol-smiles-reajuste-precos-passagens\/"},"wordCount":488,"publisher":{"@id":"https:\/\/www.suno.com.br\/noticias\/#organization"},"image":{"@id":"https:\/\/www.suno.com.br\/noticias\/gol-smiles-reajuste-precos-passagens\/#primaryimage"},"thumbnailUrl":"https:\/\/files.sunoresearch.com.br\/n\/uploads\/2019\/06\/6d0ccee2-gol-smiles-png.webp","keywords":["Gol Linhas A\u00e9reas (GOLL11\/GOLL4)","Smiles (SMLS3)"],"articleSection":["Neg\u00f3cios"],"inLanguage":"pt-BR"},{"@type":"WebPage","@id":"https:\/\/www.suno.com.br\/noticias\/gol-smiles-reajuste-precos-passagens\/","url":"https:\/\/www.suno.com.br\/noticias\/gol-smiles-reajuste-precos-passagens\/","name":"Gol notifica Smiles sobre reajuste de pre\u00e7os de passagens e milhas","isPartOf":{"@id":"https:\/\/www.suno.com.br\/noticias\/#website"},"primaryImageOfPage":{"@id":"https:\/\/www.suno.com.br\/noticias\/gol-smiles-reajuste-precos-passagens\/#primaryimage"},"image":{"@id":"https:\/\/www.suno.com.br\/noticias\/gol-smiles-reajuste-precos-passagens\/#primaryimage"},"thumbnailUrl":"https:\/\/files.sunoresearch.com.br\/n\/uploads\/2019\/06\/6d0ccee2-gol-smiles-png.webp","datePublished":"2019-06-21T16:13:54+00:00","dateModified":"2019-06-21T16:16:06+00:00","description":"A Gol notificou formalmente a Smiles sua inten\u00e7\u00e3o de\u00a0reajustar pre\u00e7os das passagens padr\u00e3o e milhas.Clique aqui para saber mais.","breadcrumb":{"@id":"https:\/\/www.suno.com.br\/noticias\/gol-smiles-reajuste-precos-passagens\/#breadcrumb"},"inLanguage":"pt-BR","potentialAction":[{"@type":"ReadAction","target":["https:\/\/www.suno.com.br\/noticias\/gol-smiles-reajuste-precos-passagens\/"]}]},{"@type":"ImageObject","inLanguage":"pt-BR","@id":"https:\/\/www.suno.com.br\/noticias\/gol-smiles-reajuste-precos-passagens\/#primaryimage","url":"https:\/\/files.sunoresearch.com.br\/n\/uploads\/2019\/06\/6d0ccee2-gol-smiles-png.webp","contentUrl":"https:\/\/files.sunoresearch.com.br\/n\/uploads\/2019\/06\/6d0ccee2-gol-smiles-png.webp","width":568,"height":388,"caption":"Gol (GOLL4): Acionistas da Smiles solicitam R$ 1,6 bilh\u00e3o)"},{"@type":"BreadcrumbList","@id":"https:\/\/www.suno.com.br\/noticias\/gol-smiles-reajuste-precos-passagens\/#breadcrumb","itemListElement":[{"@type":"ListItem","position":1,"name":"Not\u00edcias","item":"https:\/\/www.suno.com.br\/noticias\/"},{"@type":"ListItem","position":2,"name":"Neg\u00f3cios","item":"https:\/\/www.suno.com.br\/noticias\/negocios\/"},{"@type":"ListItem","position":3,"name":"Gol notifica Smiles sobre reajuste de pre\u00e7os de passagens e milhas"}]},{"@type":"WebSite","@id":"https:\/\/www.suno.com.br\/noticias\/#website","url":"https:\/\/www.suno.com.br\/noticias\/","name":"Suno Not\u00edcias","description":"Seu portal de informa\u00e7\u00e3o sobre o mundo dos investimentos","publisher":{"@id":"https:\/\/www.suno.com.br\/noticias\/#organization"},"potentialAction":[{"@type":"SearchAction","target":{"@type":"EntryPoint","urlTemplate":"https:\/\/www.suno.com.br\/noticias\/?s={search_term_string}"},"query-input":{"@type":"PropertyValueSpecification","valueRequired":true,"valueName":"search_term_string"}}],"inLanguage":"pt-BR"},{"@type":"Organization","@id":"https:\/\/www.suno.com.br\/noticias\/#organization","name":"Suno Not\u00edcias","url":"https:\/\/www.suno.com.br\/noticias\/","logo":{"@type":"ImageObject","inLanguage":"pt-BR","@id":"https:\/\/www.suno.com.br\/noticias\/#\/schema\/logo\/image\/","url":"https:\/\/files.sunoresearch.com.br\/n\/uploads\/2021\/09\/suno-logo.png","contentUrl":"https:\/\/files.sunoresearch.com.br\/n\/uploads\/2021\/09\/suno-logo.png","width":180,"height":180,"caption":"Suno Not\u00edcias"},"image":{"@id":"https:\/\/www.suno.com.br\/noticias\/#\/schema\/logo\/image\/"},"sameAs":["https:\/\/facebook.com\/sunoresearch","https:\/\/x.com\/sunoresearch","https:\/\/www.instagram.com\/suno","https:\/\/www.linkedin.com\/company\/suno-research\/","https:\/\/www.youtube.com\/c\/sunoresearch"]},{"@type":"Person","@id":"https:\/\/www.suno.com.br\/noticias\/#\/schema\/person\/e6e0f723cc177805027f4566c1d5e0c8","name":"Carlo Cauti","image":{"@type":"ImageObject","inLanguage":"pt-BR","@id":"https:\/\/www.suno.com.br\/noticias\/#\/schema\/person\/image\/","url":"https:\/\/secure.gravatar.com\/avatar\/3ada9e0bd164c23abd4792a9606d583c?s=96&r=g","contentUrl":"https:\/\/secure.gravatar.com\/avatar\/3ada9e0bd164c23abd4792a9606d583c?s=96&r=g","caption":"Carlo Cauti"},"description":"Editor multim\u00eddia do SUNO Not\u00edcias. Italiano, formado em Ci\u00eancias Pol\u00edticas pela universidade LUISS G. Carli de Roma e mestre cum laude em Rela\u00e7\u00f5es Internacionais, Jornalismo Internacional e de Guerra e em Economia Internacional. Concluiu tamb\u00e9m um MBA em Finan\u00e7as na B3. No Brasil, teve passagem por ve\u00edculos como Estad\u00e3o, Globo, Veja e EXAME. e nas ag\u00eancias de not\u00edcias italianas ANSA e NOVA.","url":"https:\/\/www.suno.com.br\/noticias\/author\/carlo-cauti\/"}]}},"default_loop_html":"<div class=\"cardsPage__listCard__boxs\"><div class=\"cardsPage__listCard__boxs__img\"><a href=\"https:\/\/www.suno.com.br\/noticias\/gol-smiles-reajuste-precos-passagens\/\"><img class=\"mask\" src=\"https:\/\/www.suno.com.br\/noticias\/wp-content\/themes\/suno\/resources\/images\/spotlight\/spotlight1img\/bg-mask.png\" alt=\"Image Mask\"\/><img src=\"https:\/\/files.sunoresearch.com.br\/n\/uploads\/2019\/06\/6d0ccee2-gol-smiles-400x200.webp\" alt=\"Gol notifica Smiles sobre reajuste de pre\u00e7os de passagens e milhas\"\/><\/a><span class=\"spotlightCategory\"><a href=\"https:\/\/www.suno.com.br\/noticias\/negocios\/\">Neg\u00f3cios<\/a><\/span><\/div><div class=\"cardsPage__listCard__boxs__content\"><a href=\"https:\/\/www.suno.com.br\/noticias\/gol-smiles-reajuste-precos-passagens\/\"><h2 class=\"content__title\">Gol notifica Smiles sobre reajuste de pre\u00e7os de passagens e milhas<\/h2><\/a><div class=\"newsContent__article__meta\"><div class=\"newsContent__article__meta__authorBox\"><a href=\"https:\/\/www.suno.com.br\/noticias\/author\/carlo-cauti\/\" class=\"authorBox__avatar noMobi\"><img src=\"https:\/\/files.sunoresearch.com.br\/n\/uploads\/2020\/08\/e3745f9a-perfil-carlo-cauti-150x150.webp\" alt=\"Carlo Cauti\"><\/a><div class=\"authorBox__name\"><span>por\n\t\t\t<a href=\"https:\/\/www.suno.com.br\/noticias\/author\/carlo-cauti\/\"><span itemprop=\"author\">Carlo Cauti<\/span><\/a><\/span><time datetime=\"2019-06-21T13:13:54-03:00\" itemprop=\"datePublished\">21\/06\/2019 13:13<\/time><\/div><\/div><\/div><\/div><\/div>","single_layout":"posts","amp_enabled":true,"_links":{"self":[{"href":"https:\/\/www.suno.com.br\/noticias\/wp-json\/wp\/v2\/posts\/28788"}],"collection":[{"href":"https:\/\/www.suno.com.br\/noticias\/wp-json\/wp\/v2\/posts"}],"about":[{"href":"https:\/\/www.suno.com.br\/noticias\/wp-json\/wp\/v2\/types\/post"}],"author":[{"embeddable":true,"href":"https:\/\/www.suno.com.br\/noticias\/wp-json\/wp\/v2\/users\/9"}],"replies":[{"embeddable":true,"href":"https:\/\/www.suno.com.br\/noticias\/wp-json\/wp\/v2\/comments?post=28788"}],"version-history":[{"count":0,"href":"https:\/\/www.suno.com.br\/noticias\/wp-json\/wp\/v2\/posts\/28788\/revisions"}],"wp:featuredmedia":[{"embeddable":true,"href":"https:\/\/www.suno.com.br\/noticias\/wp-json\/wp\/v2\/media\/28795"}],"wp:attachment":[{"href":"https:\/\/www.suno.com.br\/noticias\/wp-json\/wp\/v2\/media?parent=28788"}],"wp:term":[{"taxonomy":"category","embeddable":true,"href":"https:\/\/www.suno.com.br\/noticias\/wp-json\/wp\/v2\/categories?post=28788"},{"taxonomy":"post_tag","embeddable":true,"href":"https:\/\/www.suno.com.br\/noticias\/wp-json\/wp\/v2\/tags?post=28788"},{"taxonomy":"suno_strategy","embeddable":true,"href":"https:\/\/www.suno.com.br\/noticias\/wp-json\/wp\/v2\/suno_strategy?post=28788"}],"curies":[{"name":"wp","href":"https:\/\/api.w.org\/{rel}","templated":true}]}}