{"id":287820,"date":"2022-08-22T20:25:13","date_gmt":"2022-08-22T23:25:13","guid":{"rendered":"https:\/\/www.suno.com.br\/noticias\/?p=287820"},"modified":"2022-08-22T20:25:13","modified_gmt":"2022-08-22T23:25:13","slug":"bradesco-bbdc4-banco-safra-eleva-preco-alvo","status":"publish","type":"post","link":"https:\/\/www.suno.com.br\/noticias\/bradesco-bbdc4-banco-safra-eleva-preco-alvo\/","title":{"rendered":"Bradesco (BBDC4): Banco Safra ajusta as estimativas e eleva pre\u00e7o-alvo: &#8220;N\u00fameros s\u00f3lidos&#8221;"},"content":{"rendered":"<p>O Banco Safra ajustou as estimativas para o <a class=\"suno-keyword\" href=\"https:\/\/www.suno.com.br\/acoes\/BBDC4\/\" target=\"_blank\" rel=\"noopener\" data-force=\"yes\" data-priority=\"2\"><strong>Bradesco<\/strong> (BBDC4)<\/a>, com a incorpora\u00e7\u00e3o dos resultados do segundo trimestre de 2022 (2T22).<\/p>\t<div class=\"wrapper-featured-image\">\n\t\t<figure class=\"spotlightImg\">\n\n\t\t\t<picture>\n\t\t\t\t<source media=\"(max-width: 768px)\" srcset=\"https:\/\/files.sunoresearch.com.br\/n\/uploads\/2021\/02\/4f63b4b8-1200px-bradesco_-_rua_das_laranjeiras_no_233-400x200.webp\">\n\t\t\t\t<img loading=\"lazy\" decoding=\"async\" class=\"newsContent__article__imgCapa lazyloadDisabled \" src=\"https:\/\/files.sunoresearch.com.br\/n\/uploads\/2021\/02\/4f63b4b8-1200px-bradesco_-_rua_das_laranjeiras_no_233-800x450.webp\" width=\"800\" height=\"450\" alt=\"Bradesco (BBDC4): Banco Safra ajusta as estimativas e eleva pre\u00e7o-alvo: &#8220;N\u00fameros s\u00f3lidos&#8221;\" fetchpriority=high \/>\n\t\t\t<\/picture>\n\n\t\t\t<figcaption class=\"wp-caption-text wp-caption-text--show\">Bradesco - Foto: Reprodu\u00e7\u00e3o<\/figcaption>\n\t\t<\/figure>\n\t<\/div>\n\n\n\t<p>\n\t\t<a href=\"\" target=\"_blank\" data-element=\"shortcode-suno-banner\" title=\"Banner SUNO, clique e saiba mais\">\n\t\t\t<picture>\n\t\t\t\t<source media=\"(max-width: 500px)\" srcset=\"\">\n\t\t\t\t<img class=\"newsContent__article__imgCapa newsContent__article__imgCapa--banner\"\n\t\t\t\t\tsrc=\"\"\n\t\t\t\t\tdata-promo-id=\"138420\"\t\t\t\t\t\t\t\t\t\t\t\t\t\t\talt=\"\"\n\t\t\t\t>\n\t\t\t<\/picture>\n\t\t<\/a>\n\t<\/p>\n\n\n<p>Os analistas decidiram elevar o <a class=\"suno-keyword\" href=\"https:\/\/www.suno.com.br\/artigos\/preco-alvo\/\" target=\"_blank\" rel=\"noopener\" data-force=\"no\" data-priority=\"1\">pre\u00e7o alvo<\/a> para as\u00a0<strong>a\u00e7\u00f5es do Bradesco<\/strong>, indo de R$ 26 para R$ 28 em 2023, reiterando a recomenda\u00e7\u00e3o de compra. A previs\u00e3o do Safra \u00e9 que as <a class=\"suno-keyword\" href=\"https:\/\/www.suno.com.br\/artigos\/acoes-preferenciais\/\" target=\"_blank\" rel=\"noopener\" data-force=\"no\" data-priority=\"1\">a\u00e7\u00f5es preferenciais<\/a> ser\u00e3o negociadas a P\/E 2023 de 9,5 vezes e P\/BV de 1,8 vez.<\/p>\n<p>&#8220;O banco registrou s\u00f3lido crescimento no volume de empr\u00e9stimos, boa recupera\u00e7\u00e3o nos resultados de Seguros, apesar da ligeira deteriora\u00e7\u00e3o da qualidade do cr\u00e9dito&#8221;, diz o relat\u00f3rio do Safra. &#8220;Esperamos que o Bradesco continue apresentando n\u00fameros s\u00f3lidos para volumes de empr\u00e9stimos e NII (renda l\u00edquida com juros), enquanto ainda vemos bom espa\u00e7o para expans\u00e3o nos resultados dos Seguros, o que deve levar o Bradesco a sustentar uma rentabilidade pr\u00f3xima a 18%.&#8221;<\/p>\n<p>Apesar de uma vis\u00e3o mais positiva para o banco, os analistas fizeram um corte marginal para as estimativas de <strong><a class=\"suno-keyword\" href=\"https:\/\/www.suno.com.br\/artigos\/lucro-liquido\/\" target=\"_blank\" rel=\"noopener\" data-force=\"no\" data-priority=\"1\">lucro l\u00edquido<\/a> do Bradesco<\/strong>, para R$ 28,4 bilh\u00f5es, ap\u00f3s o corte de expectativas da NII em -1% em 2022, \u201cprincipalmente incorporando o impacto de juros mais altos, o que nos leva a reduzir significativamente a NII com os n\u00fameros de mercado para 2022\u201d, de acordo com o relat\u00f3rio.<\/p>\n<p>Por outro lado, o Safra mant\u00e9m uma vis\u00e3o construtiva de NII com os clientes (R$ 68,3 bilh\u00f5es para 2022), superando o topo do guidance, que estava entre 18 e 22%.<\/p>\n<p>Na vis\u00e3o dos analistas, o n\u00famero reflete s\u00f3lido volume de empr\u00e9stimos expans\u00e3o de 12,3% no ano, din\u00e2mica de spread e mix (crescendo especialmente em cr\u00e9dito mais arriscado linhas no segmento individual).<\/p>\n\t<p>\n\t\t<a href=\"https:\/\/lp.suno.com.br\/planilha-controle-gastos\/\" target=\"_blank\" data-element=\"shortcode-suno-banner\" title=\"Banner SUNO, clique e saiba mais\">\n\t\t\t<picture>\n\t\t\t\t<source media=\"(max-width: 500px)\" srcset=\"https:\/\/files.sunoresearch.com.br\/n\/uploads\/2023\/03\/400x300-Planilha-controle-de-gastos.png\">\n\t\t\t\t<img class=\"newsContent__article__imgCapa newsContent__article__imgCapa--banner\"\n\t\t\t\t\tsrc=\"https:\/\/files.sunoresearch.com.br\/n\/uploads\/2023\/03\/1420x240-Planilha-controle-de-gastos.png\"\n\t\t\t\t\tdata-promo-id=\"101751\"\t\t\t\t\t\t\t\t\t\twidth='1420' height='240'\t\t\t\t\talt=\"https:\/\/files.sunoresearch.com.br\/n\/uploads\/2023\/03\/1420x240-Planilha-controle-de-gastos.png\"\n\t\t\t\t>\n\t\t\t<\/picture>\n\t\t<\/a>\n\t<\/p>\n\n\n<p>&#8220;\u00c9 prov\u00e1vel que o custo do cr\u00e9dito continue a aumentar, ap\u00f3s esta din\u00e2mica de crescimento do cr\u00e9dito e ligeira deteriora\u00e7\u00e3o da qualidade do cr\u00e9dito (e ap\u00f3s o Cr\u00e9dito n\u00e3o produtivo (<a href=\"https:\/\/www.suno.com.br\/artigos\/npl\/\">NPL<\/a>), ou cr\u00e9dito n\u00e3o produtivo, recente acima de 90 dias)&#8221;, afirma o texto. Portanto, a expectativa sobre a provis\u00e3o para cr\u00e9ditos de liquida\u00e7\u00e3o duvidosa provis\u00f5es no topo do <em>guidance<\/em> (em R$ 21,3 bilh\u00f5es).<\/p>\n<p>Os analistas estimam, desta forma, que os NPLs acima de 90 dias encerrarem 2022 em 3,7%, 20 bps acima do modelo anterior.<\/p>\n<h2>Dividendos do Bradesco<\/h2>\n<p>Os analistas do Banco Safra ressaltam que, com a altera\u00e7\u00e3o no pre\u00e7o-alvo, h\u00e1 um desconto dos <strong><a href=\"https:\/\/www.suno.com.br\/guias\/dividendos\/\">dividendos<\/a> do Bradesco<\/strong>\u00a0de 13,8% e crescimento perp\u00e9tuo de 5,5%.<\/p>\n<p>&#8220;Esperamos que o Bradesco tenha um <strong>payout<\/strong> de 40% em 2022 e 2023, representando um <em>dividend yield<\/em> de 5,4% e 6,1%, respectivamente&#8221;, afirmam.<\/p>\n<p>Com os novos n\u00fameros do Safra, o Bradesco est\u00e1 ligeiramente abaixo de seus pares &#8212; sendo a m\u00e9dia 7,0 vezes e o Bradesco com P\/E de 6,6 vezes.<\/p>\n<p>&#8220;Ainda temos alguma preocupa\u00e7\u00e3o com uma eventual qualidade de cr\u00e9dito deteriora\u00e7\u00e3o, que \u00e9 o principal risco para nossa tese. Mas, por enquanto, tais riscos s\u00e3o bastante sob controle a nosso ver&#8221;, aponta o texto.<\/p>\n<h2>Cota\u00e7\u00e3o<\/h2>\n<p>As a\u00e7\u00f5es do\u00a0<strong>Bradesco<\/strong> encerraram o preg\u00e3o desta segunda-feira (22) em queda de 1,38%, cotadas a R$ 19,34. No ano, acumulam perdas de 1,78%.<\/p>\n\t<p>\n\t\t<a href=\"https:\/\/lp.suno.com.br\/planilha-da-vida-financeira\/\" target=\"_blank\" data-element=\"shortcode-suno-banner\" title=\"Banner SUNO, clique e saiba mais\">\n\t\t\t<picture>\n\t\t\t\t<source media=\"(max-width: 500px)\" srcset=\"https:\/\/files.sunoresearch.com.br\/n\/uploads\/2023\/04\/400x300-Planilha-vida-financeira-true.png\">\n\t\t\t\t<img class=\"newsContent__article__imgCapa newsContent__article__imgCapa--banner\"\n\t\t\t\t\tsrc=\"https:\/\/files.sunoresearch.com.br\/n\/uploads\/2023\/04\/1420x240-Planilha-vida-financeira-true.png\"\n\t\t\t\t\tdata-promo-id=\"106682\"\t\t\t\t\t\t\t\t\t\twidth='1420' height='240'\t\t\t\t\talt=\"https:\/\/files.sunoresearch.com.br\/n\/uploads\/2023\/04\/1420x240-Planilha-vida-financeira-true.png\"\n\t\t\t\t>\n\t\t\t<\/picture>\n\t\t<\/a>\n\t<\/p>\n\n\n","protected":false},"excerpt":{"rendered":"<p>O Banco Safra ajustou as estimativas para o Bradesco (BBDC4), com a incorpora\u00e7\u00e3o dos resultados do segundo trimestre de 2022 (2T22). Bradesco &#8211; Foto: Reprodu\u00e7\u00e3o Os analistas decidiram elevar o pre\u00e7o alvo para as\u00a0a\u00e7\u00f5es do Bradesco, indo de R$ 26 para R$ 28 em 2023, reiterando a recomenda\u00e7\u00e3o de compra. A previs\u00e3o do Safra \u00e9 [&hellip;]<\/p>\n","protected":false},"author":146,"featured_media":118691,"comment_status":"closed","ping_status":"closed","sticky":false,"template":"","format":"standard","meta":[],"categories":[64],"tags":[1518,392,105816],"suno_strategy":[],"class_list":["post-287820","post","type-post","status-publish","format-standard","has-post-thumbnail","hentry","category-negocios","tag-banco-safra","tag-bradesco-bbdc3-bbdc4","tag-especialistas"],"yoast_head":"<!-- This site is optimized with the Yoast SEO plugin v24.4 - https:\/\/yoast.com\/wordpress\/plugins\/seo\/ -->\n<title>Bradesco (BBDC4): Banco Safra ajusta as estimativas e eleva pre\u00e7o-alvo<\/title>\n<meta name=\"description\" content=\"O Banco Safra ajustou recentemente suas estimativas e proje\u00e7\u00f5es para o Bradesco (BBDC4), incorporando os resultados do 2T22.\" \/>\n<meta name=\"robots\" content=\"index, follow, max-snippet:-1, max-image-preview:large, max-video-preview:-1\" \/>\n<link rel=\"canonical\" href=\"https:\/\/www.suno.com.br\/noticias\/bradesco-bbdc4-banco-safra-eleva-preco-alvo\/\" \/>\n<meta property=\"og:locale\" content=\"pt_BR\" \/>\n<meta property=\"og:type\" content=\"article\" \/>\n<meta property=\"og:title\" content=\"Bradesco (BBDC4): Banco Safra ajusta as estimativas e eleva pre\u00e7o-alvo\" \/>\n<meta property=\"og:description\" content=\"O Banco Safra ajustou recentemente suas estimativas e proje\u00e7\u00f5es para o Bradesco (BBDC4), incorporando os resultados do 2T22.\" \/>\n<meta property=\"og:url\" content=\"https:\/\/www.suno.com.br\/noticias\/bradesco-bbdc4-banco-safra-eleva-preco-alvo\/\" \/>\n<meta property=\"og:site_name\" content=\"Suno Not\u00edcias\" \/>\n<meta property=\"article:publisher\" content=\"https:\/\/facebook.com\/sunoresearch\" \/>\n<meta property=\"og:image\" content=\"https:\/\/files.sunoresearch.com.br\/n\/uploads\/2021\/02\/4f63b4b8-1200px-bradesco_-_rua_das_laranjeiras_no_233.jpg\" \/>\n\t<meta property=\"og:image:width\" content=\"1200\" \/>\n\t<meta property=\"og:image:height\" content=\"900\" \/>\n\t<meta property=\"og:image:type\" content=\"image\/jpeg\" \/>\n<meta name=\"author\" content=\"Vict\u00f3ria Anhesini\" \/>\n<meta name=\"twitter:card\" content=\"summary_large_image\" \/>\n<meta name=\"twitter:creator\" content=\"@sunoresearch\" \/>\n<meta name=\"twitter:site\" content=\"@sunoresearch\" \/>\n<meta name=\"twitter:label1\" content=\"Escrito por\" \/>\n\t<meta name=\"twitter:data1\" content=\"Vict\u00f3ria Anhesini\" \/>\n\t<meta name=\"twitter:label2\" content=\"Est. tempo de leitura\" \/>\n\t<meta name=\"twitter:data2\" content=\"3 minutos\" \/>\n<script type=\"application\/ld+json\" class=\"yoast-schema-graph\">{\"@context\":\"https:\/\/schema.org\",\"@graph\":[{\"@type\":\"NewsArticle\",\"@id\":\"https:\/\/www.suno.com.br\/noticias\/bradesco-bbdc4-banco-safra-eleva-preco-alvo\/#article\",\"isPartOf\":{\"@id\":\"https:\/\/www.suno.com.br\/noticias\/bradesco-bbdc4-banco-safra-eleva-preco-alvo\/\"},\"author\":{\"name\":\"Vict\u00f3ria Anhesini\",\"@id\":\"https:\/\/www.suno.com.br\/noticias\/#\/schema\/person\/46d847cb19ad53fde0857adca989c23f\"},\"headline\":\"Bradesco (BBDC4): Banco Safra ajusta as estimativas e eleva pre\u00e7o-alvo: &#8220;N\u00fameros s\u00f3lidos&#8221;\",\"datePublished\":\"2022-08-22T23:25:13+00:00\",\"mainEntityOfPage\":{\"@id\":\"https:\/\/www.suno.com.br\/noticias\/bradesco-bbdc4-banco-safra-eleva-preco-alvo\/\"},\"wordCount\":545,\"publisher\":{\"@id\":\"https:\/\/www.suno.com.br\/noticias\/#organization\"},\"image\":{\"@id\":\"https:\/\/www.suno.com.br\/noticias\/bradesco-bbdc4-banco-safra-eleva-preco-alvo\/#primaryimage\"},\"thumbnailUrl\":\"https:\/\/files.sunoresearch.com.br\/n\/uploads\/2021\/02\/4f63b4b8-1200px-bradesco_-_rua_das_laranjeiras_no_233-jpg.webp\",\"keywords\":[\"Banco Safra\",\"Bradesco (BBDC3\/BBDC4)\",\"Especialistas\"],\"articleSection\":[\"Neg\u00f3cios\"],\"inLanguage\":\"pt-BR\"},{\"@type\":\"WebPage\",\"@id\":\"https:\/\/www.suno.com.br\/noticias\/bradesco-bbdc4-banco-safra-eleva-preco-alvo\/\",\"url\":\"https:\/\/www.suno.com.br\/noticias\/bradesco-bbdc4-banco-safra-eleva-preco-alvo\/\",\"name\":\"Bradesco (BBDC4): Banco Safra ajusta as estimativas e eleva pre\u00e7o-alvo\",\"isPartOf\":{\"@id\":\"https:\/\/www.suno.com.br\/noticias\/#website\"},\"primaryImageOfPage\":{\"@id\":\"https:\/\/www.suno.com.br\/noticias\/bradesco-bbdc4-banco-safra-eleva-preco-alvo\/#primaryimage\"},\"image\":{\"@id\":\"https:\/\/www.suno.com.br\/noticias\/bradesco-bbdc4-banco-safra-eleva-preco-alvo\/#primaryimage\"},\"thumbnailUrl\":\"https:\/\/files.sunoresearch.com.br\/n\/uploads\/2021\/02\/4f63b4b8-1200px-bradesco_-_rua_das_laranjeiras_no_233-jpg.webp\",\"datePublished\":\"2022-08-22T23:25:13+00:00\",\"description\":\"O Banco Safra ajustou recentemente suas estimativas e proje\u00e7\u00f5es para o Bradesco (BBDC4), incorporando os resultados do 2T22.\",\"breadcrumb\":{\"@id\":\"https:\/\/www.suno.com.br\/noticias\/bradesco-bbdc4-banco-safra-eleva-preco-alvo\/#breadcrumb\"},\"inLanguage\":\"pt-BR\",\"potentialAction\":[{\"@type\":\"ReadAction\",\"target\":[\"https:\/\/www.suno.com.br\/noticias\/bradesco-bbdc4-banco-safra-eleva-preco-alvo\/\"]}]},{\"@type\":\"ImageObject\",\"inLanguage\":\"pt-BR\",\"@id\":\"https:\/\/www.suno.com.br\/noticias\/bradesco-bbdc4-banco-safra-eleva-preco-alvo\/#primaryimage\",\"url\":\"https:\/\/files.sunoresearch.com.br\/n\/uploads\/2021\/02\/4f63b4b8-1200px-bradesco_-_rua_das_laranjeiras_no_233-jpg.webp\",\"contentUrl\":\"https:\/\/files.sunoresearch.com.br\/n\/uploads\/2021\/02\/4f63b4b8-1200px-bradesco_-_rua_das_laranjeiras_no_233-jpg.webp\",\"width\":1200,\"height\":900,\"caption\":\"Bradesco - Foto: Reprodu\u00e7\u00e3o\"},{\"@type\":\"BreadcrumbList\",\"@id\":\"https:\/\/www.suno.com.br\/noticias\/bradesco-bbdc4-banco-safra-eleva-preco-alvo\/#breadcrumb\",\"itemListElement\":[{\"@type\":\"ListItem\",\"position\":1,\"name\":\"Not\u00edcias\",\"item\":\"https:\/\/www.suno.com.br\/noticias\/\"},{\"@type\":\"ListItem\",\"position\":2,\"name\":\"Neg\u00f3cios\",\"item\":\"https:\/\/www.suno.com.br\/noticias\/negocios\/\"},{\"@type\":\"ListItem\",\"position\":3,\"name\":\"Bradesco (BBDC4): Banco Safra ajusta as estimativas e eleva pre\u00e7o-alvo: &#8220;N\u00fameros s\u00f3lidos&#8221;\"}]},{\"@type\":\"WebSite\",\"@id\":\"https:\/\/www.suno.com.br\/noticias\/#website\",\"url\":\"https:\/\/www.suno.com.br\/noticias\/\",\"name\":\"Suno Not\u00edcias\",\"description\":\"Seu portal de informa\u00e7\u00e3o sobre o mundo dos investimentos\",\"publisher\":{\"@id\":\"https:\/\/www.suno.com.br\/noticias\/#organization\"},\"potentialAction\":[{\"@type\":\"SearchAction\",\"target\":{\"@type\":\"EntryPoint\",\"urlTemplate\":\"https:\/\/www.suno.com.br\/noticias\/?s={search_term_string}\"},\"query-input\":{\"@type\":\"PropertyValueSpecification\",\"valueRequired\":true,\"valueName\":\"search_term_string\"}}],\"inLanguage\":\"pt-BR\"},{\"@type\":\"Organization\",\"@id\":\"https:\/\/www.suno.com.br\/noticias\/#organization\",\"name\":\"Suno Not\u00edcias\",\"url\":\"https:\/\/www.suno.com.br\/noticias\/\",\"logo\":{\"@type\":\"ImageObject\",\"inLanguage\":\"pt-BR\",\"@id\":\"https:\/\/www.suno.com.br\/noticias\/#\/schema\/logo\/image\/\",\"url\":\"https:\/\/files.sunoresearch.com.br\/n\/uploads\/2021\/09\/suno-logo.png\",\"contentUrl\":\"https:\/\/files.sunoresearch.com.br\/n\/uploads\/2021\/09\/suno-logo.png\",\"width\":180,\"height\":180,\"caption\":\"Suno Not\u00edcias\"},\"image\":{\"@id\":\"https:\/\/www.suno.com.br\/noticias\/#\/schema\/logo\/image\/\"},\"sameAs\":[\"https:\/\/facebook.com\/sunoresearch\",\"https:\/\/x.com\/sunoresearch\",\"https:\/\/www.instagram.com\/suno\",\"https:\/\/www.linkedin.com\/company\/suno-research\/\",\"https:\/\/www.youtube.com\/c\/sunoresearch\"]},{\"@type\":\"Person\",\"@id\":\"https:\/\/www.suno.com.br\/noticias\/#\/schema\/person\/46d847cb19ad53fde0857adca989c23f\",\"name\":\"Vict\u00f3ria Anhesini\",\"image\":{\"@type\":\"ImageObject\",\"inLanguage\":\"pt-BR\",\"@id\":\"https:\/\/www.suno.com.br\/noticias\/#\/schema\/person\/image\/\",\"url\":\"https:\/\/secure.gravatar.com\/avatar\/0172bdfcd9129dd9dd68794804304e6e?s=96&r=g\",\"contentUrl\":\"https:\/\/secure.gravatar.com\/avatar\/0172bdfcd9129dd9dd68794804304e6e?s=96&r=g\",\"caption\":\"Vict\u00f3ria Anhesini\"},\"description\":\"Rep\u00f3rter no Suno Not\u00edcias, cobre mercados, neg\u00f3cios e economia, escrevendo majoritariamente sobre movimentos das empresas, cobertura de balan\u00e7os trimestrais e Bolsa de Valores. Formada em jornalismo pela Universidade Presbiteriana Mackenzie em 2019, passou pelo portal de economia e finan\u00e7as EuQueroInvestir como rep\u00f3rter e anteriormente, trabalhou na assessoria de imprensa PinePR, onde liderou com startups de inova\u00e7\u00e3o, tecnologia e finan\u00e7as. Em seu tempo livre, fala sobre m\u00fasica para ambos os sites do selo ForMusic, Wikimetal e Mad Sound, e faz trabalho volunt\u00e1rio no programa Escreve Cartas do Poupatempo.\",\"sameAs\":[\"https:\/\/www.linkedin.com\/in\/victoria-anhesini\/\"],\"url\":\"https:\/\/www.suno.com.br\/noticias\/author\/victoria\/\"}]}<\/script>\n<!-- \/ Yoast SEO plugin. -->","yoast_head_json":{"title":"Bradesco (BBDC4): Banco Safra ajusta as estimativas e eleva pre\u00e7o-alvo","description":"O Banco Safra ajustou recentemente suas estimativas e proje\u00e7\u00f5es para o Bradesco (BBDC4), incorporando os resultados do 2T22.","robots":{"index":"index","follow":"follow","max-snippet":"max-snippet:-1","max-image-preview":"max-image-preview:large","max-video-preview":"max-video-preview:-1"},"canonical":"https:\/\/www.suno.com.br\/noticias\/bradesco-bbdc4-banco-safra-eleva-preco-alvo\/","og_locale":"pt_BR","og_type":"article","og_title":"Bradesco (BBDC4): Banco Safra ajusta as estimativas e eleva pre\u00e7o-alvo","og_description":"O Banco Safra ajustou recentemente suas estimativas e proje\u00e7\u00f5es para o Bradesco (BBDC4), incorporando os resultados do 2T22.","og_url":"https:\/\/www.suno.com.br\/noticias\/bradesco-bbdc4-banco-safra-eleva-preco-alvo\/","og_site_name":"Suno Not\u00edcias","article_publisher":"https:\/\/facebook.com\/sunoresearch","og_image":[{"width":1200,"height":900,"url":"https:\/\/files.sunoresearch.com.br\/n\/uploads\/2021\/02\/4f63b4b8-1200px-bradesco_-_rua_das_laranjeiras_no_233.jpg","type":"image\/jpeg"}],"author":"Vict\u00f3ria Anhesini","twitter_card":"summary_large_image","twitter_creator":"@sunoresearch","twitter_site":"@sunoresearch","twitter_misc":{"Escrito por":"Vict\u00f3ria Anhesini","Est. tempo de leitura":"3 minutos"},"schema":{"@context":"https:\/\/schema.org","@graph":[{"@type":"NewsArticle","@id":"https:\/\/www.suno.com.br\/noticias\/bradesco-bbdc4-banco-safra-eleva-preco-alvo\/#article","isPartOf":{"@id":"https:\/\/www.suno.com.br\/noticias\/bradesco-bbdc4-banco-safra-eleva-preco-alvo\/"},"author":{"name":"Vict\u00f3ria Anhesini","@id":"https:\/\/www.suno.com.br\/noticias\/#\/schema\/person\/46d847cb19ad53fde0857adca989c23f"},"headline":"Bradesco (BBDC4): Banco Safra ajusta as estimativas e eleva pre\u00e7o-alvo: &#8220;N\u00fameros s\u00f3lidos&#8221;","datePublished":"2022-08-22T23:25:13+00:00","mainEntityOfPage":{"@id":"https:\/\/www.suno.com.br\/noticias\/bradesco-bbdc4-banco-safra-eleva-preco-alvo\/"},"wordCount":545,"publisher":{"@id":"https:\/\/www.suno.com.br\/noticias\/#organization"},"image":{"@id":"https:\/\/www.suno.com.br\/noticias\/bradesco-bbdc4-banco-safra-eleva-preco-alvo\/#primaryimage"},"thumbnailUrl":"https:\/\/files.sunoresearch.com.br\/n\/uploads\/2021\/02\/4f63b4b8-1200px-bradesco_-_rua_das_laranjeiras_no_233-jpg.webp","keywords":["Banco Safra","Bradesco (BBDC3\/BBDC4)","Especialistas"],"articleSection":["Neg\u00f3cios"],"inLanguage":"pt-BR"},{"@type":"WebPage","@id":"https:\/\/www.suno.com.br\/noticias\/bradesco-bbdc4-banco-safra-eleva-preco-alvo\/","url":"https:\/\/www.suno.com.br\/noticias\/bradesco-bbdc4-banco-safra-eleva-preco-alvo\/","name":"Bradesco (BBDC4): Banco Safra ajusta as estimativas e eleva pre\u00e7o-alvo","isPartOf":{"@id":"https:\/\/www.suno.com.br\/noticias\/#website"},"primaryImageOfPage":{"@id":"https:\/\/www.suno.com.br\/noticias\/bradesco-bbdc4-banco-safra-eleva-preco-alvo\/#primaryimage"},"image":{"@id":"https:\/\/www.suno.com.br\/noticias\/bradesco-bbdc4-banco-safra-eleva-preco-alvo\/#primaryimage"},"thumbnailUrl":"https:\/\/files.sunoresearch.com.br\/n\/uploads\/2021\/02\/4f63b4b8-1200px-bradesco_-_rua_das_laranjeiras_no_233-jpg.webp","datePublished":"2022-08-22T23:25:13+00:00","description":"O Banco Safra ajustou recentemente suas estimativas e proje\u00e7\u00f5es para o Bradesco (BBDC4), incorporando os resultados do 2T22.","breadcrumb":{"@id":"https:\/\/www.suno.com.br\/noticias\/bradesco-bbdc4-banco-safra-eleva-preco-alvo\/#breadcrumb"},"inLanguage":"pt-BR","potentialAction":[{"@type":"ReadAction","target":["https:\/\/www.suno.com.br\/noticias\/bradesco-bbdc4-banco-safra-eleva-preco-alvo\/"]}]},{"@type":"ImageObject","inLanguage":"pt-BR","@id":"https:\/\/www.suno.com.br\/noticias\/bradesco-bbdc4-banco-safra-eleva-preco-alvo\/#primaryimage","url":"https:\/\/files.sunoresearch.com.br\/n\/uploads\/2021\/02\/4f63b4b8-1200px-bradesco_-_rua_das_laranjeiras_no_233-jpg.webp","contentUrl":"https:\/\/files.sunoresearch.com.br\/n\/uploads\/2021\/02\/4f63b4b8-1200px-bradesco_-_rua_das_laranjeiras_no_233-jpg.webp","width":1200,"height":900,"caption":"Bradesco - Foto: Reprodu\u00e7\u00e3o"},{"@type":"BreadcrumbList","@id":"https:\/\/www.suno.com.br\/noticias\/bradesco-bbdc4-banco-safra-eleva-preco-alvo\/#breadcrumb","itemListElement":[{"@type":"ListItem","position":1,"name":"Not\u00edcias","item":"https:\/\/www.suno.com.br\/noticias\/"},{"@type":"ListItem","position":2,"name":"Neg\u00f3cios","item":"https:\/\/www.suno.com.br\/noticias\/negocios\/"},{"@type":"ListItem","position":3,"name":"Bradesco (BBDC4): Banco Safra ajusta as estimativas e eleva pre\u00e7o-alvo: &#8220;N\u00fameros s\u00f3lidos&#8221;"}]},{"@type":"WebSite","@id":"https:\/\/www.suno.com.br\/noticias\/#website","url":"https:\/\/www.suno.com.br\/noticias\/","name":"Suno Not\u00edcias","description":"Seu portal de informa\u00e7\u00e3o sobre o mundo dos investimentos","publisher":{"@id":"https:\/\/www.suno.com.br\/noticias\/#organization"},"potentialAction":[{"@type":"SearchAction","target":{"@type":"EntryPoint","urlTemplate":"https:\/\/www.suno.com.br\/noticias\/?s={search_term_string}"},"query-input":{"@type":"PropertyValueSpecification","valueRequired":true,"valueName":"search_term_string"}}],"inLanguage":"pt-BR"},{"@type":"Organization","@id":"https:\/\/www.suno.com.br\/noticias\/#organization","name":"Suno Not\u00edcias","url":"https:\/\/www.suno.com.br\/noticias\/","logo":{"@type":"ImageObject","inLanguage":"pt-BR","@id":"https:\/\/www.suno.com.br\/noticias\/#\/schema\/logo\/image\/","url":"https:\/\/files.sunoresearch.com.br\/n\/uploads\/2021\/09\/suno-logo.png","contentUrl":"https:\/\/files.sunoresearch.com.br\/n\/uploads\/2021\/09\/suno-logo.png","width":180,"height":180,"caption":"Suno Not\u00edcias"},"image":{"@id":"https:\/\/www.suno.com.br\/noticias\/#\/schema\/logo\/image\/"},"sameAs":["https:\/\/facebook.com\/sunoresearch","https:\/\/x.com\/sunoresearch","https:\/\/www.instagram.com\/suno","https:\/\/www.linkedin.com\/company\/suno-research\/","https:\/\/www.youtube.com\/c\/sunoresearch"]},{"@type":"Person","@id":"https:\/\/www.suno.com.br\/noticias\/#\/schema\/person\/46d847cb19ad53fde0857adca989c23f","name":"Vict\u00f3ria Anhesini","image":{"@type":"ImageObject","inLanguage":"pt-BR","@id":"https:\/\/www.suno.com.br\/noticias\/#\/schema\/person\/image\/","url":"https:\/\/secure.gravatar.com\/avatar\/0172bdfcd9129dd9dd68794804304e6e?s=96&r=g","contentUrl":"https:\/\/secure.gravatar.com\/avatar\/0172bdfcd9129dd9dd68794804304e6e?s=96&r=g","caption":"Vict\u00f3ria Anhesini"},"description":"Rep\u00f3rter no Suno Not\u00edcias, cobre mercados, neg\u00f3cios e economia, escrevendo majoritariamente sobre movimentos das empresas, cobertura de balan\u00e7os trimestrais e Bolsa de Valores. Formada em jornalismo pela Universidade Presbiteriana Mackenzie em 2019, passou pelo portal de economia e finan\u00e7as EuQueroInvestir como rep\u00f3rter e anteriormente, trabalhou na assessoria de imprensa PinePR, onde liderou com startups de inova\u00e7\u00e3o, tecnologia e finan\u00e7as. Em seu tempo livre, fala sobre m\u00fasica para ambos os sites do selo ForMusic, Wikimetal e Mad Sound, e faz trabalho volunt\u00e1rio no programa Escreve Cartas do Poupatempo.","sameAs":["https:\/\/www.linkedin.com\/in\/victoria-anhesini\/"],"url":"https:\/\/www.suno.com.br\/noticias\/author\/victoria\/"}]}},"default_loop_html":"<div class=\"cardsPage__listCard__boxs\"><div class=\"cardsPage__listCard__boxs__img\"><a href=\"https:\/\/www.suno.com.br\/noticias\/bradesco-bbdc4-banco-safra-eleva-preco-alvo\/\"><img class=\"mask\" src=\"https:\/\/www.suno.com.br\/noticias\/wp-content\/themes\/suno\/resources\/images\/spotlight\/spotlight1img\/bg-mask.png\" alt=\"Image Mask\"\/><img src=\"https:\/\/files.sunoresearch.com.br\/n\/uploads\/2021\/02\/4f63b4b8-1200px-bradesco_-_rua_das_laranjeiras_no_233-400x200.webp\" alt=\"Bradesco (BBDC4): Banco Safra ajusta as estimativas e eleva pre\u00e7o-alvo: &#8220;N\u00fameros s\u00f3lidos&#8221;\"\/><\/a><span class=\"spotlightCategory\"><a href=\"https:\/\/www.suno.com.br\/noticias\/negocios\/\">Neg\u00f3cios<\/a><\/span><\/div><div class=\"cardsPage__listCard__boxs__content\"><a href=\"https:\/\/www.suno.com.br\/noticias\/bradesco-bbdc4-banco-safra-eleva-preco-alvo\/\"><h2 class=\"content__title\">Bradesco (BBDC4): Banco Safra ajusta as estimativas e eleva pre\u00e7o-alvo: &#8220;N\u00fameros s\u00f3lidos&#8221;<\/h2><\/a><div class=\"newsContent__article__meta\"><div class=\"newsContent__article__meta__authorBox\"><a href=\"https:\/\/www.suno.com.br\/noticias\/author\/victoria\/\" class=\"authorBox__avatar noMobi\"><img src=\"https:\/\/files.sunoresearch.com.br\/n\/uploads\/2021\/12\/20190129VickyPINEAPPLE01-1-150x150.jpg\" alt=\"Vict\u00f3ria Anhesini\"><\/a><div class=\"authorBox__name\"><span>por\n\t\t\t<a href=\"https:\/\/www.suno.com.br\/noticias\/author\/victoria\/\"><span itemprop=\"author\">Vict\u00f3ria Anhesini<\/span><\/a><\/span><time datetime=\"2022-08-22T20:25:13-03:00\" itemprop=\"datePublished\">22\/08\/2022 20:25<\/time><\/div><\/div><\/div><\/div><\/div>","single_layout":"posts","amp_enabled":true,"_links":{"self":[{"href":"https:\/\/www.suno.com.br\/noticias\/wp-json\/wp\/v2\/posts\/287820"}],"collection":[{"href":"https:\/\/www.suno.com.br\/noticias\/wp-json\/wp\/v2\/posts"}],"about":[{"href":"https:\/\/www.suno.com.br\/noticias\/wp-json\/wp\/v2\/types\/post"}],"author":[{"embeddable":true,"href":"https:\/\/www.suno.com.br\/noticias\/wp-json\/wp\/v2\/users\/146"}],"replies":[{"embeddable":true,"href":"https:\/\/www.suno.com.br\/noticias\/wp-json\/wp\/v2\/comments?post=287820"}],"version-history":[{"count":3,"href":"https:\/\/www.suno.com.br\/noticias\/wp-json\/wp\/v2\/posts\/287820\/revisions"}],"predecessor-version":[{"id":287937,"href":"https:\/\/www.suno.com.br\/noticias\/wp-json\/wp\/v2\/posts\/287820\/revisions\/287937"}],"wp:featuredmedia":[{"embeddable":true,"href":"https:\/\/www.suno.com.br\/noticias\/wp-json\/wp\/v2\/media\/118691"}],"wp:attachment":[{"href":"https:\/\/www.suno.com.br\/noticias\/wp-json\/wp\/v2\/media?parent=287820"}],"wp:term":[{"taxonomy":"category","embeddable":true,"href":"https:\/\/www.suno.com.br\/noticias\/wp-json\/wp\/v2\/categories?post=287820"},{"taxonomy":"post_tag","embeddable":true,"href":"https:\/\/www.suno.com.br\/noticias\/wp-json\/wp\/v2\/tags?post=287820"},{"taxonomy":"suno_strategy","embeddable":true,"href":"https:\/\/www.suno.com.br\/noticias\/wp-json\/wp\/v2\/suno_strategy?post=287820"}],"curies":[{"name":"wp","href":"https:\/\/api.w.org\/{rel}","templated":true}]}}