{"id":287631,"date":"2022-08-22T10:07:46","date_gmt":"2022-08-22T13:07:46","guid":{"rendered":"https:\/\/www.suno.com.br\/noticias\/?p=287631"},"modified":"2022-08-22T10:07:46","modified_gmt":"2022-08-22T13:07:46","slug":"ifood-ceo-lucro","status":"publish","type":"post","link":"https:\/\/www.suno.com.br\/noticias\/ifood-ceo-lucro\/","title":{"rendered":"iFood: CEO diz que lucro n\u00e3o \u00e9 prioridade no momento"},"content":{"rendered":"<p>Ap\u00f3s a compra do <strong>iFood<\/strong> por R$ 9,4 bilh\u00f5es, o CEO da empresa, Fabricio Bloisi, afirmou que a prioridade da companhia de delivery, no momento, ainda n\u00e3o \u00e9 a lucratividade.<\/p><div class=\"videoFull \">\n\t\t\t<div class=\"videoWrapper yt-lazyload center\"\n\t\t\t\tdata-width=\"960\"\n\t\t\t\tdata-height=\"540\"\n\t\t\t\tdata-id=\"AbjT2h0RxbQ\"\n\t\t\t\tdata-alt=\"V\u00eddeo do YouTube - clique para reproduzir\"\n\t\t\t\tdata-logo=\"3\"\n\t\t\t\tdata-imagequality=\"maxres\">\n\t\t\t<\/div>\n\t\t<\/div><script type=\"application\/ld+json\">{\"@context\":\"https:\/\/schema.org\",\"@type\":\"VideoObject\",\"name\":\"Novo conselho da Petrobras (PETR4) | Tributa\u00e7\u00e3o para quem ganha mais? | Bolsas mundiais em queda\",\"description\":\"Na manh\u00e3 desta sexta-feira (19), os \u00edndices futuros de Nova York e as bolsas europeias operam em baixa, diante da incerteza global atual em rela\u00e7\u00e3o \u00e0s pol\u00edticas monet\u00e1rias dos bancos centrais, enquanto investidores continuam reagindo aos resultados corporativos divulgados nos \u00faltimos dias. A ata da \u00faltima reuni\u00e3o do Fed abalou um pouco aos investidores, que\u2026\",\"duration\":\"PT23M41S\",\"embedUrl\":\"https:\/\/www.youtube.com\/embed\/AbjT2h0RxbQ\",\"regionsAllowed\":\"pt-BR\",\"interactionStatistic\":{\"@type\":\"InteractionCounter\",\"interactionType\":{\"@type\":\"WatchAction\"},\"userInteractionCount\":4274},\"thumbnailUrl\":\"https:\/\/i.ytimg.com\/vi\/AbjT2h0RxbQ\/default.jpg\",\"uploadDate\":\"2022-08-19T12:29:15Z\"}<\/script>\n\n\t<p>\n\t\t<a href=\"\" target=\"_blank\" data-element=\"shortcode-suno-banner\" title=\"Banner SUNO, clique e saiba mais\">\n\t\t\t<picture>\n\t\t\t\t<source media=\"(max-width: 500px)\" srcset=\"\">\n\t\t\t\t<img class=\"newsContent__article__imgCapa newsContent__article__imgCapa--banner\"\n\t\t\t\t\tsrc=\"\"\n\t\t\t\t\tdata-promo-id=\"138420\"\t\t\t\t\t\t\t\t\t\t\t\t\t\t\talt=\"\"\n\t\t\t\t>\n\t\t\t<\/picture>\n\t\t<\/a>\n\t<\/p>\n\n\n<p>\u201cN\u00e3o estou sendo cobrado, ou me cobrando, para entregar lucro esta semana, mas para criar tecnologia e inova\u00e7\u00e3o para desenvolver um mercado fortemente\u201d, disse o <strong>CEO do iFood<\/strong> em entrevista ao jornal Valor Econ\u00f4mico.<\/p>\n<p>\u201cQuando vai ser lucrativo n\u00e3o \u00e9 minha meta principal hoje&#8221;, seguiu.<\/p>\n<p>A companhia, <a href=\"https:\/\/www.suno.com.br\/artigos\/ano-calendario\/\">no ano fiscal de 2022 (findo em mar\u00e7o de 2022)<\/a> teve US$ 206 milh\u00f5es de preju\u00edzo l\u00edquido, multiplicando os US$ 43 milh\u00f5es no ano fiscal anterior.<\/p>\n<p>Nesse per\u00edodo, a empresa teve uma gera\u00e7\u00e3o de receita de US$ 991 milh\u00f5es &#8211; crescimento de cerca de 30% ante o exerc\u00edcio anterior.<\/p>\n<p>\u201cA gente cresceu muito em food, a rentabilidade est\u00e1 melhorando e vai ser algo positivo. <a href=\"https:\/\/www.suno.com.br\/artigos\/lucro-ajustado\/\">[O lucro] ainda n\u00e3o \u00e9 hoje, mas vai ser<\/a>&#8220;, disse Bloisi.<\/p>\n<p>A empresa, apesar do crescimento em evid\u00eancia, tamb\u00e9m visa aumentar efici\u00eancia em detrimento do <strong>lucro<\/strong> nos pr\u00f3ximos meses.<\/p>\n<p>&#8220;Estamos otimizando a opera\u00e7\u00e3o h\u00e1 cinco meses. A gente quer uma opera\u00e7\u00e3o mais eficiente, temos tido resultados \u00f3timos e isso vai continuar acontecendo, mas, em hip\u00f3tese alguma&#8221;, disse o <a href=\"https:\/\/www.suno.com.br\/artigos\/ceo\/\">CEO<\/a> do iFood.<\/p>\n<p>A companhia tem 40 milh\u00f5es de consumidores, 330 mil estabelecimentos parceiros (entre restaurantes e mercados) e 200 mil entregadores, que atendem 70 milh\u00f5es de pedidos mensais.<\/p>\n\t<p>\n\t\t<a href=\"https:\/\/lp.suno.com.br\/planilha-controle-gastos\/\" target=\"_blank\" data-element=\"shortcode-suno-banner\" title=\"Banner SUNO, clique e saiba mais\">\n\t\t\t<picture>\n\t\t\t\t<source media=\"(max-width: 500px)\" srcset=\"https:\/\/files.sunoresearch.com.br\/n\/uploads\/2023\/03\/400x300-Planilha-controle-de-gastos.png\">\n\t\t\t\t<img class=\"newsContent__article__imgCapa newsContent__article__imgCapa--banner\"\n\t\t\t\t\tsrc=\"https:\/\/files.sunoresearch.com.br\/n\/uploads\/2023\/03\/1420x240-Planilha-controle-de-gastos.png\"\n\t\t\t\t\tdata-promo-id=\"101751\"\t\t\t\t\t\t\t\t\t\twidth='1420' height='240'\t\t\t\t\talt=\"https:\/\/files.sunoresearch.com.br\/n\/uploads\/2023\/03\/1420x240-Planilha-controle-de-gastos.png\"\n\t\t\t\t>\n\t\t\t<\/picture>\n\t\t<\/a>\n\t<\/p>\n\n\n<h2>iFood foi comprado R$ 9,4 bilh\u00f5es<\/h2>\n<p>Na semana anterior foi divulgado que, com uma compra de R$ 7,8 bilh\u00f5es, o equivalente a 1,5 bilh\u00e3o de euros, al\u00e9m de um potencial adicional de R$ 1,6 bilh\u00e3o (300 milh\u00f5es de euros), o iFood <a href=\"https:\/\/www.suno.com.br\/noticias\/prosus-compra-ifood-por-ate-r-94-bilhoes-diz-portal\/\">passou a ser integralmente da <strong>Prosus<\/strong><\/a>.<\/p>\n<p>Trata-se de uma companhia holandesa subsidi\u00e1ria do grupo Naspers e controladora da Movile, que j\u00e1 era uma grande acionista e, agora, comprou os 33,3% remanescentes da companhia.<\/p>\n<p>\u201cEm um ambiente cada vez mais competitivo, a aquisi\u00e7\u00e3o da participa\u00e7\u00e3o remanescente no iFood pela<strong> Movile<\/strong> refor\u00e7a que estamos no caminho certo e fazendo a diferen\u00e7a como empresa nacional de tecnologia, impactando positivamente a vida das pessoas no Brasil\u201d, declarou Bloisi, em meio \u00e0 divulga\u00e7\u00e3o.<\/p>\n<p><span style=\"font-weight: 400;\">Com a compra, o iFood se tornou <strong>startup mais valiosa do Brasil<\/strong> e segunda da Am\u00e9rica Latina &#8211; atr\u00e1s apenas da mexicana Kavak. O feito ocorre depois que o grupo Movile passou a ser controlador total do <a href=\"https:\/\/www.suno.com.br\/noticias\/prosus-compra-ifood-por-ate-r-94-bilhoes-diz-portal\/\">aplicativo de delivery<\/a>, comprando uma fatia de 33% das m\u00e3os da Just Eat Holding.<\/span><\/p>\n<p><span style=\"font-weight: 400;\">Com a transa\u00e7\u00e3o, o <strong>iFood<\/strong> agora fica avaliado em US$ 5,4 bilh\u00f5es, acima do Rappi (US$ 5,25 bi), <a class=\"suno-keyword\" href=\"https:\/\/www.suno.com.br\/artigos\/quinto-andar\/\" target=\"_blank\" rel=\"noopener\" data-force=\"no\" data-priority=\"2\">QuintoAndar<\/a> (US$ 5,1 bi) e Stone (US$ 5 bi), segundo dados da Distrito.<\/span><\/p>\n\t<p>\n\t\t<a href=\"https:\/\/lp.suno.com.br\/planilha-da-vida-financeira\/\" target=\"_blank\" data-element=\"shortcode-suno-banner\" title=\"Banner SUNO, clique e saiba mais\">\n\t\t\t<picture>\n\t\t\t\t<source media=\"(max-width: 500px)\" srcset=\"https:\/\/files.sunoresearch.com.br\/n\/uploads\/2023\/04\/400x300-Planilha-vida-financeira-true.png\">\n\t\t\t\t<img class=\"newsContent__article__imgCapa newsContent__article__imgCapa--banner\"\n\t\t\t\t\tsrc=\"https:\/\/files.sunoresearch.com.br\/n\/uploads\/2023\/04\/1420x240-Planilha-vida-financeira-true.png\"\n\t\t\t\t\tdata-promo-id=\"106682\"\t\t\t\t\t\t\t\t\t\twidth='1420' height='240'\t\t\t\t\talt=\"https:\/\/files.sunoresearch.com.br\/n\/uploads\/2023\/04\/1420x240-Planilha-vida-financeira-true.png\"\n\t\t\t\t>\n\t\t\t<\/picture>\n\t\t<\/a>\n\t<\/p>\n\n\n","protected":false},"excerpt":{"rendered":"<p>Ap\u00f3s a compra do iFood por R$ 9,4 bilh\u00f5es, o CEO da empresa, Fabricio Bloisi, afirmou que a prioridade da companhia de delivery, no momento, ainda n\u00e3o \u00e9 a lucratividade. \u201cN\u00e3o estou sendo cobrado, ou me cobrando, para entregar lucro esta semana, mas para criar tecnologia e inova\u00e7\u00e3o para desenvolver um mercado fortemente\u201d, disse o [&hellip;]<\/p>\n","protected":false},"author":73,"featured_media":69654,"comment_status":"closed","ping_status":"closed","sticky":false,"template":"","format":"standard","meta":[],"categories":[64,106394],"tags":[1228,708],"suno_strategy":[],"class_list":["post-287631","post","type-post","status-publish","format-standard","has-post-thumbnail","hentry","category-negocios","category-startups","tag-ifood","tag-startups"],"yoast_head":"<!-- This site is optimized with the Yoast SEO plugin v24.4 - https:\/\/yoast.com\/wordpress\/plugins\/seo\/ -->\n<title>iFood: CEO diz que lucro n\u00e3o \u00e9 prioridade no momento<\/title>\n<meta name=\"description\" content=\"\u201cN\u00e3o estou sendo cobrado, ou me cobrando, para entregar lucro esta semana&quot;, declarou o CEO do iFood. Clique aqui e leia mais!\" \/>\n<meta name=\"robots\" content=\"index, follow, max-snippet:-1, max-image-preview:large, max-video-preview:-1\" \/>\n<link rel=\"canonical\" href=\"https:\/\/www.suno.com.br\/noticias\/ifood-ceo-lucro\/\" \/>\n<meta property=\"og:locale\" content=\"pt_BR\" \/>\n<meta property=\"og:type\" content=\"article\" \/>\n<meta property=\"og:title\" content=\"iFood: CEO diz que lucro n\u00e3o \u00e9 prioridade no momento\" \/>\n<meta property=\"og:description\" content=\"\u201cN\u00e3o estou sendo cobrado, ou me cobrando, para entregar lucro esta semana&quot;, declarou o CEO do iFood. Clique aqui e leia mais!\" \/>\n<meta property=\"og:url\" content=\"https:\/\/www.suno.com.br\/noticias\/ifood-ceo-lucro\/\" \/>\n<meta property=\"og:site_name\" content=\"Suno Not\u00edcias\" \/>\n<meta property=\"article:publisher\" content=\"https:\/\/facebook.com\/sunoresearch\" \/>\n<meta property=\"og:image\" content=\"https:\/\/files.sunoresearch.com.br\/n\/uploads\/2020\/06\/010dab32-ifodd.jpg\" \/>\n\t<meta property=\"og:image:width\" content=\"1280\" \/>\n\t<meta property=\"og:image:height\" content=\"853\" \/>\n\t<meta property=\"og:image:type\" content=\"image\/jpeg\" \/>\n<meta name=\"author\" content=\"Eduardo Vargas\" \/>\n<meta name=\"twitter:card\" content=\"summary_large_image\" \/>\n<meta name=\"twitter:creator\" content=\"@sunoresearch\" \/>\n<meta name=\"twitter:site\" content=\"@sunoresearch\" \/>\n<meta name=\"twitter:label1\" content=\"Escrito por\" \/>\n\t<meta name=\"twitter:data1\" content=\"Eduardo Vargas\" \/>\n\t<meta name=\"twitter:label2\" content=\"Est. tempo de leitura\" \/>\n\t<meta name=\"twitter:data2\" content=\"3 minutos\" \/>\n<script type=\"application\/ld+json\" class=\"yoast-schema-graph\">{\"@context\":\"https:\/\/schema.org\",\"@graph\":[{\"@type\":\"NewsArticle\",\"@id\":\"https:\/\/www.suno.com.br\/noticias\/ifood-ceo-lucro\/#article\",\"isPartOf\":{\"@id\":\"https:\/\/www.suno.com.br\/noticias\/ifood-ceo-lucro\/\"},\"author\":{\"name\":\"Eduardo Vargas\",\"@id\":\"https:\/\/www.suno.com.br\/noticias\/#\/schema\/person\/7f4d362bf3518e76090143ae77bb49a5\"},\"headline\":\"iFood: CEO diz que lucro n\u00e3o \u00e9 prioridade no momento\",\"datePublished\":\"2022-08-22T13:07:46+00:00\",\"mainEntityOfPage\":{\"@id\":\"https:\/\/www.suno.com.br\/noticias\/ifood-ceo-lucro\/\"},\"wordCount\":465,\"publisher\":{\"@id\":\"https:\/\/www.suno.com.br\/noticias\/#organization\"},\"image\":{\"@id\":\"https:\/\/www.suno.com.br\/noticias\/ifood-ceo-lucro\/#primaryimage\"},\"thumbnailUrl\":\"https:\/\/files.sunoresearch.com.br\/n\/uploads\/2020\/06\/010dab32-ifodd-jpg.webp\",\"keywords\":[\"iFood\",\"startups\"],\"articleSection\":[\"Neg\u00f3cios\",\"Startups\"],\"inLanguage\":\"pt-BR\"},{\"@type\":\"WebPage\",\"@id\":\"https:\/\/www.suno.com.br\/noticias\/ifood-ceo-lucro\/\",\"url\":\"https:\/\/www.suno.com.br\/noticias\/ifood-ceo-lucro\/\",\"name\":\"iFood: CEO diz que lucro n\u00e3o \u00e9 prioridade no momento\",\"isPartOf\":{\"@id\":\"https:\/\/www.suno.com.br\/noticias\/#website\"},\"primaryImageOfPage\":{\"@id\":\"https:\/\/www.suno.com.br\/noticias\/ifood-ceo-lucro\/#primaryimage\"},\"image\":{\"@id\":\"https:\/\/www.suno.com.br\/noticias\/ifood-ceo-lucro\/#primaryimage\"},\"thumbnailUrl\":\"https:\/\/files.sunoresearch.com.br\/n\/uploads\/2020\/06\/010dab32-ifodd-jpg.webp\",\"datePublished\":\"2022-08-22T13:07:46+00:00\",\"description\":\"\u201cN\u00e3o estou sendo cobrado, ou me cobrando, para entregar lucro esta semana\\\", declarou o CEO do iFood. Clique aqui e leia mais!\",\"breadcrumb\":{\"@id\":\"https:\/\/www.suno.com.br\/noticias\/ifood-ceo-lucro\/#breadcrumb\"},\"inLanguage\":\"pt-BR\",\"potentialAction\":[{\"@type\":\"ReadAction\",\"target\":[\"https:\/\/www.suno.com.br\/noticias\/ifood-ceo-lucro\/\"]}]},{\"@type\":\"ImageObject\",\"inLanguage\":\"pt-BR\",\"@id\":\"https:\/\/www.suno.com.br\/noticias\/ifood-ceo-lucro\/#primaryimage\",\"url\":\"https:\/\/files.sunoresearch.com.br\/n\/uploads\/2020\/06\/010dab32-ifodd-jpg.webp\",\"contentUrl\":\"https:\/\/files.sunoresearch.com.br\/n\/uploads\/2020\/06\/010dab32-ifodd-jpg.webp\",\"width\":1280,\"height\":853,\"caption\":\"iFood - Foto: Divulga\u00e7\u00e3o\"},{\"@type\":\"BreadcrumbList\",\"@id\":\"https:\/\/www.suno.com.br\/noticias\/ifood-ceo-lucro\/#breadcrumb\",\"itemListElement\":[{\"@type\":\"ListItem\",\"position\":1,\"name\":\"Not\u00edcias\",\"item\":\"https:\/\/www.suno.com.br\/noticias\/\"},{\"@type\":\"ListItem\",\"position\":2,\"name\":\"Neg\u00f3cios\",\"item\":\"https:\/\/www.suno.com.br\/noticias\/negocios\/\"},{\"@type\":\"ListItem\",\"position\":3,\"name\":\"iFood: CEO diz que lucro n\u00e3o \u00e9 prioridade no momento\"}]},{\"@type\":\"WebSite\",\"@id\":\"https:\/\/www.suno.com.br\/noticias\/#website\",\"url\":\"https:\/\/www.suno.com.br\/noticias\/\",\"name\":\"Suno Not\u00edcias\",\"description\":\"Seu portal de informa\u00e7\u00e3o sobre o mundo dos investimentos\",\"publisher\":{\"@id\":\"https:\/\/www.suno.com.br\/noticias\/#organization\"},\"potentialAction\":[{\"@type\":\"SearchAction\",\"target\":{\"@type\":\"EntryPoint\",\"urlTemplate\":\"https:\/\/www.suno.com.br\/noticias\/?s={search_term_string}\"},\"query-input\":{\"@type\":\"PropertyValueSpecification\",\"valueRequired\":true,\"valueName\":\"search_term_string\"}}],\"inLanguage\":\"pt-BR\"},{\"@type\":\"Organization\",\"@id\":\"https:\/\/www.suno.com.br\/noticias\/#organization\",\"name\":\"Suno Not\u00edcias\",\"url\":\"https:\/\/www.suno.com.br\/noticias\/\",\"logo\":{\"@type\":\"ImageObject\",\"inLanguage\":\"pt-BR\",\"@id\":\"https:\/\/www.suno.com.br\/noticias\/#\/schema\/logo\/image\/\",\"url\":\"https:\/\/files.sunoresearch.com.br\/n\/uploads\/2021\/09\/suno-logo.png\",\"contentUrl\":\"https:\/\/files.sunoresearch.com.br\/n\/uploads\/2021\/09\/suno-logo.png\",\"width\":180,\"height\":180,\"caption\":\"Suno Not\u00edcias\"},\"image\":{\"@id\":\"https:\/\/www.suno.com.br\/noticias\/#\/schema\/logo\/image\/\"},\"sameAs\":[\"https:\/\/facebook.com\/sunoresearch\",\"https:\/\/x.com\/sunoresearch\",\"https:\/\/www.instagram.com\/suno\",\"https:\/\/www.linkedin.com\/company\/suno-research\/\",\"https:\/\/www.youtube.com\/c\/sunoresearch\"]},{\"@type\":\"Person\",\"@id\":\"https:\/\/www.suno.com.br\/noticias\/#\/schema\/person\/7f4d362bf3518e76090143ae77bb49a5\",\"name\":\"Eduardo Vargas\",\"image\":{\"@type\":\"ImageObject\",\"inLanguage\":\"pt-BR\",\"@id\":\"https:\/\/www.suno.com.br\/noticias\/#\/schema\/person\/image\/\",\"url\":\"https:\/\/secure.gravatar.com\/avatar\/dac340933427a22924c9f99d1eb2e3f2?s=96&r=g\",\"contentUrl\":\"https:\/\/secure.gravatar.com\/avatar\/dac340933427a22924c9f99d1eb2e3f2?s=96&r=g\",\"caption\":\"Eduardo Vargas\"},\"description\":\"Jornalista formado pela UFSC, cobre macroeconomia, neg\u00f3cios e startups para o Suno Not\u00edcias, escrevendo principalmente not\u00edcias sobre o mercado financeiro e a bolsa de valores. No YouTube e no Instagram, \u00e9 respons\u00e1vel pela produ\u00e7\u00e3o de Reels e Shorts do Suno Not\u00edcias. Anteriormente, trabalhou cobrindo economia e cotidiano no ND+ e para o ND, maior jornal impresso de Santa Catarina. Cursou um semestre letivo de Estudos de M\u00eddia na Universidad de Buenos Aires.\",\"url\":\"https:\/\/www.suno.com.br\/noticias\/author\/eduardo-vargas\/\"}]}<\/script>\n<!-- \/ Yoast SEO plugin. -->","yoast_head_json":{"title":"iFood: CEO diz que lucro n\u00e3o \u00e9 prioridade no momento","description":"\u201cN\u00e3o estou sendo cobrado, ou me cobrando, para entregar lucro esta semana\", declarou o CEO do iFood. Clique aqui e leia mais!","robots":{"index":"index","follow":"follow","max-snippet":"max-snippet:-1","max-image-preview":"max-image-preview:large","max-video-preview":"max-video-preview:-1"},"canonical":"https:\/\/www.suno.com.br\/noticias\/ifood-ceo-lucro\/","og_locale":"pt_BR","og_type":"article","og_title":"iFood: CEO diz que lucro n\u00e3o \u00e9 prioridade no momento","og_description":"\u201cN\u00e3o estou sendo cobrado, ou me cobrando, para entregar lucro esta semana\", declarou o CEO do iFood. Clique aqui e leia mais!","og_url":"https:\/\/www.suno.com.br\/noticias\/ifood-ceo-lucro\/","og_site_name":"Suno Not\u00edcias","article_publisher":"https:\/\/facebook.com\/sunoresearch","og_image":[{"width":1280,"height":853,"url":"https:\/\/files.sunoresearch.com.br\/n\/uploads\/2020\/06\/010dab32-ifodd.jpg","type":"image\/jpeg"}],"author":"Eduardo Vargas","twitter_card":"summary_large_image","twitter_creator":"@sunoresearch","twitter_site":"@sunoresearch","twitter_misc":{"Escrito por":"Eduardo Vargas","Est. tempo de leitura":"3 minutos"},"schema":{"@context":"https:\/\/schema.org","@graph":[{"@type":"NewsArticle","@id":"https:\/\/www.suno.com.br\/noticias\/ifood-ceo-lucro\/#article","isPartOf":{"@id":"https:\/\/www.suno.com.br\/noticias\/ifood-ceo-lucro\/"},"author":{"name":"Eduardo Vargas","@id":"https:\/\/www.suno.com.br\/noticias\/#\/schema\/person\/7f4d362bf3518e76090143ae77bb49a5"},"headline":"iFood: CEO diz que lucro n\u00e3o \u00e9 prioridade no momento","datePublished":"2022-08-22T13:07:46+00:00","mainEntityOfPage":{"@id":"https:\/\/www.suno.com.br\/noticias\/ifood-ceo-lucro\/"},"wordCount":465,"publisher":{"@id":"https:\/\/www.suno.com.br\/noticias\/#organization"},"image":{"@id":"https:\/\/www.suno.com.br\/noticias\/ifood-ceo-lucro\/#primaryimage"},"thumbnailUrl":"https:\/\/files.sunoresearch.com.br\/n\/uploads\/2020\/06\/010dab32-ifodd-jpg.webp","keywords":["iFood","startups"],"articleSection":["Neg\u00f3cios","Startups"],"inLanguage":"pt-BR"},{"@type":"WebPage","@id":"https:\/\/www.suno.com.br\/noticias\/ifood-ceo-lucro\/","url":"https:\/\/www.suno.com.br\/noticias\/ifood-ceo-lucro\/","name":"iFood: CEO diz que lucro n\u00e3o \u00e9 prioridade no momento","isPartOf":{"@id":"https:\/\/www.suno.com.br\/noticias\/#website"},"primaryImageOfPage":{"@id":"https:\/\/www.suno.com.br\/noticias\/ifood-ceo-lucro\/#primaryimage"},"image":{"@id":"https:\/\/www.suno.com.br\/noticias\/ifood-ceo-lucro\/#primaryimage"},"thumbnailUrl":"https:\/\/files.sunoresearch.com.br\/n\/uploads\/2020\/06\/010dab32-ifodd-jpg.webp","datePublished":"2022-08-22T13:07:46+00:00","description":"\u201cN\u00e3o estou sendo cobrado, ou me cobrando, para entregar lucro esta semana\", declarou o CEO do iFood. Clique aqui e leia mais!","breadcrumb":{"@id":"https:\/\/www.suno.com.br\/noticias\/ifood-ceo-lucro\/#breadcrumb"},"inLanguage":"pt-BR","potentialAction":[{"@type":"ReadAction","target":["https:\/\/www.suno.com.br\/noticias\/ifood-ceo-lucro\/"]}]},{"@type":"ImageObject","inLanguage":"pt-BR","@id":"https:\/\/www.suno.com.br\/noticias\/ifood-ceo-lucro\/#primaryimage","url":"https:\/\/files.sunoresearch.com.br\/n\/uploads\/2020\/06\/010dab32-ifodd-jpg.webp","contentUrl":"https:\/\/files.sunoresearch.com.br\/n\/uploads\/2020\/06\/010dab32-ifodd-jpg.webp","width":1280,"height":853,"caption":"iFood - Foto: Divulga\u00e7\u00e3o"},{"@type":"BreadcrumbList","@id":"https:\/\/www.suno.com.br\/noticias\/ifood-ceo-lucro\/#breadcrumb","itemListElement":[{"@type":"ListItem","position":1,"name":"Not\u00edcias","item":"https:\/\/www.suno.com.br\/noticias\/"},{"@type":"ListItem","position":2,"name":"Neg\u00f3cios","item":"https:\/\/www.suno.com.br\/noticias\/negocios\/"},{"@type":"ListItem","position":3,"name":"iFood: CEO diz que lucro n\u00e3o \u00e9 prioridade no momento"}]},{"@type":"WebSite","@id":"https:\/\/www.suno.com.br\/noticias\/#website","url":"https:\/\/www.suno.com.br\/noticias\/","name":"Suno Not\u00edcias","description":"Seu portal de informa\u00e7\u00e3o sobre o mundo dos investimentos","publisher":{"@id":"https:\/\/www.suno.com.br\/noticias\/#organization"},"potentialAction":[{"@type":"SearchAction","target":{"@type":"EntryPoint","urlTemplate":"https:\/\/www.suno.com.br\/noticias\/?s={search_term_string}"},"query-input":{"@type":"PropertyValueSpecification","valueRequired":true,"valueName":"search_term_string"}}],"inLanguage":"pt-BR"},{"@type":"Organization","@id":"https:\/\/www.suno.com.br\/noticias\/#organization","name":"Suno Not\u00edcias","url":"https:\/\/www.suno.com.br\/noticias\/","logo":{"@type":"ImageObject","inLanguage":"pt-BR","@id":"https:\/\/www.suno.com.br\/noticias\/#\/schema\/logo\/image\/","url":"https:\/\/files.sunoresearch.com.br\/n\/uploads\/2021\/09\/suno-logo.png","contentUrl":"https:\/\/files.sunoresearch.com.br\/n\/uploads\/2021\/09\/suno-logo.png","width":180,"height":180,"caption":"Suno Not\u00edcias"},"image":{"@id":"https:\/\/www.suno.com.br\/noticias\/#\/schema\/logo\/image\/"},"sameAs":["https:\/\/facebook.com\/sunoresearch","https:\/\/x.com\/sunoresearch","https:\/\/www.instagram.com\/suno","https:\/\/www.linkedin.com\/company\/suno-research\/","https:\/\/www.youtube.com\/c\/sunoresearch"]},{"@type":"Person","@id":"https:\/\/www.suno.com.br\/noticias\/#\/schema\/person\/7f4d362bf3518e76090143ae77bb49a5","name":"Eduardo Vargas","image":{"@type":"ImageObject","inLanguage":"pt-BR","@id":"https:\/\/www.suno.com.br\/noticias\/#\/schema\/person\/image\/","url":"https:\/\/secure.gravatar.com\/avatar\/dac340933427a22924c9f99d1eb2e3f2?s=96&r=g","contentUrl":"https:\/\/secure.gravatar.com\/avatar\/dac340933427a22924c9f99d1eb2e3f2?s=96&r=g","caption":"Eduardo Vargas"},"description":"Jornalista formado pela UFSC, cobre macroeconomia, neg\u00f3cios e startups para o Suno Not\u00edcias, escrevendo principalmente not\u00edcias sobre o mercado financeiro e a bolsa de valores. No YouTube e no Instagram, \u00e9 respons\u00e1vel pela produ\u00e7\u00e3o de Reels e Shorts do Suno Not\u00edcias. Anteriormente, trabalhou cobrindo economia e cotidiano no ND+ e para o ND, maior jornal impresso de Santa Catarina. Cursou um semestre letivo de Estudos de M\u00eddia na Universidad de Buenos Aires.","url":"https:\/\/www.suno.com.br\/noticias\/author\/eduardo-vargas\/"}]}},"default_loop_html":"<div class=\"cardsPage__listCard__boxs\"><div class=\"cardsPage__listCard__boxs__img\"><a href=\"https:\/\/www.suno.com.br\/noticias\/ifood-ceo-lucro\/\"><img class=\"mask\" src=\"https:\/\/www.suno.com.br\/noticias\/wp-content\/themes\/suno\/resources\/images\/spotlight\/spotlight1img\/bg-mask.png\" alt=\"Image Mask\"\/><img src=\"https:\/\/files.sunoresearch.com.br\/n\/uploads\/2020\/06\/010dab32-ifodd-400x200.webp\" alt=\"iFood: CEO diz que lucro n\u00e3o \u00e9 prioridade no momento\"\/><\/a><span class=\"spotlightCategory\"><a href=\"https:\/\/www.suno.com.br\/noticias\/negocios\/\">Neg\u00f3cios<\/a><\/span><\/div><div class=\"cardsPage__listCard__boxs__content\"><a href=\"https:\/\/www.suno.com.br\/noticias\/ifood-ceo-lucro\/\"><h2 class=\"content__title\">iFood: CEO diz que lucro n\u00e3o \u00e9 prioridade no momento<\/h2><\/a><div class=\"newsContent__article__meta\"><div class=\"newsContent__article__meta__authorBox\"><a href=\"https:\/\/www.suno.com.br\/noticias\/author\/eduardo-vargas\/\" class=\"authorBox__avatar noMobi\"><img src=\"https:\/\/secure.gravatar.com\/avatar\/dac340933427a22924c9f99d1eb2e3f2?s=96&#038;r=g\" alt=\"Eduardo Vargas\"><\/a><div class=\"authorBox__name\"><span>por\n\t\t\t<a href=\"https:\/\/www.suno.com.br\/noticias\/author\/eduardo-vargas\/\"><span itemprop=\"author\">Eduardo Vargas<\/span><\/a><\/span><time datetime=\"2022-08-22T10:07:46-03:00\" itemprop=\"datePublished\">22\/08\/2022 10:07<\/time><\/div><\/div><\/div><\/div><\/div>","single_layout":"posts","amp_enabled":true,"_links":{"self":[{"href":"https:\/\/www.suno.com.br\/noticias\/wp-json\/wp\/v2\/posts\/287631"}],"collection":[{"href":"https:\/\/www.suno.com.br\/noticias\/wp-json\/wp\/v2\/posts"}],"about":[{"href":"https:\/\/www.suno.com.br\/noticias\/wp-json\/wp\/v2\/types\/post"}],"author":[{"embeddable":true,"href":"https:\/\/www.suno.com.br\/noticias\/wp-json\/wp\/v2\/users\/73"}],"replies":[{"embeddable":true,"href":"https:\/\/www.suno.com.br\/noticias\/wp-json\/wp\/v2\/comments?post=287631"}],"version-history":[{"count":3,"href":"https:\/\/www.suno.com.br\/noticias\/wp-json\/wp\/v2\/posts\/287631\/revisions"}],"predecessor-version":[{"id":287674,"href":"https:\/\/www.suno.com.br\/noticias\/wp-json\/wp\/v2\/posts\/287631\/revisions\/287674"}],"wp:featuredmedia":[{"embeddable":true,"href":"https:\/\/www.suno.com.br\/noticias\/wp-json\/wp\/v2\/media\/69654"}],"wp:attachment":[{"href":"https:\/\/www.suno.com.br\/noticias\/wp-json\/wp\/v2\/media?parent=287631"}],"wp:term":[{"taxonomy":"category","embeddable":true,"href":"https:\/\/www.suno.com.br\/noticias\/wp-json\/wp\/v2\/categories?post=287631"},{"taxonomy":"post_tag","embeddable":true,"href":"https:\/\/www.suno.com.br\/noticias\/wp-json\/wp\/v2\/tags?post=287631"},{"taxonomy":"suno_strategy","embeddable":true,"href":"https:\/\/www.suno.com.br\/noticias\/wp-json\/wp\/v2\/suno_strategy?post=287631"}],"curies":[{"name":"wp","href":"https:\/\/api.w.org\/{rel}","templated":true}]}}