{"id":287599,"date":"2022-08-21T14:34:35","date_gmt":"2022-08-21T17:34:35","guid":{"rendered":"https:\/\/www.suno.com.br\/noticias\/?p=287599"},"modified":"2022-08-21T14:34:35","modified_gmt":"2022-08-21T17:34:35","slug":"lula-recua-tira-regulacao-do-agro-diretrizes-governo-tse","status":"publish","type":"post","link":"https:\/\/www.suno.com.br\/noticias\/lula-recua-tira-regulacao-do-agro-diretrizes-governo-tse\/","title":{"rendered":"Lula: campanha recua e tira &#8216;regula\u00e7\u00e3o do agro&#8217; de diretrizes de governo"},"content":{"rendered":"<p>A campanha do ex-presidente <strong>Luiz In\u00e1cio Lula da Silva (PT)<\/strong> recuou da proposta de regulamentar o agro brasileiro. Uma nova vers\u00e3o do documento &#8220;Diretrizes para o Programa de Reconstru\u00e7\u00e3o e Transforma\u00e7\u00e3o do Brasil&#8221; foi enviada ao Tribunal Superior Eleitoral (TSE) e suprimiu o trecho que trazia a inten\u00e7\u00e3o de &#8220;regula\u00e7\u00e3o da agroind\u00fastria&#8221;. A informa\u00e7\u00e3o \u00e9 do jornal O Estado de S. Paulo.<\/p>\t<div class=\"wrapper-featured-image\">\n\t\t<figure class=\"spotlightImg\">\n\n\t\t\t<picture>\n\t\t\t\t<source media=\"(max-width: 768px)\" srcset=\"https:\/\/files.sunoresearch.com.br\/n\/uploads\/2019\/06\/9fc0ca2e-lula-400x200.webp\">\n\t\t\t\t<img loading=\"lazy\" decoding=\"async\" class=\"newsContent__article__imgCapa lazyloadDisabled \" src=\"https:\/\/files.sunoresearch.com.br\/n\/uploads\/2019\/06\/9fc0ca2e-lula-800x450.webp\" width=\"800\" height=\"450\" alt=\"Lula: campanha recua e tira &#8216;regula\u00e7\u00e3o do agro&#8217; de diretrizes de governo\" fetchpriority=high \/>\n\t\t\t<\/picture>\n\n\t\t\t<figcaption class=\"wp-caption-text wp-caption-text--show\">Campanha de Lula retirou a men\u00e7\u00e3o de &quot;regula\u00e7\u00e3o da agroind\u00fastria&quot; de suas diretrizes de governo. <\/figcaption>\n\t\t<\/figure>\n\t<\/div>\n\n\n\t<p>\n\t\t<a href=\"\" target=\"_blank\" data-element=\"shortcode-suno-banner\" title=\"Banner SUNO, clique e saiba mais\">\n\t\t\t<picture>\n\t\t\t\t<source media=\"(max-width: 500px)\" srcset=\"\">\n\t\t\t\t<img class=\"newsContent__article__imgCapa newsContent__article__imgCapa--banner\"\n\t\t\t\t\tsrc=\"\"\n\t\t\t\t\tdata-promo-id=\"264348\"\t\t\t\t\t\t\t\t\t\t\t\t\t\t\talt=\"\"\n\t\t\t\t>\n\t\t\t<\/picture>\n\t\t<\/a>\n\t<\/p>\n\n\n<p>Lula vinha sendo criticado pela proposta que aparecia no item 69 do documento. O texto dizia ser &#8220;imprescind\u00edvel agregar valor \u00e0 produ\u00e7\u00e3o agr\u00edcola, com regula\u00e7\u00e3o e a constitui\u00e7\u00e3o de uma<br \/>\nagroind\u00fastria de primeira linha&#8221;. A nova vers\u00e3o, enviada ao TSE neste s\u00e1bado, fala em &#8220;agregar valor \u00e0 produ\u00e7\u00e3o agr\u00edcola com a constitui\u00e7\u00e3o de uma agroind\u00fastria de primeira linha&#8221;.<\/p>\n<p>Principal rival de Lula na elei\u00e7\u00e3o presidencial deste ano, o presidente <strong>Jair Bolsonaro (PL)<\/strong> j\u00e1 disse que o petista pretense desistimular o agroneg\u00f3cio no que seria uma interfer\u00eancia indevida do estado no setor, que constitui importante base eleitoral do atual chefe do Executivo.<\/p>\n\t<p>\n\t\t<a href=\"\" target=\"_blank\" data-element=\"shortcode-suno-banner\" title=\"Banner SUNO, clique e saiba mais\">\n\t\t\t<picture>\n\t\t\t\t<source media=\"(max-width: 500px)\" srcset=\"\">\n\t\t\t\t<img class=\"newsContent__article__imgCapa newsContent__article__imgCapa--banner\"\n\t\t\t\t\tsrc=\"\"\n\t\t\t\t\tdata-promo-id=\"286008\"\t\t\t\t\t\t\t\t\t\t\t\t\t\t\talt=\"\"\n\t\t\t\t>\n\t\t\t<\/picture>\n\t\t<\/a>\n\t<\/p>\n\n\n<p>A \u00faltima pesquisa Datafolha, divulgada na \u00faltima quinta-feira (18), mostra que Bolsonaro \u00e9 mais competitivo nas regi\u00f5es em que o agroneg\u00f3cio tem mais relev\u00e2ncia econ\u00f4mica, vencendo Lula nas simula\u00e7\u00f5es de segundo turno no Norte (48% a 46%) e no Centro-Oeste (48% a 47%), ainda que dentro da margem de erro, que \u00e9 de dois pontos percentuais para mais ou para menos. No plano nacional, Lula tem 54% contra 37% de Bolsonaro.<\/p>\n","protected":false},"excerpt":{"rendered":"<p>A campanha do ex-presidente Luiz In\u00e1cio Lula da Silva (PT) recuou da proposta de regulamentar o agro brasileiro. Uma nova vers\u00e3o do documento &#8220;Diretrizes para o Programa de Reconstru\u00e7\u00e3o e Transforma\u00e7\u00e3o do Brasil&#8221; foi enviada ao Tribunal Superior Eleitoral (TSE) e suprimiu o trecho que trazia a inten\u00e7\u00e3o de &#8220;regula\u00e7\u00e3o da agroind\u00fastria&#8221;. A informa\u00e7\u00e3o \u00e9 [&hellip;]<\/p>\n","protected":false},"author":111,"featured_media":29143,"comment_status":"closed","ping_status":"closed","sticky":false,"template":"","format":"standard","meta":[],"categories":[61],"tags":[1121,697,709],"suno_strategy":[],"class_list":["post-287599","post","type-post","status-publish","format-standard","has-post-thumbnail","hentry","category-politica","tag-agronegocio","tag-eleicoes","tag-lula"],"yoast_head":"<!-- This site is optimized with the Yoast SEO plugin v24.4 - https:\/\/yoast.com\/wordpress\/plugins\/seo\/ -->\n<title>Lula: campanha recua e tira &#039;regula\u00e7\u00e3o do agro&#039; de diretrizes de governo Lula: campanha recua e tira &#039;regula\u00e7\u00e3o do agro&#039; de diretrizes de governo<\/title>\n<meta name=\"description\" content=\"A campanha do ex-presidente Luiz In\u00e1cio Lula da Silva (PT) recuou da proposta de regulamentar o agro brasileiro.\" \/>\n<meta name=\"robots\" content=\"index, follow, max-snippet:-1, max-image-preview:large, max-video-preview:-1\" \/>\n<link rel=\"canonical\" href=\"https:\/\/www.suno.com.br\/noticias\/lula-recua-tira-regulacao-do-agro-diretrizes-governo-tse\/\" \/>\n<meta property=\"og:locale\" content=\"pt_BR\" \/>\n<meta property=\"og:type\" content=\"article\" \/>\n<meta property=\"og:title\" content=\"Lula: campanha recua e tira &#039;regula\u00e7\u00e3o do agro&#039; de diretrizes de governo Lula: campanha recua e tira &#039;regula\u00e7\u00e3o do agro&#039; de diretrizes de governo\" \/>\n<meta property=\"og:description\" content=\"A campanha do ex-presidente Luiz In\u00e1cio Lula da Silva (PT) recuou da proposta de regulamentar o agro brasileiro.\" \/>\n<meta property=\"og:url\" content=\"https:\/\/www.suno.com.br\/noticias\/lula-recua-tira-regulacao-do-agro-diretrizes-governo-tse\/\" \/>\n<meta property=\"og:site_name\" content=\"Suno Not\u00edcias\" \/>\n<meta property=\"article:publisher\" content=\"https:\/\/facebook.com\/sunoresearch\" \/>\n<meta property=\"og:image\" content=\"https:\/\/files.sunoresearch.com.br\/n\/uploads\/2019\/06\/9fc0ca2e-lula.jpg\" \/>\n\t<meta property=\"og:image:width\" content=\"1533\" \/>\n\t<meta property=\"og:image:height\" content=\"1045\" \/>\n\t<meta property=\"og:image:type\" content=\"image\/jpeg\" \/>\n<meta name=\"author\" content=\"Gregory Prudenciano\" \/>\n<meta name=\"twitter:card\" content=\"summary_large_image\" \/>\n<meta name=\"twitter:creator\" content=\"@sunoresearch\" \/>\n<meta name=\"twitter:site\" content=\"@sunoresearch\" \/>\n<meta name=\"twitter:label1\" content=\"Escrito por\" \/>\n\t<meta name=\"twitter:data1\" content=\"Gregory Prudenciano\" \/>\n\t<meta name=\"twitter:label2\" content=\"Est. tempo de leitura\" \/>\n\t<meta name=\"twitter:data2\" content=\"2 minutos\" \/>\n<script type=\"application\/ld+json\" class=\"yoast-schema-graph\">{\"@context\":\"https:\/\/schema.org\",\"@graph\":[{\"@type\":\"NewsArticle\",\"@id\":\"https:\/\/www.suno.com.br\/noticias\/lula-recua-tira-regulacao-do-agro-diretrizes-governo-tse\/#article\",\"isPartOf\":{\"@id\":\"https:\/\/www.suno.com.br\/noticias\/lula-recua-tira-regulacao-do-agro-diretrizes-governo-tse\/\"},\"author\":{\"name\":\"Gregory Prudenciano\",\"@id\":\"https:\/\/www.suno.com.br\/noticias\/#\/schema\/person\/da91b98f4bb07e19f6fe797f0827ccee\"},\"headline\":\"Lula: campanha recua e tira &#8216;regula\u00e7\u00e3o do agro&#8217; de diretrizes de governo\",\"datePublished\":\"2022-08-21T17:34:35+00:00\",\"mainEntityOfPage\":{\"@id\":\"https:\/\/www.suno.com.br\/noticias\/lula-recua-tira-regulacao-do-agro-diretrizes-governo-tse\/\"},\"wordCount\":268,\"publisher\":{\"@id\":\"https:\/\/www.suno.com.br\/noticias\/#organization\"},\"image\":{\"@id\":\"https:\/\/www.suno.com.br\/noticias\/lula-recua-tira-regulacao-do-agro-diretrizes-governo-tse\/#primaryimage\"},\"thumbnailUrl\":\"https:\/\/files.sunoresearch.com.br\/n\/uploads\/2019\/06\/9fc0ca2e-lula-jpg.webp\",\"keywords\":[\"Agroneg\u00f3cio\",\"Elei\u00e7\u00f5es\",\"Lula\"],\"articleSection\":[\"Pol\u00edtica\"],\"inLanguage\":\"pt-BR\"},{\"@type\":\"WebPage\",\"@id\":\"https:\/\/www.suno.com.br\/noticias\/lula-recua-tira-regulacao-do-agro-diretrizes-governo-tse\/\",\"url\":\"https:\/\/www.suno.com.br\/noticias\/lula-recua-tira-regulacao-do-agro-diretrizes-governo-tse\/\",\"name\":\"Lula: campanha recua e tira 'regula\u00e7\u00e3o do agro' de diretrizes de governo Lula: campanha recua e tira 'regula\u00e7\u00e3o do agro' de diretrizes de governo\",\"isPartOf\":{\"@id\":\"https:\/\/www.suno.com.br\/noticias\/#website\"},\"primaryImageOfPage\":{\"@id\":\"https:\/\/www.suno.com.br\/noticias\/lula-recua-tira-regulacao-do-agro-diretrizes-governo-tse\/#primaryimage\"},\"image\":{\"@id\":\"https:\/\/www.suno.com.br\/noticias\/lula-recua-tira-regulacao-do-agro-diretrizes-governo-tse\/#primaryimage\"},\"thumbnailUrl\":\"https:\/\/files.sunoresearch.com.br\/n\/uploads\/2019\/06\/9fc0ca2e-lula-jpg.webp\",\"datePublished\":\"2022-08-21T17:34:35+00:00\",\"description\":\"A campanha do ex-presidente Luiz In\u00e1cio Lula da Silva (PT) recuou da proposta de regulamentar o agro brasileiro.\",\"breadcrumb\":{\"@id\":\"https:\/\/www.suno.com.br\/noticias\/lula-recua-tira-regulacao-do-agro-diretrizes-governo-tse\/#breadcrumb\"},\"inLanguage\":\"pt-BR\",\"potentialAction\":[{\"@type\":\"ReadAction\",\"target\":[\"https:\/\/www.suno.com.br\/noticias\/lula-recua-tira-regulacao-do-agro-diretrizes-governo-tse\/\"]}]},{\"@type\":\"ImageObject\",\"inLanguage\":\"pt-BR\",\"@id\":\"https:\/\/www.suno.com.br\/noticias\/lula-recua-tira-regulacao-do-agro-diretrizes-governo-tse\/#primaryimage\",\"url\":\"https:\/\/files.sunoresearch.com.br\/n\/uploads\/2019\/06\/9fc0ca2e-lula-jpg.webp\",\"contentUrl\":\"https:\/\/files.sunoresearch.com.br\/n\/uploads\/2019\/06\/9fc0ca2e-lula-jpg.webp\",\"width\":1533,\"height\":1045,\"caption\":\"Campanha de Lula retirou a men\u00e7\u00e3o de \\\"regula\u00e7\u00e3o da agroind\u00fastria\\\" de suas diretrizes de governo.\"},{\"@type\":\"BreadcrumbList\",\"@id\":\"https:\/\/www.suno.com.br\/noticias\/lula-recua-tira-regulacao-do-agro-diretrizes-governo-tse\/#breadcrumb\",\"itemListElement\":[{\"@type\":\"ListItem\",\"position\":1,\"name\":\"Not\u00edcias\",\"item\":\"https:\/\/www.suno.com.br\/noticias\/\"},{\"@type\":\"ListItem\",\"position\":2,\"name\":\"Pol\u00edtica\",\"item\":\"https:\/\/www.suno.com.br\/noticias\/politica\/\"},{\"@type\":\"ListItem\",\"position\":3,\"name\":\"Lula: campanha recua e tira &#8216;regula\u00e7\u00e3o do agro&#8217; de diretrizes de governo\"}]},{\"@type\":\"WebSite\",\"@id\":\"https:\/\/www.suno.com.br\/noticias\/#website\",\"url\":\"https:\/\/www.suno.com.br\/noticias\/\",\"name\":\"Suno Not\u00edcias\",\"description\":\"Seu portal de informa\u00e7\u00e3o sobre o mundo dos investimentos\",\"publisher\":{\"@id\":\"https:\/\/www.suno.com.br\/noticias\/#organization\"},\"potentialAction\":[{\"@type\":\"SearchAction\",\"target\":{\"@type\":\"EntryPoint\",\"urlTemplate\":\"https:\/\/www.suno.com.br\/noticias\/?s={search_term_string}\"},\"query-input\":{\"@type\":\"PropertyValueSpecification\",\"valueRequired\":true,\"valueName\":\"search_term_string\"}}],\"inLanguage\":\"pt-BR\"},{\"@type\":\"Organization\",\"@id\":\"https:\/\/www.suno.com.br\/noticias\/#organization\",\"name\":\"Suno Not\u00edcias\",\"url\":\"https:\/\/www.suno.com.br\/noticias\/\",\"logo\":{\"@type\":\"ImageObject\",\"inLanguage\":\"pt-BR\",\"@id\":\"https:\/\/www.suno.com.br\/noticias\/#\/schema\/logo\/image\/\",\"url\":\"https:\/\/files.sunoresearch.com.br\/n\/uploads\/2021\/09\/suno-logo.png\",\"contentUrl\":\"https:\/\/files.sunoresearch.com.br\/n\/uploads\/2021\/09\/suno-logo.png\",\"width\":180,\"height\":180,\"caption\":\"Suno Not\u00edcias\"},\"image\":{\"@id\":\"https:\/\/www.suno.com.br\/noticias\/#\/schema\/logo\/image\/\"},\"sameAs\":[\"https:\/\/facebook.com\/sunoresearch\",\"https:\/\/x.com\/sunoresearch\",\"https:\/\/www.instagram.com\/suno\",\"https:\/\/www.linkedin.com\/company\/suno-research\/\",\"https:\/\/www.youtube.com\/c\/sunoresearch\"]},{\"@type\":\"Person\",\"@id\":\"https:\/\/www.suno.com.br\/noticias\/#\/schema\/person\/da91b98f4bb07e19f6fe797f0827ccee\",\"name\":\"Gregory Prudenciano\",\"image\":{\"@type\":\"ImageObject\",\"inLanguage\":\"pt-BR\",\"@id\":\"https:\/\/www.suno.com.br\/noticias\/#\/schema\/person\/image\/\",\"url\":\"https:\/\/secure.gravatar.com\/avatar\/a1a3184084b4e5c438b40b55330461f8?s=96&r=g\",\"contentUrl\":\"https:\/\/secure.gravatar.com\/avatar\/a1a3184084b4e5c438b40b55330461f8?s=96&r=g\",\"caption\":\"Gregory Prudenciano\"},\"description\":\"Editor multim\u00eddia na Suno Not\u00edcias. Jornalista formado pela C\u00e1sper L\u00edbero, com especializa\u00e7\u00e3o em jornalismo econ\u00f4mico pela funda\u00e7\u00e3o Getulio Vargas e Grupo Estado. Passou pela Ag\u00eancia Estado e pela CNN Brasil.\",\"url\":\"https:\/\/www.suno.com.br\/noticias\/author\/gregory-prudenciano\/\"}]}<\/script>\n<!-- \/ Yoast SEO plugin. -->","yoast_head_json":{"title":"Lula: campanha recua e tira 'regula\u00e7\u00e3o do agro' de diretrizes de governo Lula: campanha recua e tira 'regula\u00e7\u00e3o do agro' de diretrizes de governo","description":"A campanha do ex-presidente Luiz In\u00e1cio Lula da Silva (PT) recuou da proposta de regulamentar o agro brasileiro.","robots":{"index":"index","follow":"follow","max-snippet":"max-snippet:-1","max-image-preview":"max-image-preview:large","max-video-preview":"max-video-preview:-1"},"canonical":"https:\/\/www.suno.com.br\/noticias\/lula-recua-tira-regulacao-do-agro-diretrizes-governo-tse\/","og_locale":"pt_BR","og_type":"article","og_title":"Lula: campanha recua e tira 'regula\u00e7\u00e3o do agro' de diretrizes de governo Lula: campanha recua e tira 'regula\u00e7\u00e3o do agro' de diretrizes de governo","og_description":"A campanha do ex-presidente Luiz In\u00e1cio Lula da Silva (PT) recuou da proposta de regulamentar o agro brasileiro.","og_url":"https:\/\/www.suno.com.br\/noticias\/lula-recua-tira-regulacao-do-agro-diretrizes-governo-tse\/","og_site_name":"Suno Not\u00edcias","article_publisher":"https:\/\/facebook.com\/sunoresearch","og_image":[{"width":1533,"height":1045,"url":"https:\/\/files.sunoresearch.com.br\/n\/uploads\/2019\/06\/9fc0ca2e-lula.jpg","type":"image\/jpeg"}],"author":"Gregory Prudenciano","twitter_card":"summary_large_image","twitter_creator":"@sunoresearch","twitter_site":"@sunoresearch","twitter_misc":{"Escrito por":"Gregory Prudenciano","Est. tempo de leitura":"2 minutos"},"schema":{"@context":"https:\/\/schema.org","@graph":[{"@type":"NewsArticle","@id":"https:\/\/www.suno.com.br\/noticias\/lula-recua-tira-regulacao-do-agro-diretrizes-governo-tse\/#article","isPartOf":{"@id":"https:\/\/www.suno.com.br\/noticias\/lula-recua-tira-regulacao-do-agro-diretrizes-governo-tse\/"},"author":{"name":"Gregory Prudenciano","@id":"https:\/\/www.suno.com.br\/noticias\/#\/schema\/person\/da91b98f4bb07e19f6fe797f0827ccee"},"headline":"Lula: campanha recua e tira &#8216;regula\u00e7\u00e3o do agro&#8217; de diretrizes de governo","datePublished":"2022-08-21T17:34:35+00:00","mainEntityOfPage":{"@id":"https:\/\/www.suno.com.br\/noticias\/lula-recua-tira-regulacao-do-agro-diretrizes-governo-tse\/"},"wordCount":268,"publisher":{"@id":"https:\/\/www.suno.com.br\/noticias\/#organization"},"image":{"@id":"https:\/\/www.suno.com.br\/noticias\/lula-recua-tira-regulacao-do-agro-diretrizes-governo-tse\/#primaryimage"},"thumbnailUrl":"https:\/\/files.sunoresearch.com.br\/n\/uploads\/2019\/06\/9fc0ca2e-lula-jpg.webp","keywords":["Agroneg\u00f3cio","Elei\u00e7\u00f5es","Lula"],"articleSection":["Pol\u00edtica"],"inLanguage":"pt-BR"},{"@type":"WebPage","@id":"https:\/\/www.suno.com.br\/noticias\/lula-recua-tira-regulacao-do-agro-diretrizes-governo-tse\/","url":"https:\/\/www.suno.com.br\/noticias\/lula-recua-tira-regulacao-do-agro-diretrizes-governo-tse\/","name":"Lula: campanha recua e tira 'regula\u00e7\u00e3o do agro' de diretrizes de governo Lula: campanha recua e tira 'regula\u00e7\u00e3o do agro' de diretrizes de governo","isPartOf":{"@id":"https:\/\/www.suno.com.br\/noticias\/#website"},"primaryImageOfPage":{"@id":"https:\/\/www.suno.com.br\/noticias\/lula-recua-tira-regulacao-do-agro-diretrizes-governo-tse\/#primaryimage"},"image":{"@id":"https:\/\/www.suno.com.br\/noticias\/lula-recua-tira-regulacao-do-agro-diretrizes-governo-tse\/#primaryimage"},"thumbnailUrl":"https:\/\/files.sunoresearch.com.br\/n\/uploads\/2019\/06\/9fc0ca2e-lula-jpg.webp","datePublished":"2022-08-21T17:34:35+00:00","description":"A campanha do ex-presidente Luiz In\u00e1cio Lula da Silva (PT) recuou da proposta de regulamentar o agro brasileiro.","breadcrumb":{"@id":"https:\/\/www.suno.com.br\/noticias\/lula-recua-tira-regulacao-do-agro-diretrizes-governo-tse\/#breadcrumb"},"inLanguage":"pt-BR","potentialAction":[{"@type":"ReadAction","target":["https:\/\/www.suno.com.br\/noticias\/lula-recua-tira-regulacao-do-agro-diretrizes-governo-tse\/"]}]},{"@type":"ImageObject","inLanguage":"pt-BR","@id":"https:\/\/www.suno.com.br\/noticias\/lula-recua-tira-regulacao-do-agro-diretrizes-governo-tse\/#primaryimage","url":"https:\/\/files.sunoresearch.com.br\/n\/uploads\/2019\/06\/9fc0ca2e-lula-jpg.webp","contentUrl":"https:\/\/files.sunoresearch.com.br\/n\/uploads\/2019\/06\/9fc0ca2e-lula-jpg.webp","width":1533,"height":1045,"caption":"Campanha de Lula retirou a men\u00e7\u00e3o de \"regula\u00e7\u00e3o da agroind\u00fastria\" de suas diretrizes de governo."},{"@type":"BreadcrumbList","@id":"https:\/\/www.suno.com.br\/noticias\/lula-recua-tira-regulacao-do-agro-diretrizes-governo-tse\/#breadcrumb","itemListElement":[{"@type":"ListItem","position":1,"name":"Not\u00edcias","item":"https:\/\/www.suno.com.br\/noticias\/"},{"@type":"ListItem","position":2,"name":"Pol\u00edtica","item":"https:\/\/www.suno.com.br\/noticias\/politica\/"},{"@type":"ListItem","position":3,"name":"Lula: campanha recua e tira &#8216;regula\u00e7\u00e3o do agro&#8217; de diretrizes de governo"}]},{"@type":"WebSite","@id":"https:\/\/www.suno.com.br\/noticias\/#website","url":"https:\/\/www.suno.com.br\/noticias\/","name":"Suno Not\u00edcias","description":"Seu portal de informa\u00e7\u00e3o sobre o mundo dos investimentos","publisher":{"@id":"https:\/\/www.suno.com.br\/noticias\/#organization"},"potentialAction":[{"@type":"SearchAction","target":{"@type":"EntryPoint","urlTemplate":"https:\/\/www.suno.com.br\/noticias\/?s={search_term_string}"},"query-input":{"@type":"PropertyValueSpecification","valueRequired":true,"valueName":"search_term_string"}}],"inLanguage":"pt-BR"},{"@type":"Organization","@id":"https:\/\/www.suno.com.br\/noticias\/#organization","name":"Suno Not\u00edcias","url":"https:\/\/www.suno.com.br\/noticias\/","logo":{"@type":"ImageObject","inLanguage":"pt-BR","@id":"https:\/\/www.suno.com.br\/noticias\/#\/schema\/logo\/image\/","url":"https:\/\/files.sunoresearch.com.br\/n\/uploads\/2021\/09\/suno-logo.png","contentUrl":"https:\/\/files.sunoresearch.com.br\/n\/uploads\/2021\/09\/suno-logo.png","width":180,"height":180,"caption":"Suno Not\u00edcias"},"image":{"@id":"https:\/\/www.suno.com.br\/noticias\/#\/schema\/logo\/image\/"},"sameAs":["https:\/\/facebook.com\/sunoresearch","https:\/\/x.com\/sunoresearch","https:\/\/www.instagram.com\/suno","https:\/\/www.linkedin.com\/company\/suno-research\/","https:\/\/www.youtube.com\/c\/sunoresearch"]},{"@type":"Person","@id":"https:\/\/www.suno.com.br\/noticias\/#\/schema\/person\/da91b98f4bb07e19f6fe797f0827ccee","name":"Gregory Prudenciano","image":{"@type":"ImageObject","inLanguage":"pt-BR","@id":"https:\/\/www.suno.com.br\/noticias\/#\/schema\/person\/image\/","url":"https:\/\/secure.gravatar.com\/avatar\/a1a3184084b4e5c438b40b55330461f8?s=96&r=g","contentUrl":"https:\/\/secure.gravatar.com\/avatar\/a1a3184084b4e5c438b40b55330461f8?s=96&r=g","caption":"Gregory Prudenciano"},"description":"Editor multim\u00eddia na Suno Not\u00edcias. Jornalista formado pela C\u00e1sper L\u00edbero, com especializa\u00e7\u00e3o em jornalismo econ\u00f4mico pela funda\u00e7\u00e3o Getulio Vargas e Grupo Estado. Passou pela Ag\u00eancia Estado e pela CNN Brasil.","url":"https:\/\/www.suno.com.br\/noticias\/author\/gregory-prudenciano\/"}]}},"default_loop_html":"<div class=\"cardsPage__listCard__boxs\"><div class=\"cardsPage__listCard__boxs__img\"><a href=\"https:\/\/www.suno.com.br\/noticias\/lula-recua-tira-regulacao-do-agro-diretrizes-governo-tse\/\"><img class=\"mask\" src=\"https:\/\/www.suno.com.br\/noticias\/wp-content\/themes\/suno\/resources\/images\/spotlight\/spotlight1img\/bg-mask.png\" alt=\"Image Mask\"\/><img src=\"https:\/\/files.sunoresearch.com.br\/n\/uploads\/2019\/06\/9fc0ca2e-lula-400x200.webp\" alt=\"Lula: campanha recua e tira &#8216;regula\u00e7\u00e3o do agro&#8217; de diretrizes de governo\"\/><\/a><span class=\"spotlightCategory\"><a href=\"https:\/\/www.suno.com.br\/noticias\/politica\/\">Pol\u00edtica<\/a><\/span><\/div><div class=\"cardsPage__listCard__boxs__content\"><a href=\"https:\/\/www.suno.com.br\/noticias\/lula-recua-tira-regulacao-do-agro-diretrizes-governo-tse\/\"><h2 class=\"content__title\">Lula: campanha recua e tira &#8216;regula\u00e7\u00e3o do agro&#8217; de diretrizes de governo<\/h2><\/a><div class=\"newsContent__article__meta\"><div class=\"newsContent__article__meta__authorBox\"><a href=\"https:\/\/www.suno.com.br\/noticias\/author\/gregory-prudenciano\/\" class=\"authorBox__avatar noMobi\"><img src=\"https:\/\/secure.gravatar.com\/avatar\/a1a3184084b4e5c438b40b55330461f8?s=96&#038;r=g\" alt=\"Gregory Prudenciano\"><\/a><div class=\"authorBox__name\"><span>por\n\t\t\t<a href=\"https:\/\/www.suno.com.br\/noticias\/author\/gregory-prudenciano\/\"><span itemprop=\"author\">Gregory Prudenciano<\/span><\/a><\/span><time datetime=\"2022-08-21T14:34:35-03:00\" itemprop=\"datePublished\">21\/08\/2022 14:34<\/time><\/div><\/div><\/div><\/div><\/div>","single_layout":"posts","amp_enabled":true,"_links":{"self":[{"href":"https:\/\/www.suno.com.br\/noticias\/wp-json\/wp\/v2\/posts\/287599"}],"collection":[{"href":"https:\/\/www.suno.com.br\/noticias\/wp-json\/wp\/v2\/posts"}],"about":[{"href":"https:\/\/www.suno.com.br\/noticias\/wp-json\/wp\/v2\/types\/post"}],"author":[{"embeddable":true,"href":"https:\/\/www.suno.com.br\/noticias\/wp-json\/wp\/v2\/users\/111"}],"replies":[{"embeddable":true,"href":"https:\/\/www.suno.com.br\/noticias\/wp-json\/wp\/v2\/comments?post=287599"}],"version-history":[{"count":2,"href":"https:\/\/www.suno.com.br\/noticias\/wp-json\/wp\/v2\/posts\/287599\/revisions"}],"predecessor-version":[{"id":287602,"href":"https:\/\/www.suno.com.br\/noticias\/wp-json\/wp\/v2\/posts\/287599\/revisions\/287602"}],"wp:featuredmedia":[{"embeddable":true,"href":"https:\/\/www.suno.com.br\/noticias\/wp-json\/wp\/v2\/media\/29143"}],"wp:attachment":[{"href":"https:\/\/www.suno.com.br\/noticias\/wp-json\/wp\/v2\/media?parent=287599"}],"wp:term":[{"taxonomy":"category","embeddable":true,"href":"https:\/\/www.suno.com.br\/noticias\/wp-json\/wp\/v2\/categories?post=287599"},{"taxonomy":"post_tag","embeddable":true,"href":"https:\/\/www.suno.com.br\/noticias\/wp-json\/wp\/v2\/tags?post=287599"},{"taxonomy":"suno_strategy","embeddable":true,"href":"https:\/\/www.suno.com.br\/noticias\/wp-json\/wp\/v2\/suno_strategy?post=287599"}],"curies":[{"name":"wp","href":"https:\/\/api.w.org\/{rel}","templated":true}]}}