{"id":28695,"date":"2019-06-19T20:24:52","date_gmt":"2019-06-19T23:24:52","guid":{"rendered":"https:\/\/www.suno.com.br\/noticias\/?p=28695"},"modified":"2019-06-19T20:27:01","modified_gmt":"2019-06-19T23:27:01","slug":"apple-tirar-producao-china","status":"publish","type":"post","link":"https:\/\/www.suno.com.br\/noticias\/apple-tirar-producao-china\/","title":{"rendered":"Apple pretende tirar at\u00e9 30% de sua produ\u00e7\u00e3o da China"},"content":{"rendered":"<p>A Apple informou que pretende transferir entre 15% a 30% de sua produ\u00e7\u00e3o da <strong>China<\/strong> para o Sudeste Asi\u00e1tico. A informa\u00e7\u00e3o foi divulgada nesta quarta-feira (18) pelo jornal\u00a0Nikkei Asian Review.<\/p>\t<div class=\"wrapper-featured-image\">\n\t\t<figure class=\"spotlightImg\">\n\n\t\t\t<picture>\n\t\t\t\t<source media=\"(max-width: 768px)\" srcset=\"https:\/\/files.sunoresearch.com.br\/n\/uploads\/2019\/06\/f03867fb-apple-400x200.webp\">\n\t\t\t\t<img loading=\"lazy\" decoding=\"async\" class=\"newsContent__article__imgCapa lazyloadDisabled newsContent__article__imgCapa--noCaption\" src=\"https:\/\/files.sunoresearch.com.br\/n\/uploads\/2019\/06\/f03867fb-apple-jpg.webp\" width=\"800\" height=\"450\" alt=\"Apple pretende tirar at\u00e9 30% de sua produ\u00e7\u00e3o da China\" fetchpriority=high \/>\n\t\t\t<\/picture>\n\n\t\t\t<figcaption class=\"wp-caption-text wp-caption-text--hide\">Por que a Apple poderia criar um buscador pr\u00f3prio<\/figcaption>\n\t\t<\/figure>\n\t<\/div>\n\n\n<p>Segundo o ve\u00edculo, a <strong>Apple\u00a0<\/strong>pediu aos seus fornecedores que avaliem os custos da mudan\u00e7a. Durante esse per\u00edodo, a empresa estar\u00e1 se preparando para reestruturar sua cadeia de fornecimento.<\/p>\n\t<p>\n\t\t<a href=\"https:\/\/lp2.suno.com.br\/cl\/black-friday-2025\/?utm_campaign=_SNCDF0E4858_\" target=\"_blank\" data-element=\"shortcode-suno-banner\" title=\"Banner SUNO, clique e saiba mais\">\n\t\t\t<picture>\n\t\t\t\t<source media=\"(max-width: 500px)\" srcset=\"https:\/\/files.sunoresearch.com.br\/n\/uploads\/2025\/10\/Artigos-e-Noticias-Banner-Home-artigos-01-Mobile_-400x300-1-png.webp\">\n\t\t\t\t<img class=\"newsContent__article__imgCapa newsContent__article__imgCapa--banner\"\n\t\t\t\t\tsrc=\"https:\/\/files.sunoresearch.com.br\/n\/uploads\/2025\/10\/Artigos-e-Noticias-Banner-Home-artigos-01-Desktop_-1420x240-1-png.webp\"\n\t\t\t\t\tdata-promo-id=\"311259\"\t\t\t\t\t\t\t\t\t\twidth='1420' height='240'\t\t\t\t\talt=\"https:\/\/files.sunoresearch.com.br\/n\/uploads\/2025\/10\/Artigos-e-Noticias-Banner-Home-artigos-01-Desktop_-1420x240-1-png.webp\"\n\t\t\t\t>\n\t\t\t<\/picture>\n\t\t<\/a>\n\t<\/p>\n\n\n<p>A empresa norte-americana informou que os riscos de depender da fabrica\u00e7\u00e3o na China s\u00e3o crescentes e muito grandes.<\/p>\n<p>O jornal ainda informou que diversas f\u00e1bricas diretamente relacionadas aos produtos fabricados pela companhia foram convidadas a estudar op\u00e7\u00f5es fora da China.<\/p>\n<p>As f\u00e1bricas Foxconn, Pegatron, Wistron, que produzem o Iphone, as produtoras de Airpods Inventec, Luxshare-ICT e Goertek e a Quanta Computer, maior fabricante dos computadores MacBook da <strong>Apple<\/strong>, s\u00e3o algumas das empresas que podem diminuir a produ\u00e7\u00e3o no pa\u00eds.<\/p>\n<p>Os pa\u00edses considerados favoritos para a realoca\u00e7\u00e3o das produtoras s\u00e3o o\u00a0M\u00e9xico, \u00cdndia, Vietn\u00e3, Indon\u00e9sia e Mal\u00e1sia. Para a produ\u00e7\u00e3o de smartphones, a companhia tem prefer\u00eancia para a \u00cdndia e o Vietn\u00e3.<\/p>\n<p>O tempo estimado pelo <strong>Nikkei\u00a0<\/strong>para que a transfer\u00eancia ocorra \u00e9 de 2 a 3 anos para 15% da produ\u00e7\u00e3o. Esse seria o tempo m\u00ednimo por conta da complexidade da opera\u00e7\u00e3o.<\/p>\n\t<p>\n\t\t<a href=\"https:\/\/lp.suno.com.br\/ebook-como-analisar-uma-acao\/\" target=\"_blank\" data-element=\"shortcode-suno-banner\" title=\"Banner SUNO, clique e saiba mais\">\n\t\t\t<picture>\n\t\t\t\t<source media=\"(max-width: 500px)\" srcset=\"https:\/\/files.sunoresearch.com.br\/n\/uploads\/2023\/03\/Ebook-Acoes-Mobile.jpg\">\n\t\t\t\t<img class=\"newsContent__article__imgCapa newsContent__article__imgCapa--banner\"\n\t\t\t\t\tsrc=\"https:\/\/files.sunoresearch.com.br\/n\/uploads\/2023\/03\/Ebook-Acoes-Desktop.jpg\"\n\t\t\t\t\tdata-promo-id=\"311946\"\t\t\t\t\t\t\t\t\t\twidth='1420' height='286'\t\t\t\t\talt=\"https:\/\/files.sunoresearch.com.br\/n\/uploads\/2023\/03\/Ebook-Acoes-Desktop.jpg\"\n\t\t\t\t>\n\t\t\t<\/picture>\n\t\t<\/a>\n\t<\/p>\n\n\n<p>O pa\u00eds de origem da Apple, Estados Unidos, e a China est\u00e3o enfrentando uma <strong>guerra comercial\u00a0<\/strong>marcada pela imposi\u00e7\u00e3o de tarifas do governo norte-americano sobre produtos chineses.<\/p>\n<h2>Tarifas impostas por Donald Trump<\/h2>\n<p>No in\u00edcio do m\u00eas de junho, o presidente <a href=\"https:\/\/www.suno.com.br\/tudo-sobre\/donald-trump\/\">Donald Trump<\/a> amea\u00e7ou\u00a0<strong>impor novas tarifas sobre os produtos<\/strong>\u00a0<strong>chineses<\/strong>. De acordo com a declara\u00e7\u00e3o do presidente a imposi\u00e7\u00e3o ser\u00e1 de &#8220;ao menos&#8221; US$ 300 bilh\u00f5es. Al\u00e9m disso, Trump acredita que a<strong> China<\/strong> e o <strong>M\u00e9xico<\/strong> desejam fazer acordos com os <strong>Estados Unidos<\/strong>.<\/p>\n<p><a href=\"https:\/\/www.suno.com.br\/noticias\/trump-ameca-china-guerra-comercial\/\">Saiba mais: Trump amea\u00e7a impor novas taxas; China responde<\/a><\/p>\n<p>&#8220;Nossas conversas com a<strong> China<\/strong>, muitas coisas interessantes est\u00e3o acontecendo. Veremos o que ocorre&#8230; eu poderia aumentar ao menos outros US$ 300 bilh\u00f5es, e o farei na hora certa&#8221;, disse <strong>Donald Trump<\/strong>.<\/p>\n<h2>EUA: tarifas n\u00e3o s\u00e3o suficientes<\/h2>\n<p>O representante comercial norte-americano, <strong>Robert Lighthizer<\/strong>, afirmou que as tarifas impostas por <a href=\"https:\/\/www.suno.com.br\/tudo-sobre\/donald-trump\/\"><strong>Donald Trump<\/strong><\/a> podem n\u00e3o ser suficientes para que a China mude.<\/p>\n<p><a href=\"https:\/\/www.suno.com.br\/noticias\/lighthizer-tarifas-nao-suficientes-china\/\">Saiba mais: Lighthizer: Tarifas n\u00e3o s\u00e3o suficientes para a China parar de trapacear<\/a><\/p>\n<p>As tarifas foram impostas sobre os produtos chineses como reflexo da guerra comercial entre os<strong> EUA<\/strong> e a <strong>China<\/strong>. Em maio, <strong>Washington\u00a0<\/strong>decidiu aplicar um aumento de 25% das <strong>tarifas<\/strong> sobre US$ 250 bilh\u00f5es em produtos.<\/p>\n<p>A guerra comercial entre os\u00a0<strong>Estados Unidos<\/strong> e a\u00a0<strong>China<\/strong> \u00e9 considerada a principal causa para a decis\u00e3o da <strong>Apple<\/strong>.<\/p>\n","protected":false},"excerpt":{"rendered":"<p>A Apple informou que pretende transferir entre 15% a 30% de sua produ\u00e7\u00e3o da China para o Sudeste Asi\u00e1tico. A informa\u00e7\u00e3o foi divulgada nesta quarta-feira (18) pelo jornal\u00a0Nikkei Asian Review. Por que a Apple poderia criar um buscador pr\u00f3prio Segundo o ve\u00edculo, a Apple\u00a0pediu aos seus fornecedores que avaliem os custos da mudan\u00e7a. Durante esse [&hellip;]<\/p>\n","protected":false},"author":18,"featured_media":28697,"comment_status":"closed","ping_status":"closed","sticky":false,"template":"","format":"standard","meta":[],"categories":[64],"tags":[794,711,793],"suno_strategy":[],"class_list":["post-28695","post","type-post","status-publish","format-standard","has-post-thumbnail","hentry","category-negocios","tag-apple-aapl34","tag-china","tag-estados-unidos-eua"],"yoast_head":"<!-- This site is optimized with the Yoast SEO plugin v24.4 - https:\/\/yoast.com\/wordpress\/plugins\/seo\/ -->\n<title>Apple pretende tirar at\u00e9 30% de sua produ\u00e7\u00e3o da China<\/title>\n<meta name=\"description\" content=\"A Apple informou que pretende transferir entre 15% a 30% de sua produ\u00e7\u00e3o da China para o Sudeste Asi\u00e1tico. Clique para saber mais.\" \/>\n<meta name=\"robots\" content=\"index, follow, max-snippet:-1, max-image-preview:large, max-video-preview:-1\" \/>\n<link rel=\"canonical\" href=\"https:\/\/www.suno.com.br\/noticias\/apple-tirar-producao-china\/\" \/>\n<meta property=\"og:locale\" content=\"pt_BR\" \/>\n<meta property=\"og:type\" content=\"article\" \/>\n<meta property=\"og:title\" content=\"Apple pretende tirar at\u00e9 30% de sua produ\u00e7\u00e3o da China\" \/>\n<meta property=\"og:description\" content=\"A Apple informou que pretende transferir entre 15% a 30% de sua produ\u00e7\u00e3o da China para o Sudeste Asi\u00e1tico. Clique para saber mais.\" \/>\n<meta property=\"og:url\" content=\"https:\/\/www.suno.com.br\/noticias\/apple-tirar-producao-china\/\" \/>\n<meta property=\"og:site_name\" content=\"Suno Not\u00edcias\" \/>\n<meta property=\"article:publisher\" content=\"https:\/\/facebook.com\/sunoresearch\" \/>\n<meta property=\"og:image\" content=\"https:\/\/files.sunoresearch.com.br\/n\/uploads\/2019\/06\/f03867fb-apple.jpg\" \/>\n\t<meta property=\"og:image:width\" content=\"748\" \/>\n\t<meta property=\"og:image:height\" content=\"410\" \/>\n\t<meta property=\"og:image:type\" content=\"image\/jpeg\" \/>\n<meta name=\"author\" content=\"Giovanna Oliveira\" \/>\n<meta name=\"twitter:card\" content=\"summary_large_image\" \/>\n<meta name=\"twitter:creator\" content=\"@sunoresearch\" \/>\n<meta name=\"twitter:site\" content=\"@sunoresearch\" \/>\n<meta name=\"twitter:label1\" content=\"Escrito por\" \/>\n\t<meta name=\"twitter:data1\" content=\"Giovanna Oliveira\" \/>\n\t<meta name=\"twitter:label2\" content=\"Est. tempo de leitura\" \/>\n\t<meta name=\"twitter:data2\" content=\"2 minutos\" \/>\n<script type=\"application\/ld+json\" class=\"yoast-schema-graph\">{\"@context\":\"https:\/\/schema.org\",\"@graph\":[{\"@type\":\"NewsArticle\",\"@id\":\"https:\/\/www.suno.com.br\/noticias\/apple-tirar-producao-china\/#article\",\"isPartOf\":{\"@id\":\"https:\/\/www.suno.com.br\/noticias\/apple-tirar-producao-china\/\"},\"author\":{\"name\":\"Giovanna Oliveira\",\"@id\":\"https:\/\/www.suno.com.br\/noticias\/#\/schema\/person\/4e19e3d2575736e5283d58eb3199d120\"},\"headline\":\"Apple pretende tirar at\u00e9 30% de sua produ\u00e7\u00e3o da China\",\"datePublished\":\"2019-06-19T23:24:52+00:00\",\"dateModified\":\"2019-06-19T23:27:01+00:00\",\"mainEntityOfPage\":{\"@id\":\"https:\/\/www.suno.com.br\/noticias\/apple-tirar-producao-china\/\"},\"wordCount\":474,\"publisher\":{\"@id\":\"https:\/\/www.suno.com.br\/noticias\/#organization\"},\"image\":{\"@id\":\"https:\/\/www.suno.com.br\/noticias\/apple-tirar-producao-china\/#primaryimage\"},\"thumbnailUrl\":\"https:\/\/files.sunoresearch.com.br\/n\/uploads\/2019\/06\/f03867fb-apple-jpg.webp\",\"keywords\":[\"Apple (AAPL34)\",\"China\",\"Estados Unidos (EUA)\"],\"articleSection\":[\"Neg\u00f3cios\"],\"inLanguage\":\"pt-BR\"},{\"@type\":\"WebPage\",\"@id\":\"https:\/\/www.suno.com.br\/noticias\/apple-tirar-producao-china\/\",\"url\":\"https:\/\/www.suno.com.br\/noticias\/apple-tirar-producao-china\/\",\"name\":\"Apple pretende tirar at\u00e9 30% de sua produ\u00e7\u00e3o da China\",\"isPartOf\":{\"@id\":\"https:\/\/www.suno.com.br\/noticias\/#website\"},\"primaryImageOfPage\":{\"@id\":\"https:\/\/www.suno.com.br\/noticias\/apple-tirar-producao-china\/#primaryimage\"},\"image\":{\"@id\":\"https:\/\/www.suno.com.br\/noticias\/apple-tirar-producao-china\/#primaryimage\"},\"thumbnailUrl\":\"https:\/\/files.sunoresearch.com.br\/n\/uploads\/2019\/06\/f03867fb-apple-jpg.webp\",\"datePublished\":\"2019-06-19T23:24:52+00:00\",\"dateModified\":\"2019-06-19T23:27:01+00:00\",\"description\":\"A Apple informou que pretende transferir entre 15% a 30% de sua produ\u00e7\u00e3o da China para o Sudeste Asi\u00e1tico. Clique para saber mais.\",\"breadcrumb\":{\"@id\":\"https:\/\/www.suno.com.br\/noticias\/apple-tirar-producao-china\/#breadcrumb\"},\"inLanguage\":\"pt-BR\",\"potentialAction\":[{\"@type\":\"ReadAction\",\"target\":[\"https:\/\/www.suno.com.br\/noticias\/apple-tirar-producao-china\/\"]}]},{\"@type\":\"ImageObject\",\"inLanguage\":\"pt-BR\",\"@id\":\"https:\/\/www.suno.com.br\/noticias\/apple-tirar-producao-china\/#primaryimage\",\"url\":\"https:\/\/files.sunoresearch.com.br\/n\/uploads\/2019\/06\/f03867fb-apple-jpg.webp\",\"contentUrl\":\"https:\/\/files.sunoresearch.com.br\/n\/uploads\/2019\/06\/f03867fb-apple-jpg.webp\",\"width\":748,\"height\":410,\"caption\":\"Por que a Apple poderia criar um buscador pr\u00f3prio\"},{\"@type\":\"BreadcrumbList\",\"@id\":\"https:\/\/www.suno.com.br\/noticias\/apple-tirar-producao-china\/#breadcrumb\",\"itemListElement\":[{\"@type\":\"ListItem\",\"position\":1,\"name\":\"Not\u00edcias\",\"item\":\"https:\/\/www.suno.com.br\/noticias\/\"},{\"@type\":\"ListItem\",\"position\":2,\"name\":\"Neg\u00f3cios\",\"item\":\"https:\/\/www.suno.com.br\/noticias\/negocios\/\"},{\"@type\":\"ListItem\",\"position\":3,\"name\":\"Apple pretende tirar at\u00e9 30% de sua produ\u00e7\u00e3o da China\"}]},{\"@type\":\"WebSite\",\"@id\":\"https:\/\/www.suno.com.br\/noticias\/#website\",\"url\":\"https:\/\/www.suno.com.br\/noticias\/\",\"name\":\"Suno Not\u00edcias\",\"description\":\"Seu portal de informa\u00e7\u00e3o sobre o mundo dos investimentos\",\"publisher\":{\"@id\":\"https:\/\/www.suno.com.br\/noticias\/#organization\"},\"potentialAction\":[{\"@type\":\"SearchAction\",\"target\":{\"@type\":\"EntryPoint\",\"urlTemplate\":\"https:\/\/www.suno.com.br\/noticias\/?s={search_term_string}\"},\"query-input\":{\"@type\":\"PropertyValueSpecification\",\"valueRequired\":true,\"valueName\":\"search_term_string\"}}],\"inLanguage\":\"pt-BR\"},{\"@type\":\"Organization\",\"@id\":\"https:\/\/www.suno.com.br\/noticias\/#organization\",\"name\":\"Suno Not\u00edcias\",\"url\":\"https:\/\/www.suno.com.br\/noticias\/\",\"logo\":{\"@type\":\"ImageObject\",\"inLanguage\":\"pt-BR\",\"@id\":\"https:\/\/www.suno.com.br\/noticias\/#\/schema\/logo\/image\/\",\"url\":\"https:\/\/files.sunoresearch.com.br\/n\/uploads\/2021\/09\/suno-logo.png\",\"contentUrl\":\"https:\/\/files.sunoresearch.com.br\/n\/uploads\/2021\/09\/suno-logo.png\",\"width\":180,\"height\":180,\"caption\":\"Suno Not\u00edcias\"},\"image\":{\"@id\":\"https:\/\/www.suno.com.br\/noticias\/#\/schema\/logo\/image\/\"},\"sameAs\":[\"https:\/\/facebook.com\/sunoresearch\",\"https:\/\/x.com\/sunoresearch\",\"https:\/\/www.instagram.com\/suno\",\"https:\/\/www.linkedin.com\/company\/suno-research\/\",\"https:\/\/www.youtube.com\/c\/sunoresearch\"]},{\"@type\":\"Person\",\"@id\":\"https:\/\/www.suno.com.br\/noticias\/#\/schema\/person\/4e19e3d2575736e5283d58eb3199d120\",\"name\":\"Giovanna Oliveira\",\"image\":{\"@type\":\"ImageObject\",\"inLanguage\":\"pt-BR\",\"@id\":\"https:\/\/www.suno.com.br\/noticias\/#\/schema\/person\/image\/\",\"url\":\"https:\/\/secure.gravatar.com\/avatar\/9a37b3ae208962ac568992d0ffdbc2eb?s=96&r=g\",\"contentUrl\":\"https:\/\/secure.gravatar.com\/avatar\/9a37b3ae208962ac568992d0ffdbc2eb?s=96&r=g\",\"caption\":\"Giovanna Oliveira\"},\"description\":\"Giovanna Oliveira escreve sobre economia e pol\u00edtica. Foi rep\u00f3rter do portal de jornalismo da ESPM-SP e produziu conte\u00fado para a Corinthians TV. \u00c9 estudante da ESPM.\",\"url\":\"https:\/\/www.suno.com.br\/noticias\/author\/giovanna\/\"}]}<\/script>\n<!-- \/ Yoast SEO plugin. -->","yoast_head_json":{"title":"Apple pretende tirar at\u00e9 30% de sua produ\u00e7\u00e3o da China","description":"A Apple informou que pretende transferir entre 15% a 30% de sua produ\u00e7\u00e3o da China para o Sudeste Asi\u00e1tico. Clique para saber mais.","robots":{"index":"index","follow":"follow","max-snippet":"max-snippet:-1","max-image-preview":"max-image-preview:large","max-video-preview":"max-video-preview:-1"},"canonical":"https:\/\/www.suno.com.br\/noticias\/apple-tirar-producao-china\/","og_locale":"pt_BR","og_type":"article","og_title":"Apple pretende tirar at\u00e9 30% de sua produ\u00e7\u00e3o da China","og_description":"A Apple informou que pretende transferir entre 15% a 30% de sua produ\u00e7\u00e3o da China para o Sudeste Asi\u00e1tico. Clique para saber mais.","og_url":"https:\/\/www.suno.com.br\/noticias\/apple-tirar-producao-china\/","og_site_name":"Suno Not\u00edcias","article_publisher":"https:\/\/facebook.com\/sunoresearch","og_image":[{"width":748,"height":410,"url":"https:\/\/files.sunoresearch.com.br\/n\/uploads\/2019\/06\/f03867fb-apple.jpg","type":"image\/jpeg"}],"author":"Giovanna Oliveira","twitter_card":"summary_large_image","twitter_creator":"@sunoresearch","twitter_site":"@sunoresearch","twitter_misc":{"Escrito por":"Giovanna Oliveira","Est. tempo de leitura":"2 minutos"},"schema":{"@context":"https:\/\/schema.org","@graph":[{"@type":"NewsArticle","@id":"https:\/\/www.suno.com.br\/noticias\/apple-tirar-producao-china\/#article","isPartOf":{"@id":"https:\/\/www.suno.com.br\/noticias\/apple-tirar-producao-china\/"},"author":{"name":"Giovanna Oliveira","@id":"https:\/\/www.suno.com.br\/noticias\/#\/schema\/person\/4e19e3d2575736e5283d58eb3199d120"},"headline":"Apple pretende tirar at\u00e9 30% de sua produ\u00e7\u00e3o da China","datePublished":"2019-06-19T23:24:52+00:00","dateModified":"2019-06-19T23:27:01+00:00","mainEntityOfPage":{"@id":"https:\/\/www.suno.com.br\/noticias\/apple-tirar-producao-china\/"},"wordCount":474,"publisher":{"@id":"https:\/\/www.suno.com.br\/noticias\/#organization"},"image":{"@id":"https:\/\/www.suno.com.br\/noticias\/apple-tirar-producao-china\/#primaryimage"},"thumbnailUrl":"https:\/\/files.sunoresearch.com.br\/n\/uploads\/2019\/06\/f03867fb-apple-jpg.webp","keywords":["Apple (AAPL34)","China","Estados Unidos (EUA)"],"articleSection":["Neg\u00f3cios"],"inLanguage":"pt-BR"},{"@type":"WebPage","@id":"https:\/\/www.suno.com.br\/noticias\/apple-tirar-producao-china\/","url":"https:\/\/www.suno.com.br\/noticias\/apple-tirar-producao-china\/","name":"Apple pretende tirar at\u00e9 30% de sua produ\u00e7\u00e3o da China","isPartOf":{"@id":"https:\/\/www.suno.com.br\/noticias\/#website"},"primaryImageOfPage":{"@id":"https:\/\/www.suno.com.br\/noticias\/apple-tirar-producao-china\/#primaryimage"},"image":{"@id":"https:\/\/www.suno.com.br\/noticias\/apple-tirar-producao-china\/#primaryimage"},"thumbnailUrl":"https:\/\/files.sunoresearch.com.br\/n\/uploads\/2019\/06\/f03867fb-apple-jpg.webp","datePublished":"2019-06-19T23:24:52+00:00","dateModified":"2019-06-19T23:27:01+00:00","description":"A Apple informou que pretende transferir entre 15% a 30% de sua produ\u00e7\u00e3o da China para o Sudeste Asi\u00e1tico. Clique para saber mais.","breadcrumb":{"@id":"https:\/\/www.suno.com.br\/noticias\/apple-tirar-producao-china\/#breadcrumb"},"inLanguage":"pt-BR","potentialAction":[{"@type":"ReadAction","target":["https:\/\/www.suno.com.br\/noticias\/apple-tirar-producao-china\/"]}]},{"@type":"ImageObject","inLanguage":"pt-BR","@id":"https:\/\/www.suno.com.br\/noticias\/apple-tirar-producao-china\/#primaryimage","url":"https:\/\/files.sunoresearch.com.br\/n\/uploads\/2019\/06\/f03867fb-apple-jpg.webp","contentUrl":"https:\/\/files.sunoresearch.com.br\/n\/uploads\/2019\/06\/f03867fb-apple-jpg.webp","width":748,"height":410,"caption":"Por que a Apple poderia criar um buscador pr\u00f3prio"},{"@type":"BreadcrumbList","@id":"https:\/\/www.suno.com.br\/noticias\/apple-tirar-producao-china\/#breadcrumb","itemListElement":[{"@type":"ListItem","position":1,"name":"Not\u00edcias","item":"https:\/\/www.suno.com.br\/noticias\/"},{"@type":"ListItem","position":2,"name":"Neg\u00f3cios","item":"https:\/\/www.suno.com.br\/noticias\/negocios\/"},{"@type":"ListItem","position":3,"name":"Apple pretende tirar at\u00e9 30% de sua produ\u00e7\u00e3o da China"}]},{"@type":"WebSite","@id":"https:\/\/www.suno.com.br\/noticias\/#website","url":"https:\/\/www.suno.com.br\/noticias\/","name":"Suno Not\u00edcias","description":"Seu portal de informa\u00e7\u00e3o sobre o mundo dos investimentos","publisher":{"@id":"https:\/\/www.suno.com.br\/noticias\/#organization"},"potentialAction":[{"@type":"SearchAction","target":{"@type":"EntryPoint","urlTemplate":"https:\/\/www.suno.com.br\/noticias\/?s={search_term_string}"},"query-input":{"@type":"PropertyValueSpecification","valueRequired":true,"valueName":"search_term_string"}}],"inLanguage":"pt-BR"},{"@type":"Organization","@id":"https:\/\/www.suno.com.br\/noticias\/#organization","name":"Suno Not\u00edcias","url":"https:\/\/www.suno.com.br\/noticias\/","logo":{"@type":"ImageObject","inLanguage":"pt-BR","@id":"https:\/\/www.suno.com.br\/noticias\/#\/schema\/logo\/image\/","url":"https:\/\/files.sunoresearch.com.br\/n\/uploads\/2021\/09\/suno-logo.png","contentUrl":"https:\/\/files.sunoresearch.com.br\/n\/uploads\/2021\/09\/suno-logo.png","width":180,"height":180,"caption":"Suno Not\u00edcias"},"image":{"@id":"https:\/\/www.suno.com.br\/noticias\/#\/schema\/logo\/image\/"},"sameAs":["https:\/\/facebook.com\/sunoresearch","https:\/\/x.com\/sunoresearch","https:\/\/www.instagram.com\/suno","https:\/\/www.linkedin.com\/company\/suno-research\/","https:\/\/www.youtube.com\/c\/sunoresearch"]},{"@type":"Person","@id":"https:\/\/www.suno.com.br\/noticias\/#\/schema\/person\/4e19e3d2575736e5283d58eb3199d120","name":"Giovanna Oliveira","image":{"@type":"ImageObject","inLanguage":"pt-BR","@id":"https:\/\/www.suno.com.br\/noticias\/#\/schema\/person\/image\/","url":"https:\/\/secure.gravatar.com\/avatar\/9a37b3ae208962ac568992d0ffdbc2eb?s=96&r=g","contentUrl":"https:\/\/secure.gravatar.com\/avatar\/9a37b3ae208962ac568992d0ffdbc2eb?s=96&r=g","caption":"Giovanna Oliveira"},"description":"Giovanna Oliveira escreve sobre economia e pol\u00edtica. Foi rep\u00f3rter do portal de jornalismo da ESPM-SP e produziu conte\u00fado para a Corinthians TV. \u00c9 estudante da ESPM.","url":"https:\/\/www.suno.com.br\/noticias\/author\/giovanna\/"}]}},"default_loop_html":"<div class=\"cardsPage__listCard__boxs\"><div class=\"cardsPage__listCard__boxs__img\"><a href=\"https:\/\/www.suno.com.br\/noticias\/apple-tirar-producao-china\/\"><img class=\"mask\" src=\"https:\/\/www.suno.com.br\/noticias\/wp-content\/themes\/suno\/resources\/images\/spotlight\/spotlight1img\/bg-mask.png\" alt=\"Image Mask\"\/><img src=\"https:\/\/files.sunoresearch.com.br\/n\/uploads\/2019\/06\/f03867fb-apple-400x200.webp\" alt=\"Apple pretende tirar at\u00e9 30% de sua produ\u00e7\u00e3o da China\"\/><\/a><span class=\"spotlightCategory\"><a href=\"https:\/\/www.suno.com.br\/noticias\/negocios\/\">Neg\u00f3cios<\/a><\/span><\/div><div class=\"cardsPage__listCard__boxs__content\"><a href=\"https:\/\/www.suno.com.br\/noticias\/apple-tirar-producao-china\/\"><h2 class=\"content__title\">Apple pretende tirar at\u00e9 30% de sua produ\u00e7\u00e3o da China<\/h2><\/a><div class=\"newsContent__article__meta\"><div class=\"newsContent__article__meta__authorBox\"><a href=\"https:\/\/www.suno.com.br\/noticias\/author\/giovanna\/\" class=\"authorBox__avatar noMobi\"><img src=\"https:\/\/files.sunoresearch.com.br\/n\/uploads\/2019\/06\/952a89ca-screenshot_20190608-171507-150x150.webp\" alt=\"Giovanna Oliveira\"><\/a><div class=\"authorBox__name\"><span>por\n\t\t\t<a href=\"https:\/\/www.suno.com.br\/noticias\/author\/giovanna\/\"><span itemprop=\"author\">Giovanna Oliveira<\/span><\/a><\/span><time datetime=\"2019-06-19T20:24:52-03:00\" itemprop=\"datePublished\">19\/06\/2019 20:24<\/time><\/div><\/div><\/div><\/div><\/div>","single_layout":"posts","amp_enabled":true,"_links":{"self":[{"href":"https:\/\/www.suno.com.br\/noticias\/wp-json\/wp\/v2\/posts\/28695"}],"collection":[{"href":"https:\/\/www.suno.com.br\/noticias\/wp-json\/wp\/v2\/posts"}],"about":[{"href":"https:\/\/www.suno.com.br\/noticias\/wp-json\/wp\/v2\/types\/post"}],"author":[{"embeddable":true,"href":"https:\/\/www.suno.com.br\/noticias\/wp-json\/wp\/v2\/users\/18"}],"replies":[{"embeddable":true,"href":"https:\/\/www.suno.com.br\/noticias\/wp-json\/wp\/v2\/comments?post=28695"}],"version-history":[{"count":0,"href":"https:\/\/www.suno.com.br\/noticias\/wp-json\/wp\/v2\/posts\/28695\/revisions"}],"wp:featuredmedia":[{"embeddable":true,"href":"https:\/\/www.suno.com.br\/noticias\/wp-json\/wp\/v2\/media\/28697"}],"wp:attachment":[{"href":"https:\/\/www.suno.com.br\/noticias\/wp-json\/wp\/v2\/media?parent=28695"}],"wp:term":[{"taxonomy":"category","embeddable":true,"href":"https:\/\/www.suno.com.br\/noticias\/wp-json\/wp\/v2\/categories?post=28695"},{"taxonomy":"post_tag","embeddable":true,"href":"https:\/\/www.suno.com.br\/noticias\/wp-json\/wp\/v2\/tags?post=28695"},{"taxonomy":"suno_strategy","embeddable":true,"href":"https:\/\/www.suno.com.br\/noticias\/wp-json\/wp\/v2\/suno_strategy?post=28695"}],"curies":[{"name":"wp","href":"https:\/\/api.w.org\/{rel}","templated":true}]}}