{"id":28685,"date":"2019-06-19T18:40:52","date_gmt":"2019-06-19T21:40:52","guid":{"rendered":"https:\/\/www.suno.com.br\/noticias\/?p=28685"},"modified":"2021-02-17T22:48:45","modified_gmt":"2021-02-18T01:48:45","slug":"copom-taxa-selic-65-16","status":"publish","type":"post","link":"https:\/\/www.suno.com.br\/noticias\/copom-taxa-selic-65-16\/","title":{"rendered":"Copom mant\u00e9m taxa Selic a 6,5% pela 10\u00aa vez consecutiva"},"content":{"rendered":"<p>O\u00a0Comit\u00ea de Pol\u00edticas Monet\u00e1rias (<strong>Copom<\/strong>) novamente deixou inalterada a taxa Selic a <strong>6,5%<\/strong>. Esta \u00e9 a d\u00e9cima decis\u00e3o consecutiva para manter os<strong> juros b\u00e1sicos<\/strong> no mesmo patamar.<\/p>\t<div class=\"wrapper-featured-image\">\n\t\t<figure class=\"spotlightImg\">\n\n\t\t\t<picture>\n\t\t\t\t<source media=\"(max-width: 768px)\" srcset=\"https:\/\/files.sunoresearch.com.br\/n\/uploads\/2019\/03\/2e0f1850-taxa-selic-400x200.webp\">\n\t\t\t\t<img loading=\"lazy\" decoding=\"async\" class=\"newsContent__article__imgCapa lazyloadDisabled newsContent__article__imgCapa--noCaption\" src=\"https:\/\/files.sunoresearch.com.br\/n\/uploads\/2019\/03\/2e0f1850-taxa-selic-800x450.webp\" width=\"800\" height=\"450\" alt=\"Copom mant\u00e9m taxa Selic a 6,5% pela 10\u00aa vez consecutiva\" fetchpriority=high \/>\n\t\t\t<\/picture>\n\n\t\t\t<figcaption class=\"wp-caption-text wp-caption-text--hide\">O diretor do BC realizou uma defesa da manuten\u00e7\u00e3o do teto de gastos<\/figcaption>\n\t\t<\/figure>\n\t<\/div>\n\n\n<p>O mercado financeiro dividiu-se nas expectativas de manuten\u00e7\u00e3o da <a href=\"https:\/\/www.suno.com.br\/artigos\/taxa-selic\/\">taxa Selic<\/a>. Tal divis\u00e3o foi bastante influenciada por relat\u00f3rio divulgado pelo <strong>Ita\u00fa Unibanco<\/strong> (ITUB4), no qual foi um fechamento a 5,75% em 2019 dos juros b\u00e1sicos brasileiros.<\/p>\n<p>O economista-chefe do <strong>Ita\u00fa<\/strong>, M\u00e1rio Mesquita, projetou que o<span style=\"font-size: 1.21429rem;\">\u00a0<a href=\"https:\/\/www.suno.com.br\/artigos\/bacen\/\">Banco Central<\/a> (BC) deve reduzir a taxa Selic, a partir de setembro deste ano. Contudo, conforme o economista, isto ocorrer\u00e1 apenas em caso de aprova\u00e7\u00e3o da <strong>reforma da Previd\u00eancia<\/strong>. A fala foi dia em 27 de maio, quando a \u00faltima manuten\u00e7\u00e3o do Copom j\u00e1 havia sido feita.\u00a0<\/span><\/p>\n<p><a href=\"https:\/\/www.suno.com.br\/noticias\/bc-reduzir-selic-reforma-aprovada\/\">Saiba mais &#8211;\u00a0BC deve reduzir taxa Selic se reforma for aprovada, diz M\u00e1rio Mesquita\u00a0<\/a><\/p>\n<h2>Boletim Focus e a taxa Selic<\/h2>\n<p>Segundo os analistas financeiros entrevistados pelo BC para o <a href=\"https:\/\/www.suno.com.br\/artigos\/relatorio-focus\/\"><strong>Boletim Focus<\/strong><\/a>, a expectativa do mercado \u00e9 de que a<strong> taxa Selic<\/strong> encerre 2019 a <strong>5,75%<\/strong>. O relat\u00f3rio foi divulgado pelo banco na \u00faltima segunda-feira (17).<\/p>\n<p>Para 2020, a previs\u00e3o \u00e9 de que os <strong>juros b\u00e1sicos<\/strong> encerrem em 6,5%.<\/p>\n\t<p>\n\t\t<a href=\"https:\/\/lp.suno.com.br\/planilha-controle-gastos\/\" target=\"_blank\" data-element=\"shortcode-suno-banner\" title=\"Banner SUNO, clique e saiba mais\">\n\t\t\t<picture>\n\t\t\t\t<source media=\"(max-width: 500px)\" srcset=\"https:\/\/files.sunoresearch.com.br\/n\/uploads\/2023\/03\/400x300-Planilha-controle-de-gastos.png\">\n\t\t\t\t<img class=\"newsContent__article__imgCapa newsContent__article__imgCapa--banner\"\n\t\t\t\t\tsrc=\"https:\/\/files.sunoresearch.com.br\/n\/uploads\/2023\/03\/1420x240-Planilha-controle-de-gastos.png\"\n\t\t\t\t\tdata-promo-id=\"101751\"\t\t\t\t\t\t\t\t\t\twidth='1420' height='240'\t\t\t\t\talt=\"https:\/\/files.sunoresearch.com.br\/n\/uploads\/2023\/03\/1420x240-Planilha-controle-de-gastos.png\"\n\t\t\t\t>\n\t\t\t<\/picture>\n\t\t<\/a>\n\t<\/p>\n\n\n<h2>Meta para a infla\u00e7\u00e3o em 2019<\/h2>\n<p>A manuten\u00e7\u00e3o da <strong>taxa b\u00e1sica de juros<\/strong>, pelo <strong>Copom<\/strong>, tem por objetivo o cumprimento da <a href=\"https:\/\/www.suno.com.br\/artigos\/meta-de-inflacao\/\">meta de infla\u00e7\u00e3o<\/a> determinada pelo <a href=\"https:\/\/www.suno.com.br\/artigos\/cmn-conselho-monetario-nacional\/\">Conselho Monet\u00e1rio Nacional<\/a> (CMN).<\/p>\n<p>Assim, a <strong>taxa Selic<\/strong> \u00e9 uma ferramenta para conduzir a <a href=\"https:\/\/www.suno.com.br\/artigos\/politica-monetaria\/\">pol\u00edtica monet\u00e1ria<\/a> do Pa\u00eds.<\/p>\n<p>Confira as metas estabelecidas pelo <strong>CMN<\/strong> para a infla\u00e7\u00e3o nos pr\u00f3ximos anos:<\/p>\n<ul>\n<li>2019: 4,25%, com intervalo de toler\u00e2ncia de 1,5% (entre 2,75% e 5,75%)<\/li>\n<li>2020: 4%, com intervalo de toler\u00e2ncia de 1,5% (entre 2,5% e 5,5%)<\/li>\n<\/ul>\n<p>Assim, h\u00e1 duas alternativas para guiar a manuten\u00e7\u00e3o dos juros:<\/p>\n<ol>\n<li>Proje\u00e7\u00f5es para infla\u00e7\u00e3o <strong>alinhadas<\/strong> \u00e0 meta do CMN: o Copom reduz os juros b\u00e1sicos.<\/li>\n<li>Proje\u00e7\u00f5es para infla\u00e7\u00e3o <strong>n\u00e3o alinhadas<\/strong> \u00e0 meta do CMN: o Copom aumenta os juros b\u00e1sicos.<\/li>\n<\/ol>\n<p><a href=\"https:\/\/www.suno.com.br\/noticias\/boletim-focus-17062019\/\">Saiba mais &#8211;\u00a0Boletim Focus: Previs\u00e3o do PIB \u00e9 reduzida pela 16\u00aa vez seguida<\/a><\/p>\n<p>Nas \u00faltimas semanas, os investidores tem subido a estimativa para o\u00a0<a href=\"https:\/\/www.suno.com.br\/artigos\/ipca\/\">\u00cdndice Nacional de Pre\u00e7os ao Mercado<\/a> (<strong>IPCA<\/strong>) de 2019. No \u00faltimo <strong>Boletim Focus<\/strong>, a proje\u00e7\u00e3o aumentou de 4,01% a 4,04%.<\/p>\n<p>O <strong>IPCA<\/strong> \u00e9 o indicador oficial da <strong>infla\u00e7\u00e3o<\/strong> no Pa\u00eds, e \u00e9 divulgado pelo Instituto Brasileiro de Geografia e Estat\u00edstica (IBGE) mensalmente.<\/p>\n<p>O IBGE divulgou em 10 de abril que o IPCA de mar\u00e7o foi de 0,75%. No acumulado do ano, a infla\u00e7\u00e3o ficou em 1,51% e no acumulado de 12 meses, 4,58%.<\/p>\n<p><span style=\"font-size: 19.4286px;\">O IPCA do m\u00eas de abril ainda n\u00e3o foi divulgado pelo \u00f3rg\u00e3o. Contudo, a pr\u00e9via mensal da infla\u00e7\u00e3o, o IPCA-15, foi de 0,72% segundo o IBGE.\u00a0<\/span><\/p>\n\t<p>\n\t\t<a href=\"https:\/\/lp.suno.com.br\/asset\/fundos\/suno-fic-fia\/\" target=\"_blank\" data-element=\"shortcode-suno-banner\" title=\"Banner SUNO, clique e saiba mais\">\n\t\t\t<picture>\n\t\t\t\t<source media=\"(max-width: 500px)\" srcset=\"https:\/\/files.sunoresearch.com.br\/n\/uploads\/2023\/10\/SUNO-FIC-FIA-400x300-Mobile-Artigos-5.png\">\n\t\t\t\t<img class=\"newsContent__article__imgCapa newsContent__article__imgCapa--banner\"\n\t\t\t\t\tsrc=\"https:\/\/files.sunoresearch.com.br\/n\/uploads\/2023\/10\/SUNO-FIC-FIA-1420x240-Banner-Artigos-1-_-Banner-Materias-4.png\"\n\t\t\t\t\tdata-promo-id=\"478742\"\t\t\t\t\t\t\t\t\t\twidth='2840' height='480'\t\t\t\t\talt=\"https:\/\/files.sunoresearch.com.br\/n\/uploads\/2023\/10\/SUNO-FIC-FIA-1420x240-Banner-Artigos-1-_-Banner-Materias-4.png\"\n\t\t\t\t>\n\t\t\t<\/picture>\n\t\t<\/a>\n\t<\/p>\n\n\n<h2>Calend\u00e1rio Copom 2019<\/h2>\n<p>Confira abaixo quando ocorrer\u00e3o as pr\u00f3ximas reuni\u00f5es do <a href=\"https:\/\/www.bcb.gov.br\/controleinflacao\/copom\">Copom<\/a> neste ano:<\/p>\n<ul>\n<li>224\u00aa: 30 e 31 de junho<\/li>\n<li>225\u00aa: 17 e 18 de setembro<\/li>\n<li>226\u00aa: 29 e 30 de outubro<\/li>\n<li>227\u00aa: 10 e 11 de dezembro<\/li>\n<\/ul>\n<p>As reuni\u00f5es do <strong>Copom<\/strong> ser\u00e3o para realizar a manuten\u00e7\u00e3o da taxa Selic.<\/p>\n","protected":false},"excerpt":{"rendered":"<p>O\u00a0Comit\u00ea de Pol\u00edticas Monet\u00e1rias (Copom) novamente deixou inalterada a taxa Selic a 6,5%. Esta \u00e9 a d\u00e9cima decis\u00e3o consecutiva para manter os juros b\u00e1sicos no mesmo patamar. O diretor do BC realizou uma defesa da manuten\u00e7\u00e3o do teto de gastos O mercado financeiro dividiu-se nas expectativas de manuten\u00e7\u00e3o da taxa Selic. Tal divis\u00e3o foi bastante [&hellip;]<\/p>\n","protected":false},"author":12,"featured_media":18497,"comment_status":"closed","ping_status":"closed","sticky":false,"template":"","format":"standard","meta":[],"categories":[62],"tags":[1842,1104,850,290],"suno_strategy":[],"class_list":["post-28685","post","type-post","status-publish","format-standard","has-post-thumbnail","hentry","category-economia","tag-banco-central-bc","tag-copom","tag-inflacao","tag-taxa-selic"],"yoast_head":"<!-- This site is optimized with the Yoast SEO plugin v24.4 - https:\/\/yoast.com\/wordpress\/plugins\/seo\/ -->\n<title>Copom mant\u00e9m taxa Selic a 6,5% pela 10\u00aa vez consecutiva<\/title>\n<meta name=\"description\" content=\"O Comit\u00ea de Pol\u00edtica Monet\u00e1ria (Copom) do Banco Central manteve novamente a taxa Selic a 6,5% nesta ter\u00e7a-feira (19). Clique para saber mais.\" \/>\n<meta name=\"robots\" content=\"index, follow, max-snippet:-1, max-image-preview:large, max-video-preview:-1\" \/>\n<link rel=\"canonical\" href=\"https:\/\/www.suno.com.br\/noticias\/copom-taxa-selic-65-16\/\" \/>\n<meta property=\"og:locale\" content=\"pt_BR\" \/>\n<meta property=\"og:type\" content=\"article\" \/>\n<meta property=\"og:title\" content=\"Copom mant\u00e9m taxa Selic a 6,5% pela 10\u00aa vez consecutiva\" \/>\n<meta property=\"og:description\" content=\"O Comit\u00ea de Pol\u00edtica Monet\u00e1ria (Copom) do Banco Central manteve novamente a taxa Selic a 6,5% nesta ter\u00e7a-feira (19). Clique para saber mais.\" \/>\n<meta property=\"og:url\" content=\"https:\/\/www.suno.com.br\/noticias\/copom-taxa-selic-65-16\/\" \/>\n<meta property=\"og:site_name\" content=\"Suno Not\u00edcias\" \/>\n<meta property=\"article:publisher\" content=\"https:\/\/facebook.com\/sunoresearch\" \/>\n<meta property=\"og:image\" content=\"https:\/\/files.sunoresearch.com.br\/n\/uploads\/2019\/03\/2e0f1850-taxa-selic.jpg\" \/>\n\t<meta property=\"og:image:width\" content=\"1140\" \/>\n\t<meta property=\"og:image:height\" content=\"760\" \/>\n\t<meta property=\"og:image:type\" content=\"image\/jpeg\" \/>\n<meta name=\"author\" content=\"Amanda Gushiken\" \/>\n<meta name=\"twitter:card\" content=\"summary_large_image\" \/>\n<meta name=\"twitter:creator\" content=\"@sunoresearch\" \/>\n<meta name=\"twitter:site\" content=\"@sunoresearch\" \/>\n<meta name=\"twitter:label1\" content=\"Escrito por\" \/>\n\t<meta name=\"twitter:data1\" content=\"Amanda Gushiken\" \/>\n\t<meta name=\"twitter:label2\" content=\"Est. tempo de leitura\" \/>\n\t<meta name=\"twitter:data2\" content=\"2 minutos\" \/>\n<script type=\"application\/ld+json\" class=\"yoast-schema-graph\">{\"@context\":\"https:\/\/schema.org\",\"@graph\":[{\"@type\":\"NewsArticle\",\"@id\":\"https:\/\/www.suno.com.br\/noticias\/copom-taxa-selic-65-16\/#article\",\"isPartOf\":{\"@id\":\"https:\/\/www.suno.com.br\/noticias\/copom-taxa-selic-65-16\/\"},\"author\":{\"name\":\"Amanda Gushiken\",\"@id\":\"https:\/\/www.suno.com.br\/noticias\/#\/schema\/person\/a5b06fa4e879d8e8e119c6ed3cd630d1\"},\"headline\":\"Copom mant\u00e9m taxa Selic a 6,5% pela 10\u00aa vez consecutiva\",\"datePublished\":\"2019-06-19T21:40:52+00:00\",\"dateModified\":\"2021-02-18T01:48:45+00:00\",\"mainEntityOfPage\":{\"@id\":\"https:\/\/www.suno.com.br\/noticias\/copom-taxa-selic-65-16\/\"},\"wordCount\":502,\"publisher\":{\"@id\":\"https:\/\/www.suno.com.br\/noticias\/#organization\"},\"image\":{\"@id\":\"https:\/\/www.suno.com.br\/noticias\/copom-taxa-selic-65-16\/#primaryimage\"},\"thumbnailUrl\":\"https:\/\/files.sunoresearch.com.br\/n\/uploads\/2019\/03\/2e0f1850-taxa-selic-jpg.webp\",\"keywords\":[\"Banco Central (BC)\",\"Copom\",\"infla\u00e7\u00e3o\",\"Taxa Selic\"],\"articleSection\":[\"Economia\"],\"inLanguage\":\"pt-BR\"},{\"@type\":\"WebPage\",\"@id\":\"https:\/\/www.suno.com.br\/noticias\/copom-taxa-selic-65-16\/\",\"url\":\"https:\/\/www.suno.com.br\/noticias\/copom-taxa-selic-65-16\/\",\"name\":\"Copom mant\u00e9m taxa Selic a 6,5% pela 10\u00aa vez consecutiva\",\"isPartOf\":{\"@id\":\"https:\/\/www.suno.com.br\/noticias\/#website\"},\"primaryImageOfPage\":{\"@id\":\"https:\/\/www.suno.com.br\/noticias\/copom-taxa-selic-65-16\/#primaryimage\"},\"image\":{\"@id\":\"https:\/\/www.suno.com.br\/noticias\/copom-taxa-selic-65-16\/#primaryimage\"},\"thumbnailUrl\":\"https:\/\/files.sunoresearch.com.br\/n\/uploads\/2019\/03\/2e0f1850-taxa-selic-jpg.webp\",\"datePublished\":\"2019-06-19T21:40:52+00:00\",\"dateModified\":\"2021-02-18T01:48:45+00:00\",\"description\":\"O Comit\u00ea de Pol\u00edtica Monet\u00e1ria (Copom) do Banco Central manteve novamente a taxa Selic a 6,5% nesta ter\u00e7a-feira (19). Clique para saber mais.\",\"breadcrumb\":{\"@id\":\"https:\/\/www.suno.com.br\/noticias\/copom-taxa-selic-65-16\/#breadcrumb\"},\"inLanguage\":\"pt-BR\",\"potentialAction\":[{\"@type\":\"ReadAction\",\"target\":[\"https:\/\/www.suno.com.br\/noticias\/copom-taxa-selic-65-16\/\"]}]},{\"@type\":\"ImageObject\",\"inLanguage\":\"pt-BR\",\"@id\":\"https:\/\/www.suno.com.br\/noticias\/copom-taxa-selic-65-16\/#primaryimage\",\"url\":\"https:\/\/files.sunoresearch.com.br\/n\/uploads\/2019\/03\/2e0f1850-taxa-selic-jpg.webp\",\"contentUrl\":\"https:\/\/files.sunoresearch.com.br\/n\/uploads\/2019\/03\/2e0f1850-taxa-selic-jpg.webp\",\"width\":1140,\"height\":760,\"caption\":\"O diretor do BC realizou uma defesa da manuten\u00e7\u00e3o do teto de gastos\"},{\"@type\":\"BreadcrumbList\",\"@id\":\"https:\/\/www.suno.com.br\/noticias\/copom-taxa-selic-65-16\/#breadcrumb\",\"itemListElement\":[{\"@type\":\"ListItem\",\"position\":1,\"name\":\"Not\u00edcias\",\"item\":\"https:\/\/www.suno.com.br\/noticias\/\"},{\"@type\":\"ListItem\",\"position\":2,\"name\":\"Economia\",\"item\":\"https:\/\/www.suno.com.br\/noticias\/economia\/\"},{\"@type\":\"ListItem\",\"position\":3,\"name\":\"Copom mant\u00e9m taxa Selic a 6,5% pela 10\u00aa vez consecutiva\"}]},{\"@type\":\"WebSite\",\"@id\":\"https:\/\/www.suno.com.br\/noticias\/#website\",\"url\":\"https:\/\/www.suno.com.br\/noticias\/\",\"name\":\"Suno Not\u00edcias\",\"description\":\"Seu portal de informa\u00e7\u00e3o sobre o mundo dos investimentos\",\"publisher\":{\"@id\":\"https:\/\/www.suno.com.br\/noticias\/#organization\"},\"potentialAction\":[{\"@type\":\"SearchAction\",\"target\":{\"@type\":\"EntryPoint\",\"urlTemplate\":\"https:\/\/www.suno.com.br\/noticias\/?s={search_term_string}\"},\"query-input\":{\"@type\":\"PropertyValueSpecification\",\"valueRequired\":true,\"valueName\":\"search_term_string\"}}],\"inLanguage\":\"pt-BR\"},{\"@type\":\"Organization\",\"@id\":\"https:\/\/www.suno.com.br\/noticias\/#organization\",\"name\":\"Suno Not\u00edcias\",\"url\":\"https:\/\/www.suno.com.br\/noticias\/\",\"logo\":{\"@type\":\"ImageObject\",\"inLanguage\":\"pt-BR\",\"@id\":\"https:\/\/www.suno.com.br\/noticias\/#\/schema\/logo\/image\/\",\"url\":\"https:\/\/files.sunoresearch.com.br\/n\/uploads\/2021\/09\/suno-logo.png\",\"contentUrl\":\"https:\/\/files.sunoresearch.com.br\/n\/uploads\/2021\/09\/suno-logo.png\",\"width\":180,\"height\":180,\"caption\":\"Suno Not\u00edcias\"},\"image\":{\"@id\":\"https:\/\/www.suno.com.br\/noticias\/#\/schema\/logo\/image\/\"},\"sameAs\":[\"https:\/\/facebook.com\/sunoresearch\",\"https:\/\/x.com\/sunoresearch\",\"https:\/\/www.instagram.com\/suno\",\"https:\/\/www.linkedin.com\/company\/suno-research\/\",\"https:\/\/www.youtube.com\/c\/sunoresearch\"]},{\"@type\":\"Person\",\"@id\":\"https:\/\/www.suno.com.br\/noticias\/#\/schema\/person\/a5b06fa4e879d8e8e119c6ed3cd630d1\",\"name\":\"Amanda Gushiken\",\"image\":{\"@type\":\"ImageObject\",\"inLanguage\":\"pt-BR\",\"@id\":\"https:\/\/www.suno.com.br\/noticias\/#\/schema\/person\/image\/\",\"url\":\"https:\/\/secure.gravatar.com\/avatar\/ecd84705e6b65e3685ae80d725501fbe?s=96&r=g\",\"contentUrl\":\"https:\/\/secure.gravatar.com\/avatar\/ecd84705e6b65e3685ae80d725501fbe?s=96&r=g\",\"caption\":\"Amanda Gushiken\"},\"description\":\"Amanda Sayuri Gushiken escreve sobre finan\u00e7as e neg\u00f3cios para o portal Suno Not\u00edcias. Antes, trabalhou selecionando not\u00edcias da imprensa para clientes do mercado financeiro. Tamb\u00e9m desenvolveu pesquisa acad\u00eamica pela Universidade Anhembi Morumbi na \u00e1rea de Teorias da Comunica\u00e7\u00e3o e \u00e9 fot\u00f3grafa nas horas vagas.\",\"url\":\"https:\/\/www.suno.com.br\/noticias\/author\/amanda\/\"}]}<\/script>\n<!-- \/ Yoast SEO plugin. -->","yoast_head_json":{"title":"Copom mant\u00e9m taxa Selic a 6,5% pela 10\u00aa vez consecutiva","description":"O Comit\u00ea de Pol\u00edtica Monet\u00e1ria (Copom) do Banco Central manteve novamente a taxa Selic a 6,5% nesta ter\u00e7a-feira (19). Clique para saber mais.","robots":{"index":"index","follow":"follow","max-snippet":"max-snippet:-1","max-image-preview":"max-image-preview:large","max-video-preview":"max-video-preview:-1"},"canonical":"https:\/\/www.suno.com.br\/noticias\/copom-taxa-selic-65-16\/","og_locale":"pt_BR","og_type":"article","og_title":"Copom mant\u00e9m taxa Selic a 6,5% pela 10\u00aa vez consecutiva","og_description":"O Comit\u00ea de Pol\u00edtica Monet\u00e1ria (Copom) do Banco Central manteve novamente a taxa Selic a 6,5% nesta ter\u00e7a-feira (19). Clique para saber mais.","og_url":"https:\/\/www.suno.com.br\/noticias\/copom-taxa-selic-65-16\/","og_site_name":"Suno Not\u00edcias","article_publisher":"https:\/\/facebook.com\/sunoresearch","og_image":[{"width":1140,"height":760,"url":"https:\/\/files.sunoresearch.com.br\/n\/uploads\/2019\/03\/2e0f1850-taxa-selic.jpg","type":"image\/jpeg"}],"author":"Amanda Gushiken","twitter_card":"summary_large_image","twitter_creator":"@sunoresearch","twitter_site":"@sunoresearch","twitter_misc":{"Escrito por":"Amanda Gushiken","Est. tempo de leitura":"2 minutos"},"schema":{"@context":"https:\/\/schema.org","@graph":[{"@type":"NewsArticle","@id":"https:\/\/www.suno.com.br\/noticias\/copom-taxa-selic-65-16\/#article","isPartOf":{"@id":"https:\/\/www.suno.com.br\/noticias\/copom-taxa-selic-65-16\/"},"author":{"name":"Amanda Gushiken","@id":"https:\/\/www.suno.com.br\/noticias\/#\/schema\/person\/a5b06fa4e879d8e8e119c6ed3cd630d1"},"headline":"Copom mant\u00e9m taxa Selic a 6,5% pela 10\u00aa vez consecutiva","datePublished":"2019-06-19T21:40:52+00:00","dateModified":"2021-02-18T01:48:45+00:00","mainEntityOfPage":{"@id":"https:\/\/www.suno.com.br\/noticias\/copom-taxa-selic-65-16\/"},"wordCount":502,"publisher":{"@id":"https:\/\/www.suno.com.br\/noticias\/#organization"},"image":{"@id":"https:\/\/www.suno.com.br\/noticias\/copom-taxa-selic-65-16\/#primaryimage"},"thumbnailUrl":"https:\/\/files.sunoresearch.com.br\/n\/uploads\/2019\/03\/2e0f1850-taxa-selic-jpg.webp","keywords":["Banco Central (BC)","Copom","infla\u00e7\u00e3o","Taxa Selic"],"articleSection":["Economia"],"inLanguage":"pt-BR"},{"@type":"WebPage","@id":"https:\/\/www.suno.com.br\/noticias\/copom-taxa-selic-65-16\/","url":"https:\/\/www.suno.com.br\/noticias\/copom-taxa-selic-65-16\/","name":"Copom mant\u00e9m taxa Selic a 6,5% pela 10\u00aa vez consecutiva","isPartOf":{"@id":"https:\/\/www.suno.com.br\/noticias\/#website"},"primaryImageOfPage":{"@id":"https:\/\/www.suno.com.br\/noticias\/copom-taxa-selic-65-16\/#primaryimage"},"image":{"@id":"https:\/\/www.suno.com.br\/noticias\/copom-taxa-selic-65-16\/#primaryimage"},"thumbnailUrl":"https:\/\/files.sunoresearch.com.br\/n\/uploads\/2019\/03\/2e0f1850-taxa-selic-jpg.webp","datePublished":"2019-06-19T21:40:52+00:00","dateModified":"2021-02-18T01:48:45+00:00","description":"O Comit\u00ea de Pol\u00edtica Monet\u00e1ria (Copom) do Banco Central manteve novamente a taxa Selic a 6,5% nesta ter\u00e7a-feira (19). Clique para saber mais.","breadcrumb":{"@id":"https:\/\/www.suno.com.br\/noticias\/copom-taxa-selic-65-16\/#breadcrumb"},"inLanguage":"pt-BR","potentialAction":[{"@type":"ReadAction","target":["https:\/\/www.suno.com.br\/noticias\/copom-taxa-selic-65-16\/"]}]},{"@type":"ImageObject","inLanguage":"pt-BR","@id":"https:\/\/www.suno.com.br\/noticias\/copom-taxa-selic-65-16\/#primaryimage","url":"https:\/\/files.sunoresearch.com.br\/n\/uploads\/2019\/03\/2e0f1850-taxa-selic-jpg.webp","contentUrl":"https:\/\/files.sunoresearch.com.br\/n\/uploads\/2019\/03\/2e0f1850-taxa-selic-jpg.webp","width":1140,"height":760,"caption":"O diretor do BC realizou uma defesa da manuten\u00e7\u00e3o do teto de gastos"},{"@type":"BreadcrumbList","@id":"https:\/\/www.suno.com.br\/noticias\/copom-taxa-selic-65-16\/#breadcrumb","itemListElement":[{"@type":"ListItem","position":1,"name":"Not\u00edcias","item":"https:\/\/www.suno.com.br\/noticias\/"},{"@type":"ListItem","position":2,"name":"Economia","item":"https:\/\/www.suno.com.br\/noticias\/economia\/"},{"@type":"ListItem","position":3,"name":"Copom mant\u00e9m taxa Selic a 6,5% pela 10\u00aa vez consecutiva"}]},{"@type":"WebSite","@id":"https:\/\/www.suno.com.br\/noticias\/#website","url":"https:\/\/www.suno.com.br\/noticias\/","name":"Suno Not\u00edcias","description":"Seu portal de informa\u00e7\u00e3o sobre o mundo dos investimentos","publisher":{"@id":"https:\/\/www.suno.com.br\/noticias\/#organization"},"potentialAction":[{"@type":"SearchAction","target":{"@type":"EntryPoint","urlTemplate":"https:\/\/www.suno.com.br\/noticias\/?s={search_term_string}"},"query-input":{"@type":"PropertyValueSpecification","valueRequired":true,"valueName":"search_term_string"}}],"inLanguage":"pt-BR"},{"@type":"Organization","@id":"https:\/\/www.suno.com.br\/noticias\/#organization","name":"Suno Not\u00edcias","url":"https:\/\/www.suno.com.br\/noticias\/","logo":{"@type":"ImageObject","inLanguage":"pt-BR","@id":"https:\/\/www.suno.com.br\/noticias\/#\/schema\/logo\/image\/","url":"https:\/\/files.sunoresearch.com.br\/n\/uploads\/2021\/09\/suno-logo.png","contentUrl":"https:\/\/files.sunoresearch.com.br\/n\/uploads\/2021\/09\/suno-logo.png","width":180,"height":180,"caption":"Suno Not\u00edcias"},"image":{"@id":"https:\/\/www.suno.com.br\/noticias\/#\/schema\/logo\/image\/"},"sameAs":["https:\/\/facebook.com\/sunoresearch","https:\/\/x.com\/sunoresearch","https:\/\/www.instagram.com\/suno","https:\/\/www.linkedin.com\/company\/suno-research\/","https:\/\/www.youtube.com\/c\/sunoresearch"]},{"@type":"Person","@id":"https:\/\/www.suno.com.br\/noticias\/#\/schema\/person\/a5b06fa4e879d8e8e119c6ed3cd630d1","name":"Amanda Gushiken","image":{"@type":"ImageObject","inLanguage":"pt-BR","@id":"https:\/\/www.suno.com.br\/noticias\/#\/schema\/person\/image\/","url":"https:\/\/secure.gravatar.com\/avatar\/ecd84705e6b65e3685ae80d725501fbe?s=96&r=g","contentUrl":"https:\/\/secure.gravatar.com\/avatar\/ecd84705e6b65e3685ae80d725501fbe?s=96&r=g","caption":"Amanda Gushiken"},"description":"Amanda Sayuri Gushiken escreve sobre finan\u00e7as e neg\u00f3cios para o portal Suno Not\u00edcias. Antes, trabalhou selecionando not\u00edcias da imprensa para clientes do mercado financeiro. Tamb\u00e9m desenvolveu pesquisa acad\u00eamica pela Universidade Anhembi Morumbi na \u00e1rea de Teorias da Comunica\u00e7\u00e3o e \u00e9 fot\u00f3grafa nas horas vagas.","url":"https:\/\/www.suno.com.br\/noticias\/author\/amanda\/"}]}},"default_loop_html":"<div class=\"cardsPage__listCard__boxs\"><div class=\"cardsPage__listCard__boxs__img\"><a href=\"https:\/\/www.suno.com.br\/noticias\/copom-taxa-selic-65-16\/\"><img class=\"mask\" src=\"https:\/\/www.suno.com.br\/noticias\/wp-content\/themes\/suno\/resources\/images\/spotlight\/spotlight1img\/bg-mask.png\" alt=\"Image Mask\"\/><img src=\"https:\/\/files.sunoresearch.com.br\/n\/uploads\/2019\/03\/2e0f1850-taxa-selic-400x200.webp\" alt=\"Copom mant\u00e9m taxa Selic a 6,5% pela 10\u00aa vez consecutiva\"\/><\/a><span class=\"spotlightCategory\"><a href=\"https:\/\/www.suno.com.br\/noticias\/economia\/\">Economia<\/a><\/span><\/div><div class=\"cardsPage__listCard__boxs__content\"><a href=\"https:\/\/www.suno.com.br\/noticias\/copom-taxa-selic-65-16\/\"><h2 class=\"content__title\">Copom mant\u00e9m taxa Selic a 6,5% pela 10\u00aa vez consecutiva<\/h2><\/a><div class=\"newsContent__article__meta\"><div class=\"newsContent__article__meta__authorBox\"><a href=\"https:\/\/www.suno.com.br\/noticias\/author\/amanda\/\" class=\"authorBox__avatar noMobi\"><img src=\"https:\/\/files.sunoresearch.com.br\/n\/uploads\/2018\/11\/c6ad30be-amanda-150x150.webp\" alt=\"Amanda Gushiken\"><\/a><div class=\"authorBox__name\"><span>por\n\t\t\t<a href=\"https:\/\/www.suno.com.br\/noticias\/author\/amanda\/\"><span itemprop=\"author\">Amanda Gushiken<\/span><\/a><\/span><time datetime=\"2019-06-19T18:40:52-03:00\" itemprop=\"datePublished\">19\/06\/2019 18:40<\/time><\/div><\/div><\/div><\/div><\/div>","single_layout":"posts","amp_enabled":true,"_links":{"self":[{"href":"https:\/\/www.suno.com.br\/noticias\/wp-json\/wp\/v2\/posts\/28685"}],"collection":[{"href":"https:\/\/www.suno.com.br\/noticias\/wp-json\/wp\/v2\/posts"}],"about":[{"href":"https:\/\/www.suno.com.br\/noticias\/wp-json\/wp\/v2\/types\/post"}],"author":[{"embeddable":true,"href":"https:\/\/www.suno.com.br\/noticias\/wp-json\/wp\/v2\/users\/12"}],"replies":[{"embeddable":true,"href":"https:\/\/www.suno.com.br\/noticias\/wp-json\/wp\/v2\/comments?post=28685"}],"version-history":[{"count":0,"href":"https:\/\/www.suno.com.br\/noticias\/wp-json\/wp\/v2\/posts\/28685\/revisions"}],"wp:featuredmedia":[{"embeddable":true,"href":"https:\/\/www.suno.com.br\/noticias\/wp-json\/wp\/v2\/media\/18497"}],"wp:attachment":[{"href":"https:\/\/www.suno.com.br\/noticias\/wp-json\/wp\/v2\/media?parent=28685"}],"wp:term":[{"taxonomy":"category","embeddable":true,"href":"https:\/\/www.suno.com.br\/noticias\/wp-json\/wp\/v2\/categories?post=28685"},{"taxonomy":"post_tag","embeddable":true,"href":"https:\/\/www.suno.com.br\/noticias\/wp-json\/wp\/v2\/tags?post=28685"},{"taxonomy":"suno_strategy","embeddable":true,"href":"https:\/\/www.suno.com.br\/noticias\/wp-json\/wp\/v2\/suno_strategy?post=28685"}],"curies":[{"name":"wp","href":"https:\/\/api.w.org\/{rel}","templated":true}]}}