{"id":28656,"date":"2019-06-19T17:20:26","date_gmt":"2019-06-19T20:20:26","guid":{"rendered":"https:\/\/www.suno.com.br\/noticias\/?p=28656"},"modified":"2019-06-20T18:40:28","modified_gmt":"2019-06-20T21:40:28","slug":"banco-inter-confianca-consumidor","status":"publish","type":"post","link":"https:\/\/www.suno.com.br\/noticias\/banco-inter-confianca-consumidor\/","title":{"rendered":"Falha do Banco Inter n\u00e3o deve abalar confian\u00e7a do correntista, diz VP"},"content":{"rendered":"<p>O vice-presidente e diretor de <strong>RI<\/strong> do Banco Inter (BIDI4), Alexandre Riccio, acredita que a falha que ocorreu na \u00faltima segunda-feira (17) n\u00e3o deve afetar a confian\u00e7a dos correntistas.<\/p>\t<div class=\"wrapper-featured-image\">\n\t\t<figure class=\"spotlightImg\">\n\n\t\t\t<picture>\n\t\t\t\t<source media=\"(max-width: 768px)\" srcset=\"https:\/\/files.sunoresearch.com.br\/n\/uploads\/2018\/12\/ecc71f31-banco-inter-400x200.webp\">\n\t\t\t\t<img loading=\"lazy\" decoding=\"async\" class=\"newsContent__article__imgCapa lazyloadDisabled newsContent__article__imgCapa--noCaption\" src=\"https:\/\/files.sunoresearch.com.br\/n\/uploads\/2018\/12\/ecc71f31-banco-inter-800x450.webp\" width=\"800\" height=\"450\" alt=\"Falha do Banco Inter n\u00e3o deve abalar confian\u00e7a do correntista, diz VP\" fetchpriority=high \/>\n\t\t\t<\/picture>\n\n\t\t\t<figcaption class=\"wp-caption-text wp-caption-text--hide\">O Banco Inter tamb\u00e9m comunicou a redu\u00e7\u00e3o da taxa do home equity<\/figcaption>\n\t\t<\/figure>\n\t<\/div>\n\n\n<p>Em entrevista exclusiva ao <strong>SUNO Not\u00edcias,<\/strong> o VP do <strong>Banco Inter<\/strong>\u00a0declarou que, apesar da grande exposi\u00e7\u00e3o midi\u00e1tica, o problema que teve in\u00edcio durante a manh\u00e3 durou cerca de 30 a 40 minutos. &#8220;90% da base j\u00e1 estava operando normalmente a partir das 13 horas [da segunda-feira]&#8221;, afirmou o executivo.<\/p>\n\t<p>\n\t\t<a href=\"https:\/\/www.seculus.com.br\/blackfriday\" target=\"_blank\" data-element=\"shortcode-suno-banner\" title=\"Banner SUNO, clique e saiba mais\">\n\t\t\t<picture>\n\t\t\t\t<source media=\"(max-width: 500px)\" srcset=\"https:\/\/files.sunoresearch.com.br\/n\/uploads\/2023\/11\/seculus_suno_mobile_1.jpg\">\n\t\t\t\t<img class=\"newsContent__article__imgCapa newsContent__article__imgCapa--banner\"\n\t\t\t\t\tsrc=\"https:\/\/files.sunoresearch.com.br\/n\/uploads\/2023\/11\/seculus_suno_desktop_1.jpg\"\n\t\t\t\t\tdata-promo-id=\"474122\"\t\t\t\t\t\t\t\t\t\twidth='1420' height='240'\t\t\t\t\talt=\"https:\/\/files.sunoresearch.com.br\/n\/uploads\/2023\/11\/seculus_suno_desktop_1.jpg\"\n\t\t\t\t>\n\t\t\t<\/picture>\n\t\t<\/a>\n\t<\/p>\n\n\n<p>Ainda segundo o VP, a falha foi referente ao processamento interno dos dados da institui\u00e7\u00e3o financeira. Riccio destacou que n\u00e3o houveram preju\u00edzos financeiros aos clientes do banco. Para evitar que o acontecimento n\u00e3o se repita, foram instalados mais pontos de verifica\u00e7\u00e3o no sistema.<\/p>\n<p>O <strong>Banco Inter<\/strong> \u00e9 o primeiro banco totalmente digital do <strong>Brasil.<\/strong> &#8220;Todo mundo precisa de uma conta banc\u00e1ria. Mas em cinco s\u00e9culos a l\u00f3gica &#8211; anal\u00f3gica &#8211; dos bancos tradicionais pouco mudou [&#8230;] O Banco Inter \u00e9 o primeiro banco m\u00faltiplo 100% digital do Brasil&#8221;, diz o site da institui\u00e7\u00e3o financeira.<\/p>\n<p><a href=\"https:\/\/www.suno.com.br\/noticias\/banco-inter-credito-imobiliario\/\">Saiba mais &#8211;\u00a0Banco Inter anuncia R$ 2 bilh\u00f5es em cr\u00e9dito imobili\u00e1rio\u00a0<\/a><\/p>\n<h2>Falha do Banco Inter zerou ou negativou saldos<\/h2>\n<p>Clientes do <strong>Banco Inter<\/strong> relataram na \u00faltima segunda-feira nas redes sociais que o saldo de suas contas estava zerado ou negativado.<\/p>\n<p>Como medida preventiva, a institui\u00e7\u00e3o financeira suspendeu o acesso dos correntistas ao aplicativo e ao <strong>internet banking<\/strong> por algumas horas.<\/p>\n<p>O reflexo do epis\u00f3dio foi uma queda de 2,93% na <a href=\"https:\/\/www.suno.com.br\/artigos\/b3\/\">Bolsa de Valores de S\u00e3o Paulo (B3)<\/a>. Na segunda-feira, as <strong>a\u00e7\u00f5es<\/strong> encerraram cotadas a R$ 59,21.<\/p>\n\t<p>\n\t\t<a href=\"https:\/\/lp.suno.com.br\/ebook-como-analisar-uma-acao\/\" target=\"_blank\" data-element=\"shortcode-suno-banner\" title=\"Banner SUNO, clique e saiba mais\">\n\t\t\t<picture>\n\t\t\t\t<source media=\"(max-width: 500px)\" srcset=\"https:\/\/files.sunoresearch.com.br\/n\/uploads\/2023\/03\/Ebook-Acoes-Mobile-1.jpg\">\n\t\t\t\t<img class=\"newsContent__article__imgCapa newsContent__article__imgCapa--banner\"\n\t\t\t\t\tsrc=\"https:\/\/files.sunoresearch.com.br\/n\/uploads\/2023\/03\/Ebook-Acoes-Desktop-1.jpg\"\n\t\t\t\t\tdata-promo-id=\"171998\"\t\t\t\t\t\t\t\t\t\twidth='1420' height='286'\t\t\t\t\talt=\"https:\/\/files.sunoresearch.com.br\/n\/uploads\/2023\/03\/Ebook-Acoes-Desktop-1.jpg\"\n\t\t\t\t>\n\t\t\t<\/picture>\n\t\t<\/a>\n\t<\/p>\n\n\n<p>Confira abaixo alguns dos relatos dos correntistas usu\u00e1rios do Twitter:<\/p>\n<p>&#8220;Fui confiar no @Bancointer, resultado: fui dormir tranquilo e acordei com <strong>saldo negativo<\/strong>, 300 reais simplesmente desapareceram sem discrimina\u00e7\u00e3o alguma no extrato!&#8221;<\/p>\n<p>&#8220;@Bancointer, a quest\u00e3o n\u00e3o \u00e9 visualizar o saldo, o problema \u00e9 que eu vi o meu saldo e minha grana n\u00e3o est\u00e1 l\u00e1, vcs me deixaram <strong>sem dinheiro<\/strong> para almo\u00e7ar hoje! Qual a data do seu &#8216;Breve&#8217;?&#8221;<\/p>\n<p>&#8220;Obrigada por me deixar sem <strong>almo\u00e7o<\/strong> hoje @Bancointer&#8221;.<\/p>\n","protected":false},"excerpt":{"rendered":"<p>O vice-presidente e diretor de RI do Banco Inter (BIDI4), Alexandre Riccio, acredita que a falha que ocorreu na \u00faltima segunda-feira (17) n\u00e3o deve afetar a confian\u00e7a dos correntistas. O Banco Inter tamb\u00e9m comunicou a redu\u00e7\u00e3o da taxa do home equity Em entrevista exclusiva ao SUNO Not\u00edcias, o VP do Banco Inter\u00a0declarou que, apesar da [&hellip;]<\/p>\n","protected":false},"author":12,"featured_media":8562,"comment_status":"closed","ping_status":"closed","sticky":false,"template":"","format":"standard","meta":[],"categories":[64],"tags":[369],"suno_strategy":[],"class_list":["post-28656","post","type-post","status-publish","format-standard","has-post-thumbnail","hentry","category-negocios","tag-banco-inter-bidi11-bidi4-bidi3"],"yoast_head":"<!-- This site is optimized with the Yoast SEO plugin v24.4 - https:\/\/yoast.com\/wordpress\/plugins\/seo\/ -->\n<title>Falha do Banco Inter n\u00e3o deve abalar confian\u00e7a do correntista, diz VP<\/title>\n<meta name=\"description\" content=\"A falha do Banco Inter (BIDI4) n\u00e3o deve abalar a confian\u00e7a do correntista, de acordo com o VP, Alexandre Riccio. Clique para saber mais.\" \/>\n<meta name=\"robots\" content=\"index, follow, max-snippet:-1, max-image-preview:large, max-video-preview:-1\" \/>\n<link rel=\"canonical\" href=\"https:\/\/www.suno.com.br\/noticias\/banco-inter-confianca-consumidor\/\" \/>\n<meta property=\"og:locale\" content=\"pt_BR\" \/>\n<meta property=\"og:type\" content=\"article\" \/>\n<meta property=\"og:title\" content=\"Falha do Banco Inter n\u00e3o deve abalar confian\u00e7a do correntista, diz VP\" \/>\n<meta property=\"og:description\" content=\"A falha do Banco Inter (BIDI4) n\u00e3o deve abalar a confian\u00e7a do correntista, de acordo com o VP, Alexandre Riccio. Clique para saber mais.\" \/>\n<meta property=\"og:url\" content=\"https:\/\/www.suno.com.br\/noticias\/banco-inter-confianca-consumidor\/\" \/>\n<meta property=\"og:site_name\" content=\"Suno Not\u00edcias\" \/>\n<meta property=\"article:publisher\" content=\"https:\/\/facebook.com\/sunoresearch\" \/>\n<meta property=\"og:image\" content=\"https:\/\/files.sunoresearch.com.br\/n\/uploads\/2018\/12\/ecc71f31-banco-inter.jpg\" \/>\n\t<meta property=\"og:image:width\" content=\"1070\" \/>\n\t<meta property=\"og:image:height\" content=\"594\" \/>\n\t<meta property=\"og:image:type\" content=\"image\/jpeg\" \/>\n<meta name=\"author\" content=\"Amanda Gushiken\" \/>\n<meta name=\"twitter:card\" content=\"summary_large_image\" \/>\n<meta name=\"twitter:creator\" content=\"@sunoresearch\" \/>\n<meta name=\"twitter:site\" content=\"@sunoresearch\" \/>\n<meta name=\"twitter:label1\" content=\"Escrito por\" \/>\n\t<meta name=\"twitter:data1\" content=\"Amanda Gushiken\" \/>\n\t<meta name=\"twitter:label2\" content=\"Est. tempo de leitura\" \/>\n\t<meta name=\"twitter:data2\" content=\"2 minutos\" \/>\n<script type=\"application\/ld+json\" class=\"yoast-schema-graph\">{\"@context\":\"https:\/\/schema.org\",\"@graph\":[{\"@type\":\"NewsArticle\",\"@id\":\"https:\/\/www.suno.com.br\/noticias\/banco-inter-confianca-consumidor\/#article\",\"isPartOf\":{\"@id\":\"https:\/\/www.suno.com.br\/noticias\/banco-inter-confianca-consumidor\/\"},\"author\":{\"name\":\"Amanda Gushiken\",\"@id\":\"https:\/\/www.suno.com.br\/noticias\/#\/schema\/person\/a5b06fa4e879d8e8e119c6ed3cd630d1\"},\"headline\":\"Falha do Banco Inter n\u00e3o deve abalar confian\u00e7a do correntista, diz VP\",\"datePublished\":\"2019-06-19T20:20:26+00:00\",\"dateModified\":\"2019-06-20T21:40:28+00:00\",\"mainEntityOfPage\":{\"@id\":\"https:\/\/www.suno.com.br\/noticias\/banco-inter-confianca-consumidor\/\"},\"wordCount\":373,\"publisher\":{\"@id\":\"https:\/\/www.suno.com.br\/noticias\/#organization\"},\"image\":{\"@id\":\"https:\/\/www.suno.com.br\/noticias\/banco-inter-confianca-consumidor\/#primaryimage\"},\"thumbnailUrl\":\"https:\/\/files.sunoresearch.com.br\/n\/uploads\/2018\/12\/ecc71f31-banco-inter-jpg.webp\",\"keywords\":[\"Banco Inter (BIDI11\/BIDI4\/BIDI3)\"],\"articleSection\":[\"Neg\u00f3cios\"],\"inLanguage\":\"pt-BR\"},{\"@type\":\"WebPage\",\"@id\":\"https:\/\/www.suno.com.br\/noticias\/banco-inter-confianca-consumidor\/\",\"url\":\"https:\/\/www.suno.com.br\/noticias\/banco-inter-confianca-consumidor\/\",\"name\":\"Falha do Banco Inter n\u00e3o deve abalar confian\u00e7a do correntista, diz VP\",\"isPartOf\":{\"@id\":\"https:\/\/www.suno.com.br\/noticias\/#website\"},\"primaryImageOfPage\":{\"@id\":\"https:\/\/www.suno.com.br\/noticias\/banco-inter-confianca-consumidor\/#primaryimage\"},\"image\":{\"@id\":\"https:\/\/www.suno.com.br\/noticias\/banco-inter-confianca-consumidor\/#primaryimage\"},\"thumbnailUrl\":\"https:\/\/files.sunoresearch.com.br\/n\/uploads\/2018\/12\/ecc71f31-banco-inter-jpg.webp\",\"datePublished\":\"2019-06-19T20:20:26+00:00\",\"dateModified\":\"2019-06-20T21:40:28+00:00\",\"description\":\"A falha do Banco Inter (BIDI4) n\u00e3o deve abalar a confian\u00e7a do correntista, de acordo com o VP, Alexandre Riccio. Clique para saber mais.\",\"breadcrumb\":{\"@id\":\"https:\/\/www.suno.com.br\/noticias\/banco-inter-confianca-consumidor\/#breadcrumb\"},\"inLanguage\":\"pt-BR\",\"potentialAction\":[{\"@type\":\"ReadAction\",\"target\":[\"https:\/\/www.suno.com.br\/noticias\/banco-inter-confianca-consumidor\/\"]}]},{\"@type\":\"ImageObject\",\"inLanguage\":\"pt-BR\",\"@id\":\"https:\/\/www.suno.com.br\/noticias\/banco-inter-confianca-consumidor\/#primaryimage\",\"url\":\"https:\/\/files.sunoresearch.com.br\/n\/uploads\/2018\/12\/ecc71f31-banco-inter-jpg.webp\",\"contentUrl\":\"https:\/\/files.sunoresearch.com.br\/n\/uploads\/2018\/12\/ecc71f31-banco-inter-jpg.webp\",\"width\":1070,\"height\":594,\"caption\":\"O Banco Inter tamb\u00e9m comunicou a redu\u00e7\u00e3o da taxa do home equity\"},{\"@type\":\"BreadcrumbList\",\"@id\":\"https:\/\/www.suno.com.br\/noticias\/banco-inter-confianca-consumidor\/#breadcrumb\",\"itemListElement\":[{\"@type\":\"ListItem\",\"position\":1,\"name\":\"Not\u00edcias\",\"item\":\"https:\/\/www.suno.com.br\/noticias\/\"},{\"@type\":\"ListItem\",\"position\":2,\"name\":\"Neg\u00f3cios\",\"item\":\"https:\/\/www.suno.com.br\/noticias\/negocios\/\"},{\"@type\":\"ListItem\",\"position\":3,\"name\":\"Falha do Banco Inter n\u00e3o deve abalar confian\u00e7a do correntista, diz VP\"}]},{\"@type\":\"WebSite\",\"@id\":\"https:\/\/www.suno.com.br\/noticias\/#website\",\"url\":\"https:\/\/www.suno.com.br\/noticias\/\",\"name\":\"Suno Not\u00edcias\",\"description\":\"Seu portal de informa\u00e7\u00e3o sobre o mundo dos investimentos\",\"publisher\":{\"@id\":\"https:\/\/www.suno.com.br\/noticias\/#organization\"},\"potentialAction\":[{\"@type\":\"SearchAction\",\"target\":{\"@type\":\"EntryPoint\",\"urlTemplate\":\"https:\/\/www.suno.com.br\/noticias\/?s={search_term_string}\"},\"query-input\":{\"@type\":\"PropertyValueSpecification\",\"valueRequired\":true,\"valueName\":\"search_term_string\"}}],\"inLanguage\":\"pt-BR\"},{\"@type\":\"Organization\",\"@id\":\"https:\/\/www.suno.com.br\/noticias\/#organization\",\"name\":\"Suno Not\u00edcias\",\"url\":\"https:\/\/www.suno.com.br\/noticias\/\",\"logo\":{\"@type\":\"ImageObject\",\"inLanguage\":\"pt-BR\",\"@id\":\"https:\/\/www.suno.com.br\/noticias\/#\/schema\/logo\/image\/\",\"url\":\"https:\/\/files.sunoresearch.com.br\/n\/uploads\/2021\/09\/suno-logo.png\",\"contentUrl\":\"https:\/\/files.sunoresearch.com.br\/n\/uploads\/2021\/09\/suno-logo.png\",\"width\":180,\"height\":180,\"caption\":\"Suno Not\u00edcias\"},\"image\":{\"@id\":\"https:\/\/www.suno.com.br\/noticias\/#\/schema\/logo\/image\/\"},\"sameAs\":[\"https:\/\/facebook.com\/sunoresearch\",\"https:\/\/x.com\/sunoresearch\",\"https:\/\/www.instagram.com\/suno\",\"https:\/\/www.linkedin.com\/company\/suno-research\/\",\"https:\/\/www.youtube.com\/c\/sunoresearch\"]},{\"@type\":\"Person\",\"@id\":\"https:\/\/www.suno.com.br\/noticias\/#\/schema\/person\/a5b06fa4e879d8e8e119c6ed3cd630d1\",\"name\":\"Amanda Gushiken\",\"image\":{\"@type\":\"ImageObject\",\"inLanguage\":\"pt-BR\",\"@id\":\"https:\/\/www.suno.com.br\/noticias\/#\/schema\/person\/image\/\",\"url\":\"https:\/\/secure.gravatar.com\/avatar\/ecd84705e6b65e3685ae80d725501fbe?s=96&r=g\",\"contentUrl\":\"https:\/\/secure.gravatar.com\/avatar\/ecd84705e6b65e3685ae80d725501fbe?s=96&r=g\",\"caption\":\"Amanda Gushiken\"},\"description\":\"Amanda Sayuri Gushiken escreve sobre finan\u00e7as e neg\u00f3cios para o portal Suno Not\u00edcias. Antes, trabalhou selecionando not\u00edcias da imprensa para clientes do mercado financeiro. Tamb\u00e9m desenvolveu pesquisa acad\u00eamica pela Universidade Anhembi Morumbi na \u00e1rea de Teorias da Comunica\u00e7\u00e3o e \u00e9 fot\u00f3grafa nas horas vagas.\",\"url\":\"https:\/\/www.suno.com.br\/noticias\/author\/amanda\/\"}]}<\/script>\n<!-- \/ Yoast SEO plugin. -->","yoast_head_json":{"title":"Falha do Banco Inter n\u00e3o deve abalar confian\u00e7a do correntista, diz VP","description":"A falha do Banco Inter (BIDI4) n\u00e3o deve abalar a confian\u00e7a do correntista, de acordo com o VP, Alexandre Riccio. Clique para saber mais.","robots":{"index":"index","follow":"follow","max-snippet":"max-snippet:-1","max-image-preview":"max-image-preview:large","max-video-preview":"max-video-preview:-1"},"canonical":"https:\/\/www.suno.com.br\/noticias\/banco-inter-confianca-consumidor\/","og_locale":"pt_BR","og_type":"article","og_title":"Falha do Banco Inter n\u00e3o deve abalar confian\u00e7a do correntista, diz VP","og_description":"A falha do Banco Inter (BIDI4) n\u00e3o deve abalar a confian\u00e7a do correntista, de acordo com o VP, Alexandre Riccio. Clique para saber mais.","og_url":"https:\/\/www.suno.com.br\/noticias\/banco-inter-confianca-consumidor\/","og_site_name":"Suno Not\u00edcias","article_publisher":"https:\/\/facebook.com\/sunoresearch","og_image":[{"width":1070,"height":594,"url":"https:\/\/files.sunoresearch.com.br\/n\/uploads\/2018\/12\/ecc71f31-banco-inter.jpg","type":"image\/jpeg"}],"author":"Amanda Gushiken","twitter_card":"summary_large_image","twitter_creator":"@sunoresearch","twitter_site":"@sunoresearch","twitter_misc":{"Escrito por":"Amanda Gushiken","Est. tempo de leitura":"2 minutos"},"schema":{"@context":"https:\/\/schema.org","@graph":[{"@type":"NewsArticle","@id":"https:\/\/www.suno.com.br\/noticias\/banco-inter-confianca-consumidor\/#article","isPartOf":{"@id":"https:\/\/www.suno.com.br\/noticias\/banco-inter-confianca-consumidor\/"},"author":{"name":"Amanda Gushiken","@id":"https:\/\/www.suno.com.br\/noticias\/#\/schema\/person\/a5b06fa4e879d8e8e119c6ed3cd630d1"},"headline":"Falha do Banco Inter n\u00e3o deve abalar confian\u00e7a do correntista, diz VP","datePublished":"2019-06-19T20:20:26+00:00","dateModified":"2019-06-20T21:40:28+00:00","mainEntityOfPage":{"@id":"https:\/\/www.suno.com.br\/noticias\/banco-inter-confianca-consumidor\/"},"wordCount":373,"publisher":{"@id":"https:\/\/www.suno.com.br\/noticias\/#organization"},"image":{"@id":"https:\/\/www.suno.com.br\/noticias\/banco-inter-confianca-consumidor\/#primaryimage"},"thumbnailUrl":"https:\/\/files.sunoresearch.com.br\/n\/uploads\/2018\/12\/ecc71f31-banco-inter-jpg.webp","keywords":["Banco Inter (BIDI11\/BIDI4\/BIDI3)"],"articleSection":["Neg\u00f3cios"],"inLanguage":"pt-BR"},{"@type":"WebPage","@id":"https:\/\/www.suno.com.br\/noticias\/banco-inter-confianca-consumidor\/","url":"https:\/\/www.suno.com.br\/noticias\/banco-inter-confianca-consumidor\/","name":"Falha do Banco Inter n\u00e3o deve abalar confian\u00e7a do correntista, diz VP","isPartOf":{"@id":"https:\/\/www.suno.com.br\/noticias\/#website"},"primaryImageOfPage":{"@id":"https:\/\/www.suno.com.br\/noticias\/banco-inter-confianca-consumidor\/#primaryimage"},"image":{"@id":"https:\/\/www.suno.com.br\/noticias\/banco-inter-confianca-consumidor\/#primaryimage"},"thumbnailUrl":"https:\/\/files.sunoresearch.com.br\/n\/uploads\/2018\/12\/ecc71f31-banco-inter-jpg.webp","datePublished":"2019-06-19T20:20:26+00:00","dateModified":"2019-06-20T21:40:28+00:00","description":"A falha do Banco Inter (BIDI4) n\u00e3o deve abalar a confian\u00e7a do correntista, de acordo com o VP, Alexandre Riccio. Clique para saber mais.","breadcrumb":{"@id":"https:\/\/www.suno.com.br\/noticias\/banco-inter-confianca-consumidor\/#breadcrumb"},"inLanguage":"pt-BR","potentialAction":[{"@type":"ReadAction","target":["https:\/\/www.suno.com.br\/noticias\/banco-inter-confianca-consumidor\/"]}]},{"@type":"ImageObject","inLanguage":"pt-BR","@id":"https:\/\/www.suno.com.br\/noticias\/banco-inter-confianca-consumidor\/#primaryimage","url":"https:\/\/files.sunoresearch.com.br\/n\/uploads\/2018\/12\/ecc71f31-banco-inter-jpg.webp","contentUrl":"https:\/\/files.sunoresearch.com.br\/n\/uploads\/2018\/12\/ecc71f31-banco-inter-jpg.webp","width":1070,"height":594,"caption":"O Banco Inter tamb\u00e9m comunicou a redu\u00e7\u00e3o da taxa do home equity"},{"@type":"BreadcrumbList","@id":"https:\/\/www.suno.com.br\/noticias\/banco-inter-confianca-consumidor\/#breadcrumb","itemListElement":[{"@type":"ListItem","position":1,"name":"Not\u00edcias","item":"https:\/\/www.suno.com.br\/noticias\/"},{"@type":"ListItem","position":2,"name":"Neg\u00f3cios","item":"https:\/\/www.suno.com.br\/noticias\/negocios\/"},{"@type":"ListItem","position":3,"name":"Falha do Banco Inter n\u00e3o deve abalar confian\u00e7a do correntista, diz VP"}]},{"@type":"WebSite","@id":"https:\/\/www.suno.com.br\/noticias\/#website","url":"https:\/\/www.suno.com.br\/noticias\/","name":"Suno Not\u00edcias","description":"Seu portal de informa\u00e7\u00e3o sobre o mundo dos investimentos","publisher":{"@id":"https:\/\/www.suno.com.br\/noticias\/#organization"},"potentialAction":[{"@type":"SearchAction","target":{"@type":"EntryPoint","urlTemplate":"https:\/\/www.suno.com.br\/noticias\/?s={search_term_string}"},"query-input":{"@type":"PropertyValueSpecification","valueRequired":true,"valueName":"search_term_string"}}],"inLanguage":"pt-BR"},{"@type":"Organization","@id":"https:\/\/www.suno.com.br\/noticias\/#organization","name":"Suno Not\u00edcias","url":"https:\/\/www.suno.com.br\/noticias\/","logo":{"@type":"ImageObject","inLanguage":"pt-BR","@id":"https:\/\/www.suno.com.br\/noticias\/#\/schema\/logo\/image\/","url":"https:\/\/files.sunoresearch.com.br\/n\/uploads\/2021\/09\/suno-logo.png","contentUrl":"https:\/\/files.sunoresearch.com.br\/n\/uploads\/2021\/09\/suno-logo.png","width":180,"height":180,"caption":"Suno Not\u00edcias"},"image":{"@id":"https:\/\/www.suno.com.br\/noticias\/#\/schema\/logo\/image\/"},"sameAs":["https:\/\/facebook.com\/sunoresearch","https:\/\/x.com\/sunoresearch","https:\/\/www.instagram.com\/suno","https:\/\/www.linkedin.com\/company\/suno-research\/","https:\/\/www.youtube.com\/c\/sunoresearch"]},{"@type":"Person","@id":"https:\/\/www.suno.com.br\/noticias\/#\/schema\/person\/a5b06fa4e879d8e8e119c6ed3cd630d1","name":"Amanda Gushiken","image":{"@type":"ImageObject","inLanguage":"pt-BR","@id":"https:\/\/www.suno.com.br\/noticias\/#\/schema\/person\/image\/","url":"https:\/\/secure.gravatar.com\/avatar\/ecd84705e6b65e3685ae80d725501fbe?s=96&r=g","contentUrl":"https:\/\/secure.gravatar.com\/avatar\/ecd84705e6b65e3685ae80d725501fbe?s=96&r=g","caption":"Amanda Gushiken"},"description":"Amanda Sayuri Gushiken escreve sobre finan\u00e7as e neg\u00f3cios para o portal Suno Not\u00edcias. Antes, trabalhou selecionando not\u00edcias da imprensa para clientes do mercado financeiro. Tamb\u00e9m desenvolveu pesquisa acad\u00eamica pela Universidade Anhembi Morumbi na \u00e1rea de Teorias da Comunica\u00e7\u00e3o e \u00e9 fot\u00f3grafa nas horas vagas.","url":"https:\/\/www.suno.com.br\/noticias\/author\/amanda\/"}]}},"default_loop_html":"<div class=\"cardsPage__listCard__boxs\"><div class=\"cardsPage__listCard__boxs__img\"><a href=\"https:\/\/www.suno.com.br\/noticias\/banco-inter-confianca-consumidor\/\"><img class=\"mask\" src=\"https:\/\/www.suno.com.br\/noticias\/wp-content\/themes\/suno\/resources\/images\/spotlight\/spotlight1img\/bg-mask.png\" alt=\"Image Mask\"\/><img src=\"https:\/\/files.sunoresearch.com.br\/n\/uploads\/2018\/12\/ecc71f31-banco-inter-400x200.webp\" alt=\"Falha do Banco Inter n\u00e3o deve abalar confian\u00e7a do correntista, diz VP\"\/><\/a><span class=\"spotlightCategory\"><a href=\"https:\/\/www.suno.com.br\/noticias\/negocios\/\">Neg\u00f3cios<\/a><\/span><\/div><div class=\"cardsPage__listCard__boxs__content\"><a href=\"https:\/\/www.suno.com.br\/noticias\/banco-inter-confianca-consumidor\/\"><h2 class=\"content__title\">Falha do Banco Inter n\u00e3o deve abalar confian\u00e7a do correntista, diz VP<\/h2><\/a><div class=\"newsContent__article__meta\"><div class=\"newsContent__article__meta__authorBox\"><a href=\"https:\/\/www.suno.com.br\/noticias\/author\/amanda\/\" class=\"authorBox__avatar noMobi\"><img src=\"https:\/\/files.sunoresearch.com.br\/n\/uploads\/2018\/11\/c6ad30be-amanda-150x150.webp\" alt=\"Amanda Gushiken\"><\/a><div class=\"authorBox__name\"><span>por\n\t\t\t<a href=\"https:\/\/www.suno.com.br\/noticias\/author\/amanda\/\"><span itemprop=\"author\">Amanda Gushiken<\/span><\/a><\/span><time datetime=\"2019-06-19T17:20:26-03:00\" itemprop=\"datePublished\">19\/06\/2019 17:20<\/time><\/div><\/div><\/div><\/div><\/div>","single_layout":"posts","amp_enabled":true,"_links":{"self":[{"href":"https:\/\/www.suno.com.br\/noticias\/wp-json\/wp\/v2\/posts\/28656"}],"collection":[{"href":"https:\/\/www.suno.com.br\/noticias\/wp-json\/wp\/v2\/posts"}],"about":[{"href":"https:\/\/www.suno.com.br\/noticias\/wp-json\/wp\/v2\/types\/post"}],"author":[{"embeddable":true,"href":"https:\/\/www.suno.com.br\/noticias\/wp-json\/wp\/v2\/users\/12"}],"replies":[{"embeddable":true,"href":"https:\/\/www.suno.com.br\/noticias\/wp-json\/wp\/v2\/comments?post=28656"}],"version-history":[{"count":0,"href":"https:\/\/www.suno.com.br\/noticias\/wp-json\/wp\/v2\/posts\/28656\/revisions"}],"wp:featuredmedia":[{"embeddable":true,"href":"https:\/\/www.suno.com.br\/noticias\/wp-json\/wp\/v2\/media\/8562"}],"wp:attachment":[{"href":"https:\/\/www.suno.com.br\/noticias\/wp-json\/wp\/v2\/media?parent=28656"}],"wp:term":[{"taxonomy":"category","embeddable":true,"href":"https:\/\/www.suno.com.br\/noticias\/wp-json\/wp\/v2\/categories?post=28656"},{"taxonomy":"post_tag","embeddable":true,"href":"https:\/\/www.suno.com.br\/noticias\/wp-json\/wp\/v2\/tags?post=28656"},{"taxonomy":"suno_strategy","embeddable":true,"href":"https:\/\/www.suno.com.br\/noticias\/wp-json\/wp\/v2\/suno_strategy?post=28656"}],"curies":[{"name":"wp","href":"https:\/\/api.w.org\/{rel}","templated":true}]}}