{"id":28639,"date":"2019-06-19T15:50:20","date_gmt":"2019-06-19T18:50:20","guid":{"rendered":"https:\/\/www.suno.com.br\/noticias\/?p=28639"},"modified":"2019-06-20T18:42:13","modified_gmt":"2019-06-20T21:42:13","slug":"banco-inter-credito-imobiliario","status":"publish","type":"post","link":"https:\/\/www.suno.com.br\/noticias\/banco-inter-credito-imobiliario\/","title":{"rendered":"Banco Inter anuncia R$ 2 bilh\u00f5es em cr\u00e9dito imobili\u00e1rio"},"content":{"rendered":"<p>O Banco Inter (BIDI4) anunciou nesta quarta-feira (19) que oferecer\u00e1 R$ 2 bilh\u00f5es em cr\u00e9dito imobili\u00e1rio pr\u00e9-aprovado para seus clientes da <strong>Conta Digital<\/strong>. De acordo com o banco, o montante poder\u00e1 ser utilizado para comprar im\u00f3veis ou obter <strong>empr\u00e9stimos com garantia<\/strong> de <strong>im\u00f3vel,<\/strong> conhecido como <a href=\"https:\/\/www.suno.com.br\/artigos\/home-equity\/\">home equity<\/a>.<\/p>\t<div class=\"wrapper-featured-image\">\n\t\t<figure class=\"spotlightImg\">\n\n\t\t\t<picture>\n\t\t\t\t<source media=\"(max-width: 768px)\" srcset=\"https:\/\/files.sunoresearch.com.br\/n\/uploads\/2019\/06\/a8dd008a-banco-inter-400x200.webp\">\n\t\t\t\t<img loading=\"lazy\" decoding=\"async\" class=\"newsContent__article__imgCapa lazyloadDisabled newsContent__article__imgCapa--noCaption\" src=\"https:\/\/files.sunoresearch.com.br\/n\/uploads\/2019\/06\/a8dd008a-banco-inter-800x450.webp\" width=\"800\" height=\"450\" alt=\"Banco Inter anuncia R$ 2 bilh\u00f5es em cr\u00e9dito imobili\u00e1rio\" fetchpriority=high \/>\n\t\t\t<\/picture>\n\n\t\t\t<figcaption class=\"wp-caption-text wp-caption-text--hide\">Diversos bancos apresentaram instabilidade nessa segunda, em meio ao in\u00edcio do cadastro de chaves no PIX. <\/figcaption>\n\t\t<\/figure>\n\t<\/div>\n\n\n<p><a href=\"https:\/\/www.suno.com.br\/noticias\/banco-inter-confianca-consumidor\/\">Saiba mais: Falha do Banco Inter n\u00e3o deve abalar confian\u00e7a do correntista, diz VP\u00a0<\/a><\/p>\n<p>A iniciativa faz parte da nova pol\u00edtica de concess\u00e3o de cr\u00e9dito adotada pela institui\u00e7\u00e3o financeira. Em maio, o banco bateu 2,2 milh\u00f5es de correntistas.\u00a0O <strong>Banco Inter<\/strong> acredita que a oferta possa ser ampliada para outros produtos.<\/p>\n\t<p>\n\t\t<a href=\"https:\/\/lp.suno.com.br\/suno-one\/?utm_campaign=_SNC6964518A_\" target=\"_blank\" data-element=\"shortcode-suno-banner\" title=\"Banner SUNO, clique e saiba mais\">\n\t\t\t<picture>\n\t\t\t\t<source media=\"(max-width: 500px)\" srcset=\"https:\/\/files.sunoresearch.com.br\/n\/uploads\/2025\/09\/400x300-Suno-One-png.webp\">\n\t\t\t\t<img class=\"newsContent__article__imgCapa newsContent__article__imgCapa--banner\"\n\t\t\t\t\tsrc=\"https:\/\/files.sunoresearch.com.br\/n\/uploads\/2025\/09\/1420x240-Suno-One-png.webp\"\n\t\t\t\t\tdata-promo-id=\"85810\"\t\t\t\t\t\t\t\t\t\twidth='1420' height='240'\t\t\t\t\talt=\"https:\/\/files.sunoresearch.com.br\/n\/uploads\/2025\/09\/1420x240-Suno-One-png.webp\"\n\t\t\t\t>\n\t\t\t<\/picture>\n\t\t<\/a>\n\t<\/p>\n\n\n<p>O empr\u00e9stimo com garantia de <strong>im\u00f3vel<\/strong> no banco ter\u00e1 taxa pr\u00e9-fixada mensal de 1%. Al\u00e9m de prazo de pagamento de at\u00e9 84 meses. Os baixos juros devem-se \u00e0 baixa\u00a0<strong><a href=\"https:\/\/www.suno.com.br\/artigos\/inadimplencia\/\">taxa de inadimpl\u00eancia<\/a><\/strong> do segmento de <strong>home equity<\/strong> do <strong>Banco Inter,<\/strong> que encontra-se entre 3,5% e 4%.<\/p>\n<h2>Segmento do home equity tem alto potencial<\/h2>\n<p>O vice-presidente e diretor de RI do <strong>Banco Inter<\/strong>, Alexandre Riccio, declarou para o <strong>SUNO Not\u00edcias<\/strong> que acredita que o empr\u00e9stimo com garantia de <strong>im\u00f3vel<\/strong> deve ter ascens\u00e3o no Brasil. Contudo, ao contr\u00e1rio da concorrente <strong>Creditas,<\/strong> o banco n\u00e3o considera realizar empr\u00e9stimo com garantia de <strong>ve\u00edculo<\/strong> no momento.<\/p>\n\t<p>\n\t\t<a href=\"https:\/\/lp.suno.com.br\/ebook-investindo-em-fiis\/\" target=\"_blank\" data-element=\"shortcode-suno-banner\" title=\"Banner SUNO, clique e saiba mais\">\n\t\t\t<picture>\n\t\t\t\t<source media=\"(max-width: 500px)\" srcset=\"https:\/\/files.sunoresearch.com.br\/n\/uploads\/2023\/07\/Ebook-Fundos-Imobiliarios-Mobile.jpg\">\n\t\t\t\t<img class=\"newsContent__article__imgCapa newsContent__article__imgCapa--banner\"\n\t\t\t\t\tsrc=\"https:\/\/files.sunoresearch.com.br\/n\/uploads\/2023\/07\/Ebook-Fundos-Imobiliarios-Desktop.jpg\"\n\t\t\t\t\tdata-promo-id=\"378301\"\t\t\t\t\t\t\t\t\t\twidth='1420' height='286'\t\t\t\t\talt=\"https:\/\/files.sunoresearch.com.br\/n\/uploads\/2023\/07\/Ebook-Fundos-Imobiliarios-Desktop.jpg\"\n\t\t\t\t>\n\t\t\t<\/picture>\n\t\t<\/a>\n\t<\/p>\n\n\n<p>Referente ao porqu\u00ea dos grandes bancos n\u00e3o investirem no segmento, o vice-presidente afirmou que trata-se uma opera\u00e7\u00e3o &#8220;<strong>mais complexa<\/strong>&#8221; que o <a href=\"https:\/\/www.suno.com.br\/artigos\/emprestimo-pessoal\/\">cr\u00e9dito pessoal<\/a>, por exemplo. Apesar dos bancos tradicionais ofertarem tamb\u00e9m o produto, o cr\u00e9dito pessoal ainda \u00e9 mais <strong>rent\u00e1vel<\/strong> para esses bancos, pois os juros cobrados s\u00e3o mais altos.<\/p>\n<p><a href=\"https:\/\/www.suno.com.br\/noticias\/problema-banco-inter-zera-contas\/\">Saiba mais &#8211;\u00a0Problema no Banco Inter zera ou negativa saldos de clientes<\/a><\/p>\n<p>Contudo, Riccio acredita que h\u00e1 um <strong>grande potencial<\/strong> no segmento de <strong>home equity<\/strong>. Devido \u00e0s menores taxas, ante aquelas cobradas em outras modalidades de empr\u00e9stimo.<\/p>\n<h2>Mercado imobili\u00e1rio pode ser aquecido ap\u00f3s reformas, segundo VP do Banco Inter<\/h2>\n<p>Al\u00e9m do <strong>home equity,<\/strong> Riccio tamb\u00e9m acredita na fertilidade do <strong>mercado imobili\u00e1rio<\/strong>. Mas esses resultados positivos, no momento, dependem das incertezas econ\u00f4micas que pairam sobre o Brasil, com a tramita\u00e7\u00e3o das <strong>reformas econ\u00f4micas<\/strong>, e o anseio dos investidores pela aprova\u00e7\u00e3o das mesmas.<\/p>\n\t<p>\n\t\t<a href=\"https:\/\/lp.suno.com.br\/ebook-guia-ir\/\" target=\"_blank\" data-element=\"shortcode-suno-banner\" title=\"Banner SUNO, clique e saiba mais\">\n\t\t\t<picture>\n\t\t\t\t<source media=\"(max-width: 500px)\" srcset=\"https:\/\/files.sunoresearch.com.br\/n\/uploads\/2023\/03\/400x300-Ebook-IR.png\">\n\t\t\t\t<img class=\"newsContent__article__imgCapa newsContent__article__imgCapa--banner\"\n\t\t\t\t\tsrc=\"https:\/\/files.sunoresearch.com.br\/n\/uploads\/2023\/03\/1420x240-Ebook-IR.png\"\n\t\t\t\t\tdata-promo-id=\"383124\"\t\t\t\t\t\t\t\t\t\twidth='1420' height='240'\t\t\t\t\talt=\"https:\/\/files.sunoresearch.com.br\/n\/uploads\/2023\/03\/1420x240-Ebook-IR.png\"\n\t\t\t\t>\n\t\t\t<\/picture>\n\t\t<\/a>\n\t<\/p>\n\n\n<p>&#8220;Atualmente, h\u00e1 uma incerteza para as fam\u00edlias, que as fazem postergar a decis\u00e3o de comprar um <strong>im\u00f3vel,<\/strong> em meio ao cen\u00e1rio econ\u00f4mico brasileiro&#8221;, disse Riccio.<\/p>\n<p><a href=\"https:\/\/www.suno.com.br\/noticias\/gol-banco-inter-falha-sistema\/\">Saiba mais &#8211;\u00a0A\u00e7\u00f5es da Gol avan\u00e7am 3%; Banco inter desvaloriza com falha no sistema<\/a><\/p>\n<p>Caso as reformas planejadas pelo governo do presidente Jair Bolsonaro sejam aprovadas pelo <strong>Congresso Nacional,<\/strong> o vice-presidente do <strong>Banco Inter<\/strong> prev\u00ea um r\u00e1pido aquecimento do mercado imobili\u00e1rio.<\/p>\n<h2>Concorr\u00eancia do Banco Inter: Creditas<\/h2>\n<p>Atualmente, a\u00a0<a href=\"https:\/\/www.suno.com.br\/artigos\/fintechs\/\">fintech<\/a> <strong>Creditas<\/strong> \u00e9 a maior do Brasil no segmento de empr\u00e9stimo com garantia. Al\u00e9m do home equity, a Creditas tamb\u00e9m oferta o empr\u00e9stimo com garantia de ve\u00edculo.<\/p>\n<p>A\u00a0<strong>taxa de inadimpl\u00eancia<\/strong> no modelo de neg\u00f3cio \u00e9 menor, assim como as taxas de juros, na compara\u00e7\u00e3o com os <strong><a href=\"https:\/\/www.suno.com.br\/artigos\/juros\/\">juros<\/a><\/strong> cobrados pelos grandes <strong>bancos<\/strong>.<\/p>\n\t<p>\n\t\t<a href=\"https:\/\/lp.suno.com.br\/ao\/sessao-estrategica-consultoria-c\/?utm_source=suno-noticias&#038;utm_medium=banner&#038;utm_campaign=_SNC36CE4E9F_&#038;utm_content=fundos-imobiliarios-ou-imoveis-onde-investir-500-mil-go\" target=\"_blank\" data-element=\"shortcode-suno-banner\" title=\"Banner SUNO, clique e saiba mais\">\n\t\t\t<picture>\n\t\t\t\t<source media=\"(max-width: 500px)\" srcset=\"https:\/\/files.sunoresearch.com.br\/n\/uploads\/2025\/09\/300x400.webp\">\n\t\t\t\t<img class=\"newsContent__article__imgCapa newsContent__article__imgCapa--banner\"\n\t\t\t\t\tsrc=\"https:\/\/files.sunoresearch.com.br\/n\/uploads\/2025\/09\/SN-DT-1420x240-1.webp\"\n\t\t\t\t\tdata-promo-id=\"635171\"\t\t\t\t\t\t\t\t\t\twidth='1420' height='240'\t\t\t\t\talt=\"https:\/\/files.sunoresearch.com.br\/n\/uploads\/2025\/09\/SN-DT-1420x240-1.webp\"\n\t\t\t\t>\n\t\t\t<\/picture>\n\t\t<\/a>\n\t<\/p>\n\n\n<p>Com uma taxa de inadimpl\u00eancia menor que 2%, a\u00a0<strong>Creditas<\/strong> cobra juros a partir de 1,09% ao m\u00eas. A m\u00e9dia cobrada pela <strong>fintech<\/strong> \u00e9 de:<\/p>\n<ul>\n<li>Empr\u00e9stimo com garantia de ve\u00edculo: 2%.<\/li>\n<li>Empr\u00e9stimo com garantia de im\u00f3vel: 1,25%.<\/li>\n<\/ul>\n<p>De acordo com a concorrente do <strong>Banco Inter,<\/strong> o empr\u00e9stimo com garantia\u00a0&#8220;tamb\u00e9m \u00e9 conhecido como refinanciamento. Este \u00e9 um tipo de cr\u00e9dito em que voc\u00ea utiliza um bem, como um <strong>ve\u00edculo<\/strong> ou um <strong>im\u00f3vel<\/strong>, como garantia do pagamento do seu empr\u00e9stimo&#8221;.<\/p>\n","protected":false},"excerpt":{"rendered":"<p>O Banco Inter (BIDI4) anunciou nesta quarta-feira (19) que oferecer\u00e1 R$ 2 bilh\u00f5es em cr\u00e9dito imobili\u00e1rio pr\u00e9-aprovado para seus clientes da Conta Digital. De acordo com o banco, o montante poder\u00e1 ser utilizado para comprar im\u00f3veis ou obter empr\u00e9stimos com garantia de im\u00f3vel, conhecido como home equity. Diversos bancos apresentaram instabilidade nessa segunda, em meio [&hellip;]<\/p>\n","protected":false},"author":12,"featured_media":28646,"comment_status":"closed","ping_status":"closed","sticky":false,"template":"","format":"standard","meta":[],"categories":[64],"tags":[369],"suno_strategy":[],"class_list":["post-28639","post","type-post","status-publish","format-standard","has-post-thumbnail","hentry","category-negocios","tag-banco-inter-bidi11-bidi4-bidi3"],"yoast_head":"<!-- This site is optimized with the Yoast SEO plugin v24.4 - https:\/\/yoast.com\/wordpress\/plugins\/seo\/ -->\n<title>Banco Inter anuncia R$ 2 bilh\u00f5es em cr\u00e9dito imobili\u00e1rio<\/title>\n<meta name=\"description\" content=\"O Banco Inter anunciou que ir\u00e1 oferecer R$ 2 bilh\u00f5es em cr\u00e9dito imobili\u00e1rio para usu\u00e1rios da Conta Digital. Clique para saber mais.\" \/>\n<meta name=\"robots\" content=\"index, follow, max-snippet:-1, max-image-preview:large, max-video-preview:-1\" \/>\n<link rel=\"canonical\" href=\"https:\/\/www.suno.com.br\/noticias\/banco-inter-credito-imobiliario\/\" \/>\n<meta property=\"og:locale\" content=\"pt_BR\" \/>\n<meta property=\"og:type\" content=\"article\" \/>\n<meta property=\"og:title\" content=\"Banco Inter anuncia R$ 2 bilh\u00f5es em cr\u00e9dito imobili\u00e1rio\" \/>\n<meta property=\"og:description\" content=\"O Banco Inter anunciou que ir\u00e1 oferecer R$ 2 bilh\u00f5es em cr\u00e9dito imobili\u00e1rio para usu\u00e1rios da Conta Digital. Clique para saber mais.\" \/>\n<meta property=\"og:url\" content=\"https:\/\/www.suno.com.br\/noticias\/banco-inter-credito-imobiliario\/\" \/>\n<meta property=\"og:site_name\" content=\"Suno Not\u00edcias\" \/>\n<meta property=\"article:publisher\" content=\"https:\/\/facebook.com\/sunoresearch\" \/>\n<meta property=\"og:image\" content=\"https:\/\/files.sunoresearch.com.br\/n\/uploads\/2019\/06\/a8dd008a-banco-inter.jpg\" \/>\n\t<meta property=\"og:image:width\" content=\"984\" \/>\n\t<meta property=\"og:image:height\" content=\"740\" \/>\n\t<meta property=\"og:image:type\" content=\"image\/jpeg\" \/>\n<meta name=\"author\" content=\"Amanda Gushiken\" \/>\n<meta name=\"twitter:card\" content=\"summary_large_image\" \/>\n<meta name=\"twitter:creator\" content=\"@sunoresearch\" \/>\n<meta name=\"twitter:site\" content=\"@sunoresearch\" \/>\n<meta name=\"twitter:label1\" content=\"Escrito por\" \/>\n\t<meta name=\"twitter:data1\" content=\"Amanda Gushiken\" \/>\n\t<meta name=\"twitter:label2\" content=\"Est. tempo de leitura\" \/>\n\t<meta name=\"twitter:data2\" content=\"3 minutos\" \/>\n<script type=\"application\/ld+json\" class=\"yoast-schema-graph\">{\"@context\":\"https:\/\/schema.org\",\"@graph\":[{\"@type\":\"NewsArticle\",\"@id\":\"https:\/\/www.suno.com.br\/noticias\/banco-inter-credito-imobiliario\/#article\",\"isPartOf\":{\"@id\":\"https:\/\/www.suno.com.br\/noticias\/banco-inter-credito-imobiliario\/\"},\"author\":{\"name\":\"Amanda Gushiken\",\"@id\":\"https:\/\/www.suno.com.br\/noticias\/#\/schema\/person\/a5b06fa4e879d8e8e119c6ed3cd630d1\"},\"headline\":\"Banco Inter anuncia R$ 2 bilh\u00f5es em cr\u00e9dito imobili\u00e1rio\",\"datePublished\":\"2019-06-19T18:50:20+00:00\",\"dateModified\":\"2019-06-20T21:42:13+00:00\",\"mainEntityOfPage\":{\"@id\":\"https:\/\/www.suno.com.br\/noticias\/banco-inter-credito-imobiliario\/\"},\"wordCount\":625,\"publisher\":{\"@id\":\"https:\/\/www.suno.com.br\/noticias\/#organization\"},\"image\":{\"@id\":\"https:\/\/www.suno.com.br\/noticias\/banco-inter-credito-imobiliario\/#primaryimage\"},\"thumbnailUrl\":\"https:\/\/files.sunoresearch.com.br\/n\/uploads\/2019\/06\/a8dd008a-banco-inter-jpg.webp\",\"keywords\":[\"Banco Inter (BIDI11\/BIDI4\/BIDI3)\"],\"articleSection\":[\"Neg\u00f3cios\"],\"inLanguage\":\"pt-BR\"},{\"@type\":\"WebPage\",\"@id\":\"https:\/\/www.suno.com.br\/noticias\/banco-inter-credito-imobiliario\/\",\"url\":\"https:\/\/www.suno.com.br\/noticias\/banco-inter-credito-imobiliario\/\",\"name\":\"Banco Inter anuncia R$ 2 bilh\u00f5es em cr\u00e9dito imobili\u00e1rio\",\"isPartOf\":{\"@id\":\"https:\/\/www.suno.com.br\/noticias\/#website\"},\"primaryImageOfPage\":{\"@id\":\"https:\/\/www.suno.com.br\/noticias\/banco-inter-credito-imobiliario\/#primaryimage\"},\"image\":{\"@id\":\"https:\/\/www.suno.com.br\/noticias\/banco-inter-credito-imobiliario\/#primaryimage\"},\"thumbnailUrl\":\"https:\/\/files.sunoresearch.com.br\/n\/uploads\/2019\/06\/a8dd008a-banco-inter-jpg.webp\",\"datePublished\":\"2019-06-19T18:50:20+00:00\",\"dateModified\":\"2019-06-20T21:42:13+00:00\",\"description\":\"O Banco Inter anunciou que ir\u00e1 oferecer R$ 2 bilh\u00f5es em cr\u00e9dito imobili\u00e1rio para usu\u00e1rios da Conta Digital. Clique para saber mais.\",\"breadcrumb\":{\"@id\":\"https:\/\/www.suno.com.br\/noticias\/banco-inter-credito-imobiliario\/#breadcrumb\"},\"inLanguage\":\"pt-BR\",\"potentialAction\":[{\"@type\":\"ReadAction\",\"target\":[\"https:\/\/www.suno.com.br\/noticias\/banco-inter-credito-imobiliario\/\"]}]},{\"@type\":\"ImageObject\",\"inLanguage\":\"pt-BR\",\"@id\":\"https:\/\/www.suno.com.br\/noticias\/banco-inter-credito-imobiliario\/#primaryimage\",\"url\":\"https:\/\/files.sunoresearch.com.br\/n\/uploads\/2019\/06\/a8dd008a-banco-inter-jpg.webp\",\"contentUrl\":\"https:\/\/files.sunoresearch.com.br\/n\/uploads\/2019\/06\/a8dd008a-banco-inter-jpg.webp\",\"width\":984,\"height\":740,\"caption\":\"Diversos bancos apresentaram instabilidade nessa segunda, em meio ao in\u00edcio do cadastro de chaves no PIX.\"},{\"@type\":\"BreadcrumbList\",\"@id\":\"https:\/\/www.suno.com.br\/noticias\/banco-inter-credito-imobiliario\/#breadcrumb\",\"itemListElement\":[{\"@type\":\"ListItem\",\"position\":1,\"name\":\"Not\u00edcias\",\"item\":\"https:\/\/www.suno.com.br\/noticias\/\"},{\"@type\":\"ListItem\",\"position\":2,\"name\":\"Neg\u00f3cios\",\"item\":\"https:\/\/www.suno.com.br\/noticias\/negocios\/\"},{\"@type\":\"ListItem\",\"position\":3,\"name\":\"Banco Inter anuncia R$ 2 bilh\u00f5es em cr\u00e9dito imobili\u00e1rio\"}]},{\"@type\":\"WebSite\",\"@id\":\"https:\/\/www.suno.com.br\/noticias\/#website\",\"url\":\"https:\/\/www.suno.com.br\/noticias\/\",\"name\":\"Suno Not\u00edcias\",\"description\":\"Seu portal de informa\u00e7\u00e3o sobre o mundo dos investimentos\",\"publisher\":{\"@id\":\"https:\/\/www.suno.com.br\/noticias\/#organization\"},\"potentialAction\":[{\"@type\":\"SearchAction\",\"target\":{\"@type\":\"EntryPoint\",\"urlTemplate\":\"https:\/\/www.suno.com.br\/noticias\/?s={search_term_string}\"},\"query-input\":{\"@type\":\"PropertyValueSpecification\",\"valueRequired\":true,\"valueName\":\"search_term_string\"}}],\"inLanguage\":\"pt-BR\"},{\"@type\":\"Organization\",\"@id\":\"https:\/\/www.suno.com.br\/noticias\/#organization\",\"name\":\"Suno Not\u00edcias\",\"url\":\"https:\/\/www.suno.com.br\/noticias\/\",\"logo\":{\"@type\":\"ImageObject\",\"inLanguage\":\"pt-BR\",\"@id\":\"https:\/\/www.suno.com.br\/noticias\/#\/schema\/logo\/image\/\",\"url\":\"https:\/\/files.sunoresearch.com.br\/n\/uploads\/2021\/09\/suno-logo.png\",\"contentUrl\":\"https:\/\/files.sunoresearch.com.br\/n\/uploads\/2021\/09\/suno-logo.png\",\"width\":180,\"height\":180,\"caption\":\"Suno Not\u00edcias\"},\"image\":{\"@id\":\"https:\/\/www.suno.com.br\/noticias\/#\/schema\/logo\/image\/\"},\"sameAs\":[\"https:\/\/facebook.com\/sunoresearch\",\"https:\/\/x.com\/sunoresearch\",\"https:\/\/www.instagram.com\/suno\",\"https:\/\/www.linkedin.com\/company\/suno-research\/\",\"https:\/\/www.youtube.com\/c\/sunoresearch\"]},{\"@type\":\"Person\",\"@id\":\"https:\/\/www.suno.com.br\/noticias\/#\/schema\/person\/a5b06fa4e879d8e8e119c6ed3cd630d1\",\"name\":\"Amanda Gushiken\",\"image\":{\"@type\":\"ImageObject\",\"inLanguage\":\"pt-BR\",\"@id\":\"https:\/\/www.suno.com.br\/noticias\/#\/schema\/person\/image\/\",\"url\":\"https:\/\/secure.gravatar.com\/avatar\/ecd84705e6b65e3685ae80d725501fbe?s=96&r=g\",\"contentUrl\":\"https:\/\/secure.gravatar.com\/avatar\/ecd84705e6b65e3685ae80d725501fbe?s=96&r=g\",\"caption\":\"Amanda Gushiken\"},\"description\":\"Amanda Sayuri Gushiken escreve sobre finan\u00e7as e neg\u00f3cios para o portal Suno Not\u00edcias. Antes, trabalhou selecionando not\u00edcias da imprensa para clientes do mercado financeiro. Tamb\u00e9m desenvolveu pesquisa acad\u00eamica pela Universidade Anhembi Morumbi na \u00e1rea de Teorias da Comunica\u00e7\u00e3o e \u00e9 fot\u00f3grafa nas horas vagas.\",\"url\":\"https:\/\/www.suno.com.br\/noticias\/author\/amanda\/\"}]}<\/script>\n<!-- \/ Yoast SEO plugin. -->","yoast_head_json":{"title":"Banco Inter anuncia R$ 2 bilh\u00f5es em cr\u00e9dito imobili\u00e1rio","description":"O Banco Inter anunciou que ir\u00e1 oferecer R$ 2 bilh\u00f5es em cr\u00e9dito imobili\u00e1rio para usu\u00e1rios da Conta Digital. Clique para saber mais.","robots":{"index":"index","follow":"follow","max-snippet":"max-snippet:-1","max-image-preview":"max-image-preview:large","max-video-preview":"max-video-preview:-1"},"canonical":"https:\/\/www.suno.com.br\/noticias\/banco-inter-credito-imobiliario\/","og_locale":"pt_BR","og_type":"article","og_title":"Banco Inter anuncia R$ 2 bilh\u00f5es em cr\u00e9dito imobili\u00e1rio","og_description":"O Banco Inter anunciou que ir\u00e1 oferecer R$ 2 bilh\u00f5es em cr\u00e9dito imobili\u00e1rio para usu\u00e1rios da Conta Digital. Clique para saber mais.","og_url":"https:\/\/www.suno.com.br\/noticias\/banco-inter-credito-imobiliario\/","og_site_name":"Suno Not\u00edcias","article_publisher":"https:\/\/facebook.com\/sunoresearch","og_image":[{"width":984,"height":740,"url":"https:\/\/files.sunoresearch.com.br\/n\/uploads\/2019\/06\/a8dd008a-banco-inter.jpg","type":"image\/jpeg"}],"author":"Amanda Gushiken","twitter_card":"summary_large_image","twitter_creator":"@sunoresearch","twitter_site":"@sunoresearch","twitter_misc":{"Escrito por":"Amanda Gushiken","Est. tempo de leitura":"3 minutos"},"schema":{"@context":"https:\/\/schema.org","@graph":[{"@type":"NewsArticle","@id":"https:\/\/www.suno.com.br\/noticias\/banco-inter-credito-imobiliario\/#article","isPartOf":{"@id":"https:\/\/www.suno.com.br\/noticias\/banco-inter-credito-imobiliario\/"},"author":{"name":"Amanda Gushiken","@id":"https:\/\/www.suno.com.br\/noticias\/#\/schema\/person\/a5b06fa4e879d8e8e119c6ed3cd630d1"},"headline":"Banco Inter anuncia R$ 2 bilh\u00f5es em cr\u00e9dito imobili\u00e1rio","datePublished":"2019-06-19T18:50:20+00:00","dateModified":"2019-06-20T21:42:13+00:00","mainEntityOfPage":{"@id":"https:\/\/www.suno.com.br\/noticias\/banco-inter-credito-imobiliario\/"},"wordCount":625,"publisher":{"@id":"https:\/\/www.suno.com.br\/noticias\/#organization"},"image":{"@id":"https:\/\/www.suno.com.br\/noticias\/banco-inter-credito-imobiliario\/#primaryimage"},"thumbnailUrl":"https:\/\/files.sunoresearch.com.br\/n\/uploads\/2019\/06\/a8dd008a-banco-inter-jpg.webp","keywords":["Banco Inter (BIDI11\/BIDI4\/BIDI3)"],"articleSection":["Neg\u00f3cios"],"inLanguage":"pt-BR"},{"@type":"WebPage","@id":"https:\/\/www.suno.com.br\/noticias\/banco-inter-credito-imobiliario\/","url":"https:\/\/www.suno.com.br\/noticias\/banco-inter-credito-imobiliario\/","name":"Banco Inter anuncia R$ 2 bilh\u00f5es em cr\u00e9dito imobili\u00e1rio","isPartOf":{"@id":"https:\/\/www.suno.com.br\/noticias\/#website"},"primaryImageOfPage":{"@id":"https:\/\/www.suno.com.br\/noticias\/banco-inter-credito-imobiliario\/#primaryimage"},"image":{"@id":"https:\/\/www.suno.com.br\/noticias\/banco-inter-credito-imobiliario\/#primaryimage"},"thumbnailUrl":"https:\/\/files.sunoresearch.com.br\/n\/uploads\/2019\/06\/a8dd008a-banco-inter-jpg.webp","datePublished":"2019-06-19T18:50:20+00:00","dateModified":"2019-06-20T21:42:13+00:00","description":"O Banco Inter anunciou que ir\u00e1 oferecer R$ 2 bilh\u00f5es em cr\u00e9dito imobili\u00e1rio para usu\u00e1rios da Conta Digital. Clique para saber mais.","breadcrumb":{"@id":"https:\/\/www.suno.com.br\/noticias\/banco-inter-credito-imobiliario\/#breadcrumb"},"inLanguage":"pt-BR","potentialAction":[{"@type":"ReadAction","target":["https:\/\/www.suno.com.br\/noticias\/banco-inter-credito-imobiliario\/"]}]},{"@type":"ImageObject","inLanguage":"pt-BR","@id":"https:\/\/www.suno.com.br\/noticias\/banco-inter-credito-imobiliario\/#primaryimage","url":"https:\/\/files.sunoresearch.com.br\/n\/uploads\/2019\/06\/a8dd008a-banco-inter-jpg.webp","contentUrl":"https:\/\/files.sunoresearch.com.br\/n\/uploads\/2019\/06\/a8dd008a-banco-inter-jpg.webp","width":984,"height":740,"caption":"Diversos bancos apresentaram instabilidade nessa segunda, em meio ao in\u00edcio do cadastro de chaves no PIX."},{"@type":"BreadcrumbList","@id":"https:\/\/www.suno.com.br\/noticias\/banco-inter-credito-imobiliario\/#breadcrumb","itemListElement":[{"@type":"ListItem","position":1,"name":"Not\u00edcias","item":"https:\/\/www.suno.com.br\/noticias\/"},{"@type":"ListItem","position":2,"name":"Neg\u00f3cios","item":"https:\/\/www.suno.com.br\/noticias\/negocios\/"},{"@type":"ListItem","position":3,"name":"Banco Inter anuncia R$ 2 bilh\u00f5es em cr\u00e9dito imobili\u00e1rio"}]},{"@type":"WebSite","@id":"https:\/\/www.suno.com.br\/noticias\/#website","url":"https:\/\/www.suno.com.br\/noticias\/","name":"Suno Not\u00edcias","description":"Seu portal de informa\u00e7\u00e3o sobre o mundo dos investimentos","publisher":{"@id":"https:\/\/www.suno.com.br\/noticias\/#organization"},"potentialAction":[{"@type":"SearchAction","target":{"@type":"EntryPoint","urlTemplate":"https:\/\/www.suno.com.br\/noticias\/?s={search_term_string}"},"query-input":{"@type":"PropertyValueSpecification","valueRequired":true,"valueName":"search_term_string"}}],"inLanguage":"pt-BR"},{"@type":"Organization","@id":"https:\/\/www.suno.com.br\/noticias\/#organization","name":"Suno Not\u00edcias","url":"https:\/\/www.suno.com.br\/noticias\/","logo":{"@type":"ImageObject","inLanguage":"pt-BR","@id":"https:\/\/www.suno.com.br\/noticias\/#\/schema\/logo\/image\/","url":"https:\/\/files.sunoresearch.com.br\/n\/uploads\/2021\/09\/suno-logo.png","contentUrl":"https:\/\/files.sunoresearch.com.br\/n\/uploads\/2021\/09\/suno-logo.png","width":180,"height":180,"caption":"Suno Not\u00edcias"},"image":{"@id":"https:\/\/www.suno.com.br\/noticias\/#\/schema\/logo\/image\/"},"sameAs":["https:\/\/facebook.com\/sunoresearch","https:\/\/x.com\/sunoresearch","https:\/\/www.instagram.com\/suno","https:\/\/www.linkedin.com\/company\/suno-research\/","https:\/\/www.youtube.com\/c\/sunoresearch"]},{"@type":"Person","@id":"https:\/\/www.suno.com.br\/noticias\/#\/schema\/person\/a5b06fa4e879d8e8e119c6ed3cd630d1","name":"Amanda Gushiken","image":{"@type":"ImageObject","inLanguage":"pt-BR","@id":"https:\/\/www.suno.com.br\/noticias\/#\/schema\/person\/image\/","url":"https:\/\/secure.gravatar.com\/avatar\/ecd84705e6b65e3685ae80d725501fbe?s=96&r=g","contentUrl":"https:\/\/secure.gravatar.com\/avatar\/ecd84705e6b65e3685ae80d725501fbe?s=96&r=g","caption":"Amanda Gushiken"},"description":"Amanda Sayuri Gushiken escreve sobre finan\u00e7as e neg\u00f3cios para o portal Suno Not\u00edcias. Antes, trabalhou selecionando not\u00edcias da imprensa para clientes do mercado financeiro. Tamb\u00e9m desenvolveu pesquisa acad\u00eamica pela Universidade Anhembi Morumbi na \u00e1rea de Teorias da Comunica\u00e7\u00e3o e \u00e9 fot\u00f3grafa nas horas vagas.","url":"https:\/\/www.suno.com.br\/noticias\/author\/amanda\/"}]}},"default_loop_html":"<div class=\"cardsPage__listCard__boxs\"><div class=\"cardsPage__listCard__boxs__img\"><a href=\"https:\/\/www.suno.com.br\/noticias\/banco-inter-credito-imobiliario\/\"><img class=\"mask\" src=\"https:\/\/www.suno.com.br\/noticias\/wp-content\/themes\/suno\/resources\/images\/spotlight\/spotlight1img\/bg-mask.png\" alt=\"Image Mask\"\/><img src=\"https:\/\/files.sunoresearch.com.br\/n\/uploads\/2019\/06\/a8dd008a-banco-inter-400x200.webp\" alt=\"Banco Inter anuncia R$ 2 bilh\u00f5es em cr\u00e9dito imobili\u00e1rio\"\/><\/a><span class=\"spotlightCategory\"><a href=\"https:\/\/www.suno.com.br\/noticias\/negocios\/\">Neg\u00f3cios<\/a><\/span><\/div><div class=\"cardsPage__listCard__boxs__content\"><a href=\"https:\/\/www.suno.com.br\/noticias\/banco-inter-credito-imobiliario\/\"><h2 class=\"content__title\">Banco Inter anuncia R$ 2 bilh\u00f5es em cr\u00e9dito imobili\u00e1rio<\/h2><\/a><div class=\"newsContent__article__meta\"><div class=\"newsContent__article__meta__authorBox\"><a href=\"https:\/\/www.suno.com.br\/noticias\/author\/amanda\/\" class=\"authorBox__avatar noMobi\"><img src=\"https:\/\/files.sunoresearch.com.br\/n\/uploads\/2018\/11\/c6ad30be-amanda-150x150.webp\" alt=\"Amanda Gushiken\"><\/a><div class=\"authorBox__name\"><span>por\n\t\t\t<a href=\"https:\/\/www.suno.com.br\/noticias\/author\/amanda\/\"><span itemprop=\"author\">Amanda Gushiken<\/span><\/a><\/span><time datetime=\"2019-06-19T15:50:20-03:00\" itemprop=\"datePublished\">19\/06\/2019 15:50<\/time><\/div><\/div><\/div><\/div><\/div>","single_layout":"posts","amp_enabled":true,"_links":{"self":[{"href":"https:\/\/www.suno.com.br\/noticias\/wp-json\/wp\/v2\/posts\/28639"}],"collection":[{"href":"https:\/\/www.suno.com.br\/noticias\/wp-json\/wp\/v2\/posts"}],"about":[{"href":"https:\/\/www.suno.com.br\/noticias\/wp-json\/wp\/v2\/types\/post"}],"author":[{"embeddable":true,"href":"https:\/\/www.suno.com.br\/noticias\/wp-json\/wp\/v2\/users\/12"}],"replies":[{"embeddable":true,"href":"https:\/\/www.suno.com.br\/noticias\/wp-json\/wp\/v2\/comments?post=28639"}],"version-history":[{"count":0,"href":"https:\/\/www.suno.com.br\/noticias\/wp-json\/wp\/v2\/posts\/28639\/revisions"}],"wp:featuredmedia":[{"embeddable":true,"href":"https:\/\/www.suno.com.br\/noticias\/wp-json\/wp\/v2\/media\/28646"}],"wp:attachment":[{"href":"https:\/\/www.suno.com.br\/noticias\/wp-json\/wp\/v2\/media?parent=28639"}],"wp:term":[{"taxonomy":"category","embeddable":true,"href":"https:\/\/www.suno.com.br\/noticias\/wp-json\/wp\/v2\/categories?post=28639"},{"taxonomy":"post_tag","embeddable":true,"href":"https:\/\/www.suno.com.br\/noticias\/wp-json\/wp\/v2\/tags?post=28639"},{"taxonomy":"suno_strategy","embeddable":true,"href":"https:\/\/www.suno.com.br\/noticias\/wp-json\/wp\/v2\/suno_strategy?post=28639"}],"curies":[{"name":"wp","href":"https:\/\/api.w.org\/{rel}","templated":true}]}}