{"id":286101,"date":"2022-08-17T10:46:21","date_gmt":"2022-08-17T13:46:21","guid":{"rendered":"https:\/\/www.suno.com.br\/noticias\/?p=286101"},"modified":"2022-08-17T10:46:21","modified_gmt":"2022-08-17T13:46:21","slug":"comercio-perde-empresas-reduz-salarios-ibge","status":"publish","type":"post","link":"https:\/\/www.suno.com.br\/noticias\/comercio-perde-empresas-reduz-salarios-ibge\/","title":{"rendered":"Com\u00e9rcio perde empresas e reduz sal\u00e1rios, aponta IBGE"},"content":{"rendered":"<p>O <strong>com\u00e9rcio<\/strong> no Brasil perdeu 7,8% de empresas em 2020. Os dados fazem parte da Pesquisa Anual de Com\u00e9rcio (PAC), divulgada nesta quarta-feira (17), pelo <a class=\"suno-keyword\" href=\"https:\/\/www.suno.com.br\/artigos\/ibge\/\" target=\"_blank\" rel=\"noopener\" data-force=\"no\" data-priority=\"3\">Instituto Brasileiro de Geografia e Estat\u00edstica (IBGE)<\/a>.<\/p>\t<div class=\"wrapper-featured-image\">\n\t\t<figure class=\"spotlightImg\">\n\n\t\t\t<picture>\n\t\t\t\t<source media=\"(max-width: 768px)\" srcset=\"https:\/\/files.sunoresearch.com.br\/n\/uploads\/2022\/08\/comercio-400x200.jpg\">\n\t\t\t\t<img loading=\"lazy\" decoding=\"async\" class=\"newsContent__article__imgCapa lazyloadDisabled \" src=\"https:\/\/files.sunoresearch.com.br\/n\/uploads\/2022\/08\/comercio-800x450.jpg\" width=\"800\" height=\"450\" alt=\"Com\u00e9rcio perde empresas e reduz sal\u00e1rios, aponta IBGE\" fetchpriority=high \/>\n\t\t\t<\/picture>\n\n\t\t\t<figcaption class=\"wp-caption-text wp-caption-text--show\">Dia do cliente: veja direitos para o ano todo. Foto: Marcelo Camargo\/Ag\u00eancia Brasil<\/figcaption>\n\t\t<\/figure>\n\t<\/div>\n\n\n\t<p>\n\t\t<a href=\"\" target=\"_blank\" data-element=\"shortcode-suno-banner\" title=\"Banner SUNO, clique e saiba mais\">\n\t\t\t<picture>\n\t\t\t\t<source media=\"(max-width: 500px)\" srcset=\"\">\n\t\t\t\t<img class=\"newsContent__article__imgCapa newsContent__article__imgCapa--banner\"\n\t\t\t\t\tsrc=\"\"\n\t\t\t\t\tdata-promo-id=\"77050\"\t\t\t\t\t\t\t\t\t\t\t\t\t\t\talt=\"\"\n\t\t\t\t>\n\t\t\t<\/picture>\n\t\t<\/a>\n\t<\/p>\n\n\n<p>Em 2020, 1.339.460 empresas comerciais somavam 1,5 milh\u00e3o de lojas em todo o pa\u00eds. Naquele ano, o setor empregava 9,8 milh\u00f5es de trabalhadores, aos quais foram pagos R$ 241,6 bilh\u00f5es em sal\u00e1rios, retiradas e outras remunera\u00e7\u00f5es. <img decoding=\"async\" style=\"width: 1px; height: 1px;\" src=\"https:\/\/agenciabrasil.ebc.com.br\/ebc.png?id=1476802&amp;o=rss\" \/><img decoding=\"async\" style=\"width: 1px; height: 1px;\" src=\"https:\/\/agenciabrasil.ebc.com.br\/ebc.gif?id=1476802&amp;o=rss\" \/><\/p>\n<p>Influenciado pela pandemia de covid-19, o resultado revela queda na compara\u00e7\u00e3o com os n\u00fameros registrados pela pesquisa anterior. O total de empresas caiu 7,8% &#8211; em 2019, foram contabilizadas 1,4 milh\u00e3o de empresas no Brasil, com 1,6 milh\u00e3o de lojas.<\/p>\n<p>Tamb\u00e9m foi apurada redu\u00e7\u00e3o real de sal\u00e1rios, isto \u00e9, descontada a infla\u00e7\u00e3o, de 5,7%. Na PAC de 2019, havia 10,2 milh\u00f5es de trabalhadores no com\u00e9rcio aos quais foram pagos R$ 246,4 bilh\u00f5es em sal\u00e1rios e outras remunera\u00e7\u00f5es.<\/p>\n<p>Foi apurada queda de 9,9% no n\u00famero de <strong>empresas<\/strong> do com\u00e9rcio de ve\u00edculos, pe\u00e7as e motocicletas e de 8,7% no com\u00e9rcio varejista, em 2020, frente ao ano anterior. Somente o com\u00e9rcio por atacado apresentou eleva\u00e7\u00e3o de 1,3% na mesma compara\u00e7\u00e3o. O total de unidades locais (lojas) tamb\u00e9m teve retra\u00e7\u00e3o de 7%.<\/p>\n<h2>Receita do com\u00e9rcio<\/h2>\n<p>A PAC 2020 mostra que a maior parcela da <a class=\"suno-keyword\" href=\"https:\/\/www.suno.com.br\/artigos\/receita-liquida-operacional\/\" target=\"_blank\" rel=\"noopener\" data-force=\"no\" data-priority=\"1\">receita operacional l\u00edquida<\/a> &#8211; R$ 4,3 trilh\u00f5es &#8211; foi gerada no com\u00e9rcio por atacado (47,4%), seguido do com\u00e9rcio varejista (43,9%) e do com\u00e9rcio de ve\u00edculos, pe\u00e7as e motocicletas (8,7%).<\/p>\n<p>Dos 22 agrupamentos de <strong>atividades comerciais<\/strong>, os tr\u00eas que tiveram maior destaque na composi\u00e7\u00e3o da receita operacional l\u00edquida, em 2020, foram os de hipermercados e supermercados (13,6%), revelando alta de 3%; o de com\u00e9rcio por atacado de combust\u00edveis e lubrificantes (10,1%), embora com retra\u00e7\u00e3o de 1,1%; e o de com\u00e9rcio por atacado de produtos aliment\u00edcios, bebidas e fumo (8,5%), com aumento de 1%.<\/p>\n\t<p>\n\t\t<a href=\"https:\/\/lp.suno.com.br\/planilha-controle-gastos\/\" target=\"_blank\" data-element=\"shortcode-suno-banner\" title=\"Banner SUNO, clique e saiba mais\">\n\t\t\t<picture>\n\t\t\t\t<source media=\"(max-width: 500px)\" srcset=\"https:\/\/files.sunoresearch.com.br\/n\/uploads\/2023\/03\/400x300-Planilha-controle-de-gastos.png\">\n\t\t\t\t<img class=\"newsContent__article__imgCapa newsContent__article__imgCapa--banner\"\n\t\t\t\t\tsrc=\"https:\/\/files.sunoresearch.com.br\/n\/uploads\/2023\/03\/1420x240-Planilha-controle-de-gastos.png\"\n\t\t\t\t\tdata-promo-id=\"101751\"\t\t\t\t\t\t\t\t\t\twidth='1420' height='240'\t\t\t\t\talt=\"https:\/\/files.sunoresearch.com.br\/n\/uploads\/2023\/03\/1420x240-Planilha-controle-de-gastos.png\"\n\t\t\t\t>\n\t\t\t<\/picture>\n\t\t<\/a>\n\t<\/p>\n\n\n<h2>Margem<\/h2>\n<p>Analisando-se a margem de comercializa\u00e7\u00e3o, que \u00e9 a diferen\u00e7a entre a <a class=\"suno-keyword\" href=\"https:\/\/www.suno.com.br\/artigos\/o-que-receita-liquida\/\" target=\"_blank\" rel=\"noopener\" data-force=\"no\" data-priority=\"1\">receita l\u00edquida<\/a> de revenda e o custo das mercadorias revendidas, as empresas comerciais obtiveram R$ 942,7 bilh\u00f5es, em 2020. Dessas empresas, a maior parcela da margem de comercializa\u00e7\u00e3o, da ordem de R$ 511,7 bilh\u00f5es, foi obtida pelo com\u00e9rcio varejista. Seguiram-se o com\u00e9rcio por atacado, com R$ 364,5 bilh\u00f5es; e o com\u00e9rcio de ve\u00edculos, pe\u00e7as e motocicletas, com R$ 66,5 bilh\u00f5es.<\/p>\n<h2>Regi\u00f5es<\/h2>\n<p>A an\u00e1lise regional revela que a Regi\u00e3o Sudeste teve, em 2020, a maior <a class=\"suno-keyword\" href=\"https:\/\/www.suno.com.br\/artigos\/o-que-receita-bruta\/\" target=\"_blank\" rel=\"noopener\" data-force=\"no\" data-priority=\"1\">receita bruta<\/a> de revenda do pa\u00eds (49,4%); n\u00famero de unidades locais (47,7%); pessoal ocupado (50,7%); e sal\u00e1rios, retiradas e outras remunera\u00e7\u00f5es (55,6%). O ranking permaneceu inalterado a partir de 2011 e \u00e9 completado, em ordem, pelas regi\u00f5es Sul, Nordeste, Centro-Oeste e Norte.<\/p>\n<p>A sondagem aponta, entretanto, que o Sudeste foi a regi\u00e3o que mais perdeu participa\u00e7\u00e3o em dez anos em cada um desses componentes, com destaque para a redu\u00e7\u00e3o de 3,5 pontos percentuais\u00a0em participa\u00e7\u00e3o na receita.<\/p>\n<p>Em rela\u00e7\u00e3o \u00e0s atividades comerciais, embora a maior parte da receita bruta de revenda da Regi\u00e3o Sudeste tenha se concentrado no com\u00e9rcio por atacado (47,6%), a PAC 2020 registrou preval\u00eancia do <strong>com\u00e9rcio<\/strong> varejista no Rio\u00a0de Janeiro. Essa atividade representou 57,7% da receita bruta de revenda do estado.<\/p>\n<p class=\"newsProviderSignature\">Com informa\u00e7\u00f5es da Ag\u00eancia Brasil<\/p>\n\t<p>\n\t\t<a href=\"https:\/\/lp.suno.com.br\/planilha-da-vida-financeira\/\" target=\"_blank\" data-element=\"shortcode-suno-banner\" title=\"Banner SUNO, clique e saiba mais\">\n\t\t\t<picture>\n\t\t\t\t<source media=\"(max-width: 500px)\" srcset=\"https:\/\/files.sunoresearch.com.br\/n\/uploads\/2023\/04\/400x300-Planilha-vida-financeira-true.png\">\n\t\t\t\t<img class=\"newsContent__article__imgCapa newsContent__article__imgCapa--banner\"\n\t\t\t\t\tsrc=\"https:\/\/files.sunoresearch.com.br\/n\/uploads\/2023\/04\/1420x240-Planilha-vida-financeira-true.png\"\n\t\t\t\t\tdata-promo-id=\"106682\"\t\t\t\t\t\t\t\t\t\twidth='1420' height='240'\t\t\t\t\talt=\"https:\/\/files.sunoresearch.com.br\/n\/uploads\/2023\/04\/1420x240-Planilha-vida-financeira-true.png\"\n\t\t\t\t>\n\t\t\t<\/picture>\n\t\t<\/a>\n\t<\/p>\n\n\n","protected":false},"excerpt":{"rendered":"<p>O com\u00e9rcio no Brasil perdeu 7,8% de empresas em 2020. Os dados fazem parte da Pesquisa Anual de Com\u00e9rcio (PAC), divulgada nesta quarta-feira (17), pelo Instituto Brasileiro de Geografia e Estat\u00edstica (IBGE). Dia do cliente: veja direitos para o ano todo. Foto: Marcelo Camargo\/Ag\u00eancia Brasil Em 2020, 1.339.460 empresas comerciais somavam 1,5 milh\u00e3o de lojas [&hellip;]<\/p>\n","protected":false},"author":43,"featured_media":286106,"comment_status":"closed","ping_status":"closed","sticky":false,"template":"","format":"standard","meta":[],"categories":[62],"tags":[],"suno_strategy":[],"class_list":["post-286101","post","type-post","status-publish","format-standard","has-post-thumbnail","hentry","category-economia"],"yoast_head":"<!-- This site is optimized with the Yoast SEO plugin v24.4 - https:\/\/yoast.com\/wordpress\/plugins\/seo\/ -->\n<title>Com\u00e9rcio perde empresas e reduz sal\u00e1rios, aponta IBGE<\/title>\n<meta name=\"description\" content=\"O com\u00e9rcio no Brasil perdeu 7,8% de empresas em 2020, segundo a Pesquisa Anual de Com\u00e9rcio (PAC), divulgada pelo IBGE.\" \/>\n<meta name=\"robots\" content=\"index, follow, max-snippet:-1, max-image-preview:large, max-video-preview:-1\" \/>\n<link rel=\"canonical\" href=\"https:\/\/www.suno.com.br\/noticias\/comercio-perde-empresas-reduz-salarios-ibge\/\" \/>\n<meta property=\"og:locale\" content=\"pt_BR\" \/>\n<meta property=\"og:type\" content=\"article\" \/>\n<meta property=\"og:title\" content=\"Com\u00e9rcio perde empresas e reduz sal\u00e1rios, aponta IBGE\" \/>\n<meta property=\"og:description\" content=\"O com\u00e9rcio no Brasil perdeu 7,8% de empresas em 2020, segundo a Pesquisa Anual de Com\u00e9rcio (PAC), divulgada pelo IBGE.\" \/>\n<meta property=\"og:url\" content=\"https:\/\/www.suno.com.br\/noticias\/comercio-perde-empresas-reduz-salarios-ibge\/\" \/>\n<meta property=\"og:site_name\" content=\"Suno Not\u00edcias\" \/>\n<meta property=\"article:publisher\" content=\"https:\/\/facebook.com\/sunoresearch\" \/>\n<meta property=\"article:author\" content=\"https:\/\/www.facebook.com\/sunonoticias\/\" \/>\n<meta property=\"og:image\" content=\"https:\/\/files.sunoresearch.com.br\/n\/uploads\/2022\/08\/comercio.jpg\" \/>\n\t<meta property=\"og:image:width\" content=\"1200\" \/>\n\t<meta property=\"og:image:height\" content=\"717\" \/>\n\t<meta property=\"og:image:type\" content=\"image\/jpeg\" \/>\n<meta name=\"author\" content=\"Reda\u00e7\u00e3o Suno Not\u00edcias\" \/>\n<meta name=\"twitter:card\" content=\"summary_large_image\" \/>\n<meta name=\"twitter:creator\" content=\"@https:\/\/twitter.com\/sunoresearch\" \/>\n<meta name=\"twitter:site\" content=\"@sunoresearch\" \/>\n<meta name=\"twitter:label1\" content=\"Escrito por\" \/>\n\t<meta name=\"twitter:data1\" content=\"Reda\u00e7\u00e3o Suno Not\u00edcias\" \/>\n\t<meta name=\"twitter:label2\" content=\"Est. tempo de leitura\" \/>\n\t<meta name=\"twitter:data2\" content=\"3 minutos\" \/>\n<script type=\"application\/ld+json\" class=\"yoast-schema-graph\">{\"@context\":\"https:\/\/schema.org\",\"@graph\":[{\"@type\":\"NewsArticle\",\"@id\":\"https:\/\/www.suno.com.br\/noticias\/comercio-perde-empresas-reduz-salarios-ibge\/#article\",\"isPartOf\":{\"@id\":\"https:\/\/www.suno.com.br\/noticias\/comercio-perde-empresas-reduz-salarios-ibge\/\"},\"author\":{\"name\":\"Reda\u00e7\u00e3o Suno Not\u00edcias\",\"@id\":\"https:\/\/www.suno.com.br\/noticias\/#\/schema\/person\/c1b1bd3727fa852bd045e9dbff3673ea\"},\"headline\":\"Com\u00e9rcio perde empresas e reduz sal\u00e1rios, aponta IBGE\",\"datePublished\":\"2022-08-17T13:46:21+00:00\",\"mainEntityOfPage\":{\"@id\":\"https:\/\/www.suno.com.br\/noticias\/comercio-perde-empresas-reduz-salarios-ibge\/\"},\"wordCount\":563,\"publisher\":{\"@id\":\"https:\/\/www.suno.com.br\/noticias\/#organization\"},\"image\":{\"@id\":\"https:\/\/www.suno.com.br\/noticias\/comercio-perde-empresas-reduz-salarios-ibge\/#primaryimage\"},\"thumbnailUrl\":\"https:\/\/files.sunoresearch.com.br\/n\/uploads\/2022\/08\/comercio.jpg\",\"articleSection\":[\"Economia\"],\"inLanguage\":\"pt-BR\"},{\"@type\":\"WebPage\",\"@id\":\"https:\/\/www.suno.com.br\/noticias\/comercio-perde-empresas-reduz-salarios-ibge\/\",\"url\":\"https:\/\/www.suno.com.br\/noticias\/comercio-perde-empresas-reduz-salarios-ibge\/\",\"name\":\"Com\u00e9rcio perde empresas e reduz sal\u00e1rios, aponta IBGE\",\"isPartOf\":{\"@id\":\"https:\/\/www.suno.com.br\/noticias\/#website\"},\"primaryImageOfPage\":{\"@id\":\"https:\/\/www.suno.com.br\/noticias\/comercio-perde-empresas-reduz-salarios-ibge\/#primaryimage\"},\"image\":{\"@id\":\"https:\/\/www.suno.com.br\/noticias\/comercio-perde-empresas-reduz-salarios-ibge\/#primaryimage\"},\"thumbnailUrl\":\"https:\/\/files.sunoresearch.com.br\/n\/uploads\/2022\/08\/comercio.jpg\",\"datePublished\":\"2022-08-17T13:46:21+00:00\",\"description\":\"O com\u00e9rcio no Brasil perdeu 7,8% de empresas em 2020, segundo a Pesquisa Anual de Com\u00e9rcio (PAC), divulgada pelo IBGE.\",\"breadcrumb\":{\"@id\":\"https:\/\/www.suno.com.br\/noticias\/comercio-perde-empresas-reduz-salarios-ibge\/#breadcrumb\"},\"inLanguage\":\"pt-BR\",\"potentialAction\":[{\"@type\":\"ReadAction\",\"target\":[\"https:\/\/www.suno.com.br\/noticias\/comercio-perde-empresas-reduz-salarios-ibge\/\"]}]},{\"@type\":\"ImageObject\",\"inLanguage\":\"pt-BR\",\"@id\":\"https:\/\/www.suno.com.br\/noticias\/comercio-perde-empresas-reduz-salarios-ibge\/#primaryimage\",\"url\":\"https:\/\/files.sunoresearch.com.br\/n\/uploads\/2022\/08\/comercio.jpg\",\"contentUrl\":\"https:\/\/files.sunoresearch.com.br\/n\/uploads\/2022\/08\/comercio.jpg\",\"width\":1200,\"height\":717,\"caption\":\"Dia do cliente: veja direitos para o ano todo. Foto: Marcelo Camargo\/Ag\u00eancia Brasil\"},{\"@type\":\"BreadcrumbList\",\"@id\":\"https:\/\/www.suno.com.br\/noticias\/comercio-perde-empresas-reduz-salarios-ibge\/#breadcrumb\",\"itemListElement\":[{\"@type\":\"ListItem\",\"position\":1,\"name\":\"Not\u00edcias\",\"item\":\"https:\/\/www.suno.com.br\/noticias\/\"},{\"@type\":\"ListItem\",\"position\":2,\"name\":\"Economia\",\"item\":\"https:\/\/www.suno.com.br\/noticias\/economia\/\"},{\"@type\":\"ListItem\",\"position\":3,\"name\":\"Com\u00e9rcio perde empresas e reduz sal\u00e1rios, aponta IBGE\"}]},{\"@type\":\"WebSite\",\"@id\":\"https:\/\/www.suno.com.br\/noticias\/#website\",\"url\":\"https:\/\/www.suno.com.br\/noticias\/\",\"name\":\"Suno Not\u00edcias\",\"description\":\"Seu portal de informa\u00e7\u00e3o sobre o mundo dos investimentos\",\"publisher\":{\"@id\":\"https:\/\/www.suno.com.br\/noticias\/#organization\"},\"potentialAction\":[{\"@type\":\"SearchAction\",\"target\":{\"@type\":\"EntryPoint\",\"urlTemplate\":\"https:\/\/www.suno.com.br\/noticias\/?s={search_term_string}\"},\"query-input\":{\"@type\":\"PropertyValueSpecification\",\"valueRequired\":true,\"valueName\":\"search_term_string\"}}],\"inLanguage\":\"pt-BR\"},{\"@type\":\"Organization\",\"@id\":\"https:\/\/www.suno.com.br\/noticias\/#organization\",\"name\":\"Suno Not\u00edcias\",\"url\":\"https:\/\/www.suno.com.br\/noticias\/\",\"logo\":{\"@type\":\"ImageObject\",\"inLanguage\":\"pt-BR\",\"@id\":\"https:\/\/www.suno.com.br\/noticias\/#\/schema\/logo\/image\/\",\"url\":\"https:\/\/files.sunoresearch.com.br\/n\/uploads\/2021\/09\/suno-logo.png\",\"contentUrl\":\"https:\/\/files.sunoresearch.com.br\/n\/uploads\/2021\/09\/suno-logo.png\",\"width\":180,\"height\":180,\"caption\":\"Suno Not\u00edcias\"},\"image\":{\"@id\":\"https:\/\/www.suno.com.br\/noticias\/#\/schema\/logo\/image\/\"},\"sameAs\":[\"https:\/\/facebook.com\/sunoresearch\",\"https:\/\/x.com\/sunoresearch\",\"https:\/\/www.instagram.com\/suno\",\"https:\/\/www.linkedin.com\/company\/suno-research\/\",\"https:\/\/www.youtube.com\/c\/sunoresearch\"]},{\"@type\":\"Person\",\"@id\":\"https:\/\/www.suno.com.br\/noticias\/#\/schema\/person\/c1b1bd3727fa852bd045e9dbff3673ea\",\"name\":\"Reda\u00e7\u00e3o Suno Not\u00edcias\",\"image\":{\"@type\":\"ImageObject\",\"inLanguage\":\"pt-BR\",\"@id\":\"https:\/\/www.suno.com.br\/noticias\/#\/schema\/person\/image\/\",\"url\":\"https:\/\/secure.gravatar.com\/avatar\/b8104b9b5a71985d5238ee59fbe418af?s=96&r=g\",\"contentUrl\":\"https:\/\/secure.gravatar.com\/avatar\/b8104b9b5a71985d5238ee59fbe418af?s=96&r=g\",\"caption\":\"Reda\u00e7\u00e3o Suno Not\u00edcias\"},\"description\":\"O Suno Not\u00edcias \u00e9 um portal de informa\u00e7\u00f5es sobre Mercado Financeiro, Pol\u00edtica, Neg\u00f3cios, Economia e Finan\u00e7as Pessoais.\",\"sameAs\":[\"https:\/\/www.suno.com.br\/noticias\",\"https:\/\/www.facebook.com\/sunonoticias\/\",\"https:\/\/www.instagram.com\/sunonoticias\/\",\"https:\/\/x.com\/https:\/\/twitter.com\/sunoresearch\",\"https:\/\/www.youtube.com\/sunonoticias\"],\"url\":\"https:\/\/www.suno.com.br\/noticias\/author\/redacao-suno\/\"}]}<\/script>\n<!-- \/ Yoast SEO plugin. -->","yoast_head_json":{"title":"Com\u00e9rcio perde empresas e reduz sal\u00e1rios, aponta IBGE","description":"O com\u00e9rcio no Brasil perdeu 7,8% de empresas em 2020, segundo a Pesquisa Anual de Com\u00e9rcio (PAC), divulgada pelo IBGE.","robots":{"index":"index","follow":"follow","max-snippet":"max-snippet:-1","max-image-preview":"max-image-preview:large","max-video-preview":"max-video-preview:-1"},"canonical":"https:\/\/www.suno.com.br\/noticias\/comercio-perde-empresas-reduz-salarios-ibge\/","og_locale":"pt_BR","og_type":"article","og_title":"Com\u00e9rcio perde empresas e reduz sal\u00e1rios, aponta IBGE","og_description":"O com\u00e9rcio no Brasil perdeu 7,8% de empresas em 2020, segundo a Pesquisa Anual de Com\u00e9rcio (PAC), divulgada pelo IBGE.","og_url":"https:\/\/www.suno.com.br\/noticias\/comercio-perde-empresas-reduz-salarios-ibge\/","og_site_name":"Suno Not\u00edcias","article_publisher":"https:\/\/facebook.com\/sunoresearch","article_author":"https:\/\/www.facebook.com\/sunonoticias\/","og_image":[{"width":1200,"height":717,"url":"https:\/\/files.sunoresearch.com.br\/n\/uploads\/2022\/08\/comercio.jpg","type":"image\/jpeg"}],"author":"Reda\u00e7\u00e3o Suno Not\u00edcias","twitter_card":"summary_large_image","twitter_creator":"@https:\/\/twitter.com\/sunoresearch","twitter_site":"@sunoresearch","twitter_misc":{"Escrito por":"Reda\u00e7\u00e3o Suno Not\u00edcias","Est. tempo de leitura":"3 minutos"},"schema":{"@context":"https:\/\/schema.org","@graph":[{"@type":"NewsArticle","@id":"https:\/\/www.suno.com.br\/noticias\/comercio-perde-empresas-reduz-salarios-ibge\/#article","isPartOf":{"@id":"https:\/\/www.suno.com.br\/noticias\/comercio-perde-empresas-reduz-salarios-ibge\/"},"author":{"name":"Reda\u00e7\u00e3o Suno Not\u00edcias","@id":"https:\/\/www.suno.com.br\/noticias\/#\/schema\/person\/c1b1bd3727fa852bd045e9dbff3673ea"},"headline":"Com\u00e9rcio perde empresas e reduz sal\u00e1rios, aponta IBGE","datePublished":"2022-08-17T13:46:21+00:00","mainEntityOfPage":{"@id":"https:\/\/www.suno.com.br\/noticias\/comercio-perde-empresas-reduz-salarios-ibge\/"},"wordCount":563,"publisher":{"@id":"https:\/\/www.suno.com.br\/noticias\/#organization"},"image":{"@id":"https:\/\/www.suno.com.br\/noticias\/comercio-perde-empresas-reduz-salarios-ibge\/#primaryimage"},"thumbnailUrl":"https:\/\/files.sunoresearch.com.br\/n\/uploads\/2022\/08\/comercio.jpg","articleSection":["Economia"],"inLanguage":"pt-BR"},{"@type":"WebPage","@id":"https:\/\/www.suno.com.br\/noticias\/comercio-perde-empresas-reduz-salarios-ibge\/","url":"https:\/\/www.suno.com.br\/noticias\/comercio-perde-empresas-reduz-salarios-ibge\/","name":"Com\u00e9rcio perde empresas e reduz sal\u00e1rios, aponta IBGE","isPartOf":{"@id":"https:\/\/www.suno.com.br\/noticias\/#website"},"primaryImageOfPage":{"@id":"https:\/\/www.suno.com.br\/noticias\/comercio-perde-empresas-reduz-salarios-ibge\/#primaryimage"},"image":{"@id":"https:\/\/www.suno.com.br\/noticias\/comercio-perde-empresas-reduz-salarios-ibge\/#primaryimage"},"thumbnailUrl":"https:\/\/files.sunoresearch.com.br\/n\/uploads\/2022\/08\/comercio.jpg","datePublished":"2022-08-17T13:46:21+00:00","description":"O com\u00e9rcio no Brasil perdeu 7,8% de empresas em 2020, segundo a Pesquisa Anual de Com\u00e9rcio (PAC), divulgada pelo IBGE.","breadcrumb":{"@id":"https:\/\/www.suno.com.br\/noticias\/comercio-perde-empresas-reduz-salarios-ibge\/#breadcrumb"},"inLanguage":"pt-BR","potentialAction":[{"@type":"ReadAction","target":["https:\/\/www.suno.com.br\/noticias\/comercio-perde-empresas-reduz-salarios-ibge\/"]}]},{"@type":"ImageObject","inLanguage":"pt-BR","@id":"https:\/\/www.suno.com.br\/noticias\/comercio-perde-empresas-reduz-salarios-ibge\/#primaryimage","url":"https:\/\/files.sunoresearch.com.br\/n\/uploads\/2022\/08\/comercio.jpg","contentUrl":"https:\/\/files.sunoresearch.com.br\/n\/uploads\/2022\/08\/comercio.jpg","width":1200,"height":717,"caption":"Dia do cliente: veja direitos para o ano todo. Foto: Marcelo Camargo\/Ag\u00eancia Brasil"},{"@type":"BreadcrumbList","@id":"https:\/\/www.suno.com.br\/noticias\/comercio-perde-empresas-reduz-salarios-ibge\/#breadcrumb","itemListElement":[{"@type":"ListItem","position":1,"name":"Not\u00edcias","item":"https:\/\/www.suno.com.br\/noticias\/"},{"@type":"ListItem","position":2,"name":"Economia","item":"https:\/\/www.suno.com.br\/noticias\/economia\/"},{"@type":"ListItem","position":3,"name":"Com\u00e9rcio perde empresas e reduz sal\u00e1rios, aponta IBGE"}]},{"@type":"WebSite","@id":"https:\/\/www.suno.com.br\/noticias\/#website","url":"https:\/\/www.suno.com.br\/noticias\/","name":"Suno Not\u00edcias","description":"Seu portal de informa\u00e7\u00e3o sobre o mundo dos investimentos","publisher":{"@id":"https:\/\/www.suno.com.br\/noticias\/#organization"},"potentialAction":[{"@type":"SearchAction","target":{"@type":"EntryPoint","urlTemplate":"https:\/\/www.suno.com.br\/noticias\/?s={search_term_string}"},"query-input":{"@type":"PropertyValueSpecification","valueRequired":true,"valueName":"search_term_string"}}],"inLanguage":"pt-BR"},{"@type":"Organization","@id":"https:\/\/www.suno.com.br\/noticias\/#organization","name":"Suno Not\u00edcias","url":"https:\/\/www.suno.com.br\/noticias\/","logo":{"@type":"ImageObject","inLanguage":"pt-BR","@id":"https:\/\/www.suno.com.br\/noticias\/#\/schema\/logo\/image\/","url":"https:\/\/files.sunoresearch.com.br\/n\/uploads\/2021\/09\/suno-logo.png","contentUrl":"https:\/\/files.sunoresearch.com.br\/n\/uploads\/2021\/09\/suno-logo.png","width":180,"height":180,"caption":"Suno Not\u00edcias"},"image":{"@id":"https:\/\/www.suno.com.br\/noticias\/#\/schema\/logo\/image\/"},"sameAs":["https:\/\/facebook.com\/sunoresearch","https:\/\/x.com\/sunoresearch","https:\/\/www.instagram.com\/suno","https:\/\/www.linkedin.com\/company\/suno-research\/","https:\/\/www.youtube.com\/c\/sunoresearch"]},{"@type":"Person","@id":"https:\/\/www.suno.com.br\/noticias\/#\/schema\/person\/c1b1bd3727fa852bd045e9dbff3673ea","name":"Reda\u00e7\u00e3o Suno Not\u00edcias","image":{"@type":"ImageObject","inLanguage":"pt-BR","@id":"https:\/\/www.suno.com.br\/noticias\/#\/schema\/person\/image\/","url":"https:\/\/secure.gravatar.com\/avatar\/b8104b9b5a71985d5238ee59fbe418af?s=96&r=g","contentUrl":"https:\/\/secure.gravatar.com\/avatar\/b8104b9b5a71985d5238ee59fbe418af?s=96&r=g","caption":"Reda\u00e7\u00e3o Suno Not\u00edcias"},"description":"O Suno Not\u00edcias \u00e9 um portal de informa\u00e7\u00f5es sobre Mercado Financeiro, Pol\u00edtica, Neg\u00f3cios, Economia e Finan\u00e7as Pessoais.","sameAs":["https:\/\/www.suno.com.br\/noticias","https:\/\/www.facebook.com\/sunonoticias\/","https:\/\/www.instagram.com\/sunonoticias\/","https:\/\/x.com\/https:\/\/twitter.com\/sunoresearch","https:\/\/www.youtube.com\/sunonoticias"],"url":"https:\/\/www.suno.com.br\/noticias\/author\/redacao-suno\/"}]}},"default_loop_html":"<div class=\"cardsPage__listCard__boxs\"><div class=\"cardsPage__listCard__boxs__img\"><a href=\"https:\/\/www.suno.com.br\/noticias\/comercio-perde-empresas-reduz-salarios-ibge\/\"><img class=\"mask\" src=\"https:\/\/www.suno.com.br\/noticias\/wp-content\/themes\/suno\/resources\/images\/spotlight\/spotlight1img\/bg-mask.png\" alt=\"Image Mask\"\/><img src=\"https:\/\/files.sunoresearch.com.br\/n\/uploads\/2022\/08\/comercio-400x200.jpg\" alt=\"Com\u00e9rcio perde empresas e reduz sal\u00e1rios, aponta IBGE\"\/><\/a><span class=\"spotlightCategory\"><a href=\"https:\/\/www.suno.com.br\/noticias\/economia\/\">Economia<\/a><\/span><\/div><div class=\"cardsPage__listCard__boxs__content\"><a href=\"https:\/\/www.suno.com.br\/noticias\/comercio-perde-empresas-reduz-salarios-ibge\/\"><h2 class=\"content__title\">Com\u00e9rcio perde empresas e reduz sal\u00e1rios, aponta IBGE<\/h2><\/a><div class=\"newsContent__article__meta\"><div class=\"newsContent__article__meta__authorBox\"><a href=\"https:\/\/www.suno.com.br\/noticias\/author\/redacao-suno\/\" class=\"authorBox__avatar noMobi\"><img src=\"https:\/\/files.sunoresearch.com.br\/n\/uploads\/2020\/08\/0ace682d-redacao-1-150x150.webp\" alt=\"Reda\u00e7\u00e3o Suno Not\u00edcias\"><\/a><div class=\"authorBox__name\"><span>por\n\t\t\t<a href=\"https:\/\/www.suno.com.br\/noticias\/author\/redacao-suno\/\"><span itemprop=\"author\">Reda\u00e7\u00e3o Suno Not\u00edcias<\/span><\/a><\/span><time datetime=\"2022-08-17T10:46:21-03:00\" itemprop=\"datePublished\">17\/08\/2022 10:46<\/time><\/div><\/div><\/div><\/div><\/div>","single_layout":"posts","amp_enabled":true,"_links":{"self":[{"href":"https:\/\/www.suno.com.br\/noticias\/wp-json\/wp\/v2\/posts\/286101"}],"collection":[{"href":"https:\/\/www.suno.com.br\/noticias\/wp-json\/wp\/v2\/posts"}],"about":[{"href":"https:\/\/www.suno.com.br\/noticias\/wp-json\/wp\/v2\/types\/post"}],"author":[{"embeddable":true,"href":"https:\/\/www.suno.com.br\/noticias\/wp-json\/wp\/v2\/users\/43"}],"replies":[{"embeddable":true,"href":"https:\/\/www.suno.com.br\/noticias\/wp-json\/wp\/v2\/comments?post=286101"}],"version-history":[{"count":3,"href":"https:\/\/www.suno.com.br\/noticias\/wp-json\/wp\/v2\/posts\/286101\/revisions"}],"predecessor-version":[{"id":286111,"href":"https:\/\/www.suno.com.br\/noticias\/wp-json\/wp\/v2\/posts\/286101\/revisions\/286111"}],"wp:featuredmedia":[{"embeddable":true,"href":"https:\/\/www.suno.com.br\/noticias\/wp-json\/wp\/v2\/media\/286106"}],"wp:attachment":[{"href":"https:\/\/www.suno.com.br\/noticias\/wp-json\/wp\/v2\/media?parent=286101"}],"wp:term":[{"taxonomy":"category","embeddable":true,"href":"https:\/\/www.suno.com.br\/noticias\/wp-json\/wp\/v2\/categories?post=286101"},{"taxonomy":"post_tag","embeddable":true,"href":"https:\/\/www.suno.com.br\/noticias\/wp-json\/wp\/v2\/tags?post=286101"},{"taxonomy":"suno_strategy","embeddable":true,"href":"https:\/\/www.suno.com.br\/noticias\/wp-json\/wp\/v2\/suno_strategy?post=286101"}],"curies":[{"name":"wp","href":"https:\/\/api.w.org\/{rel}","templated":true}]}}