{"id":28600,"date":"2019-06-19T10:52:33","date_gmt":"2019-06-19T13:52:33","guid":{"rendered":"https:\/\/www.suno.com.br\/noticias\/?p=28600"},"modified":"2019-06-23T10:51:56","modified_gmt":"2019-06-23T13:51:56","slug":"vale-retomar-operacoes-brucutu","status":"publish","type":"post","link":"https:\/\/www.suno.com.br\/noticias\/vale-retomar-operacoes-brucutu\/","title":{"rendered":"Vale vai retomar opera\u00e7\u00f5es da mina de Brucutu em 72 horas"},"content":{"rendered":"<p>A mina de Brucutu da Vale, em Minas Gerais, ter\u00e1 suas opera\u00e7\u00f5es a \u00famido retomadas em 72 horas, ap\u00f3s o presidente do Superior Tribunal de Justi\u00e7a (STJ) suspender a liminar que interrompia as atividades da barragem de Laranjeiras.<\/p>\t<div class=\"wrapper-featured-image\">\n\t\t<figure class=\"spotlightImg\">\n\n\t\t\t<picture>\n\t\t\t\t<source media=\"(max-width: 768px)\" srcset=\"https:\/\/files.sunoresearch.com.br\/n\/uploads\/2019\/05\/2deb5387-vale-e1559314192166-400x200.webp\">\n\t\t\t\t<img loading=\"lazy\" decoding=\"async\" class=\"newsContent__article__imgCapa lazyloadDisabled newsContent__article__imgCapa--noCaption\" src=\"https:\/\/files.sunoresearch.com.br\/n\/uploads\/2019\/05\/2deb5387-vale-e1559314192166-800x450.webp\" width=\"800\" height=\"450\" alt=\"Vale vai retomar opera\u00e7\u00f5es da mina de Brucutu em 72 horas\" fetchpriority=high \/>\n\t\t\t<\/picture>\n\n\t\t\t<figcaption class=\"wp-caption-text wp-caption-text--hide\">Vale: Deslocamento do talude da mina de Gongo Soco \u00e9 de 51 cm\/dia<\/figcaption>\n\t\t<\/figure>\n\t<\/div>\n\n\n<p>A suspens\u00e3o das opera\u00e7\u00f5es da <strong>Vale<\/strong> em <strong>Brucutu<\/strong> havia sido determinada pela <strong>A\u00e7\u00e3o Civil P\u00fablica do Minist\u00e9rio P\u00fablico<\/strong>\u00a0em fevereiro \u00faltimo. Deste ent\u00e3o, a mina operava com um ter\u00e7o de sua capacidade.<\/p>\n\t<p>\n\t\t<a href=\"https:\/\/www.seculus.com.br\/blackfriday\" target=\"_blank\" data-element=\"shortcode-suno-banner\" title=\"Banner SUNO, clique e saiba mais\">\n\t\t\t<picture>\n\t\t\t\t<source media=\"(max-width: 500px)\" srcset=\"https:\/\/files.sunoresearch.com.br\/n\/uploads\/2023\/11\/seculus_suno_mobile_1.jpg\">\n\t\t\t\t<img class=\"newsContent__article__imgCapa newsContent__article__imgCapa--banner\"\n\t\t\t\t\tsrc=\"https:\/\/files.sunoresearch.com.br\/n\/uploads\/2023\/11\/seculus_suno_desktop_1.jpg\"\n\t\t\t\t\tdata-promo-id=\"474122\"\t\t\t\t\t\t\t\t\t\twidth='1420' height='240'\t\t\t\t\talt=\"https:\/\/files.sunoresearch.com.br\/n\/uploads\/2023\/11\/seculus_suno_desktop_1.jpg\"\n\t\t\t\t>\n\t\t\t<\/picture>\n\t\t<\/a>\n\t<\/p>\n\n\n<p>Brucutu \u00e9 a maior mina de Minas Gerais e produz 30 milh\u00f5es de toneladas de <strong>min\u00e9rio<\/strong> <strong>de<\/strong> <strong>ferro<\/strong>, o que corresponde a 9% da <strong>produ\u00e7\u00e3o<\/strong> nacional da Vale.<\/p>\n<p>De acordo com a mineradora, a decis\u00e3o desta quarta, dar\u00e1 um &#8220;incremento da qualidade m\u00e9dia do portf\u00f3lio de produtos da Vale&#8221;.<\/p>\n<p>Al\u00e9m disso, reafirmou sua proje\u00e7\u00e3o para as vendas de min\u00e9rio de ferro e pelotas para 2019. Segundo a mineradora, &#8220;a expectativa atual \u00e9 que as vendas se aproximem do centro da faixa&#8221;, estimada entre 307 milh\u00f5es e 332 milh\u00f5es de toneladas.<\/p>\n<h2>Mina de Gongo Soco<\/h2>\n<p>No \u00faltimo domingo, o Corpo de Bombeiros afirmou que a movimenta\u00e7\u00e3o do talude da<strong> mina <\/strong>de<strong> Gongo Soco<\/strong>, da Vale, registrou recorde alcan\u00e7ando 56 cent\u00edmetros de deslocamento por dia.<\/p>\n<p><a href=\"https:\/\/www.suno.com.br\/noticias\/vale-movimentacao-talude-recorde\/\">Saiba mais:\u00a0Movimenta\u00e7\u00e3o de talude em mina da Vale chega a 56 cm por dia<\/a><\/p>\n<p>De acordo com os bombeiros \u00e9 estimado que a estrutura continue escorregando de forma &#8220;lenta e desagregada para o fundo do cava&#8221;. A <strong>movimenta\u00e7\u00e3o <\/strong>do<strong> talude <\/strong>da<strong> mina <\/strong>de<strong> Gongo Soco<\/strong>, da <strong>Vale<\/strong>, havia registrado, em 2012, 10 cent\u00edmetros por ano.<\/p>\n<p>A <strong>mineradora\u00a0<\/strong>ainda afirma que\u00a0o material est\u00e1 &#8220;deslizando de forma gradual, o que at\u00e9 o momento corrobora as estimativas de que o desprendimento do talude dever\u00e1 ocorrer sem maiores<strong> consequ\u00eancias<\/strong>&#8220;.<\/p>\n<h2>A\u00e7\u00f5es judiciais contra barragens<\/h2>\n<p>A mina de <strong>Brucutu<\/strong> e outras da mineradora s\u00e3o alvos de a\u00e7\u00f5es judiciais ap\u00f3s a barragem de <strong>Brumadinho (MG)<\/strong> ter se rompido em 25 de janeiro deste ano.<\/p>\n\t<p>\n\t\t<a href=\"https:\/\/lp.suno.com.br\/minicurso-investindo-fiis\/\" target=\"_blank\" data-element=\"shortcode-suno-banner\" title=\"Banner SUNO, clique e saiba mais\">\n\t\t\t<picture>\n\t\t\t\t<source media=\"(max-width: 500px)\" srcset=\"https:\/\/files.sunoresearch.com.br\/n\/uploads\/2023\/03\/400x300-Minicurso-FIIS.png\">\n\t\t\t\t<img class=\"newsContent__article__imgCapa newsContent__article__imgCapa--banner\"\n\t\t\t\t\tsrc=\"https:\/\/files.sunoresearch.com.br\/n\/uploads\/2023\/03\/1420x240-Minicurso-FIIS.png\"\n\t\t\t\t\tdata-promo-id=\"383125\"\t\t\t\t\t\t\t\t\t\twidth='1420' height='240'\t\t\t\t\talt=\"https:\/\/files.sunoresearch.com.br\/n\/uploads\/2023\/03\/1420x240-Minicurso-FIIS.png\"\n\t\t\t\t>\n\t\t\t<\/picture>\n\t\t<\/a>\n\t<\/p>\n\n\n<p>O <strong>rompimento<\/strong> deixou centenas de mortos e levou a preocupa\u00e7\u00e3o sobre a seguran\u00e7a das estruturas das <strong>barragens<\/strong> e tamb\u00e9m das opera\u00e7\u00f5es da <strong>Vale<\/strong>.<\/p>\n","protected":false},"excerpt":{"rendered":"<p>A mina de Brucutu da Vale, em Minas Gerais, ter\u00e1 suas opera\u00e7\u00f5es a \u00famido retomadas em 72 horas, ap\u00f3s o presidente do Superior Tribunal de Justi\u00e7a (STJ) suspender a liminar que interrompia as atividades da barragem de Laranjeiras. Vale: Deslocamento do talude da mina de Gongo Soco \u00e9 de 51 cm\/dia A suspens\u00e3o das opera\u00e7\u00f5es [&hellip;]<\/p>\n","protected":false},"author":11,"featured_media":26757,"comment_status":"closed","ping_status":"closed","sticky":false,"template":"","format":"standard","meta":[],"categories":[64],"tags":[676],"suno_strategy":[],"class_list":["post-28600","post","type-post","status-publish","format-standard","has-post-thumbnail","hentry","category-negocios","tag-vale-vale3"],"yoast_head":"<!-- This site is optimized with the Yoast SEO plugin v24.4 - https:\/\/yoast.com\/wordpress\/plugins\/seo\/ -->\n<title>Vale vai retomar opera\u00e7\u00f5es da mina de Brucutu em 72 horas<\/title>\n<meta name=\"description\" content=\"As opera\u00e7\u00f5es da Vale em Brucutu haviam sido bloqueadas em fevereiro, mas por decis\u00e3o judicial poder\u00e3o ser retomadas. Clique e saiba mais\" \/>\n<meta name=\"robots\" content=\"index, follow, max-snippet:-1, max-image-preview:large, max-video-preview:-1\" \/>\n<link rel=\"canonical\" href=\"https:\/\/www.suno.com.br\/noticias\/vale-retomar-operacoes-brucutu\/\" \/>\n<meta property=\"og:locale\" content=\"pt_BR\" \/>\n<meta property=\"og:type\" content=\"article\" \/>\n<meta property=\"og:title\" content=\"Vale vai retomar opera\u00e7\u00f5es da mina de Brucutu em 72 horas\" \/>\n<meta property=\"og:description\" content=\"As opera\u00e7\u00f5es da Vale em Brucutu haviam sido bloqueadas em fevereiro, mas por decis\u00e3o judicial poder\u00e3o ser retomadas. Clique e saiba mais\" \/>\n<meta property=\"og:url\" content=\"https:\/\/www.suno.com.br\/noticias\/vale-retomar-operacoes-brucutu\/\" \/>\n<meta property=\"og:site_name\" content=\"Suno Not\u00edcias\" \/>\n<meta property=\"article:publisher\" content=\"https:\/\/facebook.com\/sunoresearch\" \/>\n<meta property=\"og:image\" content=\"https:\/\/files.sunoresearch.com.br\/n\/uploads\/2019\/05\/2deb5387-vale-e1559314192166.jpg\" \/>\n\t<meta property=\"og:image:width\" content=\"906\" \/>\n\t<meta property=\"og:image:height\" content=\"487\" \/>\n\t<meta property=\"og:image:type\" content=\"image\/jpeg\" \/>\n<meta name=\"author\" content=\"Renan Bandeira\" \/>\n<meta name=\"twitter:card\" content=\"summary_large_image\" \/>\n<meta name=\"twitter:creator\" content=\"@sunoresearch\" \/>\n<meta name=\"twitter:site\" content=\"@sunoresearch\" \/>\n<meta name=\"twitter:label1\" content=\"Escrito por\" \/>\n\t<meta name=\"twitter:data1\" content=\"Renan Bandeira\" \/>\n\t<meta name=\"twitter:label2\" content=\"Est. tempo de leitura\" \/>\n\t<meta name=\"twitter:data2\" content=\"2 minutos\" \/>\n<script type=\"application\/ld+json\" class=\"yoast-schema-graph\">{\"@context\":\"https:\/\/schema.org\",\"@graph\":[{\"@type\":\"NewsArticle\",\"@id\":\"https:\/\/www.suno.com.br\/noticias\/vale-retomar-operacoes-brucutu\/#article\",\"isPartOf\":{\"@id\":\"https:\/\/www.suno.com.br\/noticias\/vale-retomar-operacoes-brucutu\/\"},\"author\":{\"name\":\"Renan Bandeira\",\"@id\":\"https:\/\/www.suno.com.br\/noticias\/#\/schema\/person\/fc144a1c6108bd1dcd43784e88a3c138\"},\"headline\":\"Vale vai retomar opera\u00e7\u00f5es da mina de Brucutu em 72 horas\",\"datePublished\":\"2019-06-19T13:52:33+00:00\",\"dateModified\":\"2019-06-23T13:51:56+00:00\",\"mainEntityOfPage\":{\"@id\":\"https:\/\/www.suno.com.br\/noticias\/vale-retomar-operacoes-brucutu\/\"},\"wordCount\":375,\"publisher\":{\"@id\":\"https:\/\/www.suno.com.br\/noticias\/#organization\"},\"image\":{\"@id\":\"https:\/\/www.suno.com.br\/noticias\/vale-retomar-operacoes-brucutu\/#primaryimage\"},\"thumbnailUrl\":\"https:\/\/files.sunoresearch.com.br\/n\/uploads\/2019\/05\/2deb5387-vale-e1559314192166-jpg.webp\",\"keywords\":[\"Vale (VALE3)\"],\"articleSection\":[\"Neg\u00f3cios\"],\"inLanguage\":\"pt-BR\"},{\"@type\":\"WebPage\",\"@id\":\"https:\/\/www.suno.com.br\/noticias\/vale-retomar-operacoes-brucutu\/\",\"url\":\"https:\/\/www.suno.com.br\/noticias\/vale-retomar-operacoes-brucutu\/\",\"name\":\"Vale vai retomar opera\u00e7\u00f5es da mina de Brucutu em 72 horas\",\"isPartOf\":{\"@id\":\"https:\/\/www.suno.com.br\/noticias\/#website\"},\"primaryImageOfPage\":{\"@id\":\"https:\/\/www.suno.com.br\/noticias\/vale-retomar-operacoes-brucutu\/#primaryimage\"},\"image\":{\"@id\":\"https:\/\/www.suno.com.br\/noticias\/vale-retomar-operacoes-brucutu\/#primaryimage\"},\"thumbnailUrl\":\"https:\/\/files.sunoresearch.com.br\/n\/uploads\/2019\/05\/2deb5387-vale-e1559314192166-jpg.webp\",\"datePublished\":\"2019-06-19T13:52:33+00:00\",\"dateModified\":\"2019-06-23T13:51:56+00:00\",\"description\":\"As opera\u00e7\u00f5es da Vale em Brucutu haviam sido bloqueadas em fevereiro, mas por decis\u00e3o judicial poder\u00e3o ser retomadas. Clique e saiba mais\",\"breadcrumb\":{\"@id\":\"https:\/\/www.suno.com.br\/noticias\/vale-retomar-operacoes-brucutu\/#breadcrumb\"},\"inLanguage\":\"pt-BR\",\"potentialAction\":[{\"@type\":\"ReadAction\",\"target\":[\"https:\/\/www.suno.com.br\/noticias\/vale-retomar-operacoes-brucutu\/\"]}]},{\"@type\":\"ImageObject\",\"inLanguage\":\"pt-BR\",\"@id\":\"https:\/\/www.suno.com.br\/noticias\/vale-retomar-operacoes-brucutu\/#primaryimage\",\"url\":\"https:\/\/files.sunoresearch.com.br\/n\/uploads\/2019\/05\/2deb5387-vale-e1559314192166-jpg.webp\",\"contentUrl\":\"https:\/\/files.sunoresearch.com.br\/n\/uploads\/2019\/05\/2deb5387-vale-e1559314192166-jpg.webp\",\"width\":906,\"height\":487,\"caption\":\"Vale: Deslocamento do talude da mina de Gongo Soco \u00e9 de 51 cm\/dia\"},{\"@type\":\"BreadcrumbList\",\"@id\":\"https:\/\/www.suno.com.br\/noticias\/vale-retomar-operacoes-brucutu\/#breadcrumb\",\"itemListElement\":[{\"@type\":\"ListItem\",\"position\":1,\"name\":\"Not\u00edcias\",\"item\":\"https:\/\/www.suno.com.br\/noticias\/\"},{\"@type\":\"ListItem\",\"position\":2,\"name\":\"Neg\u00f3cios\",\"item\":\"https:\/\/www.suno.com.br\/noticias\/negocios\/\"},{\"@type\":\"ListItem\",\"position\":3,\"name\":\"Vale vai retomar opera\u00e7\u00f5es da mina de Brucutu em 72 horas\"}]},{\"@type\":\"WebSite\",\"@id\":\"https:\/\/www.suno.com.br\/noticias\/#website\",\"url\":\"https:\/\/www.suno.com.br\/noticias\/\",\"name\":\"Suno Not\u00edcias\",\"description\":\"Seu portal de informa\u00e7\u00e3o sobre o mundo dos investimentos\",\"publisher\":{\"@id\":\"https:\/\/www.suno.com.br\/noticias\/#organization\"},\"potentialAction\":[{\"@type\":\"SearchAction\",\"target\":{\"@type\":\"EntryPoint\",\"urlTemplate\":\"https:\/\/www.suno.com.br\/noticias\/?s={search_term_string}\"},\"query-input\":{\"@type\":\"PropertyValueSpecification\",\"valueRequired\":true,\"valueName\":\"search_term_string\"}}],\"inLanguage\":\"pt-BR\"},{\"@type\":\"Organization\",\"@id\":\"https:\/\/www.suno.com.br\/noticias\/#organization\",\"name\":\"Suno Not\u00edcias\",\"url\":\"https:\/\/www.suno.com.br\/noticias\/\",\"logo\":{\"@type\":\"ImageObject\",\"inLanguage\":\"pt-BR\",\"@id\":\"https:\/\/www.suno.com.br\/noticias\/#\/schema\/logo\/image\/\",\"url\":\"https:\/\/files.sunoresearch.com.br\/n\/uploads\/2021\/09\/suno-logo.png\",\"contentUrl\":\"https:\/\/files.sunoresearch.com.br\/n\/uploads\/2021\/09\/suno-logo.png\",\"width\":180,\"height\":180,\"caption\":\"Suno Not\u00edcias\"},\"image\":{\"@id\":\"https:\/\/www.suno.com.br\/noticias\/#\/schema\/logo\/image\/\"},\"sameAs\":[\"https:\/\/facebook.com\/sunoresearch\",\"https:\/\/x.com\/sunoresearch\",\"https:\/\/www.instagram.com\/suno\",\"https:\/\/www.linkedin.com\/company\/suno-research\/\",\"https:\/\/www.youtube.com\/c\/sunoresearch\"]},{\"@type\":\"Person\",\"@id\":\"https:\/\/www.suno.com.br\/noticias\/#\/schema\/person\/fc144a1c6108bd1dcd43784e88a3c138\",\"name\":\"Renan Bandeira\",\"image\":{\"@type\":\"ImageObject\",\"inLanguage\":\"pt-BR\",\"@id\":\"https:\/\/www.suno.com.br\/noticias\/#\/schema\/person\/image\/\",\"url\":\"https:\/\/secure.gravatar.com\/avatar\/68359cdb608f14f11bbefcb78f3fc747?s=96&r=g\",\"contentUrl\":\"https:\/\/secure.gravatar.com\/avatar\/68359cdb608f14f11bbefcb78f3fc747?s=96&r=g\",\"caption\":\"Renan Bandeira\"},\"description\":\"Renan Bandeira escreve sobre pol\u00edtica e economia para o portal da Suno Research. Antes da Suno, trabalhou em uma rede de televis\u00e3o, onde fazia reportagens sobre os mesmos temas. Estuda na Universidade Metodista de S\u00e3o Paulo.\",\"url\":\"https:\/\/www.suno.com.br\/noticias\/author\/renan-bandeira\/\"}]}<\/script>\n<!-- \/ Yoast SEO plugin. -->","yoast_head_json":{"title":"Vale vai retomar opera\u00e7\u00f5es da mina de Brucutu em 72 horas","description":"As opera\u00e7\u00f5es da Vale em Brucutu haviam sido bloqueadas em fevereiro, mas por decis\u00e3o judicial poder\u00e3o ser retomadas. Clique e saiba mais","robots":{"index":"index","follow":"follow","max-snippet":"max-snippet:-1","max-image-preview":"max-image-preview:large","max-video-preview":"max-video-preview:-1"},"canonical":"https:\/\/www.suno.com.br\/noticias\/vale-retomar-operacoes-brucutu\/","og_locale":"pt_BR","og_type":"article","og_title":"Vale vai retomar opera\u00e7\u00f5es da mina de Brucutu em 72 horas","og_description":"As opera\u00e7\u00f5es da Vale em Brucutu haviam sido bloqueadas em fevereiro, mas por decis\u00e3o judicial poder\u00e3o ser retomadas. Clique e saiba mais","og_url":"https:\/\/www.suno.com.br\/noticias\/vale-retomar-operacoes-brucutu\/","og_site_name":"Suno Not\u00edcias","article_publisher":"https:\/\/facebook.com\/sunoresearch","og_image":[{"width":906,"height":487,"url":"https:\/\/files.sunoresearch.com.br\/n\/uploads\/2019\/05\/2deb5387-vale-e1559314192166.jpg","type":"image\/jpeg"}],"author":"Renan Bandeira","twitter_card":"summary_large_image","twitter_creator":"@sunoresearch","twitter_site":"@sunoresearch","twitter_misc":{"Escrito por":"Renan Bandeira","Est. tempo de leitura":"2 minutos"},"schema":{"@context":"https:\/\/schema.org","@graph":[{"@type":"NewsArticle","@id":"https:\/\/www.suno.com.br\/noticias\/vale-retomar-operacoes-brucutu\/#article","isPartOf":{"@id":"https:\/\/www.suno.com.br\/noticias\/vale-retomar-operacoes-brucutu\/"},"author":{"name":"Renan Bandeira","@id":"https:\/\/www.suno.com.br\/noticias\/#\/schema\/person\/fc144a1c6108bd1dcd43784e88a3c138"},"headline":"Vale vai retomar opera\u00e7\u00f5es da mina de Brucutu em 72 horas","datePublished":"2019-06-19T13:52:33+00:00","dateModified":"2019-06-23T13:51:56+00:00","mainEntityOfPage":{"@id":"https:\/\/www.suno.com.br\/noticias\/vale-retomar-operacoes-brucutu\/"},"wordCount":375,"publisher":{"@id":"https:\/\/www.suno.com.br\/noticias\/#organization"},"image":{"@id":"https:\/\/www.suno.com.br\/noticias\/vale-retomar-operacoes-brucutu\/#primaryimage"},"thumbnailUrl":"https:\/\/files.sunoresearch.com.br\/n\/uploads\/2019\/05\/2deb5387-vale-e1559314192166-jpg.webp","keywords":["Vale (VALE3)"],"articleSection":["Neg\u00f3cios"],"inLanguage":"pt-BR"},{"@type":"WebPage","@id":"https:\/\/www.suno.com.br\/noticias\/vale-retomar-operacoes-brucutu\/","url":"https:\/\/www.suno.com.br\/noticias\/vale-retomar-operacoes-brucutu\/","name":"Vale vai retomar opera\u00e7\u00f5es da mina de Brucutu em 72 horas","isPartOf":{"@id":"https:\/\/www.suno.com.br\/noticias\/#website"},"primaryImageOfPage":{"@id":"https:\/\/www.suno.com.br\/noticias\/vale-retomar-operacoes-brucutu\/#primaryimage"},"image":{"@id":"https:\/\/www.suno.com.br\/noticias\/vale-retomar-operacoes-brucutu\/#primaryimage"},"thumbnailUrl":"https:\/\/files.sunoresearch.com.br\/n\/uploads\/2019\/05\/2deb5387-vale-e1559314192166-jpg.webp","datePublished":"2019-06-19T13:52:33+00:00","dateModified":"2019-06-23T13:51:56+00:00","description":"As opera\u00e7\u00f5es da Vale em Brucutu haviam sido bloqueadas em fevereiro, mas por decis\u00e3o judicial poder\u00e3o ser retomadas. Clique e saiba mais","breadcrumb":{"@id":"https:\/\/www.suno.com.br\/noticias\/vale-retomar-operacoes-brucutu\/#breadcrumb"},"inLanguage":"pt-BR","potentialAction":[{"@type":"ReadAction","target":["https:\/\/www.suno.com.br\/noticias\/vale-retomar-operacoes-brucutu\/"]}]},{"@type":"ImageObject","inLanguage":"pt-BR","@id":"https:\/\/www.suno.com.br\/noticias\/vale-retomar-operacoes-brucutu\/#primaryimage","url":"https:\/\/files.sunoresearch.com.br\/n\/uploads\/2019\/05\/2deb5387-vale-e1559314192166-jpg.webp","contentUrl":"https:\/\/files.sunoresearch.com.br\/n\/uploads\/2019\/05\/2deb5387-vale-e1559314192166-jpg.webp","width":906,"height":487,"caption":"Vale: Deslocamento do talude da mina de Gongo Soco \u00e9 de 51 cm\/dia"},{"@type":"BreadcrumbList","@id":"https:\/\/www.suno.com.br\/noticias\/vale-retomar-operacoes-brucutu\/#breadcrumb","itemListElement":[{"@type":"ListItem","position":1,"name":"Not\u00edcias","item":"https:\/\/www.suno.com.br\/noticias\/"},{"@type":"ListItem","position":2,"name":"Neg\u00f3cios","item":"https:\/\/www.suno.com.br\/noticias\/negocios\/"},{"@type":"ListItem","position":3,"name":"Vale vai retomar opera\u00e7\u00f5es da mina de Brucutu em 72 horas"}]},{"@type":"WebSite","@id":"https:\/\/www.suno.com.br\/noticias\/#website","url":"https:\/\/www.suno.com.br\/noticias\/","name":"Suno Not\u00edcias","description":"Seu portal de informa\u00e7\u00e3o sobre o mundo dos investimentos","publisher":{"@id":"https:\/\/www.suno.com.br\/noticias\/#organization"},"potentialAction":[{"@type":"SearchAction","target":{"@type":"EntryPoint","urlTemplate":"https:\/\/www.suno.com.br\/noticias\/?s={search_term_string}"},"query-input":{"@type":"PropertyValueSpecification","valueRequired":true,"valueName":"search_term_string"}}],"inLanguage":"pt-BR"},{"@type":"Organization","@id":"https:\/\/www.suno.com.br\/noticias\/#organization","name":"Suno Not\u00edcias","url":"https:\/\/www.suno.com.br\/noticias\/","logo":{"@type":"ImageObject","inLanguage":"pt-BR","@id":"https:\/\/www.suno.com.br\/noticias\/#\/schema\/logo\/image\/","url":"https:\/\/files.sunoresearch.com.br\/n\/uploads\/2021\/09\/suno-logo.png","contentUrl":"https:\/\/files.sunoresearch.com.br\/n\/uploads\/2021\/09\/suno-logo.png","width":180,"height":180,"caption":"Suno Not\u00edcias"},"image":{"@id":"https:\/\/www.suno.com.br\/noticias\/#\/schema\/logo\/image\/"},"sameAs":["https:\/\/facebook.com\/sunoresearch","https:\/\/x.com\/sunoresearch","https:\/\/www.instagram.com\/suno","https:\/\/www.linkedin.com\/company\/suno-research\/","https:\/\/www.youtube.com\/c\/sunoresearch"]},{"@type":"Person","@id":"https:\/\/www.suno.com.br\/noticias\/#\/schema\/person\/fc144a1c6108bd1dcd43784e88a3c138","name":"Renan Bandeira","image":{"@type":"ImageObject","inLanguage":"pt-BR","@id":"https:\/\/www.suno.com.br\/noticias\/#\/schema\/person\/image\/","url":"https:\/\/secure.gravatar.com\/avatar\/68359cdb608f14f11bbefcb78f3fc747?s=96&r=g","contentUrl":"https:\/\/secure.gravatar.com\/avatar\/68359cdb608f14f11bbefcb78f3fc747?s=96&r=g","caption":"Renan Bandeira"},"description":"Renan Bandeira escreve sobre pol\u00edtica e economia para o portal da Suno Research. Antes da Suno, trabalhou em uma rede de televis\u00e3o, onde fazia reportagens sobre os mesmos temas. Estuda na Universidade Metodista de S\u00e3o Paulo.","url":"https:\/\/www.suno.com.br\/noticias\/author\/renan-bandeira\/"}]}},"default_loop_html":"<div class=\"cardsPage__listCard__boxs\"><div class=\"cardsPage__listCard__boxs__img\"><a href=\"https:\/\/www.suno.com.br\/noticias\/vale-retomar-operacoes-brucutu\/\"><img class=\"mask\" src=\"https:\/\/www.suno.com.br\/noticias\/wp-content\/themes\/suno\/resources\/images\/spotlight\/spotlight1img\/bg-mask.png\" alt=\"Image Mask\"\/><img src=\"https:\/\/files.sunoresearch.com.br\/n\/uploads\/2019\/05\/2deb5387-vale-e1559314192166-400x200.webp\" alt=\"Vale vai retomar opera\u00e7\u00f5es da mina de Brucutu em 72 horas\"\/><\/a><span class=\"spotlightCategory\"><a href=\"https:\/\/www.suno.com.br\/noticias\/negocios\/\">Neg\u00f3cios<\/a><\/span><\/div><div class=\"cardsPage__listCard__boxs__content\"><a href=\"https:\/\/www.suno.com.br\/noticias\/vale-retomar-operacoes-brucutu\/\"><h2 class=\"content__title\">Vale vai retomar opera\u00e7\u00f5es da mina de Brucutu em 72 horas<\/h2><\/a><div class=\"newsContent__article__meta\"><div class=\"newsContent__article__meta__authorBox\"><a href=\"https:\/\/www.suno.com.br\/noticias\/author\/renan-bandeira\/\" class=\"authorBox__avatar noMobi\"><img src=\"https:\/\/secure.gravatar.com\/avatar\/68359cdb608f14f11bbefcb78f3fc747?s=96&#038;r=g\" alt=\"Renan Bandeira\"><\/a><div class=\"authorBox__name\"><span>por\n\t\t\t<a href=\"https:\/\/www.suno.com.br\/noticias\/author\/renan-bandeira\/\"><span itemprop=\"author\">Renan Bandeira<\/span><\/a><\/span><time datetime=\"2019-06-19T10:52:33-03:00\" itemprop=\"datePublished\">19\/06\/2019 10:52<\/time><\/div><\/div><\/div><\/div><\/div>","single_layout":"posts","amp_enabled":true,"_links":{"self":[{"href":"https:\/\/www.suno.com.br\/noticias\/wp-json\/wp\/v2\/posts\/28600"}],"collection":[{"href":"https:\/\/www.suno.com.br\/noticias\/wp-json\/wp\/v2\/posts"}],"about":[{"href":"https:\/\/www.suno.com.br\/noticias\/wp-json\/wp\/v2\/types\/post"}],"author":[{"embeddable":true,"href":"https:\/\/www.suno.com.br\/noticias\/wp-json\/wp\/v2\/users\/11"}],"replies":[{"embeddable":true,"href":"https:\/\/www.suno.com.br\/noticias\/wp-json\/wp\/v2\/comments?post=28600"}],"version-history":[{"count":0,"href":"https:\/\/www.suno.com.br\/noticias\/wp-json\/wp\/v2\/posts\/28600\/revisions"}],"wp:featuredmedia":[{"embeddable":true,"href":"https:\/\/www.suno.com.br\/noticias\/wp-json\/wp\/v2\/media\/26757"}],"wp:attachment":[{"href":"https:\/\/www.suno.com.br\/noticias\/wp-json\/wp\/v2\/media?parent=28600"}],"wp:term":[{"taxonomy":"category","embeddable":true,"href":"https:\/\/www.suno.com.br\/noticias\/wp-json\/wp\/v2\/categories?post=28600"},{"taxonomy":"post_tag","embeddable":true,"href":"https:\/\/www.suno.com.br\/noticias\/wp-json\/wp\/v2\/tags?post=28600"},{"taxonomy":"suno_strategy","embeddable":true,"href":"https:\/\/www.suno.com.br\/noticias\/wp-json\/wp\/v2\/suno_strategy?post=28600"}],"curies":[{"name":"wp","href":"https:\/\/api.w.org\/{rel}","templated":true}]}}