{"id":28598,"date":"2019-06-19T10:52:22","date_gmt":"2019-06-19T13:52:22","guid":{"rendered":"https:\/\/www.suno.com.br\/noticias\/?p=28598"},"modified":"2019-06-19T10:52:22","modified_gmt":"2019-06-19T13:52:22","slug":"china-eua-guerra-comercial-2","status":"publish","type":"post","link":"https:\/\/www.suno.com.br\/noticias\/china-eua-guerra-comercial-2\/","title":{"rendered":"China est\u00e1 otimista com a retomada das negocia\u00e7\u00f5es com os EUA"},"content":{"rendered":"<p>A China afirmou que est\u00e1 otimista com a retomada das negocia\u00e7\u00f5es entre o pa\u00eds e os <strong>Estados Unidos<\/strong>. O encontro entre as duas maiores economias do mundo ser\u00e1 feita no <strong><a href=\"https:\/\/www.suno.com.br\/artigos\/g20\/\">G20<\/a><\/strong>, no<strong> Jap\u00e3o<\/strong>. O an\u00fancio foi feito nesta quarta-feira (19) pelo porta-voz do <strong>Minist\u00e9rio das Rela\u00e7\u00f5es Exteriores<\/strong> da China, <strong>Lu Kang<\/strong>.<\/p>\t<div class=\"wrapper-featured-image\">\n\t\t<figure class=\"spotlightImg\">\n\n\t\t\t<picture>\n\t\t\t\t<source media=\"(max-width: 768px)\" srcset=\"https:\/\/files.sunoresearch.com.br\/n\/uploads\/2019\/05\/2fe02260-donald_trump_ao_lado_de_xi_jinping_em_novembro_de_2017-e1557585582927-jpg.webp\">\n\t\t\t\t<img loading=\"lazy\" decoding=\"async\" class=\"newsContent__article__imgCapa lazyloadDisabled newsContent__article__imgCapa--noCaption\" src=\"https:\/\/files.sunoresearch.com.br\/n\/uploads\/2019\/05\/2fe02260-donald_trump_ao_lado_de_xi_jinping_em_novembro_de_2017-e1557585582927-jpg.webp\" width=\"800\" height=\"450\" alt=\"China est\u00e1 otimista com a retomada das negocia\u00e7\u00f5es com os EUA\" fetchpriority=high \/>\n\t\t\t<\/picture>\n\n\t\t\t<figcaption class=\"wp-caption-text wp-caption-text--hide\"><\/figcaption>\n\t\t<\/figure>\n\t<\/div>\n\n\n<p>Na \u00faltima ter\u00e7a-feira (18), o presidente<strong><a href=\"https:\/\/www.suno.com.br\/tudo-sobre\/donald-trump\/\"> Donald Trump<\/a><\/strong> afirmou que conversou por telefone com o presidente da <strong>China Xi Jinping<\/strong> e classificou a conversa como &#8220;muito boa&#8221;.<\/p>\n<p>O porta-voz afirma que a hist\u00f3ria mostra ser poss\u00edvel um resultado positivo nas negocia\u00e7\u00f5es. &#8220;N\u00e3o estou me adiantando, mas a comunica\u00e7\u00e3o ao longo de quatro d\u00e9cadas mostra que \u00e9 poss\u00edvel alcan\u00e7ar <strong>resultados positivos<\/strong>&#8220;, disse <strong>Kang<\/strong> em uma entrevista coletiva.<\/p>\n<p>&#8220;Os dois l\u00edderes v\u00e3o falar sobre o que quiserem. Um acordo n\u00e3o \u00e9 apenas do interesse dos dois povos, mas atende \u00e0s aspira\u00e7\u00f5es de todo o mundo&#8221;, completa o porta-voz.<\/p>\n\t<p>\n\t\t<a href=\"https:\/\/lp.suno.com.br\/ebook-guia-ir\/\" target=\"_blank\" data-element=\"shortcode-suno-banner\" title=\"Banner SUNO, clique e saiba mais\">\n\t\t\t<picture>\n\t\t\t\t<source media=\"(max-width: 500px)\" srcset=\"https:\/\/files.sunoresearch.com.br\/n\/uploads\/2023\/03\/400x300-Ebook-IR.png\">\n\t\t\t\t<img class=\"newsContent__article__imgCapa newsContent__article__imgCapa--banner\"\n\t\t\t\t\tsrc=\"https:\/\/files.sunoresearch.com.br\/n\/uploads\/2023\/03\/1420x240-Ebook-IR.png\"\n\t\t\t\t\tdata-promo-id=\"383124\"\t\t\t\t\t\t\t\t\t\twidth='1420' height='240'\t\t\t\t\talt=\"https:\/\/files.sunoresearch.com.br\/n\/uploads\/2023\/03\/1420x240-Ebook-IR.png\"\n\t\t\t\t>\n\t\t\t<\/picture>\n\t\t<\/a>\n\t<\/p>\n\n\n<h2>Negocia\u00e7\u00f5es<\/h2>\n<p>Ap\u00f3s a conversa por telefone com o <strong>presidente da China, Trump<\/strong> publicou em sua conta no Twitter que o di\u00e1logo foi muito bom.<\/p>\n<p><a href=\"\/\/www.suno.com.br\/noticias\/donald-trump-negociacoes-china\/\">Saiba Mais:\u00a0Donald Trump afirma que negocia\u00e7\u00f5es com a China retornar\u00e3o no G20<\/a><\/p>\n<p>&#8220;Tive uma conversa por telefone muito boa com o<strong> presidente Xi<\/strong>, da <strong>China<\/strong>. N\u00f3s teremos uma reuni\u00e3o na pr\u00f3xima semana no<strong> G20<\/strong>, no<strong> Jap\u00e3o<\/strong>. Nossas equipes v\u00e3o retomar as <strong>negocia\u00e7\u00f5es<\/strong> antes do nosso encontro&#8221;, disse o <strong>presidente norte-americano<\/strong>.<\/p>\n<p>O \u00faltimo encontro entre os presidentes foi feito em dezembro do ano passado, no encontro do <strong>G20<\/strong> na <strong>Argentina<\/strong>.<\/p>\n\t<p>\n\t\t<a href=\"https:\/\/lp.statusinvest.com.br\/ao\/assessoria-status-invest\/\" target=\"_blank\" data-element=\"shortcode-suno-banner\" title=\"Banner SUNO, clique e saiba mais\">\n\t\t\t<picture>\n\t\t\t\t<source media=\"(max-width: 500px)\" srcset=\"https:\/\/files.sunoresearch.com.br\/n\/uploads\/2024\/03\/400x300-Mobile-1.png\">\n\t\t\t\t<img class=\"newsContent__article__imgCapa newsContent__article__imgCapa--banner\"\n\t\t\t\t\tsrc=\"https:\/\/files.sunoresearch.com.br\/n\/uploads\/2024\/03\/1420-x-240-Desktop.png\"\n\t\t\t\t\tdata-promo-id=\"537299\"\t\t\t\t\t\t\t\t\t\twidth='1420' height='250'\t\t\t\t\talt=\"https:\/\/files.sunoresearch.com.br\/n\/uploads\/2024\/03\/1420-x-240-Desktop.png\"\n\t\t\t\t>\n\t\t\t<\/picture>\n\t\t<\/a>\n\t<\/p>\n\n\n<h2>Guerra comercial<\/h2>\n<p>A <strong><a href=\"https:\/\/www.suno.com.br\/artigos\/a-guerra-comercial\/\">guerra comercial<\/a><\/strong> teve inicio no dia 10 de maio deste ano, depois do presidente americano colocar em vigor o aumento nas<strong> tarifas alfandeg\u00e1rias<\/strong> sobre os <strong><a href=\"https:\/\/www.suno.com.br\/artigos\/imposto-sobre-importacao\/\">produtos importados<\/a><\/strong> chineses. Por sua vez, no dia 13 de maio, a <strong>China<\/strong> aumentou as taxas sobre US$ 60 bilh\u00f5es nos produtos norte-americano.<\/p>\n<p><a href=\"\/\/www.suno.com.br\/noticias\/guerra-comercial-reduzir-pib-2020\/\">Saiba Mais:\u00a0Guerra comercial pode reduzir o PIB global em 0,5% em 2020, afirma FMI<\/a><\/p>\n<p>Um m\u00eas ap\u00f3s aplicar o aumento, <strong>Trump<\/strong> retornou a fazer amea\u00e7as de novas tarifas sobre os produtos chineses. Ao ser perguntado se iria impor mais tarifas \u00e0 China.<strong> Donald Trump<\/strong> respondeu que caso n\u00e3o encontrasse o presidente da <strong>China<\/strong> no <strong>G20<\/strong> que &#8220;sim, faria isso&#8221;.<\/p>\n","protected":false},"excerpt":{"rendered":"<p>A China afirmou que est\u00e1 otimista com a retomada das negocia\u00e7\u00f5es entre o pa\u00eds e os Estados Unidos. O encontro entre as duas maiores economias do mundo ser\u00e1 feita no G20, no Jap\u00e3o. O an\u00fancio foi feito nesta quarta-feira (19) pelo porta-voz do Minist\u00e9rio das Rela\u00e7\u00f5es Exteriores da China, Lu Kang. Na \u00faltima ter\u00e7a-feira (18), [&hellip;]<\/p>\n","protected":false},"author":15,"featured_media":24210,"comment_status":"closed","ping_status":"closed","sticky":false,"template":"","format":"standard","meta":[],"categories":[63],"tags":[711,793],"suno_strategy":[],"class_list":["post-28598","post","type-post","status-publish","format-standard","has-post-thumbnail","hentry","category-internacional","tag-china","tag-estados-unidos-eua"],"yoast_head":"<!-- This site is optimized with the Yoast SEO plugin v24.4 - https:\/\/yoast.com\/wordpress\/plugins\/seo\/ -->\n<title>China est\u00e1 otimista com a retomada das negocia\u00e7\u00f5es com os EUA<\/title>\n<meta name=\"description\" content=\"Nesta quarta (19), China se diz otimista a retomada das negocia\u00e7\u00f5es com os EUA que ocorrer\u00e1 pr\u00f3ximo ao G20, no Jap\u00e3o. Clique aqui\" \/>\n<meta name=\"robots\" content=\"index, follow, max-snippet:-1, max-image-preview:large, max-video-preview:-1\" \/>\n<link rel=\"canonical\" href=\"https:\/\/www.suno.com.br\/noticias\/china-eua-guerra-comercial-2\/\" \/>\n<meta property=\"og:locale\" content=\"pt_BR\" \/>\n<meta property=\"og:type\" content=\"article\" \/>\n<meta property=\"og:title\" content=\"China est\u00e1 otimista com a retomada das negocia\u00e7\u00f5es com os EUA\" \/>\n<meta property=\"og:description\" content=\"Nesta quarta (19), China se diz otimista a retomada das negocia\u00e7\u00f5es com os EUA que ocorrer\u00e1 pr\u00f3ximo ao G20, no Jap\u00e3o. Clique aqui\" \/>\n<meta property=\"og:url\" content=\"https:\/\/www.suno.com.br\/noticias\/china-eua-guerra-comercial-2\/\" \/>\n<meta property=\"og:site_name\" content=\"Suno Not\u00edcias\" \/>\n<meta property=\"article:publisher\" content=\"https:\/\/facebook.com\/sunoresearch\" \/>\n<meta property=\"og:image\" content=\"https:\/\/files.sunoresearch.com.br\/n\/uploads\/2019\/05\/2fe02260-donald_trump_ao_lado_de_xi_jinping_em_novembro_de_2017-e1557585582927.jpg\" \/>\n\t<meta property=\"og:image:width\" content=\"380\" \/>\n\t<meta property=\"og:image:height\" content=\"277\" \/>\n\t<meta property=\"og:image:type\" content=\"image\/jpeg\" \/>\n<meta name=\"author\" content=\"Poliana Santos\" \/>\n<meta name=\"twitter:card\" content=\"summary_large_image\" \/>\n<meta name=\"twitter:creator\" content=\"@sunoresearch\" \/>\n<meta name=\"twitter:site\" content=\"@sunoresearch\" \/>\n<meta name=\"twitter:label1\" content=\"Escrito por\" \/>\n\t<meta name=\"twitter:data1\" content=\"Poliana Santos\" \/>\n\t<meta name=\"twitter:label2\" content=\"Est. tempo de leitura\" \/>\n\t<meta name=\"twitter:data2\" content=\"2 minutos\" \/>\n<script type=\"application\/ld+json\" class=\"yoast-schema-graph\">{\"@context\":\"https:\/\/schema.org\",\"@graph\":[{\"@type\":\"NewsArticle\",\"@id\":\"https:\/\/www.suno.com.br\/noticias\/china-eua-guerra-comercial-2\/#article\",\"isPartOf\":{\"@id\":\"https:\/\/www.suno.com.br\/noticias\/china-eua-guerra-comercial-2\/\"},\"author\":{\"name\":\"Poliana Santos\",\"@id\":\"https:\/\/www.suno.com.br\/noticias\/#\/schema\/person\/02ec1f752758247878a2bf4abee1aeda\"},\"headline\":\"China est\u00e1 otimista com a retomada das negocia\u00e7\u00f5es com os EUA\",\"datePublished\":\"2019-06-19T13:52:22+00:00\",\"mainEntityOfPage\":{\"@id\":\"https:\/\/www.suno.com.br\/noticias\/china-eua-guerra-comercial-2\/\"},\"wordCount\":396,\"publisher\":{\"@id\":\"https:\/\/www.suno.com.br\/noticias\/#organization\"},\"image\":{\"@id\":\"https:\/\/www.suno.com.br\/noticias\/china-eua-guerra-comercial-2\/#primaryimage\"},\"thumbnailUrl\":\"https:\/\/files.sunoresearch.com.br\/n\/uploads\/2019\/05\/2fe02260-donald_trump_ao_lado_de_xi_jinping_em_novembro_de_2017-e1557585582927-jpg.webp\",\"keywords\":[\"China\",\"Estados Unidos (EUA)\"],\"articleSection\":[\"Internacional\"],\"inLanguage\":\"pt-BR\"},{\"@type\":\"WebPage\",\"@id\":\"https:\/\/www.suno.com.br\/noticias\/china-eua-guerra-comercial-2\/\",\"url\":\"https:\/\/www.suno.com.br\/noticias\/china-eua-guerra-comercial-2\/\",\"name\":\"China est\u00e1 otimista com a retomada das negocia\u00e7\u00f5es com os EUA\",\"isPartOf\":{\"@id\":\"https:\/\/www.suno.com.br\/noticias\/#website\"},\"primaryImageOfPage\":{\"@id\":\"https:\/\/www.suno.com.br\/noticias\/china-eua-guerra-comercial-2\/#primaryimage\"},\"image\":{\"@id\":\"https:\/\/www.suno.com.br\/noticias\/china-eua-guerra-comercial-2\/#primaryimage\"},\"thumbnailUrl\":\"https:\/\/files.sunoresearch.com.br\/n\/uploads\/2019\/05\/2fe02260-donald_trump_ao_lado_de_xi_jinping_em_novembro_de_2017-e1557585582927-jpg.webp\",\"datePublished\":\"2019-06-19T13:52:22+00:00\",\"description\":\"Nesta quarta (19), China se diz otimista a retomada das negocia\u00e7\u00f5es com os EUA que ocorrer\u00e1 pr\u00f3ximo ao G20, no Jap\u00e3o. Clique aqui\",\"breadcrumb\":{\"@id\":\"https:\/\/www.suno.com.br\/noticias\/china-eua-guerra-comercial-2\/#breadcrumb\"},\"inLanguage\":\"pt-BR\",\"potentialAction\":[{\"@type\":\"ReadAction\",\"target\":[\"https:\/\/www.suno.com.br\/noticias\/china-eua-guerra-comercial-2\/\"]}]},{\"@type\":\"ImageObject\",\"inLanguage\":\"pt-BR\",\"@id\":\"https:\/\/www.suno.com.br\/noticias\/china-eua-guerra-comercial-2\/#primaryimage\",\"url\":\"https:\/\/files.sunoresearch.com.br\/n\/uploads\/2019\/05\/2fe02260-donald_trump_ao_lado_de_xi_jinping_em_novembro_de_2017-e1557585582927-jpg.webp\",\"contentUrl\":\"https:\/\/files.sunoresearch.com.br\/n\/uploads\/2019\/05\/2fe02260-donald_trump_ao_lado_de_xi_jinping_em_novembro_de_2017-e1557585582927-jpg.webp\",\"width\":380,\"height\":277,\"caption\":\"Ibovespa\"},{\"@type\":\"BreadcrumbList\",\"@id\":\"https:\/\/www.suno.com.br\/noticias\/china-eua-guerra-comercial-2\/#breadcrumb\",\"itemListElement\":[{\"@type\":\"ListItem\",\"position\":1,\"name\":\"Not\u00edcias\",\"item\":\"https:\/\/www.suno.com.br\/noticias\/\"},{\"@type\":\"ListItem\",\"position\":2,\"name\":\"Internacional\",\"item\":\"https:\/\/www.suno.com.br\/noticias\/internacional\/\"},{\"@type\":\"ListItem\",\"position\":3,\"name\":\"China est\u00e1 otimista com a retomada das negocia\u00e7\u00f5es com os EUA\"}]},{\"@type\":\"WebSite\",\"@id\":\"https:\/\/www.suno.com.br\/noticias\/#website\",\"url\":\"https:\/\/www.suno.com.br\/noticias\/\",\"name\":\"Suno Not\u00edcias\",\"description\":\"Seu portal de informa\u00e7\u00e3o sobre o mundo dos investimentos\",\"publisher\":{\"@id\":\"https:\/\/www.suno.com.br\/noticias\/#organization\"},\"potentialAction\":[{\"@type\":\"SearchAction\",\"target\":{\"@type\":\"EntryPoint\",\"urlTemplate\":\"https:\/\/www.suno.com.br\/noticias\/?s={search_term_string}\"},\"query-input\":{\"@type\":\"PropertyValueSpecification\",\"valueRequired\":true,\"valueName\":\"search_term_string\"}}],\"inLanguage\":\"pt-BR\"},{\"@type\":\"Organization\",\"@id\":\"https:\/\/www.suno.com.br\/noticias\/#organization\",\"name\":\"Suno Not\u00edcias\",\"url\":\"https:\/\/www.suno.com.br\/noticias\/\",\"logo\":{\"@type\":\"ImageObject\",\"inLanguage\":\"pt-BR\",\"@id\":\"https:\/\/www.suno.com.br\/noticias\/#\/schema\/logo\/image\/\",\"url\":\"https:\/\/files.sunoresearch.com.br\/n\/uploads\/2021\/09\/suno-logo.png\",\"contentUrl\":\"https:\/\/files.sunoresearch.com.br\/n\/uploads\/2021\/09\/suno-logo.png\",\"width\":180,\"height\":180,\"caption\":\"Suno Not\u00edcias\"},\"image\":{\"@id\":\"https:\/\/www.suno.com.br\/noticias\/#\/schema\/logo\/image\/\"},\"sameAs\":[\"https:\/\/facebook.com\/sunoresearch\",\"https:\/\/x.com\/sunoresearch\",\"https:\/\/www.instagram.com\/suno\",\"https:\/\/www.linkedin.com\/company\/suno-research\/\",\"https:\/\/www.youtube.com\/c\/sunoresearch\"]},{\"@type\":\"Person\",\"@id\":\"https:\/\/www.suno.com.br\/noticias\/#\/schema\/person\/02ec1f752758247878a2bf4abee1aeda\",\"name\":\"Poliana Santos\",\"image\":{\"@type\":\"ImageObject\",\"inLanguage\":\"pt-BR\",\"@id\":\"https:\/\/www.suno.com.br\/noticias\/#\/schema\/person\/image\/\",\"url\":\"https:\/\/secure.gravatar.com\/avatar\/0645bd32f23d87b2130f2b2dff1d3f8d?s=96&r=g\",\"contentUrl\":\"https:\/\/secure.gravatar.com\/avatar\/0645bd32f23d87b2130f2b2dff1d3f8d?s=96&r=g\",\"caption\":\"Poliana Santos\"},\"description\":\"Rep\u00f3rter no Suno Not\u00edcias, com cobertura em mercado financeiro, economia, finan\u00e7as pessoais, renda fixa e varejo. Jornalista formada pela Faculdade C\u00e1sper L\u00edbero e possui passagem na R\u00e1dio Gazeta AM com a produ\u00e7\u00e3o de conte\u00fado sobre economia, pol\u00edtica, sa\u00fade, moda e m\u00fasica. Possui certificado de conclus\u00e3o do curso de An\u00e1lise de Balan\u00e7os pela Funda\u00e7\u00e3o Bradesco, Agenda Brasil pela FAAP, Educa\u00e7\u00e3o Pol\u00edtica por Alexandre Garcia e do Tesouro Direto e Mercado de A\u00e7\u00f5es pela B3.\",\"url\":\"https:\/\/www.suno.com.br\/noticias\/author\/poliana-santos\/\"}]}<\/script>\n<!-- \/ Yoast SEO plugin. -->","yoast_head_json":{"title":"China est\u00e1 otimista com a retomada das negocia\u00e7\u00f5es com os EUA","description":"Nesta quarta (19), China se diz otimista a retomada das negocia\u00e7\u00f5es com os EUA que ocorrer\u00e1 pr\u00f3ximo ao G20, no Jap\u00e3o. Clique aqui","robots":{"index":"index","follow":"follow","max-snippet":"max-snippet:-1","max-image-preview":"max-image-preview:large","max-video-preview":"max-video-preview:-1"},"canonical":"https:\/\/www.suno.com.br\/noticias\/china-eua-guerra-comercial-2\/","og_locale":"pt_BR","og_type":"article","og_title":"China est\u00e1 otimista com a retomada das negocia\u00e7\u00f5es com os EUA","og_description":"Nesta quarta (19), China se diz otimista a retomada das negocia\u00e7\u00f5es com os EUA que ocorrer\u00e1 pr\u00f3ximo ao G20, no Jap\u00e3o. Clique aqui","og_url":"https:\/\/www.suno.com.br\/noticias\/china-eua-guerra-comercial-2\/","og_site_name":"Suno Not\u00edcias","article_publisher":"https:\/\/facebook.com\/sunoresearch","og_image":[{"width":380,"height":277,"url":"https:\/\/files.sunoresearch.com.br\/n\/uploads\/2019\/05\/2fe02260-donald_trump_ao_lado_de_xi_jinping_em_novembro_de_2017-e1557585582927.jpg","type":"image\/jpeg"}],"author":"Poliana Santos","twitter_card":"summary_large_image","twitter_creator":"@sunoresearch","twitter_site":"@sunoresearch","twitter_misc":{"Escrito por":"Poliana Santos","Est. tempo de leitura":"2 minutos"},"schema":{"@context":"https:\/\/schema.org","@graph":[{"@type":"NewsArticle","@id":"https:\/\/www.suno.com.br\/noticias\/china-eua-guerra-comercial-2\/#article","isPartOf":{"@id":"https:\/\/www.suno.com.br\/noticias\/china-eua-guerra-comercial-2\/"},"author":{"name":"Poliana Santos","@id":"https:\/\/www.suno.com.br\/noticias\/#\/schema\/person\/02ec1f752758247878a2bf4abee1aeda"},"headline":"China est\u00e1 otimista com a retomada das negocia\u00e7\u00f5es com os EUA","datePublished":"2019-06-19T13:52:22+00:00","mainEntityOfPage":{"@id":"https:\/\/www.suno.com.br\/noticias\/china-eua-guerra-comercial-2\/"},"wordCount":396,"publisher":{"@id":"https:\/\/www.suno.com.br\/noticias\/#organization"},"image":{"@id":"https:\/\/www.suno.com.br\/noticias\/china-eua-guerra-comercial-2\/#primaryimage"},"thumbnailUrl":"https:\/\/files.sunoresearch.com.br\/n\/uploads\/2019\/05\/2fe02260-donald_trump_ao_lado_de_xi_jinping_em_novembro_de_2017-e1557585582927-jpg.webp","keywords":["China","Estados Unidos (EUA)"],"articleSection":["Internacional"],"inLanguage":"pt-BR"},{"@type":"WebPage","@id":"https:\/\/www.suno.com.br\/noticias\/china-eua-guerra-comercial-2\/","url":"https:\/\/www.suno.com.br\/noticias\/china-eua-guerra-comercial-2\/","name":"China est\u00e1 otimista com a retomada das negocia\u00e7\u00f5es com os EUA","isPartOf":{"@id":"https:\/\/www.suno.com.br\/noticias\/#website"},"primaryImageOfPage":{"@id":"https:\/\/www.suno.com.br\/noticias\/china-eua-guerra-comercial-2\/#primaryimage"},"image":{"@id":"https:\/\/www.suno.com.br\/noticias\/china-eua-guerra-comercial-2\/#primaryimage"},"thumbnailUrl":"https:\/\/files.sunoresearch.com.br\/n\/uploads\/2019\/05\/2fe02260-donald_trump_ao_lado_de_xi_jinping_em_novembro_de_2017-e1557585582927-jpg.webp","datePublished":"2019-06-19T13:52:22+00:00","description":"Nesta quarta (19), China se diz otimista a retomada das negocia\u00e7\u00f5es com os EUA que ocorrer\u00e1 pr\u00f3ximo ao G20, no Jap\u00e3o. Clique aqui","breadcrumb":{"@id":"https:\/\/www.suno.com.br\/noticias\/china-eua-guerra-comercial-2\/#breadcrumb"},"inLanguage":"pt-BR","potentialAction":[{"@type":"ReadAction","target":["https:\/\/www.suno.com.br\/noticias\/china-eua-guerra-comercial-2\/"]}]},{"@type":"ImageObject","inLanguage":"pt-BR","@id":"https:\/\/www.suno.com.br\/noticias\/china-eua-guerra-comercial-2\/#primaryimage","url":"https:\/\/files.sunoresearch.com.br\/n\/uploads\/2019\/05\/2fe02260-donald_trump_ao_lado_de_xi_jinping_em_novembro_de_2017-e1557585582927-jpg.webp","contentUrl":"https:\/\/files.sunoresearch.com.br\/n\/uploads\/2019\/05\/2fe02260-donald_trump_ao_lado_de_xi_jinping_em_novembro_de_2017-e1557585582927-jpg.webp","width":380,"height":277,"caption":"Ibovespa"},{"@type":"BreadcrumbList","@id":"https:\/\/www.suno.com.br\/noticias\/china-eua-guerra-comercial-2\/#breadcrumb","itemListElement":[{"@type":"ListItem","position":1,"name":"Not\u00edcias","item":"https:\/\/www.suno.com.br\/noticias\/"},{"@type":"ListItem","position":2,"name":"Internacional","item":"https:\/\/www.suno.com.br\/noticias\/internacional\/"},{"@type":"ListItem","position":3,"name":"China est\u00e1 otimista com a retomada das negocia\u00e7\u00f5es com os EUA"}]},{"@type":"WebSite","@id":"https:\/\/www.suno.com.br\/noticias\/#website","url":"https:\/\/www.suno.com.br\/noticias\/","name":"Suno Not\u00edcias","description":"Seu portal de informa\u00e7\u00e3o sobre o mundo dos investimentos","publisher":{"@id":"https:\/\/www.suno.com.br\/noticias\/#organization"},"potentialAction":[{"@type":"SearchAction","target":{"@type":"EntryPoint","urlTemplate":"https:\/\/www.suno.com.br\/noticias\/?s={search_term_string}"},"query-input":{"@type":"PropertyValueSpecification","valueRequired":true,"valueName":"search_term_string"}}],"inLanguage":"pt-BR"},{"@type":"Organization","@id":"https:\/\/www.suno.com.br\/noticias\/#organization","name":"Suno Not\u00edcias","url":"https:\/\/www.suno.com.br\/noticias\/","logo":{"@type":"ImageObject","inLanguage":"pt-BR","@id":"https:\/\/www.suno.com.br\/noticias\/#\/schema\/logo\/image\/","url":"https:\/\/files.sunoresearch.com.br\/n\/uploads\/2021\/09\/suno-logo.png","contentUrl":"https:\/\/files.sunoresearch.com.br\/n\/uploads\/2021\/09\/suno-logo.png","width":180,"height":180,"caption":"Suno Not\u00edcias"},"image":{"@id":"https:\/\/www.suno.com.br\/noticias\/#\/schema\/logo\/image\/"},"sameAs":["https:\/\/facebook.com\/sunoresearch","https:\/\/x.com\/sunoresearch","https:\/\/www.instagram.com\/suno","https:\/\/www.linkedin.com\/company\/suno-research\/","https:\/\/www.youtube.com\/c\/sunoresearch"]},{"@type":"Person","@id":"https:\/\/www.suno.com.br\/noticias\/#\/schema\/person\/02ec1f752758247878a2bf4abee1aeda","name":"Poliana Santos","image":{"@type":"ImageObject","inLanguage":"pt-BR","@id":"https:\/\/www.suno.com.br\/noticias\/#\/schema\/person\/image\/","url":"https:\/\/secure.gravatar.com\/avatar\/0645bd32f23d87b2130f2b2dff1d3f8d?s=96&r=g","contentUrl":"https:\/\/secure.gravatar.com\/avatar\/0645bd32f23d87b2130f2b2dff1d3f8d?s=96&r=g","caption":"Poliana Santos"},"description":"Rep\u00f3rter no Suno Not\u00edcias, com cobertura em mercado financeiro, economia, finan\u00e7as pessoais, renda fixa e varejo. Jornalista formada pela Faculdade C\u00e1sper L\u00edbero e possui passagem na R\u00e1dio Gazeta AM com a produ\u00e7\u00e3o de conte\u00fado sobre economia, pol\u00edtica, sa\u00fade, moda e m\u00fasica. Possui certificado de conclus\u00e3o do curso de An\u00e1lise de Balan\u00e7os pela Funda\u00e7\u00e3o Bradesco, Agenda Brasil pela FAAP, Educa\u00e7\u00e3o Pol\u00edtica por Alexandre Garcia e do Tesouro Direto e Mercado de A\u00e7\u00f5es pela B3.","url":"https:\/\/www.suno.com.br\/noticias\/author\/poliana-santos\/"}]}},"default_loop_html":"<div class=\"cardsPage__listCard__boxs\"><div class=\"cardsPage__listCard__boxs__img\"><a href=\"https:\/\/www.suno.com.br\/noticias\/china-eua-guerra-comercial-2\/\"><img class=\"mask\" src=\"https:\/\/www.suno.com.br\/noticias\/wp-content\/themes\/suno\/resources\/images\/spotlight\/spotlight1img\/bg-mask.png\" alt=\"Image Mask\"\/><img src=\"https:\/\/files.sunoresearch.com.br\/n\/uploads\/2019\/05\/2fe02260-donald_trump_ao_lado_de_xi_jinping_em_novembro_de_2017-e1557585582927-jpg.webp\" alt=\"China est\u00e1 otimista com a retomada das negocia\u00e7\u00f5es com os EUA\"\/><\/a><span class=\"spotlightCategory\"><a href=\"https:\/\/www.suno.com.br\/noticias\/internacional\/\">Internacional<\/a><\/span><\/div><div class=\"cardsPage__listCard__boxs__content\"><a href=\"https:\/\/www.suno.com.br\/noticias\/china-eua-guerra-comercial-2\/\"><h2 class=\"content__title\">China est\u00e1 otimista com a retomada das negocia\u00e7\u00f5es com os EUA<\/h2><\/a><div class=\"newsContent__article__meta\"><div class=\"newsContent__article__meta__authorBox\"><a href=\"https:\/\/www.suno.com.br\/noticias\/author\/poliana-santos\/\" class=\"authorBox__avatar noMobi\"><img src=\"https:\/\/files.sunoresearch.com.br\/n\/uploads\/2020\/08\/7ef34026-whatsapp-image-2020-08-03-at-12.37.57-150x150.webp\" alt=\"Poliana Santos\"><\/a><div class=\"authorBox__name\"><span>por\n\t\t\t<a href=\"https:\/\/www.suno.com.br\/noticias\/author\/poliana-santos\/\"><span itemprop=\"author\">Poliana Santos<\/span><\/a><\/span><time datetime=\"2019-06-19T10:52:22-03:00\" itemprop=\"datePublished\">19\/06\/2019 10:52<\/time><\/div><\/div><\/div><\/div><\/div>","single_layout":"posts","amp_enabled":true,"_links":{"self":[{"href":"https:\/\/www.suno.com.br\/noticias\/wp-json\/wp\/v2\/posts\/28598"}],"collection":[{"href":"https:\/\/www.suno.com.br\/noticias\/wp-json\/wp\/v2\/posts"}],"about":[{"href":"https:\/\/www.suno.com.br\/noticias\/wp-json\/wp\/v2\/types\/post"}],"author":[{"embeddable":true,"href":"https:\/\/www.suno.com.br\/noticias\/wp-json\/wp\/v2\/users\/15"}],"replies":[{"embeddable":true,"href":"https:\/\/www.suno.com.br\/noticias\/wp-json\/wp\/v2\/comments?post=28598"}],"version-history":[{"count":0,"href":"https:\/\/www.suno.com.br\/noticias\/wp-json\/wp\/v2\/posts\/28598\/revisions"}],"wp:featuredmedia":[{"embeddable":true,"href":"https:\/\/www.suno.com.br\/noticias\/wp-json\/wp\/v2\/media\/24210"}],"wp:attachment":[{"href":"https:\/\/www.suno.com.br\/noticias\/wp-json\/wp\/v2\/media?parent=28598"}],"wp:term":[{"taxonomy":"category","embeddable":true,"href":"https:\/\/www.suno.com.br\/noticias\/wp-json\/wp\/v2\/categories?post=28598"},{"taxonomy":"post_tag","embeddable":true,"href":"https:\/\/www.suno.com.br\/noticias\/wp-json\/wp\/v2\/tags?post=28598"},{"taxonomy":"suno_strategy","embeddable":true,"href":"https:\/\/www.suno.com.br\/noticias\/wp-json\/wp\/v2\/suno_strategy?post=28598"}],"curies":[{"name":"wp","href":"https:\/\/api.w.org\/{rel}","templated":true}]}}