{"id":28592,"date":"2019-06-19T10:02:38","date_gmt":"2019-06-19T13:02:38","guid":{"rendered":"https:\/\/www.suno.com.br\/noticias\/?p=28592"},"modified":"2019-06-19T10:02:38","modified_gmt":"2019-06-19T13:02:38","slug":"selic-copom-decide-nesta-quarta","status":"publish","type":"post","link":"https:\/\/www.suno.com.br\/noticias\/selic-copom-decide-nesta-quarta\/","title":{"rendered":"Selic: Copom decide nesta quarta se mant\u00e9m ou n\u00e3o juros em 6,5% ao ano"},"content":{"rendered":"<p>O Comit\u00ea de Pol\u00edtica Monet\u00e1ria do Banco Central (Copom) esta realizando sua quarta reuni\u00e3o de 2019. A reuni\u00e3o foi iniciada na \u00faltima ter\u00e7a-feira (18) e ser\u00e1 conclu\u00edda nesta quarta (19), onde ser\u00e1 apresentada a taxa b\u00e1sica de juros do ano, a Selic, que atualmente est\u00e1 em 6,5%.<\/p>\t<div class=\"wrapper-featured-image\">\n\t\t<figure class=\"spotlightImg\">\n\n\t\t\t<picture>\n\t\t\t\t<source media=\"(max-width: 768px)\" srcset=\"https:\/\/files.sunoresearch.com.br\/n\/uploads\/2019\/06\/abb7f502-selic-400x200.webp\">\n\t\t\t\t<img loading=\"lazy\" decoding=\"async\" class=\"newsContent__article__imgCapa lazyloadDisabled newsContent__article__imgCapa--noCaption\" src=\"https:\/\/files.sunoresearch.com.br\/n\/uploads\/2019\/06\/abb7f502-selic-800x450.webp\" width=\"800\" height=\"450\" alt=\"Selic: Copom decide nesta quarta se mant\u00e9m ou n\u00e3o juros em 6,5% ao ano\" fetchpriority=high \/>\n\t\t\t<\/picture>\n\n\t\t\t<figcaption class=\"wp-caption-text wp-caption-text--hide\">Copom indica &quot;interrup\u00e7\u00e3o&quot; de cortes na taxa Selic.<\/figcaption>\n\t\t<\/figure>\n\t<\/div>\n\n\n<p>O <strong>Copom<\/strong> ir\u00e1 anunciar a decis\u00e3o \u00e0s 18h. Caso seja mantida no mesmo patamar, ser\u00e1 d\u00e9cima manuten\u00e7\u00e3o seguida da taxa <strong>Selic<\/strong>, que est\u00e1 no menor patamar da s\u00e9rie hist\u00f3rica.<\/p>\n\t<p>\n\t\t<a href=\"https:\/\/lp.suno.com.br\/ebook-investindo-em-fiis\/\" target=\"_blank\" data-element=\"shortcode-suno-banner\" title=\"Banner SUNO, clique e saiba mais\">\n\t\t\t<picture>\n\t\t\t\t<source media=\"(max-width: 500px)\" srcset=\"https:\/\/files.sunoresearch.com.br\/n\/uploads\/2023\/03\/Ebook-Fundos-Imobiliarios-Mobile-1.jpg\">\n\t\t\t\t<img class=\"newsContent__article__imgCapa newsContent__article__imgCapa--banner\"\n\t\t\t\t\tsrc=\"https:\/\/files.sunoresearch.com.br\/n\/uploads\/2023\/03\/Ebook-Fundos-Imobiliarios-Desktop-1.jpg\"\n\t\t\t\t\tdata-promo-id=\"313843\"\t\t\t\t\t\t\t\t\t\twidth='1420' height='286'\t\t\t\t\talt=\"https:\/\/files.sunoresearch.com.br\/n\/uploads\/2023\/03\/Ebook-Fundos-Imobiliarios-Desktop-1.jpg\"\n\t\t\t\t>\n\t\t\t<\/picture>\n\t\t<\/a>\n\t<\/p>\n\n\n<p>No \u00faltima segunda-feira (17), o <strong>Banco<\/strong> <strong>Central<\/strong> <strong>(BC)<\/strong>, divulgou o <strong>Boletim<\/strong> <strong>Focus<\/strong> com as previs\u00f5es das institui\u00e7\u00f5es financeiras para a economia nacional.<\/p>\n<p>A taxa Selic foi um dos termos abordados pelos especialistas. De acordo com o Focus, a taxa b\u00e1sica de juros dever\u00e1 ser alterada ainda neste ano passando dos 6,5% para 5,75% ao ano.<\/p>\n<p>No entanto, a queda do juros s\u00f3 deve acontecer a partir de setembro, segundo os economistas consultados pelo Banco Central. Para esta reuni\u00e3o, eles esperam que o Copom mantenha a taxa inalterada.<\/p>\n<p><a href=\"https:\/\/www.suno.com.br\/noticias\/boletim-focus-17062019\/\">Saiba mais:\u00a0Boletim Focus: Previs\u00e3o do PIB \u00e9 reduzida pela 16\u00aa vez seguida<\/a><\/p>\n<p>A partir de setembro, passaria a ser realizado tr\u00eas cortes de 0,25 ponto percentual at\u00e9 que a Selic atingisse os 5,75% de taxa em dezembro.<\/p>\n<h2>Decis\u00e3o do Copom<\/h2>\n<p>Uma s\u00e9rie fatores influenciam na decis\u00e3o do Comit\u00ea em rela\u00e7\u00e3o a taxa b\u00e1sica de juros. O fraco n\u00edvel de atividade, o desemprego elevado e a retra\u00e7\u00e3o do <strong>Produto Interno Bruto (PIB)<\/strong> em 0,2% durante o primeiro trimestre, passam a influenciar a decis\u00e3o sobre a taxa, embora ela tenha como principal miss\u00e3o controlar a infla\u00e7\u00e3o brasileira.<\/p>\n\t<p>\n\t\t<a href=\"https:\/\/lp.suno.com.br\/plataforma-de-controle-de-investimentos\/\" target=\"_blank\" data-element=\"shortcode-suno-banner\" title=\"Banner SUNO, clique e saiba mais\">\n\t\t\t<picture>\n\t\t\t\t<source media=\"(max-width: 500px)\" srcset=\"https:\/\/files.sunoresearch.com.br\/n\/uploads\/2023\/03\/400x300-Controle-de-Investimentos.png\">\n\t\t\t\t<img class=\"newsContent__article__imgCapa newsContent__article__imgCapa--banner\"\n\t\t\t\t\tsrc=\"https:\/\/files.sunoresearch.com.br\/n\/uploads\/2023\/03\/1420x240-Controle-de-Investimentos.png\"\n\t\t\t\t\tdata-promo-id=\"383162\"\t\t\t\t\t\t\t\t\t\twidth='1420' height='240'\t\t\t\t\talt=\"https:\/\/files.sunoresearch.com.br\/n\/uploads\/2023\/03\/1420x240-Controle-de-Investimentos.png\"\n\t\t\t\t>\n\t\t\t<\/picture>\n\t\t<\/a>\n\t<\/p>\n\n\n<p>No momento, al\u00e9m desses \u00edndices, o Banco Central est\u00e1 atento \u00e0s previs\u00f5es de infla\u00e7\u00e3o para 2020. Para este ano, a meta central de infla\u00e7\u00e3o \u00e9 de 4,25% podendo oscilar entre 2,75% e 5,75%. Para o pr\u00f3ximo ano, a meta central \u00e9 de 4%, oscilando entre 2,5% e 5,5%.<\/p>\n<p>Em rela\u00e7\u00e3o a <strong>infla\u00e7\u00e3o<\/strong>, a <strong>Selic<\/strong> \u00e9 reduzida quando a infla\u00e7\u00e3o est\u00e1 em linha com as metas, no entanto, quando est\u00e1 acima do esperado a <strong>taxa<\/strong> <strong>de<\/strong> <strong>juros<\/strong> \u00e9 elevada.<\/p>\n","protected":false},"excerpt":{"rendered":"<p>O Comit\u00ea de Pol\u00edtica Monet\u00e1ria do Banco Central (Copom) esta realizando sua quarta reuni\u00e3o de 2019. A reuni\u00e3o foi iniciada na \u00faltima ter\u00e7a-feira (18) e ser\u00e1 conclu\u00edda nesta quarta (19), onde ser\u00e1 apresentada a taxa b\u00e1sica de juros do ano, a Selic, que atualmente est\u00e1 em 6,5%. Copom indica &quot;interrup\u00e7\u00e3o&quot; de cortes na taxa Selic. [&hellip;]<\/p>\n","protected":false},"author":11,"featured_media":28595,"comment_status":"closed","ping_status":"closed","sticky":false,"template":"","format":"standard","meta":[],"categories":[62],"tags":[1104,850,290],"suno_strategy":[],"class_list":["post-28592","post","type-post","status-publish","format-standard","has-post-thumbnail","hentry","category-economia","tag-copom","tag-inflacao","tag-taxa-selic"],"yoast_head":"<!-- This site is optimized with the Yoast SEO plugin v24.4 - https:\/\/yoast.com\/wordpress\/plugins\/seo\/ -->\n<title>Selic: Copom decide nesta quarta se mant\u00e9m ou n\u00e3o juros em 6,5%<\/title>\n<meta name=\"description\" content=\"O \u00faltimo Boletim Focus, divulgado na segunda (17), relatou que a taxa Selic deve passar de 6,5% ao ano para 5,75%. Clique para saber mais.\" \/>\n<meta name=\"robots\" content=\"index, follow, max-snippet:-1, max-image-preview:large, max-video-preview:-1\" \/>\n<link rel=\"canonical\" href=\"https:\/\/www.suno.com.br\/noticias\/selic-copom-decide-nesta-quarta\/\" \/>\n<meta property=\"og:locale\" content=\"pt_BR\" \/>\n<meta property=\"og:type\" content=\"article\" \/>\n<meta property=\"og:title\" content=\"Selic: Copom decide nesta quarta se mant\u00e9m ou n\u00e3o juros em 6,5%\" \/>\n<meta property=\"og:description\" content=\"O \u00faltimo Boletim Focus, divulgado na segunda (17), relatou que a taxa Selic deve passar de 6,5% ao ano para 5,75%. Clique para saber mais.\" \/>\n<meta property=\"og:url\" content=\"https:\/\/www.suno.com.br\/noticias\/selic-copom-decide-nesta-quarta\/\" \/>\n<meta property=\"og:site_name\" content=\"Suno Not\u00edcias\" \/>\n<meta property=\"article:publisher\" content=\"https:\/\/facebook.com\/sunoresearch\" \/>\n<meta property=\"og:image\" content=\"https:\/\/files.sunoresearch.com.br\/n\/uploads\/2019\/06\/abb7f502-selic.jpg\" \/>\n\t<meta property=\"og:image:width\" content=\"1200\" \/>\n\t<meta property=\"og:image:height\" content=\"630\" \/>\n\t<meta property=\"og:image:type\" content=\"image\/jpeg\" \/>\n<meta name=\"author\" content=\"Renan Bandeira\" \/>\n<meta name=\"twitter:card\" content=\"summary_large_image\" \/>\n<meta name=\"twitter:creator\" content=\"@sunoresearch\" \/>\n<meta name=\"twitter:site\" content=\"@sunoresearch\" \/>\n<meta name=\"twitter:label1\" content=\"Escrito por\" \/>\n\t<meta name=\"twitter:data1\" content=\"Renan Bandeira\" \/>\n\t<meta name=\"twitter:label2\" content=\"Est. tempo de leitura\" \/>\n\t<meta name=\"twitter:data2\" content=\"2 minutos\" \/>\n<script type=\"application\/ld+json\" class=\"yoast-schema-graph\">{\"@context\":\"https:\/\/schema.org\",\"@graph\":[{\"@type\":\"NewsArticle\",\"@id\":\"https:\/\/www.suno.com.br\/noticias\/selic-copom-decide-nesta-quarta\/#article\",\"isPartOf\":{\"@id\":\"https:\/\/www.suno.com.br\/noticias\/selic-copom-decide-nesta-quarta\/\"},\"author\":{\"name\":\"Renan Bandeira\",\"@id\":\"https:\/\/www.suno.com.br\/noticias\/#\/schema\/person\/fc144a1c6108bd1dcd43784e88a3c138\"},\"headline\":\"Selic: Copom decide nesta quarta se mant\u00e9m ou n\u00e3o juros em 6,5% ao ano\",\"datePublished\":\"2019-06-19T13:02:38+00:00\",\"mainEntityOfPage\":{\"@id\":\"https:\/\/www.suno.com.br\/noticias\/selic-copom-decide-nesta-quarta\/\"},\"wordCount\":371,\"publisher\":{\"@id\":\"https:\/\/www.suno.com.br\/noticias\/#organization\"},\"image\":{\"@id\":\"https:\/\/www.suno.com.br\/noticias\/selic-copom-decide-nesta-quarta\/#primaryimage\"},\"thumbnailUrl\":\"https:\/\/files.sunoresearch.com.br\/n\/uploads\/2019\/06\/abb7f502-selic-jpg.webp\",\"keywords\":[\"Copom\",\"infla\u00e7\u00e3o\",\"Taxa Selic\"],\"articleSection\":[\"Economia\"],\"inLanguage\":\"pt-BR\"},{\"@type\":\"WebPage\",\"@id\":\"https:\/\/www.suno.com.br\/noticias\/selic-copom-decide-nesta-quarta\/\",\"url\":\"https:\/\/www.suno.com.br\/noticias\/selic-copom-decide-nesta-quarta\/\",\"name\":\"Selic: Copom decide nesta quarta se mant\u00e9m ou n\u00e3o juros em 6,5%\",\"isPartOf\":{\"@id\":\"https:\/\/www.suno.com.br\/noticias\/#website\"},\"primaryImageOfPage\":{\"@id\":\"https:\/\/www.suno.com.br\/noticias\/selic-copom-decide-nesta-quarta\/#primaryimage\"},\"image\":{\"@id\":\"https:\/\/www.suno.com.br\/noticias\/selic-copom-decide-nesta-quarta\/#primaryimage\"},\"thumbnailUrl\":\"https:\/\/files.sunoresearch.com.br\/n\/uploads\/2019\/06\/abb7f502-selic-jpg.webp\",\"datePublished\":\"2019-06-19T13:02:38+00:00\",\"description\":\"O \u00faltimo Boletim Focus, divulgado na segunda (17), relatou que a taxa Selic deve passar de 6,5% ao ano para 5,75%. Clique para saber mais.\",\"breadcrumb\":{\"@id\":\"https:\/\/www.suno.com.br\/noticias\/selic-copom-decide-nesta-quarta\/#breadcrumb\"},\"inLanguage\":\"pt-BR\",\"potentialAction\":[{\"@type\":\"ReadAction\",\"target\":[\"https:\/\/www.suno.com.br\/noticias\/selic-copom-decide-nesta-quarta\/\"]}]},{\"@type\":\"ImageObject\",\"inLanguage\":\"pt-BR\",\"@id\":\"https:\/\/www.suno.com.br\/noticias\/selic-copom-decide-nesta-quarta\/#primaryimage\",\"url\":\"https:\/\/files.sunoresearch.com.br\/n\/uploads\/2019\/06\/abb7f502-selic-jpg.webp\",\"contentUrl\":\"https:\/\/files.sunoresearch.com.br\/n\/uploads\/2019\/06\/abb7f502-selic-jpg.webp\",\"width\":1200,\"height\":630,\"caption\":\"Copom indica \\\"interrup\u00e7\u00e3o\\\" de cortes na taxa Selic.\"},{\"@type\":\"BreadcrumbList\",\"@id\":\"https:\/\/www.suno.com.br\/noticias\/selic-copom-decide-nesta-quarta\/#breadcrumb\",\"itemListElement\":[{\"@type\":\"ListItem\",\"position\":1,\"name\":\"Not\u00edcias\",\"item\":\"https:\/\/www.suno.com.br\/noticias\/\"},{\"@type\":\"ListItem\",\"position\":2,\"name\":\"Economia\",\"item\":\"https:\/\/www.suno.com.br\/noticias\/economia\/\"},{\"@type\":\"ListItem\",\"position\":3,\"name\":\"Selic: Copom decide nesta quarta se mant\u00e9m ou n\u00e3o juros em 6,5% ao ano\"}]},{\"@type\":\"WebSite\",\"@id\":\"https:\/\/www.suno.com.br\/noticias\/#website\",\"url\":\"https:\/\/www.suno.com.br\/noticias\/\",\"name\":\"Suno Not\u00edcias\",\"description\":\"Seu portal de informa\u00e7\u00e3o sobre o mundo dos investimentos\",\"publisher\":{\"@id\":\"https:\/\/www.suno.com.br\/noticias\/#organization\"},\"potentialAction\":[{\"@type\":\"SearchAction\",\"target\":{\"@type\":\"EntryPoint\",\"urlTemplate\":\"https:\/\/www.suno.com.br\/noticias\/?s={search_term_string}\"},\"query-input\":{\"@type\":\"PropertyValueSpecification\",\"valueRequired\":true,\"valueName\":\"search_term_string\"}}],\"inLanguage\":\"pt-BR\"},{\"@type\":\"Organization\",\"@id\":\"https:\/\/www.suno.com.br\/noticias\/#organization\",\"name\":\"Suno Not\u00edcias\",\"url\":\"https:\/\/www.suno.com.br\/noticias\/\",\"logo\":{\"@type\":\"ImageObject\",\"inLanguage\":\"pt-BR\",\"@id\":\"https:\/\/www.suno.com.br\/noticias\/#\/schema\/logo\/image\/\",\"url\":\"https:\/\/files.sunoresearch.com.br\/n\/uploads\/2021\/09\/suno-logo.png\",\"contentUrl\":\"https:\/\/files.sunoresearch.com.br\/n\/uploads\/2021\/09\/suno-logo.png\",\"width\":180,\"height\":180,\"caption\":\"Suno Not\u00edcias\"},\"image\":{\"@id\":\"https:\/\/www.suno.com.br\/noticias\/#\/schema\/logo\/image\/\"},\"sameAs\":[\"https:\/\/facebook.com\/sunoresearch\",\"https:\/\/x.com\/sunoresearch\",\"https:\/\/www.instagram.com\/suno\",\"https:\/\/www.linkedin.com\/company\/suno-research\/\",\"https:\/\/www.youtube.com\/c\/sunoresearch\"]},{\"@type\":\"Person\",\"@id\":\"https:\/\/www.suno.com.br\/noticias\/#\/schema\/person\/fc144a1c6108bd1dcd43784e88a3c138\",\"name\":\"Renan Bandeira\",\"image\":{\"@type\":\"ImageObject\",\"inLanguage\":\"pt-BR\",\"@id\":\"https:\/\/www.suno.com.br\/noticias\/#\/schema\/person\/image\/\",\"url\":\"https:\/\/secure.gravatar.com\/avatar\/68359cdb608f14f11bbefcb78f3fc747?s=96&r=g\",\"contentUrl\":\"https:\/\/secure.gravatar.com\/avatar\/68359cdb608f14f11bbefcb78f3fc747?s=96&r=g\",\"caption\":\"Renan Bandeira\"},\"description\":\"Renan Bandeira escreve sobre pol\u00edtica e economia para o portal da Suno Research. Antes da Suno, trabalhou em uma rede de televis\u00e3o, onde fazia reportagens sobre os mesmos temas. Estuda na Universidade Metodista de S\u00e3o Paulo.\",\"url\":\"https:\/\/www.suno.com.br\/noticias\/author\/renan-bandeira\/\"}]}<\/script>\n<!-- \/ Yoast SEO plugin. -->","yoast_head_json":{"title":"Selic: Copom decide nesta quarta se mant\u00e9m ou n\u00e3o juros em 6,5%","description":"O \u00faltimo Boletim Focus, divulgado na segunda (17), relatou que a taxa Selic deve passar de 6,5% ao ano para 5,75%. Clique para saber mais.","robots":{"index":"index","follow":"follow","max-snippet":"max-snippet:-1","max-image-preview":"max-image-preview:large","max-video-preview":"max-video-preview:-1"},"canonical":"https:\/\/www.suno.com.br\/noticias\/selic-copom-decide-nesta-quarta\/","og_locale":"pt_BR","og_type":"article","og_title":"Selic: Copom decide nesta quarta se mant\u00e9m ou n\u00e3o juros em 6,5%","og_description":"O \u00faltimo Boletim Focus, divulgado na segunda (17), relatou que a taxa Selic deve passar de 6,5% ao ano para 5,75%. Clique para saber mais.","og_url":"https:\/\/www.suno.com.br\/noticias\/selic-copom-decide-nesta-quarta\/","og_site_name":"Suno Not\u00edcias","article_publisher":"https:\/\/facebook.com\/sunoresearch","og_image":[{"width":1200,"height":630,"url":"https:\/\/files.sunoresearch.com.br\/n\/uploads\/2019\/06\/abb7f502-selic.jpg","type":"image\/jpeg"}],"author":"Renan Bandeira","twitter_card":"summary_large_image","twitter_creator":"@sunoresearch","twitter_site":"@sunoresearch","twitter_misc":{"Escrito por":"Renan Bandeira","Est. tempo de leitura":"2 minutos"},"schema":{"@context":"https:\/\/schema.org","@graph":[{"@type":"NewsArticle","@id":"https:\/\/www.suno.com.br\/noticias\/selic-copom-decide-nesta-quarta\/#article","isPartOf":{"@id":"https:\/\/www.suno.com.br\/noticias\/selic-copom-decide-nesta-quarta\/"},"author":{"name":"Renan Bandeira","@id":"https:\/\/www.suno.com.br\/noticias\/#\/schema\/person\/fc144a1c6108bd1dcd43784e88a3c138"},"headline":"Selic: Copom decide nesta quarta se mant\u00e9m ou n\u00e3o juros em 6,5% ao ano","datePublished":"2019-06-19T13:02:38+00:00","mainEntityOfPage":{"@id":"https:\/\/www.suno.com.br\/noticias\/selic-copom-decide-nesta-quarta\/"},"wordCount":371,"publisher":{"@id":"https:\/\/www.suno.com.br\/noticias\/#organization"},"image":{"@id":"https:\/\/www.suno.com.br\/noticias\/selic-copom-decide-nesta-quarta\/#primaryimage"},"thumbnailUrl":"https:\/\/files.sunoresearch.com.br\/n\/uploads\/2019\/06\/abb7f502-selic-jpg.webp","keywords":["Copom","infla\u00e7\u00e3o","Taxa Selic"],"articleSection":["Economia"],"inLanguage":"pt-BR"},{"@type":"WebPage","@id":"https:\/\/www.suno.com.br\/noticias\/selic-copom-decide-nesta-quarta\/","url":"https:\/\/www.suno.com.br\/noticias\/selic-copom-decide-nesta-quarta\/","name":"Selic: Copom decide nesta quarta se mant\u00e9m ou n\u00e3o juros em 6,5%","isPartOf":{"@id":"https:\/\/www.suno.com.br\/noticias\/#website"},"primaryImageOfPage":{"@id":"https:\/\/www.suno.com.br\/noticias\/selic-copom-decide-nesta-quarta\/#primaryimage"},"image":{"@id":"https:\/\/www.suno.com.br\/noticias\/selic-copom-decide-nesta-quarta\/#primaryimage"},"thumbnailUrl":"https:\/\/files.sunoresearch.com.br\/n\/uploads\/2019\/06\/abb7f502-selic-jpg.webp","datePublished":"2019-06-19T13:02:38+00:00","description":"O \u00faltimo Boletim Focus, divulgado na segunda (17), relatou que a taxa Selic deve passar de 6,5% ao ano para 5,75%. Clique para saber mais.","breadcrumb":{"@id":"https:\/\/www.suno.com.br\/noticias\/selic-copom-decide-nesta-quarta\/#breadcrumb"},"inLanguage":"pt-BR","potentialAction":[{"@type":"ReadAction","target":["https:\/\/www.suno.com.br\/noticias\/selic-copom-decide-nesta-quarta\/"]}]},{"@type":"ImageObject","inLanguage":"pt-BR","@id":"https:\/\/www.suno.com.br\/noticias\/selic-copom-decide-nesta-quarta\/#primaryimage","url":"https:\/\/files.sunoresearch.com.br\/n\/uploads\/2019\/06\/abb7f502-selic-jpg.webp","contentUrl":"https:\/\/files.sunoresearch.com.br\/n\/uploads\/2019\/06\/abb7f502-selic-jpg.webp","width":1200,"height":630,"caption":"Copom indica \"interrup\u00e7\u00e3o\" de cortes na taxa Selic."},{"@type":"BreadcrumbList","@id":"https:\/\/www.suno.com.br\/noticias\/selic-copom-decide-nesta-quarta\/#breadcrumb","itemListElement":[{"@type":"ListItem","position":1,"name":"Not\u00edcias","item":"https:\/\/www.suno.com.br\/noticias\/"},{"@type":"ListItem","position":2,"name":"Economia","item":"https:\/\/www.suno.com.br\/noticias\/economia\/"},{"@type":"ListItem","position":3,"name":"Selic: Copom decide nesta quarta se mant\u00e9m ou n\u00e3o juros em 6,5% ao ano"}]},{"@type":"WebSite","@id":"https:\/\/www.suno.com.br\/noticias\/#website","url":"https:\/\/www.suno.com.br\/noticias\/","name":"Suno Not\u00edcias","description":"Seu portal de informa\u00e7\u00e3o sobre o mundo dos investimentos","publisher":{"@id":"https:\/\/www.suno.com.br\/noticias\/#organization"},"potentialAction":[{"@type":"SearchAction","target":{"@type":"EntryPoint","urlTemplate":"https:\/\/www.suno.com.br\/noticias\/?s={search_term_string}"},"query-input":{"@type":"PropertyValueSpecification","valueRequired":true,"valueName":"search_term_string"}}],"inLanguage":"pt-BR"},{"@type":"Organization","@id":"https:\/\/www.suno.com.br\/noticias\/#organization","name":"Suno Not\u00edcias","url":"https:\/\/www.suno.com.br\/noticias\/","logo":{"@type":"ImageObject","inLanguage":"pt-BR","@id":"https:\/\/www.suno.com.br\/noticias\/#\/schema\/logo\/image\/","url":"https:\/\/files.sunoresearch.com.br\/n\/uploads\/2021\/09\/suno-logo.png","contentUrl":"https:\/\/files.sunoresearch.com.br\/n\/uploads\/2021\/09\/suno-logo.png","width":180,"height":180,"caption":"Suno Not\u00edcias"},"image":{"@id":"https:\/\/www.suno.com.br\/noticias\/#\/schema\/logo\/image\/"},"sameAs":["https:\/\/facebook.com\/sunoresearch","https:\/\/x.com\/sunoresearch","https:\/\/www.instagram.com\/suno","https:\/\/www.linkedin.com\/company\/suno-research\/","https:\/\/www.youtube.com\/c\/sunoresearch"]},{"@type":"Person","@id":"https:\/\/www.suno.com.br\/noticias\/#\/schema\/person\/fc144a1c6108bd1dcd43784e88a3c138","name":"Renan Bandeira","image":{"@type":"ImageObject","inLanguage":"pt-BR","@id":"https:\/\/www.suno.com.br\/noticias\/#\/schema\/person\/image\/","url":"https:\/\/secure.gravatar.com\/avatar\/68359cdb608f14f11bbefcb78f3fc747?s=96&r=g","contentUrl":"https:\/\/secure.gravatar.com\/avatar\/68359cdb608f14f11bbefcb78f3fc747?s=96&r=g","caption":"Renan Bandeira"},"description":"Renan Bandeira escreve sobre pol\u00edtica e economia para o portal da Suno Research. Antes da Suno, trabalhou em uma rede de televis\u00e3o, onde fazia reportagens sobre os mesmos temas. Estuda na Universidade Metodista de S\u00e3o Paulo.","url":"https:\/\/www.suno.com.br\/noticias\/author\/renan-bandeira\/"}]}},"default_loop_html":"<div class=\"cardsPage__listCard__boxs\"><div class=\"cardsPage__listCard__boxs__img\"><a href=\"https:\/\/www.suno.com.br\/noticias\/selic-copom-decide-nesta-quarta\/\"><img class=\"mask\" src=\"https:\/\/www.suno.com.br\/noticias\/wp-content\/themes\/suno\/resources\/images\/spotlight\/spotlight1img\/bg-mask.png\" alt=\"Image Mask\"\/><img src=\"https:\/\/files.sunoresearch.com.br\/n\/uploads\/2019\/06\/abb7f502-selic-400x200.webp\" alt=\"Selic: Copom decide nesta quarta se mant\u00e9m ou n\u00e3o juros em 6,5% ao ano\"\/><\/a><span class=\"spotlightCategory\"><a href=\"https:\/\/www.suno.com.br\/noticias\/economia\/\">Economia<\/a><\/span><\/div><div class=\"cardsPage__listCard__boxs__content\"><a href=\"https:\/\/www.suno.com.br\/noticias\/selic-copom-decide-nesta-quarta\/\"><h2 class=\"content__title\">Selic: Copom decide nesta quarta se mant\u00e9m ou n\u00e3o juros em 6,5% ao ano<\/h2><\/a><div class=\"newsContent__article__meta\"><div class=\"newsContent__article__meta__authorBox\"><a href=\"https:\/\/www.suno.com.br\/noticias\/author\/renan-bandeira\/\" class=\"authorBox__avatar noMobi\"><img src=\"https:\/\/secure.gravatar.com\/avatar\/68359cdb608f14f11bbefcb78f3fc747?s=96&#038;r=g\" alt=\"Renan Bandeira\"><\/a><div class=\"authorBox__name\"><span>por\n\t\t\t<a href=\"https:\/\/www.suno.com.br\/noticias\/author\/renan-bandeira\/\"><span itemprop=\"author\">Renan Bandeira<\/span><\/a><\/span><time datetime=\"2019-06-19T10:02:38-03:00\" itemprop=\"datePublished\">19\/06\/2019 10:02<\/time><\/div><\/div><\/div><\/div><\/div>","single_layout":"posts","amp_enabled":true,"_links":{"self":[{"href":"https:\/\/www.suno.com.br\/noticias\/wp-json\/wp\/v2\/posts\/28592"}],"collection":[{"href":"https:\/\/www.suno.com.br\/noticias\/wp-json\/wp\/v2\/posts"}],"about":[{"href":"https:\/\/www.suno.com.br\/noticias\/wp-json\/wp\/v2\/types\/post"}],"author":[{"embeddable":true,"href":"https:\/\/www.suno.com.br\/noticias\/wp-json\/wp\/v2\/users\/11"}],"replies":[{"embeddable":true,"href":"https:\/\/www.suno.com.br\/noticias\/wp-json\/wp\/v2\/comments?post=28592"}],"version-history":[{"count":0,"href":"https:\/\/www.suno.com.br\/noticias\/wp-json\/wp\/v2\/posts\/28592\/revisions"}],"wp:featuredmedia":[{"embeddable":true,"href":"https:\/\/www.suno.com.br\/noticias\/wp-json\/wp\/v2\/media\/28595"}],"wp:attachment":[{"href":"https:\/\/www.suno.com.br\/noticias\/wp-json\/wp\/v2\/media?parent=28592"}],"wp:term":[{"taxonomy":"category","embeddable":true,"href":"https:\/\/www.suno.com.br\/noticias\/wp-json\/wp\/v2\/categories?post=28592"},{"taxonomy":"post_tag","embeddable":true,"href":"https:\/\/www.suno.com.br\/noticias\/wp-json\/wp\/v2\/tags?post=28592"},{"taxonomy":"suno_strategy","embeddable":true,"href":"https:\/\/www.suno.com.br\/noticias\/wp-json\/wp\/v2\/suno_strategy?post=28592"}],"curies":[{"name":"wp","href":"https:\/\/api.w.org\/{rel}","templated":true}]}}