{"id":285429,"date":"2022-08-16T07:56:11","date_gmt":"2022-08-16T10:56:11","guid":{"rendered":"https:\/\/www.suno.com.br\/noticias\/?p=285429"},"modified":"2022-08-16T07:56:11","modified_gmt":"2022-08-16T10:56:11","slug":"eike-batista-leilao-bilionario","status":"publish","type":"post","link":"https:\/\/www.suno.com.br\/noticias\/eike-batista-leilao-bilionario\/","title":{"rendered":"Eike Batista faz leil\u00e3o bilion\u00e1rio que pode encerrar suas d\u00edvidas"},"content":{"rendered":"<p>Ainda nesta ter\u00e7a-feira (16) ser\u00e3o divulgadas as propostas por um lote de deb\u00eantures da Anglo American, grupo brit\u00e2nico que comprou o projeto de minera\u00e7\u00e3o Minas-Rio, da mineradora MMX, de <strong><a class=\"suno-keyword\" href=\"https:\/\/www.suno.com.br\/tudo-sobre\/eike-batista\/\" target=\"_blank\" rel=\"noopener\" data-force=\"no\" data-priority=\"2\">Eike Batista<\/a><\/strong>, em 2008.<\/p><div class=\"videoFull videoFull--noRadius\">\n\t\t\t<div class=\"videoWrapper yt-lazyload center\"\n\t\t\t\tdata-width=\"960\"\n\t\t\t\tdata-height=\"540\"\n\t\t\t\tdata-id=\"S_B35FqwaS8\"\n\t\t\t\tdata-alt=\"Veja o resumo de mercado desta ter\u00e7a-feira (16)\"\n\t\t\t\tdata-logo=\"3\"\n\t\t\t\tdata-imagequality=\"maxres\">\n\t\t\t<\/div>\n\t\t<\/div><span class=\"videoFull__caption videoFull__caption--show\">Veja o resumo de mercado desta ter\u00e7a-feira (16)<p><\/p><\/span><script type=\"application\/ld+json\">{\"@context\":\"https:\/\/schema.org\",\"@type\":\"VideoObject\",\"name\":\"MGLU3, CASH3 E VIIA3 DISPARANDO | IRBR3 estuda aumento de capital | PETR4 corta pre\u00e7o da gasolina\",\"description\":\"#MGLU3 #CASH3 #AMER3 #VIIA3 #IRBR3 #PETR4 #PETR3 #Ibovespa #D\u00f3lar #Gasolina #Livedas19h #Not\u00edcias O Ibovespa hoje fechou a segunda-feira (15) com alta de 0,24% aos 113.031,98 pontos, ap\u00f3s oscilar entre a m\u00e1xima de 113.214,20 e a m\u00ednima de 111.066,52. No acumulado de agosto, ganha 9,56% e, no ano, 7,83%. Neste come\u00e7o de semana, o \u00edndice Bovespa\u2026\",\"duration\":\"PT40M40S\",\"embedUrl\":\"https:\/\/www.youtube.com\/embed\/S_B35FqwaS8\",\"regionsAllowed\":\"pt-BR\",\"interactionStatistic\":{\"@type\":\"InteractionCounter\",\"interactionType\":{\"@type\":\"WatchAction\"},\"userInteractionCount\":5604},\"thumbnailUrl\":\"https:\/\/i.ytimg.com\/vi\/S_B35FqwaS8\/default.jpg\",\"uploadDate\":\"2022-08-15T22:43:56Z\"}<\/script>\n\n\t<p>\n\t\t<a href=\"\" target=\"_blank\" data-element=\"shortcode-suno-banner\" title=\"Banner SUNO, clique e saiba mais\">\n\t\t\t<picture>\n\t\t\t\t<source media=\"(max-width: 500px)\" srcset=\"\">\n\t\t\t\t<img class=\"newsContent__article__imgCapa newsContent__article__imgCapa--banner\"\n\t\t\t\t\tsrc=\"\"\n\t\t\t\t\tdata-promo-id=\"138420\"\t\t\t\t\t\t\t\t\t\t\t\t\t\t\talt=\"\"\n\t\t\t\t>\n\t\t\t<\/picture>\n\t\t<\/a>\n\t<\/p>\n\n\n<p>Esses t\u00edtulos foram &#8216;descobertos&#8217; dentro do emaranhado de companhias criadas por Eike Batista antes de sua derrocada.<\/p>\n<p>O lance m\u00ednimo \u00e9 de R$ 1,25 bilh\u00e3o, dinheiro que seria suficiente para quitar boa parte dos d\u00e9bitos remanescentes &#8211; o empres\u00e1rio informou este ano ter recebido oferta de quase R$ 2 bilh\u00f5es pelos pap\u00e9is.<\/p>\n<p>Dois fundos internacionais, o Oaktree e o Vox Royalty, e o BTG Pactual est\u00e3o na disputa, segundo revelou a <i>Coluna do Broadcast<\/i> no \u00faltimo dia 9.<\/p>\n<p>As maiores d\u00edvidas conhecidas de Eike Batista somam algo perto de R$ 2 bilh\u00f5es &#8211; sendo R$ 1,2 bilh\u00e3o da fal\u00eancia da MMX e cerca de R$ 800 milh\u00f5es do acordo de dela\u00e7\u00e3o fechado no Supremo Tribunal Federal no \u00e2mbito da Opera\u00e7\u00e3o Lava Jato.<\/p>\n<p>H\u00e1 ainda uma certa incerteza em rela\u00e7\u00e3o ao passivo tribut\u00e1rio. A Uni\u00e3o cobra R$ 3,5 bilh\u00f5es da MMX, mas esse d\u00e9bito \u00e9 pass\u00edvel de recurso e n\u00e3o tem prazo para ser pago.<\/p>\n<p>Vender as deb\u00eantures para quitar as d\u00edvidas, por\u00e9m, n\u00e3o est\u00e1 sendo f\u00e1cil. Um processo de venda, de dezembro do ano passado, foi suspenso. Este ano, novos <strong>leil\u00f5es judiciais<\/strong> foram convocados.<\/p>\n<p>Os t\u00edtulos estavam no patrim\u00f4nio da NB4, elo da &#8220;cadeia&#8221; de firmas usada por Eike para gerir seus bens. Foram localizados pela Associa\u00e7\u00e3o Brasileira de Investidores (Abradin), cuja origem remonta \u00e0s primeiras mobiliza\u00e7\u00f5es de acionistas minorit\u00e1rios lesados pela derrocada do Grupo X e que foi aceita como parte interessada no processo que buscou o <a class=\"suno-keyword\" href=\"https:\/\/www.suno.com.br\/artigos\/patrimonio-pessoal\/\" target=\"_blank\" rel=\"noopener\" data-force=\"no\" data-priority=\"1\">patrim\u00f4nio pessoal<\/a> de Eike na fal\u00eancia da MMX, segundo Aur\u00e9lio Valporto, presidente da entidade.<\/p>\n<p>&#8220;Come\u00e7amos a baixar tudo quanto \u00e9 documento que tinha na Junta Comercial (do Rio)&#8221;, diz Valporto, lembrando do trabalho de busca por ativos em empresas ligadas a Eike Batista, no in\u00edcio de 2021.<\/p>\n<p>&#8220;N\u00e3o consegu\u00edamos achar nada. At\u00e9 que deu um estalo e falamos: poxa, vamos procurar no emissor. A\u00ed, conseguimos achar a escritura da deb\u00eanture. Quando fizemos o primeiro &#8216;valuation&#8217; (avalia\u00e7\u00e3o do valor de determinado ativo) da deb\u00eanture, falei: isso aqui vale centenas de milh\u00f5es e o cara estava escondendo!&#8221;<\/p>\n<p>Como o ativo \u00e9 valioso, a descoberta causou uma reviravolta na novela. Na disputa de interesses conflitantes, o empres\u00e1rio falido sempre tende a preferir que nada do patrim\u00f4nio pessoal entre no processo.<\/p>\n<p>Uma vez que algo entra, \u00e9 de seu interesse que seja vendido por pre\u00e7o elevado o suficiente n\u00e3o s\u00f3 para pagar as d\u00edvidas, mas, quem sabe?, para sobrar algo para si. Aos credores, interessa recuperar as perdas.<\/p>\n<p>Portanto, basta que o ativo seja vendido pelo equivalente \u00e0s d\u00edvidas &#8211; eles nada ganham com valores al\u00e9m. Assessores financeiros, administradores judiciais e demais intermedi\u00e1rios ganham um porcentual das opera\u00e7\u00f5es de venda &#8211; para eles, quanto maiores os valores, maiores os honor\u00e1rios, que podem chegar a milh\u00f5es, no caso da <strong>MMX<\/strong>.<\/p>\n<p>Com o aval da ju\u00edza Cl\u00e1udia Helena Batista, da 1\u00aa Vara Empresarial de Belo Horizonte, o administrador judicial Bernardo Bicalho vem tocando a venda das deb\u00eantures desde o ano passado.<\/p>\n<p>Em dezembro, organizou um &#8220;processo competitivo&#8221; para encontrar um comprador. A proposta vencedora, de R$ 612 milh\u00f5es, foi da Argenta Securities, offshore sediada nas Ilhas Virgens Brit\u00e2nicas. O valor \u00e9 inferior ao total das d\u00edvidas, mas, em processos do tipo, \u00e9 normal os credores aceitarem menos, desde que vejam logo a cor do dinheiro.<\/p>\n\t<p>\n\t\t<a href=\"https:\/\/lp.suno.com.br\/planilha-controle-gastos\/\" target=\"_blank\" data-element=\"shortcode-suno-banner\" title=\"Banner SUNO, clique e saiba mais\">\n\t\t\t<picture>\n\t\t\t\t<source media=\"(max-width: 500px)\" srcset=\"https:\/\/files.sunoresearch.com.br\/n\/uploads\/2023\/03\/400x300-Planilha-controle-de-gastos.png\">\n\t\t\t\t<img class=\"newsContent__article__imgCapa newsContent__article__imgCapa--banner\"\n\t\t\t\t\tsrc=\"https:\/\/files.sunoresearch.com.br\/n\/uploads\/2023\/03\/1420x240-Planilha-controle-de-gastos.png\"\n\t\t\t\t\tdata-promo-id=\"101751\"\t\t\t\t\t\t\t\t\t\twidth='1420' height='240'\t\t\t\t\talt=\"https:\/\/files.sunoresearch.com.br\/n\/uploads\/2023\/03\/1420x240-Planilha-controle-de-gastos.png\"\n\t\t\t\t>\n\t\t\t<\/picture>\n\t\t<\/a>\n\t<\/p>\n\n\n<h2>Proposta da Argentina e Eike foi piv\u00f4 de reviravolta<\/h2>\n<p>S\u00f3 que a proposta da Argenta n\u00e3o foi concretizada. A offshore se apresenta como empresa de investimentos.<\/p>\n<p>Segundo uma fonte ouvida sob condi\u00e7\u00e3o do anonimato e documentos, a Argenta pertence \u00e0 fam\u00edlia de Jair Coelho, empres\u00e1rio falecido em 2001 &#8211; que ficou conhecido no Rio, no fim dos anos 1990, como o &#8220;Rei das Quentinhas&#8221;, por dominar o fornecimento de refei\u00e7\u00f5es para \u00f3rg\u00e3os p\u00fablicos, com destaque para os pres\u00eddios fluminenses, e enfrentou acusa\u00e7\u00f5es de superfaturamento e sonega\u00e7\u00e3o fiscal.<\/p>\n<p>Jorge Ant\u00f4nio da Cunha Lima Coelho, filho de Jair, assina em nome da Argenta. Um processo de 2021 que corre no TJ-RJ, e tem o esp\u00f3lio do empres\u00e1rio como parte, cita a Argenta como &#8220;empresa de propriedade&#8221; de Jair Coelho.<\/p>\n<p>Em mais uma reviravolta, neste ano, uma manifesta\u00e7\u00e3o de Eike Batista e de novos assessores financeiros do empres\u00e1rio pediu que uma nova opera\u00e7\u00e3o de venda fosse realizada.<\/p>\n<p>O motivo: o empres\u00e1rio havia recebido uma proposta para vender as deb\u00eantures por US$ 350 milh\u00f5es, entre R$ 1,8 bilh\u00e3o e R$ 1,9 bilh\u00e3o, dependendo da taxa de c\u00e2mbio, acima, portanto, da proposta da Argenta.<\/p>\n<p>A ju\u00edza acatou o pedido e, no fim de maio, determinou a realiza\u00e7\u00e3o de um leil\u00e3o judicial. A proposta de US$ 350 milh\u00f5es entrou como lance m\u00ednimo, segundo o edital do <strong>leil\u00e3o<\/strong>.<\/p>\n<p>A Argenta acionou a 1\u00aa Vara Empresarial de Belo Horizonte para impedir a convoca\u00e7\u00e3o do certame.<\/p>\n<p>Para refor\u00e7ar que o pagamento dos R$ 612 milh\u00f5es estaria seguindo os procedimentos conformes, os advogados da empresa anexaram uma carta-compromisso de investidores americanos, que teriam patrim\u00f4nio sob gest\u00e3o de cerca de US$ 60 bilh\u00f5es e estariam dispostos a investir nos pap\u00e9is.<\/p>\n<p>Na carta, o Grupo DiFalco &#8211; sediado em Miami, se define como &#8220;firma de investimentos&#8221; que opera com &#8220;<a class=\"suno-keyword\" href=\"https:\/\/www.suno.com.br\/artigos\/private-equity\/\" target=\"_blank\" rel=\"noopener\" data-force=\"no\" data-priority=\"1\">private equity<\/a>&#8221; nos Estados Unidos, no Brasil e na Argentina &#8211; se apresenta como coinvestidor; os fundos CarVal Investors e Arena Investors, como financiadores.<\/p>\n<p>N\u00e3o deu certo. A 1\u00aa Vara Empresarial de Belo Horizonte manteve o leil\u00e3o. Um recurso aos desembargadores do TJ-MG n\u00e3o foi aceito. Mesmo assim, na interpreta\u00e7\u00e3o da Argenta, caso n\u00e3o haja lances firmes no segundo leil\u00e3o convocado em julho, o processo de venda de dezembro pode ser retomado, o que garantiria \u00e0 offshore o direito de levar as deb\u00eantures por R$ 612 milh\u00f5es.<\/p>\n<h2>Ofertas nebulosas<\/h2>\n<p>Para deixar tudo mais nebuloso, conforme documentos do processo, a oferta de US$ 350 milh\u00f5es, que suscitou a convoca\u00e7\u00e3o do primeiro leil\u00e3o, foi feita por uma empresa chamada RC Group.<\/p>\n<p>A colunista Malu Gaspar, do jornal <i>O Globo<\/i>, revelou que a firma pertence a Renato Costa, empres\u00e1rio brasileiro radicado nos Estados Unidos e que responderia a pelo menos 18 processos no Brasil, inclusive por passar &#8220;cheques sem fundos&#8221; e sumir com um carro alugado.<\/p>\n<p>Ao t\u00e9rmino do primeiro leil\u00e3o, no in\u00edcio de julho, a RC Group n\u00e3o deu as garantias de que faria o pagamento. Para alguns, lembrou o acordo, anunciado em mar\u00e7o de 2021, da MMX com a China Development Integration Limited (CDIL).<\/p>\n<p>O investidor chin\u00eas estaria disposto a aportar US$ 50 milh\u00f5es na empresa, mas nunca deu garantias de que faria o investimento de fato &#8211; mesmo assim, a apresenta\u00e7\u00e3o da proposta atrasou o processo de fal\u00eancia. Segundo uma fonte que pediu anonimato, assim como no caso da CDIL, a proposta do RC Group n\u00e3o era &#8220;firme&#8221;.<\/p>\n<p>Para essa pessoa, apenas diante da conclus\u00e3o definitiva dos leil\u00f5es judiciais ser\u00e1 poss\u00edvel enxergar melhor se a saga de Eike Batista poder\u00e1 mesmo se aproximar do fim. As deb\u00eantures da Anglo s\u00e3o um &#8220;ativo muito bom&#8221;, disse a fonte, mas os valores s\u00e3o elevados &#8211; no Brasil, s\u00f3 &#8220;cinco fundos&#8221; teriam recursos suficientes para fazer esse tipo de opera\u00e7\u00e3o.<\/p>\n<p>Antes do fracasso do primeiro leil\u00e3o, o presidente do banco de investimentos BR Partners, Ricardo Lacerda, nomeado assessor financeiro para a opera\u00e7\u00e3o, disse ao Estad\u00e3o que havia apresentado os t\u00edtulos a 43 investidores em potencial at\u00e9 meados de junho. No in\u00edcio de junho, o executivo avaliou que seria poss\u00edvel vender os t\u00edtulos por cerca de US$ 500 milh\u00f5es, R$ 2,7 bilh\u00f5es pelo c\u00e2mbio m\u00e9dio de julho.<\/p>\n<p>As regras do edital do segundo leil\u00e3o s\u00e3o mais r\u00edgidas, incluindo uma lista de crit\u00e9rios para que os proponentes comprovem sua capacidade financeira. Antes de entregar as propostas, em envelopes lacrados, tinham que ser habilitados.<\/p>\n<p>A audi\u00eancia do leil\u00e3o de <strong>Eike Batista<\/strong>, nesta ter\u00e7a (16) para abrir os envelopes, ser\u00e1 virtual, por meio da plataforma on-line do TJ-MG, segundo uma fonte. No caso de empate de valores, poder\u00e1 haver preg\u00e3o com disputa em viva voz, lance a lance, segundo o edital.<\/p>\n<p class=\"newsProviderSignature\">Com informa\u00e7\u00f5es do Estad\u00e3o Conte\u00fado<\/p>\n\t<p>\n\t\t<a href=\"https:\/\/lp.suno.com.br\/planilha-da-vida-financeira\/\" target=\"_blank\" data-element=\"shortcode-suno-banner\" title=\"Banner SUNO, clique e saiba mais\">\n\t\t\t<picture>\n\t\t\t\t<source media=\"(max-width: 500px)\" srcset=\"https:\/\/files.sunoresearch.com.br\/n\/uploads\/2023\/04\/400x300-Planilha-vida-financeira-true.png\">\n\t\t\t\t<img class=\"newsContent__article__imgCapa newsContent__article__imgCapa--banner\"\n\t\t\t\t\tsrc=\"https:\/\/files.sunoresearch.com.br\/n\/uploads\/2023\/04\/1420x240-Planilha-vida-financeira-true.png\"\n\t\t\t\t\tdata-promo-id=\"106682\"\t\t\t\t\t\t\t\t\t\twidth='1420' height='240'\t\t\t\t\talt=\"https:\/\/files.sunoresearch.com.br\/n\/uploads\/2023\/04\/1420x240-Planilha-vida-financeira-true.png\"\n\t\t\t\t>\n\t\t\t<\/picture>\n\t\t<\/a>\n\t<\/p>\n\n\n","protected":false},"excerpt":{"rendered":"<p>Ainda nesta ter\u00e7a-feira (16) ser\u00e3o divulgadas as propostas por um lote de deb\u00eantures da Anglo American, grupo brit\u00e2nico que comprou o projeto de minera\u00e7\u00e3o Minas-Rio, da mineradora MMX, de Eike Batista, em 2008. Veja o resumo de mercado desta ter\u00e7a-feira (16) Esses t\u00edtulos foram &#8216;descobertos&#8217; dentro do emaranhado de companhias criadas por Eike Batista antes [&hellip;]<\/p>\n","protected":false},"author":73,"featured_media":167300,"comment_status":"closed","ping_status":"closed","sticky":false,"template":"","format":"standard","meta":[],"categories":[64],"tags":[106444,1415],"suno_strategy":[],"class_list":["post-285429","post","type-post","status-publish","format-standard","has-post-thumbnail","hentry","category-negocios","tag-agencias","tag-eike-batista"],"yoast_head":"<!-- This site is optimized with the Yoast SEO plugin v24.4 - https:\/\/yoast.com\/wordpress\/plugins\/seo\/ -->\n<title>Eike Batista faz leil\u00e3o bilion\u00e1rio que pode encerrar suas d\u00edvidas<\/title>\n<meta name=\"description\" content=\"As maiores d\u00edvidas de Eike Batista somam cerca de R$ 2 bilh\u00f5es, a fal\u00eancia da MMX e a Opera\u00e7\u00e3o Lava Jato. Confira!\" \/>\n<meta name=\"robots\" content=\"index, follow, max-snippet:-1, max-image-preview:large, max-video-preview:-1\" \/>\n<link rel=\"canonical\" href=\"https:\/\/www.suno.com.br\/noticias\/eike-batista-leilao-bilionario\/\" \/>\n<meta property=\"og:locale\" content=\"pt_BR\" \/>\n<meta property=\"og:type\" content=\"article\" \/>\n<meta property=\"og:title\" content=\"Eike Batista faz leil\u00e3o bilion\u00e1rio que pode encerrar suas d\u00edvidas\" \/>\n<meta property=\"og:description\" content=\"As maiores d\u00edvidas de Eike Batista somam cerca de R$ 2 bilh\u00f5es, a fal\u00eancia da MMX e a Opera\u00e7\u00e3o Lava Jato. Confira!\" \/>\n<meta property=\"og:url\" content=\"https:\/\/www.suno.com.br\/noticias\/eike-batista-leilao-bilionario\/\" \/>\n<meta property=\"og:site_name\" content=\"Suno Not\u00edcias\" \/>\n<meta property=\"article:publisher\" content=\"https:\/\/facebook.com\/sunoresearch\" \/>\n<meta property=\"og:image\" content=\"https:\/\/files.sunoresearch.com.br\/n\/uploads\/2021\/07\/45dfd9a4-1099562-wdoli_abr_112920175803_1-scaled.jpg\" \/>\n\t<meta property=\"og:image:width\" content=\"2560\" \/>\n\t<meta property=\"og:image:height\" content=\"1707\" \/>\n\t<meta property=\"og:image:type\" content=\"image\/jpeg\" \/>\n<meta name=\"author\" content=\"Eduardo Vargas\" \/>\n<meta name=\"twitter:card\" content=\"summary_large_image\" \/>\n<meta name=\"twitter:creator\" content=\"@sunoresearch\" \/>\n<meta name=\"twitter:site\" content=\"@sunoresearch\" \/>\n<meta name=\"twitter:label1\" content=\"Escrito por\" \/>\n\t<meta name=\"twitter:data1\" content=\"Eduardo Vargas\" \/>\n\t<meta name=\"twitter:label2\" content=\"Est. tempo de leitura\" \/>\n\t<meta name=\"twitter:data2\" content=\"7 minutos\" \/>\n<script type=\"application\/ld+json\" class=\"yoast-schema-graph\">{\"@context\":\"https:\/\/schema.org\",\"@graph\":[{\"@type\":\"NewsArticle\",\"@id\":\"https:\/\/www.suno.com.br\/noticias\/eike-batista-leilao-bilionario\/#article\",\"isPartOf\":{\"@id\":\"https:\/\/www.suno.com.br\/noticias\/eike-batista-leilao-bilionario\/\"},\"author\":{\"name\":\"Eduardo Vargas\",\"@id\":\"https:\/\/www.suno.com.br\/noticias\/#\/schema\/person\/7f4d362bf3518e76090143ae77bb49a5\"},\"headline\":\"Eike Batista faz leil\u00e3o bilion\u00e1rio que pode encerrar suas d\u00edvidas\",\"datePublished\":\"2022-08-16T10:56:11+00:00\",\"mainEntityOfPage\":{\"@id\":\"https:\/\/www.suno.com.br\/noticias\/eike-batista-leilao-bilionario\/\"},\"wordCount\":1469,\"publisher\":{\"@id\":\"https:\/\/www.suno.com.br\/noticias\/#organization\"},\"image\":{\"@id\":\"https:\/\/www.suno.com.br\/noticias\/eike-batista-leilao-bilionario\/#primaryimage\"},\"thumbnailUrl\":\"https:\/\/files.sunoresearch.com.br\/n\/uploads\/2021\/07\/45dfd9a4-1099562-wdoli_abr_112920175803_1-scaled.jpg\",\"keywords\":[\"Ag\u00eancias\",\"Eike Batista\"],\"articleSection\":[\"Neg\u00f3cios\"],\"inLanguage\":\"pt-BR\"},{\"@type\":\"WebPage\",\"@id\":\"https:\/\/www.suno.com.br\/noticias\/eike-batista-leilao-bilionario\/\",\"url\":\"https:\/\/www.suno.com.br\/noticias\/eike-batista-leilao-bilionario\/\",\"name\":\"Eike Batista faz leil\u00e3o bilion\u00e1rio que pode encerrar suas d\u00edvidas\",\"isPartOf\":{\"@id\":\"https:\/\/www.suno.com.br\/noticias\/#website\"},\"primaryImageOfPage\":{\"@id\":\"https:\/\/www.suno.com.br\/noticias\/eike-batista-leilao-bilionario\/#primaryimage\"},\"image\":{\"@id\":\"https:\/\/www.suno.com.br\/noticias\/eike-batista-leilao-bilionario\/#primaryimage\"},\"thumbnailUrl\":\"https:\/\/files.sunoresearch.com.br\/n\/uploads\/2021\/07\/45dfd9a4-1099562-wdoli_abr_112920175803_1-scaled.jpg\",\"datePublished\":\"2022-08-16T10:56:11+00:00\",\"description\":\"As maiores d\u00edvidas de Eike Batista somam cerca de R$ 2 bilh\u00f5es, a fal\u00eancia da MMX e a Opera\u00e7\u00e3o Lava Jato. Confira!\",\"breadcrumb\":{\"@id\":\"https:\/\/www.suno.com.br\/noticias\/eike-batista-leilao-bilionario\/#breadcrumb\"},\"inLanguage\":\"pt-BR\",\"potentialAction\":[{\"@type\":\"ReadAction\",\"target\":[\"https:\/\/www.suno.com.br\/noticias\/eike-batista-leilao-bilionario\/\"]}]},{\"@type\":\"ImageObject\",\"inLanguage\":\"pt-BR\",\"@id\":\"https:\/\/www.suno.com.br\/noticias\/eike-batista-leilao-bilionario\/#primaryimage\",\"url\":\"https:\/\/files.sunoresearch.com.br\/n\/uploads\/2021\/07\/45dfd9a4-1099562-wdoli_abr_112920175803_1-scaled.jpg\",\"contentUrl\":\"https:\/\/files.sunoresearch.com.br\/n\/uploads\/2021\/07\/45dfd9a4-1099562-wdoli_abr_112920175803_1-scaled.jpg\",\"width\":2560,\"height\":1707,\"caption\":\"Eike Batista. Foto: Wilson Dias\/Ag\u00eancia Brasil.\"},{\"@type\":\"BreadcrumbList\",\"@id\":\"https:\/\/www.suno.com.br\/noticias\/eike-batista-leilao-bilionario\/#breadcrumb\",\"itemListElement\":[{\"@type\":\"ListItem\",\"position\":1,\"name\":\"Not\u00edcias\",\"item\":\"https:\/\/www.suno.com.br\/noticias\/\"},{\"@type\":\"ListItem\",\"position\":2,\"name\":\"Neg\u00f3cios\",\"item\":\"https:\/\/www.suno.com.br\/noticias\/negocios\/\"},{\"@type\":\"ListItem\",\"position\":3,\"name\":\"Eike Batista faz leil\u00e3o bilion\u00e1rio que pode encerrar suas d\u00edvidas\"}]},{\"@type\":\"WebSite\",\"@id\":\"https:\/\/www.suno.com.br\/noticias\/#website\",\"url\":\"https:\/\/www.suno.com.br\/noticias\/\",\"name\":\"Suno Not\u00edcias\",\"description\":\"Seu portal de informa\u00e7\u00e3o sobre o mundo dos investimentos\",\"publisher\":{\"@id\":\"https:\/\/www.suno.com.br\/noticias\/#organization\"},\"potentialAction\":[{\"@type\":\"SearchAction\",\"target\":{\"@type\":\"EntryPoint\",\"urlTemplate\":\"https:\/\/www.suno.com.br\/noticias\/?s={search_term_string}\"},\"query-input\":{\"@type\":\"PropertyValueSpecification\",\"valueRequired\":true,\"valueName\":\"search_term_string\"}}],\"inLanguage\":\"pt-BR\"},{\"@type\":\"Organization\",\"@id\":\"https:\/\/www.suno.com.br\/noticias\/#organization\",\"name\":\"Suno Not\u00edcias\",\"url\":\"https:\/\/www.suno.com.br\/noticias\/\",\"logo\":{\"@type\":\"ImageObject\",\"inLanguage\":\"pt-BR\",\"@id\":\"https:\/\/www.suno.com.br\/noticias\/#\/schema\/logo\/image\/\",\"url\":\"https:\/\/files.sunoresearch.com.br\/n\/uploads\/2021\/09\/suno-logo.png\",\"contentUrl\":\"https:\/\/files.sunoresearch.com.br\/n\/uploads\/2021\/09\/suno-logo.png\",\"width\":180,\"height\":180,\"caption\":\"Suno Not\u00edcias\"},\"image\":{\"@id\":\"https:\/\/www.suno.com.br\/noticias\/#\/schema\/logo\/image\/\"},\"sameAs\":[\"https:\/\/facebook.com\/sunoresearch\",\"https:\/\/x.com\/sunoresearch\",\"https:\/\/www.instagram.com\/suno\",\"https:\/\/www.linkedin.com\/company\/suno-research\/\",\"https:\/\/www.youtube.com\/c\/sunoresearch\"]},{\"@type\":\"Person\",\"@id\":\"https:\/\/www.suno.com.br\/noticias\/#\/schema\/person\/7f4d362bf3518e76090143ae77bb49a5\",\"name\":\"Eduardo Vargas\",\"image\":{\"@type\":\"ImageObject\",\"inLanguage\":\"pt-BR\",\"@id\":\"https:\/\/www.suno.com.br\/noticias\/#\/schema\/person\/image\/\",\"url\":\"https:\/\/secure.gravatar.com\/avatar\/dac340933427a22924c9f99d1eb2e3f2?s=96&r=g\",\"contentUrl\":\"https:\/\/secure.gravatar.com\/avatar\/dac340933427a22924c9f99d1eb2e3f2?s=96&r=g\",\"caption\":\"Eduardo Vargas\"},\"description\":\"Jornalista formado pela UFSC, cobre macroeconomia, neg\u00f3cios e startups para o Suno Not\u00edcias, escrevendo principalmente not\u00edcias sobre o mercado financeiro e a bolsa de valores. No YouTube e no Instagram, \u00e9 respons\u00e1vel pela produ\u00e7\u00e3o de Reels e Shorts do Suno Not\u00edcias. Anteriormente, trabalhou cobrindo economia e cotidiano no ND+ e para o ND, maior jornal impresso de Santa Catarina. Cursou um semestre letivo de Estudos de M\u00eddia na Universidad de Buenos Aires.\",\"url\":\"https:\/\/www.suno.com.br\/noticias\/author\/eduardo-vargas\/\"}]}<\/script>\n<!-- \/ Yoast SEO plugin. -->","yoast_head_json":{"title":"Eike Batista faz leil\u00e3o bilion\u00e1rio que pode encerrar suas d\u00edvidas","description":"As maiores d\u00edvidas de Eike Batista somam cerca de R$ 2 bilh\u00f5es, a fal\u00eancia da MMX e a Opera\u00e7\u00e3o Lava Jato. Confira!","robots":{"index":"index","follow":"follow","max-snippet":"max-snippet:-1","max-image-preview":"max-image-preview:large","max-video-preview":"max-video-preview:-1"},"canonical":"https:\/\/www.suno.com.br\/noticias\/eike-batista-leilao-bilionario\/","og_locale":"pt_BR","og_type":"article","og_title":"Eike Batista faz leil\u00e3o bilion\u00e1rio que pode encerrar suas d\u00edvidas","og_description":"As maiores d\u00edvidas de Eike Batista somam cerca de R$ 2 bilh\u00f5es, a fal\u00eancia da MMX e a Opera\u00e7\u00e3o Lava Jato. Confira!","og_url":"https:\/\/www.suno.com.br\/noticias\/eike-batista-leilao-bilionario\/","og_site_name":"Suno Not\u00edcias","article_publisher":"https:\/\/facebook.com\/sunoresearch","og_image":[{"width":2560,"height":1707,"url":"https:\/\/files.sunoresearch.com.br\/n\/uploads\/2021\/07\/45dfd9a4-1099562-wdoli_abr_112920175803_1-scaled.jpg","type":"image\/jpeg"}],"author":"Eduardo Vargas","twitter_card":"summary_large_image","twitter_creator":"@sunoresearch","twitter_site":"@sunoresearch","twitter_misc":{"Escrito por":"Eduardo Vargas","Est. tempo de leitura":"7 minutos"},"schema":{"@context":"https:\/\/schema.org","@graph":[{"@type":"NewsArticle","@id":"https:\/\/www.suno.com.br\/noticias\/eike-batista-leilao-bilionario\/#article","isPartOf":{"@id":"https:\/\/www.suno.com.br\/noticias\/eike-batista-leilao-bilionario\/"},"author":{"name":"Eduardo Vargas","@id":"https:\/\/www.suno.com.br\/noticias\/#\/schema\/person\/7f4d362bf3518e76090143ae77bb49a5"},"headline":"Eike Batista faz leil\u00e3o bilion\u00e1rio que pode encerrar suas d\u00edvidas","datePublished":"2022-08-16T10:56:11+00:00","mainEntityOfPage":{"@id":"https:\/\/www.suno.com.br\/noticias\/eike-batista-leilao-bilionario\/"},"wordCount":1469,"publisher":{"@id":"https:\/\/www.suno.com.br\/noticias\/#organization"},"image":{"@id":"https:\/\/www.suno.com.br\/noticias\/eike-batista-leilao-bilionario\/#primaryimage"},"thumbnailUrl":"https:\/\/files.sunoresearch.com.br\/n\/uploads\/2021\/07\/45dfd9a4-1099562-wdoli_abr_112920175803_1-scaled.jpg","keywords":["Ag\u00eancias","Eike Batista"],"articleSection":["Neg\u00f3cios"],"inLanguage":"pt-BR"},{"@type":"WebPage","@id":"https:\/\/www.suno.com.br\/noticias\/eike-batista-leilao-bilionario\/","url":"https:\/\/www.suno.com.br\/noticias\/eike-batista-leilao-bilionario\/","name":"Eike Batista faz leil\u00e3o bilion\u00e1rio que pode encerrar suas d\u00edvidas","isPartOf":{"@id":"https:\/\/www.suno.com.br\/noticias\/#website"},"primaryImageOfPage":{"@id":"https:\/\/www.suno.com.br\/noticias\/eike-batista-leilao-bilionario\/#primaryimage"},"image":{"@id":"https:\/\/www.suno.com.br\/noticias\/eike-batista-leilao-bilionario\/#primaryimage"},"thumbnailUrl":"https:\/\/files.sunoresearch.com.br\/n\/uploads\/2021\/07\/45dfd9a4-1099562-wdoli_abr_112920175803_1-scaled.jpg","datePublished":"2022-08-16T10:56:11+00:00","description":"As maiores d\u00edvidas de Eike Batista somam cerca de R$ 2 bilh\u00f5es, a fal\u00eancia da MMX e a Opera\u00e7\u00e3o Lava Jato. Confira!","breadcrumb":{"@id":"https:\/\/www.suno.com.br\/noticias\/eike-batista-leilao-bilionario\/#breadcrumb"},"inLanguage":"pt-BR","potentialAction":[{"@type":"ReadAction","target":["https:\/\/www.suno.com.br\/noticias\/eike-batista-leilao-bilionario\/"]}]},{"@type":"ImageObject","inLanguage":"pt-BR","@id":"https:\/\/www.suno.com.br\/noticias\/eike-batista-leilao-bilionario\/#primaryimage","url":"https:\/\/files.sunoresearch.com.br\/n\/uploads\/2021\/07\/45dfd9a4-1099562-wdoli_abr_112920175803_1-scaled.jpg","contentUrl":"https:\/\/files.sunoresearch.com.br\/n\/uploads\/2021\/07\/45dfd9a4-1099562-wdoli_abr_112920175803_1-scaled.jpg","width":2560,"height":1707,"caption":"Eike Batista. Foto: Wilson Dias\/Ag\u00eancia Brasil."},{"@type":"BreadcrumbList","@id":"https:\/\/www.suno.com.br\/noticias\/eike-batista-leilao-bilionario\/#breadcrumb","itemListElement":[{"@type":"ListItem","position":1,"name":"Not\u00edcias","item":"https:\/\/www.suno.com.br\/noticias\/"},{"@type":"ListItem","position":2,"name":"Neg\u00f3cios","item":"https:\/\/www.suno.com.br\/noticias\/negocios\/"},{"@type":"ListItem","position":3,"name":"Eike Batista faz leil\u00e3o bilion\u00e1rio que pode encerrar suas d\u00edvidas"}]},{"@type":"WebSite","@id":"https:\/\/www.suno.com.br\/noticias\/#website","url":"https:\/\/www.suno.com.br\/noticias\/","name":"Suno Not\u00edcias","description":"Seu portal de informa\u00e7\u00e3o sobre o mundo dos investimentos","publisher":{"@id":"https:\/\/www.suno.com.br\/noticias\/#organization"},"potentialAction":[{"@type":"SearchAction","target":{"@type":"EntryPoint","urlTemplate":"https:\/\/www.suno.com.br\/noticias\/?s={search_term_string}"},"query-input":{"@type":"PropertyValueSpecification","valueRequired":true,"valueName":"search_term_string"}}],"inLanguage":"pt-BR"},{"@type":"Organization","@id":"https:\/\/www.suno.com.br\/noticias\/#organization","name":"Suno Not\u00edcias","url":"https:\/\/www.suno.com.br\/noticias\/","logo":{"@type":"ImageObject","inLanguage":"pt-BR","@id":"https:\/\/www.suno.com.br\/noticias\/#\/schema\/logo\/image\/","url":"https:\/\/files.sunoresearch.com.br\/n\/uploads\/2021\/09\/suno-logo.png","contentUrl":"https:\/\/files.sunoresearch.com.br\/n\/uploads\/2021\/09\/suno-logo.png","width":180,"height":180,"caption":"Suno Not\u00edcias"},"image":{"@id":"https:\/\/www.suno.com.br\/noticias\/#\/schema\/logo\/image\/"},"sameAs":["https:\/\/facebook.com\/sunoresearch","https:\/\/x.com\/sunoresearch","https:\/\/www.instagram.com\/suno","https:\/\/www.linkedin.com\/company\/suno-research\/","https:\/\/www.youtube.com\/c\/sunoresearch"]},{"@type":"Person","@id":"https:\/\/www.suno.com.br\/noticias\/#\/schema\/person\/7f4d362bf3518e76090143ae77bb49a5","name":"Eduardo Vargas","image":{"@type":"ImageObject","inLanguage":"pt-BR","@id":"https:\/\/www.suno.com.br\/noticias\/#\/schema\/person\/image\/","url":"https:\/\/secure.gravatar.com\/avatar\/dac340933427a22924c9f99d1eb2e3f2?s=96&r=g","contentUrl":"https:\/\/secure.gravatar.com\/avatar\/dac340933427a22924c9f99d1eb2e3f2?s=96&r=g","caption":"Eduardo Vargas"},"description":"Jornalista formado pela UFSC, cobre macroeconomia, neg\u00f3cios e startups para o Suno Not\u00edcias, escrevendo principalmente not\u00edcias sobre o mercado financeiro e a bolsa de valores. No YouTube e no Instagram, \u00e9 respons\u00e1vel pela produ\u00e7\u00e3o de Reels e Shorts do Suno Not\u00edcias. Anteriormente, trabalhou cobrindo economia e cotidiano no ND+ e para o ND, maior jornal impresso de Santa Catarina. Cursou um semestre letivo de Estudos de M\u00eddia na Universidad de Buenos Aires.","url":"https:\/\/www.suno.com.br\/noticias\/author\/eduardo-vargas\/"}]}},"default_loop_html":"<div class=\"cardsPage__listCard__boxs\"><div class=\"cardsPage__listCard__boxs__img\"><a href=\"https:\/\/www.suno.com.br\/noticias\/eike-batista-leilao-bilionario\/\"><img class=\"mask\" src=\"https:\/\/www.suno.com.br\/noticias\/wp-content\/themes\/suno\/resources\/images\/spotlight\/spotlight1img\/bg-mask.png\" alt=\"Image Mask\"\/><img src=\"https:\/\/files.sunoresearch.com.br\/n\/uploads\/2021\/07\/45dfd9a4-1099562-wdoli_abr_112920175803_1-400x200.jpg\" alt=\"Eike Batista faz leil\u00e3o bilion\u00e1rio que pode encerrar suas d\u00edvidas\"\/><\/a><span class=\"spotlightCategory\"><a href=\"https:\/\/www.suno.com.br\/noticias\/negocios\/\">Neg\u00f3cios<\/a><\/span><\/div><div class=\"cardsPage__listCard__boxs__content\"><a href=\"https:\/\/www.suno.com.br\/noticias\/eike-batista-leilao-bilionario\/\"><h2 class=\"content__title\">Eike Batista faz leil\u00e3o bilion\u00e1rio que pode encerrar suas d\u00edvidas<\/h2><\/a><div class=\"newsContent__article__meta\"><div class=\"newsContent__article__meta__authorBox\"><a href=\"https:\/\/www.suno.com.br\/noticias\/author\/eduardo-vargas\/\" class=\"authorBox__avatar noMobi\"><img src=\"https:\/\/secure.gravatar.com\/avatar\/dac340933427a22924c9f99d1eb2e3f2?s=96&#038;r=g\" alt=\"Eduardo Vargas\"><\/a><div class=\"authorBox__name\"><span>por\n\t\t\t<a href=\"https:\/\/www.suno.com.br\/noticias\/author\/eduardo-vargas\/\"><span itemprop=\"author\">Eduardo Vargas<\/span><\/a><\/span><time datetime=\"2022-08-16T07:56:11-03:00\" itemprop=\"datePublished\">16\/08\/2022 07:56<\/time><\/div><\/div><\/div><\/div><\/div>","single_layout":"posts","amp_enabled":true,"_links":{"self":[{"href":"https:\/\/www.suno.com.br\/noticias\/wp-json\/wp\/v2\/posts\/285429"}],"collection":[{"href":"https:\/\/www.suno.com.br\/noticias\/wp-json\/wp\/v2\/posts"}],"about":[{"href":"https:\/\/www.suno.com.br\/noticias\/wp-json\/wp\/v2\/types\/post"}],"author":[{"embeddable":true,"href":"https:\/\/www.suno.com.br\/noticias\/wp-json\/wp\/v2\/users\/73"}],"replies":[{"embeddable":true,"href":"https:\/\/www.suno.com.br\/noticias\/wp-json\/wp\/v2\/comments?post=285429"}],"version-history":[{"count":2,"href":"https:\/\/www.suno.com.br\/noticias\/wp-json\/wp\/v2\/posts\/285429\/revisions"}],"predecessor-version":[{"id":285455,"href":"https:\/\/www.suno.com.br\/noticias\/wp-json\/wp\/v2\/posts\/285429\/revisions\/285455"}],"wp:featuredmedia":[{"embeddable":true,"href":"https:\/\/www.suno.com.br\/noticias\/wp-json\/wp\/v2\/media\/167300"}],"wp:attachment":[{"href":"https:\/\/www.suno.com.br\/noticias\/wp-json\/wp\/v2\/media?parent=285429"}],"wp:term":[{"taxonomy":"category","embeddable":true,"href":"https:\/\/www.suno.com.br\/noticias\/wp-json\/wp\/v2\/categories?post=285429"},{"taxonomy":"post_tag","embeddable":true,"href":"https:\/\/www.suno.com.br\/noticias\/wp-json\/wp\/v2\/tags?post=285429"},{"taxonomy":"suno_strategy","embeddable":true,"href":"https:\/\/www.suno.com.br\/noticias\/wp-json\/wp\/v2\/suno_strategy?post=285429"}],"curies":[{"name":"wp","href":"https:\/\/api.w.org\/{rel}","templated":true}]}}