{"id":285428,"date":"2022-08-16T09:41:48","date_gmt":"2022-08-16T12:41:48","guid":{"rendered":"https:\/\/www.suno.com.br\/noticias\/?p=285428"},"modified":"2022-08-16T10:40:26","modified_gmt":"2022-08-16T13:40:26","slug":"eike-batista-falencias-dividas-bilionarias","status":"publish","type":"post","link":"https:\/\/www.suno.com.br\/noticias\/eike-batista-falencias-dividas-bilionarias\/","title":{"rendered":"Eike Batista: de homem mais rico a empres\u00e1rio falido; entenda"},"content":{"rendered":"<p><strong><a class=\"suno-keyword\" href=\"https:\/\/www.suno.com.br\/tudo-sobre\/eike-batista\/\" target=\"_blank\" rel=\"noopener\" data-force=\"no\" data-priority=\"2\">Eike Batista<\/a><\/strong> deixou um rastro de d\u00edvidas bilion\u00e1rias, mesmo que se pondere que alguns neg\u00f3cios deram certo, nas m\u00e3os de outros donos. Diante das d\u00edvidas, buscar a prote\u00e7\u00e3o contra credores, pedindo recupera\u00e7\u00e3o judicial, foi o caminho natural, iniciado em 2013.<\/p>\t<div class=\"wrapper-featured-image\">\n\t\t<figure class=\"spotlightImg\">\n\n\t\t\t<picture>\n\t\t\t\t<source media=\"(max-width: 768px)\" srcset=\"https:\/\/files.sunoresearch.com.br\/n\/uploads\/2022\/08\/Eike-Batista-400x200.jpg\">\n\t\t\t\t<img loading=\"lazy\" decoding=\"async\" class=\"newsContent__article__imgCapa lazyloadDisabled \" src=\"https:\/\/files.sunoresearch.com.br\/n\/uploads\/2022\/08\/Eike-Batista-800x450.jpg\" width=\"800\" height=\"450\" alt=\"Eike Batista: de homem mais rico a empres\u00e1rio falido; entenda\" fetchpriority=high \/>\n\t\t\t<\/picture>\n\n\t\t\t<figcaption class=\"wp-caption-text wp-caption-text--show\">Eike Batista. Foto: Vin\u00edcius Loures\/C\u00e2mara dos Deputados<\/figcaption>\n\t\t<\/figure>\n\t<\/div>\n\n\n\t<p>\n\t\t<a href=\"\" target=\"_blank\" data-element=\"shortcode-suno-banner\" title=\"Banner SUNO, clique e saiba mais\">\n\t\t\t<picture>\n\t\t\t\t<source media=\"(max-width: 500px)\" srcset=\"\">\n\t\t\t\t<img class=\"newsContent__article__imgCapa newsContent__article__imgCapa--banner\"\n\t\t\t\t\tsrc=\"\"\n\t\t\t\t\tdata-promo-id=\"138420\"\t\t\t\t\t\t\t\t\t\t\t\t\t\t\talt=\"\"\n\t\t\t\t>\n\t\t\t<\/picture>\n\t\t<\/a>\n\t<\/p>\n\n\n<p>O empres\u00e1rio chegou a ser a s\u00e9tima pessoa mais rica do mundo, em 2012, com fortuna avaliada em US$ 34,5 bilh\u00f5es. Depois virou alvo da Opera\u00e7\u00e3o Lava Jato, foi condenado por corrup\u00e7\u00e3o ativa, <a class=\"suno-keyword\" href=\"https:\/\/www.suno.com.br\/artigos\/lavagem-de-dinheiro\/\" target=\"_blank\" rel=\"noopener\" data-force=\"no\" data-priority=\"2\">lavagem de dinheiro<\/a> e manipula\u00e7\u00e3o de mercado, preso e firmou acordo de dela\u00e7\u00e3o premiada com a Procuradoria-Geral da Rep\u00fablica (PGR).<\/p>\n<p>A petroleira OGX &#8211; criada, nos planos fara\u00f4nicos de Eike Batista, para ser uma &#8220;mini-Petrobras&#8221; &#8211; puxou a fila, j\u00e1 que foi a primeira a n\u00e3o entregar o desempenho prometido. Foi seguida pelo estaleiro OSX e a mineradora MMX.<\/p>\n<p>Os pedidos de recupera\u00e7\u00e3o judicial do conglomerado se destacaram pelo tamanho das d\u00edvidas, colocando \u00e0 prova a ent\u00e3o <a class=\"suno-keyword\" href=\"https:\/\/www.suno.com.br\/artigos\/lei-de-falencias\/\" target=\"_blank\" rel=\"noopener\" data-force=\"no\" data-priority=\"2\">Lei de Fal\u00eancias<\/a>, aprovada em 2005.<\/p>\n<p>Alguns processos permitiram a reestrutura\u00e7\u00e3o de parte dos d\u00e9bitos. O caso da OGX, por exemplo, serviu de modelo para situa\u00e7\u00f5es que envolvem empresas e credores sediados no exterior, diz Juliana Bumachar, s\u00f3cia do escrit\u00f3rio Bumachar Advogados Associados.<\/p>\n<p>Outros processos se arrastaram. \u00c9 o caso da mineradora MMX, criada para ser uma &#8220;mini-Vale&#8221; e protagonista dos \u00faltimos cap\u00edtulos da novela de <strong>Eike<\/strong>.<\/p>\n<p>O pedido de recupera\u00e7\u00e3o judicial da empresa j\u00e1 come\u00e7ou complicado: em parte por causa do emaranhado de firmas por tr\u00e1s da composi\u00e7\u00e3o acion\u00e1ria, t\u00edpico no Grupo X.<\/p>\n<p>A companhia entrou com dois processos no Judici\u00e1rio, que correm em paralelo, um no Tribunal de Justi\u00e7a de Minas Gerais (TJ-MG), outro no Tribunal de Justi\u00e7a do Rio (TJ-RJ).<\/p>\n<p>Nos dois, o grupo minerador teve a fal\u00eancia decretada. As d\u00edvidas somam em torno de R$ 1,2 bilh\u00e3o no processo de Minas, segundo o administrador judicial, Bernardo Bicalho.<\/p>\n<p>O valor do processo do Rio \u00e9 menor, mas eles se sobrep\u00f5em, j\u00e1 que as d\u00edvidas s\u00e3o praticamente as mesmas &#8211; a operadora ferrovi\u00e1ria MRS Log\u00edstica \u00e9 quem tem mais a receber. O objetivo, agora, \u00e9 levantar o m\u00e1ximo de recursos com o <a href=\"https:\/\/www.suno.com.br\/noticias\/eike-batista-leilao-bilionario\/\"><strong>leil\u00e3o<\/strong> de deb\u00eantures que ser\u00e1 realizado nesta ter\u00e7a-feira (16)<\/a>, para pagar os credores.<\/p>\n\t<p>\n\t\t<a href=\"https:\/\/lp.suno.com.br\/planilha-controle-gastos\/\" target=\"_blank\" data-element=\"shortcode-suno-banner\" title=\"Banner SUNO, clique e saiba mais\">\n\t\t\t<picture>\n\t\t\t\t<source media=\"(max-width: 500px)\" srcset=\"https:\/\/files.sunoresearch.com.br\/n\/uploads\/2023\/03\/400x300-Planilha-controle-de-gastos.png\">\n\t\t\t\t<img class=\"newsContent__article__imgCapa newsContent__article__imgCapa--banner\"\n\t\t\t\t\tsrc=\"https:\/\/files.sunoresearch.com.br\/n\/uploads\/2023\/03\/1420x240-Planilha-controle-de-gastos.png\"\n\t\t\t\t\tdata-promo-id=\"101751\"\t\t\t\t\t\t\t\t\t\twidth='1420' height='240'\t\t\t\t\talt=\"https:\/\/files.sunoresearch.com.br\/n\/uploads\/2023\/03\/1420x240-Planilha-controle-de-gastos.png\"\n\t\t\t\t>\n\t\t\t<\/picture>\n\t\t<\/a>\n\t<\/p>\n\n\n<h2><b>Interesses conflitantes de Eike Batista<\/b><\/h2>\n<p>Nos processos das empresas do Grupo X, as pol\u00eamicas j\u00e1 tradicionais em processos de fal\u00eancia s\u00e3o turbinadas pela personalidade ic\u00f4nica e midi\u00e1tica do <strong>ex-bilion\u00e1rio<\/strong>.<\/p>\n<p>O processo da MMX no TJ-MG se destacou porque, em maio 2017, o administrador judicial conseguiu autoriza\u00e7\u00e3o para &#8220;desconsiderar a personalidade jur\u00eddica&#8221; da mineradora. Em outras palavras, o TJ-MG autorizou que bens do <a class=\"suno-keyword\" href=\"https:\/\/www.suno.com.br\/artigos\/patrimonio-pessoal\/\" target=\"_blank\" rel=\"noopener\" data-force=\"no\" data-priority=\"1\">patrim\u00f4nio pessoal<\/a> de <strong>Eike <\/strong>e de outras empresas pelas quais o empres\u00e1rio detinha sua participa\u00e7\u00e3o na companhia fossem inclu\u00eddos no processo, servindo para, uma vez vendidos, ressarcir os credores.<\/p>\n<p>De acordo com Bumachar, essa sa\u00edda tem sido mais usada nos processos de recupera\u00e7\u00e3o judicial. A atualiza\u00e7\u00e3o da Lei de Fal\u00eancias, aprovada em dezembro de 2020, deixou mais clara a possibilidade de fazer esse acesso ao patrim\u00f4nio pessoal dos s\u00f3cios das empresas.<\/p>\n<p>A ideia \u00e9 que, se o dono de uma empresa usa a pessoa jur\u00eddica de forma abusiva ou fraudulenta, a segrega\u00e7\u00e3o legal que existe entre a <a class=\"suno-keyword\" href=\"https:\/\/www.suno.com.br\/artigos\/pessoa-fisica\/\" target=\"_blank\" rel=\"noopener\" data-force=\"no\" data-priority=\"1\">pessoa f\u00edsica<\/a> do empres\u00e1rio e a jur\u00eddica da firma \u00e9 &#8220;desconsiderada&#8221;, trazendo para o processo o patrim\u00f4nio pessoal.<\/p>\n<p>No emaranhado de firmas que o ex-bilion\u00e1rio usa para gerir seus bens &#8211; ou ocult\u00e1-los, dependendo de quem conta a est\u00f3ria &#8211; foi encontrado um lote de &#8220;deb\u00eantures participativas&#8221;, t\u00edtulo de d\u00edvida com caracter\u00edsticas financeiras especiais, da mineradora brit\u00e2nica Anglo American, uma das gigantes do setor no mundo, que disputa com a Vale, a BHB Billiton e a Rio Tinto.<\/p>\n<p>Os pap\u00e9is s\u00e3o da subsidi\u00e1ria brasileira da Anglo que toca o projeto Minas-Rio, complexo de produ\u00e7\u00e3o de min\u00e9rio de ferro. Em 2008, a mineradora brit\u00e2nica desembolsou US$ 5,5 bilh\u00f5es para comprar o projeto desenvolvido pela MMX, que inclui uma mina, em Concei\u00e7\u00e3o do Mato Dentro (MG), um mineroduto e um terminal exportador no Porto do A\u00e7u, litoral norte do Rio. O projeto deu muita dor de cabe\u00e7a para a Anglo, at\u00e9 come\u00e7ar a produzir, com anos de atraso.<\/p>\n<p class=\"newsProviderSignature\">Com informa\u00e7\u00f5es do Estad\u00e3o Conte\u00fado<\/p>\n\t<p>\n\t\t<a href=\"https:\/\/lp.suno.com.br\/planilha-da-vida-financeira\/\" target=\"_blank\" data-element=\"shortcode-suno-banner\" title=\"Banner SUNO, clique e saiba mais\">\n\t\t\t<picture>\n\t\t\t\t<source media=\"(max-width: 500px)\" srcset=\"https:\/\/files.sunoresearch.com.br\/n\/uploads\/2023\/04\/400x300-Planilha-vida-financeira-true.png\">\n\t\t\t\t<img class=\"newsContent__article__imgCapa newsContent__article__imgCapa--banner\"\n\t\t\t\t\tsrc=\"https:\/\/files.sunoresearch.com.br\/n\/uploads\/2023\/04\/1420x240-Planilha-vida-financeira-true.png\"\n\t\t\t\t\tdata-promo-id=\"106682\"\t\t\t\t\t\t\t\t\t\twidth='1420' height='240'\t\t\t\t\talt=\"https:\/\/files.sunoresearch.com.br\/n\/uploads\/2023\/04\/1420x240-Planilha-vida-financeira-true.png\"\n\t\t\t\t>\n\t\t\t<\/picture>\n\t\t<\/a>\n\t<\/p>\n\n\n","protected":false},"excerpt":{"rendered":"<p>Eike Batista deixou um rastro de d\u00edvidas bilion\u00e1rias, mesmo que se pondere que alguns neg\u00f3cios deram certo, nas m\u00e3os de outros donos. Diante das d\u00edvidas, buscar a prote\u00e7\u00e3o contra credores, pedindo recupera\u00e7\u00e3o judicial, foi o caminho natural, iniciado em 2013. Eike Batista. Foto: Vin\u00edcius Loures\/C\u00e2mara dos Deputados O empres\u00e1rio chegou a ser a s\u00e9tima pessoa [&hellip;]<\/p>\n","protected":false},"author":43,"featured_media":285558,"comment_status":"closed","ping_status":"closed","sticky":false,"template":"","format":"standard","meta":[],"categories":[64],"tags":[106444,1415],"suno_strategy":[],"class_list":["post-285428","post","type-post","status-publish","format-standard","has-post-thumbnail","hentry","category-negocios","tag-agencias","tag-eike-batista"],"yoast_head":"<!-- This site is optimized with the Yoast SEO plugin v24.4 - https:\/\/yoast.com\/wordpress\/plugins\/seo\/ -->\n<title>Eike Batista: do auge ao fundo do po\u00e7o; entenda a trajet\u00f3ria do empres\u00e1rio<\/title>\n<meta name=\"robots\" content=\"index, follow, max-snippet:-1, max-image-preview:large, max-video-preview:-1\" \/>\n<link rel=\"canonical\" href=\"https:\/\/www.suno.com.br\/noticias\/eike-batista-falencias-dividas-bilionarias\/\" \/>\n<meta property=\"og:locale\" content=\"pt_BR\" \/>\n<meta property=\"og:type\" content=\"article\" \/>\n<meta property=\"og:title\" content=\"Eike Batista: do auge ao fundo do po\u00e7o; entenda a trajet\u00f3ria do empres\u00e1rio\" \/>\n<meta property=\"og:description\" content=\"Eike Batista deixou um rastro de d\u00edvidas bilion\u00e1rias, mesmo que se pondere que alguns neg\u00f3cios deram certo, nas m\u00e3os de outros donos. Diante das d\u00edvidas, buscar a prote\u00e7\u00e3o contra credores, pedindo recupera\u00e7\u00e3o judicial, foi o caminho natural, iniciado em 2013. Eike Batista. Foto: Vin\u00edcius Loures\/C\u00e2mara dos Deputados O empres\u00e1rio chegou a ser a s\u00e9tima pessoa [&hellip;]\" \/>\n<meta property=\"og:url\" content=\"https:\/\/www.suno.com.br\/noticias\/eike-batista-falencias-dividas-bilionarias\/\" \/>\n<meta property=\"og:site_name\" content=\"Suno Not\u00edcias\" \/>\n<meta property=\"article:publisher\" content=\"https:\/\/facebook.com\/sunoresearch\" \/>\n<meta property=\"article:author\" content=\"https:\/\/www.facebook.com\/sunonoticias\/\" \/>\n<meta property=\"og:image\" content=\"https:\/\/files.sunoresearch.com.br\/n\/uploads\/2022\/08\/Eike-Batista.jpg\" \/>\n\t<meta property=\"og:image:width\" content=\"1200\" \/>\n\t<meta property=\"og:image:height\" content=\"800\" \/>\n\t<meta property=\"og:image:type\" content=\"image\/jpeg\" \/>\n<meta name=\"author\" content=\"Reda\u00e7\u00e3o Suno Not\u00edcias\" \/>\n<meta name=\"twitter:card\" content=\"summary_large_image\" \/>\n<meta name=\"twitter:creator\" content=\"@https:\/\/twitter.com\/sunoresearch\" \/>\n<meta name=\"twitter:site\" content=\"@sunoresearch\" \/>\n<meta name=\"twitter:label1\" content=\"Escrito por\" \/>\n\t<meta name=\"twitter:data1\" content=\"Reda\u00e7\u00e3o Suno Not\u00edcias\" \/>\n\t<meta name=\"twitter:label2\" content=\"Est. tempo de leitura\" \/>\n\t<meta name=\"twitter:data2\" content=\"5 minutos\" \/>\n<script type=\"application\/ld+json\" class=\"yoast-schema-graph\">{\"@context\":\"https:\/\/schema.org\",\"@graph\":[{\"@type\":\"NewsArticle\",\"@id\":\"https:\/\/www.suno.com.br\/noticias\/eike-batista-falencias-dividas-bilionarias\/#article\",\"isPartOf\":{\"@id\":\"https:\/\/www.suno.com.br\/noticias\/eike-batista-falencias-dividas-bilionarias\/\"},\"author\":{\"name\":\"Reda\u00e7\u00e3o Suno Not\u00edcias\",\"@id\":\"https:\/\/www.suno.com.br\/noticias\/#\/schema\/person\/c1b1bd3727fa852bd045e9dbff3673ea\"},\"headline\":\"Eike Batista: de homem mais rico a empres\u00e1rio falido; entenda\",\"datePublished\":\"2022-08-16T12:41:48+00:00\",\"dateModified\":\"2022-08-16T13:40:26+00:00\",\"mainEntityOfPage\":{\"@id\":\"https:\/\/www.suno.com.br\/noticias\/eike-batista-falencias-dividas-bilionarias\/\"},\"wordCount\":774,\"publisher\":{\"@id\":\"https:\/\/www.suno.com.br\/noticias\/#organization\"},\"image\":{\"@id\":\"https:\/\/www.suno.com.br\/noticias\/eike-batista-falencias-dividas-bilionarias\/#primaryimage\"},\"thumbnailUrl\":\"https:\/\/files.sunoresearch.com.br\/n\/uploads\/2022\/08\/Eike-Batista.jpg\",\"keywords\":[\"Ag\u00eancias\",\"Eike Batista\"],\"articleSection\":[\"Neg\u00f3cios\"],\"inLanguage\":\"pt-BR\"},{\"@type\":\"WebPage\",\"@id\":\"https:\/\/www.suno.com.br\/noticias\/eike-batista-falencias-dividas-bilionarias\/\",\"url\":\"https:\/\/www.suno.com.br\/noticias\/eike-batista-falencias-dividas-bilionarias\/\",\"name\":\"Eike Batista: do auge ao fundo do po\u00e7o; entenda a trajet\u00f3ria do empres\u00e1rio\",\"isPartOf\":{\"@id\":\"https:\/\/www.suno.com.br\/noticias\/#website\"},\"primaryImageOfPage\":{\"@id\":\"https:\/\/www.suno.com.br\/noticias\/eike-batista-falencias-dividas-bilionarias\/#primaryimage\"},\"image\":{\"@id\":\"https:\/\/www.suno.com.br\/noticias\/eike-batista-falencias-dividas-bilionarias\/#primaryimage\"},\"thumbnailUrl\":\"https:\/\/files.sunoresearch.com.br\/n\/uploads\/2022\/08\/Eike-Batista.jpg\",\"datePublished\":\"2022-08-16T12:41:48+00:00\",\"dateModified\":\"2022-08-16T13:40:26+00:00\",\"breadcrumb\":{\"@id\":\"https:\/\/www.suno.com.br\/noticias\/eike-batista-falencias-dividas-bilionarias\/#breadcrumb\"},\"inLanguage\":\"pt-BR\",\"potentialAction\":[{\"@type\":\"ReadAction\",\"target\":[\"https:\/\/www.suno.com.br\/noticias\/eike-batista-falencias-dividas-bilionarias\/\"]}]},{\"@type\":\"ImageObject\",\"inLanguage\":\"pt-BR\",\"@id\":\"https:\/\/www.suno.com.br\/noticias\/eike-batista-falencias-dividas-bilionarias\/#primaryimage\",\"url\":\"https:\/\/files.sunoresearch.com.br\/n\/uploads\/2022\/08\/Eike-Batista.jpg\",\"contentUrl\":\"https:\/\/files.sunoresearch.com.br\/n\/uploads\/2022\/08\/Eike-Batista.jpg\",\"width\":1200,\"height\":800,\"caption\":\"Eike Batista. Foto: Vin\u00edcius Loures\/C\u00e2mara dos Deputados\"},{\"@type\":\"BreadcrumbList\",\"@id\":\"https:\/\/www.suno.com.br\/noticias\/eike-batista-falencias-dividas-bilionarias\/#breadcrumb\",\"itemListElement\":[{\"@type\":\"ListItem\",\"position\":1,\"name\":\"Not\u00edcias\",\"item\":\"https:\/\/www.suno.com.br\/noticias\/\"},{\"@type\":\"ListItem\",\"position\":2,\"name\":\"Neg\u00f3cios\",\"item\":\"https:\/\/www.suno.com.br\/noticias\/negocios\/\"},{\"@type\":\"ListItem\",\"position\":3,\"name\":\"Eike Batista: de homem mais rico a empres\u00e1rio falido; entenda\"}]},{\"@type\":\"WebSite\",\"@id\":\"https:\/\/www.suno.com.br\/noticias\/#website\",\"url\":\"https:\/\/www.suno.com.br\/noticias\/\",\"name\":\"Suno Not\u00edcias\",\"description\":\"Seu portal de informa\u00e7\u00e3o sobre o mundo dos investimentos\",\"publisher\":{\"@id\":\"https:\/\/www.suno.com.br\/noticias\/#organization\"},\"potentialAction\":[{\"@type\":\"SearchAction\",\"target\":{\"@type\":\"EntryPoint\",\"urlTemplate\":\"https:\/\/www.suno.com.br\/noticias\/?s={search_term_string}\"},\"query-input\":{\"@type\":\"PropertyValueSpecification\",\"valueRequired\":true,\"valueName\":\"search_term_string\"}}],\"inLanguage\":\"pt-BR\"},{\"@type\":\"Organization\",\"@id\":\"https:\/\/www.suno.com.br\/noticias\/#organization\",\"name\":\"Suno Not\u00edcias\",\"url\":\"https:\/\/www.suno.com.br\/noticias\/\",\"logo\":{\"@type\":\"ImageObject\",\"inLanguage\":\"pt-BR\",\"@id\":\"https:\/\/www.suno.com.br\/noticias\/#\/schema\/logo\/image\/\",\"url\":\"https:\/\/files.sunoresearch.com.br\/n\/uploads\/2021\/09\/suno-logo.png\",\"contentUrl\":\"https:\/\/files.sunoresearch.com.br\/n\/uploads\/2021\/09\/suno-logo.png\",\"width\":180,\"height\":180,\"caption\":\"Suno Not\u00edcias\"},\"image\":{\"@id\":\"https:\/\/www.suno.com.br\/noticias\/#\/schema\/logo\/image\/\"},\"sameAs\":[\"https:\/\/facebook.com\/sunoresearch\",\"https:\/\/x.com\/sunoresearch\",\"https:\/\/www.instagram.com\/suno\",\"https:\/\/www.linkedin.com\/company\/suno-research\/\",\"https:\/\/www.youtube.com\/c\/sunoresearch\"]},{\"@type\":\"Person\",\"@id\":\"https:\/\/www.suno.com.br\/noticias\/#\/schema\/person\/c1b1bd3727fa852bd045e9dbff3673ea\",\"name\":\"Reda\u00e7\u00e3o Suno Not\u00edcias\",\"image\":{\"@type\":\"ImageObject\",\"inLanguage\":\"pt-BR\",\"@id\":\"https:\/\/www.suno.com.br\/noticias\/#\/schema\/person\/image\/\",\"url\":\"https:\/\/secure.gravatar.com\/avatar\/b8104b9b5a71985d5238ee59fbe418af?s=96&r=g\",\"contentUrl\":\"https:\/\/secure.gravatar.com\/avatar\/b8104b9b5a71985d5238ee59fbe418af?s=96&r=g\",\"caption\":\"Reda\u00e7\u00e3o Suno Not\u00edcias\"},\"description\":\"O Suno Not\u00edcias \u00e9 um portal de informa\u00e7\u00f5es sobre Mercado Financeiro, Pol\u00edtica, Neg\u00f3cios, Economia e Finan\u00e7as Pessoais.\",\"sameAs\":[\"https:\/\/www.suno.com.br\/noticias\",\"https:\/\/www.facebook.com\/sunonoticias\/\",\"https:\/\/www.instagram.com\/sunonoticias\/\",\"https:\/\/x.com\/https:\/\/twitter.com\/sunoresearch\",\"https:\/\/www.youtube.com\/sunonoticias\"],\"url\":\"https:\/\/www.suno.com.br\/noticias\/author\/redacao-suno\/\"}]}<\/script>\n<!-- \/ Yoast SEO plugin. -->","yoast_head_json":{"title":"Eike Batista: do auge ao fundo do po\u00e7o; entenda a trajet\u00f3ria do empres\u00e1rio","robots":{"index":"index","follow":"follow","max-snippet":"max-snippet:-1","max-image-preview":"max-image-preview:large","max-video-preview":"max-video-preview:-1"},"canonical":"https:\/\/www.suno.com.br\/noticias\/eike-batista-falencias-dividas-bilionarias\/","og_locale":"pt_BR","og_type":"article","og_title":"Eike Batista: do auge ao fundo do po\u00e7o; entenda a trajet\u00f3ria do empres\u00e1rio","og_description":"Eike Batista deixou um rastro de d\u00edvidas bilion\u00e1rias, mesmo que se pondere que alguns neg\u00f3cios deram certo, nas m\u00e3os de outros donos. Diante das d\u00edvidas, buscar a prote\u00e7\u00e3o contra credores, pedindo recupera\u00e7\u00e3o judicial, foi o caminho natural, iniciado em 2013. Eike Batista. Foto: Vin\u00edcius Loures\/C\u00e2mara dos Deputados O empres\u00e1rio chegou a ser a s\u00e9tima pessoa [&hellip;]","og_url":"https:\/\/www.suno.com.br\/noticias\/eike-batista-falencias-dividas-bilionarias\/","og_site_name":"Suno Not\u00edcias","article_publisher":"https:\/\/facebook.com\/sunoresearch","article_author":"https:\/\/www.facebook.com\/sunonoticias\/","og_image":[{"width":1200,"height":800,"url":"https:\/\/files.sunoresearch.com.br\/n\/uploads\/2022\/08\/Eike-Batista.jpg","type":"image\/jpeg"}],"author":"Reda\u00e7\u00e3o Suno Not\u00edcias","twitter_card":"summary_large_image","twitter_creator":"@https:\/\/twitter.com\/sunoresearch","twitter_site":"@sunoresearch","twitter_misc":{"Escrito por":"Reda\u00e7\u00e3o Suno Not\u00edcias","Est. tempo de leitura":"5 minutos"},"schema":{"@context":"https:\/\/schema.org","@graph":[{"@type":"NewsArticle","@id":"https:\/\/www.suno.com.br\/noticias\/eike-batista-falencias-dividas-bilionarias\/#article","isPartOf":{"@id":"https:\/\/www.suno.com.br\/noticias\/eike-batista-falencias-dividas-bilionarias\/"},"author":{"name":"Reda\u00e7\u00e3o Suno Not\u00edcias","@id":"https:\/\/www.suno.com.br\/noticias\/#\/schema\/person\/c1b1bd3727fa852bd045e9dbff3673ea"},"headline":"Eike Batista: de homem mais rico a empres\u00e1rio falido; entenda","datePublished":"2022-08-16T12:41:48+00:00","dateModified":"2022-08-16T13:40:26+00:00","mainEntityOfPage":{"@id":"https:\/\/www.suno.com.br\/noticias\/eike-batista-falencias-dividas-bilionarias\/"},"wordCount":774,"publisher":{"@id":"https:\/\/www.suno.com.br\/noticias\/#organization"},"image":{"@id":"https:\/\/www.suno.com.br\/noticias\/eike-batista-falencias-dividas-bilionarias\/#primaryimage"},"thumbnailUrl":"https:\/\/files.sunoresearch.com.br\/n\/uploads\/2022\/08\/Eike-Batista.jpg","keywords":["Ag\u00eancias","Eike Batista"],"articleSection":["Neg\u00f3cios"],"inLanguage":"pt-BR"},{"@type":"WebPage","@id":"https:\/\/www.suno.com.br\/noticias\/eike-batista-falencias-dividas-bilionarias\/","url":"https:\/\/www.suno.com.br\/noticias\/eike-batista-falencias-dividas-bilionarias\/","name":"Eike Batista: do auge ao fundo do po\u00e7o; entenda a trajet\u00f3ria do empres\u00e1rio","isPartOf":{"@id":"https:\/\/www.suno.com.br\/noticias\/#website"},"primaryImageOfPage":{"@id":"https:\/\/www.suno.com.br\/noticias\/eike-batista-falencias-dividas-bilionarias\/#primaryimage"},"image":{"@id":"https:\/\/www.suno.com.br\/noticias\/eike-batista-falencias-dividas-bilionarias\/#primaryimage"},"thumbnailUrl":"https:\/\/files.sunoresearch.com.br\/n\/uploads\/2022\/08\/Eike-Batista.jpg","datePublished":"2022-08-16T12:41:48+00:00","dateModified":"2022-08-16T13:40:26+00:00","breadcrumb":{"@id":"https:\/\/www.suno.com.br\/noticias\/eike-batista-falencias-dividas-bilionarias\/#breadcrumb"},"inLanguage":"pt-BR","potentialAction":[{"@type":"ReadAction","target":["https:\/\/www.suno.com.br\/noticias\/eike-batista-falencias-dividas-bilionarias\/"]}]},{"@type":"ImageObject","inLanguage":"pt-BR","@id":"https:\/\/www.suno.com.br\/noticias\/eike-batista-falencias-dividas-bilionarias\/#primaryimage","url":"https:\/\/files.sunoresearch.com.br\/n\/uploads\/2022\/08\/Eike-Batista.jpg","contentUrl":"https:\/\/files.sunoresearch.com.br\/n\/uploads\/2022\/08\/Eike-Batista.jpg","width":1200,"height":800,"caption":"Eike Batista. Foto: Vin\u00edcius Loures\/C\u00e2mara dos Deputados"},{"@type":"BreadcrumbList","@id":"https:\/\/www.suno.com.br\/noticias\/eike-batista-falencias-dividas-bilionarias\/#breadcrumb","itemListElement":[{"@type":"ListItem","position":1,"name":"Not\u00edcias","item":"https:\/\/www.suno.com.br\/noticias\/"},{"@type":"ListItem","position":2,"name":"Neg\u00f3cios","item":"https:\/\/www.suno.com.br\/noticias\/negocios\/"},{"@type":"ListItem","position":3,"name":"Eike Batista: de homem mais rico a empres\u00e1rio falido; entenda"}]},{"@type":"WebSite","@id":"https:\/\/www.suno.com.br\/noticias\/#website","url":"https:\/\/www.suno.com.br\/noticias\/","name":"Suno Not\u00edcias","description":"Seu portal de informa\u00e7\u00e3o sobre o mundo dos investimentos","publisher":{"@id":"https:\/\/www.suno.com.br\/noticias\/#organization"},"potentialAction":[{"@type":"SearchAction","target":{"@type":"EntryPoint","urlTemplate":"https:\/\/www.suno.com.br\/noticias\/?s={search_term_string}"},"query-input":{"@type":"PropertyValueSpecification","valueRequired":true,"valueName":"search_term_string"}}],"inLanguage":"pt-BR"},{"@type":"Organization","@id":"https:\/\/www.suno.com.br\/noticias\/#organization","name":"Suno Not\u00edcias","url":"https:\/\/www.suno.com.br\/noticias\/","logo":{"@type":"ImageObject","inLanguage":"pt-BR","@id":"https:\/\/www.suno.com.br\/noticias\/#\/schema\/logo\/image\/","url":"https:\/\/files.sunoresearch.com.br\/n\/uploads\/2021\/09\/suno-logo.png","contentUrl":"https:\/\/files.sunoresearch.com.br\/n\/uploads\/2021\/09\/suno-logo.png","width":180,"height":180,"caption":"Suno Not\u00edcias"},"image":{"@id":"https:\/\/www.suno.com.br\/noticias\/#\/schema\/logo\/image\/"},"sameAs":["https:\/\/facebook.com\/sunoresearch","https:\/\/x.com\/sunoresearch","https:\/\/www.instagram.com\/suno","https:\/\/www.linkedin.com\/company\/suno-research\/","https:\/\/www.youtube.com\/c\/sunoresearch"]},{"@type":"Person","@id":"https:\/\/www.suno.com.br\/noticias\/#\/schema\/person\/c1b1bd3727fa852bd045e9dbff3673ea","name":"Reda\u00e7\u00e3o Suno Not\u00edcias","image":{"@type":"ImageObject","inLanguage":"pt-BR","@id":"https:\/\/www.suno.com.br\/noticias\/#\/schema\/person\/image\/","url":"https:\/\/secure.gravatar.com\/avatar\/b8104b9b5a71985d5238ee59fbe418af?s=96&r=g","contentUrl":"https:\/\/secure.gravatar.com\/avatar\/b8104b9b5a71985d5238ee59fbe418af?s=96&r=g","caption":"Reda\u00e7\u00e3o Suno Not\u00edcias"},"description":"O Suno Not\u00edcias \u00e9 um portal de informa\u00e7\u00f5es sobre Mercado Financeiro, Pol\u00edtica, Neg\u00f3cios, Economia e Finan\u00e7as Pessoais.","sameAs":["https:\/\/www.suno.com.br\/noticias","https:\/\/www.facebook.com\/sunonoticias\/","https:\/\/www.instagram.com\/sunonoticias\/","https:\/\/x.com\/https:\/\/twitter.com\/sunoresearch","https:\/\/www.youtube.com\/sunonoticias"],"url":"https:\/\/www.suno.com.br\/noticias\/author\/redacao-suno\/"}]}},"default_loop_html":"<div class=\"cardsPage__listCard__boxs\"><div class=\"cardsPage__listCard__boxs__img\"><a href=\"https:\/\/www.suno.com.br\/noticias\/eike-batista-falencias-dividas-bilionarias\/\"><img class=\"mask\" src=\"https:\/\/www.suno.com.br\/noticias\/wp-content\/themes\/suno\/resources\/images\/spotlight\/spotlight1img\/bg-mask.png\" alt=\"Image Mask\"\/><img src=\"https:\/\/files.sunoresearch.com.br\/n\/uploads\/2022\/08\/Eike-Batista-400x200.jpg\" alt=\"Eike Batista: de homem mais rico a empres\u00e1rio falido; entenda\"\/><\/a><span class=\"spotlightCategory\"><a href=\"https:\/\/www.suno.com.br\/noticias\/negocios\/\">Neg\u00f3cios<\/a><\/span><\/div><div class=\"cardsPage__listCard__boxs__content\"><a href=\"https:\/\/www.suno.com.br\/noticias\/eike-batista-falencias-dividas-bilionarias\/\"><h2 class=\"content__title\">Eike Batista: de homem mais rico a empres\u00e1rio falido; entenda<\/h2><\/a><div class=\"newsContent__article__meta\"><div class=\"newsContent__article__meta__authorBox\"><a href=\"https:\/\/www.suno.com.br\/noticias\/author\/redacao-suno\/\" class=\"authorBox__avatar noMobi\"><img src=\"https:\/\/files.sunoresearch.com.br\/n\/uploads\/2020\/08\/0ace682d-redacao-1-150x150.webp\" alt=\"Reda\u00e7\u00e3o Suno Not\u00edcias\"><\/a><div class=\"authorBox__name\"><span>por\n\t\t\t<a href=\"https:\/\/www.suno.com.br\/noticias\/author\/redacao-suno\/\"><span itemprop=\"author\">Reda\u00e7\u00e3o Suno Not\u00edcias<\/span><\/a><\/span><time datetime=\"2022-08-16T09:41:48-03:00\" itemprop=\"datePublished\">16\/08\/2022 09:41<\/time><\/div><\/div><\/div><\/div><\/div>","single_layout":"posts","amp_enabled":true,"_links":{"self":[{"href":"https:\/\/www.suno.com.br\/noticias\/wp-json\/wp\/v2\/posts\/285428"}],"collection":[{"href":"https:\/\/www.suno.com.br\/noticias\/wp-json\/wp\/v2\/posts"}],"about":[{"href":"https:\/\/www.suno.com.br\/noticias\/wp-json\/wp\/v2\/types\/post"}],"author":[{"embeddable":true,"href":"https:\/\/www.suno.com.br\/noticias\/wp-json\/wp\/v2\/users\/43"}],"replies":[{"embeddable":true,"href":"https:\/\/www.suno.com.br\/noticias\/wp-json\/wp\/v2\/comments?post=285428"}],"version-history":[{"count":4,"href":"https:\/\/www.suno.com.br\/noticias\/wp-json\/wp\/v2\/posts\/285428\/revisions"}],"predecessor-version":[{"id":285549,"href":"https:\/\/www.suno.com.br\/noticias\/wp-json\/wp\/v2\/posts\/285428\/revisions\/285549"}],"wp:featuredmedia":[{"embeddable":true,"href":"https:\/\/www.suno.com.br\/noticias\/wp-json\/wp\/v2\/media\/285558"}],"wp:attachment":[{"href":"https:\/\/www.suno.com.br\/noticias\/wp-json\/wp\/v2\/media?parent=285428"}],"wp:term":[{"taxonomy":"category","embeddable":true,"href":"https:\/\/www.suno.com.br\/noticias\/wp-json\/wp\/v2\/categories?post=285428"},{"taxonomy":"post_tag","embeddable":true,"href":"https:\/\/www.suno.com.br\/noticias\/wp-json\/wp\/v2\/tags?post=285428"},{"taxonomy":"suno_strategy","embeddable":true,"href":"https:\/\/www.suno.com.br\/noticias\/wp-json\/wp\/v2\/suno_strategy?post=285428"}],"curies":[{"name":"wp","href":"https:\/\/api.w.org\/{rel}","templated":true}]}}