{"id":285422,"date":"2022-08-16T22:16:05","date_gmt":"2022-08-17T01:16:05","guid":{"rendered":"https:\/\/www.suno.com.br\/noticias\/?p=285422"},"modified":"2022-08-16T22:16:05","modified_gmt":"2022-08-17T01:16:05","slug":"leilao-eike-batista-sem-propostas-segunda-vez","status":"publish","type":"post","link":"https:\/\/www.suno.com.br\/noticias\/leilao-eike-batista-sem-propostas-segunda-vez\/","title":{"rendered":"Sem sucesso: leil\u00e3o de Eike Batista termina sem propostas pela segunda vez"},"content":{"rendered":"<p>A venda de deb\u00eantures de um fundo secreto do empres\u00e1rio <strong><a class=\"suno-keyword\" href=\"https:\/\/www.suno.com.br\/tudo-sobre\/eike-batista\/\" target=\"_blank\" rel=\"noopener\" data-force=\"no\" data-priority=\"2\">Eike Batista<\/a><\/strong> n\u00e3o recebeu propostas e, portanto, fracassou pela segunda vez em dois meses. O leil\u00e3o marcado para esta ter\u00e7a-feira (16) tinha lance m\u00ednimo de R$ 1,25 bilh\u00e3o, valor que seria usado para quitar parte das d\u00edvidas remanescentes do empres\u00e1rio.<\/p>\t<div class=\"wrapper-featured-image\">\n\t\t<figure class=\"spotlightImg\">\n\n\t\t\t<picture>\n\t\t\t\t<source media=\"(max-width: 768px)\" srcset=\"https:\/\/files.sunoresearch.com.br\/n\/uploads\/2019\/06\/71ef2d87-eike-400x200.webp\">\n\t\t\t\t<img loading=\"lazy\" decoding=\"async\" class=\"newsContent__article__imgCapa lazyloadDisabled \" src=\"https:\/\/files.sunoresearch.com.br\/n\/uploads\/2019\/06\/71ef2d87-eike-800x450.webp\" width=\"800\" height=\"450\" alt=\"Sem sucesso: leil\u00e3o de Eike Batista termina sem propostas pela segunda vez\" fetchpriority=high \/>\n\t\t\t<\/picture>\n\n\t\t\t<figcaption class=\"wp-caption-text wp-caption-text--show\">CVM multa Eike Batista em mais de R$ 550 mil por omitir informa\u00e7\u00f5es<\/figcaption>\n\t\t<\/figure>\n\t<\/div>\n\n\r\n\r\n\t<p>\n\t\t<a href=\"\" target=\"_blank\" data-element=\"shortcode-suno-banner\" title=\"Banner SUNO, clique e saiba mais\">\n\t\t\t<picture>\n\t\t\t\t<source media=\"(max-width: 500px)\" srcset=\"\">\n\t\t\t\t<img class=\"newsContent__article__imgCapa newsContent__article__imgCapa--banner\"\n\t\t\t\t\tsrc=\"\"\n\t\t\t\t\tdata-promo-id=\"138420\"\t\t\t\t\t\t\t\t\t\t\t\t\t\t\talt=\"\"\n\t\t\t\t>\n\t\t\t<\/picture>\n\t\t<\/a>\n\t<\/p>\n\n\r\n<p>Ao todo, houve cinco manifesta\u00e7\u00f5es de interesse pelos<strong> ativos de Eike Batista<\/strong>, mas ningu\u00e9m apresentou propostas formais. Segundo o jornal Valor Econ\u00f4mico, entre os interessados estariam BTG Pactual (BPAC11), Credit Suisse e alguns fundos de investimentos.<\/p>\r\n<p>A quantia levantada pelo certame seria usada para pagar os <strong>credores da MMX<\/strong> Sudeste. Os profissionais que assessoram o leil\u00e3o procuraram a Vara Empresarial de Belo Horizonte, que determinou o processo, para que seja realizada uma nova concorr\u00eancia, em data futura.<\/p>\r\n<p>Existe a possibilidade, no entanto, de que o novo leil\u00e3o seja realizado de forma privada, o que poderia deixar o processo com menos transpar\u00eancia, disseram interlocutores ao Valor.<\/p>\r\n<p>Essa \u00e9 a segunda vez que os ativos de Eike Batista v\u00e3o a leil\u00e3o judicial. No \u00faltimo m\u00eas de julho, a Justi\u00e7a de Minas Gerais tentou vend\u00ea-los pelo pre\u00e7o m\u00ednimo de US$ 350 milh\u00f5es, mas ningu\u00e9m se interessou pelos t\u00edtulos.<\/p>\r\n<p>O segundo processo, ent\u00e3o, aconteceu com um des\u00e1gio de quase 35%, contando o desconto e a <a class=\"suno-keyword\" href=\"https:\/\/www.suno.com.br\/artigos\/variacao-cambial\/\" target=\"_blank\" rel=\"noopener\" data-force=\"no\" data-priority=\"1\">varia\u00e7\u00e3o cambial<\/a> entre os per\u00edodos.<\/p>\r\n\t<p>\n\t\t<a href=\"https:\/\/lp.suno.com.br\/ebook-como-analisar-uma-acao\/\" target=\"_blank\" data-element=\"shortcode-suno-banner\" title=\"Banner SUNO, clique e saiba mais\">\n\t\t\t<picture>\n\t\t\t\t<source media=\"(max-width: 500px)\" srcset=\"https:\/\/files.sunoresearch.com.br\/n\/uploads\/2023\/03\/Ebook-Acoes-Mobile-1.jpg\">\n\t\t\t\t<img class=\"newsContent__article__imgCapa newsContent__article__imgCapa--banner\"\n\t\t\t\t\tsrc=\"https:\/\/files.sunoresearch.com.br\/n\/uploads\/2023\/03\/Ebook-Acoes-Desktop-1.jpg\"\n\t\t\t\t\tdata-promo-id=\"171998\"\t\t\t\t\t\t\t\t\t\twidth='1420' height='286'\t\t\t\t\talt=\"https:\/\/files.sunoresearch.com.br\/n\/uploads\/2023\/03\/Ebook-Acoes-Desktop-1.jpg\"\n\t\t\t\t>\n\t\t\t<\/picture>\n\t\t<\/a>\n\t<\/p>\n\n\r\n<h2>Eike Batista j\u00e1 foi homem mais rico do Brasil<\/h2>\r\n<p>Com uma fortuna ent\u00e3o avaliada em US$ 34,5 bilh\u00f5es, Eike Batista j\u00e1 foi considerado o homem mais rico do Brasil e o s\u00e9timo do mundo. Mas a historia do empres\u00e1rio mudou quando o empres\u00e1rio virou alvo da Opera\u00e7\u00e3o Lava Jato. Acabou condenado por corrup\u00e7\u00e3o ativa, lavagem de dinheiro e manipula\u00e7\u00e3o de mercado.<\/p>\r\n<p>Batista foi preso e, depois, firmou\u00a0acordo de dela\u00e7\u00e3o premiada com a Procuradoria-Geral da Rep\u00fablica (PGR). Suas empresas, ent\u00e3o, passaram a n\u00e3o \u00a0entregar resultados satisfat\u00f3rios e logo se formou uma fila de credores.\u00a0<\/p>\r\n<p>Diante das d\u00edvidas, pedir <a class=\"suno-keyword\" href=\"https:\/\/www.suno.com.br\/artigos\/recuperacao-judicial\/\" target=\"_blank\" rel=\"noopener\" data-force=\"no\" data-priority=\"2\">recupera\u00e7\u00e3o judicial<\/a> foi o caminho natural para <strong>Eike Batista<\/strong>, com processo iniciado em 2013. Os pedidos de recupera\u00e7\u00e3o judicial do conglomerado se destacaram pelo tamanho das d\u00edvidas, colocando \u00e0 prova a ent\u00e3o Lei de Fal\u00eancias, aprovada em 2005.<\/p>\r\n\t<p>\n\t\t<a href=\"https:\/\/lp.suno.com.br\/planilha-de-controle-de-investimentos\/\" target=\"_blank\" data-element=\"shortcode-suno-banner\" title=\"Banner SUNO, clique e saiba mais\">\n\t\t\t<picture>\n\t\t\t\t<source media=\"(max-width: 500px)\" srcset=\"https:\/\/files.sunoresearch.com.br\/n\/uploads\/2023\/03\/400x300-Controle-de-Investimentos.png\">\n\t\t\t\t<img class=\"newsContent__article__imgCapa newsContent__article__imgCapa--banner\"\n\t\t\t\t\tsrc=\"https:\/\/files.sunoresearch.com.br\/n\/uploads\/2023\/03\/1420x240-Controle-de-Investimentos.png\"\n\t\t\t\t\tdata-promo-id=\"75934\"\t\t\t\t\t\t\t\t\t\twidth='1420' height='240'\t\t\t\t\talt=\"https:\/\/files.sunoresearch.com.br\/n\/uploads\/2023\/03\/1420x240-Controle-de-Investimentos.png\"\n\t\t\t\t>\n\t\t\t<\/picture>\n\t\t<\/a>\n\t<\/p>\n\n\r\n","protected":false},"excerpt":{"rendered":"<p>A venda de deb\u00eantures de um fundo secreto do empres\u00e1rio Eike Batista n\u00e3o recebeu propostas e, portanto, fracassou pela segunda vez em dois meses. O leil\u00e3o marcado para esta ter\u00e7a-feira (16) tinha lance m\u00ednimo de R$ 1,25 bilh\u00e3o, valor que seria usado para quitar parte das d\u00edvidas remanescentes do empres\u00e1rio. CVM multa Eike Batista em [&hellip;]<\/p>\n","protected":false},"author":198,"featured_media":29148,"comment_status":"closed","ping_status":"closed","sticky":false,"template":"","format":"standard","meta":[],"categories":[64],"tags":[1415,314],"suno_strategy":[],"class_list":["post-285422","post","type-post","status-publish","format-standard","has-post-thumbnail","hentry","category-negocios","tag-eike-batista","tag-recuperacao-judicial"],"yoast_head":"<!-- This site is optimized with the Yoast SEO plugin v24.4 - https:\/\/yoast.com\/wordpress\/plugins\/seo\/ -->\n<title>Leil\u00e3o de Eike Batista termina sem propostas pela segunda vez<\/title>\n<meta name=\"description\" content=\"A venda de deb\u00eantures de um fundo secreto do empres\u00e1rio Eike Batista n\u00e3o recebeu propostas e, portanto, fracassou pela segunda vez\" \/>\n<meta name=\"robots\" content=\"index, follow, max-snippet:-1, max-image-preview:large, max-video-preview:-1\" \/>\n<link rel=\"canonical\" href=\"https:\/\/www.suno.com.br\/noticias\/leilao-eike-batista-sem-propostas-segunda-vez\/\" \/>\n<meta property=\"og:locale\" content=\"pt_BR\" \/>\n<meta property=\"og:type\" content=\"article\" \/>\n<meta property=\"og:title\" content=\"Leil\u00e3o de Eike Batista termina sem propostas pela segunda vez\" \/>\n<meta property=\"og:description\" content=\"A venda de deb\u00eantures de um fundo secreto do empres\u00e1rio Eike Batista n\u00e3o recebeu propostas e, portanto, fracassou pela segunda vez\" \/>\n<meta property=\"og:url\" content=\"https:\/\/www.suno.com.br\/noticias\/leilao-eike-batista-sem-propostas-segunda-vez\/\" \/>\n<meta property=\"og:site_name\" content=\"Suno Not\u00edcias\" \/>\n<meta property=\"article:publisher\" content=\"https:\/\/facebook.com\/sunoresearch\" \/>\n<meta property=\"og:image\" content=\"https:\/\/files.sunoresearch.com.br\/n\/uploads\/2019\/06\/71ef2d87-eike.jpg\" \/>\n\t<meta property=\"og:image:width\" content=\"3172\" \/>\n\t<meta property=\"og:image:height\" content=\"2264\" \/>\n\t<meta property=\"og:image:type\" content=\"image\/jpeg\" \/>\n<meta name=\"author\" content=\"Wesley Santana\" \/>\n<meta name=\"twitter:card\" content=\"summary_large_image\" \/>\n<meta name=\"twitter:creator\" content=\"@sunoresearch\" \/>\n<meta name=\"twitter:site\" content=\"@sunoresearch\" \/>\n<meta name=\"twitter:label1\" content=\"Escrito por\" \/>\n\t<meta name=\"twitter:data1\" content=\"Wesley Santana\" \/>\n\t<meta name=\"twitter:label2\" content=\"Est. tempo de leitura\" \/>\n\t<meta name=\"twitter:data2\" content=\"2 minutos\" \/>\n<script type=\"application\/ld+json\" class=\"yoast-schema-graph\">{\"@context\":\"https:\/\/schema.org\",\"@graph\":[{\"@type\":\"NewsArticle\",\"@id\":\"https:\/\/www.suno.com.br\/noticias\/leilao-eike-batista-sem-propostas-segunda-vez\/#article\",\"isPartOf\":{\"@id\":\"https:\/\/www.suno.com.br\/noticias\/leilao-eike-batista-sem-propostas-segunda-vez\/\"},\"author\":{\"name\":\"Wesley Santana\",\"@id\":\"https:\/\/www.suno.com.br\/noticias\/#\/schema\/person\/92be41176947b0b15780200176c90285\"},\"headline\":\"Sem sucesso: leil\u00e3o de Eike Batista termina sem propostas pela segunda vez\",\"datePublished\":\"2022-08-17T01:16:05+00:00\",\"mainEntityOfPage\":{\"@id\":\"https:\/\/www.suno.com.br\/noticias\/leilao-eike-batista-sem-propostas-segunda-vez\/\"},\"wordCount\":414,\"publisher\":{\"@id\":\"https:\/\/www.suno.com.br\/noticias\/#organization\"},\"image\":{\"@id\":\"https:\/\/www.suno.com.br\/noticias\/leilao-eike-batista-sem-propostas-segunda-vez\/#primaryimage\"},\"thumbnailUrl\":\"https:\/\/files.sunoresearch.com.br\/n\/uploads\/2019\/06\/71ef2d87-eike-scaled.webp\",\"keywords\":[\"Eike Batista\",\"recupera\u00e7\u00e3o judicial\"],\"articleSection\":[\"Neg\u00f3cios\"],\"inLanguage\":\"pt-BR\"},{\"@type\":\"WebPage\",\"@id\":\"https:\/\/www.suno.com.br\/noticias\/leilao-eike-batista-sem-propostas-segunda-vez\/\",\"url\":\"https:\/\/www.suno.com.br\/noticias\/leilao-eike-batista-sem-propostas-segunda-vez\/\",\"name\":\"Leil\u00e3o de Eike Batista termina sem propostas pela segunda vez\",\"isPartOf\":{\"@id\":\"https:\/\/www.suno.com.br\/noticias\/#website\"},\"primaryImageOfPage\":{\"@id\":\"https:\/\/www.suno.com.br\/noticias\/leilao-eike-batista-sem-propostas-segunda-vez\/#primaryimage\"},\"image\":{\"@id\":\"https:\/\/www.suno.com.br\/noticias\/leilao-eike-batista-sem-propostas-segunda-vez\/#primaryimage\"},\"thumbnailUrl\":\"https:\/\/files.sunoresearch.com.br\/n\/uploads\/2019\/06\/71ef2d87-eike-scaled.webp\",\"datePublished\":\"2022-08-17T01:16:05+00:00\",\"description\":\"A venda de deb\u00eantures de um fundo secreto do empres\u00e1rio Eike Batista n\u00e3o recebeu propostas e, portanto, fracassou pela segunda vez\",\"breadcrumb\":{\"@id\":\"https:\/\/www.suno.com.br\/noticias\/leilao-eike-batista-sem-propostas-segunda-vez\/#breadcrumb\"},\"inLanguage\":\"pt-BR\",\"potentialAction\":[{\"@type\":\"ReadAction\",\"target\":[\"https:\/\/www.suno.com.br\/noticias\/leilao-eike-batista-sem-propostas-segunda-vez\/\"]}]},{\"@type\":\"ImageObject\",\"inLanguage\":\"pt-BR\",\"@id\":\"https:\/\/www.suno.com.br\/noticias\/leilao-eike-batista-sem-propostas-segunda-vez\/#primaryimage\",\"url\":\"https:\/\/files.sunoresearch.com.br\/n\/uploads\/2019\/06\/71ef2d87-eike-scaled.webp\",\"contentUrl\":\"https:\/\/files.sunoresearch.com.br\/n\/uploads\/2019\/06\/71ef2d87-eike-scaled.webp\",\"width\":2560,\"height\":1827,\"caption\":\"CVM multa Eike Batista em mais de R$ 550 mil por omitir informa\u00e7\u00f5es\"},{\"@type\":\"BreadcrumbList\",\"@id\":\"https:\/\/www.suno.com.br\/noticias\/leilao-eike-batista-sem-propostas-segunda-vez\/#breadcrumb\",\"itemListElement\":[{\"@type\":\"ListItem\",\"position\":1,\"name\":\"Not\u00edcias\",\"item\":\"https:\/\/www.suno.com.br\/noticias\/\"},{\"@type\":\"ListItem\",\"position\":2,\"name\":\"Neg\u00f3cios\",\"item\":\"https:\/\/www.suno.com.br\/noticias\/negocios\/\"},{\"@type\":\"ListItem\",\"position\":3,\"name\":\"Sem sucesso: leil\u00e3o de Eike Batista termina sem propostas pela segunda vez\"}]},{\"@type\":\"WebSite\",\"@id\":\"https:\/\/www.suno.com.br\/noticias\/#website\",\"url\":\"https:\/\/www.suno.com.br\/noticias\/\",\"name\":\"Suno Not\u00edcias\",\"description\":\"Seu portal de informa\u00e7\u00e3o sobre o mundo dos investimentos\",\"publisher\":{\"@id\":\"https:\/\/www.suno.com.br\/noticias\/#organization\"},\"potentialAction\":[{\"@type\":\"SearchAction\",\"target\":{\"@type\":\"EntryPoint\",\"urlTemplate\":\"https:\/\/www.suno.com.br\/noticias\/?s={search_term_string}\"},\"query-input\":{\"@type\":\"PropertyValueSpecification\",\"valueRequired\":true,\"valueName\":\"search_term_string\"}}],\"inLanguage\":\"pt-BR\"},{\"@type\":\"Organization\",\"@id\":\"https:\/\/www.suno.com.br\/noticias\/#organization\",\"name\":\"Suno Not\u00edcias\",\"url\":\"https:\/\/www.suno.com.br\/noticias\/\",\"logo\":{\"@type\":\"ImageObject\",\"inLanguage\":\"pt-BR\",\"@id\":\"https:\/\/www.suno.com.br\/noticias\/#\/schema\/logo\/image\/\",\"url\":\"https:\/\/files.sunoresearch.com.br\/n\/uploads\/2021\/09\/suno-logo.png\",\"contentUrl\":\"https:\/\/files.sunoresearch.com.br\/n\/uploads\/2021\/09\/suno-logo.png\",\"width\":180,\"height\":180,\"caption\":\"Suno Not\u00edcias\"},\"image\":{\"@id\":\"https:\/\/www.suno.com.br\/noticias\/#\/schema\/logo\/image\/\"},\"sameAs\":[\"https:\/\/facebook.com\/sunoresearch\",\"https:\/\/x.com\/sunoresearch\",\"https:\/\/www.instagram.com\/suno\",\"https:\/\/www.linkedin.com\/company\/suno-research\/\",\"https:\/\/www.youtube.com\/c\/sunoresearch\"]},{\"@type\":\"Person\",\"@id\":\"https:\/\/www.suno.com.br\/noticias\/#\/schema\/person\/92be41176947b0b15780200176c90285\",\"name\":\"Wesley Santana\",\"image\":{\"@type\":\"ImageObject\",\"inLanguage\":\"pt-BR\",\"@id\":\"https:\/\/www.suno.com.br\/noticias\/#\/schema\/person\/image\/\",\"url\":\"https:\/\/secure.gravatar.com\/avatar\/ee1b4ea17db9dc2fc8c10c6dee7b3f79?s=96&r=g\",\"contentUrl\":\"https:\/\/secure.gravatar.com\/avatar\/ee1b4ea17db9dc2fc8c10c6dee7b3f79?s=96&r=g\",\"caption\":\"Wesley Santana\"},\"description\":\"\u00c9 rep\u00f3rter especializado em finan\u00e7as e tecnologia, com passagens por \u00c9poca Neg\u00f3cios, CNN Business e Olhar Digital. Tamb\u00e9m participou do programa de forma\u00e7\u00e3o em mercado de capitais da B3.\",\"url\":\"https:\/\/www.suno.com.br\/noticias\/author\/wesley-santana\/\"}]}<\/script>\n<!-- \/ Yoast SEO plugin. -->","yoast_head_json":{"title":"Leil\u00e3o de Eike Batista termina sem propostas pela segunda vez","description":"A venda de deb\u00eantures de um fundo secreto do empres\u00e1rio Eike Batista n\u00e3o recebeu propostas e, portanto, fracassou pela segunda vez","robots":{"index":"index","follow":"follow","max-snippet":"max-snippet:-1","max-image-preview":"max-image-preview:large","max-video-preview":"max-video-preview:-1"},"canonical":"https:\/\/www.suno.com.br\/noticias\/leilao-eike-batista-sem-propostas-segunda-vez\/","og_locale":"pt_BR","og_type":"article","og_title":"Leil\u00e3o de Eike Batista termina sem propostas pela segunda vez","og_description":"A venda de deb\u00eantures de um fundo secreto do empres\u00e1rio Eike Batista n\u00e3o recebeu propostas e, portanto, fracassou pela segunda vez","og_url":"https:\/\/www.suno.com.br\/noticias\/leilao-eike-batista-sem-propostas-segunda-vez\/","og_site_name":"Suno Not\u00edcias","article_publisher":"https:\/\/facebook.com\/sunoresearch","og_image":[{"width":3172,"height":2264,"url":"https:\/\/files.sunoresearch.com.br\/n\/uploads\/2019\/06\/71ef2d87-eike.jpg","type":"image\/jpeg"}],"author":"Wesley Santana","twitter_card":"summary_large_image","twitter_creator":"@sunoresearch","twitter_site":"@sunoresearch","twitter_misc":{"Escrito por":"Wesley Santana","Est. tempo de leitura":"2 minutos"},"schema":{"@context":"https:\/\/schema.org","@graph":[{"@type":"NewsArticle","@id":"https:\/\/www.suno.com.br\/noticias\/leilao-eike-batista-sem-propostas-segunda-vez\/#article","isPartOf":{"@id":"https:\/\/www.suno.com.br\/noticias\/leilao-eike-batista-sem-propostas-segunda-vez\/"},"author":{"name":"Wesley Santana","@id":"https:\/\/www.suno.com.br\/noticias\/#\/schema\/person\/92be41176947b0b15780200176c90285"},"headline":"Sem sucesso: leil\u00e3o de Eike Batista termina sem propostas pela segunda vez","datePublished":"2022-08-17T01:16:05+00:00","mainEntityOfPage":{"@id":"https:\/\/www.suno.com.br\/noticias\/leilao-eike-batista-sem-propostas-segunda-vez\/"},"wordCount":414,"publisher":{"@id":"https:\/\/www.suno.com.br\/noticias\/#organization"},"image":{"@id":"https:\/\/www.suno.com.br\/noticias\/leilao-eike-batista-sem-propostas-segunda-vez\/#primaryimage"},"thumbnailUrl":"https:\/\/files.sunoresearch.com.br\/n\/uploads\/2019\/06\/71ef2d87-eike-scaled.webp","keywords":["Eike Batista","recupera\u00e7\u00e3o judicial"],"articleSection":["Neg\u00f3cios"],"inLanguage":"pt-BR"},{"@type":"WebPage","@id":"https:\/\/www.suno.com.br\/noticias\/leilao-eike-batista-sem-propostas-segunda-vez\/","url":"https:\/\/www.suno.com.br\/noticias\/leilao-eike-batista-sem-propostas-segunda-vez\/","name":"Leil\u00e3o de Eike Batista termina sem propostas pela segunda vez","isPartOf":{"@id":"https:\/\/www.suno.com.br\/noticias\/#website"},"primaryImageOfPage":{"@id":"https:\/\/www.suno.com.br\/noticias\/leilao-eike-batista-sem-propostas-segunda-vez\/#primaryimage"},"image":{"@id":"https:\/\/www.suno.com.br\/noticias\/leilao-eike-batista-sem-propostas-segunda-vez\/#primaryimage"},"thumbnailUrl":"https:\/\/files.sunoresearch.com.br\/n\/uploads\/2019\/06\/71ef2d87-eike-scaled.webp","datePublished":"2022-08-17T01:16:05+00:00","description":"A venda de deb\u00eantures de um fundo secreto do empres\u00e1rio Eike Batista n\u00e3o recebeu propostas e, portanto, fracassou pela segunda vez","breadcrumb":{"@id":"https:\/\/www.suno.com.br\/noticias\/leilao-eike-batista-sem-propostas-segunda-vez\/#breadcrumb"},"inLanguage":"pt-BR","potentialAction":[{"@type":"ReadAction","target":["https:\/\/www.suno.com.br\/noticias\/leilao-eike-batista-sem-propostas-segunda-vez\/"]}]},{"@type":"ImageObject","inLanguage":"pt-BR","@id":"https:\/\/www.suno.com.br\/noticias\/leilao-eike-batista-sem-propostas-segunda-vez\/#primaryimage","url":"https:\/\/files.sunoresearch.com.br\/n\/uploads\/2019\/06\/71ef2d87-eike-scaled.webp","contentUrl":"https:\/\/files.sunoresearch.com.br\/n\/uploads\/2019\/06\/71ef2d87-eike-scaled.webp","width":2560,"height":1827,"caption":"CVM multa Eike Batista em mais de R$ 550 mil por omitir informa\u00e7\u00f5es"},{"@type":"BreadcrumbList","@id":"https:\/\/www.suno.com.br\/noticias\/leilao-eike-batista-sem-propostas-segunda-vez\/#breadcrumb","itemListElement":[{"@type":"ListItem","position":1,"name":"Not\u00edcias","item":"https:\/\/www.suno.com.br\/noticias\/"},{"@type":"ListItem","position":2,"name":"Neg\u00f3cios","item":"https:\/\/www.suno.com.br\/noticias\/negocios\/"},{"@type":"ListItem","position":3,"name":"Sem sucesso: leil\u00e3o de Eike Batista termina sem propostas pela segunda vez"}]},{"@type":"WebSite","@id":"https:\/\/www.suno.com.br\/noticias\/#website","url":"https:\/\/www.suno.com.br\/noticias\/","name":"Suno Not\u00edcias","description":"Seu portal de informa\u00e7\u00e3o sobre o mundo dos investimentos","publisher":{"@id":"https:\/\/www.suno.com.br\/noticias\/#organization"},"potentialAction":[{"@type":"SearchAction","target":{"@type":"EntryPoint","urlTemplate":"https:\/\/www.suno.com.br\/noticias\/?s={search_term_string}"},"query-input":{"@type":"PropertyValueSpecification","valueRequired":true,"valueName":"search_term_string"}}],"inLanguage":"pt-BR"},{"@type":"Organization","@id":"https:\/\/www.suno.com.br\/noticias\/#organization","name":"Suno Not\u00edcias","url":"https:\/\/www.suno.com.br\/noticias\/","logo":{"@type":"ImageObject","inLanguage":"pt-BR","@id":"https:\/\/www.suno.com.br\/noticias\/#\/schema\/logo\/image\/","url":"https:\/\/files.sunoresearch.com.br\/n\/uploads\/2021\/09\/suno-logo.png","contentUrl":"https:\/\/files.sunoresearch.com.br\/n\/uploads\/2021\/09\/suno-logo.png","width":180,"height":180,"caption":"Suno Not\u00edcias"},"image":{"@id":"https:\/\/www.suno.com.br\/noticias\/#\/schema\/logo\/image\/"},"sameAs":["https:\/\/facebook.com\/sunoresearch","https:\/\/x.com\/sunoresearch","https:\/\/www.instagram.com\/suno","https:\/\/www.linkedin.com\/company\/suno-research\/","https:\/\/www.youtube.com\/c\/sunoresearch"]},{"@type":"Person","@id":"https:\/\/www.suno.com.br\/noticias\/#\/schema\/person\/92be41176947b0b15780200176c90285","name":"Wesley Santana","image":{"@type":"ImageObject","inLanguage":"pt-BR","@id":"https:\/\/www.suno.com.br\/noticias\/#\/schema\/person\/image\/","url":"https:\/\/secure.gravatar.com\/avatar\/ee1b4ea17db9dc2fc8c10c6dee7b3f79?s=96&r=g","contentUrl":"https:\/\/secure.gravatar.com\/avatar\/ee1b4ea17db9dc2fc8c10c6dee7b3f79?s=96&r=g","caption":"Wesley Santana"},"description":"\u00c9 rep\u00f3rter especializado em finan\u00e7as e tecnologia, com passagens por \u00c9poca Neg\u00f3cios, CNN Business e Olhar Digital. Tamb\u00e9m participou do programa de forma\u00e7\u00e3o em mercado de capitais da B3.","url":"https:\/\/www.suno.com.br\/noticias\/author\/wesley-santana\/"}]}},"default_loop_html":"<div class=\"cardsPage__listCard__boxs\"><div class=\"cardsPage__listCard__boxs__img\"><a href=\"https:\/\/www.suno.com.br\/noticias\/leilao-eike-batista-sem-propostas-segunda-vez\/\"><img class=\"mask\" src=\"https:\/\/www.suno.com.br\/noticias\/wp-content\/themes\/suno\/resources\/images\/spotlight\/spotlight1img\/bg-mask.png\" alt=\"Image Mask\"\/><img src=\"https:\/\/files.sunoresearch.com.br\/n\/uploads\/2019\/06\/71ef2d87-eike-400x200.webp\" alt=\"Sem sucesso: leil\u00e3o de Eike Batista termina sem propostas pela segunda vez\"\/><\/a><span class=\"spotlightCategory\"><a href=\"https:\/\/www.suno.com.br\/noticias\/negocios\/\">Neg\u00f3cios<\/a><\/span><\/div><div class=\"cardsPage__listCard__boxs__content\"><a href=\"https:\/\/www.suno.com.br\/noticias\/leilao-eike-batista-sem-propostas-segunda-vez\/\"><h2 class=\"content__title\">Sem sucesso: leil\u00e3o de Eike Batista termina sem propostas pela segunda vez<\/h2><\/a><div class=\"newsContent__article__meta\"><div class=\"newsContent__article__meta__authorBox\"><a href=\"https:\/\/www.suno.com.br\/noticias\/author\/wesley-santana\/\" class=\"authorBox__avatar noMobi\"><img src=\"https:\/\/secure.gravatar.com\/avatar\/ee1b4ea17db9dc2fc8c10c6dee7b3f79?s=96&#038;r=g\" alt=\"Wesley Santana\"><\/a><div class=\"authorBox__name\"><span>por\n\t\t\t<a href=\"https:\/\/www.suno.com.br\/noticias\/author\/wesley-santana\/\"><span itemprop=\"author\">Wesley Santana<\/span><\/a><\/span><time datetime=\"2022-08-16T22:16:05-03:00\" itemprop=\"datePublished\">16\/08\/2022 22:16<\/time><\/div><\/div><\/div><\/div><\/div>","single_layout":"posts","amp_enabled":true,"_links":{"self":[{"href":"https:\/\/www.suno.com.br\/noticias\/wp-json\/wp\/v2\/posts\/285422"}],"collection":[{"href":"https:\/\/www.suno.com.br\/noticias\/wp-json\/wp\/v2\/posts"}],"about":[{"href":"https:\/\/www.suno.com.br\/noticias\/wp-json\/wp\/v2\/types\/post"}],"author":[{"embeddable":true,"href":"https:\/\/www.suno.com.br\/noticias\/wp-json\/wp\/v2\/users\/198"}],"replies":[{"embeddable":true,"href":"https:\/\/www.suno.com.br\/noticias\/wp-json\/wp\/v2\/comments?post=285422"}],"version-history":[{"count":3,"href":"https:\/\/www.suno.com.br\/noticias\/wp-json\/wp\/v2\/posts\/285422\/revisions"}],"predecessor-version":[{"id":285970,"href":"https:\/\/www.suno.com.br\/noticias\/wp-json\/wp\/v2\/posts\/285422\/revisions\/285970"}],"wp:featuredmedia":[{"embeddable":true,"href":"https:\/\/www.suno.com.br\/noticias\/wp-json\/wp\/v2\/media\/29148"}],"wp:attachment":[{"href":"https:\/\/www.suno.com.br\/noticias\/wp-json\/wp\/v2\/media?parent=285422"}],"wp:term":[{"taxonomy":"category","embeddable":true,"href":"https:\/\/www.suno.com.br\/noticias\/wp-json\/wp\/v2\/categories?post=285422"},{"taxonomy":"post_tag","embeddable":true,"href":"https:\/\/www.suno.com.br\/noticias\/wp-json\/wp\/v2\/tags?post=285422"},{"taxonomy":"suno_strategy","embeddable":true,"href":"https:\/\/www.suno.com.br\/noticias\/wp-json\/wp\/v2\/suno_strategy?post=285422"}],"curies":[{"name":"wp","href":"https:\/\/api.w.org\/{rel}","templated":true}]}}