{"id":28529,"date":"2019-06-18T17:56:52","date_gmt":"2019-06-18T20:56:52","guid":{"rendered":"https:\/\/www.suno.com.br\/noticias\/?p=28529"},"modified":"2019-06-18T20:34:03","modified_gmt":"2019-06-18T23:34:03","slug":"ibovespa-fechamento-18062019","status":"publish","type":"post","link":"https:\/\/www.suno.com.br\/noticias\/ibovespa-fechamento-18062019\/","title":{"rendered":"Ibovespa encerra perto dos 100 mil pontos com B3 puxando alta"},"content":{"rendered":"<p>O Ibovespa encerrou o preg\u00e3o desta ter\u00e7a-feira (18) com a significativa valoriza\u00e7\u00e3o de\u00a01,83%, com\u00a099.405,04 pontos. A alta foi estimulada pelos ganhos da <a href=\"https:\/\/www.suno.com.br\/artigos\/b3\/\"><strong>B3<\/strong><\/a> (B3SA3).<\/p>\t<div class=\"wrapper-featured-image\">\n\t\t<figure class=\"spotlightImg\">\n\n\t\t\t<picture>\n\t\t\t\t<source media=\"(max-width: 768px)\" srcset=\"https:\/\/files.sunoresearch.com.br\/n\/uploads\/2018\/09\/fa20779a-ibovespa-dolar-400x200.webp\">\n\t\t\t\t<img loading=\"lazy\" decoding=\"async\" class=\"newsContent__article__imgCapa lazyloadDisabled newsContent__article__imgCapa--noCaption\" src=\"https:\/\/files.sunoresearch.com.br\/n\/uploads\/2018\/09\/fa20779a-ibovespa-dolar-800x450.webp\" width=\"800\" height=\"450\" alt=\"Ibovespa encerra perto dos 100 mil pontos com B3 puxando alta\" fetchpriority=high \/>\n\t\t\t<\/picture>\n\n\t\t\t<figcaption class=\"wp-caption-text wp-caption-text--hide\">infla\u00e7\u00e3o na Am\u00e9rica Latina deve bater as metas apenas em 2024<\/figcaption>\n\t\t<\/figure>\n\t<\/div>\n\n\n<p>O cen\u00e1rio interno desfruta do otimismo com a <strong>reforma da Previd\u00eancia<\/strong>, que tem o chefe dos deputados, Rodrigo Maia (DEM-RJ) conduzindo a tramita\u00e7\u00e3o do texto. Assim, o <strong>Ibovespa<\/strong> tamb\u00e9m se beneficia com o otimismo sobre o texto, que deve ser votado na <strong>comiss\u00e3o especial<\/strong> da C\u00e2mara no pr\u00f3ximo dia 26.<\/p>\n<p>A pontua\u00e7\u00e3o m\u00ednima do <strong>Ibovespa<\/strong> foi de\u00a099.411,78 pontos e a m\u00e1xima de\u00a099.411,78.<\/p>\n\t<p>\n\t\t<a href=\"https:\/\/lp.statusinvest.com.br\/ao\/assessoria-status-invest\/\" target=\"_blank\" data-element=\"shortcode-suno-banner\" title=\"Banner SUNO, clique e saiba mais\">\n\t\t\t<picture>\n\t\t\t\t<source media=\"(max-width: 500px)\" srcset=\"https:\/\/files.sunoresearch.com.br\/n\/uploads\/2024\/03\/400x300-Mobile-1.png\">\n\t\t\t\t<img class=\"newsContent__article__imgCapa newsContent__article__imgCapa--banner\"\n\t\t\t\t\tsrc=\"https:\/\/files.sunoresearch.com.br\/n\/uploads\/2024\/03\/1420-x-240-Desktop.png\"\n\t\t\t\t\tdata-promo-id=\"537299\"\t\t\t\t\t\t\t\t\t\twidth='1420' height='250'\t\t\t\t\talt=\"https:\/\/files.sunoresearch.com.br\/n\/uploads\/2024\/03\/1420-x-240-Desktop.png\"\n\t\t\t\t>\n\t\t\t<\/picture>\n\t\t<\/a>\n\t<\/p>\n\n\n<h2>Reforma da Previd\u00eancia deve ser votada na comiss\u00e3o especial em 26 de junho<\/h2>\n<p>O presidente da C\u00e2mara,\u00a0<strong>Rodrigo Maia<\/strong>, afirmou na noite da \u00faltima segunda-feira (17) que caso a <strong>reforma da Previd\u00eancia<\/strong> seja aprovada na <strong>comiss\u00e3o especial<\/strong> no dia 26 de junho, a instala\u00e7\u00e3o para discutir a reforma tribut\u00e1ria deve ter in\u00edcio j\u00e1 no dia 27.<\/p>\n<p>A fala agrada ao mercado duplamente. Pois indicou a data da <strong>vota\u00e7\u00e3o<\/strong> da comiss\u00e3o especial, e tamb\u00e9m os planos do deputado de dar continuidade \u00e0 tramita\u00e7\u00e3o da <strong>reforma tribut\u00e1ria<\/strong> prontamente.<\/p>\n<p><iframe loading=\"lazy\" title=\"Justi\u00e7a aceita recupera\u00e7\u00e3o da Odebrecht; Moeda digital do Facebook;CADE pode intervir em Congonhas\" width=\"200\" height=\"113\" src=\"https:\/\/www.youtube.com\/embed\/Jm6o0_TyjQM?feature=oembed\" frameborder=\"0\" allow=\"accelerometer; autoplay; encrypted-media; gyroscope; picture-in-picture\" allowfullscreen><\/iframe><\/p>\n<p>Tamb\u00e9m na v\u00e9spera, Maia reuniu-se com o governador do estado de S\u00e3o Paulo, <strong>Jo\u00e3o Doria<\/strong> (PSDB-SP). No encontro, os pol\u00edticos discutiram as formas poss\u00edveis de incluir os estados e munic\u00edpios na <strong>reforma da Previd\u00eancia<\/strong>.<\/p>\n<p><span style=\"font-family: -apple-system, BlinkMacSystemFont, 'Segoe UI', Roboto, Oxygen-Sans, Ubuntu, Cantarell, 'Helvetica Neue', sans-serif; font-size: 2.074em; font-weight: bold;\">B3 tem alta motivada com revis\u00e3o da equipe do relator da reforma da Previd\u00eancia<\/span><\/p>\n<p>O relator da <strong>reforma da Previd\u00eancia<\/strong>, Samuel Moreira (PSDB-SP), estaria estudando uma revis\u00e3o do trecho do parecer apresentado na \u00faltima quinta-feira (13) na comiss\u00e3o especial da C\u00e2mara. Pois, tal trecho poderia impor aumento de imposto sobre a B3, a <strong>Bolsa de Valores de S\u00e3o Paulo<\/strong>.<\/p>\n<p>O relator prop\u00f4s mudan\u00e7as na arrecada\u00e7\u00e3o da\u00a0<a href=\"https:\/\/www.suno.com.br\/artigos\/csll\/\">Contribui\u00e7\u00e3o Social sobre o Lucro L\u00edquido<\/a> (CSLL) das institui\u00e7\u00f5es financeiras. Deste modo, o <strong>tributo<\/strong> cobrado seria elevado de 15% para 20%.<\/p>\n<p>Todavia, apesar de Moreira mirar nos <strong>bancos<\/strong>, acabaria acertando tamb\u00e9m a <strong>B3\u00a0<\/strong>(B3SA3). Assim, a equipe de Moreira estuda alterar tal trecho da proposta, a fim de retirar o aumento da Bolsa.<\/p>\n<p><a href=\"https:\/\/www.suno.com.br\/noticias\/b3-jbs-marfrig-brf-braskem\/\">Saiba mais &#8211;\u00a0B3 lidera ganhos e sobe 6%; enquanto JBS, Marfrig e BRF caem<\/a><\/p>\n<h2>E tamb\u00e9m pela indica\u00e7\u00e3o do BCE<\/h2>\n<p>Al\u00e9m do cen\u00e1rio interno, o cen\u00e1rio externo tamb\u00e9m foi f\u00e9rtil para o crescimento da cota\u00e7\u00e3o da <strong>B3<\/strong>.<\/p>\n<p>O presidente do <strong><a href=\"https:\/\/www.suno.com.br\/artigos\/bce\/\">Banco Central Europeu<\/a>\u00a0<\/strong>(BCE),\u00a0<a href=\"https:\/\/www.suno.com.br\/tudo-sobre\/mario-draghi\/\">Mario Draghi<\/a>, deu ind\u00edcios de que a institui\u00e7\u00e3o financeira considera recorrer a um corte da taxa de juros como medida de est\u00edmulo para elevar a infla\u00e7\u00e3o do pa\u00eds.<\/p>\n<p>A novidade pode abrir brechas para o &#8220;<strong><a href=\"https:\/\/www.suno.com.br\/artigos\/carry-trade\/\">carry trade<\/a><\/strong>&#8220;. Segundo o economista da Suno Research, Tiago Reis, a pr\u00e1tica \u00e9 &#8220;uma estrat\u00e9gia de negocia\u00e7\u00e3o que envolve empr\u00e9stimos a uma taxa de juros baixa e o investimento em um ativo que fornece uma taxa de retorno mais alta&#8221;.<\/p>\n\t<p>\n\t\t<a href=\"https:\/\/lp.suno.com.br\/ao\/cadastro-whatsapp\/\" target=\"_blank\" data-element=\"shortcode-suno-banner\" title=\"Banner SUNO, clique e saiba mais\">\n\t\t\t<picture>\n\t\t\t\t<source media=\"(max-width: 500px)\" srcset=\"https:\/\/files.sunoresearch.com.br\/n\/uploads\/2024\/03\/400x300-whatsapp-Suno.png\">\n\t\t\t\t<img class=\"newsContent__article__imgCapa newsContent__article__imgCapa--banner\"\n\t\t\t\t\tsrc=\"https:\/\/files.sunoresearch.com.br\/n\/uploads\/2024\/03\/1420x240-whatsapp-Suno.png\"\n\t\t\t\t\tdata-promo-id=\"101743\"\t\t\t\t\t\t\t\t\t\twidth='1420' height='240'\t\t\t\t\talt=\"https:\/\/files.sunoresearch.com.br\/n\/uploads\/2024\/03\/1420x240-whatsapp-Suno.png\"\n\t\t\t\t>\n\t\t\t<\/picture>\n\t\t<\/a>\n\t<\/p>\n\n\n<h2>Gerdau e Braskem tamb\u00e9m figuram entre destaques positivos do Ibovespa<\/h2>\n<p>O Conselho de Administra\u00e7\u00e3o da <strong>Metal\u00fargica Gerdau<\/strong> (GOAU4) autorizou nesta data a libera\u00e7\u00e3o de adiantamentos para o futuro <strong>aumento de capital<\/strong> de suas controladas. Confira abaixo as subsidi\u00e1rias e o valor liberado:<\/p>\n<ul>\n<li><strong>Gerdau A\u00e7os Longos:\u00a0<\/strong>R$ 400 milh\u00f5es<\/li>\n<li><strong>Gerdau A\u00e7ominas:<\/strong> R$ 190 milh\u00f5es<\/li>\n<\/ul>\n<p>Conforme comunicado enviado \u00e0 <a href=\"https:\/\/www.suno.com.br\/artigos\/cvm\/\">Comiss\u00e3o de Valores Mobili\u00e1rios<\/a> (CVM), o objetivo da libera\u00e7\u00e3o seria amortizar obriga\u00e7\u00f5es financeiras vincendas.<\/p>\n<p>Por sua vez, a <strong>Braskem<\/strong> (BRKM5) ascendeu no Ibovespa ap\u00f3s a controladora <strong>Odebrecht<\/strong> sobem ter o pedido de <strong><a href=\"https:\/\/www.suno.com.br\/artigos\/recuperacao-judicial\/\">recupera\u00e7\u00e3o judicial<\/a><\/strong> deferido pela Justi\u00e7a.<\/p>\n<p><a href=\"https:\/\/www.suno.com.br\/noticias\/odebrecht-justica-defere-recuperacao-judicial\/\">Saiba mais &#8211;\u00a0Odebrecht: Justi\u00e7a de S\u00e3o Paulo defere pedido de recupera\u00e7\u00e3o judicial\u00a0<\/a><\/p>\n<h2>BRF, Marfrig e JBS lideram perdas ap\u00f3s Reino Unido voltar a ter aval para exportar carne bovina para a China<\/h2>\n<p>O <strong>Reino Unido<\/strong> voltar\u00e1 a exportar carne bovina para a <strong>China<\/strong> ap\u00f3s o embargo de 20 anos. O embargo fora imposto devido \u00e0 crise da doen\u00e7a da \u201cvaca louca\u201d.<\/p>\n<p>O acordo prev\u00ea o ingresso na <strong>China<\/strong> dos primeiros lotes de <strong>carne bovina<\/strong> brit\u00e2nica at\u00e9 o fim de 2019.\u00a0A decis\u00e3o chinesa foi tomada ap\u00f3s uma s\u00e9rie de visitas t\u00e9cnicas da equipe chinesa encarregada pela inspe\u00e7\u00e3o sanit\u00e1ria.<\/p>\n<p>Com o movimento, a concorr\u00eancia das empresas brasileiras de alimentos,\u00a0<strong>BRF<\/strong> (BRFS3),\u00a0<strong>Marfrig<\/strong> (MRFG3) e a\u00a0<strong>JBS<\/strong> (JBSS3), aumenta.<\/p>\n<h2>Bolsas internacionais<\/h2>\n<ul>\n<li>Nasdaq (Estados Unidos): alta de 1,39%<\/li>\n<li>FTSE 100 (Reino Unido): alta de 1,17%<\/li>\n<li>Nikkei (Jap\u00e3o): baixa de 0,72%<\/li>\n<li>CAC40 (Fran\u00e7a): alta de 2,2%<\/li>\n<\/ul>\n<h2>Maiores altas do Ibovespa<\/h2>\n<ul>\n<li>B3SA3 alta de 7,35% (R$ 38,11)<\/li>\n<li>BTOW3 alta de 5,73% (R$ 33,23)<\/li>\n<li>BRKM5 alta de 4,71% (R$ 35,55)<\/li>\n<li>GOAU4 alta de 4,48% (R$ 6,99)<\/li>\n<li>BRAP4 alta de 4,27% (R$ 32,99)<\/li>\n<\/ul>\n<h2>Maiores quedas do Ibovespa<\/h2>\n<ul>\n<li>BRFS3 queda de 1,74% (R$ 28,20)<\/li>\n<li>MRFG3 queda de 1,64% (R$ 6,61)<\/li>\n<li>JBSS3 queda de 1,39% (R$ 20,59)<\/li>\n<li>UGPA3 queda de\u00a01,2% (R$ 21,34)<\/li>\n<li>CMIG4 queda de 0,82% (R$ 14,59)<\/li>\n<\/ul>\n","protected":false},"excerpt":{"rendered":"<p>O Ibovespa encerrou o preg\u00e3o desta ter\u00e7a-feira (18) com a significativa valoriza\u00e7\u00e3o de\u00a01,83%, com\u00a099.405,04 pontos. A alta foi estimulada pelos ganhos da B3 (B3SA3). infla\u00e7\u00e3o na Am\u00e9rica Latina deve bater as metas apenas em 2024 O cen\u00e1rio interno desfruta do otimismo com a reforma da Previd\u00eancia, que tem o chefe dos deputados, Rodrigo Maia (DEM-RJ) [&hellip;]<\/p>\n","protected":false},"author":12,"featured_media":3757,"comment_status":"closed","ping_status":"closed","sticky":false,"template":"","format":"standard","meta":[],"categories":[60],"tags":[367,863,395,397,938,488,721,842,552,783,940,1286,892],"suno_strategy":[],"class_list":["post-28529","post","type-post","status-publish","format-standard","has-post-thumbnail","hentry","category-mercado","tag-b3-b3sa3","tag-banco-central-europeu-bce","tag-braskem-brkm3-brkm5-brkm6","tag-brf-brfs3","tag-camara-dos-deputados","tag-gerdau-ggbr3-ggbr4","tag-ibovespa","tag-joao-doria","tag-marfrig-mrfg3","tag-odebrecht","tag-reforma-da-previdencia","tag-reforma-tributaria","tag-rodrigo-maia"],"yoast_head":"<!-- This site is optimized with the Yoast SEO plugin v24.4 - https:\/\/yoast.com\/wordpress\/plugins\/seo\/ -->\n<title>Ibovespa encerra perto dos 100 mil pontos com B3 puxando alta<\/title>\n<meta name=\"description\" content=\"O Ibovespa obteve alta superior a 1%, chegando perto dos 100 mil pontos; B3 liderou os ganhos nesta ter\u00e7a-feira (18). Clique para saber mais.\" \/>\n<meta name=\"robots\" content=\"index, follow, max-snippet:-1, max-image-preview:large, max-video-preview:-1\" \/>\n<link rel=\"canonical\" href=\"https:\/\/www.suno.com.br\/noticias\/ibovespa-fechamento-18062019\/\" \/>\n<meta property=\"og:locale\" content=\"pt_BR\" \/>\n<meta property=\"og:type\" content=\"article\" \/>\n<meta property=\"og:title\" content=\"Ibovespa encerra perto dos 100 mil pontos com B3 puxando alta\" \/>\n<meta property=\"og:description\" content=\"O Ibovespa obteve alta superior a 1%, chegando perto dos 100 mil pontos; B3 liderou os ganhos nesta ter\u00e7a-feira (18). Clique para saber mais.\" \/>\n<meta property=\"og:url\" content=\"https:\/\/www.suno.com.br\/noticias\/ibovespa-fechamento-18062019\/\" \/>\n<meta property=\"og:site_name\" content=\"Suno Not\u00edcias\" \/>\n<meta property=\"article:publisher\" content=\"https:\/\/facebook.com\/sunoresearch\" \/>\n<meta property=\"og:image\" content=\"https:\/\/files.sunoresearch.com.br\/n\/uploads\/2018\/09\/fa20779a-ibovespa-dolar.jpg\" \/>\n\t<meta property=\"og:image:width\" content=\"1920\" \/>\n\t<meta property=\"og:image:height\" content=\"1280\" \/>\n\t<meta property=\"og:image:type\" content=\"image\/jpeg\" \/>\n<meta name=\"author\" content=\"Amanda Gushiken\" \/>\n<meta name=\"twitter:card\" content=\"summary_large_image\" \/>\n<meta name=\"twitter:creator\" content=\"@sunoresearch\" \/>\n<meta name=\"twitter:site\" content=\"@sunoresearch\" \/>\n<meta name=\"twitter:label1\" content=\"Escrito por\" \/>\n\t<meta name=\"twitter:data1\" content=\"Amanda Gushiken\" \/>\n\t<meta name=\"twitter:label2\" content=\"Est. tempo de leitura\" \/>\n\t<meta name=\"twitter:data2\" content=\"4 minutos\" \/>\n<script type=\"application\/ld+json\" class=\"yoast-schema-graph\">{\"@context\":\"https:\/\/schema.org\",\"@graph\":[{\"@type\":\"NewsArticle\",\"@id\":\"https:\/\/www.suno.com.br\/noticias\/ibovespa-fechamento-18062019\/#article\",\"isPartOf\":{\"@id\":\"https:\/\/www.suno.com.br\/noticias\/ibovespa-fechamento-18062019\/\"},\"author\":{\"name\":\"Amanda Gushiken\",\"@id\":\"https:\/\/www.suno.com.br\/noticias\/#\/schema\/person\/a5b06fa4e879d8e8e119c6ed3cd630d1\"},\"headline\":\"Ibovespa encerra perto dos 100 mil pontos com B3 puxando alta\",\"datePublished\":\"2019-06-18T20:56:52+00:00\",\"dateModified\":\"2019-06-18T23:34:03+00:00\",\"mainEntityOfPage\":{\"@id\":\"https:\/\/www.suno.com.br\/noticias\/ibovespa-fechamento-18062019\/\"},\"wordCount\":835,\"publisher\":{\"@id\":\"https:\/\/www.suno.com.br\/noticias\/#organization\"},\"image\":{\"@id\":\"https:\/\/www.suno.com.br\/noticias\/ibovespa-fechamento-18062019\/#primaryimage\"},\"thumbnailUrl\":\"https:\/\/files.sunoresearch.com.br\/n\/uploads\/2018\/09\/fa20779a-ibovespa-dolar-jpg.webp\",\"keywords\":[\"B3 (B3SA3)\",\"Banco Central Europeu (BCE)\",\"Braskem (BRKM3\/BRKM5\/BRKM6)\",\"BRF (BRFS3)\",\"C\u00e2mara dos Deputados\",\"Gerdau (GGBR3\/GGBR4)\",\"Ibovespa\",\"Jo\u00e3o Doria\",\"Marfrig (MRFG3)\",\"Odebrecht\",\"Reforma da Previd\u00eancia\",\"reforma tribut\u00e1ria\",\"Rodrigo Maia\"],\"articleSection\":[\"Mercado\"],\"inLanguage\":\"pt-BR\"},{\"@type\":\"WebPage\",\"@id\":\"https:\/\/www.suno.com.br\/noticias\/ibovespa-fechamento-18062019\/\",\"url\":\"https:\/\/www.suno.com.br\/noticias\/ibovespa-fechamento-18062019\/\",\"name\":\"Ibovespa encerra perto dos 100 mil pontos com B3 puxando alta\",\"isPartOf\":{\"@id\":\"https:\/\/www.suno.com.br\/noticias\/#website\"},\"primaryImageOfPage\":{\"@id\":\"https:\/\/www.suno.com.br\/noticias\/ibovespa-fechamento-18062019\/#primaryimage\"},\"image\":{\"@id\":\"https:\/\/www.suno.com.br\/noticias\/ibovespa-fechamento-18062019\/#primaryimage\"},\"thumbnailUrl\":\"https:\/\/files.sunoresearch.com.br\/n\/uploads\/2018\/09\/fa20779a-ibovespa-dolar-jpg.webp\",\"datePublished\":\"2019-06-18T20:56:52+00:00\",\"dateModified\":\"2019-06-18T23:34:03+00:00\",\"description\":\"O Ibovespa obteve alta superior a 1%, chegando perto dos 100 mil pontos; B3 liderou os ganhos nesta ter\u00e7a-feira (18). Clique para saber mais.\",\"breadcrumb\":{\"@id\":\"https:\/\/www.suno.com.br\/noticias\/ibovespa-fechamento-18062019\/#breadcrumb\"},\"inLanguage\":\"pt-BR\",\"potentialAction\":[{\"@type\":\"ReadAction\",\"target\":[\"https:\/\/www.suno.com.br\/noticias\/ibovespa-fechamento-18062019\/\"]}]},{\"@type\":\"ImageObject\",\"inLanguage\":\"pt-BR\",\"@id\":\"https:\/\/www.suno.com.br\/noticias\/ibovespa-fechamento-18062019\/#primaryimage\",\"url\":\"https:\/\/files.sunoresearch.com.br\/n\/uploads\/2018\/09\/fa20779a-ibovespa-dolar-jpg.webp\",\"contentUrl\":\"https:\/\/files.sunoresearch.com.br\/n\/uploads\/2018\/09\/fa20779a-ibovespa-dolar-jpg.webp\",\"width\":1920,\"height\":1280,\"caption\":\"infla\u00e7\u00e3o na Am\u00e9rica Latina deve bater as metas apenas em 2024\"},{\"@type\":\"BreadcrumbList\",\"@id\":\"https:\/\/www.suno.com.br\/noticias\/ibovespa-fechamento-18062019\/#breadcrumb\",\"itemListElement\":[{\"@type\":\"ListItem\",\"position\":1,\"name\":\"Not\u00edcias\",\"item\":\"https:\/\/www.suno.com.br\/noticias\/\"},{\"@type\":\"ListItem\",\"position\":2,\"name\":\"Mercado\",\"item\":\"https:\/\/www.suno.com.br\/noticias\/mercado\/\"},{\"@type\":\"ListItem\",\"position\":3,\"name\":\"Ibovespa encerra perto dos 100 mil pontos com B3 puxando alta\"}]},{\"@type\":\"WebSite\",\"@id\":\"https:\/\/www.suno.com.br\/noticias\/#website\",\"url\":\"https:\/\/www.suno.com.br\/noticias\/\",\"name\":\"Suno Not\u00edcias\",\"description\":\"Seu portal de informa\u00e7\u00e3o sobre o mundo dos investimentos\",\"publisher\":{\"@id\":\"https:\/\/www.suno.com.br\/noticias\/#organization\"},\"potentialAction\":[{\"@type\":\"SearchAction\",\"target\":{\"@type\":\"EntryPoint\",\"urlTemplate\":\"https:\/\/www.suno.com.br\/noticias\/?s={search_term_string}\"},\"query-input\":{\"@type\":\"PropertyValueSpecification\",\"valueRequired\":true,\"valueName\":\"search_term_string\"}}],\"inLanguage\":\"pt-BR\"},{\"@type\":\"Organization\",\"@id\":\"https:\/\/www.suno.com.br\/noticias\/#organization\",\"name\":\"Suno Not\u00edcias\",\"url\":\"https:\/\/www.suno.com.br\/noticias\/\",\"logo\":{\"@type\":\"ImageObject\",\"inLanguage\":\"pt-BR\",\"@id\":\"https:\/\/www.suno.com.br\/noticias\/#\/schema\/logo\/image\/\",\"url\":\"https:\/\/files.sunoresearch.com.br\/n\/uploads\/2021\/09\/suno-logo.png\",\"contentUrl\":\"https:\/\/files.sunoresearch.com.br\/n\/uploads\/2021\/09\/suno-logo.png\",\"width\":180,\"height\":180,\"caption\":\"Suno Not\u00edcias\"},\"image\":{\"@id\":\"https:\/\/www.suno.com.br\/noticias\/#\/schema\/logo\/image\/\"},\"sameAs\":[\"https:\/\/facebook.com\/sunoresearch\",\"https:\/\/x.com\/sunoresearch\",\"https:\/\/www.instagram.com\/suno\",\"https:\/\/www.linkedin.com\/company\/suno-research\/\",\"https:\/\/www.youtube.com\/c\/sunoresearch\"]},{\"@type\":\"Person\",\"@id\":\"https:\/\/www.suno.com.br\/noticias\/#\/schema\/person\/a5b06fa4e879d8e8e119c6ed3cd630d1\",\"name\":\"Amanda Gushiken\",\"image\":{\"@type\":\"ImageObject\",\"inLanguage\":\"pt-BR\",\"@id\":\"https:\/\/www.suno.com.br\/noticias\/#\/schema\/person\/image\/\",\"url\":\"https:\/\/secure.gravatar.com\/avatar\/ecd84705e6b65e3685ae80d725501fbe?s=96&r=g\",\"contentUrl\":\"https:\/\/secure.gravatar.com\/avatar\/ecd84705e6b65e3685ae80d725501fbe?s=96&r=g\",\"caption\":\"Amanda Gushiken\"},\"description\":\"Amanda Sayuri Gushiken escreve sobre finan\u00e7as e neg\u00f3cios para o portal Suno Not\u00edcias. Antes, trabalhou selecionando not\u00edcias da imprensa para clientes do mercado financeiro. Tamb\u00e9m desenvolveu pesquisa acad\u00eamica pela Universidade Anhembi Morumbi na \u00e1rea de Teorias da Comunica\u00e7\u00e3o e \u00e9 fot\u00f3grafa nas horas vagas.\",\"url\":\"https:\/\/www.suno.com.br\/noticias\/author\/amanda\/\"}]}<\/script>\n<!-- \/ Yoast SEO plugin. -->","yoast_head_json":{"title":"Ibovespa encerra perto dos 100 mil pontos com B3 puxando alta","description":"O Ibovespa obteve alta superior a 1%, chegando perto dos 100 mil pontos; B3 liderou os ganhos nesta ter\u00e7a-feira (18). Clique para saber mais.","robots":{"index":"index","follow":"follow","max-snippet":"max-snippet:-1","max-image-preview":"max-image-preview:large","max-video-preview":"max-video-preview:-1"},"canonical":"https:\/\/www.suno.com.br\/noticias\/ibovespa-fechamento-18062019\/","og_locale":"pt_BR","og_type":"article","og_title":"Ibovespa encerra perto dos 100 mil pontos com B3 puxando alta","og_description":"O Ibovespa obteve alta superior a 1%, chegando perto dos 100 mil pontos; B3 liderou os ganhos nesta ter\u00e7a-feira (18). Clique para saber mais.","og_url":"https:\/\/www.suno.com.br\/noticias\/ibovespa-fechamento-18062019\/","og_site_name":"Suno Not\u00edcias","article_publisher":"https:\/\/facebook.com\/sunoresearch","og_image":[{"width":1920,"height":1280,"url":"https:\/\/files.sunoresearch.com.br\/n\/uploads\/2018\/09\/fa20779a-ibovespa-dolar.jpg","type":"image\/jpeg"}],"author":"Amanda Gushiken","twitter_card":"summary_large_image","twitter_creator":"@sunoresearch","twitter_site":"@sunoresearch","twitter_misc":{"Escrito por":"Amanda Gushiken","Est. tempo de leitura":"4 minutos"},"schema":{"@context":"https:\/\/schema.org","@graph":[{"@type":"NewsArticle","@id":"https:\/\/www.suno.com.br\/noticias\/ibovespa-fechamento-18062019\/#article","isPartOf":{"@id":"https:\/\/www.suno.com.br\/noticias\/ibovespa-fechamento-18062019\/"},"author":{"name":"Amanda Gushiken","@id":"https:\/\/www.suno.com.br\/noticias\/#\/schema\/person\/a5b06fa4e879d8e8e119c6ed3cd630d1"},"headline":"Ibovespa encerra perto dos 100 mil pontos com B3 puxando alta","datePublished":"2019-06-18T20:56:52+00:00","dateModified":"2019-06-18T23:34:03+00:00","mainEntityOfPage":{"@id":"https:\/\/www.suno.com.br\/noticias\/ibovespa-fechamento-18062019\/"},"wordCount":835,"publisher":{"@id":"https:\/\/www.suno.com.br\/noticias\/#organization"},"image":{"@id":"https:\/\/www.suno.com.br\/noticias\/ibovespa-fechamento-18062019\/#primaryimage"},"thumbnailUrl":"https:\/\/files.sunoresearch.com.br\/n\/uploads\/2018\/09\/fa20779a-ibovespa-dolar-jpg.webp","keywords":["B3 (B3SA3)","Banco Central Europeu (BCE)","Braskem (BRKM3\/BRKM5\/BRKM6)","BRF (BRFS3)","C\u00e2mara dos Deputados","Gerdau (GGBR3\/GGBR4)","Ibovespa","Jo\u00e3o Doria","Marfrig (MRFG3)","Odebrecht","Reforma da Previd\u00eancia","reforma tribut\u00e1ria","Rodrigo Maia"],"articleSection":["Mercado"],"inLanguage":"pt-BR"},{"@type":"WebPage","@id":"https:\/\/www.suno.com.br\/noticias\/ibovespa-fechamento-18062019\/","url":"https:\/\/www.suno.com.br\/noticias\/ibovespa-fechamento-18062019\/","name":"Ibovespa encerra perto dos 100 mil pontos com B3 puxando alta","isPartOf":{"@id":"https:\/\/www.suno.com.br\/noticias\/#website"},"primaryImageOfPage":{"@id":"https:\/\/www.suno.com.br\/noticias\/ibovespa-fechamento-18062019\/#primaryimage"},"image":{"@id":"https:\/\/www.suno.com.br\/noticias\/ibovespa-fechamento-18062019\/#primaryimage"},"thumbnailUrl":"https:\/\/files.sunoresearch.com.br\/n\/uploads\/2018\/09\/fa20779a-ibovespa-dolar-jpg.webp","datePublished":"2019-06-18T20:56:52+00:00","dateModified":"2019-06-18T23:34:03+00:00","description":"O Ibovespa obteve alta superior a 1%, chegando perto dos 100 mil pontos; B3 liderou os ganhos nesta ter\u00e7a-feira (18). Clique para saber mais.","breadcrumb":{"@id":"https:\/\/www.suno.com.br\/noticias\/ibovespa-fechamento-18062019\/#breadcrumb"},"inLanguage":"pt-BR","potentialAction":[{"@type":"ReadAction","target":["https:\/\/www.suno.com.br\/noticias\/ibovespa-fechamento-18062019\/"]}]},{"@type":"ImageObject","inLanguage":"pt-BR","@id":"https:\/\/www.suno.com.br\/noticias\/ibovespa-fechamento-18062019\/#primaryimage","url":"https:\/\/files.sunoresearch.com.br\/n\/uploads\/2018\/09\/fa20779a-ibovespa-dolar-jpg.webp","contentUrl":"https:\/\/files.sunoresearch.com.br\/n\/uploads\/2018\/09\/fa20779a-ibovespa-dolar-jpg.webp","width":1920,"height":1280,"caption":"infla\u00e7\u00e3o na Am\u00e9rica Latina deve bater as metas apenas em 2024"},{"@type":"BreadcrumbList","@id":"https:\/\/www.suno.com.br\/noticias\/ibovespa-fechamento-18062019\/#breadcrumb","itemListElement":[{"@type":"ListItem","position":1,"name":"Not\u00edcias","item":"https:\/\/www.suno.com.br\/noticias\/"},{"@type":"ListItem","position":2,"name":"Mercado","item":"https:\/\/www.suno.com.br\/noticias\/mercado\/"},{"@type":"ListItem","position":3,"name":"Ibovespa encerra perto dos 100 mil pontos com B3 puxando alta"}]},{"@type":"WebSite","@id":"https:\/\/www.suno.com.br\/noticias\/#website","url":"https:\/\/www.suno.com.br\/noticias\/","name":"Suno Not\u00edcias","description":"Seu portal de informa\u00e7\u00e3o sobre o mundo dos investimentos","publisher":{"@id":"https:\/\/www.suno.com.br\/noticias\/#organization"},"potentialAction":[{"@type":"SearchAction","target":{"@type":"EntryPoint","urlTemplate":"https:\/\/www.suno.com.br\/noticias\/?s={search_term_string}"},"query-input":{"@type":"PropertyValueSpecification","valueRequired":true,"valueName":"search_term_string"}}],"inLanguage":"pt-BR"},{"@type":"Organization","@id":"https:\/\/www.suno.com.br\/noticias\/#organization","name":"Suno Not\u00edcias","url":"https:\/\/www.suno.com.br\/noticias\/","logo":{"@type":"ImageObject","inLanguage":"pt-BR","@id":"https:\/\/www.suno.com.br\/noticias\/#\/schema\/logo\/image\/","url":"https:\/\/files.sunoresearch.com.br\/n\/uploads\/2021\/09\/suno-logo.png","contentUrl":"https:\/\/files.sunoresearch.com.br\/n\/uploads\/2021\/09\/suno-logo.png","width":180,"height":180,"caption":"Suno Not\u00edcias"},"image":{"@id":"https:\/\/www.suno.com.br\/noticias\/#\/schema\/logo\/image\/"},"sameAs":["https:\/\/facebook.com\/sunoresearch","https:\/\/x.com\/sunoresearch","https:\/\/www.instagram.com\/suno","https:\/\/www.linkedin.com\/company\/suno-research\/","https:\/\/www.youtube.com\/c\/sunoresearch"]},{"@type":"Person","@id":"https:\/\/www.suno.com.br\/noticias\/#\/schema\/person\/a5b06fa4e879d8e8e119c6ed3cd630d1","name":"Amanda Gushiken","image":{"@type":"ImageObject","inLanguage":"pt-BR","@id":"https:\/\/www.suno.com.br\/noticias\/#\/schema\/person\/image\/","url":"https:\/\/secure.gravatar.com\/avatar\/ecd84705e6b65e3685ae80d725501fbe?s=96&r=g","contentUrl":"https:\/\/secure.gravatar.com\/avatar\/ecd84705e6b65e3685ae80d725501fbe?s=96&r=g","caption":"Amanda Gushiken"},"description":"Amanda Sayuri Gushiken escreve sobre finan\u00e7as e neg\u00f3cios para o portal Suno Not\u00edcias. Antes, trabalhou selecionando not\u00edcias da imprensa para clientes do mercado financeiro. Tamb\u00e9m desenvolveu pesquisa acad\u00eamica pela Universidade Anhembi Morumbi na \u00e1rea de Teorias da Comunica\u00e7\u00e3o e \u00e9 fot\u00f3grafa nas horas vagas.","url":"https:\/\/www.suno.com.br\/noticias\/author\/amanda\/"}]}},"default_loop_html":"<div class=\"cardsPage__listCard__boxs\"><div class=\"cardsPage__listCard__boxs__img\"><a href=\"https:\/\/www.suno.com.br\/noticias\/ibovespa-fechamento-18062019\/\"><img class=\"mask\" src=\"https:\/\/www.suno.com.br\/noticias\/wp-content\/themes\/suno\/resources\/images\/spotlight\/spotlight1img\/bg-mask.png\" alt=\"Image Mask\"\/><img src=\"https:\/\/files.sunoresearch.com.br\/n\/uploads\/2018\/09\/fa20779a-ibovespa-dolar-400x200.webp\" alt=\"Ibovespa encerra perto dos 100 mil pontos com B3 puxando alta\"\/><\/a><span class=\"spotlightCategory\"><a href=\"https:\/\/www.suno.com.br\/noticias\/mercado\/\">Mercado<\/a><\/span><\/div><div class=\"cardsPage__listCard__boxs__content\"><a href=\"https:\/\/www.suno.com.br\/noticias\/ibovespa-fechamento-18062019\/\"><h2 class=\"content__title\">Ibovespa encerra perto dos 100 mil pontos com B3 puxando alta<\/h2><\/a><div class=\"newsContent__article__meta\"><div class=\"newsContent__article__meta__authorBox\"><a href=\"https:\/\/www.suno.com.br\/noticias\/author\/amanda\/\" class=\"authorBox__avatar noMobi\"><img src=\"https:\/\/files.sunoresearch.com.br\/n\/uploads\/2018\/11\/c6ad30be-amanda-150x150.webp\" alt=\"Amanda Gushiken\"><\/a><div class=\"authorBox__name\"><span>por\n\t\t\t<a href=\"https:\/\/www.suno.com.br\/noticias\/author\/amanda\/\"><span itemprop=\"author\">Amanda Gushiken<\/span><\/a><\/span><time datetime=\"2019-06-18T17:56:52-03:00\" itemprop=\"datePublished\">18\/06\/2019 17:56<\/time><\/div><\/div><\/div><\/div><\/div>","single_layout":"posts","amp_enabled":true,"_links":{"self":[{"href":"https:\/\/www.suno.com.br\/noticias\/wp-json\/wp\/v2\/posts\/28529"}],"collection":[{"href":"https:\/\/www.suno.com.br\/noticias\/wp-json\/wp\/v2\/posts"}],"about":[{"href":"https:\/\/www.suno.com.br\/noticias\/wp-json\/wp\/v2\/types\/post"}],"author":[{"embeddable":true,"href":"https:\/\/www.suno.com.br\/noticias\/wp-json\/wp\/v2\/users\/12"}],"replies":[{"embeddable":true,"href":"https:\/\/www.suno.com.br\/noticias\/wp-json\/wp\/v2\/comments?post=28529"}],"version-history":[{"count":0,"href":"https:\/\/www.suno.com.br\/noticias\/wp-json\/wp\/v2\/posts\/28529\/revisions"}],"wp:featuredmedia":[{"embeddable":true,"href":"https:\/\/www.suno.com.br\/noticias\/wp-json\/wp\/v2\/media\/3757"}],"wp:attachment":[{"href":"https:\/\/www.suno.com.br\/noticias\/wp-json\/wp\/v2\/media?parent=28529"}],"wp:term":[{"taxonomy":"category","embeddable":true,"href":"https:\/\/www.suno.com.br\/noticias\/wp-json\/wp\/v2\/categories?post=28529"},{"taxonomy":"post_tag","embeddable":true,"href":"https:\/\/www.suno.com.br\/noticias\/wp-json\/wp\/v2\/tags?post=28529"},{"taxonomy":"suno_strategy","embeddable":true,"href":"https:\/\/www.suno.com.br\/noticias\/wp-json\/wp\/v2\/suno_strategy?post=28529"}],"curies":[{"name":"wp","href":"https:\/\/api.w.org\/{rel}","templated":true}]}}