{"id":285174,"date":"2022-08-16T10:15:04","date_gmt":"2022-08-16T13:15:04","guid":{"rendered":"https:\/\/www.suno.com.br\/noticias\/?p=285174"},"modified":"2022-08-16T11:08:21","modified_gmt":"2022-08-16T14:08:21","slug":"eleicoes-governo-beneficios-politica-fiscal","status":"publish","type":"post","link":"https:\/\/www.suno.com.br\/noticias\/eleicoes-governo-beneficios-politica-fiscal\/","title":{"rendered":"Infla\u00e7\u00e3o causa temor em ano de elei\u00e7\u00f5es, diz economista"},"content":{"rendered":"<p>O hist\u00f3rico de <strong>infla\u00e7\u00e3o<\/strong> elevada no Brasil ainda levanta preocupa\u00e7\u00f5es, sobretudo em um ano de <strong>elei\u00e7\u00f5es<\/strong>. Mesmo assim, o sinal de defla\u00e7\u00e3o \u00e9 motivo de comemora\u00e7\u00e3o para economistas.<\/p><div class=\"videoFull videoFull--noRadius\">\n\t\t\t<div class=\"videoWrapper yt-lazyload center\"\n\t\t\t\tdata-width=\"960\"\n\t\t\t\tdata-height=\"540\"\n\t\t\t\tdata-id=\"TJCXBph4AV8\"\n\t\t\t\tdata-alt=\"IPCA TEM MAIOR DEFLA\u00c7\u00c3O DESDE 1980 | Anitta deixa conselho do Nubank (NUBR33) | Ita\u00fa (ITUB4) sobe\"\n\t\t\t\tdata-logo=\"3\"\n\t\t\t\tdata-imagequality=\"maxres\">\n\t\t\t<\/div>\n\t\t<\/div><span class=\"videoFull__caption videoFull__caption--show\">IPCA TEM MAIOR DEFLA\u00c7\u00c3O DESDE 1980 | Anitta deixa conselho do Nubank (NUBR33) | Ita\u00fa (ITUB4) sobe<p>Ata do Copom sinalizou que a Selic deve permanecer em 13,75% na pr\u00f3xima reuni\u00e3o<\/p><\/span><script type=\"application\/ld+json\">{\"@context\":\"https:\/\/schema.org\",\"@type\":\"VideoObject\",\"name\":\"IPCA TEM MAIOR DEFLA\u00c7\u00c3O DESDE 1980 | Anitta deixa conselho do Nubank (NUBR33) | Ita\u00fa (ITUB4) sobe\",\"description\":\"Suno Challenge: https:\/\/lp.suno.com.br\/cl\/suno-challenge-2022\/ Confira nossos conte\u00fados sobre ESG: https:\/\/www.suno.com.br\/noticias\/tags\/esg\/ O Ibovespa hoje encerrou o preg\u00e3o de ter\u00e7a-feira (9) em alta de 0,23% aos 108.651,05, ap\u00f3s oscilar entre 107.841,98 e 109.331,29 pontos. O giro ficou em R$ 26,9 bilh\u00f5es, ap\u00f3s ter encostado em R$ 30 bilh\u00f5es ontem. Na semana, sobe 2,05%; no m\u00eas, 5,32%, e no\u2026\",\"duration\":\"PT34M2S\",\"embedUrl\":\"https:\/\/www.youtube.com\/embed\/TJCXBph4AV8\",\"regionsAllowed\":\"pt-BR\",\"interactionStatistic\":{\"@type\":\"InteractionCounter\",\"interactionType\":{\"@type\":\"WatchAction\"},\"userInteractionCount\":4297},\"thumbnailUrl\":\"https:\/\/i.ytimg.com\/vi\/TJCXBph4AV8\/default.jpg\",\"uploadDate\":\"2022-08-09T22:42:34Z\"}<\/script>\n\n\t<p>\n\t\t<a href=\"\" target=\"_blank\" data-element=\"shortcode-suno-banner\" title=\"Banner SUNO, clique e saiba mais\">\n\t\t\t<picture>\n\t\t\t\t<source media=\"(max-width: 500px)\" srcset=\"\">\n\t\t\t\t<img class=\"newsContent__article__imgCapa newsContent__article__imgCapa--banner\"\n\t\t\t\t\tsrc=\"\"\n\t\t\t\t\tdata-promo-id=\"138420\"\t\t\t\t\t\t\t\t\t\t\t\t\t\t\talt=\"\"\n\t\t\t\t>\n\t\t\t<\/picture>\n\t\t<\/a>\n\t<\/p>\n\n\n<p>Isso porque o \u00cdndice de Pre\u00e7os ao Consumidor Amplo (IPCA) apresentou uma retra\u00e7\u00e3o de 0,68% no m\u00eas de julho. Trata-se da menor taxa mensal j\u00e1 registrada desde o in\u00edcio da s\u00e9rie hist\u00f3rica em 1980, segundo o <a class=\"suno-keyword\" href=\"https:\/\/www.suno.com.br\/artigos\/ibge\/\" target=\"_blank\" rel=\"noopener\" data-force=\"no\" data-priority=\"3\">Instituto Brasileiro de Geografia e Estat\u00edstica (IBGE)<\/a>.<\/p>\n<p>O economista-chefe da MB Associados, S\u00e9rgio Vale, associa essa defla\u00e7\u00e3o registrada em julho \u00e0 desonera\u00e7\u00e3o de impostos por parte do governo federal, em medida do presidente Jair Bolsonaro (PL), com as elei\u00e7\u00f5es no radar. A decis\u00e3o teve como consequ\u00eancia a diminui\u00e7\u00e3o nos pre\u00e7os dos <strong>combust\u00edveis<\/strong>.<\/p>\n<p>Em 19 de julho, a <a class=\"suno-keyword\" href=\"https:\/\/www.suno.com.br\/acoes\/PETR4\/\" target=\"_blank\" rel=\"noopener\" data-force=\"yes\" data-priority=\"2\">Petrobras (PETR4)<\/a> anunciou a primeira queda no pre\u00e7o da gasolina, de 4,9%. Na semana seguinte, a medida se repetiu, desta vez em recuo de 3,8%.<\/p>\n<p>\u201cSabemos que a defla\u00e7\u00e3o foi causada de uma forma artificial, com um corte tempor\u00e1rio de<strong> impostos<\/strong> neste ano, que provavelmente veremos a revers\u00e3o no ano que vem. Parte desses impostos cortados para 2022 s\u00e3o transit\u00f3rios, s\u00f3 valem at\u00e9 o fim do ano. A alta provavelmente ficar\u00e1 concentrada em janeiro, isso se n\u00e3o for revertido j\u00e1 no final deste ano. Com uma elei\u00e7\u00e3o no meio do caminho, pode ser rediscutido\u201d, explica o economista, evidenciando a volatilidade do cen\u00e1rio eleitoral.<\/p>\n<h2>Cen\u00e1rio fiscal \u00e9 importante para p\u00f3s-elei\u00e7\u00f5es<\/h2>\n<p>Com novos incentivos sociais criados pelo governo, com a <strong>PEC dos Aux\u00edlios<\/strong>, o mercado ficou mais atento ao cen\u00e1rio fiscal local. Al\u00e9m de ser uma quest\u00e3o para o governo eleito em quest\u00e3o de 75 dias, pode ser um fator prejudicial para a taxa de c\u00e2mbio e a pol\u00edtica monet\u00e1ria do Brasil.<\/p>\n\t<p>\n\t\t<a href=\"https:\/\/lp.suno.com.br\/planilha-controle-gastos\/\" target=\"_blank\" data-element=\"shortcode-suno-banner\" title=\"Banner SUNO, clique e saiba mais\">\n\t\t\t<picture>\n\t\t\t\t<source media=\"(max-width: 500px)\" srcset=\"https:\/\/files.sunoresearch.com.br\/n\/uploads\/2023\/03\/400x300-Planilha-controle-de-gastos.png\">\n\t\t\t\t<img class=\"newsContent__article__imgCapa newsContent__article__imgCapa--banner\"\n\t\t\t\t\tsrc=\"https:\/\/files.sunoresearch.com.br\/n\/uploads\/2023\/03\/1420x240-Planilha-controle-de-gastos.png\"\n\t\t\t\t\tdata-promo-id=\"101751\"\t\t\t\t\t\t\t\t\t\twidth='1420' height='240'\t\t\t\t\talt=\"https:\/\/files.sunoresearch.com.br\/n\/uploads\/2023\/03\/1420x240-Planilha-controle-de-gastos.png\"\n\t\t\t\t>\n\t\t\t<\/picture>\n\t\t<\/a>\n\t<\/p>\n\n\n<p>\u201cCom inger\u00eancia do governo nas finan\u00e7as estaduais, h\u00e1 um risco muito grande para os pr\u00f3ximos anos. O cen\u00e1rio fiscal pode come\u00e7ar a afetar a taxa de c\u00e2mbio, como vimos nas \u00faltimas semanas. O<strong> risco fiscal<\/strong> gera press\u00e3o na taxa de c\u00e2mbio por conta da revers\u00e3o dos impostos que foram cortados esse ano\u201d, diz o economista S\u00e9rgio Vale.<\/p>\n<p>O governo brasileiro age na contram\u00e3o da<strong> pol\u00edtica monet\u00e1ria <\/strong>do Banco Central do Brasil (BC). Enquanto a autoridade provocou mais de 10 eleva\u00e7\u00f5es consecutivas da <a class=\"suno-keyword\" href=\"https:\/\/www.suno.com.br\/artigos\/juros\/\" target=\"_blank\" rel=\"noopener\" data-force=\"no\" data-priority=\"2\">taxa de juros<\/a>, em esfor\u00e7os de aperto, para conter a escalada da infla\u00e7\u00e3o, cerca de R$ 41,25 bilh\u00f5es do or\u00e7amento ser\u00e3o utilizados para a expans\u00e3o do <strong>Aux\u00edlio Brasil<\/strong>, que passa a ter valor m\u00ednimo de R$ 600 para cada fam\u00edlia, e do Aux\u00edlio G\u00e1s, al\u00e9m da cria\u00e7\u00e3o de aux\u00edlios a caminhoneiros e taxistas pelo aumento do pre\u00e7o dos combust\u00edveis.<\/p>\n<p>\u201cSe a <a class=\"suno-keyword\" href=\"https:\/\/www.suno.com.br\/artigos\/politica-fiscal\/\" target=\"_blank\" rel=\"noopener\" data-force=\"no\" data-priority=\"1\"><strong>pol\u00edtica fiscal<\/strong><\/a> n\u00e3o tivesse sido t\u00e3o expansionista nessa modalidade, como est\u00e1 acontecendo desde o in\u00edcio do ano, talvez o BC poderia ter sido menos agressivo com os juros\u201d, aponta.<\/p>\n\t<p>\n\t\t<a href=\"https:\/\/lp.suno.com.br\/planilha-da-vida-financeira\/\" target=\"_blank\" data-element=\"shortcode-suno-banner\" title=\"Banner SUNO, clique e saiba mais\">\n\t\t\t<picture>\n\t\t\t\t<source media=\"(max-width: 500px)\" srcset=\"https:\/\/files.sunoresearch.com.br\/n\/uploads\/2023\/04\/400x300-Planilha-vida-financeira-true.png\">\n\t\t\t\t<img class=\"newsContent__article__imgCapa newsContent__article__imgCapa--banner\"\n\t\t\t\t\tsrc=\"https:\/\/files.sunoresearch.com.br\/n\/uploads\/2023\/04\/1420x240-Planilha-vida-financeira-true.png\"\n\t\t\t\t\tdata-promo-id=\"106682\"\t\t\t\t\t\t\t\t\t\twidth='1420' height='240'\t\t\t\t\talt=\"https:\/\/files.sunoresearch.com.br\/n\/uploads\/2023\/04\/1420x240-Planilha-vida-financeira-true.png\"\n\t\t\t\t>\n\t\t\t<\/picture>\n\t\t<\/a>\n\t<\/p>\n\n\n<h2>BC dever\u00e1 ser o \u201cadulto\u201d na economia<\/h2>\n<p>Na vis\u00e3o de S\u00e9rgio Vale, o Banco Central est\u00e1 sozinho nas a\u00e7\u00f5es de aperto monet\u00e1rio. \u201cCom a pandemia, o governo n\u00e3o parou para pensar em quais estrat\u00e9gias vai utilizar, de acordo com a <a class=\"suno-keyword\" href=\"https:\/\/www.suno.com.br\/artigos\/politica-economica\/\" target=\"_blank\" rel=\"noopener\" data-force=\"no\" data-priority=\"1\">pol\u00edtica econ\u00f4mica<\/a> que quer colocar em pr\u00e1tica. Pensando nas a\u00e7\u00f5es recentes, de benef\u00edcios sociais, pensar em um <strong>aux\u00edlio <\/strong>para a popula\u00e7\u00e3o de baixa renda faz mais sentido do que um corte localizado de impostos em um segmento. N\u00e3o foram s\u00f3 os combust\u00edveis ou a energia que subiram. Tivemos um aumento sistem\u00e1tico de diversos pre\u00e7os.\u201d<\/p>\n<p>Para o economista, a melhor cartada do governo, diante da crise que assusta n\u00e3o s\u00f3 o Brasil mas o mundo, seria proteger a popula\u00e7\u00e3o mais pobre, em vez de cortar um imposto espec\u00edfico.<\/p>\n<p>\u201cDesde o in\u00edcio o governo deveria ter focado em dar renda e n\u00e3o insistir na quest\u00e3o tribut\u00e1ria, como foi feito, atrapalhando os estados ano que vem e for\u00e7ando uma defla\u00e7\u00e3o artificial. O governo quis atirar para todos os lados, do ponto de vista eleitoral\u201d, apontou.<\/p>\n<p>No quesito da pol\u00edtica monet\u00e1ria, o tom do Banco Central d\u00e1 a sensa\u00e7\u00e3o de que a autoridade, mais do que no ano passado, est\u00e1 apreensiva com o que vem pela frente.<\/p>\n<p>\u201cEm um cen\u00e1rio t\u00e3o turvo como o enfrentado agora, o BC ter\u00e1 de ser \u2018o adulto\u2019 na sala e colocar a<strong> taxa de juros <\/strong>em um patamar elevado. Ele tem muitas incertezas, com <strong>elei\u00e7\u00f5es<\/strong> no radar, a possibilidade de um cen\u00e1rio recessivo l\u00e1 fora, e as mudan\u00e7as na pol\u00edtica e fiscal\u201d, explica Vale.<\/p>\n\t<p>\n\t\t<a href=\"https:\/\/lp.suno.com.br\/ebook-como-analisar-uma-acao\/\" target=\"_blank\" data-element=\"shortcode-suno-banner\" title=\"Banner SUNO, clique e saiba mais\">\n\t\t\t<picture>\n\t\t\t\t<source media=\"(max-width: 500px)\" srcset=\"https:\/\/files.sunoresearch.com.br\/n\/uploads\/2023\/03\/Ebook-Acoes-Mobile-1.jpg\">\n\t\t\t\t<img class=\"newsContent__article__imgCapa newsContent__article__imgCapa--banner\"\n\t\t\t\t\tsrc=\"https:\/\/files.sunoresearch.com.br\/n\/uploads\/2023\/03\/Ebook-Acoes-Desktop-1.jpg\"\n\t\t\t\t\tdata-promo-id=\"171998\"\t\t\t\t\t\t\t\t\t\twidth='1420' height='286'\t\t\t\t\talt=\"https:\/\/files.sunoresearch.com.br\/n\/uploads\/2023\/03\/Ebook-Acoes-Desktop-1.jpg\"\n\t\t\t\t>\n\t\t\t<\/picture>\n\t\t<\/a>\n\t<\/p>\n\n\n","protected":false},"excerpt":{"rendered":"<p>O hist\u00f3rico de infla\u00e7\u00e3o elevada no Brasil ainda levanta preocupa\u00e7\u00f5es, sobretudo em um ano de elei\u00e7\u00f5es. Mesmo assim, o sinal de defla\u00e7\u00e3o \u00e9 motivo de comemora\u00e7\u00e3o para economistas. IPCA TEM MAIOR DEFLA\u00c7\u00c3O DESDE 1980 | Anitta deixa conselho do Nubank (NUBR33) | Ita\u00fa (ITUB4) sobeAta do Copom sinalizou que a Selic deve permanecer em 13,75% [&hellip;]<\/p>\n","protected":false},"author":70,"featured_media":285189,"comment_status":"closed","ping_status":"closed","sticky":false,"template":"","format":"standard","meta":[],"categories":[62],"tags":[1842,697,1556,850],"suno_strategy":[],"class_list":["post-285174","post","type-post","status-publish","format-standard","has-post-thumbnail","hentry","category-economia","tag-banco-central-bc","tag-eleicoes","tag-governo-federal","tag-inflacao"],"yoast_head":"<!-- This site is optimized with the Yoast SEO plugin v24.4 - https:\/\/yoast.com\/wordpress\/plugins\/seo\/ -->\n<title>Cen\u00e1rio fiscal \u00e9 importante para p\u00f3s-elei\u00e7\u00f5es, diz economista<\/title>\n<meta name=\"description\" content=\"Para economistas, a defla\u00e7\u00e3o \u00e9 motivo de comemora\u00e7\u00e3o, mas a incerteza de sustentabilidade levanta preocupa\u00e7\u00f5es, sobretudo em ano de elei\u00e7\u00f5es.\" \/>\n<meta name=\"robots\" content=\"index, follow, max-snippet:-1, max-image-preview:large, max-video-preview:-1\" \/>\n<link rel=\"canonical\" href=\"https:\/\/www.suno.com.br\/noticias\/eleicoes-governo-beneficios-politica-fiscal\/\" \/>\n<meta property=\"og:locale\" content=\"pt_BR\" \/>\n<meta property=\"og:type\" content=\"article\" \/>\n<meta property=\"og:title\" content=\"Cen\u00e1rio fiscal \u00e9 importante para p\u00f3s-elei\u00e7\u00f5es, diz economista\" \/>\n<meta property=\"og:description\" content=\"Para economistas, a defla\u00e7\u00e3o \u00e9 motivo de comemora\u00e7\u00e3o, mas a incerteza de sustentabilidade levanta preocupa\u00e7\u00f5es, sobretudo em ano de elei\u00e7\u00f5es.\" \/>\n<meta property=\"og:url\" content=\"https:\/\/www.suno.com.br\/noticias\/eleicoes-governo-beneficios-politica-fiscal\/\" \/>\n<meta property=\"og:site_name\" content=\"Suno Not\u00edcias\" \/>\n<meta property=\"article:publisher\" content=\"https:\/\/facebook.com\/sunoresearch\" \/>\n<meta property=\"og:image\" content=\"https:\/\/files.sunoresearch.com.br\/n\/uploads\/2022\/08\/bolsonaro-guedes-eleicoes-agenciabrasil.jpg\" \/>\n\t<meta property=\"og:image:width\" content=\"1200\" \/>\n\t<meta property=\"og:image:height\" content=\"717\" \/>\n\t<meta property=\"og:image:type\" content=\"image\/jpeg\" \/>\n<meta name=\"author\" content=\"Beatriz Boyadjian\" \/>\n<meta name=\"twitter:card\" content=\"summary_large_image\" \/>\n<meta name=\"twitter:creator\" content=\"@sunoresearch\" \/>\n<meta name=\"twitter:site\" content=\"@sunoresearch\" \/>\n<meta name=\"twitter:label1\" content=\"Escrito por\" \/>\n\t<meta name=\"twitter:data1\" content=\"Beatriz Boyadjian\" \/>\n\t<meta name=\"twitter:label2\" content=\"Est. tempo de leitura\" \/>\n\t<meta name=\"twitter:data2\" content=\"5 minutos\" \/>\n<script type=\"application\/ld+json\" class=\"yoast-schema-graph\">{\"@context\":\"https:\/\/schema.org\",\"@graph\":[{\"@type\":\"NewsArticle\",\"@id\":\"https:\/\/www.suno.com.br\/noticias\/eleicoes-governo-beneficios-politica-fiscal\/#article\",\"isPartOf\":{\"@id\":\"https:\/\/www.suno.com.br\/noticias\/eleicoes-governo-beneficios-politica-fiscal\/\"},\"author\":{\"name\":\"Beatriz Boyadjian\",\"@id\":\"https:\/\/www.suno.com.br\/noticias\/#\/schema\/person\/c9d40f227e4ffee8114b1299c28902b0\"},\"headline\":\"Infla\u00e7\u00e3o causa temor em ano de elei\u00e7\u00f5es, diz economista\",\"datePublished\":\"2022-08-16T13:15:04+00:00\",\"dateModified\":\"2022-08-16T14:08:21+00:00\",\"mainEntityOfPage\":{\"@id\":\"https:\/\/www.suno.com.br\/noticias\/eleicoes-governo-beneficios-politica-fiscal\/\"},\"wordCount\":830,\"publisher\":{\"@id\":\"https:\/\/www.suno.com.br\/noticias\/#organization\"},\"image\":{\"@id\":\"https:\/\/www.suno.com.br\/noticias\/eleicoes-governo-beneficios-politica-fiscal\/#primaryimage\"},\"thumbnailUrl\":\"https:\/\/files.sunoresearch.com.br\/n\/uploads\/2022\/08\/bolsonaro-guedes-eleicoes-agenciabrasil.jpg\",\"keywords\":[\"Banco Central (BC)\",\"Elei\u00e7\u00f5es\",\"governo federal\",\"infla\u00e7\u00e3o\"],\"articleSection\":[\"Economia\"],\"inLanguage\":\"pt-BR\"},{\"@type\":\"WebPage\",\"@id\":\"https:\/\/www.suno.com.br\/noticias\/eleicoes-governo-beneficios-politica-fiscal\/\",\"url\":\"https:\/\/www.suno.com.br\/noticias\/eleicoes-governo-beneficios-politica-fiscal\/\",\"name\":\"Cen\u00e1rio fiscal \u00e9 importante para p\u00f3s-elei\u00e7\u00f5es, diz economista\",\"isPartOf\":{\"@id\":\"https:\/\/www.suno.com.br\/noticias\/#website\"},\"primaryImageOfPage\":{\"@id\":\"https:\/\/www.suno.com.br\/noticias\/eleicoes-governo-beneficios-politica-fiscal\/#primaryimage\"},\"image\":{\"@id\":\"https:\/\/www.suno.com.br\/noticias\/eleicoes-governo-beneficios-politica-fiscal\/#primaryimage\"},\"thumbnailUrl\":\"https:\/\/files.sunoresearch.com.br\/n\/uploads\/2022\/08\/bolsonaro-guedes-eleicoes-agenciabrasil.jpg\",\"datePublished\":\"2022-08-16T13:15:04+00:00\",\"dateModified\":\"2022-08-16T14:08:21+00:00\",\"description\":\"Para economistas, a defla\u00e7\u00e3o \u00e9 motivo de comemora\u00e7\u00e3o, mas a incerteza de sustentabilidade levanta preocupa\u00e7\u00f5es, sobretudo em ano de elei\u00e7\u00f5es.\",\"breadcrumb\":{\"@id\":\"https:\/\/www.suno.com.br\/noticias\/eleicoes-governo-beneficios-politica-fiscal\/#breadcrumb\"},\"inLanguage\":\"pt-BR\",\"potentialAction\":[{\"@type\":\"ReadAction\",\"target\":[\"https:\/\/www.suno.com.br\/noticias\/eleicoes-governo-beneficios-politica-fiscal\/\"]}]},{\"@type\":\"ImageObject\",\"inLanguage\":\"pt-BR\",\"@id\":\"https:\/\/www.suno.com.br\/noticias\/eleicoes-governo-beneficios-politica-fiscal\/#primaryimage\",\"url\":\"https:\/\/files.sunoresearch.com.br\/n\/uploads\/2022\/08\/bolsonaro-guedes-eleicoes-agenciabrasil.jpg\",\"contentUrl\":\"https:\/\/files.sunoresearch.com.br\/n\/uploads\/2022\/08\/bolsonaro-guedes-eleicoes-agenciabrasil.jpg\",\"width\":1200,\"height\":717,\"caption\":\"Guedes teceu cr\u00edticas ao FMI. Foto: Ag\u00eancia Brasil\"},{\"@type\":\"BreadcrumbList\",\"@id\":\"https:\/\/www.suno.com.br\/noticias\/eleicoes-governo-beneficios-politica-fiscal\/#breadcrumb\",\"itemListElement\":[{\"@type\":\"ListItem\",\"position\":1,\"name\":\"Not\u00edcias\",\"item\":\"https:\/\/www.suno.com.br\/noticias\/\"},{\"@type\":\"ListItem\",\"position\":2,\"name\":\"Economia\",\"item\":\"https:\/\/www.suno.com.br\/noticias\/economia\/\"},{\"@type\":\"ListItem\",\"position\":3,\"name\":\"Infla\u00e7\u00e3o causa temor em ano de elei\u00e7\u00f5es, diz economista\"}]},{\"@type\":\"WebSite\",\"@id\":\"https:\/\/www.suno.com.br\/noticias\/#website\",\"url\":\"https:\/\/www.suno.com.br\/noticias\/\",\"name\":\"Suno Not\u00edcias\",\"description\":\"Seu portal de informa\u00e7\u00e3o sobre o mundo dos investimentos\",\"publisher\":{\"@id\":\"https:\/\/www.suno.com.br\/noticias\/#organization\"},\"potentialAction\":[{\"@type\":\"SearchAction\",\"target\":{\"@type\":\"EntryPoint\",\"urlTemplate\":\"https:\/\/www.suno.com.br\/noticias\/?s={search_term_string}\"},\"query-input\":{\"@type\":\"PropertyValueSpecification\",\"valueRequired\":true,\"valueName\":\"search_term_string\"}}],\"inLanguage\":\"pt-BR\"},{\"@type\":\"Organization\",\"@id\":\"https:\/\/www.suno.com.br\/noticias\/#organization\",\"name\":\"Suno Not\u00edcias\",\"url\":\"https:\/\/www.suno.com.br\/noticias\/\",\"logo\":{\"@type\":\"ImageObject\",\"inLanguage\":\"pt-BR\",\"@id\":\"https:\/\/www.suno.com.br\/noticias\/#\/schema\/logo\/image\/\",\"url\":\"https:\/\/files.sunoresearch.com.br\/n\/uploads\/2021\/09\/suno-logo.png\",\"contentUrl\":\"https:\/\/files.sunoresearch.com.br\/n\/uploads\/2021\/09\/suno-logo.png\",\"width\":180,\"height\":180,\"caption\":\"Suno Not\u00edcias\"},\"image\":{\"@id\":\"https:\/\/www.suno.com.br\/noticias\/#\/schema\/logo\/image\/\"},\"sameAs\":[\"https:\/\/facebook.com\/sunoresearch\",\"https:\/\/x.com\/sunoresearch\",\"https:\/\/www.instagram.com\/suno\",\"https:\/\/www.linkedin.com\/company\/suno-research\/\",\"https:\/\/www.youtube.com\/c\/sunoresearch\"]},{\"@type\":\"Person\",\"@id\":\"https:\/\/www.suno.com.br\/noticias\/#\/schema\/person\/c9d40f227e4ffee8114b1299c28902b0\",\"name\":\"Beatriz Boyadjian\",\"image\":{\"@type\":\"ImageObject\",\"inLanguage\":\"pt-BR\",\"@id\":\"https:\/\/www.suno.com.br\/noticias\/#\/schema\/person\/image\/\",\"url\":\"https:\/\/secure.gravatar.com\/avatar\/4c3c59f4030e268f950437c4f36e38b7?s=96&r=g\",\"contentUrl\":\"https:\/\/secure.gravatar.com\/avatar\/4c3c59f4030e268f950437c4f36e38b7?s=96&r=g\",\"caption\":\"Beatriz Boyadjian\"},\"description\":\"Rep\u00f3rter multim\u00eddia no Suno Not\u00edcias. Jornalista formada pela Faculdade C\u00e1sper L\u00edbero, foi rep\u00f3rter da Forbes Brasil e atuou na cobertura de hard news, economia, neg\u00f3cios e lifestyle. Gerenciou as redes sociais da edi\u00e7\u00e3o brasileira da tradicional revista de neg\u00f3cios. Na M\u00e1quina Cohn&amp;Wolfe, atuou como rela\u00e7\u00f5es p\u00fablicas de clientes do N\u00facleo de Sa\u00fade da empresa. Produziu releases, notas, relat\u00f3rios, entre outros, para empresas como Biomm, Hypera, FIDI. Anteriormente, respons\u00e1vel pelas redes sociais do Suno Not\u00edcias.\",\"sameAs\":[\"https:\/\/www.linkedin.com\/in\/beatriz-boyadjian\/\"],\"url\":\"https:\/\/www.suno.com.br\/noticias\/author\/beatriz-boyadjian\/\"}]}<\/script>\n<!-- \/ Yoast SEO plugin. -->","yoast_head_json":{"title":"Cen\u00e1rio fiscal \u00e9 importante para p\u00f3s-elei\u00e7\u00f5es, diz economista","description":"Para economistas, a defla\u00e7\u00e3o \u00e9 motivo de comemora\u00e7\u00e3o, mas a incerteza de sustentabilidade levanta preocupa\u00e7\u00f5es, sobretudo em ano de elei\u00e7\u00f5es.","robots":{"index":"index","follow":"follow","max-snippet":"max-snippet:-1","max-image-preview":"max-image-preview:large","max-video-preview":"max-video-preview:-1"},"canonical":"https:\/\/www.suno.com.br\/noticias\/eleicoes-governo-beneficios-politica-fiscal\/","og_locale":"pt_BR","og_type":"article","og_title":"Cen\u00e1rio fiscal \u00e9 importante para p\u00f3s-elei\u00e7\u00f5es, diz economista","og_description":"Para economistas, a defla\u00e7\u00e3o \u00e9 motivo de comemora\u00e7\u00e3o, mas a incerteza de sustentabilidade levanta preocupa\u00e7\u00f5es, sobretudo em ano de elei\u00e7\u00f5es.","og_url":"https:\/\/www.suno.com.br\/noticias\/eleicoes-governo-beneficios-politica-fiscal\/","og_site_name":"Suno Not\u00edcias","article_publisher":"https:\/\/facebook.com\/sunoresearch","og_image":[{"width":1200,"height":717,"url":"https:\/\/files.sunoresearch.com.br\/n\/uploads\/2022\/08\/bolsonaro-guedes-eleicoes-agenciabrasil.jpg","type":"image\/jpeg"}],"author":"Beatriz Boyadjian","twitter_card":"summary_large_image","twitter_creator":"@sunoresearch","twitter_site":"@sunoresearch","twitter_misc":{"Escrito por":"Beatriz Boyadjian","Est. tempo de leitura":"5 minutos"},"schema":{"@context":"https:\/\/schema.org","@graph":[{"@type":"NewsArticle","@id":"https:\/\/www.suno.com.br\/noticias\/eleicoes-governo-beneficios-politica-fiscal\/#article","isPartOf":{"@id":"https:\/\/www.suno.com.br\/noticias\/eleicoes-governo-beneficios-politica-fiscal\/"},"author":{"name":"Beatriz Boyadjian","@id":"https:\/\/www.suno.com.br\/noticias\/#\/schema\/person\/c9d40f227e4ffee8114b1299c28902b0"},"headline":"Infla\u00e7\u00e3o causa temor em ano de elei\u00e7\u00f5es, diz economista","datePublished":"2022-08-16T13:15:04+00:00","dateModified":"2022-08-16T14:08:21+00:00","mainEntityOfPage":{"@id":"https:\/\/www.suno.com.br\/noticias\/eleicoes-governo-beneficios-politica-fiscal\/"},"wordCount":830,"publisher":{"@id":"https:\/\/www.suno.com.br\/noticias\/#organization"},"image":{"@id":"https:\/\/www.suno.com.br\/noticias\/eleicoes-governo-beneficios-politica-fiscal\/#primaryimage"},"thumbnailUrl":"https:\/\/files.sunoresearch.com.br\/n\/uploads\/2022\/08\/bolsonaro-guedes-eleicoes-agenciabrasil.jpg","keywords":["Banco Central (BC)","Elei\u00e7\u00f5es","governo federal","infla\u00e7\u00e3o"],"articleSection":["Economia"],"inLanguage":"pt-BR"},{"@type":"WebPage","@id":"https:\/\/www.suno.com.br\/noticias\/eleicoes-governo-beneficios-politica-fiscal\/","url":"https:\/\/www.suno.com.br\/noticias\/eleicoes-governo-beneficios-politica-fiscal\/","name":"Cen\u00e1rio fiscal \u00e9 importante para p\u00f3s-elei\u00e7\u00f5es, diz economista","isPartOf":{"@id":"https:\/\/www.suno.com.br\/noticias\/#website"},"primaryImageOfPage":{"@id":"https:\/\/www.suno.com.br\/noticias\/eleicoes-governo-beneficios-politica-fiscal\/#primaryimage"},"image":{"@id":"https:\/\/www.suno.com.br\/noticias\/eleicoes-governo-beneficios-politica-fiscal\/#primaryimage"},"thumbnailUrl":"https:\/\/files.sunoresearch.com.br\/n\/uploads\/2022\/08\/bolsonaro-guedes-eleicoes-agenciabrasil.jpg","datePublished":"2022-08-16T13:15:04+00:00","dateModified":"2022-08-16T14:08:21+00:00","description":"Para economistas, a defla\u00e7\u00e3o \u00e9 motivo de comemora\u00e7\u00e3o, mas a incerteza de sustentabilidade levanta preocupa\u00e7\u00f5es, sobretudo em ano de elei\u00e7\u00f5es.","breadcrumb":{"@id":"https:\/\/www.suno.com.br\/noticias\/eleicoes-governo-beneficios-politica-fiscal\/#breadcrumb"},"inLanguage":"pt-BR","potentialAction":[{"@type":"ReadAction","target":["https:\/\/www.suno.com.br\/noticias\/eleicoes-governo-beneficios-politica-fiscal\/"]}]},{"@type":"ImageObject","inLanguage":"pt-BR","@id":"https:\/\/www.suno.com.br\/noticias\/eleicoes-governo-beneficios-politica-fiscal\/#primaryimage","url":"https:\/\/files.sunoresearch.com.br\/n\/uploads\/2022\/08\/bolsonaro-guedes-eleicoes-agenciabrasil.jpg","contentUrl":"https:\/\/files.sunoresearch.com.br\/n\/uploads\/2022\/08\/bolsonaro-guedes-eleicoes-agenciabrasil.jpg","width":1200,"height":717,"caption":"Guedes teceu cr\u00edticas ao FMI. Foto: Ag\u00eancia Brasil"},{"@type":"BreadcrumbList","@id":"https:\/\/www.suno.com.br\/noticias\/eleicoes-governo-beneficios-politica-fiscal\/#breadcrumb","itemListElement":[{"@type":"ListItem","position":1,"name":"Not\u00edcias","item":"https:\/\/www.suno.com.br\/noticias\/"},{"@type":"ListItem","position":2,"name":"Economia","item":"https:\/\/www.suno.com.br\/noticias\/economia\/"},{"@type":"ListItem","position":3,"name":"Infla\u00e7\u00e3o causa temor em ano de elei\u00e7\u00f5es, diz economista"}]},{"@type":"WebSite","@id":"https:\/\/www.suno.com.br\/noticias\/#website","url":"https:\/\/www.suno.com.br\/noticias\/","name":"Suno Not\u00edcias","description":"Seu portal de informa\u00e7\u00e3o sobre o mundo dos investimentos","publisher":{"@id":"https:\/\/www.suno.com.br\/noticias\/#organization"},"potentialAction":[{"@type":"SearchAction","target":{"@type":"EntryPoint","urlTemplate":"https:\/\/www.suno.com.br\/noticias\/?s={search_term_string}"},"query-input":{"@type":"PropertyValueSpecification","valueRequired":true,"valueName":"search_term_string"}}],"inLanguage":"pt-BR"},{"@type":"Organization","@id":"https:\/\/www.suno.com.br\/noticias\/#organization","name":"Suno Not\u00edcias","url":"https:\/\/www.suno.com.br\/noticias\/","logo":{"@type":"ImageObject","inLanguage":"pt-BR","@id":"https:\/\/www.suno.com.br\/noticias\/#\/schema\/logo\/image\/","url":"https:\/\/files.sunoresearch.com.br\/n\/uploads\/2021\/09\/suno-logo.png","contentUrl":"https:\/\/files.sunoresearch.com.br\/n\/uploads\/2021\/09\/suno-logo.png","width":180,"height":180,"caption":"Suno Not\u00edcias"},"image":{"@id":"https:\/\/www.suno.com.br\/noticias\/#\/schema\/logo\/image\/"},"sameAs":["https:\/\/facebook.com\/sunoresearch","https:\/\/x.com\/sunoresearch","https:\/\/www.instagram.com\/suno","https:\/\/www.linkedin.com\/company\/suno-research\/","https:\/\/www.youtube.com\/c\/sunoresearch"]},{"@type":"Person","@id":"https:\/\/www.suno.com.br\/noticias\/#\/schema\/person\/c9d40f227e4ffee8114b1299c28902b0","name":"Beatriz Boyadjian","image":{"@type":"ImageObject","inLanguage":"pt-BR","@id":"https:\/\/www.suno.com.br\/noticias\/#\/schema\/person\/image\/","url":"https:\/\/secure.gravatar.com\/avatar\/4c3c59f4030e268f950437c4f36e38b7?s=96&r=g","contentUrl":"https:\/\/secure.gravatar.com\/avatar\/4c3c59f4030e268f950437c4f36e38b7?s=96&r=g","caption":"Beatriz Boyadjian"},"description":"Rep\u00f3rter multim\u00eddia no Suno Not\u00edcias. Jornalista formada pela Faculdade C\u00e1sper L\u00edbero, foi rep\u00f3rter da Forbes Brasil e atuou na cobertura de hard news, economia, neg\u00f3cios e lifestyle. Gerenciou as redes sociais da edi\u00e7\u00e3o brasileira da tradicional revista de neg\u00f3cios. Na M\u00e1quina Cohn&amp;Wolfe, atuou como rela\u00e7\u00f5es p\u00fablicas de clientes do N\u00facleo de Sa\u00fade da empresa. Produziu releases, notas, relat\u00f3rios, entre outros, para empresas como Biomm, Hypera, FIDI. Anteriormente, respons\u00e1vel pelas redes sociais do Suno Not\u00edcias.","sameAs":["https:\/\/www.linkedin.com\/in\/beatriz-boyadjian\/"],"url":"https:\/\/www.suno.com.br\/noticias\/author\/beatriz-boyadjian\/"}]}},"default_loop_html":"<div class=\"cardsPage__listCard__boxs\"><div class=\"cardsPage__listCard__boxs__img\"><a href=\"https:\/\/www.suno.com.br\/noticias\/eleicoes-governo-beneficios-politica-fiscal\/\"><img class=\"mask\" src=\"https:\/\/www.suno.com.br\/noticias\/wp-content\/themes\/suno\/resources\/images\/spotlight\/spotlight1img\/bg-mask.png\" alt=\"Image Mask\"\/><img src=\"https:\/\/files.sunoresearch.com.br\/n\/uploads\/2022\/08\/bolsonaro-guedes-eleicoes-agenciabrasil-400x200.jpg\" alt=\"Infla\u00e7\u00e3o causa temor em ano de elei\u00e7\u00f5es, diz economista\"\/><\/a><span class=\"spotlightCategory\"><a href=\"https:\/\/www.suno.com.br\/noticias\/economia\/\">Economia<\/a><\/span><\/div><div class=\"cardsPage__listCard__boxs__content\"><a href=\"https:\/\/www.suno.com.br\/noticias\/eleicoes-governo-beneficios-politica-fiscal\/\"><h2 class=\"content__title\">Infla\u00e7\u00e3o causa temor em ano de elei\u00e7\u00f5es, diz economista<\/h2><\/a><div class=\"newsContent__article__meta\"><div class=\"newsContent__article__meta__authorBox\"><a href=\"https:\/\/www.suno.com.br\/noticias\/author\/beatriz-boyadjian\/\" class=\"authorBox__avatar noMobi\"><img src=\"https:\/\/secure.gravatar.com\/avatar\/4c3c59f4030e268f950437c4f36e38b7?s=96&#038;r=g\" alt=\"Beatriz Boyadjian\"><\/a><div class=\"authorBox__name\"><span>por\n\t\t\t<a href=\"https:\/\/www.suno.com.br\/noticias\/author\/beatriz-boyadjian\/\"><span itemprop=\"author\">Beatriz Boyadjian<\/span><\/a><\/span><time datetime=\"2022-08-16T10:15:04-03:00\" itemprop=\"datePublished\">16\/08\/2022 10:15<\/time><\/div><\/div><\/div><\/div><\/div>","single_layout":"posts","amp_enabled":true,"_links":{"self":[{"href":"https:\/\/www.suno.com.br\/noticias\/wp-json\/wp\/v2\/posts\/285174"}],"collection":[{"href":"https:\/\/www.suno.com.br\/noticias\/wp-json\/wp\/v2\/posts"}],"about":[{"href":"https:\/\/www.suno.com.br\/noticias\/wp-json\/wp\/v2\/types\/post"}],"author":[{"embeddable":true,"href":"https:\/\/www.suno.com.br\/noticias\/wp-json\/wp\/v2\/users\/70"}],"replies":[{"embeddable":true,"href":"https:\/\/www.suno.com.br\/noticias\/wp-json\/wp\/v2\/comments?post=285174"}],"version-history":[{"count":2,"href":"https:\/\/www.suno.com.br\/noticias\/wp-json\/wp\/v2\/posts\/285174\/revisions"}],"predecessor-version":[{"id":285571,"href":"https:\/\/www.suno.com.br\/noticias\/wp-json\/wp\/v2\/posts\/285174\/revisions\/285571"}],"wp:featuredmedia":[{"embeddable":true,"href":"https:\/\/www.suno.com.br\/noticias\/wp-json\/wp\/v2\/media\/285189"}],"wp:attachment":[{"href":"https:\/\/www.suno.com.br\/noticias\/wp-json\/wp\/v2\/media?parent=285174"}],"wp:term":[{"taxonomy":"category","embeddable":true,"href":"https:\/\/www.suno.com.br\/noticias\/wp-json\/wp\/v2\/categories?post=285174"},{"taxonomy":"post_tag","embeddable":true,"href":"https:\/\/www.suno.com.br\/noticias\/wp-json\/wp\/v2\/tags?post=285174"},{"taxonomy":"suno_strategy","embeddable":true,"href":"https:\/\/www.suno.com.br\/noticias\/wp-json\/wp\/v2\/suno_strategy?post=285174"}],"curies":[{"name":"wp","href":"https:\/\/api.w.org\/{rel}","templated":true}]}}