{"id":285057,"date":"2022-08-15T11:13:49","date_gmt":"2022-08-15T14:13:49","guid":{"rendered":"https:\/\/www.suno.com.br\/noticias\/?p=285057"},"modified":"2022-08-15T11:40:00","modified_gmt":"2022-08-15T14:40:00","slug":"natura-ntco3-cortes-prejuizo","status":"publish","type":"post","link":"https:\/\/www.suno.com.br\/noticias\/natura-ntco3-cortes-prejuizo\/","title":{"rendered":"Natura (NTCO3) vai &#8220;enxugar&#8221; holding ap\u00f3s preju\u00edzo no 2\u00ba trimestre"},"content":{"rendered":"<p>A <a class=\"suno-keyword\" href=\"https:\/\/www.suno.com.br\/acoes\/NTCO3\/\" target=\"_blank\" rel=\"noopener\" data-force=\"yes\" data-priority=\"2\"><strong>Natura<\/strong> (NTCO3)<\/a> deve enxugar a sua holding &#8211; Natura&amp;Co &#8211; e priorizar a <a class=\"suno-keyword\" href=\"https:\/\/www.suno.com.br\/artigos\/geracao-de-caixa\/\" target=\"_blank\" rel=\"noopener\" data-force=\"no\" data-priority=\"1\">gera\u00e7\u00e3o de caixa<\/a> e margens maiores nos pr\u00f3ximos trimestres.<\/p><div class=\"videoFull \">\n\t\t\t<div class=\"videoWrapper yt-lazyload center\"\n\t\t\t\tdata-width=\"960\"\n\t\t\t\tdata-height=\"540\"\n\t\t\t\tdata-id=\"LPDtaropK34\"\n\t\t\t\tdata-alt=\"V\u00eddeo do YouTube - clique para reproduzir\"\n\t\t\t\tdata-logo=\"3\"\n\t\t\t\tdata-imagequality=\"maxres\">\n\t\t\t<\/div>\n\t\t<\/div><script type=\"application\/ld+json\">{\"@context\":\"https:\/\/schema.org\",\"@type\":\"VideoObject\",\"name\":\"China derruba bolsas mundiais | Pr\u00e9via do PIB | Magalu (MGLU3) ganha R$ 3,7 bi em valor de mercado\",\"description\":\"Nesta segunda-feira (15), os \u00edndices futuros de Nova York e as bolsas da Europa come\u00e7aram a semana operando sem dire\u00e7\u00e3o definida, com os mercados aguardando a \u00faltima reuni\u00e3o do Comit\u00ea de Mercado Aberto (Fomc) do Federal Reserve, junto com uma s\u00e9rie de outros indicadores econ\u00f4micos relevantes que devem movimentar as apostas para os juros. Nesta\u2026\",\"duration\":\"PT23M24S\",\"embedUrl\":\"https:\/\/www.youtube.com\/embed\/LPDtaropK34\",\"regionsAllowed\":\"pt-BR\",\"interactionStatistic\":{\"@type\":\"InteractionCounter\",\"interactionType\":{\"@type\":\"WatchAction\"},\"userInteractionCount\":4186},\"thumbnailUrl\":\"https:\/\/i.ytimg.com\/vi\/LPDtaropK34\/default.jpg\",\"uploadDate\":\"2022-08-15T12:38:47Z\"}<\/script>\n\n\t<p>\n\t\t<a href=\"\" target=\"_blank\" data-element=\"shortcode-suno-banner\" title=\"Banner SUNO, clique e saiba mais\">\n\t\t\t<picture>\n\t\t\t\t<source media=\"(max-width: 500px)\" srcset=\"\">\n\t\t\t\t<img class=\"newsContent__article__imgCapa newsContent__article__imgCapa--banner\"\n\t\t\t\t\tsrc=\"\"\n\t\t\t\t\tdata-promo-id=\"138420\"\t\t\t\t\t\t\t\t\t\t\t\t\t\t\talt=\"\"\n\t\t\t\t>\n\t\t\t<\/picture>\n\t\t<\/a>\n\t<\/p>\n\n\n<p>A decis\u00e3o se d\u00e1 ap\u00f3s a Natura registrar preju\u00edzo l\u00edquido aos controladores de R$ 766,7 milh\u00f5es no segundo trimestre de 2022, conforme <a href=\"https:\/\/www.suno.com.br\/noticias\/natura-ntco3-resultado-2t22\/\">balan\u00e7o financeiro divulgado na semana passada<\/a>.<\/p>\n<p>&#8220;N\u00e3o estamos falando em nenhuma decis\u00e3o em rela\u00e7\u00e3o \u00e0s empresas. Est\u00e1vamos vendo que a <a href=\"https:\/\/www.suno.com.br\/artigos\/o-que-e-uma-holding\/\">holding<\/a> estava ficando pesada. \u00c9 ela quem vai ficar mais enxuta\u201d, disse\u00a0F\u00e1bio Barbosa, atual presidente da companhia.<\/p>\n<p>As decis\u00f5es, comenta o executivo, vem no sentido de desburocratizar a companhia, que mantinha muitas pessoas em &#8216;cargos redundantes&#8217;.<\/p>\n<p>\u201cHouve redund\u00e2ncia de pessoas que est\u00e3o sendo desmobilizadas. O objetivo maior era desburocratizar [a administra\u00e7\u00e3o] para as pessoas tomarem as melhores decis\u00f5es\u201d.<\/p>\n<p>A proje\u00e7\u00e3o do presidente da Natura \u00e9 que, caso esses cortes tivesse sido feitos ainda em 2021, a companhia teria uma redu\u00e7\u00e3o na casa de 40% em rela\u00e7\u00e3o \u00e0s suas despesas.<\/p>\n<p>No seu \u00faltimo resultado, o Ebitda menor &#8211; de R$ 694,9 milh\u00f5es &#8211; e as maiores <a class=\"suno-keyword\" href=\"https:\/\/www.suno.com.br\/artigos\/despesas-financeiras\/\" target=\"_blank\" rel=\"noopener\" data-force=\"no\" data-priority=\"1\">despesas financeiras<\/a> s\u00e3o apontados como causa do preju\u00edzo l\u00edquido de R$766,7 milh\u00f5es no trimestre.<\/p>\n\n\t<div data-element=\"shortcode-read-more\" class=\"readToo\">\n\t\t\t\t<span class=\"readToo__title\">Leia mais<\/span>\n\t\t\t\t<ul class=\"readToo__list\">\n\t\t\t<li><a href=\"https:\/\/www.suno.com.br\/noticias\/acao-natura-ntco3-despenca-10-entenda-por-que\/\">A\u00e7\u00e3o da Natura (NTCO3) despenca 10,8%. O que aconteceu?<\/a><\/li><li><a href=\"https:\/\/www.suno.com.br\/noticias\/natura-ntco3-resultado-2t22\/\">Natura (NTCO3) tem preju\u00edzo l\u00edquido de R$ 766 milh\u00f5es no 2T22<\/a><\/li>\t\t<\/ul>\n\t<\/div>\n\n\n<p>No acumulado dos primeiros seis meses deste ano, a empresa soma R$ 1,4 bilh\u00e3o de preju\u00edzo. A expectativa da companhia \u00e9 de que isso se reflita j\u00e1 no balan\u00e7o financeiro do terceiro trimestre.<\/p>\n<p>\u201cEsses ajustes n\u00e3o v\u00e3o aparecer todos no terceiro trimestre. Alguns custos relacionados a essas redund\u00e2ncias identificadas aparecer\u00e3o no quarto trimestre\u201d, disse o presidente da Natura.<\/p>\n<p>Al\u00e9m disso, o diretor financeiro da companhia, Guilherme Castellan, disse que a mesma deve avaliar suas presen\u00e7as ao redor do globo.<\/p>\n<p>\u201cA ideia \u00e9 minimizar ao m\u00e1ximo poss\u00edvel a presen\u00e7a em pa\u00edses em que continuamos operando com perdas e, especialmente, com caixas negativos&#8221;.<\/p>\n\t<p>\n\t\t<a href=\"https:\/\/lp.suno.com.br\/planilha-controle-gastos\/\" target=\"_blank\" data-element=\"shortcode-suno-banner\" title=\"Banner SUNO, clique e saiba mais\">\n\t\t\t<picture>\n\t\t\t\t<source media=\"(max-width: 500px)\" srcset=\"https:\/\/files.sunoresearch.com.br\/n\/uploads\/2023\/03\/400x300-Planilha-controle-de-gastos.png\">\n\t\t\t\t<img class=\"newsContent__article__imgCapa newsContent__article__imgCapa--banner\"\n\t\t\t\t\tsrc=\"https:\/\/files.sunoresearch.com.br\/n\/uploads\/2023\/03\/1420x240-Planilha-controle-de-gastos.png\"\n\t\t\t\t\tdata-promo-id=\"101751\"\t\t\t\t\t\t\t\t\t\twidth='1420' height='240'\t\t\t\t\talt=\"https:\/\/files.sunoresearch.com.br\/n\/uploads\/2023\/03\/1420x240-Planilha-controle-de-gastos.png\"\n\t\t\t\t>\n\t\t\t<\/picture>\n\t\t<\/a>\n\t<\/p>\n\n\n<h2>Veja mais n\u00fameros do resultado da Natura<\/h2>\n<p>Al\u00e9m do preju\u00edzo l\u00edquido de R$ 766,7 milh\u00f5es no segundo trimestre, a empresa teve <a class=\"suno-keyword\" href=\"https:\/\/www.suno.com.br\/artigos\/o-que-receita-liquida\/\" target=\"_blank\" rel=\"noopener\" data-force=\"no\" data-priority=\"1\">receita l\u00edquida<\/a> consolidada no trimestre, totalizando R$ 8,7 bilh\u00f5es, com queda de 8,6% em reais e alta de 0,4% em moeda constante.<\/p>\n<p>Am\u00e9rica Latina, aponta o <strong>resultado da Natura<\/strong>, registrou um aumento de vendas de 5,6% em moeda constante, enquanto a Avon International apresentou queda de 11,4% no mesmo crit\u00e9rio.<\/p>\n<p>O <a class=\"suno-keyword\" href=\"https:\/\/www.suno.com.br\/artigos\/ebitda-ajustado\/\" target=\"_blank\" rel=\"noopener\" data-force=\"no\" data-priority=\"1\">Ebitda ajustado<\/a> da companhia teve margem de 8%, com queda de 0,5 ponto porcentual em rela\u00e7\u00e3o \u00e0 de um ano antes.<\/p>\n<p>&#8220;Os bonds de 2023 da Avon foram totalmente resgatados com o bond de 2029, de US$600 milh\u00f5es, emitido em abril, e a Natura emitiu R$826,0 milh\u00f5es em deb\u00eantures com vencimento em 2027, substituindo parcialmente as emiss\u00f5es de 2022\/2024 e estendendo o prazo m\u00e9dio de vencimento da d\u00edvida&#8221;.<\/p>\n<h3>Queda de NTCO3<\/h3>\n<p><a href=\"https:\/\/www.suno.com.br\/noticias\/acao-natura-ntco3-despenca-10-entenda-por-que\/\">Ap\u00f3s a divulga\u00e7\u00e3o do balan\u00e7o<\/a>, as a\u00e7\u00f5es <a href=\"https:\/\/statusinvest.com.br\/acoes\/ntco3\"><strong>NTCO3<\/strong> <\/a>ca\u00edram 10,8%, acumulado baixa de 20% nos \u00faltimos cinco dias.<\/p>\n<p>Desde o in\u00edcio do ano, as a\u00e7\u00f5es da<strong> Natura<\/strong> caem 43%, ampliando a baixa de 12 meses para 72%.<\/p>\n\t<p>\n\t\t<a href=\"https:\/\/lp.suno.com.br\/planilha-da-vida-financeira\/\" target=\"_blank\" data-element=\"shortcode-suno-banner\" title=\"Banner SUNO, clique e saiba mais\">\n\t\t\t<picture>\n\t\t\t\t<source media=\"(max-width: 500px)\" srcset=\"https:\/\/files.sunoresearch.com.br\/n\/uploads\/2023\/04\/400x300-Planilha-vida-financeira-true.png\">\n\t\t\t\t<img class=\"newsContent__article__imgCapa newsContent__article__imgCapa--banner\"\n\t\t\t\t\tsrc=\"https:\/\/files.sunoresearch.com.br\/n\/uploads\/2023\/04\/1420x240-Planilha-vida-financeira-true.png\"\n\t\t\t\t\tdata-promo-id=\"106682\"\t\t\t\t\t\t\t\t\t\twidth='1420' height='240'\t\t\t\t\talt=\"https:\/\/files.sunoresearch.com.br\/n\/uploads\/2023\/04\/1420x240-Planilha-vida-financeira-true.png\"\n\t\t\t\t>\n\t\t\t<\/picture>\n\t\t<\/a>\n\t<\/p>\n\n\n","protected":false},"excerpt":{"rendered":"<p>A Natura (NTCO3) deve enxugar a sua holding &#8211; Natura&amp;Co &#8211; e priorizar a gera\u00e7\u00e3o de caixa e margens maiores nos pr\u00f3ximos trimestres. Veja o Morning Call desta sexta-feira (12\/08) A decis\u00e3o se d\u00e1 ap\u00f3s a Natura registrar preju\u00edzo l\u00edquido aos controladores de R$ 766,7 milh\u00f5es no segundo trimestre de 2022, conforme balan\u00e7o financeiro divulgado [&hellip;]<\/p>\n","protected":false},"author":73,"featured_media":55305,"comment_status":"closed","ping_status":"closed","sticky":false,"template":"","format":"standard","meta":[],"categories":[64],"tags":[574],"suno_strategy":[],"class_list":["post-285057","post","type-post","status-publish","format-standard","has-post-thumbnail","hentry","category-negocios","tag-natura-ntco3"],"yoast_head":"<!-- This site is optimized with the Yoast SEO plugin v24.4 - https:\/\/yoast.com\/wordpress\/plugins\/seo\/ -->\n<title>Natura (NTCO3) vai &quot;enxugar&quot; opera\u00e7\u00e3o ap\u00f3s preju\u00edzo no 2\u00ba trimestre<\/title>\n<meta name=\"description\" content=\"Natura vai &#039;enxugar&#039; holding ap\u00f3s preju\u00edzo de R$ 767 milh\u00f5es no segundo trimestre. Clique aqui e leia mais!\" \/>\n<meta name=\"robots\" content=\"index, follow, max-snippet:-1, max-image-preview:large, max-video-preview:-1\" \/>\n<link rel=\"canonical\" href=\"https:\/\/www.suno.com.br\/noticias\/natura-ntco3-cortes-prejuizo\/\" \/>\n<meta property=\"og:locale\" content=\"pt_BR\" \/>\n<meta property=\"og:type\" content=\"article\" \/>\n<meta property=\"og:title\" content=\"Natura (NTCO3) vai &quot;enxugar&quot; opera\u00e7\u00e3o ap\u00f3s preju\u00edzo no 2\u00ba trimestre\" \/>\n<meta property=\"og:description\" content=\"Natura vai &#039;enxugar&#039; holding ap\u00f3s preju\u00edzo de R$ 767 milh\u00f5es no segundo trimestre. Clique aqui e leia mais!\" \/>\n<meta property=\"og:url\" content=\"https:\/\/www.suno.com.br\/noticias\/natura-ntco3-cortes-prejuizo\/\" \/>\n<meta property=\"og:site_name\" content=\"Suno Not\u00edcias\" \/>\n<meta property=\"article:publisher\" content=\"https:\/\/facebook.com\/sunoresearch\" \/>\n<meta property=\"og:image\" content=\"https:\/\/files.sunoresearch.com.br\/n\/uploads\/2020\/03\/f94387a6-natura.jpg\" \/>\n\t<meta property=\"og:image:width\" content=\"1200\" \/>\n\t<meta property=\"og:image:height\" content=\"800\" \/>\n\t<meta property=\"og:image:type\" content=\"image\/jpeg\" \/>\n<meta name=\"author\" content=\"Eduardo Vargas\" \/>\n<meta name=\"twitter:card\" content=\"summary_large_image\" \/>\n<meta name=\"twitter:creator\" content=\"@sunoresearch\" \/>\n<meta name=\"twitter:site\" content=\"@sunoresearch\" \/>\n<meta name=\"twitter:label1\" content=\"Escrito por\" \/>\n\t<meta name=\"twitter:data1\" content=\"Eduardo Vargas\" \/>\n\t<meta name=\"twitter:label2\" content=\"Est. tempo de leitura\" \/>\n\t<meta name=\"twitter:data2\" content=\"3 minutos\" \/>\n<script type=\"application\/ld+json\" class=\"yoast-schema-graph\">{\"@context\":\"https:\/\/schema.org\",\"@graph\":[{\"@type\":\"NewsArticle\",\"@id\":\"https:\/\/www.suno.com.br\/noticias\/natura-ntco3-cortes-prejuizo\/#article\",\"isPartOf\":{\"@id\":\"https:\/\/www.suno.com.br\/noticias\/natura-ntco3-cortes-prejuizo\/\"},\"author\":{\"name\":\"Eduardo Vargas\",\"@id\":\"https:\/\/www.suno.com.br\/noticias\/#\/schema\/person\/7f4d362bf3518e76090143ae77bb49a5\"},\"headline\":\"Natura (NTCO3) vai &#8220;enxugar&#8221; holding ap\u00f3s preju\u00edzo no 2\u00ba trimestre\",\"datePublished\":\"2022-08-15T14:13:49+00:00\",\"dateModified\":\"2022-08-15T14:40:00+00:00\",\"mainEntityOfPage\":{\"@id\":\"https:\/\/www.suno.com.br\/noticias\/natura-ntco3-cortes-prejuizo\/\"},\"wordCount\":529,\"publisher\":{\"@id\":\"https:\/\/www.suno.com.br\/noticias\/#organization\"},\"image\":{\"@id\":\"https:\/\/www.suno.com.br\/noticias\/natura-ntco3-cortes-prejuizo\/#primaryimage\"},\"thumbnailUrl\":\"https:\/\/files.sunoresearch.com.br\/n\/uploads\/2020\/03\/f94387a6-natura-jpg.webp\",\"keywords\":[\"Natura (NTCO3)\"],\"articleSection\":[\"Neg\u00f3cios\"],\"inLanguage\":\"pt-BR\"},{\"@type\":\"WebPage\",\"@id\":\"https:\/\/www.suno.com.br\/noticias\/natura-ntco3-cortes-prejuizo\/\",\"url\":\"https:\/\/www.suno.com.br\/noticias\/natura-ntco3-cortes-prejuizo\/\",\"name\":\"Natura (NTCO3) vai \\\"enxugar\\\" opera\u00e7\u00e3o ap\u00f3s preju\u00edzo no 2\u00ba trimestre\",\"isPartOf\":{\"@id\":\"https:\/\/www.suno.com.br\/noticias\/#website\"},\"primaryImageOfPage\":{\"@id\":\"https:\/\/www.suno.com.br\/noticias\/natura-ntco3-cortes-prejuizo\/#primaryimage\"},\"image\":{\"@id\":\"https:\/\/www.suno.com.br\/noticias\/natura-ntco3-cortes-prejuizo\/#primaryimage\"},\"thumbnailUrl\":\"https:\/\/files.sunoresearch.com.br\/n\/uploads\/2020\/03\/f94387a6-natura-jpg.webp\",\"datePublished\":\"2022-08-15T14:13:49+00:00\",\"dateModified\":\"2022-08-15T14:40:00+00:00\",\"description\":\"Natura vai 'enxugar' holding ap\u00f3s preju\u00edzo de R$ 767 milh\u00f5es no segundo trimestre. Clique aqui e leia mais!\",\"breadcrumb\":{\"@id\":\"https:\/\/www.suno.com.br\/noticias\/natura-ntco3-cortes-prejuizo\/#breadcrumb\"},\"inLanguage\":\"pt-BR\",\"potentialAction\":[{\"@type\":\"ReadAction\",\"target\":[\"https:\/\/www.suno.com.br\/noticias\/natura-ntco3-cortes-prejuizo\/\"]}]},{\"@type\":\"ImageObject\",\"inLanguage\":\"pt-BR\",\"@id\":\"https:\/\/www.suno.com.br\/noticias\/natura-ntco3-cortes-prejuizo\/#primaryimage\",\"url\":\"https:\/\/files.sunoresearch.com.br\/n\/uploads\/2020\/03\/f94387a6-natura-jpg.webp\",\"contentUrl\":\"https:\/\/files.sunoresearch.com.br\/n\/uploads\/2020\/03\/f94387a6-natura-jpg.webp\",\"width\":1200,\"height\":800,\"caption\":\"Natura (NATU3). Foto: divulga\u00e7\u00e3o.\"},{\"@type\":\"BreadcrumbList\",\"@id\":\"https:\/\/www.suno.com.br\/noticias\/natura-ntco3-cortes-prejuizo\/#breadcrumb\",\"itemListElement\":[{\"@type\":\"ListItem\",\"position\":1,\"name\":\"Not\u00edcias\",\"item\":\"https:\/\/www.suno.com.br\/noticias\/\"},{\"@type\":\"ListItem\",\"position\":2,\"name\":\"Neg\u00f3cios\",\"item\":\"https:\/\/www.suno.com.br\/noticias\/negocios\/\"},{\"@type\":\"ListItem\",\"position\":3,\"name\":\"Natura (NTCO3) vai &#8220;enxugar&#8221; holding ap\u00f3s preju\u00edzo no 2\u00ba trimestre\"}]},{\"@type\":\"WebSite\",\"@id\":\"https:\/\/www.suno.com.br\/noticias\/#website\",\"url\":\"https:\/\/www.suno.com.br\/noticias\/\",\"name\":\"Suno Not\u00edcias\",\"description\":\"Seu portal de informa\u00e7\u00e3o sobre o mundo dos investimentos\",\"publisher\":{\"@id\":\"https:\/\/www.suno.com.br\/noticias\/#organization\"},\"potentialAction\":[{\"@type\":\"SearchAction\",\"target\":{\"@type\":\"EntryPoint\",\"urlTemplate\":\"https:\/\/www.suno.com.br\/noticias\/?s={search_term_string}\"},\"query-input\":{\"@type\":\"PropertyValueSpecification\",\"valueRequired\":true,\"valueName\":\"search_term_string\"}}],\"inLanguage\":\"pt-BR\"},{\"@type\":\"Organization\",\"@id\":\"https:\/\/www.suno.com.br\/noticias\/#organization\",\"name\":\"Suno Not\u00edcias\",\"url\":\"https:\/\/www.suno.com.br\/noticias\/\",\"logo\":{\"@type\":\"ImageObject\",\"inLanguage\":\"pt-BR\",\"@id\":\"https:\/\/www.suno.com.br\/noticias\/#\/schema\/logo\/image\/\",\"url\":\"https:\/\/files.sunoresearch.com.br\/n\/uploads\/2021\/09\/suno-logo.png\",\"contentUrl\":\"https:\/\/files.sunoresearch.com.br\/n\/uploads\/2021\/09\/suno-logo.png\",\"width\":180,\"height\":180,\"caption\":\"Suno Not\u00edcias\"},\"image\":{\"@id\":\"https:\/\/www.suno.com.br\/noticias\/#\/schema\/logo\/image\/\"},\"sameAs\":[\"https:\/\/facebook.com\/sunoresearch\",\"https:\/\/x.com\/sunoresearch\",\"https:\/\/www.instagram.com\/suno\",\"https:\/\/www.linkedin.com\/company\/suno-research\/\",\"https:\/\/www.youtube.com\/c\/sunoresearch\"]},{\"@type\":\"Person\",\"@id\":\"https:\/\/www.suno.com.br\/noticias\/#\/schema\/person\/7f4d362bf3518e76090143ae77bb49a5\",\"name\":\"Eduardo Vargas\",\"image\":{\"@type\":\"ImageObject\",\"inLanguage\":\"pt-BR\",\"@id\":\"https:\/\/www.suno.com.br\/noticias\/#\/schema\/person\/image\/\",\"url\":\"https:\/\/secure.gravatar.com\/avatar\/dac340933427a22924c9f99d1eb2e3f2?s=96&r=g\",\"contentUrl\":\"https:\/\/secure.gravatar.com\/avatar\/dac340933427a22924c9f99d1eb2e3f2?s=96&r=g\",\"caption\":\"Eduardo Vargas\"},\"description\":\"Jornalista formado pela UFSC, cobre macroeconomia, neg\u00f3cios e startups para o Suno Not\u00edcias, escrevendo principalmente not\u00edcias sobre o mercado financeiro e a bolsa de valores. No YouTube e no Instagram, \u00e9 respons\u00e1vel pela produ\u00e7\u00e3o de Reels e Shorts do Suno Not\u00edcias. Anteriormente, trabalhou cobrindo economia e cotidiano no ND+ e para o ND, maior jornal impresso de Santa Catarina. Cursou um semestre letivo de Estudos de M\u00eddia na Universidad de Buenos Aires.\",\"url\":\"https:\/\/www.suno.com.br\/noticias\/author\/eduardo-vargas\/\"}]}<\/script>\n<!-- \/ Yoast SEO plugin. -->","yoast_head_json":{"title":"Natura (NTCO3) vai \"enxugar\" opera\u00e7\u00e3o ap\u00f3s preju\u00edzo no 2\u00ba trimestre","description":"Natura vai 'enxugar' holding ap\u00f3s preju\u00edzo de R$ 767 milh\u00f5es no segundo trimestre. Clique aqui e leia mais!","robots":{"index":"index","follow":"follow","max-snippet":"max-snippet:-1","max-image-preview":"max-image-preview:large","max-video-preview":"max-video-preview:-1"},"canonical":"https:\/\/www.suno.com.br\/noticias\/natura-ntco3-cortes-prejuizo\/","og_locale":"pt_BR","og_type":"article","og_title":"Natura (NTCO3) vai \"enxugar\" opera\u00e7\u00e3o ap\u00f3s preju\u00edzo no 2\u00ba trimestre","og_description":"Natura vai 'enxugar' holding ap\u00f3s preju\u00edzo de R$ 767 milh\u00f5es no segundo trimestre. Clique aqui e leia mais!","og_url":"https:\/\/www.suno.com.br\/noticias\/natura-ntco3-cortes-prejuizo\/","og_site_name":"Suno Not\u00edcias","article_publisher":"https:\/\/facebook.com\/sunoresearch","og_image":[{"width":1200,"height":800,"url":"https:\/\/files.sunoresearch.com.br\/n\/uploads\/2020\/03\/f94387a6-natura.jpg","type":"image\/jpeg"}],"author":"Eduardo Vargas","twitter_card":"summary_large_image","twitter_creator":"@sunoresearch","twitter_site":"@sunoresearch","twitter_misc":{"Escrito por":"Eduardo Vargas","Est. tempo de leitura":"3 minutos"},"schema":{"@context":"https:\/\/schema.org","@graph":[{"@type":"NewsArticle","@id":"https:\/\/www.suno.com.br\/noticias\/natura-ntco3-cortes-prejuizo\/#article","isPartOf":{"@id":"https:\/\/www.suno.com.br\/noticias\/natura-ntco3-cortes-prejuizo\/"},"author":{"name":"Eduardo Vargas","@id":"https:\/\/www.suno.com.br\/noticias\/#\/schema\/person\/7f4d362bf3518e76090143ae77bb49a5"},"headline":"Natura (NTCO3) vai &#8220;enxugar&#8221; holding ap\u00f3s preju\u00edzo no 2\u00ba trimestre","datePublished":"2022-08-15T14:13:49+00:00","dateModified":"2022-08-15T14:40:00+00:00","mainEntityOfPage":{"@id":"https:\/\/www.suno.com.br\/noticias\/natura-ntco3-cortes-prejuizo\/"},"wordCount":529,"publisher":{"@id":"https:\/\/www.suno.com.br\/noticias\/#organization"},"image":{"@id":"https:\/\/www.suno.com.br\/noticias\/natura-ntco3-cortes-prejuizo\/#primaryimage"},"thumbnailUrl":"https:\/\/files.sunoresearch.com.br\/n\/uploads\/2020\/03\/f94387a6-natura-jpg.webp","keywords":["Natura (NTCO3)"],"articleSection":["Neg\u00f3cios"],"inLanguage":"pt-BR"},{"@type":"WebPage","@id":"https:\/\/www.suno.com.br\/noticias\/natura-ntco3-cortes-prejuizo\/","url":"https:\/\/www.suno.com.br\/noticias\/natura-ntco3-cortes-prejuizo\/","name":"Natura (NTCO3) vai \"enxugar\" opera\u00e7\u00e3o ap\u00f3s preju\u00edzo no 2\u00ba trimestre","isPartOf":{"@id":"https:\/\/www.suno.com.br\/noticias\/#website"},"primaryImageOfPage":{"@id":"https:\/\/www.suno.com.br\/noticias\/natura-ntco3-cortes-prejuizo\/#primaryimage"},"image":{"@id":"https:\/\/www.suno.com.br\/noticias\/natura-ntco3-cortes-prejuizo\/#primaryimage"},"thumbnailUrl":"https:\/\/files.sunoresearch.com.br\/n\/uploads\/2020\/03\/f94387a6-natura-jpg.webp","datePublished":"2022-08-15T14:13:49+00:00","dateModified":"2022-08-15T14:40:00+00:00","description":"Natura vai 'enxugar' holding ap\u00f3s preju\u00edzo de R$ 767 milh\u00f5es no segundo trimestre. Clique aqui e leia mais!","breadcrumb":{"@id":"https:\/\/www.suno.com.br\/noticias\/natura-ntco3-cortes-prejuizo\/#breadcrumb"},"inLanguage":"pt-BR","potentialAction":[{"@type":"ReadAction","target":["https:\/\/www.suno.com.br\/noticias\/natura-ntco3-cortes-prejuizo\/"]}]},{"@type":"ImageObject","inLanguage":"pt-BR","@id":"https:\/\/www.suno.com.br\/noticias\/natura-ntco3-cortes-prejuizo\/#primaryimage","url":"https:\/\/files.sunoresearch.com.br\/n\/uploads\/2020\/03\/f94387a6-natura-jpg.webp","contentUrl":"https:\/\/files.sunoresearch.com.br\/n\/uploads\/2020\/03\/f94387a6-natura-jpg.webp","width":1200,"height":800,"caption":"Natura (NATU3). Foto: divulga\u00e7\u00e3o."},{"@type":"BreadcrumbList","@id":"https:\/\/www.suno.com.br\/noticias\/natura-ntco3-cortes-prejuizo\/#breadcrumb","itemListElement":[{"@type":"ListItem","position":1,"name":"Not\u00edcias","item":"https:\/\/www.suno.com.br\/noticias\/"},{"@type":"ListItem","position":2,"name":"Neg\u00f3cios","item":"https:\/\/www.suno.com.br\/noticias\/negocios\/"},{"@type":"ListItem","position":3,"name":"Natura (NTCO3) vai &#8220;enxugar&#8221; holding ap\u00f3s preju\u00edzo no 2\u00ba trimestre"}]},{"@type":"WebSite","@id":"https:\/\/www.suno.com.br\/noticias\/#website","url":"https:\/\/www.suno.com.br\/noticias\/","name":"Suno Not\u00edcias","description":"Seu portal de informa\u00e7\u00e3o sobre o mundo dos investimentos","publisher":{"@id":"https:\/\/www.suno.com.br\/noticias\/#organization"},"potentialAction":[{"@type":"SearchAction","target":{"@type":"EntryPoint","urlTemplate":"https:\/\/www.suno.com.br\/noticias\/?s={search_term_string}"},"query-input":{"@type":"PropertyValueSpecification","valueRequired":true,"valueName":"search_term_string"}}],"inLanguage":"pt-BR"},{"@type":"Organization","@id":"https:\/\/www.suno.com.br\/noticias\/#organization","name":"Suno Not\u00edcias","url":"https:\/\/www.suno.com.br\/noticias\/","logo":{"@type":"ImageObject","inLanguage":"pt-BR","@id":"https:\/\/www.suno.com.br\/noticias\/#\/schema\/logo\/image\/","url":"https:\/\/files.sunoresearch.com.br\/n\/uploads\/2021\/09\/suno-logo.png","contentUrl":"https:\/\/files.sunoresearch.com.br\/n\/uploads\/2021\/09\/suno-logo.png","width":180,"height":180,"caption":"Suno Not\u00edcias"},"image":{"@id":"https:\/\/www.suno.com.br\/noticias\/#\/schema\/logo\/image\/"},"sameAs":["https:\/\/facebook.com\/sunoresearch","https:\/\/x.com\/sunoresearch","https:\/\/www.instagram.com\/suno","https:\/\/www.linkedin.com\/company\/suno-research\/","https:\/\/www.youtube.com\/c\/sunoresearch"]},{"@type":"Person","@id":"https:\/\/www.suno.com.br\/noticias\/#\/schema\/person\/7f4d362bf3518e76090143ae77bb49a5","name":"Eduardo Vargas","image":{"@type":"ImageObject","inLanguage":"pt-BR","@id":"https:\/\/www.suno.com.br\/noticias\/#\/schema\/person\/image\/","url":"https:\/\/secure.gravatar.com\/avatar\/dac340933427a22924c9f99d1eb2e3f2?s=96&r=g","contentUrl":"https:\/\/secure.gravatar.com\/avatar\/dac340933427a22924c9f99d1eb2e3f2?s=96&r=g","caption":"Eduardo Vargas"},"description":"Jornalista formado pela UFSC, cobre macroeconomia, neg\u00f3cios e startups para o Suno Not\u00edcias, escrevendo principalmente not\u00edcias sobre o mercado financeiro e a bolsa de valores. No YouTube e no Instagram, \u00e9 respons\u00e1vel pela produ\u00e7\u00e3o de Reels e Shorts do Suno Not\u00edcias. Anteriormente, trabalhou cobrindo economia e cotidiano no ND+ e para o ND, maior jornal impresso de Santa Catarina. Cursou um semestre letivo de Estudos de M\u00eddia na Universidad de Buenos Aires.","url":"https:\/\/www.suno.com.br\/noticias\/author\/eduardo-vargas\/"}]}},"default_loop_html":"<div class=\"cardsPage__listCard__boxs\"><div class=\"cardsPage__listCard__boxs__img\"><a href=\"https:\/\/www.suno.com.br\/noticias\/natura-ntco3-resultado-2t22\/\"><img class=\"mask\" src=\"https:\/\/www.suno.com.br\/noticias\/wp-content\/themes\/suno\/resources\/images\/spotlight\/spotlight1img\/bg-mask.png\" alt=\"Image Mask\"\/><img src=\"https:\/\/files.sunoresearch.com.br\/n\/uploads\/2021\/05\/0843da21-71332740_10162674314720422_8645593579995004928_n-1-400x200.webp\" alt=\"Natura (NTCO3) tem preju\u00edzo l\u00edquido de R$ 766 milh\u00f5es no 2T22\"\/><\/a><span class=\"spotlightCategory\"><a href=\"https:\/\/www.suno.com.br\/noticias\/negocios\/\">Neg\u00f3cios<\/a><\/span><\/div><div class=\"cardsPage__listCard__boxs__content\"><a href=\"https:\/\/www.suno.com.br\/noticias\/natura-ntco3-resultado-2t22\/\"><h2 class=\"content__title\">Natura (NTCO3) tem preju\u00edzo l\u00edquido de R$ 766 milh\u00f5es no 2T22<\/h2><\/a><div class=\"newsContent__article__meta\"><div class=\"newsContent__article__meta__authorBox\"><a href=\"https:\/\/www.suno.com.br\/noticias\/author\/eduardo-vargas\/\" class=\"authorBox__avatar noMobi\"><img src=\"https:\/\/secure.gravatar.com\/avatar\/dac340933427a22924c9f99d1eb2e3f2?s=96&#038;r=g\" alt=\"Eduardo Vargas\"><\/a><div class=\"authorBox__name\"><span>por\n\t\t\t<a href=\"https:\/\/www.suno.com.br\/noticias\/author\/eduardo-vargas\/\"><span itemprop=\"author\">Eduardo Vargas<\/span><\/a><\/span><time datetime=\"2022-08-12T09:12:08-03:00\" itemprop=\"datePublished\">12\/08\/2022 09:12<\/time><\/div><\/div><\/div><\/div><\/div>","single_layout":"posts","amp_enabled":true,"_links":{"self":[{"href":"https:\/\/www.suno.com.br\/noticias\/wp-json\/wp\/v2\/posts\/285057"}],"collection":[{"href":"https:\/\/www.suno.com.br\/noticias\/wp-json\/wp\/v2\/posts"}],"about":[{"href":"https:\/\/www.suno.com.br\/noticias\/wp-json\/wp\/v2\/types\/post"}],"author":[{"embeddable":true,"href":"https:\/\/www.suno.com.br\/noticias\/wp-json\/wp\/v2\/users\/73"}],"replies":[{"embeddable":true,"href":"https:\/\/www.suno.com.br\/noticias\/wp-json\/wp\/v2\/comments?post=285057"}],"version-history":[{"count":3,"href":"https:\/\/www.suno.com.br\/noticias\/wp-json\/wp\/v2\/posts\/285057\/revisions"}],"predecessor-version":[{"id":285116,"href":"https:\/\/www.suno.com.br\/noticias\/wp-json\/wp\/v2\/posts\/285057\/revisions\/285116"}],"wp:featuredmedia":[{"embeddable":true,"href":"https:\/\/www.suno.com.br\/noticias\/wp-json\/wp\/v2\/media\/55305"}],"wp:attachment":[{"href":"https:\/\/www.suno.com.br\/noticias\/wp-json\/wp\/v2\/media?parent=285057"}],"wp:term":[{"taxonomy":"category","embeddable":true,"href":"https:\/\/www.suno.com.br\/noticias\/wp-json\/wp\/v2\/categories?post=285057"},{"taxonomy":"post_tag","embeddable":true,"href":"https:\/\/www.suno.com.br\/noticias\/wp-json\/wp\/v2\/tags?post=285057"},{"taxonomy":"suno_strategy","embeddable":true,"href":"https:\/\/www.suno.com.br\/noticias\/wp-json\/wp\/v2\/suno_strategy?post=285057"}],"curies":[{"name":"wp","href":"https:\/\/api.w.org\/{rel}","templated":true}]}}