{"id":285044,"date":"2022-08-15T09:12:53","date_gmt":"2022-08-15T12:12:53","guid":{"rendered":"https:\/\/www.suno.com.br\/noticias\/?p=285044"},"modified":"2022-08-15T09:26:49","modified_gmt":"2022-08-15T12:26:49","slug":"irb-brasil-irbr3-estuda-aumento-capital","status":"publish","type":"post","link":"https:\/\/www.suno.com.br\/noticias\/irb-brasil-irbr3-estuda-aumento-capital\/","title":{"rendered":"IRB Brasil (IRBR3) confirma estudar aumento de capital"},"content":{"rendered":"<p>Ap\u00f3s <a href=\"https:\/\/www.suno.com.br\/noticias\/irb-irbr3-prepara-aumento-capital\/\">fontes internas citarem<\/a> um poss\u00edvel <a class=\"suno-keyword\" href=\"https:\/\/www.suno.com.br\/artigos\/aumento-capital\/\" target=\"_blank\" rel=\"noopener\" data-force=\"no\" data-priority=\"1\">aumento de capital<\/a> de at\u00e9 R$ 1,5 bilh\u00e3o, o\u00a0<strong>IRB Brasil<\/strong> (<a href=\"https:\/\/www.suno.com.br\/acoes\/IRBR3\/\">IRBR3<\/a>) veio a p\u00fablico dizer que &#8220;avalia diversas alternativas dispon\u00edveis para o refor\u00e7o de sua condi\u00e7\u00e3o financeira&#8221;.<\/p><div class=\"videoFull videoFull--noRadius\">\n\t\t\t<div class=\"videoWrapper yt-lazyload center\"\n\t\t\t\tdata-width=\"960\"\n\t\t\t\tdata-height=\"540\"\n\t\t\t\tdata-id=\"LPDtaropK34\"\n\t\t\t\tdata-alt=\"Veja o Morning Call desta segunda-feira (15)\"\n\t\t\t\tdata-logo=\"3\"\n\t\t\t\tdata-imagequality=\"maxres\">\n\t\t\t<\/div>\n\t\t<\/div><span class=\"videoFull__caption videoFull__caption--show\">Veja o Morning Call desta segunda-feira (15)<p><\/p><\/span><script type=\"application\/ld+json\">{\"@context\":\"https:\/\/schema.org\",\"@type\":\"VideoObject\",\"name\":\"China derruba bolsas mundiais | Pr\u00e9via do PIB | Magalu (MGLU3) ganha R$ 3,7 bi em valor de mercado\",\"description\":\"Nesta segunda-feira (15), os \u00edndices futuros de Nova York e as bolsas da Europa come\u00e7aram a semana operando sem dire\u00e7\u00e3o definida, com os mercados aguardando a \u00faltima reuni\u00e3o do Comit\u00ea de Mercado Aberto (Fomc) do Federal Reserve, junto com uma s\u00e9rie de outros indicadores econ\u00f4micos relevantes que devem movimentar as apostas para os juros. Nesta\u2026\",\"duration\":\"PT23M24S\",\"embedUrl\":\"https:\/\/www.youtube.com\/embed\/LPDtaropK34\",\"regionsAllowed\":\"pt-BR\",\"interactionStatistic\":{\"@type\":\"InteractionCounter\",\"interactionType\":{\"@type\":\"WatchAction\"},\"userInteractionCount\":4186},\"thumbnailUrl\":\"https:\/\/i.ytimg.com\/vi\/LPDtaropK34\/default.jpg\",\"uploadDate\":\"2022-08-15T12:38:47Z\"}<\/script>\n\n\t<p>\n\t\t<a href=\"\" target=\"_blank\" data-element=\"shortcode-suno-banner\" title=\"Banner SUNO, clique e saiba mais\">\n\t\t\t<picture>\n\t\t\t\t<source media=\"(max-width: 500px)\" srcset=\"\">\n\t\t\t\t<img class=\"newsContent__article__imgCapa newsContent__article__imgCapa--banner\"\n\t\t\t\t\tsrc=\"\"\n\t\t\t\t\tdata-promo-id=\"138420\"\t\t\t\t\t\t\t\t\t\t\t\t\t\t\talt=\"\"\n\t\t\t\t>\n\t\t\t<\/picture>\n\t\t<\/a>\n\t<\/p>\n\n\n<p>A companhia publicou um <a class=\"suno-keyword\" href=\"https:\/\/www.suno.com.br\/artigos\/fato-relevante\/\" target=\"_blank\" rel=\"noopener\" data-force=\"no\" data-priority=\"1\">fato relevante<\/a> na manh\u00e3 desta segunda (15), ap\u00f3s as not\u00edcias sobre o poss\u00edvel\u00a0<strong>aumento de capital do IRB<\/strong> dominarem o notici\u00e1rio.<\/p>\n<p>Se concretizada, a proposta poderia fazer cada a\u00e7\u00e3o <a href=\"https:\/\/statusinvest.com.br\/acoes\/irbr3\"><strong>IRBR3<\/strong> <\/a>ir a R$ 1 &#8211; um modo de contornar as exig\u00eancias regulat\u00f3rias acerca da liquidez da companhia. Isso pois a companhia, <span style=\"font-weight: 400;\">h\u00e1 tr\u00eas trimestres, sofre com a insufici\u00eancia no seu <strong>\u00edndice de liquidez<\/strong>, que caiu de 143% para 106% em mar\u00e7o deste ano.<\/span><\/p>\n<p>&#8220;[O IRB] estuda a possibilidade de realiza\u00e7\u00e3o de uma opera\u00e7\u00e3o de capta\u00e7\u00e3o de recursos, que em princ\u00edpio consistiria em uma oferta p\u00fablica subsequente de distribui\u00e7\u00e3o prim\u00e1ria de <a class=\"suno-keyword\" href=\"https:\/\/www.suno.com.br\/artigos\/o-que-sao-acoes-ordinarias-preferenciais-e-units\/\" target=\"_blank\" rel=\"noopener\" data-force=\"no\" data-priority=\"1\">a\u00e7\u00f5es ordin\u00e1rias<\/a>, todas nominativas, escriturais e sem <a class=\"suno-keyword\" href=\"https:\/\/www.suno.com.br\/artigos\/valor-nominal\/\" target=\"_blank\" rel=\"noopener\" data-force=\"no\" data-priority=\"1\">valor nominal<\/a>, de emiss\u00e3o da Companhia, todas livres e desembara\u00e7adas de quaisquer \u00f4nus ou gravames, com esfor\u00e7os restritos de coloca\u00e7\u00e3o, a ser realizada no Brasil, nos termos da legisla\u00e7\u00e3o e regulamenta\u00e7\u00e3o aplic\u00e1veis, e com esfor\u00e7os de coloca\u00e7\u00e3o no exterior&#8221;, diz o documento arquivado na <a href=\"https:\/\/www.suno.com.br\/artigos\/cvm\/\">Comiss\u00e3o de Valores Mobili\u00e1rios (CVM)<\/a>.<\/p>\n<p>A companhia destaca que deve fazer isso com base no limite de aumento de capital autorizado pelo Estatuto Social. Al\u00e9m disso, cita que &#8220;at\u00e9 o momento, ainda n\u00e3o definiu ou aprovou a efetiva realiza\u00e7\u00e3o da Potencial Capta\u00e7\u00e3o ou a sua estrutura&#8221;.<\/p>\n\n\t<div data-element=\"shortcode-read-more\" class=\"readToo\">\n\t\t\t\t<span class=\"readToo__title\">Leia mais<\/span>\n\t\t\t\t<ul class=\"readToo__list\">\n\t\t\t<li><a href=\"https:\/\/www.suno.com.br\/noticias\/magazine-luiza-mglu3-varejo-via-viia3\/\">Magazine Luiza (MGLU3) e Via (VIIA3) tem novas perspectivas com Copa do Mundo, 5G e Aux\u00edlio Brasil<\/a><\/li><li><a href=\"https:\/\/www.suno.com.br\/noticias\/petrobras-petr4-salario-presidente\/\">Remunera\u00e7\u00e3o de presidente da Petrobras (PETR4) \u00e9 de R$ 116 mil, diz coluna<\/a><\/li><li><a href=\"https:\/\/www.suno.com.br\/noticias\/bolsa-de-valores-ibovespa-resultado\/\">Bolsa de valores sobe 15% em um m\u00eas com &#8216;resultados acima das expectativas&#8217;<\/a><\/li>\t\t<\/ul>\n\t<\/div>\n\n\n<p>No fato relevante, tamb\u00e9m consta que a companhia ainda n\u00e3o definiu os valores, estimados em R$ 1 bilh\u00e3o a R$ 1,5 bilh\u00e3o, segundo as fontes internas da empresa. A <a href=\"https:\/\/www.suno.com.br\/artigos\/follow-on\/\">oferta p\u00fablica<\/a>, diz o IRB, &#8216;n\u00e3o est\u00e1 sendo realizada em qualquer jurisdi\u00e7\u00e3o&#8217;.<\/p>\n<p>&#8220;A efetiva realiza\u00e7\u00e3o da Potencial Capta\u00e7\u00e3o, assim como qualquer opera\u00e7\u00e3o de capta\u00e7\u00e3o de recursos no mercado de capitais que a Companhia poder\u00e1 realizar, est\u00e1 sujeita, entre outros fatores, \u00e0s condi\u00e7\u00f5es do mercado de capitais brasileiro e internacional, \u00e0 obten\u00e7\u00e3o das aprova\u00e7\u00f5es necess\u00e1rias, incluindo as respectivas aprova\u00e7\u00f5es societ\u00e1rias aplic\u00e1veis, \u00e0s condi\u00e7\u00f5es pol\u00edticas e macroecon\u00f4micas favor\u00e1veis, ao interesse de investidores, dentre outros fatores alheios \u00e0 vontade da Companhia&#8221;.<\/p>\n<h2>Entenda o imbr\u00f3glio do IRB<\/h2>\n<p>Com a retra\u00e7\u00e3o <a href=\"https:\/\/www.suno.com.br\/artigos\/liquidez\/\">do \u00edndice de liquidez para 106%<\/a>, aumentam os riscos da companhia, j\u00e1 no relat\u00f3rio do pr\u00f3ximo trimestre,<span style=\"font-weight: 400;\"> ter seu \u00edndice abaixo de 100% &#8211; patamar que \u00e9 o m\u00ednimo exigido para as empresas de capital aberto.<\/span><\/p>\n<p>A companhia deve divulgar atualiza\u00e7\u00f5es nesta segunda (15) ap\u00f3s o preg\u00e3o, na<a href=\"https:\/\/www.suno.com.br\/artigos\/balanco-consolidado\/\"> divulga\u00e7\u00e3o do seu balan\u00e7o trimestral<\/a>, conforme consta no site de <a href=\"https:\/\/www.suno.com.br\/artigos\/relacoes-com-investidores\/\">rela\u00e7\u00e3o com investidores (RI)<\/a> da companhia.<\/p>\n\t<p>\n\t\t<a href=\"https:\/\/lp.suno.com.br\/planilha-controle-gastos\/\" target=\"_blank\" data-element=\"shortcode-suno-banner\" title=\"Banner SUNO, clique e saiba mais\">\n\t\t\t<picture>\n\t\t\t\t<source media=\"(max-width: 500px)\" srcset=\"https:\/\/files.sunoresearch.com.br\/n\/uploads\/2023\/03\/400x300-Planilha-controle-de-gastos.png\">\n\t\t\t\t<img class=\"newsContent__article__imgCapa newsContent__article__imgCapa--banner\"\n\t\t\t\t\tsrc=\"https:\/\/files.sunoresearch.com.br\/n\/uploads\/2023\/03\/1420x240-Planilha-controle-de-gastos.png\"\n\t\t\t\t\tdata-promo-id=\"101751\"\t\t\t\t\t\t\t\t\t\twidth='1420' height='240'\t\t\t\t\talt=\"https:\/\/files.sunoresearch.com.br\/n\/uploads\/2023\/03\/1420x240-Planilha-controle-de-gastos.png\"\n\t\t\t\t>\n\t\t\t<\/picture>\n\t\t<\/a>\n\t<\/p>\n\n\n<p><span style=\"font-weight: 400;\">\u201cO pre\u00e7o de tela hoje do IRB Brasil est\u00e1 totalmente errado. Se sair com um desconto s\u00f3 de uns 30%, n\u00e3o vai ter demanda\u201d, disse uma fonte familiarizada com o tema ao Brazil Journal.<\/span><\/p>\n<p>Vale lembrar que em meados de 2020 a companhia <span style=\"font-weight: 400;\">passou pela mesma situa\u00e7\u00e3o e tamb\u00e9m decidiu aumentar seu capital, com a ajuda de bancos acionistas como o <a href=\"https:\/\/www.suno.com.br\/acoes\/itub4\/\">Ita\u00fa (ITUB4)<\/a> e <a href=\"https:\/\/www.suno.com.br\/acoes\/bbdc4\/\">Bradesco (BBDC4)<\/a>.\u00a0<\/span><\/p>\n<p><span style=\"font-weight: 400;\">H\u00e1 expectativa que essas institui\u00e7\u00f5es deem mais uma vez suporte \u00e0 opera\u00e7\u00e3o e, posteriormente, decidam por<a href=\"https:\/\/www.suno.com.br\/artigos\/oferta-publica-aquisicao\/\"> fechar o capital da companhia<\/a>.<\/span><\/p>\n<h2>Desempenho de IRBR3<\/h2>\n<p>As <strong>a\u00e7\u00f5es do IRB<\/strong> s\u00e3o negociadas a atuais R$ 2,31, com alta de 10% nos \u00faltimos 30 dias.<\/p>\n<p>Contudo, no acumulado de 12 meses, o <strong>IRB<\/strong> teve uma queda de cerca de 57% nos seus pap\u00e9is, em ritmo de alta volatilidade &#8211; com m\u00e1xima de R$ 5,50 e m\u00ednima de R$ 1,89 nessa janela de tempo.<\/p>\n\t<p>\n\t\t<a href=\"https:\/\/lp.suno.com.br\/planilha-da-vida-financeira\/\" target=\"_blank\" data-element=\"shortcode-suno-banner\" title=\"Banner SUNO, clique e saiba mais\">\n\t\t\t<picture>\n\t\t\t\t<source media=\"(max-width: 500px)\" srcset=\"https:\/\/files.sunoresearch.com.br\/n\/uploads\/2023\/04\/400x300-Planilha-vida-financeira-true.png\">\n\t\t\t\t<img class=\"newsContent__article__imgCapa newsContent__article__imgCapa--banner\"\n\t\t\t\t\tsrc=\"https:\/\/files.sunoresearch.com.br\/n\/uploads\/2023\/04\/1420x240-Planilha-vida-financeira-true.png\"\n\t\t\t\t\tdata-promo-id=\"106682\"\t\t\t\t\t\t\t\t\t\twidth='1420' height='240'\t\t\t\t\talt=\"https:\/\/files.sunoresearch.com.br\/n\/uploads\/2023\/04\/1420x240-Planilha-vida-financeira-true.png\"\n\t\t\t\t>\n\t\t\t<\/picture>\n\t\t<\/a>\n\t<\/p>\n\n\n","protected":false},"excerpt":{"rendered":"<p>Ap\u00f3s fontes internas citarem um poss\u00edvel aumento de capital de at\u00e9 R$ 1,5 bilh\u00e3o, o\u00a0IRB Brasil (IRBR3) veio a p\u00fablico dizer que &#8220;avalia diversas alternativas dispon\u00edveis para o refor\u00e7o de sua condi\u00e7\u00e3o financeira&#8221;. A companhia publicou um fato relevante na manh\u00e3 desta segunda (15), ap\u00f3s as not\u00edcias sobre o poss\u00edvel\u00a0aumento de capital do IRB dominarem [&hellip;]<\/p>\n","protected":false},"author":73,"featured_media":253124,"comment_status":"closed","ping_status":"closed","sticky":false,"template":"","format":"standard","meta":[],"categories":[64],"tags":[1813],"suno_strategy":[],"class_list":["post-285044","post","type-post","status-publish","format-standard","has-post-thumbnail","hentry","category-negocios","tag-irb-brasil-irbr3"],"yoast_head":"<!-- This site is optimized with the Yoast SEO plugin v24.4 - https:\/\/yoast.com\/wordpress\/plugins\/seo\/ -->\n<title>IRB Brasil (IRBR3) confirma estudar aumento de capital<\/title>\n<meta name=\"description\" content=\"Na semana anterior, fontes internas do IRB havia citado um aumento de capital de at\u00e9 R$ 1,5 bilh\u00e3o com a\u00e7\u00e3o a R$ 1. Clique aqui e confira!\" \/>\n<meta name=\"robots\" content=\"index, follow, max-snippet:-1, max-image-preview:large, max-video-preview:-1\" \/>\n<link rel=\"canonical\" href=\"https:\/\/www.suno.com.br\/noticias\/irb-brasil-irbr3-estuda-aumento-capital\/\" \/>\n<meta property=\"og:locale\" content=\"pt_BR\" \/>\n<meta property=\"og:type\" content=\"article\" \/>\n<meta property=\"og:title\" content=\"IRB Brasil (IRBR3) confirma estudar aumento de capital\" \/>\n<meta property=\"og:description\" content=\"Na semana anterior, fontes internas do IRB havia citado um aumento de capital de at\u00e9 R$ 1,5 bilh\u00e3o com a\u00e7\u00e3o a R$ 1. Clique aqui e confira!\" \/>\n<meta property=\"og:url\" content=\"https:\/\/www.suno.com.br\/noticias\/irb-brasil-irbr3-estuda-aumento-capital\/\" \/>\n<meta property=\"og:site_name\" content=\"Suno Not\u00edcias\" \/>\n<meta property=\"article:publisher\" content=\"https:\/\/facebook.com\/sunoresearch\" \/>\n<meta property=\"og:image\" content=\"https:\/\/files.sunoresearch.com.br\/n\/uploads\/2022\/04\/IRB-Divulgacao.jpg\" \/>\n\t<meta property=\"og:image:width\" content=\"1370\" \/>\n\t<meta property=\"og:image:height\" content=\"807\" \/>\n\t<meta property=\"og:image:type\" content=\"image\/jpeg\" \/>\n<meta name=\"author\" content=\"Eduardo Vargas\" \/>\n<meta name=\"twitter:card\" content=\"summary_large_image\" \/>\n<meta name=\"twitter:creator\" content=\"@sunoresearch\" \/>\n<meta name=\"twitter:site\" content=\"@sunoresearch\" \/>\n<meta name=\"twitter:label1\" content=\"Escrito por\" \/>\n\t<meta name=\"twitter:data1\" content=\"Eduardo Vargas\" \/>\n\t<meta name=\"twitter:label2\" content=\"Est. tempo de leitura\" \/>\n\t<meta name=\"twitter:data2\" content=\"4 minutos\" \/>\n<script type=\"application\/ld+json\" class=\"yoast-schema-graph\">{\"@context\":\"https:\/\/schema.org\",\"@graph\":[{\"@type\":\"NewsArticle\",\"@id\":\"https:\/\/www.suno.com.br\/noticias\/irb-brasil-irbr3-estuda-aumento-capital\/#article\",\"isPartOf\":{\"@id\":\"https:\/\/www.suno.com.br\/noticias\/irb-brasil-irbr3-estuda-aumento-capital\/\"},\"author\":{\"name\":\"Eduardo Vargas\",\"@id\":\"https:\/\/www.suno.com.br\/noticias\/#\/schema\/person\/7f4d362bf3518e76090143ae77bb49a5\"},\"headline\":\"IRB Brasil (IRBR3) confirma estudar aumento de capital\",\"datePublished\":\"2022-08-15T12:12:53+00:00\",\"dateModified\":\"2022-08-15T12:26:49+00:00\",\"mainEntityOfPage\":{\"@id\":\"https:\/\/www.suno.com.br\/noticias\/irb-brasil-irbr3-estuda-aumento-capital\/\"},\"wordCount\":646,\"publisher\":{\"@id\":\"https:\/\/www.suno.com.br\/noticias\/#organization\"},\"image\":{\"@id\":\"https:\/\/www.suno.com.br\/noticias\/irb-brasil-irbr3-estuda-aumento-capital\/#primaryimage\"},\"thumbnailUrl\":\"https:\/\/files.sunoresearch.com.br\/n\/uploads\/2022\/04\/IRB-Divulgacao.jpg\",\"keywords\":[\"IRB Brasil (IRBR3)\"],\"articleSection\":[\"Neg\u00f3cios\"],\"inLanguage\":\"pt-BR\"},{\"@type\":\"WebPage\",\"@id\":\"https:\/\/www.suno.com.br\/noticias\/irb-brasil-irbr3-estuda-aumento-capital\/\",\"url\":\"https:\/\/www.suno.com.br\/noticias\/irb-brasil-irbr3-estuda-aumento-capital\/\",\"name\":\"IRB Brasil (IRBR3) confirma estudar aumento de capital\",\"isPartOf\":{\"@id\":\"https:\/\/www.suno.com.br\/noticias\/#website\"},\"primaryImageOfPage\":{\"@id\":\"https:\/\/www.suno.com.br\/noticias\/irb-brasil-irbr3-estuda-aumento-capital\/#primaryimage\"},\"image\":{\"@id\":\"https:\/\/www.suno.com.br\/noticias\/irb-brasil-irbr3-estuda-aumento-capital\/#primaryimage\"},\"thumbnailUrl\":\"https:\/\/files.sunoresearch.com.br\/n\/uploads\/2022\/04\/IRB-Divulgacao.jpg\",\"datePublished\":\"2022-08-15T12:12:53+00:00\",\"dateModified\":\"2022-08-15T12:26:49+00:00\",\"description\":\"Na semana anterior, fontes internas do IRB havia citado um aumento de capital de at\u00e9 R$ 1,5 bilh\u00e3o com a\u00e7\u00e3o a R$ 1. Clique aqui e confira!\",\"breadcrumb\":{\"@id\":\"https:\/\/www.suno.com.br\/noticias\/irb-brasil-irbr3-estuda-aumento-capital\/#breadcrumb\"},\"inLanguage\":\"pt-BR\",\"potentialAction\":[{\"@type\":\"ReadAction\",\"target\":[\"https:\/\/www.suno.com.br\/noticias\/irb-brasil-irbr3-estuda-aumento-capital\/\"]}]},{\"@type\":\"ImageObject\",\"inLanguage\":\"pt-BR\",\"@id\":\"https:\/\/www.suno.com.br\/noticias\/irb-brasil-irbr3-estuda-aumento-capital\/#primaryimage\",\"url\":\"https:\/\/files.sunoresearch.com.br\/n\/uploads\/2022\/04\/IRB-Divulgacao.jpg\",\"contentUrl\":\"https:\/\/files.sunoresearch.com.br\/n\/uploads\/2022\/04\/IRB-Divulgacao.jpg\",\"width\":1370,\"height\":807,\"caption\":\"IRB Brasil (IRBR3). Foto: Divulga\u00e7\u00e3o\"},{\"@type\":\"BreadcrumbList\",\"@id\":\"https:\/\/www.suno.com.br\/noticias\/irb-brasil-irbr3-estuda-aumento-capital\/#breadcrumb\",\"itemListElement\":[{\"@type\":\"ListItem\",\"position\":1,\"name\":\"Not\u00edcias\",\"item\":\"https:\/\/www.suno.com.br\/noticias\/\"},{\"@type\":\"ListItem\",\"position\":2,\"name\":\"Neg\u00f3cios\",\"item\":\"https:\/\/www.suno.com.br\/noticias\/negocios\/\"},{\"@type\":\"ListItem\",\"position\":3,\"name\":\"IRB Brasil (IRBR3) confirma estudar aumento de capital\"}]},{\"@type\":\"WebSite\",\"@id\":\"https:\/\/www.suno.com.br\/noticias\/#website\",\"url\":\"https:\/\/www.suno.com.br\/noticias\/\",\"name\":\"Suno Not\u00edcias\",\"description\":\"Seu portal de informa\u00e7\u00e3o sobre o mundo dos investimentos\",\"publisher\":{\"@id\":\"https:\/\/www.suno.com.br\/noticias\/#organization\"},\"potentialAction\":[{\"@type\":\"SearchAction\",\"target\":{\"@type\":\"EntryPoint\",\"urlTemplate\":\"https:\/\/www.suno.com.br\/noticias\/?s={search_term_string}\"},\"query-input\":{\"@type\":\"PropertyValueSpecification\",\"valueRequired\":true,\"valueName\":\"search_term_string\"}}],\"inLanguage\":\"pt-BR\"},{\"@type\":\"Organization\",\"@id\":\"https:\/\/www.suno.com.br\/noticias\/#organization\",\"name\":\"Suno Not\u00edcias\",\"url\":\"https:\/\/www.suno.com.br\/noticias\/\",\"logo\":{\"@type\":\"ImageObject\",\"inLanguage\":\"pt-BR\",\"@id\":\"https:\/\/www.suno.com.br\/noticias\/#\/schema\/logo\/image\/\",\"url\":\"https:\/\/files.sunoresearch.com.br\/n\/uploads\/2021\/09\/suno-logo.png\",\"contentUrl\":\"https:\/\/files.sunoresearch.com.br\/n\/uploads\/2021\/09\/suno-logo.png\",\"width\":180,\"height\":180,\"caption\":\"Suno Not\u00edcias\"},\"image\":{\"@id\":\"https:\/\/www.suno.com.br\/noticias\/#\/schema\/logo\/image\/\"},\"sameAs\":[\"https:\/\/facebook.com\/sunoresearch\",\"https:\/\/x.com\/sunoresearch\",\"https:\/\/www.instagram.com\/suno\",\"https:\/\/www.linkedin.com\/company\/suno-research\/\",\"https:\/\/www.youtube.com\/c\/sunoresearch\"]},{\"@type\":\"Person\",\"@id\":\"https:\/\/www.suno.com.br\/noticias\/#\/schema\/person\/7f4d362bf3518e76090143ae77bb49a5\",\"name\":\"Eduardo Vargas\",\"image\":{\"@type\":\"ImageObject\",\"inLanguage\":\"pt-BR\",\"@id\":\"https:\/\/www.suno.com.br\/noticias\/#\/schema\/person\/image\/\",\"url\":\"https:\/\/secure.gravatar.com\/avatar\/dac340933427a22924c9f99d1eb2e3f2?s=96&r=g\",\"contentUrl\":\"https:\/\/secure.gravatar.com\/avatar\/dac340933427a22924c9f99d1eb2e3f2?s=96&r=g\",\"caption\":\"Eduardo Vargas\"},\"description\":\"Jornalista formado pela UFSC, cobre macroeconomia, neg\u00f3cios e startups para o Suno Not\u00edcias, escrevendo principalmente not\u00edcias sobre o mercado financeiro e a bolsa de valores. No YouTube e no Instagram, \u00e9 respons\u00e1vel pela produ\u00e7\u00e3o de Reels e Shorts do Suno Not\u00edcias. Anteriormente, trabalhou cobrindo economia e cotidiano no ND+ e para o ND, maior jornal impresso de Santa Catarina. Cursou um semestre letivo de Estudos de M\u00eddia na Universidad de Buenos Aires.\",\"url\":\"https:\/\/www.suno.com.br\/noticias\/author\/eduardo-vargas\/\"}]}<\/script>\n<!-- \/ Yoast SEO plugin. -->","yoast_head_json":{"title":"IRB Brasil (IRBR3) confirma estudar aumento de capital","description":"Na semana anterior, fontes internas do IRB havia citado um aumento de capital de at\u00e9 R$ 1,5 bilh\u00e3o com a\u00e7\u00e3o a R$ 1. Clique aqui e confira!","robots":{"index":"index","follow":"follow","max-snippet":"max-snippet:-1","max-image-preview":"max-image-preview:large","max-video-preview":"max-video-preview:-1"},"canonical":"https:\/\/www.suno.com.br\/noticias\/irb-brasil-irbr3-estuda-aumento-capital\/","og_locale":"pt_BR","og_type":"article","og_title":"IRB Brasil (IRBR3) confirma estudar aumento de capital","og_description":"Na semana anterior, fontes internas do IRB havia citado um aumento de capital de at\u00e9 R$ 1,5 bilh\u00e3o com a\u00e7\u00e3o a R$ 1. Clique aqui e confira!","og_url":"https:\/\/www.suno.com.br\/noticias\/irb-brasil-irbr3-estuda-aumento-capital\/","og_site_name":"Suno Not\u00edcias","article_publisher":"https:\/\/facebook.com\/sunoresearch","og_image":[{"width":1370,"height":807,"url":"https:\/\/files.sunoresearch.com.br\/n\/uploads\/2022\/04\/IRB-Divulgacao.jpg","type":"image\/jpeg"}],"author":"Eduardo Vargas","twitter_card":"summary_large_image","twitter_creator":"@sunoresearch","twitter_site":"@sunoresearch","twitter_misc":{"Escrito por":"Eduardo Vargas","Est. tempo de leitura":"4 minutos"},"schema":{"@context":"https:\/\/schema.org","@graph":[{"@type":"NewsArticle","@id":"https:\/\/www.suno.com.br\/noticias\/irb-brasil-irbr3-estuda-aumento-capital\/#article","isPartOf":{"@id":"https:\/\/www.suno.com.br\/noticias\/irb-brasil-irbr3-estuda-aumento-capital\/"},"author":{"name":"Eduardo Vargas","@id":"https:\/\/www.suno.com.br\/noticias\/#\/schema\/person\/7f4d362bf3518e76090143ae77bb49a5"},"headline":"IRB Brasil (IRBR3) confirma estudar aumento de capital","datePublished":"2022-08-15T12:12:53+00:00","dateModified":"2022-08-15T12:26:49+00:00","mainEntityOfPage":{"@id":"https:\/\/www.suno.com.br\/noticias\/irb-brasil-irbr3-estuda-aumento-capital\/"},"wordCount":646,"publisher":{"@id":"https:\/\/www.suno.com.br\/noticias\/#organization"},"image":{"@id":"https:\/\/www.suno.com.br\/noticias\/irb-brasil-irbr3-estuda-aumento-capital\/#primaryimage"},"thumbnailUrl":"https:\/\/files.sunoresearch.com.br\/n\/uploads\/2022\/04\/IRB-Divulgacao.jpg","keywords":["IRB Brasil (IRBR3)"],"articleSection":["Neg\u00f3cios"],"inLanguage":"pt-BR"},{"@type":"WebPage","@id":"https:\/\/www.suno.com.br\/noticias\/irb-brasil-irbr3-estuda-aumento-capital\/","url":"https:\/\/www.suno.com.br\/noticias\/irb-brasil-irbr3-estuda-aumento-capital\/","name":"IRB Brasil (IRBR3) confirma estudar aumento de capital","isPartOf":{"@id":"https:\/\/www.suno.com.br\/noticias\/#website"},"primaryImageOfPage":{"@id":"https:\/\/www.suno.com.br\/noticias\/irb-brasil-irbr3-estuda-aumento-capital\/#primaryimage"},"image":{"@id":"https:\/\/www.suno.com.br\/noticias\/irb-brasil-irbr3-estuda-aumento-capital\/#primaryimage"},"thumbnailUrl":"https:\/\/files.sunoresearch.com.br\/n\/uploads\/2022\/04\/IRB-Divulgacao.jpg","datePublished":"2022-08-15T12:12:53+00:00","dateModified":"2022-08-15T12:26:49+00:00","description":"Na semana anterior, fontes internas do IRB havia citado um aumento de capital de at\u00e9 R$ 1,5 bilh\u00e3o com a\u00e7\u00e3o a R$ 1. Clique aqui e confira!","breadcrumb":{"@id":"https:\/\/www.suno.com.br\/noticias\/irb-brasil-irbr3-estuda-aumento-capital\/#breadcrumb"},"inLanguage":"pt-BR","potentialAction":[{"@type":"ReadAction","target":["https:\/\/www.suno.com.br\/noticias\/irb-brasil-irbr3-estuda-aumento-capital\/"]}]},{"@type":"ImageObject","inLanguage":"pt-BR","@id":"https:\/\/www.suno.com.br\/noticias\/irb-brasil-irbr3-estuda-aumento-capital\/#primaryimage","url":"https:\/\/files.sunoresearch.com.br\/n\/uploads\/2022\/04\/IRB-Divulgacao.jpg","contentUrl":"https:\/\/files.sunoresearch.com.br\/n\/uploads\/2022\/04\/IRB-Divulgacao.jpg","width":1370,"height":807,"caption":"IRB Brasil (IRBR3). Foto: Divulga\u00e7\u00e3o"},{"@type":"BreadcrumbList","@id":"https:\/\/www.suno.com.br\/noticias\/irb-brasil-irbr3-estuda-aumento-capital\/#breadcrumb","itemListElement":[{"@type":"ListItem","position":1,"name":"Not\u00edcias","item":"https:\/\/www.suno.com.br\/noticias\/"},{"@type":"ListItem","position":2,"name":"Neg\u00f3cios","item":"https:\/\/www.suno.com.br\/noticias\/negocios\/"},{"@type":"ListItem","position":3,"name":"IRB Brasil (IRBR3) confirma estudar aumento de capital"}]},{"@type":"WebSite","@id":"https:\/\/www.suno.com.br\/noticias\/#website","url":"https:\/\/www.suno.com.br\/noticias\/","name":"Suno Not\u00edcias","description":"Seu portal de informa\u00e7\u00e3o sobre o mundo dos investimentos","publisher":{"@id":"https:\/\/www.suno.com.br\/noticias\/#organization"},"potentialAction":[{"@type":"SearchAction","target":{"@type":"EntryPoint","urlTemplate":"https:\/\/www.suno.com.br\/noticias\/?s={search_term_string}"},"query-input":{"@type":"PropertyValueSpecification","valueRequired":true,"valueName":"search_term_string"}}],"inLanguage":"pt-BR"},{"@type":"Organization","@id":"https:\/\/www.suno.com.br\/noticias\/#organization","name":"Suno Not\u00edcias","url":"https:\/\/www.suno.com.br\/noticias\/","logo":{"@type":"ImageObject","inLanguage":"pt-BR","@id":"https:\/\/www.suno.com.br\/noticias\/#\/schema\/logo\/image\/","url":"https:\/\/files.sunoresearch.com.br\/n\/uploads\/2021\/09\/suno-logo.png","contentUrl":"https:\/\/files.sunoresearch.com.br\/n\/uploads\/2021\/09\/suno-logo.png","width":180,"height":180,"caption":"Suno Not\u00edcias"},"image":{"@id":"https:\/\/www.suno.com.br\/noticias\/#\/schema\/logo\/image\/"},"sameAs":["https:\/\/facebook.com\/sunoresearch","https:\/\/x.com\/sunoresearch","https:\/\/www.instagram.com\/suno","https:\/\/www.linkedin.com\/company\/suno-research\/","https:\/\/www.youtube.com\/c\/sunoresearch"]},{"@type":"Person","@id":"https:\/\/www.suno.com.br\/noticias\/#\/schema\/person\/7f4d362bf3518e76090143ae77bb49a5","name":"Eduardo Vargas","image":{"@type":"ImageObject","inLanguage":"pt-BR","@id":"https:\/\/www.suno.com.br\/noticias\/#\/schema\/person\/image\/","url":"https:\/\/secure.gravatar.com\/avatar\/dac340933427a22924c9f99d1eb2e3f2?s=96&r=g","contentUrl":"https:\/\/secure.gravatar.com\/avatar\/dac340933427a22924c9f99d1eb2e3f2?s=96&r=g","caption":"Eduardo Vargas"},"description":"Jornalista formado pela UFSC, cobre macroeconomia, neg\u00f3cios e startups para o Suno Not\u00edcias, escrevendo principalmente not\u00edcias sobre o mercado financeiro e a bolsa de valores. No YouTube e no Instagram, \u00e9 respons\u00e1vel pela produ\u00e7\u00e3o de Reels e Shorts do Suno Not\u00edcias. Anteriormente, trabalhou cobrindo economia e cotidiano no ND+ e para o ND, maior jornal impresso de Santa Catarina. Cursou um semestre letivo de Estudos de M\u00eddia na Universidad de Buenos Aires.","url":"https:\/\/www.suno.com.br\/noticias\/author\/eduardo-vargas\/"}]}},"default_loop_html":"<div class=\"cardsPage__listCard__boxs\"><div class=\"cardsPage__listCard__boxs__img\"><a href=\"https:\/\/www.suno.com.br\/noticias\/bolsa-de-valores-ibovespa-resultado\/\"><img class=\"mask\" src=\"https:\/\/www.suno.com.br\/noticias\/wp-content\/themes\/suno\/resources\/images\/spotlight\/spotlight1img\/bg-mask.png\" alt=\"Image Mask\"\/><img src=\"https:\/\/files.sunoresearch.com.br\/n\/uploads\/2022\/07\/Ibovespa-400x200.jpg\" alt=\"Bolsa de valores sobe 15% em um m\u00eas com &#8216;resultados acima das expectativas&#8217;\"\/><\/a><span class=\"spotlightCategory\"><a href=\"https:\/\/www.suno.com.br\/noticias\/mercado\/\">Mercado<\/a><\/span><\/div><div class=\"cardsPage__listCard__boxs__content\"><a href=\"https:\/\/www.suno.com.br\/noticias\/bolsa-de-valores-ibovespa-resultado\/\"><h2 class=\"content__title\">Bolsa de valores sobe 15% em um m\u00eas com &#8216;resultados acima das expectativas&#8217;<\/h2><\/a><div class=\"newsContent__article__meta\"><div class=\"newsContent__article__meta__authorBox\"><a href=\"https:\/\/www.suno.com.br\/noticias\/author\/eduardo-vargas\/\" class=\"authorBox__avatar noMobi\"><img src=\"https:\/\/secure.gravatar.com\/avatar\/dac340933427a22924c9f99d1eb2e3f2?s=96&#038;r=g\" alt=\"Eduardo Vargas\"><\/a><div class=\"authorBox__name\"><span>por\n\t\t\t<a href=\"https:\/\/www.suno.com.br\/noticias\/author\/eduardo-vargas\/\"><span itemprop=\"author\">Eduardo Vargas<\/span><\/a><\/span><time datetime=\"2022-08-13T12:32:16-03:00\" itemprop=\"datePublished\">13\/08\/2022 12:32<\/time><\/div><\/div><\/div><\/div><\/div>","single_layout":"posts","amp_enabled":true,"_links":{"self":[{"href":"https:\/\/www.suno.com.br\/noticias\/wp-json\/wp\/v2\/posts\/285044"}],"collection":[{"href":"https:\/\/www.suno.com.br\/noticias\/wp-json\/wp\/v2\/posts"}],"about":[{"href":"https:\/\/www.suno.com.br\/noticias\/wp-json\/wp\/v2\/types\/post"}],"author":[{"embeddable":true,"href":"https:\/\/www.suno.com.br\/noticias\/wp-json\/wp\/v2\/users\/73"}],"replies":[{"embeddable":true,"href":"https:\/\/www.suno.com.br\/noticias\/wp-json\/wp\/v2\/comments?post=285044"}],"version-history":[{"count":3,"href":"https:\/\/www.suno.com.br\/noticias\/wp-json\/wp\/v2\/posts\/285044\/revisions"}],"predecessor-version":[{"id":285048,"href":"https:\/\/www.suno.com.br\/noticias\/wp-json\/wp\/v2\/posts\/285044\/revisions\/285048"}],"wp:featuredmedia":[{"embeddable":true,"href":"https:\/\/www.suno.com.br\/noticias\/wp-json\/wp\/v2\/media\/253124"}],"wp:attachment":[{"href":"https:\/\/www.suno.com.br\/noticias\/wp-json\/wp\/v2\/media?parent=285044"}],"wp:term":[{"taxonomy":"category","embeddable":true,"href":"https:\/\/www.suno.com.br\/noticias\/wp-json\/wp\/v2\/categories?post=285044"},{"taxonomy":"post_tag","embeddable":true,"href":"https:\/\/www.suno.com.br\/noticias\/wp-json\/wp\/v2\/tags?post=285044"},{"taxonomy":"suno_strategy","embeddable":true,"href":"https:\/\/www.suno.com.br\/noticias\/wp-json\/wp\/v2\/suno_strategy?post=285044"}],"curies":[{"name":"wp","href":"https:\/\/api.w.org\/{rel}","templated":true}]}}