{"id":285037,"date":"2022-08-15T10:24:51","date_gmt":"2022-08-15T13:24:51","guid":{"rendered":"https:\/\/www.suno.com.br\/noticias\/?p=285037"},"modified":"2022-08-15T10:24:51","modified_gmt":"2022-08-15T13:24:51","slug":"balanco-da-anima-anim3-mostra-prejuizo-no-2t22","status":"publish","type":"post","link":"https:\/\/www.suno.com.br\/noticias\/balanco-da-anima-anim3-mostra-prejuizo-no-2t22\/","title":{"rendered":"\u00c2nima (ANIM3) tem preju\u00edzo no 2T22 ap\u00f3s aquisi\u00e7\u00f5es"},"content":{"rendered":"<p>A holding <strong><a class=\"suno-keyword\" href=\"https:\/\/www.suno.com.br\/acoes\/ANIM3\/\" target=\"_blank\" rel=\"noopener\" data-force=\"yes\" data-priority=\"2\">\u00c2nima <\/a><\/strong><a class=\"suno-keyword\" href=\"https:\/\/www.suno.com.br\/acoes\/ANIM3\/\" target=\"_blank\" rel=\"noopener\" data-force=\"yes\" data-priority=\"2\">(ANIM3)<\/a>, do segmento de educa\u00e7\u00e3o, reverteu o lucro registrado no ano passado e fechou o segundo trimestre de 2022 com preju\u00edzo de R$ 24 milh\u00f5es, segundo o balan\u00e7o divulgado nesta segunda-feira (15) pela companhia. A queda\u00a0est\u00e1 relacionada ao aumento de despesas com as aquisi\u00e7\u00f5es realizadas pelo grupo.<\/p>\t<div class=\"wrapper-featured-image\">\n\t\t<figure class=\"spotlightImg\">\n\n\t\t\t<picture>\n\t\t\t\t<source media=\"(max-width: 768px)\" srcset=\"https:\/\/files.sunoresearch.com.br\/n\/uploads\/2021\/07\/3711f32d-75247407_2532435753501150_3484222125013729280_n-1-400x200.jpg\">\n\t\t\t\t<img loading=\"lazy\" decoding=\"async\" class=\"newsContent__article__imgCapa lazyloadDisabled \" src=\"https:\/\/files.sunoresearch.com.br\/n\/uploads\/2021\/07\/3711f32d-75247407_2532435753501150_3484222125013729280_n-1-800x450.jpg\" width=\"800\" height=\"450\" alt=\"\u00c2nima (ANIM3) tem preju\u00edzo no 2T22 ap\u00f3s aquisi\u00e7\u00f5es\" fetchpriority=high \/>\n\t\t\t<\/picture>\n\n\t\t\t<figcaption class=\"wp-caption-text wp-caption-text--show\">\u00c2nima:  Foto: Reprodu\u00e7\u00e3o Facebook<\/figcaption>\n\t\t<\/figure>\n\t<\/div>\n\n\n\t<p>\n\t\t<a href=\"\" target=\"_blank\" data-element=\"shortcode-suno-banner\" title=\"Banner SUNO, clique e saiba mais\">\n\t\t\t<picture>\n\t\t\t\t<source media=\"(max-width: 500px)\" srcset=\"\">\n\t\t\t\t<img class=\"newsContent__article__imgCapa newsContent__article__imgCapa--banner\"\n\t\t\t\t\tsrc=\"\"\n\t\t\t\t\tdata-promo-id=\"138420\"\t\t\t\t\t\t\t\t\t\t\t\t\t\t\talt=\"\"\n\t\t\t\t>\n\t\t\t<\/picture>\n\t\t<\/a>\n\t<\/p>\n\n\n<p>Em 2021, a \u00c2nima adquiriu os ativos do grupo educacional Laureate, dona da Universidade Anhembi Morumbi, em S\u00e3o Paulo, e de cerca de outras dez institui\u00e7\u00f5es de ensino pelo pa\u00eds, segundo o <strong>resultado do 2T22 da \u00c2nima<\/strong>.<\/p>\n<p>&#8220;A queda do Lucro L\u00edquido Ajustado se deve principalmente pelas maiores <a class=\"suno-keyword\" href=\"https:\/\/www.suno.com.br\/artigos\/despesas-financeiras\/\" target=\"_blank\" rel=\"noopener\" data-force=\"no\" data-priority=\"1\">despesas financeiras<\/a>, resultado dos empr\u00e9stimos para viabilizar a aquisi\u00e7\u00e3o das unidades em integra\u00e7\u00e3o junho\/21 e posterior subida do CDI para 13,25% at\u00e9 o final do 2T22&#8243;, explica o <strong>balan\u00e7o da \u00c2nima<\/strong>.<\/p>\n<p>Apesar do preju\u00edzo, a holding registrou resultados positivos no Lucro Antes de Juros, Impostos, <a class=\"suno-keyword\" href=\"https:\/\/www.suno.com.br\/artigos\/depreciacao-amortizacao\/\" target=\"_blank\" rel=\"noopener\" data-force=\"no\" data-priority=\"1\">Deprecia\u00e7\u00e3o e Amortiza\u00e7\u00e3o<\/a> (Ebitda), que avan\u00e7ou 70,3% no segundo trimestre de 2022, em rela\u00e7\u00e3o ao mesmo per\u00edodo do ano anterior, alcan\u00e7ando R$ 272,6 milh\u00f5es.<\/p>\n<p>A <a class=\"suno-keyword\" href=\"https:\/\/www.suno.com.br\/artigos\/o-que-receita-liquida\/\" target=\"_blank\" rel=\"noopener\" data-force=\"no\" data-priority=\"1\">receita l\u00edquida<\/a> tamb\u00e9m subiu 57,8% em um ano, passando de R$ 576,9 milh\u00f5es no segundo trimestre de 2021 para R$ 910,5 milh\u00f5es no mesmo per\u00edodo deste ano.<\/p>\n\t<p>\n\t\t<a href=\"https:\/\/lp.suno.com.br\/planilha-controle-gastos\/\" target=\"_blank\" data-element=\"shortcode-suno-banner\" title=\"Banner SUNO, clique e saiba mais\">\n\t\t\t<picture>\n\t\t\t\t<source media=\"(max-width: 500px)\" srcset=\"https:\/\/files.sunoresearch.com.br\/n\/uploads\/2023\/03\/400x300-Planilha-controle-de-gastos.png\">\n\t\t\t\t<img class=\"newsContent__article__imgCapa newsContent__article__imgCapa--banner\"\n\t\t\t\t\tsrc=\"https:\/\/files.sunoresearch.com.br\/n\/uploads\/2023\/03\/1420x240-Planilha-controle-de-gastos.png\"\n\t\t\t\t\tdata-promo-id=\"101751\"\t\t\t\t\t\t\t\t\t\twidth='1420' height='240'\t\t\t\t\talt=\"https:\/\/files.sunoresearch.com.br\/n\/uploads\/2023\/03\/1420x240-Planilha-controle-de-gastos.png\"\n\t\t\t\t>\n\t\t\t<\/picture>\n\t\t<\/a>\n\t<\/p>\n\n\n<h2>Balan\u00e7o da \u00c2nima mostra que evas\u00e3o de alunos presenciais diminuiu<\/h2>\n<p>A base de alunos do grupo cresceu 2,8% no \u00faltimo trimestre, com 329.186 estudantes. Parte desse aumento se deve \u00e0 \u00e0 entrada de alunos ap\u00f3s a divulga\u00e7\u00e3o do per\u00edodo de capta\u00e7\u00e3o dos cursos de medicina e \u00e0 redu\u00e7\u00e3o em 6,1% da evas\u00e3o de alunos presenciais no trimestre em compara\u00e7\u00e3o com o mesmo per\u00edodo do ano anterior.<\/p>\n<p>A receita l\u00edquida do ensino digital foi a que mais cresceu, com alta de 301,6% em rela\u00e7\u00e3o ao segundo trimestre de 2021, atingindo R$ 58,3 milh\u00f5es.<\/p>\n<p>A gradua\u00e7\u00e3o do curso de Medicina, chamada de Inspirali, vem em seguida, com alta de 114,7% e uma receita l\u00edquida de R$ 273,2 milh\u00f5es.<\/p>\n<p>Ainda de acordo com o balan\u00e7o da companhia, o <strong>\u00c2nima<\/strong> Core, que \u00e9 a gradua\u00e7\u00e3o presencial, exceto cursos de Medicina, p\u00f3s-gradua\u00e7\u00e3o stricto sensu, ensino b\u00e1sico e t\u00e9cnico, avan\u00e7ou 33,4%, com receita l\u00edquida de R$ 540,6 milh\u00f5es no 2T22.<\/p>\n\t<p>\n\t\t<a href=\"https:\/\/lp.suno.com.br\/planilha-da-vida-financeira\/\" target=\"_blank\" data-element=\"shortcode-suno-banner\" title=\"Banner SUNO, clique e saiba mais\">\n\t\t\t<picture>\n\t\t\t\t<source media=\"(max-width: 500px)\" srcset=\"https:\/\/files.sunoresearch.com.br\/n\/uploads\/2023\/04\/400x300-Planilha-vida-financeira-true.png\">\n\t\t\t\t<img class=\"newsContent__article__imgCapa newsContent__article__imgCapa--banner\"\n\t\t\t\t\tsrc=\"https:\/\/files.sunoresearch.com.br\/n\/uploads\/2023\/04\/1420x240-Planilha-vida-financeira-true.png\"\n\t\t\t\t\tdata-promo-id=\"106682\"\t\t\t\t\t\t\t\t\t\twidth='1420' height='240'\t\t\t\t\talt=\"https:\/\/files.sunoresearch.com.br\/n\/uploads\/2023\/04\/1420x240-Planilha-vida-financeira-true.png\"\n\t\t\t\t>\n\t\t\t<\/picture>\n\t\t<\/a>\n\t<\/p>\n\n\n","protected":false},"excerpt":{"rendered":"<p>A holding \u00c2nima (ANIM3), do segmento de educa\u00e7\u00e3o, reverteu o lucro registrado no ano passado e fechou o segundo trimestre de 2022 com preju\u00edzo de R$ 24 milh\u00f5es, segundo o balan\u00e7o divulgado nesta segunda-feira (15) pela companhia. A queda\u00a0est\u00e1 relacionada ao aumento de despesas com as aquisi\u00e7\u00f5es realizadas pelo grupo. \u00c2nima: Foto: Reprodu\u00e7\u00e3o Facebook Em [&hellip;]<\/p>\n","protected":false},"author":196,"featured_media":164438,"comment_status":"closed","ping_status":"closed","sticky":false,"template":"","format":"standard","meta":[],"categories":[64],"tags":[],"suno_strategy":[],"class_list":["post-285037","post","type-post","status-publish","format-standard","has-post-thumbnail","hentry","category-negocios"],"yoast_head":"<!-- This site is optimized with the Yoast SEO plugin v24.4 - https:\/\/yoast.com\/wordpress\/plugins\/seo\/ -->\n<title>Balan\u00e7o da \u00c2nima (ANIM3) mostra preju\u00edzo no 2T22<\/title>\n<meta name=\"description\" content=\"A \u00c2nima (ANIM3) fechou o 2T22 com preju\u00edzo de R$ 24 milh\u00f5es, segundo o balan\u00e7o da companhia. A queda foi de 156,5% no lucro l\u00edquido ajustado.\" \/>\n<meta name=\"robots\" content=\"index, follow, max-snippet:-1, max-image-preview:large, max-video-preview:-1\" \/>\n<link rel=\"canonical\" href=\"https:\/\/www.suno.com.br\/noticias\/balanco-da-anima-anim3-mostra-prejuizo-no-2t22\/\" \/>\n<meta property=\"og:locale\" content=\"pt_BR\" \/>\n<meta property=\"og:type\" content=\"article\" \/>\n<meta property=\"og:title\" content=\"Balan\u00e7o da \u00c2nima (ANIM3) mostra preju\u00edzo no 2T22\" \/>\n<meta property=\"og:description\" content=\"A \u00c2nima (ANIM3) fechou o 2T22 com preju\u00edzo de R$ 24 milh\u00f5es, segundo o balan\u00e7o da companhia. A queda foi de 156,5% no lucro l\u00edquido ajustado.\" \/>\n<meta property=\"og:url\" content=\"https:\/\/www.suno.com.br\/noticias\/balanco-da-anima-anim3-mostra-prejuizo-no-2t22\/\" \/>\n<meta property=\"og:site_name\" content=\"Suno Not\u00edcias\" \/>\n<meta property=\"article:publisher\" content=\"https:\/\/facebook.com\/sunoresearch\" \/>\n<meta property=\"og:image\" content=\"https:\/\/files.sunoresearch.com.br\/n\/uploads\/2021\/07\/3711f32d-75247407_2532435753501150_3484222125013729280_n-1.jpg\" \/>\n\t<meta property=\"og:image:width\" content=\"1200\" \/>\n\t<meta property=\"og:image:height\" content=\"900\" \/>\n\t<meta property=\"og:image:type\" content=\"image\/jpeg\" \/>\n<meta name=\"author\" content=\"Stephanie Tondo\" \/>\n<meta name=\"twitter:card\" content=\"summary_large_image\" \/>\n<meta name=\"twitter:creator\" content=\"@sunoresearch\" \/>\n<meta name=\"twitter:site\" content=\"@sunoresearch\" \/>\n<meta name=\"twitter:label1\" content=\"Escrito por\" \/>\n\t<meta name=\"twitter:data1\" content=\"Stephanie Tondo\" \/>\n\t<meta name=\"twitter:label2\" content=\"Est. tempo de leitura\" \/>\n\t<meta name=\"twitter:data2\" content=\"2 minutos\" \/>\n<script type=\"application\/ld+json\" class=\"yoast-schema-graph\">{\"@context\":\"https:\/\/schema.org\",\"@graph\":[{\"@type\":\"NewsArticle\",\"@id\":\"https:\/\/www.suno.com.br\/noticias\/balanco-da-anima-anim3-mostra-prejuizo-no-2t22\/#article\",\"isPartOf\":{\"@id\":\"https:\/\/www.suno.com.br\/noticias\/balanco-da-anima-anim3-mostra-prejuizo-no-2t22\/\"},\"author\":{\"name\":\"Stephanie Tondo\",\"@id\":\"https:\/\/www.suno.com.br\/noticias\/#\/schema\/person\/e041d0286d3ffeed20285b1fa884edd1\"},\"headline\":\"\u00c2nima (ANIM3) tem preju\u00edzo no 2T22 ap\u00f3s aquisi\u00e7\u00f5es\",\"datePublished\":\"2022-08-15T13:24:51+00:00\",\"mainEntityOfPage\":{\"@id\":\"https:\/\/www.suno.com.br\/noticias\/balanco-da-anima-anim3-mostra-prejuizo-no-2t22\/\"},\"wordCount\":395,\"publisher\":{\"@id\":\"https:\/\/www.suno.com.br\/noticias\/#organization\"},\"image\":{\"@id\":\"https:\/\/www.suno.com.br\/noticias\/balanco-da-anima-anim3-mostra-prejuizo-no-2t22\/#primaryimage\"},\"thumbnailUrl\":\"https:\/\/files.sunoresearch.com.br\/n\/uploads\/2021\/07\/3711f32d-75247407_2532435753501150_3484222125013729280_n-1.jpg\",\"articleSection\":[\"Neg\u00f3cios\"],\"inLanguage\":\"pt-BR\"},{\"@type\":\"WebPage\",\"@id\":\"https:\/\/www.suno.com.br\/noticias\/balanco-da-anima-anim3-mostra-prejuizo-no-2t22\/\",\"url\":\"https:\/\/www.suno.com.br\/noticias\/balanco-da-anima-anim3-mostra-prejuizo-no-2t22\/\",\"name\":\"Balan\u00e7o da \u00c2nima (ANIM3) mostra preju\u00edzo no 2T22\",\"isPartOf\":{\"@id\":\"https:\/\/www.suno.com.br\/noticias\/#website\"},\"primaryImageOfPage\":{\"@id\":\"https:\/\/www.suno.com.br\/noticias\/balanco-da-anima-anim3-mostra-prejuizo-no-2t22\/#primaryimage\"},\"image\":{\"@id\":\"https:\/\/www.suno.com.br\/noticias\/balanco-da-anima-anim3-mostra-prejuizo-no-2t22\/#primaryimage\"},\"thumbnailUrl\":\"https:\/\/files.sunoresearch.com.br\/n\/uploads\/2021\/07\/3711f32d-75247407_2532435753501150_3484222125013729280_n-1.jpg\",\"datePublished\":\"2022-08-15T13:24:51+00:00\",\"description\":\"A \u00c2nima (ANIM3) fechou o 2T22 com preju\u00edzo de R$ 24 milh\u00f5es, segundo o balan\u00e7o da companhia. A queda foi de 156,5% no lucro l\u00edquido ajustado.\",\"breadcrumb\":{\"@id\":\"https:\/\/www.suno.com.br\/noticias\/balanco-da-anima-anim3-mostra-prejuizo-no-2t22\/#breadcrumb\"},\"inLanguage\":\"pt-BR\",\"potentialAction\":[{\"@type\":\"ReadAction\",\"target\":[\"https:\/\/www.suno.com.br\/noticias\/balanco-da-anima-anim3-mostra-prejuizo-no-2t22\/\"]}]},{\"@type\":\"ImageObject\",\"inLanguage\":\"pt-BR\",\"@id\":\"https:\/\/www.suno.com.br\/noticias\/balanco-da-anima-anim3-mostra-prejuizo-no-2t22\/#primaryimage\",\"url\":\"https:\/\/files.sunoresearch.com.br\/n\/uploads\/2021\/07\/3711f32d-75247407_2532435753501150_3484222125013729280_n-1.jpg\",\"contentUrl\":\"https:\/\/files.sunoresearch.com.br\/n\/uploads\/2021\/07\/3711f32d-75247407_2532435753501150_3484222125013729280_n-1.jpg\",\"width\":1200,\"height\":900,\"caption\":\"\u00c2nima: Foto: Reprodu\u00e7\u00e3o Facebook\"},{\"@type\":\"BreadcrumbList\",\"@id\":\"https:\/\/www.suno.com.br\/noticias\/balanco-da-anima-anim3-mostra-prejuizo-no-2t22\/#breadcrumb\",\"itemListElement\":[{\"@type\":\"ListItem\",\"position\":1,\"name\":\"Not\u00edcias\",\"item\":\"https:\/\/www.suno.com.br\/noticias\/\"},{\"@type\":\"ListItem\",\"position\":2,\"name\":\"Neg\u00f3cios\",\"item\":\"https:\/\/www.suno.com.br\/noticias\/negocios\/\"},{\"@type\":\"ListItem\",\"position\":3,\"name\":\"\u00c2nima (ANIM3) tem preju\u00edzo no 2T22 ap\u00f3s aquisi\u00e7\u00f5es\"}]},{\"@type\":\"WebSite\",\"@id\":\"https:\/\/www.suno.com.br\/noticias\/#website\",\"url\":\"https:\/\/www.suno.com.br\/noticias\/\",\"name\":\"Suno Not\u00edcias\",\"description\":\"Seu portal de informa\u00e7\u00e3o sobre o mundo dos investimentos\",\"publisher\":{\"@id\":\"https:\/\/www.suno.com.br\/noticias\/#organization\"},\"potentialAction\":[{\"@type\":\"SearchAction\",\"target\":{\"@type\":\"EntryPoint\",\"urlTemplate\":\"https:\/\/www.suno.com.br\/noticias\/?s={search_term_string}\"},\"query-input\":{\"@type\":\"PropertyValueSpecification\",\"valueRequired\":true,\"valueName\":\"search_term_string\"}}],\"inLanguage\":\"pt-BR\"},{\"@type\":\"Organization\",\"@id\":\"https:\/\/www.suno.com.br\/noticias\/#organization\",\"name\":\"Suno Not\u00edcias\",\"url\":\"https:\/\/www.suno.com.br\/noticias\/\",\"logo\":{\"@type\":\"ImageObject\",\"inLanguage\":\"pt-BR\",\"@id\":\"https:\/\/www.suno.com.br\/noticias\/#\/schema\/logo\/image\/\",\"url\":\"https:\/\/files.sunoresearch.com.br\/n\/uploads\/2021\/09\/suno-logo.png\",\"contentUrl\":\"https:\/\/files.sunoresearch.com.br\/n\/uploads\/2021\/09\/suno-logo.png\",\"width\":180,\"height\":180,\"caption\":\"Suno Not\u00edcias\"},\"image\":{\"@id\":\"https:\/\/www.suno.com.br\/noticias\/#\/schema\/logo\/image\/\"},\"sameAs\":[\"https:\/\/facebook.com\/sunoresearch\",\"https:\/\/x.com\/sunoresearch\",\"https:\/\/www.instagram.com\/suno\",\"https:\/\/www.linkedin.com\/company\/suno-research\/\",\"https:\/\/www.youtube.com\/c\/sunoresearch\"]},{\"@type\":\"Person\",\"@id\":\"https:\/\/www.suno.com.br\/noticias\/#\/schema\/person\/e041d0286d3ffeed20285b1fa884edd1\",\"name\":\"Stephanie Tondo\",\"image\":{\"@type\":\"ImageObject\",\"inLanguage\":\"pt-BR\",\"@id\":\"https:\/\/www.suno.com.br\/noticias\/#\/schema\/person\/image\/\",\"url\":\"https:\/\/secure.gravatar.com\/avatar\/92bfd58e9e8514f6107d642607805e3c?s=96&r=g\",\"contentUrl\":\"https:\/\/secure.gravatar.com\/avatar\/92bfd58e9e8514f6107d642607805e3c?s=96&r=g\",\"caption\":\"Stephanie Tondo\"},\"url\":\"https:\/\/www.suno.com.br\/noticias\/author\/stephanie-tondo\/\"}]}<\/script>\n<!-- \/ Yoast SEO plugin. -->","yoast_head_json":{"title":"Balan\u00e7o da \u00c2nima (ANIM3) mostra preju\u00edzo no 2T22","description":"A \u00c2nima (ANIM3) fechou o 2T22 com preju\u00edzo de R$ 24 milh\u00f5es, segundo o balan\u00e7o da companhia. A queda foi de 156,5% no lucro l\u00edquido ajustado.","robots":{"index":"index","follow":"follow","max-snippet":"max-snippet:-1","max-image-preview":"max-image-preview:large","max-video-preview":"max-video-preview:-1"},"canonical":"https:\/\/www.suno.com.br\/noticias\/balanco-da-anima-anim3-mostra-prejuizo-no-2t22\/","og_locale":"pt_BR","og_type":"article","og_title":"Balan\u00e7o da \u00c2nima (ANIM3) mostra preju\u00edzo no 2T22","og_description":"A \u00c2nima (ANIM3) fechou o 2T22 com preju\u00edzo de R$ 24 milh\u00f5es, segundo o balan\u00e7o da companhia. A queda foi de 156,5% no lucro l\u00edquido ajustado.","og_url":"https:\/\/www.suno.com.br\/noticias\/balanco-da-anima-anim3-mostra-prejuizo-no-2t22\/","og_site_name":"Suno Not\u00edcias","article_publisher":"https:\/\/facebook.com\/sunoresearch","og_image":[{"width":1200,"height":900,"url":"https:\/\/files.sunoresearch.com.br\/n\/uploads\/2021\/07\/3711f32d-75247407_2532435753501150_3484222125013729280_n-1.jpg","type":"image\/jpeg"}],"author":"Stephanie Tondo","twitter_card":"summary_large_image","twitter_creator":"@sunoresearch","twitter_site":"@sunoresearch","twitter_misc":{"Escrito por":"Stephanie Tondo","Est. tempo de leitura":"2 minutos"},"schema":{"@context":"https:\/\/schema.org","@graph":[{"@type":"NewsArticle","@id":"https:\/\/www.suno.com.br\/noticias\/balanco-da-anima-anim3-mostra-prejuizo-no-2t22\/#article","isPartOf":{"@id":"https:\/\/www.suno.com.br\/noticias\/balanco-da-anima-anim3-mostra-prejuizo-no-2t22\/"},"author":{"name":"Stephanie Tondo","@id":"https:\/\/www.suno.com.br\/noticias\/#\/schema\/person\/e041d0286d3ffeed20285b1fa884edd1"},"headline":"\u00c2nima (ANIM3) tem preju\u00edzo no 2T22 ap\u00f3s aquisi\u00e7\u00f5es","datePublished":"2022-08-15T13:24:51+00:00","mainEntityOfPage":{"@id":"https:\/\/www.suno.com.br\/noticias\/balanco-da-anima-anim3-mostra-prejuizo-no-2t22\/"},"wordCount":395,"publisher":{"@id":"https:\/\/www.suno.com.br\/noticias\/#organization"},"image":{"@id":"https:\/\/www.suno.com.br\/noticias\/balanco-da-anima-anim3-mostra-prejuizo-no-2t22\/#primaryimage"},"thumbnailUrl":"https:\/\/files.sunoresearch.com.br\/n\/uploads\/2021\/07\/3711f32d-75247407_2532435753501150_3484222125013729280_n-1.jpg","articleSection":["Neg\u00f3cios"],"inLanguage":"pt-BR"},{"@type":"WebPage","@id":"https:\/\/www.suno.com.br\/noticias\/balanco-da-anima-anim3-mostra-prejuizo-no-2t22\/","url":"https:\/\/www.suno.com.br\/noticias\/balanco-da-anima-anim3-mostra-prejuizo-no-2t22\/","name":"Balan\u00e7o da \u00c2nima (ANIM3) mostra preju\u00edzo no 2T22","isPartOf":{"@id":"https:\/\/www.suno.com.br\/noticias\/#website"},"primaryImageOfPage":{"@id":"https:\/\/www.suno.com.br\/noticias\/balanco-da-anima-anim3-mostra-prejuizo-no-2t22\/#primaryimage"},"image":{"@id":"https:\/\/www.suno.com.br\/noticias\/balanco-da-anima-anim3-mostra-prejuizo-no-2t22\/#primaryimage"},"thumbnailUrl":"https:\/\/files.sunoresearch.com.br\/n\/uploads\/2021\/07\/3711f32d-75247407_2532435753501150_3484222125013729280_n-1.jpg","datePublished":"2022-08-15T13:24:51+00:00","description":"A \u00c2nima (ANIM3) fechou o 2T22 com preju\u00edzo de R$ 24 milh\u00f5es, segundo o balan\u00e7o da companhia. A queda foi de 156,5% no lucro l\u00edquido ajustado.","breadcrumb":{"@id":"https:\/\/www.suno.com.br\/noticias\/balanco-da-anima-anim3-mostra-prejuizo-no-2t22\/#breadcrumb"},"inLanguage":"pt-BR","potentialAction":[{"@type":"ReadAction","target":["https:\/\/www.suno.com.br\/noticias\/balanco-da-anima-anim3-mostra-prejuizo-no-2t22\/"]}]},{"@type":"ImageObject","inLanguage":"pt-BR","@id":"https:\/\/www.suno.com.br\/noticias\/balanco-da-anima-anim3-mostra-prejuizo-no-2t22\/#primaryimage","url":"https:\/\/files.sunoresearch.com.br\/n\/uploads\/2021\/07\/3711f32d-75247407_2532435753501150_3484222125013729280_n-1.jpg","contentUrl":"https:\/\/files.sunoresearch.com.br\/n\/uploads\/2021\/07\/3711f32d-75247407_2532435753501150_3484222125013729280_n-1.jpg","width":1200,"height":900,"caption":"\u00c2nima: Foto: Reprodu\u00e7\u00e3o Facebook"},{"@type":"BreadcrumbList","@id":"https:\/\/www.suno.com.br\/noticias\/balanco-da-anima-anim3-mostra-prejuizo-no-2t22\/#breadcrumb","itemListElement":[{"@type":"ListItem","position":1,"name":"Not\u00edcias","item":"https:\/\/www.suno.com.br\/noticias\/"},{"@type":"ListItem","position":2,"name":"Neg\u00f3cios","item":"https:\/\/www.suno.com.br\/noticias\/negocios\/"},{"@type":"ListItem","position":3,"name":"\u00c2nima (ANIM3) tem preju\u00edzo no 2T22 ap\u00f3s aquisi\u00e7\u00f5es"}]},{"@type":"WebSite","@id":"https:\/\/www.suno.com.br\/noticias\/#website","url":"https:\/\/www.suno.com.br\/noticias\/","name":"Suno Not\u00edcias","description":"Seu portal de informa\u00e7\u00e3o sobre o mundo dos investimentos","publisher":{"@id":"https:\/\/www.suno.com.br\/noticias\/#organization"},"potentialAction":[{"@type":"SearchAction","target":{"@type":"EntryPoint","urlTemplate":"https:\/\/www.suno.com.br\/noticias\/?s={search_term_string}"},"query-input":{"@type":"PropertyValueSpecification","valueRequired":true,"valueName":"search_term_string"}}],"inLanguage":"pt-BR"},{"@type":"Organization","@id":"https:\/\/www.suno.com.br\/noticias\/#organization","name":"Suno Not\u00edcias","url":"https:\/\/www.suno.com.br\/noticias\/","logo":{"@type":"ImageObject","inLanguage":"pt-BR","@id":"https:\/\/www.suno.com.br\/noticias\/#\/schema\/logo\/image\/","url":"https:\/\/files.sunoresearch.com.br\/n\/uploads\/2021\/09\/suno-logo.png","contentUrl":"https:\/\/files.sunoresearch.com.br\/n\/uploads\/2021\/09\/suno-logo.png","width":180,"height":180,"caption":"Suno Not\u00edcias"},"image":{"@id":"https:\/\/www.suno.com.br\/noticias\/#\/schema\/logo\/image\/"},"sameAs":["https:\/\/facebook.com\/sunoresearch","https:\/\/x.com\/sunoresearch","https:\/\/www.instagram.com\/suno","https:\/\/www.linkedin.com\/company\/suno-research\/","https:\/\/www.youtube.com\/c\/sunoresearch"]},{"@type":"Person","@id":"https:\/\/www.suno.com.br\/noticias\/#\/schema\/person\/e041d0286d3ffeed20285b1fa884edd1","name":"Stephanie Tondo","image":{"@type":"ImageObject","inLanguage":"pt-BR","@id":"https:\/\/www.suno.com.br\/noticias\/#\/schema\/person\/image\/","url":"https:\/\/secure.gravatar.com\/avatar\/92bfd58e9e8514f6107d642607805e3c?s=96&r=g","contentUrl":"https:\/\/secure.gravatar.com\/avatar\/92bfd58e9e8514f6107d642607805e3c?s=96&r=g","caption":"Stephanie Tondo"},"url":"https:\/\/www.suno.com.br\/noticias\/author\/stephanie-tondo\/"}]}},"default_loop_html":"<div class=\"cardsPage__listCard__boxs\"><div class=\"cardsPage__listCard__boxs__img\"><a href=\"https:\/\/www.suno.com.br\/noticias\/balanco-da-anima-anim3-mostra-prejuizo-no-2t22\/\"><img class=\"mask\" src=\"https:\/\/www.suno.com.br\/noticias\/wp-content\/themes\/suno\/resources\/images\/spotlight\/spotlight1img\/bg-mask.png\" alt=\"Image Mask\"\/><img src=\"https:\/\/files.sunoresearch.com.br\/n\/uploads\/2021\/07\/3711f32d-75247407_2532435753501150_3484222125013729280_n-1-400x200.jpg\" alt=\"\u00c2nima (ANIM3) tem preju\u00edzo no 2T22 ap\u00f3s aquisi\u00e7\u00f5es\"\/><\/a><span class=\"spotlightCategory\"><a href=\"https:\/\/www.suno.com.br\/noticias\/negocios\/\">Neg\u00f3cios<\/a><\/span><\/div><div class=\"cardsPage__listCard__boxs__content\"><a href=\"https:\/\/www.suno.com.br\/noticias\/balanco-da-anima-anim3-mostra-prejuizo-no-2t22\/\"><h2 class=\"content__title\">\u00c2nima (ANIM3) tem preju\u00edzo no 2T22 ap\u00f3s aquisi\u00e7\u00f5es<\/h2><\/a><div class=\"newsContent__article__meta\"><div class=\"newsContent__article__meta__authorBox\"><a href=\"https:\/\/www.suno.com.br\/noticias\/author\/stephanie-tondo\/\" class=\"authorBox__avatar noMobi\"><img src=\"https:\/\/secure.gravatar.com\/avatar\/92bfd58e9e8514f6107d642607805e3c?s=96&#038;r=g\" alt=\"Stephanie Tondo\"><\/a><div class=\"authorBox__name\"><span>por\n\t\t\t<a href=\"https:\/\/www.suno.com.br\/noticias\/author\/stephanie-tondo\/\"><span itemprop=\"author\">Stephanie Tondo<\/span><\/a><\/span><time datetime=\"2022-08-15T10:24:51-03:00\" itemprop=\"datePublished\">15\/08\/2022 10:24<\/time><\/div><\/div><\/div><\/div><\/div>","single_layout":"posts","amp_enabled":true,"_links":{"self":[{"href":"https:\/\/www.suno.com.br\/noticias\/wp-json\/wp\/v2\/posts\/285037"}],"collection":[{"href":"https:\/\/www.suno.com.br\/noticias\/wp-json\/wp\/v2\/posts"}],"about":[{"href":"https:\/\/www.suno.com.br\/noticias\/wp-json\/wp\/v2\/types\/post"}],"author":[{"embeddable":true,"href":"https:\/\/www.suno.com.br\/noticias\/wp-json\/wp\/v2\/users\/196"}],"replies":[{"embeddable":true,"href":"https:\/\/www.suno.com.br\/noticias\/wp-json\/wp\/v2\/comments?post=285037"}],"version-history":[{"count":3,"href":"https:\/\/www.suno.com.br\/noticias\/wp-json\/wp\/v2\/posts\/285037\/revisions"}],"predecessor-version":[{"id":285078,"href":"https:\/\/www.suno.com.br\/noticias\/wp-json\/wp\/v2\/posts\/285037\/revisions\/285078"}],"wp:featuredmedia":[{"embeddable":true,"href":"https:\/\/www.suno.com.br\/noticias\/wp-json\/wp\/v2\/media\/164438"}],"wp:attachment":[{"href":"https:\/\/www.suno.com.br\/noticias\/wp-json\/wp\/v2\/media?parent=285037"}],"wp:term":[{"taxonomy":"category","embeddable":true,"href":"https:\/\/www.suno.com.br\/noticias\/wp-json\/wp\/v2\/categories?post=285037"},{"taxonomy":"post_tag","embeddable":true,"href":"https:\/\/www.suno.com.br\/noticias\/wp-json\/wp\/v2\/tags?post=285037"},{"taxonomy":"suno_strategy","embeddable":true,"href":"https:\/\/www.suno.com.br\/noticias\/wp-json\/wp\/v2\/suno_strategy?post=285037"}],"curies":[{"name":"wp","href":"https:\/\/api.w.org\/{rel}","templated":true}]}}