{"id":285010,"date":"2022-08-15T09:00:22","date_gmt":"2022-08-15T12:00:22","guid":{"rendered":"https:\/\/www.suno.com.br\/noticias\/?p=285010"},"modified":"2022-08-15T09:00:22","modified_gmt":"2022-08-15T12:00:22","slug":"magazine-luiza-mglu3-varejo-via-viia3","status":"publish","type":"post","link":"https:\/\/www.suno.com.br\/noticias\/magazine-luiza-mglu3-varejo-via-viia3\/","title":{"rendered":"Magazine Luiza (MGLU3) e Via (VIIA3) tem novas perspectivas com Copa do Mundo, 5G e Aux\u00edlio Brasil"},"content":{"rendered":"<p>Apesar de evitarem grandes promessas, varejistas como o\u00a0<strong>Magazine Luiza<\/strong> (<a href=\"https:\/\/www.suno.com.br\/acoes\/mglu3\/\">MGLU3<\/a>) e a Via (<a href=\"https:\/\/www.suno.com.br\/acoes\/viia3\/\">VIIA3<\/a>) usaram adjetivos como otimismo moderado, cauteloso, ou cautelosamente otimista para falarem sobre as expectativas para o segundo semestre de 2022.<\/p><div class=\"videoFull \">\n\t\t\t<div class=\"videoWrapper yt-lazyload center\"\n\t\t\t\tdata-width=\"960\"\n\t\t\t\tdata-height=\"540\"\n\t\t\t\tdata-id=\"LPDtaropK34\"\n\t\t\t\tdata-alt=\"V\u00eddeo do YouTube - clique para reproduzir\"\n\t\t\t\tdata-logo=\"3\"\n\t\t\t\tdata-imagequality=\"maxres\">\n\t\t\t<\/div>\n\t\t<\/div><script type=\"application\/ld+json\">{\"@context\":\"https:\/\/schema.org\",\"@type\":\"VideoObject\",\"name\":\"China derruba bolsas mundiais | Pr\u00e9via do PIB | Magalu (MGLU3) ganha R$ 3,7 bi em valor de mercado\",\"description\":\"Nesta segunda-feira (15), os \u00edndices futuros de Nova York e as bolsas da Europa come\u00e7aram a semana operando sem dire\u00e7\u00e3o definida, com os mercados aguardando a \u00faltima reuni\u00e3o do Comit\u00ea de Mercado Aberto (Fomc) do Federal Reserve, junto com uma s\u00e9rie de outros indicadores econ\u00f4micos relevantes que devem movimentar as apostas para os juros. Nesta\u2026\",\"duration\":\"PT23M24S\",\"embedUrl\":\"https:\/\/www.youtube.com\/embed\/LPDtaropK34\",\"regionsAllowed\":\"pt-BR\",\"interactionStatistic\":{\"@type\":\"InteractionCounter\",\"interactionType\":{\"@type\":\"WatchAction\"},\"userInteractionCount\":4186},\"thumbnailUrl\":\"https:\/\/i.ytimg.com\/vi\/LPDtaropK34\/default.jpg\",\"uploadDate\":\"2022-08-15T12:38:47Z\"}<\/script>\n\n\t<p>\n\t\t<a href=\"\" target=\"_blank\" data-element=\"shortcode-suno-banner\" title=\"Banner SUNO, clique e saiba mais\">\n\t\t\t<picture>\n\t\t\t\t<source media=\"(max-width: 500px)\" srcset=\"\">\n\t\t\t\t<img class=\"newsContent__article__imgCapa newsContent__article__imgCapa--banner\"\n\t\t\t\t\tsrc=\"\"\n\t\t\t\t\tdata-promo-id=\"250704\"\t\t\t\t\t\t\t\t\t\t\t\t\t\t\talt=\"\"\n\t\t\t\t>\n\t\t\t<\/picture>\n\t\t<\/a>\n\t<\/p>\n\n\n<p>Em geral, varejistas como o Magazine Luiza e a <strong>Via<\/strong> evitaram fazer grandes promessas, mas mostram estar com estoques preparados para uma segunda metade do ano melhor que a primeira.<\/p>\n<p>Em geral, o fim do ano \u00e9 melhor em vendas do que o in\u00edcio, j\u00e1 que h\u00e1 mais dinheiro circulando na economia e mais datas comerciais, como Black Friday e Natal. Neste 2022, por\u00e9m, o Aux\u00edlio Brasil aumentado, a <strong>Copa do Mundo<\/strong> e a chegada da tecnologia 5G da telefonia celular s\u00e3o alavancas positivas a mais na conta.<\/p>\n<p>A modera\u00e7\u00e3o na empolga\u00e7\u00e3o fica por conta do cen\u00e1rio de <a href=\"https:\/\/www.suno.com.br\/guias\/taxa-selic\/\">juros ainda altos<\/a>, que atrapalha quem quer parcelar uma televis\u00e3o nova para assistir os jogos do Catar, a <a class=\"suno-keyword\" href=\"https:\/\/www.suno.com.br\/artigos\/inflacao-acumulada\/\" target=\"_blank\" rel=\"noopener\" data-force=\"no\" data-priority=\"1\">infla\u00e7\u00e3o acumulada<\/a> ainda alta e o endividamento das fam\u00edlias.<\/p>\n<p>O <strong>presidente do Magazine Luiza<\/strong>, Frederico Trajano, se recusou <a href=\"https:\/\/www.suno.com.br\/noticias\/magazine-luiza-mglu3-recuperar-mercado-ceo\/\">a dar proje\u00e7\u00f5es de alta de vendas para o segundo semestre<\/a>, mas disse que a empresa est\u00e1 em condi\u00e7\u00f5es de ganhar mercado.<\/p>\n\n\t<div data-element=\"shortcode-read-more\" class=\"readToo\">\n\t\t\t\t<span class=\"readToo__title\">Leia mais<\/span>\n\t\t\t\t<ul class=\"readToo__list\">\n\t\t\t<li><a href=\"https:\/\/www.suno.com.br\/noticias\/magazine-luiza-mglu3-valor-de-mercado-2t22\/\">Magazine Luiza (MGLU3) ganha R$ 3,7 bilh\u00f5es em valor de mercado ap\u00f3s balan\u00e7o<\/a><\/li><li><a href=\"https:\/\/www.suno.com.br\/noticias\/via-viia3-acoes-sobem-analistas-2t22\/\">Via (VIIA3) dispara 14% ap\u00f3s resultado, mas XP v\u00ea &#8216;trimestre fraco&#8217;<\/a><\/li><li><a href=\"https:\/\/www.suno.com.br\/noticias\/magazine-luiza-mglu3-2t22-complicado-xp\/\">Magazine Luiza (MGLU3): Cen\u00e1rio segue desafiador, mas caixa de R$ 1 bi \u00e9 positivo<\/a><\/li>\t\t<\/ul>\n\t<\/div>\n\n\n<p>&#8220;Prometo trabalhar duro. Temos tudo para conseguir voltar a ganhar mercado. Mesmo se o &#8216;bolo n\u00e3o crescer&#8217;, o que \u00e9 improv\u00e1vel, temos como ganhar mercado&#8221;, disse o presidente do Magazine Luiza.<\/p>\n<p>Como no fim de 2021, a empresa ficou com estoque muito mais alto do que o desejado e teve de liquidar boa parte dele.<\/p>\n<p>Na divulga\u00e7\u00e3o de resultados do segundo trimestre de 2022, a posi\u00e7\u00e3o de estoques do Magazine Luiza foi uma quest\u00e3o para os investidores durante a teleconfer\u00eancia da companhia.<\/p>\n<p>Trajano, por\u00e9m, disse n\u00e3o considerar que o estoque da companhia esteja alto.<\/p>\n<p>&#8220;A perspectiva de venda \u00e9 melhor no segundo semestre. \u00c9 preciso avaliar o estoque de acordo com a perspectiva&#8221;, disse.<\/p>\n<h2>Via est\u00e1 &#8216;bem programada&#8217;<\/h2>\n<p>O presidente da Via (dona das Casas Bahia e do Ponto), <a class=\"suno-keyword\" href=\"https:\/\/www.suno.com.br\/tudo-sobre\/roberto-fulcherberguer\/\" target=\"_blank\" rel=\"noopener\" data-force=\"no\" data-priority=\"2\">Roberto Fulcherberguer<\/a>, disse que a empresa est\u00e1 preparada para as vendas do fim do ano. &#8220;Estamos bem programados&#8221;, afirmou.<\/p>\n<p>Ele acredita que o pagamento do <a href=\"https:\/\/www.suno.com.br\/noticias\/bradesco-bbdc4-descarta-consignado-auxilio-brasil\/\">Aux\u00edlio Brasil<\/a> aumentado deve ter impacto maior no quarto trimestre para empresas como a Via, j\u00e1 que, a exemplo do que se viu com o Aux\u00edlio Emergencial, as primeiras parcelas devem ir para o pagamento de d\u00edvidas e consumo b\u00e1sico.<\/p>\n\t<p>\n\t\t<a href=\"https:\/\/lp.suno.com.br\/planilha-controle-gastos\/\" target=\"_blank\" data-element=\"shortcode-suno-banner\" title=\"Banner SUNO, clique e saiba mais\">\n\t\t\t<picture>\n\t\t\t\t<source media=\"(max-width: 500px)\" srcset=\"https:\/\/files.sunoresearch.com.br\/n\/uploads\/2023\/03\/400x300-Planilha-controle-de-gastos.png\">\n\t\t\t\t<img class=\"newsContent__article__imgCapa newsContent__article__imgCapa--banner\"\n\t\t\t\t\tsrc=\"https:\/\/files.sunoresearch.com.br\/n\/uploads\/2023\/03\/1420x240-Planilha-controle-de-gastos.png\"\n\t\t\t\t\tdata-promo-id=\"101751\"\t\t\t\t\t\t\t\t\t\twidth='1420' height='240'\t\t\t\t\talt=\"https:\/\/files.sunoresearch.com.br\/n\/uploads\/2023\/03\/1420x240-Planilha-controle-de-gastos.png\"\n\t\t\t\t>\n\t\t\t<\/picture>\n\t\t<\/a>\n\t<\/p>\n\n\n<p>M\u00e1rcio Cruz, respons\u00e1vel pela plataforma digital da <strong>Americanas<\/strong> (<a href=\"https:\/\/www.suno.com.br\/acoes\/amer3\/\">AMER3<\/a>), afirmou aos investidores que a vendas de julho continuam tendo um crescimento consistente e que a companhia segue confiante para o segundo semestre, com os eventos sazonais, como Dia das Crian\u00e7as, Black Friday e Natal, al\u00e9m do impacto positivo que a Copa do Mundo deve trazer.<\/p>\n<h2>Trimestre fraco<\/h2>\n<p>Essas perspectivas v\u00eam depois de u<a href=\"https:\/\/www.suno.com.br\/noticias\/via-viia3-acoes-sobem-analistas-2t22\/\">m trimestre de vendas fracas para a maior parte de varejistas do setor<\/a>.<\/p>\n<p>O diretor de opera\u00e7\u00f5es da consultoria Gouv\u00eaa Ecossystem, Eduardo Yamashita, explica que, com a atual conjuntura econ\u00f4mica &#8211; alta de infla\u00e7\u00e3o, juros altos, massa salarial sem crescimento e baixa <a class=\"suno-keyword\" href=\"https:\/\/www.suno.com.br\/artigos\/confianca-do-consumidor\/\" target=\"_blank\" rel=\"noopener\" data-force=\"no\" data-priority=\"1\">confian\u00e7a do consumidor<\/a> -, era mesmo esperado que os balan\u00e7os das empresas de varejo de bens dur\u00e1veis apresentassem uma retra\u00e7\u00e3o na compara\u00e7\u00e3o com os anos anteriores.<\/p>\n<p>&#8220;Diferentemente da pandemia, estamos vivendo um cen\u00e1rio de retra\u00e7\u00e3o econ\u00f4mica &#8216;cl\u00e1ssico&#8217; e, nesse contexto, o varejo de itens de valor mais alto e dependentes de cr\u00e9dito sofrem mais, pois o consumidor posterga as compras nessas categorias&#8221;, avalia. (Colaborou Camila Vech)<\/p>\n<h2>Desempenho das a\u00e7\u00f5es do Magazine Luiza e da Via<\/h2>\n<p>As <a href=\"https:\/\/statusinvest.com.br\/acoes\/viia3\"><strong>a\u00e7\u00f5es da Via<\/strong><\/a> caem 36% desde o in\u00edcio do ano, com uma recupera\u00e7\u00e3o recente. A cota\u00e7\u00e3o atual \u00e9 de R$ 3,18, ap\u00f3s v\u00e1rios preg\u00f5es de alta desde o in\u00edcio de julho, com avan\u00e7o de 73% nesse per\u00edodo.<\/p>\n<p>J\u00e1 o <strong>Magazine Luiza<\/strong> soma queda de 46% no acumulado de 2022, com avan\u00e7o de 68% nos pap\u00e9is <a href=\"https:\/\/statusinvest.com.br\/acoes\/mglu3\">MGLU3<\/a> desde o in\u00edcio de julho, cotados a atuais R$ 3,58.<\/p>\n<p class=\"newsProviderSignature\">Com informa\u00e7\u00f5es do Estad\u00e3o Conte\u00fado<\/p>\n\t<p>\n\t\t<a href=\"https:\/\/lp.suno.com.br\/ebook-como-analisar-uma-acao\/\" target=\"_blank\" data-element=\"shortcode-suno-banner\" title=\"Banner SUNO, clique e saiba mais\">\n\t\t\t<picture>\n\t\t\t\t<source media=\"(max-width: 500px)\" srcset=\"https:\/\/files.sunoresearch.com.br\/n\/uploads\/2023\/03\/Ebook-Acoes-Mobile-1.jpg\">\n\t\t\t\t<img class=\"newsContent__article__imgCapa newsContent__article__imgCapa--banner\"\n\t\t\t\t\tsrc=\"https:\/\/files.sunoresearch.com.br\/n\/uploads\/2023\/03\/Ebook-Acoes-Desktop-1.jpg\"\n\t\t\t\t\tdata-promo-id=\"171998\"\t\t\t\t\t\t\t\t\t\twidth='1420' height='286'\t\t\t\t\talt=\"https:\/\/files.sunoresearch.com.br\/n\/uploads\/2023\/03\/Ebook-Acoes-Desktop-1.jpg\"\n\t\t\t\t>\n\t\t\t<\/picture>\n\t\t<\/a>\n\t<\/p>\n\n\n","protected":false},"excerpt":{"rendered":"<p>Apesar de evitarem grandes promessas, varejistas como o\u00a0Magazine Luiza (MGLU3) e a Via (VIIA3) usaram adjetivos como otimismo moderado, cauteloso, ou cautelosamente otimista para falarem sobre as expectativas para o segundo semestre de 2022. Veja o Morning Call desta sexta-feira (12\/08) Em geral, varejistas como o Magazine Luiza e a Via evitaram fazer grandes promessas, [&hellip;]<\/p>\n","protected":false},"author":73,"featured_media":255884,"comment_status":"closed","ping_status":"closed","sticky":false,"template":"","format":"standard","meta":[],"categories":[64],"tags":[106444,548,106935],"suno_strategy":[],"class_list":["post-285010","post","type-post","status-publish","format-standard","has-post-thumbnail","hentry","category-negocios","tag-agencias","tag-magazine-luiza-mglu3","tag-via-viia3"],"yoast_head":"<!-- This site is optimized with the Yoast SEO plugin v24.4 - https:\/\/yoast.com\/wordpress\/plugins\/seo\/ -->\n<title>Magazine Luiza (MGLU3) tem novas perspectivas com Copa, Aux\u00edlio e 5G<\/title>\n<meta name=\"description\" content=\"Em geral, varejistas como o Magazine Luiza e a Via evitaram fazer grandes promessas, mas mostram otimismo com o semestre. Clique e confira!\" \/>\n<meta name=\"robots\" content=\"index, follow, max-snippet:-1, max-image-preview:large, max-video-preview:-1\" \/>\n<link rel=\"canonical\" href=\"https:\/\/www.suno.com.br\/noticias\/magazine-luiza-mglu3-varejo-via-viia3\/\" \/>\n<meta property=\"og:locale\" content=\"pt_BR\" \/>\n<meta property=\"og:type\" content=\"article\" \/>\n<meta property=\"og:title\" content=\"Magazine Luiza (MGLU3) tem novas perspectivas com Copa, Aux\u00edlio e 5G\" \/>\n<meta property=\"og:description\" content=\"Em geral, varejistas como o Magazine Luiza e a Via evitaram fazer grandes promessas, mas mostram otimismo com o semestre. Clique e confira!\" \/>\n<meta property=\"og:url\" content=\"https:\/\/www.suno.com.br\/noticias\/magazine-luiza-mglu3-varejo-via-viia3\/\" \/>\n<meta property=\"og:site_name\" content=\"Suno Not\u00edcias\" \/>\n<meta property=\"article:publisher\" content=\"https:\/\/facebook.com\/sunoresearch\" \/>\n<meta property=\"og:image\" content=\"https:\/\/files.sunoresearch.com.br\/n\/uploads\/2022\/05\/MAGALULogBee25.jpg-Credito_-Germano-Luders-scaled.jpg\" \/>\n\t<meta property=\"og:image:width\" content=\"2560\" \/>\n\t<meta property=\"og:image:height\" content=\"1709\" \/>\n\t<meta property=\"og:image:type\" content=\"image\/jpeg\" \/>\n<meta name=\"author\" content=\"Eduardo Vargas\" \/>\n<meta name=\"twitter:card\" content=\"summary_large_image\" \/>\n<meta name=\"twitter:creator\" content=\"@sunoresearch\" \/>\n<meta name=\"twitter:site\" content=\"@sunoresearch\" \/>\n<meta name=\"twitter:label1\" content=\"Escrito por\" \/>\n\t<meta name=\"twitter:data1\" content=\"Eduardo Vargas\" \/>\n\t<meta name=\"twitter:label2\" content=\"Est. tempo de leitura\" \/>\n\t<meta name=\"twitter:data2\" content=\"4 minutos\" \/>\n<script type=\"application\/ld+json\" class=\"yoast-schema-graph\">{\"@context\":\"https:\/\/schema.org\",\"@graph\":[{\"@type\":\"NewsArticle\",\"@id\":\"https:\/\/www.suno.com.br\/noticias\/magazine-luiza-mglu3-varejo-via-viia3\/#article\",\"isPartOf\":{\"@id\":\"https:\/\/www.suno.com.br\/noticias\/magazine-luiza-mglu3-varejo-via-viia3\/\"},\"author\":{\"name\":\"Eduardo Vargas\",\"@id\":\"https:\/\/www.suno.com.br\/noticias\/#\/schema\/person\/7f4d362bf3518e76090143ae77bb49a5\"},\"headline\":\"Magazine Luiza (MGLU3) e Via (VIIA3) tem novas perspectivas com Copa do Mundo, 5G e Aux\u00edlio Brasil\",\"datePublished\":\"2022-08-15T12:00:22+00:00\",\"mainEntityOfPage\":{\"@id\":\"https:\/\/www.suno.com.br\/noticias\/magazine-luiza-mglu3-varejo-via-viia3\/\"},\"wordCount\":714,\"publisher\":{\"@id\":\"https:\/\/www.suno.com.br\/noticias\/#organization\"},\"image\":{\"@id\":\"https:\/\/www.suno.com.br\/noticias\/magazine-luiza-mglu3-varejo-via-viia3\/#primaryimage\"},\"thumbnailUrl\":\"https:\/\/files.sunoresearch.com.br\/n\/uploads\/2022\/05\/MAGALULogBee25.jpg-Credito_-Germano-Luders-scaled.jpg\",\"keywords\":[\"Ag\u00eancias\",\"Magazine Luiza (MGLU3)\",\"Via (VIIA3)\"],\"articleSection\":[\"Neg\u00f3cios\"],\"inLanguage\":\"pt-BR\"},{\"@type\":\"WebPage\",\"@id\":\"https:\/\/www.suno.com.br\/noticias\/magazine-luiza-mglu3-varejo-via-viia3\/\",\"url\":\"https:\/\/www.suno.com.br\/noticias\/magazine-luiza-mglu3-varejo-via-viia3\/\",\"name\":\"Magazine Luiza (MGLU3) tem novas perspectivas com Copa, Aux\u00edlio e 5G\",\"isPartOf\":{\"@id\":\"https:\/\/www.suno.com.br\/noticias\/#website\"},\"primaryImageOfPage\":{\"@id\":\"https:\/\/www.suno.com.br\/noticias\/magazine-luiza-mglu3-varejo-via-viia3\/#primaryimage\"},\"image\":{\"@id\":\"https:\/\/www.suno.com.br\/noticias\/magazine-luiza-mglu3-varejo-via-viia3\/#primaryimage\"},\"thumbnailUrl\":\"https:\/\/files.sunoresearch.com.br\/n\/uploads\/2022\/05\/MAGALULogBee25.jpg-Credito_-Germano-Luders-scaled.jpg\",\"datePublished\":\"2022-08-15T12:00:22+00:00\",\"description\":\"Em geral, varejistas como o Magazine Luiza e a Via evitaram fazer grandes promessas, mas mostram otimismo com o semestre. Clique e confira!\",\"breadcrumb\":{\"@id\":\"https:\/\/www.suno.com.br\/noticias\/magazine-luiza-mglu3-varejo-via-viia3\/#breadcrumb\"},\"inLanguage\":\"pt-BR\",\"potentialAction\":[{\"@type\":\"ReadAction\",\"target\":[\"https:\/\/www.suno.com.br\/noticias\/magazine-luiza-mglu3-varejo-via-viia3\/\"]}]},{\"@type\":\"ImageObject\",\"inLanguage\":\"pt-BR\",\"@id\":\"https:\/\/www.suno.com.br\/noticias\/magazine-luiza-mglu3-varejo-via-viia3\/#primaryimage\",\"url\":\"https:\/\/files.sunoresearch.com.br\/n\/uploads\/2022\/05\/MAGALULogBee25.jpg-Credito_-Germano-Luders-scaled.jpg\",\"contentUrl\":\"https:\/\/files.sunoresearch.com.br\/n\/uploads\/2022\/05\/MAGALULogBee25.jpg-Credito_-Germano-Luders-scaled.jpg\",\"width\":2560,\"height\":1709,\"caption\":\"Magazine Luiza (MGLU3) Foto: Divulga\u00e7\u00e3o\"},{\"@type\":\"BreadcrumbList\",\"@id\":\"https:\/\/www.suno.com.br\/noticias\/magazine-luiza-mglu3-varejo-via-viia3\/#breadcrumb\",\"itemListElement\":[{\"@type\":\"ListItem\",\"position\":1,\"name\":\"Not\u00edcias\",\"item\":\"https:\/\/www.suno.com.br\/noticias\/\"},{\"@type\":\"ListItem\",\"position\":2,\"name\":\"Neg\u00f3cios\",\"item\":\"https:\/\/www.suno.com.br\/noticias\/negocios\/\"},{\"@type\":\"ListItem\",\"position\":3,\"name\":\"Magazine Luiza (MGLU3) e Via (VIIA3) tem novas perspectivas com Copa do Mundo, 5G e Aux\u00edlio Brasil\"}]},{\"@type\":\"WebSite\",\"@id\":\"https:\/\/www.suno.com.br\/noticias\/#website\",\"url\":\"https:\/\/www.suno.com.br\/noticias\/\",\"name\":\"Suno Not\u00edcias\",\"description\":\"Seu portal de informa\u00e7\u00e3o sobre o mundo dos investimentos\",\"publisher\":{\"@id\":\"https:\/\/www.suno.com.br\/noticias\/#organization\"},\"potentialAction\":[{\"@type\":\"SearchAction\",\"target\":{\"@type\":\"EntryPoint\",\"urlTemplate\":\"https:\/\/www.suno.com.br\/noticias\/?s={search_term_string}\"},\"query-input\":{\"@type\":\"PropertyValueSpecification\",\"valueRequired\":true,\"valueName\":\"search_term_string\"}}],\"inLanguage\":\"pt-BR\"},{\"@type\":\"Organization\",\"@id\":\"https:\/\/www.suno.com.br\/noticias\/#organization\",\"name\":\"Suno Not\u00edcias\",\"url\":\"https:\/\/www.suno.com.br\/noticias\/\",\"logo\":{\"@type\":\"ImageObject\",\"inLanguage\":\"pt-BR\",\"@id\":\"https:\/\/www.suno.com.br\/noticias\/#\/schema\/logo\/image\/\",\"url\":\"https:\/\/files.sunoresearch.com.br\/n\/uploads\/2021\/09\/suno-logo.png\",\"contentUrl\":\"https:\/\/files.sunoresearch.com.br\/n\/uploads\/2021\/09\/suno-logo.png\",\"width\":180,\"height\":180,\"caption\":\"Suno Not\u00edcias\"},\"image\":{\"@id\":\"https:\/\/www.suno.com.br\/noticias\/#\/schema\/logo\/image\/\"},\"sameAs\":[\"https:\/\/facebook.com\/sunoresearch\",\"https:\/\/x.com\/sunoresearch\",\"https:\/\/www.instagram.com\/suno\",\"https:\/\/www.linkedin.com\/company\/suno-research\/\",\"https:\/\/www.youtube.com\/c\/sunoresearch\"]},{\"@type\":\"Person\",\"@id\":\"https:\/\/www.suno.com.br\/noticias\/#\/schema\/person\/7f4d362bf3518e76090143ae77bb49a5\",\"name\":\"Eduardo Vargas\",\"image\":{\"@type\":\"ImageObject\",\"inLanguage\":\"pt-BR\",\"@id\":\"https:\/\/www.suno.com.br\/noticias\/#\/schema\/person\/image\/\",\"url\":\"https:\/\/secure.gravatar.com\/avatar\/dac340933427a22924c9f99d1eb2e3f2?s=96&r=g\",\"contentUrl\":\"https:\/\/secure.gravatar.com\/avatar\/dac340933427a22924c9f99d1eb2e3f2?s=96&r=g\",\"caption\":\"Eduardo Vargas\"},\"description\":\"Jornalista formado pela UFSC, cobre macroeconomia, neg\u00f3cios e startups para o Suno Not\u00edcias, escrevendo principalmente not\u00edcias sobre o mercado financeiro e a bolsa de valores. No YouTube e no Instagram, \u00e9 respons\u00e1vel pela produ\u00e7\u00e3o de Reels e Shorts do Suno Not\u00edcias. Anteriormente, trabalhou cobrindo economia e cotidiano no ND+ e para o ND, maior jornal impresso de Santa Catarina. Cursou um semestre letivo de Estudos de M\u00eddia na Universidad de Buenos Aires.\",\"url\":\"https:\/\/www.suno.com.br\/noticias\/author\/eduardo-vargas\/\"}]}<\/script>\n<!-- \/ Yoast SEO plugin. -->","yoast_head_json":{"title":"Magazine Luiza (MGLU3) tem novas perspectivas com Copa, Aux\u00edlio e 5G","description":"Em geral, varejistas como o Magazine Luiza e a Via evitaram fazer grandes promessas, mas mostram otimismo com o semestre. Clique e confira!","robots":{"index":"index","follow":"follow","max-snippet":"max-snippet:-1","max-image-preview":"max-image-preview:large","max-video-preview":"max-video-preview:-1"},"canonical":"https:\/\/www.suno.com.br\/noticias\/magazine-luiza-mglu3-varejo-via-viia3\/","og_locale":"pt_BR","og_type":"article","og_title":"Magazine Luiza (MGLU3) tem novas perspectivas com Copa, Aux\u00edlio e 5G","og_description":"Em geral, varejistas como o Magazine Luiza e a Via evitaram fazer grandes promessas, mas mostram otimismo com o semestre. Clique e confira!","og_url":"https:\/\/www.suno.com.br\/noticias\/magazine-luiza-mglu3-varejo-via-viia3\/","og_site_name":"Suno Not\u00edcias","article_publisher":"https:\/\/facebook.com\/sunoresearch","og_image":[{"width":2560,"height":1709,"url":"https:\/\/files.sunoresearch.com.br\/n\/uploads\/2022\/05\/MAGALULogBee25.jpg-Credito_-Germano-Luders-scaled.jpg","type":"image\/jpeg"}],"author":"Eduardo Vargas","twitter_card":"summary_large_image","twitter_creator":"@sunoresearch","twitter_site":"@sunoresearch","twitter_misc":{"Escrito por":"Eduardo Vargas","Est. tempo de leitura":"4 minutos"},"schema":{"@context":"https:\/\/schema.org","@graph":[{"@type":"NewsArticle","@id":"https:\/\/www.suno.com.br\/noticias\/magazine-luiza-mglu3-varejo-via-viia3\/#article","isPartOf":{"@id":"https:\/\/www.suno.com.br\/noticias\/magazine-luiza-mglu3-varejo-via-viia3\/"},"author":{"name":"Eduardo Vargas","@id":"https:\/\/www.suno.com.br\/noticias\/#\/schema\/person\/7f4d362bf3518e76090143ae77bb49a5"},"headline":"Magazine Luiza (MGLU3) e Via (VIIA3) tem novas perspectivas com Copa do Mundo, 5G e Aux\u00edlio Brasil","datePublished":"2022-08-15T12:00:22+00:00","mainEntityOfPage":{"@id":"https:\/\/www.suno.com.br\/noticias\/magazine-luiza-mglu3-varejo-via-viia3\/"},"wordCount":714,"publisher":{"@id":"https:\/\/www.suno.com.br\/noticias\/#organization"},"image":{"@id":"https:\/\/www.suno.com.br\/noticias\/magazine-luiza-mglu3-varejo-via-viia3\/#primaryimage"},"thumbnailUrl":"https:\/\/files.sunoresearch.com.br\/n\/uploads\/2022\/05\/MAGALULogBee25.jpg-Credito_-Germano-Luders-scaled.jpg","keywords":["Ag\u00eancias","Magazine Luiza (MGLU3)","Via (VIIA3)"],"articleSection":["Neg\u00f3cios"],"inLanguage":"pt-BR"},{"@type":"WebPage","@id":"https:\/\/www.suno.com.br\/noticias\/magazine-luiza-mglu3-varejo-via-viia3\/","url":"https:\/\/www.suno.com.br\/noticias\/magazine-luiza-mglu3-varejo-via-viia3\/","name":"Magazine Luiza (MGLU3) tem novas perspectivas com Copa, Aux\u00edlio e 5G","isPartOf":{"@id":"https:\/\/www.suno.com.br\/noticias\/#website"},"primaryImageOfPage":{"@id":"https:\/\/www.suno.com.br\/noticias\/magazine-luiza-mglu3-varejo-via-viia3\/#primaryimage"},"image":{"@id":"https:\/\/www.suno.com.br\/noticias\/magazine-luiza-mglu3-varejo-via-viia3\/#primaryimage"},"thumbnailUrl":"https:\/\/files.sunoresearch.com.br\/n\/uploads\/2022\/05\/MAGALULogBee25.jpg-Credito_-Germano-Luders-scaled.jpg","datePublished":"2022-08-15T12:00:22+00:00","description":"Em geral, varejistas como o Magazine Luiza e a Via evitaram fazer grandes promessas, mas mostram otimismo com o semestre. Clique e confira!","breadcrumb":{"@id":"https:\/\/www.suno.com.br\/noticias\/magazine-luiza-mglu3-varejo-via-viia3\/#breadcrumb"},"inLanguage":"pt-BR","potentialAction":[{"@type":"ReadAction","target":["https:\/\/www.suno.com.br\/noticias\/magazine-luiza-mglu3-varejo-via-viia3\/"]}]},{"@type":"ImageObject","inLanguage":"pt-BR","@id":"https:\/\/www.suno.com.br\/noticias\/magazine-luiza-mglu3-varejo-via-viia3\/#primaryimage","url":"https:\/\/files.sunoresearch.com.br\/n\/uploads\/2022\/05\/MAGALULogBee25.jpg-Credito_-Germano-Luders-scaled.jpg","contentUrl":"https:\/\/files.sunoresearch.com.br\/n\/uploads\/2022\/05\/MAGALULogBee25.jpg-Credito_-Germano-Luders-scaled.jpg","width":2560,"height":1709,"caption":"Magazine Luiza (MGLU3) Foto: Divulga\u00e7\u00e3o"},{"@type":"BreadcrumbList","@id":"https:\/\/www.suno.com.br\/noticias\/magazine-luiza-mglu3-varejo-via-viia3\/#breadcrumb","itemListElement":[{"@type":"ListItem","position":1,"name":"Not\u00edcias","item":"https:\/\/www.suno.com.br\/noticias\/"},{"@type":"ListItem","position":2,"name":"Neg\u00f3cios","item":"https:\/\/www.suno.com.br\/noticias\/negocios\/"},{"@type":"ListItem","position":3,"name":"Magazine Luiza (MGLU3) e Via (VIIA3) tem novas perspectivas com Copa do Mundo, 5G e Aux\u00edlio Brasil"}]},{"@type":"WebSite","@id":"https:\/\/www.suno.com.br\/noticias\/#website","url":"https:\/\/www.suno.com.br\/noticias\/","name":"Suno Not\u00edcias","description":"Seu portal de informa\u00e7\u00e3o sobre o mundo dos investimentos","publisher":{"@id":"https:\/\/www.suno.com.br\/noticias\/#organization"},"potentialAction":[{"@type":"SearchAction","target":{"@type":"EntryPoint","urlTemplate":"https:\/\/www.suno.com.br\/noticias\/?s={search_term_string}"},"query-input":{"@type":"PropertyValueSpecification","valueRequired":true,"valueName":"search_term_string"}}],"inLanguage":"pt-BR"},{"@type":"Organization","@id":"https:\/\/www.suno.com.br\/noticias\/#organization","name":"Suno Not\u00edcias","url":"https:\/\/www.suno.com.br\/noticias\/","logo":{"@type":"ImageObject","inLanguage":"pt-BR","@id":"https:\/\/www.suno.com.br\/noticias\/#\/schema\/logo\/image\/","url":"https:\/\/files.sunoresearch.com.br\/n\/uploads\/2021\/09\/suno-logo.png","contentUrl":"https:\/\/files.sunoresearch.com.br\/n\/uploads\/2021\/09\/suno-logo.png","width":180,"height":180,"caption":"Suno Not\u00edcias"},"image":{"@id":"https:\/\/www.suno.com.br\/noticias\/#\/schema\/logo\/image\/"},"sameAs":["https:\/\/facebook.com\/sunoresearch","https:\/\/x.com\/sunoresearch","https:\/\/www.instagram.com\/suno","https:\/\/www.linkedin.com\/company\/suno-research\/","https:\/\/www.youtube.com\/c\/sunoresearch"]},{"@type":"Person","@id":"https:\/\/www.suno.com.br\/noticias\/#\/schema\/person\/7f4d362bf3518e76090143ae77bb49a5","name":"Eduardo Vargas","image":{"@type":"ImageObject","inLanguage":"pt-BR","@id":"https:\/\/www.suno.com.br\/noticias\/#\/schema\/person\/image\/","url":"https:\/\/secure.gravatar.com\/avatar\/dac340933427a22924c9f99d1eb2e3f2?s=96&r=g","contentUrl":"https:\/\/secure.gravatar.com\/avatar\/dac340933427a22924c9f99d1eb2e3f2?s=96&r=g","caption":"Eduardo Vargas"},"description":"Jornalista formado pela UFSC, cobre macroeconomia, neg\u00f3cios e startups para o Suno Not\u00edcias, escrevendo principalmente not\u00edcias sobre o mercado financeiro e a bolsa de valores. No YouTube e no Instagram, \u00e9 respons\u00e1vel pela produ\u00e7\u00e3o de Reels e Shorts do Suno Not\u00edcias. Anteriormente, trabalhou cobrindo economia e cotidiano no ND+ e para o ND, maior jornal impresso de Santa Catarina. Cursou um semestre letivo de Estudos de M\u00eddia na Universidad de Buenos Aires.","url":"https:\/\/www.suno.com.br\/noticias\/author\/eduardo-vargas\/"}]}},"default_loop_html":"<div class=\"cardsPage__listCard__boxs\"><div class=\"cardsPage__listCard__boxs__img\"><a href=\"https:\/\/www.suno.com.br\/noticias\/magazine-luiza-mglu3-2t22-complicado-xp\/\"><img class=\"mask\" src=\"https:\/\/www.suno.com.br\/noticias\/wp-content\/themes\/suno\/resources\/images\/spotlight\/spotlight1img\/bg-mask.png\" alt=\"Image Mask\"\/><img src=\"https:\/\/files.sunoresearch.com.br\/n\/uploads\/2019\/09\/04dbad0e-magazine-400x200.webp\" alt=\"Magazine Luiza (MGLU3): Cen\u00e1rio segue desafiador, mas caixa de R$ 1 bi \u00e9 positivo\"\/><\/a><span class=\"spotlightCategory\"><a href=\"https:\/\/www.suno.com.br\/noticias\/negocios\/\">Neg\u00f3cios<\/a><\/span><\/div><div class=\"cardsPage__listCard__boxs__content\"><a href=\"https:\/\/www.suno.com.br\/noticias\/magazine-luiza-mglu3-2t22-complicado-xp\/\"><h2 class=\"content__title\">Magazine Luiza (MGLU3): Cen\u00e1rio segue desafiador, mas caixa de R$ 1 bi \u00e9 positivo<\/h2><\/a><div class=\"newsContent__article__meta\"><div class=\"newsContent__article__meta__authorBox\"><a href=\"https:\/\/www.suno.com.br\/noticias\/author\/eduardo-vargas\/\" class=\"authorBox__avatar noMobi\"><img src=\"https:\/\/secure.gravatar.com\/avatar\/dac340933427a22924c9f99d1eb2e3f2?s=96&#038;r=g\" alt=\"Eduardo Vargas\"><\/a><div class=\"authorBox__name\"><span>por\n\t\t\t<a href=\"https:\/\/www.suno.com.br\/noticias\/author\/eduardo-vargas\/\"><span itemprop=\"author\">Eduardo Vargas<\/span><\/a><\/span><time datetime=\"2022-08-12T10:29:32-03:00\" itemprop=\"datePublished\">12\/08\/2022 10:29<\/time><\/div><\/div><\/div><\/div><\/div>","single_layout":"posts","amp_enabled":true,"_links":{"self":[{"href":"https:\/\/www.suno.com.br\/noticias\/wp-json\/wp\/v2\/posts\/285010"}],"collection":[{"href":"https:\/\/www.suno.com.br\/noticias\/wp-json\/wp\/v2\/posts"}],"about":[{"href":"https:\/\/www.suno.com.br\/noticias\/wp-json\/wp\/v2\/types\/post"}],"author":[{"embeddable":true,"href":"https:\/\/www.suno.com.br\/noticias\/wp-json\/wp\/v2\/users\/73"}],"replies":[{"embeddable":true,"href":"https:\/\/www.suno.com.br\/noticias\/wp-json\/wp\/v2\/comments?post=285010"}],"version-history":[{"count":3,"href":"https:\/\/www.suno.com.br\/noticias\/wp-json\/wp\/v2\/posts\/285010\/revisions"}],"predecessor-version":[{"id":285039,"href":"https:\/\/www.suno.com.br\/noticias\/wp-json\/wp\/v2\/posts\/285010\/revisions\/285039"}],"wp:featuredmedia":[{"embeddable":true,"href":"https:\/\/www.suno.com.br\/noticias\/wp-json\/wp\/v2\/media\/255884"}],"wp:attachment":[{"href":"https:\/\/www.suno.com.br\/noticias\/wp-json\/wp\/v2\/media?parent=285010"}],"wp:term":[{"taxonomy":"category","embeddable":true,"href":"https:\/\/www.suno.com.br\/noticias\/wp-json\/wp\/v2\/categories?post=285010"},{"taxonomy":"post_tag","embeddable":true,"href":"https:\/\/www.suno.com.br\/noticias\/wp-json\/wp\/v2\/tags?post=285010"},{"taxonomy":"suno_strategy","embeddable":true,"href":"https:\/\/www.suno.com.br\/noticias\/wp-json\/wp\/v2\/suno_strategy?post=285010"}],"curies":[{"name":"wp","href":"https:\/\/api.w.org\/{rel}","templated":true}]}}