{"id":28494,"date":"2019-06-18T13:12:05","date_gmt":"2019-06-18T16:12:05","guid":{"rendered":"https:\/\/www.suno.com.br\/noticias\/?p=28494"},"modified":"2019-06-18T13:12:05","modified_gmt":"2019-06-18T16:12:05","slug":"donald-trump-negociacoes-china","status":"publish","type":"post","link":"https:\/\/www.suno.com.br\/noticias\/donald-trump-negociacoes-china\/","title":{"rendered":"Donald Trump afirma que negocia\u00e7\u00f5es com a China retornar\u00e3o no G20"},"content":{"rendered":"<p>O <strong>presidente norte-americano<\/strong>, Donald Trump, afirmou nesta ter\u00e7a-feira (18), que conversou com o<strong> presidente chin\u00eas<\/strong>, <strong>Xi Jinping<\/strong>, por telefone. Al\u00e9m disso, reiterou que encontrar\u00e1 com o l\u00edder da<strong> China<\/strong> na semana do <strong><a href=\"https:\/\/www.suno.com.br\/artigos\/g20\/\">G20<\/a><\/strong>, no <strong>Jap\u00e3o<\/strong>.<\/p>\t<div class=\"wrapper-featured-image\">\n\t\t<figure class=\"spotlightImg\">\n\n\t\t\t<picture>\n\t\t\t\t<source media=\"(max-width: 768px)\" srcset=\"https:\/\/files.sunoresearch.com.br\/n\/uploads\/2019\/03\/5bffac00-xi-jinping-e-donald-trump-da-china-e-dos-eua-400x200.webp\">\n\t\t\t\t<img loading=\"lazy\" decoding=\"async\" class=\"newsContent__article__imgCapa lazyloadDisabled newsContent__article__imgCapa--noCaption\" src=\"https:\/\/files.sunoresearch.com.br\/n\/uploads\/2019\/03\/5bffac00-xi-jinping-e-donald-trump-da-china-e-dos-eua-jpg.webp\" width=\"800\" height=\"450\" alt=\"Donald Trump afirma que negocia\u00e7\u00f5es com a China retornar\u00e3o no G20\" fetchpriority=high \/>\n\t\t\t<\/picture>\n\n\t\t\t<figcaption class=\"wp-caption-text wp-caption-text--hide\">Guerra comercial: Estados Unidos e China chegam a um acordo<\/figcaption>\n\t\t<\/figure>\n\t<\/div>\n\n\n<p>De acordo com\u00a0o presidente <a href=\"https:\/\/www.suno.com.br\/tudo-sobre\/donald-trump\/\"><strong>Donald Trump<\/strong><\/a> a conversa foi &#8220;muito boa&#8221; e a reuni\u00e3o entre os dois l\u00edderes das<strong> maiores economias mundial<\/strong> est\u00e1 marcada. A m\u00eddia oficial da China, CCTV, informou que Jinping teve uma conversa com o Trump, no entanto, n\u00e3o forneceu detalhes.<\/p>\n<p class=\"twitter-tweet\" data-lang=\"pt\">\n<p dir=\"ltr\" lang=\"en\">Had a very good telephone conversation with President Xi of China. We will be having an extended meeting next week at the G-20 in Japan. Our respective teams will begin talks prior to our meeting.<\/p>\n<p>\u2014 Donald J. Trump (@realDonaldTrump) <a href=\"https:\/\/twitter.com\/realDonaldTrump\/status\/1140977371421564928?ref_src=twsrc%5Etfw\">18 de junho de 2019<\/a><\/p>\n<p><script async src=\"https:\/\/platform.twitter.com\/widgets.js\" charset=\"utf-8\"><\/script><br \/>\n&#8220;Tive uma conversa por telefone muito boa com o<strong> presidente Xi<\/strong>, da <strong>China<\/strong>. N\u00f3s teremos uma reuni\u00e3o na pr\u00f3xima semana no <strong>G20<\/strong>, no <strong>Jap\u00e3o<\/strong>. Nossas equipes v\u00e3o retomar as <a href=\"https:\/\/www.suno.com.br\/artigos\/a-guerra-comercial\/\"><strong>negocia\u00e7\u00f5es<\/strong><\/a> antes do nosso encontro &#8220;, disse <strong>Trump<\/strong> em seu Twitter.<\/p>\n<p>O \u00faltimo encontro entre os presidentes foi feito no final do ano passado, no encontro do <strong>G20<\/strong> na <strong>Argentina<\/strong>.<\/p>\n\t<p>\n\t\t<a href=\"https:\/\/lp.suno.com.br\/minicurso-valuation\/\" target=\"_blank\" data-element=\"shortcode-suno-banner\" title=\"Banner SUNO, clique e saiba mais\">\n\t\t\t<picture>\n\t\t\t\t<source media=\"(max-width: 500px)\" srcset=\"https:\/\/files.sunoresearch.com.br\/n\/uploads\/2023\/03\/400x300-Minicurso-Valuation.png\">\n\t\t\t\t<img class=\"newsContent__article__imgCapa newsContent__article__imgCapa--banner\"\n\t\t\t\t\tsrc=\"https:\/\/files.sunoresearch.com.br\/n\/uploads\/2023\/03\/1420x240-Minicurso-Valuation.png\"\n\t\t\t\t\tdata-promo-id=\"383160\"\t\t\t\t\t\t\t\t\t\twidth='1420' height='240'\t\t\t\t\talt=\"https:\/\/files.sunoresearch.com.br\/n\/uploads\/2023\/03\/1420x240-Minicurso-Valuation.png\"\n\t\t\t\t>\n\t\t\t<\/picture>\n\t\t<\/a>\n\t<\/p>\n\n\n<h2>Guerra comercial<\/h2>\n<p>No dia 10 de maio de 2019, <strong>Trump<\/strong> decidiu colocar em vigor o aumento nas <strong>tarifas alfandeg\u00e1rias<\/strong> sobre os <strong>produtos importados chineses<\/strong>. Por sua vez, tr\u00eas dias depois a<strong> China<\/strong> aumentou as <strong>taxas<\/strong> sobre US$ 60 bilh\u00f5es nos <strong>produtos norte-americano<\/strong>. Ap\u00f3s o aumento do pa\u00eds chin\u00eas, <strong>Donald Trump<\/strong> decidiu classificas a l\u00edder em 5G em sua lista negra.<\/p>\n<p>No dia 15 de maio, o <strong>presidente americano<\/strong> proibiu a empresa chinesa <a href=\"https:\/\/www.suno.com.br\/noticias\/huawei-receita-queda-eua\/\"><strong>Huawei<\/strong><\/a> de comprar<strong> tecnologia americana<\/strong> sem a permiss\u00e3o do governo. Conforme<strong> Donald Trump<\/strong>, a medida foi imposta porque a empresa est\u00e1 envolvida em atividades contr\u00e1ria \u00e0 <strong>seguran\u00e7a nacional<\/strong>.<\/p>\n<p><a href=\"\/\/www.suno.com.br\/noticias\/guerra-comercial-china-eua\/\">Saiba Mais:\u00a0Guerra comercial: China afirma estar preparada para enfrentar os EUA<\/a><\/p>\n<p>No dia 20 de maio, o <strong>Departamento de Com\u00e9rcio dos Estados Unidos<\/strong> garantiu uma <strong>licen\u00e7a tempor\u00e1ria<\/strong> para que a empresa possa fazer <strong>atualiza\u00e7\u00e3o<\/strong> de <strong>sistemas <\/strong>e<strong> aparelhos<\/strong>.<\/p>\n\t<p>\n\t\t<a href=\"https:\/\/lp.suno.com.br\/planilha-controle-gastos\/\" target=\"_blank\" data-element=\"shortcode-suno-banner\" title=\"Banner SUNO, clique e saiba mais\">\n\t\t\t<picture>\n\t\t\t\t<source media=\"(max-width: 500px)\" srcset=\"https:\/\/files.sunoresearch.com.br\/n\/uploads\/2023\/03\/400x300-Planilha-controle-de-gastos.png\">\n\t\t\t\t<img class=\"newsContent__article__imgCapa newsContent__article__imgCapa--banner\"\n\t\t\t\t\tsrc=\"https:\/\/files.sunoresearch.com.br\/n\/uploads\/2023\/03\/1420x240-Planilha-controle-de-gastos.png\"\n\t\t\t\t\tdata-promo-id=\"383122\"\t\t\t\t\t\t\t\t\t\twidth='1420' height='240'\t\t\t\t\talt=\"https:\/\/files.sunoresearch.com.br\/n\/uploads\/2023\/03\/1420x240-Planilha-controle-de-gastos.png\"\n\t\t\t\t>\n\t\t\t<\/picture>\n\t\t<\/a>\n\t<\/p>\n\n\n<p>Com isso, no dia 29 de maio, a <strong>Huawei<\/strong> decidiu processar os <strong>EUA<\/strong> por <strong>ato inconstitucional<\/strong>. A <strong>China<\/strong>, por sua vez, decidiu criar uma lista de empresas estrangeiras n\u00e3o confi\u00e1veis.<\/p>\n<p>No dia 10 de junho, o presidente americano voltou a fazer amea\u00e7as de novas tarifas sobre os produtos chineses. Ao ser perguntado se iria impor mais tarifas \u00e0 China,<a href=\"https:\/\/www.suno.com.br\/noticias\/trump-china-mexico-tarifas-importacao\/\"> <strong>Donald<\/strong>\u00a0<strong>Trump<\/strong><\/a> respondeu que caso n\u00e3o encontrasse o presidente da China no<strong> G20<\/strong>, que &#8220;sim, faria isso&#8221;.<\/p>\n","protected":false},"excerpt":{"rendered":"<p>O presidente norte-americano, Donald Trump, afirmou nesta ter\u00e7a-feira (18), que conversou com o presidente chin\u00eas, Xi Jinping, por telefone. Al\u00e9m disso, reiterou que encontrar\u00e1 com o l\u00edder da China na semana do G20, no Jap\u00e3o. Guerra comercial: Estados Unidos e China chegam a um acordo De acordo com\u00a0o presidente Donald Trump a conversa foi &#8220;muito [&hellip;]<\/p>\n","protected":false},"author":15,"featured_media":17124,"comment_status":"closed","ping_status":"closed","sticky":false,"template":"","format":"standard","meta":[],"categories":[63],"tags":[711,724,793,913],"suno_strategy":[],"class_list":["post-28494","post","type-post","status-publish","format-standard","has-post-thumbnail","hentry","category-internacional","tag-china","tag-donald-trump","tag-estados-unidos-eua","tag-xi-jinping"],"yoast_head":"<!-- This site is optimized with the Yoast SEO plugin v24.4 - https:\/\/yoast.com\/wordpress\/plugins\/seo\/ -->\n<title>Donald Trump afirma que negocia\u00e7\u00f5es com a China retornar\u00e3o no G20<\/title>\n<meta name=\"description\" content=\"Nesta ter\u00e7a (18), o presidente Donald Trump afirmou que retornar\u00e3o as negocia\u00e7\u00f5es com o presidente da China no G20. Clique aqui e saiba mais\" \/>\n<meta name=\"robots\" content=\"index, follow, max-snippet:-1, max-image-preview:large, max-video-preview:-1\" \/>\n<link rel=\"canonical\" href=\"https:\/\/www.suno.com.br\/noticias\/donald-trump-negociacoes-china\/\" \/>\n<meta property=\"og:locale\" content=\"pt_BR\" \/>\n<meta property=\"og:type\" content=\"article\" \/>\n<meta property=\"og:title\" content=\"Donald Trump afirma que negocia\u00e7\u00f5es com a China retornar\u00e3o no G20\" \/>\n<meta property=\"og:description\" content=\"Nesta ter\u00e7a (18), o presidente Donald Trump afirmou que retornar\u00e3o as negocia\u00e7\u00f5es com o presidente da China no G20. Clique aqui e saiba mais\" \/>\n<meta property=\"og:url\" content=\"https:\/\/www.suno.com.br\/noticias\/donald-trump-negociacoes-china\/\" \/>\n<meta property=\"og:site_name\" content=\"Suno Not\u00edcias\" \/>\n<meta property=\"article:publisher\" content=\"https:\/\/facebook.com\/sunoresearch\" \/>\n<meta property=\"og:image\" content=\"https:\/\/files.sunoresearch.com.br\/n\/uploads\/2019\/03\/5bffac00-xi-jinping-e-donald-trump-da-china-e-dos-eua.jpg\" \/>\n\t<meta property=\"og:image:width\" content=\"780\" \/>\n\t<meta property=\"og:image:height\" content=\"520\" \/>\n\t<meta property=\"og:image:type\" content=\"image\/jpeg\" \/>\n<meta name=\"author\" content=\"Poliana Santos\" \/>\n<meta name=\"twitter:card\" content=\"summary_large_image\" \/>\n<meta name=\"twitter:creator\" content=\"@sunoresearch\" \/>\n<meta name=\"twitter:site\" content=\"@sunoresearch\" \/>\n<meta name=\"twitter:label1\" content=\"Escrito por\" \/>\n\t<meta name=\"twitter:data1\" content=\"Poliana Santos\" \/>\n\t<meta name=\"twitter:label2\" content=\"Est. tempo de leitura\" \/>\n\t<meta name=\"twitter:data2\" content=\"2 minutos\" \/>\n<script type=\"application\/ld+json\" class=\"yoast-schema-graph\">{\"@context\":\"https:\/\/schema.org\",\"@graph\":[{\"@type\":\"NewsArticle\",\"@id\":\"https:\/\/www.suno.com.br\/noticias\/donald-trump-negociacoes-china\/#article\",\"isPartOf\":{\"@id\":\"https:\/\/www.suno.com.br\/noticias\/donald-trump-negociacoes-china\/\"},\"author\":{\"name\":\"Poliana Santos\",\"@id\":\"https:\/\/www.suno.com.br\/noticias\/#\/schema\/person\/02ec1f752758247878a2bf4abee1aeda\"},\"headline\":\"Donald Trump afirma que negocia\u00e7\u00f5es com a China retornar\u00e3o no G20\",\"datePublished\":\"2019-06-18T16:12:05+00:00\",\"mainEntityOfPage\":{\"@id\":\"https:\/\/www.suno.com.br\/noticias\/donald-trump-negociacoes-china\/\"},\"wordCount\":437,\"publisher\":{\"@id\":\"https:\/\/www.suno.com.br\/noticias\/#organization\"},\"image\":{\"@id\":\"https:\/\/www.suno.com.br\/noticias\/donald-trump-negociacoes-china\/#primaryimage\"},\"thumbnailUrl\":\"https:\/\/files.sunoresearch.com.br\/n\/uploads\/2019\/03\/5bffac00-xi-jinping-e-donald-trump-da-china-e-dos-eua-jpg.webp\",\"keywords\":[\"China\",\"Donald Trump\",\"Estados Unidos (EUA)\",\"Xi Jinping\"],\"articleSection\":[\"Internacional\"],\"inLanguage\":\"pt-BR\"},{\"@type\":\"WebPage\",\"@id\":\"https:\/\/www.suno.com.br\/noticias\/donald-trump-negociacoes-china\/\",\"url\":\"https:\/\/www.suno.com.br\/noticias\/donald-trump-negociacoes-china\/\",\"name\":\"Donald Trump afirma que negocia\u00e7\u00f5es com a China retornar\u00e3o no G20\",\"isPartOf\":{\"@id\":\"https:\/\/www.suno.com.br\/noticias\/#website\"},\"primaryImageOfPage\":{\"@id\":\"https:\/\/www.suno.com.br\/noticias\/donald-trump-negociacoes-china\/#primaryimage\"},\"image\":{\"@id\":\"https:\/\/www.suno.com.br\/noticias\/donald-trump-negociacoes-china\/#primaryimage\"},\"thumbnailUrl\":\"https:\/\/files.sunoresearch.com.br\/n\/uploads\/2019\/03\/5bffac00-xi-jinping-e-donald-trump-da-china-e-dos-eua-jpg.webp\",\"datePublished\":\"2019-06-18T16:12:05+00:00\",\"description\":\"Nesta ter\u00e7a (18), o presidente Donald Trump afirmou que retornar\u00e3o as negocia\u00e7\u00f5es com o presidente da China no G20. Clique aqui e saiba mais\",\"breadcrumb\":{\"@id\":\"https:\/\/www.suno.com.br\/noticias\/donald-trump-negociacoes-china\/#breadcrumb\"},\"inLanguage\":\"pt-BR\",\"potentialAction\":[{\"@type\":\"ReadAction\",\"target\":[\"https:\/\/www.suno.com.br\/noticias\/donald-trump-negociacoes-china\/\"]}]},{\"@type\":\"ImageObject\",\"inLanguage\":\"pt-BR\",\"@id\":\"https:\/\/www.suno.com.br\/noticias\/donald-trump-negociacoes-china\/#primaryimage\",\"url\":\"https:\/\/files.sunoresearch.com.br\/n\/uploads\/2019\/03\/5bffac00-xi-jinping-e-donald-trump-da-china-e-dos-eua-jpg.webp\",\"contentUrl\":\"https:\/\/files.sunoresearch.com.br\/n\/uploads\/2019\/03\/5bffac00-xi-jinping-e-donald-trump-da-china-e-dos-eua-jpg.webp\",\"width\":780,\"height\":520,\"caption\":\"Guerra comercial: Estados Unidos e China chegam a um acordo\"},{\"@type\":\"BreadcrumbList\",\"@id\":\"https:\/\/www.suno.com.br\/noticias\/donald-trump-negociacoes-china\/#breadcrumb\",\"itemListElement\":[{\"@type\":\"ListItem\",\"position\":1,\"name\":\"Not\u00edcias\",\"item\":\"https:\/\/www.suno.com.br\/noticias\/\"},{\"@type\":\"ListItem\",\"position\":2,\"name\":\"Internacional\",\"item\":\"https:\/\/www.suno.com.br\/noticias\/internacional\/\"},{\"@type\":\"ListItem\",\"position\":3,\"name\":\"Donald Trump afirma que negocia\u00e7\u00f5es com a China retornar\u00e3o no G20\"}]},{\"@type\":\"WebSite\",\"@id\":\"https:\/\/www.suno.com.br\/noticias\/#website\",\"url\":\"https:\/\/www.suno.com.br\/noticias\/\",\"name\":\"Suno Not\u00edcias\",\"description\":\"Seu portal de informa\u00e7\u00e3o sobre o mundo dos investimentos\",\"publisher\":{\"@id\":\"https:\/\/www.suno.com.br\/noticias\/#organization\"},\"potentialAction\":[{\"@type\":\"SearchAction\",\"target\":{\"@type\":\"EntryPoint\",\"urlTemplate\":\"https:\/\/www.suno.com.br\/noticias\/?s={search_term_string}\"},\"query-input\":{\"@type\":\"PropertyValueSpecification\",\"valueRequired\":true,\"valueName\":\"search_term_string\"}}],\"inLanguage\":\"pt-BR\"},{\"@type\":\"Organization\",\"@id\":\"https:\/\/www.suno.com.br\/noticias\/#organization\",\"name\":\"Suno Not\u00edcias\",\"url\":\"https:\/\/www.suno.com.br\/noticias\/\",\"logo\":{\"@type\":\"ImageObject\",\"inLanguage\":\"pt-BR\",\"@id\":\"https:\/\/www.suno.com.br\/noticias\/#\/schema\/logo\/image\/\",\"url\":\"https:\/\/files.sunoresearch.com.br\/n\/uploads\/2021\/09\/suno-logo.png\",\"contentUrl\":\"https:\/\/files.sunoresearch.com.br\/n\/uploads\/2021\/09\/suno-logo.png\",\"width\":180,\"height\":180,\"caption\":\"Suno Not\u00edcias\"},\"image\":{\"@id\":\"https:\/\/www.suno.com.br\/noticias\/#\/schema\/logo\/image\/\"},\"sameAs\":[\"https:\/\/facebook.com\/sunoresearch\",\"https:\/\/x.com\/sunoresearch\",\"https:\/\/www.instagram.com\/suno\",\"https:\/\/www.linkedin.com\/company\/suno-research\/\",\"https:\/\/www.youtube.com\/c\/sunoresearch\"]},{\"@type\":\"Person\",\"@id\":\"https:\/\/www.suno.com.br\/noticias\/#\/schema\/person\/02ec1f752758247878a2bf4abee1aeda\",\"name\":\"Poliana Santos\",\"image\":{\"@type\":\"ImageObject\",\"inLanguage\":\"pt-BR\",\"@id\":\"https:\/\/www.suno.com.br\/noticias\/#\/schema\/person\/image\/\",\"url\":\"https:\/\/secure.gravatar.com\/avatar\/0645bd32f23d87b2130f2b2dff1d3f8d?s=96&r=g\",\"contentUrl\":\"https:\/\/secure.gravatar.com\/avatar\/0645bd32f23d87b2130f2b2dff1d3f8d?s=96&r=g\",\"caption\":\"Poliana Santos\"},\"description\":\"Rep\u00f3rter no Suno Not\u00edcias, com cobertura em mercado financeiro, economia, finan\u00e7as pessoais, renda fixa e varejo. Jornalista formada pela Faculdade C\u00e1sper L\u00edbero e possui passagem na R\u00e1dio Gazeta AM com a produ\u00e7\u00e3o de conte\u00fado sobre economia, pol\u00edtica, sa\u00fade, moda e m\u00fasica. Possui certificado de conclus\u00e3o do curso de An\u00e1lise de Balan\u00e7os pela Funda\u00e7\u00e3o Bradesco, Agenda Brasil pela FAAP, Educa\u00e7\u00e3o Pol\u00edtica por Alexandre Garcia e do Tesouro Direto e Mercado de A\u00e7\u00f5es pela B3.\",\"url\":\"https:\/\/www.suno.com.br\/noticias\/author\/poliana-santos\/\"}]}<\/script>\n<!-- \/ Yoast SEO plugin. -->","yoast_head_json":{"title":"Donald Trump afirma que negocia\u00e7\u00f5es com a China retornar\u00e3o no G20","description":"Nesta ter\u00e7a (18), o presidente Donald Trump afirmou que retornar\u00e3o as negocia\u00e7\u00f5es com o presidente da China no G20. Clique aqui e saiba mais","robots":{"index":"index","follow":"follow","max-snippet":"max-snippet:-1","max-image-preview":"max-image-preview:large","max-video-preview":"max-video-preview:-1"},"canonical":"https:\/\/www.suno.com.br\/noticias\/donald-trump-negociacoes-china\/","og_locale":"pt_BR","og_type":"article","og_title":"Donald Trump afirma que negocia\u00e7\u00f5es com a China retornar\u00e3o no G20","og_description":"Nesta ter\u00e7a (18), o presidente Donald Trump afirmou que retornar\u00e3o as negocia\u00e7\u00f5es com o presidente da China no G20. Clique aqui e saiba mais","og_url":"https:\/\/www.suno.com.br\/noticias\/donald-trump-negociacoes-china\/","og_site_name":"Suno Not\u00edcias","article_publisher":"https:\/\/facebook.com\/sunoresearch","og_image":[{"width":780,"height":520,"url":"https:\/\/files.sunoresearch.com.br\/n\/uploads\/2019\/03\/5bffac00-xi-jinping-e-donald-trump-da-china-e-dos-eua.jpg","type":"image\/jpeg"}],"author":"Poliana Santos","twitter_card":"summary_large_image","twitter_creator":"@sunoresearch","twitter_site":"@sunoresearch","twitter_misc":{"Escrito por":"Poliana Santos","Est. tempo de leitura":"2 minutos"},"schema":{"@context":"https:\/\/schema.org","@graph":[{"@type":"NewsArticle","@id":"https:\/\/www.suno.com.br\/noticias\/donald-trump-negociacoes-china\/#article","isPartOf":{"@id":"https:\/\/www.suno.com.br\/noticias\/donald-trump-negociacoes-china\/"},"author":{"name":"Poliana Santos","@id":"https:\/\/www.suno.com.br\/noticias\/#\/schema\/person\/02ec1f752758247878a2bf4abee1aeda"},"headline":"Donald Trump afirma que negocia\u00e7\u00f5es com a China retornar\u00e3o no G20","datePublished":"2019-06-18T16:12:05+00:00","mainEntityOfPage":{"@id":"https:\/\/www.suno.com.br\/noticias\/donald-trump-negociacoes-china\/"},"wordCount":437,"publisher":{"@id":"https:\/\/www.suno.com.br\/noticias\/#organization"},"image":{"@id":"https:\/\/www.suno.com.br\/noticias\/donald-trump-negociacoes-china\/#primaryimage"},"thumbnailUrl":"https:\/\/files.sunoresearch.com.br\/n\/uploads\/2019\/03\/5bffac00-xi-jinping-e-donald-trump-da-china-e-dos-eua-jpg.webp","keywords":["China","Donald Trump","Estados Unidos (EUA)","Xi Jinping"],"articleSection":["Internacional"],"inLanguage":"pt-BR"},{"@type":"WebPage","@id":"https:\/\/www.suno.com.br\/noticias\/donald-trump-negociacoes-china\/","url":"https:\/\/www.suno.com.br\/noticias\/donald-trump-negociacoes-china\/","name":"Donald Trump afirma que negocia\u00e7\u00f5es com a China retornar\u00e3o no G20","isPartOf":{"@id":"https:\/\/www.suno.com.br\/noticias\/#website"},"primaryImageOfPage":{"@id":"https:\/\/www.suno.com.br\/noticias\/donald-trump-negociacoes-china\/#primaryimage"},"image":{"@id":"https:\/\/www.suno.com.br\/noticias\/donald-trump-negociacoes-china\/#primaryimage"},"thumbnailUrl":"https:\/\/files.sunoresearch.com.br\/n\/uploads\/2019\/03\/5bffac00-xi-jinping-e-donald-trump-da-china-e-dos-eua-jpg.webp","datePublished":"2019-06-18T16:12:05+00:00","description":"Nesta ter\u00e7a (18), o presidente Donald Trump afirmou que retornar\u00e3o as negocia\u00e7\u00f5es com o presidente da China no G20. Clique aqui e saiba mais","breadcrumb":{"@id":"https:\/\/www.suno.com.br\/noticias\/donald-trump-negociacoes-china\/#breadcrumb"},"inLanguage":"pt-BR","potentialAction":[{"@type":"ReadAction","target":["https:\/\/www.suno.com.br\/noticias\/donald-trump-negociacoes-china\/"]}]},{"@type":"ImageObject","inLanguage":"pt-BR","@id":"https:\/\/www.suno.com.br\/noticias\/donald-trump-negociacoes-china\/#primaryimage","url":"https:\/\/files.sunoresearch.com.br\/n\/uploads\/2019\/03\/5bffac00-xi-jinping-e-donald-trump-da-china-e-dos-eua-jpg.webp","contentUrl":"https:\/\/files.sunoresearch.com.br\/n\/uploads\/2019\/03\/5bffac00-xi-jinping-e-donald-trump-da-china-e-dos-eua-jpg.webp","width":780,"height":520,"caption":"Guerra comercial: Estados Unidos e China chegam a um acordo"},{"@type":"BreadcrumbList","@id":"https:\/\/www.suno.com.br\/noticias\/donald-trump-negociacoes-china\/#breadcrumb","itemListElement":[{"@type":"ListItem","position":1,"name":"Not\u00edcias","item":"https:\/\/www.suno.com.br\/noticias\/"},{"@type":"ListItem","position":2,"name":"Internacional","item":"https:\/\/www.suno.com.br\/noticias\/internacional\/"},{"@type":"ListItem","position":3,"name":"Donald Trump afirma que negocia\u00e7\u00f5es com a China retornar\u00e3o no G20"}]},{"@type":"WebSite","@id":"https:\/\/www.suno.com.br\/noticias\/#website","url":"https:\/\/www.suno.com.br\/noticias\/","name":"Suno Not\u00edcias","description":"Seu portal de informa\u00e7\u00e3o sobre o mundo dos investimentos","publisher":{"@id":"https:\/\/www.suno.com.br\/noticias\/#organization"},"potentialAction":[{"@type":"SearchAction","target":{"@type":"EntryPoint","urlTemplate":"https:\/\/www.suno.com.br\/noticias\/?s={search_term_string}"},"query-input":{"@type":"PropertyValueSpecification","valueRequired":true,"valueName":"search_term_string"}}],"inLanguage":"pt-BR"},{"@type":"Organization","@id":"https:\/\/www.suno.com.br\/noticias\/#organization","name":"Suno Not\u00edcias","url":"https:\/\/www.suno.com.br\/noticias\/","logo":{"@type":"ImageObject","inLanguage":"pt-BR","@id":"https:\/\/www.suno.com.br\/noticias\/#\/schema\/logo\/image\/","url":"https:\/\/files.sunoresearch.com.br\/n\/uploads\/2021\/09\/suno-logo.png","contentUrl":"https:\/\/files.sunoresearch.com.br\/n\/uploads\/2021\/09\/suno-logo.png","width":180,"height":180,"caption":"Suno Not\u00edcias"},"image":{"@id":"https:\/\/www.suno.com.br\/noticias\/#\/schema\/logo\/image\/"},"sameAs":["https:\/\/facebook.com\/sunoresearch","https:\/\/x.com\/sunoresearch","https:\/\/www.instagram.com\/suno","https:\/\/www.linkedin.com\/company\/suno-research\/","https:\/\/www.youtube.com\/c\/sunoresearch"]},{"@type":"Person","@id":"https:\/\/www.suno.com.br\/noticias\/#\/schema\/person\/02ec1f752758247878a2bf4abee1aeda","name":"Poliana Santos","image":{"@type":"ImageObject","inLanguage":"pt-BR","@id":"https:\/\/www.suno.com.br\/noticias\/#\/schema\/person\/image\/","url":"https:\/\/secure.gravatar.com\/avatar\/0645bd32f23d87b2130f2b2dff1d3f8d?s=96&r=g","contentUrl":"https:\/\/secure.gravatar.com\/avatar\/0645bd32f23d87b2130f2b2dff1d3f8d?s=96&r=g","caption":"Poliana Santos"},"description":"Rep\u00f3rter no Suno Not\u00edcias, com cobertura em mercado financeiro, economia, finan\u00e7as pessoais, renda fixa e varejo. Jornalista formada pela Faculdade C\u00e1sper L\u00edbero e possui passagem na R\u00e1dio Gazeta AM com a produ\u00e7\u00e3o de conte\u00fado sobre economia, pol\u00edtica, sa\u00fade, moda e m\u00fasica. Possui certificado de conclus\u00e3o do curso de An\u00e1lise de Balan\u00e7os pela Funda\u00e7\u00e3o Bradesco, Agenda Brasil pela FAAP, Educa\u00e7\u00e3o Pol\u00edtica por Alexandre Garcia e do Tesouro Direto e Mercado de A\u00e7\u00f5es pela B3.","url":"https:\/\/www.suno.com.br\/noticias\/author\/poliana-santos\/"}]}},"default_loop_html":"<div class=\"cardsPage__listCard__boxs\"><div class=\"cardsPage__listCard__boxs__img\"><a href=\"https:\/\/www.suno.com.br\/noticias\/donald-trump-negociacoes-china\/\"><img class=\"mask\" src=\"https:\/\/www.suno.com.br\/noticias\/wp-content\/themes\/suno\/resources\/images\/spotlight\/spotlight1img\/bg-mask.png\" alt=\"Image Mask\"\/><img src=\"https:\/\/files.sunoresearch.com.br\/n\/uploads\/2019\/03\/5bffac00-xi-jinping-e-donald-trump-da-china-e-dos-eua-400x200.webp\" alt=\"Donald Trump afirma que negocia\u00e7\u00f5es com a China retornar\u00e3o no G20\"\/><\/a><span class=\"spotlightCategory\"><a href=\"https:\/\/www.suno.com.br\/noticias\/internacional\/\">Internacional<\/a><\/span><\/div><div class=\"cardsPage__listCard__boxs__content\"><a href=\"https:\/\/www.suno.com.br\/noticias\/donald-trump-negociacoes-china\/\"><h2 class=\"content__title\">Donald Trump afirma que negocia\u00e7\u00f5es com a China retornar\u00e3o no G20<\/h2><\/a><div class=\"newsContent__article__meta\"><div class=\"newsContent__article__meta__authorBox\"><a href=\"https:\/\/www.suno.com.br\/noticias\/author\/poliana-santos\/\" class=\"authorBox__avatar noMobi\"><img src=\"https:\/\/files.sunoresearch.com.br\/n\/uploads\/2020\/08\/7ef34026-whatsapp-image-2020-08-03-at-12.37.57-150x150.webp\" alt=\"Poliana Santos\"><\/a><div class=\"authorBox__name\"><span>por\n\t\t\t<a href=\"https:\/\/www.suno.com.br\/noticias\/author\/poliana-santos\/\"><span itemprop=\"author\">Poliana Santos<\/span><\/a><\/span><time datetime=\"2019-06-18T13:12:05-03:00\" itemprop=\"datePublished\">18\/06\/2019 13:12<\/time><\/div><\/div><\/div><\/div><\/div>","single_layout":"posts","amp_enabled":true,"_links":{"self":[{"href":"https:\/\/www.suno.com.br\/noticias\/wp-json\/wp\/v2\/posts\/28494"}],"collection":[{"href":"https:\/\/www.suno.com.br\/noticias\/wp-json\/wp\/v2\/posts"}],"about":[{"href":"https:\/\/www.suno.com.br\/noticias\/wp-json\/wp\/v2\/types\/post"}],"author":[{"embeddable":true,"href":"https:\/\/www.suno.com.br\/noticias\/wp-json\/wp\/v2\/users\/15"}],"replies":[{"embeddable":true,"href":"https:\/\/www.suno.com.br\/noticias\/wp-json\/wp\/v2\/comments?post=28494"}],"version-history":[{"count":0,"href":"https:\/\/www.suno.com.br\/noticias\/wp-json\/wp\/v2\/posts\/28494\/revisions"}],"wp:featuredmedia":[{"embeddable":true,"href":"https:\/\/www.suno.com.br\/noticias\/wp-json\/wp\/v2\/media\/17124"}],"wp:attachment":[{"href":"https:\/\/www.suno.com.br\/noticias\/wp-json\/wp\/v2\/media?parent=28494"}],"wp:term":[{"taxonomy":"category","embeddable":true,"href":"https:\/\/www.suno.com.br\/noticias\/wp-json\/wp\/v2\/categories?post=28494"},{"taxonomy":"post_tag","embeddable":true,"href":"https:\/\/www.suno.com.br\/noticias\/wp-json\/wp\/v2\/tags?post=28494"},{"taxonomy":"suno_strategy","embeddable":true,"href":"https:\/\/www.suno.com.br\/noticias\/wp-json\/wp\/v2\/suno_strategy?post=28494"}],"curies":[{"name":"wp","href":"https:\/\/api.w.org\/{rel}","templated":true}]}}