{"id":284885,"date":"2022-08-13T14:50:59","date_gmt":"2022-08-13T17:50:59","guid":{"rendered":"https:\/\/www.suno.com.br\/noticias\/?p=284885"},"modified":"2022-08-13T15:40:56","modified_gmt":"2022-08-13T18:40:56","slug":"petrobras-petr4-salario-presidente","status":"publish","type":"post","link":"https:\/\/www.suno.com.br\/noticias\/petrobras-petr4-salario-presidente\/","title":{"rendered":"Remunera\u00e7\u00e3o de presidente da Petrobras (PETR4) \u00e9 de R$ 116 mil, diz coluna"},"content":{"rendered":"<p>O colunista Lauro Jardim, do jornal O Globo, divulgou neste s\u00e1bado (13) que os dados de sal\u00e1rios da <strong>Petrobras<\/strong> (<a href=\"https:\/\/www.suno.com.br\/acoes\/petr4\/\">PETR4<\/a>) est\u00e3o transparentes no site do <a class=\"suno-keyword\" href=\"https:\/\/www.suno.com.br\/artigos\/ministerio-da-economia\/\" target=\"_blank\" rel=\"noopener\" data-force=\"no\" data-priority=\"3\">Minist\u00e9rio da Economia<\/a>.<\/p><div class=\"videoFull videoFull--noRadius\">\n\t\t\t<div class=\"videoWrapper yt-lazyload center\"\n\t\t\t\tdata-width=\"960\"\n\t\t\t\tdata-height=\"540\"\n\t\t\t\tdata-id=\"-eiq4WNlh5E\"\n\t\t\t\tdata-alt=\"Nesta semana a Petrobras anunciou uma redu\u00e7\u00e3o no pre\u00e7o do diesel; veja\"\n\t\t\t\tdata-logo=\"3\"\n\t\t\t\tdata-imagequality=\"maxres\">\n\t\t\t<\/div>\n\t\t<\/div><span class=\"videoFull__caption videoFull__caption--show\">Nesta semana a Petrobras anunciou uma redu\u00e7\u00e3o no pre\u00e7o do diesel; veja<p><\/p><\/span><script type=\"application\/ld+json\">{\"@context\":\"https:\/\/schema.org\",\"@type\":\"VideoObject\",\"name\":\"PETROBRAS (PETR4) BAIXA PRE\u00c7O DO DIESEL | Lucro do BB (BBAS3) surpreende | Ibovespa fecha em queda\",\"description\":\"#PETR4 #Diesel #BBAS3 #taee11 #Ibovespa #D\u00f3lar #livedas19h #Not\u00edcias #sunonot\u00edcias O Ibovespa hoje fechou a quinta-feira (11) em queda de 0,47% aos 109.717,94, ap\u00f3s oscilar entre 109.603,66 e 111.309,64 pontos. Na semana, o \u00edndice avan\u00e7a 3,05%; no m\u00eas, 6,35% e, no ano, 4,67%. O giro financeiro foi a R$ 35,5 bilh\u00f5es nesta quinta-feira. Puxada por bom\u2026\",\"duration\":\"PT36M3S\",\"embedUrl\":\"https:\/\/www.youtube.com\/embed\/-eiq4WNlh5E\",\"regionsAllowed\":\"pt-BR\",\"interactionStatistic\":{\"@type\":\"InteractionCounter\",\"interactionType\":{\"@type\":\"WatchAction\"},\"userInteractionCount\":3350},\"thumbnailUrl\":\"https:\/\/i.ytimg.com\/vi\/-eiq4WNlh5E\/default.jpg\",\"uploadDate\":\"2022-08-11T22:52:01Z\"}<\/script>\n\n\t<p>\n\t\t<a href=\"\" target=\"_blank\" data-element=\"shortcode-suno-banner\" title=\"Banner SUNO, clique e saiba mais\">\n\t\t\t<picture>\n\t\t\t\t<source media=\"(max-width: 500px)\" srcset=\"\">\n\t\t\t\t<img class=\"newsContent__article__imgCapa newsContent__article__imgCapa--banner\"\n\t\t\t\t\tsrc=\"\"\n\t\t\t\t\tdata-promo-id=\"254218\"\t\t\t\t\t\t\t\t\t\t\t\t\t\t\talt=\"\"\n\t\t\t\t>\n\t\t\t<\/picture>\n\t\t<\/a>\n\t<\/p>\n\n\n<p>Essa divulga\u00e7\u00e3o dos n\u00fameros da Petrobras, segundo a coluna, vem por conta da medida da Secretaria de Coordena\u00e7\u00e3o e Governan\u00e7a das Empresas Estatais, atendendo \u00e0 uma determina\u00e7\u00e3o do Tribunal de Contas da Uni\u00e3o (TCU).<\/p>\n<p>O colunista destaca que a remunera\u00e7\u00e3o do <strong>presidente da Petrobras<\/strong> \u00e9 de R$ 116 mil &#8211; acima do teto constitucional.<\/p>\n<p>Contudo, h\u00e1 mudan\u00e7as frequentes nas remunera\u00e7\u00f5es de cargos p\u00fablicos. Como exemplo, ainda nesta semana o Supremo Tribunal Federal (STF) votou o reajuste dos <strong>sal\u00e1rios<\/strong> de servidores da justi\u00e7a para mais de R$ 46 mil, 18% a mais do que eram recebidos antes.<\/p>\n<p>Nos meios oficiais da Petrobras que a companhia &#8216;n\u00e3o divulga dados como lota\u00e7\u00e3o e jornada de trabalho de empregados&#8217;.<\/p>\n<p>A justificativa \u00e9 o Decreto Federal n\u00ba 7.724\/2012 &#8211; que regulamenta a Lei de Acesso \u00e0 Informa\u00e7\u00e3o (LAI). Nela no primeiro artigo, consta que as entidades controladas pela Uni\u00e3o que atuam em regime de concorr\u00eancia, como \u00e9 o caso da Petrobras, estar\u00e3o submetidas \u00e0s normas da <a class=\"suno-keyword\" href=\"https:\/\/www.suno.com.br\/artigos\/cvm\/\" target=\"_blank\" rel=\"noopener\" data-force=\"no\" data-priority=\"2\">Comiss\u00e3o de Valores Mobili\u00e1rios (CVM)<\/a>.<\/p>\n<p>Por isso, devem &#8220;manter garantidas sua competitividade, governan\u00e7a corporativa e os interesses dos acionistas minorit\u00e1rios&#8221;, diz a estatal.<\/p>\n<p>&#8220;A divulga\u00e7\u00e3o das informa\u00e7\u00f5es remunerat\u00f3rias de profissionais da Petrobras prejudicaria a reten\u00e7\u00e3o de nossos profissionais, provocando a perda de conhecimento desenvolvido ao longo de anos de atua\u00e7\u00e3o, a defini\u00e7\u00e3o e continuidade de estrat\u00e9gias de <a class=\"suno-keyword\" href=\"https:\/\/www.suno.com.br\/artigos\/longo-prazo\/\" target=\"_blank\" rel=\"noopener\" data-force=\"no\" data-priority=\"1\">longo prazo<\/a> e, consequentemente, nossa competitividade&#8221;.<\/p>\n<p>Vale frisar que, na instru\u00e7\u00e3o CVM n\u00ba480, de 2009, \u00e9 estipulado que as companhias divulguem:<\/p>\n<ul>\n<li>Pol\u00edtica salarial e remunera\u00e7\u00e3o vari\u00e1vel<\/li>\n<li>Pol\u00edtica de benef\u00edcios<\/li>\n<li>Caracter\u00edsticas dos planos de <strong>remunera\u00e7\u00e3o<\/strong> baseados em a\u00e7\u00f5es dos empregados n\u00e3o-administradores<\/li>\n<\/ul>\n<p>A Petrobras cita essa pol\u00edtica para afirmar que &#8220;n\u00e3o h\u00e1 exig\u00eancia de divulga\u00e7\u00e3o da remunera\u00e7\u00e3o individualizada e tabela de remunera\u00e7\u00e3o dos empregados&#8221;.<\/p>\n\t<p>\n\t\t<a href=\"https:\/\/lp.suno.com.br\/planilha-controle-gastos\/\" target=\"_blank\" data-element=\"shortcode-suno-banner\" title=\"Banner SUNO, clique e saiba mais\">\n\t\t\t<picture>\n\t\t\t\t<source media=\"(max-width: 500px)\" srcset=\"https:\/\/files.sunoresearch.com.br\/n\/uploads\/2023\/03\/400x300-Planilha-controle-de-gastos.png\">\n\t\t\t\t<img class=\"newsContent__article__imgCapa newsContent__article__imgCapa--banner\"\n\t\t\t\t\tsrc=\"https:\/\/files.sunoresearch.com.br\/n\/uploads\/2023\/03\/1420x240-Planilha-controle-de-gastos.png\"\n\t\t\t\t\tdata-promo-id=\"101751\"\t\t\t\t\t\t\t\t\t\twidth='1420' height='240'\t\t\t\t\talt=\"https:\/\/files.sunoresearch.com.br\/n\/uploads\/2023\/03\/1420x240-Planilha-controle-de-gastos.png\"\n\t\t\t\t>\n\t\t\t<\/picture>\n\t\t<\/a>\n\t<\/p>\n\n\n<h2>Rebef revelou remunera\u00e7\u00e3o de R$ 145 mil na Petrobras<\/h2>\n<p>Ainda em meados de janeiro o Relat\u00f3rio de Benef\u00edcios das Empresas Estatais Federais (Rebef) detalhou que um funcion\u00e1rio da Petrobras recebeu R$ 145 mil &#8211; sendo a maior remunera\u00e7\u00e3o das estatais, acima dos R$ 93 mil vistos na <a class=\"suno-keyword\" href=\"https:\/\/www.suno.com.br\/acoes\/ELET3\/\" target=\"_blank\" rel=\"noopener\" data-force=\"yes\" data-priority=\"2\">Eletrobras (ELET3)<\/a> que, \u00e0 \u00e9poca, ainda era uma companhia estatal.<\/p>\n<p>O documento do <strong>Minist\u00e9rio da Economia<\/strong> mostra as remunera\u00e7\u00f5es de 46 estatais sob o guarda-chuva da Uni\u00e3o, tal como as subsidi\u00e1rias. No total, s\u00e3o 450 mil empregados abarcados pelo relat\u00f3rio.<\/p>\n<p>Contudo, o relat\u00f3rio mostra que os funcion\u00e1rios citados, tanto na <strong>Petrobras<\/strong> quanto na Eletrobras, s\u00e3o resultado de incorpora\u00e7\u00f5es de benef\u00edcios, na maioria das vezes obtidas por decis\u00e3o judicial &#8211;\u00a0 e n\u00e3o de do sal\u00e1rio bruto.<\/p>\n\t<p>\n\t\t<a href=\"https:\/\/lp.suno.com.br\/ebook-como-analisar-uma-acao\/\" target=\"_blank\" data-element=\"shortcode-suno-banner\" title=\"Banner SUNO, clique e saiba mais\">\n\t\t\t<picture>\n\t\t\t\t<source media=\"(max-width: 500px)\" srcset=\"https:\/\/files.sunoresearch.com.br\/n\/uploads\/2023\/03\/Ebook-Acoes-Mobile-1.jpg\">\n\t\t\t\t<img class=\"newsContent__article__imgCapa newsContent__article__imgCapa--banner\"\n\t\t\t\t\tsrc=\"https:\/\/files.sunoresearch.com.br\/n\/uploads\/2023\/03\/Ebook-Acoes-Desktop-1.jpg\"\n\t\t\t\t\tdata-promo-id=\"171998\"\t\t\t\t\t\t\t\t\t\twidth='1420' height='286'\t\t\t\t\talt=\"https:\/\/files.sunoresearch.com.br\/n\/uploads\/2023\/03\/Ebook-Acoes-Desktop-1.jpg\"\n\t\t\t\t>\n\t\t\t<\/picture>\n\t\t<\/a>\n\t<\/p>\n\n\n","protected":false},"excerpt":{"rendered":"<p>O colunista Lauro Jardim, do jornal O Globo, divulgou neste s\u00e1bado (13) que os dados de sal\u00e1rios da Petrobras (PETR4) est\u00e3o transparentes no site do Minist\u00e9rio da Economia. Nesta semana a Petrobras anunciou uma redu\u00e7\u00e3o no pre\u00e7o do diesel; veja Essa divulga\u00e7\u00e3o dos n\u00fameros da Petrobras, segundo a coluna, vem por conta da medida da [&hellip;]<\/p>\n","protected":false},"author":73,"featured_media":279246,"comment_status":"closed","ping_status":"closed","sticky":false,"template":"","format":"standard","meta":[],"categories":[64],"tags":[595],"suno_strategy":[],"class_list":["post-284885","post","type-post","status-publish","format-standard","has-post-thumbnail","hentry","category-negocios","tag-petrobras-petr4"],"yoast_head":"<!-- This site is optimized with the Yoast SEO plugin v24.4 - https:\/\/yoast.com\/wordpress\/plugins\/seo\/ -->\n<title>Presidente da Petrobras (PETR4) \u00e9 remunerado em R$ 116 mil, diz coluna<\/title>\n<meta name=\"description\" content=\"Essa divulga\u00e7\u00e3o dos n\u00fameros da Petrobras, segundo a coluna, atende \u00e0 pedido do Tribunal de Contas da Uni\u00e3o. Clique e leia mais!\" \/>\n<meta name=\"robots\" content=\"index, follow, max-snippet:-1, max-image-preview:large, max-video-preview:-1\" \/>\n<link rel=\"canonical\" href=\"https:\/\/www.suno.com.br\/noticias\/petrobras-petr4-salario-presidente\/\" \/>\n<meta property=\"og:locale\" content=\"pt_BR\" \/>\n<meta property=\"og:type\" content=\"article\" \/>\n<meta property=\"og:title\" content=\"Presidente da Petrobras (PETR4) \u00e9 remunerado em R$ 116 mil, diz coluna\" \/>\n<meta property=\"og:description\" content=\"Essa divulga\u00e7\u00e3o dos n\u00fameros da Petrobras, segundo a coluna, atende \u00e0 pedido do Tribunal de Contas da Uni\u00e3o. Clique e leia mais!\" \/>\n<meta property=\"og:url\" content=\"https:\/\/www.suno.com.br\/noticias\/petrobras-petr4-salario-presidente\/\" \/>\n<meta property=\"og:site_name\" content=\"Suno Not\u00edcias\" \/>\n<meta property=\"article:publisher\" content=\"https:\/\/facebook.com\/sunoresearch\" \/>\n<meta property=\"og:image\" content=\"https:\/\/files.sunoresearch.com.br\/n\/uploads\/2022\/07\/Petrobras.-Creditos-Divulgacao.jpg\" \/>\n\t<meta property=\"og:image:width\" content=\"1280\" \/>\n\t<meta property=\"og:image:height\" content=\"680\" \/>\n\t<meta property=\"og:image:type\" content=\"image\/jpeg\" \/>\n<meta name=\"author\" content=\"Eduardo Vargas\" \/>\n<meta name=\"twitter:card\" content=\"summary_large_image\" \/>\n<meta name=\"twitter:creator\" content=\"@sunoresearch\" \/>\n<meta name=\"twitter:site\" content=\"@sunoresearch\" \/>\n<meta name=\"twitter:label1\" content=\"Escrito por\" \/>\n\t<meta name=\"twitter:data1\" content=\"Eduardo Vargas\" \/>\n\t<meta name=\"twitter:label2\" content=\"Est. tempo de leitura\" \/>\n\t<meta name=\"twitter:data2\" content=\"3 minutos\" \/>\n<script type=\"application\/ld+json\" class=\"yoast-schema-graph\">{\"@context\":\"https:\/\/schema.org\",\"@graph\":[{\"@type\":\"NewsArticle\",\"@id\":\"https:\/\/www.suno.com.br\/noticias\/petrobras-petr4-salario-presidente\/#article\",\"isPartOf\":{\"@id\":\"https:\/\/www.suno.com.br\/noticias\/petrobras-petr4-salario-presidente\/\"},\"author\":{\"name\":\"Eduardo Vargas\",\"@id\":\"https:\/\/www.suno.com.br\/noticias\/#\/schema\/person\/7f4d362bf3518e76090143ae77bb49a5\"},\"headline\":\"Remunera\u00e7\u00e3o de presidente da Petrobras (PETR4) \u00e9 de R$ 116 mil, diz coluna\",\"datePublished\":\"2022-08-13T17:50:59+00:00\",\"dateModified\":\"2022-08-13T18:40:56+00:00\",\"mainEntityOfPage\":{\"@id\":\"https:\/\/www.suno.com.br\/noticias\/petrobras-petr4-salario-presidente\/\"},\"wordCount\":501,\"publisher\":{\"@id\":\"https:\/\/www.suno.com.br\/noticias\/#organization\"},\"image\":{\"@id\":\"https:\/\/www.suno.com.br\/noticias\/petrobras-petr4-salario-presidente\/#primaryimage\"},\"thumbnailUrl\":\"https:\/\/files.sunoresearch.com.br\/n\/uploads\/2022\/07\/Petrobras.-Creditos-Divulgacao.jpg\",\"keywords\":[\"Petrobras (PETR4)\"],\"articleSection\":[\"Neg\u00f3cios\"],\"inLanguage\":\"pt-BR\"},{\"@type\":\"WebPage\",\"@id\":\"https:\/\/www.suno.com.br\/noticias\/petrobras-petr4-salario-presidente\/\",\"url\":\"https:\/\/www.suno.com.br\/noticias\/petrobras-petr4-salario-presidente\/\",\"name\":\"Presidente da Petrobras (PETR4) \u00e9 remunerado em R$ 116 mil, diz coluna\",\"isPartOf\":{\"@id\":\"https:\/\/www.suno.com.br\/noticias\/#website\"},\"primaryImageOfPage\":{\"@id\":\"https:\/\/www.suno.com.br\/noticias\/petrobras-petr4-salario-presidente\/#primaryimage\"},\"image\":{\"@id\":\"https:\/\/www.suno.com.br\/noticias\/petrobras-petr4-salario-presidente\/#primaryimage\"},\"thumbnailUrl\":\"https:\/\/files.sunoresearch.com.br\/n\/uploads\/2022\/07\/Petrobras.-Creditos-Divulgacao.jpg\",\"datePublished\":\"2022-08-13T17:50:59+00:00\",\"dateModified\":\"2022-08-13T18:40:56+00:00\",\"description\":\"Essa divulga\u00e7\u00e3o dos n\u00fameros da Petrobras, segundo a coluna, atende \u00e0 pedido do Tribunal de Contas da Uni\u00e3o. Clique e leia mais!\",\"breadcrumb\":{\"@id\":\"https:\/\/www.suno.com.br\/noticias\/petrobras-petr4-salario-presidente\/#breadcrumb\"},\"inLanguage\":\"pt-BR\",\"potentialAction\":[{\"@type\":\"ReadAction\",\"target\":[\"https:\/\/www.suno.com.br\/noticias\/petrobras-petr4-salario-presidente\/\"]}]},{\"@type\":\"ImageObject\",\"inLanguage\":\"pt-BR\",\"@id\":\"https:\/\/www.suno.com.br\/noticias\/petrobras-petr4-salario-presidente\/#primaryimage\",\"url\":\"https:\/\/files.sunoresearch.com.br\/n\/uploads\/2022\/07\/Petrobras.-Creditos-Divulgacao.jpg\",\"contentUrl\":\"https:\/\/files.sunoresearch.com.br\/n\/uploads\/2022\/07\/Petrobras.-Creditos-Divulgacao.jpg\",\"width\":1280,\"height\":680,\"caption\":\"Petrobras (PETR4). Cr\u00e9ditos: Divulga\u00e7\u00e3o\"},{\"@type\":\"BreadcrumbList\",\"@id\":\"https:\/\/www.suno.com.br\/noticias\/petrobras-petr4-salario-presidente\/#breadcrumb\",\"itemListElement\":[{\"@type\":\"ListItem\",\"position\":1,\"name\":\"Not\u00edcias\",\"item\":\"https:\/\/www.suno.com.br\/noticias\/\"},{\"@type\":\"ListItem\",\"position\":2,\"name\":\"Neg\u00f3cios\",\"item\":\"https:\/\/www.suno.com.br\/noticias\/negocios\/\"},{\"@type\":\"ListItem\",\"position\":3,\"name\":\"Remunera\u00e7\u00e3o de presidente da Petrobras (PETR4) \u00e9 de R$ 116 mil, diz coluna\"}]},{\"@type\":\"WebSite\",\"@id\":\"https:\/\/www.suno.com.br\/noticias\/#website\",\"url\":\"https:\/\/www.suno.com.br\/noticias\/\",\"name\":\"Suno Not\u00edcias\",\"description\":\"Seu portal de informa\u00e7\u00e3o sobre o mundo dos investimentos\",\"publisher\":{\"@id\":\"https:\/\/www.suno.com.br\/noticias\/#organization\"},\"potentialAction\":[{\"@type\":\"SearchAction\",\"target\":{\"@type\":\"EntryPoint\",\"urlTemplate\":\"https:\/\/www.suno.com.br\/noticias\/?s={search_term_string}\"},\"query-input\":{\"@type\":\"PropertyValueSpecification\",\"valueRequired\":true,\"valueName\":\"search_term_string\"}}],\"inLanguage\":\"pt-BR\"},{\"@type\":\"Organization\",\"@id\":\"https:\/\/www.suno.com.br\/noticias\/#organization\",\"name\":\"Suno Not\u00edcias\",\"url\":\"https:\/\/www.suno.com.br\/noticias\/\",\"logo\":{\"@type\":\"ImageObject\",\"inLanguage\":\"pt-BR\",\"@id\":\"https:\/\/www.suno.com.br\/noticias\/#\/schema\/logo\/image\/\",\"url\":\"https:\/\/files.sunoresearch.com.br\/n\/uploads\/2021\/09\/suno-logo.png\",\"contentUrl\":\"https:\/\/files.sunoresearch.com.br\/n\/uploads\/2021\/09\/suno-logo.png\",\"width\":180,\"height\":180,\"caption\":\"Suno Not\u00edcias\"},\"image\":{\"@id\":\"https:\/\/www.suno.com.br\/noticias\/#\/schema\/logo\/image\/\"},\"sameAs\":[\"https:\/\/facebook.com\/sunoresearch\",\"https:\/\/x.com\/sunoresearch\",\"https:\/\/www.instagram.com\/suno\",\"https:\/\/www.linkedin.com\/company\/suno-research\/\",\"https:\/\/www.youtube.com\/c\/sunoresearch\"]},{\"@type\":\"Person\",\"@id\":\"https:\/\/www.suno.com.br\/noticias\/#\/schema\/person\/7f4d362bf3518e76090143ae77bb49a5\",\"name\":\"Eduardo Vargas\",\"image\":{\"@type\":\"ImageObject\",\"inLanguage\":\"pt-BR\",\"@id\":\"https:\/\/www.suno.com.br\/noticias\/#\/schema\/person\/image\/\",\"url\":\"https:\/\/secure.gravatar.com\/avatar\/dac340933427a22924c9f99d1eb2e3f2?s=96&r=g\",\"contentUrl\":\"https:\/\/secure.gravatar.com\/avatar\/dac340933427a22924c9f99d1eb2e3f2?s=96&r=g\",\"caption\":\"Eduardo Vargas\"},\"description\":\"Jornalista formado pela UFSC, cobre macroeconomia, neg\u00f3cios e startups para o Suno Not\u00edcias, escrevendo principalmente not\u00edcias sobre o mercado financeiro e a bolsa de valores. No YouTube e no Instagram, \u00e9 respons\u00e1vel pela produ\u00e7\u00e3o de Reels e Shorts do Suno Not\u00edcias. Anteriormente, trabalhou cobrindo economia e cotidiano no ND+ e para o ND, maior jornal impresso de Santa Catarina. Cursou um semestre letivo de Estudos de M\u00eddia na Universidad de Buenos Aires.\",\"url\":\"https:\/\/www.suno.com.br\/noticias\/author\/eduardo-vargas\/\"}]}<\/script>\n<!-- \/ Yoast SEO plugin. -->","yoast_head_json":{"title":"Presidente da Petrobras (PETR4) \u00e9 remunerado em R$ 116 mil, diz coluna","description":"Essa divulga\u00e7\u00e3o dos n\u00fameros da Petrobras, segundo a coluna, atende \u00e0 pedido do Tribunal de Contas da Uni\u00e3o. Clique e leia mais!","robots":{"index":"index","follow":"follow","max-snippet":"max-snippet:-1","max-image-preview":"max-image-preview:large","max-video-preview":"max-video-preview:-1"},"canonical":"https:\/\/www.suno.com.br\/noticias\/petrobras-petr4-salario-presidente\/","og_locale":"pt_BR","og_type":"article","og_title":"Presidente da Petrobras (PETR4) \u00e9 remunerado em R$ 116 mil, diz coluna","og_description":"Essa divulga\u00e7\u00e3o dos n\u00fameros da Petrobras, segundo a coluna, atende \u00e0 pedido do Tribunal de Contas da Uni\u00e3o. Clique e leia mais!","og_url":"https:\/\/www.suno.com.br\/noticias\/petrobras-petr4-salario-presidente\/","og_site_name":"Suno Not\u00edcias","article_publisher":"https:\/\/facebook.com\/sunoresearch","og_image":[{"width":1280,"height":680,"url":"https:\/\/files.sunoresearch.com.br\/n\/uploads\/2022\/07\/Petrobras.-Creditos-Divulgacao.jpg","type":"image\/jpeg"}],"author":"Eduardo Vargas","twitter_card":"summary_large_image","twitter_creator":"@sunoresearch","twitter_site":"@sunoresearch","twitter_misc":{"Escrito por":"Eduardo Vargas","Est. tempo de leitura":"3 minutos"},"schema":{"@context":"https:\/\/schema.org","@graph":[{"@type":"NewsArticle","@id":"https:\/\/www.suno.com.br\/noticias\/petrobras-petr4-salario-presidente\/#article","isPartOf":{"@id":"https:\/\/www.suno.com.br\/noticias\/petrobras-petr4-salario-presidente\/"},"author":{"name":"Eduardo Vargas","@id":"https:\/\/www.suno.com.br\/noticias\/#\/schema\/person\/7f4d362bf3518e76090143ae77bb49a5"},"headline":"Remunera\u00e7\u00e3o de presidente da Petrobras (PETR4) \u00e9 de R$ 116 mil, diz coluna","datePublished":"2022-08-13T17:50:59+00:00","dateModified":"2022-08-13T18:40:56+00:00","mainEntityOfPage":{"@id":"https:\/\/www.suno.com.br\/noticias\/petrobras-petr4-salario-presidente\/"},"wordCount":501,"publisher":{"@id":"https:\/\/www.suno.com.br\/noticias\/#organization"},"image":{"@id":"https:\/\/www.suno.com.br\/noticias\/petrobras-petr4-salario-presidente\/#primaryimage"},"thumbnailUrl":"https:\/\/files.sunoresearch.com.br\/n\/uploads\/2022\/07\/Petrobras.-Creditos-Divulgacao.jpg","keywords":["Petrobras (PETR4)"],"articleSection":["Neg\u00f3cios"],"inLanguage":"pt-BR"},{"@type":"WebPage","@id":"https:\/\/www.suno.com.br\/noticias\/petrobras-petr4-salario-presidente\/","url":"https:\/\/www.suno.com.br\/noticias\/petrobras-petr4-salario-presidente\/","name":"Presidente da Petrobras (PETR4) \u00e9 remunerado em R$ 116 mil, diz coluna","isPartOf":{"@id":"https:\/\/www.suno.com.br\/noticias\/#website"},"primaryImageOfPage":{"@id":"https:\/\/www.suno.com.br\/noticias\/petrobras-petr4-salario-presidente\/#primaryimage"},"image":{"@id":"https:\/\/www.suno.com.br\/noticias\/petrobras-petr4-salario-presidente\/#primaryimage"},"thumbnailUrl":"https:\/\/files.sunoresearch.com.br\/n\/uploads\/2022\/07\/Petrobras.-Creditos-Divulgacao.jpg","datePublished":"2022-08-13T17:50:59+00:00","dateModified":"2022-08-13T18:40:56+00:00","description":"Essa divulga\u00e7\u00e3o dos n\u00fameros da Petrobras, segundo a coluna, atende \u00e0 pedido do Tribunal de Contas da Uni\u00e3o. Clique e leia mais!","breadcrumb":{"@id":"https:\/\/www.suno.com.br\/noticias\/petrobras-petr4-salario-presidente\/#breadcrumb"},"inLanguage":"pt-BR","potentialAction":[{"@type":"ReadAction","target":["https:\/\/www.suno.com.br\/noticias\/petrobras-petr4-salario-presidente\/"]}]},{"@type":"ImageObject","inLanguage":"pt-BR","@id":"https:\/\/www.suno.com.br\/noticias\/petrobras-petr4-salario-presidente\/#primaryimage","url":"https:\/\/files.sunoresearch.com.br\/n\/uploads\/2022\/07\/Petrobras.-Creditos-Divulgacao.jpg","contentUrl":"https:\/\/files.sunoresearch.com.br\/n\/uploads\/2022\/07\/Petrobras.-Creditos-Divulgacao.jpg","width":1280,"height":680,"caption":"Petrobras (PETR4). Cr\u00e9ditos: Divulga\u00e7\u00e3o"},{"@type":"BreadcrumbList","@id":"https:\/\/www.suno.com.br\/noticias\/petrobras-petr4-salario-presidente\/#breadcrumb","itemListElement":[{"@type":"ListItem","position":1,"name":"Not\u00edcias","item":"https:\/\/www.suno.com.br\/noticias\/"},{"@type":"ListItem","position":2,"name":"Neg\u00f3cios","item":"https:\/\/www.suno.com.br\/noticias\/negocios\/"},{"@type":"ListItem","position":3,"name":"Remunera\u00e7\u00e3o de presidente da Petrobras (PETR4) \u00e9 de R$ 116 mil, diz coluna"}]},{"@type":"WebSite","@id":"https:\/\/www.suno.com.br\/noticias\/#website","url":"https:\/\/www.suno.com.br\/noticias\/","name":"Suno Not\u00edcias","description":"Seu portal de informa\u00e7\u00e3o sobre o mundo dos investimentos","publisher":{"@id":"https:\/\/www.suno.com.br\/noticias\/#organization"},"potentialAction":[{"@type":"SearchAction","target":{"@type":"EntryPoint","urlTemplate":"https:\/\/www.suno.com.br\/noticias\/?s={search_term_string}"},"query-input":{"@type":"PropertyValueSpecification","valueRequired":true,"valueName":"search_term_string"}}],"inLanguage":"pt-BR"},{"@type":"Organization","@id":"https:\/\/www.suno.com.br\/noticias\/#organization","name":"Suno Not\u00edcias","url":"https:\/\/www.suno.com.br\/noticias\/","logo":{"@type":"ImageObject","inLanguage":"pt-BR","@id":"https:\/\/www.suno.com.br\/noticias\/#\/schema\/logo\/image\/","url":"https:\/\/files.sunoresearch.com.br\/n\/uploads\/2021\/09\/suno-logo.png","contentUrl":"https:\/\/files.sunoresearch.com.br\/n\/uploads\/2021\/09\/suno-logo.png","width":180,"height":180,"caption":"Suno Not\u00edcias"},"image":{"@id":"https:\/\/www.suno.com.br\/noticias\/#\/schema\/logo\/image\/"},"sameAs":["https:\/\/facebook.com\/sunoresearch","https:\/\/x.com\/sunoresearch","https:\/\/www.instagram.com\/suno","https:\/\/www.linkedin.com\/company\/suno-research\/","https:\/\/www.youtube.com\/c\/sunoresearch"]},{"@type":"Person","@id":"https:\/\/www.suno.com.br\/noticias\/#\/schema\/person\/7f4d362bf3518e76090143ae77bb49a5","name":"Eduardo Vargas","image":{"@type":"ImageObject","inLanguage":"pt-BR","@id":"https:\/\/www.suno.com.br\/noticias\/#\/schema\/person\/image\/","url":"https:\/\/secure.gravatar.com\/avatar\/dac340933427a22924c9f99d1eb2e3f2?s=96&r=g","contentUrl":"https:\/\/secure.gravatar.com\/avatar\/dac340933427a22924c9f99d1eb2e3f2?s=96&r=g","caption":"Eduardo Vargas"},"description":"Jornalista formado pela UFSC, cobre macroeconomia, neg\u00f3cios e startups para o Suno Not\u00edcias, escrevendo principalmente not\u00edcias sobre o mercado financeiro e a bolsa de valores. No YouTube e no Instagram, \u00e9 respons\u00e1vel pela produ\u00e7\u00e3o de Reels e Shorts do Suno Not\u00edcias. Anteriormente, trabalhou cobrindo economia e cotidiano no ND+ e para o ND, maior jornal impresso de Santa Catarina. Cursou um semestre letivo de Estudos de M\u00eddia na Universidad de Buenos Aires.","url":"https:\/\/www.suno.com.br\/noticias\/author\/eduardo-vargas\/"}]}},"default_loop_html":"<div class=\"cardsPage__listCard__boxs\"><div class=\"cardsPage__listCard__boxs__img\"><a href=\"https:\/\/www.suno.com.br\/noticias\/petrobras-petr4-salario-presidente\/\"><img class=\"mask\" src=\"https:\/\/www.suno.com.br\/noticias\/wp-content\/themes\/suno\/resources\/images\/spotlight\/spotlight1img\/bg-mask.png\" alt=\"Image Mask\"\/><img src=\"https:\/\/files.sunoresearch.com.br\/n\/uploads\/2022\/07\/Petrobras.-Creditos-Divulgacao-400x200.jpg\" alt=\"Remunera\u00e7\u00e3o de presidente da Petrobras (PETR4) \u00e9 de R$ 116 mil, diz coluna\"\/><\/a><span class=\"spotlightCategory\"><a href=\"https:\/\/www.suno.com.br\/noticias\/negocios\/\">Neg\u00f3cios<\/a><\/span><\/div><div class=\"cardsPage__listCard__boxs__content\"><a href=\"https:\/\/www.suno.com.br\/noticias\/petrobras-petr4-salario-presidente\/\"><h2 class=\"content__title\">Remunera\u00e7\u00e3o de presidente da Petrobras (PETR4) \u00e9 de R$ 116 mil, diz coluna<\/h2><\/a><div class=\"newsContent__article__meta\"><div class=\"newsContent__article__meta__authorBox\"><a href=\"https:\/\/www.suno.com.br\/noticias\/author\/eduardo-vargas\/\" class=\"authorBox__avatar noMobi\"><img src=\"https:\/\/secure.gravatar.com\/avatar\/dac340933427a22924c9f99d1eb2e3f2?s=96&#038;r=g\" alt=\"Eduardo Vargas\"><\/a><div class=\"authorBox__name\"><span>por\n\t\t\t<a href=\"https:\/\/www.suno.com.br\/noticias\/author\/eduardo-vargas\/\"><span itemprop=\"author\">Eduardo Vargas<\/span><\/a><\/span><time datetime=\"2022-08-13T14:50:59-03:00\" itemprop=\"datePublished\">13\/08\/2022 14:50<\/time><\/div><\/div><\/div><\/div><\/div>","single_layout":"posts","amp_enabled":true,"_links":{"self":[{"href":"https:\/\/www.suno.com.br\/noticias\/wp-json\/wp\/v2\/posts\/284885"}],"collection":[{"href":"https:\/\/www.suno.com.br\/noticias\/wp-json\/wp\/v2\/posts"}],"about":[{"href":"https:\/\/www.suno.com.br\/noticias\/wp-json\/wp\/v2\/types\/post"}],"author":[{"embeddable":true,"href":"https:\/\/www.suno.com.br\/noticias\/wp-json\/wp\/v2\/users\/73"}],"replies":[{"embeddable":true,"href":"https:\/\/www.suno.com.br\/noticias\/wp-json\/wp\/v2\/comments?post=284885"}],"version-history":[{"count":3,"href":"https:\/\/www.suno.com.br\/noticias\/wp-json\/wp\/v2\/posts\/284885\/revisions"}],"predecessor-version":[{"id":284892,"href":"https:\/\/www.suno.com.br\/noticias\/wp-json\/wp\/v2\/posts\/284885\/revisions\/284892"}],"wp:featuredmedia":[{"embeddable":true,"href":"https:\/\/www.suno.com.br\/noticias\/wp-json\/wp\/v2\/media\/279246"}],"wp:attachment":[{"href":"https:\/\/www.suno.com.br\/noticias\/wp-json\/wp\/v2\/media?parent=284885"}],"wp:term":[{"taxonomy":"category","embeddable":true,"href":"https:\/\/www.suno.com.br\/noticias\/wp-json\/wp\/v2\/categories?post=284885"},{"taxonomy":"post_tag","embeddable":true,"href":"https:\/\/www.suno.com.br\/noticias\/wp-json\/wp\/v2\/tags?post=284885"},{"taxonomy":"suno_strategy","embeddable":true,"href":"https:\/\/www.suno.com.br\/noticias\/wp-json\/wp\/v2\/suno_strategy?post=284885"}],"curies":[{"name":"wp","href":"https:\/\/api.w.org\/{rel}","templated":true}]}}