{"id":284836,"date":"2022-08-13T17:52:28","date_gmt":"2022-08-13T20:52:28","guid":{"rendered":"https:\/\/www.suno.com.br\/noticias\/?p=284836"},"modified":"2022-08-13T17:52:28","modified_gmt":"2022-08-13T20:52:28","slug":"brasileitos-inadimplencia-gasto-alimentacao","status":"publish","type":"post","link":"https:\/\/www.suno.com.br\/noticias\/brasileitos-inadimplencia-gasto-alimentacao\/","title":{"rendered":"Inadimpl\u00eancia sobe por conta de gasto com alimenta\u00e7\u00e3o"},"content":{"rendered":"<p>O n\u00famero de brasileiros na lista de <strong>inadimpl\u00eancia<\/strong> pela falta de pagamento de despesas com comida, entre janeiro e junho, foi a maior em cinco anos. Essa \u00e9 a marca mais elevada desde o primeiro semestre de 2017, quando a Boa Vista, empresa de <a class=\"suno-keyword\" href=\"https:\/\/www.suno.com.br\/artigos\/inteligencia-financeira\/\" target=\"_blank\" rel=\"noopener\" data-force=\"no\" data-priority=\"1\">intelig\u00eancia financeira<\/a> e <a class=\"suno-keyword\" href=\"https:\/\/www.suno.com.br\/artigos\/analise-de-credito\/\" target=\"_blank\" rel=\"noopener\" data-force=\"no\" data-priority=\"1\">an\u00e1lise de cr\u00e9dito<\/a>, come\u00e7ou a coletar essas informa\u00e7\u00f5es.<\/p><div class=\"videoFull \">\n\t\t\t<div class=\"videoWrapper yt-lazyload center\"\n\t\t\t\tdata-width=\"960\"\n\t\t\t\tdata-height=\"540\"\n\t\t\t\tdata-id=\"TJCXBph4AV8\"\n\t\t\t\tdata-alt=\"V\u00eddeo do YouTube - clique para reproduzir\"\n\t\t\t\tdata-logo=\"3\"\n\t\t\t\tdata-imagequality=\"maxres\">\n\t\t\t<\/div>\n\t\t<\/div><script type=\"application\/ld+json\">{\"@context\":\"https:\/\/schema.org\",\"@type\":\"VideoObject\",\"name\":\"IPCA TEM MAIOR DEFLA\u00c7\u00c3O DESDE 1980 | Anitta deixa conselho do Nubank (NUBR33) | Ita\u00fa (ITUB4) sobe\",\"description\":\"Suno Challenge: https:\/\/lp.suno.com.br\/cl\/suno-challenge-2022\/ Confira nossos conte\u00fados sobre ESG: https:\/\/www.suno.com.br\/noticias\/tags\/esg\/ O Ibovespa hoje encerrou o preg\u00e3o de ter\u00e7a-feira (9) em alta de 0,23% aos 108.651,05, ap\u00f3s oscilar entre 107.841,98 e 109.331,29 pontos. O giro ficou em R$ 26,9 bilh\u00f5es, ap\u00f3s ter encostado em R$ 30 bilh\u00f5es ontem. Na semana, sobe 2,05%; no m\u00eas, 5,32%, e no\u2026\",\"duration\":\"PT34M2S\",\"embedUrl\":\"https:\/\/www.youtube.com\/embed\/TJCXBph4AV8\",\"regionsAllowed\":\"pt-BR\",\"interactionStatistic\":{\"@type\":\"InteractionCounter\",\"interactionType\":{\"@type\":\"WatchAction\"},\"userInteractionCount\":4297},\"thumbnailUrl\":\"https:\/\/i.ytimg.com\/vi\/TJCXBph4AV8\/default.jpg\",\"uploadDate\":\"2022-08-09T22:42:34Z\"}<\/script>\n\n\t<p>\n\t\t<a href=\"\" target=\"_blank\" data-element=\"shortcode-suno-banner\" title=\"Banner SUNO, clique e saiba mais\">\n\t\t\t<picture>\n\t\t\t\t<source media=\"(max-width: 500px)\" srcset=\"\">\n\t\t\t\t<img class=\"newsContent__article__imgCapa newsContent__article__imgCapa--banner\"\n\t\t\t\t\tsrc=\"\"\n\t\t\t\t\tdata-promo-id=\"240038\"\t\t\t\t\t\t\t\t\t\t\t\t\t\t\talt=\"\"\n\t\t\t\t>\n\t\t\t<\/picture>\n\t\t<\/a>\n\t<\/p>\n\n\n<p>Ao longo do primeiro semestre, foram consultados eletronicamente 1.500 inadimplentes, a fim de tra\u00e7ar o perfil desses consumidores.<\/p>\n<p>A disparada da infla\u00e7\u00e3o e a queda na renda explicam a entrada de devedores para lista do calote pelo n\u00e3o pagamento da fatura de um item b\u00e1sico.<\/p>\n<p>No primeiro semestre, 18% das pessoas em situa\u00e7\u00e3o de inadimpl\u00eancia deixaram de quitar <strong>despesas com alimenta\u00e7\u00e3o<\/strong> e, por isso, foram parar na rela\u00e7\u00e3o dos CPFs (Cadastro de <a class=\"suno-keyword\" href=\"https:\/\/www.suno.com.br\/artigos\/pessoa-fisica\/\" target=\"_blank\" rel=\"noopener\" data-force=\"no\" data-priority=\"1\">Pessoa F\u00edsica<\/a>) com restri\u00e7\u00e3o.<\/p>\n<p>Contas diversas n\u00e3o pagas, que incluem as de educa\u00e7\u00e3o, sa\u00fade, impostos, taxas e lazer, ainda t\u00eam sido apontadas como as despesas que t\u00eam levado a maioria dos consumidores (23%) \u00e0 inadimpl\u00eancia.<\/p>\n<p>No entanto, desde o segundo semestre do ano passado, a parcela dos que n\u00e3o conseguiram honrar o pagamento de alimentos chama aten\u00e7\u00e3o.<\/p>\n<p>&#8220;<a class=\"suno-keyword\" href=\"https:\/\/www.suno.com.br\/artigos\/instituicoes-financeiras\/\" target=\"_blank\" rel=\"noopener\" data-force=\"no\" data-priority=\"1\">Institui\u00e7\u00f5es financeiras<\/a> nos relatam que o pessoal est\u00e1 pegando dinheiro (cr\u00e9dito) para pagar contas do mercado, do dia a dia&#8221;, diz o economista da Boa Vista, Fl\u00e1vio Calife.<\/p>\n<p>Nos \u00faltimos 12 meses at\u00e9 julho, a <strong>infla\u00e7\u00e3o<\/strong> do grupo alimenta\u00e7\u00e3o e bebidas acumula 14,72%, de acordo com o \u00cdndice de Pre\u00e7os ao Consumidor Amplo (IPCA), a infla\u00e7\u00e3o oficial apurada pelo<a href=\"https:\/\/www.ibge.gov.br\/\"> Instituto Brasileiro de Geografia e Estat\u00edstica (IBGE)<\/a>.<\/p>\n<p>\u00c9 um resultado que supera a varia\u00e7\u00e3o do indicador como um todo no per\u00edodo, que foi de 10,07%.<\/p>\n<p>Depois do <strong>desemprego<\/strong>, historicamente o principal motivo para inadimpl\u00eancia, apontado por 28% dos entrevistados no primeiro semestre, est\u00e1 a diminui\u00e7\u00e3o da renda, com 24%.<\/p>\n<p>Do segundo semestre do ano passado para o primeiro deste ano, a parcela que apontou esse motivo para o n\u00e3o pagamento de contas subiu 3 pontos porcentuais. &#8220;\u00c9, sem d\u00favida, um fato de um ano para c\u00e1&#8221;, diz o economista.<\/p>\n\t<p>\n\t\t<a href=\"https:\/\/lp.suno.com.br\/planilha-controle-gastos\/\" target=\"_blank\" data-element=\"shortcode-suno-banner\" title=\"Banner SUNO, clique e saiba mais\">\n\t\t\t<picture>\n\t\t\t\t<source media=\"(max-width: 500px)\" srcset=\"https:\/\/files.sunoresearch.com.br\/n\/uploads\/2023\/03\/400x300-Planilha-controle-de-gastos.png\">\n\t\t\t\t<img class=\"newsContent__article__imgCapa newsContent__article__imgCapa--banner\"\n\t\t\t\t\tsrc=\"https:\/\/files.sunoresearch.com.br\/n\/uploads\/2023\/03\/1420x240-Planilha-controle-de-gastos.png\"\n\t\t\t\t\tdata-promo-id=\"101751\"\t\t\t\t\t\t\t\t\t\twidth='1420' height='240'\t\t\t\t\talt=\"https:\/\/files.sunoresearch.com.br\/n\/uploads\/2023\/03\/1420x240-Planilha-controle-de-gastos.png\"\n\t\t\t\t>\n\t\t\t<\/picture>\n\t\t<\/a>\n\t<\/p>\n\n\n<h2>Inadimpl\u00eancia Cr\u00f4nica<\/h2>\n<p>A percep\u00e7\u00e3o dos entrevistados \u00e9 de que o quadro do <strong>endividamento<\/strong> pessoal piorou muito.<\/p>\n<p>Do segundo semestre do ano passado para o primeiro deste ano, a parcela de consumidores que se considera muito endividada subiu de 32% para 37%, a maior marca desde 2019, quando esse resultado atingiu 39%.<\/p>\n<p>Na semana passada, o <a class=\"suno-keyword\" href=\"https:\/\/www.suno.com.br\/artigos\/copom\/\" target=\"_blank\" rel=\"noopener\" data-force=\"no\" data-priority=\"2\">Comit\u00ea de Pol\u00edtica Monet\u00e1ria (Copom)<\/a> do Banco Central elevou para 13,75% a taxa de juros b\u00e1sica da economia, a Selic. Foi a 12\u00aa alta consecutiva na tentativa de segurar a infla\u00e7\u00e3o.<\/p>\n<p>Tamb\u00e9m sinalizou que poder\u00e1 fazer nova eleva\u00e7\u00e3o da Selic na pr\u00f3xima reuni\u00e3o, marcada para setembro.<\/p>\n<p>Com juros e infla\u00e7\u00e3o ainda em alta e atividade fraca, a perspectiva, segundo o economista da Boa Vista, \u00e9 de que a <strong>inadimpl\u00eancia<\/strong> continue crescendo nos pr\u00f3ximos meses at\u00e9 o ano que vem.\u00a0&#8220;Juros altos contribuem para piora da inadimpl\u00eancia&#8221;, diz Calife. Dados da Boa Vista, mostram que o calote encerrou o primeiro semestre deste ano com alta de 12,3% e em 12 meses at\u00e9 junho o avan\u00e7o foi de 7,5%.<\/p>\n<p class=\"newsProviderSignature\">Com informa\u00e7\u00f5es do Estad\u00e3o Conte\u00fado<\/p>\n\t<p>\n\t\t<a href=\"https:\/\/lp.suno.com.br\/planilha-da-vida-financeira\/\" target=\"_blank\" data-element=\"shortcode-suno-banner\" title=\"Banner SUNO, clique e saiba mais\">\n\t\t\t<picture>\n\t\t\t\t<source media=\"(max-width: 500px)\" srcset=\"https:\/\/files.sunoresearch.com.br\/n\/uploads\/2023\/04\/400x300-Planilha-vida-financeira-true.png\">\n\t\t\t\t<img class=\"newsContent__article__imgCapa newsContent__article__imgCapa--banner\"\n\t\t\t\t\tsrc=\"https:\/\/files.sunoresearch.com.br\/n\/uploads\/2023\/04\/1420x240-Planilha-vida-financeira-true.png\"\n\t\t\t\t\tdata-promo-id=\"106682\"\t\t\t\t\t\t\t\t\t\twidth='1420' height='240'\t\t\t\t\talt=\"https:\/\/files.sunoresearch.com.br\/n\/uploads\/2023\/04\/1420x240-Planilha-vida-financeira-true.png\"\n\t\t\t\t>\n\t\t\t<\/picture>\n\t\t<\/a>\n\t<\/p>\n\n\n","protected":false},"excerpt":{"rendered":"<p>O n\u00famero de brasileiros na lista de inadimpl\u00eancia pela falta de pagamento de despesas com comida, entre janeiro e junho, foi a maior em cinco anos. Essa \u00e9 a marca mais elevada desde o primeiro semestre de 2017, quando a Boa Vista, empresa de intelig\u00eancia financeira e an\u00e1lise de cr\u00e9dito, come\u00e7ou a coletar essas informa\u00e7\u00f5es. [&hellip;]<\/p>\n","protected":false},"author":73,"featured_media":234586,"comment_status":"closed","ping_status":"closed","sticky":false,"template":"","format":"standard","meta":[],"categories":[62],"tags":[106444,837],"suno_strategy":[],"class_list":["post-284836","post","type-post","status-publish","format-standard","has-post-thumbnail","hentry","category-economia","tag-agencias","tag-inadimplencia"],"yoast_head":"<!-- This site is optimized with the Yoast SEO plugin v24.4 - https:\/\/yoast.com\/wordpress\/plugins\/seo\/ -->\n<title>Inadimpl\u00eancia sobe por conta de gasto com alimenta\u00e7\u00e3o<\/title>\n<meta name=\"description\" content=\"Economista da Boa Vista cita que a inadimpl\u00eancia deve crescer nos pr\u00f3ximos meses at\u00e9 o ano que vem. Clique e confira!\" \/>\n<meta name=\"robots\" content=\"index, follow, max-snippet:-1, max-image-preview:large, max-video-preview:-1\" \/>\n<link rel=\"canonical\" href=\"https:\/\/www.suno.com.br\/noticias\/brasileitos-inadimplencia-gasto-alimentacao\/\" \/>\n<meta property=\"og:locale\" content=\"pt_BR\" \/>\n<meta property=\"og:type\" content=\"article\" \/>\n<meta property=\"og:title\" content=\"Inadimpl\u00eancia sobe por conta de gasto com alimenta\u00e7\u00e3o\" \/>\n<meta property=\"og:description\" content=\"Economista da Boa Vista cita que a inadimpl\u00eancia deve crescer nos pr\u00f3ximos meses at\u00e9 o ano que vem. Clique e confira!\" \/>\n<meta property=\"og:url\" content=\"https:\/\/www.suno.com.br\/noticias\/brasileitos-inadimplencia-gasto-alimentacao\/\" \/>\n<meta property=\"og:site_name\" content=\"Suno Not\u00edcias\" \/>\n<meta property=\"article:publisher\" content=\"https:\/\/facebook.com\/sunoresearch\" \/>\n<meta property=\"og:image\" content=\"https:\/\/files.sunoresearch.com.br\/n\/uploads\/2022\/02\/victoriano-izquierdo-CQxN5GSpWQY-unsplash-scaled.jpg\" \/>\n\t<meta property=\"og:image:width\" content=\"2560\" \/>\n\t<meta property=\"og:image:height\" content=\"1707\" \/>\n\t<meta property=\"og:image:type\" content=\"image\/jpeg\" \/>\n<meta name=\"author\" content=\"Eduardo Vargas\" \/>\n<meta name=\"twitter:card\" content=\"summary_large_image\" \/>\n<meta name=\"twitter:creator\" content=\"@sunoresearch\" \/>\n<meta name=\"twitter:site\" content=\"@sunoresearch\" \/>\n<meta name=\"twitter:label1\" content=\"Escrito por\" \/>\n\t<meta name=\"twitter:data1\" content=\"Eduardo Vargas\" \/>\n\t<meta name=\"twitter:label2\" content=\"Est. tempo de leitura\" \/>\n\t<meta name=\"twitter:data2\" content=\"3 minutos\" \/>\n<script type=\"application\/ld+json\" class=\"yoast-schema-graph\">{\"@context\":\"https:\/\/schema.org\",\"@graph\":[{\"@type\":\"NewsArticle\",\"@id\":\"https:\/\/www.suno.com.br\/noticias\/brasileitos-inadimplencia-gasto-alimentacao\/#article\",\"isPartOf\":{\"@id\":\"https:\/\/www.suno.com.br\/noticias\/brasileitos-inadimplencia-gasto-alimentacao\/\"},\"author\":{\"name\":\"Eduardo Vargas\",\"@id\":\"https:\/\/www.suno.com.br\/noticias\/#\/schema\/person\/7f4d362bf3518e76090143ae77bb49a5\"},\"headline\":\"Inadimpl\u00eancia sobe por conta de gasto com alimenta\u00e7\u00e3o\",\"datePublished\":\"2022-08-13T20:52:28+00:00\",\"mainEntityOfPage\":{\"@id\":\"https:\/\/www.suno.com.br\/noticias\/brasileitos-inadimplencia-gasto-alimentacao\/\"},\"wordCount\":561,\"publisher\":{\"@id\":\"https:\/\/www.suno.com.br\/noticias\/#organization\"},\"image\":{\"@id\":\"https:\/\/www.suno.com.br\/noticias\/brasileitos-inadimplencia-gasto-alimentacao\/#primaryimage\"},\"thumbnailUrl\":\"https:\/\/files.sunoresearch.com.br\/n\/uploads\/2022\/02\/victoriano-izquierdo-CQxN5GSpWQY-unsplash-scaled.jpg\",\"keywords\":[\"Ag\u00eancias\",\"Inadimpl\u00eancia\"],\"articleSection\":[\"Economia\"],\"inLanguage\":\"pt-BR\"},{\"@type\":\"WebPage\",\"@id\":\"https:\/\/www.suno.com.br\/noticias\/brasileitos-inadimplencia-gasto-alimentacao\/\",\"url\":\"https:\/\/www.suno.com.br\/noticias\/brasileitos-inadimplencia-gasto-alimentacao\/\",\"name\":\"Inadimpl\u00eancia sobe por conta de gasto com alimenta\u00e7\u00e3o\",\"isPartOf\":{\"@id\":\"https:\/\/www.suno.com.br\/noticias\/#website\"},\"primaryImageOfPage\":{\"@id\":\"https:\/\/www.suno.com.br\/noticias\/brasileitos-inadimplencia-gasto-alimentacao\/#primaryimage\"},\"image\":{\"@id\":\"https:\/\/www.suno.com.br\/noticias\/brasileitos-inadimplencia-gasto-alimentacao\/#primaryimage\"},\"thumbnailUrl\":\"https:\/\/files.sunoresearch.com.br\/n\/uploads\/2022\/02\/victoriano-izquierdo-CQxN5GSpWQY-unsplash-scaled.jpg\",\"datePublished\":\"2022-08-13T20:52:28+00:00\",\"description\":\"Economista da Boa Vista cita que a inadimpl\u00eancia deve crescer nos pr\u00f3ximos meses at\u00e9 o ano que vem. Clique e confira!\",\"breadcrumb\":{\"@id\":\"https:\/\/www.suno.com.br\/noticias\/brasileitos-inadimplencia-gasto-alimentacao\/#breadcrumb\"},\"inLanguage\":\"pt-BR\",\"potentialAction\":[{\"@type\":\"ReadAction\",\"target\":[\"https:\/\/www.suno.com.br\/noticias\/brasileitos-inadimplencia-gasto-alimentacao\/\"]}]},{\"@type\":\"ImageObject\",\"inLanguage\":\"pt-BR\",\"@id\":\"https:\/\/www.suno.com.br\/noticias\/brasileitos-inadimplencia-gasto-alimentacao\/#primaryimage\",\"url\":\"https:\/\/files.sunoresearch.com.br\/n\/uploads\/2022\/02\/victoriano-izquierdo-CQxN5GSpWQY-unsplash-scaled.jpg\",\"contentUrl\":\"https:\/\/files.sunoresearch.com.br\/n\/uploads\/2022\/02\/victoriano-izquierdo-CQxN5GSpWQY-unsplash-scaled.jpg\",\"width\":2560,\"height\":1707,\"caption\":\"IBGE divulgou IPCA de setembro - Foto: Unsplash\"},{\"@type\":\"BreadcrumbList\",\"@id\":\"https:\/\/www.suno.com.br\/noticias\/brasileitos-inadimplencia-gasto-alimentacao\/#breadcrumb\",\"itemListElement\":[{\"@type\":\"ListItem\",\"position\":1,\"name\":\"Not\u00edcias\",\"item\":\"https:\/\/www.suno.com.br\/noticias\/\"},{\"@type\":\"ListItem\",\"position\":2,\"name\":\"Economia\",\"item\":\"https:\/\/www.suno.com.br\/noticias\/economia\/\"},{\"@type\":\"ListItem\",\"position\":3,\"name\":\"Inadimpl\u00eancia sobe por conta de gasto com alimenta\u00e7\u00e3o\"}]},{\"@type\":\"WebSite\",\"@id\":\"https:\/\/www.suno.com.br\/noticias\/#website\",\"url\":\"https:\/\/www.suno.com.br\/noticias\/\",\"name\":\"Suno Not\u00edcias\",\"description\":\"Seu portal de informa\u00e7\u00e3o sobre o mundo dos investimentos\",\"publisher\":{\"@id\":\"https:\/\/www.suno.com.br\/noticias\/#organization\"},\"potentialAction\":[{\"@type\":\"SearchAction\",\"target\":{\"@type\":\"EntryPoint\",\"urlTemplate\":\"https:\/\/www.suno.com.br\/noticias\/?s={search_term_string}\"},\"query-input\":{\"@type\":\"PropertyValueSpecification\",\"valueRequired\":true,\"valueName\":\"search_term_string\"}}],\"inLanguage\":\"pt-BR\"},{\"@type\":\"Organization\",\"@id\":\"https:\/\/www.suno.com.br\/noticias\/#organization\",\"name\":\"Suno Not\u00edcias\",\"url\":\"https:\/\/www.suno.com.br\/noticias\/\",\"logo\":{\"@type\":\"ImageObject\",\"inLanguage\":\"pt-BR\",\"@id\":\"https:\/\/www.suno.com.br\/noticias\/#\/schema\/logo\/image\/\",\"url\":\"https:\/\/files.sunoresearch.com.br\/n\/uploads\/2021\/09\/suno-logo.png\",\"contentUrl\":\"https:\/\/files.sunoresearch.com.br\/n\/uploads\/2021\/09\/suno-logo.png\",\"width\":180,\"height\":180,\"caption\":\"Suno Not\u00edcias\"},\"image\":{\"@id\":\"https:\/\/www.suno.com.br\/noticias\/#\/schema\/logo\/image\/\"},\"sameAs\":[\"https:\/\/facebook.com\/sunoresearch\",\"https:\/\/x.com\/sunoresearch\",\"https:\/\/www.instagram.com\/suno\",\"https:\/\/www.linkedin.com\/company\/suno-research\/\",\"https:\/\/www.youtube.com\/c\/sunoresearch\"]},{\"@type\":\"Person\",\"@id\":\"https:\/\/www.suno.com.br\/noticias\/#\/schema\/person\/7f4d362bf3518e76090143ae77bb49a5\",\"name\":\"Eduardo Vargas\",\"image\":{\"@type\":\"ImageObject\",\"inLanguage\":\"pt-BR\",\"@id\":\"https:\/\/www.suno.com.br\/noticias\/#\/schema\/person\/image\/\",\"url\":\"https:\/\/secure.gravatar.com\/avatar\/dac340933427a22924c9f99d1eb2e3f2?s=96&r=g\",\"contentUrl\":\"https:\/\/secure.gravatar.com\/avatar\/dac340933427a22924c9f99d1eb2e3f2?s=96&r=g\",\"caption\":\"Eduardo Vargas\"},\"description\":\"Jornalista formado pela UFSC, cobre macroeconomia, neg\u00f3cios e startups para o Suno Not\u00edcias, escrevendo principalmente not\u00edcias sobre o mercado financeiro e a bolsa de valores. No YouTube e no Instagram, \u00e9 respons\u00e1vel pela produ\u00e7\u00e3o de Reels e Shorts do Suno Not\u00edcias. Anteriormente, trabalhou cobrindo economia e cotidiano no ND+ e para o ND, maior jornal impresso de Santa Catarina. Cursou um semestre letivo de Estudos de M\u00eddia na Universidad de Buenos Aires.\",\"url\":\"https:\/\/www.suno.com.br\/noticias\/author\/eduardo-vargas\/\"}]}<\/script>\n<!-- \/ Yoast SEO plugin. -->","yoast_head_json":{"title":"Inadimpl\u00eancia sobe por conta de gasto com alimenta\u00e7\u00e3o","description":"Economista da Boa Vista cita que a inadimpl\u00eancia deve crescer nos pr\u00f3ximos meses at\u00e9 o ano que vem. Clique e confira!","robots":{"index":"index","follow":"follow","max-snippet":"max-snippet:-1","max-image-preview":"max-image-preview:large","max-video-preview":"max-video-preview:-1"},"canonical":"https:\/\/www.suno.com.br\/noticias\/brasileitos-inadimplencia-gasto-alimentacao\/","og_locale":"pt_BR","og_type":"article","og_title":"Inadimpl\u00eancia sobe por conta de gasto com alimenta\u00e7\u00e3o","og_description":"Economista da Boa Vista cita que a inadimpl\u00eancia deve crescer nos pr\u00f3ximos meses at\u00e9 o ano que vem. Clique e confira!","og_url":"https:\/\/www.suno.com.br\/noticias\/brasileitos-inadimplencia-gasto-alimentacao\/","og_site_name":"Suno Not\u00edcias","article_publisher":"https:\/\/facebook.com\/sunoresearch","og_image":[{"width":2560,"height":1707,"url":"https:\/\/files.sunoresearch.com.br\/n\/uploads\/2022\/02\/victoriano-izquierdo-CQxN5GSpWQY-unsplash-scaled.jpg","type":"image\/jpeg"}],"author":"Eduardo Vargas","twitter_card":"summary_large_image","twitter_creator":"@sunoresearch","twitter_site":"@sunoresearch","twitter_misc":{"Escrito por":"Eduardo Vargas","Est. tempo de leitura":"3 minutos"},"schema":{"@context":"https:\/\/schema.org","@graph":[{"@type":"NewsArticle","@id":"https:\/\/www.suno.com.br\/noticias\/brasileitos-inadimplencia-gasto-alimentacao\/#article","isPartOf":{"@id":"https:\/\/www.suno.com.br\/noticias\/brasileitos-inadimplencia-gasto-alimentacao\/"},"author":{"name":"Eduardo Vargas","@id":"https:\/\/www.suno.com.br\/noticias\/#\/schema\/person\/7f4d362bf3518e76090143ae77bb49a5"},"headline":"Inadimpl\u00eancia sobe por conta de gasto com alimenta\u00e7\u00e3o","datePublished":"2022-08-13T20:52:28+00:00","mainEntityOfPage":{"@id":"https:\/\/www.suno.com.br\/noticias\/brasileitos-inadimplencia-gasto-alimentacao\/"},"wordCount":561,"publisher":{"@id":"https:\/\/www.suno.com.br\/noticias\/#organization"},"image":{"@id":"https:\/\/www.suno.com.br\/noticias\/brasileitos-inadimplencia-gasto-alimentacao\/#primaryimage"},"thumbnailUrl":"https:\/\/files.sunoresearch.com.br\/n\/uploads\/2022\/02\/victoriano-izquierdo-CQxN5GSpWQY-unsplash-scaled.jpg","keywords":["Ag\u00eancias","Inadimpl\u00eancia"],"articleSection":["Economia"],"inLanguage":"pt-BR"},{"@type":"WebPage","@id":"https:\/\/www.suno.com.br\/noticias\/brasileitos-inadimplencia-gasto-alimentacao\/","url":"https:\/\/www.suno.com.br\/noticias\/brasileitos-inadimplencia-gasto-alimentacao\/","name":"Inadimpl\u00eancia sobe por conta de gasto com alimenta\u00e7\u00e3o","isPartOf":{"@id":"https:\/\/www.suno.com.br\/noticias\/#website"},"primaryImageOfPage":{"@id":"https:\/\/www.suno.com.br\/noticias\/brasileitos-inadimplencia-gasto-alimentacao\/#primaryimage"},"image":{"@id":"https:\/\/www.suno.com.br\/noticias\/brasileitos-inadimplencia-gasto-alimentacao\/#primaryimage"},"thumbnailUrl":"https:\/\/files.sunoresearch.com.br\/n\/uploads\/2022\/02\/victoriano-izquierdo-CQxN5GSpWQY-unsplash-scaled.jpg","datePublished":"2022-08-13T20:52:28+00:00","description":"Economista da Boa Vista cita que a inadimpl\u00eancia deve crescer nos pr\u00f3ximos meses at\u00e9 o ano que vem. Clique e confira!","breadcrumb":{"@id":"https:\/\/www.suno.com.br\/noticias\/brasileitos-inadimplencia-gasto-alimentacao\/#breadcrumb"},"inLanguage":"pt-BR","potentialAction":[{"@type":"ReadAction","target":["https:\/\/www.suno.com.br\/noticias\/brasileitos-inadimplencia-gasto-alimentacao\/"]}]},{"@type":"ImageObject","inLanguage":"pt-BR","@id":"https:\/\/www.suno.com.br\/noticias\/brasileitos-inadimplencia-gasto-alimentacao\/#primaryimage","url":"https:\/\/files.sunoresearch.com.br\/n\/uploads\/2022\/02\/victoriano-izquierdo-CQxN5GSpWQY-unsplash-scaled.jpg","contentUrl":"https:\/\/files.sunoresearch.com.br\/n\/uploads\/2022\/02\/victoriano-izquierdo-CQxN5GSpWQY-unsplash-scaled.jpg","width":2560,"height":1707,"caption":"IBGE divulgou IPCA de setembro - Foto: Unsplash"},{"@type":"BreadcrumbList","@id":"https:\/\/www.suno.com.br\/noticias\/brasileitos-inadimplencia-gasto-alimentacao\/#breadcrumb","itemListElement":[{"@type":"ListItem","position":1,"name":"Not\u00edcias","item":"https:\/\/www.suno.com.br\/noticias\/"},{"@type":"ListItem","position":2,"name":"Economia","item":"https:\/\/www.suno.com.br\/noticias\/economia\/"},{"@type":"ListItem","position":3,"name":"Inadimpl\u00eancia sobe por conta de gasto com alimenta\u00e7\u00e3o"}]},{"@type":"WebSite","@id":"https:\/\/www.suno.com.br\/noticias\/#website","url":"https:\/\/www.suno.com.br\/noticias\/","name":"Suno Not\u00edcias","description":"Seu portal de informa\u00e7\u00e3o sobre o mundo dos investimentos","publisher":{"@id":"https:\/\/www.suno.com.br\/noticias\/#organization"},"potentialAction":[{"@type":"SearchAction","target":{"@type":"EntryPoint","urlTemplate":"https:\/\/www.suno.com.br\/noticias\/?s={search_term_string}"},"query-input":{"@type":"PropertyValueSpecification","valueRequired":true,"valueName":"search_term_string"}}],"inLanguage":"pt-BR"},{"@type":"Organization","@id":"https:\/\/www.suno.com.br\/noticias\/#organization","name":"Suno Not\u00edcias","url":"https:\/\/www.suno.com.br\/noticias\/","logo":{"@type":"ImageObject","inLanguage":"pt-BR","@id":"https:\/\/www.suno.com.br\/noticias\/#\/schema\/logo\/image\/","url":"https:\/\/files.sunoresearch.com.br\/n\/uploads\/2021\/09\/suno-logo.png","contentUrl":"https:\/\/files.sunoresearch.com.br\/n\/uploads\/2021\/09\/suno-logo.png","width":180,"height":180,"caption":"Suno Not\u00edcias"},"image":{"@id":"https:\/\/www.suno.com.br\/noticias\/#\/schema\/logo\/image\/"},"sameAs":["https:\/\/facebook.com\/sunoresearch","https:\/\/x.com\/sunoresearch","https:\/\/www.instagram.com\/suno","https:\/\/www.linkedin.com\/company\/suno-research\/","https:\/\/www.youtube.com\/c\/sunoresearch"]},{"@type":"Person","@id":"https:\/\/www.suno.com.br\/noticias\/#\/schema\/person\/7f4d362bf3518e76090143ae77bb49a5","name":"Eduardo Vargas","image":{"@type":"ImageObject","inLanguage":"pt-BR","@id":"https:\/\/www.suno.com.br\/noticias\/#\/schema\/person\/image\/","url":"https:\/\/secure.gravatar.com\/avatar\/dac340933427a22924c9f99d1eb2e3f2?s=96&r=g","contentUrl":"https:\/\/secure.gravatar.com\/avatar\/dac340933427a22924c9f99d1eb2e3f2?s=96&r=g","caption":"Eduardo Vargas"},"description":"Jornalista formado pela UFSC, cobre macroeconomia, neg\u00f3cios e startups para o Suno Not\u00edcias, escrevendo principalmente not\u00edcias sobre o mercado financeiro e a bolsa de valores. No YouTube e no Instagram, \u00e9 respons\u00e1vel pela produ\u00e7\u00e3o de Reels e Shorts do Suno Not\u00edcias. Anteriormente, trabalhou cobrindo economia e cotidiano no ND+ e para o ND, maior jornal impresso de Santa Catarina. Cursou um semestre letivo de Estudos de M\u00eddia na Universidad de Buenos Aires.","url":"https:\/\/www.suno.com.br\/noticias\/author\/eduardo-vargas\/"}]}},"default_loop_html":"<div class=\"cardsPage__listCard__boxs\"><div class=\"cardsPage__listCard__boxs__img\"><a href=\"https:\/\/www.suno.com.br\/noticias\/brasileitos-inadimplencia-gasto-alimentacao\/\"><img class=\"mask\" src=\"https:\/\/www.suno.com.br\/noticias\/wp-content\/themes\/suno\/resources\/images\/spotlight\/spotlight1img\/bg-mask.png\" alt=\"Image Mask\"\/><img src=\"https:\/\/files.sunoresearch.com.br\/n\/uploads\/2022\/02\/victoriano-izquierdo-CQxN5GSpWQY-unsplash-400x200.jpg\" alt=\"Inadimpl\u00eancia sobe por conta de gasto com alimenta\u00e7\u00e3o\"\/><\/a><span class=\"spotlightCategory\"><a href=\"https:\/\/www.suno.com.br\/noticias\/economia\/\">Economia<\/a><\/span><\/div><div class=\"cardsPage__listCard__boxs__content\"><a href=\"https:\/\/www.suno.com.br\/noticias\/brasileitos-inadimplencia-gasto-alimentacao\/\"><h2 class=\"content__title\">Inadimpl\u00eancia sobe por conta de gasto com alimenta\u00e7\u00e3o<\/h2><\/a><div class=\"newsContent__article__meta\"><div class=\"newsContent__article__meta__authorBox\"><a href=\"https:\/\/www.suno.com.br\/noticias\/author\/eduardo-vargas\/\" class=\"authorBox__avatar noMobi\"><img src=\"https:\/\/secure.gravatar.com\/avatar\/dac340933427a22924c9f99d1eb2e3f2?s=96&#038;r=g\" alt=\"Eduardo Vargas\"><\/a><div class=\"authorBox__name\"><span>por\n\t\t\t<a href=\"https:\/\/www.suno.com.br\/noticias\/author\/eduardo-vargas\/\"><span itemprop=\"author\">Eduardo Vargas<\/span><\/a><\/span><time datetime=\"2022-08-13T17:52:28-03:00\" itemprop=\"datePublished\">13\/08\/2022 17:52<\/time><\/div><\/div><\/div><\/div><\/div>","single_layout":"posts","amp_enabled":true,"_links":{"self":[{"href":"https:\/\/www.suno.com.br\/noticias\/wp-json\/wp\/v2\/posts\/284836"}],"collection":[{"href":"https:\/\/www.suno.com.br\/noticias\/wp-json\/wp\/v2\/posts"}],"about":[{"href":"https:\/\/www.suno.com.br\/noticias\/wp-json\/wp\/v2\/types\/post"}],"author":[{"embeddable":true,"href":"https:\/\/www.suno.com.br\/noticias\/wp-json\/wp\/v2\/users\/73"}],"replies":[{"embeddable":true,"href":"https:\/\/www.suno.com.br\/noticias\/wp-json\/wp\/v2\/comments?post=284836"}],"version-history":[{"count":2,"href":"https:\/\/www.suno.com.br\/noticias\/wp-json\/wp\/v2\/posts\/284836\/revisions"}],"predecessor-version":[{"id":284937,"href":"https:\/\/www.suno.com.br\/noticias\/wp-json\/wp\/v2\/posts\/284836\/revisions\/284937"}],"wp:featuredmedia":[{"embeddable":true,"href":"https:\/\/www.suno.com.br\/noticias\/wp-json\/wp\/v2\/media\/234586"}],"wp:attachment":[{"href":"https:\/\/www.suno.com.br\/noticias\/wp-json\/wp\/v2\/media?parent=284836"}],"wp:term":[{"taxonomy":"category","embeddable":true,"href":"https:\/\/www.suno.com.br\/noticias\/wp-json\/wp\/v2\/categories?post=284836"},{"taxonomy":"post_tag","embeddable":true,"href":"https:\/\/www.suno.com.br\/noticias\/wp-json\/wp\/v2\/tags?post=284836"},{"taxonomy":"suno_strategy","embeddable":true,"href":"https:\/\/www.suno.com.br\/noticias\/wp-json\/wp\/v2\/suno_strategy?post=284836"}],"curies":[{"name":"wp","href":"https:\/\/api.w.org\/{rel}","templated":true}]}}