{"id":28464,"date":"2019-06-18T09:57:37","date_gmt":"2019-06-18T12:57:37","guid":{"rendered":"https:\/\/www.suno.com.br\/noticias\/?p=28464"},"modified":"2019-06-18T20:29:46","modified_gmt":"2019-06-18T23:29:46","slug":"odebrecht-justica-defere-recuperacao-judicial","status":"publish","type":"post","link":"https:\/\/www.suno.com.br\/noticias\/odebrecht-justica-defere-recuperacao-judicial\/","title":{"rendered":"Odebrecht: Justi\u00e7a de S\u00e3o Paulo defere pedido de recupera\u00e7\u00e3o judicial"},"content":{"rendered":"<p>A <strong>recupera\u00e7\u00e3o<\/strong> <strong>judicial<\/strong> da Odebrecht foi deferida pela 1\u00aa Vara de Fal\u00eancias e Recupera\u00e7\u00f5es Judiciais de S\u00e3o Paulo nesta ter\u00e7a-feira (18). Esta \u00e9 a maior recupera\u00e7\u00e3o judicial da hist\u00f3ria do Brasil, j\u00e1 que a d\u00edvida da empresa alcan\u00e7a os R$ 98,5 bilh\u00f5es.<\/p>\t<div class=\"wrapper-featured-image\">\n\t\t<figure class=\"spotlightImg\">\n\n\t\t\t<picture>\n\t\t\t\t<source media=\"(max-width: 768px)\" srcset=\"https:\/\/files.sunoresearch.com.br\/n\/uploads\/2019\/02\/d774fdb7-odebrecht-400x200.webp\">\n\t\t\t\t<img loading=\"lazy\" decoding=\"async\" class=\"newsContent__article__imgCapa lazyloadDisabled newsContent__article__imgCapa--noCaption\" src=\"https:\/\/files.sunoresearch.com.br\/n\/uploads\/2019\/02\/d774fdb7-odebrecht-jpg.webp\" width=\"800\" height=\"450\" alt=\"Odebrecht: Justi\u00e7a de S\u00e3o Paulo defere pedido de recupera\u00e7\u00e3o judicial\" fetchpriority=high \/>\n\t\t\t<\/picture>\n\n\t\t\t<figcaption class=\"wp-caption-text wp-caption-text--hide\">Lava Jato<\/figcaption>\n\t\t<\/figure>\n\t<\/div>\n\n\n<p>O pedido dos advogados da <strong>Odebrecht<\/strong> foi aceito pelo juiz da 1\u00aa Vara Jo\u00e3o Rodrigues e deve proteger a participa\u00e7\u00e3o da empreiteira na\u00a0<strong>Braskem<\/strong>, <strong>Atvos<\/strong> e <strong>Ocyane<\/strong>, durante a recupera\u00e7\u00e3o.<\/p>\n\t<p>\n\t\t<a href=\"https:\/\/lp2.suno.com.br\/onde-investir-2026?utm_campaign=_SNC094D2575_rs.ein26&#038;utm_source=suno.com.br&#038;utm_medium=banner.noticias\" target=\"_blank\" data-element=\"shortcode-suno-banner\" title=\"Banner SUNO, clique e saiba mais\">\n\t\t\t<picture>\n\t\t\t\t<source media=\"(max-width: 500px)\" srcset=\"https:\/\/files.sunoresearch.com.br\/n\/uploads\/2026\/01\/Banner-Materias-01-Mbl_-400x300-1-png.webp\">\n\t\t\t\t<img class=\"newsContent__article__imgCapa newsContent__article__imgCapa--banner\"\n\t\t\t\t\tsrc=\"https:\/\/files.sunoresearch.com.br\/n\/uploads\/2026\/01\/Banner-Materias-01-Dkp_-1420x240-1-png.webp\"\n\t\t\t\t\tdata-promo-id=\"638391\"\t\t\t\t\t\t\t\t\t\twidth='1420' height='240'\t\t\t\t\talt=\"https:\/\/files.sunoresearch.com.br\/n\/uploads\/2026\/01\/Banner-Materias-01-Dkp_-1420x240-1-png.webp\"\n\t\t\t\t>\n\t\t\t<\/picture>\n\t\t<\/a>\n\t<\/p>\n\n\n<p>Em sua decis\u00e3o, o juiz afirmou que reconhece &#8220;como bem essencial ao soerguimento da atividade do grupo as a\u00e7\u00f5es Braskem, a\u00e7\u00f5es Ocyan e a\u00e7\u00f5es Atvos detidas pelo grupo postulante \u00e0 recupera\u00e7\u00e3o judicial, durante o stay period, uma vez que se tratam de ativos com alto potencial de negocia\u00e7\u00e3o no mercado, de modo a permitir que as opera\u00e7\u00f5es financeiras e as atividades operacionais consigam subsistir atrav\u00e9s de eventual aporte de capital com a negocia\u00e7\u00e3o de tais ativos&#8221;.<\/p>\n<p>Em comunicado a <strong>Odebrecht<\/strong> havia informado que\u00a0&#8220;tanto as empresas operacionais como as auxiliares e a pr\u00f3pria <strong>ODB<\/strong> continuam mantendo normalmente suas atividades, focadas no objetivo comum de assegurar estabilidade financeira e crescimento sustent\u00e1vel, preservando assim sua fun\u00e7\u00e3o social de garantir e gerar postos de trabalho&#8221;.<\/p>\n<p><iframe loading=\"lazy\" title=\"Justi\u00e7a aceita recupera\u00e7\u00e3o da Odebrecht; Moeda digital do Facebook;CADE pode intervir em Congonhas\" width=\"200\" height=\"113\" src=\"https:\/\/www.youtube.com\/embed\/Jm6o0_TyjQM?feature=oembed\" frameborder=\"0\" allow=\"accelerometer; autoplay; encrypted-media; gyroscope; picture-in-picture\" allowfullscreen><\/iframe><\/p>\n<h2>D\u00edvida da empresa<\/h2>\n<p>Al\u00e9m disso, a empresa aponta que R$ 51 bilh\u00f5es est\u00e3o relacionados a d\u00edvidas de reestrutura\u00e7\u00e3o e que outros R$ 14,5 bilh\u00f5es est\u00e3o ligados a d\u00edvidas de a\u00e7\u00f5es da <strong>Braskem<\/strong> e n\u00e3o fazem parte da recupera\u00e7\u00e3o.<\/p>\n<p>No entanto, caso seja aprovada a recupera\u00e7\u00e3o da empresa, uma segunda lista de credores ser\u00e1 apresentada, elevando o valor da d\u00edvida para mais de R$ 51 bilh\u00f5es.<\/p>\n<p><a href=\"https:\/\/www.suno.com.br\/noticias\/odebrecht-protocola-recuperacao-judicial\/\">Saiba mais:\u00a0Odebrecht protocola pedido de recupera\u00e7\u00e3o judicial<\/a><\/p>\n<p>Dessa forma, a d\u00edvida que deve ser recuperada pelo conglomerado \u00e9 de R$ 83,627 bilh\u00f5es, que j\u00e1 seria a <strong>maior recupera\u00e7\u00e3o judicial do pa\u00eds<\/strong>, superando a <strong>Oi<\/strong> em 2016, com R$ 64 bilh\u00f5es a serem recuperados.<\/p>\n<p>Os 83,627 bilh\u00f5es somados aos R$ 14,5 bilh\u00f5es que n\u00e3o est\u00e3o pass\u00edveis de recupera\u00e7\u00e3o, faz com que a d\u00edvida total da empresa ultrapasse os R$ 98 bilh\u00f5es.<\/p>\n<h2>Ataques da Caixa<\/h2>\n<p>A principal motiva\u00e7\u00e3o que levou a <strong>Odebrecht<\/strong> a pedir a recupera\u00e7\u00e3o judicial foi, al\u00e9m da falta de liquidez, os ataques que come\u00e7ou a sofrer pela <strong>Caixa Econ\u00f4mica Federal.<\/strong><\/p>\n\t<p>\n\t\t<a href=\"https:\/\/lp.suno.com.br\/ao\/sessao-estrategica-consultoria-c\/?utm_source=suno-noticias&#038;utm_medium=banner&#038;utm_campaign=_SNC36CE4E9F_&#038;utm_content=fundos-imobiliarios-ou-imoveis-onde-investir-500-mil-go\" target=\"_blank\" data-element=\"shortcode-suno-banner\" title=\"Banner SUNO, clique e saiba mais\">\n\t\t\t<picture>\n\t\t\t\t<source media=\"(max-width: 500px)\" srcset=\"https:\/\/files.sunoresearch.com.br\/n\/uploads\/2025\/09\/300x400.webp\">\n\t\t\t\t<img class=\"newsContent__article__imgCapa newsContent__article__imgCapa--banner\"\n\t\t\t\t\tsrc=\"https:\/\/files.sunoresearch.com.br\/n\/uploads\/2025\/09\/SN-DT-1420x240-1.webp\"\n\t\t\t\t\tdata-promo-id=\"635171\"\t\t\t\t\t\t\t\t\t\twidth='1420' height='240'\t\t\t\t\talt=\"https:\/\/files.sunoresearch.com.br\/n\/uploads\/2025\/09\/SN-DT-1420x240-1.webp\"\n\t\t\t\t>\n\t\t\t<\/picture>\n\t\t<\/a>\n\t<\/p>\n\n\n<p>O banco come\u00e7ou a atacar a empreiteira a partir do final de maio, desde que a produtora de etanol <strong>Atvos<\/strong> foi colocada em recupera\u00e7\u00e3o judicial. O cr\u00e9dito de R$ 500 milh\u00f5es que a Caixa tem junto a essa institui\u00e7\u00e3o, com um aval da <strong>Odebrecht<\/strong>\u00a0n\u00e3o foi executado. Entretanto, foram disparadas uma s\u00e9rie de outras cobran\u00e7as.<\/p>\n<p><a href=\"https:\/\/www.suno.com.br\/noticias\/atvos-odebrecht-pedido-recuperacao-judicial-dividas\/\">Saiba mais:\u00a0Atvos, empresa da Odebrecht, entrega pedido de recupera\u00e7\u00e3o judicial com d\u00edvidas de R$ 12 bi<\/a><\/p>\n","protected":false},"excerpt":{"rendered":"<p>A recupera\u00e7\u00e3o judicial da Odebrecht foi deferida pela 1\u00aa Vara de Fal\u00eancias e Recupera\u00e7\u00f5es Judiciais de S\u00e3o Paulo nesta ter\u00e7a-feira (18). Esta \u00e9 a maior recupera\u00e7\u00e3o judicial da hist\u00f3ria do Brasil, j\u00e1 que a d\u00edvida da empresa alcan\u00e7a os R$ 98,5 bilh\u00f5es. Lava Jato O pedido dos advogados da Odebrecht foi aceito pelo juiz da [&hellip;]<\/p>\n","protected":false},"author":11,"featured_media":14538,"comment_status":"closed","ping_status":"closed","sticky":false,"template":"","format":"standard","meta":[],"categories":[64],"tags":[783,314],"suno_strategy":[],"class_list":["post-28464","post","type-post","status-publish","format-standard","has-post-thumbnail","hentry","category-negocios","tag-odebrecht","tag-recuperacao-judicial"],"yoast_head":"<!-- This site is optimized with the Yoast SEO plugin v24.4 - https:\/\/yoast.com\/wordpress\/plugins\/seo\/ -->\n<title>Odebrecht: Justi\u00e7a de S\u00e3o Paulo defere pedido de recupera\u00e7\u00e3o judicial<\/title>\n<meta name=\"description\" content=\"A recupera\u00e7\u00e3o judicial da Odebrecht \u00e9 a maior da hist\u00f3ria do Brasil, uma vez que a d\u00edvida da empresa chega a R$ 98,5 bi. Clique e saiba mais.\" \/>\n<meta name=\"robots\" content=\"index, follow, max-snippet:-1, max-image-preview:large, max-video-preview:-1\" \/>\n<link rel=\"canonical\" href=\"https:\/\/www.suno.com.br\/noticias\/odebrecht-justica-defere-recuperacao-judicial\/\" \/>\n<meta property=\"og:locale\" content=\"pt_BR\" \/>\n<meta property=\"og:type\" content=\"article\" \/>\n<meta property=\"og:title\" content=\"Odebrecht: Justi\u00e7a de S\u00e3o Paulo defere pedido de recupera\u00e7\u00e3o judicial\" \/>\n<meta property=\"og:description\" content=\"A recupera\u00e7\u00e3o judicial da Odebrecht \u00e9 a maior da hist\u00f3ria do Brasil, uma vez que a d\u00edvida da empresa chega a R$ 98,5 bi. Clique e saiba mais.\" \/>\n<meta property=\"og:url\" content=\"https:\/\/www.suno.com.br\/noticias\/odebrecht-justica-defere-recuperacao-judicial\/\" \/>\n<meta property=\"og:site_name\" content=\"Suno Not\u00edcias\" \/>\n<meta property=\"article:publisher\" content=\"https:\/\/facebook.com\/sunoresearch\" \/>\n<meta property=\"og:image\" content=\"https:\/\/files.sunoresearch.com.br\/n\/uploads\/2019\/02\/d774fdb7-odebrecht.jpg\" \/>\n\t<meta property=\"og:image:width\" content=\"754\" \/>\n\t<meta property=\"og:image:height\" content=\"473\" \/>\n\t<meta property=\"og:image:type\" content=\"image\/jpeg\" \/>\n<meta name=\"author\" content=\"Renan Bandeira\" \/>\n<meta name=\"twitter:card\" content=\"summary_large_image\" \/>\n<meta name=\"twitter:creator\" content=\"@sunoresearch\" \/>\n<meta name=\"twitter:site\" content=\"@sunoresearch\" \/>\n<meta name=\"twitter:label1\" content=\"Escrito por\" \/>\n\t<meta name=\"twitter:data1\" content=\"Renan Bandeira\" \/>\n\t<meta name=\"twitter:label2\" content=\"Est. tempo de leitura\" \/>\n\t<meta name=\"twitter:data2\" content=\"3 minutos\" \/>\n<script type=\"application\/ld+json\" class=\"yoast-schema-graph\">{\"@context\":\"https:\/\/schema.org\",\"@graph\":[{\"@type\":\"NewsArticle\",\"@id\":\"https:\/\/www.suno.com.br\/noticias\/odebrecht-justica-defere-recuperacao-judicial\/#article\",\"isPartOf\":{\"@id\":\"https:\/\/www.suno.com.br\/noticias\/odebrecht-justica-defere-recuperacao-judicial\/\"},\"author\":{\"name\":\"Renan Bandeira\",\"@id\":\"https:\/\/www.suno.com.br\/noticias\/#\/schema\/person\/fc144a1c6108bd1dcd43784e88a3c138\"},\"headline\":\"Odebrecht: Justi\u00e7a de S\u00e3o Paulo defere pedido de recupera\u00e7\u00e3o judicial\",\"datePublished\":\"2019-06-18T12:57:37+00:00\",\"dateModified\":\"2019-06-18T23:29:46+00:00\",\"mainEntityOfPage\":{\"@id\":\"https:\/\/www.suno.com.br\/noticias\/odebrecht-justica-defere-recuperacao-judicial\/\"},\"wordCount\":515,\"publisher\":{\"@id\":\"https:\/\/www.suno.com.br\/noticias\/#organization\"},\"image\":{\"@id\":\"https:\/\/www.suno.com.br\/noticias\/odebrecht-justica-defere-recuperacao-judicial\/#primaryimage\"},\"thumbnailUrl\":\"https:\/\/files.sunoresearch.com.br\/n\/uploads\/2019\/02\/d774fdb7-odebrecht-jpg.webp\",\"keywords\":[\"Odebrecht\",\"recupera\u00e7\u00e3o judicial\"],\"articleSection\":[\"Neg\u00f3cios\"],\"inLanguage\":\"pt-BR\"},{\"@type\":\"WebPage\",\"@id\":\"https:\/\/www.suno.com.br\/noticias\/odebrecht-justica-defere-recuperacao-judicial\/\",\"url\":\"https:\/\/www.suno.com.br\/noticias\/odebrecht-justica-defere-recuperacao-judicial\/\",\"name\":\"Odebrecht: Justi\u00e7a de S\u00e3o Paulo defere pedido de recupera\u00e7\u00e3o judicial\",\"isPartOf\":{\"@id\":\"https:\/\/www.suno.com.br\/noticias\/#website\"},\"primaryImageOfPage\":{\"@id\":\"https:\/\/www.suno.com.br\/noticias\/odebrecht-justica-defere-recuperacao-judicial\/#primaryimage\"},\"image\":{\"@id\":\"https:\/\/www.suno.com.br\/noticias\/odebrecht-justica-defere-recuperacao-judicial\/#primaryimage\"},\"thumbnailUrl\":\"https:\/\/files.sunoresearch.com.br\/n\/uploads\/2019\/02\/d774fdb7-odebrecht-jpg.webp\",\"datePublished\":\"2019-06-18T12:57:37+00:00\",\"dateModified\":\"2019-06-18T23:29:46+00:00\",\"description\":\"A recupera\u00e7\u00e3o judicial da Odebrecht \u00e9 a maior da hist\u00f3ria do Brasil, uma vez que a d\u00edvida da empresa chega a R$ 98,5 bi. Clique e saiba mais.\",\"breadcrumb\":{\"@id\":\"https:\/\/www.suno.com.br\/noticias\/odebrecht-justica-defere-recuperacao-judicial\/#breadcrumb\"},\"inLanguage\":\"pt-BR\",\"potentialAction\":[{\"@type\":\"ReadAction\",\"target\":[\"https:\/\/www.suno.com.br\/noticias\/odebrecht-justica-defere-recuperacao-judicial\/\"]}]},{\"@type\":\"ImageObject\",\"inLanguage\":\"pt-BR\",\"@id\":\"https:\/\/www.suno.com.br\/noticias\/odebrecht-justica-defere-recuperacao-judicial\/#primaryimage\",\"url\":\"https:\/\/files.sunoresearch.com.br\/n\/uploads\/2019\/02\/d774fdb7-odebrecht-jpg.webp\",\"contentUrl\":\"https:\/\/files.sunoresearch.com.br\/n\/uploads\/2019\/02\/d774fdb7-odebrecht-jpg.webp\",\"width\":754,\"height\":473,\"caption\":\"Lava Jato\"},{\"@type\":\"BreadcrumbList\",\"@id\":\"https:\/\/www.suno.com.br\/noticias\/odebrecht-justica-defere-recuperacao-judicial\/#breadcrumb\",\"itemListElement\":[{\"@type\":\"ListItem\",\"position\":1,\"name\":\"Not\u00edcias\",\"item\":\"https:\/\/www.suno.com.br\/noticias\/\"},{\"@type\":\"ListItem\",\"position\":2,\"name\":\"Neg\u00f3cios\",\"item\":\"https:\/\/www.suno.com.br\/noticias\/negocios\/\"},{\"@type\":\"ListItem\",\"position\":3,\"name\":\"Odebrecht: Justi\u00e7a de S\u00e3o Paulo defere pedido de recupera\u00e7\u00e3o judicial\"}]},{\"@type\":\"WebSite\",\"@id\":\"https:\/\/www.suno.com.br\/noticias\/#website\",\"url\":\"https:\/\/www.suno.com.br\/noticias\/\",\"name\":\"Suno Not\u00edcias\",\"description\":\"Seu portal de informa\u00e7\u00e3o sobre o mundo dos investimentos\",\"publisher\":{\"@id\":\"https:\/\/www.suno.com.br\/noticias\/#organization\"},\"potentialAction\":[{\"@type\":\"SearchAction\",\"target\":{\"@type\":\"EntryPoint\",\"urlTemplate\":\"https:\/\/www.suno.com.br\/noticias\/?s={search_term_string}\"},\"query-input\":{\"@type\":\"PropertyValueSpecification\",\"valueRequired\":true,\"valueName\":\"search_term_string\"}}],\"inLanguage\":\"pt-BR\"},{\"@type\":\"Organization\",\"@id\":\"https:\/\/www.suno.com.br\/noticias\/#organization\",\"name\":\"Suno Not\u00edcias\",\"url\":\"https:\/\/www.suno.com.br\/noticias\/\",\"logo\":{\"@type\":\"ImageObject\",\"inLanguage\":\"pt-BR\",\"@id\":\"https:\/\/www.suno.com.br\/noticias\/#\/schema\/logo\/image\/\",\"url\":\"https:\/\/files.sunoresearch.com.br\/n\/uploads\/2021\/09\/suno-logo.png\",\"contentUrl\":\"https:\/\/files.sunoresearch.com.br\/n\/uploads\/2021\/09\/suno-logo.png\",\"width\":180,\"height\":180,\"caption\":\"Suno Not\u00edcias\"},\"image\":{\"@id\":\"https:\/\/www.suno.com.br\/noticias\/#\/schema\/logo\/image\/\"},\"sameAs\":[\"https:\/\/facebook.com\/sunoresearch\",\"https:\/\/x.com\/sunoresearch\",\"https:\/\/www.instagram.com\/suno\",\"https:\/\/www.linkedin.com\/company\/suno-research\/\",\"https:\/\/www.youtube.com\/c\/sunoresearch\"]},{\"@type\":\"Person\",\"@id\":\"https:\/\/www.suno.com.br\/noticias\/#\/schema\/person\/fc144a1c6108bd1dcd43784e88a3c138\",\"name\":\"Renan Bandeira\",\"image\":{\"@type\":\"ImageObject\",\"inLanguage\":\"pt-BR\",\"@id\":\"https:\/\/www.suno.com.br\/noticias\/#\/schema\/person\/image\/\",\"url\":\"https:\/\/secure.gravatar.com\/avatar\/68359cdb608f14f11bbefcb78f3fc747?s=96&r=g\",\"contentUrl\":\"https:\/\/secure.gravatar.com\/avatar\/68359cdb608f14f11bbefcb78f3fc747?s=96&r=g\",\"caption\":\"Renan Bandeira\"},\"description\":\"Renan Bandeira escreve sobre pol\u00edtica e economia para o portal da Suno Research. Antes da Suno, trabalhou em uma rede de televis\u00e3o, onde fazia reportagens sobre os mesmos temas. Estuda na Universidade Metodista de S\u00e3o Paulo.\",\"url\":\"https:\/\/www.suno.com.br\/noticias\/author\/renan-bandeira\/\"}]}<\/script>\n<!-- \/ Yoast SEO plugin. -->","yoast_head_json":{"title":"Odebrecht: Justi\u00e7a de S\u00e3o Paulo defere pedido de recupera\u00e7\u00e3o judicial","description":"A recupera\u00e7\u00e3o judicial da Odebrecht \u00e9 a maior da hist\u00f3ria do Brasil, uma vez que a d\u00edvida da empresa chega a R$ 98,5 bi. Clique e saiba mais.","robots":{"index":"index","follow":"follow","max-snippet":"max-snippet:-1","max-image-preview":"max-image-preview:large","max-video-preview":"max-video-preview:-1"},"canonical":"https:\/\/www.suno.com.br\/noticias\/odebrecht-justica-defere-recuperacao-judicial\/","og_locale":"pt_BR","og_type":"article","og_title":"Odebrecht: Justi\u00e7a de S\u00e3o Paulo defere pedido de recupera\u00e7\u00e3o judicial","og_description":"A recupera\u00e7\u00e3o judicial da Odebrecht \u00e9 a maior da hist\u00f3ria do Brasil, uma vez que a d\u00edvida da empresa chega a R$ 98,5 bi. Clique e saiba mais.","og_url":"https:\/\/www.suno.com.br\/noticias\/odebrecht-justica-defere-recuperacao-judicial\/","og_site_name":"Suno Not\u00edcias","article_publisher":"https:\/\/facebook.com\/sunoresearch","og_image":[{"width":754,"height":473,"url":"https:\/\/files.sunoresearch.com.br\/n\/uploads\/2019\/02\/d774fdb7-odebrecht.jpg","type":"image\/jpeg"}],"author":"Renan Bandeira","twitter_card":"summary_large_image","twitter_creator":"@sunoresearch","twitter_site":"@sunoresearch","twitter_misc":{"Escrito por":"Renan Bandeira","Est. tempo de leitura":"3 minutos"},"schema":{"@context":"https:\/\/schema.org","@graph":[{"@type":"NewsArticle","@id":"https:\/\/www.suno.com.br\/noticias\/odebrecht-justica-defere-recuperacao-judicial\/#article","isPartOf":{"@id":"https:\/\/www.suno.com.br\/noticias\/odebrecht-justica-defere-recuperacao-judicial\/"},"author":{"name":"Renan Bandeira","@id":"https:\/\/www.suno.com.br\/noticias\/#\/schema\/person\/fc144a1c6108bd1dcd43784e88a3c138"},"headline":"Odebrecht: Justi\u00e7a de S\u00e3o Paulo defere pedido de recupera\u00e7\u00e3o judicial","datePublished":"2019-06-18T12:57:37+00:00","dateModified":"2019-06-18T23:29:46+00:00","mainEntityOfPage":{"@id":"https:\/\/www.suno.com.br\/noticias\/odebrecht-justica-defere-recuperacao-judicial\/"},"wordCount":515,"publisher":{"@id":"https:\/\/www.suno.com.br\/noticias\/#organization"},"image":{"@id":"https:\/\/www.suno.com.br\/noticias\/odebrecht-justica-defere-recuperacao-judicial\/#primaryimage"},"thumbnailUrl":"https:\/\/files.sunoresearch.com.br\/n\/uploads\/2019\/02\/d774fdb7-odebrecht-jpg.webp","keywords":["Odebrecht","recupera\u00e7\u00e3o judicial"],"articleSection":["Neg\u00f3cios"],"inLanguage":"pt-BR"},{"@type":"WebPage","@id":"https:\/\/www.suno.com.br\/noticias\/odebrecht-justica-defere-recuperacao-judicial\/","url":"https:\/\/www.suno.com.br\/noticias\/odebrecht-justica-defere-recuperacao-judicial\/","name":"Odebrecht: Justi\u00e7a de S\u00e3o Paulo defere pedido de recupera\u00e7\u00e3o judicial","isPartOf":{"@id":"https:\/\/www.suno.com.br\/noticias\/#website"},"primaryImageOfPage":{"@id":"https:\/\/www.suno.com.br\/noticias\/odebrecht-justica-defere-recuperacao-judicial\/#primaryimage"},"image":{"@id":"https:\/\/www.suno.com.br\/noticias\/odebrecht-justica-defere-recuperacao-judicial\/#primaryimage"},"thumbnailUrl":"https:\/\/files.sunoresearch.com.br\/n\/uploads\/2019\/02\/d774fdb7-odebrecht-jpg.webp","datePublished":"2019-06-18T12:57:37+00:00","dateModified":"2019-06-18T23:29:46+00:00","description":"A recupera\u00e7\u00e3o judicial da Odebrecht \u00e9 a maior da hist\u00f3ria do Brasil, uma vez que a d\u00edvida da empresa chega a R$ 98,5 bi. Clique e saiba mais.","breadcrumb":{"@id":"https:\/\/www.suno.com.br\/noticias\/odebrecht-justica-defere-recuperacao-judicial\/#breadcrumb"},"inLanguage":"pt-BR","potentialAction":[{"@type":"ReadAction","target":["https:\/\/www.suno.com.br\/noticias\/odebrecht-justica-defere-recuperacao-judicial\/"]}]},{"@type":"ImageObject","inLanguage":"pt-BR","@id":"https:\/\/www.suno.com.br\/noticias\/odebrecht-justica-defere-recuperacao-judicial\/#primaryimage","url":"https:\/\/files.sunoresearch.com.br\/n\/uploads\/2019\/02\/d774fdb7-odebrecht-jpg.webp","contentUrl":"https:\/\/files.sunoresearch.com.br\/n\/uploads\/2019\/02\/d774fdb7-odebrecht-jpg.webp","width":754,"height":473,"caption":"Lava Jato"},{"@type":"BreadcrumbList","@id":"https:\/\/www.suno.com.br\/noticias\/odebrecht-justica-defere-recuperacao-judicial\/#breadcrumb","itemListElement":[{"@type":"ListItem","position":1,"name":"Not\u00edcias","item":"https:\/\/www.suno.com.br\/noticias\/"},{"@type":"ListItem","position":2,"name":"Neg\u00f3cios","item":"https:\/\/www.suno.com.br\/noticias\/negocios\/"},{"@type":"ListItem","position":3,"name":"Odebrecht: Justi\u00e7a de S\u00e3o Paulo defere pedido de recupera\u00e7\u00e3o judicial"}]},{"@type":"WebSite","@id":"https:\/\/www.suno.com.br\/noticias\/#website","url":"https:\/\/www.suno.com.br\/noticias\/","name":"Suno Not\u00edcias","description":"Seu portal de informa\u00e7\u00e3o sobre o mundo dos investimentos","publisher":{"@id":"https:\/\/www.suno.com.br\/noticias\/#organization"},"potentialAction":[{"@type":"SearchAction","target":{"@type":"EntryPoint","urlTemplate":"https:\/\/www.suno.com.br\/noticias\/?s={search_term_string}"},"query-input":{"@type":"PropertyValueSpecification","valueRequired":true,"valueName":"search_term_string"}}],"inLanguage":"pt-BR"},{"@type":"Organization","@id":"https:\/\/www.suno.com.br\/noticias\/#organization","name":"Suno Not\u00edcias","url":"https:\/\/www.suno.com.br\/noticias\/","logo":{"@type":"ImageObject","inLanguage":"pt-BR","@id":"https:\/\/www.suno.com.br\/noticias\/#\/schema\/logo\/image\/","url":"https:\/\/files.sunoresearch.com.br\/n\/uploads\/2021\/09\/suno-logo.png","contentUrl":"https:\/\/files.sunoresearch.com.br\/n\/uploads\/2021\/09\/suno-logo.png","width":180,"height":180,"caption":"Suno Not\u00edcias"},"image":{"@id":"https:\/\/www.suno.com.br\/noticias\/#\/schema\/logo\/image\/"},"sameAs":["https:\/\/facebook.com\/sunoresearch","https:\/\/x.com\/sunoresearch","https:\/\/www.instagram.com\/suno","https:\/\/www.linkedin.com\/company\/suno-research\/","https:\/\/www.youtube.com\/c\/sunoresearch"]},{"@type":"Person","@id":"https:\/\/www.suno.com.br\/noticias\/#\/schema\/person\/fc144a1c6108bd1dcd43784e88a3c138","name":"Renan Bandeira","image":{"@type":"ImageObject","inLanguage":"pt-BR","@id":"https:\/\/www.suno.com.br\/noticias\/#\/schema\/person\/image\/","url":"https:\/\/secure.gravatar.com\/avatar\/68359cdb608f14f11bbefcb78f3fc747?s=96&r=g","contentUrl":"https:\/\/secure.gravatar.com\/avatar\/68359cdb608f14f11bbefcb78f3fc747?s=96&r=g","caption":"Renan Bandeira"},"description":"Renan Bandeira escreve sobre pol\u00edtica e economia para o portal da Suno Research. Antes da Suno, trabalhou em uma rede de televis\u00e3o, onde fazia reportagens sobre os mesmos temas. Estuda na Universidade Metodista de S\u00e3o Paulo.","url":"https:\/\/www.suno.com.br\/noticias\/author\/renan-bandeira\/"}]}},"default_loop_html":"<div class=\"cardsPage__listCard__boxs\"><div class=\"cardsPage__listCard__boxs__img\"><a href=\"https:\/\/www.suno.com.br\/noticias\/odebrecht-justica-defere-recuperacao-judicial\/\"><img class=\"mask\" src=\"https:\/\/www.suno.com.br\/noticias\/wp-content\/themes\/suno\/resources\/images\/spotlight\/spotlight1img\/bg-mask.png\" alt=\"Image Mask\"\/><img src=\"https:\/\/files.sunoresearch.com.br\/n\/uploads\/2019\/02\/d774fdb7-odebrecht-400x200.webp\" alt=\"Odebrecht: Justi\u00e7a de S\u00e3o Paulo defere pedido de recupera\u00e7\u00e3o judicial\"\/><\/a><span class=\"spotlightCategory\"><a href=\"https:\/\/www.suno.com.br\/noticias\/negocios\/\">Neg\u00f3cios<\/a><\/span><\/div><div class=\"cardsPage__listCard__boxs__content\"><a href=\"https:\/\/www.suno.com.br\/noticias\/odebrecht-justica-defere-recuperacao-judicial\/\"><h2 class=\"content__title\">Odebrecht: Justi\u00e7a de S\u00e3o Paulo defere pedido de recupera\u00e7\u00e3o judicial<\/h2><\/a><div class=\"newsContent__article__meta\"><div class=\"newsContent__article__meta__authorBox\"><a href=\"https:\/\/www.suno.com.br\/noticias\/author\/renan-bandeira\/\" class=\"authorBox__avatar noMobi\"><img src=\"https:\/\/secure.gravatar.com\/avatar\/68359cdb608f14f11bbefcb78f3fc747?s=96&#038;r=g\" alt=\"Renan Bandeira\"><\/a><div class=\"authorBox__name\"><span>por\n\t\t\t<a href=\"https:\/\/www.suno.com.br\/noticias\/author\/renan-bandeira\/\"><span itemprop=\"author\">Renan Bandeira<\/span><\/a><\/span><time datetime=\"2019-06-18T09:57:37-03:00\" itemprop=\"datePublished\">18\/06\/2019 09:57<\/time><\/div><\/div><\/div><\/div><\/div>","single_layout":"posts","amp_enabled":true,"_links":{"self":[{"href":"https:\/\/www.suno.com.br\/noticias\/wp-json\/wp\/v2\/posts\/28464"}],"collection":[{"href":"https:\/\/www.suno.com.br\/noticias\/wp-json\/wp\/v2\/posts"}],"about":[{"href":"https:\/\/www.suno.com.br\/noticias\/wp-json\/wp\/v2\/types\/post"}],"author":[{"embeddable":true,"href":"https:\/\/www.suno.com.br\/noticias\/wp-json\/wp\/v2\/users\/11"}],"replies":[{"embeddable":true,"href":"https:\/\/www.suno.com.br\/noticias\/wp-json\/wp\/v2\/comments?post=28464"}],"version-history":[{"count":0,"href":"https:\/\/www.suno.com.br\/noticias\/wp-json\/wp\/v2\/posts\/28464\/revisions"}],"wp:featuredmedia":[{"embeddable":true,"href":"https:\/\/www.suno.com.br\/noticias\/wp-json\/wp\/v2\/media\/14538"}],"wp:attachment":[{"href":"https:\/\/www.suno.com.br\/noticias\/wp-json\/wp\/v2\/media?parent=28464"}],"wp:term":[{"taxonomy":"category","embeddable":true,"href":"https:\/\/www.suno.com.br\/noticias\/wp-json\/wp\/v2\/categories?post=28464"},{"taxonomy":"post_tag","embeddable":true,"href":"https:\/\/www.suno.com.br\/noticias\/wp-json\/wp\/v2\/tags?post=28464"},{"taxonomy":"suno_strategy","embeddable":true,"href":"https:\/\/www.suno.com.br\/noticias\/wp-json\/wp\/v2\/suno_strategy?post=28464"}],"curies":[{"name":"wp","href":"https:\/\/api.w.org\/{rel}","templated":true}]}}