{"id":284497,"date":"2022-08-12T12:19:40","date_gmt":"2022-08-12T15:19:40","guid":{"rendered":"https:\/\/www.suno.com.br\/noticias\/?p=284497"},"modified":"2022-08-12T12:19:40","modified_gmt":"2022-08-12T15:19:40","slug":"esg-retorno-sustentabilidade-investimentos","status":"publish","type":"post","link":"https:\/\/www.suno.com.br\/noticias\/esg-retorno-sustentabilidade-investimentos\/","title":{"rendered":"ESG: \u00e9 preciso escolher entre retorno e sustentabilidade?"},"content":{"rendered":"<p><strong>ESG<\/strong> \u00e9 um assunto cada vez mais relevante no mercado de investimentos, mas ainda tem muito a crescer no olhar do investidor. O termo foi criado com o intuito de representar uma listagem de princ\u00edpios que, al\u00e9m de medir e amenizar o impacto de um neg\u00f3cio nos aspectos ambientais, sociais e de governan\u00e7a, pode resultar em crescimento aliado \u00e0 sustentabilidade, com redu\u00e7\u00e3o de riscos. No entanto, isso ainda \u00e9 visto como mito por investidores que n\u00e3o foram atingidos pela agenda.<\/p>\t<div class=\"wrapper-featured-image\">\n\t\t<figure class=\"spotlightImg\">\n\n\t\t\t<picture>\n\t\t\t\t<source media=\"(max-width: 768px)\" srcset=\"https:\/\/files.sunoresearch.com.br\/n\/uploads\/2022\/08\/investimento-esg-unsplash4-400x200.jpg\">\n\t\t\t\t<img loading=\"lazy\" decoding=\"async\" class=\"newsContent__article__imgCapa lazyloadDisabled \" src=\"https:\/\/files.sunoresearch.com.br\/n\/uploads\/2022\/08\/investimento-esg-unsplash4-800x450.jpg\" width=\"800\" height=\"450\" alt=\"ESG: \u00e9 preciso escolher entre retorno e sustentabilidade?\" fetchpriority=high \/>\n\t\t\t<\/picture>\n\n\t\t\t<figcaption class=\"wp-caption-text wp-caption-text--show\">ESG. Foto: Unsplash<\/figcaption>\n\t\t<\/figure>\n\t<\/div>\n\n\n\t<p>\n\t\t<a href=\"\" target=\"_blank\" data-element=\"shortcode-suno-banner\" title=\"Banner SUNO, clique e saiba mais\">\n\t\t\t<picture>\n\t\t\t\t<source media=\"(max-width: 500px)\" srcset=\"\">\n\t\t\t\t<img class=\"newsContent__article__imgCapa newsContent__article__imgCapa--banner\"\n\t\t\t\t\tsrc=\"\"\n\t\t\t\t\tdata-promo-id=\"281794\"\t\t\t\t\t\t\t\t\t\t\t\t\t\t\talt=\"\"\n\t\t\t\t>\n\t\t\t<\/picture>\n\t\t<\/a>\n\t<\/p>\n\n\n<p>Na semana passada, a XP (<a class=\"suno-keyword\" href=\"https:\/\/www.suno.com.br\/bdrs\/xpbr31\/\" target=\"_blank\" rel=\"noopener\" data-force=\"yes\" data-priority=\"2\">XPBR31<\/a>) realizou em S\u00e3o Paulo a Expert XP, evento composto por palestras e pain\u00e9is sobre os principais temas do mercado financeiro. Entre eles, <strong>ESG<\/strong> foi pauta na confer\u00eancia, e teve Gustavo Montezano, do BNDES, Ricardo Harris, do Banco Central, e Carlos Takashashi, da BlackRock (<a class=\"suno-keyword\" href=\"https:\/\/www.suno.com.br\/bdrs\/blak34\/\" target=\"_blank\" rel=\"noopener\" data-force=\"yes\" data-priority=\"2\">BLAK34<\/a>), como alguns dos palestrantes de destaque.<\/p>\n<p>A XP listou alguns dos<strong> principais aprendizados sobre ESG<\/strong> a partir das conversas com os executivos, que envolvem transi\u00e7\u00e3o energ\u00e9tica, papel dos \u00f3rg\u00e3os reguladores e gera\u00e7\u00e3o de retorno.<\/p>\n<p>Se voc\u00ea quiser saber mais sobre o que s\u00e3o investimentos ESG, acompanhe a nossa \u201cSemana do ESG: Investindo no Futuro\u201d, realizada com apoio da CBA e da Rio Bravo. Entre 8 e 12 de agosto, o Suno Not\u00edcias vai trazer uma s\u00e9rie de conte\u00fados especiais sobre investimentos ESG para voc\u00ea ficar por dentro do tema e entender como isso impacta o seu bolso.<a href=\"https:\/\/www.suno.com.br\/noticias\/tags\/esg\/\"> Voc\u00ea acompanha todo o conte\u00fado neste link.<\/a><\/p>\n<p>Voc\u00ea tamb\u00e9m n\u00e3o pode perder o <a href=\"https:\/\/lp.suno.com.br\/pv\/encontro-esg-investindo-no-futuro\/\">evento presencial da Suno Not\u00edcias sobre ESG<\/a>, com vagas limitadas, que ocorrer\u00e1 no dia 17 de agosto, em S\u00e3o Paulo.<\/p>\n\t<p>\n\t\t<a href=\"https:\/\/lp.suno.com.br\/planilha-controle-gastos\/\" target=\"_blank\" data-element=\"shortcode-suno-banner\" title=\"Banner SUNO, clique e saiba mais\">\n\t\t\t<picture>\n\t\t\t\t<source media=\"(max-width: 500px)\" srcset=\"https:\/\/files.sunoresearch.com.br\/n\/uploads\/2023\/03\/400x300-Planilha-controle-de-gastos.png\">\n\t\t\t\t<img class=\"newsContent__article__imgCapa newsContent__article__imgCapa--banner\"\n\t\t\t\t\tsrc=\"https:\/\/files.sunoresearch.com.br\/n\/uploads\/2023\/03\/1420x240-Planilha-controle-de-gastos.png\"\n\t\t\t\t\tdata-promo-id=\"101751\"\t\t\t\t\t\t\t\t\t\twidth='1420' height='240'\t\t\t\t\talt=\"https:\/\/files.sunoresearch.com.br\/n\/uploads\/2023\/03\/1420x240-Planilha-controle-de-gastos.png\"\n\t\t\t\t>\n\t\t\t<\/picture>\n\t\t<\/a>\n\t<\/p>\n\n\n<p>Veja os tr\u00eas principais aprendizados ESG listados pela XP:<\/p>\n<h2>N\u00e3o \u00e9 preciso escolher entre retorno e sustentabilidade<\/h2>\n<p>A incorpora\u00e7\u00e3o dos fatores <strong>ESG e a gera\u00e7\u00e3o de retorno<\/strong> \u00e9 um consenso entre executivos.<\/p>\n<p>Investir em empresas com uma s\u00f3lida agenda ESG traz resili\u00eancia e menor exposi\u00e7\u00e3o a risco. Carlos Takahashi, chairman da BlackRock Brasil, alega que quando se trata de risco de investimento, fundos com boas pr\u00e1ticas ESG precificam essa caracter\u00edstica nos pre\u00e7os dos ativos. O contr\u00e1rio tamb\u00e9m \u00e9 v\u00e1lido: se uma empresa carece de boas pr\u00e1ticas ambientais, \u00e9 de se esperar que o pre\u00e7o do ativo seja desvalorizado no curto ou m\u00e9dio prazo.<\/p>\n<p>Os gestores possuem um papel-chave no engajamento com as companhias para promover mudan\u00e7as positivas em todos os \u00e2mbitos da agenda ESG. \u00c9 uma via de m\u00e3o dupla: enquanto a estrat\u00e9gia de engajamento destrava valor nas empresas, as gestoras focam nos fatores ESG que levam retorno aos investidores.<\/p>\n<h2>Brasil est\u00e1 bem posicionado para impulsionar ESG<\/h2>\n<p>Desde o s\u00e9culo 18, as atividades humanas t\u00eam sido a principal <strong>causa das mudan\u00e7as clim\u00e1ticas<\/strong> vistas no planeta. Isso ocorre principalmente pela queima de combust\u00edveis f\u00f3sseis, como carv\u00e3o, g\u00e1s e petr\u00f3leo, que emitem gases.<\/p>\n<p>Ao mesmo tempo que o mundo precisa de mais energia para a continuidade de diversas atividades econ\u00f4micas, as mudan\u00e7as clim\u00e1ticas exigem <strong>menores emiss\u00f5es de carbono<\/strong>. O Brasil \u00e9 o pa\u00eds com uma das matrizes energ\u00e9ticas mais renov\u00e1veis do mundo e tamb\u00e9m est\u00e1 bem posicionado para captar <a class=\"suno-keyword\" href=\"https:\/\/www.suno.com.br\/artigos\/recursos-financeiros\/\" target=\"_blank\" rel=\"noopener\" data-force=\"no\" data-priority=\"1\">recursos financeiros<\/a> que permitam o desenvolvimento tecnol\u00f3gico necess\u00e1rio para a transi\u00e7\u00e3o.<\/p>\n<p>O CEO da<strong> <a class=\"suno-keyword\" href=\"https:\/\/www.suno.com.br\/acoes\/B3SA3\/\" target=\"_blank\" rel=\"noopener\" data-force=\"yes\" data-priority=\"2\">B3 (B3SA3)<\/a><\/strong> Gilson Finkelsztain v\u00ea, inclusive, que o Brasil pode liderar esse movimento. O processo, que deve ser acelerado, no entanto, requer um avan\u00e7o na regula\u00e7\u00e3o nesse quesito.<\/p>\n\t<p>\n\t\t<a href=\"\" target=\"_blank\" data-element=\"shortcode-suno-banner\" title=\"Banner SUNO, clique e saiba mais\">\n\t\t\t<picture>\n\t\t\t\t<source media=\"(max-width: 500px)\" srcset=\"\">\n\t\t\t\t<img class=\"newsContent__article__imgCapa newsContent__article__imgCapa--banner\"\n\t\t\t\t\tsrc=\"\"\n\t\t\t\t\tdata-promo-id=\"281791\"\t\t\t\t\t\t\t\t\t\t\t\t\t\t\talt=\"\"\n\t\t\t\t>\n\t\t\t<\/picture>\n\t\t<\/a>\n\t<\/p>\n\n\n<h2>Velocidade com que novas regula\u00e7\u00f5es s\u00e3o criadas \u00e9 importante<\/h2>\n<p>Ao falar de ESG, a regula\u00e7\u00e3o pode ser a porta de entrada para avan\u00e7os nas<strong> iniciativas sustent\u00e1veis no pa\u00eds<\/strong>. \u00c9 essencial enfatizar a import\u00e2ncia dos agentes reguladores no bom funcionamento do mercado.<\/p>\n<p>Um dos maiores desafios globais atualmente reside na transi\u00e7\u00e3o para uma <strong>economia de baixo carbono<\/strong>, e uma regula\u00e7\u00e3o mas r\u00edgida tem um papel fundamental nesse processo. Al\u00e9m disso, o monitoramento do ritmo de implementa\u00e7\u00e3o de novas medidas tamb\u00e9m deve ser levado em considera\u00e7\u00e3o.<\/p>\n<p>Segundo Ricardo Harris, diretor de Regula\u00e7\u00e3o do Banco Central, &#8220;o melhor cen\u00e1rio \u00e9 ter uma transi\u00e7\u00e3o suave, com o sistema financeiro financiando esse processo de forma ordenada.&#8221;<\/p>\n<p>No mercado financeiro, o gerente de Desenvolvimento de Normas da <strong><a class=\"suno-keyword\" href=\"https:\/\/www.suno.com.br\/artigos\/cvm\/\" target=\"_blank\" rel=\"noopener\" data-force=\"no\" data-priority=\"2\">Comiss\u00e3o de Valores Mobili\u00e1rios (CVM)<\/a><\/strong>, Claudio Maes, acredita n\u00e3o caber ao \u00f3rg\u00e3o regulador interferir no padr\u00e3o de mercado. O gestor v\u00ea a CVM como um facilitador na ado\u00e7\u00e3o das solu\u00e7\u00f5es pelos agentes, contribuindo para o seu desenvolvimento.<\/p>\n\t<p>\n\t\t<a href=\"\" target=\"_blank\" data-element=\"shortcode-suno-banner\" title=\"Banner SUNO, clique e saiba mais\">\n\t\t\t<picture>\n\t\t\t\t<source media=\"(max-width: 500px)\" srcset=\"\">\n\t\t\t\t<img class=\"newsContent__article__imgCapa newsContent__article__imgCapa--banner\"\n\t\t\t\t\tsrc=\"\"\n\t\t\t\t\tdata-promo-id=\"281794\"\t\t\t\t\t\t\t\t\t\t\t\t\t\t\talt=\"\"\n\t\t\t\t>\n\t\t\t<\/picture>\n\t\t<\/a>\n\t<\/p>\n\n\n","protected":false},"excerpt":{"rendered":"<p>ESG \u00e9 um assunto cada vez mais relevante no mercado de investimentos, mas ainda tem muito a crescer no olhar do investidor. O termo foi criado com o intuito de representar uma listagem de princ\u00edpios que, al\u00e9m de medir e amenizar o impacto de um neg\u00f3cio nos aspectos ambientais, sociais e de governan\u00e7a, pode resultar [&hellip;]<\/p>\n","protected":false},"author":70,"featured_media":284557,"comment_status":"closed","ping_status":"closed","sticky":false,"template":"","format":"standard","meta":[],"categories":[60],"tags":[1332,757,75364,888],"suno_strategy":[],"class_list":["post-284497","post","type-post","status-publish","format-standard","has-post-thumbnail","hentry","category-mercado","tag-blackrock-blak34","tag-bndes","tag-esg","tag-xp-investimentos"],"yoast_head":"<!-- This site is optimized with the Yoast SEO plugin v24.4 - https:\/\/yoast.com\/wordpress\/plugins\/seo\/ -->\n<title>ESG: \u00e9 preciso escolher entre retorno e sustentabilidade?<\/title>\n<meta name=\"description\" content=\"A incorpora\u00e7\u00e3o dos fatores ESG e a gera\u00e7\u00e3o de retorno j\u00e1 \u00e9 um consenso no mercado, e pode trazer mais resili\u00eancia ao investidor.\" \/>\n<meta name=\"robots\" content=\"index, follow, max-snippet:-1, max-image-preview:large, max-video-preview:-1\" \/>\n<link rel=\"canonical\" href=\"https:\/\/www.suno.com.br\/noticias\/esg-retorno-sustentabilidade-investimentos\/\" \/>\n<meta property=\"og:locale\" content=\"pt_BR\" \/>\n<meta property=\"og:type\" content=\"article\" \/>\n<meta property=\"og:title\" content=\"ESG: \u00e9 preciso escolher entre retorno e sustentabilidade?\" \/>\n<meta property=\"og:description\" content=\"A incorpora\u00e7\u00e3o dos fatores ESG e a gera\u00e7\u00e3o de retorno j\u00e1 \u00e9 um consenso no mercado, e pode trazer mais resili\u00eancia ao investidor.\" \/>\n<meta property=\"og:url\" content=\"https:\/\/www.suno.com.br\/noticias\/esg-retorno-sustentabilidade-investimentos\/\" \/>\n<meta property=\"og:site_name\" content=\"Suno Not\u00edcias\" \/>\n<meta property=\"article:publisher\" content=\"https:\/\/facebook.com\/sunoresearch\" \/>\n<meta property=\"og:image\" content=\"https:\/\/files.sunoresearch.com.br\/n\/uploads\/2022\/08\/investimento-esg-unsplash4.jpg\" \/>\n\t<meta property=\"og:image:width\" content=\"1200\" \/>\n\t<meta property=\"og:image:height\" content=\"800\" \/>\n\t<meta property=\"og:image:type\" content=\"image\/jpeg\" \/>\n<meta name=\"author\" content=\"Beatriz Boyadjian\" \/>\n<meta name=\"twitter:card\" content=\"summary_large_image\" \/>\n<meta name=\"twitter:creator\" content=\"@sunoresearch\" \/>\n<meta name=\"twitter:site\" content=\"@sunoresearch\" \/>\n<meta name=\"twitter:label1\" content=\"Escrito por\" \/>\n\t<meta name=\"twitter:data1\" content=\"Beatriz Boyadjian\" \/>\n\t<meta name=\"twitter:label2\" content=\"Est. tempo de leitura\" \/>\n\t<meta name=\"twitter:data2\" content=\"4 minutos\" \/>\n<script type=\"application\/ld+json\" class=\"yoast-schema-graph\">{\"@context\":\"https:\/\/schema.org\",\"@graph\":[{\"@type\":\"NewsArticle\",\"@id\":\"https:\/\/www.suno.com.br\/noticias\/esg-retorno-sustentabilidade-investimentos\/#article\",\"isPartOf\":{\"@id\":\"https:\/\/www.suno.com.br\/noticias\/esg-retorno-sustentabilidade-investimentos\/\"},\"author\":{\"name\":\"Beatriz Boyadjian\",\"@id\":\"https:\/\/www.suno.com.br\/noticias\/#\/schema\/person\/c9d40f227e4ffee8114b1299c28902b0\"},\"headline\":\"ESG: \u00e9 preciso escolher entre retorno e sustentabilidade?\",\"datePublished\":\"2022-08-12T15:19:40+00:00\",\"mainEntityOfPage\":{\"@id\":\"https:\/\/www.suno.com.br\/noticias\/esg-retorno-sustentabilidade-investimentos\/\"},\"wordCount\":788,\"publisher\":{\"@id\":\"https:\/\/www.suno.com.br\/noticias\/#organization\"},\"image\":{\"@id\":\"https:\/\/www.suno.com.br\/noticias\/esg-retorno-sustentabilidade-investimentos\/#primaryimage\"},\"thumbnailUrl\":\"https:\/\/files.sunoresearch.com.br\/n\/uploads\/2022\/08\/investimento-esg-unsplash4.jpg\",\"keywords\":[\"Blackrock (BLAK34)\",\"BNDES\",\"ESG\",\"XP Investimentos\"],\"articleSection\":[\"Mercado\"],\"inLanguage\":\"pt-BR\"},{\"@type\":\"WebPage\",\"@id\":\"https:\/\/www.suno.com.br\/noticias\/esg-retorno-sustentabilidade-investimentos\/\",\"url\":\"https:\/\/www.suno.com.br\/noticias\/esg-retorno-sustentabilidade-investimentos\/\",\"name\":\"ESG: \u00e9 preciso escolher entre retorno e sustentabilidade?\",\"isPartOf\":{\"@id\":\"https:\/\/www.suno.com.br\/noticias\/#website\"},\"primaryImageOfPage\":{\"@id\":\"https:\/\/www.suno.com.br\/noticias\/esg-retorno-sustentabilidade-investimentos\/#primaryimage\"},\"image\":{\"@id\":\"https:\/\/www.suno.com.br\/noticias\/esg-retorno-sustentabilidade-investimentos\/#primaryimage\"},\"thumbnailUrl\":\"https:\/\/files.sunoresearch.com.br\/n\/uploads\/2022\/08\/investimento-esg-unsplash4.jpg\",\"datePublished\":\"2022-08-12T15:19:40+00:00\",\"description\":\"A incorpora\u00e7\u00e3o dos fatores ESG e a gera\u00e7\u00e3o de retorno j\u00e1 \u00e9 um consenso no mercado, e pode trazer mais resili\u00eancia ao investidor.\",\"breadcrumb\":{\"@id\":\"https:\/\/www.suno.com.br\/noticias\/esg-retorno-sustentabilidade-investimentos\/#breadcrumb\"},\"inLanguage\":\"pt-BR\",\"potentialAction\":[{\"@type\":\"ReadAction\",\"target\":[\"https:\/\/www.suno.com.br\/noticias\/esg-retorno-sustentabilidade-investimentos\/\"]}]},{\"@type\":\"ImageObject\",\"inLanguage\":\"pt-BR\",\"@id\":\"https:\/\/www.suno.com.br\/noticias\/esg-retorno-sustentabilidade-investimentos\/#primaryimage\",\"url\":\"https:\/\/files.sunoresearch.com.br\/n\/uploads\/2022\/08\/investimento-esg-unsplash4.jpg\",\"contentUrl\":\"https:\/\/files.sunoresearch.com.br\/n\/uploads\/2022\/08\/investimento-esg-unsplash4.jpg\",\"width\":1200,\"height\":800,\"caption\":\"ESG. Foto: Unsplash\"},{\"@type\":\"BreadcrumbList\",\"@id\":\"https:\/\/www.suno.com.br\/noticias\/esg-retorno-sustentabilidade-investimentos\/#breadcrumb\",\"itemListElement\":[{\"@type\":\"ListItem\",\"position\":1,\"name\":\"Not\u00edcias\",\"item\":\"https:\/\/www.suno.com.br\/noticias\/\"},{\"@type\":\"ListItem\",\"position\":2,\"name\":\"Mercado\",\"item\":\"https:\/\/www.suno.com.br\/noticias\/mercado\/\"},{\"@type\":\"ListItem\",\"position\":3,\"name\":\"ESG: \u00e9 preciso escolher entre retorno e sustentabilidade?\"}]},{\"@type\":\"WebSite\",\"@id\":\"https:\/\/www.suno.com.br\/noticias\/#website\",\"url\":\"https:\/\/www.suno.com.br\/noticias\/\",\"name\":\"Suno Not\u00edcias\",\"description\":\"Seu portal de informa\u00e7\u00e3o sobre o mundo dos investimentos\",\"publisher\":{\"@id\":\"https:\/\/www.suno.com.br\/noticias\/#organization\"},\"potentialAction\":[{\"@type\":\"SearchAction\",\"target\":{\"@type\":\"EntryPoint\",\"urlTemplate\":\"https:\/\/www.suno.com.br\/noticias\/?s={search_term_string}\"},\"query-input\":{\"@type\":\"PropertyValueSpecification\",\"valueRequired\":true,\"valueName\":\"search_term_string\"}}],\"inLanguage\":\"pt-BR\"},{\"@type\":\"Organization\",\"@id\":\"https:\/\/www.suno.com.br\/noticias\/#organization\",\"name\":\"Suno Not\u00edcias\",\"url\":\"https:\/\/www.suno.com.br\/noticias\/\",\"logo\":{\"@type\":\"ImageObject\",\"inLanguage\":\"pt-BR\",\"@id\":\"https:\/\/www.suno.com.br\/noticias\/#\/schema\/logo\/image\/\",\"url\":\"https:\/\/files.sunoresearch.com.br\/n\/uploads\/2021\/09\/suno-logo.png\",\"contentUrl\":\"https:\/\/files.sunoresearch.com.br\/n\/uploads\/2021\/09\/suno-logo.png\",\"width\":180,\"height\":180,\"caption\":\"Suno Not\u00edcias\"},\"image\":{\"@id\":\"https:\/\/www.suno.com.br\/noticias\/#\/schema\/logo\/image\/\"},\"sameAs\":[\"https:\/\/facebook.com\/sunoresearch\",\"https:\/\/x.com\/sunoresearch\",\"https:\/\/www.instagram.com\/suno\",\"https:\/\/www.linkedin.com\/company\/suno-research\/\",\"https:\/\/www.youtube.com\/c\/sunoresearch\"]},{\"@type\":\"Person\",\"@id\":\"https:\/\/www.suno.com.br\/noticias\/#\/schema\/person\/c9d40f227e4ffee8114b1299c28902b0\",\"name\":\"Beatriz Boyadjian\",\"image\":{\"@type\":\"ImageObject\",\"inLanguage\":\"pt-BR\",\"@id\":\"https:\/\/www.suno.com.br\/noticias\/#\/schema\/person\/image\/\",\"url\":\"https:\/\/secure.gravatar.com\/avatar\/4c3c59f4030e268f950437c4f36e38b7?s=96&r=g\",\"contentUrl\":\"https:\/\/secure.gravatar.com\/avatar\/4c3c59f4030e268f950437c4f36e38b7?s=96&r=g\",\"caption\":\"Beatriz Boyadjian\"},\"description\":\"Rep\u00f3rter multim\u00eddia no Suno Not\u00edcias. Jornalista formada pela Faculdade C\u00e1sper L\u00edbero, foi rep\u00f3rter da Forbes Brasil e atuou na cobertura de hard news, economia, neg\u00f3cios e lifestyle. Gerenciou as redes sociais da edi\u00e7\u00e3o brasileira da tradicional revista de neg\u00f3cios. Na M\u00e1quina Cohn&amp;Wolfe, atuou como rela\u00e7\u00f5es p\u00fablicas de clientes do N\u00facleo de Sa\u00fade da empresa. Produziu releases, notas, relat\u00f3rios, entre outros, para empresas como Biomm, Hypera, FIDI. Anteriormente, respons\u00e1vel pelas redes sociais do Suno Not\u00edcias.\",\"sameAs\":[\"https:\/\/www.linkedin.com\/in\/beatriz-boyadjian\/\"],\"url\":\"https:\/\/www.suno.com.br\/noticias\/author\/beatriz-boyadjian\/\"}]}<\/script>\n<!-- \/ Yoast SEO plugin. -->","yoast_head_json":{"title":"ESG: \u00e9 preciso escolher entre retorno e sustentabilidade?","description":"A incorpora\u00e7\u00e3o dos fatores ESG e a gera\u00e7\u00e3o de retorno j\u00e1 \u00e9 um consenso no mercado, e pode trazer mais resili\u00eancia ao investidor.","robots":{"index":"index","follow":"follow","max-snippet":"max-snippet:-1","max-image-preview":"max-image-preview:large","max-video-preview":"max-video-preview:-1"},"canonical":"https:\/\/www.suno.com.br\/noticias\/esg-retorno-sustentabilidade-investimentos\/","og_locale":"pt_BR","og_type":"article","og_title":"ESG: \u00e9 preciso escolher entre retorno e sustentabilidade?","og_description":"A incorpora\u00e7\u00e3o dos fatores ESG e a gera\u00e7\u00e3o de retorno j\u00e1 \u00e9 um consenso no mercado, e pode trazer mais resili\u00eancia ao investidor.","og_url":"https:\/\/www.suno.com.br\/noticias\/esg-retorno-sustentabilidade-investimentos\/","og_site_name":"Suno Not\u00edcias","article_publisher":"https:\/\/facebook.com\/sunoresearch","og_image":[{"width":1200,"height":800,"url":"https:\/\/files.sunoresearch.com.br\/n\/uploads\/2022\/08\/investimento-esg-unsplash4.jpg","type":"image\/jpeg"}],"author":"Beatriz Boyadjian","twitter_card":"summary_large_image","twitter_creator":"@sunoresearch","twitter_site":"@sunoresearch","twitter_misc":{"Escrito por":"Beatriz Boyadjian","Est. tempo de leitura":"4 minutos"},"schema":{"@context":"https:\/\/schema.org","@graph":[{"@type":"NewsArticle","@id":"https:\/\/www.suno.com.br\/noticias\/esg-retorno-sustentabilidade-investimentos\/#article","isPartOf":{"@id":"https:\/\/www.suno.com.br\/noticias\/esg-retorno-sustentabilidade-investimentos\/"},"author":{"name":"Beatriz Boyadjian","@id":"https:\/\/www.suno.com.br\/noticias\/#\/schema\/person\/c9d40f227e4ffee8114b1299c28902b0"},"headline":"ESG: \u00e9 preciso escolher entre retorno e sustentabilidade?","datePublished":"2022-08-12T15:19:40+00:00","mainEntityOfPage":{"@id":"https:\/\/www.suno.com.br\/noticias\/esg-retorno-sustentabilidade-investimentos\/"},"wordCount":788,"publisher":{"@id":"https:\/\/www.suno.com.br\/noticias\/#organization"},"image":{"@id":"https:\/\/www.suno.com.br\/noticias\/esg-retorno-sustentabilidade-investimentos\/#primaryimage"},"thumbnailUrl":"https:\/\/files.sunoresearch.com.br\/n\/uploads\/2022\/08\/investimento-esg-unsplash4.jpg","keywords":["Blackrock (BLAK34)","BNDES","ESG","XP Investimentos"],"articleSection":["Mercado"],"inLanguage":"pt-BR"},{"@type":"WebPage","@id":"https:\/\/www.suno.com.br\/noticias\/esg-retorno-sustentabilidade-investimentos\/","url":"https:\/\/www.suno.com.br\/noticias\/esg-retorno-sustentabilidade-investimentos\/","name":"ESG: \u00e9 preciso escolher entre retorno e sustentabilidade?","isPartOf":{"@id":"https:\/\/www.suno.com.br\/noticias\/#website"},"primaryImageOfPage":{"@id":"https:\/\/www.suno.com.br\/noticias\/esg-retorno-sustentabilidade-investimentos\/#primaryimage"},"image":{"@id":"https:\/\/www.suno.com.br\/noticias\/esg-retorno-sustentabilidade-investimentos\/#primaryimage"},"thumbnailUrl":"https:\/\/files.sunoresearch.com.br\/n\/uploads\/2022\/08\/investimento-esg-unsplash4.jpg","datePublished":"2022-08-12T15:19:40+00:00","description":"A incorpora\u00e7\u00e3o dos fatores ESG e a gera\u00e7\u00e3o de retorno j\u00e1 \u00e9 um consenso no mercado, e pode trazer mais resili\u00eancia ao investidor.","breadcrumb":{"@id":"https:\/\/www.suno.com.br\/noticias\/esg-retorno-sustentabilidade-investimentos\/#breadcrumb"},"inLanguage":"pt-BR","potentialAction":[{"@type":"ReadAction","target":["https:\/\/www.suno.com.br\/noticias\/esg-retorno-sustentabilidade-investimentos\/"]}]},{"@type":"ImageObject","inLanguage":"pt-BR","@id":"https:\/\/www.suno.com.br\/noticias\/esg-retorno-sustentabilidade-investimentos\/#primaryimage","url":"https:\/\/files.sunoresearch.com.br\/n\/uploads\/2022\/08\/investimento-esg-unsplash4.jpg","contentUrl":"https:\/\/files.sunoresearch.com.br\/n\/uploads\/2022\/08\/investimento-esg-unsplash4.jpg","width":1200,"height":800,"caption":"ESG. Foto: Unsplash"},{"@type":"BreadcrumbList","@id":"https:\/\/www.suno.com.br\/noticias\/esg-retorno-sustentabilidade-investimentos\/#breadcrumb","itemListElement":[{"@type":"ListItem","position":1,"name":"Not\u00edcias","item":"https:\/\/www.suno.com.br\/noticias\/"},{"@type":"ListItem","position":2,"name":"Mercado","item":"https:\/\/www.suno.com.br\/noticias\/mercado\/"},{"@type":"ListItem","position":3,"name":"ESG: \u00e9 preciso escolher entre retorno e sustentabilidade?"}]},{"@type":"WebSite","@id":"https:\/\/www.suno.com.br\/noticias\/#website","url":"https:\/\/www.suno.com.br\/noticias\/","name":"Suno Not\u00edcias","description":"Seu portal de informa\u00e7\u00e3o sobre o mundo dos investimentos","publisher":{"@id":"https:\/\/www.suno.com.br\/noticias\/#organization"},"potentialAction":[{"@type":"SearchAction","target":{"@type":"EntryPoint","urlTemplate":"https:\/\/www.suno.com.br\/noticias\/?s={search_term_string}"},"query-input":{"@type":"PropertyValueSpecification","valueRequired":true,"valueName":"search_term_string"}}],"inLanguage":"pt-BR"},{"@type":"Organization","@id":"https:\/\/www.suno.com.br\/noticias\/#organization","name":"Suno Not\u00edcias","url":"https:\/\/www.suno.com.br\/noticias\/","logo":{"@type":"ImageObject","inLanguage":"pt-BR","@id":"https:\/\/www.suno.com.br\/noticias\/#\/schema\/logo\/image\/","url":"https:\/\/files.sunoresearch.com.br\/n\/uploads\/2021\/09\/suno-logo.png","contentUrl":"https:\/\/files.sunoresearch.com.br\/n\/uploads\/2021\/09\/suno-logo.png","width":180,"height":180,"caption":"Suno Not\u00edcias"},"image":{"@id":"https:\/\/www.suno.com.br\/noticias\/#\/schema\/logo\/image\/"},"sameAs":["https:\/\/facebook.com\/sunoresearch","https:\/\/x.com\/sunoresearch","https:\/\/www.instagram.com\/suno","https:\/\/www.linkedin.com\/company\/suno-research\/","https:\/\/www.youtube.com\/c\/sunoresearch"]},{"@type":"Person","@id":"https:\/\/www.suno.com.br\/noticias\/#\/schema\/person\/c9d40f227e4ffee8114b1299c28902b0","name":"Beatriz Boyadjian","image":{"@type":"ImageObject","inLanguage":"pt-BR","@id":"https:\/\/www.suno.com.br\/noticias\/#\/schema\/person\/image\/","url":"https:\/\/secure.gravatar.com\/avatar\/4c3c59f4030e268f950437c4f36e38b7?s=96&r=g","contentUrl":"https:\/\/secure.gravatar.com\/avatar\/4c3c59f4030e268f950437c4f36e38b7?s=96&r=g","caption":"Beatriz Boyadjian"},"description":"Rep\u00f3rter multim\u00eddia no Suno Not\u00edcias. Jornalista formada pela Faculdade C\u00e1sper L\u00edbero, foi rep\u00f3rter da Forbes Brasil e atuou na cobertura de hard news, economia, neg\u00f3cios e lifestyle. Gerenciou as redes sociais da edi\u00e7\u00e3o brasileira da tradicional revista de neg\u00f3cios. Na M\u00e1quina Cohn&amp;Wolfe, atuou como rela\u00e7\u00f5es p\u00fablicas de clientes do N\u00facleo de Sa\u00fade da empresa. Produziu releases, notas, relat\u00f3rios, entre outros, para empresas como Biomm, Hypera, FIDI. Anteriormente, respons\u00e1vel pelas redes sociais do Suno Not\u00edcias.","sameAs":["https:\/\/www.linkedin.com\/in\/beatriz-boyadjian\/"],"url":"https:\/\/www.suno.com.br\/noticias\/author\/beatriz-boyadjian\/"}]}},"default_loop_html":"<div class=\"cardsPage__listCard__boxs\"><div class=\"cardsPage__listCard__boxs__img\"><a href=\"https:\/\/www.suno.com.br\/noticias\/esg-retorno-sustentabilidade-investimentos\/\"><img class=\"mask\" src=\"https:\/\/www.suno.com.br\/noticias\/wp-content\/themes\/suno\/resources\/images\/spotlight\/spotlight1img\/bg-mask.png\" alt=\"Image Mask\"\/><img src=\"https:\/\/files.sunoresearch.com.br\/n\/uploads\/2022\/08\/investimento-esg-unsplash4-400x200.jpg\" alt=\"ESG: \u00e9 preciso escolher entre retorno e sustentabilidade?\"\/><\/a><span class=\"spotlightCategory\"><a href=\"https:\/\/www.suno.com.br\/noticias\/mercado\/\">Mercado<\/a><\/span><\/div><div class=\"cardsPage__listCard__boxs__content\"><a href=\"https:\/\/www.suno.com.br\/noticias\/esg-retorno-sustentabilidade-investimentos\/\"><h2 class=\"content__title\">ESG: \u00e9 preciso escolher entre retorno e sustentabilidade?<\/h2><\/a><div class=\"newsContent__article__meta\"><div class=\"newsContent__article__meta__authorBox\"><a href=\"https:\/\/www.suno.com.br\/noticias\/author\/beatriz-boyadjian\/\" class=\"authorBox__avatar noMobi\"><img src=\"https:\/\/secure.gravatar.com\/avatar\/4c3c59f4030e268f950437c4f36e38b7?s=96&#038;r=g\" alt=\"Beatriz Boyadjian\"><\/a><div class=\"authorBox__name\"><span>por\n\t\t\t<a href=\"https:\/\/www.suno.com.br\/noticias\/author\/beatriz-boyadjian\/\"><span itemprop=\"author\">Beatriz Boyadjian<\/span><\/a><\/span><time datetime=\"2022-08-12T12:19:40-03:00\" itemprop=\"datePublished\">12\/08\/2022 12:19<\/time><\/div><\/div><\/div><\/div><\/div>","single_layout":"posts","amp_enabled":true,"_links":{"self":[{"href":"https:\/\/www.suno.com.br\/noticias\/wp-json\/wp\/v2\/posts\/284497"}],"collection":[{"href":"https:\/\/www.suno.com.br\/noticias\/wp-json\/wp\/v2\/posts"}],"about":[{"href":"https:\/\/www.suno.com.br\/noticias\/wp-json\/wp\/v2\/types\/post"}],"author":[{"embeddable":true,"href":"https:\/\/www.suno.com.br\/noticias\/wp-json\/wp\/v2\/users\/70"}],"replies":[{"embeddable":true,"href":"https:\/\/www.suno.com.br\/noticias\/wp-json\/wp\/v2\/comments?post=284497"}],"version-history":[{"count":4,"href":"https:\/\/www.suno.com.br\/noticias\/wp-json\/wp\/v2\/posts\/284497\/revisions"}],"predecessor-version":[{"id":284561,"href":"https:\/\/www.suno.com.br\/noticias\/wp-json\/wp\/v2\/posts\/284497\/revisions\/284561"}],"wp:featuredmedia":[{"embeddable":true,"href":"https:\/\/www.suno.com.br\/noticias\/wp-json\/wp\/v2\/media\/284557"}],"wp:attachment":[{"href":"https:\/\/www.suno.com.br\/noticias\/wp-json\/wp\/v2\/media?parent=284497"}],"wp:term":[{"taxonomy":"category","embeddable":true,"href":"https:\/\/www.suno.com.br\/noticias\/wp-json\/wp\/v2\/categories?post=284497"},{"taxonomy":"post_tag","embeddable":true,"href":"https:\/\/www.suno.com.br\/noticias\/wp-json\/wp\/v2\/tags?post=284497"},{"taxonomy":"suno_strategy","embeddable":true,"href":"https:\/\/www.suno.com.br\/noticias\/wp-json\/wp\/v2\/suno_strategy?post=284497"}],"curies":[{"name":"wp","href":"https:\/\/api.w.org\/{rel}","templated":true}]}}