{"id":284469,"date":"2022-08-12T11:29:54","date_gmt":"2022-08-12T14:29:54","guid":{"rendered":"https:\/\/www.suno.com.br\/noticias\/?p=284469"},"modified":"2022-08-12T19:22:53","modified_gmt":"2022-08-12T22:22:53","slug":"via-viia3-acoes-sobem-analistas-2t22","status":"publish","type":"post","link":"https:\/\/www.suno.com.br\/noticias\/via-viia3-acoes-sobem-analistas-2t22\/","title":{"rendered":"Via (VIIA3) dispara 14% ap\u00f3s resultado, mas XP v\u00ea &#8216;trimestre fraco&#8217;"},"content":{"rendered":"<p>As a\u00e7\u00f5es da <strong>Via<\/strong> (<a href=\"https:\/\/www.suno.com.br\/acoes\/viia3\/\">VIIA3<\/a>) fecharam com alta de 14% nesta sexta-feira (12), ap\u00f3s a divulga\u00e7\u00e3o do resultado trimestral da companhia.<\/p><div class=\"videoFull \">\n\t\t\t<div class=\"videoWrapper yt-lazyload center\"\n\t\t\t\tdata-width=\"960\"\n\t\t\t\tdata-height=\"540\"\n\t\t\t\tdata-id=\"ZA3b84U4Yow\"\n\t\t\t\tdata-alt=\"V\u00eddeo do YouTube - clique para reproduzir\"\n\t\t\t\tdata-logo=\"3\"\n\t\t\t\tdata-imagequality=\"maxres\">\n\t\t\t<\/div>\n\t\t<\/div><script type=\"application\/ld+json\">{\"@context\":\"https:\/\/schema.org\",\"@type\":\"VideoObject\",\"name\":\"Magalu (MGLU3) e Via (VIIA3) na contram\u00e3o | Expectativa para Eletrobras (ELET3) e Cosan (CSAN3)\",\"description\":\"Nesta sexta-feira (12), os \u00edndices futuros e as bolsas da Europa operam em alta, \u00e0 medida que o mercado avalia os dados econ\u00f4micos recentes e busca tra\u00e7ar a trajet\u00f3ria da pol\u00edtica monet\u00e1ria e do crescimento econ\u00f4mico. Os destaques de hoje, em indicadores globais, ser\u00e3o a divulga\u00e7\u00e3o dos pre\u00e7os de importa\u00e7\u00e3o e os dados de confian\u00e7a\u2026\",\"duration\":\"PT22M25S\",\"embedUrl\":\"https:\/\/www.youtube.com\/embed\/ZA3b84U4Yow\",\"regionsAllowed\":\"pt-BR\",\"interactionStatistic\":{\"@type\":\"InteractionCounter\",\"interactionType\":{\"@type\":\"WatchAction\"},\"userInteractionCount\":4447},\"thumbnailUrl\":\"https:\/\/i.ytimg.com\/vi\/ZA3b84U4Yow\/default.jpg\",\"uploadDate\":\"2022-08-12T12:28:21Z\"}<\/script>\n\n\t<p>\n\t\t<a href=\"\" target=\"_blank\" data-element=\"shortcode-suno-banner\" title=\"Banner SUNO, clique e saiba mais\">\n\t\t\t<picture>\n\t\t\t\t<source media=\"(max-width: 500px)\" srcset=\"\">\n\t\t\t\t<img class=\"newsContent__article__imgCapa newsContent__article__imgCapa--banner\"\n\t\t\t\t\tsrc=\"\"\n\t\t\t\t\tdata-promo-id=\"250707\"\t\t\t\t\t\t\t\t\t\t\t\t\t\t\talt=\"\"\n\t\t\t\t>\n\t\t\t<\/picture>\n\t\t<\/a>\n\t<\/p>\n\n\n<p>No seu resultado, a varejista reportou R$ 16 milh\u00f5es de <a class=\"suno-keyword\" href=\"https:\/\/www.suno.com.br\/artigos\/lucro-liquido\/\" target=\"_blank\" rel=\"noopener\" data-force=\"no\" data-priority=\"1\">lucro l\u00edquido<\/a>, ante expectativa de mais de R$ 100 milh\u00f5es de preju\u00edzo para o <strong>2T22 da Via<\/strong>, segundo consenso dos analistas.<\/p>\n<p>Os analistas da XP Investimentos classificaram o <strong>resultado da Via<\/strong> como &#8220;fracos&#8221;, contudo. Os especialistas Thiago Suedt, Gustavo Senday e Danniela Eiger, CFA citam que a companhia &#8216;decepcionou no crescimento de receita&#8217; mas tem uma rentabilidade melhorando de forma gradual.<\/p>\n<p>A casa mant\u00e9m recomenda\u00e7\u00e3o neutra para os pap\u00e9is <a href=\"https:\/\/statusinvest.com.br\/acoes\/viia3\"><strong>VIIA3<\/strong><\/a>, com pre\u00e7o-alvo de R$ 3, ante uma cota\u00e7\u00e3o atual de R$ 2,79.<\/p>\n<p>&#8220;O volume geral de vendas caiu 3,5% no comparativo anual, com crescimento de vendas mesmas lojas de 12% no comparativo anual, sustentado pela recupera\u00e7\u00e3o do fluxo de clientes em loja e vendas recorde no Dia das M\u00e3es, que mais que compensaram a press\u00e3o no canal online. Este, por sua vez, foi impactado pelo ambiente macroecon\u00f4mico mais dif\u00edcil e participa\u00e7\u00e3o maior de produtos de calda longa&#8221;, afirmam.<\/p>\n<figure id=\"attachment_284484\" aria-describedby=\"caption-attachment-284484\" style=\"width: 1131px\" class=\"wp-caption aligncenter\"><img loading=\"lazy\" decoding=\"async\" class=\"size-full wp-image-284484\" src=\"https:\/\/files.sunoresearch.com.br\/n\/uploads\/2022\/08\/VIIA.jpg\" alt=\"Resultados da Via no 2T22 ante as proje\u00e7\u00f5es da XP - Foto: Reprodu\u00e7\u00e3o\/XP Investimentos\" width=\"1131\" height=\"371\" srcset=\"https:\/\/files.sunoresearch.com.br\/n\/uploads\/2022\/08\/VIIA.jpg 1131w, https:\/\/files.sunoresearch.com.br\/n\/uploads\/2022\/08\/VIIA-300x98.jpg 300w, https:\/\/files.sunoresearch.com.br\/n\/uploads\/2022\/08\/VIIA-1024x336.jpg 1024w, https:\/\/files.sunoresearch.com.br\/n\/uploads\/2022\/08\/VIIA-768x252.jpg 768w, https:\/\/files.sunoresearch.com.br\/n\/uploads\/2022\/08\/VIIA-150x49.jpg 150w\" sizes=\"(max-width: 1131px) 100vw, 1131px\" \/><figcaption id=\"caption-attachment-284484\" class=\"wp-caption-text\">Resultados da Via no 2T22 ante as proje\u00e7\u00f5es da XP &#8211; Foto: Reprodu\u00e7\u00e3o\/XP Investimentos<\/figcaption><\/figure>\n<p>Quanto \u00e0 rentabilidade, a casa destaca que a <a class=\"suno-keyword\" href=\"https:\/\/www.suno.com.br\/artigos\/margem-bruta-entenda-sua-importancia\/\" target=\"_blank\" rel=\"noopener\" data-force=\"no\" data-priority=\"1\">Margem Bruta<\/a> melhorou 0,5 ponto percentual no trimestre (p.p.). Contudo, cita que isso se deu por conta por conta do aumento das taxas de comiss\u00e3o, que foi de 7,9 pontos percentuais a mais do que em igual trimestre do ano anterior.<\/p>\n<p>&#8220;A <a class=\"suno-keyword\" href=\"https:\/\/www.suno.com.br\/artigos\/margem-ebitda\/\" target=\"_blank\" rel=\"noopener\" data-force=\"no\" data-priority=\"1\">Margem EBITDA<\/a> foi o principal destaque, com crescimento de 3,6% pontos percentuais no ano, sustentado por ganhos de produtividade e otimiza\u00e7\u00e3o de despesas com marketing&#8221;, afirma a XP.<\/p>\n<h3>Os analistas ainda frisam tr\u00eas pontos de destaque no resultado do 2T22<\/h3>\n<ul>\n<li>Taxas de inadimpl\u00eancia permaneceram praticamente est\u00e1veis na compara\u00e7\u00e3o anual (em 4,7%), mas cresceram 1,1p.p. em rela\u00e7\u00e3o ao trimestre anterior, enquanto o \u00edndice de cobertura caiu em termos anuais e trimestrais (+2,3p.p. e -0,9p.p. respectivamente)<\/li>\n<li>A opera\u00e7\u00e3o de marketplace alcan\u00e7ou breakeven durante o trimestre<\/li>\n<li>A a opera\u00e7\u00e3o de fulfillment que foi lan\u00e7ada recentemente equivalente a 16% das entregas no 3P<\/li>\n<\/ul>\n\t<p>\n\t\t<a href=\"https:\/\/lp.suno.com.br\/planilha-controle-gastos\/\" target=\"_blank\" data-element=\"shortcode-suno-banner\" title=\"Banner SUNO, clique e saiba mais\">\n\t\t\t<picture>\n\t\t\t\t<source media=\"(max-width: 500px)\" srcset=\"https:\/\/files.sunoresearch.com.br\/n\/uploads\/2023\/03\/400x300-Planilha-controle-de-gastos.png\">\n\t\t\t\t<img class=\"newsContent__article__imgCapa newsContent__article__imgCapa--banner\"\n\t\t\t\t\tsrc=\"https:\/\/files.sunoresearch.com.br\/n\/uploads\/2023\/03\/1420x240-Planilha-controle-de-gastos.png\"\n\t\t\t\t\tdata-promo-id=\"101751\"\t\t\t\t\t\t\t\t\t\twidth='1420' height='240'\t\t\t\t\talt=\"https:\/\/files.sunoresearch.com.br\/n\/uploads\/2023\/03\/1420x240-Planilha-controle-de-gastos.png\"\n\t\t\t\t>\n\t\t\t<\/picture>\n\t\t<\/a>\n\t<\/p>\n\n\n<h2>Genial destaca 2T22 &#8216;misto e em linha&#8217;<\/h2>\n<p>Vendo os n\u00fameros, os analistas da Genial Investimentos atestam que os &#8216;resultados de Top Line foram em sua maioria mistos&#8217; e &#8216;em linha com as expectativas&#8217;.<\/p>\n<p>&#8220;Com um cen\u00e1rio bastante desafiador no varejo, a estrada de <strong>crescimento da Via (VIIA3)<\/strong> tem v\u00e1rias pedras no caminho. Os, ganhos de efici\u00eancia operacional marcaram o resultado e ajudaram a suavizar o efeito. O Lucro l\u00edquido surpreende positivamente&#8221;, dizem os analistas Iago Souza e Igor Guedes.<\/p>\n\n\t<div data-element=\"shortcode-read-more\" class=\"readToo\">\n\t\t\t\t<span class=\"readToo__title\">Leia mais<\/span>\n\t\t\t\t<ul class=\"readToo__list\">\n\t\t\t<li><a href=\"https:\/\/www.suno.com.br\/noticias\/magazine-luiza-mglu3-2t22-complicado-xp\/\">Magazine Luiza (MGLU3): Cen\u00e1rio segue desafiador, mas caixa de R$ 1 bi \u00e9 positivo<\/a><\/li><li><a href=\"https:\/\/www.suno.com.br\/noticias\/eletrobras-elet3-cemig-cmig4-cosan-csan3-divulgam-resultados-do-2t22-balancos\/\">Eletrobras (ELET3), Cemig (CMIG4) e Cosan (CSAN3) divulgam resultados do 2T22: Veja a agenda de hoje (11)<\/a><\/li><li><a href=\"https:\/\/www.suno.com.br\/noticias\/semana-tematica-esg-final\/\">Semana do ESG: perdeu alguma coisa? Veja trilha sobre investimentos sustent\u00e1veis<\/a><\/li>\t\t<\/ul>\n\t<\/div>\n\n\n<p>&#8220;Entendemos que o cen\u00e1rio \u00e9 de fato desafiador, e apesar de acreditarmos que possa haver uma melhora no 2S22 devido ao aumento do Aux\u00edlio Brasil e da redu\u00e7\u00e3o de ICMS sobre energia e combust\u00edveis, gerando aumento da renda dispon\u00edvel do consumidor, a maior parte dessa renda dever\u00e1 ser alocada no setor de servi\u00e7os, que apresenta ainda dados de infla\u00e7\u00e3o acelerada mesmo com a cesta como um todo causando defla\u00e7\u00e3o de 0,68% em julho&#8221;, seguem.<\/p>\n<p>A recomenda\u00e7\u00e3o \u00e9 &#8220;manter&#8221; &#8211; equivalente \u00e0 ao r\u00f3tulo de &#8216;neutro&#8217; &#8211; com pre\u00e7o-alvo de R$ 4.<\/p>\n<h2>O que o consenso esperava para a Via?<\/h2>\n<p><a href=\"https:\/\/www.suno.com.br\/noticias\/via-viia3-expectativa-resultado-2t22\/\">Conforme reportado pelo Suno Not\u00edcias<\/a>, expectativa do consenso Bloomberg era de que a varejista reportasse um preju\u00edzo l\u00edquido de R$ 115 milh\u00f5es.<\/p>\n<p>As expectativas com o resultado vieram em meio \u00e0s proje\u00e7\u00f5es pouco otimistas com o segmento de varejo.<\/p>\n<p>Com infla\u00e7\u00e3o de dois d\u00edgitos e um ciclo altista de juros, analistas discutem a possibilidade de recupera\u00e7\u00e3o das varejistas que s\u00e3o vinculadas \u00e0s vendas de eletroeletr\u00f4nico no longo prazo.<\/p>\n<p>Al\u00e9m do preju\u00edzo, o consenso Bloomberg esperava R$ 8,1 bilh\u00f5es de <a class=\"suno-keyword\" href=\"https:\/\/www.suno.com.br\/artigos\/o-que-receita-liquida\/\" target=\"_blank\" rel=\"noopener\" data-force=\"no\" data-priority=\"1\">receita l\u00edquida<\/a>, R$ 632 milh\u00f5es de Ebitda e 7,8% de <a class=\"suno-keyword\" href=\"https:\/\/www.suno.com.br\/artigos\/margem-ebitda\/\" target=\"_blank\" rel=\"noopener\" data-force=\"no\" data-priority=\"1\">Margem Ebitda<\/a> para a <strong>Via<\/strong> no 2T22.<\/p>\n\t<p>\n\t\t<a href=\"https:\/\/lp.suno.com.br\/ebook-como-analisar-uma-acao\/\" target=\"_blank\" data-element=\"shortcode-suno-banner\" title=\"Banner SUNO, clique e saiba mais\">\n\t\t\t<picture>\n\t\t\t\t<source media=\"(max-width: 500px)\" srcset=\"https:\/\/files.sunoresearch.com.br\/n\/uploads\/2023\/03\/Ebook-Acoes-Mobile-1.jpg\">\n\t\t\t\t<img class=\"newsContent__article__imgCapa newsContent__article__imgCapa--banner\"\n\t\t\t\t\tsrc=\"https:\/\/files.sunoresearch.com.br\/n\/uploads\/2023\/03\/Ebook-Acoes-Desktop-1.jpg\"\n\t\t\t\t\tdata-promo-id=\"171998\"\t\t\t\t\t\t\t\t\t\twidth='1420' height='286'\t\t\t\t\talt=\"https:\/\/files.sunoresearch.com.br\/n\/uploads\/2023\/03\/Ebook-Acoes-Desktop-1.jpg\"\n\t\t\t\t>\n\t\t\t<\/picture>\n\t\t<\/a>\n\t<\/p>\n\n\n","protected":false},"excerpt":{"rendered":"<p>As a\u00e7\u00f5es da Via (VIIA3) fecharam com alta de 14% nesta sexta-feira (12), ap\u00f3s a divulga\u00e7\u00e3o do resultado trimestral da companhia. ESG &#8211; Fonte: Canva No seu resultado, a varejista reportou R$ 16 milh\u00f5es de lucro l\u00edquido, ante expectativa de mais de R$ 100 milh\u00f5es de preju\u00edzo para o 2T22 da Via, segundo consenso dos [&hellip;]<\/p>\n","protected":false},"author":73,"featured_media":181815,"comment_status":"closed","ping_status":"closed","sticky":false,"template":"","format":"standard","meta":[],"categories":[64],"tags":[105816,1607,106935],"suno_strategy":[],"class_list":["post-284469","post","type-post","status-publish","format-standard","has-post-thumbnail","hentry","category-negocios","tag-especialistas","tag-resultado-das-empresas","tag-via-viia3"],"yoast_head":"<!-- This site is optimized with the Yoast SEO plugin v24.4 - https:\/\/yoast.com\/wordpress\/plugins\/seo\/ -->\n<title>Via (VIIA3) dispara 14% ap\u00f3s resultado, mas XP v\u00ea &#039;trimestre fraco&#039;<\/title>\n<meta name=\"description\" content=\"A Via reportou R$ 16 milh\u00f5es de lucro l\u00edquido, ante expectativa de mais de R$ 100 milh\u00f5es de preju\u00edzo. Clique aqui e leia mais!\" \/>\n<meta name=\"robots\" content=\"index, follow, max-snippet:-1, max-image-preview:large, max-video-preview:-1\" \/>\n<link rel=\"canonical\" href=\"https:\/\/www.suno.com.br\/noticias\/via-viia3-acoes-sobem-analistas-2t22\/\" \/>\n<meta property=\"og:locale\" content=\"pt_BR\" \/>\n<meta property=\"og:type\" content=\"article\" \/>\n<meta property=\"og:title\" content=\"Via (VIIA3) dispara 14% ap\u00f3s resultado, mas XP v\u00ea &#039;trimestre fraco&#039;\" \/>\n<meta property=\"og:description\" content=\"A Via reportou R$ 16 milh\u00f5es de lucro l\u00edquido, ante expectativa de mais de R$ 100 milh\u00f5es de preju\u00edzo. Clique aqui e leia mais!\" \/>\n<meta property=\"og:url\" content=\"https:\/\/www.suno.com.br\/noticias\/via-viia3-acoes-sobem-analistas-2t22\/\" \/>\n<meta property=\"og:site_name\" content=\"Suno Not\u00edcias\" \/>\n<meta property=\"article:publisher\" content=\"https:\/\/facebook.com\/sunoresearch\" \/>\n<meta property=\"og:image\" content=\"https:\/\/files.sunoresearch.com.br\/n\/uploads\/2021\/09\/Via-VIIA3-divulgacao-e1646664217593.jpg\" \/>\n\t<meta property=\"og:image:width\" content=\"2274\" \/>\n\t<meta property=\"og:image:height\" content=\"1364\" \/>\n\t<meta property=\"og:image:type\" content=\"image\/jpeg\" \/>\n<meta name=\"author\" content=\"Eduardo Vargas\" \/>\n<meta name=\"twitter:card\" content=\"summary_large_image\" \/>\n<meta name=\"twitter:creator\" content=\"@sunoresearch\" \/>\n<meta name=\"twitter:site\" content=\"@sunoresearch\" \/>\n<meta name=\"twitter:label1\" content=\"Escrito por\" \/>\n\t<meta name=\"twitter:data1\" content=\"Eduardo Vargas\" \/>\n\t<meta name=\"twitter:label2\" content=\"Est. tempo de leitura\" \/>\n\t<meta name=\"twitter:data2\" content=\"4 minutos\" \/>\n<script type=\"application\/ld+json\" class=\"yoast-schema-graph\">{\"@context\":\"https:\/\/schema.org\",\"@graph\":[{\"@type\":\"NewsArticle\",\"@id\":\"https:\/\/www.suno.com.br\/noticias\/via-viia3-acoes-sobem-analistas-2t22\/#article\",\"isPartOf\":{\"@id\":\"https:\/\/www.suno.com.br\/noticias\/via-viia3-acoes-sobem-analistas-2t22\/\"},\"author\":{\"name\":\"Eduardo Vargas\",\"@id\":\"https:\/\/www.suno.com.br\/noticias\/#\/schema\/person\/7f4d362bf3518e76090143ae77bb49a5\"},\"headline\":\"Via (VIIA3) dispara 14% ap\u00f3s resultado, mas XP v\u00ea &#8216;trimestre fraco&#8217;\",\"datePublished\":\"2022-08-12T14:29:54+00:00\",\"dateModified\":\"2022-08-12T22:22:53+00:00\",\"mainEntityOfPage\":{\"@id\":\"https:\/\/www.suno.com.br\/noticias\/via-viia3-acoes-sobem-analistas-2t22\/\"},\"wordCount\":695,\"publisher\":{\"@id\":\"https:\/\/www.suno.com.br\/noticias\/#organization\"},\"image\":{\"@id\":\"https:\/\/www.suno.com.br\/noticias\/via-viia3-acoes-sobem-analistas-2t22\/#primaryimage\"},\"thumbnailUrl\":\"https:\/\/files.sunoresearch.com.br\/n\/uploads\/2021\/09\/Via-VIIA3-divulgacao-e1646664217593.jpg\",\"keywords\":[\"Especialistas\",\"Resultado das empresas\",\"Via (VIIA3)\"],\"articleSection\":[\"Neg\u00f3cios\"],\"inLanguage\":\"pt-BR\"},{\"@type\":\"WebPage\",\"@id\":\"https:\/\/www.suno.com.br\/noticias\/via-viia3-acoes-sobem-analistas-2t22\/\",\"url\":\"https:\/\/www.suno.com.br\/noticias\/via-viia3-acoes-sobem-analistas-2t22\/\",\"name\":\"Via (VIIA3) dispara 14% ap\u00f3s resultado, mas XP v\u00ea 'trimestre fraco'\",\"isPartOf\":{\"@id\":\"https:\/\/www.suno.com.br\/noticias\/#website\"},\"primaryImageOfPage\":{\"@id\":\"https:\/\/www.suno.com.br\/noticias\/via-viia3-acoes-sobem-analistas-2t22\/#primaryimage\"},\"image\":{\"@id\":\"https:\/\/www.suno.com.br\/noticias\/via-viia3-acoes-sobem-analistas-2t22\/#primaryimage\"},\"thumbnailUrl\":\"https:\/\/files.sunoresearch.com.br\/n\/uploads\/2021\/09\/Via-VIIA3-divulgacao-e1646664217593.jpg\",\"datePublished\":\"2022-08-12T14:29:54+00:00\",\"dateModified\":\"2022-08-12T22:22:53+00:00\",\"description\":\"A Via reportou R$ 16 milh\u00f5es de lucro l\u00edquido, ante expectativa de mais de R$ 100 milh\u00f5es de preju\u00edzo. Clique aqui e leia mais!\",\"breadcrumb\":{\"@id\":\"https:\/\/www.suno.com.br\/noticias\/via-viia3-acoes-sobem-analistas-2t22\/#breadcrumb\"},\"inLanguage\":\"pt-BR\",\"potentialAction\":[{\"@type\":\"ReadAction\",\"target\":[\"https:\/\/www.suno.com.br\/noticias\/via-viia3-acoes-sobem-analistas-2t22\/\"]}]},{\"@type\":\"ImageObject\",\"inLanguage\":\"pt-BR\",\"@id\":\"https:\/\/www.suno.com.br\/noticias\/via-viia3-acoes-sobem-analistas-2t22\/#primaryimage\",\"url\":\"https:\/\/files.sunoresearch.com.br\/n\/uploads\/2021\/09\/Via-VIIA3-divulgacao-e1646664217593.jpg\",\"contentUrl\":\"https:\/\/files.sunoresearch.com.br\/n\/uploads\/2021\/09\/Via-VIIA3-divulgacao-e1646664217593.jpg\",\"width\":2274,\"height\":1364,\"caption\":\"Via (VIIA3) - Foto: Divulga\u00e7\u00e3o\"},{\"@type\":\"BreadcrumbList\",\"@id\":\"https:\/\/www.suno.com.br\/noticias\/via-viia3-acoes-sobem-analistas-2t22\/#breadcrumb\",\"itemListElement\":[{\"@type\":\"ListItem\",\"position\":1,\"name\":\"Not\u00edcias\",\"item\":\"https:\/\/www.suno.com.br\/noticias\/\"},{\"@type\":\"ListItem\",\"position\":2,\"name\":\"Neg\u00f3cios\",\"item\":\"https:\/\/www.suno.com.br\/noticias\/negocios\/\"},{\"@type\":\"ListItem\",\"position\":3,\"name\":\"Via (VIIA3) dispara 14% ap\u00f3s resultado, mas XP v\u00ea &#8216;trimestre fraco&#8217;\"}]},{\"@type\":\"WebSite\",\"@id\":\"https:\/\/www.suno.com.br\/noticias\/#website\",\"url\":\"https:\/\/www.suno.com.br\/noticias\/\",\"name\":\"Suno Not\u00edcias\",\"description\":\"Seu portal de informa\u00e7\u00e3o sobre o mundo dos investimentos\",\"publisher\":{\"@id\":\"https:\/\/www.suno.com.br\/noticias\/#organization\"},\"potentialAction\":[{\"@type\":\"SearchAction\",\"target\":{\"@type\":\"EntryPoint\",\"urlTemplate\":\"https:\/\/www.suno.com.br\/noticias\/?s={search_term_string}\"},\"query-input\":{\"@type\":\"PropertyValueSpecification\",\"valueRequired\":true,\"valueName\":\"search_term_string\"}}],\"inLanguage\":\"pt-BR\"},{\"@type\":\"Organization\",\"@id\":\"https:\/\/www.suno.com.br\/noticias\/#organization\",\"name\":\"Suno Not\u00edcias\",\"url\":\"https:\/\/www.suno.com.br\/noticias\/\",\"logo\":{\"@type\":\"ImageObject\",\"inLanguage\":\"pt-BR\",\"@id\":\"https:\/\/www.suno.com.br\/noticias\/#\/schema\/logo\/image\/\",\"url\":\"https:\/\/files.sunoresearch.com.br\/n\/uploads\/2021\/09\/suno-logo.png\",\"contentUrl\":\"https:\/\/files.sunoresearch.com.br\/n\/uploads\/2021\/09\/suno-logo.png\",\"width\":180,\"height\":180,\"caption\":\"Suno Not\u00edcias\"},\"image\":{\"@id\":\"https:\/\/www.suno.com.br\/noticias\/#\/schema\/logo\/image\/\"},\"sameAs\":[\"https:\/\/facebook.com\/sunoresearch\",\"https:\/\/x.com\/sunoresearch\",\"https:\/\/www.instagram.com\/suno\",\"https:\/\/www.linkedin.com\/company\/suno-research\/\",\"https:\/\/www.youtube.com\/c\/sunoresearch\"]},{\"@type\":\"Person\",\"@id\":\"https:\/\/www.suno.com.br\/noticias\/#\/schema\/person\/7f4d362bf3518e76090143ae77bb49a5\",\"name\":\"Eduardo Vargas\",\"image\":{\"@type\":\"ImageObject\",\"inLanguage\":\"pt-BR\",\"@id\":\"https:\/\/www.suno.com.br\/noticias\/#\/schema\/person\/image\/\",\"url\":\"https:\/\/secure.gravatar.com\/avatar\/dac340933427a22924c9f99d1eb2e3f2?s=96&r=g\",\"contentUrl\":\"https:\/\/secure.gravatar.com\/avatar\/dac340933427a22924c9f99d1eb2e3f2?s=96&r=g\",\"caption\":\"Eduardo Vargas\"},\"description\":\"Jornalista formado pela UFSC, cobre macroeconomia, neg\u00f3cios e startups para o Suno Not\u00edcias, escrevendo principalmente not\u00edcias sobre o mercado financeiro e a bolsa de valores. No YouTube e no Instagram, \u00e9 respons\u00e1vel pela produ\u00e7\u00e3o de Reels e Shorts do Suno Not\u00edcias. Anteriormente, trabalhou cobrindo economia e cotidiano no ND+ e para o ND, maior jornal impresso de Santa Catarina. Cursou um semestre letivo de Estudos de M\u00eddia na Universidad de Buenos Aires.\",\"url\":\"https:\/\/www.suno.com.br\/noticias\/author\/eduardo-vargas\/\"}]}<\/script>\n<!-- \/ Yoast SEO plugin. -->","yoast_head_json":{"title":"Via (VIIA3) dispara 14% ap\u00f3s resultado, mas XP v\u00ea 'trimestre fraco'","description":"A Via reportou R$ 16 milh\u00f5es de lucro l\u00edquido, ante expectativa de mais de R$ 100 milh\u00f5es de preju\u00edzo. Clique aqui e leia mais!","robots":{"index":"index","follow":"follow","max-snippet":"max-snippet:-1","max-image-preview":"max-image-preview:large","max-video-preview":"max-video-preview:-1"},"canonical":"https:\/\/www.suno.com.br\/noticias\/via-viia3-acoes-sobem-analistas-2t22\/","og_locale":"pt_BR","og_type":"article","og_title":"Via (VIIA3) dispara 14% ap\u00f3s resultado, mas XP v\u00ea 'trimestre fraco'","og_description":"A Via reportou R$ 16 milh\u00f5es de lucro l\u00edquido, ante expectativa de mais de R$ 100 milh\u00f5es de preju\u00edzo. Clique aqui e leia mais!","og_url":"https:\/\/www.suno.com.br\/noticias\/via-viia3-acoes-sobem-analistas-2t22\/","og_site_name":"Suno Not\u00edcias","article_publisher":"https:\/\/facebook.com\/sunoresearch","og_image":[{"width":2274,"height":1364,"url":"https:\/\/files.sunoresearch.com.br\/n\/uploads\/2021\/09\/Via-VIIA3-divulgacao-e1646664217593.jpg","type":"image\/jpeg"}],"author":"Eduardo Vargas","twitter_card":"summary_large_image","twitter_creator":"@sunoresearch","twitter_site":"@sunoresearch","twitter_misc":{"Escrito por":"Eduardo Vargas","Est. tempo de leitura":"4 minutos"},"schema":{"@context":"https:\/\/schema.org","@graph":[{"@type":"NewsArticle","@id":"https:\/\/www.suno.com.br\/noticias\/via-viia3-acoes-sobem-analistas-2t22\/#article","isPartOf":{"@id":"https:\/\/www.suno.com.br\/noticias\/via-viia3-acoes-sobem-analistas-2t22\/"},"author":{"name":"Eduardo Vargas","@id":"https:\/\/www.suno.com.br\/noticias\/#\/schema\/person\/7f4d362bf3518e76090143ae77bb49a5"},"headline":"Via (VIIA3) dispara 14% ap\u00f3s resultado, mas XP v\u00ea &#8216;trimestre fraco&#8217;","datePublished":"2022-08-12T14:29:54+00:00","dateModified":"2022-08-12T22:22:53+00:00","mainEntityOfPage":{"@id":"https:\/\/www.suno.com.br\/noticias\/via-viia3-acoes-sobem-analistas-2t22\/"},"wordCount":695,"publisher":{"@id":"https:\/\/www.suno.com.br\/noticias\/#organization"},"image":{"@id":"https:\/\/www.suno.com.br\/noticias\/via-viia3-acoes-sobem-analistas-2t22\/#primaryimage"},"thumbnailUrl":"https:\/\/files.sunoresearch.com.br\/n\/uploads\/2021\/09\/Via-VIIA3-divulgacao-e1646664217593.jpg","keywords":["Especialistas","Resultado das empresas","Via (VIIA3)"],"articleSection":["Neg\u00f3cios"],"inLanguage":"pt-BR"},{"@type":"WebPage","@id":"https:\/\/www.suno.com.br\/noticias\/via-viia3-acoes-sobem-analistas-2t22\/","url":"https:\/\/www.suno.com.br\/noticias\/via-viia3-acoes-sobem-analistas-2t22\/","name":"Via (VIIA3) dispara 14% ap\u00f3s resultado, mas XP v\u00ea 'trimestre fraco'","isPartOf":{"@id":"https:\/\/www.suno.com.br\/noticias\/#website"},"primaryImageOfPage":{"@id":"https:\/\/www.suno.com.br\/noticias\/via-viia3-acoes-sobem-analistas-2t22\/#primaryimage"},"image":{"@id":"https:\/\/www.suno.com.br\/noticias\/via-viia3-acoes-sobem-analistas-2t22\/#primaryimage"},"thumbnailUrl":"https:\/\/files.sunoresearch.com.br\/n\/uploads\/2021\/09\/Via-VIIA3-divulgacao-e1646664217593.jpg","datePublished":"2022-08-12T14:29:54+00:00","dateModified":"2022-08-12T22:22:53+00:00","description":"A Via reportou R$ 16 milh\u00f5es de lucro l\u00edquido, ante expectativa de mais de R$ 100 milh\u00f5es de preju\u00edzo. Clique aqui e leia mais!","breadcrumb":{"@id":"https:\/\/www.suno.com.br\/noticias\/via-viia3-acoes-sobem-analistas-2t22\/#breadcrumb"},"inLanguage":"pt-BR","potentialAction":[{"@type":"ReadAction","target":["https:\/\/www.suno.com.br\/noticias\/via-viia3-acoes-sobem-analistas-2t22\/"]}]},{"@type":"ImageObject","inLanguage":"pt-BR","@id":"https:\/\/www.suno.com.br\/noticias\/via-viia3-acoes-sobem-analistas-2t22\/#primaryimage","url":"https:\/\/files.sunoresearch.com.br\/n\/uploads\/2021\/09\/Via-VIIA3-divulgacao-e1646664217593.jpg","contentUrl":"https:\/\/files.sunoresearch.com.br\/n\/uploads\/2021\/09\/Via-VIIA3-divulgacao-e1646664217593.jpg","width":2274,"height":1364,"caption":"Via (VIIA3) - Foto: Divulga\u00e7\u00e3o"},{"@type":"BreadcrumbList","@id":"https:\/\/www.suno.com.br\/noticias\/via-viia3-acoes-sobem-analistas-2t22\/#breadcrumb","itemListElement":[{"@type":"ListItem","position":1,"name":"Not\u00edcias","item":"https:\/\/www.suno.com.br\/noticias\/"},{"@type":"ListItem","position":2,"name":"Neg\u00f3cios","item":"https:\/\/www.suno.com.br\/noticias\/negocios\/"},{"@type":"ListItem","position":3,"name":"Via (VIIA3) dispara 14% ap\u00f3s resultado, mas XP v\u00ea &#8216;trimestre fraco&#8217;"}]},{"@type":"WebSite","@id":"https:\/\/www.suno.com.br\/noticias\/#website","url":"https:\/\/www.suno.com.br\/noticias\/","name":"Suno Not\u00edcias","description":"Seu portal de informa\u00e7\u00e3o sobre o mundo dos investimentos","publisher":{"@id":"https:\/\/www.suno.com.br\/noticias\/#organization"},"potentialAction":[{"@type":"SearchAction","target":{"@type":"EntryPoint","urlTemplate":"https:\/\/www.suno.com.br\/noticias\/?s={search_term_string}"},"query-input":{"@type":"PropertyValueSpecification","valueRequired":true,"valueName":"search_term_string"}}],"inLanguage":"pt-BR"},{"@type":"Organization","@id":"https:\/\/www.suno.com.br\/noticias\/#organization","name":"Suno Not\u00edcias","url":"https:\/\/www.suno.com.br\/noticias\/","logo":{"@type":"ImageObject","inLanguage":"pt-BR","@id":"https:\/\/www.suno.com.br\/noticias\/#\/schema\/logo\/image\/","url":"https:\/\/files.sunoresearch.com.br\/n\/uploads\/2021\/09\/suno-logo.png","contentUrl":"https:\/\/files.sunoresearch.com.br\/n\/uploads\/2021\/09\/suno-logo.png","width":180,"height":180,"caption":"Suno Not\u00edcias"},"image":{"@id":"https:\/\/www.suno.com.br\/noticias\/#\/schema\/logo\/image\/"},"sameAs":["https:\/\/facebook.com\/sunoresearch","https:\/\/x.com\/sunoresearch","https:\/\/www.instagram.com\/suno","https:\/\/www.linkedin.com\/company\/suno-research\/","https:\/\/www.youtube.com\/c\/sunoresearch"]},{"@type":"Person","@id":"https:\/\/www.suno.com.br\/noticias\/#\/schema\/person\/7f4d362bf3518e76090143ae77bb49a5","name":"Eduardo Vargas","image":{"@type":"ImageObject","inLanguage":"pt-BR","@id":"https:\/\/www.suno.com.br\/noticias\/#\/schema\/person\/image\/","url":"https:\/\/secure.gravatar.com\/avatar\/dac340933427a22924c9f99d1eb2e3f2?s=96&r=g","contentUrl":"https:\/\/secure.gravatar.com\/avatar\/dac340933427a22924c9f99d1eb2e3f2?s=96&r=g","caption":"Eduardo Vargas"},"description":"Jornalista formado pela UFSC, cobre macroeconomia, neg\u00f3cios e startups para o Suno Not\u00edcias, escrevendo principalmente not\u00edcias sobre o mercado financeiro e a bolsa de valores. No YouTube e no Instagram, \u00e9 respons\u00e1vel pela produ\u00e7\u00e3o de Reels e Shorts do Suno Not\u00edcias. Anteriormente, trabalhou cobrindo economia e cotidiano no ND+ e para o ND, maior jornal impresso de Santa Catarina. Cursou um semestre letivo de Estudos de M\u00eddia na Universidad de Buenos Aires.","url":"https:\/\/www.suno.com.br\/noticias\/author\/eduardo-vargas\/"}]}},"default_loop_html":"<div class=\"cardsPage__listCard__boxs\"><div class=\"cardsPage__listCard__boxs__img\"><a href=\"https:\/\/www.suno.com.br\/noticias\/semana-tematica-esg-final\/\"><img class=\"mask\" src=\"https:\/\/www.suno.com.br\/noticias\/wp-content\/themes\/suno\/resources\/images\/spotlight\/spotlight1img\/bg-mask.png\" alt=\"Image Mask\"\/><img src=\"https:\/\/files.sunoresearch.com.br\/n\/uploads\/2022\/08\/semana-esg-final-400x200.jpg\" alt=\"Semana do ESG: perdeu alguma coisa? Veja trilha sobre investimentos sustent\u00e1veis\"\/><\/a><span class=\"spotlightCategory\"><a href=\"https:\/\/www.suno.com.br\/noticias\/negocios\/\">Neg\u00f3cios<\/a><\/span><\/div><div class=\"cardsPage__listCard__boxs__content\"><a href=\"https:\/\/www.suno.com.br\/noticias\/semana-tematica-esg-final\/\"><h2 class=\"content__title\">Semana do ESG: perdeu alguma coisa? Veja trilha sobre investimentos sustent\u00e1veis<\/h2><\/a><div class=\"newsContent__article__meta\"><div class=\"newsContent__article__meta__authorBox\"><a href=\"https:\/\/www.suno.com.br\/noticias\/author\/gustavo-silva\/\" class=\"authorBox__avatar noMobi\"><img src=\"https:\/\/files.sunoresearch.com.br\/n\/uploads\/2024\/06\/41337ec3172142e15d749bd3a95a5216.jpeg\" alt=\"Gustavo Bianch\"><\/a><div class=\"authorBox__name\"><span>por\n\t\t\t<a href=\"https:\/\/www.suno.com.br\/noticias\/author\/gustavo-silva\/\"><span itemprop=\"author\">Gustavo Bianch<\/span><\/a><\/span><time datetime=\"2022-08-12T09:50:57-03:00\" itemprop=\"datePublished\">12\/08\/2022 09:50<\/time><\/div><\/div><\/div><\/div><\/div>","single_layout":"posts","amp_enabled":true,"_links":{"self":[{"href":"https:\/\/www.suno.com.br\/noticias\/wp-json\/wp\/v2\/posts\/284469"}],"collection":[{"href":"https:\/\/www.suno.com.br\/noticias\/wp-json\/wp\/v2\/posts"}],"about":[{"href":"https:\/\/www.suno.com.br\/noticias\/wp-json\/wp\/v2\/types\/post"}],"author":[{"embeddable":true,"href":"https:\/\/www.suno.com.br\/noticias\/wp-json\/wp\/v2\/users\/73"}],"replies":[{"embeddable":true,"href":"https:\/\/www.suno.com.br\/noticias\/wp-json\/wp\/v2\/comments?post=284469"}],"version-history":[{"count":4,"href":"https:\/\/www.suno.com.br\/noticias\/wp-json\/wp\/v2\/posts\/284469\/revisions"}],"predecessor-version":[{"id":284716,"href":"https:\/\/www.suno.com.br\/noticias\/wp-json\/wp\/v2\/posts\/284469\/revisions\/284716"}],"wp:featuredmedia":[{"embeddable":true,"href":"https:\/\/www.suno.com.br\/noticias\/wp-json\/wp\/v2\/media\/181815"}],"wp:attachment":[{"href":"https:\/\/www.suno.com.br\/noticias\/wp-json\/wp\/v2\/media?parent=284469"}],"wp:term":[{"taxonomy":"category","embeddable":true,"href":"https:\/\/www.suno.com.br\/noticias\/wp-json\/wp\/v2\/categories?post=284469"},{"taxonomy":"post_tag","embeddable":true,"href":"https:\/\/www.suno.com.br\/noticias\/wp-json\/wp\/v2\/tags?post=284469"},{"taxonomy":"suno_strategy","embeddable":true,"href":"https:\/\/www.suno.com.br\/noticias\/wp-json\/wp\/v2\/suno_strategy?post=284469"}],"curies":[{"name":"wp","href":"https:\/\/api.w.org\/{rel}","templated":true}]}}