{"id":284411,"date":"2022-08-13T09:30:52","date_gmt":"2022-08-13T12:30:52","guid":{"rendered":"https:\/\/www.suno.com.br\/noticias\/?p=284411"},"modified":"2022-08-12T23:48:50","modified_gmt":"2022-08-13T02:48:50","slug":"btg-bpac11-weg-wege3-agenda-dividendos-semana","status":"publish","type":"post","link":"https:\/\/www.suno.com.br\/noticias\/btg-bpac11-weg-wege3-agenda-dividendos-semana\/","title":{"rendered":"BTG Pactual (BPAC11) e Weg (WEGE3): Veja as datas de corte e quem vai pagar dividendos na semana"},"content":{"rendered":"<p>A terceira semana de agosto traz os <strong>dividendos<\/strong> que os investidores tanto esperam receber das empresas que investem. Companhias de peso na Bolsa anunciaram que entre os dias 15 e 19 de agosto pagar\u00e3o proventos aos seus investidores.<\/p>\t<div class=\"wrapper-featured-image\">\n\t\t<figure class=\"spotlightImg\">\n\n\t\t\t<picture>\n\t\t\t\t<source media=\"(max-width: 768px)\" srcset=\"https:\/\/files.sunoresearch.com.br\/n\/uploads\/2022\/07\/dividendos-suno-2-400x200.jpg\">\n\t\t\t\t<img loading=\"lazy\" decoding=\"async\" class=\"newsContent__article__imgCapa lazyloadDisabled \" src=\"https:\/\/files.sunoresearch.com.br\/n\/uploads\/2022\/07\/dividendos-suno-2-800x450.jpg\" width=\"800\" height=\"450\" alt=\"BTG Pactual (BPAC11) e Weg (WEGE3): Veja as datas de corte e quem vai pagar dividendos na semana\" fetchpriority=high \/>\n\t\t\t<\/picture>\n\n\t\t\t<figcaption class=\"wp-caption-text wp-caption-text--show\">ALZR11 divulga novo pagamento de dividendos. Foto: Pixabay<\/figcaption>\n\t\t<\/figure>\n\t<\/div>\n\n\n\t<p>\n\t\t<a href=\"\" target=\"_blank\" data-element=\"shortcode-suno-banner\" title=\"Banner SUNO, clique e saiba mais\">\n\t\t\t<picture>\n\t\t\t\t<source media=\"(max-width: 500px)\" srcset=\"\">\n\t\t\t\t<img class=\"newsContent__article__imgCapa newsContent__article__imgCapa--banner\"\n\t\t\t\t\tsrc=\"\"\n\t\t\t\t\tdata-promo-id=\"89005\"\t\t\t\t\t\t\t\t\t\t\t\t\t\t\talt=\"\"\n\t\t\t\t>\n\t\t\t<\/picture>\n\t\t<\/a>\n\t<\/p>\n\n\n<p>Um dos principais destaques da semana ser\u00e3o os pagamentos de <strong>BTG Pactual (BPAC11<\/strong>). O valor dos <strong><a href=\"https:\/\/www.suno.com.br\/guias\/dividendos\/\">proventos<\/a><\/strong> por a\u00e7\u00e3o ser\u00e1 de R$ 0,06 e R$0,12, que ser\u00e3o pagos em 15 de agosto. Outro ponto alto \u00e9 a <strong>Intelbras (INTB3)<\/strong>, que pagar\u00e1 <a href=\"https:\/\/www.suno.com.br\/artigos\/entenda-o-jcp\/\"><strong>juros sobre capital pr\u00f3prio (JCP)<\/strong><\/a> e dividendos de R$ 0,06 e R$ 0,12 para os detentores de suas a\u00e7\u00f5es, equivalente a um <strong>dividend yield<\/strong> de 0,24 e 0,27%, respectivamente.<\/p>\n<p>A <strong>Weg (WEGE3)<\/strong> tamb\u00e9m est\u00e1 na rela\u00e7\u00e3o de companhias que v\u00e3o remunerar acionistas nesta semana. A empresa vai pagar JCP e dividendos de R$ 0,07 e R$ 0,13 por a\u00e7\u00e3o na quarta-feira (10).<\/p>\n<p>Para aqueles que pretendem garantir distribui\u00e7\u00f5es futuras, aten\u00e7\u00e3o para as datas de corte da <strong>Gerdau (GGBR3, GGBR4)<\/strong>, <strong>Taesa (TAEE11)<\/strong> e <strong>BB Seguridade (BBSE3)<\/strong>. Veja o calend\u00e1rio completo ao fim do texto.<\/p>\n<p>Lembrando que, para ter direito a receber os dividendos e juros sobre capital pr\u00f3prio, o investidor deve ter os pap\u00e9is em carteira no dia da data de corte e que n\u00e3o \u00e9 preciso fazer nenhuma a\u00e7\u00e3o. O dinheiro ficar\u00e1 dispon\u00edvel automaticamente na conta da corretora. Acompanhe abaixo os detalhes de cada pagamento.<\/p>\n<h2>Agenda de dividendos da semana<\/h2>\n<p><strong>Segunda-feira (15\/08): <a href=\"https:\/\/www.suno.com.br\/acoes\/bpac11\/\">BTG Pactual (BPAC11)<\/a>, <a href=\"https:\/\/www.suno.com.br\/acoes\/intb3\/\">Intelbras (INTB3)<\/a>;<\/strong><\/p>\n<p><strong>Ter\u00e7a-feira (16\/08): <a href=\"https:\/\/www.suno.com.br\/acoes\/ceeb3\/\">Coelba (CEEB6)<\/a>, <a href=\"https:\/\/www.suno.com.br\/acoes\/smto3\/\">S\u00e3o Martinho (SMTO3);<\/a><\/strong><\/p>\n<p><strong>Quarta-feira (17\/08): <a href=\"https:\/\/www.suno.com.br\/acoes\/wege3\/\">Weg (WEGE3)<\/a>;<\/strong><\/p>\n<p><strong>Quinta-feira (18\/08):<\/strong> <strong><a href=\"https:\/\/www.suno.com.br\/acoes\/tgma3\/?gclid=cjwkcajw2_lcbrbyeiwa_xvbu2cefxrmvzn2f8l5q_jodqxkjubyupbctw332vsxfaazc5yg8ofm-rock1qqavd_bwe\/\">Tegma (TGMA3)<\/a>.<\/strong><\/p>\n<h2>Proventos da semana<\/h2>\n<h3>Segunda-feira (15\/08)<\/h3>\n<p><strong>BTG Pactual (BPAC11)<\/strong><\/p>\n<p><strong>Tipo:<\/strong> JCP e dividendo<br \/>\n<strong>Valor:<\/strong> R$ 0,06 e R$ 0,12<br \/>\n<strong>Data de corte:<\/strong> 28\/06\/2022 e 01\/08\/2022<br \/>\n<strong>Data de pagamento:<\/strong> 15\/08\/2022<br \/>\n<strong>Rendimento (yield):<\/strong> 0,24% e 0,27%<\/p>\n<p><strong>Intelbras (INTB3)<\/strong><\/p>\n<p><strong>Tipo:<\/strong> JCP<br \/>\n<strong>Valor:<\/strong> R$ 0,31<br \/>\n<strong>Data de corte:<\/strong> 04\/08\/2022<br \/>\n<strong>Data de pagamento:<\/strong> 15\/08\/2022<br \/>\n<strong>Rendimento (yield):<\/strong> 1,29%<\/p>\n<h3>Ter\u00e7a-feira (16\/08)<\/h3>\n<p><strong>Coelba (CEEB3, CEEB5, CEEB6)<\/strong><\/p>\n<p><strong>Tipo:<\/strong> Dividendo, JCP e JCP<br \/>\n<strong>Valor:<\/strong> R$ 2,83, R$ 0,42 e R$ 0,39<br \/>\n<strong>Data de corte:<\/strong> 01\/08, 05\/07 e 04\/04\/2022<br \/>\n<strong>Data de pagamento:<\/strong> 16\/08\/2022<br \/>\n<strong>Rendimento (yield):<\/strong> 22%<\/p>\n<p><strong>S\u00e3o Martinho (SMTO3)<\/strong><\/p>\n<p><strong>Tipo:<\/strong> Dividendo<br \/>\n<strong>Valor:<\/strong> R$ 0,39<br \/>\n<strong>Data de corte:<\/strong> 29\/07\/2022<br \/>\n<strong>Data de pagamento:<\/strong> 16\/08\/2022<br \/>\n<strong>Rendimento (yield):<\/strong> 1,13%<\/p>\n<h3>Quarta-feira (17\/8)<\/h3>\n<p><strong>Weg (WEGE3)<\/strong><\/p>\n<p><strong>Tipo:<\/strong> JCP, JCP e Dividendo<br \/>\n<strong>Valor:<\/strong> R$ 0,03, R$ 0,04, e R$ 0,13,<br \/>\n<strong>Data de corte:<\/strong> 25\/03, 24\/06 e 22\/07\/2022<br \/>\n<strong>Data de pagamento:<\/strong> 17\/08\/2022<br \/>\n<strong>Rendimento (yield):<\/strong> 0,11%, 0,56% e 0,52%<\/p>\n<h3>Quarta-feira (17\/08)<\/h3>\n<p><strong>Tegma (TGMA3)<\/strong><\/p>\n<p><strong>Tipo:<\/strong> Dividendo e JCP<br \/>\n<strong>Valor:<\/strong> R$ 0,27 e R$ 0,09<br \/>\n<strong>Data de corte:<\/strong> 18\/08\/2022<br \/>\n<strong>Data de pagamento:<\/strong> 17\/08\/2022<br \/>\n<strong>Rendimento (yield):<\/strong> 1,76%, 0,59%<\/p>\n\t<p>\n\t\t<a href=\"https:\/\/lp.suno.com.br\/planilha-da-vida-financeira\/\" target=\"_blank\" data-element=\"shortcode-suno-banner\" title=\"Banner SUNO, clique e saiba mais\">\n\t\t\t<picture>\n\t\t\t\t<source media=\"(max-width: 500px)\" srcset=\"https:\/\/files.sunoresearch.com.br\/n\/uploads\/2023\/04\/400x300-Planilha-vida-financeira-true.png\">\n\t\t\t\t<img class=\"newsContent__article__imgCapa newsContent__article__imgCapa--banner\"\n\t\t\t\t\tsrc=\"https:\/\/files.sunoresearch.com.br\/n\/uploads\/2023\/04\/1420x240-Planilha-vida-financeira-true.png\"\n\t\t\t\t\tdata-promo-id=\"106682\"\t\t\t\t\t\t\t\t\t\twidth='1420' height='240'\t\t\t\t\talt=\"https:\/\/files.sunoresearch.com.br\/n\/uploads\/2023\/04\/1420x240-Planilha-vida-financeira-true.png\"\n\t\t\t\t>\n\t\t\t<\/picture>\n\t\t<\/a>\n\t<\/p>\n\n\n<h2>Data de corte dos dividendos da Gerdau e Taesa<\/h2>\n<p>Os investidores da <strong>Gerdau (GGBR3, GGBR4)<\/strong> precisam ficar atentos \u00e0 data de corte divulgada pela empresa e os valores a serem distribu\u00eddos. A <strong>Taesa (TAEE11)<\/strong> tamb\u00e9m anunciou que pagar\u00e1 dividendos e JCP. Confira o calend\u00e1rio completo abaixo:<\/p>\n<ul>\n<li>Segunda-feira (15\/8): <a href=\"https:\/\/www.suno.com.br\/acoes\/enmt3\/\"><strong>Energisa Mato Grosso (ENMT4)<\/strong><\/a> \u2014 dividendos de R$ 1,19, com pagamento em 25 de agosto; <strong><a href=\"https:\/\/www.suno.com.br\/acoes\/ggbr4\/\">Gerdau (GGBR3, GGBR4)<\/a> \u2014 <\/strong>dividendos de R$ 0,71 com pagamento em 25 de agosto<strong>; <a href=\"https:\/\/www.suno.com.br\/acoes\/goau4\/\">Gerdau Metal\u00fargica (GOAU3, GOAU4)<\/a> \u2014 <\/strong>dividendos de R$ 0,36 com pagamento em 26 de agosto<strong>; \u00a0<a href=\"https:\/\/www.suno.com.br\/acoes\/taee11\/\">Taesa (TAEE11) <\/a><\/strong><strong>\u2014 <\/strong>JCP e dividendos de R$ 0,57 e R$ 0,89 com pagamento em 26 de agosto<strong>; <\/strong><\/li>\n<li>Ter\u00e7a-feira (16\/8): <a href=\"https:\/\/www.suno.com.br\/acoes\/egie3\/\"><strong>Engie (EGIE3)<\/strong><\/a> \u2014 dividendos de R$ 0,70 com pagamento &#8220;a definir&#8221;; <strong><a href=\"https:\/\/www.suno.com.br\/acoes\/pard3\/\">Herme Pardini (PARD3)<\/a>\u00a0<\/strong><strong>\u2014 <\/strong>dividendos de R$ 0,12 com pagamento em 30 de agosto<strong>;<\/strong><\/li>\n<li>Quarta-feira (17\/8): <a href=\"https:\/\/www.suno.com.br\/acoes\/bbse3\/\"><strong>BB Seguridade (BBSE3)<\/strong><\/a> \u2014 dividendos de R$ 1,03, com pagamento em 29 de agosto; <strong><a href=\"https:\/\/www.suno.com.br\/acoes\/beef3\/\">Minerva (BEEF3)<\/a>\u00a0<\/strong><strong>\u2014 <\/strong>dividendos de R$ 0,21 com pagamento em 29 de agosto<strong>;<\/strong><\/li>\n<li>Quinta-feira (18\/8):\u00a0 \u2014 <a href=\"https:\/\/www.suno.com.br\/acoes\/itub4\/\"><strong>Ita\u00fa (ITUB3, ITUB4)<\/strong><\/a> \u2014 JCP de R$ 0,30, com pagamento em 30 de agosto; <a href=\"https:\/\/www.suno.com.br\/acoes\/ptbl3\/?gclid=cj0kcqiaykrxbrdharisakczn8xwrvtdwpyp4wsf22zj2kcllnbg8sxick1ue5qeu6vwjx8_crhsk-gaauh3ealw_wcb\/\"><strong>Portobello (PTBL3)<\/strong><\/a> \u2014 dividendos e JCP de R$ 0,16 e R$ 0,12, com pagamento em 1\u00b0 de setembro.<\/li>\n<\/ul>\n<p>Lembrando que esta mat\u00e9ria de agenda de dividendos n\u00e3o \u00e9 uma recomenda\u00e7\u00e3o de compra ou venda de ativos.<\/p>\n\t<p>\n\t\t<a href=\"https:\/\/lp.suno.com.br\/planilha-de-controle-de-investimentos\/\" target=\"_blank\" data-element=\"shortcode-suno-banner\" title=\"Banner SUNO, clique e saiba mais\">\n\t\t\t<picture>\n\t\t\t\t<source media=\"(max-width: 500px)\" srcset=\"https:\/\/files.sunoresearch.com.br\/n\/uploads\/2023\/03\/400x300-Controle-de-Investimentos.png\">\n\t\t\t\t<img class=\"newsContent__article__imgCapa newsContent__article__imgCapa--banner\"\n\t\t\t\t\tsrc=\"https:\/\/files.sunoresearch.com.br\/n\/uploads\/2023\/03\/1420x240-Controle-de-Investimentos.png\"\n\t\t\t\t\tdata-promo-id=\"75934\"\t\t\t\t\t\t\t\t\t\twidth='1420' height='240'\t\t\t\t\talt=\"https:\/\/files.sunoresearch.com.br\/n\/uploads\/2023\/03\/1420x240-Controle-de-Investimentos.png\"\n\t\t\t\t>\n\t\t\t<\/picture>\n\t\t<\/a>\n\t<\/p>\n\n\n","protected":false},"excerpt":{"rendered":"<p>A terceira semana de agosto traz os dividendos que os investidores tanto esperam receber das empresas que investem. Companhias de peso na Bolsa anunciaram que entre os dias 15 e 19 de agosto pagar\u00e3o proventos aos seus investidores. ALZR11 divulga novo pagamento de dividendos. Foto: Pixabay Um dos principais destaques da semana ser\u00e3o os pagamentos [&hellip;]<\/p>\n","protected":false},"author":172,"featured_media":273036,"comment_status":"closed","ping_status":"closed","sticky":false,"template":"","format":"standard","meta":[],"categories":[64],"tags":[378,399,426,465,488,105281,519,604,649,655,681],"suno_strategy":[],"class_list":["post-284411","post","type-post","status-publish","format-standard","has-post-thumbnail","hentry","category-negocios","tag-bb-seguridade-bbse3","tag-btg-pactual-bpac11-bpac3-bpac5","tag-coelba-ceeb3-ceeb5","tag-engie-egie3","tag-gerdau-ggbr3-ggbr4","tag-intelbras-intb3","tag-itau-unibanco-itub3-itub4","tag-portobello-ptbl3","tag-taesa-taee11-taee3-taee4","tag-tegma-tgma3","tag-weg-wege3"],"yoast_head":"<!-- This site is optimized with the Yoast SEO plugin v24.4 - https:\/\/yoast.com\/wordpress\/plugins\/seo\/ -->\n<title>BTG Pactual (BPAC11) e Weg (WEGE3): Veja quem vai pagar dividendos na semana<\/title>\n<meta name=\"description\" content=\"Confira as empresas que divulgaram data de corte e quais pagam dividendos na semana. BTG e Weg s\u00e3o os destaques. Leia e saiba mais!\" \/>\n<meta name=\"robots\" content=\"index, follow, max-snippet:-1, max-image-preview:large, max-video-preview:-1\" \/>\n<link rel=\"canonical\" href=\"https:\/\/www.suno.com.br\/noticias\/btg-bpac11-weg-wege3-agenda-dividendos-semana\/\" \/>\n<meta property=\"og:locale\" content=\"pt_BR\" \/>\n<meta property=\"og:type\" content=\"article\" \/>\n<meta property=\"og:title\" content=\"BTG Pactual (BPAC11) e Weg (WEGE3): Veja quem vai pagar dividendos na semana\" \/>\n<meta property=\"og:description\" content=\"Confira as empresas que divulgaram data de corte e quais pagam dividendos na semana. BTG e Weg s\u00e3o os destaques. Leia e saiba mais!\" \/>\n<meta property=\"og:url\" content=\"https:\/\/www.suno.com.br\/noticias\/btg-bpac11-weg-wege3-agenda-dividendos-semana\/\" \/>\n<meta property=\"og:site_name\" content=\"Suno Not\u00edcias\" \/>\n<meta property=\"article:publisher\" content=\"https:\/\/facebook.com\/sunoresearch\" \/>\n<meta property=\"og:image\" content=\"https:\/\/files.sunoresearch.com.br\/n\/uploads\/2022\/07\/dividendos-suno-2.jpg\" \/>\n\t<meta property=\"og:image:width\" content=\"1280\" \/>\n\t<meta property=\"og:image:height\" content=\"853\" \/>\n\t<meta property=\"og:image:type\" content=\"image\/jpeg\" \/>\n<meta name=\"author\" content=\"Gustavo Bianch\" \/>\n<meta name=\"twitter:card\" content=\"summary_large_image\" \/>\n<meta name=\"twitter:creator\" content=\"@sunoresearch\" \/>\n<meta name=\"twitter:site\" content=\"@sunoresearch\" \/>\n<meta name=\"twitter:label1\" content=\"Escrito por\" \/>\n\t<meta name=\"twitter:data1\" content=\"Gustavo Bianch\" \/>\n\t<meta name=\"twitter:label2\" content=\"Est. tempo de leitura\" \/>\n\t<meta name=\"twitter:data2\" content=\"4 minutos\" \/>\n<script type=\"application\/ld+json\" class=\"yoast-schema-graph\">{\"@context\":\"https:\/\/schema.org\",\"@graph\":[{\"@type\":\"NewsArticle\",\"@id\":\"https:\/\/www.suno.com.br\/noticias\/btg-bpac11-weg-wege3-agenda-dividendos-semana\/#article\",\"isPartOf\":{\"@id\":\"https:\/\/www.suno.com.br\/noticias\/btg-bpac11-weg-wege3-agenda-dividendos-semana\/\"},\"author\":{\"name\":\"Gustavo Bianch\",\"@id\":\"https:\/\/www.suno.com.br\/noticias\/#\/schema\/person\/a72c0794bc524e8100a01ae3d3b6becb\"},\"headline\":\"BTG Pactual (BPAC11) e Weg (WEGE3): Veja as datas de corte e quem vai pagar dividendos na semana\",\"datePublished\":\"2022-08-13T12:30:52+00:00\",\"mainEntityOfPage\":{\"@id\":\"https:\/\/www.suno.com.br\/noticias\/btg-bpac11-weg-wege3-agenda-dividendos-semana\/\"},\"wordCount\":592,\"publisher\":{\"@id\":\"https:\/\/www.suno.com.br\/noticias\/#organization\"},\"image\":{\"@id\":\"https:\/\/www.suno.com.br\/noticias\/btg-bpac11-weg-wege3-agenda-dividendos-semana\/#primaryimage\"},\"thumbnailUrl\":\"https:\/\/files.sunoresearch.com.br\/n\/uploads\/2022\/07\/dividendos-suno-2.jpg\",\"keywords\":[\"BB Seguridade (BBSE3)\",\"BTG Pactual (BPAC11\/BPAC3\/BPAC5)\",\"Coelba (CEEB3\/CEEB5)\",\"Engie (EGIE3)\",\"Gerdau (GGBR3\/GGBR4)\",\"Intelbras (INTB3)\",\"Ita\u00fa Unibanco (ITUB3\/ITUB4)\",\"Portobello (PTBL3)\",\"Taesa (TAEE11\/TAEE3\/TAEE4)\",\"Tegma (TGMA3)\",\"Weg (WEGE3)\"],\"articleSection\":[\"Neg\u00f3cios\"],\"inLanguage\":\"pt-BR\"},{\"@type\":\"WebPage\",\"@id\":\"https:\/\/www.suno.com.br\/noticias\/btg-bpac11-weg-wege3-agenda-dividendos-semana\/\",\"url\":\"https:\/\/www.suno.com.br\/noticias\/btg-bpac11-weg-wege3-agenda-dividendos-semana\/\",\"name\":\"BTG Pactual (BPAC11) e Weg (WEGE3): Veja quem vai pagar dividendos na semana\",\"isPartOf\":{\"@id\":\"https:\/\/www.suno.com.br\/noticias\/#website\"},\"primaryImageOfPage\":{\"@id\":\"https:\/\/www.suno.com.br\/noticias\/btg-bpac11-weg-wege3-agenda-dividendos-semana\/#primaryimage\"},\"image\":{\"@id\":\"https:\/\/www.suno.com.br\/noticias\/btg-bpac11-weg-wege3-agenda-dividendos-semana\/#primaryimage\"},\"thumbnailUrl\":\"https:\/\/files.sunoresearch.com.br\/n\/uploads\/2022\/07\/dividendos-suno-2.jpg\",\"datePublished\":\"2022-08-13T12:30:52+00:00\",\"description\":\"Confira as empresas que divulgaram data de corte e quais pagam dividendos na semana. BTG e Weg s\u00e3o os destaques. Leia e saiba mais!\",\"breadcrumb\":{\"@id\":\"https:\/\/www.suno.com.br\/noticias\/btg-bpac11-weg-wege3-agenda-dividendos-semana\/#breadcrumb\"},\"inLanguage\":\"pt-BR\",\"potentialAction\":[{\"@type\":\"ReadAction\",\"target\":[\"https:\/\/www.suno.com.br\/noticias\/btg-bpac11-weg-wege3-agenda-dividendos-semana\/\"]}]},{\"@type\":\"ImageObject\",\"inLanguage\":\"pt-BR\",\"@id\":\"https:\/\/www.suno.com.br\/noticias\/btg-bpac11-weg-wege3-agenda-dividendos-semana\/#primaryimage\",\"url\":\"https:\/\/files.sunoresearch.com.br\/n\/uploads\/2022\/07\/dividendos-suno-2.jpg\",\"contentUrl\":\"https:\/\/files.sunoresearch.com.br\/n\/uploads\/2022\/07\/dividendos-suno-2.jpg\",\"width\":1280,\"height\":853,\"caption\":\"ALZR11 divulga novo pagamento de dividendos. Foto: Pixabay\"},{\"@type\":\"BreadcrumbList\",\"@id\":\"https:\/\/www.suno.com.br\/noticias\/btg-bpac11-weg-wege3-agenda-dividendos-semana\/#breadcrumb\",\"itemListElement\":[{\"@type\":\"ListItem\",\"position\":1,\"name\":\"Not\u00edcias\",\"item\":\"https:\/\/www.suno.com.br\/noticias\/\"},{\"@type\":\"ListItem\",\"position\":2,\"name\":\"Neg\u00f3cios\",\"item\":\"https:\/\/www.suno.com.br\/noticias\/negocios\/\"},{\"@type\":\"ListItem\",\"position\":3,\"name\":\"BTG Pactual (BPAC11) e Weg (WEGE3): Veja as datas de corte e quem vai pagar dividendos na semana\"}]},{\"@type\":\"WebSite\",\"@id\":\"https:\/\/www.suno.com.br\/noticias\/#website\",\"url\":\"https:\/\/www.suno.com.br\/noticias\/\",\"name\":\"Suno Not\u00edcias\",\"description\":\"Seu portal de informa\u00e7\u00e3o sobre o mundo dos investimentos\",\"publisher\":{\"@id\":\"https:\/\/www.suno.com.br\/noticias\/#organization\"},\"potentialAction\":[{\"@type\":\"SearchAction\",\"target\":{\"@type\":\"EntryPoint\",\"urlTemplate\":\"https:\/\/www.suno.com.br\/noticias\/?s={search_term_string}\"},\"query-input\":{\"@type\":\"PropertyValueSpecification\",\"valueRequired\":true,\"valueName\":\"search_term_string\"}}],\"inLanguage\":\"pt-BR\"},{\"@type\":\"Organization\",\"@id\":\"https:\/\/www.suno.com.br\/noticias\/#organization\",\"name\":\"Suno Not\u00edcias\",\"url\":\"https:\/\/www.suno.com.br\/noticias\/\",\"logo\":{\"@type\":\"ImageObject\",\"inLanguage\":\"pt-BR\",\"@id\":\"https:\/\/www.suno.com.br\/noticias\/#\/schema\/logo\/image\/\",\"url\":\"https:\/\/files.sunoresearch.com.br\/n\/uploads\/2021\/09\/suno-logo.png\",\"contentUrl\":\"https:\/\/files.sunoresearch.com.br\/n\/uploads\/2021\/09\/suno-logo.png\",\"width\":180,\"height\":180,\"caption\":\"Suno Not\u00edcias\"},\"image\":{\"@id\":\"https:\/\/www.suno.com.br\/noticias\/#\/schema\/logo\/image\/\"},\"sameAs\":[\"https:\/\/facebook.com\/sunoresearch\",\"https:\/\/x.com\/sunoresearch\",\"https:\/\/www.instagram.com\/suno\",\"https:\/\/www.linkedin.com\/company\/suno-research\/\",\"https:\/\/www.youtube.com\/c\/sunoresearch\"]},{\"@type\":\"Person\",\"@id\":\"https:\/\/www.suno.com.br\/noticias\/#\/schema\/person\/a72c0794bc524e8100a01ae3d3b6becb\",\"name\":\"Gustavo Bianch\",\"image\":{\"@type\":\"ImageObject\",\"inLanguage\":\"pt-BR\",\"@id\":\"https:\/\/www.suno.com.br\/noticias\/#\/schema\/person\/image\/\",\"url\":\"https:\/\/secure.gravatar.com\/avatar\/a8da2835aade1ac6c1eede0339ead827?s=96&r=g\",\"contentUrl\":\"https:\/\/secure.gravatar.com\/avatar\/a8da2835aade1ac6c1eede0339ead827?s=96&r=g\",\"caption\":\"Gustavo Bianch\"},\"description\":\"Jornalista com doutorado pela UFMG e produtor de conte\u00fado da unidade de m\u00eddias da Suno. Tamb\u00e9m trabalha no FIIs.com.br e Funds Explorer, fazendo a cobertura sobre FIIs, Fiagro e FI-Infra.\",\"url\":\"https:\/\/www.suno.com.br\/noticias\/author\/gustavo-silva\/\"}]}<\/script>\n<!-- \/ Yoast SEO plugin. -->","yoast_head_json":{"title":"BTG Pactual (BPAC11) e Weg (WEGE3): Veja quem vai pagar dividendos na semana","description":"Confira as empresas que divulgaram data de corte e quais pagam dividendos na semana. BTG e Weg s\u00e3o os destaques. Leia e saiba mais!","robots":{"index":"index","follow":"follow","max-snippet":"max-snippet:-1","max-image-preview":"max-image-preview:large","max-video-preview":"max-video-preview:-1"},"canonical":"https:\/\/www.suno.com.br\/noticias\/btg-bpac11-weg-wege3-agenda-dividendos-semana\/","og_locale":"pt_BR","og_type":"article","og_title":"BTG Pactual (BPAC11) e Weg (WEGE3): Veja quem vai pagar dividendos na semana","og_description":"Confira as empresas que divulgaram data de corte e quais pagam dividendos na semana. BTG e Weg s\u00e3o os destaques. Leia e saiba mais!","og_url":"https:\/\/www.suno.com.br\/noticias\/btg-bpac11-weg-wege3-agenda-dividendos-semana\/","og_site_name":"Suno Not\u00edcias","article_publisher":"https:\/\/facebook.com\/sunoresearch","og_image":[{"width":1280,"height":853,"url":"https:\/\/files.sunoresearch.com.br\/n\/uploads\/2022\/07\/dividendos-suno-2.jpg","type":"image\/jpeg"}],"author":"Gustavo Bianch","twitter_card":"summary_large_image","twitter_creator":"@sunoresearch","twitter_site":"@sunoresearch","twitter_misc":{"Escrito por":"Gustavo Bianch","Est. tempo de leitura":"4 minutos"},"schema":{"@context":"https:\/\/schema.org","@graph":[{"@type":"NewsArticle","@id":"https:\/\/www.suno.com.br\/noticias\/btg-bpac11-weg-wege3-agenda-dividendos-semana\/#article","isPartOf":{"@id":"https:\/\/www.suno.com.br\/noticias\/btg-bpac11-weg-wege3-agenda-dividendos-semana\/"},"author":{"name":"Gustavo Bianch","@id":"https:\/\/www.suno.com.br\/noticias\/#\/schema\/person\/a72c0794bc524e8100a01ae3d3b6becb"},"headline":"BTG Pactual (BPAC11) e Weg (WEGE3): Veja as datas de corte e quem vai pagar dividendos na semana","datePublished":"2022-08-13T12:30:52+00:00","mainEntityOfPage":{"@id":"https:\/\/www.suno.com.br\/noticias\/btg-bpac11-weg-wege3-agenda-dividendos-semana\/"},"wordCount":592,"publisher":{"@id":"https:\/\/www.suno.com.br\/noticias\/#organization"},"image":{"@id":"https:\/\/www.suno.com.br\/noticias\/btg-bpac11-weg-wege3-agenda-dividendos-semana\/#primaryimage"},"thumbnailUrl":"https:\/\/files.sunoresearch.com.br\/n\/uploads\/2022\/07\/dividendos-suno-2.jpg","keywords":["BB Seguridade (BBSE3)","BTG Pactual (BPAC11\/BPAC3\/BPAC5)","Coelba (CEEB3\/CEEB5)","Engie (EGIE3)","Gerdau (GGBR3\/GGBR4)","Intelbras (INTB3)","Ita\u00fa Unibanco (ITUB3\/ITUB4)","Portobello (PTBL3)","Taesa (TAEE11\/TAEE3\/TAEE4)","Tegma (TGMA3)","Weg (WEGE3)"],"articleSection":["Neg\u00f3cios"],"inLanguage":"pt-BR"},{"@type":"WebPage","@id":"https:\/\/www.suno.com.br\/noticias\/btg-bpac11-weg-wege3-agenda-dividendos-semana\/","url":"https:\/\/www.suno.com.br\/noticias\/btg-bpac11-weg-wege3-agenda-dividendos-semana\/","name":"BTG Pactual (BPAC11) e Weg (WEGE3): Veja quem vai pagar dividendos na semana","isPartOf":{"@id":"https:\/\/www.suno.com.br\/noticias\/#website"},"primaryImageOfPage":{"@id":"https:\/\/www.suno.com.br\/noticias\/btg-bpac11-weg-wege3-agenda-dividendos-semana\/#primaryimage"},"image":{"@id":"https:\/\/www.suno.com.br\/noticias\/btg-bpac11-weg-wege3-agenda-dividendos-semana\/#primaryimage"},"thumbnailUrl":"https:\/\/files.sunoresearch.com.br\/n\/uploads\/2022\/07\/dividendos-suno-2.jpg","datePublished":"2022-08-13T12:30:52+00:00","description":"Confira as empresas que divulgaram data de corte e quais pagam dividendos na semana. BTG e Weg s\u00e3o os destaques. Leia e saiba mais!","breadcrumb":{"@id":"https:\/\/www.suno.com.br\/noticias\/btg-bpac11-weg-wege3-agenda-dividendos-semana\/#breadcrumb"},"inLanguage":"pt-BR","potentialAction":[{"@type":"ReadAction","target":["https:\/\/www.suno.com.br\/noticias\/btg-bpac11-weg-wege3-agenda-dividendos-semana\/"]}]},{"@type":"ImageObject","inLanguage":"pt-BR","@id":"https:\/\/www.suno.com.br\/noticias\/btg-bpac11-weg-wege3-agenda-dividendos-semana\/#primaryimage","url":"https:\/\/files.sunoresearch.com.br\/n\/uploads\/2022\/07\/dividendos-suno-2.jpg","contentUrl":"https:\/\/files.sunoresearch.com.br\/n\/uploads\/2022\/07\/dividendos-suno-2.jpg","width":1280,"height":853,"caption":"ALZR11 divulga novo pagamento de dividendos. Foto: Pixabay"},{"@type":"BreadcrumbList","@id":"https:\/\/www.suno.com.br\/noticias\/btg-bpac11-weg-wege3-agenda-dividendos-semana\/#breadcrumb","itemListElement":[{"@type":"ListItem","position":1,"name":"Not\u00edcias","item":"https:\/\/www.suno.com.br\/noticias\/"},{"@type":"ListItem","position":2,"name":"Neg\u00f3cios","item":"https:\/\/www.suno.com.br\/noticias\/negocios\/"},{"@type":"ListItem","position":3,"name":"BTG Pactual (BPAC11) e Weg (WEGE3): Veja as datas de corte e quem vai pagar dividendos na semana"}]},{"@type":"WebSite","@id":"https:\/\/www.suno.com.br\/noticias\/#website","url":"https:\/\/www.suno.com.br\/noticias\/","name":"Suno Not\u00edcias","description":"Seu portal de informa\u00e7\u00e3o sobre o mundo dos investimentos","publisher":{"@id":"https:\/\/www.suno.com.br\/noticias\/#organization"},"potentialAction":[{"@type":"SearchAction","target":{"@type":"EntryPoint","urlTemplate":"https:\/\/www.suno.com.br\/noticias\/?s={search_term_string}"},"query-input":{"@type":"PropertyValueSpecification","valueRequired":true,"valueName":"search_term_string"}}],"inLanguage":"pt-BR"},{"@type":"Organization","@id":"https:\/\/www.suno.com.br\/noticias\/#organization","name":"Suno Not\u00edcias","url":"https:\/\/www.suno.com.br\/noticias\/","logo":{"@type":"ImageObject","inLanguage":"pt-BR","@id":"https:\/\/www.suno.com.br\/noticias\/#\/schema\/logo\/image\/","url":"https:\/\/files.sunoresearch.com.br\/n\/uploads\/2021\/09\/suno-logo.png","contentUrl":"https:\/\/files.sunoresearch.com.br\/n\/uploads\/2021\/09\/suno-logo.png","width":180,"height":180,"caption":"Suno Not\u00edcias"},"image":{"@id":"https:\/\/www.suno.com.br\/noticias\/#\/schema\/logo\/image\/"},"sameAs":["https:\/\/facebook.com\/sunoresearch","https:\/\/x.com\/sunoresearch","https:\/\/www.instagram.com\/suno","https:\/\/www.linkedin.com\/company\/suno-research\/","https:\/\/www.youtube.com\/c\/sunoresearch"]},{"@type":"Person","@id":"https:\/\/www.suno.com.br\/noticias\/#\/schema\/person\/a72c0794bc524e8100a01ae3d3b6becb","name":"Gustavo Bianch","image":{"@type":"ImageObject","inLanguage":"pt-BR","@id":"https:\/\/www.suno.com.br\/noticias\/#\/schema\/person\/image\/","url":"https:\/\/secure.gravatar.com\/avatar\/a8da2835aade1ac6c1eede0339ead827?s=96&r=g","contentUrl":"https:\/\/secure.gravatar.com\/avatar\/a8da2835aade1ac6c1eede0339ead827?s=96&r=g","caption":"Gustavo Bianch"},"description":"Jornalista com doutorado pela UFMG e produtor de conte\u00fado da unidade de m\u00eddias da Suno. Tamb\u00e9m trabalha no FIIs.com.br e Funds Explorer, fazendo a cobertura sobre FIIs, Fiagro e FI-Infra.","url":"https:\/\/www.suno.com.br\/noticias\/author\/gustavo-silva\/"}]}},"default_loop_html":"<div class=\"cardsPage__listCard__boxs\"><div class=\"cardsPage__listCard__boxs__img\"><a href=\"https:\/\/www.suno.com.br\/noticias\/btg-bpac11-weg-wege3-agenda-dividendos-semana\/\"><img class=\"mask\" src=\"https:\/\/www.suno.com.br\/noticias\/wp-content\/themes\/suno\/resources\/images\/spotlight\/spotlight1img\/bg-mask.png\" alt=\"Image Mask\"\/><img src=\"https:\/\/files.sunoresearch.com.br\/n\/uploads\/2022\/07\/dividendos-suno-2-400x200.jpg\" alt=\"BTG Pactual (BPAC11) e Weg (WEGE3): Veja as datas de corte e quem vai pagar dividendos na semana\"\/><\/a><span class=\"spotlightCategory\"><a href=\"https:\/\/www.suno.com.br\/noticias\/negocios\/\">Neg\u00f3cios<\/a><\/span><\/div><div class=\"cardsPage__listCard__boxs__content\"><a href=\"https:\/\/www.suno.com.br\/noticias\/btg-bpac11-weg-wege3-agenda-dividendos-semana\/\"><h2 class=\"content__title\">BTG Pactual (BPAC11) e Weg (WEGE3): Veja as datas de corte e quem vai pagar dividendos na semana<\/h2><\/a><div class=\"newsContent__article__meta\"><div class=\"newsContent__article__meta__authorBox\"><a href=\"https:\/\/www.suno.com.br\/noticias\/author\/gustavo-silva\/\" class=\"authorBox__avatar noMobi\"><img src=\"https:\/\/files.sunoresearch.com.br\/n\/uploads\/2024\/06\/41337ec3172142e15d749bd3a95a5216.jpeg\" alt=\"Gustavo Bianch\"><\/a><div class=\"authorBox__name\"><span>por\n\t\t\t<a href=\"https:\/\/www.suno.com.br\/noticias\/author\/gustavo-silva\/\"><span itemprop=\"author\">Gustavo Bianch<\/span><\/a><\/span><time datetime=\"2022-08-13T09:30:52-03:00\" itemprop=\"datePublished\">13\/08\/2022 09:30<\/time><\/div><\/div><\/div><\/div><\/div>","single_layout":"posts","amp_enabled":true,"_links":{"self":[{"href":"https:\/\/www.suno.com.br\/noticias\/wp-json\/wp\/v2\/posts\/284411"}],"collection":[{"href":"https:\/\/www.suno.com.br\/noticias\/wp-json\/wp\/v2\/posts"}],"about":[{"href":"https:\/\/www.suno.com.br\/noticias\/wp-json\/wp\/v2\/types\/post"}],"author":[{"embeddable":true,"href":"https:\/\/www.suno.com.br\/noticias\/wp-json\/wp\/v2\/users\/172"}],"replies":[{"embeddable":true,"href":"https:\/\/www.suno.com.br\/noticias\/wp-json\/wp\/v2\/comments?post=284411"}],"version-history":[{"count":3,"href":"https:\/\/www.suno.com.br\/noticias\/wp-json\/wp\/v2\/posts\/284411\/revisions"}],"predecessor-version":[{"id":284822,"href":"https:\/\/www.suno.com.br\/noticias\/wp-json\/wp\/v2\/posts\/284411\/revisions\/284822"}],"wp:featuredmedia":[{"embeddable":true,"href":"https:\/\/www.suno.com.br\/noticias\/wp-json\/wp\/v2\/media\/273036"}],"wp:attachment":[{"href":"https:\/\/www.suno.com.br\/noticias\/wp-json\/wp\/v2\/media?parent=284411"}],"wp:term":[{"taxonomy":"category","embeddable":true,"href":"https:\/\/www.suno.com.br\/noticias\/wp-json\/wp\/v2\/categories?post=284411"},{"taxonomy":"post_tag","embeddable":true,"href":"https:\/\/www.suno.com.br\/noticias\/wp-json\/wp\/v2\/tags?post=284411"},{"taxonomy":"suno_strategy","embeddable":true,"href":"https:\/\/www.suno.com.br\/noticias\/wp-json\/wp\/v2\/suno_strategy?post=284411"}],"curies":[{"name":"wp","href":"https:\/\/api.w.org\/{rel}","templated":true}]}}