{"id":2843,"date":"2018-08-28T18:19:57","date_gmt":"2018-08-28T21:19:57","guid":{"rendered":"https:\/\/www.suno.com.br\/noticias\/?p=2843"},"modified":"2021-03-03T15:50:12","modified_gmt":"2021-03-03T18:50:12","slug":"ibovespa-cai-com-maior-cautela-em-cena-eleitoral-e-dolar-dispara","status":"publish","type":"post","link":"https:\/\/www.suno.com.br\/noticias\/ibovespa-cai-com-maior-cautela-em-cena-eleitoral-e-dolar-dispara\/","title":{"rendered":"Ibovespa fecha em queda com maior cautela em cena eleitoral; D\u00f3lar dispara"},"content":{"rendered":"<p><span style=\"font-size: 1.21429rem;\">O Ibovespa fechou\u00a0 em queda de\u00a0 0,59%, a 77.462,87 pontos, refletindo o aumento da cautela dos investidores brasileiros, que esperam pelo julgamento da candidatura do ex-presidente Luiz In\u00e1cio Lula da Silva, do PT no Tribunal Superior Eleitoral (TSE). Hoje, o Supremo Tribunal Federal (STF) tamb\u00e9m liberou recurso para liberdade do ex-candidato para julgamento virtual.<\/span><\/p>\t<div class=\"wrapper-featured-image\">\n\t\t<figure class=\"spotlightImg\">\n\n\t\t\t<picture>\n\t\t\t\t<source media=\"(max-width: 768px)\" srcset=\"https:\/\/files.sunoresearch.com.br\/n\/uploads\/2018\/08\/066116ac-bolsa-400x200.webp\">\n\t\t\t\t<img loading=\"lazy\" decoding=\"async\" class=\"newsContent__article__imgCapa lazyloadDisabled newsContent__article__imgCapa--noCaption\" src=\"https:\/\/files.sunoresearch.com.br\/n\/uploads\/2018\/08\/066116ac-bolsa-800x450.webp\" width=\"800\" height=\"450\" alt=\"Ibovespa fecha em queda com maior cautela em cena eleitoral; D\u00f3lar dispara\" fetchpriority=high \/>\n\t\t\t<\/picture>\n\n\t\t\t<figcaption class=\"wp-caption-text wp-caption-text--hide\">Bolsa de Valores - a\u00e7\u00f5es<\/figcaption>\n\t\t<\/figure>\n\t<\/div>\n\n\n\t<p>\n\t\t<a href=\"\" target=\"_blank\" data-element=\"shortcode-suno-banner\" title=\"Banner SUNO, clique e saiba mais\">\n\t\t\t<picture>\n\t\t\t\t<source media=\"(max-width: 500px)\" srcset=\"\">\n\t\t\t\t<img class=\"newsContent__article__imgCapa newsContent__article__imgCapa--banner\"\n\t\t\t\t\tsrc=\"\"\n\t\t\t\t\tdata-promo-id=\"128063\"\t\t\t\t\t\t\t\t\t\t\t\t\t\t\talt=\"\"\n\t\t\t\t>\n\t\t\t<\/picture>\n\t\t<\/a>\n\t<\/p>\n\n\n<p>O d\u00f3lar por sua vez , teve forte alta de 1,48%, encerrando o preg\u00e3o cotado a R$ 3,14 na venda e R$ 4,14 no valor comercial . O moeda brasileira, junto com a lira turca e o peso argentino tiveram as maiores perdas frente ao d\u00f3lar em cesta com 24 outras moedas emergentes.<\/p>\n\t<p>\n\t\t<a href=\"https:\/\/lp.suno.com.br\/ebook-como-analisar-uma-acao\/\" target=\"_blank\" data-element=\"shortcode-suno-banner\" title=\"Banner SUNO, clique e saiba mais\">\n\t\t\t<picture>\n\t\t\t\t<source media=\"(max-width: 500px)\" srcset=\"https:\/\/files.sunoresearch.com.br\/n\/uploads\/2023\/03\/Ebook-Acoes-Mobile.jpg\">\n\t\t\t\t<img class=\"newsContent__article__imgCapa newsContent__article__imgCapa--banner\"\n\t\t\t\t\tsrc=\"https:\/\/files.sunoresearch.com.br\/n\/uploads\/2023\/03\/Ebook-Acoes-Desktop.jpg\"\n\t\t\t\t\tdata-promo-id=\"378302\"\t\t\t\t\t\t\t\t\t\twidth='1420' height='286'\t\t\t\t\talt=\"https:\/\/files.sunoresearch.com.br\/n\/uploads\/2023\/03\/Ebook-Acoes-Desktop.jpg\"\n\t\t\t\t>\n\t\t\t<\/picture>\n\t\t<\/a>\n\t<\/p>\n\n\n<p>O tamb\u00e9m pr\u00e9-candidato da rep\u00fablica, o deputado federal Jair Bolsonaro (PSL), tamb\u00e9m deve saber se ser\u00e1 julgado pelo STF, ainda hoje, pelo crime de racismo.<\/p>\n<p>Fora da corrida para as elei\u00e7\u00f5es o presidente, Michel Temer,\u00a0 tem hoje o \u00faltimo dia para sancionar as medidas provis\u00f3rias aprovadas pelo congresso em rela\u00e7\u00e3o a greve dos caminhoneiros.<\/p>\n<p>Os destaque do preg\u00e3o do Ibovespa hoje foram, por um lado, a CSN, que teve suas a\u00e7\u00f5es desvalorizadas em 2,1% ap\u00f3s anunciar ser pega de surpresa pela ordem da Justi\u00e7a Federal de S\u00e3o Paulo\u00a0 de bloqueio da distribui\u00e7\u00e3o de dividendo, e por outro, a Suzano que teve suas a\u00e7\u00f5es valorizadas em 2,31% depois de anunciar a aquisi\u00e7\u00e3o da Fibria e conseguir R$ 786 milh\u00f5es em notas de cr\u00e9dito exporta\u00e7\u00e3o com o Banco Safra.<\/p>\n\t<p>\n\t\t<a href=\"\" target=\"_blank\" data-element=\"shortcode-suno-banner\" title=\"Banner SUNO, clique e saiba mais\">\n\t\t\t<picture>\n\t\t\t\t<source media=\"(max-width: 500px)\" srcset=\"\">\n\t\t\t\t<img class=\"newsContent__article__imgCapa newsContent__article__imgCapa--banner\"\n\t\t\t\t\tsrc=\"\"\n\t\t\t\t\tdata-promo-id=\"95331\"\t\t\t\t\t\t\t\t\t\t\t\t\t\t\talt=\"\"\n\t\t\t\t>\n\t\t\t<\/picture>\n\t\t<\/a>\n\t<\/p>\n\n\n<p>&nbsp;<\/p>\n<p>&nbsp;<\/p>\n<p>&nbsp;<\/p>\n","protected":false},"excerpt":{"rendered":"<p>O Ibovespa fechou\u00a0 em queda de\u00a0 0,59%, a 77.462,87 pontos, refletindo o aumento da cautela dos investidores brasileiros, que esperam pelo julgamento da candidatura do ex-presidente Luiz In\u00e1cio Lula da Silva, do PT no Tribunal Superior Eleitoral (TSE). Hoje, o Supremo Tribunal Federal (STF) tamb\u00e9m liberou recurso para liberdade do ex-candidato para julgamento virtual. Bolsa [&hellip;]<\/p>\n","protected":false},"author":6,"featured_media":2899,"comment_status":"open","ping_status":"open","sticky":false,"template":"","format":"standard","meta":[],"categories":[62,60],"tags":[309,326],"suno_strategy":[],"class_list":["post-2843","post","type-post","status-publish","format-standard","has-post-thumbnail","hentry","category-economia","category-mercado","tag-bolsa-de-valores","tag-dolar"],"yoast_head":"<!-- This site is optimized with the Yoast SEO plugin v24.4 - https:\/\/yoast.com\/wordpress\/plugins\/seo\/ -->\n<title>Ibovespa fecha em queda com maior cautela em cena eleitoral; D\u00f3lar dispara<\/title>\n<meta name=\"robots\" content=\"index, follow, max-snippet:-1, max-image-preview:large, max-video-preview:-1\" \/>\n<link rel=\"canonical\" href=\"https:\/\/www.suno.com.br\/noticias\/ibovespa-cai-com-maior-cautela-em-cena-eleitoral-e-dolar-dispara\/\" \/>\n<meta property=\"og:locale\" content=\"pt_BR\" \/>\n<meta property=\"og:type\" content=\"article\" \/>\n<meta property=\"og:title\" content=\"Ibovespa fecha em queda com maior cautela em cena eleitoral; D\u00f3lar dispara\" \/>\n<meta property=\"og:description\" content=\"O Ibovespa fechou\u00a0 em queda de\u00a0 0,59%, a 77.462,87 pontos, refletindo o aumento da cautela dos investidores brasileiros, que esperam pelo julgamento da candidatura do ex-presidente Luiz In\u00e1cio Lula da Silva, do PT no Tribunal Superior Eleitoral (TSE). Hoje, o Supremo Tribunal Federal (STF) tamb\u00e9m liberou recurso para liberdade do ex-candidato para julgamento virtual. Bolsa [&hellip;]\" \/>\n<meta property=\"og:url\" content=\"https:\/\/www.suno.com.br\/noticias\/ibovespa-cai-com-maior-cautela-em-cena-eleitoral-e-dolar-dispara\/\" \/>\n<meta property=\"og:site_name\" content=\"Suno Not\u00edcias\" \/>\n<meta property=\"article:publisher\" content=\"https:\/\/facebook.com\/sunoresearch\" \/>\n<meta property=\"article:author\" content=\"https:\/\/www.linkedin.com\/in\/paulo-jaschke-328221168\/\" \/>\n<meta property=\"og:image\" content=\"https:\/\/files.sunoresearch.com.br\/n\/uploads\/2018\/08\/066116ac-bolsa.jpg\" \/>\n\t<meta property=\"og:image:width\" content=\"1140\" \/>\n\t<meta property=\"og:image:height\" content=\"760\" \/>\n\t<meta property=\"og:image:type\" content=\"image\/jpeg\" \/>\n<meta name=\"author\" content=\"Paulo Jaschke\" \/>\n<meta name=\"twitter:card\" content=\"summary_large_image\" \/>\n<meta name=\"twitter:creator\" content=\"@sunoresearch\" \/>\n<meta name=\"twitter:site\" content=\"@sunoresearch\" \/>\n<meta name=\"twitter:label1\" content=\"Escrito por\" \/>\n\t<meta name=\"twitter:data1\" content=\"Paulo Jaschke\" \/>\n\t<meta name=\"twitter:label2\" content=\"Est. tempo de leitura\" \/>\n\t<meta name=\"twitter:data2\" content=\"1 minuto\" \/>\n<script type=\"application\/ld+json\" class=\"yoast-schema-graph\">{\"@context\":\"https:\/\/schema.org\",\"@graph\":[{\"@type\":\"NewsArticle\",\"@id\":\"https:\/\/www.suno.com.br\/noticias\/ibovespa-cai-com-maior-cautela-em-cena-eleitoral-e-dolar-dispara\/#article\",\"isPartOf\":{\"@id\":\"https:\/\/www.suno.com.br\/noticias\/ibovespa-cai-com-maior-cautela-em-cena-eleitoral-e-dolar-dispara\/\"},\"author\":{\"name\":\"Paulo Jaschke\",\"@id\":\"https:\/\/www.suno.com.br\/noticias\/#\/schema\/person\/edc78e26bff487bcad4a7d5e75ca2938\"},\"headline\":\"Ibovespa fecha em queda com maior cautela em cena eleitoral; D\u00f3lar dispara\",\"datePublished\":\"2018-08-28T21:19:57+00:00\",\"dateModified\":\"2021-03-03T18:50:12+00:00\",\"mainEntityOfPage\":{\"@id\":\"https:\/\/www.suno.com.br\/noticias\/ibovespa-cai-com-maior-cautela-em-cena-eleitoral-e-dolar-dispara\/\"},\"wordCount\":271,\"commentCount\":0,\"publisher\":{\"@id\":\"https:\/\/www.suno.com.br\/noticias\/#organization\"},\"image\":{\"@id\":\"https:\/\/www.suno.com.br\/noticias\/ibovespa-cai-com-maior-cautela-em-cena-eleitoral-e-dolar-dispara\/#primaryimage\"},\"thumbnailUrl\":\"https:\/\/files.sunoresearch.com.br\/n\/uploads\/2018\/08\/066116ac-bolsa-jpg.webp\",\"keywords\":[\"Bolsa de Valores\",\"d\u00f3lar\"],\"articleSection\":[\"Economia\",\"Mercado\"],\"inLanguage\":\"pt-BR\",\"potentialAction\":[{\"@type\":\"CommentAction\",\"name\":\"Comment\",\"target\":[\"https:\/\/www.suno.com.br\/noticias\/ibovespa-cai-com-maior-cautela-em-cena-eleitoral-e-dolar-dispara\/#respond\"]}]},{\"@type\":\"WebPage\",\"@id\":\"https:\/\/www.suno.com.br\/noticias\/ibovespa-cai-com-maior-cautela-em-cena-eleitoral-e-dolar-dispara\/\",\"url\":\"https:\/\/www.suno.com.br\/noticias\/ibovespa-cai-com-maior-cautela-em-cena-eleitoral-e-dolar-dispara\/\",\"name\":\"Ibovespa fecha em queda com maior cautela em cena eleitoral; D\u00f3lar dispara\",\"isPartOf\":{\"@id\":\"https:\/\/www.suno.com.br\/noticias\/#website\"},\"primaryImageOfPage\":{\"@id\":\"https:\/\/www.suno.com.br\/noticias\/ibovespa-cai-com-maior-cautela-em-cena-eleitoral-e-dolar-dispara\/#primaryimage\"},\"image\":{\"@id\":\"https:\/\/www.suno.com.br\/noticias\/ibovespa-cai-com-maior-cautela-em-cena-eleitoral-e-dolar-dispara\/#primaryimage\"},\"thumbnailUrl\":\"https:\/\/files.sunoresearch.com.br\/n\/uploads\/2018\/08\/066116ac-bolsa-jpg.webp\",\"datePublished\":\"2018-08-28T21:19:57+00:00\",\"dateModified\":\"2021-03-03T18:50:12+00:00\",\"breadcrumb\":{\"@id\":\"https:\/\/www.suno.com.br\/noticias\/ibovespa-cai-com-maior-cautela-em-cena-eleitoral-e-dolar-dispara\/#breadcrumb\"},\"inLanguage\":\"pt-BR\",\"potentialAction\":[{\"@type\":\"ReadAction\",\"target\":[\"https:\/\/www.suno.com.br\/noticias\/ibovespa-cai-com-maior-cautela-em-cena-eleitoral-e-dolar-dispara\/\"]}]},{\"@type\":\"ImageObject\",\"inLanguage\":\"pt-BR\",\"@id\":\"https:\/\/www.suno.com.br\/noticias\/ibovespa-cai-com-maior-cautela-em-cena-eleitoral-e-dolar-dispara\/#primaryimage\",\"url\":\"https:\/\/files.sunoresearch.com.br\/n\/uploads\/2018\/08\/066116ac-bolsa-jpg.webp\",\"contentUrl\":\"https:\/\/files.sunoresearch.com.br\/n\/uploads\/2018\/08\/066116ac-bolsa-jpg.webp\",\"width\":1140,\"height\":760,\"caption\":\"Bolsa de Valores - a\u00e7\u00f5es\"},{\"@type\":\"BreadcrumbList\",\"@id\":\"https:\/\/www.suno.com.br\/noticias\/ibovespa-cai-com-maior-cautela-em-cena-eleitoral-e-dolar-dispara\/#breadcrumb\",\"itemListElement\":[{\"@type\":\"ListItem\",\"position\":1,\"name\":\"Not\u00edcias\",\"item\":\"https:\/\/www.suno.com.br\/noticias\/\"},{\"@type\":\"ListItem\",\"position\":2,\"name\":\"Economia\",\"item\":\"https:\/\/www.suno.com.br\/noticias\/economia\/\"},{\"@type\":\"ListItem\",\"position\":3,\"name\":\"Ibovespa fecha em queda com maior cautela em cena eleitoral; D\u00f3lar dispara\"}]},{\"@type\":\"WebSite\",\"@id\":\"https:\/\/www.suno.com.br\/noticias\/#website\",\"url\":\"https:\/\/www.suno.com.br\/noticias\/\",\"name\":\"Suno Not\u00edcias\",\"description\":\"Seu portal de informa\u00e7\u00e3o sobre o mundo dos investimentos\",\"publisher\":{\"@id\":\"https:\/\/www.suno.com.br\/noticias\/#organization\"},\"potentialAction\":[{\"@type\":\"SearchAction\",\"target\":{\"@type\":\"EntryPoint\",\"urlTemplate\":\"https:\/\/www.suno.com.br\/noticias\/?s={search_term_string}\"},\"query-input\":{\"@type\":\"PropertyValueSpecification\",\"valueRequired\":true,\"valueName\":\"search_term_string\"}}],\"inLanguage\":\"pt-BR\"},{\"@type\":\"Organization\",\"@id\":\"https:\/\/www.suno.com.br\/noticias\/#organization\",\"name\":\"Suno Not\u00edcias\",\"url\":\"https:\/\/www.suno.com.br\/noticias\/\",\"logo\":{\"@type\":\"ImageObject\",\"inLanguage\":\"pt-BR\",\"@id\":\"https:\/\/www.suno.com.br\/noticias\/#\/schema\/logo\/image\/\",\"url\":\"https:\/\/files.sunoresearch.com.br\/n\/uploads\/2021\/09\/suno-logo.png\",\"contentUrl\":\"https:\/\/files.sunoresearch.com.br\/n\/uploads\/2021\/09\/suno-logo.png\",\"width\":180,\"height\":180,\"caption\":\"Suno Not\u00edcias\"},\"image\":{\"@id\":\"https:\/\/www.suno.com.br\/noticias\/#\/schema\/logo\/image\/\"},\"sameAs\":[\"https:\/\/facebook.com\/sunoresearch\",\"https:\/\/x.com\/sunoresearch\",\"https:\/\/www.instagram.com\/suno\",\"https:\/\/www.linkedin.com\/company\/suno-research\/\",\"https:\/\/www.youtube.com\/c\/sunoresearch\"]},{\"@type\":\"Person\",\"@id\":\"https:\/\/www.suno.com.br\/noticias\/#\/schema\/person\/edc78e26bff487bcad4a7d5e75ca2938\",\"name\":\"Paulo Jaschke\",\"image\":{\"@type\":\"ImageObject\",\"inLanguage\":\"pt-BR\",\"@id\":\"https:\/\/www.suno.com.br\/noticias\/#\/schema\/person\/image\/\",\"url\":\"https:\/\/secure.gravatar.com\/avatar\/d866ede420b0a0e4741620ba27841b8f?s=96&r=g\",\"contentUrl\":\"https:\/\/secure.gravatar.com\/avatar\/d866ede420b0a0e4741620ba27841b8f?s=96&r=g\",\"caption\":\"Paulo Jaschke\"},\"description\":\"Paulo Jaschke \u00e9 estudante de jornalismo na ESPM-SP. Escreve sobre o mercado financeiro, economia e pol\u00edtica internacional para o portal da Suno Research. Tamb\u00e9m escreve sobre economia internacional na ag\u00eancia CMA e \u00e9 rep\u00f3rter esportivo pela Web r\u00e1dio EsportesNet. Em 2018, foi rep\u00f3rter esportivo pela R\u00e1dio ESPM na Copa do Mundo 2018 e escreveu para a Revista Plural ESPM.\",\"sameAs\":[\"https:\/\/www.suno.com.br\/\",\"https:\/\/www.linkedin.com\/in\/paulo-jaschke-328221168\/\"],\"url\":\"https:\/\/www.suno.com.br\/noticias\/author\/paulo-jaschke\/\"}]}<\/script>\n<!-- \/ Yoast SEO plugin. -->","yoast_head_json":{"title":"Ibovespa fecha em queda com maior cautela em cena eleitoral; D\u00f3lar dispara","robots":{"index":"index","follow":"follow","max-snippet":"max-snippet:-1","max-image-preview":"max-image-preview:large","max-video-preview":"max-video-preview:-1"},"canonical":"https:\/\/www.suno.com.br\/noticias\/ibovespa-cai-com-maior-cautela-em-cena-eleitoral-e-dolar-dispara\/","og_locale":"pt_BR","og_type":"article","og_title":"Ibovespa fecha em queda com maior cautela em cena eleitoral; D\u00f3lar dispara","og_description":"O Ibovespa fechou\u00a0 em queda de\u00a0 0,59%, a 77.462,87 pontos, refletindo o aumento da cautela dos investidores brasileiros, que esperam pelo julgamento da candidatura do ex-presidente Luiz In\u00e1cio Lula da Silva, do PT no Tribunal Superior Eleitoral (TSE). Hoje, o Supremo Tribunal Federal (STF) tamb\u00e9m liberou recurso para liberdade do ex-candidato para julgamento virtual. Bolsa [&hellip;]","og_url":"https:\/\/www.suno.com.br\/noticias\/ibovespa-cai-com-maior-cautela-em-cena-eleitoral-e-dolar-dispara\/","og_site_name":"Suno Not\u00edcias","article_publisher":"https:\/\/facebook.com\/sunoresearch","article_author":"https:\/\/www.linkedin.com\/in\/paulo-jaschke-328221168\/","og_image":[{"width":1140,"height":760,"url":"https:\/\/files.sunoresearch.com.br\/n\/uploads\/2018\/08\/066116ac-bolsa.jpg","type":"image\/jpeg"}],"author":"Paulo Jaschke","twitter_card":"summary_large_image","twitter_creator":"@sunoresearch","twitter_site":"@sunoresearch","twitter_misc":{"Escrito por":"Paulo Jaschke","Est. tempo de leitura":"1 minuto"},"schema":{"@context":"https:\/\/schema.org","@graph":[{"@type":"NewsArticle","@id":"https:\/\/www.suno.com.br\/noticias\/ibovespa-cai-com-maior-cautela-em-cena-eleitoral-e-dolar-dispara\/#article","isPartOf":{"@id":"https:\/\/www.suno.com.br\/noticias\/ibovespa-cai-com-maior-cautela-em-cena-eleitoral-e-dolar-dispara\/"},"author":{"name":"Paulo Jaschke","@id":"https:\/\/www.suno.com.br\/noticias\/#\/schema\/person\/edc78e26bff487bcad4a7d5e75ca2938"},"headline":"Ibovespa fecha em queda com maior cautela em cena eleitoral; D\u00f3lar dispara","datePublished":"2018-08-28T21:19:57+00:00","dateModified":"2021-03-03T18:50:12+00:00","mainEntityOfPage":{"@id":"https:\/\/www.suno.com.br\/noticias\/ibovespa-cai-com-maior-cautela-em-cena-eleitoral-e-dolar-dispara\/"},"wordCount":271,"commentCount":0,"publisher":{"@id":"https:\/\/www.suno.com.br\/noticias\/#organization"},"image":{"@id":"https:\/\/www.suno.com.br\/noticias\/ibovespa-cai-com-maior-cautela-em-cena-eleitoral-e-dolar-dispara\/#primaryimage"},"thumbnailUrl":"https:\/\/files.sunoresearch.com.br\/n\/uploads\/2018\/08\/066116ac-bolsa-jpg.webp","keywords":["Bolsa de Valores","d\u00f3lar"],"articleSection":["Economia","Mercado"],"inLanguage":"pt-BR","potentialAction":[{"@type":"CommentAction","name":"Comment","target":["https:\/\/www.suno.com.br\/noticias\/ibovespa-cai-com-maior-cautela-em-cena-eleitoral-e-dolar-dispara\/#respond"]}]},{"@type":"WebPage","@id":"https:\/\/www.suno.com.br\/noticias\/ibovespa-cai-com-maior-cautela-em-cena-eleitoral-e-dolar-dispara\/","url":"https:\/\/www.suno.com.br\/noticias\/ibovespa-cai-com-maior-cautela-em-cena-eleitoral-e-dolar-dispara\/","name":"Ibovespa fecha em queda com maior cautela em cena eleitoral; D\u00f3lar dispara","isPartOf":{"@id":"https:\/\/www.suno.com.br\/noticias\/#website"},"primaryImageOfPage":{"@id":"https:\/\/www.suno.com.br\/noticias\/ibovespa-cai-com-maior-cautela-em-cena-eleitoral-e-dolar-dispara\/#primaryimage"},"image":{"@id":"https:\/\/www.suno.com.br\/noticias\/ibovespa-cai-com-maior-cautela-em-cena-eleitoral-e-dolar-dispara\/#primaryimage"},"thumbnailUrl":"https:\/\/files.sunoresearch.com.br\/n\/uploads\/2018\/08\/066116ac-bolsa-jpg.webp","datePublished":"2018-08-28T21:19:57+00:00","dateModified":"2021-03-03T18:50:12+00:00","breadcrumb":{"@id":"https:\/\/www.suno.com.br\/noticias\/ibovespa-cai-com-maior-cautela-em-cena-eleitoral-e-dolar-dispara\/#breadcrumb"},"inLanguage":"pt-BR","potentialAction":[{"@type":"ReadAction","target":["https:\/\/www.suno.com.br\/noticias\/ibovespa-cai-com-maior-cautela-em-cena-eleitoral-e-dolar-dispara\/"]}]},{"@type":"ImageObject","inLanguage":"pt-BR","@id":"https:\/\/www.suno.com.br\/noticias\/ibovespa-cai-com-maior-cautela-em-cena-eleitoral-e-dolar-dispara\/#primaryimage","url":"https:\/\/files.sunoresearch.com.br\/n\/uploads\/2018\/08\/066116ac-bolsa-jpg.webp","contentUrl":"https:\/\/files.sunoresearch.com.br\/n\/uploads\/2018\/08\/066116ac-bolsa-jpg.webp","width":1140,"height":760,"caption":"Bolsa de Valores - a\u00e7\u00f5es"},{"@type":"BreadcrumbList","@id":"https:\/\/www.suno.com.br\/noticias\/ibovespa-cai-com-maior-cautela-em-cena-eleitoral-e-dolar-dispara\/#breadcrumb","itemListElement":[{"@type":"ListItem","position":1,"name":"Not\u00edcias","item":"https:\/\/www.suno.com.br\/noticias\/"},{"@type":"ListItem","position":2,"name":"Economia","item":"https:\/\/www.suno.com.br\/noticias\/economia\/"},{"@type":"ListItem","position":3,"name":"Ibovespa fecha em queda com maior cautela em cena eleitoral; D\u00f3lar dispara"}]},{"@type":"WebSite","@id":"https:\/\/www.suno.com.br\/noticias\/#website","url":"https:\/\/www.suno.com.br\/noticias\/","name":"Suno Not\u00edcias","description":"Seu portal de informa\u00e7\u00e3o sobre o mundo dos investimentos","publisher":{"@id":"https:\/\/www.suno.com.br\/noticias\/#organization"},"potentialAction":[{"@type":"SearchAction","target":{"@type":"EntryPoint","urlTemplate":"https:\/\/www.suno.com.br\/noticias\/?s={search_term_string}"},"query-input":{"@type":"PropertyValueSpecification","valueRequired":true,"valueName":"search_term_string"}}],"inLanguage":"pt-BR"},{"@type":"Organization","@id":"https:\/\/www.suno.com.br\/noticias\/#organization","name":"Suno Not\u00edcias","url":"https:\/\/www.suno.com.br\/noticias\/","logo":{"@type":"ImageObject","inLanguage":"pt-BR","@id":"https:\/\/www.suno.com.br\/noticias\/#\/schema\/logo\/image\/","url":"https:\/\/files.sunoresearch.com.br\/n\/uploads\/2021\/09\/suno-logo.png","contentUrl":"https:\/\/files.sunoresearch.com.br\/n\/uploads\/2021\/09\/suno-logo.png","width":180,"height":180,"caption":"Suno Not\u00edcias"},"image":{"@id":"https:\/\/www.suno.com.br\/noticias\/#\/schema\/logo\/image\/"},"sameAs":["https:\/\/facebook.com\/sunoresearch","https:\/\/x.com\/sunoresearch","https:\/\/www.instagram.com\/suno","https:\/\/www.linkedin.com\/company\/suno-research\/","https:\/\/www.youtube.com\/c\/sunoresearch"]},{"@type":"Person","@id":"https:\/\/www.suno.com.br\/noticias\/#\/schema\/person\/edc78e26bff487bcad4a7d5e75ca2938","name":"Paulo Jaschke","image":{"@type":"ImageObject","inLanguage":"pt-BR","@id":"https:\/\/www.suno.com.br\/noticias\/#\/schema\/person\/image\/","url":"https:\/\/secure.gravatar.com\/avatar\/d866ede420b0a0e4741620ba27841b8f?s=96&r=g","contentUrl":"https:\/\/secure.gravatar.com\/avatar\/d866ede420b0a0e4741620ba27841b8f?s=96&r=g","caption":"Paulo Jaschke"},"description":"Paulo Jaschke \u00e9 estudante de jornalismo na ESPM-SP. Escreve sobre o mercado financeiro, economia e pol\u00edtica internacional para o portal da Suno Research. Tamb\u00e9m escreve sobre economia internacional na ag\u00eancia CMA e \u00e9 rep\u00f3rter esportivo pela Web r\u00e1dio EsportesNet. Em 2018, foi rep\u00f3rter esportivo pela R\u00e1dio ESPM na Copa do Mundo 2018 e escreveu para a Revista Plural ESPM.","sameAs":["https:\/\/www.suno.com.br\/","https:\/\/www.linkedin.com\/in\/paulo-jaschke-328221168\/"],"url":"https:\/\/www.suno.com.br\/noticias\/author\/paulo-jaschke\/"}]}},"default_loop_html":"<div class=\"cardsPage__listCard__boxs\"><div class=\"cardsPage__listCard__boxs__img\"><a href=\"https:\/\/www.suno.com.br\/noticias\/ibovespa-cai-com-maior-cautela-em-cena-eleitoral-e-dolar-dispara\/\"><img class=\"mask\" src=\"https:\/\/www.suno.com.br\/noticias\/wp-content\/themes\/suno\/resources\/images\/spotlight\/spotlight1img\/bg-mask.png\" alt=\"Image Mask\"\/><img src=\"https:\/\/files.sunoresearch.com.br\/n\/uploads\/2018\/08\/066116ac-bolsa-400x200.webp\" alt=\"Ibovespa fecha em queda com maior cautela em cena eleitoral; D\u00f3lar dispara\"\/><\/a><span class=\"spotlightCategory\"><a href=\"https:\/\/www.suno.com.br\/noticias\/economia\/\">Economia<\/a><\/span><\/div><div class=\"cardsPage__listCard__boxs__content\"><a href=\"https:\/\/www.suno.com.br\/noticias\/ibovespa-cai-com-maior-cautela-em-cena-eleitoral-e-dolar-dispara\/\"><h2 class=\"content__title\">Ibovespa fecha em queda com maior cautela em cena eleitoral; D\u00f3lar dispara<\/h2><\/a><div class=\"newsContent__article__meta\"><div class=\"newsContent__article__meta__authorBox\"><a href=\"https:\/\/www.suno.com.br\/noticias\/author\/paulo-jaschke\/\" class=\"authorBox__avatar noMobi\"><img src=\"https:\/\/secure.gravatar.com\/avatar\/d866ede420b0a0e4741620ba27841b8f?s=96&#038;r=g\" alt=\"Paulo Jaschke\"><\/a><div class=\"authorBox__name\"><span>por\n\t\t\t<a href=\"https:\/\/www.suno.com.br\/noticias\/author\/paulo-jaschke\/\"><span itemprop=\"author\">Paulo Jaschke<\/span><\/a><\/span><time datetime=\"2018-08-28T18:19:57-03:00\" itemprop=\"datePublished\">28\/08\/2018 18:19<\/time><\/div><\/div><\/div><\/div><\/div>","single_layout":"posts","amp_enabled":true,"_links":{"self":[{"href":"https:\/\/www.suno.com.br\/noticias\/wp-json\/wp\/v2\/posts\/2843"}],"collection":[{"href":"https:\/\/www.suno.com.br\/noticias\/wp-json\/wp\/v2\/posts"}],"about":[{"href":"https:\/\/www.suno.com.br\/noticias\/wp-json\/wp\/v2\/types\/post"}],"author":[{"embeddable":true,"href":"https:\/\/www.suno.com.br\/noticias\/wp-json\/wp\/v2\/users\/6"}],"replies":[{"embeddable":true,"href":"https:\/\/www.suno.com.br\/noticias\/wp-json\/wp\/v2\/comments?post=2843"}],"version-history":[{"count":3,"href":"https:\/\/www.suno.com.br\/noticias\/wp-json\/wp\/v2\/posts\/2843\/revisions"}],"predecessor-version":[{"id":128509,"href":"https:\/\/www.suno.com.br\/noticias\/wp-json\/wp\/v2\/posts\/2843\/revisions\/128509"}],"wp:featuredmedia":[{"embeddable":true,"href":"https:\/\/www.suno.com.br\/noticias\/wp-json\/wp\/v2\/media\/2899"}],"wp:attachment":[{"href":"https:\/\/www.suno.com.br\/noticias\/wp-json\/wp\/v2\/media?parent=2843"}],"wp:term":[{"taxonomy":"category","embeddable":true,"href":"https:\/\/www.suno.com.br\/noticias\/wp-json\/wp\/v2\/categories?post=2843"},{"taxonomy":"post_tag","embeddable":true,"href":"https:\/\/www.suno.com.br\/noticias\/wp-json\/wp\/v2\/tags?post=2843"},{"taxonomy":"suno_strategy","embeddable":true,"href":"https:\/\/www.suno.com.br\/noticias\/wp-json\/wp\/v2\/suno_strategy?post=2843"}],"curies":[{"name":"wp","href":"https:\/\/api.w.org\/{rel}","templated":true}]}}