{"id":284245,"date":"2022-08-11T19:19:35","date_gmt":"2022-08-11T22:19:35","guid":{"rendered":"https:\/\/www.suno.com.br\/noticias\/?p=284245"},"modified":"2022-08-11T19:19:35","modified_gmt":"2022-08-11T22:19:35","slug":"cyrela-cyre3-lucro-liquido-cai-435-no-2t22","status":"publish","type":"post","link":"https:\/\/www.suno.com.br\/noticias\/cyrela-cyre3-lucro-liquido-cai-435-no-2t22\/","title":{"rendered":"Cyrela (CYRE3): lucro l\u00edquido cai 43,5% no 2T22, para R$ 151 mi"},"content":{"rendered":"<p>A <a class=\"suno-keyword\" href=\"https:\/\/www.suno.com.br\/acoes\/CYRE3\/\" target=\"_blank\" rel=\"noopener\" data-force=\"yes\" data-priority=\"2\"><strong>Cyrela (CYRE3)<\/strong><\/a> reportou <a class=\"suno-keyword\" href=\"https:\/\/www.suno.com.br\/artigos\/lucro-liquido\/\" target=\"_blank\" rel=\"noopener\" data-force=\"no\" data-priority=\"1\">lucro l\u00edquido<\/a> de R$ 151 milh\u00f5es no 2T22, queda de 43,5% contra o mesmo per\u00edodo do ano passado.<\/p>\t<div class=\"wrapper-featured-image\">\n\t\t<figure class=\"spotlightImg\">\n\n\t\t\t<picture>\n\t\t\t\t<source media=\"(max-width: 768px)\" srcset=\"https:\/\/files.sunoresearch.com.br\/n\/uploads\/2021\/07\/aeb60d33-82497487_172569020789067_8888092935380271104_n-400x200.jpg\">\n\t\t\t\t<img loading=\"lazy\" decoding=\"async\" class=\"newsContent__article__imgCapa lazyloadDisabled \" src=\"https:\/\/files.sunoresearch.com.br\/n\/uploads\/2021\/07\/aeb60d33-82497487_172569020789067_8888092935380271104_n-800x450.jpg\" width=\"800\" height=\"450\" alt=\"Cyrela (CYRE3): lucro l\u00edquido cai 43,5% no 2T22, para R$ 151 mi\" fetchpriority=high \/>\n\t\t\t<\/picture>\n\n\t\t\t<figcaption class=\"wp-caption-text wp-caption-text--show\">Cyrela. Foto: Reprodu\u00e7\u00e3o Facebook<\/figcaption>\n\t\t<\/figure>\n\t<\/div>\n\n\n\t<p>\n\t\t<a href=\"https:\/\/lp.suno.com.br\/planilha-da-vida-financeira\/\" target=\"_blank\" data-element=\"shortcode-suno-banner\" title=\"Banner SUNO, clique e saiba mais\">\n\t\t\t<picture>\n\t\t\t\t<source media=\"(max-width: 500px)\" srcset=\"https:\/\/files.sunoresearch.com.br\/n\/uploads\/2023\/04\/400x300-Planilha-vida-financeira-true.png\">\n\t\t\t\t<img class=\"newsContent__article__imgCapa newsContent__article__imgCapa--banner\"\n\t\t\t\t\tsrc=\"https:\/\/files.sunoresearch.com.br\/n\/uploads\/2023\/04\/1420x240-Planilha-vida-financeira-true.png\"\n\t\t\t\t\tdata-promo-id=\"106682\"\t\t\t\t\t\t\t\t\t\twidth='1420' height='240'\t\t\t\t\talt=\"https:\/\/files.sunoresearch.com.br\/n\/uploads\/2023\/04\/1420x240-Planilha-vida-financeira-true.png\"\n\t\t\t\t>\n\t\t\t<\/picture>\n\t\t<\/a>\n\t<\/p>\n\n\n<p>Foram lan\u00e7ados 13 empreendimentos no per\u00edodo, que totalizaram um VGV (Valor Geral de Vendas) de R$ 2,3 bilh\u00f5es, alta de 21% na compara\u00e7\u00e3o anual.<\/p>\n<p>A <a class=\"suno-keyword\" href=\"https:\/\/www.suno.com.br\/artigos\/o-que-receita-liquida\/\" target=\"_blank\" rel=\"noopener\" data-force=\"no\" data-priority=\"1\">receita l\u00edquida<\/a> da Cyrela totalizou R$ 1,2 bilh\u00e3o no segundo trimestre deste ano, aumento de 6% contra o 2T21.<\/p>\n<p>Segundo a companhia, o aumento na receita l\u00edquida se deu principalmente ao maior volume de obras em andamento de unidades j\u00e1 comercializadas e maior volume de reconhecimentos de lan\u00e7amentos.<\/p>\n<p>As vendas da Cyrela atingiram um VGV de R$ 1,6 bilhao, alta de 4% em rela\u00e7\u00e3o ao mesmo per\u00edodo do ano passado.<\/p>\n<p>A participa\u00e7\u00e3o da Cyrela nas vendas contratadas foi de 86% no 2T22, est\u00e1vel em rela\u00e7\u00e3o ao mesmo trimestre do ano anterior.<\/p>\n<p>O <a class=\"suno-keyword\" href=\"https:\/\/www.suno.com.br\/artigos\/lucro-bruto\/\" target=\"_blank\" rel=\"noopener\" data-force=\"no\" data-priority=\"1\">lucro bruto<\/a> da Cyrela ao fim do 2T22 foi R$ 391 milh\u00f5es, que\u00a0 caiu 9,5% anualmente, com <a class=\"suno-keyword\" href=\"https:\/\/www.suno.com.br\/artigos\/margem-bruta-entenda-sua-importancia\/\" target=\"_blank\" rel=\"noopener\" data-force=\"no\" data-priority=\"1\">margem bruta<\/a> de 31,3%, queda de 5,3 pontos percentuais na mesma compara\u00e7\u00e3o.<\/p>\n<p>\u201cNo ano, a redu\u00e7\u00e3o na margem bruta da Cyrela pode ser explicada, principalmente pela maior press\u00e3o inflacion\u00e1ria nos custos de constru\u00e7\u00e3o da companhia\u201d, disse a empresa no relat\u00f3rio de divulga\u00e7\u00e3o de <strong>resultados do 2T22 da Cyrela<\/strong>.<\/p>\n\t<p>\n\t\t<a href=\"https:\/\/lp.suno.com.br\/ebook-como-analisar-uma-acao\/\" target=\"_blank\" data-element=\"shortcode-suno-banner\" title=\"Banner SUNO, clique e saiba mais\">\n\t\t\t<picture>\n\t\t\t\t<source media=\"(max-width: 500px)\" srcset=\"https:\/\/files.sunoresearch.com.br\/n\/uploads\/2023\/03\/Ebook-Acoes-Mobile-1.jpg\">\n\t\t\t\t<img class=\"newsContent__article__imgCapa newsContent__article__imgCapa--banner\"\n\t\t\t\t\tsrc=\"https:\/\/files.sunoresearch.com.br\/n\/uploads\/2023\/03\/Ebook-Acoes-Desktop-1.jpg\"\n\t\t\t\t\tdata-promo-id=\"171998\"\t\t\t\t\t\t\t\t\t\twidth='1420' height='286'\t\t\t\t\talt=\"https:\/\/files.sunoresearch.com.br\/n\/uploads\/2023\/03\/Ebook-Acoes-Desktop-1.jpg\"\n\t\t\t\t>\n\t\t\t<\/picture>\n\t\t<\/a>\n\t<\/p>\n\n\n<p>As despesas gerais e administrativas do trimestre da Cyrela atingiram R$ 143 milh\u00f5es no 2T22, R$ 18 milh\u00f5es superiores em rela\u00e7\u00e3o ao 2T21.<\/p>\n<p>A incorporadora explica que as varia\u00e7\u00f5es das despesas gerais e administrativas podem ser explicadas principalmente por um aumento nas linhas de Sal\u00e1rios, Participa\u00e7\u00e3o dos Empregados e Servi\u00e7os de Terceiros, em linha com a evolu\u00e7\u00e3o natural das opera\u00e7\u00f5es da empresa.<\/p>\n<p>O <a class=\"suno-keyword\" href=\"https:\/\/www.suno.com.br\/artigos\/resultado-financeiro\/\" target=\"_blank\" rel=\"noopener\" data-force=\"no\" data-priority=\"1\">resultado financeiro<\/a> l\u00edquido da Cyrela foi positivo em R$ 26 milh\u00f5es no 2T22, aumento de 174,4% em compara\u00e7\u00e3o com os R$ 9 milh\u00f5es em igual per\u00edodo do ano anterior.<\/p>\n<p>A <a class=\"suno-keyword\" href=\"https:\/\/www.suno.com.br\/artigos\/divida-liquida\/\" target=\"_blank\" rel=\"noopener\" data-force=\"no\" data-priority=\"1\">d\u00edvida l\u00edquida<\/a> da incorporadora ao final do segundo trimestre estava em<span class=\"selectable-text copyable-text\"> R$ 382 milh\u00f5es, aumento de 14,3% em rela\u00e7\u00e3o ao mesmo per\u00edodo do ano passado. <\/span><\/p>\n<p><span class=\"selectable-text copyable-text\">A alavancagem da Cyrela, medida por meio do indicador D\u00edvida L\u00edquida\/Patrim\u00f4nio L\u00edquido, atingiu 5,4% no 2T22, aumento de 0,6 pontos percentuais contra o 1T22, &#8220;ratificando a solidez financeira e refor\u00e7ando o compromisso da Cyrela em manter esse \u00edndice em n\u00edveis saud\u00e1veis&#8221;, disse a empresa.<\/span><\/p>\n<h2><strong>Cota\u00e7\u00e3o da Cyrela<\/strong><\/h2>\n<p>As a\u00e7\u00f5es da <strong>Cyrela<\/strong> fecharam a quinta-feira (10) em queda de 4,75%, cotadas a R$ 14,46.<\/p>\n\t<p>\n\t\t<a href=\"https:\/\/lp.suno.com.br\/planilha-de-controle-de-investimentos\/\" target=\"_blank\" data-element=\"shortcode-suno-banner\" title=\"Banner SUNO, clique e saiba mais\">\n\t\t\t<picture>\n\t\t\t\t<source media=\"(max-width: 500px)\" srcset=\"https:\/\/files.sunoresearch.com.br\/n\/uploads\/2023\/03\/400x300-Controle-de-Investimentos.png\">\n\t\t\t\t<img class=\"newsContent__article__imgCapa newsContent__article__imgCapa--banner\"\n\t\t\t\t\tsrc=\"https:\/\/files.sunoresearch.com.br\/n\/uploads\/2023\/03\/1420x240-Controle-de-Investimentos.png\"\n\t\t\t\t\tdata-promo-id=\"75934\"\t\t\t\t\t\t\t\t\t\twidth='1420' height='240'\t\t\t\t\talt=\"https:\/\/files.sunoresearch.com.br\/n\/uploads\/2023\/03\/1420x240-Controle-de-Investimentos.png\"\n\t\t\t\t>\n\t\t\t<\/picture>\n\t\t<\/a>\n\t<\/p>\n\n\n","protected":false},"excerpt":{"rendered":"<p>A Cyrela (CYRE3) reportou lucro l\u00edquido de R$ 151 milh\u00f5es no 2T22, queda de 43,5% contra o mesmo per\u00edodo do ano passado. Cyrela. Foto: Reprodu\u00e7\u00e3o Facebook Foram lan\u00e7ados 13 empreendimentos no per\u00edodo, que totalizaram um VGV (Valor Geral de Vendas) de R$ 2,3 bilh\u00f5es, alta de 21% na compara\u00e7\u00e3o anual. A receita l\u00edquida da Cyrela [&hellip;]<\/p>\n","protected":false},"author":195,"featured_media":165624,"comment_status":"closed","ping_status":"closed","sticky":false,"template":"","format":"standard","meta":[],"categories":[64],"tags":[443],"suno_strategy":[],"class_list":["post-284245","post","type-post","status-publish","format-standard","has-post-thumbnail","hentry","category-negocios","tag-cyrela-cyre3"],"yoast_head":"<!-- This site is optimized with the Yoast SEO plugin v24.4 - https:\/\/yoast.com\/wordpress\/plugins\/seo\/ -->\n<title>Cyrela (CYRE3): lucro l\u00edquido cai 43,5% no 2T22, para R$ 151 mi<\/title>\n<meta name=\"description\" content=\"A Cyrela (CYRE3) reportou lucro l\u00edquido de R$ 151 milh\u00f5es no 2T22, queda de 43,5% contra o mesmo per\u00edodo do ano passado.\" \/>\n<meta name=\"robots\" content=\"index, follow, max-snippet:-1, max-image-preview:large, max-video-preview:-1\" \/>\n<link rel=\"canonical\" href=\"https:\/\/www.suno.com.br\/noticias\/cyrela-cyre3-lucro-liquido-cai-435-no-2t22\/\" \/>\n<meta property=\"og:locale\" content=\"pt_BR\" \/>\n<meta property=\"og:type\" content=\"article\" \/>\n<meta property=\"og:title\" content=\"Cyrela (CYRE3): lucro l\u00edquido cai 43,5% no 2T22, para R$ 151 mi\" \/>\n<meta property=\"og:description\" content=\"A Cyrela (CYRE3) reportou lucro l\u00edquido de R$ 151 milh\u00f5es no 2T22, queda de 43,5% contra o mesmo per\u00edodo do ano passado.\" \/>\n<meta property=\"og:url\" content=\"https:\/\/www.suno.com.br\/noticias\/cyrela-cyre3-lucro-liquido-cai-435-no-2t22\/\" \/>\n<meta property=\"og:site_name\" content=\"Suno Not\u00edcias\" \/>\n<meta property=\"article:publisher\" content=\"https:\/\/facebook.com\/sunoresearch\" \/>\n<meta property=\"og:image\" content=\"https:\/\/files.sunoresearch.com.br\/n\/uploads\/2021\/07\/aeb60d33-82497487_172569020789067_8888092935380271104_n.jpg\" \/>\n\t<meta property=\"og:image:width\" content=\"1210\" \/>\n\t<meta property=\"og:image:height\" content=\"1210\" \/>\n\t<meta property=\"og:image:type\" content=\"image\/jpeg\" \/>\n<meta name=\"author\" content=\"Ana Clara Macedo\" \/>\n<meta name=\"twitter:card\" content=\"summary_large_image\" \/>\n<meta name=\"twitter:creator\" content=\"@sunoresearch\" \/>\n<meta name=\"twitter:site\" content=\"@sunoresearch\" \/>\n<meta name=\"twitter:label1\" content=\"Escrito por\" \/>\n\t<meta name=\"twitter:data1\" content=\"Ana Clara Macedo\" \/>\n\t<meta name=\"twitter:label2\" content=\"Est. tempo de leitura\" \/>\n\t<meta name=\"twitter:data2\" content=\"3 minutos\" \/>\n<script type=\"application\/ld+json\" class=\"yoast-schema-graph\">{\"@context\":\"https:\/\/schema.org\",\"@graph\":[{\"@type\":\"NewsArticle\",\"@id\":\"https:\/\/www.suno.com.br\/noticias\/cyrela-cyre3-lucro-liquido-cai-435-no-2t22\/#article\",\"isPartOf\":{\"@id\":\"https:\/\/www.suno.com.br\/noticias\/cyrela-cyre3-lucro-liquido-cai-435-no-2t22\/\"},\"author\":{\"name\":\"Ana Clara Macedo\",\"@id\":\"https:\/\/www.suno.com.br\/noticias\/#\/schema\/person\/a70f3c52ef8c814d62ed63b30bb30176\"},\"headline\":\"Cyrela (CYRE3): lucro l\u00edquido cai 43,5% no 2T22, para R$ 151 mi\",\"datePublished\":\"2022-08-11T22:19:35+00:00\",\"mainEntityOfPage\":{\"@id\":\"https:\/\/www.suno.com.br\/noticias\/cyrela-cyre3-lucro-liquido-cai-435-no-2t22\/\"},\"wordCount\":432,\"publisher\":{\"@id\":\"https:\/\/www.suno.com.br\/noticias\/#organization\"},\"image\":{\"@id\":\"https:\/\/www.suno.com.br\/noticias\/cyrela-cyre3-lucro-liquido-cai-435-no-2t22\/#primaryimage\"},\"thumbnailUrl\":\"https:\/\/files.sunoresearch.com.br\/n\/uploads\/2021\/07\/aeb60d33-82497487_172569020789067_8888092935380271104_n.jpg\",\"keywords\":[\"Cyrela (CYRE3)\"],\"articleSection\":[\"Neg\u00f3cios\"],\"inLanguage\":\"pt-BR\"},{\"@type\":\"WebPage\",\"@id\":\"https:\/\/www.suno.com.br\/noticias\/cyrela-cyre3-lucro-liquido-cai-435-no-2t22\/\",\"url\":\"https:\/\/www.suno.com.br\/noticias\/cyrela-cyre3-lucro-liquido-cai-435-no-2t22\/\",\"name\":\"Cyrela (CYRE3): lucro l\u00edquido cai 43,5% no 2T22, para R$ 151 mi\",\"isPartOf\":{\"@id\":\"https:\/\/www.suno.com.br\/noticias\/#website\"},\"primaryImageOfPage\":{\"@id\":\"https:\/\/www.suno.com.br\/noticias\/cyrela-cyre3-lucro-liquido-cai-435-no-2t22\/#primaryimage\"},\"image\":{\"@id\":\"https:\/\/www.suno.com.br\/noticias\/cyrela-cyre3-lucro-liquido-cai-435-no-2t22\/#primaryimage\"},\"thumbnailUrl\":\"https:\/\/files.sunoresearch.com.br\/n\/uploads\/2021\/07\/aeb60d33-82497487_172569020789067_8888092935380271104_n.jpg\",\"datePublished\":\"2022-08-11T22:19:35+00:00\",\"description\":\"A Cyrela (CYRE3) reportou lucro l\u00edquido de R$ 151 milh\u00f5es no 2T22, queda de 43,5% contra o mesmo per\u00edodo do ano passado.\",\"breadcrumb\":{\"@id\":\"https:\/\/www.suno.com.br\/noticias\/cyrela-cyre3-lucro-liquido-cai-435-no-2t22\/#breadcrumb\"},\"inLanguage\":\"pt-BR\",\"potentialAction\":[{\"@type\":\"ReadAction\",\"target\":[\"https:\/\/www.suno.com.br\/noticias\/cyrela-cyre3-lucro-liquido-cai-435-no-2t22\/\"]}]},{\"@type\":\"ImageObject\",\"inLanguage\":\"pt-BR\",\"@id\":\"https:\/\/www.suno.com.br\/noticias\/cyrela-cyre3-lucro-liquido-cai-435-no-2t22\/#primaryimage\",\"url\":\"https:\/\/files.sunoresearch.com.br\/n\/uploads\/2021\/07\/aeb60d33-82497487_172569020789067_8888092935380271104_n.jpg\",\"contentUrl\":\"https:\/\/files.sunoresearch.com.br\/n\/uploads\/2021\/07\/aeb60d33-82497487_172569020789067_8888092935380271104_n.jpg\",\"width\":1210,\"height\":1210,\"caption\":\"Cyrela. Foto: Reprodu\u00e7\u00e3o Facebook\"},{\"@type\":\"BreadcrumbList\",\"@id\":\"https:\/\/www.suno.com.br\/noticias\/cyrela-cyre3-lucro-liquido-cai-435-no-2t22\/#breadcrumb\",\"itemListElement\":[{\"@type\":\"ListItem\",\"position\":1,\"name\":\"Not\u00edcias\",\"item\":\"https:\/\/www.suno.com.br\/noticias\/\"},{\"@type\":\"ListItem\",\"position\":2,\"name\":\"Neg\u00f3cios\",\"item\":\"https:\/\/www.suno.com.br\/noticias\/negocios\/\"},{\"@type\":\"ListItem\",\"position\":3,\"name\":\"Cyrela (CYRE3): lucro l\u00edquido cai 43,5% no 2T22, para R$ 151 mi\"}]},{\"@type\":\"WebSite\",\"@id\":\"https:\/\/www.suno.com.br\/noticias\/#website\",\"url\":\"https:\/\/www.suno.com.br\/noticias\/\",\"name\":\"Suno Not\u00edcias\",\"description\":\"Seu portal de informa\u00e7\u00e3o sobre o mundo dos investimentos\",\"publisher\":{\"@id\":\"https:\/\/www.suno.com.br\/noticias\/#organization\"},\"potentialAction\":[{\"@type\":\"SearchAction\",\"target\":{\"@type\":\"EntryPoint\",\"urlTemplate\":\"https:\/\/www.suno.com.br\/noticias\/?s={search_term_string}\"},\"query-input\":{\"@type\":\"PropertyValueSpecification\",\"valueRequired\":true,\"valueName\":\"search_term_string\"}}],\"inLanguage\":\"pt-BR\"},{\"@type\":\"Organization\",\"@id\":\"https:\/\/www.suno.com.br\/noticias\/#organization\",\"name\":\"Suno Not\u00edcias\",\"url\":\"https:\/\/www.suno.com.br\/noticias\/\",\"logo\":{\"@type\":\"ImageObject\",\"inLanguage\":\"pt-BR\",\"@id\":\"https:\/\/www.suno.com.br\/noticias\/#\/schema\/logo\/image\/\",\"url\":\"https:\/\/files.sunoresearch.com.br\/n\/uploads\/2021\/09\/suno-logo.png\",\"contentUrl\":\"https:\/\/files.sunoresearch.com.br\/n\/uploads\/2021\/09\/suno-logo.png\",\"width\":180,\"height\":180,\"caption\":\"Suno Not\u00edcias\"},\"image\":{\"@id\":\"https:\/\/www.suno.com.br\/noticias\/#\/schema\/logo\/image\/\"},\"sameAs\":[\"https:\/\/facebook.com\/sunoresearch\",\"https:\/\/x.com\/sunoresearch\",\"https:\/\/www.instagram.com\/suno\",\"https:\/\/www.linkedin.com\/company\/suno-research\/\",\"https:\/\/www.youtube.com\/c\/sunoresearch\"]},{\"@type\":\"Person\",\"@id\":\"https:\/\/www.suno.com.br\/noticias\/#\/schema\/person\/a70f3c52ef8c814d62ed63b30bb30176\",\"name\":\"Ana Clara Macedo\",\"image\":{\"@type\":\"ImageObject\",\"inLanguage\":\"pt-BR\",\"@id\":\"https:\/\/www.suno.com.br\/noticias\/#\/schema\/person\/image\/\",\"url\":\"https:\/\/secure.gravatar.com\/avatar\/40810da86786bd5619f8cd594b0f44ef?s=96&r=g\",\"contentUrl\":\"https:\/\/secure.gravatar.com\/avatar\/40810da86786bd5619f8cd594b0f44ef?s=96&r=g\",\"caption\":\"Ana Clara Macedo\"},\"description\":\"Rep\u00f3rter no Suno Not\u00edcias, cobrindo acontecimentos sobre neg\u00f3cios, mercado financeiro e economia. Anteriormente trabalhou como Rep\u00f3rter no Mercado News e produziu relat\u00f3rios e artigos sobre empresas de capital aberto.\",\"url\":\"https:\/\/www.suno.com.br\/noticias\/author\/ana-clara-macedo\/\"}]}<\/script>\n<!-- \/ Yoast SEO plugin. -->","yoast_head_json":{"title":"Cyrela (CYRE3): lucro l\u00edquido cai 43,5% no 2T22, para R$ 151 mi","description":"A Cyrela (CYRE3) reportou lucro l\u00edquido de R$ 151 milh\u00f5es no 2T22, queda de 43,5% contra o mesmo per\u00edodo do ano passado.","robots":{"index":"index","follow":"follow","max-snippet":"max-snippet:-1","max-image-preview":"max-image-preview:large","max-video-preview":"max-video-preview:-1"},"canonical":"https:\/\/www.suno.com.br\/noticias\/cyrela-cyre3-lucro-liquido-cai-435-no-2t22\/","og_locale":"pt_BR","og_type":"article","og_title":"Cyrela (CYRE3): lucro l\u00edquido cai 43,5% no 2T22, para R$ 151 mi","og_description":"A Cyrela (CYRE3) reportou lucro l\u00edquido de R$ 151 milh\u00f5es no 2T22, queda de 43,5% contra o mesmo per\u00edodo do ano passado.","og_url":"https:\/\/www.suno.com.br\/noticias\/cyrela-cyre3-lucro-liquido-cai-435-no-2t22\/","og_site_name":"Suno Not\u00edcias","article_publisher":"https:\/\/facebook.com\/sunoresearch","og_image":[{"width":1210,"height":1210,"url":"https:\/\/files.sunoresearch.com.br\/n\/uploads\/2021\/07\/aeb60d33-82497487_172569020789067_8888092935380271104_n.jpg","type":"image\/jpeg"}],"author":"Ana Clara Macedo","twitter_card":"summary_large_image","twitter_creator":"@sunoresearch","twitter_site":"@sunoresearch","twitter_misc":{"Escrito por":"Ana Clara Macedo","Est. tempo de leitura":"3 minutos"},"schema":{"@context":"https:\/\/schema.org","@graph":[{"@type":"NewsArticle","@id":"https:\/\/www.suno.com.br\/noticias\/cyrela-cyre3-lucro-liquido-cai-435-no-2t22\/#article","isPartOf":{"@id":"https:\/\/www.suno.com.br\/noticias\/cyrela-cyre3-lucro-liquido-cai-435-no-2t22\/"},"author":{"name":"Ana Clara Macedo","@id":"https:\/\/www.suno.com.br\/noticias\/#\/schema\/person\/a70f3c52ef8c814d62ed63b30bb30176"},"headline":"Cyrela (CYRE3): lucro l\u00edquido cai 43,5% no 2T22, para R$ 151 mi","datePublished":"2022-08-11T22:19:35+00:00","mainEntityOfPage":{"@id":"https:\/\/www.suno.com.br\/noticias\/cyrela-cyre3-lucro-liquido-cai-435-no-2t22\/"},"wordCount":432,"publisher":{"@id":"https:\/\/www.suno.com.br\/noticias\/#organization"},"image":{"@id":"https:\/\/www.suno.com.br\/noticias\/cyrela-cyre3-lucro-liquido-cai-435-no-2t22\/#primaryimage"},"thumbnailUrl":"https:\/\/files.sunoresearch.com.br\/n\/uploads\/2021\/07\/aeb60d33-82497487_172569020789067_8888092935380271104_n.jpg","keywords":["Cyrela (CYRE3)"],"articleSection":["Neg\u00f3cios"],"inLanguage":"pt-BR"},{"@type":"WebPage","@id":"https:\/\/www.suno.com.br\/noticias\/cyrela-cyre3-lucro-liquido-cai-435-no-2t22\/","url":"https:\/\/www.suno.com.br\/noticias\/cyrela-cyre3-lucro-liquido-cai-435-no-2t22\/","name":"Cyrela (CYRE3): lucro l\u00edquido cai 43,5% no 2T22, para R$ 151 mi","isPartOf":{"@id":"https:\/\/www.suno.com.br\/noticias\/#website"},"primaryImageOfPage":{"@id":"https:\/\/www.suno.com.br\/noticias\/cyrela-cyre3-lucro-liquido-cai-435-no-2t22\/#primaryimage"},"image":{"@id":"https:\/\/www.suno.com.br\/noticias\/cyrela-cyre3-lucro-liquido-cai-435-no-2t22\/#primaryimage"},"thumbnailUrl":"https:\/\/files.sunoresearch.com.br\/n\/uploads\/2021\/07\/aeb60d33-82497487_172569020789067_8888092935380271104_n.jpg","datePublished":"2022-08-11T22:19:35+00:00","description":"A Cyrela (CYRE3) reportou lucro l\u00edquido de R$ 151 milh\u00f5es no 2T22, queda de 43,5% contra o mesmo per\u00edodo do ano passado.","breadcrumb":{"@id":"https:\/\/www.suno.com.br\/noticias\/cyrela-cyre3-lucro-liquido-cai-435-no-2t22\/#breadcrumb"},"inLanguage":"pt-BR","potentialAction":[{"@type":"ReadAction","target":["https:\/\/www.suno.com.br\/noticias\/cyrela-cyre3-lucro-liquido-cai-435-no-2t22\/"]}]},{"@type":"ImageObject","inLanguage":"pt-BR","@id":"https:\/\/www.suno.com.br\/noticias\/cyrela-cyre3-lucro-liquido-cai-435-no-2t22\/#primaryimage","url":"https:\/\/files.sunoresearch.com.br\/n\/uploads\/2021\/07\/aeb60d33-82497487_172569020789067_8888092935380271104_n.jpg","contentUrl":"https:\/\/files.sunoresearch.com.br\/n\/uploads\/2021\/07\/aeb60d33-82497487_172569020789067_8888092935380271104_n.jpg","width":1210,"height":1210,"caption":"Cyrela. Foto: Reprodu\u00e7\u00e3o Facebook"},{"@type":"BreadcrumbList","@id":"https:\/\/www.suno.com.br\/noticias\/cyrela-cyre3-lucro-liquido-cai-435-no-2t22\/#breadcrumb","itemListElement":[{"@type":"ListItem","position":1,"name":"Not\u00edcias","item":"https:\/\/www.suno.com.br\/noticias\/"},{"@type":"ListItem","position":2,"name":"Neg\u00f3cios","item":"https:\/\/www.suno.com.br\/noticias\/negocios\/"},{"@type":"ListItem","position":3,"name":"Cyrela (CYRE3): lucro l\u00edquido cai 43,5% no 2T22, para R$ 151 mi"}]},{"@type":"WebSite","@id":"https:\/\/www.suno.com.br\/noticias\/#website","url":"https:\/\/www.suno.com.br\/noticias\/","name":"Suno Not\u00edcias","description":"Seu portal de informa\u00e7\u00e3o sobre o mundo dos investimentos","publisher":{"@id":"https:\/\/www.suno.com.br\/noticias\/#organization"},"potentialAction":[{"@type":"SearchAction","target":{"@type":"EntryPoint","urlTemplate":"https:\/\/www.suno.com.br\/noticias\/?s={search_term_string}"},"query-input":{"@type":"PropertyValueSpecification","valueRequired":true,"valueName":"search_term_string"}}],"inLanguage":"pt-BR"},{"@type":"Organization","@id":"https:\/\/www.suno.com.br\/noticias\/#organization","name":"Suno Not\u00edcias","url":"https:\/\/www.suno.com.br\/noticias\/","logo":{"@type":"ImageObject","inLanguage":"pt-BR","@id":"https:\/\/www.suno.com.br\/noticias\/#\/schema\/logo\/image\/","url":"https:\/\/files.sunoresearch.com.br\/n\/uploads\/2021\/09\/suno-logo.png","contentUrl":"https:\/\/files.sunoresearch.com.br\/n\/uploads\/2021\/09\/suno-logo.png","width":180,"height":180,"caption":"Suno Not\u00edcias"},"image":{"@id":"https:\/\/www.suno.com.br\/noticias\/#\/schema\/logo\/image\/"},"sameAs":["https:\/\/facebook.com\/sunoresearch","https:\/\/x.com\/sunoresearch","https:\/\/www.instagram.com\/suno","https:\/\/www.linkedin.com\/company\/suno-research\/","https:\/\/www.youtube.com\/c\/sunoresearch"]},{"@type":"Person","@id":"https:\/\/www.suno.com.br\/noticias\/#\/schema\/person\/a70f3c52ef8c814d62ed63b30bb30176","name":"Ana Clara Macedo","image":{"@type":"ImageObject","inLanguage":"pt-BR","@id":"https:\/\/www.suno.com.br\/noticias\/#\/schema\/person\/image\/","url":"https:\/\/secure.gravatar.com\/avatar\/40810da86786bd5619f8cd594b0f44ef?s=96&r=g","contentUrl":"https:\/\/secure.gravatar.com\/avatar\/40810da86786bd5619f8cd594b0f44ef?s=96&r=g","caption":"Ana Clara Macedo"},"description":"Rep\u00f3rter no Suno Not\u00edcias, cobrindo acontecimentos sobre neg\u00f3cios, mercado financeiro e economia. Anteriormente trabalhou como Rep\u00f3rter no Mercado News e produziu relat\u00f3rios e artigos sobre empresas de capital aberto.","url":"https:\/\/www.suno.com.br\/noticias\/author\/ana-clara-macedo\/"}]}},"default_loop_html":"<div class=\"cardsPage__listCard__boxs\"><div class=\"cardsPage__listCard__boxs__img\"><a href=\"https:\/\/www.suno.com.br\/noticias\/cyrela-cyre3-lucro-liquido-cai-435-no-2t22\/\"><img class=\"mask\" src=\"https:\/\/www.suno.com.br\/noticias\/wp-content\/themes\/suno\/resources\/images\/spotlight\/spotlight1img\/bg-mask.png\" alt=\"Image Mask\"\/><img src=\"https:\/\/files.sunoresearch.com.br\/n\/uploads\/2021\/07\/aeb60d33-82497487_172569020789067_8888092935380271104_n-400x200.jpg\" alt=\"Cyrela (CYRE3): lucro l\u00edquido cai 43,5% no 2T22, para R$ 151 mi\"\/><\/a><span class=\"spotlightCategory\"><a href=\"https:\/\/www.suno.com.br\/noticias\/negocios\/\">Neg\u00f3cios<\/a><\/span><\/div><div class=\"cardsPage__listCard__boxs__content\"><a href=\"https:\/\/www.suno.com.br\/noticias\/cyrela-cyre3-lucro-liquido-cai-435-no-2t22\/\"><h2 class=\"content__title\">Cyrela (CYRE3): lucro l\u00edquido cai 43,5% no 2T22, para R$ 151 mi<\/h2><\/a><div class=\"newsContent__article__meta\"><div class=\"newsContent__article__meta__authorBox\"><a href=\"https:\/\/www.suno.com.br\/noticias\/author\/ana-clara-macedo\/\" class=\"authorBox__avatar noMobi\"><img src=\"https:\/\/secure.gravatar.com\/avatar\/40810da86786bd5619f8cd594b0f44ef?s=96&#038;r=g\" alt=\"Ana Clara Macedo\"><\/a><div class=\"authorBox__name\"><span>por\n\t\t\t<a href=\"https:\/\/www.suno.com.br\/noticias\/author\/ana-clara-macedo\/\"><span itemprop=\"author\">Ana Clara Macedo<\/span><\/a><\/span><time datetime=\"2022-08-11T19:19:35-03:00\" itemprop=\"datePublished\">11\/08\/2022 19:19<\/time><\/div><\/div><\/div><\/div><\/div>","single_layout":"posts","amp_enabled":true,"_links":{"self":[{"href":"https:\/\/www.suno.com.br\/noticias\/wp-json\/wp\/v2\/posts\/284245"}],"collection":[{"href":"https:\/\/www.suno.com.br\/noticias\/wp-json\/wp\/v2\/posts"}],"about":[{"href":"https:\/\/www.suno.com.br\/noticias\/wp-json\/wp\/v2\/types\/post"}],"author":[{"embeddable":true,"href":"https:\/\/www.suno.com.br\/noticias\/wp-json\/wp\/v2\/users\/195"}],"replies":[{"embeddable":true,"href":"https:\/\/www.suno.com.br\/noticias\/wp-json\/wp\/v2\/comments?post=284245"}],"version-history":[{"count":3,"href":"https:\/\/www.suno.com.br\/noticias\/wp-json\/wp\/v2\/posts\/284245\/revisions"}],"predecessor-version":[{"id":284270,"href":"https:\/\/www.suno.com.br\/noticias\/wp-json\/wp\/v2\/posts\/284245\/revisions\/284270"}],"wp:featuredmedia":[{"embeddable":true,"href":"https:\/\/www.suno.com.br\/noticias\/wp-json\/wp\/v2\/media\/165624"}],"wp:attachment":[{"href":"https:\/\/www.suno.com.br\/noticias\/wp-json\/wp\/v2\/media?parent=284245"}],"wp:term":[{"taxonomy":"category","embeddable":true,"href":"https:\/\/www.suno.com.br\/noticias\/wp-json\/wp\/v2\/categories?post=284245"},{"taxonomy":"post_tag","embeddable":true,"href":"https:\/\/www.suno.com.br\/noticias\/wp-json\/wp\/v2\/tags?post=284245"},{"taxonomy":"suno_strategy","embeddable":true,"href":"https:\/\/www.suno.com.br\/noticias\/wp-json\/wp\/v2\/suno_strategy?post=284245"}],"curies":[{"name":"wp","href":"https:\/\/api.w.org\/{rel}","templated":true}]}}