{"id":284129,"date":"2022-08-11T17:01:11","date_gmt":"2022-08-11T20:01:11","guid":{"rendered":"https:\/\/www.suno.com.br\/noticias\/?p=284129"},"modified":"2022-08-11T18:30:13","modified_gmt":"2022-08-11T21:30:13","slug":"esg-sustentabilidade-decisoes-cba-cbav3","status":"publish","type":"post","link":"https:\/\/www.suno.com.br\/noticias\/esg-sustentabilidade-decisoes-cba-cbav3\/","title":{"rendered":"&#8220;ESG \u00e9 o ponto de partida para nossas decis\u00f5es\u201d, diz CBA (CBAV3)"},"content":{"rendered":"<p>Sustentabilidade pode ser o mote de uma companhia de setor tradicional, como o da minera\u00e7\u00e3o? Para a Companhia Brasileira de Alum\u00ednio, a <a class=\"suno-keyword\" href=\"https:\/\/www.suno.com.br\/acoes\/cbav3\/\" target=\"_blank\" rel=\"noopener\" data-force=\"yes\" data-priority=\"2\">CBA (CBAV3)<\/a>, n\u00e3o h\u00e1 decis\u00e3o a ser tomada sem levar em conta os principais pilares do <strong>ESG<\/strong> \u2013 ambiental, governamental e social.<\/p><div class=\"videoFull videoFull--noRadius\">\n\t\t\t<div class=\"videoWrapper yt-lazyload center\"\n\t\t\t\tdata-width=\"960\"\n\t\t\t\tdata-height=\"540\"\n\t\t\t\tdata-id=\"xZep35UdVrY\"\n\t\t\t\tdata-alt=\"Assista a CBA falando sobre estrat\u00e9gias sustent\u00e1veis na minera\u00e7\u00e3o!\"\n\t\t\t\tdata-logo=\"3\"\n\t\t\t\tdata-imagequality=\"maxres\">\n\t\t\t<\/div>\n\t\t<\/div><span class=\"videoFull__caption videoFull__caption--show\">Assista a CBA falando sobre estrat\u00e9gias sustent\u00e1veis na minera\u00e7\u00e3o!<p><\/p><\/span><script type=\"application\/ld+json\">{\"@context\":\"https:\/\/schema.org\",\"@type\":\"VideoObject\",\"name\":\"ESG: Como atuar em minera\u00e7\u00e3o de maneira sustent\u00e1vel? Entenda as estrat\u00e9gias da CBA (CBAV3)\",\"description\":\"O que \u00e9 ESG, e por que importa para o investidor? Como as empresas demonstram a diferen\u00e7a no impacto que causam em todos os aspectos da sigla? Nesta entrevista, o Suno Not\u00edcias conversa com Leandro Faria, Gerente Geral de Sustentabilidade da Companhia Brasileira de Alum\u00ednio, CBA (CBAV3). #esg #CBA #CBAV3 #Not\u00edciasdoDia #Not\u00edcias \ud83d\uddde\ufe0f \ud835\udc12\ud835\udc14\ud835\udc0d\ud835\udc0e \ud835\udc02\ud835\udc00\ud835\udc0b\ud835\udc0b:\u2026\",\"duration\":\"PT38M44S\",\"embedUrl\":\"https:\/\/www.youtube.com\/embed\/xZep35UdVrY\",\"regionsAllowed\":\"pt-BR\",\"interactionStatistic\":{\"@type\":\"InteractionCounter\",\"interactionType\":{\"@type\":\"WatchAction\"},\"userInteractionCount\":830},\"thumbnailUrl\":\"https:\/\/i.ytimg.com\/vi\/xZep35UdVrY\/default.jpg\",\"uploadDate\":\"2022-08-11T16:46:15Z\"}<\/script>\n\n\t<p>\n\t\t<a href=\"\" target=\"_blank\" data-element=\"shortcode-suno-banner\" title=\"Banner SUNO, clique e saiba mais\">\n\t\t\t<picture>\n\t\t\t\t<source media=\"(max-width: 500px)\" srcset=\"\">\n\t\t\t\t<img class=\"newsContent__article__imgCapa newsContent__article__imgCapa--banner\"\n\t\t\t\t\tsrc=\"\"\n\t\t\t\t\tdata-promo-id=\"281794\"\t\t\t\t\t\t\t\t\t\t\t\t\t\t\talt=\"\"\n\t\t\t\t>\n\t\t\t<\/picture>\n\t\t<\/a>\n\t<\/p>\n\n\n<p>\u201cQuando falamos em <strong>sustentabilidade<\/strong>, n\u00e3o estamos falando apenas sobre o ponto de partida, mas sobre n\u00e3o haver uma linha de chegada tamb\u00e9m. Precisamos sempre avan\u00e7ar com essa <strong>agenda ESG<\/strong> na nossa organiza\u00e7\u00e3o\u201d, explica Leandro de Faria, gerente geral de Sustentabilidade da CBA.<\/p>\n<p>A CBA \u00e9 uma empresa que produz alum\u00ednio h\u00e1 67 anos. Em julho de 2021, entrou no radar dos investidores ao realizar sua <strong>oferta inicial de a\u00e7\u00f5es (IPO)<\/strong>. A companhia tem sua cadeia de produ\u00e7\u00e3o verticalizada, ou seja, atua desde a extra\u00e7\u00e3o da bauxita at\u00e9 a produ\u00e7\u00e3o de alum\u00ednio transformado para atender diversos segmentos, como setor de embalagens, constru\u00e7\u00e3o civil,\u00a0 automotivo, transportes, entre outros.<\/p>\n<p>&#8220;O alum\u00ednio \u00e9 o metal do futuro. Nossa produ\u00e7\u00e3o utiliza-se de<strong> energia renov\u00e1vel<\/strong> porque nossa vis\u00e3o de neg\u00f3cio \u00e9 aliada ao meio ambiente e gera\u00e7\u00e3o de valor compartilhado&#8221;, explica Faria.<\/p>\n<p>Para saber tudo sobre ESG,\u00a0nos acompanhe nesta &#8220;<strong>Semana do ESG: Investindo no Futuro<\/strong>&#8220;, realizada com apoio da CBA e da Rio Bravo.\u00a0Entre 8 e 12 de agosto, o Suno Not\u00edcias vai trazer uma s\u00e9rie de conte\u00fados especiais sobre investimentos ESG para voc\u00ea ficar por dentro do tema e entender como isso impacta o seu bolso. <a href=\"https:\/\/www.suno.com.br\/noticias\/tags\/esg\/\">Voc\u00ea acompanha todo o conte\u00fado neste link.<\/a><\/p>\n<p>Voc\u00ea tamb\u00e9m n\u00e3o pode perder o <a href=\"https:\/\/lp.suno.com.br\/pv\/encontro-esg-investindo-no-futuro\/\">evento presencial do SUNO Not\u00edcias sobre ESG que ocorrer\u00e1 no dia 17 de agosto<\/a>, em S\u00e3o Paulo.<\/p>\n<h2>Para a CBA, n\u00e3o h\u00e1 ESG sem o \u201cS\u201d<\/h2>\n<p>A perspectiva ESG \u00e9 o ponto de partida de um neg\u00f3cio para a<a href=\"https:\/\/esg.cba.com.br\/\"> <strong>Companhia Brasileira de Alum\u00ednio<\/strong><\/a>. Mais do que o aspecto do meio ambiente, o qual mais tem contato diretamente, diante da minera\u00e7\u00e3o que faz parte de sua atividade econ\u00f4mica, a pauta sustent\u00e1vel tamb\u00e9m est\u00e1 presente na governan\u00e7a da organiza\u00e7\u00e3o e no impacto que causa em seu entorno.<\/p>\n<p>\u201cQuando pensamos em crescimento, ele deve ser sustent\u00e1vel. Quando falamos de reter talentos, queremos atrair <strong>diversidade<\/strong>, trabalhar em uma cultura cada vez mais inclusiva\u201d, aponta Leandro de Faria.<\/p>\n<p>A agenda ESG \u00e9 global, atrelada a desempenho, efici\u00eancia, gest\u00e3o de riscos. \u201cDe uma perspectiva mais ampla, as a\u00e7\u00f5es precisam ser adotadas em formato de parceria \u2013 de comunidade, clientes, consumidores, investidores. Assim, somamos e ampliamos nosso valor compartilhado.\u201d<\/p>\n<p>O conceito de comunidade na empresa engloba quem faz acontecer a realidade da CBA e de onde a mat\u00e9ria-prima \u00e9 retirada. \u201cH\u00e1 d\u00e9cadas nosso fundador j\u00e1 tinha a vis\u00e3o de que proteger o bioma era importante para reduzir os riscos que alimentam nossas 21 usinas hidrel\u00e9tricas, que nos fornecem <strong>energia renov\u00e1vel<\/strong> para produ\u00e7\u00e3o do alum\u00ednio de baixo carbono\u201d, explica.<\/p>\n<p>Segundo o gestor, o engajamento com <strong>quest\u00f5es ambientais, sociais e de governan\u00e7a<\/strong> tem o mesmo grau de relev\u00e2ncia para a companhia quanto a qualidade do alum\u00ednio. Isso porque a evolu\u00e7\u00e3o constante da sustentabilidade beneficia pessoas &#8211; que tornam tudo poss\u00edvel; o planeta &#8211; de onde a mat\u00e9ria \u00e9 coletada; e a empresa em si &#8211; o neg\u00f3cio.<\/p>\n\t<p>\n\t\t<a href=\"\" target=\"_blank\" data-element=\"shortcode-suno-banner\" title=\"Banner SUNO, clique e saiba mais\">\n\t\t\t<picture>\n\t\t\t\t<source media=\"(max-width: 500px)\" srcset=\"\">\n\t\t\t\t<img class=\"newsContent__article__imgCapa newsContent__article__imgCapa--banner\"\n\t\t\t\t\tsrc=\"\"\n\t\t\t\t\tdata-promo-id=\"281788\"\t\t\t\t\t\t\t\t\t\t\t\t\t\t\talt=\"\"\n\t\t\t\t>\n\t\t\t<\/picture>\n\t\t<\/a>\n\t<\/p>\n\n\n<h2>Descarboniza\u00e7\u00e3o como pilar de sustentabilidade ambiental<\/h2>\n<p>Para a CBA, a prote\u00e7\u00e3o do meio ambiente \u00e9 focada na <strong>descarboniza\u00e7\u00e3o<\/strong>: \u201ccomo podemos descarbonizar a produ\u00e7\u00e3o da ponta da cadeia?\u201de \u201ccomo o alum\u00ednio da CBA pode apoiar o mundo?\u201d s\u00e3o perguntas frequentes para a gest\u00e3o da atividade da empresa.<\/p>\n<p>O alum\u00ednio da CBA j\u00e1 \u00e9 de baixo carbono: cada tonelada distribu\u00edda carrega 2,66 toneladas de CO2. Globalmente, uma tonelada de alum\u00ednio costuma carregar 12 toneladas de CO2, segundo dados apresentados pela CBA.<\/p>\n<p>\u201cDa perspectiva regulat\u00f3ria, de <strong>gest\u00e3o de riscos<\/strong>, a taxa\u00e7\u00e3o de carbono \u00e9 uma possibilidade e isso gera como consequ\u00eancia o aumento de custos. Investir em alum\u00ednio de baixo carbono implica em gerir bem esses riscos e capturar oportunidades\u201d, explica Leandro. A empresa enxerga que um bom desempenho na agenda ESG permite o acesso a um capital com custo mais atrativo para desenvolver projetos diversos.<\/p>\n<p>O setor de alum\u00ednio \u00e9 respons\u00e1vel por 1% das <strong>emiss\u00f5es de gases de efeito estufa<\/strong> do mundo e 5% do consumo da energia global na produ\u00e7\u00e3o do alum\u00ednio prim\u00e1rio. A atividade \u00e9 considerada intensiva em carbono pelo uso de combust\u00edveis f\u00f3sseis e de energia el\u00e9trica na produ\u00e7\u00e3o.<\/p>\n<p>\u201cHoje j\u00e1 produzimos alum\u00ednio de baixo carbono. Continuamos nos desafiando com metas ambiciosas para avan\u00e7ar cada vez mais na descarboniza\u00e7\u00e3o. Queremos reduzir 40% das emiss\u00f5es, isso desde 2019. At\u00e9 hoje, j\u00e1 conseguimos reduzir 25% dessa meta\u201d, descreve.<\/p>\n<p>Quer aprender muito mais sobre investimentos <strong>ESG<\/strong>? Ent\u00e3o garanta sua vaga no evento presencial do Suno Not\u00edcias que vai rolar em S\u00e3o Paulo, com os grandes nomes do ESG. Clique abaixo e garanta seu ingresso!<\/p>\n\t<p>\n\t\t<a href=\"\" target=\"_blank\" data-element=\"shortcode-suno-banner\" title=\"Banner SUNO, clique e saiba mais\">\n\t\t\t<picture>\n\t\t\t\t<source media=\"(max-width: 500px)\" srcset=\"\">\n\t\t\t\t<img class=\"newsContent__article__imgCapa newsContent__article__imgCapa--banner\"\n\t\t\t\t\tsrc=\"\"\n\t\t\t\t\tdata-promo-id=\"281794\"\t\t\t\t\t\t\t\t\t\t\t\t\t\t\talt=\"\"\n\t\t\t\t>\n\t\t\t<\/picture>\n\t\t<\/a>\n\t<\/p>\n\n\n","protected":false},"excerpt":{"rendered":"<p>Sustentabilidade pode ser o mote de uma companhia de setor tradicional, como o da minera\u00e7\u00e3o? Para a Companhia Brasileira de Alum\u00ednio, a CBA (CBAV3), n\u00e3o h\u00e1 decis\u00e3o a ser tomada sem levar em conta os principais pilares do ESG \u2013 ambiental, governamental e social. Assista a CBA falando sobre estrat\u00e9gias sustent\u00e1veis na minera\u00e7\u00e3o! \u201cQuando falamos [&hellip;]<\/p>\n","protected":false},"author":70,"featured_media":284131,"comment_status":"closed","ping_status":"closed","sticky":false,"template":"","format":"standard","meta":[],"categories":[64],"tags":[106319,75364],"suno_strategy":[],"class_list":["post-284129","post","type-post","status-publish","format-standard","has-post-thumbnail","hentry","category-negocios","tag-cba-cbav3","tag-esg"],"yoast_head":"<!-- This site is optimized with the Yoast SEO plugin v24.4 - https:\/\/yoast.com\/wordpress\/plugins\/seo\/ -->\n<title>&quot;ESG \u00e9 o ponto de partida para nossas decis\u00f5es\u201d, diz CBA (CBAV3)<\/title>\n<meta name=\"description\" content=\"O Gerente Geral de Sustentabilidade da CBA (CBAV3) explica como ESG pode fazer parte da estrat\u00e9gia de uma empresa de um setor tradicional.\" \/>\n<meta name=\"robots\" content=\"index, follow, max-snippet:-1, max-image-preview:large, max-video-preview:-1\" \/>\n<link rel=\"canonical\" href=\"https:\/\/www.suno.com.br\/noticias\/esg-sustentabilidade-decisoes-cba-cbav3\/\" \/>\n<meta property=\"og:locale\" content=\"pt_BR\" \/>\n<meta property=\"og:type\" content=\"article\" \/>\n<meta property=\"og:title\" content=\"&quot;ESG \u00e9 o ponto de partida para nossas decis\u00f5es\u201d, diz CBA (CBAV3)\" \/>\n<meta property=\"og:description\" content=\"O Gerente Geral de Sustentabilidade da CBA (CBAV3) explica como ESG pode fazer parte da estrat\u00e9gia de uma empresa de um setor tradicional.\" \/>\n<meta property=\"og:url\" content=\"https:\/\/www.suno.com.br\/noticias\/esg-sustentabilidade-decisoes-cba-cbav3\/\" \/>\n<meta property=\"og:site_name\" content=\"Suno Not\u00edcias\" \/>\n<meta property=\"article:publisher\" content=\"https:\/\/facebook.com\/sunoresearch\" \/>\n<meta property=\"og:image\" content=\"https:\/\/files.sunoresearch.com.br\/n\/uploads\/2022\/08\/Fabrica_CBA.jpg\" \/>\n\t<meta property=\"og:image:width\" content=\"1280\" \/>\n\t<meta property=\"og:image:height\" content=\"958\" \/>\n\t<meta property=\"og:image:type\" content=\"image\/jpeg\" \/>\n<meta name=\"author\" content=\"Beatriz Boyadjian\" \/>\n<meta name=\"twitter:card\" content=\"summary_large_image\" \/>\n<meta name=\"twitter:creator\" content=\"@sunoresearch\" \/>\n<meta name=\"twitter:site\" content=\"@sunoresearch\" \/>\n<meta name=\"twitter:label1\" content=\"Escrito por\" \/>\n\t<meta name=\"twitter:data1\" content=\"Beatriz Boyadjian\" \/>\n\t<meta name=\"twitter:label2\" content=\"Est. tempo de leitura\" \/>\n\t<meta name=\"twitter:data2\" content=\"5 minutos\" \/>\n<script type=\"application\/ld+json\" class=\"yoast-schema-graph\">{\"@context\":\"https:\/\/schema.org\",\"@graph\":[{\"@type\":\"NewsArticle\",\"@id\":\"https:\/\/www.suno.com.br\/noticias\/esg-sustentabilidade-decisoes-cba-cbav3\/#article\",\"isPartOf\":{\"@id\":\"https:\/\/www.suno.com.br\/noticias\/esg-sustentabilidade-decisoes-cba-cbav3\/\"},\"author\":{\"name\":\"Beatriz Boyadjian\",\"@id\":\"https:\/\/www.suno.com.br\/noticias\/#\/schema\/person\/c9d40f227e4ffee8114b1299c28902b0\"},\"headline\":\"&#8220;ESG \u00e9 o ponto de partida para nossas decis\u00f5es\u201d, diz CBA (CBAV3)\",\"datePublished\":\"2022-08-11T20:01:11+00:00\",\"dateModified\":\"2022-08-11T21:30:13+00:00\",\"mainEntityOfPage\":{\"@id\":\"https:\/\/www.suno.com.br\/noticias\/esg-sustentabilidade-decisoes-cba-cbav3\/\"},\"wordCount\":865,\"publisher\":{\"@id\":\"https:\/\/www.suno.com.br\/noticias\/#organization\"},\"image\":{\"@id\":\"https:\/\/www.suno.com.br\/noticias\/esg-sustentabilidade-decisoes-cba-cbav3\/#primaryimage\"},\"thumbnailUrl\":\"https:\/\/files.sunoresearch.com.br\/n\/uploads\/2022\/08\/Fabrica_CBA.jpg\",\"keywords\":[\"CBA (CBAV3)\",\"ESG\"],\"articleSection\":[\"Neg\u00f3cios\"],\"inLanguage\":\"pt-BR\"},{\"@type\":\"WebPage\",\"@id\":\"https:\/\/www.suno.com.br\/noticias\/esg-sustentabilidade-decisoes-cba-cbav3\/\",\"url\":\"https:\/\/www.suno.com.br\/noticias\/esg-sustentabilidade-decisoes-cba-cbav3\/\",\"name\":\"\\\"ESG \u00e9 o ponto de partida para nossas decis\u00f5es\u201d, diz CBA (CBAV3)\",\"isPartOf\":{\"@id\":\"https:\/\/www.suno.com.br\/noticias\/#website\"},\"primaryImageOfPage\":{\"@id\":\"https:\/\/www.suno.com.br\/noticias\/esg-sustentabilidade-decisoes-cba-cbav3\/#primaryimage\"},\"image\":{\"@id\":\"https:\/\/www.suno.com.br\/noticias\/esg-sustentabilidade-decisoes-cba-cbav3\/#primaryimage\"},\"thumbnailUrl\":\"https:\/\/files.sunoresearch.com.br\/n\/uploads\/2022\/08\/Fabrica_CBA.jpg\",\"datePublished\":\"2022-08-11T20:01:11+00:00\",\"dateModified\":\"2022-08-11T21:30:13+00:00\",\"description\":\"O Gerente Geral de Sustentabilidade da CBA (CBAV3) explica como ESG pode fazer parte da estrat\u00e9gia de uma empresa de um setor tradicional.\",\"breadcrumb\":{\"@id\":\"https:\/\/www.suno.com.br\/noticias\/esg-sustentabilidade-decisoes-cba-cbav3\/#breadcrumb\"},\"inLanguage\":\"pt-BR\",\"potentialAction\":[{\"@type\":\"ReadAction\",\"target\":[\"https:\/\/www.suno.com.br\/noticias\/esg-sustentabilidade-decisoes-cba-cbav3\/\"]}]},{\"@type\":\"ImageObject\",\"inLanguage\":\"pt-BR\",\"@id\":\"https:\/\/www.suno.com.br\/noticias\/esg-sustentabilidade-decisoes-cba-cbav3\/#primaryimage\",\"url\":\"https:\/\/files.sunoresearch.com.br\/n\/uploads\/2022\/08\/Fabrica_CBA.jpg\",\"contentUrl\":\"https:\/\/files.sunoresearch.com.br\/n\/uploads\/2022\/08\/Fabrica_CBA.jpg\",\"width\":1280,\"height\":958,\"caption\":\"F\u00e1brica da CBA em S\u00e3o Paulo (SP). Foto: Arquivo Creative Commons.\"},{\"@type\":\"BreadcrumbList\",\"@id\":\"https:\/\/www.suno.com.br\/noticias\/esg-sustentabilidade-decisoes-cba-cbav3\/#breadcrumb\",\"itemListElement\":[{\"@type\":\"ListItem\",\"position\":1,\"name\":\"Not\u00edcias\",\"item\":\"https:\/\/www.suno.com.br\/noticias\/\"},{\"@type\":\"ListItem\",\"position\":2,\"name\":\"Neg\u00f3cios\",\"item\":\"https:\/\/www.suno.com.br\/noticias\/negocios\/\"},{\"@type\":\"ListItem\",\"position\":3,\"name\":\"&#8220;ESG \u00e9 o ponto de partida para nossas decis\u00f5es\u201d, diz CBA (CBAV3)\"}]},{\"@type\":\"WebSite\",\"@id\":\"https:\/\/www.suno.com.br\/noticias\/#website\",\"url\":\"https:\/\/www.suno.com.br\/noticias\/\",\"name\":\"Suno Not\u00edcias\",\"description\":\"Seu portal de informa\u00e7\u00e3o sobre o mundo dos investimentos\",\"publisher\":{\"@id\":\"https:\/\/www.suno.com.br\/noticias\/#organization\"},\"potentialAction\":[{\"@type\":\"SearchAction\",\"target\":{\"@type\":\"EntryPoint\",\"urlTemplate\":\"https:\/\/www.suno.com.br\/noticias\/?s={search_term_string}\"},\"query-input\":{\"@type\":\"PropertyValueSpecification\",\"valueRequired\":true,\"valueName\":\"search_term_string\"}}],\"inLanguage\":\"pt-BR\"},{\"@type\":\"Organization\",\"@id\":\"https:\/\/www.suno.com.br\/noticias\/#organization\",\"name\":\"Suno Not\u00edcias\",\"url\":\"https:\/\/www.suno.com.br\/noticias\/\",\"logo\":{\"@type\":\"ImageObject\",\"inLanguage\":\"pt-BR\",\"@id\":\"https:\/\/www.suno.com.br\/noticias\/#\/schema\/logo\/image\/\",\"url\":\"https:\/\/files.sunoresearch.com.br\/n\/uploads\/2021\/09\/suno-logo.png\",\"contentUrl\":\"https:\/\/files.sunoresearch.com.br\/n\/uploads\/2021\/09\/suno-logo.png\",\"width\":180,\"height\":180,\"caption\":\"Suno Not\u00edcias\"},\"image\":{\"@id\":\"https:\/\/www.suno.com.br\/noticias\/#\/schema\/logo\/image\/\"},\"sameAs\":[\"https:\/\/facebook.com\/sunoresearch\",\"https:\/\/x.com\/sunoresearch\",\"https:\/\/www.instagram.com\/suno\",\"https:\/\/www.linkedin.com\/company\/suno-research\/\",\"https:\/\/www.youtube.com\/c\/sunoresearch\"]},{\"@type\":\"Person\",\"@id\":\"https:\/\/www.suno.com.br\/noticias\/#\/schema\/person\/c9d40f227e4ffee8114b1299c28902b0\",\"name\":\"Beatriz Boyadjian\",\"image\":{\"@type\":\"ImageObject\",\"inLanguage\":\"pt-BR\",\"@id\":\"https:\/\/www.suno.com.br\/noticias\/#\/schema\/person\/image\/\",\"url\":\"https:\/\/secure.gravatar.com\/avatar\/4c3c59f4030e268f950437c4f36e38b7?s=96&r=g\",\"contentUrl\":\"https:\/\/secure.gravatar.com\/avatar\/4c3c59f4030e268f950437c4f36e38b7?s=96&r=g\",\"caption\":\"Beatriz Boyadjian\"},\"description\":\"Rep\u00f3rter multim\u00eddia no Suno Not\u00edcias. Jornalista formada pela Faculdade C\u00e1sper L\u00edbero, foi rep\u00f3rter da Forbes Brasil e atuou na cobertura de hard news, economia, neg\u00f3cios e lifestyle. Gerenciou as redes sociais da edi\u00e7\u00e3o brasileira da tradicional revista de neg\u00f3cios. Na M\u00e1quina Cohn&amp;Wolfe, atuou como rela\u00e7\u00f5es p\u00fablicas de clientes do N\u00facleo de Sa\u00fade da empresa. Produziu releases, notas, relat\u00f3rios, entre outros, para empresas como Biomm, Hypera, FIDI. Anteriormente, respons\u00e1vel pelas redes sociais do Suno Not\u00edcias.\",\"sameAs\":[\"https:\/\/www.linkedin.com\/in\/beatriz-boyadjian\/\"],\"url\":\"https:\/\/www.suno.com.br\/noticias\/author\/beatriz-boyadjian\/\"}]}<\/script>\n<!-- \/ Yoast SEO plugin. -->","yoast_head_json":{"title":"\"ESG \u00e9 o ponto de partida para nossas decis\u00f5es\u201d, diz CBA (CBAV3)","description":"O Gerente Geral de Sustentabilidade da CBA (CBAV3) explica como ESG pode fazer parte da estrat\u00e9gia de uma empresa de um setor tradicional.","robots":{"index":"index","follow":"follow","max-snippet":"max-snippet:-1","max-image-preview":"max-image-preview:large","max-video-preview":"max-video-preview:-1"},"canonical":"https:\/\/www.suno.com.br\/noticias\/esg-sustentabilidade-decisoes-cba-cbav3\/","og_locale":"pt_BR","og_type":"article","og_title":"\"ESG \u00e9 o ponto de partida para nossas decis\u00f5es\u201d, diz CBA (CBAV3)","og_description":"O Gerente Geral de Sustentabilidade da CBA (CBAV3) explica como ESG pode fazer parte da estrat\u00e9gia de uma empresa de um setor tradicional.","og_url":"https:\/\/www.suno.com.br\/noticias\/esg-sustentabilidade-decisoes-cba-cbav3\/","og_site_name":"Suno Not\u00edcias","article_publisher":"https:\/\/facebook.com\/sunoresearch","og_image":[{"width":1280,"height":958,"url":"https:\/\/files.sunoresearch.com.br\/n\/uploads\/2022\/08\/Fabrica_CBA.jpg","type":"image\/jpeg"}],"author":"Beatriz Boyadjian","twitter_card":"summary_large_image","twitter_creator":"@sunoresearch","twitter_site":"@sunoresearch","twitter_misc":{"Escrito por":"Beatriz Boyadjian","Est. tempo de leitura":"5 minutos"},"schema":{"@context":"https:\/\/schema.org","@graph":[{"@type":"NewsArticle","@id":"https:\/\/www.suno.com.br\/noticias\/esg-sustentabilidade-decisoes-cba-cbav3\/#article","isPartOf":{"@id":"https:\/\/www.suno.com.br\/noticias\/esg-sustentabilidade-decisoes-cba-cbav3\/"},"author":{"name":"Beatriz Boyadjian","@id":"https:\/\/www.suno.com.br\/noticias\/#\/schema\/person\/c9d40f227e4ffee8114b1299c28902b0"},"headline":"&#8220;ESG \u00e9 o ponto de partida para nossas decis\u00f5es\u201d, diz CBA (CBAV3)","datePublished":"2022-08-11T20:01:11+00:00","dateModified":"2022-08-11T21:30:13+00:00","mainEntityOfPage":{"@id":"https:\/\/www.suno.com.br\/noticias\/esg-sustentabilidade-decisoes-cba-cbav3\/"},"wordCount":865,"publisher":{"@id":"https:\/\/www.suno.com.br\/noticias\/#organization"},"image":{"@id":"https:\/\/www.suno.com.br\/noticias\/esg-sustentabilidade-decisoes-cba-cbav3\/#primaryimage"},"thumbnailUrl":"https:\/\/files.sunoresearch.com.br\/n\/uploads\/2022\/08\/Fabrica_CBA.jpg","keywords":["CBA (CBAV3)","ESG"],"articleSection":["Neg\u00f3cios"],"inLanguage":"pt-BR"},{"@type":"WebPage","@id":"https:\/\/www.suno.com.br\/noticias\/esg-sustentabilidade-decisoes-cba-cbav3\/","url":"https:\/\/www.suno.com.br\/noticias\/esg-sustentabilidade-decisoes-cba-cbav3\/","name":"\"ESG \u00e9 o ponto de partida para nossas decis\u00f5es\u201d, diz CBA (CBAV3)","isPartOf":{"@id":"https:\/\/www.suno.com.br\/noticias\/#website"},"primaryImageOfPage":{"@id":"https:\/\/www.suno.com.br\/noticias\/esg-sustentabilidade-decisoes-cba-cbav3\/#primaryimage"},"image":{"@id":"https:\/\/www.suno.com.br\/noticias\/esg-sustentabilidade-decisoes-cba-cbav3\/#primaryimage"},"thumbnailUrl":"https:\/\/files.sunoresearch.com.br\/n\/uploads\/2022\/08\/Fabrica_CBA.jpg","datePublished":"2022-08-11T20:01:11+00:00","dateModified":"2022-08-11T21:30:13+00:00","description":"O Gerente Geral de Sustentabilidade da CBA (CBAV3) explica como ESG pode fazer parte da estrat\u00e9gia de uma empresa de um setor tradicional.","breadcrumb":{"@id":"https:\/\/www.suno.com.br\/noticias\/esg-sustentabilidade-decisoes-cba-cbav3\/#breadcrumb"},"inLanguage":"pt-BR","potentialAction":[{"@type":"ReadAction","target":["https:\/\/www.suno.com.br\/noticias\/esg-sustentabilidade-decisoes-cba-cbav3\/"]}]},{"@type":"ImageObject","inLanguage":"pt-BR","@id":"https:\/\/www.suno.com.br\/noticias\/esg-sustentabilidade-decisoes-cba-cbav3\/#primaryimage","url":"https:\/\/files.sunoresearch.com.br\/n\/uploads\/2022\/08\/Fabrica_CBA.jpg","contentUrl":"https:\/\/files.sunoresearch.com.br\/n\/uploads\/2022\/08\/Fabrica_CBA.jpg","width":1280,"height":958,"caption":"F\u00e1brica da CBA em S\u00e3o Paulo (SP). Foto: Arquivo Creative Commons."},{"@type":"BreadcrumbList","@id":"https:\/\/www.suno.com.br\/noticias\/esg-sustentabilidade-decisoes-cba-cbav3\/#breadcrumb","itemListElement":[{"@type":"ListItem","position":1,"name":"Not\u00edcias","item":"https:\/\/www.suno.com.br\/noticias\/"},{"@type":"ListItem","position":2,"name":"Neg\u00f3cios","item":"https:\/\/www.suno.com.br\/noticias\/negocios\/"},{"@type":"ListItem","position":3,"name":"&#8220;ESG \u00e9 o ponto de partida para nossas decis\u00f5es\u201d, diz CBA (CBAV3)"}]},{"@type":"WebSite","@id":"https:\/\/www.suno.com.br\/noticias\/#website","url":"https:\/\/www.suno.com.br\/noticias\/","name":"Suno Not\u00edcias","description":"Seu portal de informa\u00e7\u00e3o sobre o mundo dos investimentos","publisher":{"@id":"https:\/\/www.suno.com.br\/noticias\/#organization"},"potentialAction":[{"@type":"SearchAction","target":{"@type":"EntryPoint","urlTemplate":"https:\/\/www.suno.com.br\/noticias\/?s={search_term_string}"},"query-input":{"@type":"PropertyValueSpecification","valueRequired":true,"valueName":"search_term_string"}}],"inLanguage":"pt-BR"},{"@type":"Organization","@id":"https:\/\/www.suno.com.br\/noticias\/#organization","name":"Suno Not\u00edcias","url":"https:\/\/www.suno.com.br\/noticias\/","logo":{"@type":"ImageObject","inLanguage":"pt-BR","@id":"https:\/\/www.suno.com.br\/noticias\/#\/schema\/logo\/image\/","url":"https:\/\/files.sunoresearch.com.br\/n\/uploads\/2021\/09\/suno-logo.png","contentUrl":"https:\/\/files.sunoresearch.com.br\/n\/uploads\/2021\/09\/suno-logo.png","width":180,"height":180,"caption":"Suno Not\u00edcias"},"image":{"@id":"https:\/\/www.suno.com.br\/noticias\/#\/schema\/logo\/image\/"},"sameAs":["https:\/\/facebook.com\/sunoresearch","https:\/\/x.com\/sunoresearch","https:\/\/www.instagram.com\/suno","https:\/\/www.linkedin.com\/company\/suno-research\/","https:\/\/www.youtube.com\/c\/sunoresearch"]},{"@type":"Person","@id":"https:\/\/www.suno.com.br\/noticias\/#\/schema\/person\/c9d40f227e4ffee8114b1299c28902b0","name":"Beatriz Boyadjian","image":{"@type":"ImageObject","inLanguage":"pt-BR","@id":"https:\/\/www.suno.com.br\/noticias\/#\/schema\/person\/image\/","url":"https:\/\/secure.gravatar.com\/avatar\/4c3c59f4030e268f950437c4f36e38b7?s=96&r=g","contentUrl":"https:\/\/secure.gravatar.com\/avatar\/4c3c59f4030e268f950437c4f36e38b7?s=96&r=g","caption":"Beatriz Boyadjian"},"description":"Rep\u00f3rter multim\u00eddia no Suno Not\u00edcias. Jornalista formada pela Faculdade C\u00e1sper L\u00edbero, foi rep\u00f3rter da Forbes Brasil e atuou na cobertura de hard news, economia, neg\u00f3cios e lifestyle. Gerenciou as redes sociais da edi\u00e7\u00e3o brasileira da tradicional revista de neg\u00f3cios. Na M\u00e1quina Cohn&amp;Wolfe, atuou como rela\u00e7\u00f5es p\u00fablicas de clientes do N\u00facleo de Sa\u00fade da empresa. Produziu releases, notas, relat\u00f3rios, entre outros, para empresas como Biomm, Hypera, FIDI. Anteriormente, respons\u00e1vel pelas redes sociais do Suno Not\u00edcias.","sameAs":["https:\/\/www.linkedin.com\/in\/beatriz-boyadjian\/"],"url":"https:\/\/www.suno.com.br\/noticias\/author\/beatriz-boyadjian\/"}]}},"default_loop_html":"<div class=\"cardsPage__listCard__boxs\"><div class=\"cardsPage__listCard__boxs__img\"><a href=\"https:\/\/www.suno.com.br\/noticias\/esg-sustentabilidade-decisoes-cba-cbav3\/\"><img class=\"mask\" src=\"https:\/\/www.suno.com.br\/noticias\/wp-content\/themes\/suno\/resources\/images\/spotlight\/spotlight1img\/bg-mask.png\" alt=\"Image Mask\"\/><img src=\"https:\/\/files.sunoresearch.com.br\/n\/uploads\/2022\/08\/Fabrica_CBA-400x200.jpg\" alt=\"&#8220;ESG \u00e9 o ponto de partida para nossas decis\u00f5es\u201d, diz CBA (CBAV3)\"\/><\/a><span class=\"spotlightCategory\"><a href=\"https:\/\/www.suno.com.br\/noticias\/negocios\/\">Neg\u00f3cios<\/a><\/span><\/div><div class=\"cardsPage__listCard__boxs__content\"><a href=\"https:\/\/www.suno.com.br\/noticias\/esg-sustentabilidade-decisoes-cba-cbav3\/\"><h2 class=\"content__title\">&#8220;ESG \u00e9 o ponto de partida para nossas decis\u00f5es\u201d, diz CBA (CBAV3)<\/h2><\/a><div class=\"newsContent__article__meta\"><div class=\"newsContent__article__meta__authorBox\"><a href=\"https:\/\/www.suno.com.br\/noticias\/author\/beatriz-boyadjian\/\" class=\"authorBox__avatar noMobi\"><img src=\"https:\/\/secure.gravatar.com\/avatar\/4c3c59f4030e268f950437c4f36e38b7?s=96&#038;r=g\" alt=\"Beatriz Boyadjian\"><\/a><div class=\"authorBox__name\"><span>por\n\t\t\t<a href=\"https:\/\/www.suno.com.br\/noticias\/author\/beatriz-boyadjian\/\"><span itemprop=\"author\">Beatriz Boyadjian<\/span><\/a><\/span><time datetime=\"2022-08-11T17:01:11-03:00\" itemprop=\"datePublished\">11\/08\/2022 17:01<\/time><\/div><\/div><\/div><\/div><\/div>","single_layout":"posts","amp_enabled":true,"_links":{"self":[{"href":"https:\/\/www.suno.com.br\/noticias\/wp-json\/wp\/v2\/posts\/284129"}],"collection":[{"href":"https:\/\/www.suno.com.br\/noticias\/wp-json\/wp\/v2\/posts"}],"about":[{"href":"https:\/\/www.suno.com.br\/noticias\/wp-json\/wp\/v2\/types\/post"}],"author":[{"embeddable":true,"href":"https:\/\/www.suno.com.br\/noticias\/wp-json\/wp\/v2\/users\/70"}],"replies":[{"embeddable":true,"href":"https:\/\/www.suno.com.br\/noticias\/wp-json\/wp\/v2\/comments?post=284129"}],"version-history":[{"count":4,"href":"https:\/\/www.suno.com.br\/noticias\/wp-json\/wp\/v2\/posts\/284129\/revisions"}],"predecessor-version":[{"id":284243,"href":"https:\/\/www.suno.com.br\/noticias\/wp-json\/wp\/v2\/posts\/284129\/revisions\/284243"}],"wp:featuredmedia":[{"embeddable":true,"href":"https:\/\/www.suno.com.br\/noticias\/wp-json\/wp\/v2\/media\/284131"}],"wp:attachment":[{"href":"https:\/\/www.suno.com.br\/noticias\/wp-json\/wp\/v2\/media?parent=284129"}],"wp:term":[{"taxonomy":"category","embeddable":true,"href":"https:\/\/www.suno.com.br\/noticias\/wp-json\/wp\/v2\/categories?post=284129"},{"taxonomy":"post_tag","embeddable":true,"href":"https:\/\/www.suno.com.br\/noticias\/wp-json\/wp\/v2\/tags?post=284129"},{"taxonomy":"suno_strategy","embeddable":true,"href":"https:\/\/www.suno.com.br\/noticias\/wp-json\/wp\/v2\/suno_strategy?post=284129"}],"curies":[{"name":"wp","href":"https:\/\/api.w.org\/{rel}","templated":true}]}}