{"id":28403,"date":"2019-06-17T17:04:05","date_gmt":"2019-06-17T20:04:05","guid":{"rendered":"https:\/\/www.suno.com.br\/noticias\/?p=28403"},"modified":"2019-06-17T17:04:05","modified_gmt":"2019-06-17T20:04:05","slug":"cpi-bndes-levy-26-de-junho","status":"publish","type":"post","link":"https:\/\/www.suno.com.br\/noticias\/cpi-bndes-levy-26-de-junho\/","title":{"rendered":"CPI do BNDES ouvir\u00e1 Joaquim Levy no dia 26 de junho"},"content":{"rendered":"<p>A\u00a0<strong>Comiss\u00e3o Parlamentar de Inqu\u00e9rito (CPI)<\/strong> do <a href=\"https:\/\/www.suno.com.br\/artigos\/bndespar\/\">Banco Nacional de Desenvolvimento Econ\u00f4mico e Social (BNDES)<\/a>\u00a0anunciou nesta segunda-feira (17) que ouvir\u00e1 <a href=\"https:\/\/www.suno.com.br\/tudo-sobre\/joaquim-levy\/\">Joaquim Levy<\/a> no dia 26 de junho, \u00e0s 14h30.<\/p>\t<div class=\"wrapper-featured-image\">\n\t\t<figure class=\"spotlightImg\">\n\n\t\t\t<picture>\n\t\t\t\t<source media=\"(max-width: 768px)\" srcset=\"https:\/\/files.sunoresearch.com.br\/n\/uploads\/2019\/06\/37c8431f-bndes-400x200.webp\">\n\t\t\t\t<img loading=\"lazy\" decoding=\"async\" class=\"newsContent__article__imgCapa lazyloadDisabled newsContent__article__imgCapa--noCaption\" src=\"https:\/\/files.sunoresearch.com.br\/n\/uploads\/2019\/06\/37c8431f-bndes-800x450.webp\" width=\"800\" height=\"450\" alt=\"CPI do BNDES ouvir\u00e1 Joaquim Levy no dia 26 de junho\" fetchpriority=high \/>\n\t\t\t<\/picture>\n\n\t\t\t<figcaption class=\"wp-caption-text wp-caption-text--hide\">BNDES (Divulga\u00e7\u00e3o)<\/figcaption>\n\t\t<\/figure>\n\t<\/div>\n\n\n<p>O ex-presidente do <strong>BNDES<\/strong> dar\u00e1 esclarecimentos sobre a gest\u00e3o da institui\u00e7\u00e3o.\u00a0No dia 9 de abril, foi aberto um requerimento do deputado Elias Vaz (PSB-GO) para que <strong>Levy<\/strong> fosse ouvido pela <strong>CPI<\/strong>. O pedido s\u00f3 foi aprovado nesta segunda-feira, ap\u00f3s o an\u00fancio da demiss\u00e3o do executivo.<\/p>\n\t<p>\n\t\t<a href=\"https:\/\/lp.suno.com.br\/asset\/fundos\/suno-fic-fia\/\" target=\"_blank\" data-element=\"shortcode-suno-banner\" title=\"Banner SUNO, clique e saiba mais\">\n\t\t\t<picture>\n\t\t\t\t<source media=\"(max-width: 500px)\" srcset=\"https:\/\/files.sunoresearch.com.br\/n\/uploads\/2023\/10\/SUNO-FIC-FIA-400x300-Mobile-Artigos-5-v2.png\">\n\t\t\t\t<img class=\"newsContent__article__imgCapa newsContent__article__imgCapa--banner\"\n\t\t\t\t\tsrc=\"https:\/\/files.sunoresearch.com.br\/n\/uploads\/2023\/10\/SUNO-FIC-FIA-1420x240-Banner-Artigos-1-_-Banner-Materias-4-v2-png.webp\"\n\t\t\t\t\tdata-promo-id=\"478743\"\t\t\t\t\t\t\t\t\t\twidth='2560' height='433'\t\t\t\t\talt=\"https:\/\/files.sunoresearch.com.br\/n\/uploads\/2023\/10\/SUNO-FIC-FIA-1420x240-Banner-Artigos-1-_-Banner-Materias-4-v2-png.webp\"\n\t\t\t\t>\n\t\t\t<\/picture>\n\t\t<\/a>\n\t<\/p>\n\n\n<p>Al\u00e9m do deputado Elias Vaz, os parlamentares Alencar Santana Braga (PT-SP) e Margarida Salom\u00e3o (PT-MG) tamb\u00e9m s\u00e3o autores do requerimento. Por conta da autoria, os tr\u00eas deputados possuem prioridade para questionar <strong>Joaquim Levy<\/strong>.<\/p>\n<p>O deputado\u00a0federal <strong>Vanderlei Macris (PSDB-SP)<\/strong>, presidente da CPI,\u00a0foi respons\u00e1vel por definir a data da convoca\u00e7\u00e3o do executivo.<\/p>\n<h2>Demiss\u00e3o de Levy<\/h2>\n<p>O presidente do <a href=\"https:\/\/www.suno.com.br\/artigos\/bndespar\/\"><strong>Banco Nacional de Desenvolvimento Econ\u00f4mico e Social (BNDES)<\/strong><\/a>, Joaquim Levy, pediu demiss\u00e3o do cargo. O pedido foi entregue ao ministro da Economia,\u00a0<strong><a href=\"https:\/\/www.suno.com.br\/tudo-sobre\/paulo-guedes\/\">Paulo Guedes<\/a><\/strong><a href=\"https:\/\/www.suno.com.br\/tudo-sobre\/paulo-guedes\/\">,<\/a> e anunciado na manh\u00e3 do \u00faltimo domingo (16).<\/p>\n<p><a href=\"https:\/\/www.suno.com.br\/noticias\/levy-demissao-bndes\/\">Saiba mais: Joaquim Levy pede demiss\u00e3o da presid\u00eancia do BNDES<\/a><\/p>\n<p>\u201cSolicitei ao ministro da Economia, Paulo Guedes, meu desligamento do <strong>BNDES<\/strong>. Minha expectativa \u00e9 que ele aceda\u201d, disse <strong>Levy<\/strong> em um trecho da nota divulgada.<\/p>\n<p>Um dia antes do pedido de demiss\u00e3o, o\u00a0presidente Jair Bolsonaro\u00a0afirmou que Levy estava com a &#8220;cabe\u00e7a a pr\u00eamio&#8221; e amea\u00e7ou demiti-lo.<\/p>\n\t<p>\n\t\t<a href=\"https:\/\/lp2.suno.com.br\/pv\/bolsa-para-iniciantes?utm_campaign=_SNC757A2733_rs.mpr26---meu-primeiro-rendimento---venda---not\u00edcias&#038;utm_source=suno-not\u00edcias&#038;utm_medium=banner.noticias\" target=\"_blank\" data-element=\"shortcode-suno-banner\" title=\"Banner SUNO, clique e saiba mais\">\n\t\t\t<picture>\n\t\t\t\t<source media=\"(max-width: 500px)\" srcset=\"https:\/\/files.sunoresearch.com.br\/n\/uploads\/2026\/04\/400x300-Banner-Materias-01-png.webp\">\n\t\t\t\t<img class=\"newsContent__article__imgCapa newsContent__article__imgCapa--banner\"\n\t\t\t\t\tsrc=\"https:\/\/files.sunoresearch.com.br\/n\/uploads\/2026\/04\/1420x240-Banner-Materias-01-png.webp\"\n\t\t\t\t\tdata-promo-id=\"647482\"\t\t\t\t\t\t\t\t\t\twidth='1420' height='240'\t\t\t\t\talt=\"https:\/\/files.sunoresearch.com.br\/n\/uploads\/2026\/04\/1420x240-Banner-Materias-01-png.webp\"\n\t\t\t\t>\n\t\t\t<\/picture>\n\t\t<\/a>\n\t<\/p>\n\n\n<h2>Explica\u00e7\u00f5es sobre a &#8220;caixa-preta&#8221;<\/h2>\n<p>A CPI do\u00a0<a href=\"https:\/\/www.suno.com.br\/artigos\/bndespar\/\">Banco Nacional de Desenvolvimento Econ\u00f4mico e Social (BNDES)<\/a> quer explica\u00e7\u00f5es de <strong><a href=\"https:\/\/www.suno.com.br\/tudo-sobre\/joaquim-levy\/\">Joaquim Levy<\/a><\/strong>\u00a0sobre a caixa-preta dos empr\u00e9stimos internacionais do banco.<\/p>\n<p><a href=\"https:\/\/www.suno.com.br\/noticias\/cpi-bndes-explicacoes-levy\/\">Saiba mais: CPI do BNDES quer explica\u00e7\u00f5es de Joaquim Levy sobre caixa-preta<\/a><\/p>\n<p>&#8220;Agora \u00e9 o momento para ele explicar por que n\u00e3o abriu a caixa preta do <strong>BNDES<\/strong>. A miss\u00e3o dele era mostrar os empr\u00e9stimos internacionais, para pa\u00edses da Am\u00e9rica e da \u00c1frica, para a JBS tamb\u00e9m&#8221;, disse Jos\u00e9 Nelto, l\u00edder do<strong> Podemos-GO<\/strong>.<\/p>\n","protected":false},"excerpt":{"rendered":"<p>A\u00a0Comiss\u00e3o Parlamentar de Inqu\u00e9rito (CPI) do Banco Nacional de Desenvolvimento Econ\u00f4mico e Social (BNDES)\u00a0anunciou nesta segunda-feira (17) que ouvir\u00e1 Joaquim Levy no dia 26 de junho, \u00e0s 14h30. BNDES (Divulga\u00e7\u00e3o) O ex-presidente do BNDES dar\u00e1 esclarecimentos sobre a gest\u00e3o da institui\u00e7\u00e3o.\u00a0No dia 9 de abril, foi aberto um requerimento do deputado Elias Vaz (PSB-GO) para [&hellip;]<\/p>\n","protected":false},"author":18,"featured_media":28406,"comment_status":"closed","ping_status":"closed","sticky":false,"template":"","format":"standard","meta":[],"categories":[61],"tags":[757,1455,933],"suno_strategy":[],"class_list":["post-28403","post","type-post","status-publish","format-standard","has-post-thumbnail","hentry","category-politica","tag-bndes","tag-comissao-parlamentar-inquerito-cpi","tag-joaquim-levy"],"yoast_head":"<!-- This site is optimized with the Yoast SEO plugin v24.4 - https:\/\/yoast.com\/wordpress\/plugins\/seo\/ -->\n<title>CPI do BNDES ouvir\u00e1 Joaquim Levy no dia 26 de junho<\/title>\n<meta name=\"description\" content=\"A\u00a0CPI do BNDES\u00a0anunciou nesta segunda-feira (17) que ouvir\u00e1 Joaquim Levy no dia 26 de junho, \u00e0s 14h30. Clique para saber mais.\" \/>\n<meta name=\"robots\" content=\"index, follow, max-snippet:-1, max-image-preview:large, max-video-preview:-1\" \/>\n<link rel=\"canonical\" href=\"https:\/\/www.suno.com.br\/noticias\/cpi-bndes-levy-26-de-junho\/\" \/>\n<meta property=\"og:locale\" content=\"pt_BR\" \/>\n<meta property=\"og:type\" content=\"article\" \/>\n<meta property=\"og:title\" content=\"CPI do BNDES ouvir\u00e1 Joaquim Levy no dia 26 de junho\" \/>\n<meta property=\"og:description\" content=\"A\u00a0CPI do BNDES\u00a0anunciou nesta segunda-feira (17) que ouvir\u00e1 Joaquim Levy no dia 26 de junho, \u00e0s 14h30. Clique para saber mais.\" \/>\n<meta property=\"og:url\" content=\"https:\/\/www.suno.com.br\/noticias\/cpi-bndes-levy-26-de-junho\/\" \/>\n<meta property=\"og:site_name\" content=\"Suno Not\u00edcias\" \/>\n<meta property=\"article:publisher\" content=\"https:\/\/facebook.com\/sunoresearch\" \/>\n<meta property=\"og:image\" content=\"https:\/\/files.sunoresearch.com.br\/n\/uploads\/2019\/06\/37c8431f-bndes.jpg\" \/>\n\t<meta property=\"og:image:width\" content=\"2048\" \/>\n\t<meta property=\"og:image:height\" content=\"1536\" \/>\n\t<meta property=\"og:image:type\" content=\"image\/jpeg\" \/>\n<meta name=\"author\" content=\"Giovanna Oliveira\" \/>\n<meta name=\"twitter:card\" content=\"summary_large_image\" \/>\n<meta name=\"twitter:creator\" content=\"@sunoresearch\" \/>\n<meta name=\"twitter:site\" content=\"@sunoresearch\" \/>\n<meta name=\"twitter:label1\" content=\"Escrito por\" \/>\n\t<meta name=\"twitter:data1\" content=\"Giovanna Oliveira\" \/>\n\t<meta name=\"twitter:label2\" content=\"Est. tempo de leitura\" \/>\n\t<meta name=\"twitter:data2\" content=\"2 minutos\" \/>\n<script type=\"application\/ld+json\" class=\"yoast-schema-graph\">{\"@context\":\"https:\/\/schema.org\",\"@graph\":[{\"@type\":\"NewsArticle\",\"@id\":\"https:\/\/www.suno.com.br\/noticias\/cpi-bndes-levy-26-de-junho\/#article\",\"isPartOf\":{\"@id\":\"https:\/\/www.suno.com.br\/noticias\/cpi-bndes-levy-26-de-junho\/\"},\"author\":{\"name\":\"Giovanna Oliveira\",\"@id\":\"https:\/\/www.suno.com.br\/noticias\/#\/schema\/person\/4e19e3d2575736e5283d58eb3199d120\"},\"headline\":\"CPI do BNDES ouvir\u00e1 Joaquim Levy no dia 26 de junho\",\"datePublished\":\"2019-06-17T20:04:05+00:00\",\"mainEntityOfPage\":{\"@id\":\"https:\/\/www.suno.com.br\/noticias\/cpi-bndes-levy-26-de-junho\/\"},\"wordCount\":351,\"publisher\":{\"@id\":\"https:\/\/www.suno.com.br\/noticias\/#organization\"},\"image\":{\"@id\":\"https:\/\/www.suno.com.br\/noticias\/cpi-bndes-levy-26-de-junho\/#primaryimage\"},\"thumbnailUrl\":\"https:\/\/files.sunoresearch.com.br\/n\/uploads\/2019\/06\/37c8431f-bndes-jpg.webp\",\"keywords\":[\"BNDES\",\"Comiss\u00e3o Parlamentar de Inqu\u00e9rito (CPI)\",\"Joaquim Levy\"],\"articleSection\":[\"Pol\u00edtica\"],\"inLanguage\":\"pt-BR\"},{\"@type\":\"WebPage\",\"@id\":\"https:\/\/www.suno.com.br\/noticias\/cpi-bndes-levy-26-de-junho\/\",\"url\":\"https:\/\/www.suno.com.br\/noticias\/cpi-bndes-levy-26-de-junho\/\",\"name\":\"CPI do BNDES ouvir\u00e1 Joaquim Levy no dia 26 de junho\",\"isPartOf\":{\"@id\":\"https:\/\/www.suno.com.br\/noticias\/#website\"},\"primaryImageOfPage\":{\"@id\":\"https:\/\/www.suno.com.br\/noticias\/cpi-bndes-levy-26-de-junho\/#primaryimage\"},\"image\":{\"@id\":\"https:\/\/www.suno.com.br\/noticias\/cpi-bndes-levy-26-de-junho\/#primaryimage\"},\"thumbnailUrl\":\"https:\/\/files.sunoresearch.com.br\/n\/uploads\/2019\/06\/37c8431f-bndes-jpg.webp\",\"datePublished\":\"2019-06-17T20:04:05+00:00\",\"description\":\"A\u00a0CPI do BNDES\u00a0anunciou nesta segunda-feira (17) que ouvir\u00e1 Joaquim Levy no dia 26 de junho, \u00e0s 14h30. Clique para saber mais.\",\"breadcrumb\":{\"@id\":\"https:\/\/www.suno.com.br\/noticias\/cpi-bndes-levy-26-de-junho\/#breadcrumb\"},\"inLanguage\":\"pt-BR\",\"potentialAction\":[{\"@type\":\"ReadAction\",\"target\":[\"https:\/\/www.suno.com.br\/noticias\/cpi-bndes-levy-26-de-junho\/\"]}]},{\"@type\":\"ImageObject\",\"inLanguage\":\"pt-BR\",\"@id\":\"https:\/\/www.suno.com.br\/noticias\/cpi-bndes-levy-26-de-junho\/#primaryimage\",\"url\":\"https:\/\/files.sunoresearch.com.br\/n\/uploads\/2019\/06\/37c8431f-bndes-jpg.webp\",\"contentUrl\":\"https:\/\/files.sunoresearch.com.br\/n\/uploads\/2019\/06\/37c8431f-bndes-jpg.webp\",\"width\":2048,\"height\":1536,\"caption\":\"BNDES (Divulga\u00e7\u00e3o)\"},{\"@type\":\"BreadcrumbList\",\"@id\":\"https:\/\/www.suno.com.br\/noticias\/cpi-bndes-levy-26-de-junho\/#breadcrumb\",\"itemListElement\":[{\"@type\":\"ListItem\",\"position\":1,\"name\":\"Not\u00edcias\",\"item\":\"https:\/\/www.suno.com.br\/noticias\/\"},{\"@type\":\"ListItem\",\"position\":2,\"name\":\"Pol\u00edtica\",\"item\":\"https:\/\/www.suno.com.br\/noticias\/politica\/\"},{\"@type\":\"ListItem\",\"position\":3,\"name\":\"CPI do BNDES ouvir\u00e1 Joaquim Levy no dia 26 de junho\"}]},{\"@type\":\"WebSite\",\"@id\":\"https:\/\/www.suno.com.br\/noticias\/#website\",\"url\":\"https:\/\/www.suno.com.br\/noticias\/\",\"name\":\"Suno Not\u00edcias\",\"description\":\"Seu portal de informa\u00e7\u00e3o sobre o mundo dos investimentos\",\"publisher\":{\"@id\":\"https:\/\/www.suno.com.br\/noticias\/#organization\"},\"potentialAction\":[{\"@type\":\"SearchAction\",\"target\":{\"@type\":\"EntryPoint\",\"urlTemplate\":\"https:\/\/www.suno.com.br\/noticias\/?s={search_term_string}\"},\"query-input\":{\"@type\":\"PropertyValueSpecification\",\"valueRequired\":true,\"valueName\":\"search_term_string\"}}],\"inLanguage\":\"pt-BR\"},{\"@type\":\"Organization\",\"@id\":\"https:\/\/www.suno.com.br\/noticias\/#organization\",\"name\":\"Suno Not\u00edcias\",\"url\":\"https:\/\/www.suno.com.br\/noticias\/\",\"logo\":{\"@type\":\"ImageObject\",\"inLanguage\":\"pt-BR\",\"@id\":\"https:\/\/www.suno.com.br\/noticias\/#\/schema\/logo\/image\/\",\"url\":\"https:\/\/files.sunoresearch.com.br\/n\/uploads\/2021\/09\/suno-logo.png\",\"contentUrl\":\"https:\/\/files.sunoresearch.com.br\/n\/uploads\/2021\/09\/suno-logo.png\",\"width\":180,\"height\":180,\"caption\":\"Suno Not\u00edcias\"},\"image\":{\"@id\":\"https:\/\/www.suno.com.br\/noticias\/#\/schema\/logo\/image\/\"},\"sameAs\":[\"https:\/\/facebook.com\/sunoresearch\",\"https:\/\/x.com\/sunoresearch\",\"https:\/\/www.instagram.com\/suno\",\"https:\/\/www.linkedin.com\/company\/suno-research\/\",\"https:\/\/www.youtube.com\/c\/sunoresearch\"]},{\"@type\":\"Person\",\"@id\":\"https:\/\/www.suno.com.br\/noticias\/#\/schema\/person\/4e19e3d2575736e5283d58eb3199d120\",\"name\":\"Giovanna Oliveira\",\"image\":{\"@type\":\"ImageObject\",\"inLanguage\":\"pt-BR\",\"@id\":\"https:\/\/www.suno.com.br\/noticias\/#\/schema\/person\/image\/\",\"url\":\"https:\/\/secure.gravatar.com\/avatar\/9a37b3ae208962ac568992d0ffdbc2eb?s=96&r=g\",\"contentUrl\":\"https:\/\/secure.gravatar.com\/avatar\/9a37b3ae208962ac568992d0ffdbc2eb?s=96&r=g\",\"caption\":\"Giovanna Oliveira\"},\"description\":\"Giovanna Oliveira escreve sobre economia e pol\u00edtica. Foi rep\u00f3rter do portal de jornalismo da ESPM-SP e produziu conte\u00fado para a Corinthians TV. \u00c9 estudante da ESPM.\",\"url\":\"https:\/\/www.suno.com.br\/noticias\/author\/giovanna\/\"}]}<\/script>\n<!-- \/ Yoast SEO plugin. -->","yoast_head_json":{"title":"CPI do BNDES ouvir\u00e1 Joaquim Levy no dia 26 de junho","description":"A\u00a0CPI do BNDES\u00a0anunciou nesta segunda-feira (17) que ouvir\u00e1 Joaquim Levy no dia 26 de junho, \u00e0s 14h30. Clique para saber mais.","robots":{"index":"index","follow":"follow","max-snippet":"max-snippet:-1","max-image-preview":"max-image-preview:large","max-video-preview":"max-video-preview:-1"},"canonical":"https:\/\/www.suno.com.br\/noticias\/cpi-bndes-levy-26-de-junho\/","og_locale":"pt_BR","og_type":"article","og_title":"CPI do BNDES ouvir\u00e1 Joaquim Levy no dia 26 de junho","og_description":"A\u00a0CPI do BNDES\u00a0anunciou nesta segunda-feira (17) que ouvir\u00e1 Joaquim Levy no dia 26 de junho, \u00e0s 14h30. Clique para saber mais.","og_url":"https:\/\/www.suno.com.br\/noticias\/cpi-bndes-levy-26-de-junho\/","og_site_name":"Suno Not\u00edcias","article_publisher":"https:\/\/facebook.com\/sunoresearch","og_image":[{"width":2048,"height":1536,"url":"https:\/\/files.sunoresearch.com.br\/n\/uploads\/2019\/06\/37c8431f-bndes.jpg","type":"image\/jpeg"}],"author":"Giovanna Oliveira","twitter_card":"summary_large_image","twitter_creator":"@sunoresearch","twitter_site":"@sunoresearch","twitter_misc":{"Escrito por":"Giovanna Oliveira","Est. tempo de leitura":"2 minutos"},"schema":{"@context":"https:\/\/schema.org","@graph":[{"@type":"NewsArticle","@id":"https:\/\/www.suno.com.br\/noticias\/cpi-bndes-levy-26-de-junho\/#article","isPartOf":{"@id":"https:\/\/www.suno.com.br\/noticias\/cpi-bndes-levy-26-de-junho\/"},"author":{"name":"Giovanna Oliveira","@id":"https:\/\/www.suno.com.br\/noticias\/#\/schema\/person\/4e19e3d2575736e5283d58eb3199d120"},"headline":"CPI do BNDES ouvir\u00e1 Joaquim Levy no dia 26 de junho","datePublished":"2019-06-17T20:04:05+00:00","mainEntityOfPage":{"@id":"https:\/\/www.suno.com.br\/noticias\/cpi-bndes-levy-26-de-junho\/"},"wordCount":351,"publisher":{"@id":"https:\/\/www.suno.com.br\/noticias\/#organization"},"image":{"@id":"https:\/\/www.suno.com.br\/noticias\/cpi-bndes-levy-26-de-junho\/#primaryimage"},"thumbnailUrl":"https:\/\/files.sunoresearch.com.br\/n\/uploads\/2019\/06\/37c8431f-bndes-jpg.webp","keywords":["BNDES","Comiss\u00e3o Parlamentar de Inqu\u00e9rito (CPI)","Joaquim Levy"],"articleSection":["Pol\u00edtica"],"inLanguage":"pt-BR"},{"@type":"WebPage","@id":"https:\/\/www.suno.com.br\/noticias\/cpi-bndes-levy-26-de-junho\/","url":"https:\/\/www.suno.com.br\/noticias\/cpi-bndes-levy-26-de-junho\/","name":"CPI do BNDES ouvir\u00e1 Joaquim Levy no dia 26 de junho","isPartOf":{"@id":"https:\/\/www.suno.com.br\/noticias\/#website"},"primaryImageOfPage":{"@id":"https:\/\/www.suno.com.br\/noticias\/cpi-bndes-levy-26-de-junho\/#primaryimage"},"image":{"@id":"https:\/\/www.suno.com.br\/noticias\/cpi-bndes-levy-26-de-junho\/#primaryimage"},"thumbnailUrl":"https:\/\/files.sunoresearch.com.br\/n\/uploads\/2019\/06\/37c8431f-bndes-jpg.webp","datePublished":"2019-06-17T20:04:05+00:00","description":"A\u00a0CPI do BNDES\u00a0anunciou nesta segunda-feira (17) que ouvir\u00e1 Joaquim Levy no dia 26 de junho, \u00e0s 14h30. Clique para saber mais.","breadcrumb":{"@id":"https:\/\/www.suno.com.br\/noticias\/cpi-bndes-levy-26-de-junho\/#breadcrumb"},"inLanguage":"pt-BR","potentialAction":[{"@type":"ReadAction","target":["https:\/\/www.suno.com.br\/noticias\/cpi-bndes-levy-26-de-junho\/"]}]},{"@type":"ImageObject","inLanguage":"pt-BR","@id":"https:\/\/www.suno.com.br\/noticias\/cpi-bndes-levy-26-de-junho\/#primaryimage","url":"https:\/\/files.sunoresearch.com.br\/n\/uploads\/2019\/06\/37c8431f-bndes-jpg.webp","contentUrl":"https:\/\/files.sunoresearch.com.br\/n\/uploads\/2019\/06\/37c8431f-bndes-jpg.webp","width":2048,"height":1536,"caption":"BNDES (Divulga\u00e7\u00e3o)"},{"@type":"BreadcrumbList","@id":"https:\/\/www.suno.com.br\/noticias\/cpi-bndes-levy-26-de-junho\/#breadcrumb","itemListElement":[{"@type":"ListItem","position":1,"name":"Not\u00edcias","item":"https:\/\/www.suno.com.br\/noticias\/"},{"@type":"ListItem","position":2,"name":"Pol\u00edtica","item":"https:\/\/www.suno.com.br\/noticias\/politica\/"},{"@type":"ListItem","position":3,"name":"CPI do BNDES ouvir\u00e1 Joaquim Levy no dia 26 de junho"}]},{"@type":"WebSite","@id":"https:\/\/www.suno.com.br\/noticias\/#website","url":"https:\/\/www.suno.com.br\/noticias\/","name":"Suno Not\u00edcias","description":"Seu portal de informa\u00e7\u00e3o sobre o mundo dos investimentos","publisher":{"@id":"https:\/\/www.suno.com.br\/noticias\/#organization"},"potentialAction":[{"@type":"SearchAction","target":{"@type":"EntryPoint","urlTemplate":"https:\/\/www.suno.com.br\/noticias\/?s={search_term_string}"},"query-input":{"@type":"PropertyValueSpecification","valueRequired":true,"valueName":"search_term_string"}}],"inLanguage":"pt-BR"},{"@type":"Organization","@id":"https:\/\/www.suno.com.br\/noticias\/#organization","name":"Suno Not\u00edcias","url":"https:\/\/www.suno.com.br\/noticias\/","logo":{"@type":"ImageObject","inLanguage":"pt-BR","@id":"https:\/\/www.suno.com.br\/noticias\/#\/schema\/logo\/image\/","url":"https:\/\/files.sunoresearch.com.br\/n\/uploads\/2021\/09\/suno-logo.png","contentUrl":"https:\/\/files.sunoresearch.com.br\/n\/uploads\/2021\/09\/suno-logo.png","width":180,"height":180,"caption":"Suno Not\u00edcias"},"image":{"@id":"https:\/\/www.suno.com.br\/noticias\/#\/schema\/logo\/image\/"},"sameAs":["https:\/\/facebook.com\/sunoresearch","https:\/\/x.com\/sunoresearch","https:\/\/www.instagram.com\/suno","https:\/\/www.linkedin.com\/company\/suno-research\/","https:\/\/www.youtube.com\/c\/sunoresearch"]},{"@type":"Person","@id":"https:\/\/www.suno.com.br\/noticias\/#\/schema\/person\/4e19e3d2575736e5283d58eb3199d120","name":"Giovanna Oliveira","image":{"@type":"ImageObject","inLanguage":"pt-BR","@id":"https:\/\/www.suno.com.br\/noticias\/#\/schema\/person\/image\/","url":"https:\/\/secure.gravatar.com\/avatar\/9a37b3ae208962ac568992d0ffdbc2eb?s=96&r=g","contentUrl":"https:\/\/secure.gravatar.com\/avatar\/9a37b3ae208962ac568992d0ffdbc2eb?s=96&r=g","caption":"Giovanna Oliveira"},"description":"Giovanna Oliveira escreve sobre economia e pol\u00edtica. Foi rep\u00f3rter do portal de jornalismo da ESPM-SP e produziu conte\u00fado para a Corinthians TV. \u00c9 estudante da ESPM.","url":"https:\/\/www.suno.com.br\/noticias\/author\/giovanna\/"}]}},"default_loop_html":"<div class=\"cardsPage__listCard__boxs\"><div class=\"cardsPage__listCard__boxs__img\"><a href=\"https:\/\/www.suno.com.br\/noticias\/cpi-bndes-levy-26-de-junho\/\"><img class=\"mask\" src=\"https:\/\/www.suno.com.br\/noticias\/wp-content\/themes\/suno\/resources\/images\/spotlight\/spotlight1img\/bg-mask.png\" alt=\"Image Mask\"\/><img src=\"https:\/\/files.sunoresearch.com.br\/n\/uploads\/2019\/06\/37c8431f-bndes-400x200.webp\" alt=\"CPI do BNDES ouvir\u00e1 Joaquim Levy no dia 26 de junho\"\/><\/a><span class=\"spotlightCategory\"><a href=\"https:\/\/www.suno.com.br\/noticias\/politica\/\">Pol\u00edtica<\/a><\/span><\/div><div class=\"cardsPage__listCard__boxs__content\"><a href=\"https:\/\/www.suno.com.br\/noticias\/cpi-bndes-levy-26-de-junho\/\"><h2 class=\"content__title\">CPI do BNDES ouvir\u00e1 Joaquim Levy no dia 26 de junho<\/h2><\/a><div class=\"newsContent__article__meta\"><div class=\"newsContent__article__meta__authorBox\"><a href=\"https:\/\/www.suno.com.br\/noticias\/author\/giovanna\/\" class=\"authorBox__avatar noMobi\"><img src=\"https:\/\/files.sunoresearch.com.br\/n\/uploads\/2019\/06\/952a89ca-screenshot_20190608-171507-150x150.webp\" alt=\"Giovanna Oliveira\"><\/a><div class=\"authorBox__name\"><span>por\n\t\t\t<a href=\"https:\/\/www.suno.com.br\/noticias\/author\/giovanna\/\"><span itemprop=\"author\">Giovanna Oliveira<\/span><\/a><\/span><time datetime=\"2019-06-17T17:04:05-03:00\" itemprop=\"datePublished\">17\/06\/2019 17:04<\/time><\/div><\/div><\/div><\/div><\/div>","single_layout":"posts","amp_enabled":true,"_links":{"self":[{"href":"https:\/\/www.suno.com.br\/noticias\/wp-json\/wp\/v2\/posts\/28403"}],"collection":[{"href":"https:\/\/www.suno.com.br\/noticias\/wp-json\/wp\/v2\/posts"}],"about":[{"href":"https:\/\/www.suno.com.br\/noticias\/wp-json\/wp\/v2\/types\/post"}],"author":[{"embeddable":true,"href":"https:\/\/www.suno.com.br\/noticias\/wp-json\/wp\/v2\/users\/18"}],"replies":[{"embeddable":true,"href":"https:\/\/www.suno.com.br\/noticias\/wp-json\/wp\/v2\/comments?post=28403"}],"version-history":[{"count":0,"href":"https:\/\/www.suno.com.br\/noticias\/wp-json\/wp\/v2\/posts\/28403\/revisions"}],"wp:featuredmedia":[{"embeddable":true,"href":"https:\/\/www.suno.com.br\/noticias\/wp-json\/wp\/v2\/media\/28406"}],"wp:attachment":[{"href":"https:\/\/www.suno.com.br\/noticias\/wp-json\/wp\/v2\/media?parent=28403"}],"wp:term":[{"taxonomy":"category","embeddable":true,"href":"https:\/\/www.suno.com.br\/noticias\/wp-json\/wp\/v2\/categories?post=28403"},{"taxonomy":"post_tag","embeddable":true,"href":"https:\/\/www.suno.com.br\/noticias\/wp-json\/wp\/v2\/tags?post=28403"},{"taxonomy":"suno_strategy","embeddable":true,"href":"https:\/\/www.suno.com.br\/noticias\/wp-json\/wp\/v2\/suno_strategy?post=28403"}],"curies":[{"name":"wp","href":"https:\/\/api.w.org\/{rel}","templated":true}]}}