{"id":28395,"date":"2019-06-17T16:30:44","date_gmt":"2019-06-17T19:30:44","guid":{"rendered":"https:\/\/www.suno.com.br\/noticias\/?p=28395"},"modified":"2019-06-17T16:31:58","modified_gmt":"2019-06-17T19:31:58","slug":"investigacao-ghosn-nissan-brasil","status":"publish","type":"post","link":"https:\/\/www.suno.com.br\/noticias\/investigacao-ghosn-nissan-brasil\/","title":{"rendered":"Carlos Ghosn \u00e9 alvo de uma investiga\u00e7\u00e3o da Nissan no Brasil"},"content":{"rendered":"<p>O ex-presidente da <strong>Nissan<\/strong>, <a href=\"https:\/\/www.suno.com.br\/tudo-sobre\/carlos-ghosn\/\">Carlos Ghosn<\/a>, ser\u00e1 alvo de uma investiga\u00e7\u00e3o interna da empresa no Brasil. O foco da inquiri\u00e7\u00e3o \u00e9 extrair informa\u00e7\u00f5es arquivadas em computadores e celulares durante o per\u00edodo em que o executivo foi presidente da empresa.<\/p>\t<div class=\"wrapper-featured-image\">\n\t\t<figure class=\"spotlightImg\">\n\n\t\t\t<picture>\n\t\t\t\t<source media=\"(max-width: 768px)\" srcset=\"https:\/\/files.sunoresearch.com.br\/n\/uploads\/2019\/06\/e09ed5aa-ghosn-400x200.webp\">\n\t\t\t\t<img loading=\"lazy\" decoding=\"async\" class=\"newsContent__article__imgCapa lazyloadDisabled newsContent__article__imgCapa--noCaption\" src=\"https:\/\/files.sunoresearch.com.br\/n\/uploads\/2019\/06\/e09ed5aa-ghosn-800x450.webp\" width=\"800\" height=\"450\" alt=\"Carlos Ghosn \u00e9 alvo de uma investiga\u00e7\u00e3o da Nissan no Brasil\" fetchpriority=high \/>\n\t\t\t<\/picture>\n\n\t\t\t<figcaption class=\"wp-caption-text wp-caption-text--hide\">Carlos Ghosn tamb\u00e9m \u00e9 alvo de uma investiga\u00e7\u00e3o da Nissan no Brasil <\/figcaption>\n\t\t<\/figure>\n\t<\/div>\n\n\n<p>Em novembro de 2018, <strong>Ghosn<\/strong> foi\u00a0preso por acusa\u00e7\u00f5es de m\u00e1 conduta financeira ao lado de seu auxiliar, Greg Kelly, em T\u00f3quio. Ap\u00f3s pagar fian\u00e7a, ele foi solto e aguarda julgamento.<\/p>\n<p><a href=\"https:\/\/www.suno.com.br\/noticias\/em-video-carlos-ghosn-se-diz-inocente-e-denuncia-complo\/\">Saiba mais: Carlos Ghosn se diz inocente e denuncia compl\u00f4<\/a><\/p>\n<p>A pedido de executivos da <strong>Nissan<\/strong> e procuradores, um grupo de cientistas forenses tentar\u00e1 reunir evid\u00eancias virtuais que possam contribuir para o julgamento de Carlos. Os investigadores tentar\u00e3o encontrar informa\u00e7\u00f5es sobre parceiros de neg\u00f3cios de <strong>Ghosn<\/strong> na Am\u00e9rica Latina e no Oriente M\u00e9dio.<\/p>\n\t<p>\n\t\t<a href=\"https:\/\/lp.suno.com.br\/asset\/suno-fundo-de-fundos-snff11\/\" target=\"_blank\" data-element=\"shortcode-suno-banner\" title=\"Banner SUNO, clique e saiba mais\">\n\t\t\t<picture>\n\t\t\t\t<source media=\"(max-width: 500px)\" srcset=\"https:\/\/files.sunoresearch.com.br\/n\/uploads\/2024\/01\/400x300-Mobile-Artigos-3-SNFF-AO.png\">\n\t\t\t\t<img class=\"newsContent__article__imgCapa newsContent__article__imgCapa--banner\"\n\t\t\t\t\tsrc=\"https:\/\/files.sunoresearch.com.br\/n\/uploads\/2024\/01\/1420x240-Banner-Artigos-1-_-Banner-Materias-1-SNFF-AO.png\"\n\t\t\t\t\tdata-promo-id=\"364418\"\t\t\t\t\t\t\t\t\t\twidth='1420' height='240'\t\t\t\t\talt=\"https:\/\/files.sunoresearch.com.br\/n\/uploads\/2024\/01\/1420x240-Banner-Artigos-1-_-Banner-Materias-1-SNFF-AO.png\"\n\t\t\t\t>\n\t\t\t<\/picture>\n\t\t<\/a>\n\t<\/p>\n\n\n<h2>Dificuldades durante a investiga\u00e7\u00e3o no Brasil<\/h2>\n<p>No <strong>Brasil<\/strong>, a\u00a0montadora japonesa tenta encontrar familiares do executivo que possam ter se beneficiado dos pagamentos feitos pela empresa. Entretanto, segundo as informa\u00e7\u00f5es divulgadas pelo jornal Valor Econ\u00f4mico, os especialistas n\u00e3o est\u00e3o conseguindo contatar pessoas relevantes para o andamento da investiga\u00e7\u00e3o.<\/p>\n<p>Al\u00e9m disso, diversos funcion\u00e1rios de subsidi\u00e1rias da <strong>Nissan\u00a0<\/strong>no Pa\u00eds n\u00e3o est\u00e3o mais vinculados a empresa e nem dispon\u00edveis para questionamento.<\/p>\n\t<p>\n\t\t<a href=\"https:\/\/www.seculus.com.br\/blackfriday\" target=\"_blank\" data-element=\"shortcode-suno-banner\" title=\"Banner SUNO, clique e saiba mais\">\n\t\t\t<picture>\n\t\t\t\t<source media=\"(max-width: 500px)\" srcset=\"https:\/\/files.sunoresearch.com.br\/n\/uploads\/2023\/11\/seculus_suno_mobile_3.jpg\">\n\t\t\t\t<img class=\"newsContent__article__imgCapa newsContent__article__imgCapa--banner\"\n\t\t\t\t\tsrc=\"https:\/\/files.sunoresearch.com.br\/n\/uploads\/2023\/11\/seculus_suno_desktop_3.jpg\"\n\t\t\t\t\tdata-promo-id=\"474124\"\t\t\t\t\t\t\t\t\t\twidth='1420' height='240'\t\t\t\t\talt=\"https:\/\/files.sunoresearch.com.br\/n\/uploads\/2023\/11\/seculus_suno_desktop_3.jpg\"\n\t\t\t\t>\n\t\t\t<\/picture>\n\t\t<\/a>\n\t<\/p>\n\n\n<p>Em uma busca anterior feita no apartamento de Carlos Ghosn, alugado pela companhia japonesa, os <strong>oficiais da Justi\u00e7a<\/strong>\u00a0e advogados da montadora n\u00e3o encontraram nenhuma evid\u00eancia expressiva.<\/p>\n<h2>Denunciado pela Renault<\/h2>\n<p>A montadora de carros Renault ir\u00e1 denunciar seu <strong>ex-presidente<\/strong>,<a href=\"https:\/\/www.suno.com.br\/tudo-sobre\/carlos-ghosn\/\"> <strong>Carlos Ghosn<\/strong><\/a>, por ter identificado gastos suspeitos de 11 milh\u00f5es de euros. O an\u00fancio foi feito no in\u00edcio do m\u00eas de junho pelo<strong> ministro da Economia da Fran\u00e7a<\/strong>, <strong>Bruno Le Maire<\/strong>.<\/p>\n<p><a href=\"https:\/\/www.suno.com.br\/noticias\/renault-carlos-ghosn-gastos\/\">Saiba mais:\u00a0Carlos Ghosn ser\u00e1 denunciado pela Renault por gastos suspeitos<\/a><\/p>\n<p>De acordo com a administra\u00e7\u00e3o da montadora francesa, algumas despesas n\u00e3o foram especificadas por <strong>Ghosn<\/strong> e outras demonstraram superfaturamento, como viagens de avi\u00e3o. Al\u00e9m disso, consta nas despesas doa\u00e7\u00f5es a organiza\u00e7\u00f5es sem fins lucrativos.<\/p>\n","protected":false},"excerpt":{"rendered":"<p>O ex-presidente da Nissan, Carlos Ghosn, ser\u00e1 alvo de uma investiga\u00e7\u00e3o interna da empresa no Brasil. O foco da inquiri\u00e7\u00e3o \u00e9 extrair informa\u00e7\u00f5es arquivadas em computadores e celulares durante o per\u00edodo em que o executivo foi presidente da empresa. Carlos Ghosn tamb\u00e9m \u00e9 alvo de uma investiga\u00e7\u00e3o da Nissan no Brasil Em novembro de 2018, [&hellip;]<\/p>\n","protected":false},"author":18,"featured_media":28399,"comment_status":"closed","ping_status":"closed","sticky":false,"template":"","format":"standard","meta":[],"categories":[64],"tags":[876,877,929],"suno_strategy":[],"class_list":["post-28395","post","type-post","status-publish","format-standard","has-post-thumbnail","hentry","category-negocios","tag-carlos-ghosn","tag-nissan","tag-renault"],"yoast_head":"<!-- This site is optimized with the Yoast SEO plugin v24.4 - https:\/\/yoast.com\/wordpress\/plugins\/seo\/ -->\n<title>Carlos Ghosn \u00e9 alvo de uma investiga\u00e7\u00e3o da Nissan no Brasil<\/title>\n<meta name=\"description\" content=\"O ex-presidente da Nissan, Carlos Ghosn, ser\u00e1 alvo de uma investiga\u00e7\u00e3o interna da empresa no Brasil. Clique para saber mais.\" \/>\n<meta name=\"robots\" content=\"index, follow, max-snippet:-1, max-image-preview:large, max-video-preview:-1\" \/>\n<link rel=\"canonical\" href=\"https:\/\/www.suno.com.br\/noticias\/investigacao-ghosn-nissan-brasil\/\" \/>\n<meta property=\"og:locale\" content=\"pt_BR\" \/>\n<meta property=\"og:type\" content=\"article\" \/>\n<meta property=\"og:title\" content=\"Carlos Ghosn \u00e9 alvo de uma investiga\u00e7\u00e3o da Nissan no Brasil\" \/>\n<meta property=\"og:description\" content=\"O ex-presidente da Nissan, Carlos Ghosn, ser\u00e1 alvo de uma investiga\u00e7\u00e3o interna da empresa no Brasil. Clique para saber mais.\" \/>\n<meta property=\"og:url\" content=\"https:\/\/www.suno.com.br\/noticias\/investigacao-ghosn-nissan-brasil\/\" \/>\n<meta property=\"og:site_name\" content=\"Suno Not\u00edcias\" \/>\n<meta property=\"article:publisher\" content=\"https:\/\/facebook.com\/sunoresearch\" \/>\n<meta property=\"og:image\" content=\"https:\/\/files.sunoresearch.com.br\/n\/uploads\/2019\/06\/e09ed5aa-ghosn.jpg\" \/>\n\t<meta property=\"og:image:width\" content=\"1280\" \/>\n\t<meta property=\"og:image:height\" content=\"853\" \/>\n\t<meta property=\"og:image:type\" content=\"image\/jpeg\" \/>\n<meta name=\"author\" content=\"Giovanna Oliveira\" \/>\n<meta name=\"twitter:card\" content=\"summary_large_image\" \/>\n<meta name=\"twitter:creator\" content=\"@sunoresearch\" \/>\n<meta name=\"twitter:site\" content=\"@sunoresearch\" \/>\n<meta name=\"twitter:label1\" content=\"Escrito por\" \/>\n\t<meta name=\"twitter:data1\" content=\"Giovanna Oliveira\" \/>\n\t<meta name=\"twitter:label2\" content=\"Est. tempo de leitura\" \/>\n\t<meta name=\"twitter:data2\" content=\"2 minutos\" \/>\n<script type=\"application\/ld+json\" class=\"yoast-schema-graph\">{\"@context\":\"https:\/\/schema.org\",\"@graph\":[{\"@type\":\"NewsArticle\",\"@id\":\"https:\/\/www.suno.com.br\/noticias\/investigacao-ghosn-nissan-brasil\/#article\",\"isPartOf\":{\"@id\":\"https:\/\/www.suno.com.br\/noticias\/investigacao-ghosn-nissan-brasil\/\"},\"author\":{\"name\":\"Giovanna Oliveira\",\"@id\":\"https:\/\/www.suno.com.br\/noticias\/#\/schema\/person\/4e19e3d2575736e5283d58eb3199d120\"},\"headline\":\"Carlos Ghosn \u00e9 alvo de uma investiga\u00e7\u00e3o da Nissan no Brasil\",\"datePublished\":\"2019-06-17T19:30:44+00:00\",\"dateModified\":\"2019-06-17T19:31:58+00:00\",\"mainEntityOfPage\":{\"@id\":\"https:\/\/www.suno.com.br\/noticias\/investigacao-ghosn-nissan-brasil\/\"},\"wordCount\":362,\"publisher\":{\"@id\":\"https:\/\/www.suno.com.br\/noticias\/#organization\"},\"image\":{\"@id\":\"https:\/\/www.suno.com.br\/noticias\/investigacao-ghosn-nissan-brasil\/#primaryimage\"},\"thumbnailUrl\":\"https:\/\/files.sunoresearch.com.br\/n\/uploads\/2019\/06\/e09ed5aa-ghosn-jpg.webp\",\"keywords\":[\"Carlos Ghosn\",\"Nissan\",\"Renault\"],\"articleSection\":[\"Neg\u00f3cios\"],\"inLanguage\":\"pt-BR\"},{\"@type\":\"WebPage\",\"@id\":\"https:\/\/www.suno.com.br\/noticias\/investigacao-ghosn-nissan-brasil\/\",\"url\":\"https:\/\/www.suno.com.br\/noticias\/investigacao-ghosn-nissan-brasil\/\",\"name\":\"Carlos Ghosn \u00e9 alvo de uma investiga\u00e7\u00e3o da Nissan no Brasil\",\"isPartOf\":{\"@id\":\"https:\/\/www.suno.com.br\/noticias\/#website\"},\"primaryImageOfPage\":{\"@id\":\"https:\/\/www.suno.com.br\/noticias\/investigacao-ghosn-nissan-brasil\/#primaryimage\"},\"image\":{\"@id\":\"https:\/\/www.suno.com.br\/noticias\/investigacao-ghosn-nissan-brasil\/#primaryimage\"},\"thumbnailUrl\":\"https:\/\/files.sunoresearch.com.br\/n\/uploads\/2019\/06\/e09ed5aa-ghosn-jpg.webp\",\"datePublished\":\"2019-06-17T19:30:44+00:00\",\"dateModified\":\"2019-06-17T19:31:58+00:00\",\"description\":\"O ex-presidente da Nissan, Carlos Ghosn, ser\u00e1 alvo de uma investiga\u00e7\u00e3o interna da empresa no Brasil. Clique para saber mais.\",\"breadcrumb\":{\"@id\":\"https:\/\/www.suno.com.br\/noticias\/investigacao-ghosn-nissan-brasil\/#breadcrumb\"},\"inLanguage\":\"pt-BR\",\"potentialAction\":[{\"@type\":\"ReadAction\",\"target\":[\"https:\/\/www.suno.com.br\/noticias\/investigacao-ghosn-nissan-brasil\/\"]}]},{\"@type\":\"ImageObject\",\"inLanguage\":\"pt-BR\",\"@id\":\"https:\/\/www.suno.com.br\/noticias\/investigacao-ghosn-nissan-brasil\/#primaryimage\",\"url\":\"https:\/\/files.sunoresearch.com.br\/n\/uploads\/2019\/06\/e09ed5aa-ghosn-jpg.webp\",\"contentUrl\":\"https:\/\/files.sunoresearch.com.br\/n\/uploads\/2019\/06\/e09ed5aa-ghosn-jpg.webp\",\"width\":1280,\"height\":853,\"caption\":\"Carlos Ghosn tamb\u00e9m \u00e9 alvo de uma investiga\u00e7\u00e3o da Nissan no Brasil\"},{\"@type\":\"BreadcrumbList\",\"@id\":\"https:\/\/www.suno.com.br\/noticias\/investigacao-ghosn-nissan-brasil\/#breadcrumb\",\"itemListElement\":[{\"@type\":\"ListItem\",\"position\":1,\"name\":\"Not\u00edcias\",\"item\":\"https:\/\/www.suno.com.br\/noticias\/\"},{\"@type\":\"ListItem\",\"position\":2,\"name\":\"Neg\u00f3cios\",\"item\":\"https:\/\/www.suno.com.br\/noticias\/negocios\/\"},{\"@type\":\"ListItem\",\"position\":3,\"name\":\"Carlos Ghosn \u00e9 alvo de uma investiga\u00e7\u00e3o da Nissan no Brasil\"}]},{\"@type\":\"WebSite\",\"@id\":\"https:\/\/www.suno.com.br\/noticias\/#website\",\"url\":\"https:\/\/www.suno.com.br\/noticias\/\",\"name\":\"Suno Not\u00edcias\",\"description\":\"Seu portal de informa\u00e7\u00e3o sobre o mundo dos investimentos\",\"publisher\":{\"@id\":\"https:\/\/www.suno.com.br\/noticias\/#organization\"},\"potentialAction\":[{\"@type\":\"SearchAction\",\"target\":{\"@type\":\"EntryPoint\",\"urlTemplate\":\"https:\/\/www.suno.com.br\/noticias\/?s={search_term_string}\"},\"query-input\":{\"@type\":\"PropertyValueSpecification\",\"valueRequired\":true,\"valueName\":\"search_term_string\"}}],\"inLanguage\":\"pt-BR\"},{\"@type\":\"Organization\",\"@id\":\"https:\/\/www.suno.com.br\/noticias\/#organization\",\"name\":\"Suno Not\u00edcias\",\"url\":\"https:\/\/www.suno.com.br\/noticias\/\",\"logo\":{\"@type\":\"ImageObject\",\"inLanguage\":\"pt-BR\",\"@id\":\"https:\/\/www.suno.com.br\/noticias\/#\/schema\/logo\/image\/\",\"url\":\"https:\/\/files.sunoresearch.com.br\/n\/uploads\/2021\/09\/suno-logo.png\",\"contentUrl\":\"https:\/\/files.sunoresearch.com.br\/n\/uploads\/2021\/09\/suno-logo.png\",\"width\":180,\"height\":180,\"caption\":\"Suno Not\u00edcias\"},\"image\":{\"@id\":\"https:\/\/www.suno.com.br\/noticias\/#\/schema\/logo\/image\/\"},\"sameAs\":[\"https:\/\/facebook.com\/sunoresearch\",\"https:\/\/x.com\/sunoresearch\",\"https:\/\/www.instagram.com\/suno\",\"https:\/\/www.linkedin.com\/company\/suno-research\/\",\"https:\/\/www.youtube.com\/c\/sunoresearch\"]},{\"@type\":\"Person\",\"@id\":\"https:\/\/www.suno.com.br\/noticias\/#\/schema\/person\/4e19e3d2575736e5283d58eb3199d120\",\"name\":\"Giovanna Oliveira\",\"image\":{\"@type\":\"ImageObject\",\"inLanguage\":\"pt-BR\",\"@id\":\"https:\/\/www.suno.com.br\/noticias\/#\/schema\/person\/image\/\",\"url\":\"https:\/\/secure.gravatar.com\/avatar\/9a37b3ae208962ac568992d0ffdbc2eb?s=96&r=g\",\"contentUrl\":\"https:\/\/secure.gravatar.com\/avatar\/9a37b3ae208962ac568992d0ffdbc2eb?s=96&r=g\",\"caption\":\"Giovanna Oliveira\"},\"description\":\"Giovanna Oliveira escreve sobre economia e pol\u00edtica. Foi rep\u00f3rter do portal de jornalismo da ESPM-SP e produziu conte\u00fado para a Corinthians TV. \u00c9 estudante da ESPM.\",\"url\":\"https:\/\/www.suno.com.br\/noticias\/author\/giovanna\/\"}]}<\/script>\n<!-- \/ Yoast SEO plugin. -->","yoast_head_json":{"title":"Carlos Ghosn \u00e9 alvo de uma investiga\u00e7\u00e3o da Nissan no Brasil","description":"O ex-presidente da Nissan, Carlos Ghosn, ser\u00e1 alvo de uma investiga\u00e7\u00e3o interna da empresa no Brasil. Clique para saber mais.","robots":{"index":"index","follow":"follow","max-snippet":"max-snippet:-1","max-image-preview":"max-image-preview:large","max-video-preview":"max-video-preview:-1"},"canonical":"https:\/\/www.suno.com.br\/noticias\/investigacao-ghosn-nissan-brasil\/","og_locale":"pt_BR","og_type":"article","og_title":"Carlos Ghosn \u00e9 alvo de uma investiga\u00e7\u00e3o da Nissan no Brasil","og_description":"O ex-presidente da Nissan, Carlos Ghosn, ser\u00e1 alvo de uma investiga\u00e7\u00e3o interna da empresa no Brasil. Clique para saber mais.","og_url":"https:\/\/www.suno.com.br\/noticias\/investigacao-ghosn-nissan-brasil\/","og_site_name":"Suno Not\u00edcias","article_publisher":"https:\/\/facebook.com\/sunoresearch","og_image":[{"width":1280,"height":853,"url":"https:\/\/files.sunoresearch.com.br\/n\/uploads\/2019\/06\/e09ed5aa-ghosn.jpg","type":"image\/jpeg"}],"author":"Giovanna Oliveira","twitter_card":"summary_large_image","twitter_creator":"@sunoresearch","twitter_site":"@sunoresearch","twitter_misc":{"Escrito por":"Giovanna Oliveira","Est. tempo de leitura":"2 minutos"},"schema":{"@context":"https:\/\/schema.org","@graph":[{"@type":"NewsArticle","@id":"https:\/\/www.suno.com.br\/noticias\/investigacao-ghosn-nissan-brasil\/#article","isPartOf":{"@id":"https:\/\/www.suno.com.br\/noticias\/investigacao-ghosn-nissan-brasil\/"},"author":{"name":"Giovanna Oliveira","@id":"https:\/\/www.suno.com.br\/noticias\/#\/schema\/person\/4e19e3d2575736e5283d58eb3199d120"},"headline":"Carlos Ghosn \u00e9 alvo de uma investiga\u00e7\u00e3o da Nissan no Brasil","datePublished":"2019-06-17T19:30:44+00:00","dateModified":"2019-06-17T19:31:58+00:00","mainEntityOfPage":{"@id":"https:\/\/www.suno.com.br\/noticias\/investigacao-ghosn-nissan-brasil\/"},"wordCount":362,"publisher":{"@id":"https:\/\/www.suno.com.br\/noticias\/#organization"},"image":{"@id":"https:\/\/www.suno.com.br\/noticias\/investigacao-ghosn-nissan-brasil\/#primaryimage"},"thumbnailUrl":"https:\/\/files.sunoresearch.com.br\/n\/uploads\/2019\/06\/e09ed5aa-ghosn-jpg.webp","keywords":["Carlos Ghosn","Nissan","Renault"],"articleSection":["Neg\u00f3cios"],"inLanguage":"pt-BR"},{"@type":"WebPage","@id":"https:\/\/www.suno.com.br\/noticias\/investigacao-ghosn-nissan-brasil\/","url":"https:\/\/www.suno.com.br\/noticias\/investigacao-ghosn-nissan-brasil\/","name":"Carlos Ghosn \u00e9 alvo de uma investiga\u00e7\u00e3o da Nissan no Brasil","isPartOf":{"@id":"https:\/\/www.suno.com.br\/noticias\/#website"},"primaryImageOfPage":{"@id":"https:\/\/www.suno.com.br\/noticias\/investigacao-ghosn-nissan-brasil\/#primaryimage"},"image":{"@id":"https:\/\/www.suno.com.br\/noticias\/investigacao-ghosn-nissan-brasil\/#primaryimage"},"thumbnailUrl":"https:\/\/files.sunoresearch.com.br\/n\/uploads\/2019\/06\/e09ed5aa-ghosn-jpg.webp","datePublished":"2019-06-17T19:30:44+00:00","dateModified":"2019-06-17T19:31:58+00:00","description":"O ex-presidente da Nissan, Carlos Ghosn, ser\u00e1 alvo de uma investiga\u00e7\u00e3o interna da empresa no Brasil. Clique para saber mais.","breadcrumb":{"@id":"https:\/\/www.suno.com.br\/noticias\/investigacao-ghosn-nissan-brasil\/#breadcrumb"},"inLanguage":"pt-BR","potentialAction":[{"@type":"ReadAction","target":["https:\/\/www.suno.com.br\/noticias\/investigacao-ghosn-nissan-brasil\/"]}]},{"@type":"ImageObject","inLanguage":"pt-BR","@id":"https:\/\/www.suno.com.br\/noticias\/investigacao-ghosn-nissan-brasil\/#primaryimage","url":"https:\/\/files.sunoresearch.com.br\/n\/uploads\/2019\/06\/e09ed5aa-ghosn-jpg.webp","contentUrl":"https:\/\/files.sunoresearch.com.br\/n\/uploads\/2019\/06\/e09ed5aa-ghosn-jpg.webp","width":1280,"height":853,"caption":"Carlos Ghosn tamb\u00e9m \u00e9 alvo de uma investiga\u00e7\u00e3o da Nissan no Brasil"},{"@type":"BreadcrumbList","@id":"https:\/\/www.suno.com.br\/noticias\/investigacao-ghosn-nissan-brasil\/#breadcrumb","itemListElement":[{"@type":"ListItem","position":1,"name":"Not\u00edcias","item":"https:\/\/www.suno.com.br\/noticias\/"},{"@type":"ListItem","position":2,"name":"Neg\u00f3cios","item":"https:\/\/www.suno.com.br\/noticias\/negocios\/"},{"@type":"ListItem","position":3,"name":"Carlos Ghosn \u00e9 alvo de uma investiga\u00e7\u00e3o da Nissan no Brasil"}]},{"@type":"WebSite","@id":"https:\/\/www.suno.com.br\/noticias\/#website","url":"https:\/\/www.suno.com.br\/noticias\/","name":"Suno Not\u00edcias","description":"Seu portal de informa\u00e7\u00e3o sobre o mundo dos investimentos","publisher":{"@id":"https:\/\/www.suno.com.br\/noticias\/#organization"},"potentialAction":[{"@type":"SearchAction","target":{"@type":"EntryPoint","urlTemplate":"https:\/\/www.suno.com.br\/noticias\/?s={search_term_string}"},"query-input":{"@type":"PropertyValueSpecification","valueRequired":true,"valueName":"search_term_string"}}],"inLanguage":"pt-BR"},{"@type":"Organization","@id":"https:\/\/www.suno.com.br\/noticias\/#organization","name":"Suno Not\u00edcias","url":"https:\/\/www.suno.com.br\/noticias\/","logo":{"@type":"ImageObject","inLanguage":"pt-BR","@id":"https:\/\/www.suno.com.br\/noticias\/#\/schema\/logo\/image\/","url":"https:\/\/files.sunoresearch.com.br\/n\/uploads\/2021\/09\/suno-logo.png","contentUrl":"https:\/\/files.sunoresearch.com.br\/n\/uploads\/2021\/09\/suno-logo.png","width":180,"height":180,"caption":"Suno Not\u00edcias"},"image":{"@id":"https:\/\/www.suno.com.br\/noticias\/#\/schema\/logo\/image\/"},"sameAs":["https:\/\/facebook.com\/sunoresearch","https:\/\/x.com\/sunoresearch","https:\/\/www.instagram.com\/suno","https:\/\/www.linkedin.com\/company\/suno-research\/","https:\/\/www.youtube.com\/c\/sunoresearch"]},{"@type":"Person","@id":"https:\/\/www.suno.com.br\/noticias\/#\/schema\/person\/4e19e3d2575736e5283d58eb3199d120","name":"Giovanna Oliveira","image":{"@type":"ImageObject","inLanguage":"pt-BR","@id":"https:\/\/www.suno.com.br\/noticias\/#\/schema\/person\/image\/","url":"https:\/\/secure.gravatar.com\/avatar\/9a37b3ae208962ac568992d0ffdbc2eb?s=96&r=g","contentUrl":"https:\/\/secure.gravatar.com\/avatar\/9a37b3ae208962ac568992d0ffdbc2eb?s=96&r=g","caption":"Giovanna Oliveira"},"description":"Giovanna Oliveira escreve sobre economia e pol\u00edtica. Foi rep\u00f3rter do portal de jornalismo da ESPM-SP e produziu conte\u00fado para a Corinthians TV. \u00c9 estudante da ESPM.","url":"https:\/\/www.suno.com.br\/noticias\/author\/giovanna\/"}]}},"default_loop_html":"<div class=\"cardsPage__listCard__boxs\"><div class=\"cardsPage__listCard__boxs__img\"><a href=\"https:\/\/www.suno.com.br\/noticias\/investigacao-ghosn-nissan-brasil\/\"><img class=\"mask\" src=\"https:\/\/www.suno.com.br\/noticias\/wp-content\/themes\/suno\/resources\/images\/spotlight\/spotlight1img\/bg-mask.png\" alt=\"Image Mask\"\/><img src=\"https:\/\/files.sunoresearch.com.br\/n\/uploads\/2019\/06\/e09ed5aa-ghosn-400x200.webp\" alt=\"Carlos Ghosn \u00e9 alvo de uma investiga\u00e7\u00e3o da Nissan no Brasil\"\/><\/a><span class=\"spotlightCategory\"><a href=\"https:\/\/www.suno.com.br\/noticias\/negocios\/\">Neg\u00f3cios<\/a><\/span><\/div><div class=\"cardsPage__listCard__boxs__content\"><a href=\"https:\/\/www.suno.com.br\/noticias\/investigacao-ghosn-nissan-brasil\/\"><h2 class=\"content__title\">Carlos Ghosn \u00e9 alvo de uma investiga\u00e7\u00e3o da Nissan no Brasil<\/h2><\/a><div class=\"newsContent__article__meta\"><div class=\"newsContent__article__meta__authorBox\"><a href=\"https:\/\/www.suno.com.br\/noticias\/author\/giovanna\/\" class=\"authorBox__avatar noMobi\"><img src=\"https:\/\/files.sunoresearch.com.br\/n\/uploads\/2019\/06\/952a89ca-screenshot_20190608-171507-150x150.webp\" alt=\"Giovanna Oliveira\"><\/a><div class=\"authorBox__name\"><span>por\n\t\t\t<a href=\"https:\/\/www.suno.com.br\/noticias\/author\/giovanna\/\"><span itemprop=\"author\">Giovanna Oliveira<\/span><\/a><\/span><time datetime=\"2019-06-17T16:30:44-03:00\" itemprop=\"datePublished\">17\/06\/2019 16:30<\/time><\/div><\/div><\/div><\/div><\/div>","single_layout":"posts","amp_enabled":true,"_links":{"self":[{"href":"https:\/\/www.suno.com.br\/noticias\/wp-json\/wp\/v2\/posts\/28395"}],"collection":[{"href":"https:\/\/www.suno.com.br\/noticias\/wp-json\/wp\/v2\/posts"}],"about":[{"href":"https:\/\/www.suno.com.br\/noticias\/wp-json\/wp\/v2\/types\/post"}],"author":[{"embeddable":true,"href":"https:\/\/www.suno.com.br\/noticias\/wp-json\/wp\/v2\/users\/18"}],"replies":[{"embeddable":true,"href":"https:\/\/www.suno.com.br\/noticias\/wp-json\/wp\/v2\/comments?post=28395"}],"version-history":[{"count":0,"href":"https:\/\/www.suno.com.br\/noticias\/wp-json\/wp\/v2\/posts\/28395\/revisions"}],"wp:featuredmedia":[{"embeddable":true,"href":"https:\/\/www.suno.com.br\/noticias\/wp-json\/wp\/v2\/media\/28399"}],"wp:attachment":[{"href":"https:\/\/www.suno.com.br\/noticias\/wp-json\/wp\/v2\/media?parent=28395"}],"wp:term":[{"taxonomy":"category","embeddable":true,"href":"https:\/\/www.suno.com.br\/noticias\/wp-json\/wp\/v2\/categories?post=28395"},{"taxonomy":"post_tag","embeddable":true,"href":"https:\/\/www.suno.com.br\/noticias\/wp-json\/wp\/v2\/tags?post=28395"},{"taxonomy":"suno_strategy","embeddable":true,"href":"https:\/\/www.suno.com.br\/noticias\/wp-json\/wp\/v2\/suno_strategy?post=28395"}],"curies":[{"name":"wp","href":"https:\/\/api.w.org\/{rel}","templated":true}]}}