{"id":283910,"date":"2022-08-11T11:18:42","date_gmt":"2022-08-11T14:18:42","guid":{"rendered":"https:\/\/www.suno.com.br\/noticias\/?p=283910"},"modified":"2022-08-11T11:46:39","modified_gmt":"2022-08-11T14:46:39","slug":"azul-reporta-prejuizo-liquido-2t22","status":"publish","type":"post","link":"https:\/\/www.suno.com.br\/noticias\/azul-reporta-prejuizo-liquido-2t22\/","title":{"rendered":"Azul (AZUL4) reverte lucro e reporta preju\u00edzo l\u00edquido de R$ 2,62 bilh\u00f5es no 2\u00ba trimestre"},"content":{"rendered":"<p>A <strong><a class=\"suno-keyword\" href=\"https:\/\/www.suno.com.br\/acoes\/AZUL4\/\" target=\"_blank\" rel=\"noopener\" data-force=\"yes\" data-priority=\"2\">Azul (AZUL4)<\/a><\/strong> reajustou o preju\u00edzo l\u00edquido para R$721,4 milh\u00f5es no segundo trimestre de 2022, segundo os dados do segundo trimestre divulgados nesta manh\u00e3 (11). O preju\u00edzo l\u00edquido da companhia foi de R$2,62 bilh\u00f5es, revertendo os ganhos de R$1,07 bilh\u00e3o registrados no 2T21.<\/p>\t<div class=\"wrapper-featured-image\">\n\t\t<figure class=\"spotlightImg\">\n\n\t\t\t<picture>\n\t\t\t\t<source media=\"(max-width: 768px)\" srcset=\"https:\/\/files.sunoresearch.com.br\/n\/uploads\/2021\/03\/59d22d82-a320_azul_cesardosreis_3-400x200.webp\">\n\t\t\t\t<img loading=\"lazy\" decoding=\"async\" class=\"newsContent__article__imgCapa lazyloadDisabled \" src=\"https:\/\/files.sunoresearch.com.br\/n\/uploads\/2021\/03\/59d22d82-a320_azul_cesardosreis_3-800x450.webp\" width=\"800\" height=\"450\" alt=\"Azul (AZUL4) reverte lucro e reporta preju\u00edzo l\u00edquido de R$ 2,62 bilh\u00f5es no 2\u00ba trimestre\" fetchpriority=high \/>\n\t\t\t<\/picture>\n\n\t\t\t<figcaption class=\"wp-caption-text wp-caption-text--show\">- Foto: Divulga\u00e7\u00e3o Cesar dos Reis<\/figcaption>\n\t\t<\/figure>\n\t<\/div>\n\n\n\t<p>\n\t\t<a href=\"\" target=\"_blank\" data-element=\"shortcode-suno-banner\" title=\"Banner SUNO, clique e saiba mais\">\n\t\t\t<picture>\n\t\t\t\t<source media=\"(max-width: 500px)\" srcset=\"\">\n\t\t\t\t<img class=\"newsContent__article__imgCapa newsContent__article__imgCapa--banner\"\n\t\t\t\t\tsrc=\"\"\n\t\t\t\t\tdata-promo-id=\"138420\"\t\t\t\t\t\t\t\t\t\t\t\t\t\t\talt=\"\"\n\t\t\t\t>\n\t\t\t<\/picture>\n\t\t<\/a>\n\t<\/p>\n\n\n<p>O EBITDA da companhia a\u00e9rea do trimestre foi de R$16,6 milh\u00f5es, com margem de 15,7%. Se adicionados os ganhos de hedge de combust\u00edveis do segundo trimestre da Azul de R$250 milh\u00f5es, o EBITDA alcan\u00e7aria R$879,6 milh\u00f5es, 20% maior do que o 2T19, com margem de 22,4%.<\/p>\n<p>A receita de passageiros atingiu R$ 3,5 bilh\u00f5es no segundo trimestre, alta de 151% na compara\u00e7\u00e3o anual. J\u00e1 a receita de cargas e outros totalizou R$ 366,3 milh\u00f5es no per\u00edodo, alta de 28,6% anual.\u00a0O<strong> <a class=\"suno-keyword\" href=\"https:\/\/www.suno.com.br\/artigos\/lucro-operacional\/\" target=\"_blank\" rel=\"noopener\" data-force=\"no\" data-priority=\"1\">lucro operacional<\/a> da Azul<\/strong> no segundo trimestre foi de R$ 136,5 milh\u00f5es, margem de 3,5%.<\/p>\n<p>A<strong> receita l\u00edquida da Azul<\/strong> bateu recorde no 2T22, atingido R$3,9 bilh\u00f5es, 131% acima do 2T21 e 50% em compara\u00e7\u00e3o ao 2T19, a companhia destacou que este \u00e9 o terceiro trimestre consecutivo que a <a class=\"suno-keyword\" href=\"https:\/\/www.suno.com.br\/artigos\/o-que-receita-liquida\/\" target=\"_blank\" rel=\"noopener\" data-force=\"no\" data-priority=\"1\">receita l\u00edquida<\/a> ultrapassa patamares pr\u00e9-pandemia.<\/p>\n<p>As despesas operacionais\u00a0 da <strong>Azul\u00a0 <\/strong>somaram R$3,8 bilh\u00f5es neste trimestre, crescimento de 80.2% frente ao mesmo per\u00edodo do ano anterior. Segundo a companhia a\u00e9rea, o aumento das despesas se deu, principalmente, pela alta dos combust\u00edveis de avia\u00e7\u00e3o que chegaram a subir 80,9%.<\/p>\n<p>&#8220;Incertezas geopol\u00edticas levaram ao aumento dos pre\u00e7os dos combust\u00edveis e \u00e0 desvaloriza\u00e7\u00e3o do real brasileiro, mas demonstramos mais uma vez nosso aumento de capacidade disciplinado e focado em mercados onde j\u00e1 somos fortes&#8221;, destacou o CEO da Azul S.A, John Rodgerson,<\/p>\n<h2>Endividamento e d\u00edvida bruta da Azul<\/h2>\n<p>A d\u00edvida l\u00edquida apresentada no <strong>balan\u00e7o da Azul <\/strong>foi de R$ 16,892 bilh\u00f5es, crescimento de 7,3% na compara\u00e7\u00e3o com o mesmo per\u00edodo de 2021.<\/p>\n<p>A d\u00edvida bruta da <strong>Azul <\/strong>cresceu\u00a0 8,2% em compara\u00e7\u00e3o com o 1T22, chegando a R$ 1.652,9 milh\u00f5es. O principal agente dessa alta foi a deprecia\u00e7\u00e3o de 10,51% do real no per\u00edodo, al\u00e9m dos R$151,7 milh\u00f5es gastos com novas aeronaves e motores, que entraram na frota durante o trimestre.<\/p>\n\t<p>\n\t\t<a href=\"https:\/\/lp.suno.com.br\/planilha-controle-gastos\/\" target=\"_blank\" data-element=\"shortcode-suno-banner\" title=\"Banner SUNO, clique e saiba mais\">\n\t\t\t<picture>\n\t\t\t\t<source media=\"(max-width: 500px)\" srcset=\"https:\/\/files.sunoresearch.com.br\/n\/uploads\/2023\/03\/400x300-Planilha-controle-de-gastos.png\">\n\t\t\t\t<img class=\"newsContent__article__imgCapa newsContent__article__imgCapa--banner\"\n\t\t\t\t\tsrc=\"https:\/\/files.sunoresearch.com.br\/n\/uploads\/2023\/03\/1420x240-Planilha-controle-de-gastos.png\"\n\t\t\t\t\tdata-promo-id=\"101751\"\t\t\t\t\t\t\t\t\t\twidth='1420' height='240'\t\t\t\t\talt=\"https:\/\/files.sunoresearch.com.br\/n\/uploads\/2023\/03\/1420x240-Planilha-controle-de-gastos.png\"\n\t\t\t\t>\n\t\t\t<\/picture>\n\t\t<\/a>\n\t<\/p>\n\n\n","protected":false},"excerpt":{"rendered":"<p>A Azul (AZUL4) reajustou o preju\u00edzo l\u00edquido para R$721,4 milh\u00f5es no segundo trimestre de 2022, segundo os dados do segundo trimestre divulgados nesta manh\u00e3 (11). O preju\u00edzo l\u00edquido da companhia foi de R$2,62 bilh\u00f5es, revertendo os ganhos de R$1,07 bilh\u00e3o registrados no 2T21. &#8211; Foto: Divulga\u00e7\u00e3o Cesar dos Reis O EBITDA da companhia a\u00e9rea do [&hellip;]<\/p>\n","protected":false},"author":194,"featured_media":130153,"comment_status":"closed","ping_status":"closed","sticky":false,"template":"","format":"standard","meta":[],"categories":[64],"tags":[106932],"suno_strategy":[],"class_list":["post-283910","post","type-post","status-publish","format-standard","has-post-thumbnail","hentry","category-negocios","tag-azul-azul4"],"yoast_head":"<!-- This site is optimized with the Yoast SEO plugin v24.4 - https:\/\/yoast.com\/wordpress\/plugins\/seo\/ -->\n<title>Azul (AZUL4) reverte lucro e reporta preju\u00edzo l\u00edquido no 2T22<\/title>\n<meta name=\"description\" content=\"A Azul (AZUL4) reajustou o preju\u00edzo l\u00edquido para R$721,4 milh\u00f5es e reverteu lucro no 2T22. Clique aqui e saiba mais.\" \/>\n<meta name=\"robots\" content=\"index, follow, max-snippet:-1, max-image-preview:large, max-video-preview:-1\" \/>\n<link rel=\"canonical\" href=\"https:\/\/www.suno.com.br\/noticias\/azul-reporta-prejuizo-liquido-2t22\/\" \/>\n<meta property=\"og:locale\" content=\"pt_BR\" \/>\n<meta property=\"og:type\" content=\"article\" \/>\n<meta property=\"og:title\" content=\"Azul (AZUL4) reverte lucro e reporta preju\u00edzo l\u00edquido no 2T22\" \/>\n<meta property=\"og:description\" content=\"A Azul (AZUL4) reajustou o preju\u00edzo l\u00edquido para R$721,4 milh\u00f5es e reverteu lucro no 2T22. Clique aqui e saiba mais.\" \/>\n<meta property=\"og:url\" content=\"https:\/\/www.suno.com.br\/noticias\/azul-reporta-prejuizo-liquido-2t22\/\" \/>\n<meta property=\"og:site_name\" content=\"Suno Not\u00edcias\" \/>\n<meta property=\"article:publisher\" content=\"https:\/\/facebook.com\/sunoresearch\" \/>\n<meta property=\"og:image\" content=\"https:\/\/files.sunoresearch.com.br\/n\/uploads\/2021\/03\/59d22d82-a320_azul_cesardosreis_3.jpg\" \/>\n\t<meta property=\"og:image:width\" content=\"1200\" \/>\n\t<meta property=\"og:image:height\" content=\"900\" \/>\n\t<meta property=\"og:image:type\" content=\"image\/jpeg\" \/>\n<meta name=\"author\" content=\"Isabella Taglapietra\" \/>\n<meta name=\"twitter:card\" content=\"summary_large_image\" \/>\n<meta name=\"twitter:creator\" content=\"@sunoresearch\" \/>\n<meta name=\"twitter:site\" content=\"@sunoresearch\" \/>\n<meta name=\"twitter:label1\" content=\"Escrito por\" \/>\n\t<meta name=\"twitter:data1\" content=\"Isabella Taglapietra\" \/>\n\t<meta name=\"twitter:label2\" content=\"Est. tempo de leitura\" \/>\n\t<meta name=\"twitter:data2\" content=\"2 minutos\" \/>\n<script type=\"application\/ld+json\" class=\"yoast-schema-graph\">{\"@context\":\"https:\/\/schema.org\",\"@graph\":[{\"@type\":\"NewsArticle\",\"@id\":\"https:\/\/www.suno.com.br\/noticias\/azul-reporta-prejuizo-liquido-2t22\/#article\",\"isPartOf\":{\"@id\":\"https:\/\/www.suno.com.br\/noticias\/azul-reporta-prejuizo-liquido-2t22\/\"},\"author\":{\"name\":\"Isabella Taglapietra\",\"@id\":\"https:\/\/www.suno.com.br\/noticias\/#\/schema\/person\/a0be106724f6f5d705d70f04333cb249\"},\"headline\":\"Azul (AZUL4) reverte lucro e reporta preju\u00edzo l\u00edquido de R$ 2,62 bilh\u00f5es no 2\u00ba trimestre\",\"datePublished\":\"2022-08-11T14:18:42+00:00\",\"dateModified\":\"2022-08-11T14:46:39+00:00\",\"mainEntityOfPage\":{\"@id\":\"https:\/\/www.suno.com.br\/noticias\/azul-reporta-prejuizo-liquido-2t22\/\"},\"wordCount\":385,\"publisher\":{\"@id\":\"https:\/\/www.suno.com.br\/noticias\/#organization\"},\"image\":{\"@id\":\"https:\/\/www.suno.com.br\/noticias\/azul-reporta-prejuizo-liquido-2t22\/#primaryimage\"},\"thumbnailUrl\":\"https:\/\/files.sunoresearch.com.br\/n\/uploads\/2021\/03\/59d22d82-a320_azul_cesardosreis_3-jpg.webp\",\"keywords\":[\"Azul (AZUL4)\"],\"articleSection\":[\"Neg\u00f3cios\"],\"inLanguage\":\"pt-BR\"},{\"@type\":\"WebPage\",\"@id\":\"https:\/\/www.suno.com.br\/noticias\/azul-reporta-prejuizo-liquido-2t22\/\",\"url\":\"https:\/\/www.suno.com.br\/noticias\/azul-reporta-prejuizo-liquido-2t22\/\",\"name\":\"Azul (AZUL4) reverte lucro e reporta preju\u00edzo l\u00edquido no 2T22\",\"isPartOf\":{\"@id\":\"https:\/\/www.suno.com.br\/noticias\/#website\"},\"primaryImageOfPage\":{\"@id\":\"https:\/\/www.suno.com.br\/noticias\/azul-reporta-prejuizo-liquido-2t22\/#primaryimage\"},\"image\":{\"@id\":\"https:\/\/www.suno.com.br\/noticias\/azul-reporta-prejuizo-liquido-2t22\/#primaryimage\"},\"thumbnailUrl\":\"https:\/\/files.sunoresearch.com.br\/n\/uploads\/2021\/03\/59d22d82-a320_azul_cesardosreis_3-jpg.webp\",\"datePublished\":\"2022-08-11T14:18:42+00:00\",\"dateModified\":\"2022-08-11T14:46:39+00:00\",\"description\":\"A Azul (AZUL4) reajustou o preju\u00edzo l\u00edquido para R$721,4 milh\u00f5es e reverteu lucro no 2T22. Clique aqui e saiba mais.\",\"breadcrumb\":{\"@id\":\"https:\/\/www.suno.com.br\/noticias\/azul-reporta-prejuizo-liquido-2t22\/#breadcrumb\"},\"inLanguage\":\"pt-BR\",\"potentialAction\":[{\"@type\":\"ReadAction\",\"target\":[\"https:\/\/www.suno.com.br\/noticias\/azul-reporta-prejuizo-liquido-2t22\/\"]}]},{\"@type\":\"ImageObject\",\"inLanguage\":\"pt-BR\",\"@id\":\"https:\/\/www.suno.com.br\/noticias\/azul-reporta-prejuizo-liquido-2t22\/#primaryimage\",\"url\":\"https:\/\/files.sunoresearch.com.br\/n\/uploads\/2021\/03\/59d22d82-a320_azul_cesardosreis_3-jpg.webp\",\"contentUrl\":\"https:\/\/files.sunoresearch.com.br\/n\/uploads\/2021\/03\/59d22d82-a320_azul_cesardosreis_3-jpg.webp\",\"width\":1200,\"height\":900,\"caption\":\"- Foto: Divulga\u00e7\u00e3o Cesar dos Reis\"},{\"@type\":\"BreadcrumbList\",\"@id\":\"https:\/\/www.suno.com.br\/noticias\/azul-reporta-prejuizo-liquido-2t22\/#breadcrumb\",\"itemListElement\":[{\"@type\":\"ListItem\",\"position\":1,\"name\":\"Not\u00edcias\",\"item\":\"https:\/\/www.suno.com.br\/noticias\/\"},{\"@type\":\"ListItem\",\"position\":2,\"name\":\"Neg\u00f3cios\",\"item\":\"https:\/\/www.suno.com.br\/noticias\/negocios\/\"},{\"@type\":\"ListItem\",\"position\":3,\"name\":\"Azul (AZUL4) reverte lucro e reporta preju\u00edzo l\u00edquido de R$ 2,62 bilh\u00f5es no 2\u00ba trimestre\"}]},{\"@type\":\"WebSite\",\"@id\":\"https:\/\/www.suno.com.br\/noticias\/#website\",\"url\":\"https:\/\/www.suno.com.br\/noticias\/\",\"name\":\"Suno Not\u00edcias\",\"description\":\"Seu portal de informa\u00e7\u00e3o sobre o mundo dos investimentos\",\"publisher\":{\"@id\":\"https:\/\/www.suno.com.br\/noticias\/#organization\"},\"potentialAction\":[{\"@type\":\"SearchAction\",\"target\":{\"@type\":\"EntryPoint\",\"urlTemplate\":\"https:\/\/www.suno.com.br\/noticias\/?s={search_term_string}\"},\"query-input\":{\"@type\":\"PropertyValueSpecification\",\"valueRequired\":true,\"valueName\":\"search_term_string\"}}],\"inLanguage\":\"pt-BR\"},{\"@type\":\"Organization\",\"@id\":\"https:\/\/www.suno.com.br\/noticias\/#organization\",\"name\":\"Suno Not\u00edcias\",\"url\":\"https:\/\/www.suno.com.br\/noticias\/\",\"logo\":{\"@type\":\"ImageObject\",\"inLanguage\":\"pt-BR\",\"@id\":\"https:\/\/www.suno.com.br\/noticias\/#\/schema\/logo\/image\/\",\"url\":\"https:\/\/files.sunoresearch.com.br\/n\/uploads\/2021\/09\/suno-logo.png\",\"contentUrl\":\"https:\/\/files.sunoresearch.com.br\/n\/uploads\/2021\/09\/suno-logo.png\",\"width\":180,\"height\":180,\"caption\":\"Suno Not\u00edcias\"},\"image\":{\"@id\":\"https:\/\/www.suno.com.br\/noticias\/#\/schema\/logo\/image\/\"},\"sameAs\":[\"https:\/\/facebook.com\/sunoresearch\",\"https:\/\/x.com\/sunoresearch\",\"https:\/\/www.instagram.com\/suno\",\"https:\/\/www.linkedin.com\/company\/suno-research\/\",\"https:\/\/www.youtube.com\/c\/sunoresearch\"]},{\"@type\":\"Person\",\"@id\":\"https:\/\/www.suno.com.br\/noticias\/#\/schema\/person\/a0be106724f6f5d705d70f04333cb249\",\"name\":\"Isabella Taglapietra\",\"image\":{\"@type\":\"ImageObject\",\"inLanguage\":\"pt-BR\",\"@id\":\"https:\/\/www.suno.com.br\/noticias\/#\/schema\/person\/image\/\",\"url\":\"https:\/\/secure.gravatar.com\/avatar\/089c9e06b71de293117116aaf339e22f?s=96&r=g\",\"contentUrl\":\"https:\/\/secure.gravatar.com\/avatar\/089c9e06b71de293117116aaf339e22f?s=96&r=g\",\"caption\":\"Isabella Taglapietra\"},\"description\":\"Rep\u00f3rter freelancer no Suno Not\u00edcias, cobre not\u00edcias di\u00e1rias sobre economia, balan\u00e7os trimestrais e pesquisas. Formada em jornalismo pela Faculdade C\u00e1sper L\u00edbero e p\u00f3s-graduanda em mercado de capitais pela Fecap, atuou como rep\u00f3rter de economia e finan\u00e7as no portal CRC!News e Elas que Lucrem, al\u00e9m de social media para empresas do mercado financeiro.\",\"url\":\"https:\/\/www.suno.com.br\/noticias\/author\/isabella-taglapietra\/\"}]}<\/script>\n<!-- \/ Yoast SEO plugin. -->","yoast_head_json":{"title":"Azul (AZUL4) reverte lucro e reporta preju\u00edzo l\u00edquido no 2T22","description":"A Azul (AZUL4) reajustou o preju\u00edzo l\u00edquido para R$721,4 milh\u00f5es e reverteu lucro no 2T22. Clique aqui e saiba mais.","robots":{"index":"index","follow":"follow","max-snippet":"max-snippet:-1","max-image-preview":"max-image-preview:large","max-video-preview":"max-video-preview:-1"},"canonical":"https:\/\/www.suno.com.br\/noticias\/azul-reporta-prejuizo-liquido-2t22\/","og_locale":"pt_BR","og_type":"article","og_title":"Azul (AZUL4) reverte lucro e reporta preju\u00edzo l\u00edquido no 2T22","og_description":"A Azul (AZUL4) reajustou o preju\u00edzo l\u00edquido para R$721,4 milh\u00f5es e reverteu lucro no 2T22. Clique aqui e saiba mais.","og_url":"https:\/\/www.suno.com.br\/noticias\/azul-reporta-prejuizo-liquido-2t22\/","og_site_name":"Suno Not\u00edcias","article_publisher":"https:\/\/facebook.com\/sunoresearch","og_image":[{"width":1200,"height":900,"url":"https:\/\/files.sunoresearch.com.br\/n\/uploads\/2021\/03\/59d22d82-a320_azul_cesardosreis_3.jpg","type":"image\/jpeg"}],"author":"Isabella Taglapietra","twitter_card":"summary_large_image","twitter_creator":"@sunoresearch","twitter_site":"@sunoresearch","twitter_misc":{"Escrito por":"Isabella Taglapietra","Est. tempo de leitura":"2 minutos"},"schema":{"@context":"https:\/\/schema.org","@graph":[{"@type":"NewsArticle","@id":"https:\/\/www.suno.com.br\/noticias\/azul-reporta-prejuizo-liquido-2t22\/#article","isPartOf":{"@id":"https:\/\/www.suno.com.br\/noticias\/azul-reporta-prejuizo-liquido-2t22\/"},"author":{"name":"Isabella Taglapietra","@id":"https:\/\/www.suno.com.br\/noticias\/#\/schema\/person\/a0be106724f6f5d705d70f04333cb249"},"headline":"Azul (AZUL4) reverte lucro e reporta preju\u00edzo l\u00edquido de R$ 2,62 bilh\u00f5es no 2\u00ba trimestre","datePublished":"2022-08-11T14:18:42+00:00","dateModified":"2022-08-11T14:46:39+00:00","mainEntityOfPage":{"@id":"https:\/\/www.suno.com.br\/noticias\/azul-reporta-prejuizo-liquido-2t22\/"},"wordCount":385,"publisher":{"@id":"https:\/\/www.suno.com.br\/noticias\/#organization"},"image":{"@id":"https:\/\/www.suno.com.br\/noticias\/azul-reporta-prejuizo-liquido-2t22\/#primaryimage"},"thumbnailUrl":"https:\/\/files.sunoresearch.com.br\/n\/uploads\/2021\/03\/59d22d82-a320_azul_cesardosreis_3-jpg.webp","keywords":["Azul (AZUL4)"],"articleSection":["Neg\u00f3cios"],"inLanguage":"pt-BR"},{"@type":"WebPage","@id":"https:\/\/www.suno.com.br\/noticias\/azul-reporta-prejuizo-liquido-2t22\/","url":"https:\/\/www.suno.com.br\/noticias\/azul-reporta-prejuizo-liquido-2t22\/","name":"Azul (AZUL4) reverte lucro e reporta preju\u00edzo l\u00edquido no 2T22","isPartOf":{"@id":"https:\/\/www.suno.com.br\/noticias\/#website"},"primaryImageOfPage":{"@id":"https:\/\/www.suno.com.br\/noticias\/azul-reporta-prejuizo-liquido-2t22\/#primaryimage"},"image":{"@id":"https:\/\/www.suno.com.br\/noticias\/azul-reporta-prejuizo-liquido-2t22\/#primaryimage"},"thumbnailUrl":"https:\/\/files.sunoresearch.com.br\/n\/uploads\/2021\/03\/59d22d82-a320_azul_cesardosreis_3-jpg.webp","datePublished":"2022-08-11T14:18:42+00:00","dateModified":"2022-08-11T14:46:39+00:00","description":"A Azul (AZUL4) reajustou o preju\u00edzo l\u00edquido para R$721,4 milh\u00f5es e reverteu lucro no 2T22. Clique aqui e saiba mais.","breadcrumb":{"@id":"https:\/\/www.suno.com.br\/noticias\/azul-reporta-prejuizo-liquido-2t22\/#breadcrumb"},"inLanguage":"pt-BR","potentialAction":[{"@type":"ReadAction","target":["https:\/\/www.suno.com.br\/noticias\/azul-reporta-prejuizo-liquido-2t22\/"]}]},{"@type":"ImageObject","inLanguage":"pt-BR","@id":"https:\/\/www.suno.com.br\/noticias\/azul-reporta-prejuizo-liquido-2t22\/#primaryimage","url":"https:\/\/files.sunoresearch.com.br\/n\/uploads\/2021\/03\/59d22d82-a320_azul_cesardosreis_3-jpg.webp","contentUrl":"https:\/\/files.sunoresearch.com.br\/n\/uploads\/2021\/03\/59d22d82-a320_azul_cesardosreis_3-jpg.webp","width":1200,"height":900,"caption":"- Foto: Divulga\u00e7\u00e3o Cesar dos Reis"},{"@type":"BreadcrumbList","@id":"https:\/\/www.suno.com.br\/noticias\/azul-reporta-prejuizo-liquido-2t22\/#breadcrumb","itemListElement":[{"@type":"ListItem","position":1,"name":"Not\u00edcias","item":"https:\/\/www.suno.com.br\/noticias\/"},{"@type":"ListItem","position":2,"name":"Neg\u00f3cios","item":"https:\/\/www.suno.com.br\/noticias\/negocios\/"},{"@type":"ListItem","position":3,"name":"Azul (AZUL4) reverte lucro e reporta preju\u00edzo l\u00edquido de R$ 2,62 bilh\u00f5es no 2\u00ba trimestre"}]},{"@type":"WebSite","@id":"https:\/\/www.suno.com.br\/noticias\/#website","url":"https:\/\/www.suno.com.br\/noticias\/","name":"Suno Not\u00edcias","description":"Seu portal de informa\u00e7\u00e3o sobre o mundo dos investimentos","publisher":{"@id":"https:\/\/www.suno.com.br\/noticias\/#organization"},"potentialAction":[{"@type":"SearchAction","target":{"@type":"EntryPoint","urlTemplate":"https:\/\/www.suno.com.br\/noticias\/?s={search_term_string}"},"query-input":{"@type":"PropertyValueSpecification","valueRequired":true,"valueName":"search_term_string"}}],"inLanguage":"pt-BR"},{"@type":"Organization","@id":"https:\/\/www.suno.com.br\/noticias\/#organization","name":"Suno Not\u00edcias","url":"https:\/\/www.suno.com.br\/noticias\/","logo":{"@type":"ImageObject","inLanguage":"pt-BR","@id":"https:\/\/www.suno.com.br\/noticias\/#\/schema\/logo\/image\/","url":"https:\/\/files.sunoresearch.com.br\/n\/uploads\/2021\/09\/suno-logo.png","contentUrl":"https:\/\/files.sunoresearch.com.br\/n\/uploads\/2021\/09\/suno-logo.png","width":180,"height":180,"caption":"Suno Not\u00edcias"},"image":{"@id":"https:\/\/www.suno.com.br\/noticias\/#\/schema\/logo\/image\/"},"sameAs":["https:\/\/facebook.com\/sunoresearch","https:\/\/x.com\/sunoresearch","https:\/\/www.instagram.com\/suno","https:\/\/www.linkedin.com\/company\/suno-research\/","https:\/\/www.youtube.com\/c\/sunoresearch"]},{"@type":"Person","@id":"https:\/\/www.suno.com.br\/noticias\/#\/schema\/person\/a0be106724f6f5d705d70f04333cb249","name":"Isabella Taglapietra","image":{"@type":"ImageObject","inLanguage":"pt-BR","@id":"https:\/\/www.suno.com.br\/noticias\/#\/schema\/person\/image\/","url":"https:\/\/secure.gravatar.com\/avatar\/089c9e06b71de293117116aaf339e22f?s=96&r=g","contentUrl":"https:\/\/secure.gravatar.com\/avatar\/089c9e06b71de293117116aaf339e22f?s=96&r=g","caption":"Isabella Taglapietra"},"description":"Rep\u00f3rter freelancer no Suno Not\u00edcias, cobre not\u00edcias di\u00e1rias sobre economia, balan\u00e7os trimestrais e pesquisas. Formada em jornalismo pela Faculdade C\u00e1sper L\u00edbero e p\u00f3s-graduanda em mercado de capitais pela Fecap, atuou como rep\u00f3rter de economia e finan\u00e7as no portal CRC!News e Elas que Lucrem, al\u00e9m de social media para empresas do mercado financeiro.","url":"https:\/\/www.suno.com.br\/noticias\/author\/isabella-taglapietra\/"}]}},"default_loop_html":"<div class=\"cardsPage__listCard__boxs\"><div class=\"cardsPage__listCard__boxs__img\"><a href=\"https:\/\/www.suno.com.br\/noticias\/azul-reporta-prejuizo-liquido-2t22\/\"><img class=\"mask\" src=\"https:\/\/www.suno.com.br\/noticias\/wp-content\/themes\/suno\/resources\/images\/spotlight\/spotlight1img\/bg-mask.png\" alt=\"Image Mask\"\/><img src=\"https:\/\/files.sunoresearch.com.br\/n\/uploads\/2021\/03\/59d22d82-a320_azul_cesardosreis_3-400x200.webp\" alt=\"Azul (AZUL4) reverte lucro e reporta preju\u00edzo l\u00edquido de R$ 2,62 bilh\u00f5es no 2\u00ba trimestre\"\/><\/a><span class=\"spotlightCategory\"><a href=\"https:\/\/www.suno.com.br\/noticias\/negocios\/\">Neg\u00f3cios<\/a><\/span><\/div><div class=\"cardsPage__listCard__boxs__content\"><a href=\"https:\/\/www.suno.com.br\/noticias\/azul-reporta-prejuizo-liquido-2t22\/\"><h2 class=\"content__title\">Azul (AZUL4) reverte lucro e reporta preju\u00edzo l\u00edquido de R$ 2,62 bilh\u00f5es no 2\u00ba trimestre<\/h2><\/a><div class=\"newsContent__article__meta\"><div class=\"newsContent__article__meta__authorBox\"><a href=\"https:\/\/www.suno.com.br\/noticias\/author\/isabella-taglapietra\/\" class=\"authorBox__avatar noMobi\"><img src=\"https:\/\/files.sunoresearch.com.br\/n\/uploads\/2022\/08\/WhatsApp-Image-2022-08-04-at-12.40.27-150x150.jpeg\" alt=\"Isabella Taglapietra\"><\/a><div class=\"authorBox__name\"><span>por\n\t\t\t<a href=\"https:\/\/www.suno.com.br\/noticias\/author\/isabella-taglapietra\/\"><span itemprop=\"author\">Isabella Taglapietra<\/span><\/a><\/span><time datetime=\"2022-08-11T11:18:42-03:00\" itemprop=\"datePublished\">11\/08\/2022 11:18<\/time><\/div><\/div><\/div><\/div><\/div>","single_layout":"posts","amp_enabled":true,"_links":{"self":[{"href":"https:\/\/www.suno.com.br\/noticias\/wp-json\/wp\/v2\/posts\/283910"}],"collection":[{"href":"https:\/\/www.suno.com.br\/noticias\/wp-json\/wp\/v2\/posts"}],"about":[{"href":"https:\/\/www.suno.com.br\/noticias\/wp-json\/wp\/v2\/types\/post"}],"author":[{"embeddable":true,"href":"https:\/\/www.suno.com.br\/noticias\/wp-json\/wp\/v2\/users\/194"}],"replies":[{"embeddable":true,"href":"https:\/\/www.suno.com.br\/noticias\/wp-json\/wp\/v2\/comments?post=283910"}],"version-history":[{"count":3,"href":"https:\/\/www.suno.com.br\/noticias\/wp-json\/wp\/v2\/posts\/283910\/revisions"}],"predecessor-version":[{"id":284005,"href":"https:\/\/www.suno.com.br\/noticias\/wp-json\/wp\/v2\/posts\/283910\/revisions\/284005"}],"wp:featuredmedia":[{"embeddable":true,"href":"https:\/\/www.suno.com.br\/noticias\/wp-json\/wp\/v2\/media\/130153"}],"wp:attachment":[{"href":"https:\/\/www.suno.com.br\/noticias\/wp-json\/wp\/v2\/media?parent=283910"}],"wp:term":[{"taxonomy":"category","embeddable":true,"href":"https:\/\/www.suno.com.br\/noticias\/wp-json\/wp\/v2\/categories?post=283910"},{"taxonomy":"post_tag","embeddable":true,"href":"https:\/\/www.suno.com.br\/noticias\/wp-json\/wp\/v2\/tags?post=283910"},{"taxonomy":"suno_strategy","embeddable":true,"href":"https:\/\/www.suno.com.br\/noticias\/wp-json\/wp\/v2\/suno_strategy?post=283910"}],"curies":[{"name":"wp","href":"https:\/\/api.w.org\/{rel}","templated":true}]}}