{"id":283889,"date":"2022-08-12T09:50:57","date_gmt":"2022-08-12T12:50:57","guid":{"rendered":"https:\/\/www.suno.com.br\/noticias\/?p=283889"},"modified":"2022-08-12T09:50:57","modified_gmt":"2022-08-12T12:50:57","slug":"semana-tematica-esg-final","status":"publish","type":"post","link":"https:\/\/www.suno.com.br\/noticias\/semana-tematica-esg-final\/","title":{"rendered":"Semana do ESG: perdeu alguma coisa? Veja trilha sobre investimentos sustent\u00e1veis"},"content":{"rendered":"<p>Ap\u00f3s a semana tem\u00e1tica recheada de conte\u00fados sobre <strong>investimentos ESG<\/strong>, voc\u00ea deve ter aprofundado seu conhecimento sobre empresas e fundos que possuem boas pr\u00e1ticas sustent\u00e1veis. Ao longo desta semana, o SUNO Not\u00edcias, com apoio da Rio Bravo e da CBA, preparou mat\u00e9rias especiais e lives com especialistas sobre o assunto.<\/p>\t<div class=\"wrapper-featured-image\">\n\t\t<figure class=\"spotlightImg\">\n\n\t\t\t<picture>\n\t\t\t\t<source media=\"(max-width: 768px)\" srcset=\"https:\/\/files.sunoresearch.com.br\/n\/uploads\/2022\/08\/semana-esg-final-400x200.jpg\">\n\t\t\t\t<img loading=\"lazy\" decoding=\"async\" class=\"newsContent__article__imgCapa lazyloadDisabled \" src=\"https:\/\/files.sunoresearch.com.br\/n\/uploads\/2022\/08\/semana-esg-final-800x450.jpg\" width=\"800\" height=\"450\" alt=\"Semana do ESG: perdeu alguma coisa? Veja trilha sobre investimentos sustent\u00e1veis\" fetchpriority=high \/>\n\t\t\t<\/picture>\n\n\t\t\t<figcaption class=\"wp-caption-text wp-caption-text--show\">ESG - Fonte: Canva<\/figcaption>\n\t\t<\/figure>\n\t<\/div>\n\n\n\t<p>\n\t\t<a href=\"\" target=\"_blank\" data-element=\"shortcode-suno-banner\" title=\"Banner SUNO, clique e saiba mais\">\n\t\t\t<picture>\n\t\t\t\t<source media=\"(max-width: 500px)\" srcset=\"\">\n\t\t\t\t<img class=\"newsContent__article__imgCapa newsContent__article__imgCapa--banner\"\n\t\t\t\t\tsrc=\"\"\n\t\t\t\t\tdata-promo-id=\"281794\"\t\t\t\t\t\t\t\t\t\t\t\t\t\t\talt=\"\"\n\t\t\t\t>\n\t\t\t<\/picture>\n\t\t<\/a>\n\t<\/p>\n\n\n<p>Chegamos hoje ao \u00faltimo dia da <strong>Semana do ESG<\/strong>. Mas, se voc\u00ea perdeu alguma reportagem ou n\u00e3o assistiu \u00e0s nossas lives, n\u00e3o fique triste! Ainda \u00e9 poss\u00edvel acessar todos os conte\u00fados compilados desta semana tem\u00e1tica neste <a href=\"https:\/\/www.suno.com.br\/noticias\/tags\/esg\/\"><strong>link<\/strong><\/a>.<\/p>\n<p>Nesta semana, foram abordados diversos temas relacionados ao mundo dos investimentos sustent\u00e1veis: se vale a pena investir ESG, como escolher ativos dentro da abordagem sustent\u00e1vel, como a guerra entre R\u00fassia e Ucr\u00e2nia afetou a agenda &#8220;verde&#8221;, sobre renda fixa ESG e muito mais.<\/p>\n<p>Al\u00e9m disso, tivemos algumas lives que com nossos especialistas convidados, j\u00e1 dispon\u00edveis no canal do YouTube do Suno Not\u00edcias. Confira a trilha:<\/p>\n<h3>Dia 1 &#8211; 08\/08<\/h3>\n<ul>\n<li><strong><a href=\"https:\/\/www.suno.com.br\/noticias\/investimentos-esg-lucrativos-rentabilidade\/\">Investir em ESG \u00e9 bom para o planeta, mas faz diferen\u00e7a no bolso?<\/a><\/strong><\/li>\n<li><a href=\"https:\/\/www.suno.com.br\/noticias\/quer-investir-em-esg-veja-como-fazer\/\"><strong>Quer investir em ESG e n\u00e3o sabe como come\u00e7ar? Veja como fazer<\/strong><\/a><\/li>\n<\/ul>\n<h3>Dia 2 &#8211; 09\/08<\/h3>\n<ul>\n<li><a href=\"https:\/\/www.suno.com.br\/noticias\/investimentos-esg-4-passos-para-evitar-greenwashing\/\"><strong>Greenwashing: o palavr\u00e3o do ESG que voc\u00ea deve (re)conhecer<\/strong><\/a><\/li>\n<li><strong><a href=\"https:\/\/www.suno.com.br\/noticias\/investir-em-esg-no-brasil\/\">Investidores querem ESG e mercado financeiro faz li\u00e7\u00e3o de casa<\/a><\/strong><\/li>\n<\/ul>\n<h3>Dia 3 &#8211; 10\/08<\/h3>\n<ul>\n<li><strong><a href=\"https:\/\/www.suno.com.br\/noticias\/esg-ganha-espaco-no-ibovespa-encontra-desafios\/\"> ESG em empresas da B3 avan\u00e7a, mas faltam metas claras<\/a><\/strong><\/li>\n<li><strong><a href=\"https:\/\/www.suno.com.br\/noticias\/guerra-da-ucrania-investimentos-esg\/\">Guerra da R\u00fassia d\u00e1 n\u00f3 em mercado ESG; entenda por qu\u00ea<\/a><\/strong><\/li>\n<li><a href=\"https:\/\/www.suno.com.br\/noticias\/esg-investimentos-empresas-rio-bravo\/\"><strong>\u201cIgnorar ESG significa tomar mais risco\u201d, diz s\u00f3cio da Rio Bravo Investimentos<\/strong><\/a><\/li>\n<li><a href=\"https:\/\/www.suno.com.br\/noticias\/esg-maior-desafio-banco-do-brasil-bbas3\/\"><strong>ESG: maior desafio dos bancos \u00e9 o ambiental, diz presidente do Banco do Brasil (BBAS3)<\/strong><\/a><\/li>\n<\/ul>\n<h3>Dia 4 &#8211; 11\/08<\/h3>\n<ul>\n<li class=\"content__title\"><a href=\"https:\/\/www.suno.com.br\/noticias\/fundos-esg-estrategia-gestora-rio-bravo-rbif11\/\"><strong>Fundos ESG: Veja como a estrat\u00e9gia \u00e9 utilizada pela gestora Rio Bravo no RBIF11<\/strong><\/a><\/li>\n<li class=\"content__title\"><strong><a href=\"https:\/\/www.suno.com.br\/noticias\/semana-esg-divida-verde-renda-fixa-esg\/\">D\u00edvida verde: Conhe\u00e7a o mercado de renda fixa sustent\u00e1vel ligado ao ESG<\/a><\/strong><\/li>\n<li><a href=\"https:\/\/www.suno.com.br\/noticias\/esg-sustentabilidade-decisoes-cba-cbav3\/\"><strong>\u201cESG \u00e9 o ponto de partida para nossas decis\u00f5es\u201d, diz CBA (CBAV3)<\/strong><\/a><\/li>\n<\/ul>\n<h3>Dia 5 &#8211; 12\/08<\/h3>\n<ul>\n<li><strong><a href=\"https:\/\/www.suno.com.br\/noticias\/metas-sustentaveis-dinheiro-caixa-dividas-esg\">D\u00edvida verde atrai empresas como S\u00e3o Martinho (SMTO3) e Suzano (SUZB3); veja por qu\u00ea<\/a><\/strong><\/li>\n<li><a href=\"https:\/\/www.suno.com.br\/noticias\/esg-fundos-imobiliarios-sustentaveis-fiis\/\"><strong>ESG bate \u00e0 porta dos Fundos Imobili\u00e1rios, mas poucos abrem<\/strong><\/a><\/li>\n<\/ul>\n<h2>Veja tudo que rolou na Semana do ESG:<\/h2>\n<p>Recheada de conte\u00fado, a semana tem\u00e1tica do SUNO Not\u00edcias come\u00e7ou na segunda-feira (8) e foi at\u00e9 esta sexta-feira (12).<\/p>\n<h3>Dia 1: Investir em ESG: vale a pena e como come\u00e7ar?<\/h3>\n<p>A semana come\u00e7ou com uma reportagem sobre os <strong>investimentos ESG<\/strong>, mostrando a viabilidade de investir em empresas e outros produtos sustent\u00e1veis. O conte\u00fado trouxe as principais vantagens em alocar capital sob a abordagem das boas pr\u00e1ticas.<\/p>\n<p>Al\u00e9m disso, tivemos uma segunda mat\u00e9ria para ajudar o investidor iniciante, com os principais tipos de ativos dispon\u00edveis no mercado e quais os cuidados que o investidor precisa tomar antes de escolher um investimento com o &#8220;selo ESG&#8221;.<\/p>\n\n\t<div data-element=\"shortcode-read-more\" class=\"readToo\">\n\t\t\t\t<span class=\"readToo__title\">Saiba mais<\/span>\n\t\t\t\t<ul class=\"readToo__list\">\n\t\t\t<li><a href=\"https:\/\/www.suno.com.br\/noticias\/quer-investir-em-esg-veja-como-fazer\/\">Quer investir em ESG e n\u00e3o sabe como come\u00e7ar? Veja como fazer<\/a><\/li><li><a href=\"https:\/\/www.suno.com.br\/noticias\/investimentos-esg-lucrativos-rentabilidade\/\">Investir em ESG \u00e9 bom para o planeta, mas faz diferen\u00e7a no bolso?<\/a><\/li>\t\t<\/ul>\n\t<\/div>\n\n\n<h3>Dia 2: Greenwashing e empresas da B3: os desafios dos investimentos sustent\u00e1veis<\/h3>\n<p>No segundo dia da semana tivemos duas reportagens especiais para quem desejasse aprofundar na tem\u00e1tica ESG. In\u00fameras empresas e fundos divulgam uma &#8220;publicidade sustent\u00e1vel&#8221;, mas nem sempre possuem compromisso integral com as quest\u00f5es ambientais, sociais e de boa governan\u00e7a. Como escapar da maquiagem verde (conhecida como <strong>greenwashing<\/strong>) e investir em ESG de verdade?<\/p>\n<p>Para completar, voc\u00ea tamb\u00e9m pode ler outra mat\u00e9ria sobre o interesse dos investidores e empresas pela agenda ESG. O que tem atra\u00eddo tantas pessoas a pensarem sobre o assunto e buscar ativos que fazem a diferen\u00e7a no mundo e no bolso? Quais os desafios para as empresas listadas na bolsa de valores inserirem na agenda ESG?<\/p>\n\n\t<div data-element=\"shortcode-read-more\" class=\"readToo\">\n\t\t\t\t<span class=\"readToo__title\">Saiba mais<\/span>\n\t\t\t\t<ul class=\"readToo__list\">\n\t\t\t<li><a href=\"https:\/\/www.suno.com.br\/noticias\/investir-em-esg-no-brasil\/\">Investidores querem ESG e mercado financeiro faz li\u00e7\u00e3o de casa<\/a><\/li><li><a href=\"https:\/\/www.suno.com.br\/noticias\/investimentos-esg-4-passos-para-evitar-greenwashing\/\">Greenwashing: o palavr\u00e3o do ESG que voc\u00ea deve (re)conhecer<\/a><\/li>\t\t<\/ul>\n\t<\/div>\n\n\n<h3>\t<p>\n\t\t<a href=\"\" target=\"_blank\" data-element=\"shortcode-suno-banner\" title=\"Banner SUNO, clique e saiba mais\">\n\t\t\t<picture>\n\t\t\t\t<source media=\"(max-width: 500px)\" srcset=\"\">\n\t\t\t\t<img class=\"newsContent__article__imgCapa newsContent__article__imgCapa--banner\"\n\t\t\t\t\tsrc=\"\"\n\t\t\t\t\tdata-promo-id=\"281791\"\t\t\t\t\t\t\t\t\t\t\t\t\t\t\talt=\"\"\n\t\t\t\t>\n\t\t\t<\/picture>\n\t\t<\/a>\n\t<\/p>\n\n<\/h3>\n<h3>Dia 3: O dia mais &#8220;verde&#8221; da semana teve muita novidade!<\/h3>\n<p>O terceiro dia da semana ESG tamb\u00e9m reuniu assuntos quentes e atual\u00edssimos. Tivemos uma mat\u00e9ria que discute impactos da guerra entre R\u00fassia e Ucr\u00e2nia no <strong>mercado ESG<\/strong>. Entre bombas e m\u00edsseis, os investimentos verdes ficaram mais cinzas? Para responder essas e outras quest\u00f5es, convidamos dois especialistas em ESG, F\u00e1bio Alperowitch e Gustavo Pimentel.<\/p>\n<p>Tamb\u00e9m publicamos outras mat\u00e9rias, como ESG na B3, investimentos ESG e o controle de risco nos investimentos e, por fim, o desafio dos bancos em rela\u00e7\u00e3o aos temas ambientais fecham o terceiro dia mais ESG de todos, com muita informa\u00e7\u00e3o para voc\u00ea.<\/p>\n<p>Tivemos ainda uma<strong> live<\/strong> com a gestora Rio Bravo sobre seu fundo de <strong>investimentos ESG<\/strong>. Quem conversou com a gente foi o s\u00f3cio e diretor de Renda Fixa e Multimercados da Rio Bravo, Evandro Buccini:<\/p>\n<p><iframe loading=\"lazy\" title=\"ESG nos investimentos: afinal, vale a pena?\" width=\"1080\" height=\"608\" src=\"https:\/\/www.youtube.com\/embed\/TgcrzdVio2w?feature=oembed&#038;enablejsapi=1&#038;origin=https:\/\/www.suno.com.br\" frameborder=\"0\" allow=\"accelerometer; autoplay; clipboard-write; encrypted-media; gyroscope; picture-in-picture\" allowfullscreen><\/iframe><\/p>\n\t<div data-element=\"shortcode-read-more\" class=\"knowMore\">\n\t\t\t\t<span class=\"knowMore__title\">Saiba mais<\/span>\n\t\t\t\t<a class=\"knowMore__link\" href=\"https:\/\/www.suno.com.br\/noticias\/guerra-da-ucrania-investimentos-esg\/\">\n\t\t\tGuerra da R\u00fassia d\u00e1 n\u00f3 em mercado ESG; entenda por qu\u00ea\t\t<\/a>\n\t<\/div>\n\n\n<h3>Dia 4: Hora de ir para pr\u00e1tica: tudo sobre o fundo ESG da Rio Bravo e Renda Fixa verde<\/h3>\n<p>Publicamos ainda uma mat\u00e9ria sobre t\u00edtulos de renda fixa, abordando como os ativos de d\u00edvida ESG est\u00e3o ganhando espa\u00e7o no mercado. Nesta mat\u00e9ria, foram levantadas as vantagens para as empresas e investidores, e como escolher os melhores ativos de renda fixa dentro do &#8220;selo ESG&#8221;.<\/p>\n<p>Tamb\u00e9m no quarto dia da semana ESG, mostramos como funciona um <strong>fundo ESG<\/strong> na pr\u00e1tica, como o FI Infra da Rio Bravo, o RBIF11. A leitura desta mat\u00e9ria destaca como a abordagem ESG contribui para a sele\u00e7\u00e3o de ativos dentro de um fundo infra.<\/p>\n<p>Por fim, fechamos o dia com uma mat\u00e9ria sobre a <strong>Companhia Brasileira de Alum\u00ednio (CBA)<\/strong>, que utiliza dos pressupostos do ESG para em todas as etapas da extra\u00e7\u00e3o e comercializa\u00e7\u00e3o de metais. Voc\u00ea ver\u00e1 o quanto \u00e9 poss\u00edvel uma empresa do setor de minera\u00e7\u00e3o estar total imersa na agenda ESG. Confira!<\/p>\n<p>Ainda na quinta, tivemos uma live com o Gerente Geral de Sustentabilidade da <strong>CBA<\/strong>, Leandro Faria, sobre as estrat\u00e9gias da companhia nesta frente:<\/p>\n<p><iframe loading=\"lazy\" title=\"ESG: Como atuar em minera\u00e7\u00e3o de maneira sustent\u00e1vel? Entenda as estrat\u00e9gias da CBA (CBAV3)\" width=\"1080\" height=\"608\" src=\"https:\/\/www.youtube.com\/embed\/xZep35UdVrY?feature=oembed&#038;enablejsapi=1&#038;origin=https:\/\/www.suno.com.br\" frameborder=\"0\" allow=\"accelerometer; autoplay; clipboard-write; encrypted-media; gyroscope; picture-in-picture\" allowfullscreen><\/iframe><\/p>\n\t<div data-element=\"shortcode-read-more\" class=\"knowMore\">\n\t\t\t\t<span class=\"knowMore__title\">Saiba mais<\/span>\n\t\t\t\t<a class=\"knowMore__link\" href=\"https:\/\/www.suno.com.br\/noticias\/fundos-esg-estrategia-gestora-rio-bravo-rbif11\/\">\n\t\t\tFundos ESG: Veja como a estrat\u00e9gia \u00e9 utilizada pela gestora Rio Bravo no RBIF11\t\t<\/a>\n\t<\/div>\n\n\n<h3>Dia 5: O \u00faltimo dia semana ESG com mais informa\u00e7\u00e3o para voc\u00ea!<\/h3>\n<p>Fechamos a Semana do ESG com uma reportagem sobre a rela\u00e7\u00e3o das boas pr\u00e1ticas sustent\u00e1veis e os <strong>fundos imobili\u00e1rios<\/strong>. A mat\u00e9ria aborda a dist\u00e2ncia dos FIIs das quest\u00f5es relacionadas ao meio ambiente, sociedade e boa governan\u00e7a. N\u00e3o deixe de ler!<\/p>\n<p>Para fechar, publicamos mat\u00e9ria especial sobre empresas que emitem <strong>d\u00edvidas sustent\u00e1veis<\/strong>, tamb\u00e9m chamadas de d\u00edvidas verdes. S\u00e3o emiss\u00f5es realizadas por companhias que visam, entre outras coisas, resolver problemas ambientais e da sociedade civil por meio de metas e da destina\u00e7\u00e3o de recursos para projetos espec\u00edficos.<\/p>\n<h2>Encontro presencial no dia 17<\/h2>\n<p>Para fechar a programa\u00e7\u00e3o com chave de ouro, teremos um encontro presencial em S\u00e3o Paulo, no dia 17. <a href=\"https:\/\/lp.suno.com.br\/pv\/encontro-esg-investindo-no-futuro\/\">Clique e confira<\/a>!<\/p>\n\t<p>\n\t\t<a href=\"\" target=\"_blank\" data-element=\"shortcode-suno-banner\" title=\"Banner SUNO, clique e saiba mais\">\n\t\t\t<picture>\n\t\t\t\t<source media=\"(max-width: 500px)\" srcset=\"\">\n\t\t\t\t<img class=\"newsContent__article__imgCapa newsContent__article__imgCapa--banner\"\n\t\t\t\t\tsrc=\"\"\n\t\t\t\t\tdata-promo-id=\"281794\"\t\t\t\t\t\t\t\t\t\t\t\t\t\t\talt=\"\"\n\t\t\t\t>\n\t\t\t<\/picture>\n\t\t<\/a>\n\t<\/p>\n\n\n","protected":false},"excerpt":{"rendered":"<p>Ap\u00f3s a semana tem\u00e1tica recheada de conte\u00fados sobre investimentos ESG, voc\u00ea deve ter aprofundado seu conhecimento sobre empresas e fundos que possuem boas pr\u00e1ticas sustent\u00e1veis. Ao longo desta semana, o SUNO Not\u00edcias, com apoio da Rio Bravo e da CBA, preparou mat\u00e9rias especiais e lives com especialistas sobre o assunto. greenwashing &#8211; Fonte: Canva Chegamos [&hellip;]<\/p>\n","protected":false},"author":172,"featured_media":284127,"comment_status":"closed","ping_status":"closed","sticky":false,"template":"","format":"standard","meta":[],"categories":[64],"tags":[75364],"suno_strategy":[],"class_list":["post-283889","post","type-post","status-publish","format-standard","has-post-thumbnail","hentry","category-negocios","tag-esg"],"yoast_head":"<!-- This site is optimized with the Yoast SEO plugin v24.4 - https:\/\/yoast.com\/wordpress\/plugins\/seo\/ -->\n<title>Semana do ESG: Veja trilha sobre investimentos sustent\u00e1veis<\/title>\n<meta name=\"description\" content=\"Na semana tem\u00e1tica ESG voc\u00ea vai aprender tudo sobre o universo dos investimentos sustent\u00e1veis. Para n\u00e3o perder nenhum detalhe, leia aqui!\" \/>\n<meta name=\"robots\" content=\"index, follow, max-snippet:-1, max-image-preview:large, max-video-preview:-1\" \/>\n<link rel=\"canonical\" href=\"https:\/\/www.suno.com.br\/noticias\/semana-tematica-esg-final\/\" \/>\n<meta property=\"og:locale\" content=\"pt_BR\" \/>\n<meta property=\"og:type\" content=\"article\" \/>\n<meta property=\"og:title\" content=\"Semana do ESG: Veja trilha sobre investimentos sustent\u00e1veis\" \/>\n<meta property=\"og:description\" content=\"Na semana tem\u00e1tica ESG voc\u00ea vai aprender tudo sobre o universo dos investimentos sustent\u00e1veis. Para n\u00e3o perder nenhum detalhe, leia aqui!\" \/>\n<meta property=\"og:url\" content=\"https:\/\/www.suno.com.br\/noticias\/semana-tematica-esg-final\/\" \/>\n<meta property=\"og:site_name\" content=\"Suno Not\u00edcias\" \/>\n<meta property=\"article:publisher\" content=\"https:\/\/facebook.com\/sunoresearch\" \/>\n<meta property=\"og:image\" content=\"https:\/\/files.sunoresearch.com.br\/n\/uploads\/2022\/08\/semana-esg-final.jpg\" \/>\n\t<meta property=\"og:image:width\" content=\"1200\" \/>\n\t<meta property=\"og:image:height\" content=\"800\" \/>\n\t<meta property=\"og:image:type\" content=\"image\/jpeg\" \/>\n<meta name=\"author\" content=\"Gustavo Bianch\" \/>\n<meta name=\"twitter:card\" content=\"summary_large_image\" \/>\n<meta name=\"twitter:creator\" content=\"@sunoresearch\" \/>\n<meta name=\"twitter:site\" content=\"@sunoresearch\" \/>\n<meta name=\"twitter:label1\" content=\"Escrito por\" \/>\n\t<meta name=\"twitter:data1\" content=\"Gustavo Bianch\" \/>\n\t<meta name=\"twitter:label2\" content=\"Est. tempo de leitura\" \/>\n\t<meta name=\"twitter:data2\" content=\"6 minutos\" \/>\n<script type=\"application\/ld+json\" class=\"yoast-schema-graph\">{\"@context\":\"https:\/\/schema.org\",\"@graph\":[{\"@type\":\"NewsArticle\",\"@id\":\"https:\/\/www.suno.com.br\/noticias\/semana-tematica-esg-final\/#article\",\"isPartOf\":{\"@id\":\"https:\/\/www.suno.com.br\/noticias\/semana-tematica-esg-final\/\"},\"author\":{\"name\":\"Gustavo Bianch\",\"@id\":\"https:\/\/www.suno.com.br\/noticias\/#\/schema\/person\/a72c0794bc524e8100a01ae3d3b6becb\"},\"headline\":\"Semana do ESG: perdeu alguma coisa? Veja trilha sobre investimentos sustent\u00e1veis\",\"datePublished\":\"2022-08-12T12:50:57+00:00\",\"mainEntityOfPage\":{\"@id\":\"https:\/\/www.suno.com.br\/noticias\/semana-tematica-esg-final\/\"},\"wordCount\":1148,\"publisher\":{\"@id\":\"https:\/\/www.suno.com.br\/noticias\/#organization\"},\"image\":{\"@id\":\"https:\/\/www.suno.com.br\/noticias\/semana-tematica-esg-final\/#primaryimage\"},\"thumbnailUrl\":\"https:\/\/files.sunoresearch.com.br\/n\/uploads\/2022\/08\/semana-esg-final.jpg\",\"keywords\":[\"ESG\"],\"articleSection\":[\"Neg\u00f3cios\"],\"inLanguage\":\"pt-BR\"},{\"@type\":\"WebPage\",\"@id\":\"https:\/\/www.suno.com.br\/noticias\/semana-tematica-esg-final\/\",\"url\":\"https:\/\/www.suno.com.br\/noticias\/semana-tematica-esg-final\/\",\"name\":\"Semana do ESG: Veja trilha sobre investimentos sustent\u00e1veis\",\"isPartOf\":{\"@id\":\"https:\/\/www.suno.com.br\/noticias\/#website\"},\"primaryImageOfPage\":{\"@id\":\"https:\/\/www.suno.com.br\/noticias\/semana-tematica-esg-final\/#primaryimage\"},\"image\":{\"@id\":\"https:\/\/www.suno.com.br\/noticias\/semana-tematica-esg-final\/#primaryimage\"},\"thumbnailUrl\":\"https:\/\/files.sunoresearch.com.br\/n\/uploads\/2022\/08\/semana-esg-final.jpg\",\"datePublished\":\"2022-08-12T12:50:57+00:00\",\"description\":\"Na semana tem\u00e1tica ESG voc\u00ea vai aprender tudo sobre o universo dos investimentos sustent\u00e1veis. Para n\u00e3o perder nenhum detalhe, leia aqui!\",\"breadcrumb\":{\"@id\":\"https:\/\/www.suno.com.br\/noticias\/semana-tematica-esg-final\/#breadcrumb\"},\"inLanguage\":\"pt-BR\",\"potentialAction\":[{\"@type\":\"ReadAction\",\"target\":[\"https:\/\/www.suno.com.br\/noticias\/semana-tematica-esg-final\/\"]}]},{\"@type\":\"ImageObject\",\"inLanguage\":\"pt-BR\",\"@id\":\"https:\/\/www.suno.com.br\/noticias\/semana-tematica-esg-final\/#primaryimage\",\"url\":\"https:\/\/files.sunoresearch.com.br\/n\/uploads\/2022\/08\/semana-esg-final.jpg\",\"contentUrl\":\"https:\/\/files.sunoresearch.com.br\/n\/uploads\/2022\/08\/semana-esg-final.jpg\",\"width\":1200,\"height\":800,\"caption\":\"ESG - Fonte: Canva\"},{\"@type\":\"BreadcrumbList\",\"@id\":\"https:\/\/www.suno.com.br\/noticias\/semana-tematica-esg-final\/#breadcrumb\",\"itemListElement\":[{\"@type\":\"ListItem\",\"position\":1,\"name\":\"Not\u00edcias\",\"item\":\"https:\/\/www.suno.com.br\/noticias\/\"},{\"@type\":\"ListItem\",\"position\":2,\"name\":\"Neg\u00f3cios\",\"item\":\"https:\/\/www.suno.com.br\/noticias\/negocios\/\"},{\"@type\":\"ListItem\",\"position\":3,\"name\":\"Semana do ESG: perdeu alguma coisa? Veja trilha sobre investimentos sustent\u00e1veis\"}]},{\"@type\":\"WebSite\",\"@id\":\"https:\/\/www.suno.com.br\/noticias\/#website\",\"url\":\"https:\/\/www.suno.com.br\/noticias\/\",\"name\":\"Suno Not\u00edcias\",\"description\":\"Seu portal de informa\u00e7\u00e3o sobre o mundo dos investimentos\",\"publisher\":{\"@id\":\"https:\/\/www.suno.com.br\/noticias\/#organization\"},\"potentialAction\":[{\"@type\":\"SearchAction\",\"target\":{\"@type\":\"EntryPoint\",\"urlTemplate\":\"https:\/\/www.suno.com.br\/noticias\/?s={search_term_string}\"},\"query-input\":{\"@type\":\"PropertyValueSpecification\",\"valueRequired\":true,\"valueName\":\"search_term_string\"}}],\"inLanguage\":\"pt-BR\"},{\"@type\":\"Organization\",\"@id\":\"https:\/\/www.suno.com.br\/noticias\/#organization\",\"name\":\"Suno Not\u00edcias\",\"url\":\"https:\/\/www.suno.com.br\/noticias\/\",\"logo\":{\"@type\":\"ImageObject\",\"inLanguage\":\"pt-BR\",\"@id\":\"https:\/\/www.suno.com.br\/noticias\/#\/schema\/logo\/image\/\",\"url\":\"https:\/\/files.sunoresearch.com.br\/n\/uploads\/2021\/09\/suno-logo.png\",\"contentUrl\":\"https:\/\/files.sunoresearch.com.br\/n\/uploads\/2021\/09\/suno-logo.png\",\"width\":180,\"height\":180,\"caption\":\"Suno Not\u00edcias\"},\"image\":{\"@id\":\"https:\/\/www.suno.com.br\/noticias\/#\/schema\/logo\/image\/\"},\"sameAs\":[\"https:\/\/facebook.com\/sunoresearch\",\"https:\/\/x.com\/sunoresearch\",\"https:\/\/www.instagram.com\/suno\",\"https:\/\/www.linkedin.com\/company\/suno-research\/\",\"https:\/\/www.youtube.com\/c\/sunoresearch\"]},{\"@type\":\"Person\",\"@id\":\"https:\/\/www.suno.com.br\/noticias\/#\/schema\/person\/a72c0794bc524e8100a01ae3d3b6becb\",\"name\":\"Gustavo Bianch\",\"image\":{\"@type\":\"ImageObject\",\"inLanguage\":\"pt-BR\",\"@id\":\"https:\/\/www.suno.com.br\/noticias\/#\/schema\/person\/image\/\",\"url\":\"https:\/\/secure.gravatar.com\/avatar\/a8da2835aade1ac6c1eede0339ead827?s=96&r=g\",\"contentUrl\":\"https:\/\/secure.gravatar.com\/avatar\/a8da2835aade1ac6c1eede0339ead827?s=96&r=g\",\"caption\":\"Gustavo Bianch\"},\"description\":\"Jornalista com doutorado pela UFMG e produtor de conte\u00fado da unidade de m\u00eddias da Suno. Tamb\u00e9m trabalha no FIIs.com.br e Funds Explorer, fazendo a cobertura sobre FIIs, Fiagro e FI-Infra.\",\"url\":\"https:\/\/www.suno.com.br\/noticias\/author\/gustavo-silva\/\"}]}<\/script>\n<!-- \/ Yoast SEO plugin. -->","yoast_head_json":{"title":"Semana do ESG: Veja trilha sobre investimentos sustent\u00e1veis","description":"Na semana tem\u00e1tica ESG voc\u00ea vai aprender tudo sobre o universo dos investimentos sustent\u00e1veis. Para n\u00e3o perder nenhum detalhe, leia aqui!","robots":{"index":"index","follow":"follow","max-snippet":"max-snippet:-1","max-image-preview":"max-image-preview:large","max-video-preview":"max-video-preview:-1"},"canonical":"https:\/\/www.suno.com.br\/noticias\/semana-tematica-esg-final\/","og_locale":"pt_BR","og_type":"article","og_title":"Semana do ESG: Veja trilha sobre investimentos sustent\u00e1veis","og_description":"Na semana tem\u00e1tica ESG voc\u00ea vai aprender tudo sobre o universo dos investimentos sustent\u00e1veis. Para n\u00e3o perder nenhum detalhe, leia aqui!","og_url":"https:\/\/www.suno.com.br\/noticias\/semana-tematica-esg-final\/","og_site_name":"Suno Not\u00edcias","article_publisher":"https:\/\/facebook.com\/sunoresearch","og_image":[{"width":1200,"height":800,"url":"https:\/\/files.sunoresearch.com.br\/n\/uploads\/2022\/08\/semana-esg-final.jpg","type":"image\/jpeg"}],"author":"Gustavo Bianch","twitter_card":"summary_large_image","twitter_creator":"@sunoresearch","twitter_site":"@sunoresearch","twitter_misc":{"Escrito por":"Gustavo Bianch","Est. tempo de leitura":"6 minutos"},"schema":{"@context":"https:\/\/schema.org","@graph":[{"@type":"NewsArticle","@id":"https:\/\/www.suno.com.br\/noticias\/semana-tematica-esg-final\/#article","isPartOf":{"@id":"https:\/\/www.suno.com.br\/noticias\/semana-tematica-esg-final\/"},"author":{"name":"Gustavo Bianch","@id":"https:\/\/www.suno.com.br\/noticias\/#\/schema\/person\/a72c0794bc524e8100a01ae3d3b6becb"},"headline":"Semana do ESG: perdeu alguma coisa? Veja trilha sobre investimentos sustent\u00e1veis","datePublished":"2022-08-12T12:50:57+00:00","mainEntityOfPage":{"@id":"https:\/\/www.suno.com.br\/noticias\/semana-tematica-esg-final\/"},"wordCount":1148,"publisher":{"@id":"https:\/\/www.suno.com.br\/noticias\/#organization"},"image":{"@id":"https:\/\/www.suno.com.br\/noticias\/semana-tematica-esg-final\/#primaryimage"},"thumbnailUrl":"https:\/\/files.sunoresearch.com.br\/n\/uploads\/2022\/08\/semana-esg-final.jpg","keywords":["ESG"],"articleSection":["Neg\u00f3cios"],"inLanguage":"pt-BR"},{"@type":"WebPage","@id":"https:\/\/www.suno.com.br\/noticias\/semana-tematica-esg-final\/","url":"https:\/\/www.suno.com.br\/noticias\/semana-tematica-esg-final\/","name":"Semana do ESG: Veja trilha sobre investimentos sustent\u00e1veis","isPartOf":{"@id":"https:\/\/www.suno.com.br\/noticias\/#website"},"primaryImageOfPage":{"@id":"https:\/\/www.suno.com.br\/noticias\/semana-tematica-esg-final\/#primaryimage"},"image":{"@id":"https:\/\/www.suno.com.br\/noticias\/semana-tematica-esg-final\/#primaryimage"},"thumbnailUrl":"https:\/\/files.sunoresearch.com.br\/n\/uploads\/2022\/08\/semana-esg-final.jpg","datePublished":"2022-08-12T12:50:57+00:00","description":"Na semana tem\u00e1tica ESG voc\u00ea vai aprender tudo sobre o universo dos investimentos sustent\u00e1veis. Para n\u00e3o perder nenhum detalhe, leia aqui!","breadcrumb":{"@id":"https:\/\/www.suno.com.br\/noticias\/semana-tematica-esg-final\/#breadcrumb"},"inLanguage":"pt-BR","potentialAction":[{"@type":"ReadAction","target":["https:\/\/www.suno.com.br\/noticias\/semana-tematica-esg-final\/"]}]},{"@type":"ImageObject","inLanguage":"pt-BR","@id":"https:\/\/www.suno.com.br\/noticias\/semana-tematica-esg-final\/#primaryimage","url":"https:\/\/files.sunoresearch.com.br\/n\/uploads\/2022\/08\/semana-esg-final.jpg","contentUrl":"https:\/\/files.sunoresearch.com.br\/n\/uploads\/2022\/08\/semana-esg-final.jpg","width":1200,"height":800,"caption":"ESG - Fonte: Canva"},{"@type":"BreadcrumbList","@id":"https:\/\/www.suno.com.br\/noticias\/semana-tematica-esg-final\/#breadcrumb","itemListElement":[{"@type":"ListItem","position":1,"name":"Not\u00edcias","item":"https:\/\/www.suno.com.br\/noticias\/"},{"@type":"ListItem","position":2,"name":"Neg\u00f3cios","item":"https:\/\/www.suno.com.br\/noticias\/negocios\/"},{"@type":"ListItem","position":3,"name":"Semana do ESG: perdeu alguma coisa? Veja trilha sobre investimentos sustent\u00e1veis"}]},{"@type":"WebSite","@id":"https:\/\/www.suno.com.br\/noticias\/#website","url":"https:\/\/www.suno.com.br\/noticias\/","name":"Suno Not\u00edcias","description":"Seu portal de informa\u00e7\u00e3o sobre o mundo dos investimentos","publisher":{"@id":"https:\/\/www.suno.com.br\/noticias\/#organization"},"potentialAction":[{"@type":"SearchAction","target":{"@type":"EntryPoint","urlTemplate":"https:\/\/www.suno.com.br\/noticias\/?s={search_term_string}"},"query-input":{"@type":"PropertyValueSpecification","valueRequired":true,"valueName":"search_term_string"}}],"inLanguage":"pt-BR"},{"@type":"Organization","@id":"https:\/\/www.suno.com.br\/noticias\/#organization","name":"Suno Not\u00edcias","url":"https:\/\/www.suno.com.br\/noticias\/","logo":{"@type":"ImageObject","inLanguage":"pt-BR","@id":"https:\/\/www.suno.com.br\/noticias\/#\/schema\/logo\/image\/","url":"https:\/\/files.sunoresearch.com.br\/n\/uploads\/2021\/09\/suno-logo.png","contentUrl":"https:\/\/files.sunoresearch.com.br\/n\/uploads\/2021\/09\/suno-logo.png","width":180,"height":180,"caption":"Suno Not\u00edcias"},"image":{"@id":"https:\/\/www.suno.com.br\/noticias\/#\/schema\/logo\/image\/"},"sameAs":["https:\/\/facebook.com\/sunoresearch","https:\/\/x.com\/sunoresearch","https:\/\/www.instagram.com\/suno","https:\/\/www.linkedin.com\/company\/suno-research\/","https:\/\/www.youtube.com\/c\/sunoresearch"]},{"@type":"Person","@id":"https:\/\/www.suno.com.br\/noticias\/#\/schema\/person\/a72c0794bc524e8100a01ae3d3b6becb","name":"Gustavo Bianch","image":{"@type":"ImageObject","inLanguage":"pt-BR","@id":"https:\/\/www.suno.com.br\/noticias\/#\/schema\/person\/image\/","url":"https:\/\/secure.gravatar.com\/avatar\/a8da2835aade1ac6c1eede0339ead827?s=96&r=g","contentUrl":"https:\/\/secure.gravatar.com\/avatar\/a8da2835aade1ac6c1eede0339ead827?s=96&r=g","caption":"Gustavo Bianch"},"description":"Jornalista com doutorado pela UFMG e produtor de conte\u00fado da unidade de m\u00eddias da Suno. Tamb\u00e9m trabalha no FIIs.com.br e Funds Explorer, fazendo a cobertura sobre FIIs, Fiagro e FI-Infra.","url":"https:\/\/www.suno.com.br\/noticias\/author\/gustavo-silva\/"}]}},"default_loop_html":"<div class=\"cardsPage__listCard__boxs\"><div class=\"cardsPage__listCard__boxs__img\"><a href=\"https:\/\/www.suno.com.br\/noticias\/investimentos-esg-4-passos-para-evitar-greenwashing\/\"><img class=\"mask\" src=\"https:\/\/www.suno.com.br\/noticias\/wp-content\/themes\/suno\/resources\/images\/spotlight\/spotlight1img\/bg-mask.png\" alt=\"Image Mask\"\/><img src=\"https:\/\/files.sunoresearch.com.br\/n\/uploads\/2022\/08\/investimento-esg-greenwashing-400x200.jpg\" alt=\"Greenwashing: o palavr\u00e3o do ESG que voc\u00ea deve (re)conhecer\"\/><\/a><span class=\"spotlightCategory\"><a href=\"https:\/\/www.suno.com.br\/noticias\/negocios\/\">Neg\u00f3cios<\/a><\/span><\/div><div class=\"cardsPage__listCard__boxs__content\"><a href=\"https:\/\/www.suno.com.br\/noticias\/investimentos-esg-4-passos-para-evitar-greenwashing\/\"><h2 class=\"content__title\">Greenwashing: o palavr\u00e3o do ESG que voc\u00ea deve (re)conhecer<\/h2><\/a><div class=\"newsContent__article__meta\"><div class=\"newsContent__article__meta__authorBox\"><a href=\"https:\/\/www.suno.com.br\/noticias\/author\/gustavo-silva\/\" class=\"authorBox__avatar noMobi\"><img src=\"https:\/\/files.sunoresearch.com.br\/n\/uploads\/2024\/06\/41337ec3172142e15d749bd3a95a5216.jpeg\" alt=\"Gustavo Bianch\"><\/a><div class=\"authorBox__name\"><span>por\n\t\t\t<a href=\"https:\/\/www.suno.com.br\/noticias\/author\/gustavo-silva\/\"><span itemprop=\"author\">Gustavo Bianch<\/span><\/a><\/span><time datetime=\"2022-08-09T07:00:41-03:00\" itemprop=\"datePublished\">09\/08\/2022 07:00<\/time><\/div><\/div><\/div><\/div><\/div>","single_layout":"posts","amp_enabled":true,"_links":{"self":[{"href":"https:\/\/www.suno.com.br\/noticias\/wp-json\/wp\/v2\/posts\/283889"}],"collection":[{"href":"https:\/\/www.suno.com.br\/noticias\/wp-json\/wp\/v2\/posts"}],"about":[{"href":"https:\/\/www.suno.com.br\/noticias\/wp-json\/wp\/v2\/types\/post"}],"author":[{"embeddable":true,"href":"https:\/\/www.suno.com.br\/noticias\/wp-json\/wp\/v2\/users\/172"}],"replies":[{"embeddable":true,"href":"https:\/\/www.suno.com.br\/noticias\/wp-json\/wp\/v2\/comments?post=283889"}],"version-history":[{"count":4,"href":"https:\/\/www.suno.com.br\/noticias\/wp-json\/wp\/v2\/posts\/283889\/revisions"}],"predecessor-version":[{"id":284458,"href":"https:\/\/www.suno.com.br\/noticias\/wp-json\/wp\/v2\/posts\/283889\/revisions\/284458"}],"wp:featuredmedia":[{"embeddable":true,"href":"https:\/\/www.suno.com.br\/noticias\/wp-json\/wp\/v2\/media\/284127"}],"wp:attachment":[{"href":"https:\/\/www.suno.com.br\/noticias\/wp-json\/wp\/v2\/media?parent=283889"}],"wp:term":[{"taxonomy":"category","embeddable":true,"href":"https:\/\/www.suno.com.br\/noticias\/wp-json\/wp\/v2\/categories?post=283889"},{"taxonomy":"post_tag","embeddable":true,"href":"https:\/\/www.suno.com.br\/noticias\/wp-json\/wp\/v2\/tags?post=283889"},{"taxonomy":"suno_strategy","embeddable":true,"href":"https:\/\/www.suno.com.br\/noticias\/wp-json\/wp\/v2\/suno_strategy?post=283889"}],"curies":[{"name":"wp","href":"https:\/\/api.w.org\/{rel}","templated":true}]}}