{"id":283882,"date":"2022-08-11T10:15:26","date_gmt":"2022-08-11T13:15:26","guid":{"rendered":"https:\/\/www.suno.com.br\/noticias\/?p=283882"},"modified":"2022-08-11T10:15:26","modified_gmt":"2022-08-11T13:15:26","slug":"manifestacoes-democracia-usp-eleicoes-presidente","status":"publish","type":"post","link":"https:\/\/www.suno.com.br\/noticias\/manifestacoes-democracia-usp-eleicoes-presidente\/","title":{"rendered":"Manifesta\u00e7\u00f5es em defesa da democracia re\u00fanem presidenci\u00e1veis e ex-ministros do STF na USP"},"content":{"rendered":"<p>Est\u00e3o previstas duas <strong>manifesta\u00e7\u00f5es<\/strong>, nesta quinta-feira (11), na <a href=\"https:\/\/direito.usp.br\/\">Faculdade de Direito da Universidade de S\u00e3o Paulo (USP)<\/a>. Os atos visam a defesa da democracia e do processo eleitoral.<\/p>\t<div class=\"wrapper-featured-image\">\n\t\t<figure class=\"spotlightImg\">\n\n\t\t\t<picture>\n\t\t\t\t<source media=\"(max-width: 768px)\" srcset=\"https:\/\/files.sunoresearch.com.br\/n\/uploads\/2021\/09\/50429036346_a9271a4327_o-400x200.jpg\">\n\t\t\t\t<img loading=\"lazy\" decoding=\"async\" class=\"newsContent__article__imgCapa lazyloadDisabled \" src=\"https:\/\/files.sunoresearch.com.br\/n\/uploads\/2021\/09\/50429036346_a9271a4327_o-800x450.jpg\" width=\"800\" height=\"450\" alt=\"Manifesta\u00e7\u00f5es em defesa da democracia re\u00fanem presidenci\u00e1veis e ex-ministros do STF na USP\" fetchpriority=high \/>\n\t\t\t<\/picture>\n\n\t\t\t<figcaption class=\"wp-caption-text wp-caption-text--show\">Urna eletr\u00f4nica. Foto: Antonio Augusto\/Ascom\/TSE<\/figcaption>\n\t\t<\/figure>\n\t<\/div>\n\n\n\t<p>\n\t\t<a href=\"\" target=\"_blank\" data-element=\"shortcode-suno-banner\" title=\"Banner SUNO, clique e saiba mais\">\n\t\t\t<picture>\n\t\t\t\t<source media=\"(max-width: 500px)\" srcset=\"\">\n\t\t\t\t<img class=\"newsContent__article__imgCapa newsContent__article__imgCapa--banner\"\n\t\t\t\t\tsrc=\"\"\n\t\t\t\t\tdata-promo-id=\"240038\"\t\t\t\t\t\t\t\t\t\t\t\t\t\t\talt=\"\"\n\t\t\t\t>\n\t\t\t<\/picture>\n\t\t<\/a>\n\t<\/p>\n\n\n<p>Al\u00e9m disso, a CMP (Central de Movimentos Populares) estima manifesta\u00e7\u00f5es em pro da <strong>democracia<\/strong> em 26 estados, em linha com as pautas em voga na capital paulista.<\/p>\n<p>A primeira manifesta\u00e7\u00e3o deve ocorrer na Sal\u00e3o Nobre da faculdade de <strong>S\u00e3o Paulo<\/strong>, com a leitura do documento &#8220;Em defesa da Democracia e da Justi\u00e7a&#8221;, organizado pela <a href=\"https:\/\/www.suno.com.br\/noticias\/agronegocio-defendem-estado-democratico-manifesto\/\">Federa\u00e7\u00e3o das Ind\u00fastrias de S\u00e3o Paulo (Fiesp)<\/a>.<\/p>\n<p>Dentre os que assinam a carta, est\u00e3o, dentre outros:<\/p>\n<ul>\n<li>Academia Brasileira de Ci\u00eancias<\/li>\n<li>Federa\u00e7\u00e3o das Ind\u00fastrias de S\u00e3o Paulo (Fiesp)<\/li>\n<li>Fecom\u00e9rcio SP<\/li>\n<li>Organiza\u00e7\u00e3o dos Advogados do Brasil (OAB)<\/li>\n<li>Funda\u00e7\u00e3o Fernando Henrique Cardoso<\/li>\n<li>Central \u00danica dos Trabalhadores (CUT)<\/li>\n<li>Centro de Lideran\u00e7a P\u00fablica (CLP)<\/li>\n<\/ul>\n<p>&#8220;Todos os que subscrevem este ato reiteram seu compromisso inabal\u00e1vel com as institui\u00e7\u00f5es e as regras basilares do Estado Democr\u00e1tico de Direito, constitutivas da pr\u00f3pria soberania do povo brasileiro que, na data simb\u00f3lica da funda\u00e7\u00e3o dos cursos jur\u00eddicos no Brasil, em 11 de agosto, estamos a celebrar&#8221;, diz a carta da <strong>Fiesp<\/strong>.<\/p>\n<p><a href=\"https:\/\/files.sunoresearch.com.br\/n\/uploads\/2022\/08\/carta-democracia.pdf\">O documento pode ser lido na \u00edntegra aqui<\/a>.<\/p>\n\t<p>\n\t\t<a href=\"https:\/\/lp.suno.com.br\/planilha-controle-gastos\/\" target=\"_blank\" data-element=\"shortcode-suno-banner\" title=\"Banner SUNO, clique e saiba mais\">\n\t\t\t<picture>\n\t\t\t\t<source media=\"(max-width: 500px)\" srcset=\"https:\/\/files.sunoresearch.com.br\/n\/uploads\/2023\/03\/400x300-Planilha-controle-de-gastos.png\">\n\t\t\t\t<img class=\"newsContent__article__imgCapa newsContent__article__imgCapa--banner\"\n\t\t\t\t\tsrc=\"https:\/\/files.sunoresearch.com.br\/n\/uploads\/2023\/03\/1420x240-Planilha-controle-de-gastos.png\"\n\t\t\t\t\tdata-promo-id=\"101751\"\t\t\t\t\t\t\t\t\t\twidth='1420' height='240'\t\t\t\t\talt=\"https:\/\/files.sunoresearch.com.br\/n\/uploads\/2023\/03\/1420x240-Planilha-controle-de-gastos.png\"\n\t\t\t\t>\n\t\t\t<\/picture>\n\t\t<\/a>\n\t<\/p>\n\n\n<h2>Manifesta\u00e7\u00f5es contaram com leitura de Celso de Mello, ex-STF<\/h2>\n<p>Al\u00e9m disso, outra pauta das manifesta\u00e7\u00f5es \u00e9 a &#8220;Carta em defesa da democracia&#8221;, documento que \u00e9 organizado pela pr\u00f3pria Faculdade de Direito da USP e deve ser lido \u00e0s 11h, pelo ex-ministro do <a href=\"https:\/\/www.suno.com.br\/noticias\/celso-de-mello-envia-a-pgr-pedido-de-apreensao-do-celular-de-bolsonaro\/\">Supremo Tribunal Federal (STF) Celso de Mello<\/a>.<\/p>\n<p>Assim como o documento &#8220;Em defesa da Democracia e da Justi\u00e7a&#8221;, este foi assinado por<a href=\"https:\/\/www.suno.com.br\/noticias\/bolsonaro-lula-prometem-recriar-ministerio-industria\/\"> Lula (PT) e Geraldo Alckmin (PSB) &#8211;\u00a0 chapa que concorrer\u00e1 \u00e0 Presid\u00eancia da Rep\u00fablica nas <strong>elei\u00e7\u00f5es<\/strong> deste ano<\/a>.<\/p>\n<p>No caso da &#8220;Carta em defesa da democracia&#8221;, da Faculdade de Direito da USP, tamb\u00e9m houve assinatura por parte de outros candidatos \u00e0 <strong>presid\u00eancia<\/strong>, como Simone Tebet (MDB), Ciro Gomes (PDT) e Luiz Felipe D\u2019\u00c1vila (Novo).<\/p>\n<p>&#8220;Temos os poderes da Rep\u00fablica, o Executivo, o Legislativo e o Judici\u00e1rio, todos independentes, aut\u00f4nomos e com o compromisso de respeitar e zelar pela observ\u00e2ncia do pacto maior, a Constitui\u00e7\u00e3o Federal&#8221;, diz o documento.<\/p>\n<p>A Carta \u00e9 finalizada com &#8220;Em vig\u00edlia c\u00edvica contra as tentativas de rupturas, bradamos de forma un\u00edssona: Estado Democr\u00e1tico de Direito Sempre&#8221;.<\/p>\n<p><a href=\"https:\/\/files.sunoresearch.com.br\/n\/uploads\/2022\/08\/Carta-as-brasileiras-e-aos-brasileiros-em-USP.pdf\">A Carta em Defesa da Democracia pode ser lida aqui<\/a>, sendo o documento um dos motes das <strong>manifesta\u00e7\u00f5es<\/strong> desta quinta (11).<\/p>\n\t<p>\n\t\t<a href=\"https:\/\/lp.suno.com.br\/planilha-da-vida-financeira\/\" target=\"_blank\" data-element=\"shortcode-suno-banner\" title=\"Banner SUNO, clique e saiba mais\">\n\t\t\t<picture>\n\t\t\t\t<source media=\"(max-width: 500px)\" srcset=\"https:\/\/files.sunoresearch.com.br\/n\/uploads\/2023\/04\/400x300-Planilha-vida-financeira-true.png\">\n\t\t\t\t<img class=\"newsContent__article__imgCapa newsContent__article__imgCapa--banner\"\n\t\t\t\t\tsrc=\"https:\/\/files.sunoresearch.com.br\/n\/uploads\/2023\/04\/1420x240-Planilha-vida-financeira-true.png\"\n\t\t\t\t\tdata-promo-id=\"106682\"\t\t\t\t\t\t\t\t\t\twidth='1420' height='240'\t\t\t\t\talt=\"https:\/\/files.sunoresearch.com.br\/n\/uploads\/2023\/04\/1420x240-Planilha-vida-financeira-true.png\"\n\t\t\t\t>\n\t\t\t<\/picture>\n\t\t<\/a>\n\t<\/p>\n\n\n","protected":false},"excerpt":{"rendered":"<p>Est\u00e3o previstas duas manifesta\u00e7\u00f5es, nesta quinta-feira (11), na Faculdade de Direito da Universidade de S\u00e3o Paulo (USP). Os atos visam a defesa da democracia e do processo eleitoral. Urna eletr\u00f4nica. Foto: Antonio Augusto\/Ascom\/TSE Al\u00e9m disso, a CMP (Central de Movimentos Populares) estima manifesta\u00e7\u00f5es em pro da democracia em 26 estados, em linha com as pautas [&hellip;]<\/p>\n","protected":false},"author":73,"featured_media":183004,"comment_status":"closed","ping_status":"closed","sticky":false,"template":"","format":"standard","meta":[],"categories":[61],"tags":[697,719,709,785],"suno_strategy":[],"class_list":["post-283882","post","type-post","status-publish","format-standard","has-post-thumbnail","hentry","category-politica","tag-eleicoes","tag-jair-bolsonaro","tag-lula","tag-supremo-tribunal-federal-stf"],"yoast_head":"<!-- This site is optimized with the Yoast SEO plugin v24.4 - https:\/\/yoast.com\/wordpress\/plugins\/seo\/ -->\n<title>Manifesta\u00e7\u00f5es em defesa da democracia re\u00fanem presidenci\u00e1veis na USP<\/title>\n<meta name=\"description\" content=\"As manifesta\u00e7\u00f5es devem ocorrer com base nos documentos publicados recentemente e assinados por entidades econ\u00f4micas. Clique e confira!\" \/>\n<meta name=\"robots\" content=\"index, follow, max-snippet:-1, max-image-preview:large, max-video-preview:-1\" \/>\n<link rel=\"canonical\" href=\"https:\/\/www.suno.com.br\/noticias\/manifestacoes-democracia-usp-eleicoes-presidente\/\" \/>\n<meta property=\"og:locale\" content=\"pt_BR\" \/>\n<meta property=\"og:type\" content=\"article\" \/>\n<meta property=\"og:title\" content=\"Manifesta\u00e7\u00f5es em defesa da democracia re\u00fanem presidenci\u00e1veis na USP\" \/>\n<meta property=\"og:description\" content=\"As manifesta\u00e7\u00f5es devem ocorrer com base nos documentos publicados recentemente e assinados por entidades econ\u00f4micas. Clique e confira!\" \/>\n<meta property=\"og:url\" content=\"https:\/\/www.suno.com.br\/noticias\/manifestacoes-democracia-usp-eleicoes-presidente\/\" \/>\n<meta property=\"og:site_name\" content=\"Suno Not\u00edcias\" \/>\n<meta property=\"article:publisher\" content=\"https:\/\/facebook.com\/sunoresearch\" \/>\n<meta property=\"og:image\" content=\"https:\/\/files.sunoresearch.com.br\/n\/uploads\/2021\/09\/50429036346_a9271a4327_o-scaled.jpg\" \/>\n\t<meta property=\"og:image:width\" content=\"2560\" \/>\n\t<meta property=\"og:image:height\" content=\"1707\" \/>\n\t<meta property=\"og:image:type\" content=\"image\/jpeg\" \/>\n<meta name=\"author\" content=\"Eduardo Vargas\" \/>\n<meta name=\"twitter:card\" content=\"summary_large_image\" \/>\n<meta name=\"twitter:creator\" content=\"@sunoresearch\" \/>\n<meta name=\"twitter:site\" content=\"@sunoresearch\" \/>\n<meta name=\"twitter:label1\" content=\"Escrito por\" \/>\n\t<meta name=\"twitter:data1\" content=\"Eduardo Vargas\" \/>\n\t<meta name=\"twitter:label2\" content=\"Est. tempo de leitura\" \/>\n\t<meta name=\"twitter:data2\" content=\"3 minutos\" \/>\n<script type=\"application\/ld+json\" class=\"yoast-schema-graph\">{\"@context\":\"https:\/\/schema.org\",\"@graph\":[{\"@type\":\"NewsArticle\",\"@id\":\"https:\/\/www.suno.com.br\/noticias\/manifestacoes-democracia-usp-eleicoes-presidente\/#article\",\"isPartOf\":{\"@id\":\"https:\/\/www.suno.com.br\/noticias\/manifestacoes-democracia-usp-eleicoes-presidente\/\"},\"author\":{\"name\":\"Eduardo Vargas\",\"@id\":\"https:\/\/www.suno.com.br\/noticias\/#\/schema\/person\/7f4d362bf3518e76090143ae77bb49a5\"},\"headline\":\"Manifesta\u00e7\u00f5es em defesa da democracia re\u00fanem presidenci\u00e1veis e ex-ministros do STF na USP\",\"datePublished\":\"2022-08-11T13:15:26+00:00\",\"mainEntityOfPage\":{\"@id\":\"https:\/\/www.suno.com.br\/noticias\/manifestacoes-democracia-usp-eleicoes-presidente\/\"},\"wordCount\":452,\"publisher\":{\"@id\":\"https:\/\/www.suno.com.br\/noticias\/#organization\"},\"image\":{\"@id\":\"https:\/\/www.suno.com.br\/noticias\/manifestacoes-democracia-usp-eleicoes-presidente\/#primaryimage\"},\"thumbnailUrl\":\"https:\/\/files.sunoresearch.com.br\/n\/uploads\/2021\/09\/50429036346_a9271a4327_o-scaled.jpg\",\"keywords\":[\"Elei\u00e7\u00f5es\",\"Jair Bolsonaro\",\"Lula\",\"Supremo Tribunal Federal (STF)\"],\"articleSection\":[\"Pol\u00edtica\"],\"inLanguage\":\"pt-BR\"},{\"@type\":\"WebPage\",\"@id\":\"https:\/\/www.suno.com.br\/noticias\/manifestacoes-democracia-usp-eleicoes-presidente\/\",\"url\":\"https:\/\/www.suno.com.br\/noticias\/manifestacoes-democracia-usp-eleicoes-presidente\/\",\"name\":\"Manifesta\u00e7\u00f5es em defesa da democracia re\u00fanem presidenci\u00e1veis na USP\",\"isPartOf\":{\"@id\":\"https:\/\/www.suno.com.br\/noticias\/#website\"},\"primaryImageOfPage\":{\"@id\":\"https:\/\/www.suno.com.br\/noticias\/manifestacoes-democracia-usp-eleicoes-presidente\/#primaryimage\"},\"image\":{\"@id\":\"https:\/\/www.suno.com.br\/noticias\/manifestacoes-democracia-usp-eleicoes-presidente\/#primaryimage\"},\"thumbnailUrl\":\"https:\/\/files.sunoresearch.com.br\/n\/uploads\/2021\/09\/50429036346_a9271a4327_o-scaled.jpg\",\"datePublished\":\"2022-08-11T13:15:26+00:00\",\"description\":\"As manifesta\u00e7\u00f5es devem ocorrer com base nos documentos publicados recentemente e assinados por entidades econ\u00f4micas. Clique e confira!\",\"breadcrumb\":{\"@id\":\"https:\/\/www.suno.com.br\/noticias\/manifestacoes-democracia-usp-eleicoes-presidente\/#breadcrumb\"},\"inLanguage\":\"pt-BR\",\"potentialAction\":[{\"@type\":\"ReadAction\",\"target\":[\"https:\/\/www.suno.com.br\/noticias\/manifestacoes-democracia-usp-eleicoes-presidente\/\"]}]},{\"@type\":\"ImageObject\",\"inLanguage\":\"pt-BR\",\"@id\":\"https:\/\/www.suno.com.br\/noticias\/manifestacoes-democracia-usp-eleicoes-presidente\/#primaryimage\",\"url\":\"https:\/\/files.sunoresearch.com.br\/n\/uploads\/2021\/09\/50429036346_a9271a4327_o-scaled.jpg\",\"contentUrl\":\"https:\/\/files.sunoresearch.com.br\/n\/uploads\/2021\/09\/50429036346_a9271a4327_o-scaled.jpg\",\"width\":2560,\"height\":1707,\"caption\":\"Urna eletr\u00f4nica. Foto: Antonio Augusto\/Ascom\/TSE\"},{\"@type\":\"BreadcrumbList\",\"@id\":\"https:\/\/www.suno.com.br\/noticias\/manifestacoes-democracia-usp-eleicoes-presidente\/#breadcrumb\",\"itemListElement\":[{\"@type\":\"ListItem\",\"position\":1,\"name\":\"Not\u00edcias\",\"item\":\"https:\/\/www.suno.com.br\/noticias\/\"},{\"@type\":\"ListItem\",\"position\":2,\"name\":\"Pol\u00edtica\",\"item\":\"https:\/\/www.suno.com.br\/noticias\/politica\/\"},{\"@type\":\"ListItem\",\"position\":3,\"name\":\"Manifesta\u00e7\u00f5es em defesa da democracia re\u00fanem presidenci\u00e1veis e ex-ministros do STF na USP\"}]},{\"@type\":\"WebSite\",\"@id\":\"https:\/\/www.suno.com.br\/noticias\/#website\",\"url\":\"https:\/\/www.suno.com.br\/noticias\/\",\"name\":\"Suno Not\u00edcias\",\"description\":\"Seu portal de informa\u00e7\u00e3o sobre o mundo dos investimentos\",\"publisher\":{\"@id\":\"https:\/\/www.suno.com.br\/noticias\/#organization\"},\"potentialAction\":[{\"@type\":\"SearchAction\",\"target\":{\"@type\":\"EntryPoint\",\"urlTemplate\":\"https:\/\/www.suno.com.br\/noticias\/?s={search_term_string}\"},\"query-input\":{\"@type\":\"PropertyValueSpecification\",\"valueRequired\":true,\"valueName\":\"search_term_string\"}}],\"inLanguage\":\"pt-BR\"},{\"@type\":\"Organization\",\"@id\":\"https:\/\/www.suno.com.br\/noticias\/#organization\",\"name\":\"Suno Not\u00edcias\",\"url\":\"https:\/\/www.suno.com.br\/noticias\/\",\"logo\":{\"@type\":\"ImageObject\",\"inLanguage\":\"pt-BR\",\"@id\":\"https:\/\/www.suno.com.br\/noticias\/#\/schema\/logo\/image\/\",\"url\":\"https:\/\/files.sunoresearch.com.br\/n\/uploads\/2021\/09\/suno-logo.png\",\"contentUrl\":\"https:\/\/files.sunoresearch.com.br\/n\/uploads\/2021\/09\/suno-logo.png\",\"width\":180,\"height\":180,\"caption\":\"Suno Not\u00edcias\"},\"image\":{\"@id\":\"https:\/\/www.suno.com.br\/noticias\/#\/schema\/logo\/image\/\"},\"sameAs\":[\"https:\/\/facebook.com\/sunoresearch\",\"https:\/\/x.com\/sunoresearch\",\"https:\/\/www.instagram.com\/suno\",\"https:\/\/www.linkedin.com\/company\/suno-research\/\",\"https:\/\/www.youtube.com\/c\/sunoresearch\"]},{\"@type\":\"Person\",\"@id\":\"https:\/\/www.suno.com.br\/noticias\/#\/schema\/person\/7f4d362bf3518e76090143ae77bb49a5\",\"name\":\"Eduardo Vargas\",\"image\":{\"@type\":\"ImageObject\",\"inLanguage\":\"pt-BR\",\"@id\":\"https:\/\/www.suno.com.br\/noticias\/#\/schema\/person\/image\/\",\"url\":\"https:\/\/secure.gravatar.com\/avatar\/dac340933427a22924c9f99d1eb2e3f2?s=96&r=g\",\"contentUrl\":\"https:\/\/secure.gravatar.com\/avatar\/dac340933427a22924c9f99d1eb2e3f2?s=96&r=g\",\"caption\":\"Eduardo Vargas\"},\"description\":\"Jornalista formado pela UFSC, cobre macroeconomia, neg\u00f3cios e startups para o Suno Not\u00edcias, escrevendo principalmente not\u00edcias sobre o mercado financeiro e a bolsa de valores. No YouTube e no Instagram, \u00e9 respons\u00e1vel pela produ\u00e7\u00e3o de Reels e Shorts do Suno Not\u00edcias. Anteriormente, trabalhou cobrindo economia e cotidiano no ND+ e para o ND, maior jornal impresso de Santa Catarina. Cursou um semestre letivo de Estudos de M\u00eddia na Universidad de Buenos Aires.\",\"url\":\"https:\/\/www.suno.com.br\/noticias\/author\/eduardo-vargas\/\"}]}<\/script>\n<!-- \/ Yoast SEO plugin. -->","yoast_head_json":{"title":"Manifesta\u00e7\u00f5es em defesa da democracia re\u00fanem presidenci\u00e1veis na USP","description":"As manifesta\u00e7\u00f5es devem ocorrer com base nos documentos publicados recentemente e assinados por entidades econ\u00f4micas. Clique e confira!","robots":{"index":"index","follow":"follow","max-snippet":"max-snippet:-1","max-image-preview":"max-image-preview:large","max-video-preview":"max-video-preview:-1"},"canonical":"https:\/\/www.suno.com.br\/noticias\/manifestacoes-democracia-usp-eleicoes-presidente\/","og_locale":"pt_BR","og_type":"article","og_title":"Manifesta\u00e7\u00f5es em defesa da democracia re\u00fanem presidenci\u00e1veis na USP","og_description":"As manifesta\u00e7\u00f5es devem ocorrer com base nos documentos publicados recentemente e assinados por entidades econ\u00f4micas. Clique e confira!","og_url":"https:\/\/www.suno.com.br\/noticias\/manifestacoes-democracia-usp-eleicoes-presidente\/","og_site_name":"Suno Not\u00edcias","article_publisher":"https:\/\/facebook.com\/sunoresearch","og_image":[{"width":2560,"height":1707,"url":"https:\/\/files.sunoresearch.com.br\/n\/uploads\/2021\/09\/50429036346_a9271a4327_o-scaled.jpg","type":"image\/jpeg"}],"author":"Eduardo Vargas","twitter_card":"summary_large_image","twitter_creator":"@sunoresearch","twitter_site":"@sunoresearch","twitter_misc":{"Escrito por":"Eduardo Vargas","Est. tempo de leitura":"3 minutos"},"schema":{"@context":"https:\/\/schema.org","@graph":[{"@type":"NewsArticle","@id":"https:\/\/www.suno.com.br\/noticias\/manifestacoes-democracia-usp-eleicoes-presidente\/#article","isPartOf":{"@id":"https:\/\/www.suno.com.br\/noticias\/manifestacoes-democracia-usp-eleicoes-presidente\/"},"author":{"name":"Eduardo Vargas","@id":"https:\/\/www.suno.com.br\/noticias\/#\/schema\/person\/7f4d362bf3518e76090143ae77bb49a5"},"headline":"Manifesta\u00e7\u00f5es em defesa da democracia re\u00fanem presidenci\u00e1veis e ex-ministros do STF na USP","datePublished":"2022-08-11T13:15:26+00:00","mainEntityOfPage":{"@id":"https:\/\/www.suno.com.br\/noticias\/manifestacoes-democracia-usp-eleicoes-presidente\/"},"wordCount":452,"publisher":{"@id":"https:\/\/www.suno.com.br\/noticias\/#organization"},"image":{"@id":"https:\/\/www.suno.com.br\/noticias\/manifestacoes-democracia-usp-eleicoes-presidente\/#primaryimage"},"thumbnailUrl":"https:\/\/files.sunoresearch.com.br\/n\/uploads\/2021\/09\/50429036346_a9271a4327_o-scaled.jpg","keywords":["Elei\u00e7\u00f5es","Jair Bolsonaro","Lula","Supremo Tribunal Federal (STF)"],"articleSection":["Pol\u00edtica"],"inLanguage":"pt-BR"},{"@type":"WebPage","@id":"https:\/\/www.suno.com.br\/noticias\/manifestacoes-democracia-usp-eleicoes-presidente\/","url":"https:\/\/www.suno.com.br\/noticias\/manifestacoes-democracia-usp-eleicoes-presidente\/","name":"Manifesta\u00e7\u00f5es em defesa da democracia re\u00fanem presidenci\u00e1veis na USP","isPartOf":{"@id":"https:\/\/www.suno.com.br\/noticias\/#website"},"primaryImageOfPage":{"@id":"https:\/\/www.suno.com.br\/noticias\/manifestacoes-democracia-usp-eleicoes-presidente\/#primaryimage"},"image":{"@id":"https:\/\/www.suno.com.br\/noticias\/manifestacoes-democracia-usp-eleicoes-presidente\/#primaryimage"},"thumbnailUrl":"https:\/\/files.sunoresearch.com.br\/n\/uploads\/2021\/09\/50429036346_a9271a4327_o-scaled.jpg","datePublished":"2022-08-11T13:15:26+00:00","description":"As manifesta\u00e7\u00f5es devem ocorrer com base nos documentos publicados recentemente e assinados por entidades econ\u00f4micas. Clique e confira!","breadcrumb":{"@id":"https:\/\/www.suno.com.br\/noticias\/manifestacoes-democracia-usp-eleicoes-presidente\/#breadcrumb"},"inLanguage":"pt-BR","potentialAction":[{"@type":"ReadAction","target":["https:\/\/www.suno.com.br\/noticias\/manifestacoes-democracia-usp-eleicoes-presidente\/"]}]},{"@type":"ImageObject","inLanguage":"pt-BR","@id":"https:\/\/www.suno.com.br\/noticias\/manifestacoes-democracia-usp-eleicoes-presidente\/#primaryimage","url":"https:\/\/files.sunoresearch.com.br\/n\/uploads\/2021\/09\/50429036346_a9271a4327_o-scaled.jpg","contentUrl":"https:\/\/files.sunoresearch.com.br\/n\/uploads\/2021\/09\/50429036346_a9271a4327_o-scaled.jpg","width":2560,"height":1707,"caption":"Urna eletr\u00f4nica. Foto: Antonio Augusto\/Ascom\/TSE"},{"@type":"BreadcrumbList","@id":"https:\/\/www.suno.com.br\/noticias\/manifestacoes-democracia-usp-eleicoes-presidente\/#breadcrumb","itemListElement":[{"@type":"ListItem","position":1,"name":"Not\u00edcias","item":"https:\/\/www.suno.com.br\/noticias\/"},{"@type":"ListItem","position":2,"name":"Pol\u00edtica","item":"https:\/\/www.suno.com.br\/noticias\/politica\/"},{"@type":"ListItem","position":3,"name":"Manifesta\u00e7\u00f5es em defesa da democracia re\u00fanem presidenci\u00e1veis e ex-ministros do STF na USP"}]},{"@type":"WebSite","@id":"https:\/\/www.suno.com.br\/noticias\/#website","url":"https:\/\/www.suno.com.br\/noticias\/","name":"Suno Not\u00edcias","description":"Seu portal de informa\u00e7\u00e3o sobre o mundo dos investimentos","publisher":{"@id":"https:\/\/www.suno.com.br\/noticias\/#organization"},"potentialAction":[{"@type":"SearchAction","target":{"@type":"EntryPoint","urlTemplate":"https:\/\/www.suno.com.br\/noticias\/?s={search_term_string}"},"query-input":{"@type":"PropertyValueSpecification","valueRequired":true,"valueName":"search_term_string"}}],"inLanguage":"pt-BR"},{"@type":"Organization","@id":"https:\/\/www.suno.com.br\/noticias\/#organization","name":"Suno Not\u00edcias","url":"https:\/\/www.suno.com.br\/noticias\/","logo":{"@type":"ImageObject","inLanguage":"pt-BR","@id":"https:\/\/www.suno.com.br\/noticias\/#\/schema\/logo\/image\/","url":"https:\/\/files.sunoresearch.com.br\/n\/uploads\/2021\/09\/suno-logo.png","contentUrl":"https:\/\/files.sunoresearch.com.br\/n\/uploads\/2021\/09\/suno-logo.png","width":180,"height":180,"caption":"Suno Not\u00edcias"},"image":{"@id":"https:\/\/www.suno.com.br\/noticias\/#\/schema\/logo\/image\/"},"sameAs":["https:\/\/facebook.com\/sunoresearch","https:\/\/x.com\/sunoresearch","https:\/\/www.instagram.com\/suno","https:\/\/www.linkedin.com\/company\/suno-research\/","https:\/\/www.youtube.com\/c\/sunoresearch"]},{"@type":"Person","@id":"https:\/\/www.suno.com.br\/noticias\/#\/schema\/person\/7f4d362bf3518e76090143ae77bb49a5","name":"Eduardo Vargas","image":{"@type":"ImageObject","inLanguage":"pt-BR","@id":"https:\/\/www.suno.com.br\/noticias\/#\/schema\/person\/image\/","url":"https:\/\/secure.gravatar.com\/avatar\/dac340933427a22924c9f99d1eb2e3f2?s=96&r=g","contentUrl":"https:\/\/secure.gravatar.com\/avatar\/dac340933427a22924c9f99d1eb2e3f2?s=96&r=g","caption":"Eduardo Vargas"},"description":"Jornalista formado pela UFSC, cobre macroeconomia, neg\u00f3cios e startups para o Suno Not\u00edcias, escrevendo principalmente not\u00edcias sobre o mercado financeiro e a bolsa de valores. No YouTube e no Instagram, \u00e9 respons\u00e1vel pela produ\u00e7\u00e3o de Reels e Shorts do Suno Not\u00edcias. Anteriormente, trabalhou cobrindo economia e cotidiano no ND+ e para o ND, maior jornal impresso de Santa Catarina. Cursou um semestre letivo de Estudos de M\u00eddia na Universidad de Buenos Aires.","url":"https:\/\/www.suno.com.br\/noticias\/author\/eduardo-vargas\/"}]}},"default_loop_html":"<div class=\"cardsPage__listCard__boxs\"><div class=\"cardsPage__listCard__boxs__img\"><a href=\"https:\/\/www.suno.com.br\/noticias\/manifestacoes-democracia-usp-eleicoes-presidente\/\"><img class=\"mask\" src=\"https:\/\/www.suno.com.br\/noticias\/wp-content\/themes\/suno\/resources\/images\/spotlight\/spotlight1img\/bg-mask.png\" alt=\"Image Mask\"\/><img src=\"https:\/\/files.sunoresearch.com.br\/n\/uploads\/2021\/09\/50429036346_a9271a4327_o-400x200.jpg\" alt=\"Manifesta\u00e7\u00f5es em defesa da democracia re\u00fanem presidenci\u00e1veis e ex-ministros do STF na USP\"\/><\/a><span class=\"spotlightCategory\"><a href=\"https:\/\/www.suno.com.br\/noticias\/politica\/\">Pol\u00edtica<\/a><\/span><\/div><div class=\"cardsPage__listCard__boxs__content\"><a href=\"https:\/\/www.suno.com.br\/noticias\/manifestacoes-democracia-usp-eleicoes-presidente\/\"><h2 class=\"content__title\">Manifesta\u00e7\u00f5es em defesa da democracia re\u00fanem presidenci\u00e1veis e ex-ministros do STF na USP<\/h2><\/a><div class=\"newsContent__article__meta\"><div class=\"newsContent__article__meta__authorBox\"><a href=\"https:\/\/www.suno.com.br\/noticias\/author\/eduardo-vargas\/\" class=\"authorBox__avatar noMobi\"><img src=\"https:\/\/secure.gravatar.com\/avatar\/dac340933427a22924c9f99d1eb2e3f2?s=96&#038;r=g\" alt=\"Eduardo Vargas\"><\/a><div class=\"authorBox__name\"><span>por\n\t\t\t<a href=\"https:\/\/www.suno.com.br\/noticias\/author\/eduardo-vargas\/\"><span itemprop=\"author\">Eduardo Vargas<\/span><\/a><\/span><time datetime=\"2022-08-11T10:15:26-03:00\" itemprop=\"datePublished\">11\/08\/2022 10:15<\/time><\/div><\/div><\/div><\/div><\/div>","single_layout":"posts","amp_enabled":true,"_links":{"self":[{"href":"https:\/\/www.suno.com.br\/noticias\/wp-json\/wp\/v2\/posts\/283882"}],"collection":[{"href":"https:\/\/www.suno.com.br\/noticias\/wp-json\/wp\/v2\/posts"}],"about":[{"href":"https:\/\/www.suno.com.br\/noticias\/wp-json\/wp\/v2\/types\/post"}],"author":[{"embeddable":true,"href":"https:\/\/www.suno.com.br\/noticias\/wp-json\/wp\/v2\/users\/73"}],"replies":[{"embeddable":true,"href":"https:\/\/www.suno.com.br\/noticias\/wp-json\/wp\/v2\/comments?post=283882"}],"version-history":[{"count":3,"href":"https:\/\/www.suno.com.br\/noticias\/wp-json\/wp\/v2\/posts\/283882\/revisions"}],"predecessor-version":[{"id":283937,"href":"https:\/\/www.suno.com.br\/noticias\/wp-json\/wp\/v2\/posts\/283882\/revisions\/283937"}],"wp:featuredmedia":[{"embeddable":true,"href":"https:\/\/www.suno.com.br\/noticias\/wp-json\/wp\/v2\/media\/183004"}],"wp:attachment":[{"href":"https:\/\/www.suno.com.br\/noticias\/wp-json\/wp\/v2\/media?parent=283882"}],"wp:term":[{"taxonomy":"category","embeddable":true,"href":"https:\/\/www.suno.com.br\/noticias\/wp-json\/wp\/v2\/categories?post=283882"},{"taxonomy":"post_tag","embeddable":true,"href":"https:\/\/www.suno.com.br\/noticias\/wp-json\/wp\/v2\/tags?post=283882"},{"taxonomy":"suno_strategy","embeddable":true,"href":"https:\/\/www.suno.com.br\/noticias\/wp-json\/wp\/v2\/suno_strategy?post=283882"}],"curies":[{"name":"wp","href":"https:\/\/api.w.org\/{rel}","templated":true}]}}