{"id":283661,"date":"2022-08-12T00:52:51","date_gmt":"2022-08-12T03:52:51","guid":{"rendered":"https:\/\/www.suno.com.br\/noticias\/?p=283661"},"modified":"2022-08-12T00:52:51","modified_gmt":"2022-08-12T03:52:51","slug":"aes-brasil-aesb3-aquisicao-eolicas-potencial-geracao-valor","status":"publish","type":"post","link":"https:\/\/www.suno.com.br\/noticias\/aes-brasil-aesb3-aquisicao-eolicas-potencial-geracao-valor\/","title":{"rendered":"AES Brasil (AESB3): aquisi\u00e7\u00e3o de e\u00f3licas tem baixo potencial de gera\u00e7\u00e3o de valor, diz Genial"},"content":{"rendered":"<p>A <strong><a class=\"suno-keyword\" href=\"https:\/\/www.suno.com.br\/acoes\/aesb3\/\" target=\"_blank\" rel=\"noopener\" data-force=\"yes\" data-priority=\"1\">AES Brasil (AESB3)<\/a><\/strong> anunciou a aquisi\u00e7\u00e3o de tr\u00eas usinas e\u00f3licas: Ventos do Araripe (Piau\u00ed), Caet\u00e9s (Pernambuco) e Cassino (Rio Grande do Sul). Essa opera\u00e7\u00e3o custou cerca de R$ 2 bilh\u00f5es &#8212; R$ 1,1 bi na aquisi\u00e7\u00e3o, somados a uma d\u00edvida de R$ 928 milh\u00f5es que ser\u00e1 assumida pela empresa. A companhia tamb\u00e9m anunciou uma capitaliza\u00e7\u00e3o via aumento privado de capital entre R$ 500 milh\u00f5es e R$ 1,1 bilh\u00e3o.<\/p>\t<div class=\"wrapper-featured-image\">\n\t\t<figure class=\"spotlightImg\">\n\n\t\t\t<picture>\n\t\t\t\t<source media=\"(max-width: 768px)\" srcset=\"https:\/\/files.sunoresearch.com.br\/n\/uploads\/2022\/08\/Aes-Brasil-pixabay-1-400x200.jpg\">\n\t\t\t\t<img loading=\"lazy\" decoding=\"async\" class=\"newsContent__article__imgCapa lazyloadDisabled \" src=\"https:\/\/files.sunoresearch.com.br\/n\/uploads\/2022\/08\/Aes-Brasil-pixabay-1-800x450.jpg\" width=\"800\" height=\"450\" alt=\"AES Brasil (AESB3): aquisi\u00e7\u00e3o de e\u00f3licas tem baixo potencial de gera\u00e7\u00e3o de valor, diz Genial\" fetchpriority=high \/>\n\t\t\t<\/picture>\n\n\t\t\t<figcaption class=\"wp-caption-text wp-caption-text--show\">AES Brasil. Foto: Pixabay.<\/figcaption>\n\t\t<\/figure>\n\t<\/div>\n\n\n\t<p>\n\t\t<a href=\"\" target=\"_blank\" data-element=\"shortcode-suno-banner\" title=\"Banner SUNO, clique e saiba mais\">\n\t\t\t<picture>\n\t\t\t\t<source media=\"(max-width: 500px)\" srcset=\"\">\n\t\t\t\t<img class=\"newsContent__article__imgCapa newsContent__article__imgCapa--banner\"\n\t\t\t\t\tsrc=\"\"\n\t\t\t\t\tdata-promo-id=\"138420\"\t\t\t\t\t\t\t\t\t\t\t\t\t\t\talt=\"\"\n\t\t\t\t>\n\t\t\t<\/picture>\n\t\t<\/a>\n\t<\/p>\n\n\n<p>A Genial definiu a <strong>aquisi\u00e7\u00e3o da AES Brasil<\/strong> como \u201cmarginalmente positiva\u201d. \u00c9 estimado um impacto positivo de +R$ 0,20 a 0,23\/a\u00e7\u00e3o no pre\u00e7o-alvo recomendado pela Genial para o ativo, que atualmente est\u00e1 em R$ 13,00 (valoriza\u00e7\u00e3o de 27,7%), representando cerca de 2% do atual pre\u00e7o da a\u00e7\u00e3o. Esse impacto vai depender da quantidade de a\u00e7\u00f5es a serem emitidas na emiss\u00e3o privada anunciada.<\/p>\n<p>Por isso aquisi\u00e7\u00e3o de e\u00f3licas tem baixo potencial de gera\u00e7\u00e3o de valor, segundo a Genial.<\/p>\n<p>Os analistas estimaram uma <a class=\"suno-keyword\" href=\"https:\/\/www.suno.com.br\/artigos\/taxa-interna-de-retorno\/\" target=\"_blank\" rel=\"noopener\" data-force=\"no\" data-priority=\"1\">taxa interna de retorno<\/a> alavancada de 12% &#8211; com TIR real de 9,7% desalavancada &#8211; em termos reais e um <a class=\"suno-keyword\" href=\"https:\/\/www.suno.com.br\/artigos\/valor-presente-liquido\/\" target=\"_blank\" rel=\"noopener\" data-force=\"no\" data-priority=\"1\">valor presente l\u00edquido<\/a> de R$ 126 milh\u00f5es. \u201cTaxas internas de retorno acima de 9,5% s\u00e3o projetos que devem gerar valor \u00e0 empresa\u201d, explica.<\/p>\n<p>Para os analistas da Genial, a AES Brasil (AESB3) tende a se beneficiar dessas aquisi\u00e7\u00f5es, devido a uma diversifica\u00e7\u00e3o de suas fontes de receita e <a class=\"suno-keyword\" href=\"https:\/\/www.suno.com.br\/artigos\/geracao-de-caixa\/\" target=\"_blank\" rel=\"noopener\" data-force=\"no\" data-priority=\"1\">gera\u00e7\u00e3o de caixa<\/a>. A empresa ver\u00e1 tamb\u00e9m aumento de escala das opera\u00e7\u00f5es e uma eventual coopera\u00e7\u00e3o do ativo adquirido com opera\u00e7\u00f5es que a AES Brasil j\u00e1 possui ao redor do pa\u00eds.<\/p>\n\t<p>\n\t\t<a href=\"https:\/\/lp.suno.com.br\/ebook-como-analisar-uma-acao\/\" target=\"_blank\" data-element=\"shortcode-suno-banner\" title=\"Banner SUNO, clique e saiba mais\">\n\t\t\t<picture>\n\t\t\t\t<source media=\"(max-width: 500px)\" srcset=\"https:\/\/files.sunoresearch.com.br\/n\/uploads\/2023\/03\/Ebook-Acoes-Mobile-1.jpg\">\n\t\t\t\t<img class=\"newsContent__article__imgCapa newsContent__article__imgCapa--banner\"\n\t\t\t\t\tsrc=\"https:\/\/files.sunoresearch.com.br\/n\/uploads\/2023\/03\/Ebook-Acoes-Desktop-1.jpg\"\n\t\t\t\t\tdata-promo-id=\"171998\"\t\t\t\t\t\t\t\t\t\twidth='1420' height='286'\t\t\t\t\talt=\"https:\/\/files.sunoresearch.com.br\/n\/uploads\/2023\/03\/Ebook-Acoes-Desktop-1.jpg\"\n\t\t\t\t>\n\t\t\t<\/picture>\n\t\t<\/a>\n\t<\/p>\n\n\n<p>\u201cVale mencionar que eventuais sinergias operacionais com outros ativos ou opera\u00e7\u00f5es da AES Brasil n\u00e3o est\u00e3o sendo considerados nessa estimativa\u201d, ressalta.<\/p>\n<p>Levando em conta o baixo potencial de gera\u00e7\u00e3o de valor observado na transa\u00e7\u00e3o, a Genial optou por continuar com sua recomenda\u00e7\u00e3o de compra para as a\u00e7\u00f5es da empresa. Na vis\u00e3o da Genial, existem outras op\u00e7\u00f5es mais interessantes no setor el\u00e9trico. Mais: \u201cEssa opera\u00e7\u00e3o de emiss\u00e3o de novas a\u00e7\u00f5es deve seguir pressionando as cota\u00e7\u00f5es do papel\u201d. Os pap\u00e9is da <strong>AES Brasil<\/strong> fecharam em queda de 2,37%, cotadas a R$ 9,88.<\/p>\n\t<p>\n\t\t<a href=\"https:\/\/lp.suno.com.br\/planilha-de-controle-de-investimentos\/\" target=\"_blank\" data-element=\"shortcode-suno-banner\" title=\"Banner SUNO, clique e saiba mais\">\n\t\t\t<picture>\n\t\t\t\t<source media=\"(max-width: 500px)\" srcset=\"https:\/\/files.sunoresearch.com.br\/n\/uploads\/2023\/03\/400x300-Controle-de-Investimentos.png\">\n\t\t\t\t<img class=\"newsContent__article__imgCapa newsContent__article__imgCapa--banner\"\n\t\t\t\t\tsrc=\"https:\/\/files.sunoresearch.com.br\/n\/uploads\/2023\/03\/1420x240-Controle-de-Investimentos.png\"\n\t\t\t\t\tdata-promo-id=\"75934\"\t\t\t\t\t\t\t\t\t\twidth='1420' height='240'\t\t\t\t\talt=\"https:\/\/files.sunoresearch.com.br\/n\/uploads\/2023\/03\/1420x240-Controle-de-Investimentos.png\"\n\t\t\t\t>\n\t\t\t<\/picture>\n\t\t<\/a>\n\t<\/p>\n\n\n","protected":false},"excerpt":{"rendered":"<p>A AES Brasil (AESB3) anunciou a aquisi\u00e7\u00e3o de tr\u00eas usinas e\u00f3licas: Ventos do Araripe (Piau\u00ed), Caet\u00e9s (Pernambuco) e Cassino (Rio Grande do Sul). Essa opera\u00e7\u00e3o custou cerca de R$ 2 bilh\u00f5es &#8212; R$ 1,1 bi na aquisi\u00e7\u00e3o, somados a uma d\u00edvida de R$ 928 milh\u00f5es que ser\u00e1 assumida pela empresa. A companhia tamb\u00e9m anunciou uma [&hellip;]<\/p>\n","protected":false},"author":43,"featured_media":281692,"comment_status":"closed","ping_status":"closed","sticky":false,"template":"","format":"standard","meta":[],"categories":[64],"tags":[106075],"suno_strategy":[],"class_list":["post-283661","post","type-post","status-publish","format-standard","has-post-thumbnail","hentry","category-negocios","tag-aes-brasil-aesb3"],"yoast_head":"<!-- This site is optimized with the Yoast SEO plugin v24.4 - https:\/\/yoast.com\/wordpress\/plugins\/seo\/ -->\n<title>AES Brasil (AESB3): aquisi\u00e7\u00e3o de e\u00f3licas tem baixa gera\u00e7\u00e3o de valor<\/title>\n<meta name=\"description\" content=\"A AES Brasil (AESB3) anunciou a aquisi\u00e7\u00e3o de tr\u00eas usinas e\u00f3licas. Mas a transa\u00e7\u00e3o n\u00e3o deve gerar valor \u00e0s a\u00e7\u00f5es da empresa, diz a Genial.\" \/>\n<meta name=\"robots\" content=\"index, follow, max-snippet:-1, max-image-preview:large, max-video-preview:-1\" \/>\n<link rel=\"canonical\" href=\"https:\/\/www.suno.com.br\/noticias\/aes-brasil-aesb3-aquisicao-eolicas-potencial-geracao-valor\/\" \/>\n<meta property=\"og:locale\" content=\"pt_BR\" \/>\n<meta property=\"og:type\" content=\"article\" \/>\n<meta property=\"og:title\" content=\"AES Brasil (AESB3): aquisi\u00e7\u00e3o de e\u00f3licas tem baixa gera\u00e7\u00e3o de valor\" \/>\n<meta property=\"og:description\" content=\"A AES Brasil (AESB3) anunciou a aquisi\u00e7\u00e3o de tr\u00eas usinas e\u00f3licas. Mas a transa\u00e7\u00e3o n\u00e3o deve gerar valor \u00e0s a\u00e7\u00f5es da empresa, diz a Genial.\" \/>\n<meta property=\"og:url\" content=\"https:\/\/www.suno.com.br\/noticias\/aes-brasil-aesb3-aquisicao-eolicas-potencial-geracao-valor\/\" \/>\n<meta property=\"og:site_name\" content=\"Suno Not\u00edcias\" \/>\n<meta property=\"article:publisher\" content=\"https:\/\/facebook.com\/sunoresearch\" \/>\n<meta property=\"article:author\" content=\"https:\/\/www.facebook.com\/sunonoticias\/\" \/>\n<meta property=\"og:image\" content=\"https:\/\/files.sunoresearch.com.br\/n\/uploads\/2022\/08\/Aes-Brasil-pixabay-1.jpg\" \/>\n\t<meta property=\"og:image:width\" content=\"1200\" \/>\n\t<meta property=\"og:image:height\" content=\"800\" \/>\n\t<meta property=\"og:image:type\" content=\"image\/jpeg\" \/>\n<meta name=\"author\" content=\"Reda\u00e7\u00e3o Suno Not\u00edcias\" \/>\n<meta name=\"twitter:card\" content=\"summary_large_image\" \/>\n<meta name=\"twitter:creator\" content=\"@https:\/\/twitter.com\/sunoresearch\" \/>\n<meta name=\"twitter:site\" content=\"@sunoresearch\" \/>\n<meta name=\"twitter:label1\" content=\"Escrito por\" \/>\n\t<meta name=\"twitter:data1\" content=\"Reda\u00e7\u00e3o Suno Not\u00edcias\" \/>\n\t<meta name=\"twitter:label2\" content=\"Est. tempo de leitura\" \/>\n\t<meta name=\"twitter:data2\" content=\"2 minutos\" \/>\n<script type=\"application\/ld+json\" class=\"yoast-schema-graph\">{\"@context\":\"https:\/\/schema.org\",\"@graph\":[{\"@type\":\"NewsArticle\",\"@id\":\"https:\/\/www.suno.com.br\/noticias\/aes-brasil-aesb3-aquisicao-eolicas-potencial-geracao-valor\/#article\",\"isPartOf\":{\"@id\":\"https:\/\/www.suno.com.br\/noticias\/aes-brasil-aesb3-aquisicao-eolicas-potencial-geracao-valor\/\"},\"author\":{\"name\":\"Reda\u00e7\u00e3o Suno Not\u00edcias\",\"@id\":\"https:\/\/www.suno.com.br\/noticias\/#\/schema\/person\/c1b1bd3727fa852bd045e9dbff3673ea\"},\"headline\":\"AES Brasil (AESB3): aquisi\u00e7\u00e3o de e\u00f3licas tem baixo potencial de gera\u00e7\u00e3o de valor, diz Genial\",\"datePublished\":\"2022-08-12T03:52:51+00:00\",\"mainEntityOfPage\":{\"@id\":\"https:\/\/www.suno.com.br\/noticias\/aes-brasil-aesb3-aquisicao-eolicas-potencial-geracao-valor\/\"},\"wordCount\":399,\"publisher\":{\"@id\":\"https:\/\/www.suno.com.br\/noticias\/#organization\"},\"image\":{\"@id\":\"https:\/\/www.suno.com.br\/noticias\/aes-brasil-aesb3-aquisicao-eolicas-potencial-geracao-valor\/#primaryimage\"},\"thumbnailUrl\":\"https:\/\/files.sunoresearch.com.br\/n\/uploads\/2022\/08\/Aes-Brasil-pixabay-1.jpg\",\"keywords\":[\"AES Brasil (AESB3)\"],\"articleSection\":[\"Neg\u00f3cios\"],\"inLanguage\":\"pt-BR\"},{\"@type\":\"WebPage\",\"@id\":\"https:\/\/www.suno.com.br\/noticias\/aes-brasil-aesb3-aquisicao-eolicas-potencial-geracao-valor\/\",\"url\":\"https:\/\/www.suno.com.br\/noticias\/aes-brasil-aesb3-aquisicao-eolicas-potencial-geracao-valor\/\",\"name\":\"AES Brasil (AESB3): aquisi\u00e7\u00e3o de e\u00f3licas tem baixa gera\u00e7\u00e3o de valor\",\"isPartOf\":{\"@id\":\"https:\/\/www.suno.com.br\/noticias\/#website\"},\"primaryImageOfPage\":{\"@id\":\"https:\/\/www.suno.com.br\/noticias\/aes-brasil-aesb3-aquisicao-eolicas-potencial-geracao-valor\/#primaryimage\"},\"image\":{\"@id\":\"https:\/\/www.suno.com.br\/noticias\/aes-brasil-aesb3-aquisicao-eolicas-potencial-geracao-valor\/#primaryimage\"},\"thumbnailUrl\":\"https:\/\/files.sunoresearch.com.br\/n\/uploads\/2022\/08\/Aes-Brasil-pixabay-1.jpg\",\"datePublished\":\"2022-08-12T03:52:51+00:00\",\"description\":\"A AES Brasil (AESB3) anunciou a aquisi\u00e7\u00e3o de tr\u00eas usinas e\u00f3licas. Mas a transa\u00e7\u00e3o n\u00e3o deve gerar valor \u00e0s a\u00e7\u00f5es da empresa, diz a Genial.\",\"breadcrumb\":{\"@id\":\"https:\/\/www.suno.com.br\/noticias\/aes-brasil-aesb3-aquisicao-eolicas-potencial-geracao-valor\/#breadcrumb\"},\"inLanguage\":\"pt-BR\",\"potentialAction\":[{\"@type\":\"ReadAction\",\"target\":[\"https:\/\/www.suno.com.br\/noticias\/aes-brasil-aesb3-aquisicao-eolicas-potencial-geracao-valor\/\"]}]},{\"@type\":\"ImageObject\",\"inLanguage\":\"pt-BR\",\"@id\":\"https:\/\/www.suno.com.br\/noticias\/aes-brasil-aesb3-aquisicao-eolicas-potencial-geracao-valor\/#primaryimage\",\"url\":\"https:\/\/files.sunoresearch.com.br\/n\/uploads\/2022\/08\/Aes-Brasil-pixabay-1.jpg\",\"contentUrl\":\"https:\/\/files.sunoresearch.com.br\/n\/uploads\/2022\/08\/Aes-Brasil-pixabay-1.jpg\",\"width\":1200,\"height\":800,\"caption\":\"AES Brasil. Foto: Pixabay.\"},{\"@type\":\"BreadcrumbList\",\"@id\":\"https:\/\/www.suno.com.br\/noticias\/aes-brasil-aesb3-aquisicao-eolicas-potencial-geracao-valor\/#breadcrumb\",\"itemListElement\":[{\"@type\":\"ListItem\",\"position\":1,\"name\":\"Not\u00edcias\",\"item\":\"https:\/\/www.suno.com.br\/noticias\/\"},{\"@type\":\"ListItem\",\"position\":2,\"name\":\"Neg\u00f3cios\",\"item\":\"https:\/\/www.suno.com.br\/noticias\/negocios\/\"},{\"@type\":\"ListItem\",\"position\":3,\"name\":\"AES Brasil (AESB3): aquisi\u00e7\u00e3o de e\u00f3licas tem baixo potencial de gera\u00e7\u00e3o de valor, diz Genial\"}]},{\"@type\":\"WebSite\",\"@id\":\"https:\/\/www.suno.com.br\/noticias\/#website\",\"url\":\"https:\/\/www.suno.com.br\/noticias\/\",\"name\":\"Suno Not\u00edcias\",\"description\":\"Seu portal de informa\u00e7\u00e3o sobre o mundo dos investimentos\",\"publisher\":{\"@id\":\"https:\/\/www.suno.com.br\/noticias\/#organization\"},\"potentialAction\":[{\"@type\":\"SearchAction\",\"target\":{\"@type\":\"EntryPoint\",\"urlTemplate\":\"https:\/\/www.suno.com.br\/noticias\/?s={search_term_string}\"},\"query-input\":{\"@type\":\"PropertyValueSpecification\",\"valueRequired\":true,\"valueName\":\"search_term_string\"}}],\"inLanguage\":\"pt-BR\"},{\"@type\":\"Organization\",\"@id\":\"https:\/\/www.suno.com.br\/noticias\/#organization\",\"name\":\"Suno Not\u00edcias\",\"url\":\"https:\/\/www.suno.com.br\/noticias\/\",\"logo\":{\"@type\":\"ImageObject\",\"inLanguage\":\"pt-BR\",\"@id\":\"https:\/\/www.suno.com.br\/noticias\/#\/schema\/logo\/image\/\",\"url\":\"https:\/\/files.sunoresearch.com.br\/n\/uploads\/2021\/09\/suno-logo.png\",\"contentUrl\":\"https:\/\/files.sunoresearch.com.br\/n\/uploads\/2021\/09\/suno-logo.png\",\"width\":180,\"height\":180,\"caption\":\"Suno Not\u00edcias\"},\"image\":{\"@id\":\"https:\/\/www.suno.com.br\/noticias\/#\/schema\/logo\/image\/\"},\"sameAs\":[\"https:\/\/facebook.com\/sunoresearch\",\"https:\/\/x.com\/sunoresearch\",\"https:\/\/www.instagram.com\/suno\",\"https:\/\/www.linkedin.com\/company\/suno-research\/\",\"https:\/\/www.youtube.com\/c\/sunoresearch\"]},{\"@type\":\"Person\",\"@id\":\"https:\/\/www.suno.com.br\/noticias\/#\/schema\/person\/c1b1bd3727fa852bd045e9dbff3673ea\",\"name\":\"Reda\u00e7\u00e3o Suno Not\u00edcias\",\"image\":{\"@type\":\"ImageObject\",\"inLanguage\":\"pt-BR\",\"@id\":\"https:\/\/www.suno.com.br\/noticias\/#\/schema\/person\/image\/\",\"url\":\"https:\/\/secure.gravatar.com\/avatar\/b8104b9b5a71985d5238ee59fbe418af?s=96&r=g\",\"contentUrl\":\"https:\/\/secure.gravatar.com\/avatar\/b8104b9b5a71985d5238ee59fbe418af?s=96&r=g\",\"caption\":\"Reda\u00e7\u00e3o Suno Not\u00edcias\"},\"description\":\"O Suno Not\u00edcias \u00e9 um portal de informa\u00e7\u00f5es sobre Mercado Financeiro, Pol\u00edtica, Neg\u00f3cios, Economia e Finan\u00e7as Pessoais.\",\"sameAs\":[\"https:\/\/www.suno.com.br\/noticias\",\"https:\/\/www.facebook.com\/sunonoticias\/\",\"https:\/\/www.instagram.com\/sunonoticias\/\",\"https:\/\/x.com\/https:\/\/twitter.com\/sunoresearch\",\"https:\/\/www.youtube.com\/sunonoticias\"],\"url\":\"https:\/\/www.suno.com.br\/noticias\/author\/redacao-suno\/\"}]}<\/script>\n<!-- \/ Yoast SEO plugin. -->","yoast_head_json":{"title":"AES Brasil (AESB3): aquisi\u00e7\u00e3o de e\u00f3licas tem baixa gera\u00e7\u00e3o de valor","description":"A AES Brasil (AESB3) anunciou a aquisi\u00e7\u00e3o de tr\u00eas usinas e\u00f3licas. Mas a transa\u00e7\u00e3o n\u00e3o deve gerar valor \u00e0s a\u00e7\u00f5es da empresa, diz a Genial.","robots":{"index":"index","follow":"follow","max-snippet":"max-snippet:-1","max-image-preview":"max-image-preview:large","max-video-preview":"max-video-preview:-1"},"canonical":"https:\/\/www.suno.com.br\/noticias\/aes-brasil-aesb3-aquisicao-eolicas-potencial-geracao-valor\/","og_locale":"pt_BR","og_type":"article","og_title":"AES Brasil (AESB3): aquisi\u00e7\u00e3o de e\u00f3licas tem baixa gera\u00e7\u00e3o de valor","og_description":"A AES Brasil (AESB3) anunciou a aquisi\u00e7\u00e3o de tr\u00eas usinas e\u00f3licas. Mas a transa\u00e7\u00e3o n\u00e3o deve gerar valor \u00e0s a\u00e7\u00f5es da empresa, diz a Genial.","og_url":"https:\/\/www.suno.com.br\/noticias\/aes-brasil-aesb3-aquisicao-eolicas-potencial-geracao-valor\/","og_site_name":"Suno Not\u00edcias","article_publisher":"https:\/\/facebook.com\/sunoresearch","article_author":"https:\/\/www.facebook.com\/sunonoticias\/","og_image":[{"width":1200,"height":800,"url":"https:\/\/files.sunoresearch.com.br\/n\/uploads\/2022\/08\/Aes-Brasil-pixabay-1.jpg","type":"image\/jpeg"}],"author":"Reda\u00e7\u00e3o Suno Not\u00edcias","twitter_card":"summary_large_image","twitter_creator":"@https:\/\/twitter.com\/sunoresearch","twitter_site":"@sunoresearch","twitter_misc":{"Escrito por":"Reda\u00e7\u00e3o Suno Not\u00edcias","Est. tempo de leitura":"2 minutos"},"schema":{"@context":"https:\/\/schema.org","@graph":[{"@type":"NewsArticle","@id":"https:\/\/www.suno.com.br\/noticias\/aes-brasil-aesb3-aquisicao-eolicas-potencial-geracao-valor\/#article","isPartOf":{"@id":"https:\/\/www.suno.com.br\/noticias\/aes-brasil-aesb3-aquisicao-eolicas-potencial-geracao-valor\/"},"author":{"name":"Reda\u00e7\u00e3o Suno Not\u00edcias","@id":"https:\/\/www.suno.com.br\/noticias\/#\/schema\/person\/c1b1bd3727fa852bd045e9dbff3673ea"},"headline":"AES Brasil (AESB3): aquisi\u00e7\u00e3o de e\u00f3licas tem baixo potencial de gera\u00e7\u00e3o de valor, diz Genial","datePublished":"2022-08-12T03:52:51+00:00","mainEntityOfPage":{"@id":"https:\/\/www.suno.com.br\/noticias\/aes-brasil-aesb3-aquisicao-eolicas-potencial-geracao-valor\/"},"wordCount":399,"publisher":{"@id":"https:\/\/www.suno.com.br\/noticias\/#organization"},"image":{"@id":"https:\/\/www.suno.com.br\/noticias\/aes-brasil-aesb3-aquisicao-eolicas-potencial-geracao-valor\/#primaryimage"},"thumbnailUrl":"https:\/\/files.sunoresearch.com.br\/n\/uploads\/2022\/08\/Aes-Brasil-pixabay-1.jpg","keywords":["AES Brasil (AESB3)"],"articleSection":["Neg\u00f3cios"],"inLanguage":"pt-BR"},{"@type":"WebPage","@id":"https:\/\/www.suno.com.br\/noticias\/aes-brasil-aesb3-aquisicao-eolicas-potencial-geracao-valor\/","url":"https:\/\/www.suno.com.br\/noticias\/aes-brasil-aesb3-aquisicao-eolicas-potencial-geracao-valor\/","name":"AES Brasil (AESB3): aquisi\u00e7\u00e3o de e\u00f3licas tem baixa gera\u00e7\u00e3o de valor","isPartOf":{"@id":"https:\/\/www.suno.com.br\/noticias\/#website"},"primaryImageOfPage":{"@id":"https:\/\/www.suno.com.br\/noticias\/aes-brasil-aesb3-aquisicao-eolicas-potencial-geracao-valor\/#primaryimage"},"image":{"@id":"https:\/\/www.suno.com.br\/noticias\/aes-brasil-aesb3-aquisicao-eolicas-potencial-geracao-valor\/#primaryimage"},"thumbnailUrl":"https:\/\/files.sunoresearch.com.br\/n\/uploads\/2022\/08\/Aes-Brasil-pixabay-1.jpg","datePublished":"2022-08-12T03:52:51+00:00","description":"A AES Brasil (AESB3) anunciou a aquisi\u00e7\u00e3o de tr\u00eas usinas e\u00f3licas. Mas a transa\u00e7\u00e3o n\u00e3o deve gerar valor \u00e0s a\u00e7\u00f5es da empresa, diz a Genial.","breadcrumb":{"@id":"https:\/\/www.suno.com.br\/noticias\/aes-brasil-aesb3-aquisicao-eolicas-potencial-geracao-valor\/#breadcrumb"},"inLanguage":"pt-BR","potentialAction":[{"@type":"ReadAction","target":["https:\/\/www.suno.com.br\/noticias\/aes-brasil-aesb3-aquisicao-eolicas-potencial-geracao-valor\/"]}]},{"@type":"ImageObject","inLanguage":"pt-BR","@id":"https:\/\/www.suno.com.br\/noticias\/aes-brasil-aesb3-aquisicao-eolicas-potencial-geracao-valor\/#primaryimage","url":"https:\/\/files.sunoresearch.com.br\/n\/uploads\/2022\/08\/Aes-Brasil-pixabay-1.jpg","contentUrl":"https:\/\/files.sunoresearch.com.br\/n\/uploads\/2022\/08\/Aes-Brasil-pixabay-1.jpg","width":1200,"height":800,"caption":"AES Brasil. Foto: Pixabay."},{"@type":"BreadcrumbList","@id":"https:\/\/www.suno.com.br\/noticias\/aes-brasil-aesb3-aquisicao-eolicas-potencial-geracao-valor\/#breadcrumb","itemListElement":[{"@type":"ListItem","position":1,"name":"Not\u00edcias","item":"https:\/\/www.suno.com.br\/noticias\/"},{"@type":"ListItem","position":2,"name":"Neg\u00f3cios","item":"https:\/\/www.suno.com.br\/noticias\/negocios\/"},{"@type":"ListItem","position":3,"name":"AES Brasil (AESB3): aquisi\u00e7\u00e3o de e\u00f3licas tem baixo potencial de gera\u00e7\u00e3o de valor, diz Genial"}]},{"@type":"WebSite","@id":"https:\/\/www.suno.com.br\/noticias\/#website","url":"https:\/\/www.suno.com.br\/noticias\/","name":"Suno Not\u00edcias","description":"Seu portal de informa\u00e7\u00e3o sobre o mundo dos investimentos","publisher":{"@id":"https:\/\/www.suno.com.br\/noticias\/#organization"},"potentialAction":[{"@type":"SearchAction","target":{"@type":"EntryPoint","urlTemplate":"https:\/\/www.suno.com.br\/noticias\/?s={search_term_string}"},"query-input":{"@type":"PropertyValueSpecification","valueRequired":true,"valueName":"search_term_string"}}],"inLanguage":"pt-BR"},{"@type":"Organization","@id":"https:\/\/www.suno.com.br\/noticias\/#organization","name":"Suno Not\u00edcias","url":"https:\/\/www.suno.com.br\/noticias\/","logo":{"@type":"ImageObject","inLanguage":"pt-BR","@id":"https:\/\/www.suno.com.br\/noticias\/#\/schema\/logo\/image\/","url":"https:\/\/files.sunoresearch.com.br\/n\/uploads\/2021\/09\/suno-logo.png","contentUrl":"https:\/\/files.sunoresearch.com.br\/n\/uploads\/2021\/09\/suno-logo.png","width":180,"height":180,"caption":"Suno Not\u00edcias"},"image":{"@id":"https:\/\/www.suno.com.br\/noticias\/#\/schema\/logo\/image\/"},"sameAs":["https:\/\/facebook.com\/sunoresearch","https:\/\/x.com\/sunoresearch","https:\/\/www.instagram.com\/suno","https:\/\/www.linkedin.com\/company\/suno-research\/","https:\/\/www.youtube.com\/c\/sunoresearch"]},{"@type":"Person","@id":"https:\/\/www.suno.com.br\/noticias\/#\/schema\/person\/c1b1bd3727fa852bd045e9dbff3673ea","name":"Reda\u00e7\u00e3o Suno Not\u00edcias","image":{"@type":"ImageObject","inLanguage":"pt-BR","@id":"https:\/\/www.suno.com.br\/noticias\/#\/schema\/person\/image\/","url":"https:\/\/secure.gravatar.com\/avatar\/b8104b9b5a71985d5238ee59fbe418af?s=96&r=g","contentUrl":"https:\/\/secure.gravatar.com\/avatar\/b8104b9b5a71985d5238ee59fbe418af?s=96&r=g","caption":"Reda\u00e7\u00e3o Suno Not\u00edcias"},"description":"O Suno Not\u00edcias \u00e9 um portal de informa\u00e7\u00f5es sobre Mercado Financeiro, Pol\u00edtica, Neg\u00f3cios, Economia e Finan\u00e7as Pessoais.","sameAs":["https:\/\/www.suno.com.br\/noticias","https:\/\/www.facebook.com\/sunonoticias\/","https:\/\/www.instagram.com\/sunonoticias\/","https:\/\/x.com\/https:\/\/twitter.com\/sunoresearch","https:\/\/www.youtube.com\/sunonoticias"],"url":"https:\/\/www.suno.com.br\/noticias\/author\/redacao-suno\/"}]}},"default_loop_html":"<div class=\"cardsPage__listCard__boxs\"><div class=\"cardsPage__listCard__boxs__img\"><a href=\"https:\/\/www.suno.com.br\/noticias\/aes-brasil-aesb3-aquisicao-eolicas-potencial-geracao-valor\/\"><img class=\"mask\" src=\"https:\/\/www.suno.com.br\/noticias\/wp-content\/themes\/suno\/resources\/images\/spotlight\/spotlight1img\/bg-mask.png\" alt=\"Image Mask\"\/><img src=\"https:\/\/files.sunoresearch.com.br\/n\/uploads\/2022\/08\/Aes-Brasil-pixabay-1-400x200.jpg\" alt=\"AES Brasil (AESB3): aquisi\u00e7\u00e3o de e\u00f3licas tem baixo potencial de gera\u00e7\u00e3o de valor, diz Genial\"\/><\/a><span class=\"spotlightCategory\"><a href=\"https:\/\/www.suno.com.br\/noticias\/negocios\/\">Neg\u00f3cios<\/a><\/span><\/div><div class=\"cardsPage__listCard__boxs__content\"><a href=\"https:\/\/www.suno.com.br\/noticias\/aes-brasil-aesb3-aquisicao-eolicas-potencial-geracao-valor\/\"><h2 class=\"content__title\">AES Brasil (AESB3): aquisi\u00e7\u00e3o de e\u00f3licas tem baixo potencial de gera\u00e7\u00e3o de valor, diz Genial<\/h2><\/a><div class=\"newsContent__article__meta\"><div class=\"newsContent__article__meta__authorBox\"><a href=\"https:\/\/www.suno.com.br\/noticias\/author\/redacao-suno\/\" class=\"authorBox__avatar noMobi\"><img src=\"https:\/\/files.sunoresearch.com.br\/n\/uploads\/2020\/08\/0ace682d-redacao-1-150x150.webp\" alt=\"Reda\u00e7\u00e3o Suno Not\u00edcias\"><\/a><div class=\"authorBox__name\"><span>por\n\t\t\t<a href=\"https:\/\/www.suno.com.br\/noticias\/author\/redacao-suno\/\"><span itemprop=\"author\">Reda\u00e7\u00e3o Suno Not\u00edcias<\/span><\/a><\/span><time datetime=\"2022-08-12T00:52:51-03:00\" itemprop=\"datePublished\">12\/08\/2022 00:52<\/time><\/div><\/div><\/div><\/div><\/div>","single_layout":"posts","amp_enabled":true,"_links":{"self":[{"href":"https:\/\/www.suno.com.br\/noticias\/wp-json\/wp\/v2\/posts\/283661"}],"collection":[{"href":"https:\/\/www.suno.com.br\/noticias\/wp-json\/wp\/v2\/posts"}],"about":[{"href":"https:\/\/www.suno.com.br\/noticias\/wp-json\/wp\/v2\/types\/post"}],"author":[{"embeddable":true,"href":"https:\/\/www.suno.com.br\/noticias\/wp-json\/wp\/v2\/users\/43"}],"replies":[{"embeddable":true,"href":"https:\/\/www.suno.com.br\/noticias\/wp-json\/wp\/v2\/comments?post=283661"}],"version-history":[{"count":3,"href":"https:\/\/www.suno.com.br\/noticias\/wp-json\/wp\/v2\/posts\/283661\/revisions"}],"predecessor-version":[{"id":284394,"href":"https:\/\/www.suno.com.br\/noticias\/wp-json\/wp\/v2\/posts\/283661\/revisions\/284394"}],"wp:featuredmedia":[{"embeddable":true,"href":"https:\/\/www.suno.com.br\/noticias\/wp-json\/wp\/v2\/media\/281692"}],"wp:attachment":[{"href":"https:\/\/www.suno.com.br\/noticias\/wp-json\/wp\/v2\/media?parent=283661"}],"wp:term":[{"taxonomy":"category","embeddable":true,"href":"https:\/\/www.suno.com.br\/noticias\/wp-json\/wp\/v2\/categories?post=283661"},{"taxonomy":"post_tag","embeddable":true,"href":"https:\/\/www.suno.com.br\/noticias\/wp-json\/wp\/v2\/tags?post=283661"},{"taxonomy":"suno_strategy","embeddable":true,"href":"https:\/\/www.suno.com.br\/noticias\/wp-json\/wp\/v2\/suno_strategy?post=283661"}],"curies":[{"name":"wp","href":"https:\/\/api.w.org\/{rel}","templated":true}]}}