{"id":28363,"date":"2019-06-17T12:51:29","date_gmt":"2019-06-17T15:51:29","guid":{"rendered":"https:\/\/www.suno.com.br\/noticias\/?p=28363"},"modified":"2019-06-17T12:53:33","modified_gmt":"2019-06-17T15:53:33","slug":"exportacoes-brasileiras-alta-eua","status":"publish","type":"post","link":"https:\/\/www.suno.com.br\/noticias\/exportacoes-brasileiras-alta-eua\/","title":{"rendered":"Exporta\u00e7\u00f5es brasileiras registram alta devido as vendas aos Estados Unidos"},"content":{"rendered":"<p>As <a href=\"https:\/\/www.suno.com.br\/artigos\/comercio-internacional\/\">exporta\u00e7\u00f5es brasileiras<\/a> registraram no m\u00eas de maio uma alta de US$ 6,3 bilh\u00f5es. Esse valor \u00e9 correspondente a um aumento de 10% quando comparado com o mesmo m\u00eas do ano anterior. O destaque foi para as <strong>exporta\u00e7\u00f5es<\/strong> para os <strong>Estados Unidos<\/strong> que registraram alta, conforme a pesquisa da <strong>Funda\u00e7\u00e3o Get\u00falio Vargas<\/strong> (FGV).<\/p>\t<div class=\"wrapper-featured-image\">\n\t\t<figure class=\"spotlightImg\">\n\n\t\t\t<picture>\n\t\t\t\t<source media=\"(max-width: 768px)\" srcset=\"https:\/\/files.sunoresearch.com.br\/n\/uploads\/2019\/05\/a379a733-greve-dos-caminhineiros-400x200.webp\">\n\t\t\t\t<img loading=\"lazy\" decoding=\"async\" class=\"newsContent__article__imgCapa lazyloadDisabled newsContent__article__imgCapa--noCaption\" src=\"https:\/\/files.sunoresearch.com.br\/n\/uploads\/2019\/05\/a379a733-greve-dos-caminhineiros-800x450.webp\" width=\"800\" height=\"450\" alt=\"Exporta\u00e7\u00f5es brasileiras registram alta devido as vendas aos Estados Unidos\" fetchpriority=high \/>\n\t\t\t<\/picture>\n\n\t\t\t<figcaption class=\"wp-caption-text wp-caption-text--hide\"><\/figcaption>\n\t\t<\/figure>\n\t<\/div>\n\n\n<p>De acordo com a an\u00e1lise da pesquisa as <strong>exporta\u00e7\u00f5es brasileiras<\/strong> para os <strong>EUA<\/strong> registraram alta de 72% comparado com maio do ano passado. Por sua vez, a <strong>China<\/strong> e a <strong>Argentina<\/strong> demonstraram queda.<\/p>\n<p>&#8220;Observa-se que as exporta\u00e7\u00f5es para a <strong>Argentina<\/strong> v\u00eam registrando recuos desde o in\u00edcio do ano devido \u00e0 <a href=\"https:\/\/www.suno.com.br\/artigos\/crise-economica-oportunidade-ou-ameaca\/\"><strong>crise econ\u00f4mica<\/strong><\/a> do pa\u00eds. Para a<strong> China<\/strong>, desde mar\u00e7o as vendas desaceleram e\/ou recuam e para os <strong>Estados Unidos<\/strong> aumentam&#8221;, diz a\u00a0<strong>FGV<\/strong>.<\/p>\n\t<p>\n\t\t<a href=\"https:\/\/www.seculus.com.br\/blackfriday\" target=\"_blank\" data-element=\"shortcode-suno-banner\" title=\"Banner SUNO, clique e saiba mais\">\n\t\t\t<picture>\n\t\t\t\t<source media=\"(max-width: 500px)\" srcset=\"https:\/\/files.sunoresearch.com.br\/n\/uploads\/2023\/11\/seculus_suno_mobile_2.jpg\">\n\t\t\t\t<img class=\"newsContent__article__imgCapa newsContent__article__imgCapa--banner\"\n\t\t\t\t\tsrc=\"https:\/\/files.sunoresearch.com.br\/n\/uploads\/2023\/11\/seculus_suno_desktop_2.jpg\"\n\t\t\t\t\tdata-promo-id=\"474123\"\t\t\t\t\t\t\t\t\t\twidth='1420' height='240'\t\t\t\t\talt=\"https:\/\/files.sunoresearch.com.br\/n\/uploads\/2023\/11\/seculus_suno_desktop_2.jpg\"\n\t\t\t\t>\n\t\t\t<\/picture>\n\t\t<\/a>\n\t<\/p>\n\n\n<h2>Exporta\u00e7\u00f5es para EUA<\/h2>\n<p>Os principais produtos que fizeram o \u00edndice registrar a alta de 72% s\u00e3o:<\/p>\n<ul>\n<li><strong>\u00f3leo bruto de petr\u00f3leo<\/strong> com 25%;<\/li>\n<li><strong>semimanufaturados de ferro e a\u00e7o<\/strong> com 20%.<\/li>\n<\/ul>\n<p><a href=\"\/\/www.suno.com.br\/noticias\/exportacoes-agronegocio-batem-recorde-ultrapassam\/\">Saiba Mais:\u00a0Exporta\u00e7\u00f5es do agroneg\u00f3cio batem recorde e ultrapassam US$ 100 bi<\/a><\/p>\n<p>O primeiro produto registrou aumento de 492% das <strong>exporta\u00e7\u00f5es<\/strong> entre maio de 2018 e 2019. O segundo registrou 322%. A soma dos dois produtos resultou em 24% de toda a <strong>exporta\u00e7\u00e3o brasileira<\/strong>.<\/p>\n<h2>Resultados<\/h2>\n<p>\u00c9 not\u00f3rio na pesquisa que dentre os dez principais<strong> produtos brasileiros<\/strong>, todos registram aumentos acima de 40%.<\/p>\n<ul>\n<li>Avi\u00f5es com 72%;<\/li>\n<li>partes e pe\u00e7a para avia\u00e7\u00e3o com 216%;<\/li>\n<li>m\u00e1quinas de terraplanagem com 77,5%;<\/li>\n<li>e demais manufaturas com 79,3%.<\/li>\n<\/ul>\n<p>No acumulado do ano at\u00e9 maio de 2018 e 2019, o crescimento teve em primeiro lugar o <strong>mercado norte-americano<\/strong> com 20,8%, e em segundo lugar se encontra a <strong>China<\/strong> com 3,6%. Por sua vez, a <strong>Argentina<\/strong>, o terceiro principal mercado registrou recuo de 41%.<\/p>\n\t<p>\n\t\t<a href=\"https:\/\/lp.suno.com.br\/suno-one\/?utm_campaign=_SNC6964518A_\" target=\"_blank\" data-element=\"shortcode-suno-banner\" title=\"Banner SUNO, clique e saiba mais\">\n\t\t\t<picture>\n\t\t\t\t<source media=\"(max-width: 500px)\" srcset=\"https:\/\/files.sunoresearch.com.br\/n\/uploads\/2025\/09\/400x300-Suno-One-png.webp\">\n\t\t\t\t<img class=\"newsContent__article__imgCapa newsContent__article__imgCapa--banner\"\n\t\t\t\t\tsrc=\"https:\/\/files.sunoresearch.com.br\/n\/uploads\/2025\/09\/1420x240-Suno-One-png.webp\"\n\t\t\t\t\tdata-promo-id=\"85810\"\t\t\t\t\t\t\t\t\t\twidth='1420' height='240'\t\t\t\t\talt=\"https:\/\/files.sunoresearch.com.br\/n\/uploads\/2025\/09\/1420x240-Suno-One-png.webp\"\n\t\t\t\t>\n\t\t\t<\/picture>\n\t\t<\/a>\n\t<\/p>\n\n\n<p>&#8220;O desempenho das <strong>exporta\u00e7\u00f5es<\/strong> para o mercado dos <strong>Estados Unidos<\/strong> ajuda a explicar a lideran\u00e7a do volume exportado das<strong> manufaturas<\/strong> no m\u00eas de maio, por\u00e9m, n\u00e3o se pode afirmar se o com\u00e9rcio do <strong>setor de avia\u00e7\u00e3o<\/strong> e o <strong>sider\u00fargico<\/strong> ir\u00e3o manter o ritmo de crescimento&#8221;, afirmou a FGV.<\/p>\n<p>Na compara\u00e7\u00e3o do acumulado do ano at\u00e9 maio, entre 2018 e 2019, as <strong>exporta\u00e7\u00f5es brasileiras<\/strong> registram recuo em 0,9%. J\u00e1 as <strong>importa\u00e7\u00f5es<\/strong> cresceram 1,8%.<\/p>\n","protected":false},"excerpt":{"rendered":"<p>As exporta\u00e7\u00f5es brasileiras registraram no m\u00eas de maio uma alta de US$ 6,3 bilh\u00f5es. Esse valor \u00e9 correspondente a um aumento de 10% quando comparado com o mesmo m\u00eas do ano anterior. O destaque foi para as exporta\u00e7\u00f5es para os Estados Unidos que registraram alta, conforme a pesquisa da Funda\u00e7\u00e3o Get\u00falio Vargas (FGV). De acordo [&hellip;]<\/p>\n","protected":false},"author":15,"featured_media":23316,"comment_status":"closed","ping_status":"closed","sticky":false,"template":"","format":"standard","meta":[],"categories":[60],"tags":[],"suno_strategy":[],"class_list":["post-28363","post","type-post","status-publish","format-standard","has-post-thumbnail","hentry","category-mercado"],"yoast_head":"<!-- This site is optimized with the Yoast SEO plugin v24.4 - https:\/\/yoast.com\/wordpress\/plugins\/seo\/ -->\n<title>Exporta\u00e7\u00f5es brasileiras registram alta devido as vendas aos EUA<\/title>\n<meta name=\"description\" content=\"As exporta\u00e7\u00f5es brasileiras registraram no m\u00eas de maio uma alta de US$ 6,3 bilh\u00f5es. Esse valor \u00e9 correspondente 10%. Clique aqui e saiba mais\" \/>\n<meta name=\"robots\" content=\"index, follow, max-snippet:-1, max-image-preview:large, max-video-preview:-1\" \/>\n<link rel=\"canonical\" href=\"https:\/\/www.suno.com.br\/noticias\/exportacoes-brasileiras-alta-eua\/\" \/>\n<meta property=\"og:locale\" content=\"pt_BR\" \/>\n<meta property=\"og:type\" content=\"article\" \/>\n<meta property=\"og:title\" content=\"Exporta\u00e7\u00f5es brasileiras registram alta devido as vendas aos EUA\" \/>\n<meta property=\"og:description\" content=\"As exporta\u00e7\u00f5es brasileiras registraram no m\u00eas de maio uma alta de US$ 6,3 bilh\u00f5es. Esse valor \u00e9 correspondente 10%. Clique aqui e saiba mais\" \/>\n<meta property=\"og:url\" content=\"https:\/\/www.suno.com.br\/noticias\/exportacoes-brasileiras-alta-eua\/\" \/>\n<meta property=\"og:site_name\" content=\"Suno Not\u00edcias\" \/>\n<meta property=\"article:publisher\" content=\"https:\/\/facebook.com\/sunoresearch\" \/>\n<meta property=\"og:image\" content=\"https:\/\/files.sunoresearch.com.br\/n\/uploads\/2019\/05\/a379a733-greve-dos-caminhineiros.jpg\" \/>\n\t<meta property=\"og:image:width\" content=\"1920\" \/>\n\t<meta property=\"og:image:height\" content=\"1280\" \/>\n\t<meta property=\"og:image:type\" content=\"image\/jpeg\" \/>\n<meta name=\"author\" content=\"Poliana Santos\" \/>\n<meta name=\"twitter:card\" content=\"summary_large_image\" \/>\n<meta name=\"twitter:creator\" content=\"@sunoresearch\" \/>\n<meta name=\"twitter:site\" content=\"@sunoresearch\" \/>\n<meta name=\"twitter:label1\" content=\"Escrito por\" \/>\n\t<meta name=\"twitter:data1\" content=\"Poliana Santos\" \/>\n\t<meta name=\"twitter:label2\" content=\"Est. tempo de leitura\" \/>\n\t<meta name=\"twitter:data2\" content=\"2 minutos\" \/>\n<script type=\"application\/ld+json\" class=\"yoast-schema-graph\">{\"@context\":\"https:\/\/schema.org\",\"@graph\":[{\"@type\":\"NewsArticle\",\"@id\":\"https:\/\/www.suno.com.br\/noticias\/exportacoes-brasileiras-alta-eua\/#article\",\"isPartOf\":{\"@id\":\"https:\/\/www.suno.com.br\/noticias\/exportacoes-brasileiras-alta-eua\/\"},\"author\":{\"name\":\"Poliana Santos\",\"@id\":\"https:\/\/www.suno.com.br\/noticias\/#\/schema\/person\/02ec1f752758247878a2bf4abee1aeda\"},\"headline\":\"Exporta\u00e7\u00f5es brasileiras registram alta devido as vendas aos Estados Unidos\",\"datePublished\":\"2019-06-17T15:51:29+00:00\",\"dateModified\":\"2019-06-17T15:53:33+00:00\",\"mainEntityOfPage\":{\"@id\":\"https:\/\/www.suno.com.br\/noticias\/exportacoes-brasileiras-alta-eua\/\"},\"wordCount\":382,\"publisher\":{\"@id\":\"https:\/\/www.suno.com.br\/noticias\/#organization\"},\"image\":{\"@id\":\"https:\/\/www.suno.com.br\/noticias\/exportacoes-brasileiras-alta-eua\/#primaryimage\"},\"thumbnailUrl\":\"https:\/\/files.sunoresearch.com.br\/n\/uploads\/2019\/05\/a379a733-greve-dos-caminhineiros-jpg.webp\",\"articleSection\":[\"Mercado\"],\"inLanguage\":\"pt-BR\"},{\"@type\":\"WebPage\",\"@id\":\"https:\/\/www.suno.com.br\/noticias\/exportacoes-brasileiras-alta-eua\/\",\"url\":\"https:\/\/www.suno.com.br\/noticias\/exportacoes-brasileiras-alta-eua\/\",\"name\":\"Exporta\u00e7\u00f5es brasileiras registram alta devido as vendas aos EUA\",\"isPartOf\":{\"@id\":\"https:\/\/www.suno.com.br\/noticias\/#website\"},\"primaryImageOfPage\":{\"@id\":\"https:\/\/www.suno.com.br\/noticias\/exportacoes-brasileiras-alta-eua\/#primaryimage\"},\"image\":{\"@id\":\"https:\/\/www.suno.com.br\/noticias\/exportacoes-brasileiras-alta-eua\/#primaryimage\"},\"thumbnailUrl\":\"https:\/\/files.sunoresearch.com.br\/n\/uploads\/2019\/05\/a379a733-greve-dos-caminhineiros-jpg.webp\",\"datePublished\":\"2019-06-17T15:51:29+00:00\",\"dateModified\":\"2019-06-17T15:53:33+00:00\",\"description\":\"As exporta\u00e7\u00f5es brasileiras registraram no m\u00eas de maio uma alta de US$ 6,3 bilh\u00f5es. Esse valor \u00e9 correspondente 10%. Clique aqui e saiba mais\",\"breadcrumb\":{\"@id\":\"https:\/\/www.suno.com.br\/noticias\/exportacoes-brasileiras-alta-eua\/#breadcrumb\"},\"inLanguage\":\"pt-BR\",\"potentialAction\":[{\"@type\":\"ReadAction\",\"target\":[\"https:\/\/www.suno.com.br\/noticias\/exportacoes-brasileiras-alta-eua\/\"]}]},{\"@type\":\"ImageObject\",\"inLanguage\":\"pt-BR\",\"@id\":\"https:\/\/www.suno.com.br\/noticias\/exportacoes-brasileiras-alta-eua\/#primaryimage\",\"url\":\"https:\/\/files.sunoresearch.com.br\/n\/uploads\/2019\/05\/a379a733-greve-dos-caminhineiros-jpg.webp\",\"contentUrl\":\"https:\/\/files.sunoresearch.com.br\/n\/uploads\/2019\/05\/a379a733-greve-dos-caminhineiros-jpg.webp\",\"width\":1920,\"height\":1280,\"caption\":\"Parque de containers para exporta\u00e7\u00f5es que batem recorde em mar\u00e7o\"},{\"@type\":\"BreadcrumbList\",\"@id\":\"https:\/\/www.suno.com.br\/noticias\/exportacoes-brasileiras-alta-eua\/#breadcrumb\",\"itemListElement\":[{\"@type\":\"ListItem\",\"position\":1,\"name\":\"Not\u00edcias\",\"item\":\"https:\/\/www.suno.com.br\/noticias\/\"},{\"@type\":\"ListItem\",\"position\":2,\"name\":\"Mercado\",\"item\":\"https:\/\/www.suno.com.br\/noticias\/mercado\/\"},{\"@type\":\"ListItem\",\"position\":3,\"name\":\"Exporta\u00e7\u00f5es brasileiras registram alta devido as vendas aos Estados Unidos\"}]},{\"@type\":\"WebSite\",\"@id\":\"https:\/\/www.suno.com.br\/noticias\/#website\",\"url\":\"https:\/\/www.suno.com.br\/noticias\/\",\"name\":\"Suno Not\u00edcias\",\"description\":\"Seu portal de informa\u00e7\u00e3o sobre o mundo dos investimentos\",\"publisher\":{\"@id\":\"https:\/\/www.suno.com.br\/noticias\/#organization\"},\"potentialAction\":[{\"@type\":\"SearchAction\",\"target\":{\"@type\":\"EntryPoint\",\"urlTemplate\":\"https:\/\/www.suno.com.br\/noticias\/?s={search_term_string}\"},\"query-input\":{\"@type\":\"PropertyValueSpecification\",\"valueRequired\":true,\"valueName\":\"search_term_string\"}}],\"inLanguage\":\"pt-BR\"},{\"@type\":\"Organization\",\"@id\":\"https:\/\/www.suno.com.br\/noticias\/#organization\",\"name\":\"Suno Not\u00edcias\",\"url\":\"https:\/\/www.suno.com.br\/noticias\/\",\"logo\":{\"@type\":\"ImageObject\",\"inLanguage\":\"pt-BR\",\"@id\":\"https:\/\/www.suno.com.br\/noticias\/#\/schema\/logo\/image\/\",\"url\":\"https:\/\/files.sunoresearch.com.br\/n\/uploads\/2021\/09\/suno-logo.png\",\"contentUrl\":\"https:\/\/files.sunoresearch.com.br\/n\/uploads\/2021\/09\/suno-logo.png\",\"width\":180,\"height\":180,\"caption\":\"Suno Not\u00edcias\"},\"image\":{\"@id\":\"https:\/\/www.suno.com.br\/noticias\/#\/schema\/logo\/image\/\"},\"sameAs\":[\"https:\/\/facebook.com\/sunoresearch\",\"https:\/\/x.com\/sunoresearch\",\"https:\/\/www.instagram.com\/suno\",\"https:\/\/www.linkedin.com\/company\/suno-research\/\",\"https:\/\/www.youtube.com\/c\/sunoresearch\"]},{\"@type\":\"Person\",\"@id\":\"https:\/\/www.suno.com.br\/noticias\/#\/schema\/person\/02ec1f752758247878a2bf4abee1aeda\",\"name\":\"Poliana Santos\",\"image\":{\"@type\":\"ImageObject\",\"inLanguage\":\"pt-BR\",\"@id\":\"https:\/\/www.suno.com.br\/noticias\/#\/schema\/person\/image\/\",\"url\":\"https:\/\/secure.gravatar.com\/avatar\/0645bd32f23d87b2130f2b2dff1d3f8d?s=96&r=g\",\"contentUrl\":\"https:\/\/secure.gravatar.com\/avatar\/0645bd32f23d87b2130f2b2dff1d3f8d?s=96&r=g\",\"caption\":\"Poliana Santos\"},\"description\":\"Rep\u00f3rter no Suno Not\u00edcias, com cobertura em mercado financeiro, economia, finan\u00e7as pessoais, renda fixa e varejo. Jornalista formada pela Faculdade C\u00e1sper L\u00edbero e possui passagem na R\u00e1dio Gazeta AM com a produ\u00e7\u00e3o de conte\u00fado sobre economia, pol\u00edtica, sa\u00fade, moda e m\u00fasica. Possui certificado de conclus\u00e3o do curso de An\u00e1lise de Balan\u00e7os pela Funda\u00e7\u00e3o Bradesco, Agenda Brasil pela FAAP, Educa\u00e7\u00e3o Pol\u00edtica por Alexandre Garcia e do Tesouro Direto e Mercado de A\u00e7\u00f5es pela B3.\",\"url\":\"https:\/\/www.suno.com.br\/noticias\/author\/poliana-santos\/\"}]}<\/script>\n<!-- \/ Yoast SEO plugin. -->","yoast_head_json":{"title":"Exporta\u00e7\u00f5es brasileiras registram alta devido as vendas aos EUA","description":"As exporta\u00e7\u00f5es brasileiras registraram no m\u00eas de maio uma alta de US$ 6,3 bilh\u00f5es. Esse valor \u00e9 correspondente 10%. Clique aqui e saiba mais","robots":{"index":"index","follow":"follow","max-snippet":"max-snippet:-1","max-image-preview":"max-image-preview:large","max-video-preview":"max-video-preview:-1"},"canonical":"https:\/\/www.suno.com.br\/noticias\/exportacoes-brasileiras-alta-eua\/","og_locale":"pt_BR","og_type":"article","og_title":"Exporta\u00e7\u00f5es brasileiras registram alta devido as vendas aos EUA","og_description":"As exporta\u00e7\u00f5es brasileiras registraram no m\u00eas de maio uma alta de US$ 6,3 bilh\u00f5es. Esse valor \u00e9 correspondente 10%. Clique aqui e saiba mais","og_url":"https:\/\/www.suno.com.br\/noticias\/exportacoes-brasileiras-alta-eua\/","og_site_name":"Suno Not\u00edcias","article_publisher":"https:\/\/facebook.com\/sunoresearch","og_image":[{"width":1920,"height":1280,"url":"https:\/\/files.sunoresearch.com.br\/n\/uploads\/2019\/05\/a379a733-greve-dos-caminhineiros.jpg","type":"image\/jpeg"}],"author":"Poliana Santos","twitter_card":"summary_large_image","twitter_creator":"@sunoresearch","twitter_site":"@sunoresearch","twitter_misc":{"Escrito por":"Poliana Santos","Est. tempo de leitura":"2 minutos"},"schema":{"@context":"https:\/\/schema.org","@graph":[{"@type":"NewsArticle","@id":"https:\/\/www.suno.com.br\/noticias\/exportacoes-brasileiras-alta-eua\/#article","isPartOf":{"@id":"https:\/\/www.suno.com.br\/noticias\/exportacoes-brasileiras-alta-eua\/"},"author":{"name":"Poliana Santos","@id":"https:\/\/www.suno.com.br\/noticias\/#\/schema\/person\/02ec1f752758247878a2bf4abee1aeda"},"headline":"Exporta\u00e7\u00f5es brasileiras registram alta devido as vendas aos Estados Unidos","datePublished":"2019-06-17T15:51:29+00:00","dateModified":"2019-06-17T15:53:33+00:00","mainEntityOfPage":{"@id":"https:\/\/www.suno.com.br\/noticias\/exportacoes-brasileiras-alta-eua\/"},"wordCount":382,"publisher":{"@id":"https:\/\/www.suno.com.br\/noticias\/#organization"},"image":{"@id":"https:\/\/www.suno.com.br\/noticias\/exportacoes-brasileiras-alta-eua\/#primaryimage"},"thumbnailUrl":"https:\/\/files.sunoresearch.com.br\/n\/uploads\/2019\/05\/a379a733-greve-dos-caminhineiros-jpg.webp","articleSection":["Mercado"],"inLanguage":"pt-BR"},{"@type":"WebPage","@id":"https:\/\/www.suno.com.br\/noticias\/exportacoes-brasileiras-alta-eua\/","url":"https:\/\/www.suno.com.br\/noticias\/exportacoes-brasileiras-alta-eua\/","name":"Exporta\u00e7\u00f5es brasileiras registram alta devido as vendas aos EUA","isPartOf":{"@id":"https:\/\/www.suno.com.br\/noticias\/#website"},"primaryImageOfPage":{"@id":"https:\/\/www.suno.com.br\/noticias\/exportacoes-brasileiras-alta-eua\/#primaryimage"},"image":{"@id":"https:\/\/www.suno.com.br\/noticias\/exportacoes-brasileiras-alta-eua\/#primaryimage"},"thumbnailUrl":"https:\/\/files.sunoresearch.com.br\/n\/uploads\/2019\/05\/a379a733-greve-dos-caminhineiros-jpg.webp","datePublished":"2019-06-17T15:51:29+00:00","dateModified":"2019-06-17T15:53:33+00:00","description":"As exporta\u00e7\u00f5es brasileiras registraram no m\u00eas de maio uma alta de US$ 6,3 bilh\u00f5es. Esse valor \u00e9 correspondente 10%. Clique aqui e saiba mais","breadcrumb":{"@id":"https:\/\/www.suno.com.br\/noticias\/exportacoes-brasileiras-alta-eua\/#breadcrumb"},"inLanguage":"pt-BR","potentialAction":[{"@type":"ReadAction","target":["https:\/\/www.suno.com.br\/noticias\/exportacoes-brasileiras-alta-eua\/"]}]},{"@type":"ImageObject","inLanguage":"pt-BR","@id":"https:\/\/www.suno.com.br\/noticias\/exportacoes-brasileiras-alta-eua\/#primaryimage","url":"https:\/\/files.sunoresearch.com.br\/n\/uploads\/2019\/05\/a379a733-greve-dos-caminhineiros-jpg.webp","contentUrl":"https:\/\/files.sunoresearch.com.br\/n\/uploads\/2019\/05\/a379a733-greve-dos-caminhineiros-jpg.webp","width":1920,"height":1280,"caption":"Parque de containers para exporta\u00e7\u00f5es que batem recorde em mar\u00e7o"},{"@type":"BreadcrumbList","@id":"https:\/\/www.suno.com.br\/noticias\/exportacoes-brasileiras-alta-eua\/#breadcrumb","itemListElement":[{"@type":"ListItem","position":1,"name":"Not\u00edcias","item":"https:\/\/www.suno.com.br\/noticias\/"},{"@type":"ListItem","position":2,"name":"Mercado","item":"https:\/\/www.suno.com.br\/noticias\/mercado\/"},{"@type":"ListItem","position":3,"name":"Exporta\u00e7\u00f5es brasileiras registram alta devido as vendas aos Estados Unidos"}]},{"@type":"WebSite","@id":"https:\/\/www.suno.com.br\/noticias\/#website","url":"https:\/\/www.suno.com.br\/noticias\/","name":"Suno Not\u00edcias","description":"Seu portal de informa\u00e7\u00e3o sobre o mundo dos investimentos","publisher":{"@id":"https:\/\/www.suno.com.br\/noticias\/#organization"},"potentialAction":[{"@type":"SearchAction","target":{"@type":"EntryPoint","urlTemplate":"https:\/\/www.suno.com.br\/noticias\/?s={search_term_string}"},"query-input":{"@type":"PropertyValueSpecification","valueRequired":true,"valueName":"search_term_string"}}],"inLanguage":"pt-BR"},{"@type":"Organization","@id":"https:\/\/www.suno.com.br\/noticias\/#organization","name":"Suno Not\u00edcias","url":"https:\/\/www.suno.com.br\/noticias\/","logo":{"@type":"ImageObject","inLanguage":"pt-BR","@id":"https:\/\/www.suno.com.br\/noticias\/#\/schema\/logo\/image\/","url":"https:\/\/files.sunoresearch.com.br\/n\/uploads\/2021\/09\/suno-logo.png","contentUrl":"https:\/\/files.sunoresearch.com.br\/n\/uploads\/2021\/09\/suno-logo.png","width":180,"height":180,"caption":"Suno Not\u00edcias"},"image":{"@id":"https:\/\/www.suno.com.br\/noticias\/#\/schema\/logo\/image\/"},"sameAs":["https:\/\/facebook.com\/sunoresearch","https:\/\/x.com\/sunoresearch","https:\/\/www.instagram.com\/suno","https:\/\/www.linkedin.com\/company\/suno-research\/","https:\/\/www.youtube.com\/c\/sunoresearch"]},{"@type":"Person","@id":"https:\/\/www.suno.com.br\/noticias\/#\/schema\/person\/02ec1f752758247878a2bf4abee1aeda","name":"Poliana Santos","image":{"@type":"ImageObject","inLanguage":"pt-BR","@id":"https:\/\/www.suno.com.br\/noticias\/#\/schema\/person\/image\/","url":"https:\/\/secure.gravatar.com\/avatar\/0645bd32f23d87b2130f2b2dff1d3f8d?s=96&r=g","contentUrl":"https:\/\/secure.gravatar.com\/avatar\/0645bd32f23d87b2130f2b2dff1d3f8d?s=96&r=g","caption":"Poliana Santos"},"description":"Rep\u00f3rter no Suno Not\u00edcias, com cobertura em mercado financeiro, economia, finan\u00e7as pessoais, renda fixa e varejo. Jornalista formada pela Faculdade C\u00e1sper L\u00edbero e possui passagem na R\u00e1dio Gazeta AM com a produ\u00e7\u00e3o de conte\u00fado sobre economia, pol\u00edtica, sa\u00fade, moda e m\u00fasica. Possui certificado de conclus\u00e3o do curso de An\u00e1lise de Balan\u00e7os pela Funda\u00e7\u00e3o Bradesco, Agenda Brasil pela FAAP, Educa\u00e7\u00e3o Pol\u00edtica por Alexandre Garcia e do Tesouro Direto e Mercado de A\u00e7\u00f5es pela B3.","url":"https:\/\/www.suno.com.br\/noticias\/author\/poliana-santos\/"}]}},"default_loop_html":"<div class=\"cardsPage__listCard__boxs\"><div class=\"cardsPage__listCard__boxs__img\"><a href=\"https:\/\/www.suno.com.br\/noticias\/exportacoes-brasileiras-alta-eua\/\"><img class=\"mask\" src=\"https:\/\/www.suno.com.br\/noticias\/wp-content\/themes\/suno\/resources\/images\/spotlight\/spotlight1img\/bg-mask.png\" alt=\"Image Mask\"\/><img src=\"https:\/\/files.sunoresearch.com.br\/n\/uploads\/2019\/05\/a379a733-greve-dos-caminhineiros-400x200.webp\" alt=\"Exporta\u00e7\u00f5es brasileiras registram alta devido as vendas aos Estados Unidos\"\/><\/a><span class=\"spotlightCategory\"><a href=\"https:\/\/www.suno.com.br\/noticias\/mercado\/\">Mercado<\/a><\/span><\/div><div class=\"cardsPage__listCard__boxs__content\"><a href=\"https:\/\/www.suno.com.br\/noticias\/exportacoes-brasileiras-alta-eua\/\"><h2 class=\"content__title\">Exporta\u00e7\u00f5es brasileiras registram alta devido as vendas aos Estados Unidos<\/h2><\/a><div class=\"newsContent__article__meta\"><div class=\"newsContent__article__meta__authorBox\"><a href=\"https:\/\/www.suno.com.br\/noticias\/author\/poliana-santos\/\" class=\"authorBox__avatar noMobi\"><img src=\"https:\/\/files.sunoresearch.com.br\/n\/uploads\/2020\/08\/7ef34026-whatsapp-image-2020-08-03-at-12.37.57-150x150.webp\" alt=\"Poliana Santos\"><\/a><div class=\"authorBox__name\"><span>por\n\t\t\t<a href=\"https:\/\/www.suno.com.br\/noticias\/author\/poliana-santos\/\"><span itemprop=\"author\">Poliana Santos<\/span><\/a><\/span><time datetime=\"2019-06-17T12:51:29-03:00\" itemprop=\"datePublished\">17\/06\/2019 12:51<\/time><\/div><\/div><\/div><\/div><\/div>","single_layout":"posts","amp_enabled":true,"_links":{"self":[{"href":"https:\/\/www.suno.com.br\/noticias\/wp-json\/wp\/v2\/posts\/28363"}],"collection":[{"href":"https:\/\/www.suno.com.br\/noticias\/wp-json\/wp\/v2\/posts"}],"about":[{"href":"https:\/\/www.suno.com.br\/noticias\/wp-json\/wp\/v2\/types\/post"}],"author":[{"embeddable":true,"href":"https:\/\/www.suno.com.br\/noticias\/wp-json\/wp\/v2\/users\/15"}],"replies":[{"embeddable":true,"href":"https:\/\/www.suno.com.br\/noticias\/wp-json\/wp\/v2\/comments?post=28363"}],"version-history":[{"count":0,"href":"https:\/\/www.suno.com.br\/noticias\/wp-json\/wp\/v2\/posts\/28363\/revisions"}],"wp:featuredmedia":[{"embeddable":true,"href":"https:\/\/www.suno.com.br\/noticias\/wp-json\/wp\/v2\/media\/23316"}],"wp:attachment":[{"href":"https:\/\/www.suno.com.br\/noticias\/wp-json\/wp\/v2\/media?parent=28363"}],"wp:term":[{"taxonomy":"category","embeddable":true,"href":"https:\/\/www.suno.com.br\/noticias\/wp-json\/wp\/v2\/categories?post=28363"},{"taxonomy":"post_tag","embeddable":true,"href":"https:\/\/www.suno.com.br\/noticias\/wp-json\/wp\/v2\/tags?post=28363"},{"taxonomy":"suno_strategy","embeddable":true,"href":"https:\/\/www.suno.com.br\/noticias\/wp-json\/wp\/v2\/suno_strategy?post=28363"}],"curies":[{"name":"wp","href":"https:\/\/api.w.org\/{rel}","templated":true}]}}