{"id":28347,"date":"2019-06-17T11:20:14","date_gmt":"2019-06-17T14:20:14","guid":{"rendered":"https:\/\/www.suno.com.br\/noticias\/?p=28347"},"modified":"2019-06-17T11:20:14","modified_gmt":"2019-06-17T14:20:14","slug":"justica-determina-futuro-avianca","status":"publish","type":"post","link":"https:\/\/www.suno.com.br\/noticias\/justica-determina-futuro-avianca\/","title":{"rendered":"Justi\u00e7a determina nesta segunda o futuro da Avianca"},"content":{"rendered":"<p>A <strong>Justi\u00e7a<\/strong> de <strong>S\u00e3o Paulo<\/strong> decidir\u00e1 nesta segunda-feira (17) o futuro da Avianca Brasil. Os desembargadores do <strong>Tribunal de Justi\u00e7a<\/strong> decidir\u00e3o sobre a a\u00e7\u00e3o que levou \u00e0 suspens\u00e3o do leil\u00e3o de ativos da companhia a\u00e9rea no dia 7 de maio.<\/p>\t<div class=\"wrapper-featured-image\">\n\t\t<figure class=\"spotlightImg\">\n\n\t\t\t<picture>\n\t\t\t\t<source media=\"(max-width: 768px)\" srcset=\"https:\/\/files.sunoresearch.com.br\/n\/uploads\/2019\/02\/f47efe9f-avianca-400x200.webp\">\n\t\t\t\t<img loading=\"lazy\" decoding=\"async\" class=\"newsContent__article__imgCapa lazyloadDisabled newsContent__article__imgCapa--noCaption\" src=\"https:\/\/files.sunoresearch.com.br\/n\/uploads\/2019\/02\/f47efe9f-avianca-800x450.webp\" width=\"800\" height=\"450\" alt=\"Justi\u00e7a determina nesta segunda o futuro da Avianca\" fetchpriority=high \/>\n\t\t\t<\/picture>\n\n\t\t\t<figcaption class=\"wp-caption-text wp-caption-text--hide\">Justi\u00e7a determina nesta segunda o futuro da Avianca<\/figcaption>\n\t\t<\/figure>\n\t<\/div>\n\n\n<p>A liminar que suspendeu o leil\u00e3o da companhia a\u00e9rea foi despachada pelo desembargador Ricardo Negr\u00e3o. A a\u00e7\u00e3o foi iniciada pela <strong>Swissport,<\/strong> credora da <strong>Avianca,<\/strong> que questiona o certame previsto no plano de <strong>recupera\u00e7\u00e3o judicial.<\/strong><\/p>\n<p><a href=\"https:\/\/www.suno.com.br\/noticias\/avianca-julgamento-adiado-proxima-semana\/\">Saiba mais: Avianca: Julgamento de leil\u00e3o de slots \u00e9 adiado para a pr\u00f3xima semana\u00a0<\/a><\/p>\n<p>O plano de <strong>recupera\u00e7\u00e3o judicial<\/strong> foi aprovado pelos credores da companhia a\u00e9rea no in\u00edcio de abril. Nesta segunda\u00a0os desembargadores poderiam tomar tr\u00eas decis\u00f5es diferentes:<\/p>\n<ul>\n<li>liberar o leil\u00e3o de ativos<\/li>\n<li>manter a suspens\u00e3o e pedir que os credores definam com a <strong>Avianca<\/strong> um novo formato de pagamento das d\u00edvidas<\/li>\n<li>decretar a fal\u00eancia da companhia<\/li>\n<\/ul>\n\t<p>\n\t\t<a href=\"https:\/\/lp.suno.com.br\/cl\/webinario-suno-black-2024\/\" target=\"_blank\" data-element=\"shortcode-suno-banner\" title=\"Banner SUNO, clique e saiba mais\">\n\t\t\t<picture>\n\t\t\t\t<source media=\"(max-width: 500px)\" srcset=\"https:\/\/files.sunoresearch.com.br\/n\/uploads\/2024\/04\/400x300-Banner-Home-1.png\">\n\t\t\t\t<img class=\"newsContent__article__imgCapa newsContent__article__imgCapa--banner\"\n\t\t\t\t\tsrc=\"https:\/\/files.sunoresearch.com.br\/n\/uploads\/2024\/04\/400x300-Banner-Home-1.png\"\n\t\t\t\t\tdata-promo-id=\"102411\"\t\t\t\t\t\t\t\t\t\twidth='401' height='300'\t\t\t\t\talt=\"https:\/\/files.sunoresearch.com.br\/n\/uploads\/2024\/04\/400x300-Banner-Home-1.png\"\n\t\t\t\t>\n\t\t\t<\/picture>\n\t\t<\/a>\n\t<\/p>\n\n\n<p>Um dos desfechos mais prov\u00e1veis \u00e9 que a <strong>Justi\u00e7a<\/strong> decrete a fal\u00eancia da <strong>Avianca.<\/strong> O total das d\u00edvidas da companhia a\u00e9rea no \u00e2mbito da recupera\u00e7\u00e3o judicial chegam a R$ 2,7 bilh\u00f5es. Entretanto, h\u00e1 outros d\u00e9bitos n\u00e3o<br \/>\ncontemplados pelo plano. Entre eles os cr\u00e9ditos com os arrendadores de avi\u00f5es, que somam aproximadamente R$ 500 milh\u00f5es. Al\u00e9m disso, h\u00e1 R$ 100 milh\u00f5es de d\u00edvidas com as concession\u00e1rias de aeroportos.<\/p>\n<p><a href=\"https:\/\/www.suno.com.br\/noticias\/passaredo-entra-na-briga-por-slots-de-congonhas-da-avianca\/\">Saiba mais: Passaredo entra na briga por slots de Congonhas da Avianca\u00a0<\/a><\/p>\n<p>As concession\u00e1rias de aeroportos que t\u00eam cr\u00e9ditos com a <strong>Avianca Brasil<\/strong> acusam a a\u00e9rea de\u00a0ter deixado de repassar as taxas de embarque. A lei prev\u00ea que as companhias a\u00e9reas recolham essas taxas e em at\u00e9 15 dias as repassem para\u00a0os aeroportos. Esse valores n\u00e3o podem ser retidos pelas empresas em seu caixa.<\/p>\n<p><a href=\"https:\/\/www.suno.com.br\/noticias\/avianca-julgamento-adiado-proxima-semana\/\">Saiba mais: Avianca: Julgamento de leil\u00e3o de slots \u00e9 adiado para a pr\u00f3xima semana\u00a0<\/a><\/p>\n<p>Por isso, h\u00e1 at\u00e9 um pedido de instaura\u00e7\u00e3o de inqu\u00e9rito policial contra a <strong>Avianca<\/strong> por apropria\u00e7\u00e3o ind\u00e9bita de recursos. A a\u00e7\u00e3o foi iniciada pela francesa Vinci Airports,\u00a0concession\u00e1ria do <strong>aeroporto<\/strong> internacional Lu\u00eds Eduardo Magalh\u00e3es, em <strong>Salvador.<\/strong><\/p>\n<h2>Entenda a crise da Avianca<\/h2>\n<p>A <strong>Avianca<\/strong> \u00e9 a quarta maior <strong>companhia a\u00e9rea<\/strong> do Brasil e est\u00e1 em <a href=\"https:\/\/www.suno.com.br\/artigos\/recuperacao-judicial\/\">recupera\u00e7\u00e3o judicial<\/a> desde dezembro 2018. O <a href=\"https:\/\/www.suno.com.br\/noticias\/avianca-pedido-recuperacao-judicial\/\">pedido foi registrado na 1\u00aa Vara Empresarial de S\u00e3o Paulo<\/a> em 10 de dezembro, ap\u00f3s crescentes <strong>preju\u00edzos<\/strong> e atrasos em pagamentos de arrendamento de aeronaves.<\/p>\n<p>A <b>companhia a\u00e9rea\u00a0<\/b>controlava 13% do mercado nacional e tinha registrado um crescimento forte nos \u00faltimos anos.<\/p>\n\t<p>\n\t\t<a href=\"https:\/\/lp.suno.com.br\/lm\/simulador-de-renda-passiva\/\" target=\"_blank\" data-element=\"shortcode-suno-banner\" title=\"Banner SUNO, clique e saiba mais\">\n\t\t\t<picture>\n\t\t\t\t<source media=\"(max-width: 500px)\" srcset=\"https:\/\/files.sunoresearch.com.br\/n\/uploads\/2024\/04\/Lead-Magnet-400x300-1.png\">\n\t\t\t\t<img class=\"newsContent__article__imgCapa newsContent__article__imgCapa--banner\"\n\t\t\t\t\tsrc=\"https:\/\/files.sunoresearch.com.br\/n\/uploads\/2024\/04\/Lead-Magnet-1420x240-1.png\"\n\t\t\t\t\tdata-promo-id=\"543552\"\t\t\t\t\t\t\t\t\t\twidth='1420' height='240'\t\t\t\t\talt=\"https:\/\/files.sunoresearch.com.br\/n\/uploads\/2024\/04\/Lead-Magnet-1420x240-1.png\"\n\t\t\t\t>\n\t\t\t<\/picture>\n\t\t<\/a>\n\t<\/p>\n\n\n<p>Os cancelamentos nos voos s\u00e3o um reflexo da entrega dos <strong>avi\u00f5es<\/strong> \u00e0s empresas de <strong>leasing<\/strong>. A frota da companhia a\u00e9rea j\u00e1 chegou a 40 aeronaves em 2018. Hoje opera com menos de 5 avi\u00f5es.<\/p>\n<p>Por causa da falta de pagamento, os credores apresentaram recursos para a <strong>Anac.<\/strong> A ag\u00eancia recebeu pedidos por retirar as aeronaves operadas pela empresa do <strong>Registro Aeron\u00e1utico Brasileiro (RAB)<\/strong>.<\/p>\n<p><a href=\"https:\/\/www.suno.com.br\/noticias\/avianca-operacao-quatro-aeroportos\/\">Saiba mais:\u00a0Avianca passar\u00e1 a operar em apenas quatro aeroportos<\/a><\/p>\n<p>Al\u00e9m da perda de <strong>aeronaves<\/strong> por conta da <strong>inadimpl\u00eancia<\/strong>, a <strong>Avianca<\/strong> tamb\u00e9m deixou de pagar seus funcion\u00e1rios. Antes da crise, a empresa possu\u00eda 5,3 mil funcion\u00e1rios, deles 617 eram pilotos e 1,1 mil comiss\u00e1rios.<\/p>\n","protected":false},"excerpt":{"rendered":"<p>A Justi\u00e7a de S\u00e3o Paulo decidir\u00e1 nesta segunda-feira (17) o futuro da Avianca Brasil. Os desembargadores do Tribunal de Justi\u00e7a decidir\u00e3o sobre a a\u00e7\u00e3o que levou \u00e0 suspens\u00e3o do leil\u00e3o de ativos da companhia a\u00e9rea no dia 7 de maio. Justi\u00e7a determina nesta segunda o futuro da Avianca A liminar que suspendeu o leil\u00e3o da [&hellip;]<\/p>\n","protected":false},"author":9,"featured_media":14903,"comment_status":"closed","ping_status":"closed","sticky":false,"template":"","format":"standard","meta":[],"categories":[64],"tags":[840],"suno_strategy":[],"class_list":["post-28347","post","type-post","status-publish","format-standard","has-post-thumbnail","hentry","category-negocios","tag-avianca"],"yoast_head":"<!-- This site is optimized with the Yoast SEO plugin v24.4 - https:\/\/yoast.com\/wordpress\/plugins\/seo\/ -->\n<title>Justi\u00e7a determina nesta segunda o futuro da Avianca<\/title>\n<meta name=\"description\" content=\"A Justi\u00e7a de S\u00e3o Paulo decidir\u00e1 nesta segunda-feira (17) o futuro da Avianca Brasil. Clique aqui para saber mais.\" \/>\n<meta name=\"robots\" content=\"index, follow, max-snippet:-1, max-image-preview:large, max-video-preview:-1\" \/>\n<link rel=\"canonical\" href=\"https:\/\/www.suno.com.br\/noticias\/justica-determina-futuro-avianca\/\" \/>\n<meta property=\"og:locale\" content=\"pt_BR\" \/>\n<meta property=\"og:type\" content=\"article\" \/>\n<meta property=\"og:title\" content=\"Justi\u00e7a determina nesta segunda o futuro da Avianca\" \/>\n<meta property=\"og:description\" content=\"A Justi\u00e7a de S\u00e3o Paulo decidir\u00e1 nesta segunda-feira (17) o futuro da Avianca Brasil. Clique aqui para saber mais.\" \/>\n<meta property=\"og:url\" content=\"https:\/\/www.suno.com.br\/noticias\/justica-determina-futuro-avianca\/\" \/>\n<meta property=\"og:site_name\" content=\"Suno Not\u00edcias\" \/>\n<meta property=\"article:publisher\" content=\"https:\/\/facebook.com\/sunoresearch\" \/>\n<meta property=\"og:image\" content=\"https:\/\/files.sunoresearch.com.br\/n\/uploads\/2019\/02\/f47efe9f-avianca-1024x682.jpg\" \/>\n\t<meta property=\"og:image:width\" content=\"1024\" \/>\n\t<meta property=\"og:image:height\" content=\"682\" \/>\n\t<meta property=\"og:image:type\" content=\"image\/jpeg\" \/>\n<meta name=\"author\" content=\"Carlo Cauti\" \/>\n<meta name=\"twitter:card\" content=\"summary_large_image\" \/>\n<meta name=\"twitter:creator\" content=\"@sunoresearch\" \/>\n<meta name=\"twitter:site\" content=\"@sunoresearch\" \/>\n<meta name=\"twitter:label1\" content=\"Escrito por\" \/>\n\t<meta name=\"twitter:data1\" content=\"Carlo Cauti\" \/>\n\t<meta name=\"twitter:label2\" content=\"Est. tempo de leitura\" \/>\n\t<meta name=\"twitter:data2\" content=\"3 minutos\" \/>\n<script type=\"application\/ld+json\" class=\"yoast-schema-graph\">{\"@context\":\"https:\/\/schema.org\",\"@graph\":[{\"@type\":\"NewsArticle\",\"@id\":\"https:\/\/www.suno.com.br\/noticias\/justica-determina-futuro-avianca\/#article\",\"isPartOf\":{\"@id\":\"https:\/\/www.suno.com.br\/noticias\/justica-determina-futuro-avianca\/\"},\"author\":{\"name\":\"Carlo Cauti\",\"@id\":\"https:\/\/www.suno.com.br\/noticias\/#\/schema\/person\/e6e0f723cc177805027f4566c1d5e0c8\"},\"headline\":\"Justi\u00e7a determina nesta segunda o futuro da Avianca\",\"datePublished\":\"2019-06-17T14:20:14+00:00\",\"mainEntityOfPage\":{\"@id\":\"https:\/\/www.suno.com.br\/noticias\/justica-determina-futuro-avianca\/\"},\"wordCount\":567,\"publisher\":{\"@id\":\"https:\/\/www.suno.com.br\/noticias\/#organization\"},\"image\":{\"@id\":\"https:\/\/www.suno.com.br\/noticias\/justica-determina-futuro-avianca\/#primaryimage\"},\"thumbnailUrl\":\"https:\/\/files.sunoresearch.com.br\/n\/uploads\/2019\/02\/f47efe9f-avianca-scaled.webp\",\"keywords\":[\"Avianca\"],\"articleSection\":[\"Neg\u00f3cios\"],\"inLanguage\":\"pt-BR\"},{\"@type\":\"WebPage\",\"@id\":\"https:\/\/www.suno.com.br\/noticias\/justica-determina-futuro-avianca\/\",\"url\":\"https:\/\/www.suno.com.br\/noticias\/justica-determina-futuro-avianca\/\",\"name\":\"Justi\u00e7a determina nesta segunda o futuro da Avianca\",\"isPartOf\":{\"@id\":\"https:\/\/www.suno.com.br\/noticias\/#website\"},\"primaryImageOfPage\":{\"@id\":\"https:\/\/www.suno.com.br\/noticias\/justica-determina-futuro-avianca\/#primaryimage\"},\"image\":{\"@id\":\"https:\/\/www.suno.com.br\/noticias\/justica-determina-futuro-avianca\/#primaryimage\"},\"thumbnailUrl\":\"https:\/\/files.sunoresearch.com.br\/n\/uploads\/2019\/02\/f47efe9f-avianca-scaled.webp\",\"datePublished\":\"2019-06-17T14:20:14+00:00\",\"description\":\"A Justi\u00e7a de S\u00e3o Paulo decidir\u00e1 nesta segunda-feira (17) o futuro da Avianca Brasil. Clique aqui para saber mais.\",\"breadcrumb\":{\"@id\":\"https:\/\/www.suno.com.br\/noticias\/justica-determina-futuro-avianca\/#breadcrumb\"},\"inLanguage\":\"pt-BR\",\"potentialAction\":[{\"@type\":\"ReadAction\",\"target\":[\"https:\/\/www.suno.com.br\/noticias\/justica-determina-futuro-avianca\/\"]}]},{\"@type\":\"ImageObject\",\"inLanguage\":\"pt-BR\",\"@id\":\"https:\/\/www.suno.com.br\/noticias\/justica-determina-futuro-avianca\/#primaryimage\",\"url\":\"https:\/\/files.sunoresearch.com.br\/n\/uploads\/2019\/02\/f47efe9f-avianca-scaled.webp\",\"contentUrl\":\"https:\/\/files.sunoresearch.com.br\/n\/uploads\/2019\/02\/f47efe9f-avianca-scaled.webp\",\"width\":2560,\"height\":1705,\"caption\":\"Justi\u00e7a determina nesta segunda o futuro da Avianca\"},{\"@type\":\"BreadcrumbList\",\"@id\":\"https:\/\/www.suno.com.br\/noticias\/justica-determina-futuro-avianca\/#breadcrumb\",\"itemListElement\":[{\"@type\":\"ListItem\",\"position\":1,\"name\":\"Not\u00edcias\",\"item\":\"https:\/\/www.suno.com.br\/noticias\/\"},{\"@type\":\"ListItem\",\"position\":2,\"name\":\"Neg\u00f3cios\",\"item\":\"https:\/\/www.suno.com.br\/noticias\/negocios\/\"},{\"@type\":\"ListItem\",\"position\":3,\"name\":\"Justi\u00e7a determina nesta segunda o futuro da Avianca\"}]},{\"@type\":\"WebSite\",\"@id\":\"https:\/\/www.suno.com.br\/noticias\/#website\",\"url\":\"https:\/\/www.suno.com.br\/noticias\/\",\"name\":\"Suno Not\u00edcias\",\"description\":\"Seu portal de informa\u00e7\u00e3o sobre o mundo dos investimentos\",\"publisher\":{\"@id\":\"https:\/\/www.suno.com.br\/noticias\/#organization\"},\"potentialAction\":[{\"@type\":\"SearchAction\",\"target\":{\"@type\":\"EntryPoint\",\"urlTemplate\":\"https:\/\/www.suno.com.br\/noticias\/?s={search_term_string}\"},\"query-input\":{\"@type\":\"PropertyValueSpecification\",\"valueRequired\":true,\"valueName\":\"search_term_string\"}}],\"inLanguage\":\"pt-BR\"},{\"@type\":\"Organization\",\"@id\":\"https:\/\/www.suno.com.br\/noticias\/#organization\",\"name\":\"Suno Not\u00edcias\",\"url\":\"https:\/\/www.suno.com.br\/noticias\/\",\"logo\":{\"@type\":\"ImageObject\",\"inLanguage\":\"pt-BR\",\"@id\":\"https:\/\/www.suno.com.br\/noticias\/#\/schema\/logo\/image\/\",\"url\":\"https:\/\/files.sunoresearch.com.br\/n\/uploads\/2021\/09\/suno-logo.png\",\"contentUrl\":\"https:\/\/files.sunoresearch.com.br\/n\/uploads\/2021\/09\/suno-logo.png\",\"width\":180,\"height\":180,\"caption\":\"Suno Not\u00edcias\"},\"image\":{\"@id\":\"https:\/\/www.suno.com.br\/noticias\/#\/schema\/logo\/image\/\"},\"sameAs\":[\"https:\/\/facebook.com\/sunoresearch\",\"https:\/\/x.com\/sunoresearch\",\"https:\/\/www.instagram.com\/suno\",\"https:\/\/www.linkedin.com\/company\/suno-research\/\",\"https:\/\/www.youtube.com\/c\/sunoresearch\"]},{\"@type\":\"Person\",\"@id\":\"https:\/\/www.suno.com.br\/noticias\/#\/schema\/person\/e6e0f723cc177805027f4566c1d5e0c8\",\"name\":\"Carlo Cauti\",\"image\":{\"@type\":\"ImageObject\",\"inLanguage\":\"pt-BR\",\"@id\":\"https:\/\/www.suno.com.br\/noticias\/#\/schema\/person\/image\/\",\"url\":\"https:\/\/secure.gravatar.com\/avatar\/3ada9e0bd164c23abd4792a9606d583c?s=96&r=g\",\"contentUrl\":\"https:\/\/secure.gravatar.com\/avatar\/3ada9e0bd164c23abd4792a9606d583c?s=96&r=g\",\"caption\":\"Carlo Cauti\"},\"description\":\"Editor multim\u00eddia do SUNO Not\u00edcias. Italiano, formado em Ci\u00eancias Pol\u00edticas pela universidade LUISS G. Carli de Roma e mestre cum laude em Rela\u00e7\u00f5es Internacionais, Jornalismo Internacional e de Guerra e em Economia Internacional. Concluiu tamb\u00e9m um MBA em Finan\u00e7as na B3. No Brasil, teve passagem por ve\u00edculos como Estad\u00e3o, Globo, Veja e EXAME. e nas ag\u00eancias de not\u00edcias italianas ANSA e NOVA.\",\"url\":\"https:\/\/www.suno.com.br\/noticias\/author\/carlo-cauti\/\"}]}<\/script>\n<!-- \/ Yoast SEO plugin. -->","yoast_head_json":{"title":"Justi\u00e7a determina nesta segunda o futuro da Avianca","description":"A Justi\u00e7a de S\u00e3o Paulo decidir\u00e1 nesta segunda-feira (17) o futuro da Avianca Brasil. Clique aqui para saber mais.","robots":{"index":"index","follow":"follow","max-snippet":"max-snippet:-1","max-image-preview":"max-image-preview:large","max-video-preview":"max-video-preview:-1"},"canonical":"https:\/\/www.suno.com.br\/noticias\/justica-determina-futuro-avianca\/","og_locale":"pt_BR","og_type":"article","og_title":"Justi\u00e7a determina nesta segunda o futuro da Avianca","og_description":"A Justi\u00e7a de S\u00e3o Paulo decidir\u00e1 nesta segunda-feira (17) o futuro da Avianca Brasil. Clique aqui para saber mais.","og_url":"https:\/\/www.suno.com.br\/noticias\/justica-determina-futuro-avianca\/","og_site_name":"Suno Not\u00edcias","article_publisher":"https:\/\/facebook.com\/sunoresearch","og_image":[{"width":1024,"height":682,"url":"https:\/\/files.sunoresearch.com.br\/n\/uploads\/2019\/02\/f47efe9f-avianca-1024x682.jpg","type":"image\/jpeg"}],"author":"Carlo Cauti","twitter_card":"summary_large_image","twitter_creator":"@sunoresearch","twitter_site":"@sunoresearch","twitter_misc":{"Escrito por":"Carlo Cauti","Est. tempo de leitura":"3 minutos"},"schema":{"@context":"https:\/\/schema.org","@graph":[{"@type":"NewsArticle","@id":"https:\/\/www.suno.com.br\/noticias\/justica-determina-futuro-avianca\/#article","isPartOf":{"@id":"https:\/\/www.suno.com.br\/noticias\/justica-determina-futuro-avianca\/"},"author":{"name":"Carlo Cauti","@id":"https:\/\/www.suno.com.br\/noticias\/#\/schema\/person\/e6e0f723cc177805027f4566c1d5e0c8"},"headline":"Justi\u00e7a determina nesta segunda o futuro da Avianca","datePublished":"2019-06-17T14:20:14+00:00","mainEntityOfPage":{"@id":"https:\/\/www.suno.com.br\/noticias\/justica-determina-futuro-avianca\/"},"wordCount":567,"publisher":{"@id":"https:\/\/www.suno.com.br\/noticias\/#organization"},"image":{"@id":"https:\/\/www.suno.com.br\/noticias\/justica-determina-futuro-avianca\/#primaryimage"},"thumbnailUrl":"https:\/\/files.sunoresearch.com.br\/n\/uploads\/2019\/02\/f47efe9f-avianca-scaled.webp","keywords":["Avianca"],"articleSection":["Neg\u00f3cios"],"inLanguage":"pt-BR"},{"@type":"WebPage","@id":"https:\/\/www.suno.com.br\/noticias\/justica-determina-futuro-avianca\/","url":"https:\/\/www.suno.com.br\/noticias\/justica-determina-futuro-avianca\/","name":"Justi\u00e7a determina nesta segunda o futuro da Avianca","isPartOf":{"@id":"https:\/\/www.suno.com.br\/noticias\/#website"},"primaryImageOfPage":{"@id":"https:\/\/www.suno.com.br\/noticias\/justica-determina-futuro-avianca\/#primaryimage"},"image":{"@id":"https:\/\/www.suno.com.br\/noticias\/justica-determina-futuro-avianca\/#primaryimage"},"thumbnailUrl":"https:\/\/files.sunoresearch.com.br\/n\/uploads\/2019\/02\/f47efe9f-avianca-scaled.webp","datePublished":"2019-06-17T14:20:14+00:00","description":"A Justi\u00e7a de S\u00e3o Paulo decidir\u00e1 nesta segunda-feira (17) o futuro da Avianca Brasil. Clique aqui para saber mais.","breadcrumb":{"@id":"https:\/\/www.suno.com.br\/noticias\/justica-determina-futuro-avianca\/#breadcrumb"},"inLanguage":"pt-BR","potentialAction":[{"@type":"ReadAction","target":["https:\/\/www.suno.com.br\/noticias\/justica-determina-futuro-avianca\/"]}]},{"@type":"ImageObject","inLanguage":"pt-BR","@id":"https:\/\/www.suno.com.br\/noticias\/justica-determina-futuro-avianca\/#primaryimage","url":"https:\/\/files.sunoresearch.com.br\/n\/uploads\/2019\/02\/f47efe9f-avianca-scaled.webp","contentUrl":"https:\/\/files.sunoresearch.com.br\/n\/uploads\/2019\/02\/f47efe9f-avianca-scaled.webp","width":2560,"height":1705,"caption":"Justi\u00e7a determina nesta segunda o futuro da Avianca"},{"@type":"BreadcrumbList","@id":"https:\/\/www.suno.com.br\/noticias\/justica-determina-futuro-avianca\/#breadcrumb","itemListElement":[{"@type":"ListItem","position":1,"name":"Not\u00edcias","item":"https:\/\/www.suno.com.br\/noticias\/"},{"@type":"ListItem","position":2,"name":"Neg\u00f3cios","item":"https:\/\/www.suno.com.br\/noticias\/negocios\/"},{"@type":"ListItem","position":3,"name":"Justi\u00e7a determina nesta segunda o futuro da Avianca"}]},{"@type":"WebSite","@id":"https:\/\/www.suno.com.br\/noticias\/#website","url":"https:\/\/www.suno.com.br\/noticias\/","name":"Suno Not\u00edcias","description":"Seu portal de informa\u00e7\u00e3o sobre o mundo dos investimentos","publisher":{"@id":"https:\/\/www.suno.com.br\/noticias\/#organization"},"potentialAction":[{"@type":"SearchAction","target":{"@type":"EntryPoint","urlTemplate":"https:\/\/www.suno.com.br\/noticias\/?s={search_term_string}"},"query-input":{"@type":"PropertyValueSpecification","valueRequired":true,"valueName":"search_term_string"}}],"inLanguage":"pt-BR"},{"@type":"Organization","@id":"https:\/\/www.suno.com.br\/noticias\/#organization","name":"Suno Not\u00edcias","url":"https:\/\/www.suno.com.br\/noticias\/","logo":{"@type":"ImageObject","inLanguage":"pt-BR","@id":"https:\/\/www.suno.com.br\/noticias\/#\/schema\/logo\/image\/","url":"https:\/\/files.sunoresearch.com.br\/n\/uploads\/2021\/09\/suno-logo.png","contentUrl":"https:\/\/files.sunoresearch.com.br\/n\/uploads\/2021\/09\/suno-logo.png","width":180,"height":180,"caption":"Suno Not\u00edcias"},"image":{"@id":"https:\/\/www.suno.com.br\/noticias\/#\/schema\/logo\/image\/"},"sameAs":["https:\/\/facebook.com\/sunoresearch","https:\/\/x.com\/sunoresearch","https:\/\/www.instagram.com\/suno","https:\/\/www.linkedin.com\/company\/suno-research\/","https:\/\/www.youtube.com\/c\/sunoresearch"]},{"@type":"Person","@id":"https:\/\/www.suno.com.br\/noticias\/#\/schema\/person\/e6e0f723cc177805027f4566c1d5e0c8","name":"Carlo Cauti","image":{"@type":"ImageObject","inLanguage":"pt-BR","@id":"https:\/\/www.suno.com.br\/noticias\/#\/schema\/person\/image\/","url":"https:\/\/secure.gravatar.com\/avatar\/3ada9e0bd164c23abd4792a9606d583c?s=96&r=g","contentUrl":"https:\/\/secure.gravatar.com\/avatar\/3ada9e0bd164c23abd4792a9606d583c?s=96&r=g","caption":"Carlo Cauti"},"description":"Editor multim\u00eddia do SUNO Not\u00edcias. Italiano, formado em Ci\u00eancias Pol\u00edticas pela universidade LUISS G. Carli de Roma e mestre cum laude em Rela\u00e7\u00f5es Internacionais, Jornalismo Internacional e de Guerra e em Economia Internacional. Concluiu tamb\u00e9m um MBA em Finan\u00e7as na B3. No Brasil, teve passagem por ve\u00edculos como Estad\u00e3o, Globo, Veja e EXAME. e nas ag\u00eancias de not\u00edcias italianas ANSA e NOVA.","url":"https:\/\/www.suno.com.br\/noticias\/author\/carlo-cauti\/"}]}},"default_loop_html":"<div class=\"cardsPage__listCard__boxs\"><div class=\"cardsPage__listCard__boxs__img\"><a href=\"https:\/\/www.suno.com.br\/noticias\/justica-determina-futuro-avianca\/\"><img class=\"mask\" src=\"https:\/\/www.suno.com.br\/noticias\/wp-content\/themes\/suno\/resources\/images\/spotlight\/spotlight1img\/bg-mask.png\" alt=\"Image Mask\"\/><img src=\"https:\/\/files.sunoresearch.com.br\/n\/uploads\/2019\/02\/f47efe9f-avianca-400x200.webp\" alt=\"Justi\u00e7a determina nesta segunda o futuro da Avianca\"\/><\/a><span class=\"spotlightCategory\"><a href=\"https:\/\/www.suno.com.br\/noticias\/negocios\/\">Neg\u00f3cios<\/a><\/span><\/div><div class=\"cardsPage__listCard__boxs__content\"><a href=\"https:\/\/www.suno.com.br\/noticias\/justica-determina-futuro-avianca\/\"><h2 class=\"content__title\">Justi\u00e7a determina nesta segunda o futuro da Avianca<\/h2><\/a><div class=\"newsContent__article__meta\"><div class=\"newsContent__article__meta__authorBox\"><a href=\"https:\/\/www.suno.com.br\/noticias\/author\/carlo-cauti\/\" class=\"authorBox__avatar noMobi\"><img src=\"https:\/\/files.sunoresearch.com.br\/n\/uploads\/2020\/08\/e3745f9a-perfil-carlo-cauti-150x150.webp\" alt=\"Carlo Cauti\"><\/a><div class=\"authorBox__name\"><span>por\n\t\t\t<a href=\"https:\/\/www.suno.com.br\/noticias\/author\/carlo-cauti\/\"><span itemprop=\"author\">Carlo Cauti<\/span><\/a><\/span><time datetime=\"2019-06-17T11:20:14-03:00\" itemprop=\"datePublished\">17\/06\/2019 11:20<\/time><\/div><\/div><\/div><\/div><\/div>","single_layout":"posts","amp_enabled":true,"_links":{"self":[{"href":"https:\/\/www.suno.com.br\/noticias\/wp-json\/wp\/v2\/posts\/28347"}],"collection":[{"href":"https:\/\/www.suno.com.br\/noticias\/wp-json\/wp\/v2\/posts"}],"about":[{"href":"https:\/\/www.suno.com.br\/noticias\/wp-json\/wp\/v2\/types\/post"}],"author":[{"embeddable":true,"href":"https:\/\/www.suno.com.br\/noticias\/wp-json\/wp\/v2\/users\/9"}],"replies":[{"embeddable":true,"href":"https:\/\/www.suno.com.br\/noticias\/wp-json\/wp\/v2\/comments?post=28347"}],"version-history":[{"count":0,"href":"https:\/\/www.suno.com.br\/noticias\/wp-json\/wp\/v2\/posts\/28347\/revisions"}],"wp:featuredmedia":[{"embeddable":true,"href":"https:\/\/www.suno.com.br\/noticias\/wp-json\/wp\/v2\/media\/14903"}],"wp:attachment":[{"href":"https:\/\/www.suno.com.br\/noticias\/wp-json\/wp\/v2\/media?parent=28347"}],"wp:term":[{"taxonomy":"category","embeddable":true,"href":"https:\/\/www.suno.com.br\/noticias\/wp-json\/wp\/v2\/categories?post=28347"},{"taxonomy":"post_tag","embeddable":true,"href":"https:\/\/www.suno.com.br\/noticias\/wp-json\/wp\/v2\/tags?post=28347"},{"taxonomy":"suno_strategy","embeddable":true,"href":"https:\/\/www.suno.com.br\/noticias\/wp-json\/wp\/v2\/suno_strategy?post=28347"}],"curies":[{"name":"wp","href":"https:\/\/api.w.org\/{rel}","templated":true}]}}