{"id":283369,"date":"2022-08-10T08:19:46","date_gmt":"2022-08-10T11:19:46","guid":{"rendered":"https:\/\/www.suno.com.br\/noticias\/?p=283369"},"modified":"2022-08-10T08:32:39","modified_gmt":"2022-08-10T11:32:39","slug":"copel-cple6-resultado-2t22","status":"publish","type":"post","link":"https:\/\/www.suno.com.br\/noticias\/copel-cple6-resultado-2t22\/","title":{"rendered":"Copel (CPLE6) fecha 2T22 com preju\u00edzo de R$ 522 milh\u00f5es por impacto tribut\u00e1rio"},"content":{"rendered":"<p>A <a class=\"suno-keyword\" href=\"https:\/\/www.suno.com.br\/acoes\/CPLE6\/\" target=\"_blank\" rel=\"noopener\" data-force=\"yes\" data-priority=\"2\"><strong>Copel<\/strong> (CPLE6)<\/a> fechou o segundo trimestre de 2022 (2T22) com preju\u00edzo de R$ 522,4 milh\u00f5es, revertendo o <a class=\"suno-keyword\" href=\"https:\/\/www.suno.com.br\/artigos\/lucro-liquido\/\" target=\"_blank\" rel=\"noopener\" data-force=\"no\" data-priority=\"1\">lucro l\u00edquido<\/a> de R$ 957 milh\u00f5es vistos em igual per\u00edodo do ano anterior. Segundo a empresa, o impacto tribut\u00e1rio relativo a uma provis\u00e3o para destina\u00e7\u00e3o de cr\u00e9dito de PIS e Cofins de R$ 1,2 bilh\u00e3o explica o preju\u00edzo no segundo trimestre.<\/p><div class=\"videoFull videoFull--noRadius\">\n\t\t\t<div class=\"videoWrapper yt-lazyload center\"\n\t\t\t\tdata-width=\"960\"\n\t\t\t\tdata-height=\"540\"\n\t\t\t\tdata-id=\"TJCXBph4AV8\"\n\t\t\t\tdata-alt=\"Veja o resumo de mercado desta ter\u00e7a-feira (9)\"\n\t\t\t\tdata-logo=\"3\"\n\t\t\t\tdata-imagequality=\"maxres\">\n\t\t\t<\/div>\n\t\t<\/div><span class=\"videoFull__caption videoFull__caption--show\">Veja o resumo de mercado desta ter\u00e7a-feira (9)<p><\/p><\/span><script type=\"application\/ld+json\">{\"@context\":\"https:\/\/schema.org\",\"@type\":\"VideoObject\",\"name\":\"IPCA TEM MAIOR DEFLA\u00c7\u00c3O DESDE 1980 | Anitta deixa conselho do Nubank (NUBR33) | Ita\u00fa (ITUB4) sobe\",\"description\":\"Suno Challenge: https:\/\/lp.suno.com.br\/cl\/suno-challenge-2022\/ Confira nossos conte\u00fados sobre ESG: https:\/\/www.suno.com.br\/noticias\/tags\/esg\/ O Ibovespa hoje encerrou o preg\u00e3o de ter\u00e7a-feira (9) em alta de 0,23% aos 108.651,05, ap\u00f3s oscilar entre 107.841,98 e 109.331,29 pontos. O giro ficou em R$ 26,9 bilh\u00f5es, ap\u00f3s ter encostado em R$ 30 bilh\u00f5es ontem. Na semana, sobe 2,05%; no m\u00eas, 5,32%, e no\u2026\",\"duration\":\"PT34M2S\",\"embedUrl\":\"https:\/\/www.youtube.com\/embed\/TJCXBph4AV8\",\"regionsAllowed\":\"pt-BR\",\"interactionStatistic\":{\"@type\":\"InteractionCounter\",\"interactionType\":{\"@type\":\"WatchAction\"},\"userInteractionCount\":4297},\"thumbnailUrl\":\"https:\/\/i.ytimg.com\/vi\/TJCXBph4AV8\/default.jpg\",\"uploadDate\":\"2022-08-09T22:42:34Z\"}<\/script>\n\n\t<p>\n\t\t<a href=\"\" target=\"_blank\" data-element=\"shortcode-suno-banner\" title=\"Banner SUNO, clique e saiba mais\">\n\t\t\t<picture>\n\t\t\t\t<source media=\"(max-width: 500px)\" srcset=\"\">\n\t\t\t\t<img class=\"newsContent__article__imgCapa newsContent__article__imgCapa--banner\"\n\t\t\t\t\tsrc=\"\"\n\t\t\t\t\tdata-promo-id=\"138420\"\t\t\t\t\t\t\t\t\t\t\t\t\t\t\talt=\"\"\n\t\t\t\t>\n\t\t\t<\/picture>\n\t\t<\/a>\n\t<\/p>\n\n\n<p>O <a href=\"https:\/\/www.rad.cvm.gov.br\/ENET\/frmExibirArquivoIPEExterno.aspx?NumeroProtocoloEntrega=1005714\"><strong>resultado da Copel<\/strong><\/a> foi divulgado ap\u00f3s o fim do preg\u00e3o da ter\u00e7a-feira (9), em documento arquivado na <a href=\"https:\/\/www.suno.com.br\/artigos\/cvm\/\">Comiss\u00e3o de Valores Mobili\u00e1rios (CVM)<\/a>. No acumulado do semestre, foram R$ 147,4 milh\u00f5es em lucro.<\/p>\n<p>A <a class=\"suno-keyword\" href=\"https:\/\/www.suno.com.br\/artigos\/receita-liquida-operacional\/\" target=\"_blank\" rel=\"noopener\" data-force=\"no\" data-priority=\"1\">receita operacional l\u00edquida<\/a> da empresa fechou em R$ 5,2586 bilh\u00f5es no 2T22, com queda de 3,1%.<\/p>\n<p>O lucro antes de juros, impostos, <a class=\"suno-keyword\" href=\"https:\/\/www.suno.com.br\/artigos\/depreciacao-amortizacao\/\" target=\"_blank\" rel=\"noopener\" data-force=\"no\" data-priority=\"1\">deprecia\u00e7\u00e3o e amortiza\u00e7\u00e3o<\/a> (Ebitda, na sigla em ingl\u00eas) ajustado da Copel foi de R$ 1,49 bilh\u00e3o no 2T22 ante R$ 1,37 bilh\u00e3o registrado em igual per\u00edodo do ano anterior, representando uma alta de 9,4%.<\/p>\n<p>O consenso Bloomberg de analistas projetava uma receita de R$ 4,14 bilh\u00f5es de receita, ao passo que os analistas do <a class=\"suno-keyword\" href=\"https:\/\/www.suno.com.br\/acoes\/BPAC11\/\" target=\"_blank\" rel=\"noopener\" data-force=\"yes\" data-priority=\"2\">BTG Pactual (BPAC11)<\/a> estimava Ebitda de R$ 1,2 bilh\u00e3o e receita de R$ 5,4 bilh\u00f5es.<\/p>\n<p>Segundo a justificativa da companhia, esse preju\u00edzo registrado teve influ\u00eancia da Lei que versa sobre provis\u00e3o para destina\u00e7\u00e3o de cr\u00e9ditos do PIS e Cofins (14.385\/2022). A Copel comunicou o impacto <a href=\"https:\/\/www.rad.cvm.gov.br\/ENET\/frmExibirArquivoIPEExterno.aspx?NumeroProtocoloEntrega=1005709\">em comunicado separado, chamado de &#8220;Impactos da Promulga\u00e7\u00e3o da Lei Federal n\u00ba 14.385\/2022 nos Resultados do 2T22&#8221;<\/a>.<\/p>\n<p>Segundo a Copel, o efeito l\u00edquido da legisla\u00e7\u00e3o foi de R$ 1,2025 bilh\u00e3o no segundo trimestre. A companhia destaca que, sem o impacto da lei, o <strong>lucro da Copel<\/strong> seria de R$ 666 milh\u00f5es no trimestre e R$ 1,336 bilh\u00e3o no semestre.<\/p>\n<p>Segundo a Copel, a legisla\u00e7\u00e3o &#8220;apesar da falta de sua regulamenta\u00e7\u00e3o&#8221;, regulamenta a destina\u00e7\u00e3o de tributos que eram de recolhimento obrigat\u00f3rio a maior pelas prestadoras do servi\u00e7o p\u00fablico de distribui\u00e7\u00e3o de energia el\u00e9trica no pa\u00eds, mudando as regras de pagamento da companhia.<\/p>\n<p>A legisla\u00e7\u00e3o foi reconhecida pelo judici\u00e1rio e teve impacto bilion\u00e1rio no resultado.<\/p>\n<p>\u201cA referida provis\u00e3o de R$ 1,2 bilh\u00e3o, baseada na revis\u00e3o de avalia\u00e7\u00e3o do risco realizada pela administra\u00e7\u00e3o e suportada nas opini\u00f5es de assessores legais, refere-se ao per\u00edodo compreendido entre o 11\u00ba e o 16\u00ba ano da data do tr\u00e2nsito em julgado da a\u00e7\u00e3o, exacerbando o per\u00edodo prescricional e decadencial. A administra\u00e7\u00e3o da Copel DIS avalia medidas cab\u00edveis, inclusive judiciais, considerando a prote\u00e7\u00e3o conferida \u00e0 coisa julgada, bem como os prazos de prescri\u00e7\u00e3o e decad\u00eancia aplic\u00e1veis\u201d, consta no <strong>resultado da Copel em 2022<\/strong>.<\/p>\n<p>Em termos de resultado operacional, a companhia aponta que teve influ\u00eancia de:<\/p>\n<ul>\n<li>Redu\u00e7\u00e3o de R$ 274,1 com \u201csuprimento de energia el\u00e9trica\u201d<\/li>\n<li>Redu\u00e7\u00e3o de R$ 205,8 milh\u00f5es na receita de \u201cdisponibilidade de rede el\u00e9trica\u201d<\/li>\n<li>Redu\u00e7\u00e3o de R$ 76,6 milh\u00f5es no resultado de ativos e passivos financeiros setoriais (CVA)<\/li>\n<\/ul>\n<p>A companhia tamb\u00e9m cita que o Reajuste tarif\u00e1rio da Copel Distribui\u00e7\u00e3o gerou um efeito m\u00e9dio, no trimestre, de 4,9%.<\/p>\n<p>A <a class=\"suno-keyword\" href=\"https:\/\/www.suno.com.br\/artigos\/geracao-de-caixa\/\" target=\"_blank\" rel=\"noopener\" data-force=\"no\" data-priority=\"1\">gera\u00e7\u00e3o de caixa<\/a> operacional foi de de R$ 1,4 bilh\u00e3o no <strong>2T22<\/strong>, ao passo que o Fluxo de Caixa Dispon\u00edvel terminou em R$ 1,709 bilh\u00e3o em junho &#8211; valor que \u00e9 utilizado para o pagamento da Pol\u00edtica de <a class=\"suno-keyword\" href=\"https:\/\/www.suno.com.br\/guias\/dividendos\/\" target=\"_blank\" rel=\"noopener\" data-force=\"no\" data-priority=\"1\">Dividendos<\/a> da companhia el\u00e9trica.<\/p>\n\t<p>\n\t\t<a href=\"https:\/\/lp.suno.com.br\/planilha-controle-gastos\/\" target=\"_blank\" data-element=\"shortcode-suno-banner\" title=\"Banner SUNO, clique e saiba mais\">\n\t\t\t<picture>\n\t\t\t\t<source media=\"(max-width: 500px)\" srcset=\"https:\/\/files.sunoresearch.com.br\/n\/uploads\/2023\/03\/400x300-Planilha-controle-de-gastos.png\">\n\t\t\t\t<img class=\"newsContent__article__imgCapa newsContent__article__imgCapa--banner\"\n\t\t\t\t\tsrc=\"https:\/\/files.sunoresearch.com.br\/n\/uploads\/2023\/03\/1420x240-Planilha-controle-de-gastos.png\"\n\t\t\t\t\tdata-promo-id=\"101751\"\t\t\t\t\t\t\t\t\t\twidth='1420' height='240'\t\t\t\t\talt=\"https:\/\/files.sunoresearch.com.br\/n\/uploads\/2023\/03\/1420x240-Planilha-controle-de-gastos.png\"\n\t\t\t\t>\n\t\t\t<\/picture>\n\t\t<\/a>\n\t<\/p>\n\n\n<h2>D\u00edvida da Copel<\/h2>\n<p>Ao fim de junho, a companhia somava d\u00edvida consolidada de R$ 12,905 bilh\u00f5es, 9,1% a mais do que o que foi anotado no fim do ano anterior, de R$ 11,8261 bilh\u00f5es.<\/p>\n<p>Com esses n\u00fameros, a alavancagem da Copel &#8211; raz\u00e3o entre d\u00edvida e Ebitda &#8211; foi de 1,3x ao fim do trimestre.<\/p>\n<h3>Dividendos e desempenho de CPLE6<\/h3>\n<p>No balan\u00e7o, a companhia n\u00e3o revelou o pagamento de novos <strong>dividendos<\/strong>, mas citou o pagamento de R$ 1,6 bilh\u00e3o de proventos, feito no fim de junho.<\/p>\n<p>Em conjunto com os demais pagamentos de proventos dos \u00faltimos meses, os\u00a0<strong>dividendos da Copel<\/strong> somam um <a class=\"suno-keyword\" href=\"https:\/\/www.suno.com.br\/artigos\/dividend-yield-como-calcular\/\" target=\"_blank\" rel=\"noopener\" data-force=\"no\" data-priority=\"2\">dividend yield<\/a> (DY) de 16%, <a href=\"https:\/\/statusinvest.com.br\/acoes\/cple6\">segundo dados do Status Invest<\/a>. Ou seja, na m\u00e9dia, a companhia pagou R$ 1,16 por a\u00e7\u00e3o\u00a0<strong>CPLE6<\/strong>.<\/p>\n<p>As a\u00e7\u00f5es da <strong>Copel<\/strong> sobem 6,8% nos \u00faltimos 30 dias e acumulam alta de 13,7% em 2022, cotadas a R$ 7,31.<\/p>\n\t<p>\n\t\t<a href=\"https:\/\/lp.suno.com.br\/planilha-da-vida-financeira\/\" target=\"_blank\" data-element=\"shortcode-suno-banner\" title=\"Banner SUNO, clique e saiba mais\">\n\t\t\t<picture>\n\t\t\t\t<source media=\"(max-width: 500px)\" srcset=\"https:\/\/files.sunoresearch.com.br\/n\/uploads\/2023\/04\/400x300-Planilha-vida-financeira-true.png\">\n\t\t\t\t<img class=\"newsContent__article__imgCapa newsContent__article__imgCapa--banner\"\n\t\t\t\t\tsrc=\"https:\/\/files.sunoresearch.com.br\/n\/uploads\/2023\/04\/1420x240-Planilha-vida-financeira-true.png\"\n\t\t\t\t\tdata-promo-id=\"106682\"\t\t\t\t\t\t\t\t\t\twidth='1420' height='240'\t\t\t\t\talt=\"https:\/\/files.sunoresearch.com.br\/n\/uploads\/2023\/04\/1420x240-Planilha-vida-financeira-true.png\"\n\t\t\t\t>\n\t\t\t<\/picture>\n\t\t<\/a>\n\t<\/p>\n\n\n","protected":false},"excerpt":{"rendered":"<p>A Copel (CPLE6) fechou o segundo trimestre de 2022 (2T22) com preju\u00edzo de R$ 522,4 milh\u00f5es, revertendo o lucro l\u00edquido de R$ 957 milh\u00f5es vistos em igual per\u00edodo do ano anterior. Segundo a empresa, o impacto tribut\u00e1rio relativo a uma provis\u00e3o para destina\u00e7\u00e3o de cr\u00e9dito de PIS e Cofins de R$ 1,2 bilh\u00e3o explica o [&hellip;]<\/p>\n","protected":false},"author":73,"featured_media":149229,"comment_status":"closed","ping_status":"closed","sticky":false,"template":"","format":"standard","meta":[],"categories":[64],"tags":[1029,431,1607],"suno_strategy":[],"class_list":["post-283369","post","type-post","status-publish","format-standard","has-post-thumbnail","hentry","category-negocios","tag-balancos-trimestrais","tag-copel-cple3-cple5-cple6","tag-resultado-das-empresas"],"yoast_head":"<!-- This site is optimized with the Yoast SEO plugin v24.4 - https:\/\/yoast.com\/wordpress\/plugins\/seo\/ -->\n<title>Copel (CPLE6) tem preju\u00edzo de R$ 522mi no 2T22 com impacto tribut\u00e1rio<\/title>\n<meta name=\"description\" content=\"Apesar do avan\u00e7o do Ebitda e da receita da Copel, legisla\u00e7\u00e3o sobre PIS\/Cofins teve impacto bilion\u00e1rio no lucro. Clique e leia mais!\" \/>\n<meta name=\"robots\" content=\"index, follow, max-snippet:-1, max-image-preview:large, max-video-preview:-1\" \/>\n<link rel=\"canonical\" href=\"https:\/\/www.suno.com.br\/noticias\/copel-cple6-resultado-2t22\/\" \/>\n<meta property=\"og:locale\" content=\"pt_BR\" \/>\n<meta property=\"og:type\" content=\"article\" \/>\n<meta property=\"og:title\" content=\"Copel (CPLE6) tem preju\u00edzo de R$ 522mi no 2T22 com impacto tribut\u00e1rio\" \/>\n<meta property=\"og:description\" content=\"Apesar do avan\u00e7o do Ebitda e da receita da Copel, legisla\u00e7\u00e3o sobre PIS\/Cofins teve impacto bilion\u00e1rio no lucro. Clique e leia mais!\" \/>\n<meta property=\"og:url\" content=\"https:\/\/www.suno.com.br\/noticias\/copel-cple6-resultado-2t22\/\" \/>\n<meta property=\"og:site_name\" content=\"Suno Not\u00edcias\" \/>\n<meta property=\"article:publisher\" content=\"https:\/\/facebook.com\/sunoresearch\" \/>\n<meta property=\"og:image\" content=\"https:\/\/files.sunoresearch.com.br\/n\/uploads\/2021\/05\/afeb4329-copel.jpg\" \/>\n\t<meta property=\"og:image:width\" content=\"1200\" \/>\n\t<meta property=\"og:image:height\" content=\"800\" \/>\n\t<meta property=\"og:image:type\" content=\"image\/jpeg\" \/>\n<meta name=\"author\" content=\"Eduardo Vargas\" \/>\n<meta name=\"twitter:card\" content=\"summary_large_image\" \/>\n<meta name=\"twitter:creator\" content=\"@sunoresearch\" \/>\n<meta name=\"twitter:site\" content=\"@sunoresearch\" \/>\n<meta name=\"twitter:label1\" content=\"Escrito por\" \/>\n\t<meta name=\"twitter:data1\" content=\"Eduardo Vargas\" \/>\n\t<meta name=\"twitter:label2\" content=\"Est. tempo de leitura\" \/>\n\t<meta name=\"twitter:data2\" content=\"4 minutos\" \/>\n<script type=\"application\/ld+json\" class=\"yoast-schema-graph\">{\"@context\":\"https:\/\/schema.org\",\"@graph\":[{\"@type\":\"NewsArticle\",\"@id\":\"https:\/\/www.suno.com.br\/noticias\/copel-cple6-resultado-2t22\/#article\",\"isPartOf\":{\"@id\":\"https:\/\/www.suno.com.br\/noticias\/copel-cple6-resultado-2t22\/\"},\"author\":{\"name\":\"Eduardo Vargas\",\"@id\":\"https:\/\/www.suno.com.br\/noticias\/#\/schema\/person\/7f4d362bf3518e76090143ae77bb49a5\"},\"headline\":\"Copel (CPLE6) fecha 2T22 com preju\u00edzo de R$ 522 milh\u00f5es por impacto tribut\u00e1rio\",\"datePublished\":\"2022-08-10T11:19:46+00:00\",\"dateModified\":\"2022-08-10T11:32:39+00:00\",\"mainEntityOfPage\":{\"@id\":\"https:\/\/www.suno.com.br\/noticias\/copel-cple6-resultado-2t22\/\"},\"wordCount\":744,\"publisher\":{\"@id\":\"https:\/\/www.suno.com.br\/noticias\/#organization\"},\"image\":{\"@id\":\"https:\/\/www.suno.com.br\/noticias\/copel-cple6-resultado-2t22\/#primaryimage\"},\"thumbnailUrl\":\"https:\/\/files.sunoresearch.com.br\/n\/uploads\/2021\/05\/afeb4329-copel-jpg.webp\",\"keywords\":[\"balan\u00e7os trimestrais\",\"Copel (CPLE3\/CPLE5\/CPLE6)\",\"Resultado das empresas\"],\"articleSection\":[\"Neg\u00f3cios\"],\"inLanguage\":\"pt-BR\"},{\"@type\":\"WebPage\",\"@id\":\"https:\/\/www.suno.com.br\/noticias\/copel-cple6-resultado-2t22\/\",\"url\":\"https:\/\/www.suno.com.br\/noticias\/copel-cple6-resultado-2t22\/\",\"name\":\"Copel (CPLE6) tem preju\u00edzo de R$ 522mi no 2T22 com impacto tribut\u00e1rio\",\"isPartOf\":{\"@id\":\"https:\/\/www.suno.com.br\/noticias\/#website\"},\"primaryImageOfPage\":{\"@id\":\"https:\/\/www.suno.com.br\/noticias\/copel-cple6-resultado-2t22\/#primaryimage\"},\"image\":{\"@id\":\"https:\/\/www.suno.com.br\/noticias\/copel-cple6-resultado-2t22\/#primaryimage\"},\"thumbnailUrl\":\"https:\/\/files.sunoresearch.com.br\/n\/uploads\/2021\/05\/afeb4329-copel-jpg.webp\",\"datePublished\":\"2022-08-10T11:19:46+00:00\",\"dateModified\":\"2022-08-10T11:32:39+00:00\",\"description\":\"Apesar do avan\u00e7o do Ebitda e da receita da Copel, legisla\u00e7\u00e3o sobre PIS\/Cofins teve impacto bilion\u00e1rio no lucro. Clique e leia mais!\",\"breadcrumb\":{\"@id\":\"https:\/\/www.suno.com.br\/noticias\/copel-cple6-resultado-2t22\/#breadcrumb\"},\"inLanguage\":\"pt-BR\",\"potentialAction\":[{\"@type\":\"ReadAction\",\"target\":[\"https:\/\/www.suno.com.br\/noticias\/copel-cple6-resultado-2t22\/\"]}]},{\"@type\":\"ImageObject\",\"inLanguage\":\"pt-BR\",\"@id\":\"https:\/\/www.suno.com.br\/noticias\/copel-cple6-resultado-2t22\/#primaryimage\",\"url\":\"https:\/\/files.sunoresearch.com.br\/n\/uploads\/2021\/05\/afeb4329-copel-jpg.webp\",\"contentUrl\":\"https:\/\/files.sunoresearch.com.br\/n\/uploads\/2021\/05\/afeb4329-copel-jpg.webp\",\"width\":1200,\"height\":800,\"caption\":\"Copel (CPLE6). Foto: Divulga\u00e7\u00e3o.\"},{\"@type\":\"BreadcrumbList\",\"@id\":\"https:\/\/www.suno.com.br\/noticias\/copel-cple6-resultado-2t22\/#breadcrumb\",\"itemListElement\":[{\"@type\":\"ListItem\",\"position\":1,\"name\":\"Not\u00edcias\",\"item\":\"https:\/\/www.suno.com.br\/noticias\/\"},{\"@type\":\"ListItem\",\"position\":2,\"name\":\"Neg\u00f3cios\",\"item\":\"https:\/\/www.suno.com.br\/noticias\/negocios\/\"},{\"@type\":\"ListItem\",\"position\":3,\"name\":\"Copel (CPLE6) fecha 2T22 com preju\u00edzo de R$ 522 milh\u00f5es por impacto tribut\u00e1rio\"}]},{\"@type\":\"WebSite\",\"@id\":\"https:\/\/www.suno.com.br\/noticias\/#website\",\"url\":\"https:\/\/www.suno.com.br\/noticias\/\",\"name\":\"Suno Not\u00edcias\",\"description\":\"Seu portal de informa\u00e7\u00e3o sobre o mundo dos investimentos\",\"publisher\":{\"@id\":\"https:\/\/www.suno.com.br\/noticias\/#organization\"},\"potentialAction\":[{\"@type\":\"SearchAction\",\"target\":{\"@type\":\"EntryPoint\",\"urlTemplate\":\"https:\/\/www.suno.com.br\/noticias\/?s={search_term_string}\"},\"query-input\":{\"@type\":\"PropertyValueSpecification\",\"valueRequired\":true,\"valueName\":\"search_term_string\"}}],\"inLanguage\":\"pt-BR\"},{\"@type\":\"Organization\",\"@id\":\"https:\/\/www.suno.com.br\/noticias\/#organization\",\"name\":\"Suno Not\u00edcias\",\"url\":\"https:\/\/www.suno.com.br\/noticias\/\",\"logo\":{\"@type\":\"ImageObject\",\"inLanguage\":\"pt-BR\",\"@id\":\"https:\/\/www.suno.com.br\/noticias\/#\/schema\/logo\/image\/\",\"url\":\"https:\/\/files.sunoresearch.com.br\/n\/uploads\/2021\/09\/suno-logo.png\",\"contentUrl\":\"https:\/\/files.sunoresearch.com.br\/n\/uploads\/2021\/09\/suno-logo.png\",\"width\":180,\"height\":180,\"caption\":\"Suno Not\u00edcias\"},\"image\":{\"@id\":\"https:\/\/www.suno.com.br\/noticias\/#\/schema\/logo\/image\/\"},\"sameAs\":[\"https:\/\/facebook.com\/sunoresearch\",\"https:\/\/x.com\/sunoresearch\",\"https:\/\/www.instagram.com\/suno\",\"https:\/\/www.linkedin.com\/company\/suno-research\/\",\"https:\/\/www.youtube.com\/c\/sunoresearch\"]},{\"@type\":\"Person\",\"@id\":\"https:\/\/www.suno.com.br\/noticias\/#\/schema\/person\/7f4d362bf3518e76090143ae77bb49a5\",\"name\":\"Eduardo Vargas\",\"image\":{\"@type\":\"ImageObject\",\"inLanguage\":\"pt-BR\",\"@id\":\"https:\/\/www.suno.com.br\/noticias\/#\/schema\/person\/image\/\",\"url\":\"https:\/\/secure.gravatar.com\/avatar\/dac340933427a22924c9f99d1eb2e3f2?s=96&r=g\",\"contentUrl\":\"https:\/\/secure.gravatar.com\/avatar\/dac340933427a22924c9f99d1eb2e3f2?s=96&r=g\",\"caption\":\"Eduardo Vargas\"},\"description\":\"Jornalista formado pela UFSC, cobre macroeconomia, neg\u00f3cios e startups para o Suno Not\u00edcias, escrevendo principalmente not\u00edcias sobre o mercado financeiro e a bolsa de valores. No YouTube e no Instagram, \u00e9 respons\u00e1vel pela produ\u00e7\u00e3o de Reels e Shorts do Suno Not\u00edcias. Anteriormente, trabalhou cobrindo economia e cotidiano no ND+ e para o ND, maior jornal impresso de Santa Catarina. Cursou um semestre letivo de Estudos de M\u00eddia na Universidad de Buenos Aires.\",\"url\":\"https:\/\/www.suno.com.br\/noticias\/author\/eduardo-vargas\/\"}]}<\/script>\n<!-- \/ Yoast SEO plugin. -->","yoast_head_json":{"title":"Copel (CPLE6) tem preju\u00edzo de R$ 522mi no 2T22 com impacto tribut\u00e1rio","description":"Apesar do avan\u00e7o do Ebitda e da receita da Copel, legisla\u00e7\u00e3o sobre PIS\/Cofins teve impacto bilion\u00e1rio no lucro. Clique e leia mais!","robots":{"index":"index","follow":"follow","max-snippet":"max-snippet:-1","max-image-preview":"max-image-preview:large","max-video-preview":"max-video-preview:-1"},"canonical":"https:\/\/www.suno.com.br\/noticias\/copel-cple6-resultado-2t22\/","og_locale":"pt_BR","og_type":"article","og_title":"Copel (CPLE6) tem preju\u00edzo de R$ 522mi no 2T22 com impacto tribut\u00e1rio","og_description":"Apesar do avan\u00e7o do Ebitda e da receita da Copel, legisla\u00e7\u00e3o sobre PIS\/Cofins teve impacto bilion\u00e1rio no lucro. Clique e leia mais!","og_url":"https:\/\/www.suno.com.br\/noticias\/copel-cple6-resultado-2t22\/","og_site_name":"Suno Not\u00edcias","article_publisher":"https:\/\/facebook.com\/sunoresearch","og_image":[{"width":1200,"height":800,"url":"https:\/\/files.sunoresearch.com.br\/n\/uploads\/2021\/05\/afeb4329-copel.jpg","type":"image\/jpeg"}],"author":"Eduardo Vargas","twitter_card":"summary_large_image","twitter_creator":"@sunoresearch","twitter_site":"@sunoresearch","twitter_misc":{"Escrito por":"Eduardo Vargas","Est. tempo de leitura":"4 minutos"},"schema":{"@context":"https:\/\/schema.org","@graph":[{"@type":"NewsArticle","@id":"https:\/\/www.suno.com.br\/noticias\/copel-cple6-resultado-2t22\/#article","isPartOf":{"@id":"https:\/\/www.suno.com.br\/noticias\/copel-cple6-resultado-2t22\/"},"author":{"name":"Eduardo Vargas","@id":"https:\/\/www.suno.com.br\/noticias\/#\/schema\/person\/7f4d362bf3518e76090143ae77bb49a5"},"headline":"Copel (CPLE6) fecha 2T22 com preju\u00edzo de R$ 522 milh\u00f5es por impacto tribut\u00e1rio","datePublished":"2022-08-10T11:19:46+00:00","dateModified":"2022-08-10T11:32:39+00:00","mainEntityOfPage":{"@id":"https:\/\/www.suno.com.br\/noticias\/copel-cple6-resultado-2t22\/"},"wordCount":744,"publisher":{"@id":"https:\/\/www.suno.com.br\/noticias\/#organization"},"image":{"@id":"https:\/\/www.suno.com.br\/noticias\/copel-cple6-resultado-2t22\/#primaryimage"},"thumbnailUrl":"https:\/\/files.sunoresearch.com.br\/n\/uploads\/2021\/05\/afeb4329-copel-jpg.webp","keywords":["balan\u00e7os trimestrais","Copel (CPLE3\/CPLE5\/CPLE6)","Resultado das empresas"],"articleSection":["Neg\u00f3cios"],"inLanguage":"pt-BR"},{"@type":"WebPage","@id":"https:\/\/www.suno.com.br\/noticias\/copel-cple6-resultado-2t22\/","url":"https:\/\/www.suno.com.br\/noticias\/copel-cple6-resultado-2t22\/","name":"Copel (CPLE6) tem preju\u00edzo de R$ 522mi no 2T22 com impacto tribut\u00e1rio","isPartOf":{"@id":"https:\/\/www.suno.com.br\/noticias\/#website"},"primaryImageOfPage":{"@id":"https:\/\/www.suno.com.br\/noticias\/copel-cple6-resultado-2t22\/#primaryimage"},"image":{"@id":"https:\/\/www.suno.com.br\/noticias\/copel-cple6-resultado-2t22\/#primaryimage"},"thumbnailUrl":"https:\/\/files.sunoresearch.com.br\/n\/uploads\/2021\/05\/afeb4329-copel-jpg.webp","datePublished":"2022-08-10T11:19:46+00:00","dateModified":"2022-08-10T11:32:39+00:00","description":"Apesar do avan\u00e7o do Ebitda e da receita da Copel, legisla\u00e7\u00e3o sobre PIS\/Cofins teve impacto bilion\u00e1rio no lucro. Clique e leia mais!","breadcrumb":{"@id":"https:\/\/www.suno.com.br\/noticias\/copel-cple6-resultado-2t22\/#breadcrumb"},"inLanguage":"pt-BR","potentialAction":[{"@type":"ReadAction","target":["https:\/\/www.suno.com.br\/noticias\/copel-cple6-resultado-2t22\/"]}]},{"@type":"ImageObject","inLanguage":"pt-BR","@id":"https:\/\/www.suno.com.br\/noticias\/copel-cple6-resultado-2t22\/#primaryimage","url":"https:\/\/files.sunoresearch.com.br\/n\/uploads\/2021\/05\/afeb4329-copel-jpg.webp","contentUrl":"https:\/\/files.sunoresearch.com.br\/n\/uploads\/2021\/05\/afeb4329-copel-jpg.webp","width":1200,"height":800,"caption":"Copel (CPLE6). Foto: Divulga\u00e7\u00e3o."},{"@type":"BreadcrumbList","@id":"https:\/\/www.suno.com.br\/noticias\/copel-cple6-resultado-2t22\/#breadcrumb","itemListElement":[{"@type":"ListItem","position":1,"name":"Not\u00edcias","item":"https:\/\/www.suno.com.br\/noticias\/"},{"@type":"ListItem","position":2,"name":"Neg\u00f3cios","item":"https:\/\/www.suno.com.br\/noticias\/negocios\/"},{"@type":"ListItem","position":3,"name":"Copel (CPLE6) fecha 2T22 com preju\u00edzo de R$ 522 milh\u00f5es por impacto tribut\u00e1rio"}]},{"@type":"WebSite","@id":"https:\/\/www.suno.com.br\/noticias\/#website","url":"https:\/\/www.suno.com.br\/noticias\/","name":"Suno Not\u00edcias","description":"Seu portal de informa\u00e7\u00e3o sobre o mundo dos investimentos","publisher":{"@id":"https:\/\/www.suno.com.br\/noticias\/#organization"},"potentialAction":[{"@type":"SearchAction","target":{"@type":"EntryPoint","urlTemplate":"https:\/\/www.suno.com.br\/noticias\/?s={search_term_string}"},"query-input":{"@type":"PropertyValueSpecification","valueRequired":true,"valueName":"search_term_string"}}],"inLanguage":"pt-BR"},{"@type":"Organization","@id":"https:\/\/www.suno.com.br\/noticias\/#organization","name":"Suno Not\u00edcias","url":"https:\/\/www.suno.com.br\/noticias\/","logo":{"@type":"ImageObject","inLanguage":"pt-BR","@id":"https:\/\/www.suno.com.br\/noticias\/#\/schema\/logo\/image\/","url":"https:\/\/files.sunoresearch.com.br\/n\/uploads\/2021\/09\/suno-logo.png","contentUrl":"https:\/\/files.sunoresearch.com.br\/n\/uploads\/2021\/09\/suno-logo.png","width":180,"height":180,"caption":"Suno Not\u00edcias"},"image":{"@id":"https:\/\/www.suno.com.br\/noticias\/#\/schema\/logo\/image\/"},"sameAs":["https:\/\/facebook.com\/sunoresearch","https:\/\/x.com\/sunoresearch","https:\/\/www.instagram.com\/suno","https:\/\/www.linkedin.com\/company\/suno-research\/","https:\/\/www.youtube.com\/c\/sunoresearch"]},{"@type":"Person","@id":"https:\/\/www.suno.com.br\/noticias\/#\/schema\/person\/7f4d362bf3518e76090143ae77bb49a5","name":"Eduardo Vargas","image":{"@type":"ImageObject","inLanguage":"pt-BR","@id":"https:\/\/www.suno.com.br\/noticias\/#\/schema\/person\/image\/","url":"https:\/\/secure.gravatar.com\/avatar\/dac340933427a22924c9f99d1eb2e3f2?s=96&r=g","contentUrl":"https:\/\/secure.gravatar.com\/avatar\/dac340933427a22924c9f99d1eb2e3f2?s=96&r=g","caption":"Eduardo Vargas"},"description":"Jornalista formado pela UFSC, cobre macroeconomia, neg\u00f3cios e startups para o Suno Not\u00edcias, escrevendo principalmente not\u00edcias sobre o mercado financeiro e a bolsa de valores. No YouTube e no Instagram, \u00e9 respons\u00e1vel pela produ\u00e7\u00e3o de Reels e Shorts do Suno Not\u00edcias. Anteriormente, trabalhou cobrindo economia e cotidiano no ND+ e para o ND, maior jornal impresso de Santa Catarina. Cursou um semestre letivo de Estudos de M\u00eddia na Universidad de Buenos Aires.","url":"https:\/\/www.suno.com.br\/noticias\/author\/eduardo-vargas\/"}]}},"default_loop_html":"<div class=\"cardsPage__listCard__boxs\"><div class=\"cardsPage__listCard__boxs__img\"><a href=\"https:\/\/www.suno.com.br\/noticias\/copel-cple6-resultado-2t22\/\"><img class=\"mask\" src=\"https:\/\/www.suno.com.br\/noticias\/wp-content\/themes\/suno\/resources\/images\/spotlight\/spotlight1img\/bg-mask.png\" alt=\"Image Mask\"\/><img src=\"https:\/\/files.sunoresearch.com.br\/n\/uploads\/2021\/05\/afeb4329-copel-400x200.webp\" alt=\"Copel (CPLE6) fecha 2T22 com preju\u00edzo de R$ 522 milh\u00f5es por impacto tribut\u00e1rio\"\/><\/a><span class=\"spotlightCategory\"><a href=\"https:\/\/www.suno.com.br\/noticias\/negocios\/\">Neg\u00f3cios<\/a><\/span><\/div><div class=\"cardsPage__listCard__boxs__content\"><a href=\"https:\/\/www.suno.com.br\/noticias\/copel-cple6-resultado-2t22\/\"><h2 class=\"content__title\">Copel (CPLE6) fecha 2T22 com preju\u00edzo de R$ 522 milh\u00f5es por impacto tribut\u00e1rio<\/h2><\/a><div class=\"newsContent__article__meta\"><div class=\"newsContent__article__meta__authorBox\"><a href=\"https:\/\/www.suno.com.br\/noticias\/author\/eduardo-vargas\/\" class=\"authorBox__avatar noMobi\"><img src=\"https:\/\/secure.gravatar.com\/avatar\/dac340933427a22924c9f99d1eb2e3f2?s=96&#038;r=g\" alt=\"Eduardo Vargas\"><\/a><div class=\"authorBox__name\"><span>por\n\t\t\t<a href=\"https:\/\/www.suno.com.br\/noticias\/author\/eduardo-vargas\/\"><span itemprop=\"author\">Eduardo Vargas<\/span><\/a><\/span><time datetime=\"2022-08-10T08:19:46-03:00\" itemprop=\"datePublished\">10\/08\/2022 08:19<\/time><\/div><\/div><\/div><\/div><\/div>","single_layout":"posts","amp_enabled":true,"_links":{"self":[{"href":"https:\/\/www.suno.com.br\/noticias\/wp-json\/wp\/v2\/posts\/283369"}],"collection":[{"href":"https:\/\/www.suno.com.br\/noticias\/wp-json\/wp\/v2\/posts"}],"about":[{"href":"https:\/\/www.suno.com.br\/noticias\/wp-json\/wp\/v2\/types\/post"}],"author":[{"embeddable":true,"href":"https:\/\/www.suno.com.br\/noticias\/wp-json\/wp\/v2\/users\/73"}],"replies":[{"embeddable":true,"href":"https:\/\/www.suno.com.br\/noticias\/wp-json\/wp\/v2\/comments?post=283369"}],"version-history":[{"count":3,"href":"https:\/\/www.suno.com.br\/noticias\/wp-json\/wp\/v2\/posts\/283369\/revisions"}],"predecessor-version":[{"id":283385,"href":"https:\/\/www.suno.com.br\/noticias\/wp-json\/wp\/v2\/posts\/283369\/revisions\/283385"}],"wp:featuredmedia":[{"embeddable":true,"href":"https:\/\/www.suno.com.br\/noticias\/wp-json\/wp\/v2\/media\/149229"}],"wp:attachment":[{"href":"https:\/\/www.suno.com.br\/noticias\/wp-json\/wp\/v2\/media?parent=283369"}],"wp:term":[{"taxonomy":"category","embeddable":true,"href":"https:\/\/www.suno.com.br\/noticias\/wp-json\/wp\/v2\/categories?post=283369"},{"taxonomy":"post_tag","embeddable":true,"href":"https:\/\/www.suno.com.br\/noticias\/wp-json\/wp\/v2\/tags?post=283369"},{"taxonomy":"suno_strategy","embeddable":true,"href":"https:\/\/www.suno.com.br\/noticias\/wp-json\/wp\/v2\/suno_strategy?post=283369"}],"curies":[{"name":"wp","href":"https:\/\/api.w.org\/{rel}","templated":true}]}}