{"id":283151,"date":"2022-08-09T17:56:14","date_gmt":"2022-08-09T20:56:14","guid":{"rendered":"https:\/\/www.suno.com.br\/noticias\/?p=283151"},"modified":"2022-08-09T17:56:14","modified_gmt":"2022-08-09T20:56:14","slug":"cvm-processo-administrativo-gol-goll4","status":"publish","type":"post","link":"https:\/\/www.suno.com.br\/noticias\/cvm-processo-administrativo-gol-goll4\/","title":{"rendered":"CVM entra com processo administrativo sobre pedido de OPA da Gol (GOLL4) e Avianca"},"content":{"rendered":"<p>A <a class=\"suno-keyword\" href=\"https:\/\/www.suno.com.br\/artigos\/cvm\/\" target=\"_blank\" rel=\"noopener\" data-force=\"no\" data-priority=\"2\">Comiss\u00e3o de Valores Mobili\u00e1rios (CVM)<\/a> informou nesta ter\u00e7a-feira (9) que abriu processo administrativo sobre o pedido da Associa\u00e7\u00e3o Brasileira de Investidores (Abradin) de\u00a0uma <a class=\"suno-keyword\" href=\"https:\/\/www.suno.com.br\/artigos\/oferta-publica-aquisicao\/\" target=\"_blank\" rel=\"noopener\" data-force=\"no\" data-priority=\"1\">oferta p\u00fablica de aquisi\u00e7\u00e3o<\/a> de a\u00e7\u00f5es (OPA) da <a class=\"suno-keyword\" href=\"https:\/\/www.suno.com.br\/acoes\/GOLL4\/\" target=\"_blank\" rel=\"noopener\" data-force=\"yes\" data-priority=\"2\"><strong>Gol<\/strong> (GOLL4)<\/a> na opera\u00e7\u00e3o que coloca a companhia a\u00e9rea brasileira e a colombiana Avianca sob uma mesma holding.<\/p>\t<div class=\"wrapper-featured-image\">\n\t\t<figure class=\"spotlightImg\">\n\n\t\t\t<picture>\n\t\t\t\t<source media=\"(max-width: 768px)\" srcset=\"https:\/\/files.sunoresearch.com.br\/n\/uploads\/2021\/03\/572e196e-gol-5-400x200.webp\">\n\t\t\t\t<img loading=\"lazy\" decoding=\"async\" class=\"newsContent__article__imgCapa lazyloadDisabled \" src=\"https:\/\/files.sunoresearch.com.br\/n\/uploads\/2021\/03\/572e196e-gol-5-800x450.webp\" width=\"800\" height=\"450\" alt=\"CVM entra com processo administrativo sobre pedido de OPA da Gol (GOLL4) e Avianca\" fetchpriority=high \/>\n\t\t\t<\/picture>\n\n\t\t\t<figcaption class=\"wp-caption-text wp-caption-text--show\">Foto: Divulga\u00e7\u00e3o\/ Gol <\/figcaption>\n\t\t<\/figure>\n\t<\/div>\n\n\n\t<p>\n\t\t<a href=\"\" target=\"_blank\" data-element=\"shortcode-suno-banner\" title=\"Banner SUNO, clique e saiba mais\">\n\t\t\t<picture>\n\t\t\t\t<source media=\"(max-width: 500px)\" srcset=\"\">\n\t\t\t\t<img class=\"newsContent__article__imgCapa newsContent__article__imgCapa--banner\"\n\t\t\t\t\tsrc=\"\"\n\t\t\t\t\tdata-promo-id=\"265381\"\t\t\t\t\t\t\t\t\t\t\t\t\t\t\talt=\"\"\n\t\t\t\t>\n\t\t\t<\/picture>\n\t\t<\/a>\n\t<\/p>\n\n\n<p>Em maio, a Gol comunicou ao mercado que o <strong>MOBI<\/strong> FIA, da fam\u00edlia Constantino, que controla a companhia a\u00e9rea, celebrou acordo para criar uma holding chamada <strong>Grupo Abra<\/strong>, em conjunto com os principais acionistas da <strong>Avianca Holding<\/strong>.<\/p>\n<p>O Grupo Abra tem sede no Pa\u00eds de Gales e seria o controlador de ambas as empresas.<\/p>\n<p>Procurada pela Ag\u00eancia Reuters, a Gol afirmou que o MOBI n\u00e3o vai alienar qualquer a\u00e7\u00e3o da companhia a\u00e9rea e que os atuais acionistas controladores permanecer\u00e3o integrando o comando da companhia, por meio do <a class=\"suno-keyword\" href=\"https:\/\/www.suno.com.br\/artigos\/acordo-de-acionistas\/\" target=\"_blank\" rel=\"noopener\" data-force=\"no\" data-priority=\"1\">acordo de acionistas<\/a> a ser firmado.<\/p>\n<p>De acordo com a resposta da Gol, a a\u00e9rea n\u00e3o \u00e9 obrigada a realizar a OPA. \u201cSegundo informado pelos assessores legais do MOBI, nos termos da legisla\u00e7\u00e3o em vigor no Brasil, n\u00e3o h\u00e1 obriga\u00e7\u00e3o de se realizar uma oferta p\u00fablica de a\u00e7\u00f5es para aquisi\u00e7\u00e3o de a\u00e7\u00f5es da Gol\u201d, disse, em nota \u00e0 Reuters.<\/p>\n<p>Na reclama\u00e7\u00e3o enviada \u00e0 CVM em julho, a <strong>Abradin<\/strong> pediu que n\u00e3o seja autorizada a \u201ctransfer\u00eancia de a\u00e7\u00f5es do controlador da Gol, MOBI FIA, para a nova holding sem que seja estabelecida uma OPA a ser feita pelo novo controlador por justo valor econ\u00f4mico a ser calculado\u201d.<\/p>\n\t<p>\n\t\t<a href=\"https:\/\/lp.suno.com.br\/planilha-controle-gastos\/\" target=\"_blank\" data-element=\"shortcode-suno-banner\" title=\"Banner SUNO, clique e saiba mais\">\n\t\t\t<picture>\n\t\t\t\t<source media=\"(max-width: 500px)\" srcset=\"https:\/\/files.sunoresearch.com.br\/n\/uploads\/2023\/03\/400x300-Planilha-controle-de-gastos.png\">\n\t\t\t\t<img class=\"newsContent__article__imgCapa newsContent__article__imgCapa--banner\"\n\t\t\t\t\tsrc=\"https:\/\/files.sunoresearch.com.br\/n\/uploads\/2023\/03\/1420x240-Planilha-controle-de-gastos.png\"\n\t\t\t\t\tdata-promo-id=\"101751\"\t\t\t\t\t\t\t\t\t\twidth='1420' height='240'\t\t\t\t\talt=\"https:\/\/files.sunoresearch.com.br\/n\/uploads\/2023\/03\/1420x240-Planilha-controle-de-gastos.png\"\n\t\t\t\t>\n\t\t\t<\/picture>\n\t\t<\/a>\n\t<\/p>\n\n\n<h2>Entenda a holding com a Gol e Avianca<\/h2>\n<p>A\u00a0<strong>Gol<\/strong>\u00a0(<a href=\"https:\/\/www.suno.com.br\/acoes\/goll4\/\">GOLL4<\/a>) e a Avianca fecharam um acordo para criar a\u00a0<a href=\"https:\/\/www.suno.com.br\/artigos\/o-que-e-uma-holding\/\">holding<\/a>\u00a0Grupo Abra, mirando ser \u201cum grupo l\u00edder em transporte a\u00e9reo na Am\u00e9rica Latina\u201d, segundo comunicado oficial. Al\u00e9m das duas companhias, o novo grupo tamb\u00e9m ter\u00e1 participa\u00e7\u00e3o nas empresas Viva, da Col\u00f4mbia, e Sky Airline, do Chile.<\/p>\n<p>Tanto a Gol quando a\u00a0<strong>Avianca<\/strong>\u00a0manter\u00e3o suas opera\u00e7\u00f5es independentes, ou seja, a mudan\u00e7a n\u00e3o ir\u00e1 alterar a operacionaliza\u00e7\u00e3o das empresas na \u2018ponta\u2019, s\u00f3 tornar\u00e1 ambas controladas por um mesmo grupo e membros de um\u00a0<a href=\"https:\/\/www.suno.com.br\/artigos\/capital-social\/\">mesmo quadro societ\u00e1rio<\/a>.<\/p>\n<p>\u201cO\u00a0<strong>Abra<\/strong>\u00a0fornecer\u00e1 uma plataforma para que as companhias a\u00e9reas\u00a0<a href=\"https:\/\/www.suno.com.br\/artigos\/margem-bruta\/\">reduzam ainda mais os custos<\/a>, obtenham maiores economias de escala, continuem a operar uma frota de aeronaves de \u00faltima gera\u00e7\u00e3o e expandam suas rotas, servi\u00e7os, ofertas de produtos e programas de fidelidade\u201d, diz o comunicado.<\/p>\n\t<p>\n\t\t<a href=\"https:\/\/lp.suno.com.br\/ebook-como-analisar-uma-acao\/\" target=\"_blank\" data-element=\"shortcode-suno-banner\" title=\"Banner SUNO, clique e saiba mais\">\n\t\t\t<picture>\n\t\t\t\t<source media=\"(max-width: 500px)\" srcset=\"https:\/\/files.sunoresearch.com.br\/n\/uploads\/2023\/03\/Ebook-Acoes-Mobile-1.jpg\">\n\t\t\t\t<img class=\"newsContent__article__imgCapa newsContent__article__imgCapa--banner\"\n\t\t\t\t\tsrc=\"https:\/\/files.sunoresearch.com.br\/n\/uploads\/2023\/03\/Ebook-Acoes-Desktop-1.jpg\"\n\t\t\t\t\tdata-promo-id=\"171998\"\t\t\t\t\t\t\t\t\t\twidth='1420' height='286'\t\t\t\t\talt=\"https:\/\/files.sunoresearch.com.br\/n\/uploads\/2023\/03\/Ebook-Acoes-Desktop-1.jpg\"\n\t\t\t\t>\n\t\t\t<\/picture>\n\t\t<\/a>\n\t<\/p>\n\n\n<p>Ainda de acordo com o documento, \u201co Grupo Abra ser\u00e1 co-controlado pelos principais acionistas da Avianca e pelo acionista controlador da Gol, al\u00e9m de ser liderado por executivos com larga experi\u00eancia em transporte a\u00e9reo, em atua\u00e7\u00e3o regional, longa trajet\u00f3ria de empreendedorismo e constru\u00e7\u00e3o de marcas e um hist\u00f3rico comprovado de crescimento e transforma\u00e7\u00f5es bem-sucedidas de companhias a\u00e9reas\u201d.<\/p>\n<p>O\u00a0 acordo foi assinado entre os principais acionistas da Avianca e o\u00a0<a class=\"suno-keyword\" href=\"https:\/\/www.suno.com.br\/artigos\/acionista-controlador\/\" target=\"_blank\" rel=\"noopener\" data-force=\"no\" data-priority=\"1\">acionista controlador<\/a>\u00a0da Gol, que veem no\u00a0<strong>Grupo Abra\u00a0<\/strong>uma oportunidade de aumentar sinergias e manter uma participa\u00e7\u00e3o de mercado (<a href=\"https:\/\/www.suno.com.br\/artigos\/market-share\/\">market share<\/a>) maior.<\/p>\n<p>No final de julho, <a class=\"suno-keyword\" href=\"https:\/\/www.suno.com.br\/acoes\/GOLL4\/\" target=\"_blank\" rel=\"noopener\" data-force=\"yes\" data-priority=\"2\"><strong>Gol<\/strong>\u00a0(GOLL4)<\/a>\u00a0reportou um preju\u00edzo l\u00edquido de R$ 2,85 bilh\u00f5es no acumulado do segundo trimestre (2T22). Com isso, a companhia reverte o lucro de R$ 642 milh\u00f5es que foi registrado em igual per\u00edodo no ano anterior.<\/p>\n<p>No semestre, segundo o\u00a0<a href=\"https:\/\/www.rad.cvm.gov.br\/ENET\/frmExibirArquivoIPEExterno.aspx?NumeroProtocoloEntrega=1000980\"><strong>balan\u00e7o da Gol<\/strong><\/a>, s\u00e3o R$ 1,13 bilh\u00e3o de lucro l\u00edquido. J\u00e1 em 2021, no acumulado dos primeiros seis meses, a companhia a\u00e9rea registrou R$ 1,88 bilh\u00e3o em preju\u00edzo.<\/p>\n<p>O preju\u00edzo l\u00edquido recorrente da companhia foi de R$ 620,8 milh\u00f5es no trimestre, retra\u00e7\u00e3o de 51,7% ante o preju\u00edzo n\u00famero de 2T21.<\/p>\n<p>O\u00a0<a href=\"https:\/\/www.suno.com.br\/artigos\/ebitda\/\">lucro antes juros, impostos, deprecia\u00e7\u00e3o e amortiza\u00e7\u00e3o (Ebitda, na sigla em ingl\u00eas)<\/a>\u00a0recorrente foi positivo em R$ 439 milh\u00f5es no per\u00edodo, revertendo os R$ 547,4 milh\u00f5es negativos que a Gol registrou no 2T21.<\/p>\n<p>A margem Ebitda da companhia foi de 13,5% no trimestre, ante 53,2% de margem negativa no 2T21.<\/p>\n\t<p>\n\t\t<a href=\"https:\/\/lp.suno.com.br\/planilha-de-controle-de-investimentos\/\" target=\"_blank\" data-element=\"shortcode-suno-banner\" title=\"Banner SUNO, clique e saiba mais\">\n\t\t\t<picture>\n\t\t\t\t<source media=\"(max-width: 500px)\" srcset=\"https:\/\/files.sunoresearch.com.br\/n\/uploads\/2023\/03\/400x300-Controle-de-Investimentos.png\">\n\t\t\t\t<img class=\"newsContent__article__imgCapa newsContent__article__imgCapa--banner\"\n\t\t\t\t\tsrc=\"https:\/\/files.sunoresearch.com.br\/n\/uploads\/2023\/03\/1420x240-Controle-de-Investimentos.png\"\n\t\t\t\t\tdata-promo-id=\"75934\"\t\t\t\t\t\t\t\t\t\twidth='1420' height='240'\t\t\t\t\talt=\"https:\/\/files.sunoresearch.com.br\/n\/uploads\/2023\/03\/1420x240-Controle-de-Investimentos.png\"\n\t\t\t\t>\n\t\t\t<\/picture>\n\t\t<\/a>\n\t<\/p>\n\n\n","protected":false},"excerpt":{"rendered":"<p>A Comiss\u00e3o de Valores Mobili\u00e1rios (CVM) informou nesta ter\u00e7a-feira (9) que abriu processo administrativo sobre o pedido da Associa\u00e7\u00e3o Brasileira de Investidores (Abradin) de\u00a0uma oferta p\u00fablica de aquisi\u00e7\u00e3o de a\u00e7\u00f5es (OPA) da Gol (GOLL4) na opera\u00e7\u00e3o que coloca a companhia a\u00e9rea brasileira e a colombiana Avianca sob uma mesma holding. Foto: Divulga\u00e7\u00e3o\/ Gol Em maio, [&hellip;]<\/p>\n","protected":false},"author":146,"featured_media":138123,"comment_status":"closed","ping_status":"closed","sticky":false,"template":"","format":"standard","meta":[],"categories":[64],"tags":[902,489],"suno_strategy":[],"class_list":["post-283151","post","type-post","status-publish","format-standard","has-post-thumbnail","hentry","category-negocios","tag-comissao-de-valores-mobiliarios-cvm","tag-gol-linhas-aereas-goll11-goll4"],"yoast_head":"<!-- This site is optimized with the Yoast SEO plugin v24.4 - https:\/\/yoast.com\/wordpress\/plugins\/seo\/ -->\n<title>CVM entra com processo administrativo sobre OPA da Gol (GOLL4)<\/title>\n<meta name=\"description\" content=\"A CVM entrou com processo administrativo a respeito de forma\u00e7\u00e3o de OPA da Gol (GOLL4), que criar\u00e1 holding com Avianca.\" \/>\n<meta name=\"robots\" content=\"index, follow, max-snippet:-1, max-image-preview:large, max-video-preview:-1\" \/>\n<link rel=\"canonical\" href=\"https:\/\/www.suno.com.br\/noticias\/cvm-processo-administrativo-gol-goll4\/\" \/>\n<meta property=\"og:locale\" content=\"pt_BR\" \/>\n<meta property=\"og:type\" content=\"article\" \/>\n<meta property=\"og:title\" content=\"CVM entra com processo administrativo sobre OPA da Gol (GOLL4)\" \/>\n<meta property=\"og:description\" content=\"A CVM entrou com processo administrativo a respeito de forma\u00e7\u00e3o de OPA da Gol (GOLL4), que criar\u00e1 holding com Avianca.\" \/>\n<meta property=\"og:url\" content=\"https:\/\/www.suno.com.br\/noticias\/cvm-processo-administrativo-gol-goll4\/\" \/>\n<meta property=\"og:site_name\" content=\"Suno Not\u00edcias\" \/>\n<meta property=\"article:publisher\" content=\"https:\/\/facebook.com\/sunoresearch\" \/>\n<meta property=\"og:image\" content=\"https:\/\/files.sunoresearch.com.br\/n\/uploads\/2021\/03\/572e196e-gol-5.jpg\" \/>\n\t<meta property=\"og:image:width\" content=\"1200\" \/>\n\t<meta property=\"og:image:height\" content=\"857\" \/>\n\t<meta property=\"og:image:type\" content=\"image\/jpeg\" \/>\n<meta name=\"author\" content=\"Vict\u00f3ria Anhesini\" \/>\n<meta name=\"twitter:card\" content=\"summary_large_image\" \/>\n<meta name=\"twitter:creator\" content=\"@sunoresearch\" \/>\n<meta name=\"twitter:site\" content=\"@sunoresearch\" \/>\n<meta name=\"twitter:label1\" content=\"Escrito por\" \/>\n\t<meta name=\"twitter:data1\" content=\"Vict\u00f3ria Anhesini\" \/>\n\t<meta name=\"twitter:label2\" content=\"Est. tempo de leitura\" \/>\n\t<meta name=\"twitter:data2\" content=\"4 minutos\" \/>\n<script type=\"application\/ld+json\" class=\"yoast-schema-graph\">{\"@context\":\"https:\/\/schema.org\",\"@graph\":[{\"@type\":\"NewsArticle\",\"@id\":\"https:\/\/www.suno.com.br\/noticias\/cvm-processo-administrativo-gol-goll4\/#article\",\"isPartOf\":{\"@id\":\"https:\/\/www.suno.com.br\/noticias\/cvm-processo-administrativo-gol-goll4\/\"},\"author\":{\"name\":\"Vict\u00f3ria Anhesini\",\"@id\":\"https:\/\/www.suno.com.br\/noticias\/#\/schema\/person\/46d847cb19ad53fde0857adca989c23f\"},\"headline\":\"CVM entra com processo administrativo sobre pedido de OPA da Gol (GOLL4) e Avianca\",\"datePublished\":\"2022-08-09T20:56:14+00:00\",\"mainEntityOfPage\":{\"@id\":\"https:\/\/www.suno.com.br\/noticias\/cvm-processo-administrativo-gol-goll4\/\"},\"wordCount\":713,\"publisher\":{\"@id\":\"https:\/\/www.suno.com.br\/noticias\/#organization\"},\"image\":{\"@id\":\"https:\/\/www.suno.com.br\/noticias\/cvm-processo-administrativo-gol-goll4\/#primaryimage\"},\"thumbnailUrl\":\"https:\/\/files.sunoresearch.com.br\/n\/uploads\/2021\/03\/572e196e-gol-5-jpg.webp\",\"keywords\":[\"Comiss\u00e3o de Valores Mobili\u00e1rios (CVM)\",\"Gol Linhas A\u00e9reas (GOLL11\/GOLL4)\"],\"articleSection\":[\"Neg\u00f3cios\"],\"inLanguage\":\"pt-BR\"},{\"@type\":\"WebPage\",\"@id\":\"https:\/\/www.suno.com.br\/noticias\/cvm-processo-administrativo-gol-goll4\/\",\"url\":\"https:\/\/www.suno.com.br\/noticias\/cvm-processo-administrativo-gol-goll4\/\",\"name\":\"CVM entra com processo administrativo sobre OPA da Gol (GOLL4)\",\"isPartOf\":{\"@id\":\"https:\/\/www.suno.com.br\/noticias\/#website\"},\"primaryImageOfPage\":{\"@id\":\"https:\/\/www.suno.com.br\/noticias\/cvm-processo-administrativo-gol-goll4\/#primaryimage\"},\"image\":{\"@id\":\"https:\/\/www.suno.com.br\/noticias\/cvm-processo-administrativo-gol-goll4\/#primaryimage\"},\"thumbnailUrl\":\"https:\/\/files.sunoresearch.com.br\/n\/uploads\/2021\/03\/572e196e-gol-5-jpg.webp\",\"datePublished\":\"2022-08-09T20:56:14+00:00\",\"description\":\"A CVM entrou com processo administrativo a respeito de forma\u00e7\u00e3o de OPA da Gol (GOLL4), que criar\u00e1 holding com Avianca.\",\"breadcrumb\":{\"@id\":\"https:\/\/www.suno.com.br\/noticias\/cvm-processo-administrativo-gol-goll4\/#breadcrumb\"},\"inLanguage\":\"pt-BR\",\"potentialAction\":[{\"@type\":\"ReadAction\",\"target\":[\"https:\/\/www.suno.com.br\/noticias\/cvm-processo-administrativo-gol-goll4\/\"]}]},{\"@type\":\"ImageObject\",\"inLanguage\":\"pt-BR\",\"@id\":\"https:\/\/www.suno.com.br\/noticias\/cvm-processo-administrativo-gol-goll4\/#primaryimage\",\"url\":\"https:\/\/files.sunoresearch.com.br\/n\/uploads\/2021\/03\/572e196e-gol-5-jpg.webp\",\"contentUrl\":\"https:\/\/files.sunoresearch.com.br\/n\/uploads\/2021\/03\/572e196e-gol-5-jpg.webp\",\"width\":1200,\"height\":857,\"caption\":\"Foto: Divulga\u00e7\u00e3o\/ Gol\"},{\"@type\":\"BreadcrumbList\",\"@id\":\"https:\/\/www.suno.com.br\/noticias\/cvm-processo-administrativo-gol-goll4\/#breadcrumb\",\"itemListElement\":[{\"@type\":\"ListItem\",\"position\":1,\"name\":\"Not\u00edcias\",\"item\":\"https:\/\/www.suno.com.br\/noticias\/\"},{\"@type\":\"ListItem\",\"position\":2,\"name\":\"Neg\u00f3cios\",\"item\":\"https:\/\/www.suno.com.br\/noticias\/negocios\/\"},{\"@type\":\"ListItem\",\"position\":3,\"name\":\"CVM entra com processo administrativo sobre pedido de OPA da Gol (GOLL4) e Avianca\"}]},{\"@type\":\"WebSite\",\"@id\":\"https:\/\/www.suno.com.br\/noticias\/#website\",\"url\":\"https:\/\/www.suno.com.br\/noticias\/\",\"name\":\"Suno Not\u00edcias\",\"description\":\"Seu portal de informa\u00e7\u00e3o sobre o mundo dos investimentos\",\"publisher\":{\"@id\":\"https:\/\/www.suno.com.br\/noticias\/#organization\"},\"potentialAction\":[{\"@type\":\"SearchAction\",\"target\":{\"@type\":\"EntryPoint\",\"urlTemplate\":\"https:\/\/www.suno.com.br\/noticias\/?s={search_term_string}\"},\"query-input\":{\"@type\":\"PropertyValueSpecification\",\"valueRequired\":true,\"valueName\":\"search_term_string\"}}],\"inLanguage\":\"pt-BR\"},{\"@type\":\"Organization\",\"@id\":\"https:\/\/www.suno.com.br\/noticias\/#organization\",\"name\":\"Suno Not\u00edcias\",\"url\":\"https:\/\/www.suno.com.br\/noticias\/\",\"logo\":{\"@type\":\"ImageObject\",\"inLanguage\":\"pt-BR\",\"@id\":\"https:\/\/www.suno.com.br\/noticias\/#\/schema\/logo\/image\/\",\"url\":\"https:\/\/files.sunoresearch.com.br\/n\/uploads\/2021\/09\/suno-logo.png\",\"contentUrl\":\"https:\/\/files.sunoresearch.com.br\/n\/uploads\/2021\/09\/suno-logo.png\",\"width\":180,\"height\":180,\"caption\":\"Suno Not\u00edcias\"},\"image\":{\"@id\":\"https:\/\/www.suno.com.br\/noticias\/#\/schema\/logo\/image\/\"},\"sameAs\":[\"https:\/\/facebook.com\/sunoresearch\",\"https:\/\/x.com\/sunoresearch\",\"https:\/\/www.instagram.com\/suno\",\"https:\/\/www.linkedin.com\/company\/suno-research\/\",\"https:\/\/www.youtube.com\/c\/sunoresearch\"]},{\"@type\":\"Person\",\"@id\":\"https:\/\/www.suno.com.br\/noticias\/#\/schema\/person\/46d847cb19ad53fde0857adca989c23f\",\"name\":\"Vict\u00f3ria Anhesini\",\"image\":{\"@type\":\"ImageObject\",\"inLanguage\":\"pt-BR\",\"@id\":\"https:\/\/www.suno.com.br\/noticias\/#\/schema\/person\/image\/\",\"url\":\"https:\/\/secure.gravatar.com\/avatar\/0172bdfcd9129dd9dd68794804304e6e?s=96&r=g\",\"contentUrl\":\"https:\/\/secure.gravatar.com\/avatar\/0172bdfcd9129dd9dd68794804304e6e?s=96&r=g\",\"caption\":\"Vict\u00f3ria Anhesini\"},\"description\":\"Rep\u00f3rter no Suno Not\u00edcias, cobre mercados, neg\u00f3cios e economia, escrevendo majoritariamente sobre movimentos das empresas, cobertura de balan\u00e7os trimestrais e Bolsa de Valores. Formada em jornalismo pela Universidade Presbiteriana Mackenzie em 2019, passou pelo portal de economia e finan\u00e7as EuQueroInvestir como rep\u00f3rter e anteriormente, trabalhou na assessoria de imprensa PinePR, onde liderou com startups de inova\u00e7\u00e3o, tecnologia e finan\u00e7as. Em seu tempo livre, fala sobre m\u00fasica para ambos os sites do selo ForMusic, Wikimetal e Mad Sound, e faz trabalho volunt\u00e1rio no programa Escreve Cartas do Poupatempo.\",\"sameAs\":[\"https:\/\/www.linkedin.com\/in\/victoria-anhesini\/\"],\"url\":\"https:\/\/www.suno.com.br\/noticias\/author\/victoria\/\"}]}<\/script>\n<!-- \/ Yoast SEO plugin. -->","yoast_head_json":{"title":"CVM entra com processo administrativo sobre OPA da Gol (GOLL4)","description":"A CVM entrou com processo administrativo a respeito de forma\u00e7\u00e3o de OPA da Gol (GOLL4), que criar\u00e1 holding com Avianca.","robots":{"index":"index","follow":"follow","max-snippet":"max-snippet:-1","max-image-preview":"max-image-preview:large","max-video-preview":"max-video-preview:-1"},"canonical":"https:\/\/www.suno.com.br\/noticias\/cvm-processo-administrativo-gol-goll4\/","og_locale":"pt_BR","og_type":"article","og_title":"CVM entra com processo administrativo sobre OPA da Gol (GOLL4)","og_description":"A CVM entrou com processo administrativo a respeito de forma\u00e7\u00e3o de OPA da Gol (GOLL4), que criar\u00e1 holding com Avianca.","og_url":"https:\/\/www.suno.com.br\/noticias\/cvm-processo-administrativo-gol-goll4\/","og_site_name":"Suno Not\u00edcias","article_publisher":"https:\/\/facebook.com\/sunoresearch","og_image":[{"width":1200,"height":857,"url":"https:\/\/files.sunoresearch.com.br\/n\/uploads\/2021\/03\/572e196e-gol-5.jpg","type":"image\/jpeg"}],"author":"Vict\u00f3ria Anhesini","twitter_card":"summary_large_image","twitter_creator":"@sunoresearch","twitter_site":"@sunoresearch","twitter_misc":{"Escrito por":"Vict\u00f3ria Anhesini","Est. tempo de leitura":"4 minutos"},"schema":{"@context":"https:\/\/schema.org","@graph":[{"@type":"NewsArticle","@id":"https:\/\/www.suno.com.br\/noticias\/cvm-processo-administrativo-gol-goll4\/#article","isPartOf":{"@id":"https:\/\/www.suno.com.br\/noticias\/cvm-processo-administrativo-gol-goll4\/"},"author":{"name":"Vict\u00f3ria Anhesini","@id":"https:\/\/www.suno.com.br\/noticias\/#\/schema\/person\/46d847cb19ad53fde0857adca989c23f"},"headline":"CVM entra com processo administrativo sobre pedido de OPA da Gol (GOLL4) e Avianca","datePublished":"2022-08-09T20:56:14+00:00","mainEntityOfPage":{"@id":"https:\/\/www.suno.com.br\/noticias\/cvm-processo-administrativo-gol-goll4\/"},"wordCount":713,"publisher":{"@id":"https:\/\/www.suno.com.br\/noticias\/#organization"},"image":{"@id":"https:\/\/www.suno.com.br\/noticias\/cvm-processo-administrativo-gol-goll4\/#primaryimage"},"thumbnailUrl":"https:\/\/files.sunoresearch.com.br\/n\/uploads\/2021\/03\/572e196e-gol-5-jpg.webp","keywords":["Comiss\u00e3o de Valores Mobili\u00e1rios (CVM)","Gol Linhas A\u00e9reas (GOLL11\/GOLL4)"],"articleSection":["Neg\u00f3cios"],"inLanguage":"pt-BR"},{"@type":"WebPage","@id":"https:\/\/www.suno.com.br\/noticias\/cvm-processo-administrativo-gol-goll4\/","url":"https:\/\/www.suno.com.br\/noticias\/cvm-processo-administrativo-gol-goll4\/","name":"CVM entra com processo administrativo sobre OPA da Gol (GOLL4)","isPartOf":{"@id":"https:\/\/www.suno.com.br\/noticias\/#website"},"primaryImageOfPage":{"@id":"https:\/\/www.suno.com.br\/noticias\/cvm-processo-administrativo-gol-goll4\/#primaryimage"},"image":{"@id":"https:\/\/www.suno.com.br\/noticias\/cvm-processo-administrativo-gol-goll4\/#primaryimage"},"thumbnailUrl":"https:\/\/files.sunoresearch.com.br\/n\/uploads\/2021\/03\/572e196e-gol-5-jpg.webp","datePublished":"2022-08-09T20:56:14+00:00","description":"A CVM entrou com processo administrativo a respeito de forma\u00e7\u00e3o de OPA da Gol (GOLL4), que criar\u00e1 holding com Avianca.","breadcrumb":{"@id":"https:\/\/www.suno.com.br\/noticias\/cvm-processo-administrativo-gol-goll4\/#breadcrumb"},"inLanguage":"pt-BR","potentialAction":[{"@type":"ReadAction","target":["https:\/\/www.suno.com.br\/noticias\/cvm-processo-administrativo-gol-goll4\/"]}]},{"@type":"ImageObject","inLanguage":"pt-BR","@id":"https:\/\/www.suno.com.br\/noticias\/cvm-processo-administrativo-gol-goll4\/#primaryimage","url":"https:\/\/files.sunoresearch.com.br\/n\/uploads\/2021\/03\/572e196e-gol-5-jpg.webp","contentUrl":"https:\/\/files.sunoresearch.com.br\/n\/uploads\/2021\/03\/572e196e-gol-5-jpg.webp","width":1200,"height":857,"caption":"Foto: Divulga\u00e7\u00e3o\/ Gol"},{"@type":"BreadcrumbList","@id":"https:\/\/www.suno.com.br\/noticias\/cvm-processo-administrativo-gol-goll4\/#breadcrumb","itemListElement":[{"@type":"ListItem","position":1,"name":"Not\u00edcias","item":"https:\/\/www.suno.com.br\/noticias\/"},{"@type":"ListItem","position":2,"name":"Neg\u00f3cios","item":"https:\/\/www.suno.com.br\/noticias\/negocios\/"},{"@type":"ListItem","position":3,"name":"CVM entra com processo administrativo sobre pedido de OPA da Gol (GOLL4) e Avianca"}]},{"@type":"WebSite","@id":"https:\/\/www.suno.com.br\/noticias\/#website","url":"https:\/\/www.suno.com.br\/noticias\/","name":"Suno Not\u00edcias","description":"Seu portal de informa\u00e7\u00e3o sobre o mundo dos investimentos","publisher":{"@id":"https:\/\/www.suno.com.br\/noticias\/#organization"},"potentialAction":[{"@type":"SearchAction","target":{"@type":"EntryPoint","urlTemplate":"https:\/\/www.suno.com.br\/noticias\/?s={search_term_string}"},"query-input":{"@type":"PropertyValueSpecification","valueRequired":true,"valueName":"search_term_string"}}],"inLanguage":"pt-BR"},{"@type":"Organization","@id":"https:\/\/www.suno.com.br\/noticias\/#organization","name":"Suno Not\u00edcias","url":"https:\/\/www.suno.com.br\/noticias\/","logo":{"@type":"ImageObject","inLanguage":"pt-BR","@id":"https:\/\/www.suno.com.br\/noticias\/#\/schema\/logo\/image\/","url":"https:\/\/files.sunoresearch.com.br\/n\/uploads\/2021\/09\/suno-logo.png","contentUrl":"https:\/\/files.sunoresearch.com.br\/n\/uploads\/2021\/09\/suno-logo.png","width":180,"height":180,"caption":"Suno Not\u00edcias"},"image":{"@id":"https:\/\/www.suno.com.br\/noticias\/#\/schema\/logo\/image\/"},"sameAs":["https:\/\/facebook.com\/sunoresearch","https:\/\/x.com\/sunoresearch","https:\/\/www.instagram.com\/suno","https:\/\/www.linkedin.com\/company\/suno-research\/","https:\/\/www.youtube.com\/c\/sunoresearch"]},{"@type":"Person","@id":"https:\/\/www.suno.com.br\/noticias\/#\/schema\/person\/46d847cb19ad53fde0857adca989c23f","name":"Vict\u00f3ria Anhesini","image":{"@type":"ImageObject","inLanguage":"pt-BR","@id":"https:\/\/www.suno.com.br\/noticias\/#\/schema\/person\/image\/","url":"https:\/\/secure.gravatar.com\/avatar\/0172bdfcd9129dd9dd68794804304e6e?s=96&r=g","contentUrl":"https:\/\/secure.gravatar.com\/avatar\/0172bdfcd9129dd9dd68794804304e6e?s=96&r=g","caption":"Vict\u00f3ria Anhesini"},"description":"Rep\u00f3rter no Suno Not\u00edcias, cobre mercados, neg\u00f3cios e economia, escrevendo majoritariamente sobre movimentos das empresas, cobertura de balan\u00e7os trimestrais e Bolsa de Valores. Formada em jornalismo pela Universidade Presbiteriana Mackenzie em 2019, passou pelo portal de economia e finan\u00e7as EuQueroInvestir como rep\u00f3rter e anteriormente, trabalhou na assessoria de imprensa PinePR, onde liderou com startups de inova\u00e7\u00e3o, tecnologia e finan\u00e7as. Em seu tempo livre, fala sobre m\u00fasica para ambos os sites do selo ForMusic, Wikimetal e Mad Sound, e faz trabalho volunt\u00e1rio no programa Escreve Cartas do Poupatempo.","sameAs":["https:\/\/www.linkedin.com\/in\/victoria-anhesini\/"],"url":"https:\/\/www.suno.com.br\/noticias\/author\/victoria\/"}]}},"default_loop_html":"<div class=\"cardsPage__listCard__boxs\"><div class=\"cardsPage__listCard__boxs__img\"><a href=\"https:\/\/www.suno.com.br\/noticias\/cvm-processo-administrativo-gol-goll4\/\"><img class=\"mask\" src=\"https:\/\/www.suno.com.br\/noticias\/wp-content\/themes\/suno\/resources\/images\/spotlight\/spotlight1img\/bg-mask.png\" alt=\"Image Mask\"\/><img src=\"https:\/\/files.sunoresearch.com.br\/n\/uploads\/2021\/03\/572e196e-gol-5-400x200.webp\" alt=\"CVM entra com processo administrativo sobre pedido de OPA da Gol (GOLL4) e Avianca\"\/><\/a><span class=\"spotlightCategory\"><a href=\"https:\/\/www.suno.com.br\/noticias\/negocios\/\">Neg\u00f3cios<\/a><\/span><\/div><div class=\"cardsPage__listCard__boxs__content\"><a href=\"https:\/\/www.suno.com.br\/noticias\/cvm-processo-administrativo-gol-goll4\/\"><h2 class=\"content__title\">CVM entra com processo administrativo sobre pedido de OPA da Gol (GOLL4) e Avianca<\/h2><\/a><div class=\"newsContent__article__meta\"><div class=\"newsContent__article__meta__authorBox\"><a href=\"https:\/\/www.suno.com.br\/noticias\/author\/victoria\/\" class=\"authorBox__avatar noMobi\"><img src=\"https:\/\/files.sunoresearch.com.br\/n\/uploads\/2021\/12\/20190129VickyPINEAPPLE01-1-150x150.jpg\" alt=\"Vict\u00f3ria Anhesini\"><\/a><div class=\"authorBox__name\"><span>por\n\t\t\t<a href=\"https:\/\/www.suno.com.br\/noticias\/author\/victoria\/\"><span itemprop=\"author\">Vict\u00f3ria Anhesini<\/span><\/a><\/span><time datetime=\"2022-08-09T17:56:14-03:00\" itemprop=\"datePublished\">09\/08\/2022 17:56<\/time><\/div><\/div><\/div><\/div><\/div>","single_layout":"posts","amp_enabled":true,"_links":{"self":[{"href":"https:\/\/www.suno.com.br\/noticias\/wp-json\/wp\/v2\/posts\/283151"}],"collection":[{"href":"https:\/\/www.suno.com.br\/noticias\/wp-json\/wp\/v2\/posts"}],"about":[{"href":"https:\/\/www.suno.com.br\/noticias\/wp-json\/wp\/v2\/types\/post"}],"author":[{"embeddable":true,"href":"https:\/\/www.suno.com.br\/noticias\/wp-json\/wp\/v2\/users\/146"}],"replies":[{"embeddable":true,"href":"https:\/\/www.suno.com.br\/noticias\/wp-json\/wp\/v2\/comments?post=283151"}],"version-history":[{"count":3,"href":"https:\/\/www.suno.com.br\/noticias\/wp-json\/wp\/v2\/posts\/283151\/revisions"}],"predecessor-version":[{"id":283217,"href":"https:\/\/www.suno.com.br\/noticias\/wp-json\/wp\/v2\/posts\/283151\/revisions\/283217"}],"wp:featuredmedia":[{"embeddable":true,"href":"https:\/\/www.suno.com.br\/noticias\/wp-json\/wp\/v2\/media\/138123"}],"wp:attachment":[{"href":"https:\/\/www.suno.com.br\/noticias\/wp-json\/wp\/v2\/media?parent=283151"}],"wp:term":[{"taxonomy":"category","embeddable":true,"href":"https:\/\/www.suno.com.br\/noticias\/wp-json\/wp\/v2\/categories?post=283151"},{"taxonomy":"post_tag","embeddable":true,"href":"https:\/\/www.suno.com.br\/noticias\/wp-json\/wp\/v2\/tags?post=283151"},{"taxonomy":"suno_strategy","embeddable":true,"href":"https:\/\/www.suno.com.br\/noticias\/wp-json\/wp\/v2\/suno_strategy?post=283151"}],"curies":[{"name":"wp","href":"https:\/\/api.w.org\/{rel}","templated":true}]}}