{"id":283125,"date":"2022-08-09T16:12:08","date_gmt":"2022-08-09T19:12:08","guid":{"rendered":"https:\/\/www.suno.com.br\/noticias\/?p=283125"},"modified":"2022-08-12T10:41:22","modified_gmt":"2022-08-12T13:41:22","slug":"via-viia3-expectativa-resultado-2t22","status":"publish","type":"post","link":"https:\/\/www.suno.com.br\/noticias\/via-viia3-expectativa-resultado-2t22\/","title":{"rendered":"Que fase! Mercado espera preju\u00edzo de R$ 115 milh\u00f5es para a Via (VIIA3) no 2T22"},"content":{"rendered":"<p>Com baixa de 44% nas a\u00e7\u00f5es em meio a um cen\u00e1rio considerado desfavor\u00e1vel pelos especialistas, a <strong>Via<\/strong> (<a href=\"https:\/\/www.suno.com.br\/acoes\/viia3\/\">VIIA3<\/a>) divulga seu balan\u00e7o na pr\u00f3xima quinta (11). A expectativa do consenso Bloomberg \u00e9 de que a varejista reporte um preju\u00edzo l\u00edquido de R$ 115 milh\u00f5es.<\/p><div class=\"videoFull videoFull--noRadius\">\n\t\t\t<div class=\"videoWrapper yt-lazyload center\"\n\t\t\t\tdata-width=\"960\"\n\t\t\t\tdata-height=\"540\"\n\t\t\t\tdata-id=\"bM18bnRN0JU\"\n\t\t\t\tdata-alt=\"Veja o Morning Call desta ter\u00e7a (09\/08)\"\n\t\t\t\tdata-logo=\"3\"\n\t\t\t\tdata-imagequality=\"maxres\">\n\t\t\t<\/div>\n\t\t<\/div><span class=\"videoFull__caption videoFull__caption--show\">Veja o Morning Call desta ter\u00e7a (09\/08)<p><\/p><\/span><script type=\"application\/ld+json\">{\"@context\":\"https:\/\/schema.org\",\"@type\":\"VideoObject\",\"name\":\"Balan\u00e7o do Ita\u00fa (ITUB4) e proje\u00e7\u00f5es no foco | IPCA: Maior defla\u00e7\u00e3o desde 1980 | Ata do Copom\",\"description\":\"Nesta manh\u00e3 de ter\u00e7a-feira (9), os investidores continuam analisando o ritmo do aperto monet\u00e1rio do Federal Reserve (Fed) dos EUA, \u00e0 medida que as bolsas de Nova York e da Europa operam mistas. Na agenda de hoje, os investidores aguardam mais uma rodada de resultados corporativos. Empresas como Workhorse, Capri Holdings e Ralph Lauren devem\u2026\",\"duration\":\"PT19M32S\",\"embedUrl\":\"https:\/\/www.youtube.com\/embed\/bM18bnRN0JU\",\"regionsAllowed\":\"pt-BR\",\"interactionStatistic\":{\"@type\":\"InteractionCounter\",\"interactionType\":{\"@type\":\"WatchAction\"},\"userInteractionCount\":4616},\"thumbnailUrl\":\"https:\/\/i.ytimg.com\/vi\/bM18bnRN0JU\/default.jpg\",\"uploadDate\":\"2022-08-09T12:33:54Z\"}<\/script>\n\n\t<p>\n\t\t<a href=\"\" target=\"_blank\" data-element=\"shortcode-suno-banner\" title=\"Banner SUNO, clique e saiba mais\">\n\t\t\t<picture>\n\t\t\t\t<source media=\"(max-width: 500px)\" srcset=\"\">\n\t\t\t\t<img class=\"newsContent__article__imgCapa newsContent__article__imgCapa--banner\"\n\t\t\t\t\tsrc=\"\"\n\t\t\t\t\tdata-promo-id=\"250707\"\t\t\t\t\t\t\t\t\t\t\t\t\t\t\talt=\"\"\n\t\t\t\t>\n\t\t\t<\/picture>\n\t\t<\/a>\n\t<\/p>\n\n\n<p>No \u00faltimo <strong>resultado da Via<\/strong>, referente ao primeiro trimestre de 2022, foram R$ 21 milh\u00f5es de <a class=\"suno-keyword\" href=\"https:\/\/www.suno.com.br\/artigos\/lucro-liquido\/\" target=\"_blank\" rel=\"noopener\" data-force=\"no\" data-priority=\"1\">lucro l\u00edquido<\/a>, ao passo que no segundo trimestre de 2021 a companhia teve R$ 132 milh\u00f5es de lucro.<\/p>\n<p>As expectativas com o balan\u00e7o v\u00eam em meio \u00e0s proje\u00e7\u00f5es pouco otimistas com o segmento de varejo. Com infla\u00e7\u00e3o de dois d\u00edgitos e um ciclo altista de juros &#8211; embora perto do fim, segundo as proje\u00e7\u00f5es -, analistas discutem a possibilidade de recupera\u00e7\u00e3o das varejistas que s\u00e3o vinculadas \u00e0s vendas de eletroeletr\u00f4nicos.<\/p>\n<p>O setor foi mais penalizado do que os demais &#8216;bra\u00e7os do varejo&#8217;, com retra\u00e7\u00e3o de 73% nas <a href=\"https:\/\/statusinvest.com.br\/acoes\/viia3\"><strong>a\u00e7\u00f5es da Via<\/strong><\/a> em 12 meses. Concorrentes como o <a class=\"suno-keyword\" href=\"https:\/\/www.suno.com.br\/acoes\/MGLU3\/\" target=\"_blank\" rel=\"noopener\" data-force=\"yes\" data-priority=\"2\">Magazine Luiza (MGLU3)<\/a> e a Americanas (<a href=\"https:\/\/www.suno.com.br\/acoes\/amer3\/\">AMER3<\/a>) sofrem quedas de 84% e 70% no mesmo per\u00edodo, respectivamente.<\/p>\n<figure id=\"attachment_283134\" aria-describedby=\"caption-attachment-283134\" style=\"width: 991px\" class=\"wp-caption aligncenter\"><img loading=\"lazy\" decoding=\"async\" class=\"size-full wp-image-283134\" src=\"https:\/\/files.sunoresearch.com.br\/n\/uploads\/2022\/08\/viia3.jpg\" alt=\"A\u00e7\u00f5es da Via caem 78% no acumulado dos \u00faltimos 12 meses - Reprodu\u00e7\u00e3o\/Status Invest\" width=\"991\" height=\"337\" srcset=\"https:\/\/files.sunoresearch.com.br\/n\/uploads\/2022\/08\/viia3.jpg 991w, https:\/\/files.sunoresearch.com.br\/n\/uploads\/2022\/08\/viia3-300x102.jpg 300w, https:\/\/files.sunoresearch.com.br\/n\/uploads\/2022\/08\/viia3-768x261.jpg 768w, https:\/\/files.sunoresearch.com.br\/n\/uploads\/2022\/08\/viia3-150x51.jpg 150w\" sizes=\"(max-width: 991px) 100vw, 991px\" \/><figcaption id=\"caption-attachment-283134\" class=\"wp-caption-text\">A\u00e7\u00f5es da Via caem 78% no acumulado dos \u00faltimos 12 meses &#8211; Reprodu\u00e7\u00e3o\/Status Invest<\/figcaption><\/figure>\n<p>Apesar da retra\u00e7\u00e3o ser menor no caso da Via, h\u00e1 expectativa de uma recupera\u00e7\u00e3o mais lenta e de resultados menos favor\u00e1veis no <a class=\"suno-keyword\" href=\"https:\/\/www.suno.com.br\/artigos\/curto-prazo\/\" target=\"_blank\" rel=\"noopener\" data-force=\"no\" data-priority=\"1\">curto prazo<\/a>.<\/p>\n<p>&#8220;A Via n\u00e3o disp\u00f5e de uma estrat\u00e9gia t\u00e3o bem definida no digital, tem muito trabalho a fazer nas lojas f\u00edsicas, e segue com uma alavancagem excessiva. N\u00e3o conta com a mesma reserva de caixa, o que pode demandar uma nova capitaliza\u00e7\u00e3o no curto prazo para conseguir competir com os principais players altamente capitalizados como Amazon, Magalu, Alibaba, entre outros&#8221;, comenta Idean Alves, s\u00f3cio e chefe da <a class=\"suno-keyword\" href=\"https:\/\/www.suno.com.br\/artigos\/mesa-de-operacoes\/\" target=\"_blank\" rel=\"noopener\" data-force=\"no\" data-priority=\"1\">mesa de opera\u00e7\u00f5es<\/a> da A\u00e7\u00e3o Brasil Investimentos.<\/p>\n<h3>Previs\u00e3o do Consenso Bloomberg para Via no 2T22<\/h3>\n<ul>\n<li>R$ 8,1 bilh\u00f5es de <a class=\"suno-keyword\" href=\"https:\/\/www.suno.com.br\/artigos\/o-que-receita-liquida\/\" target=\"_blank\" rel=\"noopener\" data-force=\"no\" data-priority=\"1\">receita l\u00edquida<\/a><\/li>\n<li>R$ 632 milh\u00f5es de Ebitda<\/li>\n<li>R$ 115 milh\u00f5es de preju\u00edzo l\u00edquido<\/li>\n<li>7,8% de <a class=\"suno-keyword\" href=\"https:\/\/www.suno.com.br\/artigos\/margem-ebitda\/\" target=\"_blank\" rel=\"noopener\" data-force=\"no\" data-priority=\"1\">Margem Ebitda<\/a><\/li>\n<\/ul>\n<p>Os analistas da XP Investimentos esperam &#8216;resultados fracos mais uma vez&#8217;.\u00a0A casa mant\u00e9m recomenda\u00e7\u00e3o neutra para <strong>VIIA3<\/strong> com <a class=\"suno-keyword\" href=\"https:\/\/www.suno.com.br\/artigos\/preco-alvo\/\" target=\"_blank\" rel=\"noopener\" data-force=\"no\" data-priority=\"1\">pre\u00e7o-alvo<\/a> de R$ 3 (ao passo que a cota\u00e7\u00e3o atual \u00e9 de R$ 2,70).<\/p>\n<p>&#8220;Esperamos que a Via reporte resultados fracos novamente, uma vez que a deteriora\u00e7\u00e3o macroecon\u00f4mica continua a impactar a demanda pela categoria de bens dur\u00e1veis. Como resultado, estimamos que o GMV [sigla em ingl\u00eas para Volume Bruto de Mercadoria] total caia 4% no comparativo anual. A melhor performance das lojas f\u00edsicas n\u00e3o foi suficiente para compensar o fraco desempenho do canal online, com o GMV em queda de 20% no acumulado anual&#8221;, dizem Fernando Ferreira, Jennie Li e Rebecca Nossig, em estimativa para o <strong>resultado do 2T22<\/strong>.<\/p>\n<p>A estimativa da corretora \u00e9 de que a varejista tenha R$ 131 milh\u00f5es de preju\u00edzo l\u00edquido, mostrando uma proje\u00e7\u00e3o de um cen\u00e1rio pior do que o apontado pelo consenso.<\/p>\n<figure id=\"attachment_283135\" aria-describedby=\"caption-attachment-283135\" style=\"width: 391px\" class=\"wp-caption aligncenter\"><img loading=\"lazy\" decoding=\"async\" class=\"size-full wp-image-283135\" src=\"https:\/\/files.sunoresearch.com.br\/n\/uploads\/2022\/08\/viia3-xp.jpg\" alt=\"XP Investimentos projeta preju\u00edzo acima do consenso para a Via no 2T22 - Foto: Reprodu\u00e7\u00e3o\/XP Investimentos\" width=\"391\" height=\"101\" srcset=\"https:\/\/files.sunoresearch.com.br\/n\/uploads\/2022\/08\/viia3-xp.jpg 391w, https:\/\/files.sunoresearch.com.br\/n\/uploads\/2022\/08\/viia3-xp-300x77.jpg 300w, https:\/\/files.sunoresearch.com.br\/n\/uploads\/2022\/08\/viia3-xp-150x39.jpg 150w\" sizes=\"(max-width: 391px) 100vw, 391px\" \/><figcaption id=\"caption-attachment-283135\" class=\"wp-caption-text\">XP Investimentos projeta preju\u00edzo acima do consenso para a Via no 2T22 &#8211; Foto: Reprodu\u00e7\u00e3o\/XP Investimentos<\/figcaption><\/figure>\n<p>&#8220;Quanto \u00e0 rentabilidade, esperamos uma <a class=\"suno-keyword\" href=\"https:\/\/www.suno.com.br\/artigos\/margem-bruta-entenda-sua-importancia\/\" target=\"_blank\" rel=\"noopener\" data-force=\"no\" data-priority=\"1\">margem bruta<\/a> est\u00e1vel, com retra\u00e7\u00e3o de 0,1 ponto percentual no comparativo com o 2T21, enquanto a margem EBITDA dever\u00e1 melhorar 2,3 ponto percentuais, pela redu\u00e7\u00e3o de despesas gerais e administrativas&#8221;, destaca a XP.<\/p>\n<p>Algumas proje\u00e7\u00f5es, vale destacar, apontam para uma recupera\u00e7\u00e3o de outros segmentos do varejo no curto e m\u00e9dio prazo. Gustavo Pazos, analista do time de Research da Warren, aponta que as vendas devem ser fracas de um modo geral e as empresas com p\u00fablico alvo de alta renda ter\u00e3o melhor desempenho.<\/p>\n<p>&#8220;Esperamos vendas fracas no <strong>varejo<\/strong> de uma forma geral. Temos uma vis\u00e3o pessimista para o setor. Na verdade, gostamos de alguns players de alta renda. Achamos que, se tiver alguma surpresa positiva no setor de varejo, ser\u00e1 no segmento de varejo de alta renda&#8221;, analisa.<\/p>\n\n\t<div data-element=\"shortcode-read-more\" class=\"readToo\">\n\t\t\t\t<span class=\"readToo__title\">Leia mais<\/span>\n\t\t\t\t<ul class=\"readToo__list\">\n\t\t\t<li><a href=\"https:\/\/www.suno.com.br\/noticias\/magazine-luiza-mglu3-2t22-resultado-projecao\/\">Magazine Luiza (MGLU3) ter\u00e1 preju\u00edzo acima de R$ 100 milh\u00f5es, dizem analistas<\/a><\/li><li><a href=\"https:\/\/www.suno.com.br\/noticias\/ata-do-copom-selic-tempo-alta\/\">Ata do Copom diz que Banco Central deve manter Selic alta por tempo &#8220;suficientemente longo&#8221;; veja an\u00e1lises<\/a><\/li><li><a href=\"https:\/\/www.suno.com.br\/noticias\/ipca-queda-julho-inflacao\/\">IPCA tem defla\u00e7\u00e3o de 0,68% em julho, menor taxa desde o in\u00edcio da s\u00e9rie hist\u00f3rica em 1980<\/a><\/li><li><a href=\"https:\/\/www.suno.com.br\/noticias\/investir-em-esg-no-brasil\/\">Investidores querem ESG e mercado financeiro faz li\u00e7\u00e3o de casa<\/a><\/li>\t\t<\/ul>\n\t<\/div>\n\n\n<p>Vendo maior problemas para pap\u00e9is como Via e Magalu, o especialista tem uma vis\u00e3o negativa para o e-commerce de um modo geral.<\/p>\n<p>&#8220;A demanda \u00e9 muito impactada pela infla\u00e7\u00e3o. Isso machuca muito o bolso do brasileiro. Essa \u00e9 uma infla\u00e7\u00e3o de custo, n\u00e3o de demanda, o que desfavorece muito o varejo&#8221;.<\/p>\n<h2>BTG Pactual prev\u00ea preju\u00edzo maior para Via e mant\u00e9m cautela<\/h2>\n<p>A proje\u00e7\u00e3o do\u00a0<strong>balan\u00e7o da Via no 2T22<\/strong> feita pelos analistas do <a class=\"suno-keyword\" href=\"https:\/\/www.suno.com.br\/acoes\/BPAC11\/\" target=\"_blank\" rel=\"noopener\" data-force=\"yes\" data-priority=\"2\">BTG Pactual (BPAC11)<\/a> mostra n\u00fameros mais pessimistas do que o consenso.<\/p>\n<p>A casa estima R$ 144 milh\u00f5es de preju\u00edzo, R$ 591 milh\u00f5es em Ebitda e R$ 7,9 bilh\u00f5es em receita l\u00edquida no trimestre. Al\u00e9m disso, a estimativa \u00e9 de margem Ebitda de 7,5%.<\/p>\n<p>Enquanto o BTG mant\u00e9m recomenda\u00e7\u00e3o de compra para o Magazine Luiza, segue com vis\u00e3o neutra para as a\u00e7\u00f5es da Via.<\/p>\n\t<p>\n\t\t<a href=\"https:\/\/lp.suno.com.br\/planilha-controle-gastos\/\" target=\"_blank\" data-element=\"shortcode-suno-banner\" title=\"Banner SUNO, clique e saiba mais\">\n\t\t\t<picture>\n\t\t\t\t<source media=\"(max-width: 500px)\" srcset=\"https:\/\/files.sunoresearch.com.br\/n\/uploads\/2023\/03\/400x300-Planilha-controle-de-gastos.png\">\n\t\t\t\t<img class=\"newsContent__article__imgCapa newsContent__article__imgCapa--banner\"\n\t\t\t\t\tsrc=\"https:\/\/files.sunoresearch.com.br\/n\/uploads\/2023\/03\/1420x240-Planilha-controle-de-gastos.png\"\n\t\t\t\t\tdata-promo-id=\"101751\"\t\t\t\t\t\t\t\t\t\twidth='1420' height='240'\t\t\t\t\talt=\"https:\/\/files.sunoresearch.com.br\/n\/uploads\/2023\/03\/1420x240-Planilha-controle-de-gastos.png\"\n\t\t\t\t>\n\t\t\t<\/picture>\n\t\t<\/a>\n\t<\/p>\n\n\n<h2>Morgan Stanley piora proje\u00e7\u00f5es para varejistas<\/h2>\n<p><a href=\"https:\/\/www.suno.com.br\/noticias\/magazine-luiza-mglu3-morgan-stanley-preco-alvo\/\">Em parecer recente<\/a>, na primeira semana de agosto, o Morgan Stanley cortou o pre\u00e7o-alvo da Via e das suas duas principais concorrentes, a Americanas e a Magalu.<\/p>\n<p>Com isso, para os analistas da casa, o pre\u00e7o-alvo do Magazine Luiza agora \u00e9 de R$ 4 (anteriormente era R$ 6,50), enquanto a Americanas tem pre\u00e7o-alvo de R$ 20 (anterior era de R$ 31) e a Via, de R$ 2,50 (anterior era de R$ 3,50).<\/p>\n<p>Essa mudan\u00e7a se deu visando a divulga\u00e7\u00e3o dos resultados das varejistas, estimando retra\u00e7\u00f5es no GMV. Al\u00e9m disso, o IPCA de dois d\u00edgitos e o ciclo altistas de juros tamb\u00e9m s\u00e3o levados em conta para a proje\u00e7\u00e3o mais pessimista para a <strong>Via<\/strong>.<\/p>\n\t<p>\n\t\t<a href=\"https:\/\/lp.suno.com.br\/ebook-como-analisar-uma-acao\/\" target=\"_blank\" data-element=\"shortcode-suno-banner\" title=\"Banner SUNO, clique e saiba mais\">\n\t\t\t<picture>\n\t\t\t\t<source media=\"(max-width: 500px)\" srcset=\"https:\/\/files.sunoresearch.com.br\/n\/uploads\/2023\/03\/Ebook-Acoes-Mobile-1.jpg\">\n\t\t\t\t<img class=\"newsContent__article__imgCapa newsContent__article__imgCapa--banner\"\n\t\t\t\t\tsrc=\"https:\/\/files.sunoresearch.com.br\/n\/uploads\/2023\/03\/Ebook-Acoes-Desktop-1.jpg\"\n\t\t\t\t\tdata-promo-id=\"171998\"\t\t\t\t\t\t\t\t\t\twidth='1420' height='286'\t\t\t\t\talt=\"https:\/\/files.sunoresearch.com.br\/n\/uploads\/2023\/03\/Ebook-Acoes-Desktop-1.jpg\"\n\t\t\t\t>\n\t\t\t<\/picture>\n\t\t<\/a>\n\t<\/p>\n\n\n","protected":false},"excerpt":{"rendered":"<p>Com baixa de 44% nas a\u00e7\u00f5es em meio a um cen\u00e1rio considerado desfavor\u00e1vel pelos especialistas, a Via (VIIA3) divulga seu balan\u00e7o na pr\u00f3xima quinta (11). A expectativa do consenso Bloomberg \u00e9 de que a varejista reporte um preju\u00edzo l\u00edquido de R$ 115 milh\u00f5es. ESG. Fonte: Canva No \u00faltimo resultado da Via, referente ao primeiro trimestre [&hellip;]<\/p>\n","protected":false},"author":73,"featured_media":139588,"comment_status":"closed","ping_status":"closed","sticky":false,"template":"","format":"standard","meta":[],"categories":[64],"tags":[1029,1607,106935],"suno_strategy":[],"class_list":["post-283125","post","type-post","status-publish","format-standard","has-post-thumbnail","hentry","category-negocios","tag-balancos-trimestrais","tag-resultado-das-empresas","tag-via-viia3"],"yoast_head":"<!-- This site is optimized with the Yoast SEO plugin v24.4 - https:\/\/yoast.com\/wordpress\/plugins\/seo\/ -->\n<title>Mercado espera preju\u00edzo de R$ 115 milh\u00f5es para a Via (VIIA3) no 2T22<\/title>\n<meta name=\"description\" content=\"Com cen\u00e1rio macroecon\u00f4mico desfavor\u00e1vel, analistas esperam vendas fracas para a Via no resultado do 2T22. Clique e confira!\" \/>\n<meta name=\"robots\" content=\"index, follow, max-snippet:-1, max-image-preview:large, max-video-preview:-1\" \/>\n<link rel=\"canonical\" href=\"https:\/\/www.suno.com.br\/noticias\/via-viia3-expectativa-resultado-2t22\/\" \/>\n<meta property=\"og:locale\" content=\"pt_BR\" \/>\n<meta property=\"og:type\" content=\"article\" \/>\n<meta property=\"og:title\" content=\"Mercado espera preju\u00edzo de R$ 115 milh\u00f5es para a Via (VIIA3) no 2T22\" \/>\n<meta property=\"og:description\" content=\"Com cen\u00e1rio macroecon\u00f4mico desfavor\u00e1vel, analistas esperam vendas fracas para a Via no resultado do 2T22. Clique e confira!\" \/>\n<meta property=\"og:url\" content=\"https:\/\/www.suno.com.br\/noticias\/via-viia3-expectativa-resultado-2t22\/\" \/>\n<meta property=\"og:site_name\" content=\"Suno Not\u00edcias\" \/>\n<meta property=\"article:publisher\" content=\"https:\/\/facebook.com\/sunoresearch\" \/>\n<meta property=\"og:image\" content=\"https:\/\/files.sunoresearch.com.br\/n\/uploads\/2021\/04\/93afd5e5-173006906_4275939552467006_8846856973835887453_n-e1618439415313.jpg\" \/>\n\t<meta property=\"og:image:width\" content=\"2000\" \/>\n\t<meta property=\"og:image:height\" content=\"1465\" \/>\n\t<meta property=\"og:image:type\" content=\"image\/jpeg\" \/>\n<meta name=\"author\" content=\"Eduardo Vargas\" \/>\n<meta name=\"twitter:card\" content=\"summary_large_image\" \/>\n<meta name=\"twitter:creator\" content=\"@sunoresearch\" \/>\n<meta name=\"twitter:site\" content=\"@sunoresearch\" \/>\n<meta name=\"twitter:label1\" content=\"Escrito por\" \/>\n\t<meta name=\"twitter:data1\" content=\"Eduardo Vargas\" \/>\n\t<meta name=\"twitter:label2\" content=\"Est. tempo de leitura\" \/>\n\t<meta name=\"twitter:data2\" content=\"6 minutos\" \/>\n<script type=\"application\/ld+json\" class=\"yoast-schema-graph\">{\"@context\":\"https:\/\/schema.org\",\"@graph\":[{\"@type\":\"NewsArticle\",\"@id\":\"https:\/\/www.suno.com.br\/noticias\/via-viia3-expectativa-resultado-2t22\/#article\",\"isPartOf\":{\"@id\":\"https:\/\/www.suno.com.br\/noticias\/via-viia3-expectativa-resultado-2t22\/\"},\"author\":{\"name\":\"Eduardo Vargas\",\"@id\":\"https:\/\/www.suno.com.br\/noticias\/#\/schema\/person\/7f4d362bf3518e76090143ae77bb49a5\"},\"headline\":\"Que fase! Mercado espera preju\u00edzo de R$ 115 milh\u00f5es para a Via (VIIA3) no 2T22\",\"datePublished\":\"2022-08-09T19:12:08+00:00\",\"dateModified\":\"2022-08-12T13:41:22+00:00\",\"mainEntityOfPage\":{\"@id\":\"https:\/\/www.suno.com.br\/noticias\/via-viia3-expectativa-resultado-2t22\/\"},\"wordCount\":974,\"publisher\":{\"@id\":\"https:\/\/www.suno.com.br\/noticias\/#organization\"},\"image\":{\"@id\":\"https:\/\/www.suno.com.br\/noticias\/via-viia3-expectativa-resultado-2t22\/#primaryimage\"},\"thumbnailUrl\":\"https:\/\/files.sunoresearch.com.br\/n\/uploads\/2021\/04\/93afd5e5-173006906_4275939552467006_8846856973835887453_n-e1618439415313-jpg.webp\",\"keywords\":[\"balan\u00e7os trimestrais\",\"Resultado das empresas\",\"Via (VIIA3)\"],\"articleSection\":[\"Neg\u00f3cios\"],\"inLanguage\":\"pt-BR\"},{\"@type\":\"WebPage\",\"@id\":\"https:\/\/www.suno.com.br\/noticias\/via-viia3-expectativa-resultado-2t22\/\",\"url\":\"https:\/\/www.suno.com.br\/noticias\/via-viia3-expectativa-resultado-2t22\/\",\"name\":\"Mercado espera preju\u00edzo de R$ 115 milh\u00f5es para a Via (VIIA3) no 2T22\",\"isPartOf\":{\"@id\":\"https:\/\/www.suno.com.br\/noticias\/#website\"},\"primaryImageOfPage\":{\"@id\":\"https:\/\/www.suno.com.br\/noticias\/via-viia3-expectativa-resultado-2t22\/#primaryimage\"},\"image\":{\"@id\":\"https:\/\/www.suno.com.br\/noticias\/via-viia3-expectativa-resultado-2t22\/#primaryimage\"},\"thumbnailUrl\":\"https:\/\/files.sunoresearch.com.br\/n\/uploads\/2021\/04\/93afd5e5-173006906_4275939552467006_8846856973835887453_n-e1618439415313-jpg.webp\",\"datePublished\":\"2022-08-09T19:12:08+00:00\",\"dateModified\":\"2022-08-12T13:41:22+00:00\",\"description\":\"Com cen\u00e1rio macroecon\u00f4mico desfavor\u00e1vel, analistas esperam vendas fracas para a Via no resultado do 2T22. Clique e confira!\",\"breadcrumb\":{\"@id\":\"https:\/\/www.suno.com.br\/noticias\/via-viia3-expectativa-resultado-2t22\/#breadcrumb\"},\"inLanguage\":\"pt-BR\",\"potentialAction\":[{\"@type\":\"ReadAction\",\"target\":[\"https:\/\/www.suno.com.br\/noticias\/via-viia3-expectativa-resultado-2t22\/\"]}]},{\"@type\":\"ImageObject\",\"inLanguage\":\"pt-BR\",\"@id\":\"https:\/\/www.suno.com.br\/noticias\/via-viia3-expectativa-resultado-2t22\/#primaryimage\",\"url\":\"https:\/\/files.sunoresearch.com.br\/n\/uploads\/2021\/04\/93afd5e5-173006906_4275939552467006_8846856973835887453_n-e1618439415313-jpg.webp\",\"contentUrl\":\"https:\/\/files.sunoresearch.com.br\/n\/uploads\/2021\/04\/93afd5e5-173006906_4275939552467006_8846856973835887453_n-e1618439415313-jpg.webp\",\"width\":2000,\"height\":1465,\"caption\":\"Via (VIIA3) - Foto: Reprodu\u00e7\u00e3o Facebook\"},{\"@type\":\"BreadcrumbList\",\"@id\":\"https:\/\/www.suno.com.br\/noticias\/via-viia3-expectativa-resultado-2t22\/#breadcrumb\",\"itemListElement\":[{\"@type\":\"ListItem\",\"position\":1,\"name\":\"Not\u00edcias\",\"item\":\"https:\/\/www.suno.com.br\/noticias\/\"},{\"@type\":\"ListItem\",\"position\":2,\"name\":\"Neg\u00f3cios\",\"item\":\"https:\/\/www.suno.com.br\/noticias\/negocios\/\"},{\"@type\":\"ListItem\",\"position\":3,\"name\":\"Que fase! Mercado espera preju\u00edzo de R$ 115 milh\u00f5es para a Via (VIIA3) no 2T22\"}]},{\"@type\":\"WebSite\",\"@id\":\"https:\/\/www.suno.com.br\/noticias\/#website\",\"url\":\"https:\/\/www.suno.com.br\/noticias\/\",\"name\":\"Suno Not\u00edcias\",\"description\":\"Seu portal de informa\u00e7\u00e3o sobre o mundo dos investimentos\",\"publisher\":{\"@id\":\"https:\/\/www.suno.com.br\/noticias\/#organization\"},\"potentialAction\":[{\"@type\":\"SearchAction\",\"target\":{\"@type\":\"EntryPoint\",\"urlTemplate\":\"https:\/\/www.suno.com.br\/noticias\/?s={search_term_string}\"},\"query-input\":{\"@type\":\"PropertyValueSpecification\",\"valueRequired\":true,\"valueName\":\"search_term_string\"}}],\"inLanguage\":\"pt-BR\"},{\"@type\":\"Organization\",\"@id\":\"https:\/\/www.suno.com.br\/noticias\/#organization\",\"name\":\"Suno Not\u00edcias\",\"url\":\"https:\/\/www.suno.com.br\/noticias\/\",\"logo\":{\"@type\":\"ImageObject\",\"inLanguage\":\"pt-BR\",\"@id\":\"https:\/\/www.suno.com.br\/noticias\/#\/schema\/logo\/image\/\",\"url\":\"https:\/\/files.sunoresearch.com.br\/n\/uploads\/2021\/09\/suno-logo.png\",\"contentUrl\":\"https:\/\/files.sunoresearch.com.br\/n\/uploads\/2021\/09\/suno-logo.png\",\"width\":180,\"height\":180,\"caption\":\"Suno Not\u00edcias\"},\"image\":{\"@id\":\"https:\/\/www.suno.com.br\/noticias\/#\/schema\/logo\/image\/\"},\"sameAs\":[\"https:\/\/facebook.com\/sunoresearch\",\"https:\/\/x.com\/sunoresearch\",\"https:\/\/www.instagram.com\/suno\",\"https:\/\/www.linkedin.com\/company\/suno-research\/\",\"https:\/\/www.youtube.com\/c\/sunoresearch\"]},{\"@type\":\"Person\",\"@id\":\"https:\/\/www.suno.com.br\/noticias\/#\/schema\/person\/7f4d362bf3518e76090143ae77bb49a5\",\"name\":\"Eduardo Vargas\",\"image\":{\"@type\":\"ImageObject\",\"inLanguage\":\"pt-BR\",\"@id\":\"https:\/\/www.suno.com.br\/noticias\/#\/schema\/person\/image\/\",\"url\":\"https:\/\/secure.gravatar.com\/avatar\/dac340933427a22924c9f99d1eb2e3f2?s=96&r=g\",\"contentUrl\":\"https:\/\/secure.gravatar.com\/avatar\/dac340933427a22924c9f99d1eb2e3f2?s=96&r=g\",\"caption\":\"Eduardo Vargas\"},\"description\":\"Jornalista formado pela UFSC, cobre macroeconomia, neg\u00f3cios e startups para o Suno Not\u00edcias, escrevendo principalmente not\u00edcias sobre o mercado financeiro e a bolsa de valores. No YouTube e no Instagram, \u00e9 respons\u00e1vel pela produ\u00e7\u00e3o de Reels e Shorts do Suno Not\u00edcias. Anteriormente, trabalhou cobrindo economia e cotidiano no ND+ e para o ND, maior jornal impresso de Santa Catarina. Cursou um semestre letivo de Estudos de M\u00eddia na Universidad de Buenos Aires.\",\"url\":\"https:\/\/www.suno.com.br\/noticias\/author\/eduardo-vargas\/\"}]}<\/script>\n<!-- \/ Yoast SEO plugin. -->","yoast_head_json":{"title":"Mercado espera preju\u00edzo de R$ 115 milh\u00f5es para a Via (VIIA3) no 2T22","description":"Com cen\u00e1rio macroecon\u00f4mico desfavor\u00e1vel, analistas esperam vendas fracas para a Via no resultado do 2T22. Clique e confira!","robots":{"index":"index","follow":"follow","max-snippet":"max-snippet:-1","max-image-preview":"max-image-preview:large","max-video-preview":"max-video-preview:-1"},"canonical":"https:\/\/www.suno.com.br\/noticias\/via-viia3-expectativa-resultado-2t22\/","og_locale":"pt_BR","og_type":"article","og_title":"Mercado espera preju\u00edzo de R$ 115 milh\u00f5es para a Via (VIIA3) no 2T22","og_description":"Com cen\u00e1rio macroecon\u00f4mico desfavor\u00e1vel, analistas esperam vendas fracas para a Via no resultado do 2T22. Clique e confira!","og_url":"https:\/\/www.suno.com.br\/noticias\/via-viia3-expectativa-resultado-2t22\/","og_site_name":"Suno Not\u00edcias","article_publisher":"https:\/\/facebook.com\/sunoresearch","og_image":[{"width":2000,"height":1465,"url":"https:\/\/files.sunoresearch.com.br\/n\/uploads\/2021\/04\/93afd5e5-173006906_4275939552467006_8846856973835887453_n-e1618439415313.jpg","type":"image\/jpeg"}],"author":"Eduardo Vargas","twitter_card":"summary_large_image","twitter_creator":"@sunoresearch","twitter_site":"@sunoresearch","twitter_misc":{"Escrito por":"Eduardo Vargas","Est. tempo de leitura":"6 minutos"},"schema":{"@context":"https:\/\/schema.org","@graph":[{"@type":"NewsArticle","@id":"https:\/\/www.suno.com.br\/noticias\/via-viia3-expectativa-resultado-2t22\/#article","isPartOf":{"@id":"https:\/\/www.suno.com.br\/noticias\/via-viia3-expectativa-resultado-2t22\/"},"author":{"name":"Eduardo Vargas","@id":"https:\/\/www.suno.com.br\/noticias\/#\/schema\/person\/7f4d362bf3518e76090143ae77bb49a5"},"headline":"Que fase! Mercado espera preju\u00edzo de R$ 115 milh\u00f5es para a Via (VIIA3) no 2T22","datePublished":"2022-08-09T19:12:08+00:00","dateModified":"2022-08-12T13:41:22+00:00","mainEntityOfPage":{"@id":"https:\/\/www.suno.com.br\/noticias\/via-viia3-expectativa-resultado-2t22\/"},"wordCount":974,"publisher":{"@id":"https:\/\/www.suno.com.br\/noticias\/#organization"},"image":{"@id":"https:\/\/www.suno.com.br\/noticias\/via-viia3-expectativa-resultado-2t22\/#primaryimage"},"thumbnailUrl":"https:\/\/files.sunoresearch.com.br\/n\/uploads\/2021\/04\/93afd5e5-173006906_4275939552467006_8846856973835887453_n-e1618439415313-jpg.webp","keywords":["balan\u00e7os trimestrais","Resultado das empresas","Via (VIIA3)"],"articleSection":["Neg\u00f3cios"],"inLanguage":"pt-BR"},{"@type":"WebPage","@id":"https:\/\/www.suno.com.br\/noticias\/via-viia3-expectativa-resultado-2t22\/","url":"https:\/\/www.suno.com.br\/noticias\/via-viia3-expectativa-resultado-2t22\/","name":"Mercado espera preju\u00edzo de R$ 115 milh\u00f5es para a Via (VIIA3) no 2T22","isPartOf":{"@id":"https:\/\/www.suno.com.br\/noticias\/#website"},"primaryImageOfPage":{"@id":"https:\/\/www.suno.com.br\/noticias\/via-viia3-expectativa-resultado-2t22\/#primaryimage"},"image":{"@id":"https:\/\/www.suno.com.br\/noticias\/via-viia3-expectativa-resultado-2t22\/#primaryimage"},"thumbnailUrl":"https:\/\/files.sunoresearch.com.br\/n\/uploads\/2021\/04\/93afd5e5-173006906_4275939552467006_8846856973835887453_n-e1618439415313-jpg.webp","datePublished":"2022-08-09T19:12:08+00:00","dateModified":"2022-08-12T13:41:22+00:00","description":"Com cen\u00e1rio macroecon\u00f4mico desfavor\u00e1vel, analistas esperam vendas fracas para a Via no resultado do 2T22. Clique e confira!","breadcrumb":{"@id":"https:\/\/www.suno.com.br\/noticias\/via-viia3-expectativa-resultado-2t22\/#breadcrumb"},"inLanguage":"pt-BR","potentialAction":[{"@type":"ReadAction","target":["https:\/\/www.suno.com.br\/noticias\/via-viia3-expectativa-resultado-2t22\/"]}]},{"@type":"ImageObject","inLanguage":"pt-BR","@id":"https:\/\/www.suno.com.br\/noticias\/via-viia3-expectativa-resultado-2t22\/#primaryimage","url":"https:\/\/files.sunoresearch.com.br\/n\/uploads\/2021\/04\/93afd5e5-173006906_4275939552467006_8846856973835887453_n-e1618439415313-jpg.webp","contentUrl":"https:\/\/files.sunoresearch.com.br\/n\/uploads\/2021\/04\/93afd5e5-173006906_4275939552467006_8846856973835887453_n-e1618439415313-jpg.webp","width":2000,"height":1465,"caption":"Via (VIIA3) - Foto: Reprodu\u00e7\u00e3o Facebook"},{"@type":"BreadcrumbList","@id":"https:\/\/www.suno.com.br\/noticias\/via-viia3-expectativa-resultado-2t22\/#breadcrumb","itemListElement":[{"@type":"ListItem","position":1,"name":"Not\u00edcias","item":"https:\/\/www.suno.com.br\/noticias\/"},{"@type":"ListItem","position":2,"name":"Neg\u00f3cios","item":"https:\/\/www.suno.com.br\/noticias\/negocios\/"},{"@type":"ListItem","position":3,"name":"Que fase! Mercado espera preju\u00edzo de R$ 115 milh\u00f5es para a Via (VIIA3) no 2T22"}]},{"@type":"WebSite","@id":"https:\/\/www.suno.com.br\/noticias\/#website","url":"https:\/\/www.suno.com.br\/noticias\/","name":"Suno Not\u00edcias","description":"Seu portal de informa\u00e7\u00e3o sobre o mundo dos investimentos","publisher":{"@id":"https:\/\/www.suno.com.br\/noticias\/#organization"},"potentialAction":[{"@type":"SearchAction","target":{"@type":"EntryPoint","urlTemplate":"https:\/\/www.suno.com.br\/noticias\/?s={search_term_string}"},"query-input":{"@type":"PropertyValueSpecification","valueRequired":true,"valueName":"search_term_string"}}],"inLanguage":"pt-BR"},{"@type":"Organization","@id":"https:\/\/www.suno.com.br\/noticias\/#organization","name":"Suno Not\u00edcias","url":"https:\/\/www.suno.com.br\/noticias\/","logo":{"@type":"ImageObject","inLanguage":"pt-BR","@id":"https:\/\/www.suno.com.br\/noticias\/#\/schema\/logo\/image\/","url":"https:\/\/files.sunoresearch.com.br\/n\/uploads\/2021\/09\/suno-logo.png","contentUrl":"https:\/\/files.sunoresearch.com.br\/n\/uploads\/2021\/09\/suno-logo.png","width":180,"height":180,"caption":"Suno Not\u00edcias"},"image":{"@id":"https:\/\/www.suno.com.br\/noticias\/#\/schema\/logo\/image\/"},"sameAs":["https:\/\/facebook.com\/sunoresearch","https:\/\/x.com\/sunoresearch","https:\/\/www.instagram.com\/suno","https:\/\/www.linkedin.com\/company\/suno-research\/","https:\/\/www.youtube.com\/c\/sunoresearch"]},{"@type":"Person","@id":"https:\/\/www.suno.com.br\/noticias\/#\/schema\/person\/7f4d362bf3518e76090143ae77bb49a5","name":"Eduardo Vargas","image":{"@type":"ImageObject","inLanguage":"pt-BR","@id":"https:\/\/www.suno.com.br\/noticias\/#\/schema\/person\/image\/","url":"https:\/\/secure.gravatar.com\/avatar\/dac340933427a22924c9f99d1eb2e3f2?s=96&r=g","contentUrl":"https:\/\/secure.gravatar.com\/avatar\/dac340933427a22924c9f99d1eb2e3f2?s=96&r=g","caption":"Eduardo Vargas"},"description":"Jornalista formado pela UFSC, cobre macroeconomia, neg\u00f3cios e startups para o Suno Not\u00edcias, escrevendo principalmente not\u00edcias sobre o mercado financeiro e a bolsa de valores. No YouTube e no Instagram, \u00e9 respons\u00e1vel pela produ\u00e7\u00e3o de Reels e Shorts do Suno Not\u00edcias. Anteriormente, trabalhou cobrindo economia e cotidiano no ND+ e para o ND, maior jornal impresso de Santa Catarina. Cursou um semestre letivo de Estudos de M\u00eddia na Universidad de Buenos Aires.","url":"https:\/\/www.suno.com.br\/noticias\/author\/eduardo-vargas\/"}]}},"default_loop_html":"<div class=\"cardsPage__listCard__boxs\"><div class=\"cardsPage__listCard__boxs__img\"><a href=\"https:\/\/www.suno.com.br\/noticias\/investir-em-esg-no-brasil\/\"><img class=\"mask\" src=\"https:\/\/www.suno.com.br\/noticias\/wp-content\/themes\/suno\/resources\/images\/spotlight\/spotlight1img\/bg-mask.png\" alt=\"Image Mask\"\/><img src=\"https:\/\/files.sunoresearch.com.br\/n\/uploads\/2022\/08\/investir-em-esg-no-brasil-400x200.jpg\" alt=\"Investidores querem ESG e mercado financeiro faz li\u00e7\u00e3o de casa\"\/><\/a><span class=\"spotlightCategory\"><a href=\"https:\/\/www.suno.com.br\/noticias\/negocios\/\">Neg\u00f3cios<\/a><\/span><\/div><div class=\"cardsPage__listCard__boxs__content\"><a href=\"https:\/\/www.suno.com.br\/noticias\/investir-em-esg-no-brasil\/\"><h2 class=\"content__title\">Investidores querem ESG e mercado financeiro faz li\u00e7\u00e3o de casa<\/h2><\/a><div class=\"newsContent__article__meta\"><div class=\"newsContent__article__meta__authorBox\"><a href=\"https:\/\/www.suno.com.br\/noticias\/author\/gustavo-silva\/\" class=\"authorBox__avatar noMobi\"><img src=\"https:\/\/files.sunoresearch.com.br\/n\/uploads\/2024\/06\/41337ec3172142e15d749bd3a95a5216.jpeg\" alt=\"Gustavo Bianch\"><\/a><div class=\"authorBox__name\"><span>por\n\t\t\t<a href=\"https:\/\/www.suno.com.br\/noticias\/author\/gustavo-silva\/\"><span itemprop=\"author\">Gustavo Bianch<\/span><\/a><\/span><time datetime=\"2022-08-09T08:00:38-03:00\" itemprop=\"datePublished\">09\/08\/2022 08:00<\/time><\/div><\/div><\/div><\/div><\/div>","single_layout":"posts","amp_enabled":true,"_links":{"self":[{"href":"https:\/\/www.suno.com.br\/noticias\/wp-json\/wp\/v2\/posts\/283125"}],"collection":[{"href":"https:\/\/www.suno.com.br\/noticias\/wp-json\/wp\/v2\/posts"}],"about":[{"href":"https:\/\/www.suno.com.br\/noticias\/wp-json\/wp\/v2\/types\/post"}],"author":[{"embeddable":true,"href":"https:\/\/www.suno.com.br\/noticias\/wp-json\/wp\/v2\/users\/73"}],"replies":[{"embeddable":true,"href":"https:\/\/www.suno.com.br\/noticias\/wp-json\/wp\/v2\/comments?post=283125"}],"version-history":[{"count":3,"href":"https:\/\/www.suno.com.br\/noticias\/wp-json\/wp\/v2\/posts\/283125\/revisions"}],"predecessor-version":[{"id":284476,"href":"https:\/\/www.suno.com.br\/noticias\/wp-json\/wp\/v2\/posts\/283125\/revisions\/284476"}],"wp:featuredmedia":[{"embeddable":true,"href":"https:\/\/www.suno.com.br\/noticias\/wp-json\/wp\/v2\/media\/139588"}],"wp:attachment":[{"href":"https:\/\/www.suno.com.br\/noticias\/wp-json\/wp\/v2\/media?parent=283125"}],"wp:term":[{"taxonomy":"category","embeddable":true,"href":"https:\/\/www.suno.com.br\/noticias\/wp-json\/wp\/v2\/categories?post=283125"},{"taxonomy":"post_tag","embeddable":true,"href":"https:\/\/www.suno.com.br\/noticias\/wp-json\/wp\/v2\/tags?post=283125"},{"taxonomy":"suno_strategy","embeddable":true,"href":"https:\/\/www.suno.com.br\/noticias\/wp-json\/wp\/v2\/suno_strategy?post=283125"}],"curies":[{"name":"wp","href":"https:\/\/api.w.org\/{rel}","templated":true}]}}