{"id":28303,"date":"2019-06-16T16:31:19","date_gmt":"2019-06-16T19:31:19","guid":{"rendered":"https:\/\/www.suno.com.br\/noticias\/?p=28303"},"modified":"2019-06-16T16:31:19","modified_gmt":"2019-06-16T19:31:19","slug":"cpi-bndes-explicacoes-levy","status":"publish","type":"post","link":"https:\/\/www.suno.com.br\/noticias\/cpi-bndes-explicacoes-levy\/","title":{"rendered":"CPI do BNDES quer explica\u00e7\u00f5es de Joaquim Levy sobre caixa-preta"},"content":{"rendered":"<p>A CPI do\u00a0<a href=\"https:\/\/www.suno.com.br\/artigos\/bndespar\/\">Banco Nacional de Desenvolvimento Econ\u00f4mico e Social (BNDES)<\/a> quer explica\u00e7\u00f5es de <strong><a href=\"https:\/\/www.suno.com.br\/tudo-sobre\/joaquim-levy\/\">Joaquim Levy<\/a><\/strong>\u00a0sobre a caixa-preta dos empr\u00e9stimos internacionais do banco. A convoca\u00e7\u00e3o do ex-presidente do BNDES ser\u00e1 apresentada na segunda-feira (17) pelo <strong>Podemos<\/strong>.<\/p>\t<div class=\"wrapper-featured-image\">\n\t\t<figure class=\"spotlightImg\">\n\n\t\t\t<picture>\n\t\t\t\t<source media=\"(max-width: 768px)\" srcset=\"https:\/\/files.sunoresearch.com.br\/n\/uploads\/2019\/06\/86a6093a-levy-400x200.webp\">\n\t\t\t\t<img loading=\"lazy\" decoding=\"async\" class=\"newsContent__article__imgCapa lazyloadDisabled newsContent__article__imgCapa--noCaption\" src=\"https:\/\/files.sunoresearch.com.br\/n\/uploads\/2019\/06\/86a6093a-levy-800x450.webp\" width=\"800\" height=\"450\" alt=\"CPI do BNDES quer explica\u00e7\u00f5es de Joaquim Levy sobre caixa-preta\" fetchpriority=high \/>\n\t\t\t<\/picture>\n\n\t\t\t<figcaption class=\"wp-caption-text wp-caption-text--hide\">CPI do BNDES quer explica\u00e7\u00f5es de Joaquim Levy sobre caixa-preta<\/figcaption>\n\t\t<\/figure>\n\t<\/div>\n\n\n<p>&#8220;Agora \u00e9 o momento para ele explicar por que n\u00e3o abriu a caixa preta do <strong>BNDES<\/strong>. A miss\u00e3o dele era mostrar os empr\u00e9stimos internacionais, para pa\u00edses da Am\u00e9rica e da \u00c1frica, para a JBS tamb\u00e9m&#8221;, disse Jos\u00e9 Nelto, l\u00edder do<strong> Podemos-GO<\/strong>.<\/p>\n\t<p>\n\t\t<a href=\"https:\/\/lp.suno.com.br\/ebook-investindo-em-fiis\/\" target=\"_blank\" data-element=\"shortcode-suno-banner\" title=\"Banner SUNO, clique e saiba mais\">\n\t\t\t<picture>\n\t\t\t\t<source media=\"(max-width: 500px)\" srcset=\"https:\/\/files.sunoresearch.com.br\/n\/uploads\/2023\/07\/Ebook-Fundos-Imobiliarios-Mobile.jpg\">\n\t\t\t\t<img class=\"newsContent__article__imgCapa newsContent__article__imgCapa--banner\"\n\t\t\t\t\tsrc=\"https:\/\/files.sunoresearch.com.br\/n\/uploads\/2023\/07\/Ebook-Fundos-Imobiliarios-Desktop.jpg\"\n\t\t\t\t\tdata-promo-id=\"378301\"\t\t\t\t\t\t\t\t\t\twidth='1420' height='286'\t\t\t\t\talt=\"https:\/\/files.sunoresearch.com.br\/n\/uploads\/2023\/07\/Ebook-Fundos-Imobiliarios-Desktop.jpg\"\n\t\t\t\t>\n\t\t\t<\/picture>\n\t\t<\/a>\n\t<\/p>\n\n\n<p>A <strong>CPI<\/strong> ir\u00e1 investigar irregularidades em empr\u00e9stimos do banco entre os anos de 2003 e 2015. O ex-ministro <strong>Antonio Palocci<\/strong> tamb\u00e9m prestar\u00e1 esclarecimentos.<\/p>\n<p>&#8220;Essa ascens\u00e3o da JBS \u00e9 igual jabuti. N\u00e3o subiu sozinho na \u00e1rvore, algu\u00e9m colocou l\u00e1. Queremos saber quem colocou. E vamos ouvir o Levy para ele dar essas explica\u00e7\u00f5es. \u00c9 crucial para a investiga\u00e7\u00e3o ele ir e dar esclarecimentos sobre o uso do recurso p\u00fablico&#8221;, ressaltou<strong> Jos\u00e9 Nelto<\/strong>.<\/p>\n<p>Antes de assumir a presid\u00eancia do BNDES, Levy\u00a0foi secret\u00e1rio do<strong> Tesouro Nacional<\/strong> do governo Lula e <strong>ministro da Fazenda<\/strong> de Dilma Rousseff. Em 2000, ele foi secret\u00e1rio-adjunto na<strong> Secretaria de Assuntos Econ\u00f4micos do Minist\u00e9rio da Fazenda<\/strong> do governo Fernando Henrique Cardoso.<\/p>\n\t<p>\n\t\t<a href=\"https:\/\/lp.suno.com.br\/ebook-gratuito-investindo-no-exterior\/\" target=\"_blank\" data-element=\"shortcode-suno-banner\" title=\"Banner SUNO, clique e saiba mais\">\n\t\t\t<picture>\n\t\t\t\t<source media=\"(max-width: 500px)\" srcset=\"https:\/\/files.sunoresearch.com.br\/n\/uploads\/2023\/03\/400x300-Investindo-no-exterior.png\">\n\t\t\t\t<img class=\"newsContent__article__imgCapa newsContent__article__imgCapa--banner\"\n\t\t\t\t\tsrc=\"https:\/\/files.sunoresearch.com.br\/n\/uploads\/2023\/03\/1420x240-Investindo-no-exterior.png\"\n\t\t\t\t\tdata-promo-id=\"383161\"\t\t\t\t\t\t\t\t\t\twidth='1420' height='240'\t\t\t\t\talt=\"https:\/\/files.sunoresearch.com.br\/n\/uploads\/2023\/03\/1420x240-Investindo-no-exterior.png\"\n\t\t\t\t>\n\t\t\t<\/picture>\n\t\t<\/a>\n\t<\/p>\n\n\n<h2>Demiss\u00e3o de Joaquim Levy<\/h2>\n<p>O presidente do <a href=\"https:\/\/www.suno.com.br\/artigos\/bndespar\/\"><strong>Banco Nacional de Desenvolvimento Econ\u00f4mico e Social (BNDES)<\/strong><\/a>, Joaquim Levy, pediu demiss\u00e3o do cargo. O pedido foi entregue ao ministro da Economia,\u00a0<strong><a href=\"https:\/\/www.suno.com.br\/tudo-sobre\/paulo-guedes\/\">Paulo Guedes<\/a><\/strong><a href=\"https:\/\/www.suno.com.br\/tudo-sobre\/paulo-guedes\/\">,<\/a> e anunciado na manh\u00e3 deste domingo (16).<\/p>\n<p><a href=\"https:\/\/www.suno.com.br\/noticias\/levy-demissao-bndes\/\">Saiba mais: Joaquim Levy pede demiss\u00e3o da presid\u00eancia do BNDES<\/a><\/p>\n<p>\u201cSolicitei ao ministro da Economia, Paulo Guedes, meu desligamento do <strong>BNDES<\/strong>. Minha expectativa \u00e9 que ele aceda\u201d, disse <strong>Levy<\/strong> em um trecho da nota divulgada.<\/p>\n<h2>Mudan\u00e7as no BNDES ap\u00f3s a sa\u00edda de Levy<\/h2>\n<p>O governo cogita mudan\u00e7as para o BNDES ap\u00f3s a sa\u00edda de <strong>Joaquim Levy<\/strong> da presid\u00eancia. Uma das possibilidades \u00e9 que o secret\u00e1rio especial de Desestatiza\u00e7\u00e3o e Desinvestimento do minist\u00e9rio da Economia, <strong><a href=\"https:\/\/www.suno.com.br\/tudo-sobre\/salim-mattar\/\">Salim Mattar<\/a><\/strong>, assuma a institui\u00e7\u00e3o.<\/p>\n<p><a href=\"https:\/\/www.suno.com.br\/noticias\/privatizacoes-federais-bndes\/\">Saiba mais:\u00a0Governo pretende transferir gest\u00e3o de privatiza\u00e7\u00f5es federais ao BNDES<\/a><\/p>\n<p>Segundo as informa\u00e7\u00f5es divulgadas pelo jornal Estado de S. Paulo,\u00a0parte\u00a0das atribui\u00e7\u00f5es da secretaria seriam transferidas ao <strong>BNDES<\/strong>\u00a0caso\u00a0Mattar assumisse a presid\u00eancia do banco.<\/p>\n","protected":false},"excerpt":{"rendered":"<p>A CPI do\u00a0Banco Nacional de Desenvolvimento Econ\u00f4mico e Social (BNDES) quer explica\u00e7\u00f5es de Joaquim Levy\u00a0sobre a caixa-preta dos empr\u00e9stimos internacionais do banco. A convoca\u00e7\u00e3o do ex-presidente do BNDES ser\u00e1 apresentada na segunda-feira (17) pelo Podemos. CPI do BNDES quer explica\u00e7\u00f5es de Joaquim Levy sobre caixa-preta &#8220;Agora \u00e9 o momento para ele explicar por que n\u00e3o [&hellip;]<\/p>\n","protected":false},"author":18,"featured_media":28304,"comment_status":"closed","ping_status":"closed","sticky":false,"template":"","format":"standard","meta":[],"categories":[61],"tags":[757,1455,933],"suno_strategy":[],"class_list":["post-28303","post","type-post","status-publish","format-standard","has-post-thumbnail","hentry","category-politica","tag-bndes","tag-comissao-parlamentar-inquerito-cpi","tag-joaquim-levy"],"yoast_head":"<!-- This site is optimized with the Yoast SEO plugin v24.4 - https:\/\/yoast.com\/wordpress\/plugins\/seo\/ -->\n<title>CPI do BNDES quer explica\u00e7\u00f5es de Joaquim Levy sobre caixa-preta<\/title>\n<meta name=\"description\" content=\"A CPI do\u00a0BNDES quer explica\u00e7\u00f5es de Joaquim Levy\u00a0sobre a caixa-preta dos empr\u00e9stimos internacionais. Clique para saber mais.\" \/>\n<meta name=\"robots\" content=\"index, follow, max-snippet:-1, max-image-preview:large, max-video-preview:-1\" \/>\n<link rel=\"canonical\" href=\"https:\/\/www.suno.com.br\/noticias\/cpi-bndes-explicacoes-levy\/\" \/>\n<meta property=\"og:locale\" content=\"pt_BR\" \/>\n<meta property=\"og:type\" content=\"article\" \/>\n<meta property=\"og:title\" content=\"CPI do BNDES quer explica\u00e7\u00f5es de Joaquim Levy sobre caixa-preta\" \/>\n<meta property=\"og:description\" content=\"A CPI do\u00a0BNDES quer explica\u00e7\u00f5es de Joaquim Levy\u00a0sobre a caixa-preta dos empr\u00e9stimos internacionais. Clique para saber mais.\" \/>\n<meta property=\"og:url\" content=\"https:\/\/www.suno.com.br\/noticias\/cpi-bndes-explicacoes-levy\/\" \/>\n<meta property=\"og:site_name\" content=\"Suno Not\u00edcias\" \/>\n<meta property=\"article:publisher\" content=\"https:\/\/facebook.com\/sunoresearch\" \/>\n<meta property=\"og:image\" content=\"https:\/\/files.sunoresearch.com.br\/n\/uploads\/2019\/06\/86a6093a-levy.jpg\" \/>\n\t<meta property=\"og:image:width\" content=\"960\" \/>\n\t<meta property=\"og:image:height\" content=\"640\" \/>\n\t<meta property=\"og:image:type\" content=\"image\/jpeg\" \/>\n<meta name=\"author\" content=\"Giovanna Oliveira\" \/>\n<meta name=\"twitter:card\" content=\"summary_large_image\" \/>\n<meta name=\"twitter:creator\" content=\"@sunoresearch\" \/>\n<meta name=\"twitter:site\" content=\"@sunoresearch\" \/>\n<meta name=\"twitter:label1\" content=\"Escrito por\" \/>\n\t<meta name=\"twitter:data1\" content=\"Giovanna Oliveira\" \/>\n\t<meta name=\"twitter:label2\" content=\"Est. tempo de leitura\" \/>\n\t<meta name=\"twitter:data2\" content=\"2 minutos\" \/>\n<script type=\"application\/ld+json\" class=\"yoast-schema-graph\">{\"@context\":\"https:\/\/schema.org\",\"@graph\":[{\"@type\":\"NewsArticle\",\"@id\":\"https:\/\/www.suno.com.br\/noticias\/cpi-bndes-explicacoes-levy\/#article\",\"isPartOf\":{\"@id\":\"https:\/\/www.suno.com.br\/noticias\/cpi-bndes-explicacoes-levy\/\"},\"author\":{\"name\":\"Giovanna Oliveira\",\"@id\":\"https:\/\/www.suno.com.br\/noticias\/#\/schema\/person\/4e19e3d2575736e5283d58eb3199d120\"},\"headline\":\"CPI do BNDES quer explica\u00e7\u00f5es de Joaquim Levy sobre caixa-preta\",\"datePublished\":\"2019-06-16T19:31:19+00:00\",\"mainEntityOfPage\":{\"@id\":\"https:\/\/www.suno.com.br\/noticias\/cpi-bndes-explicacoes-levy\/\"},\"wordCount\":397,\"publisher\":{\"@id\":\"https:\/\/www.suno.com.br\/noticias\/#organization\"},\"image\":{\"@id\":\"https:\/\/www.suno.com.br\/noticias\/cpi-bndes-explicacoes-levy\/#primaryimage\"},\"thumbnailUrl\":\"https:\/\/files.sunoresearch.com.br\/n\/uploads\/2019\/06\/86a6093a-levy-jpg.webp\",\"keywords\":[\"BNDES\",\"Comiss\u00e3o Parlamentar de Inqu\u00e9rito (CPI)\",\"Joaquim Levy\"],\"articleSection\":[\"Pol\u00edtica\"],\"inLanguage\":\"pt-BR\"},{\"@type\":\"WebPage\",\"@id\":\"https:\/\/www.suno.com.br\/noticias\/cpi-bndes-explicacoes-levy\/\",\"url\":\"https:\/\/www.suno.com.br\/noticias\/cpi-bndes-explicacoes-levy\/\",\"name\":\"CPI do BNDES quer explica\u00e7\u00f5es de Joaquim Levy sobre caixa-preta\",\"isPartOf\":{\"@id\":\"https:\/\/www.suno.com.br\/noticias\/#website\"},\"primaryImageOfPage\":{\"@id\":\"https:\/\/www.suno.com.br\/noticias\/cpi-bndes-explicacoes-levy\/#primaryimage\"},\"image\":{\"@id\":\"https:\/\/www.suno.com.br\/noticias\/cpi-bndes-explicacoes-levy\/#primaryimage\"},\"thumbnailUrl\":\"https:\/\/files.sunoresearch.com.br\/n\/uploads\/2019\/06\/86a6093a-levy-jpg.webp\",\"datePublished\":\"2019-06-16T19:31:19+00:00\",\"description\":\"A CPI do\u00a0BNDES quer explica\u00e7\u00f5es de Joaquim Levy\u00a0sobre a caixa-preta dos empr\u00e9stimos internacionais. Clique para saber mais.\",\"breadcrumb\":{\"@id\":\"https:\/\/www.suno.com.br\/noticias\/cpi-bndes-explicacoes-levy\/#breadcrumb\"},\"inLanguage\":\"pt-BR\",\"potentialAction\":[{\"@type\":\"ReadAction\",\"target\":[\"https:\/\/www.suno.com.br\/noticias\/cpi-bndes-explicacoes-levy\/\"]}]},{\"@type\":\"ImageObject\",\"inLanguage\":\"pt-BR\",\"@id\":\"https:\/\/www.suno.com.br\/noticias\/cpi-bndes-explicacoes-levy\/#primaryimage\",\"url\":\"https:\/\/files.sunoresearch.com.br\/n\/uploads\/2019\/06\/86a6093a-levy-jpg.webp\",\"contentUrl\":\"https:\/\/files.sunoresearch.com.br\/n\/uploads\/2019\/06\/86a6093a-levy-jpg.webp\",\"width\":960,\"height\":640,\"caption\":\"CPI do BNDES quer explica\u00e7\u00f5es de Joaquim Levy sobre caixa-preta\"},{\"@type\":\"BreadcrumbList\",\"@id\":\"https:\/\/www.suno.com.br\/noticias\/cpi-bndes-explicacoes-levy\/#breadcrumb\",\"itemListElement\":[{\"@type\":\"ListItem\",\"position\":1,\"name\":\"Not\u00edcias\",\"item\":\"https:\/\/www.suno.com.br\/noticias\/\"},{\"@type\":\"ListItem\",\"position\":2,\"name\":\"Pol\u00edtica\",\"item\":\"https:\/\/www.suno.com.br\/noticias\/politica\/\"},{\"@type\":\"ListItem\",\"position\":3,\"name\":\"CPI do BNDES quer explica\u00e7\u00f5es de Joaquim Levy sobre caixa-preta\"}]},{\"@type\":\"WebSite\",\"@id\":\"https:\/\/www.suno.com.br\/noticias\/#website\",\"url\":\"https:\/\/www.suno.com.br\/noticias\/\",\"name\":\"Suno Not\u00edcias\",\"description\":\"Seu portal de informa\u00e7\u00e3o sobre o mundo dos investimentos\",\"publisher\":{\"@id\":\"https:\/\/www.suno.com.br\/noticias\/#organization\"},\"potentialAction\":[{\"@type\":\"SearchAction\",\"target\":{\"@type\":\"EntryPoint\",\"urlTemplate\":\"https:\/\/www.suno.com.br\/noticias\/?s={search_term_string}\"},\"query-input\":{\"@type\":\"PropertyValueSpecification\",\"valueRequired\":true,\"valueName\":\"search_term_string\"}}],\"inLanguage\":\"pt-BR\"},{\"@type\":\"Organization\",\"@id\":\"https:\/\/www.suno.com.br\/noticias\/#organization\",\"name\":\"Suno Not\u00edcias\",\"url\":\"https:\/\/www.suno.com.br\/noticias\/\",\"logo\":{\"@type\":\"ImageObject\",\"inLanguage\":\"pt-BR\",\"@id\":\"https:\/\/www.suno.com.br\/noticias\/#\/schema\/logo\/image\/\",\"url\":\"https:\/\/files.sunoresearch.com.br\/n\/uploads\/2021\/09\/suno-logo.png\",\"contentUrl\":\"https:\/\/files.sunoresearch.com.br\/n\/uploads\/2021\/09\/suno-logo.png\",\"width\":180,\"height\":180,\"caption\":\"Suno Not\u00edcias\"},\"image\":{\"@id\":\"https:\/\/www.suno.com.br\/noticias\/#\/schema\/logo\/image\/\"},\"sameAs\":[\"https:\/\/facebook.com\/sunoresearch\",\"https:\/\/x.com\/sunoresearch\",\"https:\/\/www.instagram.com\/suno\",\"https:\/\/www.linkedin.com\/company\/suno-research\/\",\"https:\/\/www.youtube.com\/c\/sunoresearch\"]},{\"@type\":\"Person\",\"@id\":\"https:\/\/www.suno.com.br\/noticias\/#\/schema\/person\/4e19e3d2575736e5283d58eb3199d120\",\"name\":\"Giovanna Oliveira\",\"image\":{\"@type\":\"ImageObject\",\"inLanguage\":\"pt-BR\",\"@id\":\"https:\/\/www.suno.com.br\/noticias\/#\/schema\/person\/image\/\",\"url\":\"https:\/\/secure.gravatar.com\/avatar\/9a37b3ae208962ac568992d0ffdbc2eb?s=96&r=g\",\"contentUrl\":\"https:\/\/secure.gravatar.com\/avatar\/9a37b3ae208962ac568992d0ffdbc2eb?s=96&r=g\",\"caption\":\"Giovanna Oliveira\"},\"description\":\"Giovanna Oliveira escreve sobre economia e pol\u00edtica. Foi rep\u00f3rter do portal de jornalismo da ESPM-SP e produziu conte\u00fado para a Corinthians TV. \u00c9 estudante da ESPM.\",\"url\":\"https:\/\/www.suno.com.br\/noticias\/author\/giovanna\/\"}]}<\/script>\n<!-- \/ Yoast SEO plugin. -->","yoast_head_json":{"title":"CPI do BNDES quer explica\u00e7\u00f5es de Joaquim Levy sobre caixa-preta","description":"A CPI do\u00a0BNDES quer explica\u00e7\u00f5es de Joaquim Levy\u00a0sobre a caixa-preta dos empr\u00e9stimos internacionais. Clique para saber mais.","robots":{"index":"index","follow":"follow","max-snippet":"max-snippet:-1","max-image-preview":"max-image-preview:large","max-video-preview":"max-video-preview:-1"},"canonical":"https:\/\/www.suno.com.br\/noticias\/cpi-bndes-explicacoes-levy\/","og_locale":"pt_BR","og_type":"article","og_title":"CPI do BNDES quer explica\u00e7\u00f5es de Joaquim Levy sobre caixa-preta","og_description":"A CPI do\u00a0BNDES quer explica\u00e7\u00f5es de Joaquim Levy\u00a0sobre a caixa-preta dos empr\u00e9stimos internacionais. Clique para saber mais.","og_url":"https:\/\/www.suno.com.br\/noticias\/cpi-bndes-explicacoes-levy\/","og_site_name":"Suno Not\u00edcias","article_publisher":"https:\/\/facebook.com\/sunoresearch","og_image":[{"width":960,"height":640,"url":"https:\/\/files.sunoresearch.com.br\/n\/uploads\/2019\/06\/86a6093a-levy.jpg","type":"image\/jpeg"}],"author":"Giovanna Oliveira","twitter_card":"summary_large_image","twitter_creator":"@sunoresearch","twitter_site":"@sunoresearch","twitter_misc":{"Escrito por":"Giovanna Oliveira","Est. tempo de leitura":"2 minutos"},"schema":{"@context":"https:\/\/schema.org","@graph":[{"@type":"NewsArticle","@id":"https:\/\/www.suno.com.br\/noticias\/cpi-bndes-explicacoes-levy\/#article","isPartOf":{"@id":"https:\/\/www.suno.com.br\/noticias\/cpi-bndes-explicacoes-levy\/"},"author":{"name":"Giovanna Oliveira","@id":"https:\/\/www.suno.com.br\/noticias\/#\/schema\/person\/4e19e3d2575736e5283d58eb3199d120"},"headline":"CPI do BNDES quer explica\u00e7\u00f5es de Joaquim Levy sobre caixa-preta","datePublished":"2019-06-16T19:31:19+00:00","mainEntityOfPage":{"@id":"https:\/\/www.suno.com.br\/noticias\/cpi-bndes-explicacoes-levy\/"},"wordCount":397,"publisher":{"@id":"https:\/\/www.suno.com.br\/noticias\/#organization"},"image":{"@id":"https:\/\/www.suno.com.br\/noticias\/cpi-bndes-explicacoes-levy\/#primaryimage"},"thumbnailUrl":"https:\/\/files.sunoresearch.com.br\/n\/uploads\/2019\/06\/86a6093a-levy-jpg.webp","keywords":["BNDES","Comiss\u00e3o Parlamentar de Inqu\u00e9rito (CPI)","Joaquim Levy"],"articleSection":["Pol\u00edtica"],"inLanguage":"pt-BR"},{"@type":"WebPage","@id":"https:\/\/www.suno.com.br\/noticias\/cpi-bndes-explicacoes-levy\/","url":"https:\/\/www.suno.com.br\/noticias\/cpi-bndes-explicacoes-levy\/","name":"CPI do BNDES quer explica\u00e7\u00f5es de Joaquim Levy sobre caixa-preta","isPartOf":{"@id":"https:\/\/www.suno.com.br\/noticias\/#website"},"primaryImageOfPage":{"@id":"https:\/\/www.suno.com.br\/noticias\/cpi-bndes-explicacoes-levy\/#primaryimage"},"image":{"@id":"https:\/\/www.suno.com.br\/noticias\/cpi-bndes-explicacoes-levy\/#primaryimage"},"thumbnailUrl":"https:\/\/files.sunoresearch.com.br\/n\/uploads\/2019\/06\/86a6093a-levy-jpg.webp","datePublished":"2019-06-16T19:31:19+00:00","description":"A CPI do\u00a0BNDES quer explica\u00e7\u00f5es de Joaquim Levy\u00a0sobre a caixa-preta dos empr\u00e9stimos internacionais. Clique para saber mais.","breadcrumb":{"@id":"https:\/\/www.suno.com.br\/noticias\/cpi-bndes-explicacoes-levy\/#breadcrumb"},"inLanguage":"pt-BR","potentialAction":[{"@type":"ReadAction","target":["https:\/\/www.suno.com.br\/noticias\/cpi-bndes-explicacoes-levy\/"]}]},{"@type":"ImageObject","inLanguage":"pt-BR","@id":"https:\/\/www.suno.com.br\/noticias\/cpi-bndes-explicacoes-levy\/#primaryimage","url":"https:\/\/files.sunoresearch.com.br\/n\/uploads\/2019\/06\/86a6093a-levy-jpg.webp","contentUrl":"https:\/\/files.sunoresearch.com.br\/n\/uploads\/2019\/06\/86a6093a-levy-jpg.webp","width":960,"height":640,"caption":"CPI do BNDES quer explica\u00e7\u00f5es de Joaquim Levy sobre caixa-preta"},{"@type":"BreadcrumbList","@id":"https:\/\/www.suno.com.br\/noticias\/cpi-bndes-explicacoes-levy\/#breadcrumb","itemListElement":[{"@type":"ListItem","position":1,"name":"Not\u00edcias","item":"https:\/\/www.suno.com.br\/noticias\/"},{"@type":"ListItem","position":2,"name":"Pol\u00edtica","item":"https:\/\/www.suno.com.br\/noticias\/politica\/"},{"@type":"ListItem","position":3,"name":"CPI do BNDES quer explica\u00e7\u00f5es de Joaquim Levy sobre caixa-preta"}]},{"@type":"WebSite","@id":"https:\/\/www.suno.com.br\/noticias\/#website","url":"https:\/\/www.suno.com.br\/noticias\/","name":"Suno Not\u00edcias","description":"Seu portal de informa\u00e7\u00e3o sobre o mundo dos investimentos","publisher":{"@id":"https:\/\/www.suno.com.br\/noticias\/#organization"},"potentialAction":[{"@type":"SearchAction","target":{"@type":"EntryPoint","urlTemplate":"https:\/\/www.suno.com.br\/noticias\/?s={search_term_string}"},"query-input":{"@type":"PropertyValueSpecification","valueRequired":true,"valueName":"search_term_string"}}],"inLanguage":"pt-BR"},{"@type":"Organization","@id":"https:\/\/www.suno.com.br\/noticias\/#organization","name":"Suno Not\u00edcias","url":"https:\/\/www.suno.com.br\/noticias\/","logo":{"@type":"ImageObject","inLanguage":"pt-BR","@id":"https:\/\/www.suno.com.br\/noticias\/#\/schema\/logo\/image\/","url":"https:\/\/files.sunoresearch.com.br\/n\/uploads\/2021\/09\/suno-logo.png","contentUrl":"https:\/\/files.sunoresearch.com.br\/n\/uploads\/2021\/09\/suno-logo.png","width":180,"height":180,"caption":"Suno Not\u00edcias"},"image":{"@id":"https:\/\/www.suno.com.br\/noticias\/#\/schema\/logo\/image\/"},"sameAs":["https:\/\/facebook.com\/sunoresearch","https:\/\/x.com\/sunoresearch","https:\/\/www.instagram.com\/suno","https:\/\/www.linkedin.com\/company\/suno-research\/","https:\/\/www.youtube.com\/c\/sunoresearch"]},{"@type":"Person","@id":"https:\/\/www.suno.com.br\/noticias\/#\/schema\/person\/4e19e3d2575736e5283d58eb3199d120","name":"Giovanna Oliveira","image":{"@type":"ImageObject","inLanguage":"pt-BR","@id":"https:\/\/www.suno.com.br\/noticias\/#\/schema\/person\/image\/","url":"https:\/\/secure.gravatar.com\/avatar\/9a37b3ae208962ac568992d0ffdbc2eb?s=96&r=g","contentUrl":"https:\/\/secure.gravatar.com\/avatar\/9a37b3ae208962ac568992d0ffdbc2eb?s=96&r=g","caption":"Giovanna Oliveira"},"description":"Giovanna Oliveira escreve sobre economia e pol\u00edtica. Foi rep\u00f3rter do portal de jornalismo da ESPM-SP e produziu conte\u00fado para a Corinthians TV. \u00c9 estudante da ESPM.","url":"https:\/\/www.suno.com.br\/noticias\/author\/giovanna\/"}]}},"default_loop_html":"<div class=\"cardsPage__listCard__boxs\"><div class=\"cardsPage__listCard__boxs__img\"><a href=\"https:\/\/www.suno.com.br\/noticias\/cpi-bndes-explicacoes-levy\/\"><img class=\"mask\" src=\"https:\/\/www.suno.com.br\/noticias\/wp-content\/themes\/suno\/resources\/images\/spotlight\/spotlight1img\/bg-mask.png\" alt=\"Image Mask\"\/><img src=\"https:\/\/files.sunoresearch.com.br\/n\/uploads\/2019\/06\/86a6093a-levy-400x200.webp\" alt=\"CPI do BNDES quer explica\u00e7\u00f5es de Joaquim Levy sobre caixa-preta\"\/><\/a><span class=\"spotlightCategory\"><a href=\"https:\/\/www.suno.com.br\/noticias\/politica\/\">Pol\u00edtica<\/a><\/span><\/div><div class=\"cardsPage__listCard__boxs__content\"><a href=\"https:\/\/www.suno.com.br\/noticias\/cpi-bndes-explicacoes-levy\/\"><h2 class=\"content__title\">CPI do BNDES quer explica\u00e7\u00f5es de Joaquim Levy sobre caixa-preta<\/h2><\/a><div class=\"newsContent__article__meta\"><div class=\"newsContent__article__meta__authorBox\"><a href=\"https:\/\/www.suno.com.br\/noticias\/author\/giovanna\/\" class=\"authorBox__avatar noMobi\"><img src=\"https:\/\/files.sunoresearch.com.br\/n\/uploads\/2019\/06\/952a89ca-screenshot_20190608-171507-150x150.webp\" alt=\"Giovanna Oliveira\"><\/a><div class=\"authorBox__name\"><span>por\n\t\t\t<a href=\"https:\/\/www.suno.com.br\/noticias\/author\/giovanna\/\"><span itemprop=\"author\">Giovanna Oliveira<\/span><\/a><\/span><time datetime=\"2019-06-16T16:31:19-03:00\" itemprop=\"datePublished\">16\/06\/2019 16:31<\/time><\/div><\/div><\/div><\/div><\/div>","single_layout":"posts","amp_enabled":true,"_links":{"self":[{"href":"https:\/\/www.suno.com.br\/noticias\/wp-json\/wp\/v2\/posts\/28303"}],"collection":[{"href":"https:\/\/www.suno.com.br\/noticias\/wp-json\/wp\/v2\/posts"}],"about":[{"href":"https:\/\/www.suno.com.br\/noticias\/wp-json\/wp\/v2\/types\/post"}],"author":[{"embeddable":true,"href":"https:\/\/www.suno.com.br\/noticias\/wp-json\/wp\/v2\/users\/18"}],"replies":[{"embeddable":true,"href":"https:\/\/www.suno.com.br\/noticias\/wp-json\/wp\/v2\/comments?post=28303"}],"version-history":[{"count":0,"href":"https:\/\/www.suno.com.br\/noticias\/wp-json\/wp\/v2\/posts\/28303\/revisions"}],"wp:featuredmedia":[{"embeddable":true,"href":"https:\/\/www.suno.com.br\/noticias\/wp-json\/wp\/v2\/media\/28304"}],"wp:attachment":[{"href":"https:\/\/www.suno.com.br\/noticias\/wp-json\/wp\/v2\/media?parent=28303"}],"wp:term":[{"taxonomy":"category","embeddable":true,"href":"https:\/\/www.suno.com.br\/noticias\/wp-json\/wp\/v2\/categories?post=28303"},{"taxonomy":"post_tag","embeddable":true,"href":"https:\/\/www.suno.com.br\/noticias\/wp-json\/wp\/v2\/tags?post=28303"},{"taxonomy":"suno_strategy","embeddable":true,"href":"https:\/\/www.suno.com.br\/noticias\/wp-json\/wp\/v2\/suno_strategy?post=28303"}],"curies":[{"name":"wp","href":"https:\/\/api.w.org\/{rel}","templated":true}]}}