{"id":282862,"date":"2022-08-08T21:59:46","date_gmt":"2022-08-09T00:59:46","guid":{"rendered":"https:\/\/www.suno.com.br\/noticias\/?p=282862"},"modified":"2022-08-08T21:59:46","modified_gmt":"2022-08-09T00:59:46","slug":"aes-brasil-aesb3-adquire-usinas-eolicas","status":"publish","type":"post","link":"https:\/\/www.suno.com.br\/noticias\/aes-brasil-aesb3-adquire-usinas-eolicas\/","title":{"rendered":"AES Brasil (AESB3) anuncia compra de tr\u00eas usinas e\u00f3licas por R$ 2 bilh\u00f5es"},"content":{"rendered":"<p>A <strong><a class=\"suno-keyword\" href=\"https:\/\/www.suno.com.br\/acoes\/aesb3\/\" target=\"_blank\" rel=\"noopener\" data-force=\"yes\" data-priority=\"1\">AES Brasil (AESB3)<\/a><\/strong> anunciou a compra dos ativos das usinas<span id=\"page482R_mcid6\" class=\"markedContent\"><span dir=\"ltr\" role=\"presentation\"> e\u00f3licas Ventos do<\/span> <span dir=\"ltr\" role=\"presentation\">Araripe (PI), <\/span><span dir=\"ltr\" role=\"presentation\">Caet\u00e9s (PE) e Cassino <\/span><\/span>da Cubico Brasil (RS), pelo total de R$ 2,03 bilh\u00f5es.<\/p>\t<div class=\"wrapper-featured-image\">\n\t\t<figure class=\"spotlightImg\">\n\n\t\t\t<picture>\n\t\t\t\t<source media=\"(max-width: 768px)\" srcset=\"https:\/\/files.sunoresearch.com.br\/n\/uploads\/2021\/07\/06ac41c6-windmills-1149604_1920-400x200.jpg\">\n\t\t\t\t<img loading=\"lazy\" decoding=\"async\" class=\"newsContent__article__imgCapa lazyloadDisabled \" src=\"https:\/\/files.sunoresearch.com.br\/n\/uploads\/2021\/07\/06ac41c6-windmills-1149604_1920-800x450.jpg\" width=\"800\" height=\"450\" alt=\"AES Brasil (AESB3) anuncia compra de tr\u00eas usinas e\u00f3licas por R$ 2 bilh\u00f5es\" fetchpriority=high \/>\n\t\t\t<\/picture>\n\n\t\t\t<figcaption class=\"wp-caption-text wp-caption-text--show\">Energia e\u00f3lica. Foto: Pixabay.<\/figcaption>\n\t\t<\/figure>\n\t<\/div>\n\n\n\t<p>\n\t\t<a href=\"\" target=\"_blank\" data-element=\"shortcode-suno-banner\" title=\"Banner SUNO, clique e saiba mais\">\n\t\t\t<picture>\n\t\t\t\t<source media=\"(max-width: 500px)\" srcset=\"\">\n\t\t\t\t<img class=\"newsContent__article__imgCapa newsContent__article__imgCapa--banner\"\n\t\t\t\t\tsrc=\"\"\n\t\t\t\t\tdata-promo-id=\"138420\"\t\t\t\t\t\t\t\t\t\t\t\t\t\t\talt=\"\"\n\t\t\t\t>\n\t\t\t<\/picture>\n\t\t<\/a>\n\t<\/p>\n\n\n<p><span class=\"selectable-text copyable-text\">&#8220;<\/span><span class=\"selectable-text copyable-text\">Com a <\/span><span class=\"selectable-text copyable-text\">conclus\u00e3o da opera\u00e7\u00e3o de <strong>compra das e\u00f3licas<\/strong>, a AES Brasil passar\u00e1 a contar com uma capacidade instalada de 5,2 GW [gigawatts] <\/span><span class=\"selectable-text copyable-text\">renov\u00e1vel, sendo 4,2GW operacionais e 1,0 GW em constru\u00e7\u00e3o&#8221;, diz a <span id=\"page482R_mcid6\" class=\"markedContent\"><span dir=\"ltr\" role=\"presentation\">companhia de energia em <a class=\"suno-keyword\" href=\"https:\/\/www.suno.com.br\/artigos\/fato-relevante\/\" target=\"_blank\" rel=\"noopener\" data-force=\"no\" data-priority=\"1\">Fato Relevante<\/a> ao mercado. <\/span><\/span><\/span><\/p>\n<p>O valor da transa\u00e7\u00e3o de R$ 2,03 bilh\u00f5es \u00e9 composto por <span id=\"page482R_mcid159\" class=\"markedContent\"><span dir=\"ltr\" role=\"presentation\">R$1,1 bilh\u00e3o em <\/span><span dir=\"ltr\" role=\"presentation\">equity e R$ 928 milh\u00f5es em a<\/span><span dir=\"ltr\" role=\"presentation\">ssun\u00e7\u00e3o de <a class=\"suno-keyword\" href=\"https:\/\/www.suno.com.br\/artigos\/divida-liquida\/\" target=\"_blank\" rel=\"noopener\" data-force=\"no\" data-priority=\"1\">d\u00edvida l\u00edquida<\/a>.<\/span><\/span><\/p>\n<p class=\"selectable-text copyable-text\"><span class=\"selectable-text copyable-text\">A AES Brasil destaca que a aquisi\u00e7\u00e3o representa um &#8220;importante passo na estrat\u00e9gia de crescimento e <\/span><span class=\"selectable-text copyable-text\">diversifica\u00e7\u00e3o de portf\u00f3lio&#8221; da empresa. <\/span><\/p>\n<p>&#8220;A c<span id=\"page482R_mcid6\" class=\"markedContent\"><span dir=\"ltr\" role=\"presentation\">onclus\u00e3o da opera\u00e7\u00e3o<\/span> <span dir=\"ltr\" role=\"presentation\">estar\u00e1 <\/span><span dir=\"ltr\" role=\"presentation\">sujeita ao cumprimento das condi\u00e7\u00f5es precedentes acordadas no<\/span> <span dir=\"ltr\" role=\"presentation\">\u00e2mbito do<\/span> <span dir=\"ltr\" role=\"presentation\">SPA [Contrato de Compra e Venda de A\u00e7\u00f5es], todas elas <\/span><span dir=\"ltr\" role=\"presentation\">compat\u00edveis<\/span> <span dir=\"ltr\" role=\"presentation\">com<\/span> <span dir=\"ltr\" role=\"presentation\">opera\u00e7\u00f5es da mesma natur<\/span><span dir=\"ltr\" role=\"presentation\">eza&#8221;, explica.<br \/>\n<\/span><\/span><\/p>\n<p>Para viabilizar o pagamento da aquisi\u00e7\u00e3o, o <span class=\"selectable-text copyable-text\"><a class=\"suno-keyword\" href=\"https:\/\/www.suno.com.br\/artigos\/conselho-administracao\/\" target=\"_blank\" rel=\"noopener\" data-force=\"no\" data-priority=\"1\">Conselho de Administra\u00e7\u00e3o<\/a> da empresa aprovou um aumento <\/span><span class=\"selectable-text copyable-text\">de capital social de no m\u00ednimo R$ 500 milh\u00f5es e no m\u00e1ximo\u00a0 R$ 1,1 bilh\u00e3o, por meio da emiss\u00e3o para subscri\u00e7\u00e3o privada de <a class=\"suno-keyword\" href=\"https:\/\/www.suno.com.br\/artigos\/o-que-sao-acoes-ordinarias-preferenciais-e-units\/\" target=\"_blank\" rel=\"noopener\" data-force=\"no\" data-priority=\"1\">a\u00e7\u00f5es ordin\u00e1rias<\/a> de no m\u00ednimo <\/span><span class=\"selectable-text copyable-text\">52 milh\u00f5es e no m\u00e1ximo <\/span><span class=\"selectable-text copyable-text\"> 116 milh\u00f5es. <\/span><\/p>\n\t<p>\n\t\t<a href=\"https:\/\/lp.suno.com.br\/planilha-controle-gastos\/\" target=\"_blank\" data-element=\"shortcode-suno-banner\" title=\"Banner SUNO, clique e saiba mais\">\n\t\t\t<picture>\n\t\t\t\t<source media=\"(max-width: 500px)\" srcset=\"https:\/\/files.sunoresearch.com.br\/n\/uploads\/2023\/03\/400x300-Planilha-controle-de-gastos.png\">\n\t\t\t\t<img class=\"newsContent__article__imgCapa newsContent__article__imgCapa--banner\"\n\t\t\t\t\tsrc=\"https:\/\/files.sunoresearch.com.br\/n\/uploads\/2023\/03\/1420x240-Planilha-controle-de-gastos.png\"\n\t\t\t\t\tdata-promo-id=\"101751\"\t\t\t\t\t\t\t\t\t\twidth='1420' height='240'\t\t\t\t\talt=\"https:\/\/files.sunoresearch.com.br\/n\/uploads\/2023\/03\/1420x240-Planilha-controle-de-gastos.png\"\n\t\t\t\t>\n\t\t\t<\/picture>\n\t\t<\/a>\n\t<\/p>\n\n\n<p><span class=\"selectable-text copyable-text\">O pre\u00e7o de emiss\u00e3o por a\u00e7\u00e3o ficou em <span id=\"page1R_mcid2\" class=\"markedContent\"> <span dir=\"ltr\" role=\"presentation\">R$ 9,61, levando em considera\u00e7\u00e3o a m\u00e9dia do pre\u00e7o das <strong>a\u00e7\u00f5es da AES Brasil<\/strong> dos \u00faltimos 60 dias, com um des\u00e1gio de 10%. <span id=\"page1R_mcid4\" class=\"markedContent\"> <\/span><\/span><\/span><\/span><\/p>\n<p><span class=\"selectable-text copyable-text\"><span id=\"page1R_mcid2\" class=\"markedContent\"><span dir=\"ltr\" role=\"presentation\"><span id=\"page1R_mcid4\" class=\"markedContent\">A AES Holdings Brasil e a AES Holdings Brasil II, controladores da empresa, se comprometeram com US$ 100 milh\u00f5es, equivalentes a R$ 512,4 milh\u00f5es, assegurando o valor m\u00ednimo para a opera\u00e7\u00e3o.<\/span><\/span><\/span><br \/>\n<\/span><\/p>\n<p>Para assessor\u00e1-la no <a class=\"suno-keyword\" href=\"https:\/\/www.suno.com.br\/artigos\/aumento-capital\/\" target=\"_blank\" rel=\"noopener\" data-force=\"no\" data-priority=\"1\">aumento de capital<\/a>, a companhia contratou a XP<span class=\"selectable-text copyable-text\"> Investimentos.<\/span><\/p>\n<p>O ativo e\u00f3lico Ventos do Araripe, no Piau\u00ed, possui 7 <span class=\"selectable-text copyable-text\">sociedades de prop\u00f3sito espec\u00edfico (SPEs), com capacidade instalada prevista de 210 megawatts m\u00e9dios (MWm). O ativo de Caet\u00e9s tamb\u00e9m possui 7 SPEs, com capacidade instalada prevista de 181,9 MWm. Por fim, o ativo e\u00f3lico de Cassino possui 3 SPEs, com capacidade instalada prevista de 64 MWm.<\/span><\/p>\n<h2><strong>Cota\u00e7\u00e3o da AES Brasil<\/strong><\/h2>\n<p>As a\u00e7\u00f5es da <strong>AES Brasil<\/strong> subiram 0,09% nesta segunda-feira (8), cotadas a R$ 10,73.<\/p>\n\t<p>\n\t\t<a href=\"https:\/\/lp.suno.com.br\/planilha-da-vida-financeira\/\" target=\"_blank\" data-element=\"shortcode-suno-banner\" title=\"Banner SUNO, clique e saiba mais\">\n\t\t\t<picture>\n\t\t\t\t<source media=\"(max-width: 500px)\" srcset=\"https:\/\/files.sunoresearch.com.br\/n\/uploads\/2023\/04\/400x300-Planilha-vida-financeira-true.png\">\n\t\t\t\t<img class=\"newsContent__article__imgCapa newsContent__article__imgCapa--banner\"\n\t\t\t\t\tsrc=\"https:\/\/files.sunoresearch.com.br\/n\/uploads\/2023\/04\/1420x240-Planilha-vida-financeira-true.png\"\n\t\t\t\t\tdata-promo-id=\"106682\"\t\t\t\t\t\t\t\t\t\twidth='1420' height='240'\t\t\t\t\talt=\"https:\/\/files.sunoresearch.com.br\/n\/uploads\/2023\/04\/1420x240-Planilha-vida-financeira-true.png\"\n\t\t\t\t>\n\t\t\t<\/picture>\n\t\t<\/a>\n\t<\/p>\n\n\n","protected":false},"excerpt":{"rendered":"<p>A AES Brasil (AESB3) anunciou a compra dos ativos das usinas e\u00f3licas Ventos do Araripe (PI), Caet\u00e9s (PE) e Cassino da Cubico Brasil (RS), pelo total de R$ 2,03 bilh\u00f5es. Energia e\u00f3lica. Foto: Pixabay. &#8220;Com a conclus\u00e3o da opera\u00e7\u00e3o de compra das e\u00f3licas, a AES Brasil passar\u00e1 a contar com uma capacidade instalada de 5,2 [&hellip;]<\/p>\n","protected":false},"author":195,"featured_media":167708,"comment_status":"closed","ping_status":"closed","sticky":false,"template":"","format":"standard","meta":[],"categories":[64],"tags":[106075],"suno_strategy":[],"class_list":["post-282862","post","type-post","status-publish","format-standard","has-post-thumbnail","hentry","category-negocios","tag-aes-brasil-aesb3"],"yoast_head":"<!-- This site is optimized with the Yoast SEO plugin v24.4 - https:\/\/yoast.com\/wordpress\/plugins\/seo\/ -->\n<title>AES Brasil (AESB3) compra tr\u00eas usinas e\u00f3licas por R$ 2 bilh\u00f5es<\/title>\n<meta name=\"description\" content=\"A AES Brasil (AESB3) adquiriu ativos da usinas e\u00f3licas Ventos do Araripe, Caet\u00e9s e Cassino da Cubico Brasil, pelo total de R$ 2,03 bilh\u00f5es.\" \/>\n<meta name=\"robots\" content=\"index, follow, max-snippet:-1, max-image-preview:large, max-video-preview:-1\" \/>\n<link rel=\"canonical\" href=\"https:\/\/www.suno.com.br\/noticias\/aes-brasil-aesb3-adquire-usinas-eolicas\/\" \/>\n<meta property=\"og:locale\" content=\"pt_BR\" \/>\n<meta property=\"og:type\" content=\"article\" \/>\n<meta property=\"og:title\" content=\"AES Brasil (AESB3) compra tr\u00eas usinas e\u00f3licas por R$ 2 bilh\u00f5es\" \/>\n<meta property=\"og:description\" content=\"A AES Brasil (AESB3) adquiriu ativos da usinas e\u00f3licas Ventos do Araripe, Caet\u00e9s e Cassino da Cubico Brasil, pelo total de R$ 2,03 bilh\u00f5es.\" \/>\n<meta property=\"og:url\" content=\"https:\/\/www.suno.com.br\/noticias\/aes-brasil-aesb3-adquire-usinas-eolicas\/\" \/>\n<meta property=\"og:site_name\" content=\"Suno Not\u00edcias\" \/>\n<meta property=\"article:publisher\" content=\"https:\/\/facebook.com\/sunoresearch\" \/>\n<meta property=\"og:image\" content=\"https:\/\/files.sunoresearch.com.br\/n\/uploads\/2021\/07\/06ac41c6-windmills-1149604_1920.jpg\" \/>\n\t<meta property=\"og:image:width\" content=\"1920\" \/>\n\t<meta property=\"og:image:height\" content=\"1079\" \/>\n\t<meta property=\"og:image:type\" content=\"image\/jpeg\" \/>\n<meta name=\"author\" content=\"Ana Clara Macedo\" \/>\n<meta name=\"twitter:card\" content=\"summary_large_image\" \/>\n<meta name=\"twitter:creator\" content=\"@sunoresearch\" \/>\n<meta name=\"twitter:site\" content=\"@sunoresearch\" \/>\n<meta name=\"twitter:label1\" content=\"Escrito por\" \/>\n\t<meta name=\"twitter:data1\" content=\"Ana Clara Macedo\" \/>\n\t<meta name=\"twitter:label2\" content=\"Est. tempo de leitura\" \/>\n\t<meta name=\"twitter:data2\" content=\"2 minutos\" \/>\n<script type=\"application\/ld+json\" class=\"yoast-schema-graph\">{\"@context\":\"https:\/\/schema.org\",\"@graph\":[{\"@type\":\"NewsArticle\",\"@id\":\"https:\/\/www.suno.com.br\/noticias\/aes-brasil-aesb3-adquire-usinas-eolicas\/#article\",\"isPartOf\":{\"@id\":\"https:\/\/www.suno.com.br\/noticias\/aes-brasil-aesb3-adquire-usinas-eolicas\/\"},\"author\":{\"name\":\"Ana Clara Macedo\",\"@id\":\"https:\/\/www.suno.com.br\/noticias\/#\/schema\/person\/a70f3c52ef8c814d62ed63b30bb30176\"},\"headline\":\"AES Brasil (AESB3) anuncia compra de tr\u00eas usinas e\u00f3licas por R$ 2 bilh\u00f5es\",\"datePublished\":\"2022-08-09T00:59:46+00:00\",\"mainEntityOfPage\":{\"@id\":\"https:\/\/www.suno.com.br\/noticias\/aes-brasil-aesb3-adquire-usinas-eolicas\/\"},\"wordCount\":411,\"publisher\":{\"@id\":\"https:\/\/www.suno.com.br\/noticias\/#organization\"},\"image\":{\"@id\":\"https:\/\/www.suno.com.br\/noticias\/aes-brasil-aesb3-adquire-usinas-eolicas\/#primaryimage\"},\"thumbnailUrl\":\"https:\/\/files.sunoresearch.com.br\/n\/uploads\/2021\/07\/06ac41c6-windmills-1149604_1920.jpg\",\"keywords\":[\"AES Brasil (AESB3)\"],\"articleSection\":[\"Neg\u00f3cios\"],\"inLanguage\":\"pt-BR\"},{\"@type\":\"WebPage\",\"@id\":\"https:\/\/www.suno.com.br\/noticias\/aes-brasil-aesb3-adquire-usinas-eolicas\/\",\"url\":\"https:\/\/www.suno.com.br\/noticias\/aes-brasil-aesb3-adquire-usinas-eolicas\/\",\"name\":\"AES Brasil (AESB3) compra tr\u00eas usinas e\u00f3licas por R$ 2 bilh\u00f5es\",\"isPartOf\":{\"@id\":\"https:\/\/www.suno.com.br\/noticias\/#website\"},\"primaryImageOfPage\":{\"@id\":\"https:\/\/www.suno.com.br\/noticias\/aes-brasil-aesb3-adquire-usinas-eolicas\/#primaryimage\"},\"image\":{\"@id\":\"https:\/\/www.suno.com.br\/noticias\/aes-brasil-aesb3-adquire-usinas-eolicas\/#primaryimage\"},\"thumbnailUrl\":\"https:\/\/files.sunoresearch.com.br\/n\/uploads\/2021\/07\/06ac41c6-windmills-1149604_1920.jpg\",\"datePublished\":\"2022-08-09T00:59:46+00:00\",\"description\":\"A AES Brasil (AESB3) adquiriu ativos da usinas e\u00f3licas Ventos do Araripe, Caet\u00e9s e Cassino da Cubico Brasil, pelo total de R$ 2,03 bilh\u00f5es.\",\"breadcrumb\":{\"@id\":\"https:\/\/www.suno.com.br\/noticias\/aes-brasil-aesb3-adquire-usinas-eolicas\/#breadcrumb\"},\"inLanguage\":\"pt-BR\",\"potentialAction\":[{\"@type\":\"ReadAction\",\"target\":[\"https:\/\/www.suno.com.br\/noticias\/aes-brasil-aesb3-adquire-usinas-eolicas\/\"]}]},{\"@type\":\"ImageObject\",\"inLanguage\":\"pt-BR\",\"@id\":\"https:\/\/www.suno.com.br\/noticias\/aes-brasil-aesb3-adquire-usinas-eolicas\/#primaryimage\",\"url\":\"https:\/\/files.sunoresearch.com.br\/n\/uploads\/2021\/07\/06ac41c6-windmills-1149604_1920.jpg\",\"contentUrl\":\"https:\/\/files.sunoresearch.com.br\/n\/uploads\/2021\/07\/06ac41c6-windmills-1149604_1920.jpg\",\"width\":1920,\"height\":1079,\"caption\":\"Energia e\u00f3lica. Foto: Pixabay.\"},{\"@type\":\"BreadcrumbList\",\"@id\":\"https:\/\/www.suno.com.br\/noticias\/aes-brasil-aesb3-adquire-usinas-eolicas\/#breadcrumb\",\"itemListElement\":[{\"@type\":\"ListItem\",\"position\":1,\"name\":\"Not\u00edcias\",\"item\":\"https:\/\/www.suno.com.br\/noticias\/\"},{\"@type\":\"ListItem\",\"position\":2,\"name\":\"Neg\u00f3cios\",\"item\":\"https:\/\/www.suno.com.br\/noticias\/negocios\/\"},{\"@type\":\"ListItem\",\"position\":3,\"name\":\"AES Brasil (AESB3) anuncia compra de tr\u00eas usinas e\u00f3licas por R$ 2 bilh\u00f5es\"}]},{\"@type\":\"WebSite\",\"@id\":\"https:\/\/www.suno.com.br\/noticias\/#website\",\"url\":\"https:\/\/www.suno.com.br\/noticias\/\",\"name\":\"Suno Not\u00edcias\",\"description\":\"Seu portal de informa\u00e7\u00e3o sobre o mundo dos investimentos\",\"publisher\":{\"@id\":\"https:\/\/www.suno.com.br\/noticias\/#organization\"},\"potentialAction\":[{\"@type\":\"SearchAction\",\"target\":{\"@type\":\"EntryPoint\",\"urlTemplate\":\"https:\/\/www.suno.com.br\/noticias\/?s={search_term_string}\"},\"query-input\":{\"@type\":\"PropertyValueSpecification\",\"valueRequired\":true,\"valueName\":\"search_term_string\"}}],\"inLanguage\":\"pt-BR\"},{\"@type\":\"Organization\",\"@id\":\"https:\/\/www.suno.com.br\/noticias\/#organization\",\"name\":\"Suno Not\u00edcias\",\"url\":\"https:\/\/www.suno.com.br\/noticias\/\",\"logo\":{\"@type\":\"ImageObject\",\"inLanguage\":\"pt-BR\",\"@id\":\"https:\/\/www.suno.com.br\/noticias\/#\/schema\/logo\/image\/\",\"url\":\"https:\/\/files.sunoresearch.com.br\/n\/uploads\/2021\/09\/suno-logo.png\",\"contentUrl\":\"https:\/\/files.sunoresearch.com.br\/n\/uploads\/2021\/09\/suno-logo.png\",\"width\":180,\"height\":180,\"caption\":\"Suno Not\u00edcias\"},\"image\":{\"@id\":\"https:\/\/www.suno.com.br\/noticias\/#\/schema\/logo\/image\/\"},\"sameAs\":[\"https:\/\/facebook.com\/sunoresearch\",\"https:\/\/x.com\/sunoresearch\",\"https:\/\/www.instagram.com\/suno\",\"https:\/\/www.linkedin.com\/company\/suno-research\/\",\"https:\/\/www.youtube.com\/c\/sunoresearch\"]},{\"@type\":\"Person\",\"@id\":\"https:\/\/www.suno.com.br\/noticias\/#\/schema\/person\/a70f3c52ef8c814d62ed63b30bb30176\",\"name\":\"Ana Clara Macedo\",\"image\":{\"@type\":\"ImageObject\",\"inLanguage\":\"pt-BR\",\"@id\":\"https:\/\/www.suno.com.br\/noticias\/#\/schema\/person\/image\/\",\"url\":\"https:\/\/secure.gravatar.com\/avatar\/40810da86786bd5619f8cd594b0f44ef?s=96&r=g\",\"contentUrl\":\"https:\/\/secure.gravatar.com\/avatar\/40810da86786bd5619f8cd594b0f44ef?s=96&r=g\",\"caption\":\"Ana Clara Macedo\"},\"description\":\"Rep\u00f3rter no Suno Not\u00edcias, cobrindo acontecimentos sobre neg\u00f3cios, mercado financeiro e economia. Anteriormente trabalhou como Rep\u00f3rter no Mercado News e produziu relat\u00f3rios e artigos sobre empresas de capital aberto.\",\"url\":\"https:\/\/www.suno.com.br\/noticias\/author\/ana-clara-macedo\/\"}]}<\/script>\n<!-- \/ Yoast SEO plugin. -->","yoast_head_json":{"title":"AES Brasil (AESB3) compra tr\u00eas usinas e\u00f3licas por R$ 2 bilh\u00f5es","description":"A AES Brasil (AESB3) adquiriu ativos da usinas e\u00f3licas Ventos do Araripe, Caet\u00e9s e Cassino da Cubico Brasil, pelo total de R$ 2,03 bilh\u00f5es.","robots":{"index":"index","follow":"follow","max-snippet":"max-snippet:-1","max-image-preview":"max-image-preview:large","max-video-preview":"max-video-preview:-1"},"canonical":"https:\/\/www.suno.com.br\/noticias\/aes-brasil-aesb3-adquire-usinas-eolicas\/","og_locale":"pt_BR","og_type":"article","og_title":"AES Brasil (AESB3) compra tr\u00eas usinas e\u00f3licas por R$ 2 bilh\u00f5es","og_description":"A AES Brasil (AESB3) adquiriu ativos da usinas e\u00f3licas Ventos do Araripe, Caet\u00e9s e Cassino da Cubico Brasil, pelo total de R$ 2,03 bilh\u00f5es.","og_url":"https:\/\/www.suno.com.br\/noticias\/aes-brasil-aesb3-adquire-usinas-eolicas\/","og_site_name":"Suno Not\u00edcias","article_publisher":"https:\/\/facebook.com\/sunoresearch","og_image":[{"width":1920,"height":1079,"url":"https:\/\/files.sunoresearch.com.br\/n\/uploads\/2021\/07\/06ac41c6-windmills-1149604_1920.jpg","type":"image\/jpeg"}],"author":"Ana Clara Macedo","twitter_card":"summary_large_image","twitter_creator":"@sunoresearch","twitter_site":"@sunoresearch","twitter_misc":{"Escrito por":"Ana Clara Macedo","Est. tempo de leitura":"2 minutos"},"schema":{"@context":"https:\/\/schema.org","@graph":[{"@type":"NewsArticle","@id":"https:\/\/www.suno.com.br\/noticias\/aes-brasil-aesb3-adquire-usinas-eolicas\/#article","isPartOf":{"@id":"https:\/\/www.suno.com.br\/noticias\/aes-brasil-aesb3-adquire-usinas-eolicas\/"},"author":{"name":"Ana Clara Macedo","@id":"https:\/\/www.suno.com.br\/noticias\/#\/schema\/person\/a70f3c52ef8c814d62ed63b30bb30176"},"headline":"AES Brasil (AESB3) anuncia compra de tr\u00eas usinas e\u00f3licas por R$ 2 bilh\u00f5es","datePublished":"2022-08-09T00:59:46+00:00","mainEntityOfPage":{"@id":"https:\/\/www.suno.com.br\/noticias\/aes-brasil-aesb3-adquire-usinas-eolicas\/"},"wordCount":411,"publisher":{"@id":"https:\/\/www.suno.com.br\/noticias\/#organization"},"image":{"@id":"https:\/\/www.suno.com.br\/noticias\/aes-brasil-aesb3-adquire-usinas-eolicas\/#primaryimage"},"thumbnailUrl":"https:\/\/files.sunoresearch.com.br\/n\/uploads\/2021\/07\/06ac41c6-windmills-1149604_1920.jpg","keywords":["AES Brasil (AESB3)"],"articleSection":["Neg\u00f3cios"],"inLanguage":"pt-BR"},{"@type":"WebPage","@id":"https:\/\/www.suno.com.br\/noticias\/aes-brasil-aesb3-adquire-usinas-eolicas\/","url":"https:\/\/www.suno.com.br\/noticias\/aes-brasil-aesb3-adquire-usinas-eolicas\/","name":"AES Brasil (AESB3) compra tr\u00eas usinas e\u00f3licas por R$ 2 bilh\u00f5es","isPartOf":{"@id":"https:\/\/www.suno.com.br\/noticias\/#website"},"primaryImageOfPage":{"@id":"https:\/\/www.suno.com.br\/noticias\/aes-brasil-aesb3-adquire-usinas-eolicas\/#primaryimage"},"image":{"@id":"https:\/\/www.suno.com.br\/noticias\/aes-brasil-aesb3-adquire-usinas-eolicas\/#primaryimage"},"thumbnailUrl":"https:\/\/files.sunoresearch.com.br\/n\/uploads\/2021\/07\/06ac41c6-windmills-1149604_1920.jpg","datePublished":"2022-08-09T00:59:46+00:00","description":"A AES Brasil (AESB3) adquiriu ativos da usinas e\u00f3licas Ventos do Araripe, Caet\u00e9s e Cassino da Cubico Brasil, pelo total de R$ 2,03 bilh\u00f5es.","breadcrumb":{"@id":"https:\/\/www.suno.com.br\/noticias\/aes-brasil-aesb3-adquire-usinas-eolicas\/#breadcrumb"},"inLanguage":"pt-BR","potentialAction":[{"@type":"ReadAction","target":["https:\/\/www.suno.com.br\/noticias\/aes-brasil-aesb3-adquire-usinas-eolicas\/"]}]},{"@type":"ImageObject","inLanguage":"pt-BR","@id":"https:\/\/www.suno.com.br\/noticias\/aes-brasil-aesb3-adquire-usinas-eolicas\/#primaryimage","url":"https:\/\/files.sunoresearch.com.br\/n\/uploads\/2021\/07\/06ac41c6-windmills-1149604_1920.jpg","contentUrl":"https:\/\/files.sunoresearch.com.br\/n\/uploads\/2021\/07\/06ac41c6-windmills-1149604_1920.jpg","width":1920,"height":1079,"caption":"Energia e\u00f3lica. Foto: Pixabay."},{"@type":"BreadcrumbList","@id":"https:\/\/www.suno.com.br\/noticias\/aes-brasil-aesb3-adquire-usinas-eolicas\/#breadcrumb","itemListElement":[{"@type":"ListItem","position":1,"name":"Not\u00edcias","item":"https:\/\/www.suno.com.br\/noticias\/"},{"@type":"ListItem","position":2,"name":"Neg\u00f3cios","item":"https:\/\/www.suno.com.br\/noticias\/negocios\/"},{"@type":"ListItem","position":3,"name":"AES Brasil (AESB3) anuncia compra de tr\u00eas usinas e\u00f3licas por R$ 2 bilh\u00f5es"}]},{"@type":"WebSite","@id":"https:\/\/www.suno.com.br\/noticias\/#website","url":"https:\/\/www.suno.com.br\/noticias\/","name":"Suno Not\u00edcias","description":"Seu portal de informa\u00e7\u00e3o sobre o mundo dos investimentos","publisher":{"@id":"https:\/\/www.suno.com.br\/noticias\/#organization"},"potentialAction":[{"@type":"SearchAction","target":{"@type":"EntryPoint","urlTemplate":"https:\/\/www.suno.com.br\/noticias\/?s={search_term_string}"},"query-input":{"@type":"PropertyValueSpecification","valueRequired":true,"valueName":"search_term_string"}}],"inLanguage":"pt-BR"},{"@type":"Organization","@id":"https:\/\/www.suno.com.br\/noticias\/#organization","name":"Suno Not\u00edcias","url":"https:\/\/www.suno.com.br\/noticias\/","logo":{"@type":"ImageObject","inLanguage":"pt-BR","@id":"https:\/\/www.suno.com.br\/noticias\/#\/schema\/logo\/image\/","url":"https:\/\/files.sunoresearch.com.br\/n\/uploads\/2021\/09\/suno-logo.png","contentUrl":"https:\/\/files.sunoresearch.com.br\/n\/uploads\/2021\/09\/suno-logo.png","width":180,"height":180,"caption":"Suno Not\u00edcias"},"image":{"@id":"https:\/\/www.suno.com.br\/noticias\/#\/schema\/logo\/image\/"},"sameAs":["https:\/\/facebook.com\/sunoresearch","https:\/\/x.com\/sunoresearch","https:\/\/www.instagram.com\/suno","https:\/\/www.linkedin.com\/company\/suno-research\/","https:\/\/www.youtube.com\/c\/sunoresearch"]},{"@type":"Person","@id":"https:\/\/www.suno.com.br\/noticias\/#\/schema\/person\/a70f3c52ef8c814d62ed63b30bb30176","name":"Ana Clara Macedo","image":{"@type":"ImageObject","inLanguage":"pt-BR","@id":"https:\/\/www.suno.com.br\/noticias\/#\/schema\/person\/image\/","url":"https:\/\/secure.gravatar.com\/avatar\/40810da86786bd5619f8cd594b0f44ef?s=96&r=g","contentUrl":"https:\/\/secure.gravatar.com\/avatar\/40810da86786bd5619f8cd594b0f44ef?s=96&r=g","caption":"Ana Clara Macedo"},"description":"Rep\u00f3rter no Suno Not\u00edcias, cobrindo acontecimentos sobre neg\u00f3cios, mercado financeiro e economia. Anteriormente trabalhou como Rep\u00f3rter no Mercado News e produziu relat\u00f3rios e artigos sobre empresas de capital aberto.","url":"https:\/\/www.suno.com.br\/noticias\/author\/ana-clara-macedo\/"}]}},"default_loop_html":"<div class=\"cardsPage__listCard__boxs\"><div class=\"cardsPage__listCard__boxs__img\"><a href=\"https:\/\/www.suno.com.br\/noticias\/aes-brasil-aesb3-adquire-usinas-eolicas\/\"><img class=\"mask\" src=\"https:\/\/www.suno.com.br\/noticias\/wp-content\/themes\/suno\/resources\/images\/spotlight\/spotlight1img\/bg-mask.png\" alt=\"Image Mask\"\/><img src=\"https:\/\/files.sunoresearch.com.br\/n\/uploads\/2021\/07\/06ac41c6-windmills-1149604_1920-400x200.jpg\" alt=\"AES Brasil (AESB3) anuncia compra de tr\u00eas usinas e\u00f3licas por R$ 2 bilh\u00f5es\"\/><\/a><span class=\"spotlightCategory\"><a href=\"https:\/\/www.suno.com.br\/noticias\/negocios\/\">Neg\u00f3cios<\/a><\/span><\/div><div class=\"cardsPage__listCard__boxs__content\"><a href=\"https:\/\/www.suno.com.br\/noticias\/aes-brasil-aesb3-adquire-usinas-eolicas\/\"><h2 class=\"content__title\">AES Brasil (AESB3) anuncia compra de tr\u00eas usinas e\u00f3licas por R$ 2 bilh\u00f5es<\/h2><\/a><div class=\"newsContent__article__meta\"><div class=\"newsContent__article__meta__authorBox\"><a href=\"https:\/\/www.suno.com.br\/noticias\/author\/ana-clara-macedo\/\" class=\"authorBox__avatar noMobi\"><img src=\"https:\/\/secure.gravatar.com\/avatar\/40810da86786bd5619f8cd594b0f44ef?s=96&#038;r=g\" alt=\"Ana Clara Macedo\"><\/a><div class=\"authorBox__name\"><span>por\n\t\t\t<a href=\"https:\/\/www.suno.com.br\/noticias\/author\/ana-clara-macedo\/\"><span itemprop=\"author\">Ana Clara Macedo<\/span><\/a><\/span><time datetime=\"2022-08-08T21:59:46-03:00\" itemprop=\"datePublished\">08\/08\/2022 21:59<\/time><\/div><\/div><\/div><\/div><\/div>","single_layout":"posts","amp_enabled":true,"_links":{"self":[{"href":"https:\/\/www.suno.com.br\/noticias\/wp-json\/wp\/v2\/posts\/282862"}],"collection":[{"href":"https:\/\/www.suno.com.br\/noticias\/wp-json\/wp\/v2\/posts"}],"about":[{"href":"https:\/\/www.suno.com.br\/noticias\/wp-json\/wp\/v2\/types\/post"}],"author":[{"embeddable":true,"href":"https:\/\/www.suno.com.br\/noticias\/wp-json\/wp\/v2\/users\/195"}],"replies":[{"embeddable":true,"href":"https:\/\/www.suno.com.br\/noticias\/wp-json\/wp\/v2\/comments?post=282862"}],"version-history":[{"count":3,"href":"https:\/\/www.suno.com.br\/noticias\/wp-json\/wp\/v2\/posts\/282862\/revisions"}],"predecessor-version":[{"id":282915,"href":"https:\/\/www.suno.com.br\/noticias\/wp-json\/wp\/v2\/posts\/282862\/revisions\/282915"}],"wp:featuredmedia":[{"embeddable":true,"href":"https:\/\/www.suno.com.br\/noticias\/wp-json\/wp\/v2\/media\/167708"}],"wp:attachment":[{"href":"https:\/\/www.suno.com.br\/noticias\/wp-json\/wp\/v2\/media?parent=282862"}],"wp:term":[{"taxonomy":"category","embeddable":true,"href":"https:\/\/www.suno.com.br\/noticias\/wp-json\/wp\/v2\/categories?post=282862"},{"taxonomy":"post_tag","embeddable":true,"href":"https:\/\/www.suno.com.br\/noticias\/wp-json\/wp\/v2\/tags?post=282862"},{"taxonomy":"suno_strategy","embeddable":true,"href":"https:\/\/www.suno.com.br\/noticias\/wp-json\/wp\/v2\/suno_strategy?post=282862"}],"curies":[{"name":"wp","href":"https:\/\/api.w.org\/{rel}","templated":true}]}}