{"id":282669,"date":"2022-08-08T17:20:25","date_gmt":"2022-08-08T20:20:25","guid":{"rendered":"https:\/\/www.suno.com.br\/noticias\/?p=282669"},"modified":"2022-08-08T17:20:25","modified_gmt":"2022-08-08T20:20:25","slug":"santander-sanb11-substitui-itausa-itsa4-carteira-warren","status":"publish","type":"post","link":"https:\/\/www.suno.com.br\/noticias\/santander-sanb11-substitui-itausa-itsa4-carteira-warren\/","title":{"rendered":"Santander (SANB11) substitui Ita\u00fasa (ITSA4) na carteira da Warren; entenda por qu\u00ea"},"content":{"rendered":"<p>A <a class=\"suno-keyword\" href=\"https:\/\/www.suno.com.br\/artigos\/carteira-recomendada\/\" target=\"_blank\" rel=\"noopener\" data-force=\"no\" data-priority=\"1\">carteira recomendada<\/a> da semana feita pela Warren Investimentos teve tr\u00eas mudan\u00e7as importantes: <a class=\"suno-keyword\" href=\"https:\/\/www.suno.com.br\/acoes\/SANB11\/\" target=\"_blank\" rel=\"noopener\" data-force=\"yes\" data-priority=\"2\"><strong>Santander<\/strong> (SANB11)<\/a>, Eneva (ENEV3)\u00a0e <a class=\"suno-keyword\" href=\"https:\/\/www.suno.com.br\/acoes\/MELK3\/\" target=\"_blank\" rel=\"noopener\" data-force=\"yes\" data-priority=\"2\">Melnick (MELK3)<\/a> entraram, substituindo <a class=\"suno-keyword\" href=\"https:\/\/www.suno.com.br\/acoes\/ITSA4\/\" target=\"_blank\" rel=\"noopener\" data-force=\"yes\" data-priority=\"2\"><strong>Ita\u00fasa<\/strong> (ITSA4)<\/a>, Weg (WEGE3)\u00a0e <a class=\"suno-keyword\" href=\"https:\/\/www.suno.com.br\/acoes\/SBSP3\/\" target=\"_blank\" rel=\"noopener\" data-force=\"yes\" data-priority=\"2\">Sabesp (SBSP3)<\/a>, at\u00e9 ent\u00e3o apostas constantes nas \u00faltimas semanas. Entre as cinco escolhas principais, foram mantidas <a class=\"suno-keyword\" href=\"https:\/\/www.suno.com.br\/acoes\/AMBP3\/\" target=\"_blank\" rel=\"noopener\" data-force=\"yes\" data-priority=\"2\">Ambipar (AMBP3)<\/a> e <a class=\"suno-keyword\" href=\"https:\/\/www.suno.com.br\/acoes\/BRFS3\/\" target=\"_blank\" rel=\"noopener\" data-force=\"yes\" data-priority=\"2\">BRF (BRFS3)<\/a>.<\/p>\t<div class=\"wrapper-featured-image\">\n\t\t<figure class=\"spotlightImg\">\n\n\t\t\t<picture>\n\t\t\t\t<source media=\"(max-width: 768px)\" srcset=\"https:\/\/files.sunoresearch.com.br\/n\/uploads\/2021\/02\/7db34773-itausa-1280x720-1-400x200.webp\">\n\t\t\t\t<img loading=\"lazy\" decoding=\"async\" class=\"newsContent__article__imgCapa lazyloadDisabled \" src=\"https:\/\/files.sunoresearch.com.br\/n\/uploads\/2021\/02\/7db34773-itausa-1280x720-1-800x450.webp\" width=\"800\" height=\"450\" alt=\"Santander (SANB11) substitui Ita\u00fasa (ITSA4) na carteira da Warren; entenda por qu\u00ea\" fetchpriority=high \/>\n\t\t\t<\/picture>\n\n\t\t\t<figcaption class=\"wp-caption-text wp-caption-text--show\">Ita\u00fasa (ITSA4). Foto: Divulga\u00e7\u00e3o<\/figcaption>\n\t\t<\/figure>\n\t<\/div>\n\n\n\t<p>\n\t\t<a href=\"\" target=\"_blank\" data-element=\"shortcode-suno-banner\" title=\"Banner SUNO, clique e saiba mais\">\n\t\t\t<picture>\n\t\t\t\t<source media=\"(max-width: 500px)\" srcset=\"\">\n\t\t\t\t<img class=\"newsContent__article__imgCapa newsContent__article__imgCapa--banner\"\n\t\t\t\t\tsrc=\"\"\n\t\t\t\t\tdata-promo-id=\"250703\"\t\t\t\t\t\t\t\t\t\t\t\t\t\t\talt=\"\"\n\t\t\t\t>\n\t\t\t<\/picture>\n\t\t<\/a>\n\t<\/p>\n\n\n<p>De acordo com os analistas, como alternativa direta \u00e0s <strong>a\u00e7\u00f5es da Ita\u00fasa<\/strong>, as <strong>a\u00e7\u00f5es do Santander <\/strong>t\u00eam espa\u00e7o para subir, sem resist\u00eancia relevante pr\u00f3xima ao pre\u00e7o atual.<\/p>\n<p>Na \u00faltima semana, as a\u00e7\u00f5es recomendadas encerraram bem acima do <strong>Ibovespa<\/strong>, com alta de 4,73% de rentabilidade, contra avan\u00e7o de 3,21% do \u00edndice de refer\u00eancia.<\/p>\n<p>&#8220;O destaque ficou para a presen\u00e7a de AMBP3 na carteira, que subiu mais de 7% no per\u00edodo, enquanto empresas relacionadas \u00e0 siderurgia prejudicaram a\u00a0 performance do Ibovespa&#8221;, diz o relat\u00f3rio.<\/p>\n<p>A Ambipar, portanto, se torna o principal destaque da semana: &#8220;Mais uma vez teve uma excelente performance e vai superando as m\u00e9dias curtas no semanal, abrindo espa\u00e7o para alvo de R$ 32,00 e, posteriormente, R$ 37,00. No di\u00e1rio, a tend\u00eancia de alta j\u00e1 vem de forma agressiva&#8221;, afirmam os analistas.<\/p>\n<p>Cada a\u00e7\u00e3o presente na carteira possui uma representa\u00e7\u00e3o de 20%. Confira o rendimento individual na semana anterior:<\/p>\n<figure id=\"attachment_282672\" aria-describedby=\"caption-attachment-282672\" style=\"width: 387px\" class=\"wp-caption aligncenter\"><img loading=\"lazy\" decoding=\"async\" class=\"wp-image-282672 size-full\" src=\"https:\/\/files.sunoresearch.com.br\/n\/uploads\/2022\/08\/warren.png\" alt=\"Rendimento total - carteira recomendada da Warren Investimentos (8 a 12 de agosto)\" width=\"387\" height=\"281\" srcset=\"https:\/\/files.sunoresearch.com.br\/n\/uploads\/2022\/08\/warren.png 387w, https:\/\/files.sunoresearch.com.br\/n\/uploads\/2022\/08\/warren-300x218.png 300w, https:\/\/files.sunoresearch.com.br\/n\/uploads\/2022\/08\/warren-150x109.png 150w\" sizes=\"(max-width: 387px) 100vw, 387px\" \/><figcaption id=\"caption-attachment-282672\" class=\"wp-caption-text\">Rendimento total &#8211; carteira recomendada da Warren Investimentos (8 a 12 de agosto)<\/figcaption><\/figure>\n<p><em>Leia mais<\/em><\/p>\n\t<p>\n\t\t<a href=\"https:\/\/lp.suno.com.br\/planilha-controle-gastos\/\" target=\"_blank\" data-element=\"shortcode-suno-banner\" title=\"Banner SUNO, clique e saiba mais\">\n\t\t\t<picture>\n\t\t\t\t<source media=\"(max-width: 500px)\" srcset=\"https:\/\/files.sunoresearch.com.br\/n\/uploads\/2023\/03\/400x300-Planilha-controle-de-gastos.png\">\n\t\t\t\t<img class=\"newsContent__article__imgCapa newsContent__article__imgCapa--banner\"\n\t\t\t\t\tsrc=\"https:\/\/files.sunoresearch.com.br\/n\/uploads\/2023\/03\/1420x240-Planilha-controle-de-gastos.png\"\n\t\t\t\t\tdata-promo-id=\"101751\"\t\t\t\t\t\t\t\t\t\twidth='1420' height='240'\t\t\t\t\talt=\"https:\/\/files.sunoresearch.com.br\/n\/uploads\/2023\/03\/1420x240-Planilha-controle-de-gastos.png\"\n\t\t\t\t>\n\t\t\t<\/picture>\n\t\t<\/a>\n\t<\/p>\n\n\n<h2>Ita\u00fasa (ITSA4) vende R$ 665 milh\u00f5es em a\u00e7\u00f5es da XP (XPBR31) para \u2018financiar novas compras\u2019<\/h2>\n<p>A\u00a0<strong>Ita\u00fasa<\/strong>\u00a0(<a href=\"https:\/\/www.suno.com.br\/acoes\/itsa4\/\">ITSA4<\/a>) vendeu mais 7 milh\u00f5es de a\u00e7\u00f5es Classe A da XP Inc (<a class=\"suno-keyword\" href=\"https:\/\/www.suno.com.br\/bdrs\/xpbr31\/\" target=\"_blank\" rel=\"noopener\" data-force=\"yes\" data-priority=\"2\">XPBR31<\/a>) pelo valor aproximado de R$ 665 milh\u00f5es, segundo comunicado pela companhia. O valor considera a taxa de c\u00e2mbio atual, e os\u00a0pap\u00e9is vendidos correspondem a 1,26% do capital social da XP<\/p>\n<p>A venda vai na mesma linha dos \u00faltimos comunicados da Ita\u00fasa, que j\u00e1 antecipava essa \u2018sa\u00edda gradual\u2019 do\u00a0<strong>capital da XP<\/strong>.<\/p>\n<p>\u201cDesta forma, a Ita\u00fasa passa a deter 57.470.985\u00a0<strong><a class=\"suno-keyword\" href=\"https:\/\/www.suno.com.br\/artigos\/o-que-sao-acoes-ordinarias-preferenciais-e-units\/\" target=\"_blank\" rel=\"noopener\" data-force=\"no\" data-priority=\"1\">a\u00e7\u00f5es ordin\u00e1rias<\/a>\u00a0Classe A de emiss\u00e3o da XP<\/strong>, equivalentes a 10,31% do capital da XP e 3,68% de seu capital votante\u201d, diz a holding, em seu\u00a0<a class=\"suno-keyword\" href=\"https:\/\/www.suno.com.br\/artigos\/fato-relevante\/\" target=\"_blank\" rel=\"noopener\" data-force=\"no\" data-priority=\"1\">fato relevante<\/a>\u00a0arquivado na Comiss\u00e3o de Valores Mobili\u00e1rios (CVM).<\/p>\n<p>\u201cA aliena\u00e7\u00e3o decorre da decis\u00e3o estrat\u00e9gica da companhia de reduzir sua participa\u00e7\u00e3o na XP, conforme divulgado anteriormente, por n\u00e3o se tratar de ativo estrat\u00e9gico, bem como da necessidade de caixa da holding para fazer frente ao recente investimento anunciado na CCR\u201d, segue.<\/p>\n\t<p>\n\t\t<a href=\"https:\/\/lp.suno.com.br\/ebook-como-analisar-uma-acao\/\" target=\"_blank\" data-element=\"shortcode-suno-banner\" title=\"Banner SUNO, clique e saiba mais\">\n\t\t\t<picture>\n\t\t\t\t<source media=\"(max-width: 500px)\" srcset=\"https:\/\/files.sunoresearch.com.br\/n\/uploads\/2023\/03\/Ebook-Acoes-Mobile-1.jpg\">\n\t\t\t\t<img class=\"newsContent__article__imgCapa newsContent__article__imgCapa--banner\"\n\t\t\t\t\tsrc=\"https:\/\/files.sunoresearch.com.br\/n\/uploads\/2023\/03\/Ebook-Acoes-Desktop-1.jpg\"\n\t\t\t\t\tdata-promo-id=\"171998\"\t\t\t\t\t\t\t\t\t\twidth='1420' height='286'\t\t\t\t\talt=\"https:\/\/files.sunoresearch.com.br\/n\/uploads\/2023\/03\/Ebook-Acoes-Desktop-1.jpg\"\n\t\t\t\t>\n\t\t\t<\/picture>\n\t\t<\/a>\n\t<\/p>\n\n\n<p>Isso pois, ainda na v\u00e9spera, a holding assinou contrato em conjunto com a Votorantim para a aquisi\u00e7\u00e3o da totalidade das a\u00e7\u00f5es da Andrade Gutierrez na\u00a0<a class=\"suno-keyword\" href=\"https:\/\/www.suno.com.br\/acoes\/CCRO3\/\" target=\"_blank\" rel=\"noopener\" data-force=\"yes\" data-priority=\"2\">CCR (CCRO3)<\/a>.<\/p>\n<p>Em\u00a0<strong>fato relevante<\/strong>, Ita\u00fasa detalhou que a Andrade Gutierrez\u00a0possu\u00eda 300.149.836\u00a0a\u00e7\u00f5es da CCR, valor equivalente a 14,86% do seu capital social, totalizando um investimento de R$ 4,1 bilh\u00f5es.<\/p>\n<p>Al\u00e9m disso, com essa venda de a\u00e7\u00f5es da XP impactar\u00e1 positivamente os resultados da Ita\u00fasa do terceiro trimestre deste ano em aproximadamente R$ 300 milh\u00f5es, l\u00edquidos de impostos.<\/p>\n<h2>Cota\u00e7\u00e3o<\/h2>\n<p>A <strong>Ita\u00fasa <\/strong>fechou com alta de 1,44%, cotada a R$ 9,14. No ano, acumula alta de 0,33%.<\/p>\n\t<p>\n\t\t<a href=\"https:\/\/lp.suno.com.br\/planilha-de-controle-de-investimentos\/\" target=\"_blank\" data-element=\"shortcode-suno-banner\" title=\"Banner SUNO, clique e saiba mais\">\n\t\t\t<picture>\n\t\t\t\t<source media=\"(max-width: 500px)\" srcset=\"https:\/\/files.sunoresearch.com.br\/n\/uploads\/2023\/03\/400x300-Controle-de-Investimentos.png\">\n\t\t\t\t<img class=\"newsContent__article__imgCapa newsContent__article__imgCapa--banner\"\n\t\t\t\t\tsrc=\"https:\/\/files.sunoresearch.com.br\/n\/uploads\/2023\/03\/1420x240-Controle-de-Investimentos.png\"\n\t\t\t\t\tdata-promo-id=\"75934\"\t\t\t\t\t\t\t\t\t\twidth='1420' height='240'\t\t\t\t\talt=\"https:\/\/files.sunoresearch.com.br\/n\/uploads\/2023\/03\/1420x240-Controle-de-Investimentos.png\"\n\t\t\t\t>\n\t\t\t<\/picture>\n\t\t<\/a>\n\t<\/p>\n\n\n","protected":false},"excerpt":{"rendered":"<p>A carteira recomendada da semana feita pela Warren Investimentos teve tr\u00eas mudan\u00e7as importantes: Santander (SANB11), Eneva (ENEV3)\u00a0e Melnick (MELK3) entraram, substituindo Ita\u00fasa (ITSA4), Weg (WEGE3)\u00a0e Sabesp (SBSP3), at\u00e9 ent\u00e3o apostas constantes nas \u00faltimas semanas. Entre as cinco escolhas principais, foram mantidas Ambipar (AMBP3) e BRF (BRFS3). Ita\u00fasa (ITSA4). Foto: Divulga\u00e7\u00e3o De acordo com os analistas, [&hellip;]<\/p>\n","protected":false},"author":146,"featured_media":125632,"comment_status":"closed","ping_status":"closed","sticky":false,"template":"","format":"standard","meta":[],"categories":[64],"tags":[517,624,106246,681],"suno_strategy":[],"class_list":["post-282669","post","type-post","status-publish","format-standard","has-post-thumbnail","hentry","category-negocios","tag-itausa-itsa3-itsa4","tag-santander-sanb11-sanb3-sanb4","tag-warren","tag-weg-wege3"],"yoast_head":"<!-- This site is optimized with the Yoast SEO plugin v24.4 - https:\/\/yoast.com\/wordpress\/plugins\/seo\/ -->\n<title>Ita\u00fasa (ITSA4) sai da carteira da semanal da Warren; entenda por qu\u00ea<\/title>\n<meta name=\"description\" content=\"Ita\u00fasa (ITSA4) e Weg (WEGE3) sa\u00edram da carteira de recomenda\u00e7\u00e3o semanal da Warren Investimentos. Clique e entenda por qu\u00ea.\" \/>\n<meta name=\"robots\" content=\"index, follow, max-snippet:-1, max-image-preview:large, max-video-preview:-1\" \/>\n<link rel=\"canonical\" href=\"https:\/\/www.suno.com.br\/noticias\/santander-sanb11-substitui-itausa-itsa4-carteira-warren\/\" \/>\n<meta property=\"og:locale\" content=\"pt_BR\" \/>\n<meta property=\"og:type\" content=\"article\" \/>\n<meta property=\"og:title\" content=\"Ita\u00fasa (ITSA4) sai da carteira da semanal da Warren; entenda por qu\u00ea\" \/>\n<meta property=\"og:description\" content=\"Ita\u00fasa (ITSA4) e Weg (WEGE3) sa\u00edram da carteira de recomenda\u00e7\u00e3o semanal da Warren Investimentos. Clique e entenda por qu\u00ea.\" \/>\n<meta property=\"og:url\" content=\"https:\/\/www.suno.com.br\/noticias\/santander-sanb11-substitui-itausa-itsa4-carteira-warren\/\" \/>\n<meta property=\"og:site_name\" content=\"Suno Not\u00edcias\" \/>\n<meta property=\"article:publisher\" content=\"https:\/\/facebook.com\/sunoresearch\" \/>\n<meta property=\"og:image\" content=\"https:\/\/files.sunoresearch.com.br\/n\/uploads\/2021\/02\/7db34773-itausa-1280x720-1.jpg\" \/>\n\t<meta property=\"og:image:width\" content=\"1280\" \/>\n\t<meta property=\"og:image:height\" content=\"720\" \/>\n\t<meta property=\"og:image:type\" content=\"image\/jpeg\" \/>\n<meta name=\"author\" content=\"Vict\u00f3ria Anhesini\" \/>\n<meta name=\"twitter:card\" content=\"summary_large_image\" \/>\n<meta name=\"twitter:creator\" content=\"@sunoresearch\" \/>\n<meta name=\"twitter:site\" content=\"@sunoresearch\" \/>\n<meta name=\"twitter:label1\" content=\"Escrito por\" \/>\n\t<meta name=\"twitter:data1\" content=\"Vict\u00f3ria Anhesini\" \/>\n\t<meta name=\"twitter:label2\" content=\"Est. tempo de leitura\" \/>\n\t<meta name=\"twitter:data2\" content=\"3 minutos\" \/>\n<script type=\"application\/ld+json\" class=\"yoast-schema-graph\">{\"@context\":\"https:\/\/schema.org\",\"@graph\":[{\"@type\":\"NewsArticle\",\"@id\":\"https:\/\/www.suno.com.br\/noticias\/santander-sanb11-substitui-itausa-itsa4-carteira-warren\/#article\",\"isPartOf\":{\"@id\":\"https:\/\/www.suno.com.br\/noticias\/santander-sanb11-substitui-itausa-itsa4-carteira-warren\/\"},\"author\":{\"name\":\"Vict\u00f3ria Anhesini\",\"@id\":\"https:\/\/www.suno.com.br\/noticias\/#\/schema\/person\/46d847cb19ad53fde0857adca989c23f\"},\"headline\":\"Santander (SANB11) substitui Ita\u00fasa (ITSA4) na carteira da Warren; entenda por qu\u00ea\",\"datePublished\":\"2022-08-08T20:20:25+00:00\",\"mainEntityOfPage\":{\"@id\":\"https:\/\/www.suno.com.br\/noticias\/santander-sanb11-substitui-itausa-itsa4-carteira-warren\/\"},\"wordCount\":551,\"publisher\":{\"@id\":\"https:\/\/www.suno.com.br\/noticias\/#organization\"},\"image\":{\"@id\":\"https:\/\/www.suno.com.br\/noticias\/santander-sanb11-substitui-itausa-itsa4-carteira-warren\/#primaryimage\"},\"thumbnailUrl\":\"https:\/\/files.sunoresearch.com.br\/n\/uploads\/2021\/02\/7db34773-itausa-1280x720-1-jpg.webp\",\"keywords\":[\"Ita\u00fasa (ITSA3\/ITSA4)\",\"Santander (SANB11\/SANB3\/SANB4)\",\"Warren\",\"Weg (WEGE3)\"],\"articleSection\":[\"Neg\u00f3cios\"],\"inLanguage\":\"pt-BR\"},{\"@type\":\"WebPage\",\"@id\":\"https:\/\/www.suno.com.br\/noticias\/santander-sanb11-substitui-itausa-itsa4-carteira-warren\/\",\"url\":\"https:\/\/www.suno.com.br\/noticias\/santander-sanb11-substitui-itausa-itsa4-carteira-warren\/\",\"name\":\"Ita\u00fasa (ITSA4) sai da carteira da semanal da Warren; entenda por qu\u00ea\",\"isPartOf\":{\"@id\":\"https:\/\/www.suno.com.br\/noticias\/#website\"},\"primaryImageOfPage\":{\"@id\":\"https:\/\/www.suno.com.br\/noticias\/santander-sanb11-substitui-itausa-itsa4-carteira-warren\/#primaryimage\"},\"image\":{\"@id\":\"https:\/\/www.suno.com.br\/noticias\/santander-sanb11-substitui-itausa-itsa4-carteira-warren\/#primaryimage\"},\"thumbnailUrl\":\"https:\/\/files.sunoresearch.com.br\/n\/uploads\/2021\/02\/7db34773-itausa-1280x720-1-jpg.webp\",\"datePublished\":\"2022-08-08T20:20:25+00:00\",\"description\":\"Ita\u00fasa (ITSA4) e Weg (WEGE3) sa\u00edram da carteira de recomenda\u00e7\u00e3o semanal da Warren Investimentos. Clique e entenda por qu\u00ea.\",\"breadcrumb\":{\"@id\":\"https:\/\/www.suno.com.br\/noticias\/santander-sanb11-substitui-itausa-itsa4-carteira-warren\/#breadcrumb\"},\"inLanguage\":\"pt-BR\",\"potentialAction\":[{\"@type\":\"ReadAction\",\"target\":[\"https:\/\/www.suno.com.br\/noticias\/santander-sanb11-substitui-itausa-itsa4-carteira-warren\/\"]}]},{\"@type\":\"ImageObject\",\"inLanguage\":\"pt-BR\",\"@id\":\"https:\/\/www.suno.com.br\/noticias\/santander-sanb11-substitui-itausa-itsa4-carteira-warren\/#primaryimage\",\"url\":\"https:\/\/files.sunoresearch.com.br\/n\/uploads\/2021\/02\/7db34773-itausa-1280x720-1-jpg.webp\",\"contentUrl\":\"https:\/\/files.sunoresearch.com.br\/n\/uploads\/2021\/02\/7db34773-itausa-1280x720-1-jpg.webp\",\"width\":1280,\"height\":720,\"caption\":\"Ita\u00fasa (ITSA4). Foto: Divulga\u00e7\u00e3o\"},{\"@type\":\"BreadcrumbList\",\"@id\":\"https:\/\/www.suno.com.br\/noticias\/santander-sanb11-substitui-itausa-itsa4-carteira-warren\/#breadcrumb\",\"itemListElement\":[{\"@type\":\"ListItem\",\"position\":1,\"name\":\"Not\u00edcias\",\"item\":\"https:\/\/www.suno.com.br\/noticias\/\"},{\"@type\":\"ListItem\",\"position\":2,\"name\":\"Neg\u00f3cios\",\"item\":\"https:\/\/www.suno.com.br\/noticias\/negocios\/\"},{\"@type\":\"ListItem\",\"position\":3,\"name\":\"Santander (SANB11) substitui Ita\u00fasa (ITSA4) na carteira da Warren; entenda por qu\u00ea\"}]},{\"@type\":\"WebSite\",\"@id\":\"https:\/\/www.suno.com.br\/noticias\/#website\",\"url\":\"https:\/\/www.suno.com.br\/noticias\/\",\"name\":\"Suno Not\u00edcias\",\"description\":\"Seu portal de informa\u00e7\u00e3o sobre o mundo dos investimentos\",\"publisher\":{\"@id\":\"https:\/\/www.suno.com.br\/noticias\/#organization\"},\"potentialAction\":[{\"@type\":\"SearchAction\",\"target\":{\"@type\":\"EntryPoint\",\"urlTemplate\":\"https:\/\/www.suno.com.br\/noticias\/?s={search_term_string}\"},\"query-input\":{\"@type\":\"PropertyValueSpecification\",\"valueRequired\":true,\"valueName\":\"search_term_string\"}}],\"inLanguage\":\"pt-BR\"},{\"@type\":\"Organization\",\"@id\":\"https:\/\/www.suno.com.br\/noticias\/#organization\",\"name\":\"Suno Not\u00edcias\",\"url\":\"https:\/\/www.suno.com.br\/noticias\/\",\"logo\":{\"@type\":\"ImageObject\",\"inLanguage\":\"pt-BR\",\"@id\":\"https:\/\/www.suno.com.br\/noticias\/#\/schema\/logo\/image\/\",\"url\":\"https:\/\/files.sunoresearch.com.br\/n\/uploads\/2021\/09\/suno-logo.png\",\"contentUrl\":\"https:\/\/files.sunoresearch.com.br\/n\/uploads\/2021\/09\/suno-logo.png\",\"width\":180,\"height\":180,\"caption\":\"Suno Not\u00edcias\"},\"image\":{\"@id\":\"https:\/\/www.suno.com.br\/noticias\/#\/schema\/logo\/image\/\"},\"sameAs\":[\"https:\/\/facebook.com\/sunoresearch\",\"https:\/\/x.com\/sunoresearch\",\"https:\/\/www.instagram.com\/suno\",\"https:\/\/www.linkedin.com\/company\/suno-research\/\",\"https:\/\/www.youtube.com\/c\/sunoresearch\"]},{\"@type\":\"Person\",\"@id\":\"https:\/\/www.suno.com.br\/noticias\/#\/schema\/person\/46d847cb19ad53fde0857adca989c23f\",\"name\":\"Vict\u00f3ria Anhesini\",\"image\":{\"@type\":\"ImageObject\",\"inLanguage\":\"pt-BR\",\"@id\":\"https:\/\/www.suno.com.br\/noticias\/#\/schema\/person\/image\/\",\"url\":\"https:\/\/secure.gravatar.com\/avatar\/0172bdfcd9129dd9dd68794804304e6e?s=96&r=g\",\"contentUrl\":\"https:\/\/secure.gravatar.com\/avatar\/0172bdfcd9129dd9dd68794804304e6e?s=96&r=g\",\"caption\":\"Vict\u00f3ria Anhesini\"},\"description\":\"Rep\u00f3rter no Suno Not\u00edcias, cobre mercados, neg\u00f3cios e economia, escrevendo majoritariamente sobre movimentos das empresas, cobertura de balan\u00e7os trimestrais e Bolsa de Valores. Formada em jornalismo pela Universidade Presbiteriana Mackenzie em 2019, passou pelo portal de economia e finan\u00e7as EuQueroInvestir como rep\u00f3rter e anteriormente, trabalhou na assessoria de imprensa PinePR, onde liderou com startups de inova\u00e7\u00e3o, tecnologia e finan\u00e7as. Em seu tempo livre, fala sobre m\u00fasica para ambos os sites do selo ForMusic, Wikimetal e Mad Sound, e faz trabalho volunt\u00e1rio no programa Escreve Cartas do Poupatempo.\",\"sameAs\":[\"https:\/\/www.linkedin.com\/in\/victoria-anhesini\/\"],\"url\":\"https:\/\/www.suno.com.br\/noticias\/author\/victoria\/\"}]}<\/script>\n<!-- \/ Yoast SEO plugin. -->","yoast_head_json":{"title":"Ita\u00fasa (ITSA4) sai da carteira da semanal da Warren; entenda por qu\u00ea","description":"Ita\u00fasa (ITSA4) e Weg (WEGE3) sa\u00edram da carteira de recomenda\u00e7\u00e3o semanal da Warren Investimentos. Clique e entenda por qu\u00ea.","robots":{"index":"index","follow":"follow","max-snippet":"max-snippet:-1","max-image-preview":"max-image-preview:large","max-video-preview":"max-video-preview:-1"},"canonical":"https:\/\/www.suno.com.br\/noticias\/santander-sanb11-substitui-itausa-itsa4-carteira-warren\/","og_locale":"pt_BR","og_type":"article","og_title":"Ita\u00fasa (ITSA4) sai da carteira da semanal da Warren; entenda por qu\u00ea","og_description":"Ita\u00fasa (ITSA4) e Weg (WEGE3) sa\u00edram da carteira de recomenda\u00e7\u00e3o semanal da Warren Investimentos. Clique e entenda por qu\u00ea.","og_url":"https:\/\/www.suno.com.br\/noticias\/santander-sanb11-substitui-itausa-itsa4-carteira-warren\/","og_site_name":"Suno Not\u00edcias","article_publisher":"https:\/\/facebook.com\/sunoresearch","og_image":[{"width":1280,"height":720,"url":"https:\/\/files.sunoresearch.com.br\/n\/uploads\/2021\/02\/7db34773-itausa-1280x720-1.jpg","type":"image\/jpeg"}],"author":"Vict\u00f3ria Anhesini","twitter_card":"summary_large_image","twitter_creator":"@sunoresearch","twitter_site":"@sunoresearch","twitter_misc":{"Escrito por":"Vict\u00f3ria Anhesini","Est. tempo de leitura":"3 minutos"},"schema":{"@context":"https:\/\/schema.org","@graph":[{"@type":"NewsArticle","@id":"https:\/\/www.suno.com.br\/noticias\/santander-sanb11-substitui-itausa-itsa4-carteira-warren\/#article","isPartOf":{"@id":"https:\/\/www.suno.com.br\/noticias\/santander-sanb11-substitui-itausa-itsa4-carteira-warren\/"},"author":{"name":"Vict\u00f3ria Anhesini","@id":"https:\/\/www.suno.com.br\/noticias\/#\/schema\/person\/46d847cb19ad53fde0857adca989c23f"},"headline":"Santander (SANB11) substitui Ita\u00fasa (ITSA4) na carteira da Warren; entenda por qu\u00ea","datePublished":"2022-08-08T20:20:25+00:00","mainEntityOfPage":{"@id":"https:\/\/www.suno.com.br\/noticias\/santander-sanb11-substitui-itausa-itsa4-carteira-warren\/"},"wordCount":551,"publisher":{"@id":"https:\/\/www.suno.com.br\/noticias\/#organization"},"image":{"@id":"https:\/\/www.suno.com.br\/noticias\/santander-sanb11-substitui-itausa-itsa4-carteira-warren\/#primaryimage"},"thumbnailUrl":"https:\/\/files.sunoresearch.com.br\/n\/uploads\/2021\/02\/7db34773-itausa-1280x720-1-jpg.webp","keywords":["Ita\u00fasa (ITSA3\/ITSA4)","Santander (SANB11\/SANB3\/SANB4)","Warren","Weg (WEGE3)"],"articleSection":["Neg\u00f3cios"],"inLanguage":"pt-BR"},{"@type":"WebPage","@id":"https:\/\/www.suno.com.br\/noticias\/santander-sanb11-substitui-itausa-itsa4-carteira-warren\/","url":"https:\/\/www.suno.com.br\/noticias\/santander-sanb11-substitui-itausa-itsa4-carteira-warren\/","name":"Ita\u00fasa (ITSA4) sai da carteira da semanal da Warren; entenda por qu\u00ea","isPartOf":{"@id":"https:\/\/www.suno.com.br\/noticias\/#website"},"primaryImageOfPage":{"@id":"https:\/\/www.suno.com.br\/noticias\/santander-sanb11-substitui-itausa-itsa4-carteira-warren\/#primaryimage"},"image":{"@id":"https:\/\/www.suno.com.br\/noticias\/santander-sanb11-substitui-itausa-itsa4-carteira-warren\/#primaryimage"},"thumbnailUrl":"https:\/\/files.sunoresearch.com.br\/n\/uploads\/2021\/02\/7db34773-itausa-1280x720-1-jpg.webp","datePublished":"2022-08-08T20:20:25+00:00","description":"Ita\u00fasa (ITSA4) e Weg (WEGE3) sa\u00edram da carteira de recomenda\u00e7\u00e3o semanal da Warren Investimentos. Clique e entenda por qu\u00ea.","breadcrumb":{"@id":"https:\/\/www.suno.com.br\/noticias\/santander-sanb11-substitui-itausa-itsa4-carteira-warren\/#breadcrumb"},"inLanguage":"pt-BR","potentialAction":[{"@type":"ReadAction","target":["https:\/\/www.suno.com.br\/noticias\/santander-sanb11-substitui-itausa-itsa4-carteira-warren\/"]}]},{"@type":"ImageObject","inLanguage":"pt-BR","@id":"https:\/\/www.suno.com.br\/noticias\/santander-sanb11-substitui-itausa-itsa4-carteira-warren\/#primaryimage","url":"https:\/\/files.sunoresearch.com.br\/n\/uploads\/2021\/02\/7db34773-itausa-1280x720-1-jpg.webp","contentUrl":"https:\/\/files.sunoresearch.com.br\/n\/uploads\/2021\/02\/7db34773-itausa-1280x720-1-jpg.webp","width":1280,"height":720,"caption":"Ita\u00fasa (ITSA4). Foto: Divulga\u00e7\u00e3o"},{"@type":"BreadcrumbList","@id":"https:\/\/www.suno.com.br\/noticias\/santander-sanb11-substitui-itausa-itsa4-carteira-warren\/#breadcrumb","itemListElement":[{"@type":"ListItem","position":1,"name":"Not\u00edcias","item":"https:\/\/www.suno.com.br\/noticias\/"},{"@type":"ListItem","position":2,"name":"Neg\u00f3cios","item":"https:\/\/www.suno.com.br\/noticias\/negocios\/"},{"@type":"ListItem","position":3,"name":"Santander (SANB11) substitui Ita\u00fasa (ITSA4) na carteira da Warren; entenda por qu\u00ea"}]},{"@type":"WebSite","@id":"https:\/\/www.suno.com.br\/noticias\/#website","url":"https:\/\/www.suno.com.br\/noticias\/","name":"Suno Not\u00edcias","description":"Seu portal de informa\u00e7\u00e3o sobre o mundo dos investimentos","publisher":{"@id":"https:\/\/www.suno.com.br\/noticias\/#organization"},"potentialAction":[{"@type":"SearchAction","target":{"@type":"EntryPoint","urlTemplate":"https:\/\/www.suno.com.br\/noticias\/?s={search_term_string}"},"query-input":{"@type":"PropertyValueSpecification","valueRequired":true,"valueName":"search_term_string"}}],"inLanguage":"pt-BR"},{"@type":"Organization","@id":"https:\/\/www.suno.com.br\/noticias\/#organization","name":"Suno Not\u00edcias","url":"https:\/\/www.suno.com.br\/noticias\/","logo":{"@type":"ImageObject","inLanguage":"pt-BR","@id":"https:\/\/www.suno.com.br\/noticias\/#\/schema\/logo\/image\/","url":"https:\/\/files.sunoresearch.com.br\/n\/uploads\/2021\/09\/suno-logo.png","contentUrl":"https:\/\/files.sunoresearch.com.br\/n\/uploads\/2021\/09\/suno-logo.png","width":180,"height":180,"caption":"Suno Not\u00edcias"},"image":{"@id":"https:\/\/www.suno.com.br\/noticias\/#\/schema\/logo\/image\/"},"sameAs":["https:\/\/facebook.com\/sunoresearch","https:\/\/x.com\/sunoresearch","https:\/\/www.instagram.com\/suno","https:\/\/www.linkedin.com\/company\/suno-research\/","https:\/\/www.youtube.com\/c\/sunoresearch"]},{"@type":"Person","@id":"https:\/\/www.suno.com.br\/noticias\/#\/schema\/person\/46d847cb19ad53fde0857adca989c23f","name":"Vict\u00f3ria Anhesini","image":{"@type":"ImageObject","inLanguage":"pt-BR","@id":"https:\/\/www.suno.com.br\/noticias\/#\/schema\/person\/image\/","url":"https:\/\/secure.gravatar.com\/avatar\/0172bdfcd9129dd9dd68794804304e6e?s=96&r=g","contentUrl":"https:\/\/secure.gravatar.com\/avatar\/0172bdfcd9129dd9dd68794804304e6e?s=96&r=g","caption":"Vict\u00f3ria Anhesini"},"description":"Rep\u00f3rter no Suno Not\u00edcias, cobre mercados, neg\u00f3cios e economia, escrevendo majoritariamente sobre movimentos das empresas, cobertura de balan\u00e7os trimestrais e Bolsa de Valores. Formada em jornalismo pela Universidade Presbiteriana Mackenzie em 2019, passou pelo portal de economia e finan\u00e7as EuQueroInvestir como rep\u00f3rter e anteriormente, trabalhou na assessoria de imprensa PinePR, onde liderou com startups de inova\u00e7\u00e3o, tecnologia e finan\u00e7as. Em seu tempo livre, fala sobre m\u00fasica para ambos os sites do selo ForMusic, Wikimetal e Mad Sound, e faz trabalho volunt\u00e1rio no programa Escreve Cartas do Poupatempo.","sameAs":["https:\/\/www.linkedin.com\/in\/victoria-anhesini\/"],"url":"https:\/\/www.suno.com.br\/noticias\/author\/victoria\/"}]}},"default_loop_html":"<div class=\"cardsPage__listCard__boxs\"><div class=\"cardsPage__listCard__boxs__img\"><a href=\"https:\/\/www.suno.com.br\/noticias\/santander-sanb11-substitui-itausa-itsa4-carteira-warren\/\"><img class=\"mask\" src=\"https:\/\/www.suno.com.br\/noticias\/wp-content\/themes\/suno\/resources\/images\/spotlight\/spotlight1img\/bg-mask.png\" alt=\"Image Mask\"\/><img src=\"https:\/\/files.sunoresearch.com.br\/n\/uploads\/2021\/02\/7db34773-itausa-1280x720-1-400x200.webp\" alt=\"Santander (SANB11) substitui Ita\u00fasa (ITSA4) na carteira da Warren; entenda por qu\u00ea\"\/><\/a><span class=\"spotlightCategory\"><a href=\"https:\/\/www.suno.com.br\/noticias\/negocios\/\">Neg\u00f3cios<\/a><\/span><\/div><div class=\"cardsPage__listCard__boxs__content\"><a href=\"https:\/\/www.suno.com.br\/noticias\/santander-sanb11-substitui-itausa-itsa4-carteira-warren\/\"><h2 class=\"content__title\">Santander (SANB11) substitui Ita\u00fasa (ITSA4) na carteira da Warren; entenda por qu\u00ea<\/h2><\/a><div class=\"newsContent__article__meta\"><div class=\"newsContent__article__meta__authorBox\"><a href=\"https:\/\/www.suno.com.br\/noticias\/author\/victoria\/\" class=\"authorBox__avatar noMobi\"><img src=\"https:\/\/files.sunoresearch.com.br\/n\/uploads\/2021\/12\/20190129VickyPINEAPPLE01-1-150x150.jpg\" alt=\"Vict\u00f3ria Anhesini\"><\/a><div class=\"authorBox__name\"><span>por\n\t\t\t<a href=\"https:\/\/www.suno.com.br\/noticias\/author\/victoria\/\"><span itemprop=\"author\">Vict\u00f3ria Anhesini<\/span><\/a><\/span><time datetime=\"2022-08-08T17:20:25-03:00\" itemprop=\"datePublished\">08\/08\/2022 17:20<\/time><\/div><\/div><\/div><\/div><\/div>","single_layout":"posts","amp_enabled":true,"_links":{"self":[{"href":"https:\/\/www.suno.com.br\/noticias\/wp-json\/wp\/v2\/posts\/282669"}],"collection":[{"href":"https:\/\/www.suno.com.br\/noticias\/wp-json\/wp\/v2\/posts"}],"about":[{"href":"https:\/\/www.suno.com.br\/noticias\/wp-json\/wp\/v2\/types\/post"}],"author":[{"embeddable":true,"href":"https:\/\/www.suno.com.br\/noticias\/wp-json\/wp\/v2\/users\/146"}],"replies":[{"embeddable":true,"href":"https:\/\/www.suno.com.br\/noticias\/wp-json\/wp\/v2\/comments?post=282669"}],"version-history":[{"count":3,"href":"https:\/\/www.suno.com.br\/noticias\/wp-json\/wp\/v2\/posts\/282669\/revisions"}],"predecessor-version":[{"id":282789,"href":"https:\/\/www.suno.com.br\/noticias\/wp-json\/wp\/v2\/posts\/282669\/revisions\/282789"}],"wp:featuredmedia":[{"embeddable":true,"href":"https:\/\/www.suno.com.br\/noticias\/wp-json\/wp\/v2\/media\/125632"}],"wp:attachment":[{"href":"https:\/\/www.suno.com.br\/noticias\/wp-json\/wp\/v2\/media?parent=282669"}],"wp:term":[{"taxonomy":"category","embeddable":true,"href":"https:\/\/www.suno.com.br\/noticias\/wp-json\/wp\/v2\/categories?post=282669"},{"taxonomy":"post_tag","embeddable":true,"href":"https:\/\/www.suno.com.br\/noticias\/wp-json\/wp\/v2\/tags?post=282669"},{"taxonomy":"suno_strategy","embeddable":true,"href":"https:\/\/www.suno.com.br\/noticias\/wp-json\/wp\/v2\/suno_strategy?post=282669"}],"curies":[{"name":"wp","href":"https:\/\/api.w.org\/{rel}","templated":true}]}}