{"id":28237,"date":"2019-06-14T18:01:07","date_gmt":"2019-06-14T21:01:07","guid":{"rendered":"https:\/\/www.suno.com.br\/noticias\/?p=28237"},"modified":"2021-05-10T14:10:02","modified_gmt":"2021-05-10T17:10:02","slug":"ibovespa-fechamento-14062019","status":"publish","type":"post","link":"https:\/\/www.suno.com.br\/noticias\/ibovespa-fechamento-14062019\/","title":{"rendered":"Ibovespa cai e B3 lidera perdas com greve geral contra Previd\u00eancia"},"content":{"rendered":"<p>O Ibovespa encerrou esta sexta-feira (14) com 98.040,06 pontos, apresentando queda de 0,74%. Nesta data, o Brasil passou por uma <strong>greve geral<\/strong> em protesto contra a aprova\u00e7\u00e3o da <strong>reforma da Previd\u00eancia<\/strong>.<\/p>\t<div class=\"wrapper-featured-image\">\n\t\t<figure class=\"spotlightImg\">\n\n\t\t\t<picture>\n\t\t\t\t<source media=\"(max-width: 768px)\" srcset=\"https:\/\/files.sunoresearch.com.br\/n\/uploads\/2019\/01\/d8b27ecf-recess\u00e3o-econ\u00f4mica-400x200.webp\">\n\t\t\t\t<img loading=\"lazy\" decoding=\"async\" class=\"newsContent__article__imgCapa lazyloadDisabled newsContent__article__imgCapa--noCaption\" src=\"https:\/\/files.sunoresearch.com.br\/n\/uploads\/2019\/01\/d8b27ecf-recess\u00e3o-econ\u00f4mica-800x450.webp\" width=\"800\" height=\"450\" alt=\"Ibovespa cai e B3 lidera perdas com greve geral contra Previd\u00eancia\" fetchpriority=high \/>\n\t\t\t<\/picture>\n\n\t\t\t<figcaption class=\"wp-caption-text wp-caption-text--hide\">Economistas preveem d\u00e9ficit prim\u00e1rio do governo central a R$708,8 bi<\/figcaption>\n\t\t<\/figure>\n\t<\/div>\n\n\n<p>A <strong>B3<\/strong>, a Bolsa de Valores de S\u00e3o Paulo, encabe\u00e7ou as perdas do \u00edndice acion\u00e1rio <strong>Ibovespa<\/strong>. Seguida das <strong>sider\u00fargicas<\/strong> brasileiras, Usiminas e Companhia Sider\u00fargica Nacional (CSN), que foram afetadas pelos dados fracos de produ\u00e7\u00e3o industrial chinesa.<\/p>\n<p>A pontua\u00e7\u00e3o m\u00ednima do <strong>Ibovespa<\/strong> foi de 97.600,83 pontos e a m\u00e1xima de 98.980,83 pontos. Durante a semana que se passou, o \u00edndice obteve valoriza\u00e7\u00e3o de 0,22%.<\/p>\n\t<p>\n\t\t<a href=\"https:\/\/www.seculus.com.br\/blackfriday\" target=\"_blank\" data-element=\"shortcode-suno-banner\" title=\"Banner SUNO, clique e saiba mais\">\n\t\t\t<picture>\n\t\t\t\t<source media=\"(max-width: 500px)\" srcset=\"https:\/\/files.sunoresearch.com.br\/n\/uploads\/2023\/11\/seculus_suno_mobile_2.jpg\">\n\t\t\t\t<img class=\"newsContent__article__imgCapa newsContent__article__imgCapa--banner\"\n\t\t\t\t\tsrc=\"https:\/\/files.sunoresearch.com.br\/n\/uploads\/2023\/11\/seculus_suno_desktop_2.jpg\"\n\t\t\t\t\tdata-promo-id=\"474123\"\t\t\t\t\t\t\t\t\t\twidth='1420' height='240'\t\t\t\t\talt=\"https:\/\/files.sunoresearch.com.br\/n\/uploads\/2023\/11\/seculus_suno_desktop_2.jpg\"\n\t\t\t\t>\n\t\t\t<\/picture>\n\t\t<\/a>\n\t<\/p>\n\n\n<h2>B3 lidera perdas do Ibovespa com greve geral&#8230;<\/h2>\n<p>Devido \u00e0 <strong>greve geral<\/strong> no Brasil, motivada pela oposi\u00e7\u00e3o dos servidores p\u00fablicos \u00e0 reforma da Previd\u00eancia, a <strong>B3<\/strong> (B3SA3) liderou as perdas do \u00edndice acion\u00e1rio.<\/p>\n<p>Em adi\u00e7\u00e3o, o ministro da Economia, <a href=\"https:\/\/www.suno.com.br\/tudo-sobre\/paulo-guedes\/\">Paulo Guedes<\/a>, mostrou-se descontente com o parecer da proposta de <strong>reforma da Previd\u00eancia <\/strong>do relator <strong>Samuel Moreira<\/strong> (PSDB-SP).<\/p>\n<p>Conforme o ministro, o relator reduziu demasiadamente a economia prevista com a aprova\u00e7\u00e3o da Proposta de Emenda Constitucional (PEC). A declara\u00e7\u00e3o foi dada nesta sexta-feira (14) na <strong>C\u00e2mara dos Deputados<\/strong>.<\/p>\n<div class=\"mc-column content-text active-extra-styles \" data-block-type=\"unstyled\" data-block-weight=\"58\" data-block-id=\"7\">\n<p class=\"content-text__container \" data-track-category=\"Link no Texto\" data-track-links=\"\">&#8220;Eu esperava que cortassem o <strong>BPC<\/strong> e a aposentadoria rural, da\u00ed ficava R$ 1 trilh\u00e3o [de economia no or\u00e7amento em dez anos]. Porque com R$ 1 trilh\u00e3o, eu alertei varias vezes, n\u00f3s conseguimos lan\u00e7ar a Nova Previd\u00eancia, que \u00e9 o compromisso com as futuras gera\u00e7\u00f5es. Mas a\u00ed, na verdade, cortaram R$ 350 bilh\u00f5es [da proposta original]&#8221;, enfatizou o ministro.<\/p>\n<p data-track-category=\"Link no Texto\" data-track-links=\"\">Embora Moreira tenha divulgado uma economia de\u00a0R$ 913 bilh\u00f5es, <strong>Guedes<\/strong> calculou que ser\u00e1 de\u00a0R$ 860 bilh\u00f5es.<\/p>\n<p><p data-track-category=\"Link no Texto\" data-track-links=\"\"><a href=\"https:\/\/www.suno.com.br\/noticias\/paulo-guedes-abortaram-previdencia\/\">Saiba mais &#8211; Paulo Guedes afirma que deputados abortaram a nova Previd\u00eancia<\/a><\/p>\n<\/p>\n<h2 data-track-category=\"Link no Texto\">&#8230;E novas mudan\u00e7as na reforma da Previd\u00eancia est\u00e3o no radar<\/h2>\n<p>Deputados do &#8220;<strong>Centr\u00e3o<\/strong>&#8221; e da oposi\u00e7\u00e3o v\u00eam pressionando o <strong>relator<\/strong> da reforma da Previd\u00eancia, Samuel Moreira, a fazer novos ajustes no texto. Antes da vota\u00e7\u00e3o na <strong>comiss\u00e3o especial<\/strong> da C\u00e2mara.<\/p>\n<p>De acordo com o &#8220;Estado de S. Paulo&#8221;, tais mudan\u00e7as implicam em menos R$ 150 bilh\u00f5es da economia de R$ 913,4 bilh\u00f5es esperada em dez anos.<\/p>\n<p><a href=\"https:\/\/www.suno.com.br\/noticias\/reforma-previdencia-centrao-150-economia\/\">Saiba mais &#8211; Centr\u00e3o quer mudan\u00e7as na Previd\u00eancia que podem custar R$ 150 bi<\/a><\/p>\n<\/div>\n<h2>Produ\u00e7\u00e3o industrial da China \u00e9 a pior em 17 anos<\/h2>\n<p>A <strong>produ\u00e7\u00e3o industrial<\/strong> da China registrou o menor patamar para o m\u00eas de maio desde 2002. O fato ocorre em detrimento das<strong> tens\u00f5es da <a href=\"https:\/\/www.suno.com.br\/artigos\/a-guerra-comercial\/\">guerra comercial<\/a>, <\/strong>protagonizada pelo pa\u00eds asi\u00e1tico e pelos <strong>Estados Unidos<\/strong>.<\/p>\n<p>Conforme a Ag\u00eancia Nacional de Estat\u00edsticas a produ\u00e7\u00e3o industrial da China registrou crescimento de 5% em maio na compara\u00e7\u00e3o com o mesmo per\u00edodo de 2018. Tal valor \u00e9 abaixo das expectativas de 5,5% para o m\u00eas.<\/p>\n<p>Por conta do pessimismo com a China, as sider\u00fargicas <strong>Usiminas<\/strong> (USIM5) e a <strong>Companhia Sider\u00fargica Nacional<\/strong> (CSNA3) tiveram um mau desempenho. Pois ambas s\u00e3o mineradoras de <strong>min\u00e9rio de ferro<\/strong>. E a <strong>China<\/strong> v\u00eam consumindo bastante volume da <a href=\"https:\/\/www.suno.com.br\/artigos\/o-que-commodities\/\">commodity<\/a>, para produ\u00e7\u00e3o de a\u00e7o.<\/p>\n<p><a href=\"https:\/\/www.suno.com.br\/noticias\/china-producao-industrial\/\">Saiba mais &#8211; Crescimento da produ\u00e7\u00e3o industrial da China desacelera em maio<\/a><\/p>\n<h2>MRV figura entre destaques positivos do Ibovespa<\/h2>\n<p>A <strong>MRV Engenharia <\/strong>(MRVE3) se destacou positivamente entre as empresas do <strong>Ibovespa<\/strong>. O presidente da Caixa Econ\u00f4mica Federal (CEF), <a href=\"https:\/\/www.suno.com.br\/tudo-sobre\/pedro-guimaraes\/\">Pedro Guimar\u00e3es<\/a>, informou que o banco busca o interesse do <strong>capital privado<\/strong>.<\/p>\n<p>A <strong>Caixa<\/strong> \u00e9 l\u00edder na concess\u00e3o de empr\u00e9stimos imobili\u00e1rios. Deste modo, a novidade animou os investidores do <strong>setor imobili\u00e1rio<\/strong>. Visto que a <strong>MRV<\/strong> \u00e9 a maior construtora do Pa\u00eds. Inclusive, construindo im\u00f3veis para o programa <strong>Minha Casa Minha Vida<\/strong>.<\/p>\n<p><a href=\"https:\/\/www.suno.com.br\/noticias\/mrv-setor-imobiliario-ibovespa-dolar\/\">Saiba mais &#8211; MRV tem alta com otimismo no setor imobili\u00e1rio; Ibovespa cai e d\u00f3lar sobe<\/a><\/p>\n<h2>Passaredo tamb\u00e9m tem interesse em aquisi\u00e7\u00e3o de slots da Avianca<\/h2>\n<p>A companhia a\u00e9rea Passaredo, entrou na briga pelos <strong>slots<\/strong> da Avianca Brasil no <strong>Aeroporto de Congonhas<\/strong>. A empresa \u00e9 sediada em Ribeir\u00e3o Preto (SP) e opera regionalmente.<\/p>\n<p>A <strong>Passaredo<\/strong> solicitou \u00e0 Ag\u00eancia Nacional de Avia\u00e7\u00e3o Civil <strong>(Anac)<\/strong> que pretende assumir ao menos 10 dos 21 slots da <strong>Avianca<\/strong>. Os <strong>slots<\/strong> s\u00e3o as opera\u00e7\u00f5es de pouso e decolagem da companhia a\u00e9rea.<\/p>\n<p>A Avianca est\u00e1 em <strong>recupera\u00e7\u00e3o<\/strong> <strong>judicial<\/strong>, e as concorrentes Latam, Gol (GOLL4) e Azul (AZUL4) j\u00e1 demonstraram interesse na aquisi\u00e7\u00e3o dos slots.<\/p>\n<p><a href=\"https:\/\/www.suno.com.br\/noticias\/passaredo-entra-na-briga-por-slots-de-congonhas-da-avianca\/\">Saiba mais &#8211; Passaredo entra na briga por slots de Congonhas da Avianca<\/a><\/p>\n<h2>Michael Klein \u00e9 novo controlador da Via Varejo<\/h2>\n<p>O empres\u00e1rio <a href=\"https:\/\/www.suno.com.br\/tudo-sobre\/michael-klein\/\">Michael Klein<\/a> comprou cerca de R$ 100 milh\u00f5es em <strong>a\u00e7\u00f5es<\/strong> da <strong>Via Varejo<\/strong> (VVAR3) no <strong>leil\u00e3o<\/strong> que ocorreu durante a manh\u00e3. A Via Varejo \u00e9 a controladora das marcas <strong>Casas Bahia<\/strong> e <strong>Pontofrio<\/strong>.<\/p>\n<p>O GPA vendeu sua participa\u00e7\u00e3o de 36,2% da Via Varejo, no leil\u00e3o na <strong><a href=\"https:\/\/www.suno.com.br\/artigos\/b3\/\">Bolsa de Valores de S\u00e3o Paulo<\/a><\/strong> (B3). As a\u00e7\u00f5es foram vendidas pelo valor de R$ 4,90 cada, e a movimenta\u00e7\u00e3o foi de R$ 2,3 bilh\u00f5es.<\/p>\n<p><a href=\"https:\/\/www.suno.com.br\/noticias\/michael-klein-via-varejo-leilao\/\">Saiba mais &#8211; Michael Klein passa a controlar Via Varejo ap\u00f3s leil\u00e3o do GPA<\/a><\/p>\n<h2>Netshoes aprova oferta do Magazine Luiza<\/h2>\n<p>A Assembleia Geral Extraordin\u00e1ria (AGE) dos <a href=\"https:\/\/www.suno.com.br\/artigos\/acionista-companhias-abertas\/\">acionistas<\/a>\u00a0da Netshoes aprovou a proposta de compra da <strong>Magazine Luiza<\/strong>\u00a0(MGLU3). O pre\u00e7o por <strong>a\u00e7\u00e3o<\/strong> foi de US$ 3,70, o que resulta em um valor total de cerca\u00a0de US$ 127,3 milh\u00f5es.<\/p>\n<p>A <strong>Netshoes<\/strong> informou na \u00faltima quinta-feira (13) ter recebido uma nova proposta de compra por parte da <strong>Centauro<\/strong> (CNTO3). Ap\u00f3s a nova oferta do <strong>Magazine Luiza<\/strong>, o Grupo SBF, dono da Centauro, decidiu aumentar a proposta.<\/p>\n<p>Entretanto, o grupo de e-commerce salientou que n\u00e3o teria tempo para avali\u00e1-la. A <strong>Centauro<\/strong> tinha proposto um pre\u00e7o de R$ 4,10 por a\u00e7\u00e3o da Netshoes.<\/p>\n<p><a href=\"https:\/\/www.suno.com.br\/noticias\/assembleia-netshoes-oferta-magalu\/\">Saiba mais &#8211; Assembleia da Netshoes aprova oferta da Magalu a US$ 3,70<\/a><\/p>\n<h2>Bolsas internacionais<\/h2>\n<ul>\n<li>Nasdaq (Estados Unidos): baixa de 0,52%<\/li>\n<li>FTSE 100 (Reino Unido): baixa de 0,31%<\/li>\n<li>Nikkei (Jap\u00e3o): alta de 0,40%<\/li>\n<li>CAC40 (Fran\u00e7a): baixa de 0,15%<\/li>\n<\/ul>\n<h2>Maiores altas do Ibovespa<\/h2>\n<ul>\n<li>QUAL3 alta de 2,34% (R$ 21,89)<\/li>\n<li>BRFS3 alta de 1,86% (R$ 29,10)<\/li>\n<li>MRVE3 alta de 1,82% (R$ 17,30)<\/li>\n<li>SUZB3 alta de 1,79% (R$ 32,50)<\/li>\n<li>ECOR3 alta de 1,57% (R$ 10,37)<\/li>\n<\/ul>\n<h2>Maiores quedas do Ibovespa<\/h2>\n<ul>\n<li>B3SA3 queda de 5,32% (R$ 35,75)<\/li>\n<li>BTOW3 queda de 3,53% (R$ 31,15)<\/li>\n<li>USIM5 queda de 3,02% (R$ 8,66)<\/li>\n<li>CSAN3 queda de 2,72% (R$ 47,28)<\/li>\n<li>SBSP3 queda de 2,57% (R$ 46,64)<\/li>\n<\/ul>\n","protected":false},"excerpt":{"rendered":"<p>O Ibovespa encerrou esta sexta-feira (14) com 98.040,06 pontos, apresentando queda de 0,74%. Nesta data, o Brasil passou por uma greve geral em protesto contra a aprova\u00e7\u00e3o da reforma da Previd\u00eancia. Economistas preveem d\u00e9ficit prim\u00e1rio do governo central a R$708,8 bi A B3, a Bolsa de Valores de S\u00e3o Paulo, encabe\u00e7ou as perdas do \u00edndice [&hellip;]<\/p>\n","protected":false},"author":12,"featured_media":10569,"comment_status":"closed","ping_status":"closed","sticky":false,"template":"","format":"standard","meta":[],"categories":[60],"tags":[840,367,1964,721,548,2054,722,796,940,106935],"suno_strategy":[],"class_list":["post-28237","post","type-post","status-publish","format-standard","has-post-thumbnail","hentry","category-mercado","tag-avianca","tag-b3-b3sa3","tag-grupo-pao-de-acucar-pcar3-pcar4","tag-ibovespa","tag-magazine-luiza-mglu3","tag-mrv-mrve3","tag-netshoes","tag-paulo-guedes","tag-reforma-da-previdencia","tag-via-viia3"],"yoast_head":"<!-- This site is optimized with the Yoast SEO plugin v24.4 - https:\/\/yoast.com\/wordpress\/plugins\/seo\/ -->\n<title>Ibovespa cai e B3 lidera perdas com greve geral contra Previd\u00eancia<\/title>\n<meta name=\"description\" content=\"O Ibovespa encerrou em queda, com a B3 liderando as perdas, em dia de greve geral contra a reforma da Previd\u00eancia. Clique para saber mais.\" \/>\n<meta name=\"robots\" content=\"index, follow, max-snippet:-1, max-image-preview:large, max-video-preview:-1\" \/>\n<link rel=\"canonical\" href=\"https:\/\/www.suno.com.br\/noticias\/ibovespa-fechamento-14062019\/\" \/>\n<meta property=\"og:locale\" content=\"pt_BR\" \/>\n<meta property=\"og:type\" content=\"article\" \/>\n<meta property=\"og:title\" content=\"Ibovespa cai e B3 lidera perdas com greve geral contra Previd\u00eancia\" \/>\n<meta property=\"og:description\" content=\"O Ibovespa encerrou em queda, com a B3 liderando as perdas, em dia de greve geral contra a reforma da Previd\u00eancia. Clique para saber mais.\" \/>\n<meta property=\"og:url\" content=\"https:\/\/www.suno.com.br\/noticias\/ibovespa-fechamento-14062019\/\" \/>\n<meta property=\"og:site_name\" content=\"Suno Not\u00edcias\" \/>\n<meta property=\"article:publisher\" content=\"https:\/\/facebook.com\/sunoresearch\" \/>\n<meta property=\"og:image\" content=\"https:\/\/files.sunoresearch.com.br\/n\/uploads\/2019\/01\/d8b27ecf-recess\u00e3o-econ\u00f4mica.png\" \/>\n\t<meta property=\"og:image:width\" content=\"960\" \/>\n\t<meta property=\"og:image:height\" content=\"640\" \/>\n\t<meta property=\"og:image:type\" content=\"image\/png\" \/>\n<meta name=\"author\" content=\"Amanda Gushiken\" \/>\n<meta name=\"twitter:card\" content=\"summary_large_image\" \/>\n<meta name=\"twitter:creator\" content=\"@sunoresearch\" \/>\n<meta name=\"twitter:site\" content=\"@sunoresearch\" \/>\n<meta name=\"twitter:label1\" content=\"Escrito por\" \/>\n\t<meta name=\"twitter:data1\" content=\"Amanda Gushiken\" \/>\n\t<meta name=\"twitter:label2\" content=\"Est. tempo de leitura\" \/>\n\t<meta name=\"twitter:data2\" content=\"5 minutos\" \/>\n<script type=\"application\/ld+json\" class=\"yoast-schema-graph\">{\"@context\":\"https:\/\/schema.org\",\"@graph\":[{\"@type\":\"NewsArticle\",\"@id\":\"https:\/\/www.suno.com.br\/noticias\/ibovespa-fechamento-14062019\/#article\",\"isPartOf\":{\"@id\":\"https:\/\/www.suno.com.br\/noticias\/ibovespa-fechamento-14062019\/\"},\"author\":{\"name\":\"Amanda Gushiken\",\"@id\":\"https:\/\/www.suno.com.br\/noticias\/#\/schema\/person\/a5b06fa4e879d8e8e119c6ed3cd630d1\"},\"headline\":\"Ibovespa cai e B3 lidera perdas com greve geral contra Previd\u00eancia\",\"datePublished\":\"2019-06-14T21:01:07+00:00\",\"dateModified\":\"2021-05-10T17:10:02+00:00\",\"mainEntityOfPage\":{\"@id\":\"https:\/\/www.suno.com.br\/noticias\/ibovespa-fechamento-14062019\/\"},\"wordCount\":1052,\"publisher\":{\"@id\":\"https:\/\/www.suno.com.br\/noticias\/#organization\"},\"image\":{\"@id\":\"https:\/\/www.suno.com.br\/noticias\/ibovespa-fechamento-14062019\/#primaryimage\"},\"thumbnailUrl\":\"https:\/\/files.sunoresearch.com.br\/n\/uploads\/2019\/01\/d8b27ecf-recess\u00e3o-econ\u00f4mica-png.webp\",\"keywords\":[\"Avianca\",\"B3 (B3SA3)\",\"Grupo P\u00e3o de A\u00e7\u00facar (PCAR3\/PCAR4)\",\"Ibovespa\",\"Magazine Luiza (MGLU3)\",\"MRV (MRVE3)\",\"Netshoes\",\"Paulo Guedes\",\"Reforma da Previd\u00eancia\",\"Via (VIIA3)\"],\"articleSection\":[\"Mercado\"],\"inLanguage\":\"pt-BR\"},{\"@type\":\"WebPage\",\"@id\":\"https:\/\/www.suno.com.br\/noticias\/ibovespa-fechamento-14062019\/\",\"url\":\"https:\/\/www.suno.com.br\/noticias\/ibovespa-fechamento-14062019\/\",\"name\":\"Ibovespa cai e B3 lidera perdas com greve geral contra Previd\u00eancia\",\"isPartOf\":{\"@id\":\"https:\/\/www.suno.com.br\/noticias\/#website\"},\"primaryImageOfPage\":{\"@id\":\"https:\/\/www.suno.com.br\/noticias\/ibovespa-fechamento-14062019\/#primaryimage\"},\"image\":{\"@id\":\"https:\/\/www.suno.com.br\/noticias\/ibovespa-fechamento-14062019\/#primaryimage\"},\"thumbnailUrl\":\"https:\/\/files.sunoresearch.com.br\/n\/uploads\/2019\/01\/d8b27ecf-recess\u00e3o-econ\u00f4mica-png.webp\",\"datePublished\":\"2019-06-14T21:01:07+00:00\",\"dateModified\":\"2021-05-10T17:10:02+00:00\",\"description\":\"O Ibovespa encerrou em queda, com a B3 liderando as perdas, em dia de greve geral contra a reforma da Previd\u00eancia. Clique para saber mais.\",\"breadcrumb\":{\"@id\":\"https:\/\/www.suno.com.br\/noticias\/ibovespa-fechamento-14062019\/#breadcrumb\"},\"inLanguage\":\"pt-BR\",\"potentialAction\":[{\"@type\":\"ReadAction\",\"target\":[\"https:\/\/www.suno.com.br\/noticias\/ibovespa-fechamento-14062019\/\"]}]},{\"@type\":\"ImageObject\",\"inLanguage\":\"pt-BR\",\"@id\":\"https:\/\/www.suno.com.br\/noticias\/ibovespa-fechamento-14062019\/#primaryimage\",\"url\":\"https:\/\/files.sunoresearch.com.br\/n\/uploads\/2019\/01\/d8b27ecf-recess\u00e3o-econ\u00f4mica-png.webp\",\"contentUrl\":\"https:\/\/files.sunoresearch.com.br\/n\/uploads\/2019\/01\/d8b27ecf-recess\u00e3o-econ\u00f4mica-png.webp\",\"width\":960,\"height\":640,\"caption\":\"Economistas preveem d\u00e9ficit prim\u00e1rio do governo central a R$708,8 bi\"},{\"@type\":\"BreadcrumbList\",\"@id\":\"https:\/\/www.suno.com.br\/noticias\/ibovespa-fechamento-14062019\/#breadcrumb\",\"itemListElement\":[{\"@type\":\"ListItem\",\"position\":1,\"name\":\"Not\u00edcias\",\"item\":\"https:\/\/www.suno.com.br\/noticias\/\"},{\"@type\":\"ListItem\",\"position\":2,\"name\":\"Mercado\",\"item\":\"https:\/\/www.suno.com.br\/noticias\/mercado\/\"},{\"@type\":\"ListItem\",\"position\":3,\"name\":\"Ibovespa cai e B3 lidera perdas com greve geral contra Previd\u00eancia\"}]},{\"@type\":\"WebSite\",\"@id\":\"https:\/\/www.suno.com.br\/noticias\/#website\",\"url\":\"https:\/\/www.suno.com.br\/noticias\/\",\"name\":\"Suno Not\u00edcias\",\"description\":\"Seu portal de informa\u00e7\u00e3o sobre o mundo dos investimentos\",\"publisher\":{\"@id\":\"https:\/\/www.suno.com.br\/noticias\/#organization\"},\"potentialAction\":[{\"@type\":\"SearchAction\",\"target\":{\"@type\":\"EntryPoint\",\"urlTemplate\":\"https:\/\/www.suno.com.br\/noticias\/?s={search_term_string}\"},\"query-input\":{\"@type\":\"PropertyValueSpecification\",\"valueRequired\":true,\"valueName\":\"search_term_string\"}}],\"inLanguage\":\"pt-BR\"},{\"@type\":\"Organization\",\"@id\":\"https:\/\/www.suno.com.br\/noticias\/#organization\",\"name\":\"Suno Not\u00edcias\",\"url\":\"https:\/\/www.suno.com.br\/noticias\/\",\"logo\":{\"@type\":\"ImageObject\",\"inLanguage\":\"pt-BR\",\"@id\":\"https:\/\/www.suno.com.br\/noticias\/#\/schema\/logo\/image\/\",\"url\":\"https:\/\/files.sunoresearch.com.br\/n\/uploads\/2021\/09\/suno-logo.png\",\"contentUrl\":\"https:\/\/files.sunoresearch.com.br\/n\/uploads\/2021\/09\/suno-logo.png\",\"width\":180,\"height\":180,\"caption\":\"Suno Not\u00edcias\"},\"image\":{\"@id\":\"https:\/\/www.suno.com.br\/noticias\/#\/schema\/logo\/image\/\"},\"sameAs\":[\"https:\/\/facebook.com\/sunoresearch\",\"https:\/\/x.com\/sunoresearch\",\"https:\/\/www.instagram.com\/suno\",\"https:\/\/www.linkedin.com\/company\/suno-research\/\",\"https:\/\/www.youtube.com\/c\/sunoresearch\"]},{\"@type\":\"Person\",\"@id\":\"https:\/\/www.suno.com.br\/noticias\/#\/schema\/person\/a5b06fa4e879d8e8e119c6ed3cd630d1\",\"name\":\"Amanda Gushiken\",\"image\":{\"@type\":\"ImageObject\",\"inLanguage\":\"pt-BR\",\"@id\":\"https:\/\/www.suno.com.br\/noticias\/#\/schema\/person\/image\/\",\"url\":\"https:\/\/secure.gravatar.com\/avatar\/ecd84705e6b65e3685ae80d725501fbe?s=96&r=g\",\"contentUrl\":\"https:\/\/secure.gravatar.com\/avatar\/ecd84705e6b65e3685ae80d725501fbe?s=96&r=g\",\"caption\":\"Amanda Gushiken\"},\"description\":\"Amanda Sayuri Gushiken escreve sobre finan\u00e7as e neg\u00f3cios para o portal Suno Not\u00edcias. Antes, trabalhou selecionando not\u00edcias da imprensa para clientes do mercado financeiro. Tamb\u00e9m desenvolveu pesquisa acad\u00eamica pela Universidade Anhembi Morumbi na \u00e1rea de Teorias da Comunica\u00e7\u00e3o e \u00e9 fot\u00f3grafa nas horas vagas.\",\"url\":\"https:\/\/www.suno.com.br\/noticias\/author\/amanda\/\"}]}<\/script>\n<!-- \/ Yoast SEO plugin. -->","yoast_head_json":{"title":"Ibovespa cai e B3 lidera perdas com greve geral contra Previd\u00eancia","description":"O Ibovespa encerrou em queda, com a B3 liderando as perdas, em dia de greve geral contra a reforma da Previd\u00eancia. Clique para saber mais.","robots":{"index":"index","follow":"follow","max-snippet":"max-snippet:-1","max-image-preview":"max-image-preview:large","max-video-preview":"max-video-preview:-1"},"canonical":"https:\/\/www.suno.com.br\/noticias\/ibovespa-fechamento-14062019\/","og_locale":"pt_BR","og_type":"article","og_title":"Ibovespa cai e B3 lidera perdas com greve geral contra Previd\u00eancia","og_description":"O Ibovespa encerrou em queda, com a B3 liderando as perdas, em dia de greve geral contra a reforma da Previd\u00eancia. Clique para saber mais.","og_url":"https:\/\/www.suno.com.br\/noticias\/ibovespa-fechamento-14062019\/","og_site_name":"Suno Not\u00edcias","article_publisher":"https:\/\/facebook.com\/sunoresearch","og_image":[{"width":960,"height":640,"url":"https:\/\/files.sunoresearch.com.br\/n\/uploads\/2019\/01\/d8b27ecf-recess\u00e3o-econ\u00f4mica.png","type":"image\/png"}],"author":"Amanda Gushiken","twitter_card":"summary_large_image","twitter_creator":"@sunoresearch","twitter_site":"@sunoresearch","twitter_misc":{"Escrito por":"Amanda Gushiken","Est. tempo de leitura":"5 minutos"},"schema":{"@context":"https:\/\/schema.org","@graph":[{"@type":"NewsArticle","@id":"https:\/\/www.suno.com.br\/noticias\/ibovespa-fechamento-14062019\/#article","isPartOf":{"@id":"https:\/\/www.suno.com.br\/noticias\/ibovespa-fechamento-14062019\/"},"author":{"name":"Amanda Gushiken","@id":"https:\/\/www.suno.com.br\/noticias\/#\/schema\/person\/a5b06fa4e879d8e8e119c6ed3cd630d1"},"headline":"Ibovespa cai e B3 lidera perdas com greve geral contra Previd\u00eancia","datePublished":"2019-06-14T21:01:07+00:00","dateModified":"2021-05-10T17:10:02+00:00","mainEntityOfPage":{"@id":"https:\/\/www.suno.com.br\/noticias\/ibovespa-fechamento-14062019\/"},"wordCount":1052,"publisher":{"@id":"https:\/\/www.suno.com.br\/noticias\/#organization"},"image":{"@id":"https:\/\/www.suno.com.br\/noticias\/ibovespa-fechamento-14062019\/#primaryimage"},"thumbnailUrl":"https:\/\/files.sunoresearch.com.br\/n\/uploads\/2019\/01\/d8b27ecf-recess\u00e3o-econ\u00f4mica-png.webp","keywords":["Avianca","B3 (B3SA3)","Grupo P\u00e3o de A\u00e7\u00facar (PCAR3\/PCAR4)","Ibovespa","Magazine Luiza (MGLU3)","MRV (MRVE3)","Netshoes","Paulo Guedes","Reforma da Previd\u00eancia","Via (VIIA3)"],"articleSection":["Mercado"],"inLanguage":"pt-BR"},{"@type":"WebPage","@id":"https:\/\/www.suno.com.br\/noticias\/ibovespa-fechamento-14062019\/","url":"https:\/\/www.suno.com.br\/noticias\/ibovespa-fechamento-14062019\/","name":"Ibovespa cai e B3 lidera perdas com greve geral contra Previd\u00eancia","isPartOf":{"@id":"https:\/\/www.suno.com.br\/noticias\/#website"},"primaryImageOfPage":{"@id":"https:\/\/www.suno.com.br\/noticias\/ibovespa-fechamento-14062019\/#primaryimage"},"image":{"@id":"https:\/\/www.suno.com.br\/noticias\/ibovespa-fechamento-14062019\/#primaryimage"},"thumbnailUrl":"https:\/\/files.sunoresearch.com.br\/n\/uploads\/2019\/01\/d8b27ecf-recess\u00e3o-econ\u00f4mica-png.webp","datePublished":"2019-06-14T21:01:07+00:00","dateModified":"2021-05-10T17:10:02+00:00","description":"O Ibovespa encerrou em queda, com a B3 liderando as perdas, em dia de greve geral contra a reforma da Previd\u00eancia. Clique para saber mais.","breadcrumb":{"@id":"https:\/\/www.suno.com.br\/noticias\/ibovespa-fechamento-14062019\/#breadcrumb"},"inLanguage":"pt-BR","potentialAction":[{"@type":"ReadAction","target":["https:\/\/www.suno.com.br\/noticias\/ibovespa-fechamento-14062019\/"]}]},{"@type":"ImageObject","inLanguage":"pt-BR","@id":"https:\/\/www.suno.com.br\/noticias\/ibovespa-fechamento-14062019\/#primaryimage","url":"https:\/\/files.sunoresearch.com.br\/n\/uploads\/2019\/01\/d8b27ecf-recess\u00e3o-econ\u00f4mica-png.webp","contentUrl":"https:\/\/files.sunoresearch.com.br\/n\/uploads\/2019\/01\/d8b27ecf-recess\u00e3o-econ\u00f4mica-png.webp","width":960,"height":640,"caption":"Economistas preveem d\u00e9ficit prim\u00e1rio do governo central a R$708,8 bi"},{"@type":"BreadcrumbList","@id":"https:\/\/www.suno.com.br\/noticias\/ibovespa-fechamento-14062019\/#breadcrumb","itemListElement":[{"@type":"ListItem","position":1,"name":"Not\u00edcias","item":"https:\/\/www.suno.com.br\/noticias\/"},{"@type":"ListItem","position":2,"name":"Mercado","item":"https:\/\/www.suno.com.br\/noticias\/mercado\/"},{"@type":"ListItem","position":3,"name":"Ibovespa cai e B3 lidera perdas com greve geral contra Previd\u00eancia"}]},{"@type":"WebSite","@id":"https:\/\/www.suno.com.br\/noticias\/#website","url":"https:\/\/www.suno.com.br\/noticias\/","name":"Suno Not\u00edcias","description":"Seu portal de informa\u00e7\u00e3o sobre o mundo dos investimentos","publisher":{"@id":"https:\/\/www.suno.com.br\/noticias\/#organization"},"potentialAction":[{"@type":"SearchAction","target":{"@type":"EntryPoint","urlTemplate":"https:\/\/www.suno.com.br\/noticias\/?s={search_term_string}"},"query-input":{"@type":"PropertyValueSpecification","valueRequired":true,"valueName":"search_term_string"}}],"inLanguage":"pt-BR"},{"@type":"Organization","@id":"https:\/\/www.suno.com.br\/noticias\/#organization","name":"Suno Not\u00edcias","url":"https:\/\/www.suno.com.br\/noticias\/","logo":{"@type":"ImageObject","inLanguage":"pt-BR","@id":"https:\/\/www.suno.com.br\/noticias\/#\/schema\/logo\/image\/","url":"https:\/\/files.sunoresearch.com.br\/n\/uploads\/2021\/09\/suno-logo.png","contentUrl":"https:\/\/files.sunoresearch.com.br\/n\/uploads\/2021\/09\/suno-logo.png","width":180,"height":180,"caption":"Suno Not\u00edcias"},"image":{"@id":"https:\/\/www.suno.com.br\/noticias\/#\/schema\/logo\/image\/"},"sameAs":["https:\/\/facebook.com\/sunoresearch","https:\/\/x.com\/sunoresearch","https:\/\/www.instagram.com\/suno","https:\/\/www.linkedin.com\/company\/suno-research\/","https:\/\/www.youtube.com\/c\/sunoresearch"]},{"@type":"Person","@id":"https:\/\/www.suno.com.br\/noticias\/#\/schema\/person\/a5b06fa4e879d8e8e119c6ed3cd630d1","name":"Amanda Gushiken","image":{"@type":"ImageObject","inLanguage":"pt-BR","@id":"https:\/\/www.suno.com.br\/noticias\/#\/schema\/person\/image\/","url":"https:\/\/secure.gravatar.com\/avatar\/ecd84705e6b65e3685ae80d725501fbe?s=96&r=g","contentUrl":"https:\/\/secure.gravatar.com\/avatar\/ecd84705e6b65e3685ae80d725501fbe?s=96&r=g","caption":"Amanda Gushiken"},"description":"Amanda Sayuri Gushiken escreve sobre finan\u00e7as e neg\u00f3cios para o portal Suno Not\u00edcias. Antes, trabalhou selecionando not\u00edcias da imprensa para clientes do mercado financeiro. Tamb\u00e9m desenvolveu pesquisa acad\u00eamica pela Universidade Anhembi Morumbi na \u00e1rea de Teorias da Comunica\u00e7\u00e3o e \u00e9 fot\u00f3grafa nas horas vagas.","url":"https:\/\/www.suno.com.br\/noticias\/author\/amanda\/"}]}},"default_loop_html":"<div class=\"cardsPage__listCard__boxs\"><div class=\"cardsPage__listCard__boxs__img\"><a href=\"https:\/\/www.suno.com.br\/noticias\/ibovespa-fechamento-14062019\/\"><img class=\"mask\" src=\"https:\/\/www.suno.com.br\/noticias\/wp-content\/themes\/suno\/resources\/images\/spotlight\/spotlight1img\/bg-mask.png\" alt=\"Image Mask\"\/><img src=\"https:\/\/files.sunoresearch.com.br\/n\/uploads\/2019\/01\/d8b27ecf-recess\u00e3o-econ\u00f4mica-400x200.webp\" alt=\"Ibovespa cai e B3 lidera perdas com greve geral contra Previd\u00eancia\"\/><\/a><span class=\"spotlightCategory\"><a href=\"https:\/\/www.suno.com.br\/noticias\/mercado\/\">Mercado<\/a><\/span><\/div><div class=\"cardsPage__listCard__boxs__content\"><a href=\"https:\/\/www.suno.com.br\/noticias\/ibovespa-fechamento-14062019\/\"><h2 class=\"content__title\">Ibovespa cai e B3 lidera perdas com greve geral contra Previd\u00eancia<\/h2><\/a><div class=\"newsContent__article__meta\"><div class=\"newsContent__article__meta__authorBox\"><a href=\"https:\/\/www.suno.com.br\/noticias\/author\/amanda\/\" class=\"authorBox__avatar noMobi\"><img src=\"https:\/\/files.sunoresearch.com.br\/n\/uploads\/2018\/11\/c6ad30be-amanda-150x150.webp\" alt=\"Amanda Gushiken\"><\/a><div class=\"authorBox__name\"><span>por\n\t\t\t<a href=\"https:\/\/www.suno.com.br\/noticias\/author\/amanda\/\"><span itemprop=\"author\">Amanda Gushiken<\/span><\/a><\/span><time datetime=\"2019-06-14T18:01:07-03:00\" itemprop=\"datePublished\">14\/06\/2019 18:01<\/time><\/div><\/div><\/div><\/div><\/div>","single_layout":"posts","amp_enabled":true,"_links":{"self":[{"href":"https:\/\/www.suno.com.br\/noticias\/wp-json\/wp\/v2\/posts\/28237"}],"collection":[{"href":"https:\/\/www.suno.com.br\/noticias\/wp-json\/wp\/v2\/posts"}],"about":[{"href":"https:\/\/www.suno.com.br\/noticias\/wp-json\/wp\/v2\/types\/post"}],"author":[{"embeddable":true,"href":"https:\/\/www.suno.com.br\/noticias\/wp-json\/wp\/v2\/users\/12"}],"replies":[{"embeddable":true,"href":"https:\/\/www.suno.com.br\/noticias\/wp-json\/wp\/v2\/comments?post=28237"}],"version-history":[{"count":1,"href":"https:\/\/www.suno.com.br\/noticias\/wp-json\/wp\/v2\/posts\/28237\/revisions"}],"predecessor-version":[{"id":146396,"href":"https:\/\/www.suno.com.br\/noticias\/wp-json\/wp\/v2\/posts\/28237\/revisions\/146396"}],"wp:featuredmedia":[{"embeddable":true,"href":"https:\/\/www.suno.com.br\/noticias\/wp-json\/wp\/v2\/media\/10569"}],"wp:attachment":[{"href":"https:\/\/www.suno.com.br\/noticias\/wp-json\/wp\/v2\/media?parent=28237"}],"wp:term":[{"taxonomy":"category","embeddable":true,"href":"https:\/\/www.suno.com.br\/noticias\/wp-json\/wp\/v2\/categories?post=28237"},{"taxonomy":"post_tag","embeddable":true,"href":"https:\/\/www.suno.com.br\/noticias\/wp-json\/wp\/v2\/tags?post=28237"},{"taxonomy":"suno_strategy","embeddable":true,"href":"https:\/\/www.suno.com.br\/noticias\/wp-json\/wp\/v2\/suno_strategy?post=28237"}],"curies":[{"name":"wp","href":"https:\/\/api.w.org\/{rel}","templated":true}]}}